{"id":77247,"date":"2018-12-14T12:23:00","date_gmt":"2018-12-14T12:23:00","guid":{"rendered":"https:\/\/novaorg.cofb.net\/2018\/12\/14\/el-cof-de-barcelona-implicat-en-la-marato-2018-per-recaptar-fons-per-a-la-investigacio-del-cancer\/"},"modified":"2018-12-14T12:23:00","modified_gmt":"2018-12-14T12:23:00","slug":"el-cof-de-barcelona-implicat-en-la-marato-2018-per-recaptar-fons-per-a-la-investigacio-del-cancer","status":"publish","type":"post","link":"https:\/\/www.cofb.org\/es\/2018\/12\/14\/el-cof-de-barcelona-implicat-en-la-marato-2018-per-recaptar-fons-per-a-la-investigacio-del-cancer\/","title":{"rendered":"El COF de Barcelona, implicado en La Marat\u00f3 2018 para recaudar fondos para la investigaci\u00f3n del c\u00e1ncer"},"content":{"rendered":"<p>\u00a0<\/p>\n<ul>\n<li>En el marco de esta iniciativa, el Colegio <strong>ha trabajado en el dise\u00f1o y fabricaci\u00f3n de bolsas solidarias, exclusivas por La Marat\u00f3,<\/strong> que ofrecer\u00e1 a todos los colegiados que realicen una aportaci\u00f3n por La Marat\u00f3 a trav\u00e9s del COFB<\/li>\n<li><strong>Los farmac\u00e9uticos, como colectivo comprometido y sensible frente al c\u00e1ncer, ya participan en diferentes actividades profesionales centradas en la prevenci\u00f3n y detecci\u00f3n precoz de esta enfermedad.<\/strong> El Programa de detecci\u00f3n precoz de c\u00e1ncer de colon y recto y la campa\u00f1a \u201cAtenci\u00f3 Piel\u201d son dos ejemplos<\/li>\n<\/ul>\n<p><em>Barcelona, 14 de diciembre de 2018.- <\/em><strong>El Colegio de Farmac\u00e9uticos de Barcelona (COFB) se ha implicado activamente en La Marat\u00f3 2018<\/strong> de TV3 -este a\u00f1o centrada en el c\u00e1ncer-<strong> para recaudar fondos en la investigaci\u00f3n de esta enfermedad.<\/strong><\/p>\n<p>En el marco de esta iniciativa, <strong>el Colegio ha desarrollado <\/strong>una <strong>bolsa solidaria y exclusiva que ofrecer\u00e1 a todos aquellos colegiados que deseen realizar una aportaci\u00f3n econ\u00f3mica. Estas aportaciones ser\u00e1n agrupadas por el Colegio y destinadas \u00edntegramente a La Marat\u00f3 de este a\u00f1o.<\/strong><\/p>\n<p><u><strong>Los farmac\u00e9uticos, profesionales comprometidos en la prevenci\u00f3n y detecci\u00f3n precoz del c\u00e1ncer<\/strong><\/u><\/p>\n<p>El bolso, que intenta incorporar los valores de la Comisi\u00f3n de Compromiso Social del COFB (tejido natural y sostenible, fabricaci\u00f3n de km0 en taller de inserci\u00f3n social e implicaci\u00f3n de los profesionales farmac\u00e9uticos en iniciativas solidarias), muestra<strong> la participaci\u00f3n del colectivo farmac\u00e9utico en dos actividades profesionales centradas en la prevenci\u00f3n y detecci\u00f3n precoz del c\u00e1ncer.<\/strong><\/p>\n<p><strong>El Programa de detecci\u00f3n precoz de c\u00e1ncer de colon y recto<\/strong><\/p>\n<p>El Programa tiene por objetivo <strong>reducir la incidencia y la mortalidad del c\u00e1ncer de colon y recto <\/strong>mediante la <strong>detecci\u00f3n<\/strong> y el <strong>tratamiento<\/strong> de los <strong>adenomas colorectales y del c\u00e1ncer <\/strong>en fases iniciales. Gracias a las farmacias comunitarias, se logra acercar el programa a la poblaci\u00f3n diana de entre 50 y 69 a\u00f1os y aumentar la participaci\u00f3n. Los farmac\u00e9uticos distribuyen el colector a los usuarios invitados a participar en el cribado y el usuario lo devuelve a la farmacia una vez que ha recogido la muestra.<\/p>\n<p>Durante 2017,<strong> m\u00e1s de 300.000 usuarios fueron atendidos desde las 1.374 farmacias de la provincia de Barcelona participantes.<\/strong><\/p>\n<p><strong>La campa\u00f1a \u201cAtenci\u00f3n Piel\u201d<\/strong><\/p>\n<p>Impulsada conjuntamente por el COFB y el Hospital Cl\u00ednic de Barcelona, ya ha celebrado <strong>tres ediciones <\/strong>(2016, 2017 y 2018). El objetivo consiste en <strong>prevenir y detectar los riesgos de padecer un c\u00e1ncer de piel,<\/strong> el m\u00e1s frecuente en nuestro pa\u00eds, pero de los que presenta mejores perspectivas de curaci\u00f3n si se detecta precozmente.<\/p>\n<p>Desde 2016, <strong>los farmac\u00e9uticos han evaluado el riesgo de padecer c\u00e1ncer de piel de m\u00e1s de 12.000 personas y la implicaci\u00f3n de las farmacias ha ido en aumento (276 en 2016, 387 en 2017 y 504 en 2018).<\/strong><\/p>\n<p>En el marco de \u201cAtenci\u00f3n Piel\u201d, <strong>entre 2017 y 2018 se llev\u00f3 a cabo el estudio Derma-riesgo con 400 participantes, junto con el Servicio de Dermatolog\u00eda del Hospital Cl\u00ednic,<\/strong> para validar los cuestionarios empleados en la campa\u00f1a.<strong> Del total de 301 personas que el farmac\u00e9utico hab\u00eda clasificado como usuarios con factores de riesgo, un 10% sufr\u00eda c\u00e1ncer de piel y, concretamente, un 1,3% presentaba melanoma (el equivalente a 13 casos cada 1.000 personas).<\/strong><\/p>\n<p><strong>Para m\u00e1s informaci\u00f3n:<\/strong><\/p>\n<p>Departamento de Comunicaci\u00f3n del Colegio de Farmac\u00e9uticos de Barcelona (COFB)<br \/>\nTel\u00e9fono: 93 244 07 18<br \/>\n<a href=\"mailto:premsa@cofb.net\">premsa@cofb.net<\/a><\/p>\n<p>\u00a0En el marco de esta iniciativa, el Colegio ha trabajado en el dise\u00f1o y fabricaci\u00f3n de bolsas solidarias, exclusivas por La Marat\u00f3, que ofrecer\u00e1 a todos los colegiados que realicen una aportaci\u00f3n por La Marat\u00f3 a trav\u00e9s del COFB<br \/>\n\tLos farmac\u00e9uticos, como colectivo comprometido y sensible frente al c\u00e1ncer, ya participan en diferentes actividades profesionales centradas en la prevenci\u00f3n y detecci\u00f3n precoz de esta enfermedad. El Programa de detecci\u00f3n precoz de c\u00e1ncer de colon y recto y la campa\u00f1a \u201cAtenci\u00f3 Piel\u201d son dos ejemplos<\/p>\n<p>Barcelona, 14 de diciembre de 2018.- El Colegio de Farmac\u00e9uticos de Barcelona (COFB) se ha implicado activamente en La Marat\u00f3 2018 de TV3 -este a\u00f1o centrada en el c\u00e1ncer- para recaudar fondos en la investigaci\u00f3n de esta enfermedad.<\/p>\n<p>En el marco de esta iniciativa, el Colegio ha desarrollado una bolsa solidaria y exclusiva que ofrecer\u00e1 a todos aquellos colegiados que deseen realizar una aportaci\u00f3n econ\u00f3mica. Estas aportaciones ser\u00e1n agrupadas por el Colegio y destinadas \u00edntegramente a La Marat\u00f3 de este a\u00f1o.<\/p>\n<p>Los farmac\u00e9uticos, profesionales comprometidos en la prevenci\u00f3n y detecci\u00f3n precoz del c\u00e1ncer<\/p>\n<p>La bolsa, que intenta incorporar los valores de la Comisi\u00f3n de Compromiso Social del COFB (tejido natural y sostenible, fabricaci\u00f3n de km0 en taller de inserci\u00f3n social e implicaci\u00f3n de los profesionales farmac\u00e9uticos en iniciativas solidarias), muestra la participaci\u00f3n del colectivo farmac\u00e9utico en dos actividades profesionales centradas en la prevenci\u00f3n y detecci\u00f3n precoz del c\u00e1ncer.<\/p>\n<p>El Programa de detecci\u00f3n precoz de c\u00e1ncer de colon y recto<\/p>\n<p>El Programa tiene por objetivo reducir la incidencia y mortalidad del c\u00e1ncer de colon y recto mediante la detecci\u00f3n y tratamiento de los adenomas colorectales y del c\u00e1ncer en fases iniciales. Gracias a las farmacias comunitarias, se logra acercar el programa a la poblaci\u00f3n diana de entre 50 y 69 a\u00f1os y aumentar la participaci\u00f3n. Los farmac\u00e9uticos distribuyen el colector a los usuarios invitados a participar en el cribado y el usuario lo devuelve a la farmacia una vez que ha recogido la muestra.<\/p>\n<p>Durante 2017, m\u00e1s de 300.000 usuarios fueron atendidos desde las 1.374 farmacias de la provincia de Barcelona participantes.<\/p>\n<p>La campa\u00f1a \u201cAtenci\u00f3n Piel\u201d<\/p>\n<p>Impulsada conjuntamente por el COFB y el Hospital Cl\u00ednic de Barcelona, ya ha celebrado tres ediciones (2016, 2017 y 2018). El objetivo consiste en prevenir y detectar los riesgos de padecer un c\u00e1ncer de piel, el m\u00e1s frecuente en nuestro pa\u00eds, pero de los que presenta mejores perspectivas de curaci\u00f3n si se detecta precozmente.<\/p>\n<p>Desde 2016, los farmac\u00e9uticos han evaluado el riesgo de padecer c\u00e1ncer de piel de m\u00e1s de 12.000 personas y la implicaci\u00f3n de las farmacias ha ido en aumento (276 en 2016, 387 en 2017 y 504 en 2018).<\/p>\n<p>En el marco de \u201cAtenci\u00f3 Piel\u201d, entre 2017 y 2018 se llev\u00f3 a cabo el estudio Derma-riesgo con 400 participantes, junto con el Servicio de Dermatolog\u00eda del Hospital Cl\u00ednic, para validar los cuestionarios empleados en la campa\u00f1a. Del total de 301 personas que el farmac\u00e9utico hab\u00eda clasificado como usuarios con factores de riesgo, un 10% sufr\u00eda c\u00e1ncer de piel y, concretamente, un 1,3% presentaba melanoma (el equivalente a 13 casos cada 1.000 personas).<\/p>\n<p>Para m\u00e1s informaci\u00f3n:<\/p>\n<p>Departamento de Comunicaci\u00f3n del Colegio de Farmac\u00e9uticos de Barcelona (COFB)<br \/>\nTel\u00e9fono: 93 244 07 18<br \/>\npremsa@cofb.net COFB.ORG<\/p>","protected":false},"excerpt":{"rendered":"<p>\u00a0 En el marco de esta iniciativa, el Colegio ha trabajado en el dise\u00f1o y fabricaci\u00f3n de bolsas solidarias, exclusivas para La Marat\u00f3, que ofrecer\u00e1 a todos los colegiados que realicen una aportaci\u00f3n por La Marat\u00f3 a trav\u00e9s del COFB Los farmac\u00e9uticos, como colectivo comprometido y sensible ante el c\u00e1ncer, [\u2026]<\/p>","protected":false},"author":1,"featured_media":0,"comment_status":"","ping_status":"","sticky":false,"template":"","format":"standard","meta":{"_uag_custom_page_level_css":"","site-sidebar-layout":"default","site-content-layout":"","ast-site-content-layout":"default","site-content-style":"default","site-sidebar-style":"default","ast-global-header-display":"","ast-banner-title-visibility":"","ast-main-header-display":"","ast-hfb-above-header-display":"","ast-hfb-below-header-display":"","ast-hfb-mobile-header-display":"","site-post-title":"","ast-breadcrumbs-content":"","ast-featured-img":"disabled","footer-sml-layout":"","theme-transparent-header-meta":"","adv-header-id-meta":"","stick-header-meta":"","header-above-stick-meta":"","header-main-stick-meta":"","header-below-stick-meta":"","astra-migrate-meta-layouts":"default","ast-page-background-enabled":"default","ast-page-background-meta":{"desktop":{"background-color":"var(--ast-global-color-4)","background-image":"","background-repeat":"repeat","background-position":"center center","background-size":"auto","background-attachment":"scroll","background-type":"","background-media":"","overlay-type":"","overlay-color":"","overlay-opacity":"","overlay-gradient":""},"tablet":{"background-color":"","background-image":"","background-repeat":"repeat","background-position":"center center","background-size":"auto","background-attachment":"scroll","background-type":"","background-media":"","overlay-type":"","overlay-color":"","overlay-opacity":"","overlay-gradient":""},"mobile":{"background-color":"","background-image":"","background-repeat":"repeat","background-position":"center center","background-size":"auto","background-attachment":"scroll","background-type":"","background-media":"","overlay-type":"","overlay-color":"","overlay-opacity":"","overlay-gradient":""}},"ast-content-background-meta":{"desktop":{"background-color":"var(--ast-global-color-5)","background-image":"","background-repeat":"repeat","background-position":"center center","background-size":"auto","background-attachment":"scroll","background-type":"","background-media":"","overlay-type":"","overlay-color":"","overlay-opacity":"","overlay-gradient":""},"tablet":{"background-color":"var(--ast-global-color-5)","background-image":"","background-repeat":"repeat","background-position":"center center","background-size":"auto","background-attachment":"scroll","background-type":"","background-media":"","overlay-type":"","overlay-color":"","overlay-opacity":"","overlay-gradient":""},"mobile":{"background-color":"var(--ast-global-color-5)","background-image":"","background-repeat":"repeat","background-position":"center center","background-size":"auto","background-attachment":"scroll","background-type":"","background-media":"","overlay-type":"","overlay-color":"","overlay-opacity":"","overlay-gradient":""}},"footnotes":""},"categories":[1060,1066],"tags":[],"class_list":["post-77247","post","type-post","status-publish","format-standard","hentry","category-notes-premsa","category-sense-categoria-ca"],"yoast_head":"<!-- This site is optimized with the Yoast SEO plugin v22.4 - https:\/\/yoast.com\/wordpress\/plugins\/seo\/ -->\n<title>El COF de Barcelona, implicat en La Marat\u00f3 2018 per recaptar fons per a la investigaci\u00f3 del c\u00e0ncer - Col\u00b7legi de Farmac\u00e8utics de Barcelona<\/title>\n<meta name=\"robots\" content=\"index, follow, max-snippet:-1, max-image-preview:large, max-video-preview:-1\" \/>\n<link rel=\"canonical\" href=\"https:\/\/novaorg.cofb.net\/2018\/12\/14\/el-cof-de-barcelona-implicat-en-la-marato-2018-per-recaptar-fons-per-a-la-investigacio-del-cancer\/\" \/>\n<meta property=\"og:locale\" content=\"es_ES\" \/>\n<meta property=\"og:type\" content=\"article\" \/>\n<meta property=\"og:title\" content=\"El COF de Barcelona, implicat en La Marat\u00f3 2018 per recaptar fons per a la investigaci\u00f3 del c\u00e0ncer - Col\u00b7legi de Farmac\u00e8utics de Barcelona\" \/>\n<meta property=\"og:description\" content=\"\u00a0 En el marc d\u2019aquesta iniciativa, el Col\u00b7legi ha treballat en el disseny i fabricaci\u00f3 de bosses solid\u00e0ries, exclusives per La Marat\u00f3, que oferir\u00e0 a tots els col\u00b7legiats que realitzin una aportaci\u00f3 per La Marat\u00f3 a trav\u00e9s del COFB Els farmac\u00e8utics, com a col\u00b7lectiu comprom\u00e8s i sensible davant el c\u00e0ncer, [&hellip;]\" \/>\n<meta property=\"og:url\" content=\"https:\/\/novaorg.cofb.net\/2018\/12\/14\/el-cof-de-barcelona-implicat-en-la-marato-2018-per-recaptar-fons-per-a-la-investigacio-del-cancer\/\" \/>\n<meta property=\"og:site_name\" content=\"Col\u00b7legi de Farmac\u00e8utics de Barcelona\" \/>\n<meta property=\"article:publisher\" content=\"https:\/\/www.facebook.com\/farmaceuticsbcn\/\" \/>\n<meta property=\"article:published_time\" content=\"2018-12-14T12:23:00+00:00\" \/>\n<meta name=\"author\" content=\"wpAdminCofbOrg\" \/>\n<meta name=\"twitter:card\" content=\"summary_large_image\" \/>\n<meta name=\"twitter:creator\" content=\"@farmaceuticsbcn\" \/>\n<meta name=\"twitter:site\" content=\"@farmaceuticsbcn\" \/>\n<meta name=\"twitter:label1\" content=\"Escrito por\" \/>\n\t<meta name=\"twitter:data1\" content=\"wpAdminCofbOrg\" \/>\n\t<meta name=\"twitter:label2\" content=\"Tiempo de lectura\" \/>\n\t<meta name=\"twitter:data2\" content=\"6 minutos\" \/>\n<script type=\"application\/ld+json\" class=\"yoast-schema-graph\">{\"@context\":\"https:\/\/schema.org\",\"@graph\":[{\"@type\":\"Article\",\"@id\":\"https:\/\/novaorg.cofb.net\/2018\/12\/14\/el-cof-de-barcelona-implicat-en-la-marato-2018-per-recaptar-fons-per-a-la-investigacio-del-cancer\/#article\",\"isPartOf\":{\"@id\":\"https:\/\/novaorg.cofb.net\/2018\/12\/14\/el-cof-de-barcelona-implicat-en-la-marato-2018-per-recaptar-fons-per-a-la-investigacio-del-cancer\/\"},\"author\":{\"name\":\"wpAdminCofbOrg\",\"@id\":\"https:\/\/www.cofb.org\/#\/schema\/person\/22ed7eea88da74b0fa4d3154ad87ffcb\"},\"headline\":\"El COF de Barcelona, implicat en La Marat\u00f3 2018 per recaptar fons per a la investigaci\u00f3 del c\u00e0ncer\",\"datePublished\":\"2018-12-14T12:23:00+00:00\",\"dateModified\":\"2018-12-14T12:23:00+00:00\",\"mainEntityOfPage\":{\"@id\":\"https:\/\/novaorg.cofb.net\/2018\/12\/14\/el-cof-de-barcelona-implicat-en-la-marato-2018-per-recaptar-fons-per-a-la-investigacio-del-cancer\/\"},\"wordCount\":1158,\"publisher\":{\"@id\":\"https:\/\/www.cofb.org\/#organization\"},\"articleSection\":[\"Notes de premsa\",\"Sense categoria\"],\"inLanguage\":\"es\"},{\"@type\":\"WebPage\",\"@id\":\"https:\/\/novaorg.cofb.net\/2018\/12\/14\/el-cof-de-barcelona-implicat-en-la-marato-2018-per-recaptar-fons-per-a-la-investigacio-del-cancer\/\",\"url\":\"https:\/\/novaorg.cofb.net\/2018\/12\/14\/el-cof-de-barcelona-implicat-en-la-marato-2018-per-recaptar-fons-per-a-la-investigacio-del-cancer\/\",\"name\":\"El COF de Barcelona, implicat en La Marat\u00f3 2018 per recaptar fons per a la investigaci\u00f3 del c\u00e0ncer - Col\u00b7legi de Farmac\u00e8utics de Barcelona\",\"isPartOf\":{\"@id\":\"https:\/\/www.cofb.org\/#website\"},\"datePublished\":\"2018-12-14T12:23:00+00:00\",\"dateModified\":\"2018-12-14T12:23:00+00:00\",\"breadcrumb\":{\"@id\":\"https:\/\/novaorg.cofb.net\/2018\/12\/14\/el-cof-de-barcelona-implicat-en-la-marato-2018-per-recaptar-fons-per-a-la-investigacio-del-cancer\/#breadcrumb\"},\"inLanguage\":\"es\",\"potentialAction\":[{\"@type\":\"ReadAction\",\"target\":[\"https:\/\/novaorg.cofb.net\/2018\/12\/14\/el-cof-de-barcelona-implicat-en-la-marato-2018-per-recaptar-fons-per-a-la-investigacio-del-cancer\/\"]}]},{\"@type\":\"BreadcrumbList\",\"@id\":\"https:\/\/novaorg.cofb.net\/2018\/12\/14\/el-cof-de-barcelona-implicat-en-la-marato-2018-per-recaptar-fons-per-a-la-investigacio-del-cancer\/#breadcrumb\",\"itemListElement\":[{\"@type\":\"ListItem\",\"position\":1,\"name\":\"Inici\",\"item\":\"https:\/\/novaorg.cofb.net\/\"},{\"@type\":\"ListItem\",\"position\":2,\"name\":\"El COF de Barcelona, implicat en La Marat\u00f3 2018 per recaptar fons per a la investigaci\u00f3 del c\u00e0ncer\"}]},{\"@type\":\"WebSite\",\"@id\":\"https:\/\/www.cofb.org\/#website\",\"url\":\"https:\/\/www.cofb.org\/\",\"name\":\"Col\u00b7legi de Farmac\u00e8utics de Barcelona\",\"description\":\"\",\"publisher\":{\"@id\":\"https:\/\/www.cofb.org\/#organization\"},\"potentialAction\":[{\"@type\":\"SearchAction\",\"target\":{\"@type\":\"EntryPoint\",\"urlTemplate\":\"https:\/\/www.cofb.org\/?s={search_term_string}\"},\"query-input\":\"required name=search_term_string\"}],\"inLanguage\":\"es\"},{\"@type\":\"Organization\",\"@id\":\"https:\/\/www.cofb.org\/#organization\",\"name\":\"Col\u00b7legi de Farmac\u00e8utics de Barcelona\",\"url\":\"https:\/\/www.cofb.org\/\",\"logo\":{\"@type\":\"ImageObject\",\"inLanguage\":\"es\",\"@id\":\"https:\/\/www.cofb.org\/#\/schema\/logo\/image\/\",\"url\":\"https:\/\/www.cofb.org\/wp-content\/uploads\/2023\/11\/cropped-Logotip-COFB.png\",\"contentUrl\":\"https:\/\/www.cofb.org\/wp-content\/uploads\/2023\/11\/cropped-Logotip-COFB.png\",\"width\":500,\"height\":105,\"caption\":\"Col\u00b7legi de Farmac\u00e8utics de Barcelona\"},\"image\":{\"@id\":\"https:\/\/www.cofb.org\/#\/schema\/logo\/image\/\"},\"sameAs\":[\"https:\/\/www.facebook.com\/farmaceuticsbcn\/\",\"https:\/\/twitter.com\/farmaceuticsbcn\",\"https:\/\/www.instagram.com\/farmaceuticsbcn\/\",\"https:\/\/www.linkedin.com\/company\/farmaceuticsbcn\/\"]},{\"@type\":\"Person\",\"@id\":\"https:\/\/www.cofb.org\/#\/schema\/person\/22ed7eea88da74b0fa4d3154ad87ffcb\",\"name\":\"wpAdminCofbOrg\",\"image\":{\"@type\":\"ImageObject\",\"inLanguage\":\"es\",\"@id\":\"https:\/\/www.cofb.org\/#\/schema\/person\/image\/\",\"url\":\"https:\/\/secure.gravatar.com\/avatar\/1721b20b3b8ca882c3b56ec6c978c594fff670e40c0718e9190eaeeb76aae7d8?s=96&d=mm&r=g\",\"contentUrl\":\"https:\/\/secure.gravatar.com\/avatar\/1721b20b3b8ca882c3b56ec6c978c594fff670e40c0718e9190eaeeb76aae7d8?s=96&d=mm&r=g\",\"caption\":\"wpAdminCofbOrg\"},\"sameAs\":[\"http:\/\/192.168.64.122\/wordpress\"],\"url\":\"https:\/\/www.cofb.org\/es\/author\/wpadmincofborg\/\"}]}<\/script>\n<!-- \/ Yoast SEO plugin. -->","yoast_head_json":{"title":"El COF de Barcelona, implicat en La Marat\u00f3 2018 per recaptar fons per a la investigaci\u00f3 del c\u00e0ncer - Col\u00b7legi de Farmac\u00e8utics de Barcelona","robots":{"index":"index","follow":"follow","max-snippet":"max-snippet:-1","max-image-preview":"max-image-preview:large","max-video-preview":"max-video-preview:-1"},"canonical":"https:\/\/novaorg.cofb.net\/2018\/12\/14\/el-cof-de-barcelona-implicat-en-la-marato-2018-per-recaptar-fons-per-a-la-investigacio-del-cancer\/","og_locale":"es_ES","og_type":"article","og_title":"El COF de Barcelona, implicat en La Marat\u00f3 2018 per recaptar fons per a la investigaci\u00f3 del c\u00e0ncer - Col\u00b7legi de Farmac\u00e8utics de Barcelona","og_description":"\u00a0 En el marc d\u2019aquesta iniciativa, el Col\u00b7legi ha treballat en el disseny i fabricaci\u00f3 de bosses solid\u00e0ries, exclusives per La Marat\u00f3, que oferir\u00e0 a tots els col\u00b7legiats que realitzin una aportaci\u00f3 per La Marat\u00f3 a trav\u00e9s del COFB Els farmac\u00e8utics, com a col\u00b7lectiu comprom\u00e8s i sensible davant el c\u00e0ncer, [&hellip;]","og_url":"https:\/\/novaorg.cofb.net\/2018\/12\/14\/el-cof-de-barcelona-implicat-en-la-marato-2018-per-recaptar-fons-per-a-la-investigacio-del-cancer\/","og_site_name":"Col\u00b7legi de Farmac\u00e8utics de Barcelona","article_publisher":"https:\/\/www.facebook.com\/farmaceuticsbcn\/","article_published_time":"2018-12-14T12:23:00+00:00","author":"wpAdminCofbOrg","twitter_card":"summary_large_image","twitter_creator":"@farmaceuticsbcn","twitter_site":"@farmaceuticsbcn","twitter_misc":{"Escrito por":"wpAdminCofbOrg","Tiempo de lectura":"6 minutos"},"schema":{"@context":"https:\/\/schema.org","@graph":[{"@type":"Article","@id":"https:\/\/novaorg.cofb.net\/2018\/12\/14\/el-cof-de-barcelona-implicat-en-la-marato-2018-per-recaptar-fons-per-a-la-investigacio-del-cancer\/#article","isPartOf":{"@id":"https:\/\/novaorg.cofb.net\/2018\/12\/14\/el-cof-de-barcelona-implicat-en-la-marato-2018-per-recaptar-fons-per-a-la-investigacio-del-cancer\/"},"author":{"name":"wpAdminCofbOrg","@id":"https:\/\/www.cofb.org\/#\/schema\/person\/22ed7eea88da74b0fa4d3154ad87ffcb"},"headline":"El COF de Barcelona, implicat en La Marat\u00f3 2018 per recaptar fons per a la investigaci\u00f3 del c\u00e0ncer","datePublished":"2018-12-14T12:23:00+00:00","dateModified":"2018-12-14T12:23:00+00:00","mainEntityOfPage":{"@id":"https:\/\/novaorg.cofb.net\/2018\/12\/14\/el-cof-de-barcelona-implicat-en-la-marato-2018-per-recaptar-fons-per-a-la-investigacio-del-cancer\/"},"wordCount":1158,"publisher":{"@id":"https:\/\/www.cofb.org\/#organization"},"articleSection":["Notes de premsa","Sense categoria"],"inLanguage":"es"},{"@type":"WebPage","@id":"https:\/\/novaorg.cofb.net\/2018\/12\/14\/el-cof-de-barcelona-implicat-en-la-marato-2018-per-recaptar-fons-per-a-la-investigacio-del-cancer\/","url":"https:\/\/novaorg.cofb.net\/2018\/12\/14\/el-cof-de-barcelona-implicat-en-la-marato-2018-per-recaptar-fons-per-a-la-investigacio-del-cancer\/","name":"El COF de Barcelona, implicat en La Marat\u00f3 2018 per recaptar fons per a la investigaci\u00f3 del c\u00e0ncer - Col\u00b7legi de Farmac\u00e8utics de Barcelona","isPartOf":{"@id":"https:\/\/www.cofb.org\/#website"},"datePublished":"2018-12-14T12:23:00+00:00","dateModified":"2018-12-14T12:23:00+00:00","breadcrumb":{"@id":"https:\/\/novaorg.cofb.net\/2018\/12\/14\/el-cof-de-barcelona-implicat-en-la-marato-2018-per-recaptar-fons-per-a-la-investigacio-del-cancer\/#breadcrumb"},"inLanguage":"es","potentialAction":[{"@type":"ReadAction","target":["https:\/\/novaorg.cofb.net\/2018\/12\/14\/el-cof-de-barcelona-implicat-en-la-marato-2018-per-recaptar-fons-per-a-la-investigacio-del-cancer\/"]}]},{"@type":"BreadcrumbList","@id":"https:\/\/novaorg.cofb.net\/2018\/12\/14\/el-cof-de-barcelona-implicat-en-la-marato-2018-per-recaptar-fons-per-a-la-investigacio-del-cancer\/#breadcrumb","itemListElement":[{"@type":"ListItem","position":1,"name":"Inici","item":"https:\/\/novaorg.cofb.net\/"},{"@type":"ListItem","position":2,"name":"El COF de Barcelona, implicat en La Marat\u00f3 2018 per recaptar fons per a la investigaci\u00f3 del c\u00e0ncer"}]},{"@type":"WebSite","@id":"https:\/\/www.cofb.org\/#website","url":"https:\/\/www.cofb.org\/","name":"Col\u00b7legi de Farmac\u00e8utics de Barcelona","description":"","publisher":{"@id":"https:\/\/www.cofb.org\/#organization"},"potentialAction":[{"@type":"SearchAction","target":{"@type":"EntryPoint","urlTemplate":"https:\/\/www.cofb.org\/?s={search_term_string}"},"query-input":"required name=search_term_string"}],"inLanguage":"es"},{"@type":"Organization","@id":"https:\/\/www.cofb.org\/#organization","name":"Col\u00b7legi de Farmac\u00e8utics de Barcelona","url":"https:\/\/www.cofb.org\/","logo":{"@type":"ImageObject","inLanguage":"es","@id":"https:\/\/www.cofb.org\/#\/schema\/logo\/image\/","url":"https:\/\/www.cofb.org\/wp-content\/uploads\/2023\/11\/cropped-Logotip-COFB.png","contentUrl":"https:\/\/www.cofb.org\/wp-content\/uploads\/2023\/11\/cropped-Logotip-COFB.png","width":500,"height":105,"caption":"Col\u00b7legi de Farmac\u00e8utics de Barcelona"},"image":{"@id":"https:\/\/www.cofb.org\/#\/schema\/logo\/image\/"},"sameAs":["https:\/\/www.facebook.com\/farmaceuticsbcn\/","https:\/\/twitter.com\/farmaceuticsbcn","https:\/\/www.instagram.com\/farmaceuticsbcn\/","https:\/\/www.linkedin.com\/company\/farmaceuticsbcn\/"]},{"@type":"Person","@id":"https:\/\/www.cofb.org\/#\/schema\/person\/22ed7eea88da74b0fa4d3154ad87ffcb","name":"wpAdminCofbOrg","image":{"@type":"ImageObject","inLanguage":"es","@id":"https:\/\/www.cofb.org\/#\/schema\/person\/image\/","url":"https:\/\/secure.gravatar.com\/avatar\/1721b20b3b8ca882c3b56ec6c978c594fff670e40c0718e9190eaeeb76aae7d8?s=96&d=mm&r=g","contentUrl":"https:\/\/secure.gravatar.com\/avatar\/1721b20b3b8ca882c3b56ec6c978c594fff670e40c0718e9190eaeeb76aae7d8?s=96&d=mm&r=g","caption":"wpAdminCofbOrg"},"sameAs":["http:\/\/192.168.64.122\/wordpress"],"url":"https:\/\/www.cofb.org\/es\/author\/wpadmincofborg\/"}]}},"uagb_featured_image_src":{"full":false,"thumbnail":false,"medium":false,"medium_large":false,"large":false,"1536x1536":false,"2048x2048":false,"trp-custom-language-flag":false},"uagb_author_info":{"display_name":"wpAdminCofbOrg","author_link":"https:\/\/www.cofb.org\/es\/author\/wpadmincofborg\/"},"uagb_comment_info":0,"uagb_excerpt":"\u00a0 En el marc d\u2019aquesta iniciativa, el Col\u00b7legi ha treballat en el disseny i fabricaci\u00f3 de bosses solid\u00e0ries, exclusives per La Marat\u00f3, que oferir\u00e0 a tots els col\u00b7legiats que realitzin una aportaci\u00f3 per La Marat\u00f3 a trav\u00e9s del COFB Els farmac\u00e8utics, com a col\u00b7lectiu comprom\u00e8s i sensible davant el c\u00e0ncer, [&hellip;]","_links":{"self":[{"href":"https:\/\/www.cofb.org\/es\/wp-json\/wp\/v2\/posts\/77247","targetHints":{"allow":["GET"]}}],"collection":[{"href":"https:\/\/www.cofb.org\/es\/wp-json\/wp\/v2\/posts"}],"about":[{"href":"https:\/\/www.cofb.org\/es\/wp-json\/wp\/v2\/types\/post"}],"author":[{"embeddable":true,"href":"https:\/\/www.cofb.org\/es\/wp-json\/wp\/v2\/users\/1"}],"replies":[{"embeddable":true,"href":"https:\/\/www.cofb.org\/es\/wp-json\/wp\/v2\/comments?post=77247"}],"version-history":[{"count":0,"href":"https:\/\/www.cofb.org\/es\/wp-json\/wp\/v2\/posts\/77247\/revisions"}],"wp:attachment":[{"href":"https:\/\/www.cofb.org\/es\/wp-json\/wp\/v2\/media?parent=77247"}],"wp:term":[{"taxonomy":"category","embeddable":true,"href":"https:\/\/www.cofb.org\/es\/wp-json\/wp\/v2\/categories?post=77247"},{"taxonomy":"post_tag","embeddable":true,"href":"https:\/\/www.cofb.org\/es\/wp-json\/wp\/v2\/tags?post=77247"}],"curies":[{"name":"wp","href":"https:\/\/api.w.org\/{rel}","templated":true}]}}