{"id":77143,"date":"2020-02-26T17:33:00","date_gmt":"2020-02-26T17:33:00","guid":{"rendered":"https:\/\/novaorg.cofb.net\/2020\/02\/26\/infarma-madrid-2020-obrira-un-espai-per-impulsar-el-desenvolupament-professional-a-traves-de-la-creativitat-i-el-joc\/"},"modified":"2020-02-26T17:33:00","modified_gmt":"2020-02-26T17:33:00","slug":"infarma-madrid-2020-obrira-un-espai-per-impulsar-el-desenvolupament-professional-a-traves-de-la-creativitat-i-el-joc","status":"publish","type":"post","link":"https:\/\/www.cofb.org\/es\/2020\/02\/26\/infarma-madrid-2020-obrira-un-espai-per-impulsar-el-desenvolupament-professional-a-traves-de-la-creativitat-i-el-joc\/","title":{"rendered":"&#039;Infarma Madrid 2020&#039; abrir\u00e1 un espacio para impulsar el desarrollo profesional a trav\u00e9s de la creatividad y el juego"},"content":{"rendered":"<p>\u00a0<\/p>\n<p><img decoding=\"async\" alt=\"\" src=\"https:\/\/www.cofb.org\/documents\/10136\/1111458\/Espacio+de+%C3%A9xito.jpg\/b092aabd-15a3-4ec8-aeea-536327e5310c?t=1582734686775\"><\/p>\n<p>\u00a0<\/p>\n<p>\u00a0<\/p>\n<p>\u00a0<\/p>\n<p><em>Madrid, 26 de febrero.<\/em> Infarma Madrid 2020, el Congreso y Sal\u00f3n de la farmacia que organizan los colegios oficiales de farmac\u00e9uticos de Madrid y Barcelona, en colaboraci\u00f3n con Interalia, volver\u00e1 a poner en marcha su propio laboratorio de ideas para transformar la farmacia en un espacio bautizado como \u201cInnovaci\u00f3n con Iniciativa\u201d que se ubicar\u00e1 en el pabell\u00f3n 1 del recinto ferial de Ifema.<\/p>\n<p>Durante tres d\u00edas, entre el 10 y el 12 de marzo, este escenario acoger\u00e1 las actividades programadas en #Infarmainnova e Iniciativas de \u00c9xito, con el objetivo de estimular el aprendizaje y fomentar la capacidad de innovaci\u00f3n dentro de la oficina de farmacia.<\/p>\n<p>Imagina y construye tu propia farmacia es el reto que #Infarmainnova propone a los farmac\u00e9uticos participantes en Infarma que se inscriban en este espacio innovador. El per\u00edodo de inscripci\u00f3n ya est\u00e1 abierto hasta completarse las 190 plazas disponibles y se puede realizar en el siguiente enlace.<\/p>\n<p>Entre otras cuestiones, los participantes tendr\u00e1n que reflexionar y trabajar de forma colaborativa para responder a una serie de preguntas relacionadas con el nuevo consumidor de farmacia: \u00bfc\u00f3mo soy yo y c\u00f3mo son mis clientes?, \u00bfc\u00f3mo puedo venderlos m\u00e1s y mejor ?, \u00bfc\u00f3mo puedo sacar lo mejor de mi equipo? o \u00bfc\u00f3mo comunicarse mejor con el cliente en la era digital? Son algunos de los interrogantes que se plantear\u00e1n en una \u00fanica sesi\u00f3n formativa que se celebrar\u00e1 el 11 de marzo.<\/p>\n<p>Una de las novedades previstas es que los profesionales inscritos utilizar\u00e1n la metodolog\u00eda Lego Serious Play. Enfocada a sacar todo el potencial de las personas y equipos participantes, esta t\u00e9cnica de aprendizaje grupal promueve una formaci\u00f3n din\u00e1mica mediante el juego, que facilita la reflexi\u00f3n y la comunicaci\u00f3n para resolver problemas, mientras los participantes \u201cconstruyen\u201d sus propios modelos con piezas Lego. Todos los inscritos participar\u00e1n en el sorteo de un viaje a Legoland Billund en Dinamarca.<\/p>\n<p>Rosal\u00eda Gozalo Corral, vocal de Dermofarmacia y Productos Sanitarios del Colegio Oficial de Farmac\u00e9uticos de Madrid (COFM) y una de las promotoras de este espacio centrado en el farmac\u00e9utico de oficina de farmacia, se\u00f1ala que #Infarmainnova \u201cimpulsar\u00e1 la experiencia de venta en farmacia y la necesidad de especializarse a trav\u00e9s de una formaci\u00f3n que se apoyar\u00e1 en el juego y la creatividad para generar soluciones innovadoras que podamos utilizar como dec\u00e1logo para las farmacias\u201d.<\/p>\n<p>\n&#039;Iniciativas de \u00c9xito&#039;<\/p>\n<p>Junto con #Infarmainnova, se desarrollar\u00e1 Iniciativas de \u00c9xito en el mismo espacio, los d\u00edas 10 y 12 de marzo, donde se presentar\u00e1n proyectos innovadores impulsados por farmac\u00e9uticos de oficina de farmacia y por los cinco grupos de Atenci\u00f3n Farmac\u00e9utica creados por el COFM en 2018 . En este espacio, se incluir\u00e1n \u201caquellas experiencias en gesti\u00f3n, farmacia asistencial, casos pr\u00e1cticos o estudios realizados en oficinas de farmacia que hayan supuesto mejoras reales que puedan ser aplicables por otros farmac\u00e9uticos\u201d, explica \u00d3scar L\u00f3pez Moreno, vocal de Titulares de Oficina de Farmacia del COFM e impulsor de este programa en Infarma.<\/p>\n<p>En total, el comit\u00e9 de Iniciativas de \u00c9xito ha seleccionado una veintena de proyectos centrados en \u00e1reas, entre las que destacan el uso de las redes sociales por parte de los farmac\u00e9uticos como medio de comunicaci\u00f3n con el paciente, nuevas f\u00f3rmulas para facilitar el seguimiento farmacoterap\u00e9utico y mejorar la adherencia a los tratamientos, el uso de los analg\u00e9sicos y los nuevos anticoagulantes orales, la atenci\u00f3n precoz del Alzheimer o el abordaje de la tensi\u00f3n arterial no controlada.<\/p>\n<p>Los resultados de las propuestas elegidas se presentar\u00e1n durante la tarde del martes 11 y por la ma\u00f1ana y la tarde del jueves 12. Ser\u00e1n exposiciones cortas en las que cada farmac\u00e9utico o grupo de farmac\u00e9uticos (hasta un m\u00e1ximo de tres) dispondr\u00e1 de un tiempo de 15-20 minutos y donde se podr\u00e1 utilizar una presentaci\u00f3n para apoyar su exposici\u00f3n.<\/p>\n<p>Acerca de Infarma Madrid 2020<\/p>\n<p>El Congreso Europeo de Oficina de Farmacia es una cita profesional reconocida de inter\u00e9s sanitario por parte del Ministerio de Sanidad, Consumo y Bienestar Social. En su \u00faltima edici\u00f3n de 2018 en Madrid, reuni\u00f3 a 33.850 visitantes ya 3.450 congresistas. Desde que los Colegios Farmac\u00e9uticos de Madrid y Barcelona decidieron colaborar para organizar Infarma de forma conjunta junto a Interalia, el crecimiento del Congreso y Sal\u00f3n ha sido sostenido en cada edici\u00f3n. Si en 2012, fecha del primer encuentro conjunto, se logr\u00f3 reunir a 2.356 y 21.000 profesionales, la \u00faltima edici\u00f3n de Barcelona de 2019 se cerr\u00f3 con un balance de 3.480 congresistas y 33.770 visitantes, un 47 por ciento m\u00e1s de congresistas y un 60 por ciento m\u00e1s de profesionales. Son algunas de las grandes cifras de un Congreso que en 2018 logr\u00f3 adem\u00e1s un nuevo r\u00e9cord de espacio ferial al contratar 35.000 metros cuadrados, as\u00ed como de expositores, con 387 empresas y laboratorios presentes.<\/p>\n<p>\u00a0\u00a0<\/p>\n<p>\u00a0<\/p>\n<p>\u00a0<\/p>\n<p>Madrid, 26 de febrero. Infarma Madrid 2020, el Congreso y Sal\u00f3n de la farmacia que organizan los colegios oficiales de farmac\u00e9uticos de Madrid y Barcelona, en colaboraci\u00f3n con Interalia, volver\u00e1 a poner en marcha su propio laboratorio de ideas para transformar la farmacia en un espacio bautizado como \u201cInnovaci\u00f3n con Iniciativa\u201d que se ubicar\u00e1 en el pabell\u00f3n 1 del recinto ferial de Ifema.<\/p>\n<p>Durante tres d\u00edas, entre el 10 y el 12 de marzo, este escenario acoger\u00e1 las actividades programadas en #Infarmainnova e Iniciativas de \u00c9xito, con el objetivo de estimular el aprendizaje y fomentar la capacidad de innovaci\u00f3n dentro de la oficina de farmacia.<\/p>\n<p>Imagina y construye tu propia farmacia es el reto que #Infarmainnova propone a los farmac\u00e9uticos participantes en Infarma que se inscriban en este espacio innovador. El per\u00edodo de inscripci\u00f3n ya est\u00e1 abierto hasta completarse las 190 plazas disponibles y se puede realizar en el siguiente enlace.<\/p>\n<p>Entre otras cuestiones, los participantes tendr\u00e1n que reflexionar y trabajar de forma colaborativa para responder a una serie de preguntas relacionadas con el nuevo consumidor de farmacia: \u00bfc\u00f3mo soy yo y c\u00f3mo son mis clientes?, \u00bfc\u00f3mo puedo venderlos m\u00e1s y mejor ?, \u00bfc\u00f3mo puedo sacar lo mejor de mi equipo? o \u00bfc\u00f3mo comunicarse mejor con el cliente en la era digital? Son algunos de los interrogantes que se plantear\u00e1n en una \u00fanica sesi\u00f3n formativa que se celebrar\u00e1 el 11 de marzo.<\/p>\n<p>Una de las novedades previstas es que los profesionales inscritos utilizar\u00e1n la metodolog\u00eda Lego Serious Play. Enfocada a sacar todo el potencial de las personas y equipos participantes, esta t\u00e9cnica de aprendizaje grupal promueve una formaci\u00f3n din\u00e1mica mediante el juego, que facilita la reflexi\u00f3n y la comunicaci\u00f3n para resolver problemas, mientras los participantes \u201cconstruyen\u201d sus propios modelos con piezas Lego. Todos los inscritos participar\u00e1n en el sorteo de un viaje a Legoland Billund en Dinamarca.<\/p>\n<p>Rosal\u00eda Gozalo Corral, vocal de Dermofarmacia y Productos Sanitarios del Colegio Oficial de Farmac\u00e9uticos de Madrid (COFM) y una de las promotoras de este espacio centrado en el farmac\u00e9utico de oficina de farmacia, se\u00f1ala que #Infarmainnova \u201cimpulsar\u00e1 la experiencia de venta en farmacia y la necesidad de especializarse a trav\u00e9s de una formaci\u00f3n que se apoyar\u00e1 en el juego y la creatividad para generar soluciones innovadoras que podamos utilizar como dec\u00e1logo para las farmacias\u201d.<\/p>\n<p>&#039;Iniciativas de \u00c9xito&#039;<\/p>\n<p>Junto con #Infarmainnova, se desarrollar\u00e1 Iniciativas de \u00c9xito en el mismo espacio, los d\u00edas 10 y 12 de marzo, donde se presentar\u00e1n proyectos innovadores impulsados por farmac\u00e9uticos de oficina de farmacia y por los cinco grupos de Atenci\u00f3n Farmac\u00e9utica creados por el COFM en 2018 . En este espacio, se incluir\u00e1n \u201caquellas experiencias en gesti\u00f3n, farmacia asistencial, casos pr\u00e1cticos o estudios realizados en oficinas de farmacia que hayan supuesto mejoras reales que puedan ser aplicables por otros farmac\u00e9uticos\u201d, explica \u00d3scar L\u00f3pez Moreno, vocal de Titulares de Oficina de Farmacia del COFM e impulsor de este programa en Infarma.<\/p>\n<p>En total, el comit\u00e9 de Iniciativas de \u00c9xito ha seleccionado una veintena de proyectos centrados en \u00e1reas, entre las que destacan el uso de las redes sociales por parte de los farmac\u00e9uticos como medio de comunicaci\u00f3n con el paciente, nuevas f\u00f3rmulas para facilitar el seguimiento farmacoterap\u00e9utico y mejorar la adherencia a los tratamientos, el uso de los analg\u00e9sicos y los nuevos anticoagulantes orales, la atenci\u00f3n precoz del Alzheimer o el abordaje de la tensi\u00f3n arterial no controlada.<\/p>\n<p>Los resultados de las propuestas elegidas se presentar\u00e1n durante la tarde del martes 11 y por la ma\u00f1ana y la tarde del jueves 12. Ser\u00e1n exposiciones cortas en las que cada farmac\u00e9utico o grupo de farmac\u00e9uticos (hasta un m\u00e1ximo de tres) dispondr\u00e1 de un tiempo de 15-20 minutos y donde se podr\u00e1 utilizar una presentaci\u00f3n para apoyar su exposici\u00f3n.<\/p>\n<p>Acerca de Infarma Madrid 2020<\/p>\n<p>El Congreso Europeo de Oficina de Farmacia es una cita profesional reconocida de inter\u00e9s sanitario por parte del Ministerio de Sanidad, Consumo y Bienestar Social. En su \u00faltima edici\u00f3n de 2018 en Madrid, reuni\u00f3 a 33.850 visitantes ya 3.450 congresistas. Desde que los Colegios Farmac\u00e9uticos de Madrid y Barcelona decidieron colaborar para organizar Infarma de forma conjunta junto a Interalia, el crecimiento del Congreso y Sal\u00f3n ha sido sostenido en cada edici\u00f3n. Si en 2012, fecha del primer encuentro conjunto, se logr\u00f3 reunir a 2.356 y 21.000 profesionales, la \u00faltima edici\u00f3n de Barcelona de 2019 se cerr\u00f3 con un balance de 3.480 congresistas y 33.770 visitantes, un 47 por ciento m\u00e1s de congresistas y un 60 por ciento m\u00e1s de profesionales. Son algunas de las grandes cifras de un Congreso que en 2018 logr\u00f3 adem\u00e1s un nuevo r\u00e9cord de espacio ferial al contratar 35.000 metros cuadrados, as\u00ed como de expositores, con 387 empresas y laboratorios presentes.  COFB.ORG<\/p>","protected":false},"excerpt":{"rendered":"<p>\u00a0 \u00a0 \u00a0 \u00a0 Madrid, 26 de febrero. Infarma Madrid 2020, el Congreso y Sal\u00f3n de la farmacia que organizan los colegios oficiales de farmac\u00e9uticos de Madrid y Barcelona, en colaboraci\u00f3n con Interalia, volver\u00e1 a poner en marcha su propio laboratorio de ideas para transformar la farmacia en un [\u2026]<\/p>","protected":false},"author":1,"featured_media":77144,"comment_status":"","ping_status":"","sticky":false,"template":"","format":"standard","meta":{"_uag_custom_page_level_css":"","site-sidebar-layout":"default","site-content-layout":"","ast-site-content-layout":"default","site-content-style":"default","site-sidebar-style":"default","ast-global-header-display":"","ast-banner-title-visibility":"","ast-main-header-display":"","ast-hfb-above-header-display":"","ast-hfb-below-header-display":"","ast-hfb-mobile-header-display":"","site-post-title":"","ast-breadcrumbs-content":"","ast-featured-img":"disabled","footer-sml-layout":"","theme-transparent-header-meta":"","adv-header-id-meta":"","stick-header-meta":"","header-above-stick-meta":"","header-main-stick-meta":"","header-below-stick-meta":"","astra-migrate-meta-layouts":"default","ast-page-background-enabled":"default","ast-page-background-meta":{"desktop":{"background-color":"var(--ast-global-color-4)","background-image":"","background-repeat":"repeat","background-position":"center center","background-size":"auto","background-attachment":"scroll","background-type":"","background-media":"","overlay-type":"","overlay-color":"","overlay-opacity":"","overlay-gradient":""},"tablet":{"background-color":"","background-image":"","background-repeat":"repeat","background-position":"center center","background-size":"auto","background-attachment":"scroll","background-type":"","background-media":"","overlay-type":"","overlay-color":"","overlay-opacity":"","overlay-gradient":""},"mobile":{"background-color":"","background-image":"","background-repeat":"repeat","background-position":"center center","background-size":"auto","background-attachment":"scroll","background-type":"","background-media":"","overlay-type":"","overlay-color":"","overlay-opacity":"","overlay-gradient":""}},"ast-content-background-meta":{"desktop":{"background-color":"var(--ast-global-color-5)","background-image":"","background-repeat":"repeat","background-position":"center center","background-size":"auto","background-attachment":"scroll","background-type":"","background-media":"","overlay-type":"","overlay-color":"","overlay-opacity":"","overlay-gradient":""},"tablet":{"background-color":"var(--ast-global-color-5)","background-image":"","background-repeat":"repeat","background-position":"center center","background-size":"auto","background-attachment":"scroll","background-type":"","background-media":"","overlay-type":"","overlay-color":"","overlay-opacity":"","overlay-gradient":""},"mobile":{"background-color":"var(--ast-global-color-5)","background-image":"","background-repeat":"repeat","background-position":"center center","background-size":"auto","background-attachment":"scroll","background-type":"","background-media":"","overlay-type":"","overlay-color":"","overlay-opacity":"","overlay-gradient":""}},"footnotes":""},"categories":[1060,1066],"tags":[],"class_list":["post-77143","post","type-post","status-publish","format-standard","has-post-thumbnail","hentry","category-notes-premsa","category-sense-categoria-ca"],"yoast_head":"<!-- This site is optimized with the Yoast SEO plugin v22.4 - https:\/\/yoast.com\/wordpress\/plugins\/seo\/ -->\n<title>\u2018Infarma Madrid 2020\u2019 obrir\u00e0 un espai per impulsar el desenvolupament professional a trav\u00e9s de la creativitat i el joc - Col\u00b7legi de Farmac\u00e8utics de Barcelona<\/title>\n<meta name=\"robots\" content=\"index, follow, max-snippet:-1, max-image-preview:large, max-video-preview:-1\" \/>\n<link rel=\"canonical\" href=\"https:\/\/novaorg.cofb.net\/2020\/02\/26\/infarma-madrid-2020-obrira-un-espai-per-impulsar-el-desenvolupament-professional-a-traves-de-la-creativitat-i-el-joc\/\" \/>\n<meta property=\"og:locale\" content=\"es_ES\" \/>\n<meta property=\"og:type\" content=\"article\" \/>\n<meta property=\"og:title\" content=\"\u2018Infarma Madrid 2020\u2019 obrir\u00e0 un espai per impulsar el desenvolupament professional a trav\u00e9s de la creativitat i el joc - Col\u00b7legi de Farmac\u00e8utics de Barcelona\" \/>\n<meta property=\"og:description\" content=\"\u00a0 \u00a0 \u00a0 \u00a0 Madrid, 26 de febrer. Infarma Madrid 2020, el Congr\u00e9s i Sal\u00f3 de la farm\u00e0cia que organitzen els col\u00b7legis oficials de farmac\u00e8utics de Madrid i Barcelona, en col\u00b7laboraci\u00f3 amb Interalia, tornar\u00e0 a posar en marxa el seu propi laboratori d&#8217;idees per a transformar la farm\u00e0cia en un [&hellip;]\" \/>\n<meta property=\"og:url\" content=\"https:\/\/novaorg.cofb.net\/2020\/02\/26\/infarma-madrid-2020-obrira-un-espai-per-impulsar-el-desenvolupament-professional-a-traves-de-la-creativitat-i-el-joc\/\" \/>\n<meta property=\"og:site_name\" content=\"Col\u00b7legi de Farmac\u00e8utics de Barcelona\" \/>\n<meta property=\"article:publisher\" content=\"https:\/\/www.facebook.com\/farmaceuticsbcn\/\" \/>\n<meta property=\"article:published_time\" content=\"2020-02-26T17:33:00+00:00\" \/>\n<meta property=\"og:image\" content=\"https:\/\/novaorg.cofb.net\/wp-content\/uploads\/2020\/02\/b092aabd-15a3-4ec8-aeea-536327e5310c-oY4AtS.jpeg\" \/>\n\t<meta property=\"og:image:width\" content=\"600\" \/>\n\t<meta property=\"og:image:height\" content=\"450\" \/>\n\t<meta property=\"og:image:type\" content=\"image\/jpeg\" \/>\n<meta name=\"author\" content=\"wpAdminCofbOrg\" \/>\n<meta name=\"twitter:card\" content=\"summary_large_image\" \/>\n<meta name=\"twitter:creator\" content=\"@farmaceuticsbcn\" \/>\n<meta name=\"twitter:site\" content=\"@farmaceuticsbcn\" \/>\n<meta name=\"twitter:label1\" content=\"Escrito por\" \/>\n\t<meta name=\"twitter:data1\" content=\"wpAdminCofbOrg\" \/>\n\t<meta name=\"twitter:label2\" content=\"Tiempo de lectura\" \/>\n\t<meta name=\"twitter:data2\" content=\"8 minutos\" \/>\n<script type=\"application\/ld+json\" class=\"yoast-schema-graph\">{\"@context\":\"https:\/\/schema.org\",\"@graph\":[{\"@type\":\"Article\",\"@id\":\"https:\/\/novaorg.cofb.net\/2020\/02\/26\/infarma-madrid-2020-obrira-un-espai-per-impulsar-el-desenvolupament-professional-a-traves-de-la-creativitat-i-el-joc\/#article\",\"isPartOf\":{\"@id\":\"https:\/\/novaorg.cofb.net\/2020\/02\/26\/infarma-madrid-2020-obrira-un-espai-per-impulsar-el-desenvolupament-professional-a-traves-de-la-creativitat-i-el-joc\/\"},\"author\":{\"name\":\"wpAdminCofbOrg\",\"@id\":\"https:\/\/www.cofb.org\/#\/schema\/person\/22ed7eea88da74b0fa4d3154ad87ffcb\"},\"headline\":\"\u2018Infarma Madrid 2020\u2019 obrir\u00e0 un espai per impulsar el desenvolupament professional a trav\u00e9s de la creativitat i el joc\",\"datePublished\":\"2020-02-26T17:33:00+00:00\",\"dateModified\":\"2020-02-26T17:33:00+00:00\",\"mainEntityOfPage\":{\"@id\":\"https:\/\/novaorg.cofb.net\/2020\/02\/26\/infarma-madrid-2020-obrira-un-espai-per-impulsar-el-desenvolupament-professional-a-traves-de-la-creativitat-i-el-joc\/\"},\"wordCount\":1687,\"publisher\":{\"@id\":\"https:\/\/www.cofb.org\/#organization\"},\"image\":{\"@id\":\"https:\/\/novaorg.cofb.net\/2020\/02\/26\/infarma-madrid-2020-obrira-un-espai-per-impulsar-el-desenvolupament-professional-a-traves-de-la-creativitat-i-el-joc\/#primaryimage\"},\"thumbnailUrl\":\"https:\/\/www.cofb.org\/wp-content\/uploads\/2020\/02\/b092aabd-15a3-4ec8-aeea-536327e5310c-oY4AtS.jpeg\",\"articleSection\":[\"Notes de premsa\",\"Sense categoria\"],\"inLanguage\":\"es\"},{\"@type\":\"WebPage\",\"@id\":\"https:\/\/novaorg.cofb.net\/2020\/02\/26\/infarma-madrid-2020-obrira-un-espai-per-impulsar-el-desenvolupament-professional-a-traves-de-la-creativitat-i-el-joc\/\",\"url\":\"https:\/\/novaorg.cofb.net\/2020\/02\/26\/infarma-madrid-2020-obrira-un-espai-per-impulsar-el-desenvolupament-professional-a-traves-de-la-creativitat-i-el-joc\/\",\"name\":\"\u2018Infarma Madrid 2020\u2019 obrir\u00e0 un espai per impulsar el desenvolupament professional a trav\u00e9s de la creativitat i el joc - Col\u00b7legi de Farmac\u00e8utics de Barcelona\",\"isPartOf\":{\"@id\":\"https:\/\/www.cofb.org\/#website\"},\"primaryImageOfPage\":{\"@id\":\"https:\/\/novaorg.cofb.net\/2020\/02\/26\/infarma-madrid-2020-obrira-un-espai-per-impulsar-el-desenvolupament-professional-a-traves-de-la-creativitat-i-el-joc\/#primaryimage\"},\"image\":{\"@id\":\"https:\/\/novaorg.cofb.net\/2020\/02\/26\/infarma-madrid-2020-obrira-un-espai-per-impulsar-el-desenvolupament-professional-a-traves-de-la-creativitat-i-el-joc\/#primaryimage\"},\"thumbnailUrl\":\"https:\/\/www.cofb.org\/wp-content\/uploads\/2020\/02\/b092aabd-15a3-4ec8-aeea-536327e5310c-oY4AtS.jpeg\",\"datePublished\":\"2020-02-26T17:33:00+00:00\",\"dateModified\":\"2020-02-26T17:33:00+00:00\",\"breadcrumb\":{\"@id\":\"https:\/\/novaorg.cofb.net\/2020\/02\/26\/infarma-madrid-2020-obrira-un-espai-per-impulsar-el-desenvolupament-professional-a-traves-de-la-creativitat-i-el-joc\/#breadcrumb\"},\"inLanguage\":\"es\",\"potentialAction\":[{\"@type\":\"ReadAction\",\"target\":[\"https:\/\/novaorg.cofb.net\/2020\/02\/26\/infarma-madrid-2020-obrira-un-espai-per-impulsar-el-desenvolupament-professional-a-traves-de-la-creativitat-i-el-joc\/\"]}]},{\"@type\":\"ImageObject\",\"inLanguage\":\"es\",\"@id\":\"https:\/\/novaorg.cofb.net\/2020\/02\/26\/infarma-madrid-2020-obrira-un-espai-per-impulsar-el-desenvolupament-professional-a-traves-de-la-creativitat-i-el-joc\/#primaryimage\",\"url\":\"https:\/\/www.cofb.org\/wp-content\/uploads\/2020\/02\/b092aabd-15a3-4ec8-aeea-536327e5310c-oY4AtS.jpeg\",\"contentUrl\":\"https:\/\/www.cofb.org\/wp-content\/uploads\/2020\/02\/b092aabd-15a3-4ec8-aeea-536327e5310c-oY4AtS.jpeg\",\"width\":600,\"height\":450},{\"@type\":\"BreadcrumbList\",\"@id\":\"https:\/\/novaorg.cofb.net\/2020\/02\/26\/infarma-madrid-2020-obrira-un-espai-per-impulsar-el-desenvolupament-professional-a-traves-de-la-creativitat-i-el-joc\/#breadcrumb\",\"itemListElement\":[{\"@type\":\"ListItem\",\"position\":1,\"name\":\"Inici\",\"item\":\"https:\/\/novaorg.cofb.net\/\"},{\"@type\":\"ListItem\",\"position\":2,\"name\":\"\u2018Infarma Madrid 2020\u2019 obrir\u00e0 un espai per impulsar el desenvolupament professional a trav\u00e9s de la creativitat i el joc\"}]},{\"@type\":\"WebSite\",\"@id\":\"https:\/\/www.cofb.org\/#website\",\"url\":\"https:\/\/www.cofb.org\/\",\"name\":\"Col\u00b7legi de Farmac\u00e8utics de Barcelona\",\"description\":\"\",\"publisher\":{\"@id\":\"https:\/\/www.cofb.org\/#organization\"},\"potentialAction\":[{\"@type\":\"SearchAction\",\"target\":{\"@type\":\"EntryPoint\",\"urlTemplate\":\"https:\/\/www.cofb.org\/?s={search_term_string}\"},\"query-input\":\"required name=search_term_string\"}],\"inLanguage\":\"es\"},{\"@type\":\"Organization\",\"@id\":\"https:\/\/www.cofb.org\/#organization\",\"name\":\"Col\u00b7legi de Farmac\u00e8utics de Barcelona\",\"url\":\"https:\/\/www.cofb.org\/\",\"logo\":{\"@type\":\"ImageObject\",\"inLanguage\":\"es\",\"@id\":\"https:\/\/www.cofb.org\/#\/schema\/logo\/image\/\",\"url\":\"https:\/\/www.cofb.org\/wp-content\/uploads\/2023\/11\/cropped-Logotip-COFB.png\",\"contentUrl\":\"https:\/\/www.cofb.org\/wp-content\/uploads\/2023\/11\/cropped-Logotip-COFB.png\",\"width\":500,\"height\":105,\"caption\":\"Col\u00b7legi de Farmac\u00e8utics de Barcelona\"},\"image\":{\"@id\":\"https:\/\/www.cofb.org\/#\/schema\/logo\/image\/\"},\"sameAs\":[\"https:\/\/www.facebook.com\/farmaceuticsbcn\/\",\"https:\/\/twitter.com\/farmaceuticsbcn\",\"https:\/\/www.instagram.com\/farmaceuticsbcn\/\",\"https:\/\/www.linkedin.com\/company\/farmaceuticsbcn\/\"]},{\"@type\":\"Person\",\"@id\":\"https:\/\/www.cofb.org\/#\/schema\/person\/22ed7eea88da74b0fa4d3154ad87ffcb\",\"name\":\"wpAdminCofbOrg\",\"image\":{\"@type\":\"ImageObject\",\"inLanguage\":\"es\",\"@id\":\"https:\/\/www.cofb.org\/#\/schema\/person\/image\/\",\"url\":\"https:\/\/secure.gravatar.com\/avatar\/1721b20b3b8ca882c3b56ec6c978c594fff670e40c0718e9190eaeeb76aae7d8?s=96&d=mm&r=g\",\"contentUrl\":\"https:\/\/secure.gravatar.com\/avatar\/1721b20b3b8ca882c3b56ec6c978c594fff670e40c0718e9190eaeeb76aae7d8?s=96&d=mm&r=g\",\"caption\":\"wpAdminCofbOrg\"},\"sameAs\":[\"http:\/\/192.168.64.122\/wordpress\"],\"url\":\"https:\/\/www.cofb.org\/es\/author\/wpadmincofborg\/\"}]}<\/script>\n<!-- \/ Yoast SEO plugin. -->","yoast_head_json":{"title":"\u2018Infarma Madrid 2020\u2019 obrir\u00e0 un espai per impulsar el desenvolupament professional a trav\u00e9s de la creativitat i el joc - Col\u00b7legi de Farmac\u00e8utics de Barcelona","robots":{"index":"index","follow":"follow","max-snippet":"max-snippet:-1","max-image-preview":"max-image-preview:large","max-video-preview":"max-video-preview:-1"},"canonical":"https:\/\/novaorg.cofb.net\/2020\/02\/26\/infarma-madrid-2020-obrira-un-espai-per-impulsar-el-desenvolupament-professional-a-traves-de-la-creativitat-i-el-joc\/","og_locale":"es_ES","og_type":"article","og_title":"\u2018Infarma Madrid 2020\u2019 obrir\u00e0 un espai per impulsar el desenvolupament professional a trav\u00e9s de la creativitat i el joc - Col\u00b7legi de Farmac\u00e8utics de Barcelona","og_description":"\u00a0 \u00a0 \u00a0 \u00a0 Madrid, 26 de febrer. Infarma Madrid 2020, el Congr\u00e9s i Sal\u00f3 de la farm\u00e0cia que organitzen els col\u00b7legis oficials de farmac\u00e8utics de Madrid i Barcelona, en col\u00b7laboraci\u00f3 amb Interalia, tornar\u00e0 a posar en marxa el seu propi laboratori d&#8217;idees per a transformar la farm\u00e0cia en un [&hellip;]","og_url":"https:\/\/novaorg.cofb.net\/2020\/02\/26\/infarma-madrid-2020-obrira-un-espai-per-impulsar-el-desenvolupament-professional-a-traves-de-la-creativitat-i-el-joc\/","og_site_name":"Col\u00b7legi de Farmac\u00e8utics de Barcelona","article_publisher":"https:\/\/www.facebook.com\/farmaceuticsbcn\/","article_published_time":"2020-02-26T17:33:00+00:00","og_image":[{"width":600,"height":450,"url":"https:\/\/novaorg.cofb.net\/wp-content\/uploads\/2020\/02\/b092aabd-15a3-4ec8-aeea-536327e5310c-oY4AtS.jpeg","type":"image\/jpeg"}],"author":"wpAdminCofbOrg","twitter_card":"summary_large_image","twitter_creator":"@farmaceuticsbcn","twitter_site":"@farmaceuticsbcn","twitter_misc":{"Escrito por":"wpAdminCofbOrg","Tiempo de lectura":"8 minutos"},"schema":{"@context":"https:\/\/schema.org","@graph":[{"@type":"Article","@id":"https:\/\/novaorg.cofb.net\/2020\/02\/26\/infarma-madrid-2020-obrira-un-espai-per-impulsar-el-desenvolupament-professional-a-traves-de-la-creativitat-i-el-joc\/#article","isPartOf":{"@id":"https:\/\/novaorg.cofb.net\/2020\/02\/26\/infarma-madrid-2020-obrira-un-espai-per-impulsar-el-desenvolupament-professional-a-traves-de-la-creativitat-i-el-joc\/"},"author":{"name":"wpAdminCofbOrg","@id":"https:\/\/www.cofb.org\/#\/schema\/person\/22ed7eea88da74b0fa4d3154ad87ffcb"},"headline":"\u2018Infarma Madrid 2020\u2019 obrir\u00e0 un espai per impulsar el desenvolupament professional a trav\u00e9s de la creativitat i el joc","datePublished":"2020-02-26T17:33:00+00:00","dateModified":"2020-02-26T17:33:00+00:00","mainEntityOfPage":{"@id":"https:\/\/novaorg.cofb.net\/2020\/02\/26\/infarma-madrid-2020-obrira-un-espai-per-impulsar-el-desenvolupament-professional-a-traves-de-la-creativitat-i-el-joc\/"},"wordCount":1687,"publisher":{"@id":"https:\/\/www.cofb.org\/#organization"},"image":{"@id":"https:\/\/novaorg.cofb.net\/2020\/02\/26\/infarma-madrid-2020-obrira-un-espai-per-impulsar-el-desenvolupament-professional-a-traves-de-la-creativitat-i-el-joc\/#primaryimage"},"thumbnailUrl":"https:\/\/www.cofb.org\/wp-content\/uploads\/2020\/02\/b092aabd-15a3-4ec8-aeea-536327e5310c-oY4AtS.jpeg","articleSection":["Notes de premsa","Sense categoria"],"inLanguage":"es"},{"@type":"WebPage","@id":"https:\/\/novaorg.cofb.net\/2020\/02\/26\/infarma-madrid-2020-obrira-un-espai-per-impulsar-el-desenvolupament-professional-a-traves-de-la-creativitat-i-el-joc\/","url":"https:\/\/novaorg.cofb.net\/2020\/02\/26\/infarma-madrid-2020-obrira-un-espai-per-impulsar-el-desenvolupament-professional-a-traves-de-la-creativitat-i-el-joc\/","name":"\u2018Infarma Madrid 2020\u2019 obrir\u00e0 un espai per impulsar el desenvolupament professional a trav\u00e9s de la creativitat i el joc - Col\u00b7legi de Farmac\u00e8utics de Barcelona","isPartOf":{"@id":"https:\/\/www.cofb.org\/#website"},"primaryImageOfPage":{"@id":"https:\/\/novaorg.cofb.net\/2020\/02\/26\/infarma-madrid-2020-obrira-un-espai-per-impulsar-el-desenvolupament-professional-a-traves-de-la-creativitat-i-el-joc\/#primaryimage"},"image":{"@id":"https:\/\/novaorg.cofb.net\/2020\/02\/26\/infarma-madrid-2020-obrira-un-espai-per-impulsar-el-desenvolupament-professional-a-traves-de-la-creativitat-i-el-joc\/#primaryimage"},"thumbnailUrl":"https:\/\/www.cofb.org\/wp-content\/uploads\/2020\/02\/b092aabd-15a3-4ec8-aeea-536327e5310c-oY4AtS.jpeg","datePublished":"2020-02-26T17:33:00+00:00","dateModified":"2020-02-26T17:33:00+00:00","breadcrumb":{"@id":"https:\/\/novaorg.cofb.net\/2020\/02\/26\/infarma-madrid-2020-obrira-un-espai-per-impulsar-el-desenvolupament-professional-a-traves-de-la-creativitat-i-el-joc\/#breadcrumb"},"inLanguage":"es","potentialAction":[{"@type":"ReadAction","target":["https:\/\/novaorg.cofb.net\/2020\/02\/26\/infarma-madrid-2020-obrira-un-espai-per-impulsar-el-desenvolupament-professional-a-traves-de-la-creativitat-i-el-joc\/"]}]},{"@type":"ImageObject","inLanguage":"es","@id":"https:\/\/novaorg.cofb.net\/2020\/02\/26\/infarma-madrid-2020-obrira-un-espai-per-impulsar-el-desenvolupament-professional-a-traves-de-la-creativitat-i-el-joc\/#primaryimage","url":"https:\/\/www.cofb.org\/wp-content\/uploads\/2020\/02\/b092aabd-15a3-4ec8-aeea-536327e5310c-oY4AtS.jpeg","contentUrl":"https:\/\/www.cofb.org\/wp-content\/uploads\/2020\/02\/b092aabd-15a3-4ec8-aeea-536327e5310c-oY4AtS.jpeg","width":600,"height":450},{"@type":"BreadcrumbList","@id":"https:\/\/novaorg.cofb.net\/2020\/02\/26\/infarma-madrid-2020-obrira-un-espai-per-impulsar-el-desenvolupament-professional-a-traves-de-la-creativitat-i-el-joc\/#breadcrumb","itemListElement":[{"@type":"ListItem","position":1,"name":"Inici","item":"https:\/\/novaorg.cofb.net\/"},{"@type":"ListItem","position":2,"name":"\u2018Infarma Madrid 2020\u2019 obrir\u00e0 un espai per impulsar el desenvolupament professional a trav\u00e9s de la creativitat i el joc"}]},{"@type":"WebSite","@id":"https:\/\/www.cofb.org\/#website","url":"https:\/\/www.cofb.org\/","name":"Col\u00b7legi de Farmac\u00e8utics de Barcelona","description":"","publisher":{"@id":"https:\/\/www.cofb.org\/#organization"},"potentialAction":[{"@type":"SearchAction","target":{"@type":"EntryPoint","urlTemplate":"https:\/\/www.cofb.org\/?s={search_term_string}"},"query-input":"required name=search_term_string"}],"inLanguage":"es"},{"@type":"Organization","@id":"https:\/\/www.cofb.org\/#organization","name":"Col\u00b7legi de Farmac\u00e8utics de Barcelona","url":"https:\/\/www.cofb.org\/","logo":{"@type":"ImageObject","inLanguage":"es","@id":"https:\/\/www.cofb.org\/#\/schema\/logo\/image\/","url":"https:\/\/www.cofb.org\/wp-content\/uploads\/2023\/11\/cropped-Logotip-COFB.png","contentUrl":"https:\/\/www.cofb.org\/wp-content\/uploads\/2023\/11\/cropped-Logotip-COFB.png","width":500,"height":105,"caption":"Col\u00b7legi de Farmac\u00e8utics de Barcelona"},"image":{"@id":"https:\/\/www.cofb.org\/#\/schema\/logo\/image\/"},"sameAs":["https:\/\/www.facebook.com\/farmaceuticsbcn\/","https:\/\/twitter.com\/farmaceuticsbcn","https:\/\/www.instagram.com\/farmaceuticsbcn\/","https:\/\/www.linkedin.com\/company\/farmaceuticsbcn\/"]},{"@type":"Person","@id":"https:\/\/www.cofb.org\/#\/schema\/person\/22ed7eea88da74b0fa4d3154ad87ffcb","name":"wpAdminCofbOrg","image":{"@type":"ImageObject","inLanguage":"es","@id":"https:\/\/www.cofb.org\/#\/schema\/person\/image\/","url":"https:\/\/secure.gravatar.com\/avatar\/1721b20b3b8ca882c3b56ec6c978c594fff670e40c0718e9190eaeeb76aae7d8?s=96&d=mm&r=g","contentUrl":"https:\/\/secure.gravatar.com\/avatar\/1721b20b3b8ca882c3b56ec6c978c594fff670e40c0718e9190eaeeb76aae7d8?s=96&d=mm&r=g","caption":"wpAdminCofbOrg"},"sameAs":["http:\/\/192.168.64.122\/wordpress"],"url":"https:\/\/www.cofb.org\/es\/author\/wpadmincofborg\/"}]}},"uagb_featured_image_src":{"full":["https:\/\/www.cofb.org\/wp-content\/uploads\/2020\/02\/b092aabd-15a3-4ec8-aeea-536327e5310c-oY4AtS.jpeg",600,450,false],"thumbnail":["https:\/\/www.cofb.org\/wp-content\/uploads\/2020\/02\/b092aabd-15a3-4ec8-aeea-536327e5310c-oY4AtS-150x150.jpeg",150,150,true],"medium":["https:\/\/www.cofb.org\/wp-content\/uploads\/2020\/02\/b092aabd-15a3-4ec8-aeea-536327e5310c-oY4AtS-300x225.jpeg",300,225,true],"medium_large":["https:\/\/www.cofb.org\/wp-content\/uploads\/2020\/02\/b092aabd-15a3-4ec8-aeea-536327e5310c-oY4AtS.jpeg",600,450,false],"large":["https:\/\/www.cofb.org\/wp-content\/uploads\/2020\/02\/b092aabd-15a3-4ec8-aeea-536327e5310c-oY4AtS.jpeg",600,450,false],"1536x1536":["https:\/\/www.cofb.org\/wp-content\/uploads\/2020\/02\/b092aabd-15a3-4ec8-aeea-536327e5310c-oY4AtS.jpeg",600,450,false],"2048x2048":["https:\/\/www.cofb.org\/wp-content\/uploads\/2020\/02\/b092aabd-15a3-4ec8-aeea-536327e5310c-oY4AtS.jpeg",600,450,false],"trp-custom-language-flag":["https:\/\/www.cofb.org\/wp-content\/uploads\/2020\/02\/b092aabd-15a3-4ec8-aeea-536327e5310c-oY4AtS-16x12.jpeg",16,12,true]},"uagb_author_info":{"display_name":"wpAdminCofbOrg","author_link":"https:\/\/www.cofb.org\/es\/author\/wpadmincofborg\/"},"uagb_comment_info":0,"uagb_excerpt":"\u00a0 \u00a0 \u00a0 \u00a0 Madrid, 26 de febrer. Infarma Madrid 2020, el Congr\u00e9s i Sal\u00f3 de la farm\u00e0cia que organitzen els col\u00b7legis oficials de farmac\u00e8utics de Madrid i Barcelona, en col\u00b7laboraci\u00f3 amb Interalia, tornar\u00e0 a posar en marxa el seu propi laboratori d&#8217;idees per a transformar la farm\u00e0cia en un [&hellip;]","_links":{"self":[{"href":"https:\/\/www.cofb.org\/es\/wp-json\/wp\/v2\/posts\/77143","targetHints":{"allow":["GET"]}}],"collection":[{"href":"https:\/\/www.cofb.org\/es\/wp-json\/wp\/v2\/posts"}],"about":[{"href":"https:\/\/www.cofb.org\/es\/wp-json\/wp\/v2\/types\/post"}],"author":[{"embeddable":true,"href":"https:\/\/www.cofb.org\/es\/wp-json\/wp\/v2\/users\/1"}],"replies":[{"embeddable":true,"href":"https:\/\/www.cofb.org\/es\/wp-json\/wp\/v2\/comments?post=77143"}],"version-history":[{"count":0,"href":"https:\/\/www.cofb.org\/es\/wp-json\/wp\/v2\/posts\/77143\/revisions"}],"wp:featuredmedia":[{"embeddable":true,"href":"https:\/\/www.cofb.org\/es\/wp-json\/wp\/v2\/media\/77144"}],"wp:attachment":[{"href":"https:\/\/www.cofb.org\/es\/wp-json\/wp\/v2\/media?parent=77143"}],"wp:term":[{"taxonomy":"category","embeddable":true,"href":"https:\/\/www.cofb.org\/es\/wp-json\/wp\/v2\/categories?post=77143"},{"taxonomy":"post_tag","embeddable":true,"href":"https:\/\/www.cofb.org\/es\/wp-json\/wp\/v2\/tags?post=77143"}],"curies":[{"name":"wp","href":"https:\/\/api.w.org\/{rel}","templated":true}]}}