{"id":77142,"date":"2020-02-27T09:36:00","date_gmt":"2020-02-27T09:36:00","guid":{"rendered":"https:\/\/novaorg.cofb.net\/2020\/02\/27\/infarma-madrid-2020-desmenteix-la-seva-cancellacio\/"},"modified":"2020-02-27T09:36:00","modified_gmt":"2020-02-27T09:36:00","slug":"infarma-madrid-2020-desmenteix-la-seva-cancellacio","status":"publish","type":"post","link":"https:\/\/www.cofb.org\/es\/2020\/02\/27\/infarma-madrid-2020-desmenteix-la-seva-cancellacio\/","title":{"rendered":"\u201cInfarma Madrid 2020\u201d desmiente su cancelaci\u00f3n"},"content":{"rendered":"<p>\u00a0<\/p>\n<p><em>Barcelona, 26 de febrero de 2020 <\/em>A menos de dos semanas para que comience Infarma Madrid 2020, el Congreso y Sal\u00f3n Farmac\u00e9utico que organizan los colegios oficiales de Madrid y Barcelona, en colaboraci\u00f3n con Interalia, entre el 10 y el 12 de marzo, ha sufrido un ataque que los organizadores de la feria quieren desmentir y as\u00ed tranquilizar a las empresas participantes ya los congresistas y visitantes inscritos. En la ma\u00f1ana de hoy, un whatsapp con un fotomontaje, simulando ser una noticia de una web del sector, recorre los tel\u00e9fonos de la profesi\u00f3n farmac\u00e9utica con la noticia de la cancelaci\u00f3n de Infarma Madrid 2020<\/p>\n<p>Como se puede comprobar, se trata de una imagen manipulada de la noticia original titulada &quot;La epidemia de coronavirus cancela el Mobile World Congr\u00e9s de Barcelona&quot;, en el que se notan los recortes en la parte inferior de la imagen, pero que, pese a la imprecisi\u00f3n del fotomontaje, la pretensi\u00f3n es da\u00f1ar la celebraci\u00f3n de Infarma. El fotomontaje est\u00e1 realizado desde un ordenador port\u00e1til, con un programa Paint, que la polic\u00eda ya est\u00e1 investigando su origen tras la denuncia de los organizadores.<\/p>\n<p>Con todo ello, COFM, COFB e Interalia quieren transmitir su malestar por el ataque, desmentir la falsedad del mensaje e insistir en que cualquier tipo de noticia referente a Infarma Madrid 2020 seguir\u00e1 llegando a los medios de comunicaci\u00f3n ya la profesi\u00f3n farmac\u00e9utica (empresas, laboratorios, congresistas y visitantes de la Fira) por los canales oficiales habituales, v\u00eda email.<\/p>\n<p>Por su parte, puestos los hechos en conocimiento del medio afectado, \u00e9ste ha comunicado al Colegio Oficial de Farmac\u00e9uticos de Madrid que se reserva &quot;las acciones que estime oportunas emprender&quot; contra los autores de este ataque.<\/p>\n<p>\u00a0Barcelona, 26 de febrero de 2020. A menos de dos semanas para que comience Infarma Madrid 2020, el Congreso y Sal\u00f3n Farmac\u00e9utico que organizan los colegios oficiales de Madrid y Barcelona, en colaboraci\u00f3n con Interalia, entre el 10 y el 12 de marzo, ha sufrido un ataque que los organizadores de la feria quieren desmentir y as\u00ed tranquilizar a las empresas participantes ya los congresistas y visitantes inscritos. En la ma\u00f1ana de hoy, un whatsapp con un fotomontaje, simulando ser una noticia de una web del sector, recorre los tel\u00e9fonos de la profesi\u00f3n farmac\u00e9utica con la noticia de la cancelaci\u00f3n de Infarma Madrid 2020<\/p>\n<p>Como se puede comprobar, se trata de una imagen manipulada de la noticia original titulada &quot;La epidemia de coronavirus cancela el Mobile World Congr\u00e9s de Barcelona&quot;, en el que se notan los recortes en la parte inferior de la imagen, pero que, pese a la imprecisi\u00f3n del fotomontaje, la pretensi\u00f3n es da\u00f1ar la celebraci\u00f3n de Infarma. El fotomontaje est\u00e1 realizado desde un ordenador port\u00e1til, con un programa Paint, que la polic\u00eda ya est\u00e1 investigando su origen tras la denuncia de los organizadores.<\/p>\n<p>Con todo ello, COFM, COFB e Interalia quieren transmitir su malestar por el ataque, desmentir la falsedad del mensaje e insistir en que cualquier tipo de noticia referente a Infarma Madrid 2020 seguir\u00e1 llegando a los medios de comunicaci\u00f3n ya la profesi\u00f3n farmac\u00e9utica (empresas, laboratorios, congresistas y visitantes de la Fira) por los canales oficiales habituales, v\u00eda email.<\/p>\n<p>Por su parte, puestos los hechos en conocimiento del medio afectado, \u00e9ste ha comunicado al Colegio Oficial de Farmac\u00e9uticos de Madrid que se reserva &quot;las acciones que estime oportunas emprender&quot; contra los autores de este ataque.  COFB.ORG<\/p>","protected":false},"excerpt":{"rendered":"<p>\u00a0 Barcelona, 26 de febrero de 2020. A menos de dos semanas para que comience Infarma Madrid 2020, el Congreso y Sal\u00f3n Farmac\u00e9utico que organizan los colegios oficiales de Madrid y Barcelona, en colaboraci\u00f3n con Interalia, entre el 10 y el 12 de marzo, ha sufrido un ataque que los organizadores de [\u2026]<\/p>","protected":false},"author":1,"featured_media":0,"comment_status":"","ping_status":"","sticky":false,"template":"","format":"standard","meta":{"_uag_custom_page_level_css":"","site-sidebar-layout":"default","site-content-layout":"","ast-site-content-layout":"default","site-content-style":"default","site-sidebar-style":"default","ast-global-header-display":"","ast-banner-title-visibility":"","ast-main-header-display":"","ast-hfb-above-header-display":"","ast-hfb-below-header-display":"","ast-hfb-mobile-header-display":"","site-post-title":"","ast-breadcrumbs-content":"","ast-featured-img":"disabled","footer-sml-layout":"","theme-transparent-header-meta":"","adv-header-id-meta":"","stick-header-meta":"","header-above-stick-meta":"","header-main-stick-meta":"","header-below-stick-meta":"","astra-migrate-meta-layouts":"default","ast-page-background-enabled":"default","ast-page-background-meta":{"desktop":{"background-color":"var(--ast-global-color-4)","background-image":"","background-repeat":"repeat","background-position":"center center","background-size":"auto","background-attachment":"scroll","background-type":"","background-media":"","overlay-type":"","overlay-color":"","overlay-opacity":"","overlay-gradient":""},"tablet":{"background-color":"","background-image":"","background-repeat":"repeat","background-position":"center center","background-size":"auto","background-attachment":"scroll","background-type":"","background-media":"","overlay-type":"","overlay-color":"","overlay-opacity":"","overlay-gradient":""},"mobile":{"background-color":"","background-image":"","background-repeat":"repeat","background-position":"center center","background-size":"auto","background-attachment":"scroll","background-type":"","background-media":"","overlay-type":"","overlay-color":"","overlay-opacity":"","overlay-gradient":""}},"ast-content-background-meta":{"desktop":{"background-color":"var(--ast-global-color-5)","background-image":"","background-repeat":"repeat","background-position":"center center","background-size":"auto","background-attachment":"scroll","background-type":"","background-media":"","overlay-type":"","overlay-color":"","overlay-opacity":"","overlay-gradient":""},"tablet":{"background-color":"var(--ast-global-color-5)","background-image":"","background-repeat":"repeat","background-position":"center center","background-size":"auto","background-attachment":"scroll","background-type":"","background-media":"","overlay-type":"","overlay-color":"","overlay-opacity":"","overlay-gradient":""},"mobile":{"background-color":"var(--ast-global-color-5)","background-image":"","background-repeat":"repeat","background-position":"center center","background-size":"auto","background-attachment":"scroll","background-type":"","background-media":"","overlay-type":"","overlay-color":"","overlay-opacity":"","overlay-gradient":""}},"footnotes":""},"categories":[1060,1066],"tags":[],"class_list":["post-77142","post","type-post","status-publish","format-standard","hentry","category-notes-premsa","category-sense-categoria-ca"],"yoast_head":"<!-- This site is optimized with the Yoast SEO plugin v22.4 - https:\/\/yoast.com\/wordpress\/plugins\/seo\/ -->\n<title>&quot;Infarma Madrid 2020&quot; desmenteix la seva cancel\u00b7laci\u00f3 - Col\u00b7legi de Farmac\u00e8utics de Barcelona<\/title>\n<meta name=\"robots\" content=\"index, follow, max-snippet:-1, max-image-preview:large, max-video-preview:-1\" \/>\n<link rel=\"canonical\" href=\"https:\/\/novaorg.cofb.net\/2020\/02\/27\/infarma-madrid-2020-desmenteix-la-seva-cancellacio\/\" \/>\n<meta property=\"og:locale\" content=\"es_ES\" \/>\n<meta property=\"og:type\" content=\"article\" \/>\n<meta property=\"og:title\" content=\"&quot;Infarma Madrid 2020&quot; desmenteix la seva cancel\u00b7laci\u00f3 - Col\u00b7legi de Farmac\u00e8utics de Barcelona\" \/>\n<meta property=\"og:description\" content=\"\u00a0 Barcelona, 26\u00a0de febrer de 2020. Quan falten menys de dues setmanes perqu\u00e8\u00a0comenci Infarma Madrid 2020, el Congr\u00e9s i Sal\u00f3 Farmac\u00e8utic que organitzen els col\u00b7legis oficials de Madrid i Barcelona, en col\u00b7laboraci\u00f3 amb Interalia, entre el 10 i el 12 de mar\u00e7, ha patit un atac que els organitzadors de [&hellip;]\" \/>\n<meta property=\"og:url\" content=\"https:\/\/novaorg.cofb.net\/2020\/02\/27\/infarma-madrid-2020-desmenteix-la-seva-cancellacio\/\" \/>\n<meta property=\"og:site_name\" content=\"Col\u00b7legi de Farmac\u00e8utics de Barcelona\" \/>\n<meta property=\"article:publisher\" content=\"https:\/\/www.facebook.com\/farmaceuticsbcn\/\" \/>\n<meta property=\"article:published_time\" content=\"2020-02-27T09:36:00+00:00\" \/>\n<meta name=\"author\" content=\"wpAdminCofbOrg\" \/>\n<meta name=\"twitter:card\" content=\"summary_large_image\" \/>\n<meta name=\"twitter:creator\" content=\"@farmaceuticsbcn\" \/>\n<meta name=\"twitter:site\" content=\"@farmaceuticsbcn\" \/>\n<meta name=\"twitter:label1\" content=\"Escrito por\" \/>\n\t<meta name=\"twitter:data1\" content=\"wpAdminCofbOrg\" \/>\n\t<meta name=\"twitter:label2\" content=\"Tiempo de lectura\" \/>\n\t<meta name=\"twitter:data2\" content=\"3 minutos\" \/>\n<script type=\"application\/ld+json\" class=\"yoast-schema-graph\">{\"@context\":\"https:\/\/schema.org\",\"@graph\":[{\"@type\":\"Article\",\"@id\":\"https:\/\/novaorg.cofb.net\/2020\/02\/27\/infarma-madrid-2020-desmenteix-la-seva-cancellacio\/#article\",\"isPartOf\":{\"@id\":\"https:\/\/novaorg.cofb.net\/2020\/02\/27\/infarma-madrid-2020-desmenteix-la-seva-cancellacio\/\"},\"author\":{\"name\":\"wpAdminCofbOrg\",\"@id\":\"https:\/\/www.cofb.org\/#\/schema\/person\/22ed7eea88da74b0fa4d3154ad87ffcb\"},\"headline\":\"&#8220;Infarma Madrid 2020&#8221; desmenteix la seva cancel\u00b7laci\u00f3\",\"datePublished\":\"2020-02-27T09:36:00+00:00\",\"dateModified\":\"2020-02-27T09:36:00+00:00\",\"mainEntityOfPage\":{\"@id\":\"https:\/\/novaorg.cofb.net\/2020\/02\/27\/infarma-madrid-2020-desmenteix-la-seva-cancellacio\/\"},\"wordCount\":599,\"publisher\":{\"@id\":\"https:\/\/www.cofb.org\/#organization\"},\"articleSection\":[\"Notes de premsa\",\"Sense categoria\"],\"inLanguage\":\"es\"},{\"@type\":\"WebPage\",\"@id\":\"https:\/\/novaorg.cofb.net\/2020\/02\/27\/infarma-madrid-2020-desmenteix-la-seva-cancellacio\/\",\"url\":\"https:\/\/novaorg.cofb.net\/2020\/02\/27\/infarma-madrid-2020-desmenteix-la-seva-cancellacio\/\",\"name\":\"\\\"Infarma Madrid 2020\\\" desmenteix la seva cancel\u00b7laci\u00f3 - Col\u00b7legi de Farmac\u00e8utics de Barcelona\",\"isPartOf\":{\"@id\":\"https:\/\/www.cofb.org\/#website\"},\"datePublished\":\"2020-02-27T09:36:00+00:00\",\"dateModified\":\"2020-02-27T09:36:00+00:00\",\"breadcrumb\":{\"@id\":\"https:\/\/novaorg.cofb.net\/2020\/02\/27\/infarma-madrid-2020-desmenteix-la-seva-cancellacio\/#breadcrumb\"},\"inLanguage\":\"es\",\"potentialAction\":[{\"@type\":\"ReadAction\",\"target\":[\"https:\/\/novaorg.cofb.net\/2020\/02\/27\/infarma-madrid-2020-desmenteix-la-seva-cancellacio\/\"]}]},{\"@type\":\"BreadcrumbList\",\"@id\":\"https:\/\/novaorg.cofb.net\/2020\/02\/27\/infarma-madrid-2020-desmenteix-la-seva-cancellacio\/#breadcrumb\",\"itemListElement\":[{\"@type\":\"ListItem\",\"position\":1,\"name\":\"Inici\",\"item\":\"https:\/\/novaorg.cofb.net\/\"},{\"@type\":\"ListItem\",\"position\":2,\"name\":\"&#8220;Infarma Madrid 2020&#8221; desmenteix la seva cancel\u00b7laci\u00f3\"}]},{\"@type\":\"WebSite\",\"@id\":\"https:\/\/www.cofb.org\/#website\",\"url\":\"https:\/\/www.cofb.org\/\",\"name\":\"Col\u00b7legi de Farmac\u00e8utics de Barcelona\",\"description\":\"\",\"publisher\":{\"@id\":\"https:\/\/www.cofb.org\/#organization\"},\"potentialAction\":[{\"@type\":\"SearchAction\",\"target\":{\"@type\":\"EntryPoint\",\"urlTemplate\":\"https:\/\/www.cofb.org\/?s={search_term_string}\"},\"query-input\":\"required name=search_term_string\"}],\"inLanguage\":\"es\"},{\"@type\":\"Organization\",\"@id\":\"https:\/\/www.cofb.org\/#organization\",\"name\":\"Col\u00b7legi de Farmac\u00e8utics de Barcelona\",\"url\":\"https:\/\/www.cofb.org\/\",\"logo\":{\"@type\":\"ImageObject\",\"inLanguage\":\"es\",\"@id\":\"https:\/\/www.cofb.org\/#\/schema\/logo\/image\/\",\"url\":\"https:\/\/www.cofb.org\/wp-content\/uploads\/2023\/11\/cropped-Logotip-COFB.png\",\"contentUrl\":\"https:\/\/www.cofb.org\/wp-content\/uploads\/2023\/11\/cropped-Logotip-COFB.png\",\"width\":500,\"height\":105,\"caption\":\"Col\u00b7legi de Farmac\u00e8utics de Barcelona\"},\"image\":{\"@id\":\"https:\/\/www.cofb.org\/#\/schema\/logo\/image\/\"},\"sameAs\":[\"https:\/\/www.facebook.com\/farmaceuticsbcn\/\",\"https:\/\/twitter.com\/farmaceuticsbcn\",\"https:\/\/www.instagram.com\/farmaceuticsbcn\/\",\"https:\/\/www.linkedin.com\/company\/farmaceuticsbcn\/\"]},{\"@type\":\"Person\",\"@id\":\"https:\/\/www.cofb.org\/#\/schema\/person\/22ed7eea88da74b0fa4d3154ad87ffcb\",\"name\":\"wpAdminCofbOrg\",\"image\":{\"@type\":\"ImageObject\",\"inLanguage\":\"es\",\"@id\":\"https:\/\/www.cofb.org\/#\/schema\/person\/image\/\",\"url\":\"https:\/\/secure.gravatar.com\/avatar\/1721b20b3b8ca882c3b56ec6c978c594fff670e40c0718e9190eaeeb76aae7d8?s=96&d=mm&r=g\",\"contentUrl\":\"https:\/\/secure.gravatar.com\/avatar\/1721b20b3b8ca882c3b56ec6c978c594fff670e40c0718e9190eaeeb76aae7d8?s=96&d=mm&r=g\",\"caption\":\"wpAdminCofbOrg\"},\"sameAs\":[\"http:\/\/192.168.64.122\/wordpress\"],\"url\":\"https:\/\/www.cofb.org\/es\/author\/wpadmincofborg\/\"}]}<\/script>\n<!-- \/ Yoast SEO plugin. -->","yoast_head_json":{"title":"\"Infarma Madrid 2020\" desmenteix la seva cancel\u00b7laci\u00f3 - Col\u00b7legi de Farmac\u00e8utics de Barcelona","robots":{"index":"index","follow":"follow","max-snippet":"max-snippet:-1","max-image-preview":"max-image-preview:large","max-video-preview":"max-video-preview:-1"},"canonical":"https:\/\/novaorg.cofb.net\/2020\/02\/27\/infarma-madrid-2020-desmenteix-la-seva-cancellacio\/","og_locale":"es_ES","og_type":"article","og_title":"\"Infarma Madrid 2020\" desmenteix la seva cancel\u00b7laci\u00f3 - Col\u00b7legi de Farmac\u00e8utics de Barcelona","og_description":"\u00a0 Barcelona, 26\u00a0de febrer de 2020. Quan falten menys de dues setmanes perqu\u00e8\u00a0comenci Infarma Madrid 2020, el Congr\u00e9s i Sal\u00f3 Farmac\u00e8utic que organitzen els col\u00b7legis oficials de Madrid i Barcelona, en col\u00b7laboraci\u00f3 amb Interalia, entre el 10 i el 12 de mar\u00e7, ha patit un atac que els organitzadors de [&hellip;]","og_url":"https:\/\/novaorg.cofb.net\/2020\/02\/27\/infarma-madrid-2020-desmenteix-la-seva-cancellacio\/","og_site_name":"Col\u00b7legi de Farmac\u00e8utics de Barcelona","article_publisher":"https:\/\/www.facebook.com\/farmaceuticsbcn\/","article_published_time":"2020-02-27T09:36:00+00:00","author":"wpAdminCofbOrg","twitter_card":"summary_large_image","twitter_creator":"@farmaceuticsbcn","twitter_site":"@farmaceuticsbcn","twitter_misc":{"Escrito por":"wpAdminCofbOrg","Tiempo de lectura":"3 minutos"},"schema":{"@context":"https:\/\/schema.org","@graph":[{"@type":"Article","@id":"https:\/\/novaorg.cofb.net\/2020\/02\/27\/infarma-madrid-2020-desmenteix-la-seva-cancellacio\/#article","isPartOf":{"@id":"https:\/\/novaorg.cofb.net\/2020\/02\/27\/infarma-madrid-2020-desmenteix-la-seva-cancellacio\/"},"author":{"name":"wpAdminCofbOrg","@id":"https:\/\/www.cofb.org\/#\/schema\/person\/22ed7eea88da74b0fa4d3154ad87ffcb"},"headline":"&#8220;Infarma Madrid 2020&#8221; desmenteix la seva cancel\u00b7laci\u00f3","datePublished":"2020-02-27T09:36:00+00:00","dateModified":"2020-02-27T09:36:00+00:00","mainEntityOfPage":{"@id":"https:\/\/novaorg.cofb.net\/2020\/02\/27\/infarma-madrid-2020-desmenteix-la-seva-cancellacio\/"},"wordCount":599,"publisher":{"@id":"https:\/\/www.cofb.org\/#organization"},"articleSection":["Notes de premsa","Sense categoria"],"inLanguage":"es"},{"@type":"WebPage","@id":"https:\/\/novaorg.cofb.net\/2020\/02\/27\/infarma-madrid-2020-desmenteix-la-seva-cancellacio\/","url":"https:\/\/novaorg.cofb.net\/2020\/02\/27\/infarma-madrid-2020-desmenteix-la-seva-cancellacio\/","name":"\"Infarma Madrid 2020\" desmenteix la seva cancel\u00b7laci\u00f3 - Col\u00b7legi de Farmac\u00e8utics de Barcelona","isPartOf":{"@id":"https:\/\/www.cofb.org\/#website"},"datePublished":"2020-02-27T09:36:00+00:00","dateModified":"2020-02-27T09:36:00+00:00","breadcrumb":{"@id":"https:\/\/novaorg.cofb.net\/2020\/02\/27\/infarma-madrid-2020-desmenteix-la-seva-cancellacio\/#breadcrumb"},"inLanguage":"es","potentialAction":[{"@type":"ReadAction","target":["https:\/\/novaorg.cofb.net\/2020\/02\/27\/infarma-madrid-2020-desmenteix-la-seva-cancellacio\/"]}]},{"@type":"BreadcrumbList","@id":"https:\/\/novaorg.cofb.net\/2020\/02\/27\/infarma-madrid-2020-desmenteix-la-seva-cancellacio\/#breadcrumb","itemListElement":[{"@type":"ListItem","position":1,"name":"Inici","item":"https:\/\/novaorg.cofb.net\/"},{"@type":"ListItem","position":2,"name":"&#8220;Infarma Madrid 2020&#8221; desmenteix la seva cancel\u00b7laci\u00f3"}]},{"@type":"WebSite","@id":"https:\/\/www.cofb.org\/#website","url":"https:\/\/www.cofb.org\/","name":"Col\u00b7legi de Farmac\u00e8utics de Barcelona","description":"","publisher":{"@id":"https:\/\/www.cofb.org\/#organization"},"potentialAction":[{"@type":"SearchAction","target":{"@type":"EntryPoint","urlTemplate":"https:\/\/www.cofb.org\/?s={search_term_string}"},"query-input":"required name=search_term_string"}],"inLanguage":"es"},{"@type":"Organization","@id":"https:\/\/www.cofb.org\/#organization","name":"Col\u00b7legi de Farmac\u00e8utics de Barcelona","url":"https:\/\/www.cofb.org\/","logo":{"@type":"ImageObject","inLanguage":"es","@id":"https:\/\/www.cofb.org\/#\/schema\/logo\/image\/","url":"https:\/\/www.cofb.org\/wp-content\/uploads\/2023\/11\/cropped-Logotip-COFB.png","contentUrl":"https:\/\/www.cofb.org\/wp-content\/uploads\/2023\/11\/cropped-Logotip-COFB.png","width":500,"height":105,"caption":"Col\u00b7legi de Farmac\u00e8utics de Barcelona"},"image":{"@id":"https:\/\/www.cofb.org\/#\/schema\/logo\/image\/"},"sameAs":["https:\/\/www.facebook.com\/farmaceuticsbcn\/","https:\/\/twitter.com\/farmaceuticsbcn","https:\/\/www.instagram.com\/farmaceuticsbcn\/","https:\/\/www.linkedin.com\/company\/farmaceuticsbcn\/"]},{"@type":"Person","@id":"https:\/\/www.cofb.org\/#\/schema\/person\/22ed7eea88da74b0fa4d3154ad87ffcb","name":"wpAdminCofbOrg","image":{"@type":"ImageObject","inLanguage":"es","@id":"https:\/\/www.cofb.org\/#\/schema\/person\/image\/","url":"https:\/\/secure.gravatar.com\/avatar\/1721b20b3b8ca882c3b56ec6c978c594fff670e40c0718e9190eaeeb76aae7d8?s=96&d=mm&r=g","contentUrl":"https:\/\/secure.gravatar.com\/avatar\/1721b20b3b8ca882c3b56ec6c978c594fff670e40c0718e9190eaeeb76aae7d8?s=96&d=mm&r=g","caption":"wpAdminCofbOrg"},"sameAs":["http:\/\/192.168.64.122\/wordpress"],"url":"https:\/\/www.cofb.org\/es\/author\/wpadmincofborg\/"}]}},"uagb_featured_image_src":{"full":false,"thumbnail":false,"medium":false,"medium_large":false,"large":false,"1536x1536":false,"2048x2048":false,"trp-custom-language-flag":false},"uagb_author_info":{"display_name":"wpAdminCofbOrg","author_link":"https:\/\/www.cofb.org\/es\/author\/wpadmincofborg\/"},"uagb_comment_info":0,"uagb_excerpt":"\u00a0 Barcelona, 26\u00a0de febrer de 2020. Quan falten menys de dues setmanes perqu\u00e8\u00a0comenci Infarma Madrid 2020, el Congr\u00e9s i Sal\u00f3 Farmac\u00e8utic que organitzen els col\u00b7legis oficials de Madrid i Barcelona, en col\u00b7laboraci\u00f3 amb Interalia, entre el 10 i el 12 de mar\u00e7, ha patit un atac que els organitzadors de [&hellip;]","_links":{"self":[{"href":"https:\/\/www.cofb.org\/es\/wp-json\/wp\/v2\/posts\/77142","targetHints":{"allow":["GET"]}}],"collection":[{"href":"https:\/\/www.cofb.org\/es\/wp-json\/wp\/v2\/posts"}],"about":[{"href":"https:\/\/www.cofb.org\/es\/wp-json\/wp\/v2\/types\/post"}],"author":[{"embeddable":true,"href":"https:\/\/www.cofb.org\/es\/wp-json\/wp\/v2\/users\/1"}],"replies":[{"embeddable":true,"href":"https:\/\/www.cofb.org\/es\/wp-json\/wp\/v2\/comments?post=77142"}],"version-history":[{"count":0,"href":"https:\/\/www.cofb.org\/es\/wp-json\/wp\/v2\/posts\/77142\/revisions"}],"wp:attachment":[{"href":"https:\/\/www.cofb.org\/es\/wp-json\/wp\/v2\/media?parent=77142"}],"wp:term":[{"taxonomy":"category","embeddable":true,"href":"https:\/\/www.cofb.org\/es\/wp-json\/wp\/v2\/categories?post=77142"},{"taxonomy":"post_tag","embeddable":true,"href":"https:\/\/www.cofb.org\/es\/wp-json\/wp\/v2\/tags?post=77142"}],"curies":[{"name":"wp","href":"https:\/\/api.w.org\/{rel}","templated":true}]}}