{"id":77124,"date":"2020-06-12T12:46:00","date_gmt":"2020-06-12T12:46:00","guid":{"rendered":"https:\/\/novaorg.cofb.net\/2020\/06\/12\/lactuacio-i-projeccio-de-la-farmacia-lestat-de-les-investigacions-i-les-proves-diagnostic-i-les-consequencies-economiques-per-al-sector-eixos-principals-dinfarma-jornades-digitals-covid\/"},"modified":"2020-06-12T12:46:00","modified_gmt":"2020-06-12T12:46:00","slug":"lactuacio-i-projeccio-de-la-farmacia-lestat-de-les-investigacions-i-les-proves-diagnostic-i-les-consequencies-economiques-per-al-sector-eixos-principals-dinfarma-jornades-digitals-covid","status":"publish","type":"post","link":"https:\/\/www.cofb.org\/es\/2020\/06\/12\/lactuacio-i-projeccio-de-la-farmacia-lestat-de-les-investigacions-i-les-proves-diagnostic-i-les-consequencies-economiques-per-al-sector-eixos-principals-dinfarma-jornades-digitals-covid\/","title":{"rendered":"La actuaci\u00f3n y proyecci\u00f3n de la farmacia, el estado de las investigaciones y las pruebas diagn\u00f3stico, y las consecuencias econ\u00f3micas para el sector, ejes principales de Infarma Jornadas Digitales COVID-19"},"content":{"rendered":"<p>\u00a0<\/p>\n<ul>\n<li>El programa completo de estas jornadas gratuitas est\u00e1 compuesto por seis ponencias, que tendr\u00e1n lugar los pr\u00f3ximos 17, 18 y 19 de junio<\/li>\n<\/ul>\n<div>\u00a0<\/div>\n<ul>\n<li>A lo largo de los tres d\u00edas, ponentes de reconocida trayectoria abordar\u00e1n diferentes tem\u00e1ticas en torno a la COVID-19, agrupadas en tres ejes principales: l\u00ednea de actuaci\u00f3n y proyecci\u00f3n de la farmacia, l\u00ednea cient\u00edfica-sanitaria y l\u00ednea gesti\u00f3n-econ\u00f3mica<\/li>\n<\/ul>\n<div>\u00a0<\/div>\n<ul>\n<li>M\u00e1s all\u00e1 de la investigaci\u00f3n cient\u00edfica, se abordar\u00e1 c\u00f3mo se han adaptado las oficinas de farmacia a la pandemia o c\u00f3mo ser\u00e1n los h\u00e1bitos de compra de los consumidores en la \u201cnueva normalidad\u201d<\/li>\n<\/ul>\n<p>\u00a0<\/p>\n<p><em>Barcelona\/Madrid, 12 de junio de 2020.<\/em> <strong>Queda menos de una semana para que comience Infarma Jornadas Digitales COVID-19<\/strong>, organizadas por los Colegios de Farmac\u00e9uticos de Barcelona y Madrid, con la colaboraci\u00f3n de Interalia. En la web de Infarma ya est\u00e1 <strong>disponible el <a href=\"https:\/\/www.infarma.es\/programa-jornadas-digitales-covid-19\/\">programa<\/a> de estas jornadas gratuitas<\/strong>, compuesto por <strong>seis ponencias<\/strong> que tendr\u00e1n lugar los pr\u00f3ximos <strong>17, 18 y 19 de junio<\/strong>.<\/p>\n<p><strong><u>\u00bfQu\u00e9 temas se abordar\u00e1n durante las conferencias?<\/u><\/strong><\/p>\n<p>A lo largo de los tres d\u00edas, <strong>ponentes de reconocida trayectoria abordar\u00e1n diferentes tem\u00e1ticas en torno a la COVID-19<\/strong>, agrupadas en <strong>tres ejes principales<\/strong>: <strong>l\u00ednea de actuaci\u00f3n y proyecci\u00f3n de la farmacia, l\u00ednea cient\u00edfica-sanitaria y l\u00ednea gesti\u00f3n-econ\u00f3mica<\/strong>.<\/p>\n<p><strong><span>Mi\u00e9rcoles, 17 de junio: evoluci\u00f3n de la profesi\u00f3n durante la crisis y efectos secundarios en los tratamientos<\/span><\/strong><\/p>\n<p>La <strong>l\u00ednea de actuaci\u00f3n y proyecci\u00f3n de la farmacia<\/strong> contar\u00e1, en primer lugar, con la ponencia <strong>\u201cEvoluci\u00f3n de la profesi\u00f3n durante la crisis. C\u00f3mo se ha adaptado la oficina de farmacia\u201d<\/strong>, a cargo de Vicente J. Baixaul\u00ed, vicepresidente de SEFAC, y moderada por \u00d3scar L\u00f3pez, vocal de Oficina de Farmacia del COFM. Baixaul\u00ed se centrar\u00e1 en <strong>describir la crisis sanitaria<\/strong> provocada por la COVID-19 en las oficinas de farmacia desde su inicio hasta la fase de desescalada. Este relato estar\u00e1 ilustrado con <strong>im\u00e1genes e iniciativas que demuestran c\u00f3mo la oficina de farmacia y los farmac\u00e9uticos se han adaptado y han desempe\u00f1ado un papel fundamental<\/strong>.<\/p>\n<p>En segundo lugar, se impartir\u00e1 la sesi\u00f3n <strong>\u201cEl paciente postc\u00f3vido: \u00bfqu\u00e9 efectos secundarios en los tratamientos empiezan a conocerse?\u201d,<\/strong> a cargo de Manel Rabanal, jefe de la Secci\u00f3n de la Vigilancia y la Publicidad de los Medicamentos del Departamento de Salud, moderada por Aina Surroca, vocal del COFB. El dr. Rabanal dar\u00e1 a conocer durante su ponencia <strong>los datos recogidos por parte del Sistema Espa\u00f1ol de Farmacovigilancia de Medicamentos de Uso Humano (SEFV-MUH)<\/strong>, que ha realizado un seguimiento de los casos de sospechas de reacciones adversas notificados con medicamentos utilizados como tratamiento de la infecci\u00f3n por COVID-19.<\/p>\n<p><strong><span>Jueves, 18 de junio: investigaci\u00f3n contra el SARS-CoV-2 y la situaci\u00f3n actual de las pruebas de diagn\u00f3stico<\/span><\/strong><\/p>\n<p>Dentro de la l\u00ednea cient\u00edfica-sanitaria, se impartir\u00e1n las conferencias <strong>&quot;Investigaci\u00f3n contra el SARS-CoV-2: la estrategia test&amp;treat&quot;<\/strong>, a cargo del dr. Bonaventura Clotet, jefe del Servicio de Enfermedades Infecciosas del Hospital Germans Trias i Pujol de Badalona, y <strong>&quot;Situaci\u00f3n actual de las pruebas de diagn\u00f3stico&quot;<\/strong>, de la mano del dr. Jordi Vila, jefe del Servicio de Microbiolog\u00eda del Centro de Diagn\u00f3stico Biom\u00e9dico del Hospital Cl\u00ednic de Barcelona. Cristina Roure, vocal de Hospitales del Colegio de Farmac\u00e9uticos de Barcelona, y Llu\u00efsa Juan, vocal de An\u00e1lisis de este mismo Colegio, moderan, respectivamente, los webinares interactivos de este blog.<\/p>\n<p>Por un lado, el dr. Clotet expondr\u00e1 una de las claves en la investigaci\u00f3n contra el SARS-CoV-2, la estrategia \u201ctest&amp;treat\u201d, que consiste en <strong>diagnosticar la infecci\u00f3n en etapas muy iniciales<\/strong> y proporcionar un tratamiento efectivo a aquellas personas que den positivo, de modo que la progresi\u00f3n de la infecci\u00f3n se frene antes de conseguir la sintomatolog\u00eda m\u00e1s grave.<\/p>\n<p>Por otra parte, el dr. Villa revisar\u00e1 <strong>las herramientas disponibles actualmente<\/strong> para hacer un <strong>diagn\u00f3stico microbiol\u00f3gico de la COVID-19<\/strong>, analizando la evoluci\u00f3n de la tecnolog\u00eda a lo largo de la epidemia, as\u00ed como la interpretaci\u00f3n de las diferentes pruebas diagn\u00f3sticas.<\/p>\n<p><strong><span>Viernes, 19 de junio: la gesti\u00f3n econ\u00f3mica post-pandemia y las estrategias ganadoras en estos tiempos de cambio<\/span><\/strong><\/p>\n<p>Por \u00faltimo, en la l\u00ednea gesti\u00f3n-econ\u00f3mica, se impartir\u00e1 la ponencia <strong>\u201cGesti\u00f3n econ\u00f3mica post-pandemia y consecuencias en la oficina de farmacia. \u00bfPodemos avanzarnos a la situaci\u00f3n? \u00bfQu\u00e9 medidas legislativas podemos esperar?\u201d<\/strong>, a cargo de Jose L. Fern\u00e1ndez y Miguel Mart\u00ednez, de IQVIA. Luis Panadero, vicepresidente 3\u00ba del Colegio de Farmac\u00e9uticos de Madrid ser\u00e1 el encargado de moderar esta conferencia en la que los ponentes hablar\u00e1n del impacto, <strong>retos<\/strong> y las <strong>oportunidades<\/strong> que la crisis sanitaria provocada por la COVID-19 genera en las oficinas de farmacia desde un punto de vista econ\u00f3mico, y <strong>compartir\u00e1n algunas tendencias que han surgido en los \u00faltimos meses<\/strong> y que creen que se mantendr\u00e1n en el futuro.<\/p>\n<p>Otra de las conferencias ser\u00e1 <strong>\u201cFoco en el cliente y la gesti\u00f3n del punto de venta. Estrategias ganadoras en estos tiempos de cambio\u201d<\/strong>, de la mano de Jos\u00e9 Antonio Andreu, socio-director de Shoppertec. Moderada por Rosal\u00eda Gozalo, vocal de Dermofarmacia y Productos Sanitarios del COFM, el director de Shoppertec expondr\u00e1 c\u00f3mo est\u00e1n <strong>cambiando los h\u00e1bitos de compra<\/strong> de los usuarios de las oficinas de farmacia frente a la nueva normalidad; qu\u00e9 impacto tendr\u00e1 la pandemia en la gesti\u00f3n de categor\u00edas\/productos y el punto de venta y por qu\u00e9 cobra importancia conocer al cliente, gestionar la relaci\u00f3n con \u00e9l para mejorar su experiencia en la farmacia y qu\u00e9 podemos aprender de otros entornos \u201cretail \u201d para aplicar en la oficina de farmacia.<\/p>\n<p><strong><u>Acerca de Infarma Jornadas Digitales COVID-19<\/u><\/strong><\/p>\n<p>Los Colegios de Farmac\u00e9uticos de Barcelona y Madrid, con la colaboraci\u00f3n de Interalia, recuperan la cita anual de la farmacia y la adaptan al momento actual organizando Infarma Jornadas Digitales, centradas en la COVID-19. El objetivo es mantener la esencia de Infarma, creando un espacio de debate en formato online y ofreciendo contenidos de gran actualidad y utilidad para el d\u00eda a d\u00eda y el futuro profesional.<\/p>\n<p>Las <a href=\"https:\/\/www.infarma.es\/programa-jornadas-digitales-covid-19\/\">inscripciones gratuitas<\/a> siguen abiertas en la web de Infarma. A su vez, los asistentes podr\u00e1n conectarse desde cualquier dispositivo y sitio, y tendr\u00e1n la posibilidad de participar haciendo preguntas a los ponentes, ya que cada conferencia contar\u00e1 con un tiempo dedicado a ello.<\/p>\n<p><em>En caso de que quiera cubrir en su medio las sesiones organizadas, puede inscribirse gratuitamente en las jornadas en <a href=\"https:\/\/www.infarma.es\/programa-jornadas-digitales-covid-19\/\">este enlace<\/a>, a trav\u00e9s de <a href=\"http:\/\/www.infarma.es\/\">www.infarma.es<\/a> <\/em><\/p>\n<p><em>Asimismo, agradeceremos que lo comunique a los respectivos Departamentos de Comunicaci\u00f3n, enviando un correo a premsa@cofb.net \/ comunicacion@cofm.es<\/em><\/p>\n<p>\u00a0El programa completo de estas jornadas gratuitas est\u00e1 compuesto por seis ponencias, que tendr\u00e1n lugar los pr\u00f3ximos 17, 18 y 19 de junio<\/p>\n<p>\u00a0<\/p>\n<p>\tA lo largo de los tres d\u00edas, ponentes de reconocida trayectoria abordar\u00e1n diferentes tem\u00e1ticas en torno a la COVID-19, agrupadas en tres ejes principales: l\u00ednea de actuaci\u00f3n y proyecci\u00f3n de la farmacia, l\u00ednea cient\u00edfica-sanitaria y l\u00ednea gesti\u00f3n-econ\u00f3mica<\/p>\n<p>\u00a0<\/p>\n<p>\tM\u00e1s all\u00e1 de la investigaci\u00f3n cient\u00edfica, se abordar\u00e1 c\u00f3mo se han adaptado las oficinas de farmacia a la pandemia o c\u00f3mo ser\u00e1n los h\u00e1bitos de compra de los consumidores en la \u201cnueva normalidad\u201d<\/p>\n<p>\u00a0<\/p>\n<p>Barcelona\/Madrid, 12 de junio de 2020. Queda menos de una semana para que comience Infarma Jornadas Digitales COVID-19, organizadas por los Colegios de Farmac\u00e9uticos de Barcelona y Madrid, con la colaboraci\u00f3n de Interalia. En la web de Infarma ya est\u00e1 disponible el programa de estas jornadas gratuitas, compuesto por seis ponencias que tendr\u00e1n lugar los pr\u00f3ximos 17, 18 y 19 de junio.<\/p>\n<p>\u00bfQu\u00e9 temas se abordar\u00e1n durante las conferencias?<\/p>\n<p>A lo largo de los tres d\u00edas, ponentes de reconocida trayectoria abordar\u00e1n diferentes tem\u00e1ticas en torno a la COVID-19, agrupadas en tres ejes principales: l\u00ednea de actuaci\u00f3n y proyecci\u00f3n de la farmacia, l\u00ednea cient\u00edfica-sanitaria y l\u00ednea gesti\u00f3n-econ\u00f3mica.<\/p>\n<p>Mi\u00e9rcoles, 17 de junio: evoluci\u00f3n de la profesi\u00f3n durante la crisis y efectos secundarios en los tratamientos<\/p>\n<p>La l\u00ednea de actuaci\u00f3n y proyecci\u00f3n de la farmacia contar\u00e1, en primer lugar, con la ponencia \u201cEvoluci\u00f3n de la profesi\u00f3n durante la crisis. C\u00f3mo se ha adaptado la oficina de farmacia\u201d, a cargo de Vicente J. Baixaul\u00ed, vicepresidente de SEFAC, y moderada por \u00d3scar L\u00f3pez, vocal de Oficina de Farmacia del COFM. Baixaul\u00ed se centrar\u00e1 en describir la crisis sanitaria provocada por la COVID-19 en las oficinas de farmacia desde su inicio hasta su fase de desescalada. Este relato estar\u00e1 ilustrado con im\u00e1genes e iniciativas que demuestran c\u00f3mo la oficina de farmacia y los farmac\u00e9uticos se han adaptado y han desempe\u00f1ado un papel fundamental.<\/p>\n<p>En segundo lugar, se impartir\u00e1 la sesi\u00f3n \u201cEl paciente postc\u00f3vido: \u00bfqu\u00e9 efectos secundarios en los tratamientos se empiezan a conocer?\u201d, a cargo de Manel Rabanal, jefe de la Secci\u00f3n de la Vigilancia y la Publicidad de los Medicamentos del Departamento de Salud, moderada por Aina Surroca, vocal del COFB. El dr. Rabanal dar\u00e1 a conocer durante su ponencia los datos recogidos por parte del Sistema Espa\u00f1ol de Farmacovigilancia de Medicamentos de Uso Humano (SEFV-MUH), que ha realizado un seguimiento de los casos de sospechas de reacciones adversas notificados con medicamentos utilizados como tratamiento de la infecci\u00f3n por COVID-19.<\/p>\n<p>Jueves, 18 de junio: investigaci\u00f3n contra el SARS-CoV-2 y la situaci\u00f3n actual de las pruebas de diagn\u00f3stico<\/p>\n<p>Dentro de la l\u00ednea cient\u00edfico-sanitaria, se impartir\u00e1n las conferencias \u201cInvestigaci\u00f3n contra el SARS-CoV-2: la estrategia test&amp;treat\u201d, a cargo del Dr. Bonaventura Clotet, jefe del Servicio de Enfermedades Infecciosas del Hospital Germans Trias y Pujol de Badalona, y \u201cSituaci\u00f3n actual de las pruebas de diagn\u00f3stico\u201d, de la mano del dr. Jordi Vila, jefe del Servicio de Microbiolog\u00eda del Centro de Diagn\u00f3stico Biom\u00e9dico del Hospital Cl\u00ednic de Barcelona. Cristina Roure, vocal de Hospitales del Colegio de Farmac\u00e9uticos de Barcelona, y Llu\u00efsa Juan, vocal de An\u00e1lisis de este mismo Colegio, moderan, respectivamente, los webinares interactivos de este blog.<\/p>\n<p>Por un lado, el dr. Clotet expondr\u00e1 una de las claves en la investigaci\u00f3n contra el SARS-CoV-2, la estrategia \u201ctest&amp;treat\u201d, que consiste en diagnosticar la infecci\u00f3n en etapas muy iniciales y proporcionar un tratamiento efectivo a aquellas personas que den positivo, de modo que la progresi\u00f3n de la infecci\u00f3n se frene antes de conseguir la sintomatolog\u00eda m\u00e1s grave.<\/p>\n<p>Por otra parte, el dr. Vila revisar\u00e1 las herramientas disponibles actualmente para realizar un diagn\u00f3stico microbiol\u00f3gico de la COVID-19, analizando la evoluci\u00f3n de la tecnolog\u00eda a lo largo de la epidemia, as\u00ed como la interpretaci\u00f3n de las diferentes pruebas diagn\u00f3sticas.<\/p>\n<p>Viernes, 19 de junio: la gesti\u00f3n econ\u00f3mica post-pandemia y las estrategias ganadoras en estos tiempos de cambio<\/p>\n<p>Por \u00faltimo, en la l\u00ednea gesti\u00f3n-econ\u00f3mica, se impartir\u00e1 la ponencia \u201cGesti\u00f3n econ\u00f3mica post-pandemia y consecuencias en la oficina de farmacia. \u00bfPodemos avanzarnos a la situaci\u00f3n? \u00bfQu\u00e9 medidas legislativas podemos esperar?\u201d, a cargo de Jose L. Fern\u00e1ndez y Miguel Mart\u00ednez, de IQVIA. Luis Panadero, vicepresidente 3\u00ba del Colegio de Farmac\u00e9uticos de Madrid ser\u00e1 el encargado de moderar esta conferencia en la que los ponentes hablar\u00e1n del impacto, retos y oportunidades que la crisis sanitaria provocada por la COVID-19 genera en las oficinas de farmacia desde un punto de vista econ\u00f3mico, compartiendo algunas tendencias que han surgido en los \u00faltimos meses y que creen que se mantendr\u00e1n en el futuro.<\/p>\n<p>Otra de las conferencias ser\u00e1 \u201cFoco en el cliente y la gesti\u00f3n del punto de venta. Estrategias ganadoras en estos tiempos de cambio\u201d, de la mano de Jos\u00e9 Antonio Andreu, socio-director de Shoppertec. Moderada por Rosal\u00eda Gozalo, vocal de Dermofarmacia y Productos Sanitarios del COFM, el director de Shoppertec expondr\u00e1 c\u00f3mo est\u00e1n cambiando los h\u00e1bitos de compra de los usuarios de las oficinas de farmacia ante la nueva normalidad; qu\u00e9 impacto tendr\u00e1 la pandemia en la gesti\u00f3n de categor\u00edas\/productos y el punto de venta y por qu\u00e9 cobra importancia conocer al cliente, gestionar la relaci\u00f3n con \u00e9l para mejorar su experiencia en la farmacia y qu\u00e9 podemos aprender de otros entornos \u201cretail \u201d para aplicar en la oficina de farmacia.<\/p>\n<p>Acerca de Infarma Jornadas Digitales COVID-19<\/p>\n<p>Los Colegios de Farmac\u00e9uticos de Barcelona y Madrid, con la colaboraci\u00f3n de Interalia, recuperan la cita anual de la farmacia y la adaptan al momento actual organizando Infarma Jornadas Digitales, centradas en la COVID-19. El objetivo es mantener la esencia de Infarma, creando un espacio de debate en formato online y ofreciendo contenidos de gran actualidad y utilidad para el d\u00eda a d\u00eda y el futuro profesional.<\/p>\n<p>Las inscripciones gratuitas siguen abiertas en la web de Infarma. A su vez, los asistentes podr\u00e1n conectarse desde cualquier dispositivo y sitio, y tendr\u00e1n la posibilidad de participar haciendo preguntas a los ponentes, ya que cada conferencia contar\u00e1 con un tiempo dedicado a ello.<\/p>\n<p>En caso de que desee cubrir en su medio las sesiones organizadas, puede inscribirse gratuitamente en las jornadas en este enlace, a trav\u00e9s de www.infarma.es <\/p>\n<p>Asimismo, agradeceremos que lo comunique a los respectivos Departamentos de Comunicaci\u00f3n, enviando un correo a premsa@cofb.net \/ comunicacion@cofm.es COFB.ORG<\/p>","protected":false},"excerpt":{"rendered":"<p>\u00a0 El programa completo de estas jornadas gratuitas est\u00e1 compuesto por seis ponencias, que tendr\u00e1n lugar los pr\u00f3ximos 17, 18 y 19 de junio A lo largo de los tres d\u00edas, ponentes de reconocida trayectoria abordar\u00e1n diferentes tem\u00e1ticas en torno a la COVID-19, agrupadas en tres ejes principales: l\u00ednea de actuaci\u00f3n y proyecci\u00f3n [\u2026]<\/p>","protected":false},"author":1,"featured_media":0,"comment_status":"","ping_status":"","sticky":false,"template":"","format":"standard","meta":{"_uag_custom_page_level_css":"","site-sidebar-layout":"default","site-content-layout":"","ast-site-content-layout":"default","site-content-style":"default","site-sidebar-style":"default","ast-global-header-display":"","ast-banner-title-visibility":"","ast-main-header-display":"","ast-hfb-above-header-display":"","ast-hfb-below-header-display":"","ast-hfb-mobile-header-display":"","site-post-title":"","ast-breadcrumbs-content":"","ast-featured-img":"disabled","footer-sml-layout":"","theme-transparent-header-meta":"","adv-header-id-meta":"","stick-header-meta":"","header-above-stick-meta":"","header-main-stick-meta":"","header-below-stick-meta":"","astra-migrate-meta-layouts":"default","ast-page-background-enabled":"default","ast-page-background-meta":{"desktop":{"background-color":"var(--ast-global-color-4)","background-image":"","background-repeat":"repeat","background-position":"center center","background-size":"auto","background-attachment":"scroll","background-type":"","background-media":"","overlay-type":"","overlay-color":"","overlay-opacity":"","overlay-gradient":""},"tablet":{"background-color":"","background-image":"","background-repeat":"repeat","background-position":"center center","background-size":"auto","background-attachment":"scroll","background-type":"","background-media":"","overlay-type":"","overlay-color":"","overlay-opacity":"","overlay-gradient":""},"mobile":{"background-color":"","background-image":"","background-repeat":"repeat","background-position":"center center","background-size":"auto","background-attachment":"scroll","background-type":"","background-media":"","overlay-type":"","overlay-color":"","overlay-opacity":"","overlay-gradient":""}},"ast-content-background-meta":{"desktop":{"background-color":"var(--ast-global-color-5)","background-image":"","background-repeat":"repeat","background-position":"center center","background-size":"auto","background-attachment":"scroll","background-type":"","background-media":"","overlay-type":"","overlay-color":"","overlay-opacity":"","overlay-gradient":""},"tablet":{"background-color":"var(--ast-global-color-5)","background-image":"","background-repeat":"repeat","background-position":"center center","background-size":"auto","background-attachment":"scroll","background-type":"","background-media":"","overlay-type":"","overlay-color":"","overlay-opacity":"","overlay-gradient":""},"mobile":{"background-color":"var(--ast-global-color-5)","background-image":"","background-repeat":"repeat","background-position":"center center","background-size":"auto","background-attachment":"scroll","background-type":"","background-media":"","overlay-type":"","overlay-color":"","overlay-opacity":"","overlay-gradient":""}},"footnotes":""},"categories":[1060,1066],"tags":[],"class_list":["post-77124","post","type-post","status-publish","format-standard","hentry","category-notes-premsa","category-sense-categoria-ca"],"yoast_head":"<!-- This site is optimized with the Yoast SEO plugin v22.4 - https:\/\/yoast.com\/wordpress\/plugins\/seo\/ -->\n<title>L&#039;actuaci\u00f3 i projecci\u00f3 de la farm\u00e0cia, l&#039;estat de les investigacions i les proves diagn\u00f2stic, i les conseq\u00fc\u00e8ncies econ\u00f2miques per al sector, eixos principals d\u2019Infarma Jornades Digitals COVID-19 - Col\u00b7legi de Farmac\u00e8utics de Barcelona<\/title>\n<meta name=\"robots\" content=\"index, follow, max-snippet:-1, max-image-preview:large, max-video-preview:-1\" \/>\n<link rel=\"canonical\" href=\"https:\/\/novaorg.cofb.net\/2020\/06\/12\/lactuacio-i-projeccio-de-la-farmacia-lestat-de-les-investigacions-i-les-proves-diagnostic-i-les-consequencies-economiques-per-al-sector-eixos-principals-dinfarma-jornades-digitals-covid\/\" \/>\n<meta property=\"og:locale\" content=\"es_ES\" \/>\n<meta property=\"og:type\" content=\"article\" \/>\n<meta property=\"og:title\" content=\"L&#039;actuaci\u00f3 i projecci\u00f3 de la farm\u00e0cia, l&#039;estat de les investigacions i les proves diagn\u00f2stic, i les conseq\u00fc\u00e8ncies econ\u00f2miques per al sector, eixos principals d\u2019Infarma Jornades Digitals COVID-19 - Col\u00b7legi de Farmac\u00e8utics de Barcelona\" \/>\n<meta property=\"og:description\" content=\"\u00a0 El programa complet d&#8217;aquestes jornades gratu\u00eftes est\u00e0 compost per sis pon\u00e8ncies, que tindran lloc els pr\u00f2xims 17, 18 i 19 de juny \u00a0 Al llarg dels tres dies, ponents de reconeguda traject\u00f2ria abordaran diferents tem\u00e0tiques al voltant de la COVID-19, agrupades en tres eixos principals: l\u00ednia d&#8217;actuaci\u00f3 i projecci\u00f3 [&hellip;]\" \/>\n<meta property=\"og:url\" content=\"https:\/\/novaorg.cofb.net\/2020\/06\/12\/lactuacio-i-projeccio-de-la-farmacia-lestat-de-les-investigacions-i-les-proves-diagnostic-i-les-consequencies-economiques-per-al-sector-eixos-principals-dinfarma-jornades-digitals-covid\/\" \/>\n<meta property=\"og:site_name\" content=\"Col\u00b7legi de Farmac\u00e8utics de Barcelona\" \/>\n<meta property=\"article:publisher\" content=\"https:\/\/www.facebook.com\/farmaceuticsbcn\/\" \/>\n<meta property=\"article:published_time\" content=\"2020-06-12T12:46:00+00:00\" \/>\n<meta name=\"author\" content=\"wpAdminCofbOrg\" \/>\n<meta name=\"twitter:card\" content=\"summary_large_image\" \/>\n<meta name=\"twitter:creator\" content=\"@farmaceuticsbcn\" \/>\n<meta name=\"twitter:site\" content=\"@farmaceuticsbcn\" \/>\n<meta name=\"twitter:label1\" content=\"Escrito por\" \/>\n\t<meta name=\"twitter:data1\" content=\"wpAdminCofbOrg\" \/>\n\t<meta name=\"twitter:label2\" content=\"Tiempo de lectura\" \/>\n\t<meta name=\"twitter:data2\" content=\"11 minutos\" \/>\n<script type=\"application\/ld+json\" class=\"yoast-schema-graph\">{\"@context\":\"https:\/\/schema.org\",\"@graph\":[{\"@type\":\"Article\",\"@id\":\"https:\/\/novaorg.cofb.net\/2020\/06\/12\/lactuacio-i-projeccio-de-la-farmacia-lestat-de-les-investigacions-i-les-proves-diagnostic-i-les-consequencies-economiques-per-al-sector-eixos-principals-dinfarma-jornades-digitals-covid\/#article\",\"isPartOf\":{\"@id\":\"https:\/\/novaorg.cofb.net\/2020\/06\/12\/lactuacio-i-projeccio-de-la-farmacia-lestat-de-les-investigacions-i-les-proves-diagnostic-i-les-consequencies-economiques-per-al-sector-eixos-principals-dinfarma-jornades-digitals-covid\/\"},\"author\":{\"name\":\"wpAdminCofbOrg\",\"@id\":\"https:\/\/www.cofb.org\/#\/schema\/person\/22ed7eea88da74b0fa4d3154ad87ffcb\"},\"headline\":\"L&#8217;actuaci\u00f3 i projecci\u00f3 de la farm\u00e0cia, l&#8217;estat de les investigacions i les proves diagn\u00f2stic, i les conseq\u00fc\u00e8ncies econ\u00f2miques per al sector, eixos principals d\u2019Infarma Jornades Digitals COVID-19\",\"datePublished\":\"2020-06-12T12:46:00+00:00\",\"dateModified\":\"2020-06-12T12:46:00+00:00\",\"mainEntityOfPage\":{\"@id\":\"https:\/\/novaorg.cofb.net\/2020\/06\/12\/lactuacio-i-projeccio-de-la-farmacia-lestat-de-les-investigacions-i-les-proves-diagnostic-i-les-consequencies-economiques-per-al-sector-eixos-principals-dinfarma-jornades-digitals-covid\/\"},\"wordCount\":2340,\"publisher\":{\"@id\":\"https:\/\/www.cofb.org\/#organization\"},\"articleSection\":[\"Notes de premsa\",\"Sense categoria\"],\"inLanguage\":\"es\"},{\"@type\":\"WebPage\",\"@id\":\"https:\/\/novaorg.cofb.net\/2020\/06\/12\/lactuacio-i-projeccio-de-la-farmacia-lestat-de-les-investigacions-i-les-proves-diagnostic-i-les-consequencies-economiques-per-al-sector-eixos-principals-dinfarma-jornades-digitals-covid\/\",\"url\":\"https:\/\/novaorg.cofb.net\/2020\/06\/12\/lactuacio-i-projeccio-de-la-farmacia-lestat-de-les-investigacions-i-les-proves-diagnostic-i-les-consequencies-economiques-per-al-sector-eixos-principals-dinfarma-jornades-digitals-covid\/\",\"name\":\"L'actuaci\u00f3 i projecci\u00f3 de la farm\u00e0cia, l'estat de les investigacions i les proves diagn\u00f2stic, i les conseq\u00fc\u00e8ncies econ\u00f2miques per al sector, eixos principals d\u2019Infarma Jornades Digitals COVID-19 - Col\u00b7legi de Farmac\u00e8utics de Barcelona\",\"isPartOf\":{\"@id\":\"https:\/\/www.cofb.org\/#website\"},\"datePublished\":\"2020-06-12T12:46:00+00:00\",\"dateModified\":\"2020-06-12T12:46:00+00:00\",\"breadcrumb\":{\"@id\":\"https:\/\/novaorg.cofb.net\/2020\/06\/12\/lactuacio-i-projeccio-de-la-farmacia-lestat-de-les-investigacions-i-les-proves-diagnostic-i-les-consequencies-economiques-per-al-sector-eixos-principals-dinfarma-jornades-digitals-covid\/#breadcrumb\"},\"inLanguage\":\"es\",\"potentialAction\":[{\"@type\":\"ReadAction\",\"target\":[\"https:\/\/novaorg.cofb.net\/2020\/06\/12\/lactuacio-i-projeccio-de-la-farmacia-lestat-de-les-investigacions-i-les-proves-diagnostic-i-les-consequencies-economiques-per-al-sector-eixos-principals-dinfarma-jornades-digitals-covid\/\"]}]},{\"@type\":\"BreadcrumbList\",\"@id\":\"https:\/\/novaorg.cofb.net\/2020\/06\/12\/lactuacio-i-projeccio-de-la-farmacia-lestat-de-les-investigacions-i-les-proves-diagnostic-i-les-consequencies-economiques-per-al-sector-eixos-principals-dinfarma-jornades-digitals-covid\/#breadcrumb\",\"itemListElement\":[{\"@type\":\"ListItem\",\"position\":1,\"name\":\"Inici\",\"item\":\"https:\/\/novaorg.cofb.net\/\"},{\"@type\":\"ListItem\",\"position\":2,\"name\":\"L&#8217;actuaci\u00f3 i projecci\u00f3 de la farm\u00e0cia, l&#8217;estat de les investigacions i les proves diagn\u00f2stic, i les conseq\u00fc\u00e8ncies econ\u00f2miques per al sector, eixos principals d\u2019Infarma Jornades Digitals COVID-19\"}]},{\"@type\":\"WebSite\",\"@id\":\"https:\/\/www.cofb.org\/#website\",\"url\":\"https:\/\/www.cofb.org\/\",\"name\":\"Col\u00b7legi de Farmac\u00e8utics de Barcelona\",\"description\":\"\",\"publisher\":{\"@id\":\"https:\/\/www.cofb.org\/#organization\"},\"potentialAction\":[{\"@type\":\"SearchAction\",\"target\":{\"@type\":\"EntryPoint\",\"urlTemplate\":\"https:\/\/www.cofb.org\/?s={search_term_string}\"},\"query-input\":\"required name=search_term_string\"}],\"inLanguage\":\"es\"},{\"@type\":\"Organization\",\"@id\":\"https:\/\/www.cofb.org\/#organization\",\"name\":\"Col\u00b7legi de Farmac\u00e8utics de Barcelona\",\"url\":\"https:\/\/www.cofb.org\/\",\"logo\":{\"@type\":\"ImageObject\",\"inLanguage\":\"es\",\"@id\":\"https:\/\/www.cofb.org\/#\/schema\/logo\/image\/\",\"url\":\"https:\/\/www.cofb.org\/wp-content\/uploads\/2023\/11\/cropped-Logotip-COFB.png\",\"contentUrl\":\"https:\/\/www.cofb.org\/wp-content\/uploads\/2023\/11\/cropped-Logotip-COFB.png\",\"width\":500,\"height\":105,\"caption\":\"Col\u00b7legi de Farmac\u00e8utics de Barcelona\"},\"image\":{\"@id\":\"https:\/\/www.cofb.org\/#\/schema\/logo\/image\/\"},\"sameAs\":[\"https:\/\/www.facebook.com\/farmaceuticsbcn\/\",\"https:\/\/twitter.com\/farmaceuticsbcn\",\"https:\/\/www.instagram.com\/farmaceuticsbcn\/\",\"https:\/\/www.linkedin.com\/company\/farmaceuticsbcn\/\"]},{\"@type\":\"Person\",\"@id\":\"https:\/\/www.cofb.org\/#\/schema\/person\/22ed7eea88da74b0fa4d3154ad87ffcb\",\"name\":\"wpAdminCofbOrg\",\"image\":{\"@type\":\"ImageObject\",\"inLanguage\":\"es\",\"@id\":\"https:\/\/www.cofb.org\/#\/schema\/person\/image\/\",\"url\":\"https:\/\/secure.gravatar.com\/avatar\/1721b20b3b8ca882c3b56ec6c978c594fff670e40c0718e9190eaeeb76aae7d8?s=96&d=mm&r=g\",\"contentUrl\":\"https:\/\/secure.gravatar.com\/avatar\/1721b20b3b8ca882c3b56ec6c978c594fff670e40c0718e9190eaeeb76aae7d8?s=96&d=mm&r=g\",\"caption\":\"wpAdminCofbOrg\"},\"sameAs\":[\"http:\/\/192.168.64.122\/wordpress\"],\"url\":\"https:\/\/www.cofb.org\/es\/author\/wpadmincofborg\/\"}]}<\/script>\n<!-- \/ Yoast SEO plugin. -->","yoast_head_json":{"title":"L'actuaci\u00f3 i projecci\u00f3 de la farm\u00e0cia, l'estat de les investigacions i les proves diagn\u00f2stic, i les conseq\u00fc\u00e8ncies econ\u00f2miques per al sector, eixos principals d\u2019Infarma Jornades Digitals COVID-19 - Col\u00b7legi de Farmac\u00e8utics de Barcelona","robots":{"index":"index","follow":"follow","max-snippet":"max-snippet:-1","max-image-preview":"max-image-preview:large","max-video-preview":"max-video-preview:-1"},"canonical":"https:\/\/novaorg.cofb.net\/2020\/06\/12\/lactuacio-i-projeccio-de-la-farmacia-lestat-de-les-investigacions-i-les-proves-diagnostic-i-les-consequencies-economiques-per-al-sector-eixos-principals-dinfarma-jornades-digitals-covid\/","og_locale":"es_ES","og_type":"article","og_title":"L'actuaci\u00f3 i projecci\u00f3 de la farm\u00e0cia, l'estat de les investigacions i les proves diagn\u00f2stic, i les conseq\u00fc\u00e8ncies econ\u00f2miques per al sector, eixos principals d\u2019Infarma Jornades Digitals COVID-19 - Col\u00b7legi de Farmac\u00e8utics de Barcelona","og_description":"\u00a0 El programa complet d&#8217;aquestes jornades gratu\u00eftes est\u00e0 compost per sis pon\u00e8ncies, que tindran lloc els pr\u00f2xims 17, 18 i 19 de juny \u00a0 Al llarg dels tres dies, ponents de reconeguda traject\u00f2ria abordaran diferents tem\u00e0tiques al voltant de la COVID-19, agrupades en tres eixos principals: l\u00ednia d&#8217;actuaci\u00f3 i projecci\u00f3 [&hellip;]","og_url":"https:\/\/novaorg.cofb.net\/2020\/06\/12\/lactuacio-i-projeccio-de-la-farmacia-lestat-de-les-investigacions-i-les-proves-diagnostic-i-les-consequencies-economiques-per-al-sector-eixos-principals-dinfarma-jornades-digitals-covid\/","og_site_name":"Col\u00b7legi de Farmac\u00e8utics de Barcelona","article_publisher":"https:\/\/www.facebook.com\/farmaceuticsbcn\/","article_published_time":"2020-06-12T12:46:00+00:00","author":"wpAdminCofbOrg","twitter_card":"summary_large_image","twitter_creator":"@farmaceuticsbcn","twitter_site":"@farmaceuticsbcn","twitter_misc":{"Escrito por":"wpAdminCofbOrg","Tiempo de lectura":"11 minutos"},"schema":{"@context":"https:\/\/schema.org","@graph":[{"@type":"Article","@id":"https:\/\/novaorg.cofb.net\/2020\/06\/12\/lactuacio-i-projeccio-de-la-farmacia-lestat-de-les-investigacions-i-les-proves-diagnostic-i-les-consequencies-economiques-per-al-sector-eixos-principals-dinfarma-jornades-digitals-covid\/#article","isPartOf":{"@id":"https:\/\/novaorg.cofb.net\/2020\/06\/12\/lactuacio-i-projeccio-de-la-farmacia-lestat-de-les-investigacions-i-les-proves-diagnostic-i-les-consequencies-economiques-per-al-sector-eixos-principals-dinfarma-jornades-digitals-covid\/"},"author":{"name":"wpAdminCofbOrg","@id":"https:\/\/www.cofb.org\/#\/schema\/person\/22ed7eea88da74b0fa4d3154ad87ffcb"},"headline":"L&#8217;actuaci\u00f3 i projecci\u00f3 de la farm\u00e0cia, l&#8217;estat de les investigacions i les proves diagn\u00f2stic, i les conseq\u00fc\u00e8ncies econ\u00f2miques per al sector, eixos principals d\u2019Infarma Jornades Digitals COVID-19","datePublished":"2020-06-12T12:46:00+00:00","dateModified":"2020-06-12T12:46:00+00:00","mainEntityOfPage":{"@id":"https:\/\/novaorg.cofb.net\/2020\/06\/12\/lactuacio-i-projeccio-de-la-farmacia-lestat-de-les-investigacions-i-les-proves-diagnostic-i-les-consequencies-economiques-per-al-sector-eixos-principals-dinfarma-jornades-digitals-covid\/"},"wordCount":2340,"publisher":{"@id":"https:\/\/www.cofb.org\/#organization"},"articleSection":["Notes de premsa","Sense categoria"],"inLanguage":"es"},{"@type":"WebPage","@id":"https:\/\/novaorg.cofb.net\/2020\/06\/12\/lactuacio-i-projeccio-de-la-farmacia-lestat-de-les-investigacions-i-les-proves-diagnostic-i-les-consequencies-economiques-per-al-sector-eixos-principals-dinfarma-jornades-digitals-covid\/","url":"https:\/\/novaorg.cofb.net\/2020\/06\/12\/lactuacio-i-projeccio-de-la-farmacia-lestat-de-les-investigacions-i-les-proves-diagnostic-i-les-consequencies-economiques-per-al-sector-eixos-principals-dinfarma-jornades-digitals-covid\/","name":"L'actuaci\u00f3 i projecci\u00f3 de la farm\u00e0cia, l'estat de les investigacions i les proves diagn\u00f2stic, i les conseq\u00fc\u00e8ncies econ\u00f2miques per al sector, eixos principals d\u2019Infarma Jornades Digitals COVID-19 - Col\u00b7legi de Farmac\u00e8utics de Barcelona","isPartOf":{"@id":"https:\/\/www.cofb.org\/#website"},"datePublished":"2020-06-12T12:46:00+00:00","dateModified":"2020-06-12T12:46:00+00:00","breadcrumb":{"@id":"https:\/\/novaorg.cofb.net\/2020\/06\/12\/lactuacio-i-projeccio-de-la-farmacia-lestat-de-les-investigacions-i-les-proves-diagnostic-i-les-consequencies-economiques-per-al-sector-eixos-principals-dinfarma-jornades-digitals-covid\/#breadcrumb"},"inLanguage":"es","potentialAction":[{"@type":"ReadAction","target":["https:\/\/novaorg.cofb.net\/2020\/06\/12\/lactuacio-i-projeccio-de-la-farmacia-lestat-de-les-investigacions-i-les-proves-diagnostic-i-les-consequencies-economiques-per-al-sector-eixos-principals-dinfarma-jornades-digitals-covid\/"]}]},{"@type":"BreadcrumbList","@id":"https:\/\/novaorg.cofb.net\/2020\/06\/12\/lactuacio-i-projeccio-de-la-farmacia-lestat-de-les-investigacions-i-les-proves-diagnostic-i-les-consequencies-economiques-per-al-sector-eixos-principals-dinfarma-jornades-digitals-covid\/#breadcrumb","itemListElement":[{"@type":"ListItem","position":1,"name":"Inici","item":"https:\/\/novaorg.cofb.net\/"},{"@type":"ListItem","position":2,"name":"L&#8217;actuaci\u00f3 i projecci\u00f3 de la farm\u00e0cia, l&#8217;estat de les investigacions i les proves diagn\u00f2stic, i les conseq\u00fc\u00e8ncies econ\u00f2miques per al sector, eixos principals d\u2019Infarma Jornades Digitals COVID-19"}]},{"@type":"WebSite","@id":"https:\/\/www.cofb.org\/#website","url":"https:\/\/www.cofb.org\/","name":"Col\u00b7legi de Farmac\u00e8utics de Barcelona","description":"","publisher":{"@id":"https:\/\/www.cofb.org\/#organization"},"potentialAction":[{"@type":"SearchAction","target":{"@type":"EntryPoint","urlTemplate":"https:\/\/www.cofb.org\/?s={search_term_string}"},"query-input":"required name=search_term_string"}],"inLanguage":"es"},{"@type":"Organization","@id":"https:\/\/www.cofb.org\/#organization","name":"Col\u00b7legi de Farmac\u00e8utics de Barcelona","url":"https:\/\/www.cofb.org\/","logo":{"@type":"ImageObject","inLanguage":"es","@id":"https:\/\/www.cofb.org\/#\/schema\/logo\/image\/","url":"https:\/\/www.cofb.org\/wp-content\/uploads\/2023\/11\/cropped-Logotip-COFB.png","contentUrl":"https:\/\/www.cofb.org\/wp-content\/uploads\/2023\/11\/cropped-Logotip-COFB.png","width":500,"height":105,"caption":"Col\u00b7legi de Farmac\u00e8utics de Barcelona"},"image":{"@id":"https:\/\/www.cofb.org\/#\/schema\/logo\/image\/"},"sameAs":["https:\/\/www.facebook.com\/farmaceuticsbcn\/","https:\/\/twitter.com\/farmaceuticsbcn","https:\/\/www.instagram.com\/farmaceuticsbcn\/","https:\/\/www.linkedin.com\/company\/farmaceuticsbcn\/"]},{"@type":"Person","@id":"https:\/\/www.cofb.org\/#\/schema\/person\/22ed7eea88da74b0fa4d3154ad87ffcb","name":"wpAdminCofbOrg","image":{"@type":"ImageObject","inLanguage":"es","@id":"https:\/\/www.cofb.org\/#\/schema\/person\/image\/","url":"https:\/\/secure.gravatar.com\/avatar\/1721b20b3b8ca882c3b56ec6c978c594fff670e40c0718e9190eaeeb76aae7d8?s=96&d=mm&r=g","contentUrl":"https:\/\/secure.gravatar.com\/avatar\/1721b20b3b8ca882c3b56ec6c978c594fff670e40c0718e9190eaeeb76aae7d8?s=96&d=mm&r=g","caption":"wpAdminCofbOrg"},"sameAs":["http:\/\/192.168.64.122\/wordpress"],"url":"https:\/\/www.cofb.org\/es\/author\/wpadmincofborg\/"}]}},"uagb_featured_image_src":{"full":false,"thumbnail":false,"medium":false,"medium_large":false,"large":false,"1536x1536":false,"2048x2048":false,"trp-custom-language-flag":false},"uagb_author_info":{"display_name":"wpAdminCofbOrg","author_link":"https:\/\/www.cofb.org\/es\/author\/wpadmincofborg\/"},"uagb_comment_info":0,"uagb_excerpt":"\u00a0 El programa complet d&#8217;aquestes jornades gratu\u00eftes est\u00e0 compost per sis pon\u00e8ncies, que tindran lloc els pr\u00f2xims 17, 18 i 19 de juny \u00a0 Al llarg dels tres dies, ponents de reconeguda traject\u00f2ria abordaran diferents tem\u00e0tiques al voltant de la COVID-19, agrupades en tres eixos principals: l\u00ednia d&#8217;actuaci\u00f3 i projecci\u00f3 [&hellip;]","_links":{"self":[{"href":"https:\/\/www.cofb.org\/es\/wp-json\/wp\/v2\/posts\/77124","targetHints":{"allow":["GET"]}}],"collection":[{"href":"https:\/\/www.cofb.org\/es\/wp-json\/wp\/v2\/posts"}],"about":[{"href":"https:\/\/www.cofb.org\/es\/wp-json\/wp\/v2\/types\/post"}],"author":[{"embeddable":true,"href":"https:\/\/www.cofb.org\/es\/wp-json\/wp\/v2\/users\/1"}],"replies":[{"embeddable":true,"href":"https:\/\/www.cofb.org\/es\/wp-json\/wp\/v2\/comments?post=77124"}],"version-history":[{"count":0,"href":"https:\/\/www.cofb.org\/es\/wp-json\/wp\/v2\/posts\/77124\/revisions"}],"wp:attachment":[{"href":"https:\/\/www.cofb.org\/es\/wp-json\/wp\/v2\/media?parent=77124"}],"wp:term":[{"taxonomy":"category","embeddable":true,"href":"https:\/\/www.cofb.org\/es\/wp-json\/wp\/v2\/categories?post=77124"},{"taxonomy":"post_tag","embeddable":true,"href":"https:\/\/www.cofb.org\/es\/wp-json\/wp\/v2\/tags?post=77124"}],"curies":[{"name":"wp","href":"https:\/\/api.w.org\/{rel}","templated":true}]}}