{"id":77123,"date":"2020-06-12T14:01:00","date_gmt":"2020-06-12T14:01:00","guid":{"rendered":"https:\/\/novaorg.cofb.net\/2020\/06\/12\/el-paper-del-farmaceutic-durant-la-crisi-de-la-covid-19-clau-per-assegurar-la-medicacio-als-pacients-evitar-desplacaments-innecessaris-als-centres-sanitaris-i-protegir-la-poblacio\/"},"modified":"2020-06-12T14:01:00","modified_gmt":"2020-06-12T14:01:00","slug":"el-paper-del-farmaceutic-durant-la-crisi-de-la-covid-19-clau-per-assegurar-la-medicacio-als-pacients-evitar-desplacaments-innecessaris-als-centres-sanitaris-i-protegir-la-poblacio","status":"publish","type":"post","link":"https:\/\/www.cofb.org\/es\/2020\/06\/12\/el-paper-del-farmaceutic-durant-la-crisi-de-la-covid-19-clau-per-assegurar-la-medicacio-als-pacients-evitar-desplacaments-innecessaris-als-centres-sanitaris-i-protegir-la-poblacio\/","title":{"rendered":"El papel del farmac\u00e9utico durante la crisis de la COVID-19, clave para asegurar la medicaci\u00f3n a los pacientes, evitar desplazamientos innecesarios a los centros sanitarios y proteger a la poblaci\u00f3n"},"content":{"rendered":"<p>\u00a0<\/p>\n<div>\u2022<span> <\/span>Los farmac\u00e9uticos han estado en <strong>primera l\u00ednea durante la crisis sanitaria provocada por la COVID-19<\/strong>. Como <strong>profesionales sanitarios de referencia y m\u00e1s cercanos a los ciudadanos <\/strong>han atendido e informado a la poblaci\u00f3n, resolviendo consultas sobre su salud, y tambi\u00e9n se han coordinando con la Administraci\u00f3n para descongestionar el sistema sanitario\u00a0<\/div>\n<div>\u00a0<\/div>\n<div>\u2022<span> <\/span>A trav\u00e9s de las farmacias, se han puesto en marcha <strong>diferentes iniciativas con el objetivo de hacer llegar la medicaci\u00f3n a personas vulnerables con la creaci\u00f3n de una red de voluntarios o de facilitar el acceso de la poblaci\u00f3n a las mascarillas<\/strong>, en un momento en que hab\u00eda escasez de este producto<\/div>\n<div>\u00a0<\/div>\n<div>\u2022<span> <\/span>La <strong>coordinaci\u00f3n de la red de farmacias<\/strong>, junto con el <strong>modelo de receta electr\u00f3nica <\/strong>establecido en Catalu\u00f1a, han permitido <strong>aplicar con celeridad circuitos excepcionales<\/strong> y que la <strong>profesi\u00f3n farmac\u00e9utica<\/strong> sea un pilar capital en el sistema sanitario<\/div>\n<div>\u00a0<\/div>\n<div>\u2022<span> <\/span>Se ha puesto de manifiesto una vez m\u00e1s <strong>la importante labor que los farmac\u00e9uticos realizan desde los diferentes \u00e1mbitos de actuaci\u00f3n de forma coordinada<\/strong>, con el objetivo de dar respuesta con <strong>compromiso y responsabilidad a los retos que ha generado esta crisis sanitaria<\/strong>.<\/div>\n<div>\u00a0<\/div>\n<div>\n<p><em>Barcelona, 12 de junio de 2020<\/em>. Los farmac\u00e9uticos, como <strong>profesionales sanitarios m\u00e1s cercanos a los ciudadanos, han estado en primera l\u00ednea durante la pandemia provocada por la COVID-19. En la gesti\u00f3n de esta crisis sanitaria<\/strong>, han realizado un esfuerzo extraordinario m\u00e1s all\u00e1 del trabajo que ya realizan en su d\u00eda a d\u00eda, implic\u00e1ndose en <strong>diferentes iniciativas impulsadas conjuntamente con la Administraci\u00f3n y trabajando para garantizar el acceso al medicamento, la protecci\u00f3n de toda la poblaci\u00f3n y atender a sus necesidades con las m\u00e1ximas garant\u00edas.<\/strong><\/p>\n<p><strong><u>\u00bfQu\u00e9 se ha logrado con la actuaci\u00f3n de los farmac\u00e9uticos durante la COVID-19?<\/u><\/strong><\/p>\n<p><strong><span>Se ha hecho llegar la medicaci\u00f3n a los pacientes vulnerables con la creaci\u00f3n de una red de voluntarios<\/span><\/strong><\/p>\n<p>Por <strong>hacer llegar la medicaci\u00f3n a personas mayores y vulnerables<\/strong> que no pod\u00edan salir de casa para ir a recogerla a la farmacia, desde el CCFC, en colaboraci\u00f3n con la Universidad de Barcelona y la Universidad Ramon Llull, se ha creado una <strong>red de voluntarios formada inicialmente por estudiantes de farmacia y colegiados que no estaban pudiendo desarrollar su actividad laboral con normalidad<\/strong>. Posteriormente, otros colectivos como los <strong>deportistas<\/strong>, a trav\u00e9s de la UFEC, se han sumado a esta iniciativa. En total, m\u00e1s de 135 voluntarios en Catalu\u00f1a han realizado m\u00e1s de 770 servicios requeridos por cerca de 150 farmacias.<\/p>\n<p>Por otra parte, a trav\u00e9s de la farmacia comunitaria, se han acercado los <strong>Medicamentos Hospitalarios de Dispensaci\u00f3n Ambulatoria (MHDA) <\/strong>en el domicilio del paciente en colaboraci\u00f3n con la farmacia hospitalaria, cuando \u00e9sta lo ha solicitado. En el marco de este proyecto, que ha contado tambi\u00e9n con la implicaci\u00f3n de la distribuci\u00f3n, <strong>se han entregado cerca de 3000 medicamentos.<\/strong><\/p>\n<p><strong><span>Se ha garantizado la prestaci\u00f3n farmac\u00e9utica en los Hotels-Salut<\/span><\/strong><\/p>\n<p>En el marco de la situaci\u00f3n excepcional generada por la COVID-19, el Departamento de Salud ha habilitado a los llamados <strong>Hoteles-Salud para acoger a pacientes leves que se les hab\u00eda dado el alta hospitalaria<\/strong>. Las farmacias comunitarias tambi\u00e9n se han implicado en este proyecto <strong>dispensando medicamentos a 1.795 pacientes (11.453 dispensaciones) <\/strong>-hasta el 31 de mayo-, y <strong>provey\u00e9ndolos de material sanitario<\/strong> gracias a la colaboraci\u00f3n de la distribuci\u00f3n farmac\u00e9utica y las donaciones de distintas empresas.<\/p>\n<p><strong><span>Se han evitado desplazamientos innecesarios a los centros sanitarios <\/span><\/strong><\/p>\n<p><strong>La gesti\u00f3n del plan de medicaci\u00f3n en las farmacias ha evitado m\u00e1s de un mill\u00f3n de visitas a los centros sanitarios<\/strong>. Esto ha sido posible gracias a la medida implementada por el Servicio Catal\u00e1n de la Salud, conjuntamente con el Consejo de Colegios Farmac\u00e9uticos de Catalu\u00f1a (CCFC), que permit\u00eda que <strong>los usuarios pudieran acudir directamente a la farmacia, con o sin el plan de medicaci\u00f3n.<\/strong><\/p>\n<p>Concretamente, desde mediados de marzo hasta el 31 de mayo, en las farmacias <strong>se han reimpreso m\u00e1s de 1.700.000 planes de medicaci\u00f3n, ya sea porque lo que ten\u00eda el usuario no estaba vigente o bien porque no llevaba ninguno, <\/strong>por lo que<strong> se ha garantizado el acceso a la continuidad del tratamiento o nueva medicaci\u00f3n prescrita sin tener que desplazarse al CAP.<\/strong><\/p>\n<p>Tambi\u00e9n se ha permitido que <strong>a los pacientes cr\u00f3nicos con prescripciones de larga duraci\u00f3n<\/strong> y que requer\u00edan renovarla, <strong>se les pudiera continuar dispensando los tratamientos sin necesidad de ir al CAP<\/strong>. En total, en las farmacias se han atendido <strong>m\u00e1s de 79.800 pacientes cr\u00f3nicos.<\/strong><\/p>\n<p>Por otra parte, para evitar desplazamientos innecesarios de los pacientes, y de forma excepcional, se han habilitado diferentes <strong>sistemas para verificar y dispensar las recetas privadas de forma virtual con total seguridad<\/strong>.<\/p>\n<p><strong><span>Se ha protegido a la poblaci\u00f3n gracias a la campa\u00f1a Mascarilla\/Salud<\/span><\/strong><\/p>\n<p><strong>Con el objetivo de facilitar el acceso a las mascarillas a toda la poblaci\u00f3n<\/strong>, en un momento en que hab\u00eda escasez de este producto, el CCFC y el Departamento de Salud de la Generalitat impulsaron la <strong>campa\u00f1a Mascarilla \/Salud<\/strong>. Actualmente, desde la red de 3.227 farmacias catalanas ya se han distribuido en la poblaci\u00f3n <strong>m\u00e1s de 8 millones de mascarillas sanitarias<\/strong>. La primera mascarilla es gratuita para todos los ciudadanos, las siguientes se pueden adquirir a un precio de 0,76 c\u00e9ntimos\/unidad, sin ning\u00fan margen de beneficio por la oficina de farmacia ni por la distribuci\u00f3n.\u00a0<\/p>\n<p><strong><u>Compromiso y responsabilidad de la profesi\u00f3n farmac\u00e9utica frente a la crisis sanitaria<\/u><\/strong><\/p>\n<p>Durante esta situaci\u00f3n excepcional, se ha puesto de manifiesto una vez m\u00e1s <strong>la importante tarea<\/strong> <strong>que los farmac\u00e9uticos realizan desde los diferentes \u00e1mbitos de actuaci\u00f3n de forma coordinada -farmacia comunitaria, distribuci\u00f3n, industria, hospitales, an\u00e1lisis, atenci\u00f3n primaria y salud p\u00fablica, entre otros-, <\/strong>con el objetivo de dar respuesta con <strong>compromiso y responsabilidad a los retos que ha generado esta crisis sanitaria<\/strong>. A su vez, se ha constatado que el modelo de receta electr\u00f3nica establecido en Catalunya permite que la red de farmacias sea un pilar primordial en el sistema sanitario.<\/p>\n<\/div>\n<p>\u00a0\u2022 Los farmac\u00e9uticos han estado en primera l\u00ednea durante la crisis sanitaria provocada por la COVID-19. Como profesionales sanitarios de referencia y m\u00e1s cercanos a los ciudadanos han atendido e informado a la poblaci\u00f3n, resolviendo consultas sobre su salud, y tambi\u00e9n se han coordinado con la Administraci\u00f3n para descongestionar el sistema sanitario\u00a0<\/p>\n<p>\u00a0<\/p>\n<p>\u2022 A trav\u00e9s de las farmacias, se han puesto en marcha diferentes iniciativas con el objetivo de hacer llegar la medicaci\u00f3n a personas vulnerables con la creaci\u00f3n de una red de voluntarios o de facilitar el acceso de la poblaci\u00f3n a las mascarillas, en un momento en el que hab\u00eda escasez de este producto<\/p>\n<p>\u00a0<\/p>\n<p>\u2022 La coordinaci\u00f3n de la red de farmacias, junto con el modelo de receta electr\u00f3nica establecido en Catalu\u00f1a, han permitido aplicar con celeridad circuitos excepcionales y que la profesi\u00f3n farmac\u00e9utica sea un pilar primordial en el sistema sanitario<\/p>\n<p>\u00a0<\/p>\n<p>\u2022 Se ha puesto de manifiesto una vez m\u00e1s la importante labor que los farmac\u00e9uticos realizan desde los diferentes \u00e1mbitos de actuaci\u00f3n de forma coordinada, con el objetivo de dar respuesta con compromiso y responsabilidad a los retos que ha generado esta crisis sanitaria.<\/p>\n<p>\u00a0<\/p>\n<p>Barcelona, 12 de junio de 2020. Los farmac\u00e9uticos, como profesionales sanitarios m\u00e1s cercanos a los ciudadanos, han estado en primera l\u00ednea durante la pandemia provocada por la COVID-19. En la gesti\u00f3n de esta crisis sanitaria, han realizado un esfuerzo extraordinario m\u00e1s all\u00e1 del trabajo que ya realizan en su d\u00eda a d\u00eda, implic\u00e1ndose en diferentes iniciativas impulsadas conjuntamente con la Administraci\u00f3n y trabajando para garantizar el acceso al medicamento , la protecci\u00f3n de toda la poblaci\u00f3n y atender sus necesidades con las m\u00e1ximas garant\u00edas.<\/p>\n<p>\u00bfQu\u00e9 se ha logrado con la actuaci\u00f3n de los farmac\u00e9uticos durante la COVID-19?<\/p>\n<p>Se ha hecho llegar la medicaci\u00f3n a los pacientes vulnerables con la creaci\u00f3n de una red de voluntarios<\/p>\n<p>Para hacer llegar la medicaci\u00f3n a personas mayores y vulnerables que no pod\u00edan salir de casa para ir a recogerla a la farmacia, desde el CCFC, en colaboraci\u00f3n con la Universidad de Barcelona y la Universidad Ramon Llull, se ha creado una red de voluntarios formada inicialmente por estudiantes de farmacia y colegiados que no estaban pudiendo desarrollar su actividad laboral con normalidad. Posteriormente, otros colectivos como los deportistas, a trav\u00e9s de la UFEC, se sumaron a esta iniciativa. En total, m\u00e1s de 135 voluntarios en Catalu\u00f1a han realizado m\u00e1s de 770 servicios requeridos por cerca de 150 farmacias.<\/p>\n<p>Por otra parte, a trav\u00e9s de la farmacia comunitaria, se han acercado los Medicamentos Hospitalarios de Dispensaci\u00f3n Ambulatoria (MHDA) en el domicilio del paciente en colaboraci\u00f3n con la farmacia hospitalaria, cuando \u00e9sta lo ha solicitado. En el marco de este proyecto, que tambi\u00e9n ha contado con la implicaci\u00f3n de la distribuci\u00f3n, se han entregado cerca de 3.000 medicamentos.<\/p>\n<p>Se ha garantizado la prestaci\u00f3n farmac\u00e9utica en los Hotels-Salut<\/p>\n<p>En el marco de la situaci\u00f3n excepcional generada por la COVID-19, el Departamento de Salud ha habilitado a los llamados Hotels-Salut para acoger a pacientes leves que se les hab\u00eda dado el alta hospitalaria. Las farmacias comunitarias tambi\u00e9n se han implicado en este proyecto dispensando medicamentos a 1.795 pacientes (11.453 dispensaciones) -hasta el 31 de mayo-, y provey\u00e9ndolos de material sanitario gracias a la colaboraci\u00f3n de la distribuci\u00f3n farmac\u00e9utica y las donaciones de diferentes empresas.<\/p>\n<p>Se han evitado desplazamientos innecesarios a los centros sanitarios <\/p>\n<p>La gesti\u00f3n del plan de medicaci\u00f3n en las farmacias ha evitado m\u00e1s de un mill\u00f3n de visitas a los centros sanitarios. Esto ha sido posible gracias a la medida implementada por el Servicio Catal\u00e1n de la Salud, conjuntamente con el Consejo de Colegios Farmac\u00e9uticos de Catalu\u00f1a (CCFC), que permit\u00eda que los usuarios pudieran ir directamente a la farmacia, con o sin el plan de medicaci\u00f3n .<\/p>\n<p>Concretamente, desde mediados de marzo hasta el 31 de mayo, en las farmacias se han reimpreso m\u00e1s de 1.700.000 planes de medicaci\u00f3n, ya sea porque lo que ten\u00eda el usuario no estaba vigente o porque no llevaba ninguna , de forma que se ha garantizado el acceso a la continuidad del tratamiento oa nueva medicaci\u00f3n prescrita sin tener que desplazarse al CAP.<\/p>\n<p>Tambi\u00e9n se ha permitido que a los pacientes cr\u00f3nicos con prescripciones de larga duraci\u00f3n y que requer\u00edan renovarla, se les pudiera continuar dispensando los tratamientos sin necesidad de ir al CAP. En total, en las farmacias se han atendido a m\u00e1s de 79.800 pacientes cr\u00f3nicos.<\/p>\n<p>Por otra parte, para evitar desplazamientos innecesarios de los pacientes, y de forma excepcional, se han habilitado diferentes sistemas para verificar y dispensar las recetas privadas de forma virtual con total seguridad.<\/p>\n<p>Se ha protegido a la poblaci\u00f3n gracias a la campa\u00f1a Mascarilla\/Salud<\/p>\n<p>Con el objetivo de facilitar el acceso a las mascarillas a toda la poblaci\u00f3n, en un momento en que hab\u00eda escasez de este producto, el CCFC y el Departamento de Salud de la Generalitat impulsaron la campa\u00f1a Mascareta\/Salut. Actualmente, desde la red de 3.227 farmacias catalanas ya se han distribuido en la poblaci\u00f3n m\u00e1s de 8 millones de mascarillas sanitarias. La primera mascarilla es gratuita para todos los ciudadanos, las siguientes se pueden adquirir a un precio de 0,76 c\u00e9ntimos\/unidad, sin ning\u00fan margen de beneficio por la oficina de farmacia ni por la distribuci\u00f3n.\u00a0<\/p>\n<p>Compromiso y responsabilidad de la profesi\u00f3n farmac\u00e9utica frente a la crisis sanitaria<\/p>\n<p>Durante esta situaci\u00f3n excepcional, se ha puesto de manifiesto una vez m\u00e1s la importante labor que los farmac\u00e9uticos realizan desde los diferentes \u00e1mbitos de actuaci\u00f3n de forma coordinada \u2013farmacia comunitaria, distribuci\u00f3n, industria, hospitales, an\u00e1lisis, atenci\u00f3n primaria y salud p\u00fablica, entre otros-, con el objetivo de dar respuesta con compromiso y responsabilidad a los retos que ha generado esta crisis sanitaria. A su vez, se ha constatado que el modelo de receta electr\u00f3nica establecido en Catalunya permite que la red de farmacias sea un pilar primordial en el sistema sanitario.  COFB.ORG<\/p>","protected":false},"excerpt":{"rendered":"<p>\u00a0 \u2022 Los farmac\u00e9uticos han estado en primera l\u00ednea durante la crisis sanitaria provocada por la COVID-19. Como profesionales sanitarios de referencia y m\u00e1s cercanos a los ciudadanos han atendido e informado a la poblaci\u00f3n, resolviendo consultas sobre su salud, y tambi\u00e9n se han coordinando con la Administraci\u00f3n para descongestionar el sistema [\u2026]<\/p>","protected":false},"author":1,"featured_media":0,"comment_status":"","ping_status":"","sticky":false,"template":"","format":"standard","meta":{"_uag_custom_page_level_css":"","site-sidebar-layout":"default","site-content-layout":"","ast-site-content-layout":"default","site-content-style":"default","site-sidebar-style":"default","ast-global-header-display":"","ast-banner-title-visibility":"","ast-main-header-display":"","ast-hfb-above-header-display":"","ast-hfb-below-header-display":"","ast-hfb-mobile-header-display":"","site-post-title":"","ast-breadcrumbs-content":"","ast-featured-img":"disabled","footer-sml-layout":"","theme-transparent-header-meta":"","adv-header-id-meta":"","stick-header-meta":"","header-above-stick-meta":"","header-main-stick-meta":"","header-below-stick-meta":"","astra-migrate-meta-layouts":"default","ast-page-background-enabled":"default","ast-page-background-meta":{"desktop":{"background-color":"var(--ast-global-color-4)","background-image":"","background-repeat":"repeat","background-position":"center center","background-size":"auto","background-attachment":"scroll","background-type":"","background-media":"","overlay-type":"","overlay-color":"","overlay-opacity":"","overlay-gradient":""},"tablet":{"background-color":"","background-image":"","background-repeat":"repeat","background-position":"center center","background-size":"auto","background-attachment":"scroll","background-type":"","background-media":"","overlay-type":"","overlay-color":"","overlay-opacity":"","overlay-gradient":""},"mobile":{"background-color":"","background-image":"","background-repeat":"repeat","background-position":"center center","background-size":"auto","background-attachment":"scroll","background-type":"","background-media":"","overlay-type":"","overlay-color":"","overlay-opacity":"","overlay-gradient":""}},"ast-content-background-meta":{"desktop":{"background-color":"var(--ast-global-color-5)","background-image":"","background-repeat":"repeat","background-position":"center center","background-size":"auto","background-attachment":"scroll","background-type":"","background-media":"","overlay-type":"","overlay-color":"","overlay-opacity":"","overlay-gradient":""},"tablet":{"background-color":"var(--ast-global-color-5)","background-image":"","background-repeat":"repeat","background-position":"center center","background-size":"auto","background-attachment":"scroll","background-type":"","background-media":"","overlay-type":"","overlay-color":"","overlay-opacity":"","overlay-gradient":""},"mobile":{"background-color":"var(--ast-global-color-5)","background-image":"","background-repeat":"repeat","background-position":"center center","background-size":"auto","background-attachment":"scroll","background-type":"","background-media":"","overlay-type":"","overlay-color":"","overlay-opacity":"","overlay-gradient":""}},"footnotes":""},"categories":[1060,1066],"tags":[],"class_list":["post-77123","post","type-post","status-publish","format-standard","hentry","category-notes-premsa","category-sense-categoria-ca"],"yoast_head":"<!-- This site is optimized with the Yoast SEO plugin v22.4 - https:\/\/yoast.com\/wordpress\/plugins\/seo\/ -->\n<title>El paper del farmac\u00e8utic durant la crisi de la COVID-19, clau per assegurar la medicaci\u00f3 als pacients, evitar despla\u00e7aments innecessaris als centres sanitaris i protegir la poblaci\u00f3 - Col\u00b7legi de Farmac\u00e8utics de Barcelona<\/title>\n<meta name=\"robots\" content=\"index, follow, max-snippet:-1, max-image-preview:large, max-video-preview:-1\" \/>\n<link rel=\"canonical\" href=\"https:\/\/novaorg.cofb.net\/2020\/06\/12\/el-paper-del-farmaceutic-durant-la-crisi-de-la-covid-19-clau-per-assegurar-la-medicacio-als-pacients-evitar-desplacaments-innecessaris-als-centres-sanitaris-i-protegir-la-poblacio\/\" \/>\n<meta property=\"og:locale\" content=\"es_ES\" \/>\n<meta property=\"og:type\" content=\"article\" \/>\n<meta property=\"og:title\" content=\"El paper del farmac\u00e8utic durant la crisi de la COVID-19, clau per assegurar la medicaci\u00f3 als pacients, evitar despla\u00e7aments innecessaris als centres sanitaris i protegir la poblaci\u00f3 - Col\u00b7legi de Farmac\u00e8utics de Barcelona\" \/>\n<meta property=\"og:description\" content=\"\u00a0 \u2022 Els farmac\u00e8utics han estat a primera l\u00ednia durant la crisi sanit\u00e0ria provocada per la COVID-19. Com a professionals sanitaris de refer\u00e8ncia i m\u00e9s pr\u00f2xims als ciutadans han at\u00e8s i informat la poblaci\u00f3, resolent consultes sobre la seva salut, i tamb\u00e9 s\u2019han coordinant\u00a0 amb l\u2019Administraci\u00f3 per descongestionar el sistema [&hellip;]\" \/>\n<meta property=\"og:url\" content=\"https:\/\/novaorg.cofb.net\/2020\/06\/12\/el-paper-del-farmaceutic-durant-la-crisi-de-la-covid-19-clau-per-assegurar-la-medicacio-als-pacients-evitar-desplacaments-innecessaris-als-centres-sanitaris-i-protegir-la-poblacio\/\" \/>\n<meta property=\"og:site_name\" content=\"Col\u00b7legi de Farmac\u00e8utics de Barcelona\" \/>\n<meta property=\"article:publisher\" content=\"https:\/\/www.facebook.com\/farmaceuticsbcn\/\" \/>\n<meta property=\"article:published_time\" content=\"2020-06-12T14:01:00+00:00\" \/>\n<meta name=\"author\" content=\"wpAdminCofbOrg\" \/>\n<meta name=\"twitter:card\" content=\"summary_large_image\" \/>\n<meta name=\"twitter:creator\" content=\"@farmaceuticsbcn\" \/>\n<meta name=\"twitter:site\" content=\"@farmaceuticsbcn\" \/>\n<meta name=\"twitter:label1\" content=\"Escrito por\" \/>\n\t<meta name=\"twitter:data1\" content=\"wpAdminCofbOrg\" \/>\n\t<meta name=\"twitter:label2\" content=\"Tiempo de lectura\" \/>\n\t<meta name=\"twitter:data2\" content=\"10 minutos\" \/>\n<script type=\"application\/ld+json\" class=\"yoast-schema-graph\">{\"@context\":\"https:\/\/schema.org\",\"@graph\":[{\"@type\":\"Article\",\"@id\":\"https:\/\/novaorg.cofb.net\/2020\/06\/12\/el-paper-del-farmaceutic-durant-la-crisi-de-la-covid-19-clau-per-assegurar-la-medicacio-als-pacients-evitar-desplacaments-innecessaris-als-centres-sanitaris-i-protegir-la-poblacio\/#article\",\"isPartOf\":{\"@id\":\"https:\/\/novaorg.cofb.net\/2020\/06\/12\/el-paper-del-farmaceutic-durant-la-crisi-de-la-covid-19-clau-per-assegurar-la-medicacio-als-pacients-evitar-desplacaments-innecessaris-als-centres-sanitaris-i-protegir-la-poblacio\/\"},\"author\":{\"name\":\"wpAdminCofbOrg\",\"@id\":\"https:\/\/www.cofb.org\/#\/schema\/person\/22ed7eea88da74b0fa4d3154ad87ffcb\"},\"headline\":\"El paper del farmac\u00e8utic durant la crisi de la COVID-19, clau per assegurar la medicaci\u00f3 als pacients, evitar despla\u00e7aments innecessaris als centres sanitaris i protegir la poblaci\u00f3\",\"datePublished\":\"2020-06-12T14:01:00+00:00\",\"dateModified\":\"2020-06-12T14:01:00+00:00\",\"mainEntityOfPage\":{\"@id\":\"https:\/\/novaorg.cofb.net\/2020\/06\/12\/el-paper-del-farmaceutic-durant-la-crisi-de-la-covid-19-clau-per-assegurar-la-medicacio-als-pacients-evitar-desplacaments-innecessaris-als-centres-sanitaris-i-protegir-la-poblacio\/\"},\"wordCount\":2117,\"publisher\":{\"@id\":\"https:\/\/www.cofb.org\/#organization\"},\"articleSection\":[\"Notes de premsa\",\"Sense categoria\"],\"inLanguage\":\"es\"},{\"@type\":\"WebPage\",\"@id\":\"https:\/\/novaorg.cofb.net\/2020\/06\/12\/el-paper-del-farmaceutic-durant-la-crisi-de-la-covid-19-clau-per-assegurar-la-medicacio-als-pacients-evitar-desplacaments-innecessaris-als-centres-sanitaris-i-protegir-la-poblacio\/\",\"url\":\"https:\/\/novaorg.cofb.net\/2020\/06\/12\/el-paper-del-farmaceutic-durant-la-crisi-de-la-covid-19-clau-per-assegurar-la-medicacio-als-pacients-evitar-desplacaments-innecessaris-als-centres-sanitaris-i-protegir-la-poblacio\/\",\"name\":\"El paper del farmac\u00e8utic durant la crisi de la COVID-19, clau per assegurar la medicaci\u00f3 als pacients, evitar despla\u00e7aments innecessaris als centres sanitaris i protegir la poblaci\u00f3 - Col\u00b7legi de Farmac\u00e8utics de Barcelona\",\"isPartOf\":{\"@id\":\"https:\/\/www.cofb.org\/#website\"},\"datePublished\":\"2020-06-12T14:01:00+00:00\",\"dateModified\":\"2020-06-12T14:01:00+00:00\",\"breadcrumb\":{\"@id\":\"https:\/\/novaorg.cofb.net\/2020\/06\/12\/el-paper-del-farmaceutic-durant-la-crisi-de-la-covid-19-clau-per-assegurar-la-medicacio-als-pacients-evitar-desplacaments-innecessaris-als-centres-sanitaris-i-protegir-la-poblacio\/#breadcrumb\"},\"inLanguage\":\"es\",\"potentialAction\":[{\"@type\":\"ReadAction\",\"target\":[\"https:\/\/novaorg.cofb.net\/2020\/06\/12\/el-paper-del-farmaceutic-durant-la-crisi-de-la-covid-19-clau-per-assegurar-la-medicacio-als-pacients-evitar-desplacaments-innecessaris-als-centres-sanitaris-i-protegir-la-poblacio\/\"]}]},{\"@type\":\"BreadcrumbList\",\"@id\":\"https:\/\/novaorg.cofb.net\/2020\/06\/12\/el-paper-del-farmaceutic-durant-la-crisi-de-la-covid-19-clau-per-assegurar-la-medicacio-als-pacients-evitar-desplacaments-innecessaris-als-centres-sanitaris-i-protegir-la-poblacio\/#breadcrumb\",\"itemListElement\":[{\"@type\":\"ListItem\",\"position\":1,\"name\":\"Inici\",\"item\":\"https:\/\/novaorg.cofb.net\/\"},{\"@type\":\"ListItem\",\"position\":2,\"name\":\"El paper del farmac\u00e8utic durant la crisi de la COVID-19, clau per assegurar la medicaci\u00f3 als pacients, evitar despla\u00e7aments innecessaris als centres sanitaris i protegir la poblaci\u00f3\"}]},{\"@type\":\"WebSite\",\"@id\":\"https:\/\/www.cofb.org\/#website\",\"url\":\"https:\/\/www.cofb.org\/\",\"name\":\"Col\u00b7legi de Farmac\u00e8utics de Barcelona\",\"description\":\"\",\"publisher\":{\"@id\":\"https:\/\/www.cofb.org\/#organization\"},\"potentialAction\":[{\"@type\":\"SearchAction\",\"target\":{\"@type\":\"EntryPoint\",\"urlTemplate\":\"https:\/\/www.cofb.org\/?s={search_term_string}\"},\"query-input\":\"required name=search_term_string\"}],\"inLanguage\":\"es\"},{\"@type\":\"Organization\",\"@id\":\"https:\/\/www.cofb.org\/#organization\",\"name\":\"Col\u00b7legi de Farmac\u00e8utics de Barcelona\",\"url\":\"https:\/\/www.cofb.org\/\",\"logo\":{\"@type\":\"ImageObject\",\"inLanguage\":\"es\",\"@id\":\"https:\/\/www.cofb.org\/#\/schema\/logo\/image\/\",\"url\":\"https:\/\/www.cofb.org\/wp-content\/uploads\/2023\/11\/cropped-Logotip-COFB.png\",\"contentUrl\":\"https:\/\/www.cofb.org\/wp-content\/uploads\/2023\/11\/cropped-Logotip-COFB.png\",\"width\":500,\"height\":105,\"caption\":\"Col\u00b7legi de Farmac\u00e8utics de Barcelona\"},\"image\":{\"@id\":\"https:\/\/www.cofb.org\/#\/schema\/logo\/image\/\"},\"sameAs\":[\"https:\/\/www.facebook.com\/farmaceuticsbcn\/\",\"https:\/\/twitter.com\/farmaceuticsbcn\",\"https:\/\/www.instagram.com\/farmaceuticsbcn\/\",\"https:\/\/www.linkedin.com\/company\/farmaceuticsbcn\/\"]},{\"@type\":\"Person\",\"@id\":\"https:\/\/www.cofb.org\/#\/schema\/person\/22ed7eea88da74b0fa4d3154ad87ffcb\",\"name\":\"wpAdminCofbOrg\",\"image\":{\"@type\":\"ImageObject\",\"inLanguage\":\"es\",\"@id\":\"https:\/\/www.cofb.org\/#\/schema\/person\/image\/\",\"url\":\"https:\/\/secure.gravatar.com\/avatar\/1721b20b3b8ca882c3b56ec6c978c594fff670e40c0718e9190eaeeb76aae7d8?s=96&d=mm&r=g\",\"contentUrl\":\"https:\/\/secure.gravatar.com\/avatar\/1721b20b3b8ca882c3b56ec6c978c594fff670e40c0718e9190eaeeb76aae7d8?s=96&d=mm&r=g\",\"caption\":\"wpAdminCofbOrg\"},\"sameAs\":[\"http:\/\/192.168.64.122\/wordpress\"],\"url\":\"https:\/\/www.cofb.org\/es\/author\/wpadmincofborg\/\"}]}<\/script>\n<!-- \/ Yoast SEO plugin. -->","yoast_head_json":{"title":"El paper del farmac\u00e8utic durant la crisi de la COVID-19, clau per assegurar la medicaci\u00f3 als pacients, evitar despla\u00e7aments innecessaris als centres sanitaris i protegir la poblaci\u00f3 - Col\u00b7legi de Farmac\u00e8utics de Barcelona","robots":{"index":"index","follow":"follow","max-snippet":"max-snippet:-1","max-image-preview":"max-image-preview:large","max-video-preview":"max-video-preview:-1"},"canonical":"https:\/\/novaorg.cofb.net\/2020\/06\/12\/el-paper-del-farmaceutic-durant-la-crisi-de-la-covid-19-clau-per-assegurar-la-medicacio-als-pacients-evitar-desplacaments-innecessaris-als-centres-sanitaris-i-protegir-la-poblacio\/","og_locale":"es_ES","og_type":"article","og_title":"El paper del farmac\u00e8utic durant la crisi de la COVID-19, clau per assegurar la medicaci\u00f3 als pacients, evitar despla\u00e7aments innecessaris als centres sanitaris i protegir la poblaci\u00f3 - Col\u00b7legi de Farmac\u00e8utics de Barcelona","og_description":"\u00a0 \u2022 Els farmac\u00e8utics han estat a primera l\u00ednia durant la crisi sanit\u00e0ria provocada per la COVID-19. Com a professionals sanitaris de refer\u00e8ncia i m\u00e9s pr\u00f2xims als ciutadans han at\u00e8s i informat la poblaci\u00f3, resolent consultes sobre la seva salut, i tamb\u00e9 s\u2019han coordinant\u00a0 amb l\u2019Administraci\u00f3 per descongestionar el sistema [&hellip;]","og_url":"https:\/\/novaorg.cofb.net\/2020\/06\/12\/el-paper-del-farmaceutic-durant-la-crisi-de-la-covid-19-clau-per-assegurar-la-medicacio-als-pacients-evitar-desplacaments-innecessaris-als-centres-sanitaris-i-protegir-la-poblacio\/","og_site_name":"Col\u00b7legi de Farmac\u00e8utics de Barcelona","article_publisher":"https:\/\/www.facebook.com\/farmaceuticsbcn\/","article_published_time":"2020-06-12T14:01:00+00:00","author":"wpAdminCofbOrg","twitter_card":"summary_large_image","twitter_creator":"@farmaceuticsbcn","twitter_site":"@farmaceuticsbcn","twitter_misc":{"Escrito por":"wpAdminCofbOrg","Tiempo de lectura":"10 minutos"},"schema":{"@context":"https:\/\/schema.org","@graph":[{"@type":"Article","@id":"https:\/\/novaorg.cofb.net\/2020\/06\/12\/el-paper-del-farmaceutic-durant-la-crisi-de-la-covid-19-clau-per-assegurar-la-medicacio-als-pacients-evitar-desplacaments-innecessaris-als-centres-sanitaris-i-protegir-la-poblacio\/#article","isPartOf":{"@id":"https:\/\/novaorg.cofb.net\/2020\/06\/12\/el-paper-del-farmaceutic-durant-la-crisi-de-la-covid-19-clau-per-assegurar-la-medicacio-als-pacients-evitar-desplacaments-innecessaris-als-centres-sanitaris-i-protegir-la-poblacio\/"},"author":{"name":"wpAdminCofbOrg","@id":"https:\/\/www.cofb.org\/#\/schema\/person\/22ed7eea88da74b0fa4d3154ad87ffcb"},"headline":"El paper del farmac\u00e8utic durant la crisi de la COVID-19, clau per assegurar la medicaci\u00f3 als pacients, evitar despla\u00e7aments innecessaris als centres sanitaris i protegir la poblaci\u00f3","datePublished":"2020-06-12T14:01:00+00:00","dateModified":"2020-06-12T14:01:00+00:00","mainEntityOfPage":{"@id":"https:\/\/novaorg.cofb.net\/2020\/06\/12\/el-paper-del-farmaceutic-durant-la-crisi-de-la-covid-19-clau-per-assegurar-la-medicacio-als-pacients-evitar-desplacaments-innecessaris-als-centres-sanitaris-i-protegir-la-poblacio\/"},"wordCount":2117,"publisher":{"@id":"https:\/\/www.cofb.org\/#organization"},"articleSection":["Notes de premsa","Sense categoria"],"inLanguage":"es"},{"@type":"WebPage","@id":"https:\/\/novaorg.cofb.net\/2020\/06\/12\/el-paper-del-farmaceutic-durant-la-crisi-de-la-covid-19-clau-per-assegurar-la-medicacio-als-pacients-evitar-desplacaments-innecessaris-als-centres-sanitaris-i-protegir-la-poblacio\/","url":"https:\/\/novaorg.cofb.net\/2020\/06\/12\/el-paper-del-farmaceutic-durant-la-crisi-de-la-covid-19-clau-per-assegurar-la-medicacio-als-pacients-evitar-desplacaments-innecessaris-als-centres-sanitaris-i-protegir-la-poblacio\/","name":"El paper del farmac\u00e8utic durant la crisi de la COVID-19, clau per assegurar la medicaci\u00f3 als pacients, evitar despla\u00e7aments innecessaris als centres sanitaris i protegir la poblaci\u00f3 - Col\u00b7legi de Farmac\u00e8utics de Barcelona","isPartOf":{"@id":"https:\/\/www.cofb.org\/#website"},"datePublished":"2020-06-12T14:01:00+00:00","dateModified":"2020-06-12T14:01:00+00:00","breadcrumb":{"@id":"https:\/\/novaorg.cofb.net\/2020\/06\/12\/el-paper-del-farmaceutic-durant-la-crisi-de-la-covid-19-clau-per-assegurar-la-medicacio-als-pacients-evitar-desplacaments-innecessaris-als-centres-sanitaris-i-protegir-la-poblacio\/#breadcrumb"},"inLanguage":"es","potentialAction":[{"@type":"ReadAction","target":["https:\/\/novaorg.cofb.net\/2020\/06\/12\/el-paper-del-farmaceutic-durant-la-crisi-de-la-covid-19-clau-per-assegurar-la-medicacio-als-pacients-evitar-desplacaments-innecessaris-als-centres-sanitaris-i-protegir-la-poblacio\/"]}]},{"@type":"BreadcrumbList","@id":"https:\/\/novaorg.cofb.net\/2020\/06\/12\/el-paper-del-farmaceutic-durant-la-crisi-de-la-covid-19-clau-per-assegurar-la-medicacio-als-pacients-evitar-desplacaments-innecessaris-als-centres-sanitaris-i-protegir-la-poblacio\/#breadcrumb","itemListElement":[{"@type":"ListItem","position":1,"name":"Inici","item":"https:\/\/novaorg.cofb.net\/"},{"@type":"ListItem","position":2,"name":"El paper del farmac\u00e8utic durant la crisi de la COVID-19, clau per assegurar la medicaci\u00f3 als pacients, evitar despla\u00e7aments innecessaris als centres sanitaris i protegir la poblaci\u00f3"}]},{"@type":"WebSite","@id":"https:\/\/www.cofb.org\/#website","url":"https:\/\/www.cofb.org\/","name":"Col\u00b7legi de Farmac\u00e8utics de Barcelona","description":"","publisher":{"@id":"https:\/\/www.cofb.org\/#organization"},"potentialAction":[{"@type":"SearchAction","target":{"@type":"EntryPoint","urlTemplate":"https:\/\/www.cofb.org\/?s={search_term_string}"},"query-input":"required name=search_term_string"}],"inLanguage":"es"},{"@type":"Organization","@id":"https:\/\/www.cofb.org\/#organization","name":"Col\u00b7legi de Farmac\u00e8utics de Barcelona","url":"https:\/\/www.cofb.org\/","logo":{"@type":"ImageObject","inLanguage":"es","@id":"https:\/\/www.cofb.org\/#\/schema\/logo\/image\/","url":"https:\/\/www.cofb.org\/wp-content\/uploads\/2023\/11\/cropped-Logotip-COFB.png","contentUrl":"https:\/\/www.cofb.org\/wp-content\/uploads\/2023\/11\/cropped-Logotip-COFB.png","width":500,"height":105,"caption":"Col\u00b7legi de Farmac\u00e8utics de Barcelona"},"image":{"@id":"https:\/\/www.cofb.org\/#\/schema\/logo\/image\/"},"sameAs":["https:\/\/www.facebook.com\/farmaceuticsbcn\/","https:\/\/twitter.com\/farmaceuticsbcn","https:\/\/www.instagram.com\/farmaceuticsbcn\/","https:\/\/www.linkedin.com\/company\/farmaceuticsbcn\/"]},{"@type":"Person","@id":"https:\/\/www.cofb.org\/#\/schema\/person\/22ed7eea88da74b0fa4d3154ad87ffcb","name":"wpAdminCofbOrg","image":{"@type":"ImageObject","inLanguage":"es","@id":"https:\/\/www.cofb.org\/#\/schema\/person\/image\/","url":"https:\/\/secure.gravatar.com\/avatar\/1721b20b3b8ca882c3b56ec6c978c594fff670e40c0718e9190eaeeb76aae7d8?s=96&d=mm&r=g","contentUrl":"https:\/\/secure.gravatar.com\/avatar\/1721b20b3b8ca882c3b56ec6c978c594fff670e40c0718e9190eaeeb76aae7d8?s=96&d=mm&r=g","caption":"wpAdminCofbOrg"},"sameAs":["http:\/\/192.168.64.122\/wordpress"],"url":"https:\/\/www.cofb.org\/es\/author\/wpadmincofborg\/"}]}},"uagb_featured_image_src":{"full":false,"thumbnail":false,"medium":false,"medium_large":false,"large":false,"1536x1536":false,"2048x2048":false,"trp-custom-language-flag":false},"uagb_author_info":{"display_name":"wpAdminCofbOrg","author_link":"https:\/\/www.cofb.org\/es\/author\/wpadmincofborg\/"},"uagb_comment_info":0,"uagb_excerpt":"\u00a0 \u2022 Els farmac\u00e8utics han estat a primera l\u00ednia durant la crisi sanit\u00e0ria provocada per la COVID-19. Com a professionals sanitaris de refer\u00e8ncia i m\u00e9s pr\u00f2xims als ciutadans han at\u00e8s i informat la poblaci\u00f3, resolent consultes sobre la seva salut, i tamb\u00e9 s\u2019han coordinant\u00a0 amb l\u2019Administraci\u00f3 per descongestionar el sistema [&hellip;]","_links":{"self":[{"href":"https:\/\/www.cofb.org\/es\/wp-json\/wp\/v2\/posts\/77123","targetHints":{"allow":["GET"]}}],"collection":[{"href":"https:\/\/www.cofb.org\/es\/wp-json\/wp\/v2\/posts"}],"about":[{"href":"https:\/\/www.cofb.org\/es\/wp-json\/wp\/v2\/types\/post"}],"author":[{"embeddable":true,"href":"https:\/\/www.cofb.org\/es\/wp-json\/wp\/v2\/users\/1"}],"replies":[{"embeddable":true,"href":"https:\/\/www.cofb.org\/es\/wp-json\/wp\/v2\/comments?post=77123"}],"version-history":[{"count":0,"href":"https:\/\/www.cofb.org\/es\/wp-json\/wp\/v2\/posts\/77123\/revisions"}],"wp:attachment":[{"href":"https:\/\/www.cofb.org\/es\/wp-json\/wp\/v2\/media?parent=77123"}],"wp:term":[{"taxonomy":"category","embeddable":true,"href":"https:\/\/www.cofb.org\/es\/wp-json\/wp\/v2\/categories?post=77123"},{"taxonomy":"post_tag","embeddable":true,"href":"https:\/\/www.cofb.org\/es\/wp-json\/wp\/v2\/tags?post=77123"}],"curies":[{"name":"wp","href":"https:\/\/api.w.org\/{rel}","templated":true}]}}