{"id":77122,"date":"2020-06-16T18:31:00","date_gmt":"2020-06-16T18:31:00","guid":{"rendered":"https:\/\/novaorg.cofb.net\/2020\/06\/16\/mes-de-600-inscrits-al-webinar-dagora-sanitaria-sobre-la-situacio-actual-dels-estudis-i-resultats-en-el-tractament-de-la-covid-19\/"},"modified":"2020-06-16T18:31:00","modified_gmt":"2020-06-16T18:31:00","slug":"mes-de-600-inscrits-al-webinar-dagora-sanitaria-sobre-la-situacio-actual-dels-estudis-i-resultats-en-el-tractament-de-la-covid-19","status":"publish","type":"post","link":"https:\/\/www.cofb.org\/es\/2020\/06\/16\/mes-de-600-inscrits-al-webinar-dagora-sanitaria-sobre-la-situacio-actual-dels-estudis-i-resultats-en-el-tractament-de-la-covid-19\/","title":{"rendered":"M\u00e1s de 600 inscritos en el webinar de \u00c0gora Sanit\u00e0ria sobre la situaci\u00f3n actual de los estudios y resultados en el tratamiento de la COVID-19"},"content":{"rendered":"<p>\u00a0<\/p>\n<ul>\n<li>Una de las principales conclusiones de esta conferencia online, impartida por Santiago Grau, farmac\u00e9utico cl\u00ednico del Hospital del Mar de Barcelona, fue que el hecho de ir conociendo m\u00e1s detalles sobre el comportamiento de esta enfermedad es clave para poder adaptarla las estrategias terap\u00e9uticas<\/li>\n<li>La actividad, patrocinada por Menarini, cont\u00f3 con una metodolog\u00eda participativa, ya que el ponente dedic\u00f3 la segunda parte del acto a resolver espec\u00edficamente las preguntas sobre el tratamiento de la COVID-19 que previamente hab\u00edan enviado a los inscritos<\/li>\n<li>Los asistentes, a trav\u00e9s de una encuesta, han realizado una valoraci\u00f3n muy positiva, tanto por la tem\u00e1tica escogida y el contenido explicado, como por el ponente que la imparti\u00f3 y la aplicabilidad pr\u00e1ctica en el d\u00eda a d\u00eda<\/li>\n<\/ul>\n<p><em>Barcelona, 16 de junio de 2020 <\/em><strong>\u00bfCu\u00e1l es la situaci\u00f3n actual de los estudios y resultados en el tratamiento de la COVID-19?<\/strong> \u00c9sta fue la pregunta a la que dio respuesta el <strong>webinar interactivo<\/strong> que imparti\u00f3 el pasado 11 de junio \u00c1gora Sanitaria \u2013la plataforma de formaci\u00f3n online de los Colegios de Farmac\u00e9uticos de Barcelona y Madrid\u2013, con el <strong>patrocinio de Menarini. <\/strong>La conferencia cont\u00f3 con <strong>m\u00e1s de 600 inscritos procedentes de toda Espa\u00f1a, que ejerc\u00edan en distintos \u00e1mbitos de la farmacia, principalmente, atenci\u00f3n primaria, hospitales y farmacia comunitaria.<\/strong><\/p>\n<p><u><strong>Conocer el comportamiento de la COVID-19, clave para adaptar las estrategias terap\u00e9uticas<\/strong><\/u><\/p>\n<p>Durante la conferencia, <strong>Santiago Grau,<\/strong> farmac\u00e9utico cl\u00ednico del Hospital del Mar de Barcelona, miembro destacado del PROA y experto en enfermedades infecciosas, <strong>present\u00f3 los \u00faltimos estudios y estrategias en el tratamiento farmacol\u00f3gico de la COVID-19, repasando los resultados obtenidos hasta el momento y las perspectivas futuras, y abordando la controversia generada en torno a f\u00e1rmacos como la hidroxicloroquina. <\/strong>Una de las principales conclusiones a las que lleg\u00f3 Grau durante su exposici\u00f3n, que estuvo moderada por <strong>Cristina Roure,<\/strong> vocal de Hospitales del Colegio de Farmac\u00e9uticos de Barcelona, fue que <strong>el hecho de ir conociendo m\u00e1s detalles sobre el comportamiento de esta enfermedad es clave para adaptar las estrategias terap\u00e9uticas. <\/strong>A su vez, la actividad se bas\u00f3 en una <strong>metodolog\u00eda participativa, <\/strong>ya que el ponente dedic\u00f3 <strong>la segunda parte del acto en resolver espec\u00edficamente las preguntas sobre el tratamiento de la COVID-19 que previamente hab\u00edan enviado los inscritos.<\/strong><\/p>\n<p><u><strong>Valoraci\u00f3n muy positiva por parte de los asistentes<\/strong><\/u><\/p>\n<p>Los <strong>asistentes<\/strong>, a trav\u00e9s de una encuesta, han realizado una <strong>valoraci\u00f3n muy positiva de la conferencia, tanto por la tem\u00e1tica escogida y el contenido explicado, como por el ponente que la imparti\u00f3 y la aplicabilidad pr\u00e1ctica en el d\u00eda a d\u00eda. <\/strong>Concretamente, destacaron sobre todo el hecho poder <strong>disponer de informaci\u00f3n actualizada en un momento en el que los datos al respecto son confusos y la necesidad de estar formados en este campo para poder aclarar las dudas que plantean los pacientes.<\/strong><\/p>\n<p>Otros aspectos que han remarcado en sus opiniones, han sido el <strong>&quot;poder estar al d\u00eda de las \u00faltimas novedades&quot;<\/strong>, acceder a<strong> &quot;informaci\u00f3n de rigor por parte de profesionales extremadamente cualificados&quot;<\/strong>, as\u00ed como el hecho de <strong>contestar a preguntas concretas realizadas por los alumnos, \u201cya que responde a la informaci\u00f3n que se necesita e interesa\u201d.<\/strong><\/p>\n<p>\u201cDado que es un <strong>tema de gran actualidad y que evoluciona constantemente, cre\u00edmos que era necesario realizar una conferencia que actualizara los conocimientos del farmac\u00e9utico, tanto desde el punto de vista de la estrategia terap\u00e9utica que se est\u00e1 siguiendo en las diferentes fases de la enfermedad, como de los estudios cl\u00ednicos y los avances en el tratamiento. Asimismo, poder realizar esta formaci\u00f3n a trav\u00e9s de un portal consolidado como es \u00c0gora Sanit\u00e0ria y, adem\u00e1s, en formato webinar, ha sido de gran ayuda para facilitar la asistencia\u201d<\/strong>, explica Cristina Roure, vocal de Hospitales del COFB y moderadora del acto.<\/p>\n<p>Por Ignacio Gonz\u00e1lez, director general de Menarini Espa\u00f1a, \u201c\u00c1rea cient\u00edfica Menarini es reconocida en el entorno sanitario como pionera, referente y l\u00edder en<strong> formaci\u00f3n continuada para profesionales de la salud. <\/strong>En sus casi 30 a\u00f1os de trayectoria, se han impartido m\u00e1s de<strong> 21.000 actividades de formaci\u00f3n en las que han participado m\u00e1s de 32.000 profesionales<\/strong> como ponentes y otros 530.000 han ampliado sus conocimientos. Para nosotros es un gran est\u00edmulo poder secundar y contribuir a la formaci\u00f3n m\u00e9dica de calidad en nuestro pa\u00eds\u201d.<\/p>\n<p><u><strong>Apuesta por el formato de webinar interactivo<\/strong><\/u><\/p>\n<p>Esta actividad se enmarca en<strong> la apuesta que ha realizado \u00c0gora Sanit\u00e0ria por ofrecer nuevos formatos formativos, incorporando a su amplio cat\u00e1logo la modalidad de webinar.<\/strong> El objetivo de este nuevo formato es ofrecer <strong>formaciones espec\u00edficas e interactivas,<\/strong> de no m\u00e1s de una hora y media, que <strong>den respuesta a cuestiones actuales de la profesi\u00f3n farmac\u00e9utica y que sirvan de complemento a las formaciones de m\u00e1s larga duraci\u00f3n que se encuentran en el portal.<\/strong><\/p>\n<p><em>Sobre \u00c1gora Sanitaria<\/em><\/p>\n<p><em>El portal de formaci\u00f3n online \u00c0gora Sanit\u00e0ria naci\u00f3 hace m\u00e1s de una d\u00e9cada de la voluntad de los Colegios de Farmac\u00e9uticos de Madrid y de Barcelona por promover y garantizar las competencias del profesional sanitario. Ambos colegios re\u00fanen una larga trayectoria en proyectos de formaci\u00f3n y coinciden en la importancia de tener una plataforma de aprendizaje que facilite la formaci\u00f3n continua de los profesionales sanitarios.<\/em><\/p>\n<p><em>En estos 10 a\u00f1os, m\u00e1s de 20.000 farmac\u00e9uticos y otros profesionales se han instruido en programas formativos enfocados a mejorar la pr\u00e1ctica diaria, como son la dispensaci\u00f3n y seguimiento farmacoterap\u00e9utico, la indicaci\u00f3n farmac\u00e9utica ante s\u00edntomas menores, el consejo nutricional, la dermofarmacia o la gesti\u00f3n de la propia farmacia.<\/em><\/p>\n<p><em>Acerca de Menarini Espa\u00f1a<\/em><\/p>\n<p><em>Menarini es un grupo farmac\u00e9utico internacional con m\u00e1s de 125 a\u00f1os de historia que est\u00e1 presente en m\u00e1s de 136 pa\u00edses en todo el mundo. Menarini Espa\u00f1a es una de las filiales estrat\u00e9gicas del grupo, con una producci\u00f3n de 58 millones de unidades de medicamentos al a\u00f1o y una plantilla de 760 trabajadores y trabajadoras. Su sede en Badalona, con una superficie de 13.000 m\u00b2, incluye la planta de producci\u00f3n y uno de los siete centros de I+D+i que el Grupo Menarini Internacional tiene en todo el mundo. Menarini, presente en Espa\u00f1a desde hace 55 a\u00f1os, se ubica entre las 15 primeras empresas del sector farmac\u00e9utico espa\u00f1ol. En 1979 Menarini decidi\u00f3 expandir su actividad en Latinoam\u00e9rica, hoy en d\u00eda est\u00e1 presente con filiales en M\u00e9xico, Colombia, Per\u00fa, y Centroam\u00e9rica y el Caribe; asimismo gracias a acuerdos comerciales, tambi\u00e9n se distribuyen productos en Argentina, Brasil, Chile y Ecuador. Uno de los compromisos m\u00e1s fuertes adquiridos por Menarini a lo largo de sus 60 a\u00f1os en Espa\u00f1a es la formaci\u00f3n continua de los profesionales sanitarios. Fruto de ello, en 1990, naci\u00f3 el \u00c1rea cient\u00edfica Menarini, cuyo objetivo principal es impartir formaci\u00f3n de calidad en el \u00e1mbito de la salud.<\/em><\/p>\n<p>\u00a0Una de las principales conclusiones de esta conferencia online, impartida por Santiago Grau, farmac\u00e9utico cl\u00ednico del Hospital del Mar de Barcelona, fue que el hecho de ir conociendo m\u00e1s detalles sobre el comportamiento de esta enfermedad es clave para poder adaptarla las estrategias terap\u00e9uticas<br \/>\n\tLa actividad, patrocinada por Menarini, cont\u00f3 con una metodolog\u00eda participativa, ya que el ponente dedic\u00f3 la segunda parte del acto a resolver espec\u00edficamente las preguntas sobre el tratamiento de la COVID-19 que previamente hab\u00edan enviado a los inscritos<br \/>\n\tLos asistentes, a trav\u00e9s de una encuesta, han realizado una valoraci\u00f3n muy positiva, tanto por la tem\u00e1tica escogida y el contenido explicado, como por el ponente que la imparti\u00f3 y la aplicabilidad pr\u00e1ctica en el d\u00eda a d\u00eda<\/p>\n<p>Barcelona, 16 de junio de 2020. \u00bfCu\u00e1l es la situaci\u00f3n actual de los estudios y resultados en el tratamiento de la COVID-19? \u00c9sta fue la pregunta a la que dio respuesta el webinar interactivo que imparti\u00f3 el pasado 11 de junio \u00c1gora Sanitaria \u2013la plataforma de formaci\u00f3n online de los Colegios de Farmac\u00e9uticos de Barcelona y Madrid\u2013, con el patrocinio de Menarini. La conferencia cont\u00f3 con m\u00e1s de 600 inscritos procedentes de toda Espa\u00f1a, que ejerc\u00edan en distintos \u00e1mbitos de la farmacia, principalmente, atenci\u00f3n primaria, hospitales y farmacia comunitaria.<\/p>\n<p>Conocer el comportamiento de la COVID-19, clave para adaptar las estrategias terap\u00e9uticas<\/p>\n<p>Durante la conferencia, Santiago Grau, farmac\u00e9utico cl\u00ednico del Hospital del Mar de Barcelona, miembro destacado del PROA y experto en enfermedades infecciosas, present\u00f3 los \u00faltimos estudios y estrategias en el tratamiento farmacol\u00f3gico de la COVID-19, repasando los resultados obtenidos hasta al momento y las perspectivas futuras, y abordando la controversia generada en torno a f\u00e1rmacos como la hidroxicloroquina. Una de las principales conclusiones a las que lleg\u00f3 Grau durante su exposici\u00f3n, que estuvo moderada por Cristina Roure, vocal de Hospitales del Colegio de Farmac\u00e9uticos de Barcelona, fue que el hecho de ir conociendo m\u00e1s detalles sobre el comportamiento de esta enfermedad es clave para poder adaptar las estrategias terap\u00e9uticas. A su vez, la actividad se bas\u00f3 en una metodolog\u00eda participativa, puesto que el ponente dedic\u00f3 la segunda parte del acto a resolver espec\u00edficamente las preguntas sobre el tratamiento de la COVID-19 que previamente hab\u00edan enviado los inscritos.<\/p>\n<p>Valoraci\u00f3n muy positiva por parte de los asistentes<\/p>\n<p>Los asistentes, a trav\u00e9s de una encuesta, han realizado una valoraci\u00f3n muy positiva de la conferencia, tanto por la tem\u00e1tica escogida y el contenido explicado, como por el ponente que la imparti\u00f3 y la aplicabilidad pr\u00e1ctica en el d\u00eda a d\u00eda. Concretamente, han destacado sobre todo el hecho de poder disponer de informaci\u00f3n actualizada en un momento en el que los datos al respecto son confusos y la necesidad de estar formados en este campo para poder despejar las dudas que plantean los pacientes.<\/p>\n<p>Otros aspectos que han remarcado en sus opiniones, han sido el \u201cpoder estar al d\u00eda de las \u00faltimas novedades\u201d, acceder a \u201cinformaci\u00f3n de rigor por parte de profesionales extremadamente cualificados\u201d, as\u00ed como contestar preguntas concretas realizadas por los alumnos, &quot;ya que responde a la informaci\u00f3n que se necesita e interesa&quot;.<\/p>\n<p>\u201cDado que es un tema de gran actualidad y que evoluciona constantemente, cre\u00edmos que era necesario realizar una conferencia que actualizara los conocimientos del farmac\u00e9utico, tanto desde el punto de vista de la estrategia terap\u00e9utica que se est\u00e1 siguiendo en las diferentes fases de la enfermedad, como los estudios cl\u00ednicos y los avances en el tratamiento. Asimismo, poder realizar esta formaci\u00f3n a trav\u00e9s de un portal consolidado como es \u00c0gora Sanit\u00e0ria y, adem\u00e1s, en formato webinar, ha sido de gran ayuda para facilitar la asistencia\u201d, explica Cristina Roure, vocal de Hospitals del COFB y moderadora del acto.<\/p>\n<p>Por Ignacio Gonz\u00e1lez, director general de Menarini Espa\u00f1a, \u201c\u00c1rea cient\u00edfica Menarini es reconocida en el entorno sanitario como pionera, referente y l\u00edder en formaci\u00f3n continua para profesionales de la salud. En sus casi 30 a\u00f1os de trayectoria, se han impartido m\u00e1s de 21.000 actividades de formaci\u00f3n en las que han participado m\u00e1s de 32.000 profesionales como ponentes y otros 530.000 han ampliado sus conocimientos. Para nosotros es un gran est\u00edmulo poder secundar y contribuir a la formaci\u00f3n m\u00e9dica de calidad en nuestro pa\u00eds\u201d.<\/p>\n<p>Apuesta por el formato de webinar interactivo<\/p>\n<p>Esta actividad se enmarca en la apuesta que ha realizado \u00c0gora Sanit\u00e0ria por ofrecer nuevos formatos formativos, incorporando a su amplio cat\u00e1logo la modalidad de webinar. El objetivo de este nuevo formato es ofrecer formaciones espec\u00edficas e interactivas, de no m\u00e1s de hora y media, que den respuesta a cuestiones actuales de la profesi\u00f3n farmac\u00e9utica y que sirvan de complemento a las formaciones de m\u00e1s larga duraci\u00f3n que se encuentran en el portal.<\/p>\n<p>Sobre \u00c1gora Sanitaria<\/p>\n<p>El portal de formaci\u00f3n online \u00c0gora Sanit\u00e0ria naci\u00f3 hace m\u00e1s de una d\u00e9cada de la voluntad de los Colegios de Farmac\u00e9uticos de Madrid y de Barcelona por promover y garantizar las competencias del profesional sanitario. Ambos colegios re\u00fanen una larga trayectoria en proyectos de formaci\u00f3n y coinciden en la importancia de tener una plataforma de aprendizaje que facilite la formaci\u00f3n continua de los profesionales sanitarios.<\/p>\n<p>En estos 10 a\u00f1os, m\u00e1s de 20.000 farmac\u00e9uticos y otros profesionales se han instruido en programas formativos enfocados a mejorar la pr\u00e1ctica diaria, como son la dispensaci\u00f3n y seguimiento farmacoterap\u00e9utico, la indicaci\u00f3n farmac\u00e9utica ante s\u00edntomas menores, el consejo nutricional, la dermofarmacia o la gesti\u00f3n de la propia farmacia.<\/p>\n<p>Acerca de Menarini Espa\u00f1a<\/p>\n<p>Menarini es un grupo farmac\u00e9utico internacional con m\u00e1s de 125 a\u00f1os de historia que est\u00e1 presente en m\u00e1s de 136 pa\u00edses en todo el mundo. Menarini Espa\u00f1a es una de las filiales estrat\u00e9gicas del grupo, con una producci\u00f3n de 58 millones de unidades de medicamentos al a\u00f1o y una plantilla de 760 trabajadores y trabajadoras. Su sede en Badalona, con una superficie de 13.000 m\u00b2, incluye la planta de producci\u00f3n y uno de los siete centros de I+D+i que el Grupo Menarini Internacional tiene en todo el mundo. Menarini, presente en Espa\u00f1a desde hace 55 a\u00f1os, se ubica entre las 15 primeras empresas del sector farmac\u00e9utico espa\u00f1ol. En 1979 Menarini decidi\u00f3 expandir su actividad en Latinoam\u00e9rica, hoy en d\u00eda est\u00e1 presente con filiales en M\u00e9xico, Colombia, Per\u00fa, y Centroam\u00e9rica y el Caribe; asimismo gracias a acuerdos comerciales, tambi\u00e9n se distribuyen productos en Argentina, Brasil, Chile y Ecuador. Uno de los compromisos m\u00e1s fuertes adquiridos por Menarini a lo largo de sus 60 a\u00f1os en Espa\u00f1a es la formaci\u00f3n continua de los profesionales sanitarios. Fruto de ello, en 1990, naci\u00f3 el \u00c1rea cient\u00edfica Menarini, cuyo objetivo principal es impartir formaci\u00f3n de calidad en el \u00e1mbito de la salud.  COFB.ORG<\/p>","protected":false},"excerpt":{"rendered":"<p>\u00a0 Una de las principales conclusiones de esta conferencia online, impartida por Santiago Grau, farmac\u00e9utico cl\u00ednico del Hospital del Mar de Barcelona, fue que el hecho de ir conociendo m\u00e1s detalles sobre el comportamiento de esta enfermedad es clave para poder adaptarla las estrategias terap\u00e9uticas La actividad, patrocinada por Menarini, cont\u00f3 con [\u2026]<\/p>","protected":false},"author":1,"featured_media":0,"comment_status":"","ping_status":"","sticky":false,"template":"","format":"standard","meta":{"_uag_custom_page_level_css":"","site-sidebar-layout":"default","site-content-layout":"","ast-site-content-layout":"default","site-content-style":"default","site-sidebar-style":"default","ast-global-header-display":"","ast-banner-title-visibility":"","ast-main-header-display":"","ast-hfb-above-header-display":"","ast-hfb-below-header-display":"","ast-hfb-mobile-header-display":"","site-post-title":"","ast-breadcrumbs-content":"","ast-featured-img":"disabled","footer-sml-layout":"","theme-transparent-header-meta":"","adv-header-id-meta":"","stick-header-meta":"","header-above-stick-meta":"","header-main-stick-meta":"","header-below-stick-meta":"","astra-migrate-meta-layouts":"default","ast-page-background-enabled":"default","ast-page-background-meta":{"desktop":{"background-color":"var(--ast-global-color-4)","background-image":"","background-repeat":"repeat","background-position":"center center","background-size":"auto","background-attachment":"scroll","background-type":"","background-media":"","overlay-type":"","overlay-color":"","overlay-opacity":"","overlay-gradient":""},"tablet":{"background-color":"","background-image":"","background-repeat":"repeat","background-position":"center center","background-size":"auto","background-attachment":"scroll","background-type":"","background-media":"","overlay-type":"","overlay-color":"","overlay-opacity":"","overlay-gradient":""},"mobile":{"background-color":"","background-image":"","background-repeat":"repeat","background-position":"center center","background-size":"auto","background-attachment":"scroll","background-type":"","background-media":"","overlay-type":"","overlay-color":"","overlay-opacity":"","overlay-gradient":""}},"ast-content-background-meta":{"desktop":{"background-color":"var(--ast-global-color-5)","background-image":"","background-repeat":"repeat","background-position":"center center","background-size":"auto","background-attachment":"scroll","background-type":"","background-media":"","overlay-type":"","overlay-color":"","overlay-opacity":"","overlay-gradient":""},"tablet":{"background-color":"var(--ast-global-color-5)","background-image":"","background-repeat":"repeat","background-position":"center center","background-size":"auto","background-attachment":"scroll","background-type":"","background-media":"","overlay-type":"","overlay-color":"","overlay-opacity":"","overlay-gradient":""},"mobile":{"background-color":"var(--ast-global-color-5)","background-image":"","background-repeat":"repeat","background-position":"center center","background-size":"auto","background-attachment":"scroll","background-type":"","background-media":"","overlay-type":"","overlay-color":"","overlay-opacity":"","overlay-gradient":""}},"footnotes":""},"categories":[1060,1066],"tags":[],"class_list":["post-77122","post","type-post","status-publish","format-standard","hentry","category-notes-premsa","category-sense-categoria-ca"],"yoast_head":"<!-- This site is optimized with the Yoast SEO plugin v22.4 - https:\/\/yoast.com\/wordpress\/plugins\/seo\/ -->\n<title>M\u00e9s de 600 inscrits al webinar d&#039;\u00c0gora Sanit\u00e0ria sobre la situaci\u00f3 actual dels estudis i resultats en el tractament de la COVID-19 - Col\u00b7legi de Farmac\u00e8utics de Barcelona<\/title>\n<meta name=\"robots\" content=\"index, follow, max-snippet:-1, max-image-preview:large, max-video-preview:-1\" \/>\n<link rel=\"canonical\" href=\"https:\/\/novaorg.cofb.net\/2020\/06\/16\/mes-de-600-inscrits-al-webinar-dagora-sanitaria-sobre-la-situacio-actual-dels-estudis-i-resultats-en-el-tractament-de-la-covid-19\/\" \/>\n<meta property=\"og:locale\" content=\"es_ES\" \/>\n<meta property=\"og:type\" content=\"article\" \/>\n<meta property=\"og:title\" content=\"M\u00e9s de 600 inscrits al webinar d&#039;\u00c0gora Sanit\u00e0ria sobre la situaci\u00f3 actual dels estudis i resultats en el tractament de la COVID-19 - Col\u00b7legi de Farmac\u00e8utics de Barcelona\" \/>\n<meta property=\"og:description\" content=\"\u00a0 Una de les principals conclusions d&#8217;aquesta confer\u00e8ncia online, impartida per Santiago Grau, farmac\u00e8utic cl\u00ednic de l&#8217;Hospital del Mar de Barcelona, va ser que el fet d&#8217;anar coneixent m\u00e9s detalls sobre el comportament d&#8217;aquesta malaltia \u00e9s clau per poder adaptar les estrat\u00e8gies terap\u00e8utiques L&#8217;activitat, patrocinada per Menarini, va comptar amb [&hellip;]\" \/>\n<meta property=\"og:url\" content=\"https:\/\/novaorg.cofb.net\/2020\/06\/16\/mes-de-600-inscrits-al-webinar-dagora-sanitaria-sobre-la-situacio-actual-dels-estudis-i-resultats-en-el-tractament-de-la-covid-19\/\" \/>\n<meta property=\"og:site_name\" content=\"Col\u00b7legi de Farmac\u00e8utics de Barcelona\" \/>\n<meta property=\"article:publisher\" content=\"https:\/\/www.facebook.com\/farmaceuticsbcn\/\" \/>\n<meta property=\"article:published_time\" content=\"2020-06-16T18:31:00+00:00\" \/>\n<meta name=\"author\" content=\"wpAdminCofbOrg\" \/>\n<meta name=\"twitter:card\" content=\"summary_large_image\" \/>\n<meta name=\"twitter:creator\" content=\"@farmaceuticsbcn\" \/>\n<meta name=\"twitter:site\" content=\"@farmaceuticsbcn\" \/>\n<meta name=\"twitter:label1\" content=\"Escrito por\" \/>\n\t<meta name=\"twitter:data1\" content=\"wpAdminCofbOrg\" \/>\n\t<meta name=\"twitter:label2\" content=\"Tiempo de lectura\" \/>\n\t<meta name=\"twitter:data2\" content=\"12 minutos\" \/>\n<script type=\"application\/ld+json\" class=\"yoast-schema-graph\">{\"@context\":\"https:\/\/schema.org\",\"@graph\":[{\"@type\":\"Article\",\"@id\":\"https:\/\/novaorg.cofb.net\/2020\/06\/16\/mes-de-600-inscrits-al-webinar-dagora-sanitaria-sobre-la-situacio-actual-dels-estudis-i-resultats-en-el-tractament-de-la-covid-19\/#article\",\"isPartOf\":{\"@id\":\"https:\/\/novaorg.cofb.net\/2020\/06\/16\/mes-de-600-inscrits-al-webinar-dagora-sanitaria-sobre-la-situacio-actual-dels-estudis-i-resultats-en-el-tractament-de-la-covid-19\/\"},\"author\":{\"name\":\"wpAdminCofbOrg\",\"@id\":\"https:\/\/www.cofb.org\/#\/schema\/person\/22ed7eea88da74b0fa4d3154ad87ffcb\"},\"headline\":\"M\u00e9s de 600 inscrits al webinar d&#8217;\u00c0gora Sanit\u00e0ria sobre la situaci\u00f3 actual dels estudis i resultats en el tractament de la COVID-19\",\"datePublished\":\"2020-06-16T18:31:00+00:00\",\"dateModified\":\"2020-06-16T18:31:00+00:00\",\"mainEntityOfPage\":{\"@id\":\"https:\/\/novaorg.cofb.net\/2020\/06\/16\/mes-de-600-inscrits-al-webinar-dagora-sanitaria-sobre-la-situacio-actual-dels-estudis-i-resultats-en-el-tractament-de-la-covid-19\/\"},\"wordCount\":2470,\"publisher\":{\"@id\":\"https:\/\/www.cofb.org\/#organization\"},\"articleSection\":[\"Notes de premsa\",\"Sense categoria\"],\"inLanguage\":\"es\"},{\"@type\":\"WebPage\",\"@id\":\"https:\/\/novaorg.cofb.net\/2020\/06\/16\/mes-de-600-inscrits-al-webinar-dagora-sanitaria-sobre-la-situacio-actual-dels-estudis-i-resultats-en-el-tractament-de-la-covid-19\/\",\"url\":\"https:\/\/novaorg.cofb.net\/2020\/06\/16\/mes-de-600-inscrits-al-webinar-dagora-sanitaria-sobre-la-situacio-actual-dels-estudis-i-resultats-en-el-tractament-de-la-covid-19\/\",\"name\":\"M\u00e9s de 600 inscrits al webinar d'\u00c0gora Sanit\u00e0ria sobre la situaci\u00f3 actual dels estudis i resultats en el tractament de la COVID-19 - Col\u00b7legi de Farmac\u00e8utics de Barcelona\",\"isPartOf\":{\"@id\":\"https:\/\/www.cofb.org\/#website\"},\"datePublished\":\"2020-06-16T18:31:00+00:00\",\"dateModified\":\"2020-06-16T18:31:00+00:00\",\"breadcrumb\":{\"@id\":\"https:\/\/novaorg.cofb.net\/2020\/06\/16\/mes-de-600-inscrits-al-webinar-dagora-sanitaria-sobre-la-situacio-actual-dels-estudis-i-resultats-en-el-tractament-de-la-covid-19\/#breadcrumb\"},\"inLanguage\":\"es\",\"potentialAction\":[{\"@type\":\"ReadAction\",\"target\":[\"https:\/\/novaorg.cofb.net\/2020\/06\/16\/mes-de-600-inscrits-al-webinar-dagora-sanitaria-sobre-la-situacio-actual-dels-estudis-i-resultats-en-el-tractament-de-la-covid-19\/\"]}]},{\"@type\":\"BreadcrumbList\",\"@id\":\"https:\/\/novaorg.cofb.net\/2020\/06\/16\/mes-de-600-inscrits-al-webinar-dagora-sanitaria-sobre-la-situacio-actual-dels-estudis-i-resultats-en-el-tractament-de-la-covid-19\/#breadcrumb\",\"itemListElement\":[{\"@type\":\"ListItem\",\"position\":1,\"name\":\"Inici\",\"item\":\"https:\/\/novaorg.cofb.net\/\"},{\"@type\":\"ListItem\",\"position\":2,\"name\":\"M\u00e9s de 600 inscrits al webinar d&#8217;\u00c0gora Sanit\u00e0ria sobre la situaci\u00f3 actual dels estudis i resultats en el tractament de la COVID-19\"}]},{\"@type\":\"WebSite\",\"@id\":\"https:\/\/www.cofb.org\/#website\",\"url\":\"https:\/\/www.cofb.org\/\",\"name\":\"Col\u00b7legi de Farmac\u00e8utics de Barcelona\",\"description\":\"\",\"publisher\":{\"@id\":\"https:\/\/www.cofb.org\/#organization\"},\"potentialAction\":[{\"@type\":\"SearchAction\",\"target\":{\"@type\":\"EntryPoint\",\"urlTemplate\":\"https:\/\/www.cofb.org\/?s={search_term_string}\"},\"query-input\":\"required name=search_term_string\"}],\"inLanguage\":\"es\"},{\"@type\":\"Organization\",\"@id\":\"https:\/\/www.cofb.org\/#organization\",\"name\":\"Col\u00b7legi de Farmac\u00e8utics de Barcelona\",\"url\":\"https:\/\/www.cofb.org\/\",\"logo\":{\"@type\":\"ImageObject\",\"inLanguage\":\"es\",\"@id\":\"https:\/\/www.cofb.org\/#\/schema\/logo\/image\/\",\"url\":\"https:\/\/www.cofb.org\/wp-content\/uploads\/2023\/11\/cropped-Logotip-COFB.png\",\"contentUrl\":\"https:\/\/www.cofb.org\/wp-content\/uploads\/2023\/11\/cropped-Logotip-COFB.png\",\"width\":500,\"height\":105,\"caption\":\"Col\u00b7legi de Farmac\u00e8utics de Barcelona\"},\"image\":{\"@id\":\"https:\/\/www.cofb.org\/#\/schema\/logo\/image\/\"},\"sameAs\":[\"https:\/\/www.facebook.com\/farmaceuticsbcn\/\",\"https:\/\/twitter.com\/farmaceuticsbcn\",\"https:\/\/www.instagram.com\/farmaceuticsbcn\/\",\"https:\/\/www.linkedin.com\/company\/farmaceuticsbcn\/\"]},{\"@type\":\"Person\",\"@id\":\"https:\/\/www.cofb.org\/#\/schema\/person\/22ed7eea88da74b0fa4d3154ad87ffcb\",\"name\":\"wpAdminCofbOrg\",\"image\":{\"@type\":\"ImageObject\",\"inLanguage\":\"es\",\"@id\":\"https:\/\/www.cofb.org\/#\/schema\/person\/image\/\",\"url\":\"https:\/\/secure.gravatar.com\/avatar\/1721b20b3b8ca882c3b56ec6c978c594fff670e40c0718e9190eaeeb76aae7d8?s=96&d=mm&r=g\",\"contentUrl\":\"https:\/\/secure.gravatar.com\/avatar\/1721b20b3b8ca882c3b56ec6c978c594fff670e40c0718e9190eaeeb76aae7d8?s=96&d=mm&r=g\",\"caption\":\"wpAdminCofbOrg\"},\"sameAs\":[\"http:\/\/192.168.64.122\/wordpress\"],\"url\":\"https:\/\/www.cofb.org\/es\/author\/wpadmincofborg\/\"}]}<\/script>\n<!-- \/ Yoast SEO plugin. -->","yoast_head_json":{"title":"M\u00e9s de 600 inscrits al webinar d'\u00c0gora Sanit\u00e0ria sobre la situaci\u00f3 actual dels estudis i resultats en el tractament de la COVID-19 - Col\u00b7legi de Farmac\u00e8utics de Barcelona","robots":{"index":"index","follow":"follow","max-snippet":"max-snippet:-1","max-image-preview":"max-image-preview:large","max-video-preview":"max-video-preview:-1"},"canonical":"https:\/\/novaorg.cofb.net\/2020\/06\/16\/mes-de-600-inscrits-al-webinar-dagora-sanitaria-sobre-la-situacio-actual-dels-estudis-i-resultats-en-el-tractament-de-la-covid-19\/","og_locale":"es_ES","og_type":"article","og_title":"M\u00e9s de 600 inscrits al webinar d'\u00c0gora Sanit\u00e0ria sobre la situaci\u00f3 actual dels estudis i resultats en el tractament de la COVID-19 - Col\u00b7legi de Farmac\u00e8utics de Barcelona","og_description":"\u00a0 Una de les principals conclusions d&#8217;aquesta confer\u00e8ncia online, impartida per Santiago Grau, farmac\u00e8utic cl\u00ednic de l&#8217;Hospital del Mar de Barcelona, va ser que el fet d&#8217;anar coneixent m\u00e9s detalls sobre el comportament d&#8217;aquesta malaltia \u00e9s clau per poder adaptar les estrat\u00e8gies terap\u00e8utiques L&#8217;activitat, patrocinada per Menarini, va comptar amb [&hellip;]","og_url":"https:\/\/novaorg.cofb.net\/2020\/06\/16\/mes-de-600-inscrits-al-webinar-dagora-sanitaria-sobre-la-situacio-actual-dels-estudis-i-resultats-en-el-tractament-de-la-covid-19\/","og_site_name":"Col\u00b7legi de Farmac\u00e8utics de Barcelona","article_publisher":"https:\/\/www.facebook.com\/farmaceuticsbcn\/","article_published_time":"2020-06-16T18:31:00+00:00","author":"wpAdminCofbOrg","twitter_card":"summary_large_image","twitter_creator":"@farmaceuticsbcn","twitter_site":"@farmaceuticsbcn","twitter_misc":{"Escrito por":"wpAdminCofbOrg","Tiempo de lectura":"12 minutos"},"schema":{"@context":"https:\/\/schema.org","@graph":[{"@type":"Article","@id":"https:\/\/novaorg.cofb.net\/2020\/06\/16\/mes-de-600-inscrits-al-webinar-dagora-sanitaria-sobre-la-situacio-actual-dels-estudis-i-resultats-en-el-tractament-de-la-covid-19\/#article","isPartOf":{"@id":"https:\/\/novaorg.cofb.net\/2020\/06\/16\/mes-de-600-inscrits-al-webinar-dagora-sanitaria-sobre-la-situacio-actual-dels-estudis-i-resultats-en-el-tractament-de-la-covid-19\/"},"author":{"name":"wpAdminCofbOrg","@id":"https:\/\/www.cofb.org\/#\/schema\/person\/22ed7eea88da74b0fa4d3154ad87ffcb"},"headline":"M\u00e9s de 600 inscrits al webinar d&#8217;\u00c0gora Sanit\u00e0ria sobre la situaci\u00f3 actual dels estudis i resultats en el tractament de la COVID-19","datePublished":"2020-06-16T18:31:00+00:00","dateModified":"2020-06-16T18:31:00+00:00","mainEntityOfPage":{"@id":"https:\/\/novaorg.cofb.net\/2020\/06\/16\/mes-de-600-inscrits-al-webinar-dagora-sanitaria-sobre-la-situacio-actual-dels-estudis-i-resultats-en-el-tractament-de-la-covid-19\/"},"wordCount":2470,"publisher":{"@id":"https:\/\/www.cofb.org\/#organization"},"articleSection":["Notes de premsa","Sense categoria"],"inLanguage":"es"},{"@type":"WebPage","@id":"https:\/\/novaorg.cofb.net\/2020\/06\/16\/mes-de-600-inscrits-al-webinar-dagora-sanitaria-sobre-la-situacio-actual-dels-estudis-i-resultats-en-el-tractament-de-la-covid-19\/","url":"https:\/\/novaorg.cofb.net\/2020\/06\/16\/mes-de-600-inscrits-al-webinar-dagora-sanitaria-sobre-la-situacio-actual-dels-estudis-i-resultats-en-el-tractament-de-la-covid-19\/","name":"M\u00e9s de 600 inscrits al webinar d'\u00c0gora Sanit\u00e0ria sobre la situaci\u00f3 actual dels estudis i resultats en el tractament de la COVID-19 - Col\u00b7legi de Farmac\u00e8utics de Barcelona","isPartOf":{"@id":"https:\/\/www.cofb.org\/#website"},"datePublished":"2020-06-16T18:31:00+00:00","dateModified":"2020-06-16T18:31:00+00:00","breadcrumb":{"@id":"https:\/\/novaorg.cofb.net\/2020\/06\/16\/mes-de-600-inscrits-al-webinar-dagora-sanitaria-sobre-la-situacio-actual-dels-estudis-i-resultats-en-el-tractament-de-la-covid-19\/#breadcrumb"},"inLanguage":"es","potentialAction":[{"@type":"ReadAction","target":["https:\/\/novaorg.cofb.net\/2020\/06\/16\/mes-de-600-inscrits-al-webinar-dagora-sanitaria-sobre-la-situacio-actual-dels-estudis-i-resultats-en-el-tractament-de-la-covid-19\/"]}]},{"@type":"BreadcrumbList","@id":"https:\/\/novaorg.cofb.net\/2020\/06\/16\/mes-de-600-inscrits-al-webinar-dagora-sanitaria-sobre-la-situacio-actual-dels-estudis-i-resultats-en-el-tractament-de-la-covid-19\/#breadcrumb","itemListElement":[{"@type":"ListItem","position":1,"name":"Inici","item":"https:\/\/novaorg.cofb.net\/"},{"@type":"ListItem","position":2,"name":"M\u00e9s de 600 inscrits al webinar d&#8217;\u00c0gora Sanit\u00e0ria sobre la situaci\u00f3 actual dels estudis i resultats en el tractament de la COVID-19"}]},{"@type":"WebSite","@id":"https:\/\/www.cofb.org\/#website","url":"https:\/\/www.cofb.org\/","name":"Col\u00b7legi de Farmac\u00e8utics de Barcelona","description":"","publisher":{"@id":"https:\/\/www.cofb.org\/#organization"},"potentialAction":[{"@type":"SearchAction","target":{"@type":"EntryPoint","urlTemplate":"https:\/\/www.cofb.org\/?s={search_term_string}"},"query-input":"required name=search_term_string"}],"inLanguage":"es"},{"@type":"Organization","@id":"https:\/\/www.cofb.org\/#organization","name":"Col\u00b7legi de Farmac\u00e8utics de Barcelona","url":"https:\/\/www.cofb.org\/","logo":{"@type":"ImageObject","inLanguage":"es","@id":"https:\/\/www.cofb.org\/#\/schema\/logo\/image\/","url":"https:\/\/www.cofb.org\/wp-content\/uploads\/2023\/11\/cropped-Logotip-COFB.png","contentUrl":"https:\/\/www.cofb.org\/wp-content\/uploads\/2023\/11\/cropped-Logotip-COFB.png","width":500,"height":105,"caption":"Col\u00b7legi de Farmac\u00e8utics de Barcelona"},"image":{"@id":"https:\/\/www.cofb.org\/#\/schema\/logo\/image\/"},"sameAs":["https:\/\/www.facebook.com\/farmaceuticsbcn\/","https:\/\/twitter.com\/farmaceuticsbcn","https:\/\/www.instagram.com\/farmaceuticsbcn\/","https:\/\/www.linkedin.com\/company\/farmaceuticsbcn\/"]},{"@type":"Person","@id":"https:\/\/www.cofb.org\/#\/schema\/person\/22ed7eea88da74b0fa4d3154ad87ffcb","name":"wpAdminCofbOrg","image":{"@type":"ImageObject","inLanguage":"es","@id":"https:\/\/www.cofb.org\/#\/schema\/person\/image\/","url":"https:\/\/secure.gravatar.com\/avatar\/1721b20b3b8ca882c3b56ec6c978c594fff670e40c0718e9190eaeeb76aae7d8?s=96&d=mm&r=g","contentUrl":"https:\/\/secure.gravatar.com\/avatar\/1721b20b3b8ca882c3b56ec6c978c594fff670e40c0718e9190eaeeb76aae7d8?s=96&d=mm&r=g","caption":"wpAdminCofbOrg"},"sameAs":["http:\/\/192.168.64.122\/wordpress"],"url":"https:\/\/www.cofb.org\/es\/author\/wpadmincofborg\/"}]}},"uagb_featured_image_src":{"full":false,"thumbnail":false,"medium":false,"medium_large":false,"large":false,"1536x1536":false,"2048x2048":false,"trp-custom-language-flag":false},"uagb_author_info":{"display_name":"wpAdminCofbOrg","author_link":"https:\/\/www.cofb.org\/es\/author\/wpadmincofborg\/"},"uagb_comment_info":0,"uagb_excerpt":"\u00a0 Una de les principals conclusions d&#8217;aquesta confer\u00e8ncia online, impartida per Santiago Grau, farmac\u00e8utic cl\u00ednic de l&#8217;Hospital del Mar de Barcelona, va ser que el fet d&#8217;anar coneixent m\u00e9s detalls sobre el comportament d&#8217;aquesta malaltia \u00e9s clau per poder adaptar les estrat\u00e8gies terap\u00e8utiques L&#8217;activitat, patrocinada per Menarini, va comptar amb [&hellip;]","_links":{"self":[{"href":"https:\/\/www.cofb.org\/es\/wp-json\/wp\/v2\/posts\/77122","targetHints":{"allow":["GET"]}}],"collection":[{"href":"https:\/\/www.cofb.org\/es\/wp-json\/wp\/v2\/posts"}],"about":[{"href":"https:\/\/www.cofb.org\/es\/wp-json\/wp\/v2\/types\/post"}],"author":[{"embeddable":true,"href":"https:\/\/www.cofb.org\/es\/wp-json\/wp\/v2\/users\/1"}],"replies":[{"embeddable":true,"href":"https:\/\/www.cofb.org\/es\/wp-json\/wp\/v2\/comments?post=77122"}],"version-history":[{"count":0,"href":"https:\/\/www.cofb.org\/es\/wp-json\/wp\/v2\/posts\/77122\/revisions"}],"wp:attachment":[{"href":"https:\/\/www.cofb.org\/es\/wp-json\/wp\/v2\/media?parent=77122"}],"wp:term":[{"taxonomy":"category","embeddable":true,"href":"https:\/\/www.cofb.org\/es\/wp-json\/wp\/v2\/categories?post=77122"},{"taxonomy":"post_tag","embeddable":true,"href":"https:\/\/www.cofb.org\/es\/wp-json\/wp\/v2\/tags?post=77122"}],"curies":[{"name":"wp","href":"https:\/\/api.w.org\/{rel}","templated":true}]}}