{"id":77106,"date":"2020-07-29T11:15:00","date_gmt":"2020-07-29T11:15:00","guid":{"rendered":"https:\/\/novaorg.cofb.net\/2020\/07\/29\/agora-sanitaria-presenta-una-oferta-formativa-adaptada-a-les-necessitats-dels-farmaceutics-en-temps-de-covid-19\/"},"modified":"2020-07-29T11:15:00","modified_gmt":"2020-07-29T11:15:00","slug":"agora-sanitaria-presenta-una-oferta-formativa-adaptada-a-les-necessitats-dels-farmaceutics-en-temps-de-covid-19","status":"publish","type":"post","link":"https:\/\/www.cofb.org\/es\/2020\/07\/29\/agora-sanitaria-presenta-una-oferta-formativa-adaptada-a-les-necessitats-dels-farmaceutics-en-temps-de-covid-19\/","title":{"rendered":"\u00c0gora Sanit\u00e0ria presenta una oferta formativa adaptada a las necesidades de los farmac\u00e9uticos en tiempo de COVID-19"},"content":{"rendered":"<p>\u00a0<\/p>\n<ul>\n<li><strong><span><span><span>El portal de formaci\u00f3n combina un aprendizaje a distancia, flexible en el tiempo y el acceso, con seminarios <em>web<\/em> y clases virtuales<\/span><\/span><\/span><\/strong><\/li>\n<li><strong><span><span>Hasta el pr\u00f3ximo 31 de agosto, los alumnos inscritos tendr\u00e1n un 20% de descuento en cada curso<\/span><\/span><\/strong><\/li>\n<li><strong><span><span>Indicaci\u00f3n de s\u00edntomas menores, consejo nutricional, detecci\u00f3n de s\u00edntomas de alarma, manejo de enfermedades emergentes como las zoonosis o gesti\u00f3n de la farmacia, entre los contenidos programados<\/span><\/span><\/strong><\/li>\n<\/ul>\n<p><strong><span><span><em>Barcelona, 29 de julio<\/em>. <\/span><\/span><\/strong><span><span>\u00c0gora Sanit\u00e0ria, la plataforma de formaci\u00f3n virtual impulsada por los Colegios Oficiales de Farmac\u00e9uticos de Madrid y Barcelona, presenta su oferta formativa de cara al pr\u00f3ximo <strong>curso acad\u00e9mico 2020-2021<\/strong> con un <strong>programa centrado<\/strong> en la indicaci\u00f3n de s\u00edntomas menores, el consejo nutricional, la detecci\u00f3n de s\u00edntomas de alarma, el conocimiento de enfermedades emergentes como las zoonosis o la gesti\u00f3n de la farmacia.<\/span><\/span><\/p>\n<p><span><span>Todos los contenidos programados a partir de septiembre buscan desarrollar las funciones del farmac\u00e9utico y adaptarse a sus necesidades a trav\u00e9s de <strong>nuevos formatos de aprendizaje, combinando una formaci\u00f3n online flexible en el tiempo y en el acceso, con seminarios web y clases virtuales<\/strong>, donde el directo ser\u00e1 otra experiencia fundamental de la formaci\u00f3n.<\/span><\/span><\/p>\n<p><span><span>Formar y motivar, mejorar las competencias como profesionales sanitarios en un entorno m\u00e1s incierto que nunca y ayudar a incorporarse al mercado laboral son algunos de los objetivos que se ha marcado la campa\u00f1a de verano de \u00c1gora <em>Planificate para verlo m\u00e1s claro<\/em>. <strong>Hasta el pr\u00f3ximo 31 de agosto, la plataforma virtual ofrecer\u00e1 un 20% de descuento en cada curso<\/strong> a todos los usuarios que se inscriban durante este per\u00edodo.<\/span><\/span><\/p>\n<p><span><span>A partir de septiembre, se comunicar\u00e1n todas las novedades de su calendario acad\u00e9mico que incluir\u00e1, entre otros cursos, una nueva edici\u00f3n de <strong><em>Zoonosis: enfermedades en auge<\/em><\/strong>, una formaci\u00f3n que registr\u00f3 la participaci\u00f3n de m\u00e1s de 100 farmac\u00e9uticos en su primera edici\u00f3n.<\/span><\/span><\/p>\n<p><strong><span><span>M\u00e1s de 3.000 alumnos<\/span><\/span><\/strong><\/p>\n<p><span><span>La experiencia formativa de los \u00faltimos meses permite configurar un nuevo programa de contenidos que se ha adaptado a las necesidades de los participantes. <strong>Durante el estado de alarma, se han formado m\u00e1s de 3.000 farmac\u00e9uticos<\/strong> en \u00e1reas como dermofarmacia o actualizaci\u00f3n terap\u00e9utica, y se han lanzado nuevos cursos como <em>Zoonosis: enfermedades en auge<\/em>, <em>Vigilancia de productos sanitarios<\/em>, <em>Atenci\u00f3n al paciente trasplantado<\/em> o <em>Control de peso en la farmacia comunitaria<\/em>, entre otros.<\/span><\/span><\/p>\n<p><span><span>Asimismo, se han impartido <strong>cinco <em>webinares<\/em> relacionados con la COVID-19<\/strong> (<em>Estr\u00e9s postraum\u00e1tico<\/em>, <em>Estudios y resultados en el tratamiento de la COVID-19<\/em>, <em>Tinea Pedis y onicomicosis<\/em>, <em>Pantallas y salud visual<\/em> y <em>Requerimientos nutricionales en pacientes postc\u00f3vido<\/em>, con m\u00e1s de 2.000 participantes).<\/span><\/span><\/p>\n<p><span><span>Para impulsar la actividad formativa de la plataforma, \u00c0gora Sanit\u00e0ria ha cerrado diferentes acuerdos de formaci\u00f3n con distintos colegios farmac\u00e9uticos, como los de Tenerife, Zaragoza, Tarragona y Lleida.<\/span><\/span><\/p>\n<p><span><span>Por otra parte, se ha llegado a un acuerdo con la Asociaci\u00f3n Nacional de Autocuidado (Anefp) con el fin de difundir <strong>45 clips formativos<\/strong> sobre <strong><em>el Autocuidado en tiempo de COVID<\/em><\/strong>, cuyo acceso es gratuito para todos los usuarios de \u00c1gora.<\/span><\/span><\/p>\n<p><span><span>Los farmac\u00e9uticos y el resto de profesionales sanitarios no han desatendido la formaci\u00f3n durante la pandemia. <strong>\u00c1gora ha desarrollado as\u00ed m\u00e1s de 50 acciones formativas, apoyadas por grandes laboratorios farmac\u00e9uticos, entre otros patrocinadores<\/strong>. Esta apuesta por una formaci\u00f3n activa y de calidad, que han finalizado el 80% de los alumnos inscritos con una valoraci\u00f3n media de 8,8 puntos sobre 10, ha permitido ampliar el n\u00famero de usuarios de \u00c1gora a m\u00e1s de 26.000 profesionales sanitarios.<\/span><\/span><\/p>\n<p><strong><span><span>10\u00ba Aniversario de \u00c1gora Sanitaria<\/span><\/span><\/strong><\/p>\n<p><span><span>\u00c1gora Sanitaria se ha convertido en <strong>referente de la formaci\u00f3n virtual<\/strong> para el farmac\u00e9utico en los \u00faltimos diez a\u00f1os. Durante este per\u00edodo, se han realizado m\u00e1s de <strong>65.000 inscripciones<\/strong> y m\u00e1s de <strong>25.000 farmac\u00e9uticos<\/strong> de toda Espa\u00f1a se han formado en sus aulas virtuales. A su vez, los elevados \u00edndices de participaci\u00f3n, el aprovechamiento y la satisfacci\u00f3n expresada por los alumnos en las encuestas son indicadores de su <strong>calidad formativa y metodol\u00f3gica<\/strong>.<\/span><\/span><\/p>\n<p>\u00a0El portal de formaci\u00f3n combina un aprendizaje a distancia, flexible en el tiempo y el acceso, con seminarios web y clases virtuales<br \/>\n\tHasta el pr\u00f3ximo 31 de agosto, los alumnos inscritos tendr\u00e1n un 20% de descuento en cada curso<br \/>\n\tIndicaci\u00f3n de s\u00edntomas menores, consejo nutricional, detecci\u00f3n de s\u00edntomas de alarma, manejo de enfermedades emergentes como las zoonosis o gesti\u00f3n de la farmacia, entre los contenidos programados<\/p>\n<p>Barcelona, 29 de julio. \u00c0gora Sanit\u00e0ria, la plataforma de formaci\u00f3n virtual impulsada por los Colegios Oficiales de Farmac\u00e9uticos de Madrid y Barcelona, presenta su oferta formativa de cara al pr\u00f3ximo curso acad\u00e9mico 2020-2021 con un programa centrado en la indicaci\u00f3n de s\u00edntomas menores, el consejo nutricional, la detecci\u00f3n de s\u00edntomas de alarma, el conocimiento de enfermedades emergentes como las zoonosis o la gesti\u00f3n de la farmacia.<\/p>\n<p>Todos los contenidos programados a partir de septiembre buscan desarrollar las funciones del farmac\u00e9utico y adaptarse a sus necesidades a trav\u00e9s de nuevos formatos de aprendizaje, combinando una formaci\u00f3n online flexible en el tiempo y en el acceso, con seminarios web y clases virtuales donde el directo ser\u00e1 otra experiencia fundamental de la formaci\u00f3n.<\/p>\n<p>Formar y motivar, mejorar las competencias como profesionales sanitarios en un entorno m\u00e1s incierto que nunca y ayudar a incorporarse al mercado laboral, son algunos de los objetivos que se ha marcado la campa\u00f1a de verano de \u00c1gora Planifica&#039;t para ver m\u00e1s claro. Hasta el pr\u00f3ximo 31 de agosto, la plataforma virtual ofrecer\u00e1 un 20% de descuento en cada curso a todos los usuarios que se inscriban durante este per\u00edodo.<\/p>\n<p>A partir de septiembre, se comunicar\u00e1n todas las novedades de su calendario acad\u00e9mico que incluir\u00e1, entre otros cursos, una nueva edici\u00f3n de Zoonosis: enfermedades en auge, una formaci\u00f3n que registr\u00f3 la participaci\u00f3n de m\u00e1s de 100 farmac\u00e9uticos en su primera edici\u00f3n.<\/p>\n<p>M\u00e1s de 3.000 alumnos<\/p>\n<p>La experiencia formativa de los \u00faltimos meses permite configurar un nuevo programa de contenidos que se ha adaptado a las necesidades de los participantes. Durante el estado de alarma, se han formado m\u00e1s de 3.000 farmac\u00e9uticos en \u00e1reas como dermofarmacia o actualizaci\u00f3n terap\u00e9utica, y se han lanzado nuevos cursos como Zoonosis: enfermedades en auge, Vigilancia de productos sanitarios, Atenci\u00f3n al paciente trasplantado o Control de peso en la farmacia comunitaria, entre otros.<\/p>\n<p>Asimismo, se han impartido cinco webinares relacionados con la COVID-19 (Estr\u00e9s postraum\u00e1tico, Estudios y resultados en el tratamiento de la COVID-19, Tinea Pedis y onicomicosis, Pantallas y salud visual y Requerimientos nutricionales en pacientes postc\u00f3vido, con m\u00e1s de 2.000 participantes).<\/p>\n<p>Para impulsar la actividad formativa de la plataforma, \u00c0gora Sanit\u00e0ria ha cerrado diferentes acuerdos de formaci\u00f3n con distintos colegios farmac\u00e9uticos, como los de Tenerife, Zaragoza, Tarragona y Lleida.<\/p>\n<p>Por otra parte, se ha llegado a un acuerdo con la Asociaci\u00f3n Nacional de Autocuidado (Anefp) con el fin de difundir 45 clips formativos sobre el Autocuidado en tiempos de COVID, cuyo acceso es gratuito para todos los usuarios de \u00c1gora.<\/p>\n<p>Los farmac\u00e9uticos y el resto de profesionales sanitarios no han desatendido la formaci\u00f3n durante la pandemia. \u00c1gora ha desarrollado as\u00ed m\u00e1s de 50 acciones formativas, apoyadas por grandes laboratorios farmac\u00e9uticos, entre otros patrocinadores. Esta apuesta por una formaci\u00f3n activa y de calidad, que han finalizado el 80% de los alumnos inscritos con una valoraci\u00f3n media de 8,8 puntos sobre 10, ha permitido ampliar el n\u00famero de usuarios de \u00c1gora a m\u00e1s de 26.000 profesionales sanitarios.<\/p>\n<p>10\u00ba Aniversario de \u00c1gora Sanitaria<\/p>\n<p>\u00c0gora Sanit\u00e0ria se ha convertido en referente de la formaci\u00f3n virtual para el farmac\u00e9utico en los \u00faltimos diez a\u00f1os. Durante este per\u00edodo, se han realizado m\u00e1s de 65.000 inscripciones y m\u00e1s de 25.000 farmac\u00e9uticos de toda Espa\u00f1a se han formado en sus aulas virtuales. A su vez, los elevados \u00edndices de participaci\u00f3n, aprovechamiento y satisfacci\u00f3n expresada por los alumnos en las encuestas son indicadores de su calidad formativa y metodol\u00f3gica.  COFB.ORG<\/p>","protected":false},"excerpt":{"rendered":"<p>\u00a0 El portal de formaci\u00f3n combina un aprendizaje a distancia, flexible en el tiempo y el acceso, con seminarios web y clases virtuales Hasta el pr\u00f3ximo 31 de agosto, los alumnos inscritos tendr\u00e1n un 20% de descuento en cada curso Indicaci\u00f3n de s\u00edntomas menores, consejo nutricional, detecci\u00f3n de s\u00edntomas de alarma, manejo de [\u2026]<\/p>","protected":false},"author":1,"featured_media":0,"comment_status":"","ping_status":"","sticky":false,"template":"","format":"standard","meta":{"_uag_custom_page_level_css":"","site-sidebar-layout":"default","site-content-layout":"","ast-site-content-layout":"default","site-content-style":"default","site-sidebar-style":"default","ast-global-header-display":"","ast-banner-title-visibility":"","ast-main-header-display":"","ast-hfb-above-header-display":"","ast-hfb-below-header-display":"","ast-hfb-mobile-header-display":"","site-post-title":"","ast-breadcrumbs-content":"","ast-featured-img":"disabled","footer-sml-layout":"","theme-transparent-header-meta":"","adv-header-id-meta":"","stick-header-meta":"","header-above-stick-meta":"","header-main-stick-meta":"","header-below-stick-meta":"","astra-migrate-meta-layouts":"default","ast-page-background-enabled":"default","ast-page-background-meta":{"desktop":{"background-color":"var(--ast-global-color-4)","background-image":"","background-repeat":"repeat","background-position":"center center","background-size":"auto","background-attachment":"scroll","background-type":"","background-media":"","overlay-type":"","overlay-color":"","overlay-opacity":"","overlay-gradient":""},"tablet":{"background-color":"","background-image":"","background-repeat":"repeat","background-position":"center center","background-size":"auto","background-attachment":"scroll","background-type":"","background-media":"","overlay-type":"","overlay-color":"","overlay-opacity":"","overlay-gradient":""},"mobile":{"background-color":"","background-image":"","background-repeat":"repeat","background-position":"center center","background-size":"auto","background-attachment":"scroll","background-type":"","background-media":"","overlay-type":"","overlay-color":"","overlay-opacity":"","overlay-gradient":""}},"ast-content-background-meta":{"desktop":{"background-color":"var(--ast-global-color-5)","background-image":"","background-repeat":"repeat","background-position":"center center","background-size":"auto","background-attachment":"scroll","background-type":"","background-media":"","overlay-type":"","overlay-color":"","overlay-opacity":"","overlay-gradient":""},"tablet":{"background-color":"var(--ast-global-color-5)","background-image":"","background-repeat":"repeat","background-position":"center center","background-size":"auto","background-attachment":"scroll","background-type":"","background-media":"","overlay-type":"","overlay-color":"","overlay-opacity":"","overlay-gradient":""},"mobile":{"background-color":"var(--ast-global-color-5)","background-image":"","background-repeat":"repeat","background-position":"center center","background-size":"auto","background-attachment":"scroll","background-type":"","background-media":"","overlay-type":"","overlay-color":"","overlay-opacity":"","overlay-gradient":""}},"footnotes":""},"categories":[1060,1066],"tags":[],"class_list":["post-77106","post","type-post","status-publish","format-standard","hentry","category-notes-premsa","category-sense-categoria-ca"],"yoast_head":"<!-- This site is optimized with the Yoast SEO plugin v22.4 - https:\/\/yoast.com\/wordpress\/plugins\/seo\/ -->\n<title>\u00c0gora Sanit\u00e0ria presenta una oferta formativa adaptada a les necessitats dels farmac\u00e8utics en temps de COVID-19 - Col\u00b7legi de Farmac\u00e8utics de Barcelona<\/title>\n<meta name=\"robots\" content=\"index, follow, max-snippet:-1, max-image-preview:large, max-video-preview:-1\" \/>\n<link rel=\"canonical\" href=\"https:\/\/novaorg.cofb.net\/2020\/07\/29\/agora-sanitaria-presenta-una-oferta-formativa-adaptada-a-les-necessitats-dels-farmaceutics-en-temps-de-covid-19\/\" \/>\n<meta property=\"og:locale\" content=\"es_ES\" \/>\n<meta property=\"og:type\" content=\"article\" \/>\n<meta property=\"og:title\" content=\"\u00c0gora Sanit\u00e0ria presenta una oferta formativa adaptada a les necessitats dels farmac\u00e8utics en temps de COVID-19 - Col\u00b7legi de Farmac\u00e8utics de Barcelona\" \/>\n<meta property=\"og:description\" content=\"\u00a0 El portal de formaci\u00f3 combina un aprenentatge a dist\u00e0ncia, flexible en el temps i l\u2019acc\u00e9s, amb seminaris web i classes virtuals Fins al proper 31 d\u2019agost, els alumnes inscrits tindran un 20% de descompte en cada curs Indicaci\u00f3 de s\u00edmptomes menors, consell nutricional, detecci\u00f3 de s\u00edmptomes d\u2019alarma, maneig de [&hellip;]\" \/>\n<meta property=\"og:url\" content=\"https:\/\/novaorg.cofb.net\/2020\/07\/29\/agora-sanitaria-presenta-una-oferta-formativa-adaptada-a-les-necessitats-dels-farmaceutics-en-temps-de-covid-19\/\" \/>\n<meta property=\"og:site_name\" content=\"Col\u00b7legi de Farmac\u00e8utics de Barcelona\" \/>\n<meta property=\"article:publisher\" content=\"https:\/\/www.facebook.com\/farmaceuticsbcn\/\" \/>\n<meta property=\"article:published_time\" content=\"2020-07-29T11:15:00+00:00\" \/>\n<meta name=\"author\" content=\"wpAdminCofbOrg\" \/>\n<meta name=\"twitter:card\" content=\"summary_large_image\" \/>\n<meta name=\"twitter:creator\" content=\"@farmaceuticsbcn\" \/>\n<meta name=\"twitter:site\" content=\"@farmaceuticsbcn\" \/>\n<meta name=\"twitter:label1\" content=\"Escrito por\" \/>\n\t<meta name=\"twitter:data1\" content=\"wpAdminCofbOrg\" \/>\n\t<meta name=\"twitter:label2\" content=\"Tiempo de lectura\" \/>\n\t<meta name=\"twitter:data2\" content=\"7 minutos\" \/>\n<script type=\"application\/ld+json\" class=\"yoast-schema-graph\">{\"@context\":\"https:\/\/schema.org\",\"@graph\":[{\"@type\":\"Article\",\"@id\":\"https:\/\/novaorg.cofb.net\/2020\/07\/29\/agora-sanitaria-presenta-una-oferta-formativa-adaptada-a-les-necessitats-dels-farmaceutics-en-temps-de-covid-19\/#article\",\"isPartOf\":{\"@id\":\"https:\/\/novaorg.cofb.net\/2020\/07\/29\/agora-sanitaria-presenta-una-oferta-formativa-adaptada-a-les-necessitats-dels-farmaceutics-en-temps-de-covid-19\/\"},\"author\":{\"name\":\"wpAdminCofbOrg\",\"@id\":\"https:\/\/www.cofb.org\/#\/schema\/person\/22ed7eea88da74b0fa4d3154ad87ffcb\"},\"headline\":\"\u00c0gora Sanit\u00e0ria presenta una oferta formativa adaptada a les necessitats dels farmac\u00e8utics en temps de COVID-19\",\"datePublished\":\"2020-07-29T11:15:00+00:00\",\"dateModified\":\"2020-07-29T11:15:00+00:00\",\"mainEntityOfPage\":{\"@id\":\"https:\/\/novaorg.cofb.net\/2020\/07\/29\/agora-sanitaria-presenta-una-oferta-formativa-adaptada-a-les-necessitats-dels-farmaceutics-en-temps-de-covid-19\/\"},\"wordCount\":1392,\"publisher\":{\"@id\":\"https:\/\/www.cofb.org\/#organization\"},\"articleSection\":[\"Notes de premsa\",\"Sense categoria\"],\"inLanguage\":\"es\"},{\"@type\":\"WebPage\",\"@id\":\"https:\/\/novaorg.cofb.net\/2020\/07\/29\/agora-sanitaria-presenta-una-oferta-formativa-adaptada-a-les-necessitats-dels-farmaceutics-en-temps-de-covid-19\/\",\"url\":\"https:\/\/novaorg.cofb.net\/2020\/07\/29\/agora-sanitaria-presenta-una-oferta-formativa-adaptada-a-les-necessitats-dels-farmaceutics-en-temps-de-covid-19\/\",\"name\":\"\u00c0gora Sanit\u00e0ria presenta una oferta formativa adaptada a les necessitats dels farmac\u00e8utics en temps de COVID-19 - Col\u00b7legi de Farmac\u00e8utics de Barcelona\",\"isPartOf\":{\"@id\":\"https:\/\/www.cofb.org\/#website\"},\"datePublished\":\"2020-07-29T11:15:00+00:00\",\"dateModified\":\"2020-07-29T11:15:00+00:00\",\"breadcrumb\":{\"@id\":\"https:\/\/novaorg.cofb.net\/2020\/07\/29\/agora-sanitaria-presenta-una-oferta-formativa-adaptada-a-les-necessitats-dels-farmaceutics-en-temps-de-covid-19\/#breadcrumb\"},\"inLanguage\":\"es\",\"potentialAction\":[{\"@type\":\"ReadAction\",\"target\":[\"https:\/\/novaorg.cofb.net\/2020\/07\/29\/agora-sanitaria-presenta-una-oferta-formativa-adaptada-a-les-necessitats-dels-farmaceutics-en-temps-de-covid-19\/\"]}]},{\"@type\":\"BreadcrumbList\",\"@id\":\"https:\/\/novaorg.cofb.net\/2020\/07\/29\/agora-sanitaria-presenta-una-oferta-formativa-adaptada-a-les-necessitats-dels-farmaceutics-en-temps-de-covid-19\/#breadcrumb\",\"itemListElement\":[{\"@type\":\"ListItem\",\"position\":1,\"name\":\"Inici\",\"item\":\"https:\/\/novaorg.cofb.net\/\"},{\"@type\":\"ListItem\",\"position\":2,\"name\":\"\u00c0gora Sanit\u00e0ria presenta una oferta formativa adaptada a les necessitats dels farmac\u00e8utics en temps de COVID-19\"}]},{\"@type\":\"WebSite\",\"@id\":\"https:\/\/www.cofb.org\/#website\",\"url\":\"https:\/\/www.cofb.org\/\",\"name\":\"Col\u00b7legi de Farmac\u00e8utics de Barcelona\",\"description\":\"\",\"publisher\":{\"@id\":\"https:\/\/www.cofb.org\/#organization\"},\"potentialAction\":[{\"@type\":\"SearchAction\",\"target\":{\"@type\":\"EntryPoint\",\"urlTemplate\":\"https:\/\/www.cofb.org\/?s={search_term_string}\"},\"query-input\":\"required name=search_term_string\"}],\"inLanguage\":\"es\"},{\"@type\":\"Organization\",\"@id\":\"https:\/\/www.cofb.org\/#organization\",\"name\":\"Col\u00b7legi de Farmac\u00e8utics de Barcelona\",\"url\":\"https:\/\/www.cofb.org\/\",\"logo\":{\"@type\":\"ImageObject\",\"inLanguage\":\"es\",\"@id\":\"https:\/\/www.cofb.org\/#\/schema\/logo\/image\/\",\"url\":\"https:\/\/www.cofb.org\/wp-content\/uploads\/2023\/11\/cropped-Logotip-COFB.png\",\"contentUrl\":\"https:\/\/www.cofb.org\/wp-content\/uploads\/2023\/11\/cropped-Logotip-COFB.png\",\"width\":500,\"height\":105,\"caption\":\"Col\u00b7legi de Farmac\u00e8utics de Barcelona\"},\"image\":{\"@id\":\"https:\/\/www.cofb.org\/#\/schema\/logo\/image\/\"},\"sameAs\":[\"https:\/\/www.facebook.com\/farmaceuticsbcn\/\",\"https:\/\/twitter.com\/farmaceuticsbcn\",\"https:\/\/www.instagram.com\/farmaceuticsbcn\/\",\"https:\/\/www.linkedin.com\/company\/farmaceuticsbcn\/\"]},{\"@type\":\"Person\",\"@id\":\"https:\/\/www.cofb.org\/#\/schema\/person\/22ed7eea88da74b0fa4d3154ad87ffcb\",\"name\":\"wpAdminCofbOrg\",\"image\":{\"@type\":\"ImageObject\",\"inLanguage\":\"es\",\"@id\":\"https:\/\/www.cofb.org\/#\/schema\/person\/image\/\",\"url\":\"https:\/\/secure.gravatar.com\/avatar\/1721b20b3b8ca882c3b56ec6c978c594fff670e40c0718e9190eaeeb76aae7d8?s=96&d=mm&r=g\",\"contentUrl\":\"https:\/\/secure.gravatar.com\/avatar\/1721b20b3b8ca882c3b56ec6c978c594fff670e40c0718e9190eaeeb76aae7d8?s=96&d=mm&r=g\",\"caption\":\"wpAdminCofbOrg\"},\"sameAs\":[\"http:\/\/192.168.64.122\/wordpress\"],\"url\":\"https:\/\/www.cofb.org\/es\/author\/wpadmincofborg\/\"}]}<\/script>\n<!-- \/ Yoast SEO plugin. -->","yoast_head_json":{"title":"\u00c0gora Sanit\u00e0ria presenta una oferta formativa adaptada a les necessitats dels farmac\u00e8utics en temps de COVID-19 - Col\u00b7legi de Farmac\u00e8utics de Barcelona","robots":{"index":"index","follow":"follow","max-snippet":"max-snippet:-1","max-image-preview":"max-image-preview:large","max-video-preview":"max-video-preview:-1"},"canonical":"https:\/\/novaorg.cofb.net\/2020\/07\/29\/agora-sanitaria-presenta-una-oferta-formativa-adaptada-a-les-necessitats-dels-farmaceutics-en-temps-de-covid-19\/","og_locale":"es_ES","og_type":"article","og_title":"\u00c0gora Sanit\u00e0ria presenta una oferta formativa adaptada a les necessitats dels farmac\u00e8utics en temps de COVID-19 - Col\u00b7legi de Farmac\u00e8utics de Barcelona","og_description":"\u00a0 El portal de formaci\u00f3 combina un aprenentatge a dist\u00e0ncia, flexible en el temps i l\u2019acc\u00e9s, amb seminaris web i classes virtuals Fins al proper 31 d\u2019agost, els alumnes inscrits tindran un 20% de descompte en cada curs Indicaci\u00f3 de s\u00edmptomes menors, consell nutricional, detecci\u00f3 de s\u00edmptomes d\u2019alarma, maneig de [&hellip;]","og_url":"https:\/\/novaorg.cofb.net\/2020\/07\/29\/agora-sanitaria-presenta-una-oferta-formativa-adaptada-a-les-necessitats-dels-farmaceutics-en-temps-de-covid-19\/","og_site_name":"Col\u00b7legi de Farmac\u00e8utics de Barcelona","article_publisher":"https:\/\/www.facebook.com\/farmaceuticsbcn\/","article_published_time":"2020-07-29T11:15:00+00:00","author":"wpAdminCofbOrg","twitter_card":"summary_large_image","twitter_creator":"@farmaceuticsbcn","twitter_site":"@farmaceuticsbcn","twitter_misc":{"Escrito por":"wpAdminCofbOrg","Tiempo de lectura":"7 minutos"},"schema":{"@context":"https:\/\/schema.org","@graph":[{"@type":"Article","@id":"https:\/\/novaorg.cofb.net\/2020\/07\/29\/agora-sanitaria-presenta-una-oferta-formativa-adaptada-a-les-necessitats-dels-farmaceutics-en-temps-de-covid-19\/#article","isPartOf":{"@id":"https:\/\/novaorg.cofb.net\/2020\/07\/29\/agora-sanitaria-presenta-una-oferta-formativa-adaptada-a-les-necessitats-dels-farmaceutics-en-temps-de-covid-19\/"},"author":{"name":"wpAdminCofbOrg","@id":"https:\/\/www.cofb.org\/#\/schema\/person\/22ed7eea88da74b0fa4d3154ad87ffcb"},"headline":"\u00c0gora Sanit\u00e0ria presenta una oferta formativa adaptada a les necessitats dels farmac\u00e8utics en temps de COVID-19","datePublished":"2020-07-29T11:15:00+00:00","dateModified":"2020-07-29T11:15:00+00:00","mainEntityOfPage":{"@id":"https:\/\/novaorg.cofb.net\/2020\/07\/29\/agora-sanitaria-presenta-una-oferta-formativa-adaptada-a-les-necessitats-dels-farmaceutics-en-temps-de-covid-19\/"},"wordCount":1392,"publisher":{"@id":"https:\/\/www.cofb.org\/#organization"},"articleSection":["Notes de premsa","Sense categoria"],"inLanguage":"es"},{"@type":"WebPage","@id":"https:\/\/novaorg.cofb.net\/2020\/07\/29\/agora-sanitaria-presenta-una-oferta-formativa-adaptada-a-les-necessitats-dels-farmaceutics-en-temps-de-covid-19\/","url":"https:\/\/novaorg.cofb.net\/2020\/07\/29\/agora-sanitaria-presenta-una-oferta-formativa-adaptada-a-les-necessitats-dels-farmaceutics-en-temps-de-covid-19\/","name":"\u00c0gora Sanit\u00e0ria presenta una oferta formativa adaptada a les necessitats dels farmac\u00e8utics en temps de COVID-19 - Col\u00b7legi de Farmac\u00e8utics de Barcelona","isPartOf":{"@id":"https:\/\/www.cofb.org\/#website"},"datePublished":"2020-07-29T11:15:00+00:00","dateModified":"2020-07-29T11:15:00+00:00","breadcrumb":{"@id":"https:\/\/novaorg.cofb.net\/2020\/07\/29\/agora-sanitaria-presenta-una-oferta-formativa-adaptada-a-les-necessitats-dels-farmaceutics-en-temps-de-covid-19\/#breadcrumb"},"inLanguage":"es","potentialAction":[{"@type":"ReadAction","target":["https:\/\/novaorg.cofb.net\/2020\/07\/29\/agora-sanitaria-presenta-una-oferta-formativa-adaptada-a-les-necessitats-dels-farmaceutics-en-temps-de-covid-19\/"]}]},{"@type":"BreadcrumbList","@id":"https:\/\/novaorg.cofb.net\/2020\/07\/29\/agora-sanitaria-presenta-una-oferta-formativa-adaptada-a-les-necessitats-dels-farmaceutics-en-temps-de-covid-19\/#breadcrumb","itemListElement":[{"@type":"ListItem","position":1,"name":"Inici","item":"https:\/\/novaorg.cofb.net\/"},{"@type":"ListItem","position":2,"name":"\u00c0gora Sanit\u00e0ria presenta una oferta formativa adaptada a les necessitats dels farmac\u00e8utics en temps de COVID-19"}]},{"@type":"WebSite","@id":"https:\/\/www.cofb.org\/#website","url":"https:\/\/www.cofb.org\/","name":"Col\u00b7legi de Farmac\u00e8utics de Barcelona","description":"","publisher":{"@id":"https:\/\/www.cofb.org\/#organization"},"potentialAction":[{"@type":"SearchAction","target":{"@type":"EntryPoint","urlTemplate":"https:\/\/www.cofb.org\/?s={search_term_string}"},"query-input":"required name=search_term_string"}],"inLanguage":"es"},{"@type":"Organization","@id":"https:\/\/www.cofb.org\/#organization","name":"Col\u00b7legi de Farmac\u00e8utics de Barcelona","url":"https:\/\/www.cofb.org\/","logo":{"@type":"ImageObject","inLanguage":"es","@id":"https:\/\/www.cofb.org\/#\/schema\/logo\/image\/","url":"https:\/\/www.cofb.org\/wp-content\/uploads\/2023\/11\/cropped-Logotip-COFB.png","contentUrl":"https:\/\/www.cofb.org\/wp-content\/uploads\/2023\/11\/cropped-Logotip-COFB.png","width":500,"height":105,"caption":"Col\u00b7legi de Farmac\u00e8utics de Barcelona"},"image":{"@id":"https:\/\/www.cofb.org\/#\/schema\/logo\/image\/"},"sameAs":["https:\/\/www.facebook.com\/farmaceuticsbcn\/","https:\/\/twitter.com\/farmaceuticsbcn","https:\/\/www.instagram.com\/farmaceuticsbcn\/","https:\/\/www.linkedin.com\/company\/farmaceuticsbcn\/"]},{"@type":"Person","@id":"https:\/\/www.cofb.org\/#\/schema\/person\/22ed7eea88da74b0fa4d3154ad87ffcb","name":"wpAdminCofbOrg","image":{"@type":"ImageObject","inLanguage":"es","@id":"https:\/\/www.cofb.org\/#\/schema\/person\/image\/","url":"https:\/\/secure.gravatar.com\/avatar\/1721b20b3b8ca882c3b56ec6c978c594fff670e40c0718e9190eaeeb76aae7d8?s=96&d=mm&r=g","contentUrl":"https:\/\/secure.gravatar.com\/avatar\/1721b20b3b8ca882c3b56ec6c978c594fff670e40c0718e9190eaeeb76aae7d8?s=96&d=mm&r=g","caption":"wpAdminCofbOrg"},"sameAs":["http:\/\/192.168.64.122\/wordpress"],"url":"https:\/\/www.cofb.org\/es\/author\/wpadmincofborg\/"}]}},"uagb_featured_image_src":{"full":false,"thumbnail":false,"medium":false,"medium_large":false,"large":false,"1536x1536":false,"2048x2048":false,"trp-custom-language-flag":false},"uagb_author_info":{"display_name":"wpAdminCofbOrg","author_link":"https:\/\/www.cofb.org\/es\/author\/wpadmincofborg\/"},"uagb_comment_info":0,"uagb_excerpt":"\u00a0 El portal de formaci\u00f3 combina un aprenentatge a dist\u00e0ncia, flexible en el temps i l\u2019acc\u00e9s, amb seminaris web i classes virtuals Fins al proper 31 d\u2019agost, els alumnes inscrits tindran un 20% de descompte en cada curs Indicaci\u00f3 de s\u00edmptomes menors, consell nutricional, detecci\u00f3 de s\u00edmptomes d\u2019alarma, maneig de [&hellip;]","_links":{"self":[{"href":"https:\/\/www.cofb.org\/es\/wp-json\/wp\/v2\/posts\/77106","targetHints":{"allow":["GET"]}}],"collection":[{"href":"https:\/\/www.cofb.org\/es\/wp-json\/wp\/v2\/posts"}],"about":[{"href":"https:\/\/www.cofb.org\/es\/wp-json\/wp\/v2\/types\/post"}],"author":[{"embeddable":true,"href":"https:\/\/www.cofb.org\/es\/wp-json\/wp\/v2\/users\/1"}],"replies":[{"embeddable":true,"href":"https:\/\/www.cofb.org\/es\/wp-json\/wp\/v2\/comments?post=77106"}],"version-history":[{"count":0,"href":"https:\/\/www.cofb.org\/es\/wp-json\/wp\/v2\/posts\/77106\/revisions"}],"wp:attachment":[{"href":"https:\/\/www.cofb.org\/es\/wp-json\/wp\/v2\/media?parent=77106"}],"wp:term":[{"taxonomy":"category","embeddable":true,"href":"https:\/\/www.cofb.org\/es\/wp-json\/wp\/v2\/categories?post=77106"},{"taxonomy":"post_tag","embeddable":true,"href":"https:\/\/www.cofb.org\/es\/wp-json\/wp\/v2\/tags?post=77106"}],"curies":[{"name":"wp","href":"https:\/\/api.w.org\/{rel}","templated":true}]}}