{"id":77103,"date":"2020-09-18T13:09:00","date_gmt":"2020-09-18T13:09:00","guid":{"rendered":"https:\/\/novaorg.cofb.net\/2020\/09\/18\/comunicat-del-consell-de-collegis-de-farmaceutics-de-catalunya-en-relacio-amb-els-tests-dantigens-per-coronavirus-i-posicionament-davant-la-seva-possible-dispensacio-a-traves-de-les-farmacies\/"},"modified":"2020-09-18T13:09:00","modified_gmt":"2020-09-18T13:09:00","slug":"comunicat-del-consell-de-collegis-de-farmaceutics-de-catalunya-en-relacio-amb-els-tests-dantigens-per-coronavirus-i-posicionament-davant-la-seva-possible-dispensacio-a-traves-de-les-farmacies","status":"publish","type":"post","link":"https:\/\/www.cofb.org\/es\/2020\/09\/18\/comunicat-del-consell-de-collegis-de-farmaceutics-de-catalunya-en-relacio-amb-els-tests-dantigens-per-coronavirus-i-posicionament-davant-la-seva-possible-dispensacio-a-traves-de-les-farmacies\/","title":{"rendered":"Comunicado del Consejo de Colegios de Farmac\u00e9uticos de Catalu\u00f1a en relaci\u00f3n con los test de ant\u00edgenos por coronavirus y posicionamiento ante su posible dispensaci\u00f3n a trav\u00e9s de las farmacias"},"content":{"rendered":"<p>\u00a0<\/p>\n<ul>\n<li><span>Hoy en d\u00eda, estos tipos de tests los deben realizar los profesionales sanitarios en <strong>centros y establecimientos sanitarios <\/strong>de diagn\u00f3stico y, por tanto, <strong>las farmacias no est\u00e1n autorizadas a dispensarlos <\/strong><\/span><\/li>\n<\/ul>\n<p>\u00a0<\/p>\n<ul>\n<li>Sin embargo, la experiencia <strong>en otros tipos de cribados, as\u00ed como su proximidad y accesibilidad y la posibilidad de contar con un sistema de registro dentro del sistema de salud, <\/strong>fan de <strong>la red de farmacias comunitarias<\/strong> uno <strong>recurso sanitario id\u00f3neo para poder ofrecer este tipo de pruebas,<\/strong> tal y como ya traslad\u00f3 el Consejo a la Administraci\u00f3n en el mes de abril<\/li>\n<\/ul>\n<p>\u00a0<\/p>\n<p><em>Barcelona, 18 de septiembre de 2020<\/em>. En relaci\u00f3n con las diferentes informaciones aparecidas en los medios de comunicaci\u00f3n sobre los test de ant\u00edgenos por coronavirus, que proporcionan una detecci\u00f3n m\u00e1s r\u00e1pida y menos costosa de la infecci\u00f3n por COVID-19, desde el Consejo de Colegios Farmac\u00e9uticos de Catalu\u00f1a queremos recordar que :<\/p>\n<ol>\n<li>Hasta la fecha, y de acuerdo con la informaci\u00f3n suministrada por las autoridades sanitarias competentes, <strong>los tests r\u00e1pidos para el diagn\u00f3stico de la infecci\u00f3n por COVID-19 existentes en el mercado del Estado espa\u00f1ol son considerados productos sanitarios para diagn\u00f3stico in vitro<\/strong>, es decir, <strong>no son \u201cproductos para autodiagn\u00f3stico<\/strong>\u201d y, por tanto, deben realizarse por profesionales sanitarios en los centros y establecimientos sanitarios de diagn\u00f3stico, no pudiendo ser dispensados al p\u00fablico.<\/li>\n<\/ol>\n<p>\u00a0<\/p>\n<ol>\n<li value=\"2\">Los <strong>\u00fanicos test que las farmacias pueden dispensar actualmente a la poblaci\u00f3n<\/strong> son los llamados <strong>\u201ctestes de autodiagn\u00f3stico\u201d<\/strong>, aquellos destinados a ser utilizados por el ciudadano en su domicilio. <strong>Los tests de ant\u00edgenos por coronavirus no son considerados como tales.<\/strong> De acuerdo con la normativa sanitaria vigente, <strong>la venta al p\u00fablico de los productos de autodiagn\u00f3stico se realiza \u00fanicamente desde las oficinas de farmacia <\/strong>y requieren <strong>prescripci\u00f3n m\u00e9dica<\/strong> para su dispensaci\u00f3n en farmacias, salvo excepciones en los casos de los test de embarazo, glucosa y VIH.<\/li>\n<\/ol>\n<p>\u00a0<\/p>\n<ol>\n<li value=\"3\">Seg\u00fan la informaci\u00f3n proporcionada por la AEMPS, en estos momentos <strong>no existe ning\u00fan producto en el mercado espa\u00f1ol, dentro del marco legal, que se utilice para el autodiagn\u00f3stico de la COVID-19. <\/strong>Por tanto, <strong>no se pueden dispensar a los usuarios a trav\u00e9s de la farmacia, ni por ning\u00fan otro canal, como puede ser Internet.<\/strong> <strong>En caso de que existiera alg\u00fan producto, su dispensaci\u00f3n deber\u00eda precederse de prescripci\u00f3n.<\/strong><\/li>\n<\/ol>\n<p>\u00a0<\/p>\n<p>\u00a0<\/p>\n<ol>\n<li value=\"4\">Conscientes de que la realizaci\u00f3n de pruebas que permitan confirmar la presencia del virus SARS-CoV-2 es imprescindible para determinar la <strong>implementaci\u00f3n<\/strong> de <strong>medidas efectivas<\/strong> y <strong>precisas<\/strong> por <strong>detener su propagaci\u00f3n<\/strong>, como ya traslad\u00f3 el Consejo (CCFC) a la Administraci\u00f3n desde el mes de abril, <strong>la red de farmacias comunitarias podr\u00eda ser un recurso sanitario en el cribado poblacional mediante el uso de pruebas diagn\u00f3sticas r\u00e1pidas<\/strong>. Al mismo tiempo, podr\u00edan permitir conocer el grado de inmunizaci\u00f3n de la poblaci\u00f3n en general o bien de determinados grupos poblacionales que requieran un mayor seguimiento.<\/li>\n<\/ol>\n<p>\u00a0<\/p>\n<ol>\n<li value=\"5\">Entendemos que la farmacia comunitaria, como <strong>recurso m\u00e1s cercano y accesible al ciudadano<\/strong>, as\u00ed como su <strong>experiencia en otros tipos de cribado<\/strong> (por ej. VIH, detecci\u00f3n precoz de c\u00e1ncer de colon y recto, determinaci\u00f3n de par\u00e1metros en qu\u00edmica seca) y la posibilidad de contar con un<strong> sistema de registro dentro del sistema de salud, <\/strong>sit\u00faan el <strong>farmac\u00e9utico comunitario en una posici\u00f3n id\u00f3nea para poder ofrecer este tipo de pruebas, siempre siguiendo el protocolo de actuaci\u00f3n que se defina.<\/strong><\/li>\n<\/ol>\n<p>\u00a0Hoy en d\u00eda, este tipo de test los deben realizar los profesionales sanitarios en centros y establecimientos sanitarios de diagn\u00f3stico y, por tanto, las farmacias no est\u00e1n autorizadas a dispensarlos <\/p>\n<p>\u00a0<\/p>\n<p>\tSin embargo, la experiencia en otros tipos de cribados, as\u00ed como su proximidad y accesibilidad y la posibilidad de contar con un sistema de registro dentro del sistema de salud, hacen de la red de farmacias comunitarias un recurso sanitario id\u00f3neo para poder ofrecer este tipo de pruebas, tal y como ya traslad\u00f3 el Consejo a la Administraci\u00f3n en el mes de abril<\/p>\n<p>\u00a0<\/p>\n<p>Barcelona, 18 de septiembre de 2020. En relaci\u00f3n con las diferentes informaciones aparecidas en los medios de comunicaci\u00f3n sobre los test de ant\u00edgenos por coronavirus, que proporcionan una detecci\u00f3n m\u00e1s r\u00e1pida y menos costosa de la infecci\u00f3n por COVID-19, desde el Consell de Col \u00b7legis Farmac\u00e9uticos de Catalu\u00f1a queremos recordar que:<\/p>\n<p>\tHasta la fecha, y de acuerdo con la informaci\u00f3n suministrada por las autoridades sanitarias competentes, los tests r\u00e1pidos para el diagn\u00f3stico de la infecci\u00f3n por COVID-19 existentes en el mercado del Estado espa\u00f1ol son considerados productos sanitarios para diagn\u00f3stico in vitro , es decir, no son \u201cproductos para autodiagn\u00f3stico\u201d y, por tanto, deben realizarse por profesionales sanitarios en los centros y establecimientos sanitarios de diagn\u00f3stico, no pudiendo ser dispensados al p\u00fablico.<\/p>\n<p>\u00a0<\/p>\n<p>\tLos \u00fanicos tests que las farmacias pueden dispensar actualmente a la poblaci\u00f3n son los llamados \u201ctest de autodiagn\u00f3stico\u201d, aquellos destinados a ser utilizados por el ciudadano en su domicilio. Los tests de ant\u00edgenos por coronavirus no son considerados como tales. De acuerdo con la normativa sanitaria vigente, la venta al p\u00fablico de los productos de autodiagn\u00f3stico se realiza \u00fanicamente desde las oficinas de farmacia y requieren prescripci\u00f3n m\u00e9dica para su dispensaci\u00f3n en farmacias, salvo excepciones en los casos de los test de embarazo, glucosa y VIH.<\/p>\n<p>\u00a0<\/p>\n<p>\tSeg\u00fan la informaci\u00f3n proporcionada por la AEMPS, en estos momentos no existe ning\u00fan producto en el mercado espa\u00f1ol, dentro del marco legal, que se utilice para el autodiagn\u00f3stico de la COVID-19. Por tanto, no se pueden dispensar a los usuarios a trav\u00e9s de la farmacia, ni por ning\u00fan otro canal, como puede ser internet. En caso de que existiera alg\u00fan producto, su dispensaci\u00f3n deber\u00eda precederse de prescripci\u00f3n.<\/p>\n<p>\u00a0<\/p>\n<p>\u00a0<\/p>\n<p>\tConscientes de que la realizaci\u00f3n de pruebas que permitan confirmar la presencia del virus SARS-CoV-2 es imprescindible para determinar la implementaci\u00f3n de medidas efectivas y precisas para detener su propagaci\u00f3n, como ya traslad\u00f3 el Consejo (CCFC) a la Administraci\u00f3n desde el abril, la red de farmacias comunitarias podr\u00eda ser un recurso sanitario en el cribado poblacional mediante el uso de pruebas diagn\u00f3sticas r\u00e1pidas. Al mismo tiempo, podr\u00edan permitir conocer el grado de inmunizaci\u00f3n de la poblaci\u00f3n en general o bien de determinados grupos poblacionales que requieran un mayor seguimiento.<\/p>\n<p>\u00a0<\/p>\n<p>\tEntendemos que la farmacia comunitaria, como recurso m\u00e1s cercano y accesible al ciudadano, as\u00ed como su experiencia en otros tipos de cribado (por ej. VIH, detecci\u00f3n precoz de c\u00e1ncer de colon y recto, determinaci\u00f3n de par\u00e1metros en qu\u00edmica seca) y la posibilidad de contar con un sistema de registro dentro del sistema de salud, sit\u00faan al farmac\u00e9utico comunitario en una posici\u00f3n id\u00f3nea para poder ofrecer este tipo de pruebas, siempre siguiendo el protocolo de actuaci\u00f3n que se defina.  COFB.ORG<\/p>","protected":false},"excerpt":{"rendered":"<p>\u00a0 Hoy en d\u00eda, estos tipos de test los deben realizar los profesionales sanitarios en centros y establecimientos sanitarios de diagn\u00f3stico y, por tanto, las farmacias no est\u00e1n autorizadas a dispensarlos.<\/p>","protected":false},"author":1,"featured_media":0,"comment_status":"","ping_status":"","sticky":false,"template":"","format":"standard","meta":{"_uag_custom_page_level_css":"","site-sidebar-layout":"default","site-content-layout":"","ast-site-content-layout":"default","site-content-style":"default","site-sidebar-style":"default","ast-global-header-display":"","ast-banner-title-visibility":"","ast-main-header-display":"","ast-hfb-above-header-display":"","ast-hfb-below-header-display":"","ast-hfb-mobile-header-display":"","site-post-title":"","ast-breadcrumbs-content":"","ast-featured-img":"disabled","footer-sml-layout":"","theme-transparent-header-meta":"","adv-header-id-meta":"","stick-header-meta":"","header-above-stick-meta":"","header-main-stick-meta":"","header-below-stick-meta":"","astra-migrate-meta-layouts":"default","ast-page-background-enabled":"default","ast-page-background-meta":{"desktop":{"background-color":"var(--ast-global-color-4)","background-image":"","background-repeat":"repeat","background-position":"center center","background-size":"auto","background-attachment":"scroll","background-type":"","background-media":"","overlay-type":"","overlay-color":"","overlay-opacity":"","overlay-gradient":""},"tablet":{"background-color":"","background-image":"","background-repeat":"repeat","background-position":"center center","background-size":"auto","background-attachment":"scroll","background-type":"","background-media":"","overlay-type":"","overlay-color":"","overlay-opacity":"","overlay-gradient":""},"mobile":{"background-color":"","background-image":"","background-repeat":"repeat","background-position":"center center","background-size":"auto","background-attachment":"scroll","background-type":"","background-media":"","overlay-type":"","overlay-color":"","overlay-opacity":"","overlay-gradient":""}},"ast-content-background-meta":{"desktop":{"background-color":"var(--ast-global-color-5)","background-image":"","background-repeat":"repeat","background-position":"center center","background-size":"auto","background-attachment":"scroll","background-type":"","background-media":"","overlay-type":"","overlay-color":"","overlay-opacity":"","overlay-gradient":""},"tablet":{"background-color":"var(--ast-global-color-5)","background-image":"","background-repeat":"repeat","background-position":"center center","background-size":"auto","background-attachment":"scroll","background-type":"","background-media":"","overlay-type":"","overlay-color":"","overlay-opacity":"","overlay-gradient":""},"mobile":{"background-color":"var(--ast-global-color-5)","background-image":"","background-repeat":"repeat","background-position":"center center","background-size":"auto","background-attachment":"scroll","background-type":"","background-media":"","overlay-type":"","overlay-color":"","overlay-opacity":"","overlay-gradient":""}},"footnotes":""},"categories":[1060,1066],"tags":[],"class_list":["post-77103","post","type-post","status-publish","format-standard","hentry","category-notes-premsa","category-sense-categoria-ca"],"yoast_head":"<!-- This site is optimized with the Yoast SEO plugin v22.4 - https:\/\/yoast.com\/wordpress\/plugins\/seo\/ -->\n<title>Comunicat del Consell de Col\u00b7legis de Farmac\u00e8utics de Catalunya en relaci\u00f3 amb els tests d\u2019ant\u00edgens per coronavirus i posicionament davant la seva possible dispensaci\u00f3 a trav\u00e9s de les farm\u00e0cies - Col\u00b7legi de Farmac\u00e8utics de Barcelona<\/title>\n<meta name=\"robots\" content=\"index, follow, max-snippet:-1, max-image-preview:large, max-video-preview:-1\" \/>\n<link rel=\"canonical\" href=\"https:\/\/novaorg.cofb.net\/2020\/09\/18\/comunicat-del-consell-de-collegis-de-farmaceutics-de-catalunya-en-relacio-amb-els-tests-dantigens-per-coronavirus-i-posicionament-davant-la-seva-possible-dispensacio-a-traves-de-les-farmacies\/\" \/>\n<meta property=\"og:locale\" content=\"es_ES\" \/>\n<meta property=\"og:type\" content=\"article\" \/>\n<meta property=\"og:title\" content=\"Comunicat del Consell de Col\u00b7legis de Farmac\u00e8utics de Catalunya en relaci\u00f3 amb els tests d\u2019ant\u00edgens per coronavirus i posicionament davant la seva possible dispensaci\u00f3 a trav\u00e9s de les farm\u00e0cies - Col\u00b7legi de Farmac\u00e8utics de Barcelona\" \/>\n<meta property=\"og:description\" content=\"\u00a0 Avui en dia, aquests tipus de tests els han de realitzar els professionals sanitaris en centres i establiments sanitaris de diagn\u00f2stic i, per tant, les farm\u00e0cies no estan autoritzades a dispensar-los \u00a0 No obstant aix\u00f2, l\u2019experi\u00e8ncia en altres tipus de cribratges, aix\u00ed com la seva proximitat i accessibilitat i [&hellip;]\" \/>\n<meta property=\"og:url\" content=\"https:\/\/novaorg.cofb.net\/2020\/09\/18\/comunicat-del-consell-de-collegis-de-farmaceutics-de-catalunya-en-relacio-amb-els-tests-dantigens-per-coronavirus-i-posicionament-davant-la-seva-possible-dispensacio-a-traves-de-les-farmacies\/\" \/>\n<meta property=\"og:site_name\" content=\"Col\u00b7legi de Farmac\u00e8utics de Barcelona\" \/>\n<meta property=\"article:publisher\" content=\"https:\/\/www.facebook.com\/farmaceuticsbcn\/\" \/>\n<meta property=\"article:published_time\" content=\"2020-09-18T13:09:00+00:00\" \/>\n<meta name=\"author\" content=\"wpAdminCofbOrg\" \/>\n<meta name=\"twitter:card\" content=\"summary_large_image\" \/>\n<meta name=\"twitter:creator\" content=\"@farmaceuticsbcn\" \/>\n<meta name=\"twitter:site\" content=\"@farmaceuticsbcn\" \/>\n<meta name=\"twitter:label1\" content=\"Escrito por\" \/>\n\t<meta name=\"twitter:data1\" content=\"wpAdminCofbOrg\" \/>\n\t<meta name=\"twitter:label2\" content=\"Tiempo de lectura\" \/>\n\t<meta name=\"twitter:data2\" content=\"6 minutos\" \/>\n<script type=\"application\/ld+json\" class=\"yoast-schema-graph\">{\"@context\":\"https:\/\/schema.org\",\"@graph\":[{\"@type\":\"Article\",\"@id\":\"https:\/\/novaorg.cofb.net\/2020\/09\/18\/comunicat-del-consell-de-collegis-de-farmaceutics-de-catalunya-en-relacio-amb-els-tests-dantigens-per-coronavirus-i-posicionament-davant-la-seva-possible-dispensacio-a-traves-de-les-farmacies\/#article\",\"isPartOf\":{\"@id\":\"https:\/\/novaorg.cofb.net\/2020\/09\/18\/comunicat-del-consell-de-collegis-de-farmaceutics-de-catalunya-en-relacio-amb-els-tests-dantigens-per-coronavirus-i-posicionament-davant-la-seva-possible-dispensacio-a-traves-de-les-farmacies\/\"},\"author\":{\"name\":\"wpAdminCofbOrg\",\"@id\":\"https:\/\/www.cofb.org\/#\/schema\/person\/22ed7eea88da74b0fa4d3154ad87ffcb\"},\"headline\":\"Comunicat del Consell de Col\u00b7legis de Farmac\u00e8utics de Catalunya en relaci\u00f3 amb els tests d\u2019ant\u00edgens per coronavirus i posicionament davant la seva possible dispensaci\u00f3 a trav\u00e9s de les farm\u00e0cies\",\"datePublished\":\"2020-09-18T13:09:00+00:00\",\"dateModified\":\"2020-09-18T13:09:00+00:00\",\"mainEntityOfPage\":{\"@id\":\"https:\/\/novaorg.cofb.net\/2020\/09\/18\/comunicat-del-consell-de-collegis-de-farmaceutics-de-catalunya-en-relacio-amb-els-tests-dantigens-per-coronavirus-i-posicionament-davant-la-seva-possible-dispensacio-a-traves-de-les-farmacies\/\"},\"wordCount\":1235,\"publisher\":{\"@id\":\"https:\/\/www.cofb.org\/#organization\"},\"articleSection\":[\"Notes de premsa\",\"Sense categoria\"],\"inLanguage\":\"es\"},{\"@type\":\"WebPage\",\"@id\":\"https:\/\/novaorg.cofb.net\/2020\/09\/18\/comunicat-del-consell-de-collegis-de-farmaceutics-de-catalunya-en-relacio-amb-els-tests-dantigens-per-coronavirus-i-posicionament-davant-la-seva-possible-dispensacio-a-traves-de-les-farmacies\/\",\"url\":\"https:\/\/novaorg.cofb.net\/2020\/09\/18\/comunicat-del-consell-de-collegis-de-farmaceutics-de-catalunya-en-relacio-amb-els-tests-dantigens-per-coronavirus-i-posicionament-davant-la-seva-possible-dispensacio-a-traves-de-les-farmacies\/\",\"name\":\"Comunicat del Consell de Col\u00b7legis de Farmac\u00e8utics de Catalunya en relaci\u00f3 amb els tests d\u2019ant\u00edgens per coronavirus i posicionament davant la seva possible dispensaci\u00f3 a trav\u00e9s de les farm\u00e0cies - Col\u00b7legi de Farmac\u00e8utics de Barcelona\",\"isPartOf\":{\"@id\":\"https:\/\/www.cofb.org\/#website\"},\"datePublished\":\"2020-09-18T13:09:00+00:00\",\"dateModified\":\"2020-09-18T13:09:00+00:00\",\"breadcrumb\":{\"@id\":\"https:\/\/novaorg.cofb.net\/2020\/09\/18\/comunicat-del-consell-de-collegis-de-farmaceutics-de-catalunya-en-relacio-amb-els-tests-dantigens-per-coronavirus-i-posicionament-davant-la-seva-possible-dispensacio-a-traves-de-les-farmacies\/#breadcrumb\"},\"inLanguage\":\"es\",\"potentialAction\":[{\"@type\":\"ReadAction\",\"target\":[\"https:\/\/novaorg.cofb.net\/2020\/09\/18\/comunicat-del-consell-de-collegis-de-farmaceutics-de-catalunya-en-relacio-amb-els-tests-dantigens-per-coronavirus-i-posicionament-davant-la-seva-possible-dispensacio-a-traves-de-les-farmacies\/\"]}]},{\"@type\":\"BreadcrumbList\",\"@id\":\"https:\/\/novaorg.cofb.net\/2020\/09\/18\/comunicat-del-consell-de-collegis-de-farmaceutics-de-catalunya-en-relacio-amb-els-tests-dantigens-per-coronavirus-i-posicionament-davant-la-seva-possible-dispensacio-a-traves-de-les-farmacies\/#breadcrumb\",\"itemListElement\":[{\"@type\":\"ListItem\",\"position\":1,\"name\":\"Inici\",\"item\":\"https:\/\/novaorg.cofb.net\/\"},{\"@type\":\"ListItem\",\"position\":2,\"name\":\"Comunicat del Consell de Col\u00b7legis de Farmac\u00e8utics de Catalunya en relaci\u00f3 amb els tests d\u2019ant\u00edgens per coronavirus i posicionament davant la seva possible dispensaci\u00f3 a trav\u00e9s de les farm\u00e0cies\"}]},{\"@type\":\"WebSite\",\"@id\":\"https:\/\/www.cofb.org\/#website\",\"url\":\"https:\/\/www.cofb.org\/\",\"name\":\"Col\u00b7legi de Farmac\u00e8utics de Barcelona\",\"description\":\"\",\"publisher\":{\"@id\":\"https:\/\/www.cofb.org\/#organization\"},\"potentialAction\":[{\"@type\":\"SearchAction\",\"target\":{\"@type\":\"EntryPoint\",\"urlTemplate\":\"https:\/\/www.cofb.org\/?s={search_term_string}\"},\"query-input\":\"required name=search_term_string\"}],\"inLanguage\":\"es\"},{\"@type\":\"Organization\",\"@id\":\"https:\/\/www.cofb.org\/#organization\",\"name\":\"Col\u00b7legi de Farmac\u00e8utics de Barcelona\",\"url\":\"https:\/\/www.cofb.org\/\",\"logo\":{\"@type\":\"ImageObject\",\"inLanguage\":\"es\",\"@id\":\"https:\/\/www.cofb.org\/#\/schema\/logo\/image\/\",\"url\":\"https:\/\/www.cofb.org\/wp-content\/uploads\/2023\/11\/cropped-Logotip-COFB.png\",\"contentUrl\":\"https:\/\/www.cofb.org\/wp-content\/uploads\/2023\/11\/cropped-Logotip-COFB.png\",\"width\":500,\"height\":105,\"caption\":\"Col\u00b7legi de Farmac\u00e8utics de Barcelona\"},\"image\":{\"@id\":\"https:\/\/www.cofb.org\/#\/schema\/logo\/image\/\"},\"sameAs\":[\"https:\/\/www.facebook.com\/farmaceuticsbcn\/\",\"https:\/\/twitter.com\/farmaceuticsbcn\",\"https:\/\/www.instagram.com\/farmaceuticsbcn\/\",\"https:\/\/www.linkedin.com\/company\/farmaceuticsbcn\/\"]},{\"@type\":\"Person\",\"@id\":\"https:\/\/www.cofb.org\/#\/schema\/person\/22ed7eea88da74b0fa4d3154ad87ffcb\",\"name\":\"wpAdminCofbOrg\",\"image\":{\"@type\":\"ImageObject\",\"inLanguage\":\"es\",\"@id\":\"https:\/\/www.cofb.org\/#\/schema\/person\/image\/\",\"url\":\"https:\/\/secure.gravatar.com\/avatar\/1721b20b3b8ca882c3b56ec6c978c594fff670e40c0718e9190eaeeb76aae7d8?s=96&d=mm&r=g\",\"contentUrl\":\"https:\/\/secure.gravatar.com\/avatar\/1721b20b3b8ca882c3b56ec6c978c594fff670e40c0718e9190eaeeb76aae7d8?s=96&d=mm&r=g\",\"caption\":\"wpAdminCofbOrg\"},\"sameAs\":[\"http:\/\/192.168.64.122\/wordpress\"],\"url\":\"https:\/\/www.cofb.org\/es\/author\/wpadmincofborg\/\"}]}<\/script>\n<!-- \/ Yoast SEO plugin. -->","yoast_head_json":{"title":"Comunicat del Consell de Col\u00b7legis de Farmac\u00e8utics de Catalunya en relaci\u00f3 amb els tests d\u2019ant\u00edgens per coronavirus i posicionament davant la seva possible dispensaci\u00f3 a trav\u00e9s de les farm\u00e0cies - Col\u00b7legi de Farmac\u00e8utics de Barcelona","robots":{"index":"index","follow":"follow","max-snippet":"max-snippet:-1","max-image-preview":"max-image-preview:large","max-video-preview":"max-video-preview:-1"},"canonical":"https:\/\/novaorg.cofb.net\/2020\/09\/18\/comunicat-del-consell-de-collegis-de-farmaceutics-de-catalunya-en-relacio-amb-els-tests-dantigens-per-coronavirus-i-posicionament-davant-la-seva-possible-dispensacio-a-traves-de-les-farmacies\/","og_locale":"es_ES","og_type":"article","og_title":"Comunicat del Consell de Col\u00b7legis de Farmac\u00e8utics de Catalunya en relaci\u00f3 amb els tests d\u2019ant\u00edgens per coronavirus i posicionament davant la seva possible dispensaci\u00f3 a trav\u00e9s de les farm\u00e0cies - Col\u00b7legi de Farmac\u00e8utics de Barcelona","og_description":"\u00a0 Avui en dia, aquests tipus de tests els han de realitzar els professionals sanitaris en centres i establiments sanitaris de diagn\u00f2stic i, per tant, les farm\u00e0cies no estan autoritzades a dispensar-los \u00a0 No obstant aix\u00f2, l\u2019experi\u00e8ncia en altres tipus de cribratges, aix\u00ed com la seva proximitat i accessibilitat i [&hellip;]","og_url":"https:\/\/novaorg.cofb.net\/2020\/09\/18\/comunicat-del-consell-de-collegis-de-farmaceutics-de-catalunya-en-relacio-amb-els-tests-dantigens-per-coronavirus-i-posicionament-davant-la-seva-possible-dispensacio-a-traves-de-les-farmacies\/","og_site_name":"Col\u00b7legi de Farmac\u00e8utics de Barcelona","article_publisher":"https:\/\/www.facebook.com\/farmaceuticsbcn\/","article_published_time":"2020-09-18T13:09:00+00:00","author":"wpAdminCofbOrg","twitter_card":"summary_large_image","twitter_creator":"@farmaceuticsbcn","twitter_site":"@farmaceuticsbcn","twitter_misc":{"Escrito por":"wpAdminCofbOrg","Tiempo de lectura":"6 minutos"},"schema":{"@context":"https:\/\/schema.org","@graph":[{"@type":"Article","@id":"https:\/\/novaorg.cofb.net\/2020\/09\/18\/comunicat-del-consell-de-collegis-de-farmaceutics-de-catalunya-en-relacio-amb-els-tests-dantigens-per-coronavirus-i-posicionament-davant-la-seva-possible-dispensacio-a-traves-de-les-farmacies\/#article","isPartOf":{"@id":"https:\/\/novaorg.cofb.net\/2020\/09\/18\/comunicat-del-consell-de-collegis-de-farmaceutics-de-catalunya-en-relacio-amb-els-tests-dantigens-per-coronavirus-i-posicionament-davant-la-seva-possible-dispensacio-a-traves-de-les-farmacies\/"},"author":{"name":"wpAdminCofbOrg","@id":"https:\/\/www.cofb.org\/#\/schema\/person\/22ed7eea88da74b0fa4d3154ad87ffcb"},"headline":"Comunicat del Consell de Col\u00b7legis de Farmac\u00e8utics de Catalunya en relaci\u00f3 amb els tests d\u2019ant\u00edgens per coronavirus i posicionament davant la seva possible dispensaci\u00f3 a trav\u00e9s de les farm\u00e0cies","datePublished":"2020-09-18T13:09:00+00:00","dateModified":"2020-09-18T13:09:00+00:00","mainEntityOfPage":{"@id":"https:\/\/novaorg.cofb.net\/2020\/09\/18\/comunicat-del-consell-de-collegis-de-farmaceutics-de-catalunya-en-relacio-amb-els-tests-dantigens-per-coronavirus-i-posicionament-davant-la-seva-possible-dispensacio-a-traves-de-les-farmacies\/"},"wordCount":1235,"publisher":{"@id":"https:\/\/www.cofb.org\/#organization"},"articleSection":["Notes de premsa","Sense categoria"],"inLanguage":"es"},{"@type":"WebPage","@id":"https:\/\/novaorg.cofb.net\/2020\/09\/18\/comunicat-del-consell-de-collegis-de-farmaceutics-de-catalunya-en-relacio-amb-els-tests-dantigens-per-coronavirus-i-posicionament-davant-la-seva-possible-dispensacio-a-traves-de-les-farmacies\/","url":"https:\/\/novaorg.cofb.net\/2020\/09\/18\/comunicat-del-consell-de-collegis-de-farmaceutics-de-catalunya-en-relacio-amb-els-tests-dantigens-per-coronavirus-i-posicionament-davant-la-seva-possible-dispensacio-a-traves-de-les-farmacies\/","name":"Comunicat del Consell de Col\u00b7legis de Farmac\u00e8utics de Catalunya en relaci\u00f3 amb els tests d\u2019ant\u00edgens per coronavirus i posicionament davant la seva possible dispensaci\u00f3 a trav\u00e9s de les farm\u00e0cies - Col\u00b7legi de Farmac\u00e8utics de Barcelona","isPartOf":{"@id":"https:\/\/www.cofb.org\/#website"},"datePublished":"2020-09-18T13:09:00+00:00","dateModified":"2020-09-18T13:09:00+00:00","breadcrumb":{"@id":"https:\/\/novaorg.cofb.net\/2020\/09\/18\/comunicat-del-consell-de-collegis-de-farmaceutics-de-catalunya-en-relacio-amb-els-tests-dantigens-per-coronavirus-i-posicionament-davant-la-seva-possible-dispensacio-a-traves-de-les-farmacies\/#breadcrumb"},"inLanguage":"es","potentialAction":[{"@type":"ReadAction","target":["https:\/\/novaorg.cofb.net\/2020\/09\/18\/comunicat-del-consell-de-collegis-de-farmaceutics-de-catalunya-en-relacio-amb-els-tests-dantigens-per-coronavirus-i-posicionament-davant-la-seva-possible-dispensacio-a-traves-de-les-farmacies\/"]}]},{"@type":"BreadcrumbList","@id":"https:\/\/novaorg.cofb.net\/2020\/09\/18\/comunicat-del-consell-de-collegis-de-farmaceutics-de-catalunya-en-relacio-amb-els-tests-dantigens-per-coronavirus-i-posicionament-davant-la-seva-possible-dispensacio-a-traves-de-les-farmacies\/#breadcrumb","itemListElement":[{"@type":"ListItem","position":1,"name":"Inici","item":"https:\/\/novaorg.cofb.net\/"},{"@type":"ListItem","position":2,"name":"Comunicat del Consell de Col\u00b7legis de Farmac\u00e8utics de Catalunya en relaci\u00f3 amb els tests d\u2019ant\u00edgens per coronavirus i posicionament davant la seva possible dispensaci\u00f3 a trav\u00e9s de les farm\u00e0cies"}]},{"@type":"WebSite","@id":"https:\/\/www.cofb.org\/#website","url":"https:\/\/www.cofb.org\/","name":"Col\u00b7legi de Farmac\u00e8utics de Barcelona","description":"","publisher":{"@id":"https:\/\/www.cofb.org\/#organization"},"potentialAction":[{"@type":"SearchAction","target":{"@type":"EntryPoint","urlTemplate":"https:\/\/www.cofb.org\/?s={search_term_string}"},"query-input":"required name=search_term_string"}],"inLanguage":"es"},{"@type":"Organization","@id":"https:\/\/www.cofb.org\/#organization","name":"Col\u00b7legi de Farmac\u00e8utics de Barcelona","url":"https:\/\/www.cofb.org\/","logo":{"@type":"ImageObject","inLanguage":"es","@id":"https:\/\/www.cofb.org\/#\/schema\/logo\/image\/","url":"https:\/\/www.cofb.org\/wp-content\/uploads\/2023\/11\/cropped-Logotip-COFB.png","contentUrl":"https:\/\/www.cofb.org\/wp-content\/uploads\/2023\/11\/cropped-Logotip-COFB.png","width":500,"height":105,"caption":"Col\u00b7legi de Farmac\u00e8utics de Barcelona"},"image":{"@id":"https:\/\/www.cofb.org\/#\/schema\/logo\/image\/"},"sameAs":["https:\/\/www.facebook.com\/farmaceuticsbcn\/","https:\/\/twitter.com\/farmaceuticsbcn","https:\/\/www.instagram.com\/farmaceuticsbcn\/","https:\/\/www.linkedin.com\/company\/farmaceuticsbcn\/"]},{"@type":"Person","@id":"https:\/\/www.cofb.org\/#\/schema\/person\/22ed7eea88da74b0fa4d3154ad87ffcb","name":"wpAdminCofbOrg","image":{"@type":"ImageObject","inLanguage":"es","@id":"https:\/\/www.cofb.org\/#\/schema\/person\/image\/","url":"https:\/\/secure.gravatar.com\/avatar\/1721b20b3b8ca882c3b56ec6c978c594fff670e40c0718e9190eaeeb76aae7d8?s=96&d=mm&r=g","contentUrl":"https:\/\/secure.gravatar.com\/avatar\/1721b20b3b8ca882c3b56ec6c978c594fff670e40c0718e9190eaeeb76aae7d8?s=96&d=mm&r=g","caption":"wpAdminCofbOrg"},"sameAs":["http:\/\/192.168.64.122\/wordpress"],"url":"https:\/\/www.cofb.org\/es\/author\/wpadmincofborg\/"}]}},"uagb_featured_image_src":{"full":false,"thumbnail":false,"medium":false,"medium_large":false,"large":false,"1536x1536":false,"2048x2048":false,"trp-custom-language-flag":false},"uagb_author_info":{"display_name":"wpAdminCofbOrg","author_link":"https:\/\/www.cofb.org\/es\/author\/wpadmincofborg\/"},"uagb_comment_info":0,"uagb_excerpt":"\u00a0 Avui en dia, aquests tipus de tests els han de realitzar els professionals sanitaris en centres i establiments sanitaris de diagn\u00f2stic i, per tant, les farm\u00e0cies no estan autoritzades a dispensar-los \u00a0 No obstant aix\u00f2, l\u2019experi\u00e8ncia en altres tipus de cribratges, aix\u00ed com la seva proximitat i accessibilitat i [&hellip;]","_links":{"self":[{"href":"https:\/\/www.cofb.org\/es\/wp-json\/wp\/v2\/posts\/77103","targetHints":{"allow":["GET"]}}],"collection":[{"href":"https:\/\/www.cofb.org\/es\/wp-json\/wp\/v2\/posts"}],"about":[{"href":"https:\/\/www.cofb.org\/es\/wp-json\/wp\/v2\/types\/post"}],"author":[{"embeddable":true,"href":"https:\/\/www.cofb.org\/es\/wp-json\/wp\/v2\/users\/1"}],"replies":[{"embeddable":true,"href":"https:\/\/www.cofb.org\/es\/wp-json\/wp\/v2\/comments?post=77103"}],"version-history":[{"count":0,"href":"https:\/\/www.cofb.org\/es\/wp-json\/wp\/v2\/posts\/77103\/revisions"}],"wp:attachment":[{"href":"https:\/\/www.cofb.org\/es\/wp-json\/wp\/v2\/media?parent=77103"}],"wp:term":[{"taxonomy":"category","embeddable":true,"href":"https:\/\/www.cofb.org\/es\/wp-json\/wp\/v2\/categories?post=77103"},{"taxonomy":"post_tag","embeddable":true,"href":"https:\/\/www.cofb.org\/es\/wp-json\/wp\/v2\/tags?post=77103"}],"curies":[{"name":"wp","href":"https:\/\/api.w.org\/{rel}","templated":true}]}}