{"id":77086,"date":"2020-12-16T13:18:00","date_gmt":"2020-12-16T13:18:00","guid":{"rendered":"https:\/\/novaorg.cofb.net\/2020\/12\/16\/infarma-2020-2021-se-celebrara-del-15-al-17-de-juny-a-ifemainfarma-2020-2021-se-celebrara-del-15-al-17-de-junio-en-ifema\/"},"modified":"2020-12-16T13:18:00","modified_gmt":"2020-12-16T13:18:00","slug":"infarma-2020-2021-se-celebrara-del-15-al-17-de-juny-a-ifemainfarma-2020-2021-se-celebrara-del-15-al-17-de-junio-en-ifema","status":"publish","type":"post","link":"https:\/\/www.cofb.org\/es\/2020\/12\/16\/infarma-2020-2021-se-celebrara-del-15-al-17-de-juny-a-ifemainfarma-2020-2021-se-celebrara-del-15-al-17-de-junio-en-ifema\/","title":{"rendered":"Infarma 2020-2021 se celebrar\u00e1 del 15 al 17 de junio en IfemaInfarma 2020-2021 se celebrar\u00e1 del 15 al 17 de junio en Ifema"},"content":{"rendered":"<p>\u00a0<\/p>\n<ul>\n<li>El Comit\u00e9 Organizador ya trabaja en dos formatos de Congreso para hacer realidad en 2021 la feria l\u00edder del sector farmac\u00e9utico en Espa\u00f1a<\/li>\n<li>\u00a0<\/li>\n<\/ul>\n<p><em>Madrid, 15 de diciembre<\/em>. El Congreso y Sal\u00f3n farmac\u00e9utico organizado por los colegios oficiales de farmac\u00e9uticos de Madrid y Barcelona, \u200b\u200ben colaboraci\u00f3n con Interalia, tendr\u00e1 lugar el pr\u00f3ximo 15 de junio, seg\u00fan el acuerdo adoptado por el Comit\u00e9 Organizador.<\/p>\n<p>Trasladada la reserva de estas nuevas fechas a los laboratorios, expositores y empresas que han hecho posible que Infarma se haya convertido en la feria l\u00edder del sector farmac\u00e9utico en Espa\u00f1a, la organizaci\u00f3n se complace de anunciar, de forma oficial, el nuevo calendario previsto despu\u00e9s del aplazamiento sufrido en el 2020 como consecuencia de la pandemia.<\/p>\n<p>El Comit\u00e9 Organizador trabaja ya en dos escenarios distintos para hacer posible una nueva edici\u00f3n que responda a las expectativas profesionales de congresistas, visitantes y expositores. Respetando siempre las recomendaciones de las autoridades sanitarias, el recinto ferial de Ifema acoger\u00e1 la nueva edici\u00f3n en formato presencial si las condiciones sanitarias as\u00ed lo permiten. En caso de que esta posibilidad no sea factible, Infarma se celebrar\u00e1 en un formato virtual utilizando una de las plataformas online m\u00e1s punteras que existen en el mercado de este sector emergente.<\/p>\n<p>\u201cInfarma volver\u00e1 a convertirse el pr\u00f3ximo a\u00f1o en el gran escaparate profesional y comercial de uno de los sectores m\u00e1s din\u00e1micos e innovador de la econom\u00eda. Es el compromiso que asumimos con los profesionales y empresarios que no han parado durante la pandemia y que han demostrado su enorme capacidad para adaptarse a esta crisis sanitaria y lanzar al mercado todo tipo de soluciones. Estamos trabajando para reencontrarnos en junio en nuestra tradicional cita anual que ser\u00e1 de nuevo la gran referencia de la Farmacia\u201d, se\u00f1ala el Comit\u00e9 Organizador de Infarma 2020-2021.<\/p>\n<p>\u00a0El Comit\u00e9 Organizador ya trabaja en dos formatos de Congreso para hacer realidad en 2021 la feria l\u00edder del sector farmac\u00e9utico en Espa\u00f1a<br \/>\n\t\u00a0<\/p>\n<p>Madrid, 15 de diciembre. El Congreso y Sal\u00f3n farmac\u00e9utico organizado por los colegios oficiales de farmac\u00e9uticos de Madrid y Barcelona, \u200b\u200ben colaboraci\u00f3n con Interalia, tendr\u00e1 lugar el pr\u00f3ximo 15 de junio, seg\u00fan el acuerdo adoptado por el Comit\u00e9 Organizador.<\/p>\n<p>Trasladada la reserva de estas nuevas fechas a los laboratorios, expositores y empresas que han hecho posible que Infarma se haya convertido en la feria l\u00edder del sector farmac\u00e9utico en Espa\u00f1a, la organizaci\u00f3n se complace de anunciar, de forma oficial, el nuevo calendario previsto despu\u00e9s del aplazamiento sufrido en el 2020 como consecuencia de la pandemia.<\/p>\n<p>El Comit\u00e9 Organizador trabaja ya en dos escenarios distintos para hacer posible una nueva edici\u00f3n que responda a las expectativas profesionales de congresistas, visitantes y expositores. Respetando siempre las recomendaciones de las autoridades sanitarias, el recinto ferial de Ifema acoger\u00e1 la nueva edici\u00f3n en formato presencial si las condiciones sanitarias as\u00ed lo permiten. En caso de que esta posibilidad no sea factible, Infarma se celebrar\u00e1 en un formato virtual utilizando una de las plataformas online m\u00e1s punteras que existen en el mercado de este sector emergente.<\/p>\n<p>\u201cInfarma volver\u00e1 a convertirse el pr\u00f3ximo a\u00f1o en el gran escaparate profesional y comercial de uno de los sectores m\u00e1s din\u00e1micos e innovador de la econom\u00eda. Es el compromiso que asumimos con los profesionales y empresarios que no han parado durante la pandemia y que han demostrado su enorme capacidad para adaptarse a esta crisis sanitaria y lanzar al mercado todo tipo de soluciones. Estamos trabajando para reencontrarnos en junio en nuestra tradicional cita anual que ser\u00e1 de nuevo la gran referencia de la Farmacia\u201d, se\u00f1ala el Comit\u00e9 Organizador de Infarma 2020-2021.  COFB.ORG<\/p>","protected":false},"excerpt":{"rendered":"<p>\u00a0 El Comit\u00e9 Organizador trabaja ya en dos formatos de Congreso para hacer realidad en 2021 la feria l\u00edder del sector farmac\u00e9utico en Espa\u00f1a Madrid, 15 de diciembre. El Congreso y Sal\u00f3n farmac\u00e9utico organizado por los colegios oficiales de farmac\u00e9uticos de Madrid y Barcelona, \u200b\u200ben colaboraci\u00f3n con Interalia, tendr\u00e1 lugar [\u2026]<\/p>","protected":false},"author":1,"featured_media":0,"comment_status":"","ping_status":"","sticky":false,"template":"","format":"standard","meta":{"_uag_custom_page_level_css":"","site-sidebar-layout":"default","site-content-layout":"","ast-site-content-layout":"default","site-content-style":"default","site-sidebar-style":"default","ast-global-header-display":"","ast-banner-title-visibility":"","ast-main-header-display":"","ast-hfb-above-header-display":"","ast-hfb-below-header-display":"","ast-hfb-mobile-header-display":"","site-post-title":"","ast-breadcrumbs-content":"","ast-featured-img":"disabled","footer-sml-layout":"","theme-transparent-header-meta":"","adv-header-id-meta":"","stick-header-meta":"","header-above-stick-meta":"","header-main-stick-meta":"","header-below-stick-meta":"","astra-migrate-meta-layouts":"default","ast-page-background-enabled":"default","ast-page-background-meta":{"desktop":{"background-color":"var(--ast-global-color-4)","background-image":"","background-repeat":"repeat","background-position":"center center","background-size":"auto","background-attachment":"scroll","background-type":"","background-media":"","overlay-type":"","overlay-color":"","overlay-opacity":"","overlay-gradient":""},"tablet":{"background-color":"","background-image":"","background-repeat":"repeat","background-position":"center center","background-size":"auto","background-attachment":"scroll","background-type":"","background-media":"","overlay-type":"","overlay-color":"","overlay-opacity":"","overlay-gradient":""},"mobile":{"background-color":"","background-image":"","background-repeat":"repeat","background-position":"center center","background-size":"auto","background-attachment":"scroll","background-type":"","background-media":"","overlay-type":"","overlay-color":"","overlay-opacity":"","overlay-gradient":""}},"ast-content-background-meta":{"desktop":{"background-color":"var(--ast-global-color-5)","background-image":"","background-repeat":"repeat","background-position":"center center","background-size":"auto","background-attachment":"scroll","background-type":"","background-media":"","overlay-type":"","overlay-color":"","overlay-opacity":"","overlay-gradient":""},"tablet":{"background-color":"var(--ast-global-color-5)","background-image":"","background-repeat":"repeat","background-position":"center center","background-size":"auto","background-attachment":"scroll","background-type":"","background-media":"","overlay-type":"","overlay-color":"","overlay-opacity":"","overlay-gradient":""},"mobile":{"background-color":"var(--ast-global-color-5)","background-image":"","background-repeat":"repeat","background-position":"center center","background-size":"auto","background-attachment":"scroll","background-type":"","background-media":"","overlay-type":"","overlay-color":"","overlay-opacity":"","overlay-gradient":""}},"footnotes":""},"categories":[1060,1066],"tags":[],"class_list":["post-77086","post","type-post","status-publish","format-standard","hentry","category-notes-premsa","category-sense-categoria-ca"],"yoast_head":"<!-- This site is optimized with the Yoast SEO plugin v22.4 - https:\/\/yoast.com\/wordpress\/plugins\/seo\/ -->\n<title>Infarma 2020-2021 se celebrar\u00e0 del 15 al 17 de juny a IfemaInfarma 2020-2021 se celebrar\u00e1 del 15 al 17 de junio en Ifema - Col\u00b7legi de Farmac\u00e8utics de Barcelona<\/title>\n<meta name=\"robots\" content=\"index, follow, max-snippet:-1, max-image-preview:large, max-video-preview:-1\" \/>\n<link rel=\"canonical\" href=\"https:\/\/novaorg.cofb.net\/2020\/12\/16\/infarma-2020-2021-se-celebrara-del-15-al-17-de-juny-a-ifemainfarma-2020-2021-se-celebrara-del-15-al-17-de-junio-en-ifema\/\" \/>\n<meta property=\"og:locale\" content=\"es_ES\" \/>\n<meta property=\"og:type\" content=\"article\" \/>\n<meta property=\"og:title\" content=\"Infarma 2020-2021 se celebrar\u00e0 del 15 al 17 de juny a IfemaInfarma 2020-2021 se celebrar\u00e1 del 15 al 17 de junio en Ifema - Col\u00b7legi de Farmac\u00e8utics de Barcelona\" \/>\n<meta property=\"og:description\" content=\"\u00a0 El Comit\u00e8 Organitzador ja treballa en dos formats de Congr\u00e9s per fer realitat el 2021 la fira l\u00edder del sector farmac\u00e8utic a Espanya \u00a0 Madrid, 15 de desembre. El Congr\u00e9s i Sal\u00f3 farmac\u00e8utic organitzat pels col\u00b7legis oficials de farmac\u00e8utics de Madrid i Barcelona, \u200b\u200ben col\u00b7laboraci\u00f3 amb Interalia, tindr\u00e0 lloc [&hellip;]\" \/>\n<meta property=\"og:url\" content=\"https:\/\/novaorg.cofb.net\/2020\/12\/16\/infarma-2020-2021-se-celebrara-del-15-al-17-de-juny-a-ifemainfarma-2020-2021-se-celebrara-del-15-al-17-de-junio-en-ifema\/\" \/>\n<meta property=\"og:site_name\" content=\"Col\u00b7legi de Farmac\u00e8utics de Barcelona\" \/>\n<meta property=\"article:publisher\" content=\"https:\/\/www.facebook.com\/farmaceuticsbcn\/\" \/>\n<meta property=\"article:published_time\" content=\"2020-12-16T13:18:00+00:00\" \/>\n<meta name=\"author\" content=\"wpAdminCofbOrg\" \/>\n<meta name=\"twitter:card\" content=\"summary_large_image\" \/>\n<meta name=\"twitter:creator\" content=\"@farmaceuticsbcn\" \/>\n<meta name=\"twitter:site\" content=\"@farmaceuticsbcn\" \/>\n<meta name=\"twitter:label1\" content=\"Escrito por\" \/>\n\t<meta name=\"twitter:data1\" content=\"wpAdminCofbOrg\" \/>\n\t<meta name=\"twitter:label2\" content=\"Tiempo de lectura\" \/>\n\t<meta name=\"twitter:data2\" content=\"3 minutos\" \/>\n<script type=\"application\/ld+json\" class=\"yoast-schema-graph\">{\"@context\":\"https:\/\/schema.org\",\"@graph\":[{\"@type\":\"Article\",\"@id\":\"https:\/\/novaorg.cofb.net\/2020\/12\/16\/infarma-2020-2021-se-celebrara-del-15-al-17-de-juny-a-ifemainfarma-2020-2021-se-celebrara-del-15-al-17-de-junio-en-ifema\/#article\",\"isPartOf\":{\"@id\":\"https:\/\/novaorg.cofb.net\/2020\/12\/16\/infarma-2020-2021-se-celebrara-del-15-al-17-de-juny-a-ifemainfarma-2020-2021-se-celebrara-del-15-al-17-de-junio-en-ifema\/\"},\"author\":{\"name\":\"wpAdminCofbOrg\",\"@id\":\"https:\/\/www.cofb.org\/#\/schema\/person\/22ed7eea88da74b0fa4d3154ad87ffcb\"},\"headline\":\"Infarma 2020-2021 se celebrar\u00e0 del 15 al 17 de juny a IfemaInfarma 2020-2021 se celebrar\u00e1 del 15 al 17 de junio en Ifema\",\"datePublished\":\"2020-12-16T13:18:00+00:00\",\"dateModified\":\"2020-12-16T13:18:00+00:00\",\"mainEntityOfPage\":{\"@id\":\"https:\/\/novaorg.cofb.net\/2020\/12\/16\/infarma-2020-2021-se-celebrara-del-15-al-17-de-juny-a-ifemainfarma-2020-2021-se-celebrara-del-15-al-17-de-junio-en-ifema\/\"},\"wordCount\":663,\"publisher\":{\"@id\":\"https:\/\/www.cofb.org\/#organization\"},\"articleSection\":[\"Notes de premsa\",\"Sense categoria\"],\"inLanguage\":\"es\"},{\"@type\":\"WebPage\",\"@id\":\"https:\/\/novaorg.cofb.net\/2020\/12\/16\/infarma-2020-2021-se-celebrara-del-15-al-17-de-juny-a-ifemainfarma-2020-2021-se-celebrara-del-15-al-17-de-junio-en-ifema\/\",\"url\":\"https:\/\/novaorg.cofb.net\/2020\/12\/16\/infarma-2020-2021-se-celebrara-del-15-al-17-de-juny-a-ifemainfarma-2020-2021-se-celebrara-del-15-al-17-de-junio-en-ifema\/\",\"name\":\"Infarma 2020-2021 se celebrar\u00e0 del 15 al 17 de juny a IfemaInfarma 2020-2021 se celebrar\u00e1 del 15 al 17 de junio en Ifema - Col\u00b7legi de Farmac\u00e8utics de Barcelona\",\"isPartOf\":{\"@id\":\"https:\/\/www.cofb.org\/#website\"},\"datePublished\":\"2020-12-16T13:18:00+00:00\",\"dateModified\":\"2020-12-16T13:18:00+00:00\",\"breadcrumb\":{\"@id\":\"https:\/\/novaorg.cofb.net\/2020\/12\/16\/infarma-2020-2021-se-celebrara-del-15-al-17-de-juny-a-ifemainfarma-2020-2021-se-celebrara-del-15-al-17-de-junio-en-ifema\/#breadcrumb\"},\"inLanguage\":\"es\",\"potentialAction\":[{\"@type\":\"ReadAction\",\"target\":[\"https:\/\/novaorg.cofb.net\/2020\/12\/16\/infarma-2020-2021-se-celebrara-del-15-al-17-de-juny-a-ifemainfarma-2020-2021-se-celebrara-del-15-al-17-de-junio-en-ifema\/\"]}]},{\"@type\":\"BreadcrumbList\",\"@id\":\"https:\/\/novaorg.cofb.net\/2020\/12\/16\/infarma-2020-2021-se-celebrara-del-15-al-17-de-juny-a-ifemainfarma-2020-2021-se-celebrara-del-15-al-17-de-junio-en-ifema\/#breadcrumb\",\"itemListElement\":[{\"@type\":\"ListItem\",\"position\":1,\"name\":\"Inici\",\"item\":\"https:\/\/novaorg.cofb.net\/\"},{\"@type\":\"ListItem\",\"position\":2,\"name\":\"Infarma 2020-2021 se celebrar\u00e0 del 15 al 17 de juny a IfemaInfarma 2020-2021 se celebrar\u00e1 del 15 al 17 de junio en Ifema\"}]},{\"@type\":\"WebSite\",\"@id\":\"https:\/\/www.cofb.org\/#website\",\"url\":\"https:\/\/www.cofb.org\/\",\"name\":\"Col\u00b7legi de Farmac\u00e8utics de Barcelona\",\"description\":\"\",\"publisher\":{\"@id\":\"https:\/\/www.cofb.org\/#organization\"},\"potentialAction\":[{\"@type\":\"SearchAction\",\"target\":{\"@type\":\"EntryPoint\",\"urlTemplate\":\"https:\/\/www.cofb.org\/?s={search_term_string}\"},\"query-input\":\"required name=search_term_string\"}],\"inLanguage\":\"es\"},{\"@type\":\"Organization\",\"@id\":\"https:\/\/www.cofb.org\/#organization\",\"name\":\"Col\u00b7legi de Farmac\u00e8utics de Barcelona\",\"url\":\"https:\/\/www.cofb.org\/\",\"logo\":{\"@type\":\"ImageObject\",\"inLanguage\":\"es\",\"@id\":\"https:\/\/www.cofb.org\/#\/schema\/logo\/image\/\",\"url\":\"https:\/\/www.cofb.org\/wp-content\/uploads\/2023\/11\/cropped-Logotip-COFB.png\",\"contentUrl\":\"https:\/\/www.cofb.org\/wp-content\/uploads\/2023\/11\/cropped-Logotip-COFB.png\",\"width\":500,\"height\":105,\"caption\":\"Col\u00b7legi de Farmac\u00e8utics de Barcelona\"},\"image\":{\"@id\":\"https:\/\/www.cofb.org\/#\/schema\/logo\/image\/\"},\"sameAs\":[\"https:\/\/www.facebook.com\/farmaceuticsbcn\/\",\"https:\/\/twitter.com\/farmaceuticsbcn\",\"https:\/\/www.instagram.com\/farmaceuticsbcn\/\",\"https:\/\/www.linkedin.com\/company\/farmaceuticsbcn\/\"]},{\"@type\":\"Person\",\"@id\":\"https:\/\/www.cofb.org\/#\/schema\/person\/22ed7eea88da74b0fa4d3154ad87ffcb\",\"name\":\"wpAdminCofbOrg\",\"image\":{\"@type\":\"ImageObject\",\"inLanguage\":\"es\",\"@id\":\"https:\/\/www.cofb.org\/#\/schema\/person\/image\/\",\"url\":\"https:\/\/secure.gravatar.com\/avatar\/1721b20b3b8ca882c3b56ec6c978c594fff670e40c0718e9190eaeeb76aae7d8?s=96&d=mm&r=g\",\"contentUrl\":\"https:\/\/secure.gravatar.com\/avatar\/1721b20b3b8ca882c3b56ec6c978c594fff670e40c0718e9190eaeeb76aae7d8?s=96&d=mm&r=g\",\"caption\":\"wpAdminCofbOrg\"},\"sameAs\":[\"http:\/\/192.168.64.122\/wordpress\"],\"url\":\"https:\/\/www.cofb.org\/es\/author\/wpadmincofborg\/\"}]}<\/script>\n<!-- \/ Yoast SEO plugin. -->","yoast_head_json":{"title":"Infarma 2020-2021 se celebrar\u00e0 del 15 al 17 de juny a IfemaInfarma 2020-2021 se celebrar\u00e1 del 15 al 17 de junio en Ifema - Col\u00b7legi de Farmac\u00e8utics de Barcelona","robots":{"index":"index","follow":"follow","max-snippet":"max-snippet:-1","max-image-preview":"max-image-preview:large","max-video-preview":"max-video-preview:-1"},"canonical":"https:\/\/novaorg.cofb.net\/2020\/12\/16\/infarma-2020-2021-se-celebrara-del-15-al-17-de-juny-a-ifemainfarma-2020-2021-se-celebrara-del-15-al-17-de-junio-en-ifema\/","og_locale":"es_ES","og_type":"article","og_title":"Infarma 2020-2021 se celebrar\u00e0 del 15 al 17 de juny a IfemaInfarma 2020-2021 se celebrar\u00e1 del 15 al 17 de junio en Ifema - Col\u00b7legi de Farmac\u00e8utics de Barcelona","og_description":"\u00a0 El Comit\u00e8 Organitzador ja treballa en dos formats de Congr\u00e9s per fer realitat el 2021 la fira l\u00edder del sector farmac\u00e8utic a Espanya \u00a0 Madrid, 15 de desembre. El Congr\u00e9s i Sal\u00f3 farmac\u00e8utic organitzat pels col\u00b7legis oficials de farmac\u00e8utics de Madrid i Barcelona, \u200b\u200ben col\u00b7laboraci\u00f3 amb Interalia, tindr\u00e0 lloc [&hellip;]","og_url":"https:\/\/novaorg.cofb.net\/2020\/12\/16\/infarma-2020-2021-se-celebrara-del-15-al-17-de-juny-a-ifemainfarma-2020-2021-se-celebrara-del-15-al-17-de-junio-en-ifema\/","og_site_name":"Col\u00b7legi de Farmac\u00e8utics de Barcelona","article_publisher":"https:\/\/www.facebook.com\/farmaceuticsbcn\/","article_published_time":"2020-12-16T13:18:00+00:00","author":"wpAdminCofbOrg","twitter_card":"summary_large_image","twitter_creator":"@farmaceuticsbcn","twitter_site":"@farmaceuticsbcn","twitter_misc":{"Escrito por":"wpAdminCofbOrg","Tiempo de lectura":"3 minutos"},"schema":{"@context":"https:\/\/schema.org","@graph":[{"@type":"Article","@id":"https:\/\/novaorg.cofb.net\/2020\/12\/16\/infarma-2020-2021-se-celebrara-del-15-al-17-de-juny-a-ifemainfarma-2020-2021-se-celebrara-del-15-al-17-de-junio-en-ifema\/#article","isPartOf":{"@id":"https:\/\/novaorg.cofb.net\/2020\/12\/16\/infarma-2020-2021-se-celebrara-del-15-al-17-de-juny-a-ifemainfarma-2020-2021-se-celebrara-del-15-al-17-de-junio-en-ifema\/"},"author":{"name":"wpAdminCofbOrg","@id":"https:\/\/www.cofb.org\/#\/schema\/person\/22ed7eea88da74b0fa4d3154ad87ffcb"},"headline":"Infarma 2020-2021 se celebrar\u00e0 del 15 al 17 de juny a IfemaInfarma 2020-2021 se celebrar\u00e1 del 15 al 17 de junio en Ifema","datePublished":"2020-12-16T13:18:00+00:00","dateModified":"2020-12-16T13:18:00+00:00","mainEntityOfPage":{"@id":"https:\/\/novaorg.cofb.net\/2020\/12\/16\/infarma-2020-2021-se-celebrara-del-15-al-17-de-juny-a-ifemainfarma-2020-2021-se-celebrara-del-15-al-17-de-junio-en-ifema\/"},"wordCount":663,"publisher":{"@id":"https:\/\/www.cofb.org\/#organization"},"articleSection":["Notes de premsa","Sense categoria"],"inLanguage":"es"},{"@type":"WebPage","@id":"https:\/\/novaorg.cofb.net\/2020\/12\/16\/infarma-2020-2021-se-celebrara-del-15-al-17-de-juny-a-ifemainfarma-2020-2021-se-celebrara-del-15-al-17-de-junio-en-ifema\/","url":"https:\/\/novaorg.cofb.net\/2020\/12\/16\/infarma-2020-2021-se-celebrara-del-15-al-17-de-juny-a-ifemainfarma-2020-2021-se-celebrara-del-15-al-17-de-junio-en-ifema\/","name":"Infarma 2020-2021 se celebrar\u00e0 del 15 al 17 de juny a IfemaInfarma 2020-2021 se celebrar\u00e1 del 15 al 17 de junio en Ifema - Col\u00b7legi de Farmac\u00e8utics de Barcelona","isPartOf":{"@id":"https:\/\/www.cofb.org\/#website"},"datePublished":"2020-12-16T13:18:00+00:00","dateModified":"2020-12-16T13:18:00+00:00","breadcrumb":{"@id":"https:\/\/novaorg.cofb.net\/2020\/12\/16\/infarma-2020-2021-se-celebrara-del-15-al-17-de-juny-a-ifemainfarma-2020-2021-se-celebrara-del-15-al-17-de-junio-en-ifema\/#breadcrumb"},"inLanguage":"es","potentialAction":[{"@type":"ReadAction","target":["https:\/\/novaorg.cofb.net\/2020\/12\/16\/infarma-2020-2021-se-celebrara-del-15-al-17-de-juny-a-ifemainfarma-2020-2021-se-celebrara-del-15-al-17-de-junio-en-ifema\/"]}]},{"@type":"BreadcrumbList","@id":"https:\/\/novaorg.cofb.net\/2020\/12\/16\/infarma-2020-2021-se-celebrara-del-15-al-17-de-juny-a-ifemainfarma-2020-2021-se-celebrara-del-15-al-17-de-junio-en-ifema\/#breadcrumb","itemListElement":[{"@type":"ListItem","position":1,"name":"Inici","item":"https:\/\/novaorg.cofb.net\/"},{"@type":"ListItem","position":2,"name":"Infarma 2020-2021 se celebrar\u00e0 del 15 al 17 de juny a IfemaInfarma 2020-2021 se celebrar\u00e1 del 15 al 17 de junio en Ifema"}]},{"@type":"WebSite","@id":"https:\/\/www.cofb.org\/#website","url":"https:\/\/www.cofb.org\/","name":"Col\u00b7legi de Farmac\u00e8utics de Barcelona","description":"","publisher":{"@id":"https:\/\/www.cofb.org\/#organization"},"potentialAction":[{"@type":"SearchAction","target":{"@type":"EntryPoint","urlTemplate":"https:\/\/www.cofb.org\/?s={search_term_string}"},"query-input":"required name=search_term_string"}],"inLanguage":"es"},{"@type":"Organization","@id":"https:\/\/www.cofb.org\/#organization","name":"Col\u00b7legi de Farmac\u00e8utics de Barcelona","url":"https:\/\/www.cofb.org\/","logo":{"@type":"ImageObject","inLanguage":"es","@id":"https:\/\/www.cofb.org\/#\/schema\/logo\/image\/","url":"https:\/\/www.cofb.org\/wp-content\/uploads\/2023\/11\/cropped-Logotip-COFB.png","contentUrl":"https:\/\/www.cofb.org\/wp-content\/uploads\/2023\/11\/cropped-Logotip-COFB.png","width":500,"height":105,"caption":"Col\u00b7legi de Farmac\u00e8utics de Barcelona"},"image":{"@id":"https:\/\/www.cofb.org\/#\/schema\/logo\/image\/"},"sameAs":["https:\/\/www.facebook.com\/farmaceuticsbcn\/","https:\/\/twitter.com\/farmaceuticsbcn","https:\/\/www.instagram.com\/farmaceuticsbcn\/","https:\/\/www.linkedin.com\/company\/farmaceuticsbcn\/"]},{"@type":"Person","@id":"https:\/\/www.cofb.org\/#\/schema\/person\/22ed7eea88da74b0fa4d3154ad87ffcb","name":"wpAdminCofbOrg","image":{"@type":"ImageObject","inLanguage":"es","@id":"https:\/\/www.cofb.org\/#\/schema\/person\/image\/","url":"https:\/\/secure.gravatar.com\/avatar\/1721b20b3b8ca882c3b56ec6c978c594fff670e40c0718e9190eaeeb76aae7d8?s=96&d=mm&r=g","contentUrl":"https:\/\/secure.gravatar.com\/avatar\/1721b20b3b8ca882c3b56ec6c978c594fff670e40c0718e9190eaeeb76aae7d8?s=96&d=mm&r=g","caption":"wpAdminCofbOrg"},"sameAs":["http:\/\/192.168.64.122\/wordpress"],"url":"https:\/\/www.cofb.org\/es\/author\/wpadmincofborg\/"}]}},"uagb_featured_image_src":{"full":false,"thumbnail":false,"medium":false,"medium_large":false,"large":false,"1536x1536":false,"2048x2048":false,"trp-custom-language-flag":false},"uagb_author_info":{"display_name":"wpAdminCofbOrg","author_link":"https:\/\/www.cofb.org\/es\/author\/wpadmincofborg\/"},"uagb_comment_info":0,"uagb_excerpt":"\u00a0 El Comit\u00e8 Organitzador ja treballa en dos formats de Congr\u00e9s per fer realitat el 2021 la fira l\u00edder del sector farmac\u00e8utic a Espanya \u00a0 Madrid, 15 de desembre. El Congr\u00e9s i Sal\u00f3 farmac\u00e8utic organitzat pels col\u00b7legis oficials de farmac\u00e8utics de Madrid i Barcelona, \u200b\u200ben col\u00b7laboraci\u00f3 amb Interalia, tindr\u00e0 lloc [&hellip;]","_links":{"self":[{"href":"https:\/\/www.cofb.org\/es\/wp-json\/wp\/v2\/posts\/77086","targetHints":{"allow":["GET"]}}],"collection":[{"href":"https:\/\/www.cofb.org\/es\/wp-json\/wp\/v2\/posts"}],"about":[{"href":"https:\/\/www.cofb.org\/es\/wp-json\/wp\/v2\/types\/post"}],"author":[{"embeddable":true,"href":"https:\/\/www.cofb.org\/es\/wp-json\/wp\/v2\/users\/1"}],"replies":[{"embeddable":true,"href":"https:\/\/www.cofb.org\/es\/wp-json\/wp\/v2\/comments?post=77086"}],"version-history":[{"count":0,"href":"https:\/\/www.cofb.org\/es\/wp-json\/wp\/v2\/posts\/77086\/revisions"}],"wp:attachment":[{"href":"https:\/\/www.cofb.org\/es\/wp-json\/wp\/v2\/media?parent=77086"}],"wp:term":[{"taxonomy":"category","embeddable":true,"href":"https:\/\/www.cofb.org\/es\/wp-json\/wp\/v2\/categories?post=77086"},{"taxonomy":"post_tag","embeddable":true,"href":"https:\/\/www.cofb.org\/es\/wp-json\/wp\/v2\/tags?post=77086"}],"curies":[{"name":"wp","href":"https:\/\/api.w.org\/{rel}","templated":true}]}}