{"id":77085,"date":"2020-12-17T12:45:00","date_gmt":"2020-12-17T12:45:00","guid":{"rendered":"https:\/\/novaorg.cofb.net\/2020\/12\/17\/salut-posa-en-marxa-un-programa-pilot-de-cribratge-de-la-covid-19-a-les-farmacies-de-les-corts-de-barcelona-amb-proves-pcr-2\/"},"modified":"2020-12-17T12:45:00","modified_gmt":"2020-12-17T12:45:00","slug":"salut-posa-en-marxa-un-programa-pilot-de-cribratge-de-la-covid-19-a-les-farmacies-de-les-corts-de-barcelona-amb-proves-pcr-2","status":"publish","type":"post","link":"https:\/\/www.cofb.org\/es\/2020\/12\/17\/salut-posa-en-marxa-un-programa-pilot-de-cribratge-de-la-covid-19-a-les-farmacies-de-les-corts-de-barcelona-amb-proves-pcr-2\/","title":{"rendered":"Salut pone en marcha un programa piloto de cribado de la COVID-19 en las farmacias de Les Corts de Barcelona con pruebas PCR"},"content":{"rendered":"<p>\u00a0<\/p>\n<ul>\n<li>Este programa permitir\u00e1 conocer la respuesta de la poblaci\u00f3n invitada a participar en el programa piloto, as\u00ed como circuitos y sistemas reaplicables a otros cribados<\/li>\n<li>La prueba ser\u00e1 gratuita; esta semana se empiezan a enviar las cartas para participar, y los cribados se realizar\u00e1n hasta el 22 de enero<\/li>\n<li>Tal y como anunciaron la consejera de Salud y el secretario de Salud P\u00fablica, si los resultados son satisfactorios, los cribados en las farmacias se desplegar\u00e1n en el resto de Catalu\u00f1a<\/li>\n<\/ul>\n<p>\nLa Agencia de Salud P\u00fablica de Catalu\u00f1a impulsa un programa piloto de cribado de la COVID-19 en las farmacias del distrito de Les Corts de Barcelona. El objetivo es cortar las cadenas de transmisi\u00f3n de personas asintom\u00e1ticas y frenar los contagios por SARS-CoV-2.<\/p>\n<p>Un total de 50 farmacias del distrito de Les Corts de Barcelona entregar\u00e1n kits de test PCR a personas de entre 30 y 59 a\u00f1os. Lo har\u00e1n en el marco de un proyecto piloto de cribado poblacional de la COVID-19 que la Agencia de Salud P\u00fablica de Catalu\u00f1a encarg\u00f3 al Consorcio Sanitario de Barcelona, como parte del Servicio Catal\u00e1n de la Salud (CatSalut), con la colaboraci\u00f3n del Consejo de Colegios Farmac\u00e9uticos de Catalu\u00f1a (CCFC); el Colegio de Farmac\u00e9uticos de Barcelona (COFB); el Hospital Cl\u00ednic y el Hospital Sant Joan de D\u00e9u.<\/p>\n<p><strong>\u00bfC\u00f3mo funcionar\u00e1 el cribado?<\/strong><\/p>\n<p>El cribado, totalmente gratuito y que sigue el modelo del Programa de detecci\u00f3n precoz de c\u00e1ncer de colon y recto, se focalizar\u00e1 en las personas de entre 30 y 59 a\u00f1os de tres \u00e1reas b\u00e1sicas correspondientes al distrito de Les Corts.<\/p>\n<p>El Centro de Atenci\u00f3n Primaria Montnegre<br \/>\nEl Centro de Atenci\u00f3n Primaria Les Corts \u2013 Pedralbes<br \/>\nEl Centro de Atenci\u00f3n Primaria Les Corts \u2013 Helios<\/p>\n<p>La poblaci\u00f3n ser\u00e1 invitada a participar de forma escalonada. A partir del 16 de diciembre, alrededor de 32.600 personas recibir\u00e1n una carta o un SMS en casa invit\u00e1ndoles a formar parte del cribado. Una vez reciban el escrito, y decidan participar, podr\u00e1n dirigirse a cualquiera de las farmacias que participan en el programa piloto para recoger el kit de automuestra de saliva. El farmac\u00e9utico, que ha realizado una formaci\u00f3n espec\u00edfica, dar\u00e1 las instrucciones necesarias al usuario para que pueda tomarse la muestra de saliva correctamente en su casa, que deber\u00e1 devolverla a la farmacia donde la ha recogido antes de las 12h del mediod\u00eda del d\u00eda siguiente.<\/p>\n<p>Finalmente, cuando la farmacia tenga la muestra, la enviar\u00e1 a los laboratorios del Hospital Sant Joan de D\u00e9u y el Hospital Cl\u00ednic, que comunicar\u00e1n el resultado a trav\u00e9s de Mi Salud en un margen de 24h. M\u00e1s concretamente, frente a los casos positivos, los resultados tambi\u00e9n ser\u00e1n comunicados al gestor COVID del CAP para que se ponga en contacto con el usuario. Inicialmente est\u00e1 previsto la realizaci\u00f3n de un test por persona, aunque ser\u00e1 el Departamento de Salud, bajo criterios de salud p\u00fablica, quien decidir\u00e1 en cada momento la cantidad de pruebas a realizar.<\/p>\n<p>Estos cribados se alargar\u00e1n hasta el 22 de enero y permitir\u00e1n conocer la respuesta de la poblaci\u00f3n invitada a participar en el programa piloto, as\u00ed como circuitos y sistemas reaplicables a otros cribados.<\/p>\n<p>Adem\u00e1s, tal y como anunciaron la consellera de Salud y el secretario de Salud P\u00fablica, si los resultados son satisfactorios, los cribados en las farmacias se desplegar\u00e1n en el resto de Catalunya.<\/p>\n<p><strong>La experiencia de las farmacias en programas de cribado<\/strong><\/p>\n<p>El desarrollo de esta iniciativa se realizar\u00e1 siguiendo el modelo del Programa de Detecci\u00f3n Precoz del C\u00e1ncer de Colon y Recto (PDPCCR), en el que ya llevan m\u00e1s de 10 a\u00f1os participando las farmacias de la ciudad de Barcelona y que se ha ido extendiendo paulatinamente al resto de Catalu\u00f1a.\u00a0<\/p>\n<p>Con este circuito se da respuesta a los aspectos de fiabilidad del test, recogida f\u00e1cil y \u00e1gil de las muestras, seguridad tanto por el usuario como para el farmac\u00e9utico, y trazabilidad del proceso mediante el registro y notificaci\u00f3n en una aplicaci\u00f3n inform\u00e1tica para garantizar en todo momento la calidad del servicio.<\/p>\n<p>Una vez m\u00e1s, participando en este cribado y aportando valor tambi\u00e9n a otros campos, como el seguimiento de pacientes cr\u00f3nicos, se pone de manifiesto la potencialidad de la red de farmacias como recurso sanitario aliado con el sistema de salud para dar respuesta a las necesidades de la poblaci\u00f3n en el marco de la crisis sanitaria que estamos viviendo. Adem\u00e1s, estos cribados ayudar\u00e1n a liberar a los profesionales de la atenci\u00f3n primaria de la toma de muestras y de la log\u00edstica, reserv\u00e1ndoles, s\u00f3lo, la gesti\u00f3n de positivos (Gestor Covid) y de los contactos, junto con la Agencia de Salud P\u00fablica de Catalu\u00f1a.<\/p>\n<p>Toda la informaci\u00f3n se puede encontrar en <a href=\"http:\/\/%E2%80%A2%09aquest%20programa%20permetr%C3%A0%20con%C3%A8ixer%20la%20resposta%20de%20la%20poblaci%C3%B3%20convidada%20a%20participar%20en%20el%20programa%20pilot,%20aix%C3%AD%20com%20circuits%20i%20sistemes%20reaplicables%20a%20altres%20cribratges%20%E2%80%A2%09la%20prova%20ser%C3%A0%20gratu%C3%AFta;%20aquesta%20setmana%20es%20comencen%20a%20enviar%20les%20cartes%20per%20participar-hi,%20i%20els%20cribratges%20es%20faran%20fins%20al%2022%20de%20gener%20%E2%80%A2%09tal%20com%20van%20anunciar%20la%20consellera%20de%20salut%20i%20el%20secretari%20de%20salut%20p%C3%BAblica,%20si%20els%20resultats%20s%C3%B3n%20satisfactoris,%20els%20cribratges%20a%20les%20farm%C3%A0cies%20es%20desplegaran%20a%20la%20resta%20de%20catalunya%20%20l%E2%80%99ag%C3%A8ncia%20de%20salut%20p%C3%BAblica%20de%20catalunya%20impulsa%20un%20programa%20pilot%20de%20cribratge%20de%20la%20covid-19%20a%20les%20farm%C3%A0cies%20del%20districte%20de%20les%20corts%20de%20barcelona.%20l%E2%80%99objectiu%20%C3%A9s%20tallar%20les%20cadenes%20de%20transmissi%C3%B3%20de%20persones%20asimptom%C3%A0tiques%20i%20frenar%20els%20contagis%20per%20sars-cov-2.%20%20un%20total%20de%2050%20farm%C3%A0cies%20del%20districte%20de%20les%20corts%20de%20barcelona%20entregaran%20kits%20de%20tests%20pcr%20a%20persones%20d%E2%80%99entre%2030%20i%2059%20anys.%20ho%20faran%20en%20el%20marc%20d%E2%80%99un%20projecte%20pilot%20de%20cribratge%20poblacional%20de%20la%20covid-19%20que%20l%E2%80%99ag%C3%A8ncia%20de%20salut%20p%C3%BAblica%20de%20catalunya%20va%20encarregar%20al%20consorci%20sanitari%20de%20barcelona,%20com%20a%20part%20del%20servei%20catal%C3%A0%20de%20la%20salut%20(catsalut),%20amb%20la%20col%C2%B7laboraci%C3%B3%20del%20consell%20de%20col%C2%B7legis%20farmac%C3%A8utics%20de%20catalunya%20(ccfc);%20el%20col%C2%B7legi%20de%20farmac%C3%A8utics%20de%20barcelona%20(cofb);%20l%E2%80%99hospital%20cl%C3%ADnic%20i%20l%E2%80%99hospital%20sant%20joan%20de%20d%C3%A9u.%20com%20funcionar%C3%A0%20el%20cribratge\/?%20El%20cribratge,%20totalment%20gratu%C3%AFt%20i%20que%20segueix%20el%20model%20del%20Programa%20de%20detecci%C3%B3%20preco%C3%A7%20de%20c%C3%A0ncer%20de%20c%C3%B2lon%20i%20recte,%20es%20focalitzar%C3%A0%20en%20les%20persones%20d%E2%80%99entre%2030%20i%2059%20anys%20de%20tres%20%C3%A0rees%20b%C3%A0siques%20corresponents%20al%20districte%20de%20Les%20Corts.%20%20%E2%80%A2%09El%20Centre%20d%E2%80%99Atenci%C3%B3%20Prim%C3%A0ria%20Montnegre%20%E2%80%A2%09El%20Centre%20d%E2%80%99Atenci%C3%B3%20Prim%C3%A0ria%20Les%20Corts%20-%20Pedralbes%20%E2%80%A2%09El%20Centre%20d%E2%80%99Atenci%C3%B3%20Prim%C3%A0ria%20Les%20Corts%20-%20Helios%20La%20poblaci%C3%B3%20ser%C3%A0%20convidada%20a%20participar-hi%20de%20forma%20esglaonada.%20A%20partir%20del%2016%20de%20desembre,%20al%20voltant%20de%2032.600%20persones%20rebran%20una%20carta%20o%20un%20SMS%20a%20casa%20convidant-les%20a%20formar%20part%20del%20cribratge.%20Un%20cop%20rebin%20l%E2%80%99escrit,%20i%20decideixin%20participar-hi,%20%20podran%20dirigir-se%20a%20qualsevol%20de%20les%20farm%C3%A0cies%20que%20participen%20al%20programa%20pilot%20per%20recollir%20el%20kit%20d%E2%80%99automostra%20de%20saliva.%20El%20farmac%C3%A8utic,%20que%20ha%20realitzat%20una%20formaci%C3%B3%20espec%C3%ADfica,%20donar%C3%A0%20les%20instruccions%20necess%C3%A0ries%20a%20l%E2%80%99usuari%20perqu%C3%A8%20pugui%20prendre%E2%80%99s%20la%20mostra%20de%20saliva%20correctament%20a%20casa%20seva,%20que%20l%E2%80%99haur%C3%A0%20de%20retornar%20a%20la%20farm%C3%A0cia%20on%20l%E2%80%99ha%20recollit%20abans%20de%20les%2012h%20del%20migdia%20de%20l%E2%80%99endem%C3%A0.%20%20Finalment,%20quan%20la%20farm%C3%A0cia%20tingui%20la%20mostra,%20l%E2%80%99enviar%C3%A0%20als%20laboratoris%20de%20l%E2%80%99Hospital%20Sant%20Joan%20de%20D%C3%A9u%20i%20l%E2%80%99Hospital%20Cl%C3%ADnic,%20que%20comunicaran%20el%20resultat%20a%20trav%C3%A9s%20de%20La%20meva%20Salut%20en%20un%20marge%20de%2024h.%20M%C3%A9s%20concretament,%20davant%20els%20casos%20positius,%20els%20resultats%20tamb%C3%A9%20seran%20comunicats%20al%20gestor%20COVID%20del%20CAP%20perqu%C3%A8%20es%20posi%20en%20contacte%20amb%20l%E2%80%99usuari.%20Inicialment%20est%C3%A0%20previst%20la%20realitzaci%C3%B3%20d%E2%80%99un%20test%20per%20persona,%20tot%20i%20que%20ser%C3%A0%20el%20Departament%20de%20Salut,%20sota%20criteris%20de%20salut%20p%C3%BAblica,%20qui%20decidir%C3%A0%20en%20cada%20moment%20la%20quantitat%20de%20proves%20a%20fer.%20%20Aquests%20cribratges%20s%E2%80%99allargaran%20fins%20el%2022%20de%20gener%20i%20permetran%20con%C3%A8ixer%20la%20resposta%20de%20la%20poblaci%C3%B3%20convidada%20a%20participar%20en%20el%20programa%20pilot,%20aix%C3%AD%20com%20circuits%20i%20sistemes%20reaplicables%20a%20altres%20cribratges.%20A%20m%C3%A9s,%20tal%20com%20van%20anunciar%20la%20consellera%20de%20Salut%20i%20el%20secretari%20de%20Salut%20P%C3%BAblica,%20si%20els%20resultats%20s%C3%B3n%20satisfactoris,%20els%20cribratges%20a%20les%20farm%C3%A0cies%20es%20desplegaran%20a%20la%20resta%20de%20Catalunya.%20L%E2%80%99experi%C3%A8ncia%20de%20les%20farm%C3%A0cies%20en%20programes%20de%20cribratge%20El%20desenvolupament%20d%E2%80%99aquesta%20iniciativa%20es%20far%C3%A0%20seguint%20el%20model%20del%20Programa%20de%20Detecci%C3%B3%20Preco%C3%A7%20del%20C%C3%A0ncer%20de%20C%C3%B2lon%20i%20Recte%20(PDPCCR),%20en%20el%20qual%20ja%20fa%20m%C3%A9s%20de%2010%20anys%20que%20participen%20les%20farm%C3%A0cies%20de%20la%20ciutat%20de%20Barcelona%20i%20que%20s%E2%80%99ha%20anat%20estenent%20gradualment%20a%20la%20resta%20de%20Catalunya.%20%20%20Amb%20aquest%20circuit%20es%20dona%20resposta%20als%20aspectes%20de%20fiabilitat%20del%20test,%20recollida%20f%C3%A0cil%20i%20%C3%A0gil%20de%20les%20mostres,%20seguretat%20tant%20per%20l%E2%80%99usuari%20com%20per%20al%20farmac%C3%A8utic,%20i%20tra%C3%A7abilitat%20del%20proc%C3%A9s%20mitjan%C3%A7ant%20el%20registre%20i%20notificaci%C3%B3%20en%20una%20aplicaci%C3%B3%20inform%C3%A0tica%20per%20garantir%20en%20tot%20moment%20la%20qualitat%20del%20servei.%20Una%20vegada%20m%C3%A9s,%20participant%20en%20aquest%20cribratge%20i%20aportant%20valor%20tamb%C3%A9%20en%20altres%20camps,%20com%20el%20seguiment%20de%20pacients%20cr%C3%B2nics,%20es%20posa%20de%20manifest%20la%20potencialitat%20de%20la%20xarxa%20de%20farm%C3%A0cies%20com%20a%20recurs%20sanitari%20aliat%20amb%20el%20sistema%20de%20salut%20per%20donar%20resposta%20a%20les%20necessitats%20de%20la%20poblaci%C3%B3%20en%20el%20marc%20de%20la%20crisi%20sanit%C3%A0ria%20que%20estem%20vivint.%20A%20m%C3%A9s,%20aquests%20cribratges%20ajudaran%20a%20alliberar%20els%20professionals%20de%20l%E2%80%99atenci%C3%B3%20prim%C3%A0ria%20de%20la%20presa%20de%20mostres%20i%20de%20la%20log%C3%ADstica,%20reservant-los,%20nom%C3%A9s,%20la%20gesti%C3%B3%20de%20positius%20(Gestor%20Covid)%20i%20dels%20contactes,%20juntament%20amb%20l%E2%80%99Ag%C3%A8ncia%20de%20Salut%20P%C3%BAblica%20de%20Catalunya.%20Tota%20la%20informaci%C3%B3%20es%20pot%20trobar%20a%20Canal%20Salut.%20%20https:\/\/canalsalut.gencat.cat\/ca\/salut-a-z\/c\/coronavirus-2019-ncov\/ciutadania\/que-es-coronavirus\/proves-de-deteccio\/programa-pilot-testos-saliva-farmacies\/\" target=\"_blank\" rel=\"noopener\">Canal Salud<\/a>.<\/p>\n<p>\u00a0Este programa permitir\u00e1 conocer la respuesta de la poblaci\u00f3n invitada a participar en el programa piloto, as\u00ed como circuitos y sistemas reaplicables a otros cribados<br \/>\n\tLa prueba ser\u00e1 gratuita; esta semana se empiezan a enviar las cartas para participar, y los cribados se realizar\u00e1n hasta el 22 de enero<br \/>\n\tTal y como anunciaron la consejera de Salud y el secretario de Salud P\u00fablica, si los resultados son satisfactorios, los cribados en las farmacias se desplegar\u00e1n en el resto de Catalu\u00f1a<\/p>\n<p>La Agencia de Salud P\u00fablica de Catalu\u00f1a impulsa un programa piloto de cribado de la COVID-19 en las farmacias del distrito de Les Corts de Barcelona. El objetivo es cortar las cadenas de transmisi\u00f3n de personas asintom\u00e1ticas y frenar los contagios por SARS-CoV-2.<\/p>\n<p>Un total de 50 farmacias del distrito de Les Corts de Barcelona entregar\u00e1n kits de test PCR a personas de entre 30 y 59 a\u00f1os. Lo har\u00e1n en el marco de un proyecto piloto de cribado poblacional de la COVID-19 que la Agencia de Salud P\u00fablica de Catalu\u00f1a encarg\u00f3 al Consorcio Sanitario de Barcelona, como parte del Servicio Catal\u00e1n de la Salud (CatSalut), con la colaboraci\u00f3n del Consejo de Colegios Farmac\u00e9uticos de Catalu\u00f1a (CCFC); el Colegio de Farmac\u00e9uticos de Barcelona (COFB); el Hospital Cl\u00ednic y el Hospital Sant Joan de D\u00e9u.<\/p>\n<p>\u00bfC\u00f3mo funcionar\u00e1 el cribado?<\/p>\n<p>El cribado, totalmente gratuito y que sigue el modelo del Programa de detecci\u00f3n precoz de c\u00e1ncer de colon y recto, se focalizar\u00e1 en las personas de entre 30 y 59 a\u00f1os de tres \u00e1reas b\u00e1sicas correspondientes al distrito de Les Corts.<\/p>\n<p>El Centro de Atenci\u00f3n Primaria Montnegre<br \/>\nEl Centro de Atenci\u00f3n Primaria Les Corts \u2013 Pedralbes<br \/>\nEl Centro de Atenci\u00f3n Primaria Les Corts \u2013 Helios<\/p>\n<p>La poblaci\u00f3n ser\u00e1 invitada a participar de forma escalonada. A partir del 16 de diciembre, alrededor de 32.600 personas recibir\u00e1n una carta o un SMS en casa invit\u00e1ndoles a formar parte del cribado. Una vez reciban el escrito, y decidan participar, podr\u00e1n dirigirse a cualquiera de las farmacias que participan en el programa piloto para recoger el kit de automuestra de saliva. El farmac\u00e9utico, que ha realizado una formaci\u00f3n espec\u00edfica, dar\u00e1 las instrucciones necesarias al usuario para que pueda tomarse la muestra de saliva correctamente en su casa, que deber\u00e1 devolverla a la farmacia donde la ha recogido antes de las 12h del mediod\u00eda del d\u00eda siguiente.<\/p>\n<p>Finalmente, cuando la farmacia tenga la muestra, la enviar\u00e1 a los laboratorios del Hospital Sant Joan de D\u00e9u y el Hospital Cl\u00ednic, que comunicar\u00e1n el resultado a trav\u00e9s de Mi Salud en un margen de 24h. M\u00e1s concretamente, frente a los casos positivos, los resultados tambi\u00e9n ser\u00e1n comunicados al gestor COVID del CAP para que se ponga en contacto con el usuario. Inicialmente est\u00e1 previsto la realizaci\u00f3n de un test por persona, aunque ser\u00e1 el Departamento de Salud, bajo criterios de salud p\u00fablica, quien decidir\u00e1 en cada momento la cantidad de pruebas a realizar.<\/p>\n<p>Estos cribados se alargar\u00e1n hasta el 22 de enero y permitir\u00e1n conocer la respuesta de la poblaci\u00f3n invitada a participar en el programa piloto, as\u00ed como circuitos y sistemas reaplicables a otros cribados.<\/p>\n<p>Adem\u00e1s, tal y como anunciaron la consellera de Salud y el secretario de Salud P\u00fablica, si los resultados son satisfactorios, los cribados en las farmacias se desplegar\u00e1n en el resto de Catalunya.<\/p>\n<p>La experiencia de las farmacias en programas de cribado<\/p>\n<p>El desarrollo de esta iniciativa se realizar\u00e1 siguiendo el modelo del Programa de Detecci\u00f3n Precoz del C\u00e1ncer de Colon y Recto (PDPCCR), en el que ya llevan m\u00e1s de 10 a\u00f1os participando las farmacias de la ciudad de Barcelona y que se ha ido extendiendo paulatinamente al resto de Catalu\u00f1a.\u00a0<\/p>\n<p>Con este circuito se da respuesta a los aspectos de fiabilidad del test, recogida f\u00e1cil y \u00e1gil de las muestras, seguridad tanto por el usuario como para el farmac\u00e9utico, y trazabilidad del proceso mediante el registro y notificaci\u00f3n en una aplicaci\u00f3n inform\u00e1tica para garantizar en todo momento la calidad del servicio.<\/p>\n<p>Una vez m\u00e1s, participando en este cribado y aportando valor tambi\u00e9n a otros campos, como el seguimiento de pacientes cr\u00f3nicos, se pone de manifiesto la potencialidad de la red de farmacias como recurso sanitario aliado con el sistema de salud para dar respuesta a las necesidades de la poblaci\u00f3n en el marco de la crisis sanitaria que estamos viviendo. Adem\u00e1s, estos cribados ayudar\u00e1n a liberar a los profesionales de la atenci\u00f3n primaria de la toma de muestras y de la log\u00edstica, reserv\u00e1ndoles, s\u00f3lo, la gesti\u00f3n de positivos (Gestor Covid) y de los contactos, junto con la Agencia de Salud P\u00fablica de Catalu\u00f1a.<\/p>\n<p>Toda la informaci\u00f3n se puede encontrar en Canal Salut.  COFB.ORG<\/p>","protected":false},"excerpt":{"rendered":"<p>\u00a0 Este programa permitir\u00e1 conocer la respuesta de la poblaci\u00f3n invitada a participar en el programa piloto, as\u00ed como circuitos y sistemas reaplicables a otros cribados. La prueba ser\u00e1 gratuita; esta semana se empiezan a enviar las cartas para participar, y los cribados se realizar\u00e1n hasta el 22 de enero. ]<\/p>","protected":false},"author":1,"featured_media":0,"comment_status":"","ping_status":"","sticky":false,"template":"","format":"standard","meta":{"_uag_custom_page_level_css":"","site-sidebar-layout":"default","site-content-layout":"","ast-site-content-layout":"default","site-content-style":"default","site-sidebar-style":"default","ast-global-header-display":"","ast-banner-title-visibility":"","ast-main-header-display":"","ast-hfb-above-header-display":"","ast-hfb-below-header-display":"","ast-hfb-mobile-header-display":"","site-post-title":"","ast-breadcrumbs-content":"","ast-featured-img":"disabled","footer-sml-layout":"","theme-transparent-header-meta":"","adv-header-id-meta":"","stick-header-meta":"","header-above-stick-meta":"","header-main-stick-meta":"","header-below-stick-meta":"","astra-migrate-meta-layouts":"default","ast-page-background-enabled":"default","ast-page-background-meta":{"desktop":{"background-color":"var(--ast-global-color-4)","background-image":"","background-repeat":"repeat","background-position":"center center","background-size":"auto","background-attachment":"scroll","background-type":"","background-media":"","overlay-type":"","overlay-color":"","overlay-opacity":"","overlay-gradient":""},"tablet":{"background-color":"","background-image":"","background-repeat":"repeat","background-position":"center center","background-size":"auto","background-attachment":"scroll","background-type":"","background-media":"","overlay-type":"","overlay-color":"","overlay-opacity":"","overlay-gradient":""},"mobile":{"background-color":"","background-image":"","background-repeat":"repeat","background-position":"center center","background-size":"auto","background-attachment":"scroll","background-type":"","background-media":"","overlay-type":"","overlay-color":"","overlay-opacity":"","overlay-gradient":""}},"ast-content-background-meta":{"desktop":{"background-color":"var(--ast-global-color-5)","background-image":"","background-repeat":"repeat","background-position":"center center","background-size":"auto","background-attachment":"scroll","background-type":"","background-media":"","overlay-type":"","overlay-color":"","overlay-opacity":"","overlay-gradient":""},"tablet":{"background-color":"var(--ast-global-color-5)","background-image":"","background-repeat":"repeat","background-position":"center center","background-size":"auto","background-attachment":"scroll","background-type":"","background-media":"","overlay-type":"","overlay-color":"","overlay-opacity":"","overlay-gradient":""},"mobile":{"background-color":"var(--ast-global-color-5)","background-image":"","background-repeat":"repeat","background-position":"center center","background-size":"auto","background-attachment":"scroll","background-type":"","background-media":"","overlay-type":"","overlay-color":"","overlay-opacity":"","overlay-gradient":""}},"footnotes":""},"categories":[1060,1066],"tags":[],"class_list":["post-77085","post","type-post","status-publish","format-standard","hentry","category-notes-premsa","category-sense-categoria-ca"],"yoast_head":"<!-- This site is optimized with the Yoast SEO plugin v22.4 - https:\/\/yoast.com\/wordpress\/plugins\/seo\/ -->\n<title>Salut posa en marxa un programa pilot de cribratge de la COVID-19 a les farm\u00e0cies de Les Corts de Barcelona amb proves PCR - Col\u00b7legi de Farmac\u00e8utics de Barcelona<\/title>\n<meta name=\"robots\" content=\"index, follow, max-snippet:-1, max-image-preview:large, max-video-preview:-1\" \/>\n<link rel=\"canonical\" href=\"https:\/\/novaorg.cofb.net\/2020\/12\/17\/salut-posa-en-marxa-un-programa-pilot-de-cribratge-de-la-covid-19-a-les-farmacies-de-les-corts-de-barcelona-amb-proves-pcr-2\/\" \/>\n<meta property=\"og:locale\" content=\"es_ES\" \/>\n<meta property=\"og:type\" content=\"article\" \/>\n<meta property=\"og:title\" content=\"Salut posa en marxa un programa pilot de cribratge de la COVID-19 a les farm\u00e0cies de Les Corts de Barcelona amb proves PCR - Col\u00b7legi de Farmac\u00e8utics de Barcelona\" \/>\n<meta property=\"og:description\" content=\"\u00a0 Aquest programa permetr\u00e0 con\u00e8ixer la resposta de la poblaci\u00f3 convidada a participar en el programa pilot, aix\u00ed com circuits i sistemes reaplicables a altres cribratges La prova ser\u00e0 gratu\u00efta; aquesta setmana es comencen a enviar les cartes per participar-hi, i els cribratges es faran fins al 22 de gener [&hellip;]\" \/>\n<meta property=\"og:url\" content=\"https:\/\/novaorg.cofb.net\/2020\/12\/17\/salut-posa-en-marxa-un-programa-pilot-de-cribratge-de-la-covid-19-a-les-farmacies-de-les-corts-de-barcelona-amb-proves-pcr-2\/\" \/>\n<meta property=\"og:site_name\" content=\"Col\u00b7legi de Farmac\u00e8utics de Barcelona\" \/>\n<meta property=\"article:publisher\" content=\"https:\/\/www.facebook.com\/farmaceuticsbcn\/\" \/>\n<meta property=\"article:published_time\" content=\"2020-12-17T12:45:00+00:00\" \/>\n<meta name=\"author\" content=\"wpAdminCofbOrg\" \/>\n<meta name=\"twitter:card\" content=\"summary_large_image\" \/>\n<meta name=\"twitter:creator\" content=\"@farmaceuticsbcn\" \/>\n<meta name=\"twitter:site\" content=\"@farmaceuticsbcn\" \/>\n<meta name=\"twitter:label1\" content=\"Escrito por\" \/>\n\t<meta name=\"twitter:data1\" content=\"wpAdminCofbOrg\" \/>\n\t<meta name=\"twitter:label2\" content=\"Tiempo de lectura\" \/>\n\t<meta name=\"twitter:data2\" content=\"8 minutos\" \/>\n<script type=\"application\/ld+json\" class=\"yoast-schema-graph\">{\"@context\":\"https:\/\/schema.org\",\"@graph\":[{\"@type\":\"Article\",\"@id\":\"https:\/\/novaorg.cofb.net\/2020\/12\/17\/salut-posa-en-marxa-un-programa-pilot-de-cribratge-de-la-covid-19-a-les-farmacies-de-les-corts-de-barcelona-amb-proves-pcr-2\/#article\",\"isPartOf\":{\"@id\":\"https:\/\/novaorg.cofb.net\/2020\/12\/17\/salut-posa-en-marxa-un-programa-pilot-de-cribratge-de-la-covid-19-a-les-farmacies-de-les-corts-de-barcelona-amb-proves-pcr-2\/\"},\"author\":{\"name\":\"wpAdminCofbOrg\",\"@id\":\"https:\/\/www.cofb.org\/#\/schema\/person\/22ed7eea88da74b0fa4d3154ad87ffcb\"},\"headline\":\"Salut posa en marxa un programa pilot de cribratge de la COVID-19 a les farm\u00e0cies de Les Corts de Barcelona amb proves PCR\",\"datePublished\":\"2020-12-17T12:45:00+00:00\",\"dateModified\":\"2020-12-17T12:45:00+00:00\",\"mainEntityOfPage\":{\"@id\":\"https:\/\/novaorg.cofb.net\/2020\/12\/17\/salut-posa-en-marxa-un-programa-pilot-de-cribratge-de-la-covid-19-a-les-farmacies-de-les-corts-de-barcelona-amb-proves-pcr-2\/\"},\"wordCount\":1690,\"publisher\":{\"@id\":\"https:\/\/www.cofb.org\/#organization\"},\"articleSection\":[\"Notes de premsa\",\"Sense categoria\"],\"inLanguage\":\"es\"},{\"@type\":\"WebPage\",\"@id\":\"https:\/\/novaorg.cofb.net\/2020\/12\/17\/salut-posa-en-marxa-un-programa-pilot-de-cribratge-de-la-covid-19-a-les-farmacies-de-les-corts-de-barcelona-amb-proves-pcr-2\/\",\"url\":\"https:\/\/novaorg.cofb.net\/2020\/12\/17\/salut-posa-en-marxa-un-programa-pilot-de-cribratge-de-la-covid-19-a-les-farmacies-de-les-corts-de-barcelona-amb-proves-pcr-2\/\",\"name\":\"Salut posa en marxa un programa pilot de cribratge de la COVID-19 a les farm\u00e0cies de Les Corts de Barcelona amb proves PCR - Col\u00b7legi de Farmac\u00e8utics de Barcelona\",\"isPartOf\":{\"@id\":\"https:\/\/www.cofb.org\/#website\"},\"datePublished\":\"2020-12-17T12:45:00+00:00\",\"dateModified\":\"2020-12-17T12:45:00+00:00\",\"breadcrumb\":{\"@id\":\"https:\/\/novaorg.cofb.net\/2020\/12\/17\/salut-posa-en-marxa-un-programa-pilot-de-cribratge-de-la-covid-19-a-les-farmacies-de-les-corts-de-barcelona-amb-proves-pcr-2\/#breadcrumb\"},\"inLanguage\":\"es\",\"potentialAction\":[{\"@type\":\"ReadAction\",\"target\":[\"https:\/\/novaorg.cofb.net\/2020\/12\/17\/salut-posa-en-marxa-un-programa-pilot-de-cribratge-de-la-covid-19-a-les-farmacies-de-les-corts-de-barcelona-amb-proves-pcr-2\/\"]}]},{\"@type\":\"BreadcrumbList\",\"@id\":\"https:\/\/novaorg.cofb.net\/2020\/12\/17\/salut-posa-en-marxa-un-programa-pilot-de-cribratge-de-la-covid-19-a-les-farmacies-de-les-corts-de-barcelona-amb-proves-pcr-2\/#breadcrumb\",\"itemListElement\":[{\"@type\":\"ListItem\",\"position\":1,\"name\":\"Inici\",\"item\":\"https:\/\/novaorg.cofb.net\/\"},{\"@type\":\"ListItem\",\"position\":2,\"name\":\"Salut posa en marxa un programa pilot de cribratge de la COVID-19 a les farm\u00e0cies de Les Corts de Barcelona amb proves PCR\"}]},{\"@type\":\"WebSite\",\"@id\":\"https:\/\/www.cofb.org\/#website\",\"url\":\"https:\/\/www.cofb.org\/\",\"name\":\"Col\u00b7legi de Farmac\u00e8utics de Barcelona\",\"description\":\"\",\"publisher\":{\"@id\":\"https:\/\/www.cofb.org\/#organization\"},\"potentialAction\":[{\"@type\":\"SearchAction\",\"target\":{\"@type\":\"EntryPoint\",\"urlTemplate\":\"https:\/\/www.cofb.org\/?s={search_term_string}\"},\"query-input\":\"required name=search_term_string\"}],\"inLanguage\":\"es\"},{\"@type\":\"Organization\",\"@id\":\"https:\/\/www.cofb.org\/#organization\",\"name\":\"Col\u00b7legi de Farmac\u00e8utics de Barcelona\",\"url\":\"https:\/\/www.cofb.org\/\",\"logo\":{\"@type\":\"ImageObject\",\"inLanguage\":\"es\",\"@id\":\"https:\/\/www.cofb.org\/#\/schema\/logo\/image\/\",\"url\":\"https:\/\/www.cofb.org\/wp-content\/uploads\/2023\/11\/cropped-Logotip-COFB.png\",\"contentUrl\":\"https:\/\/www.cofb.org\/wp-content\/uploads\/2023\/11\/cropped-Logotip-COFB.png\",\"width\":500,\"height\":105,\"caption\":\"Col\u00b7legi de Farmac\u00e8utics de Barcelona\"},\"image\":{\"@id\":\"https:\/\/www.cofb.org\/#\/schema\/logo\/image\/\"},\"sameAs\":[\"https:\/\/www.facebook.com\/farmaceuticsbcn\/\",\"https:\/\/twitter.com\/farmaceuticsbcn\",\"https:\/\/www.instagram.com\/farmaceuticsbcn\/\",\"https:\/\/www.linkedin.com\/company\/farmaceuticsbcn\/\"]},{\"@type\":\"Person\",\"@id\":\"https:\/\/www.cofb.org\/#\/schema\/person\/22ed7eea88da74b0fa4d3154ad87ffcb\",\"name\":\"wpAdminCofbOrg\",\"image\":{\"@type\":\"ImageObject\",\"inLanguage\":\"es\",\"@id\":\"https:\/\/www.cofb.org\/#\/schema\/person\/image\/\",\"url\":\"https:\/\/secure.gravatar.com\/avatar\/1721b20b3b8ca882c3b56ec6c978c594fff670e40c0718e9190eaeeb76aae7d8?s=96&d=mm&r=g\",\"contentUrl\":\"https:\/\/secure.gravatar.com\/avatar\/1721b20b3b8ca882c3b56ec6c978c594fff670e40c0718e9190eaeeb76aae7d8?s=96&d=mm&r=g\",\"caption\":\"wpAdminCofbOrg\"},\"sameAs\":[\"http:\/\/192.168.64.122\/wordpress\"],\"url\":\"https:\/\/www.cofb.org\/es\/author\/wpadmincofborg\/\"}]}<\/script>\n<!-- \/ Yoast SEO plugin. -->","yoast_head_json":{"title":"Salut posa en marxa un programa pilot de cribratge de la COVID-19 a les farm\u00e0cies de Les Corts de Barcelona amb proves PCR - Col\u00b7legi de Farmac\u00e8utics de Barcelona","robots":{"index":"index","follow":"follow","max-snippet":"max-snippet:-1","max-image-preview":"max-image-preview:large","max-video-preview":"max-video-preview:-1"},"canonical":"https:\/\/novaorg.cofb.net\/2020\/12\/17\/salut-posa-en-marxa-un-programa-pilot-de-cribratge-de-la-covid-19-a-les-farmacies-de-les-corts-de-barcelona-amb-proves-pcr-2\/","og_locale":"es_ES","og_type":"article","og_title":"Salut posa en marxa un programa pilot de cribratge de la COVID-19 a les farm\u00e0cies de Les Corts de Barcelona amb proves PCR - Col\u00b7legi de Farmac\u00e8utics de Barcelona","og_description":"\u00a0 Aquest programa permetr\u00e0 con\u00e8ixer la resposta de la poblaci\u00f3 convidada a participar en el programa pilot, aix\u00ed com circuits i sistemes reaplicables a altres cribratges La prova ser\u00e0 gratu\u00efta; aquesta setmana es comencen a enviar les cartes per participar-hi, i els cribratges es faran fins al 22 de gener [&hellip;]","og_url":"https:\/\/novaorg.cofb.net\/2020\/12\/17\/salut-posa-en-marxa-un-programa-pilot-de-cribratge-de-la-covid-19-a-les-farmacies-de-les-corts-de-barcelona-amb-proves-pcr-2\/","og_site_name":"Col\u00b7legi de Farmac\u00e8utics de Barcelona","article_publisher":"https:\/\/www.facebook.com\/farmaceuticsbcn\/","article_published_time":"2020-12-17T12:45:00+00:00","author":"wpAdminCofbOrg","twitter_card":"summary_large_image","twitter_creator":"@farmaceuticsbcn","twitter_site":"@farmaceuticsbcn","twitter_misc":{"Escrito por":"wpAdminCofbOrg","Tiempo de lectura":"8 minutos"},"schema":{"@context":"https:\/\/schema.org","@graph":[{"@type":"Article","@id":"https:\/\/novaorg.cofb.net\/2020\/12\/17\/salut-posa-en-marxa-un-programa-pilot-de-cribratge-de-la-covid-19-a-les-farmacies-de-les-corts-de-barcelona-amb-proves-pcr-2\/#article","isPartOf":{"@id":"https:\/\/novaorg.cofb.net\/2020\/12\/17\/salut-posa-en-marxa-un-programa-pilot-de-cribratge-de-la-covid-19-a-les-farmacies-de-les-corts-de-barcelona-amb-proves-pcr-2\/"},"author":{"name":"wpAdminCofbOrg","@id":"https:\/\/www.cofb.org\/#\/schema\/person\/22ed7eea88da74b0fa4d3154ad87ffcb"},"headline":"Salut posa en marxa un programa pilot de cribratge de la COVID-19 a les farm\u00e0cies de Les Corts de Barcelona amb proves PCR","datePublished":"2020-12-17T12:45:00+00:00","dateModified":"2020-12-17T12:45:00+00:00","mainEntityOfPage":{"@id":"https:\/\/novaorg.cofb.net\/2020\/12\/17\/salut-posa-en-marxa-un-programa-pilot-de-cribratge-de-la-covid-19-a-les-farmacies-de-les-corts-de-barcelona-amb-proves-pcr-2\/"},"wordCount":1690,"publisher":{"@id":"https:\/\/www.cofb.org\/#organization"},"articleSection":["Notes de premsa","Sense categoria"],"inLanguage":"es"},{"@type":"WebPage","@id":"https:\/\/novaorg.cofb.net\/2020\/12\/17\/salut-posa-en-marxa-un-programa-pilot-de-cribratge-de-la-covid-19-a-les-farmacies-de-les-corts-de-barcelona-amb-proves-pcr-2\/","url":"https:\/\/novaorg.cofb.net\/2020\/12\/17\/salut-posa-en-marxa-un-programa-pilot-de-cribratge-de-la-covid-19-a-les-farmacies-de-les-corts-de-barcelona-amb-proves-pcr-2\/","name":"Salut posa en marxa un programa pilot de cribratge de la COVID-19 a les farm\u00e0cies de Les Corts de Barcelona amb proves PCR - Col\u00b7legi de Farmac\u00e8utics de Barcelona","isPartOf":{"@id":"https:\/\/www.cofb.org\/#website"},"datePublished":"2020-12-17T12:45:00+00:00","dateModified":"2020-12-17T12:45:00+00:00","breadcrumb":{"@id":"https:\/\/novaorg.cofb.net\/2020\/12\/17\/salut-posa-en-marxa-un-programa-pilot-de-cribratge-de-la-covid-19-a-les-farmacies-de-les-corts-de-barcelona-amb-proves-pcr-2\/#breadcrumb"},"inLanguage":"es","potentialAction":[{"@type":"ReadAction","target":["https:\/\/novaorg.cofb.net\/2020\/12\/17\/salut-posa-en-marxa-un-programa-pilot-de-cribratge-de-la-covid-19-a-les-farmacies-de-les-corts-de-barcelona-amb-proves-pcr-2\/"]}]},{"@type":"BreadcrumbList","@id":"https:\/\/novaorg.cofb.net\/2020\/12\/17\/salut-posa-en-marxa-un-programa-pilot-de-cribratge-de-la-covid-19-a-les-farmacies-de-les-corts-de-barcelona-amb-proves-pcr-2\/#breadcrumb","itemListElement":[{"@type":"ListItem","position":1,"name":"Inici","item":"https:\/\/novaorg.cofb.net\/"},{"@type":"ListItem","position":2,"name":"Salut posa en marxa un programa pilot de cribratge de la COVID-19 a les farm\u00e0cies de Les Corts de Barcelona amb proves PCR"}]},{"@type":"WebSite","@id":"https:\/\/www.cofb.org\/#website","url":"https:\/\/www.cofb.org\/","name":"Col\u00b7legi de Farmac\u00e8utics de Barcelona","description":"","publisher":{"@id":"https:\/\/www.cofb.org\/#organization"},"potentialAction":[{"@type":"SearchAction","target":{"@type":"EntryPoint","urlTemplate":"https:\/\/www.cofb.org\/?s={search_term_string}"},"query-input":"required name=search_term_string"}],"inLanguage":"es"},{"@type":"Organization","@id":"https:\/\/www.cofb.org\/#organization","name":"Col\u00b7legi de Farmac\u00e8utics de Barcelona","url":"https:\/\/www.cofb.org\/","logo":{"@type":"ImageObject","inLanguage":"es","@id":"https:\/\/www.cofb.org\/#\/schema\/logo\/image\/","url":"https:\/\/www.cofb.org\/wp-content\/uploads\/2023\/11\/cropped-Logotip-COFB.png","contentUrl":"https:\/\/www.cofb.org\/wp-content\/uploads\/2023\/11\/cropped-Logotip-COFB.png","width":500,"height":105,"caption":"Col\u00b7legi de Farmac\u00e8utics de Barcelona"},"image":{"@id":"https:\/\/www.cofb.org\/#\/schema\/logo\/image\/"},"sameAs":["https:\/\/www.facebook.com\/farmaceuticsbcn\/","https:\/\/twitter.com\/farmaceuticsbcn","https:\/\/www.instagram.com\/farmaceuticsbcn\/","https:\/\/www.linkedin.com\/company\/farmaceuticsbcn\/"]},{"@type":"Person","@id":"https:\/\/www.cofb.org\/#\/schema\/person\/22ed7eea88da74b0fa4d3154ad87ffcb","name":"wpAdminCofbOrg","image":{"@type":"ImageObject","inLanguage":"es","@id":"https:\/\/www.cofb.org\/#\/schema\/person\/image\/","url":"https:\/\/secure.gravatar.com\/avatar\/1721b20b3b8ca882c3b56ec6c978c594fff670e40c0718e9190eaeeb76aae7d8?s=96&d=mm&r=g","contentUrl":"https:\/\/secure.gravatar.com\/avatar\/1721b20b3b8ca882c3b56ec6c978c594fff670e40c0718e9190eaeeb76aae7d8?s=96&d=mm&r=g","caption":"wpAdminCofbOrg"},"sameAs":["http:\/\/192.168.64.122\/wordpress"],"url":"https:\/\/www.cofb.org\/es\/author\/wpadmincofborg\/"}]}},"uagb_featured_image_src":{"full":false,"thumbnail":false,"medium":false,"medium_large":false,"large":false,"1536x1536":false,"2048x2048":false,"trp-custom-language-flag":false},"uagb_author_info":{"display_name":"wpAdminCofbOrg","author_link":"https:\/\/www.cofb.org\/es\/author\/wpadmincofborg\/"},"uagb_comment_info":0,"uagb_excerpt":"\u00a0 Aquest programa permetr\u00e0 con\u00e8ixer la resposta de la poblaci\u00f3 convidada a participar en el programa pilot, aix\u00ed com circuits i sistemes reaplicables a altres cribratges La prova ser\u00e0 gratu\u00efta; aquesta setmana es comencen a enviar les cartes per participar-hi, i els cribratges es faran fins al 22 de gener [&hellip;]","_links":{"self":[{"href":"https:\/\/www.cofb.org\/es\/wp-json\/wp\/v2\/posts\/77085","targetHints":{"allow":["GET"]}}],"collection":[{"href":"https:\/\/www.cofb.org\/es\/wp-json\/wp\/v2\/posts"}],"about":[{"href":"https:\/\/www.cofb.org\/es\/wp-json\/wp\/v2\/types\/post"}],"author":[{"embeddable":true,"href":"https:\/\/www.cofb.org\/es\/wp-json\/wp\/v2\/users\/1"}],"replies":[{"embeddable":true,"href":"https:\/\/www.cofb.org\/es\/wp-json\/wp\/v2\/comments?post=77085"}],"version-history":[{"count":0,"href":"https:\/\/www.cofb.org\/es\/wp-json\/wp\/v2\/posts\/77085\/revisions"}],"wp:attachment":[{"href":"https:\/\/www.cofb.org\/es\/wp-json\/wp\/v2\/media?parent=77085"}],"wp:term":[{"taxonomy":"category","embeddable":true,"href":"https:\/\/www.cofb.org\/es\/wp-json\/wp\/v2\/categories?post=77085"},{"taxonomy":"post_tag","embeddable":true,"href":"https:\/\/www.cofb.org\/es\/wp-json\/wp\/v2\/tags?post=77085"}],"curies":[{"name":"wp","href":"https:\/\/api.w.org\/{rel}","templated":true}]}}