{"id":77083,"date":"2021-01-25T17:21:00","date_gmt":"2021-01-25T17:21:00","guid":{"rendered":"https:\/\/novaorg.cofb.net\/2021\/01\/25\/mes-del-90-dels-usuaris-que-shan-format-amb-agora-de-nutricio-i-salut-recomanarien-la-realitzacio-dels-seus-cursosmas-del-90-de-los-usuarios-que-se-han-formado-en-agora-de-nutricion-y-salud-r\/"},"modified":"2021-01-25T17:21:00","modified_gmt":"2021-01-25T17:21:00","slug":"mes-del-90-dels-usuaris-que-shan-format-amb-agora-de-nutricio-i-salut-recomanarien-la-realitzacio-dels-seus-cursosmas-del-90-de-los-usuarios-que-se-han-formado-en-agora-de-nutricion-y-salud-r","status":"publish","type":"post","link":"https:\/\/www.cofb.org\/es\/2021\/01\/25\/mes-del-90-dels-usuaris-que-shan-format-amb-agora-de-nutricio-i-salut-recomanarien-la-realitzacio-dels-seus-cursosmas-del-90-de-los-usuarios-que-se-han-formado-en-agora-de-nutricion-y-salud-r\/","title":{"rendered":"M\u00e1s del 90% de los usuarios que se han formado con \u00c1gora de Nutrici\u00f3n y Salud recomendar\u00edan la realizaci\u00f3n de sus cursos M\u00e1s del 90% de los usuarios que se han formado en \u00c1gora de Nutrici\u00f3n y Salud recomendar\u00edan la realizaci\u00f3n de sus cursos"},"content":{"rendered":"<p>\u00a0<\/p>\n<ul>\n<li><span>Esta \u00e1rea formativa, impulsada por los Colegios de Farmac\u00e9uticos de Barcelona y Madrid\u2013 a trav\u00e9s de \u00c1gora Sanitaria- y Nestl\u00e9 Health Science, ha contado con una <strong>media de m\u00e1s de 400 inscritos en cada una de las formaciones<\/strong><\/span><\/li>\n<li><span>En el marco de la COVID-19, ha proporcionado a los farmac\u00e9uticos <strong>recursos ligados a requerimientos nutricionales durante la pandemia<\/strong>. Tambi\u00e9n se han puesto en marcha nuevos <strong>formatos formativos<\/strong>, como el <strong>webinar<\/strong> y los <strong>casos pr\u00e1cticos de consejo nutricional<\/strong><\/span><\/li>\n<li><span>La <strong>principal novedad de 2021<\/strong> ser\u00e1 la puesta en marcha de una <strong>campa\u00f1a para la detecci\u00f3n y prevenci\u00f3n del deterioro nutricional y funcional desde la farmacia comunitaria<\/strong><\/span><\/li>\n<\/ul>\n<p><em><span>Barcelona, 25 de enero de 2021<\/span><\/em><span>. El \u00e1rea formativa \u00c1gora de Nutrici\u00f3n y Salud, impulsada por los Colegios de Farmac\u00e9uticos de Barcelona y Madrid -a trav\u00e9s de \u00c1gora Sanitaria- y Nestl\u00e9 Health Science, <strong>cierra el 2020 con una valoraci\u00f3n muy positiva por parte de los farmac\u00e9uticos: punt\u00faan con una media de 8,7 puntos las formaciones del portal y m\u00e1s del 90% recomendar\u00eda la realizaci\u00f3n de los cursos.<\/strong><\/span><\/p>\n<p><span>Se trata de una de las cifras m\u00e1s destacadas de este \u00faltimo a\u00f1o, un 2020 en el que, pese a la crisis sanitaria provocada por la COVID-19, las formaciones <strong>&quot;Control de peso en la farmacia comunitaria&quot; <\/strong>(novedad de 2020), <strong>&quot;Alimentaci\u00f3n en el adulto&quot;<\/strong> y <strong>&quot;Disfagia, intervenci\u00f3n farmac\u00e9utica y soluciones&quot; <\/strong>han contado con una <strong>media de m\u00e1s de 400 inscritos<\/strong>. En todas ellas, se ha potenciado el papel de la farmacia en el consejo nutricional y en la valoraci\u00f3n del estado nutricional, la recomendaci\u00f3n de ejercicio f\u00edsico y productos basados en la evidencia, as\u00ed como la importancia del coaching nutricional.<\/span><\/p>\n<p><strong><u><span>Recursos para la farmacia sobre requerimientos nutricionales durante la pandemia<\/span><\/u><\/strong><\/p>\n<p><span>En el marco de la COVID-19, se ha proporcionado a los m\u00e1s de 2.500 usuarios de \u00c1gora de Nutrici\u00f3n y Salud <strong>recursos ligados a requerimientos nutricionales durante la pandemia<\/strong>, enfocados tanto a la etapa del <strong>confinamiento<\/strong>, como en <strong>situaciones concretas<\/strong>, como el <strong>sobrepeso<\/strong> ) <strong>disfagia<\/strong>. Tambi\u00e9n se han abordado espec\u00edficamente los <strong>problemas de degluci\u00f3n derivados de personas que han pasado la enfermedad<\/strong>, as\u00ed como la <strong>relaci\u00f3n entre<\/strong> <strong>alimentaci\u00f3n y salud cerebral.<\/strong><\/span><\/p>\n<p><strong><u><span>El webinar y los casos pr\u00e1cticos de consejo nutricional, nuevos formatos formativos de 2020<\/span><\/u><\/strong><\/p>\n<p><span>En este sentido, \u00c1gora Sanitaria y Nestl\u00e9 Health Science han impulsado el <strong>webinar<\/strong> como nuevo formato formativo, abordando temas como <strong>&quot;Requerimientos nutricionales del paciente postc\u00f3vido&quot;<\/strong>, con m\u00e1s de 400 inscritos. En esta formaci\u00f3n se parti\u00f3 de la premisa de que el soporte nutricional es esencial durante la hospitalizaci\u00f3n, pero tambi\u00e9n en el proceso de recuperaci\u00f3n, clave para prevenir complicaciones futuras, una convalecencia prolongada y conseguir, por tanto, la progresiva capacitaci\u00f3n del paciente.<\/span><\/p>\n<p><span>Otro nuevo formato introducido en 2020 han sido los <strong>casos pr\u00e1cticos de consejo nutricional<\/strong>, donde se han tratado temas como la <strong>dieta restrictiva<\/strong> ) <strong>intolerancia a la lactosa<\/strong>. En este \u00faltimo a\u00f1o, tambi\u00e9n se ha colaborado con <strong>expertos del entorno farmac\u00e9utico <\/strong>y con<strong> instituciones<\/strong>, como el Hospital Cl\u00ednico de Barcelona o Barcelona Brain Health Initiative.<\/span><\/p>\n<p><strong><u><span>Campa\u00f1a para la promoci\u00f3n de un envejecimiento saludable en la farmacia comunitaria, la principal novedad de 2021<\/span><\/u><\/strong><\/p>\n<p><span>\u00c1gora de Nutrici\u00f3n y Salud presentar\u00e1 el <strong>2021<\/strong> una <strong>campa\u00f1a de intervenci\u00f3n farmac\u00e9utica para la promoci\u00f3n de un envejecimiento saludable a partir del consejo nutricional y del ejercicio f\u00edsico<\/strong>, que, tal y como se anunci\u00f3 en su lanzamiento en 2019, ser\u00e1 el eje central del tercer a\u00f1o de relaci\u00f3n entre los Colegios de Farmac\u00e9uticos de Barcelona y Madrid y Nestl\u00e9 Health Science. En el marco de esta campa\u00f1a, se persiguen tres grandes objetivos:<\/span><\/p>\n<ul>\n<li><strong><span>Ayudar a mejorar el estado nutricional y de salud de los adultos mayores de 65 a\u00f1os<\/span><\/strong><span>, a trav\u00e9s de la intervenci\u00f3n del farmac\u00e9utico.<\/span><\/li>\n<li><span>\u00a0Implementar un <strong>protocolo de cribado para personas mayores de 65 a\u00f1os<\/strong>, a trav\u00e9s de herramientas de detecci\u00f3n precoz de la desnutrici\u00f3n y riesgo de sarcopenia en el contexto de la farmacia comunitaria que sea factible y generalizado <\/span><\/li>\n<li><strong><span>Formar al farmac\u00e9utico para una correcta intervenci\u00f3n<\/span><\/strong><span> mediante la educaci\u00f3n sanitaria, el consejo alimenticio, la recomendaci\u00f3n nutricional si se precisa, as\u00ed como la realizaci\u00f3n de actividad f\u00edsica de forma personalizada.<\/span><\/li>\n<\/ul>\n<p><span>La presentaci\u00f3n oficial de esta campa\u00f1a est\u00e1 prevista para el 4 de marzo de la mano de las vocal\u00edas de Alimentaci\u00f3n y Nutrici\u00f3n de los Colegios de Farmac\u00e9uticos de Madrid y Barcelona y con la intervenci\u00f3n conjunta del dr. Marco Inzitari, m\u00e9dico especialista en geriatr\u00eda, director de Atenci\u00f3n Intermedia, Investigaci\u00f3n y Docencia del Parque Sanitario Pere Virgili (Barcelona) y presidente de la Sociedad Catalana de Geriatr\u00eda y Gerontolog\u00eda, y Guillermo Bagar\u00eda, vocal de Oficina de Farmacia del Colegio de Farmac\u00e9uticos de Barcelona. Todos aquellos farmac\u00e9uticos interesados en asistir a la conferencia-presentaci\u00f3n, que se retransmitir\u00e1 v\u00eda webinar, pueden inscribirse desde hoy en <a href=\"http:\/\/www.agorasanitaria.com\/\">www.agorasanitaria.com<\/a>.<\/span><\/p>\n<p><span>Asimismo, se seguir\u00e1 apoyando la formaci\u00f3n en alimentaci\u00f3n y nutrici\u00f3n del adulto mediante nuevas ediciones de los cursos sobre disfagia, control de peso y alimentaci\u00f3n saludable. Tal y como se ha hecho durante todo este tiempo, estos cursos se completar\u00e1n con bibliograf\u00edas digeridas, infograf\u00edas sobre temas concretos, webinares y videoentrevistas con expertos y m\u00e1s casos pr\u00e1cticos de consejo nutricional.<\/span><\/p>\n<p><strong><u><span>Sobre \u00c1gora de Nutrici\u00f3n y Salud<\/span><\/u><\/strong><\/p>\n<p><span>En 2019 se puso en marcha el \u00c1gora de Nutrici\u00f3n y Salud, impulsada por COFB y COFM\u2013 a trav\u00e9s de \u00c1gora Sanitaria\u2013 y Nestl\u00e9 Health Science, con m\u00e1s de 2.500 alumnos registrados hasta el momento. Esta \u00e1rea formativa, adem\u00e1s de aportar formaci\u00f3n en formato de cursos, ofrece un conjunto de recursos online para mejorar y profesionalizar el consejo farmac\u00e9utico en el \u00e1mbito de la nutrici\u00f3n en adultos y personas mayores.<\/span><\/p>\n<p><strong><u><span>Acerca de Nestl\u00e9 Health Science<\/span><\/u><\/strong><\/p>\n<p><span>Nestl\u00e9 Health Science -que tiene como prop\u00f3sito desarrollar proyectos pioneros para impulsar el valor de la nutrici\u00f3n ofreciendo soluciones nutricionales personalizadas en el abordaje de problemas de salud- pretende dar respuesta a los retos nutricionales del siglo XXI, manteniendo claramente su apuesta por el &#039;I+D.<\/span><\/p>\n<p><span>Nestl\u00e9 Health Science est\u00e1 a la vanguardia de la nutrici\u00f3n terap\u00e9utica y desarrolla soluciones adaptadas a las necesidades nutricionales espec\u00edficas de las personas, siempre amparada en la mejor evidencia cient\u00edfica, y que pone a su disposici\u00f3n con la ayuda de los profesionales sanitarios.<\/span><\/p>\n<p>\u00a0Esta \u00e1rea formativa, impulsada por los Colegios de Farmac\u00e9uticos de Barcelona y Madrid\u2013 a trav\u00e9s de \u00c1gora Sanitaria- y Nestl\u00e9 Health Science, ha contado con una media de m\u00e1s de 400 inscritos en cada una de las formaciones<br \/>\n\tEn el marco de la COVID-19, ha proporcionado a los farmac\u00e9uticos recursos ligados a requerimientos nutricionales durante la pandemia. Tambi\u00e9n se han puesto en marcha nuevos formatos formativos, como el webinar y los casos pr\u00e1cticos de consejo nutricional<br \/>\n\tLa principal novedad de 2021 ser\u00e1 la puesta en marcha de una campa\u00f1a para la detecci\u00f3n y prevenci\u00f3n del deterioro nutricional y funcional desde la farmacia comunitaria<\/p>\n<p>Barcelona, 25 de enero de 2021. El \u00e1rea formativa \u00c1gora de Nutrici\u00f3n y Salud, impulsada por los Colegios de Farmac\u00e9uticos de Barcelona y Madrid -a trav\u00e9s de \u00c1gora Sanitaria- y Nestl\u00e9 Health Science, cierra el 2020 con una valoraci\u00f3n muy positiva por parte de los farmac\u00e9uticos: punt\u00faan con una media de 8,7 puntos las formaciones del portal y m\u00e1s del 90% recomendar\u00eda la realizaci\u00f3n de los cursos.<\/p>\n<p>Se trata de una de las cifras m\u00e1s destacadas de este \u00faltimo a\u00f1o, un 2020 en el que, pese a la crisis sanitaria provocada por la COVID-19, las formaciones \u201cControl de peso en la farmacia comunitaria\u201d (novedad de 2020), \u201c Alimentaci\u00f3n en el adulto\u201d y \u201cDisfagia, intervenci\u00f3n farmac\u00e9utica y soluciones\u201d han contado con una media de m\u00e1s de 400 inscritos. En todas ellas, se ha potenciado el papel de la farmacia en el consejo nutricional y en la valoraci\u00f3n del estado nutricional, la recomendaci\u00f3n de ejercicio f\u00edsico y productos basados en la evidencia, as\u00ed como la importancia del coaching nutricional.<\/p>\n<p>Recursos para la farmacia sobre requerimientos nutricionales durante la pandemia<\/p>\n<p>En el marco de la COVID-19, se ha proporcionado a los m\u00e1s de 2.500 usuarios de \u00c1gora de Nutrici\u00f3n y Salud recursos ligados a requerimientos nutricionales durante la pandemia, enfocados tanto a la etapa del confinamiento, como a situaciones concretas, como el sobrepeso o la disfagia. Tambi\u00e9n se ha abordado espec\u00edficamente los problemas de degluci\u00f3n derivados de personas que han pasado la enfermedad, as\u00ed como la relaci\u00f3n entre alimentaci\u00f3n y salud cerebral.<\/p>\n<p>El webinar y los casos pr\u00e1cticos de consejo nutricional, nuevos formatos formativos de 2020<\/p>\n<p>En este sentido, \u00c1gora Sanitaria y Nestl\u00e9 Health Science han impulsado el webinar como nuevo formato formativo, abordando temas como \u201cRequerimientos nutricionales del paciente postc\u00f3vido\u201d, con m\u00e1s de 400 inscritos. En esta formaci\u00f3n se parti\u00f3 de la premisa de que el soporte nutricional es esencial durante la hospitalizaci\u00f3n, pero tambi\u00e9n en el proceso de recuperaci\u00f3n, clave para prevenir complicaciones futuras, una convalecencia prolongada y conseguir, por tanto, la progresiva capacitaci\u00f3n del paciente.<\/p>\n<p>Otro nuevo formato introducido en 2020 han sido los casos pr\u00e1cticos de consejo nutricional, donde se han tratado temas como la dieta restrictiva o la intolerancia a la lactosa. En este \u00faltimo a\u00f1o tambi\u00e9n se ha colaborado con expertos del entorno farmac\u00e9utico y con instituciones, como el Hospital Cl\u00ednico de Barcelona o Barcelona Brain Health Initiative.<\/p>\n<p>Campa\u00f1a para la promoci\u00f3n de un envejecimiento saludable en la farmacia comunitaria, la principal novedad de 2021<\/p>\n<p>\u00c1gora de Nutrici\u00f3n y Salud presentar\u00e1 en 2021 una campa\u00f1a de intervenci\u00f3n farmac\u00e9utica para la promoci\u00f3n de un envejecimiento saludable a partir del consejo nutricional y del ejercicio f\u00edsico, que, tal y como se anunci\u00f3 en su lanzamiento en 2019 , ser\u00e1 el eje central del tercer a\u00f1o de relaci\u00f3n entre los Colegios de Farmac\u00e9uticos de Barcelona y Madrid y Nestl\u00e9 Health Science. En el marco de esta campa\u00f1a, se persiguen tres grandes objetivos:<\/p>\n<p>\tAyudar a mejorar el estado nutricional y de salud de los adultos mayores de 65 a\u00f1os a trav\u00e9s de la intervenci\u00f3n del farmac\u00e9utico.<br \/>\n\t\u00a0Implementar un protocolo de cribado para personas mayores de 65 a\u00f1os, a trav\u00e9s de herramientas de detecci\u00f3n precoz de la desnutrici\u00f3n y riesgo de sarcopenia en el contexto de la farmacia comunitaria que sea factible y generalizado<br \/>\n\tFormar al farmac\u00e9utico para una correcta intervenci\u00f3n mediante la educaci\u00f3n sanitaria, el consejo alimentario, la recomendaci\u00f3n nutricional si se precisa, as\u00ed como la realizaci\u00f3n de actividad f\u00edsica de forma personalizada.<\/p>\n<p>La presentaci\u00f3n oficial de esta campa\u00f1a est\u00e1 prevista para el 4 de marzo de la mano de las vocal\u00edas de Alimentaci\u00f3n y Nutrici\u00f3n de los Colegios de Farmac\u00e9uticos de Madrid y Barcelona y con la intervenci\u00f3n conjunta del dr. Marco Inzitari, m\u00e9dico especialista en geriatr\u00eda, director de Atenci\u00f3n Intermedia, Investigaci\u00f3n y Docencia del Parque Sanitario Pere Virgili (Barcelona) y presidente de la Sociedad Catalana de Geriatr\u00eda y Gerontolog\u00eda, y Guillermo Bagar\u00eda, vocal de Oficina de Farmacia del Colegio de Farmac\u00e9uticos de Barcelona. Todos aquellos farmac\u00e9uticos interesados en asistir a la conferencia-presentaci\u00f3n, que se retransmitir\u00e1 v\u00eda webinar, pueden inscribirse desde hoy en www.agorasanitaria.com.<\/p>\n<p>Asimismo, se seguir\u00e1 apoyando la formaci\u00f3n en alimentaci\u00f3n y nutrici\u00f3n del adulto mediante nuevas ediciones de los cursos sobre disfagia, control de peso y alimentaci\u00f3n saludable. Tal y como se ha hecho durante todo este tiempo, estos cursos se completar\u00e1n con bibliograf\u00edas digeridas, infograf\u00edas sobre temas concretos, webinares y videoentrevistas con expertos y m\u00e1s casos pr\u00e1cticos de consejo nutricional.<\/p>\n<p>Sobre \u00c1gora de Nutrici\u00f3n y Salud<\/p>\n<p>En 2019 se puso en marcha el \u00c1gora de Nutrici\u00f3n y Salud, impulsada por COFB y COFM\u2013 a trav\u00e9s de \u00c1gora Sanitaria\u2013 y Nestl\u00e9 Health Science, con m\u00e1s de 2.500 alumnos registrados hasta el momento. Esta \u00e1rea formativa, adem\u00e1s de aportar formaci\u00f3n en formato de cursos, ofrece un conjunto de recursos online para mejorar y profesionalizar el consejo farmac\u00e9utico en el \u00e1mbito de la nutrici\u00f3n en adultos y personas mayores.<\/p>\n<p>Acerca de Nestl\u00e9 Health Science<\/p>\n<p>Nestl\u00e9 Health Science -que tiene como prop\u00f3sito desarrollar proyectos pioneros para impulsar el valor de la nutrici\u00f3n ofreciendo soluciones nutricionales personalizadas en el abordaje de problemas de salud- pretende dar respuesta a los retos nutricionales del siglo XXI, manteniendo claramente su apuesta por el &#039;I+D.<\/p>\n<p>Nestl\u00e9 Health Science est\u00e1 a la vanguardia de la nutrici\u00f3n terap\u00e9utica y desarrolla soluciones adaptadas a las necesidades nutricionales espec\u00edficas de las personas, siempre amparada en la mejor evidencia cient\u00edfica, y que pone a su disposici\u00f3n con la ayuda de los profesionales sanitarios.  COFB.ORG<\/p>","protected":false},"excerpt":{"rendered":"<p>\u00a0 Esta \u00e1rea formativa, impulsada por los Colegios de Farmac\u00e9uticos de Barcelona y Madrid\u2013 a trav\u00e9s de \u00c1gora Sanitaria- y Nestl\u00e9 Health Science, ha contado con una media de m\u00e1s de 400 inscritos en cada una de las formaciones En el marco de la COVID- 19, ha proporcionado a los farmac\u00e9uticos recursos ligados a requerimientos [\u2026]<\/p>","protected":false},"author":1,"featured_media":0,"comment_status":"","ping_status":"","sticky":false,"template":"","format":"standard","meta":{"_uag_custom_page_level_css":"","site-sidebar-layout":"default","site-content-layout":"","ast-site-content-layout":"default","site-content-style":"default","site-sidebar-style":"default","ast-global-header-display":"","ast-banner-title-visibility":"","ast-main-header-display":"","ast-hfb-above-header-display":"","ast-hfb-below-header-display":"","ast-hfb-mobile-header-display":"","site-post-title":"","ast-breadcrumbs-content":"","ast-featured-img":"disabled","footer-sml-layout":"","theme-transparent-header-meta":"","adv-header-id-meta":"","stick-header-meta":"","header-above-stick-meta":"","header-main-stick-meta":"","header-below-stick-meta":"","astra-migrate-meta-layouts":"default","ast-page-background-enabled":"default","ast-page-background-meta":{"desktop":{"background-color":"var(--ast-global-color-4)","background-image":"","background-repeat":"repeat","background-position":"center center","background-size":"auto","background-attachment":"scroll","background-type":"","background-media":"","overlay-type":"","overlay-color":"","overlay-opacity":"","overlay-gradient":""},"tablet":{"background-color":"","background-image":"","background-repeat":"repeat","background-position":"center center","background-size":"auto","background-attachment":"scroll","background-type":"","background-media":"","overlay-type":"","overlay-color":"","overlay-opacity":"","overlay-gradient":""},"mobile":{"background-color":"","background-image":"","background-repeat":"repeat","background-position":"center center","background-size":"auto","background-attachment":"scroll","background-type":"","background-media":"","overlay-type":"","overlay-color":"","overlay-opacity":"","overlay-gradient":""}},"ast-content-background-meta":{"desktop":{"background-color":"var(--ast-global-color-5)","background-image":"","background-repeat":"repeat","background-position":"center center","background-size":"auto","background-attachment":"scroll","background-type":"","background-media":"","overlay-type":"","overlay-color":"","overlay-opacity":"","overlay-gradient":""},"tablet":{"background-color":"var(--ast-global-color-5)","background-image":"","background-repeat":"repeat","background-position":"center center","background-size":"auto","background-attachment":"scroll","background-type":"","background-media":"","overlay-type":"","overlay-color":"","overlay-opacity":"","overlay-gradient":""},"mobile":{"background-color":"var(--ast-global-color-5)","background-image":"","background-repeat":"repeat","background-position":"center center","background-size":"auto","background-attachment":"scroll","background-type":"","background-media":"","overlay-type":"","overlay-color":"","overlay-opacity":"","overlay-gradient":""}},"footnotes":""},"categories":[1060,1066],"tags":[],"class_list":["post-77083","post","type-post","status-publish","format-standard","hentry","category-notes-premsa","category-sense-categoria-ca"],"yoast_head":"<!-- This site is optimized with the Yoast SEO plugin v22.4 - https:\/\/yoast.com\/wordpress\/plugins\/seo\/ -->\n<title>M\u00e9s del 90% dels usuaris que s\u2019han format amb \u00c0gora de Nutrici\u00f3 i Salut recomanarien la realitzaci\u00f3 dels seus cursosM\u00e1s del 90% de los usuarios que se han formado en \u00c1gora de Nutrici\u00f3n y Salud recomendar\u00edan la realizaci\u00f3n de sus cursos - Col\u00b7legi de Farmac\u00e8utics de Barcelona<\/title>\n<meta name=\"robots\" content=\"index, follow, max-snippet:-1, max-image-preview:large, max-video-preview:-1\" \/>\n<link rel=\"canonical\" href=\"https:\/\/novaorg.cofb.net\/2021\/01\/25\/mes-del-90-dels-usuaris-que-shan-format-amb-agora-de-nutricio-i-salut-recomanarien-la-realitzacio-dels-seus-cursosmas-del-90-de-los-usuarios-que-se-han-formado-en-agora-de-nutricion-y-salud-r\/\" \/>\n<meta property=\"og:locale\" content=\"es_ES\" \/>\n<meta property=\"og:type\" content=\"article\" \/>\n<meta property=\"og:title\" content=\"M\u00e9s del 90% dels usuaris que s\u2019han format amb \u00c0gora de Nutrici\u00f3 i Salut recomanarien la realitzaci\u00f3 dels seus cursosM\u00e1s del 90% de los usuarios que se han formado en \u00c1gora de Nutrici\u00f3n y Salud recomendar\u00edan la realizaci\u00f3n de sus cursos - Col\u00b7legi de Farmac\u00e8utics de Barcelona\" \/>\n<meta property=\"og:description\" content=\"\u00a0 Aquesta \u00e0rea formativa, impulsada pels Col\u00b7legis de Farmac\u00e8utics de Barcelona i Madrid\u2013 a trav\u00e9s d&#8217;\u00c0gora Sanit\u00e0ria- i Nestl\u00e9 Health Science, ha comptat amb una mitjana de m\u00e9s de 400 inscrits en cadascuna de les formacions En el marc de la COVID-19, ha proporcionat als farmac\u00e8utics recursos lligats a requeriments [&hellip;]\" \/>\n<meta property=\"og:url\" content=\"https:\/\/novaorg.cofb.net\/2021\/01\/25\/mes-del-90-dels-usuaris-que-shan-format-amb-agora-de-nutricio-i-salut-recomanarien-la-realitzacio-dels-seus-cursosmas-del-90-de-los-usuarios-que-se-han-formado-en-agora-de-nutricion-y-salud-r\/\" \/>\n<meta property=\"og:site_name\" content=\"Col\u00b7legi de Farmac\u00e8utics de Barcelona\" \/>\n<meta property=\"article:publisher\" content=\"https:\/\/www.facebook.com\/farmaceuticsbcn\/\" \/>\n<meta property=\"article:published_time\" content=\"2021-01-25T17:21:00+00:00\" \/>\n<meta name=\"author\" content=\"wpAdminCofbOrg\" \/>\n<meta name=\"twitter:card\" content=\"summary_large_image\" \/>\n<meta name=\"twitter:creator\" content=\"@farmaceuticsbcn\" \/>\n<meta name=\"twitter:site\" content=\"@farmaceuticsbcn\" \/>\n<meta name=\"twitter:label1\" content=\"Escrito por\" \/>\n\t<meta name=\"twitter:data1\" content=\"wpAdminCofbOrg\" \/>\n\t<meta name=\"twitter:label2\" content=\"Tiempo de lectura\" \/>\n\t<meta name=\"twitter:data2\" content=\"11 minutos\" \/>\n<script type=\"application\/ld+json\" class=\"yoast-schema-graph\">{\"@context\":\"https:\/\/schema.org\",\"@graph\":[{\"@type\":\"Article\",\"@id\":\"https:\/\/novaorg.cofb.net\/2021\/01\/25\/mes-del-90-dels-usuaris-que-shan-format-amb-agora-de-nutricio-i-salut-recomanarien-la-realitzacio-dels-seus-cursosmas-del-90-de-los-usuarios-que-se-han-formado-en-agora-de-nutricion-y-salud-r\/#article\",\"isPartOf\":{\"@id\":\"https:\/\/novaorg.cofb.net\/2021\/01\/25\/mes-del-90-dels-usuaris-que-shan-format-amb-agora-de-nutricio-i-salut-recomanarien-la-realitzacio-dels-seus-cursosmas-del-90-de-los-usuarios-que-se-han-formado-en-agora-de-nutricion-y-salud-r\/\"},\"author\":{\"name\":\"wpAdminCofbOrg\",\"@id\":\"https:\/\/www.cofb.org\/#\/schema\/person\/22ed7eea88da74b0fa4d3154ad87ffcb\"},\"headline\":\"M\u00e9s del 90% dels usuaris que s\u2019han format amb \u00c0gora de Nutrici\u00f3 i Salut recomanarien la realitzaci\u00f3 dels seus cursosM\u00e1s del 90% de los usuarios que se han formado en \u00c1gora de Nutrici\u00f3n y Salud recomendar\u00edan la realizaci\u00f3n de sus cursos\",\"datePublished\":\"2021-01-25T17:21:00+00:00\",\"dateModified\":\"2021-01-25T17:21:00+00:00\",\"mainEntityOfPage\":{\"@id\":\"https:\/\/novaorg.cofb.net\/2021\/01\/25\/mes-del-90-dels-usuaris-que-shan-format-amb-agora-de-nutricio-i-salut-recomanarien-la-realitzacio-dels-seus-cursosmas-del-90-de-los-usuarios-que-se-han-formado-en-agora-de-nutricion-y-salud-r\/\"},\"wordCount\":2223,\"publisher\":{\"@id\":\"https:\/\/www.cofb.org\/#organization\"},\"articleSection\":[\"Notes de premsa\",\"Sense categoria\"],\"inLanguage\":\"es\"},{\"@type\":\"WebPage\",\"@id\":\"https:\/\/novaorg.cofb.net\/2021\/01\/25\/mes-del-90-dels-usuaris-que-shan-format-amb-agora-de-nutricio-i-salut-recomanarien-la-realitzacio-dels-seus-cursosmas-del-90-de-los-usuarios-que-se-han-formado-en-agora-de-nutricion-y-salud-r\/\",\"url\":\"https:\/\/novaorg.cofb.net\/2021\/01\/25\/mes-del-90-dels-usuaris-que-shan-format-amb-agora-de-nutricio-i-salut-recomanarien-la-realitzacio-dels-seus-cursosmas-del-90-de-los-usuarios-que-se-han-formado-en-agora-de-nutricion-y-salud-r\/\",\"name\":\"M\u00e9s del 90% dels usuaris que s\u2019han format amb \u00c0gora de Nutrici\u00f3 i Salut recomanarien la realitzaci\u00f3 dels seus cursosM\u00e1s del 90% de los usuarios que se han formado en \u00c1gora de Nutrici\u00f3n y Salud recomendar\u00edan la realizaci\u00f3n de sus cursos - Col\u00b7legi de Farmac\u00e8utics de Barcelona\",\"isPartOf\":{\"@id\":\"https:\/\/www.cofb.org\/#website\"},\"datePublished\":\"2021-01-25T17:21:00+00:00\",\"dateModified\":\"2021-01-25T17:21:00+00:00\",\"breadcrumb\":{\"@id\":\"https:\/\/novaorg.cofb.net\/2021\/01\/25\/mes-del-90-dels-usuaris-que-shan-format-amb-agora-de-nutricio-i-salut-recomanarien-la-realitzacio-dels-seus-cursosmas-del-90-de-los-usuarios-que-se-han-formado-en-agora-de-nutricion-y-salud-r\/#breadcrumb\"},\"inLanguage\":\"es\",\"potentialAction\":[{\"@type\":\"ReadAction\",\"target\":[\"https:\/\/novaorg.cofb.net\/2021\/01\/25\/mes-del-90-dels-usuaris-que-shan-format-amb-agora-de-nutricio-i-salut-recomanarien-la-realitzacio-dels-seus-cursosmas-del-90-de-los-usuarios-que-se-han-formado-en-agora-de-nutricion-y-salud-r\/\"]}]},{\"@type\":\"BreadcrumbList\",\"@id\":\"https:\/\/novaorg.cofb.net\/2021\/01\/25\/mes-del-90-dels-usuaris-que-shan-format-amb-agora-de-nutricio-i-salut-recomanarien-la-realitzacio-dels-seus-cursosmas-del-90-de-los-usuarios-que-se-han-formado-en-agora-de-nutricion-y-salud-r\/#breadcrumb\",\"itemListElement\":[{\"@type\":\"ListItem\",\"position\":1,\"name\":\"Inici\",\"item\":\"https:\/\/novaorg.cofb.net\/\"},{\"@type\":\"ListItem\",\"position\":2,\"name\":\"M\u00e9s del 90% dels usuaris que s\u2019han format amb \u00c0gora de Nutrici\u00f3 i Salut recomanarien la realitzaci\u00f3 dels seus cursosM\u00e1s del 90% de los usuarios que se han formado en \u00c1gora de Nutrici\u00f3n y Salud recomendar\u00edan la realizaci\u00f3n de sus cursos\"}]},{\"@type\":\"WebSite\",\"@id\":\"https:\/\/www.cofb.org\/#website\",\"url\":\"https:\/\/www.cofb.org\/\",\"name\":\"Col\u00b7legi de Farmac\u00e8utics de Barcelona\",\"description\":\"\",\"publisher\":{\"@id\":\"https:\/\/www.cofb.org\/#organization\"},\"potentialAction\":[{\"@type\":\"SearchAction\",\"target\":{\"@type\":\"EntryPoint\",\"urlTemplate\":\"https:\/\/www.cofb.org\/?s={search_term_string}\"},\"query-input\":\"required name=search_term_string\"}],\"inLanguage\":\"es\"},{\"@type\":\"Organization\",\"@id\":\"https:\/\/www.cofb.org\/#organization\",\"name\":\"Col\u00b7legi de Farmac\u00e8utics de Barcelona\",\"url\":\"https:\/\/www.cofb.org\/\",\"logo\":{\"@type\":\"ImageObject\",\"inLanguage\":\"es\",\"@id\":\"https:\/\/www.cofb.org\/#\/schema\/logo\/image\/\",\"url\":\"https:\/\/www.cofb.org\/wp-content\/uploads\/2023\/11\/cropped-Logotip-COFB.png\",\"contentUrl\":\"https:\/\/www.cofb.org\/wp-content\/uploads\/2023\/11\/cropped-Logotip-COFB.png\",\"width\":500,\"height\":105,\"caption\":\"Col\u00b7legi de Farmac\u00e8utics de Barcelona\"},\"image\":{\"@id\":\"https:\/\/www.cofb.org\/#\/schema\/logo\/image\/\"},\"sameAs\":[\"https:\/\/www.facebook.com\/farmaceuticsbcn\/\",\"https:\/\/twitter.com\/farmaceuticsbcn\",\"https:\/\/www.instagram.com\/farmaceuticsbcn\/\",\"https:\/\/www.linkedin.com\/company\/farmaceuticsbcn\/\"]},{\"@type\":\"Person\",\"@id\":\"https:\/\/www.cofb.org\/#\/schema\/person\/22ed7eea88da74b0fa4d3154ad87ffcb\",\"name\":\"wpAdminCofbOrg\",\"image\":{\"@type\":\"ImageObject\",\"inLanguage\":\"es\",\"@id\":\"https:\/\/www.cofb.org\/#\/schema\/person\/image\/\",\"url\":\"https:\/\/secure.gravatar.com\/avatar\/1721b20b3b8ca882c3b56ec6c978c594fff670e40c0718e9190eaeeb76aae7d8?s=96&d=mm&r=g\",\"contentUrl\":\"https:\/\/secure.gravatar.com\/avatar\/1721b20b3b8ca882c3b56ec6c978c594fff670e40c0718e9190eaeeb76aae7d8?s=96&d=mm&r=g\",\"caption\":\"wpAdminCofbOrg\"},\"sameAs\":[\"http:\/\/192.168.64.122\/wordpress\"],\"url\":\"https:\/\/www.cofb.org\/es\/author\/wpadmincofborg\/\"}]}<\/script>\n<!-- \/ Yoast SEO plugin. -->","yoast_head_json":{"title":"M\u00e9s del 90% dels usuaris que s\u2019han format amb \u00c0gora de Nutrici\u00f3 i Salut recomanarien la realitzaci\u00f3 dels seus cursosM\u00e1s del 90% de los usuarios que se han formado en \u00c1gora de Nutrici\u00f3n y Salud recomendar\u00edan la realizaci\u00f3n de sus cursos - Col\u00b7legi de Farmac\u00e8utics de Barcelona","robots":{"index":"index","follow":"follow","max-snippet":"max-snippet:-1","max-image-preview":"max-image-preview:large","max-video-preview":"max-video-preview:-1"},"canonical":"https:\/\/novaorg.cofb.net\/2021\/01\/25\/mes-del-90-dels-usuaris-que-shan-format-amb-agora-de-nutricio-i-salut-recomanarien-la-realitzacio-dels-seus-cursosmas-del-90-de-los-usuarios-que-se-han-formado-en-agora-de-nutricion-y-salud-r\/","og_locale":"es_ES","og_type":"article","og_title":"M\u00e9s del 90% dels usuaris que s\u2019han format amb \u00c0gora de Nutrici\u00f3 i Salut recomanarien la realitzaci\u00f3 dels seus cursosM\u00e1s del 90% de los usuarios que se han formado en \u00c1gora de Nutrici\u00f3n y Salud recomendar\u00edan la realizaci\u00f3n de sus cursos - Col\u00b7legi de Farmac\u00e8utics de Barcelona","og_description":"\u00a0 Aquesta \u00e0rea formativa, impulsada pels Col\u00b7legis de Farmac\u00e8utics de Barcelona i Madrid\u2013 a trav\u00e9s d&#8217;\u00c0gora Sanit\u00e0ria- i Nestl\u00e9 Health Science, ha comptat amb una mitjana de m\u00e9s de 400 inscrits en cadascuna de les formacions En el marc de la COVID-19, ha proporcionat als farmac\u00e8utics recursos lligats a requeriments [&hellip;]","og_url":"https:\/\/novaorg.cofb.net\/2021\/01\/25\/mes-del-90-dels-usuaris-que-shan-format-amb-agora-de-nutricio-i-salut-recomanarien-la-realitzacio-dels-seus-cursosmas-del-90-de-los-usuarios-que-se-han-formado-en-agora-de-nutricion-y-salud-r\/","og_site_name":"Col\u00b7legi de Farmac\u00e8utics de Barcelona","article_publisher":"https:\/\/www.facebook.com\/farmaceuticsbcn\/","article_published_time":"2021-01-25T17:21:00+00:00","author":"wpAdminCofbOrg","twitter_card":"summary_large_image","twitter_creator":"@farmaceuticsbcn","twitter_site":"@farmaceuticsbcn","twitter_misc":{"Escrito por":"wpAdminCofbOrg","Tiempo de lectura":"11 minutos"},"schema":{"@context":"https:\/\/schema.org","@graph":[{"@type":"Article","@id":"https:\/\/novaorg.cofb.net\/2021\/01\/25\/mes-del-90-dels-usuaris-que-shan-format-amb-agora-de-nutricio-i-salut-recomanarien-la-realitzacio-dels-seus-cursosmas-del-90-de-los-usuarios-que-se-han-formado-en-agora-de-nutricion-y-salud-r\/#article","isPartOf":{"@id":"https:\/\/novaorg.cofb.net\/2021\/01\/25\/mes-del-90-dels-usuaris-que-shan-format-amb-agora-de-nutricio-i-salut-recomanarien-la-realitzacio-dels-seus-cursosmas-del-90-de-los-usuarios-que-se-han-formado-en-agora-de-nutricion-y-salud-r\/"},"author":{"name":"wpAdminCofbOrg","@id":"https:\/\/www.cofb.org\/#\/schema\/person\/22ed7eea88da74b0fa4d3154ad87ffcb"},"headline":"M\u00e9s del 90% dels usuaris que s\u2019han format amb \u00c0gora de Nutrici\u00f3 i Salut recomanarien la realitzaci\u00f3 dels seus cursosM\u00e1s del 90% de los usuarios que se han formado en \u00c1gora de Nutrici\u00f3n y Salud recomendar\u00edan la realizaci\u00f3n de sus cursos","datePublished":"2021-01-25T17:21:00+00:00","dateModified":"2021-01-25T17:21:00+00:00","mainEntityOfPage":{"@id":"https:\/\/novaorg.cofb.net\/2021\/01\/25\/mes-del-90-dels-usuaris-que-shan-format-amb-agora-de-nutricio-i-salut-recomanarien-la-realitzacio-dels-seus-cursosmas-del-90-de-los-usuarios-que-se-han-formado-en-agora-de-nutricion-y-salud-r\/"},"wordCount":2223,"publisher":{"@id":"https:\/\/www.cofb.org\/#organization"},"articleSection":["Notes de premsa","Sense categoria"],"inLanguage":"es"},{"@type":"WebPage","@id":"https:\/\/novaorg.cofb.net\/2021\/01\/25\/mes-del-90-dels-usuaris-que-shan-format-amb-agora-de-nutricio-i-salut-recomanarien-la-realitzacio-dels-seus-cursosmas-del-90-de-los-usuarios-que-se-han-formado-en-agora-de-nutricion-y-salud-r\/","url":"https:\/\/novaorg.cofb.net\/2021\/01\/25\/mes-del-90-dels-usuaris-que-shan-format-amb-agora-de-nutricio-i-salut-recomanarien-la-realitzacio-dels-seus-cursosmas-del-90-de-los-usuarios-que-se-han-formado-en-agora-de-nutricion-y-salud-r\/","name":"M\u00e9s del 90% dels usuaris que s\u2019han format amb \u00c0gora de Nutrici\u00f3 i Salut recomanarien la realitzaci\u00f3 dels seus cursosM\u00e1s del 90% de los usuarios que se han formado en \u00c1gora de Nutrici\u00f3n y Salud recomendar\u00edan la realizaci\u00f3n de sus cursos - Col\u00b7legi de Farmac\u00e8utics de Barcelona","isPartOf":{"@id":"https:\/\/www.cofb.org\/#website"},"datePublished":"2021-01-25T17:21:00+00:00","dateModified":"2021-01-25T17:21:00+00:00","breadcrumb":{"@id":"https:\/\/novaorg.cofb.net\/2021\/01\/25\/mes-del-90-dels-usuaris-que-shan-format-amb-agora-de-nutricio-i-salut-recomanarien-la-realitzacio-dels-seus-cursosmas-del-90-de-los-usuarios-que-se-han-formado-en-agora-de-nutricion-y-salud-r\/#breadcrumb"},"inLanguage":"es","potentialAction":[{"@type":"ReadAction","target":["https:\/\/novaorg.cofb.net\/2021\/01\/25\/mes-del-90-dels-usuaris-que-shan-format-amb-agora-de-nutricio-i-salut-recomanarien-la-realitzacio-dels-seus-cursosmas-del-90-de-los-usuarios-que-se-han-formado-en-agora-de-nutricion-y-salud-r\/"]}]},{"@type":"BreadcrumbList","@id":"https:\/\/novaorg.cofb.net\/2021\/01\/25\/mes-del-90-dels-usuaris-que-shan-format-amb-agora-de-nutricio-i-salut-recomanarien-la-realitzacio-dels-seus-cursosmas-del-90-de-los-usuarios-que-se-han-formado-en-agora-de-nutricion-y-salud-r\/#breadcrumb","itemListElement":[{"@type":"ListItem","position":1,"name":"Inici","item":"https:\/\/novaorg.cofb.net\/"},{"@type":"ListItem","position":2,"name":"M\u00e9s del 90% dels usuaris que s\u2019han format amb \u00c0gora de Nutrici\u00f3 i Salut recomanarien la realitzaci\u00f3 dels seus cursosM\u00e1s del 90% de los usuarios que se han formado en \u00c1gora de Nutrici\u00f3n y Salud recomendar\u00edan la realizaci\u00f3n de sus cursos"}]},{"@type":"WebSite","@id":"https:\/\/www.cofb.org\/#website","url":"https:\/\/www.cofb.org\/","name":"Col\u00b7legi de Farmac\u00e8utics de Barcelona","description":"","publisher":{"@id":"https:\/\/www.cofb.org\/#organization"},"potentialAction":[{"@type":"SearchAction","target":{"@type":"EntryPoint","urlTemplate":"https:\/\/www.cofb.org\/?s={search_term_string}"},"query-input":"required name=search_term_string"}],"inLanguage":"es"},{"@type":"Organization","@id":"https:\/\/www.cofb.org\/#organization","name":"Col\u00b7legi de Farmac\u00e8utics de Barcelona","url":"https:\/\/www.cofb.org\/","logo":{"@type":"ImageObject","inLanguage":"es","@id":"https:\/\/www.cofb.org\/#\/schema\/logo\/image\/","url":"https:\/\/www.cofb.org\/wp-content\/uploads\/2023\/11\/cropped-Logotip-COFB.png","contentUrl":"https:\/\/www.cofb.org\/wp-content\/uploads\/2023\/11\/cropped-Logotip-COFB.png","width":500,"height":105,"caption":"Col\u00b7legi de Farmac\u00e8utics de Barcelona"},"image":{"@id":"https:\/\/www.cofb.org\/#\/schema\/logo\/image\/"},"sameAs":["https:\/\/www.facebook.com\/farmaceuticsbcn\/","https:\/\/twitter.com\/farmaceuticsbcn","https:\/\/www.instagram.com\/farmaceuticsbcn\/","https:\/\/www.linkedin.com\/company\/farmaceuticsbcn\/"]},{"@type":"Person","@id":"https:\/\/www.cofb.org\/#\/schema\/person\/22ed7eea88da74b0fa4d3154ad87ffcb","name":"wpAdminCofbOrg","image":{"@type":"ImageObject","inLanguage":"es","@id":"https:\/\/www.cofb.org\/#\/schema\/person\/image\/","url":"https:\/\/secure.gravatar.com\/avatar\/1721b20b3b8ca882c3b56ec6c978c594fff670e40c0718e9190eaeeb76aae7d8?s=96&d=mm&r=g","contentUrl":"https:\/\/secure.gravatar.com\/avatar\/1721b20b3b8ca882c3b56ec6c978c594fff670e40c0718e9190eaeeb76aae7d8?s=96&d=mm&r=g","caption":"wpAdminCofbOrg"},"sameAs":["http:\/\/192.168.64.122\/wordpress"],"url":"https:\/\/www.cofb.org\/es\/author\/wpadmincofborg\/"}]}},"uagb_featured_image_src":{"full":false,"thumbnail":false,"medium":false,"medium_large":false,"large":false,"1536x1536":false,"2048x2048":false,"trp-custom-language-flag":false},"uagb_author_info":{"display_name":"wpAdminCofbOrg","author_link":"https:\/\/www.cofb.org\/es\/author\/wpadmincofborg\/"},"uagb_comment_info":0,"uagb_excerpt":"\u00a0 Aquesta \u00e0rea formativa, impulsada pels Col\u00b7legis de Farmac\u00e8utics de Barcelona i Madrid\u2013 a trav\u00e9s d&#8217;\u00c0gora Sanit\u00e0ria- i Nestl\u00e9 Health Science, ha comptat amb una mitjana de m\u00e9s de 400 inscrits en cadascuna de les formacions En el marc de la COVID-19, ha proporcionat als farmac\u00e8utics recursos lligats a requeriments [&hellip;]","_links":{"self":[{"href":"https:\/\/www.cofb.org\/es\/wp-json\/wp\/v2\/posts\/77083","targetHints":{"allow":["GET"]}}],"collection":[{"href":"https:\/\/www.cofb.org\/es\/wp-json\/wp\/v2\/posts"}],"about":[{"href":"https:\/\/www.cofb.org\/es\/wp-json\/wp\/v2\/types\/post"}],"author":[{"embeddable":true,"href":"https:\/\/www.cofb.org\/es\/wp-json\/wp\/v2\/users\/1"}],"replies":[{"embeddable":true,"href":"https:\/\/www.cofb.org\/es\/wp-json\/wp\/v2\/comments?post=77083"}],"version-history":[{"count":0,"href":"https:\/\/www.cofb.org\/es\/wp-json\/wp\/v2\/posts\/77083\/revisions"}],"wp:attachment":[{"href":"https:\/\/www.cofb.org\/es\/wp-json\/wp\/v2\/media?parent=77083"}],"wp:term":[{"taxonomy":"category","embeddable":true,"href":"https:\/\/www.cofb.org\/es\/wp-json\/wp\/v2\/categories?post=77083"},{"taxonomy":"post_tag","embeddable":true,"href":"https:\/\/www.cofb.org\/es\/wp-json\/wp\/v2\/tags?post=77083"}],"curies":[{"name":"wp","href":"https:\/\/api.w.org\/{rel}","templated":true}]}}