{"id":77065,"date":"2021-06-02T17:10:00","date_gmt":"2021-06-02T17:10:00","guid":{"rendered":"https:\/\/novaorg.cofb.net\/2021\/06\/02\/el-cof-de-barcelona-clausura-la-xvi-edicio-del-master-de-gestio-de-loficina-de-farmacia-i-anuncia-que-la-proxima-edicio-sera-en-modalitat-hibrida\/"},"modified":"2021-06-02T17:10:00","modified_gmt":"2021-06-02T17:10:00","slug":"el-cof-de-barcelona-clausura-la-xvi-edicio-del-master-de-gestio-de-loficina-de-farmacia-i-anuncia-que-la-proxima-edicio-sera-en-modalitat-hibrida","status":"publish","type":"post","link":"https:\/\/www.cofb.org\/es\/2021\/06\/02\/el-cof-de-barcelona-clausura-la-xvi-edicio-del-master-de-gestio-de-loficina-de-farmacia-i-anuncia-que-la-proxima-edicio-sera-en-modalitat-hibrida\/","title":{"rendered":"El COF de Barcelona clausura la XVI edici\u00f3n del M\u00e1ster de Gesti\u00f3n de la Oficina de Farmacia y anuncia que la pr\u00f3xima edici\u00f3n ser\u00e1 en modalidad h\u00edbrida"},"content":{"rendered":"<p>\u00a0<\/p>\n<ul>\n<li>Los <strong>alumnos<\/strong> que lo han cursado hacen una <strong>valoraci\u00f3n global positiva<\/strong>, destacando, entre otros aspectos, la importancia de adquirir <strong>estrategias y herramientas<\/strong> para poder implementarlas en el equipo de la farmacia y <strong>adaptarse al mundo actual<\/strong><\/li>\n<\/ul>\n<p>\u00a0<\/p>\n<ul>\n<li>La pr\u00f3xima edici\u00f3n, correspondiente al <strong>curso 2021-2022<\/strong>, se impartir\u00e1 en <strong>formato h\u00edbrido -presencial y online-<\/strong>, para facilitar que se puedan inscribir farmac\u00e9uticos de toda Espa\u00f1a, garantizando la misma <strong>formaci\u00f3n te\u00f3rica, participativa y din\u00e1mica<\/strong><\/li>\n<\/ul>\n<p>\u00a0<\/p>\n<ul>\n<li>El M\u00e1ster persigue <strong>desarrollar las competencias necesarias para mejorar la gesti\u00f3n de la farmacia comunitaria<\/strong> a trav\u00e9s de <strong>3 m\u00f3dulos<\/strong>: Finanzas y fiscalidad, Gesti\u00f3n de personas y Marketing<\/li>\n<\/ul>\n<p>\u00a0<\/p>\n<p><em>Barcelona, 2 de junio de 2021<\/em>. \u201cNuestro modelo de oficina de farmacia hace que tengamos que encontrar el<strong>equilibrio <\/strong>entre el <strong>vertiente asistencial<\/strong> y el <strong>vertiente empresarial o de gesti\u00f3n<\/strong>. Para ello es importante seguir form\u00e1ndose en \u00e1reas como las novedades terap\u00e9uticas, asistenciales y profesionales, pero tambi\u00e9n ir desarrollando la parte de marketing o recursos humanos\u201d. Durante la <strong>clausura de la XVI edici\u00f3n del M\u00e1ster en Gesti\u00f3n de la Oficina de Farmacia (MGOF), Jordi Casas<\/strong>, presidente del COFB, se dirigi\u00f3 con estas palabras a los alumnos que han finalizado el programa este a\u00f1o.<\/p>\n<p>El acto de clausura tambi\u00e9n contaron con la presencia de<strong>Aina Surroca<\/strong>, secretaria del COFB y responsable de la Comisi\u00f3n Delegada de Formaci\u00f3n Continua; <strong>Juan Carlos Serra<\/strong>, director del MGOF; y <strong>Cristina Rodr\u00edguez<\/strong> y <strong>M\u00f3nica Gallach<\/strong>, coordinadoras del M\u00e1ster y miembros del Departamento de Formaci\u00f3n y Desarrollo Profesional del COFB.<\/p>\n<p><strong><u>\u00bfQu\u00e9 opinan los alumnos de esta edici\u00f3n del M\u00e1ster?<\/u><\/strong><\/p>\n<p>La farmac\u00e9utica <strong>Mar\u00eda Gol<\/strong> explica que gracias al M\u00e1ster &quot;he podido adquirir muchos conocimientos, sobre todo de finanzas&quot;. Considera que es importante \u201ctener estrategias y herramientas para poder implementar y trabajar con el equipo de la farmacia, y que permitan, a su vez, <strong>adaptarse al mundo actual<\/strong>\u201d.<\/p>\n<p><strong>Pedro Vidal<\/strong>, farmac\u00e9utico con una farmacia en Palma, es otro de los alumnos que ha cursado el MGOF este a\u00f1o. Ya son varios los alumnos de fuera de Catalu\u00f1a que han cursado el M\u00e1ster a lo largo de las distintas ediciones celebradas.<\/p>\n<p>Vidal afirma que \u201cla valoraci\u00f3n global del M\u00e1ster es <strong>muy positiva<\/strong>, ya que vienen profesionales de todo tipo, sobre todo titulares de oficina de farmacia, que explican su forma de ver la farmacia, su gesti\u00f3n y <strong>puedes aprender mucho de ellos. Es como rodearte de los mejores titulares en el aula<\/strong>\u201d. Y a\u00f1ade que este m\u00e1ster es id\u00f3neo para todos aquellos farmac\u00e9uticos que tienen claro que quieren trabajar en el \u00e1mbito de la farmacia comunitaria: <strong>\u201cIncluso sin ser titular de oficina de farmacia, le permitir\u00e1 tener muchos m\u00e1s conocimientos sobre finanzas, marketing y recursos humanos, que al final hacen que seas un profesional mucho mejor valorado por el sector y que sientas mejor haciendo tu trabajo \u201d.<\/strong><\/p>\n<p><strong><u>Modalidad h\u00edbrida para el curso 2021-2022<\/u><\/strong><\/p>\n<p>Durante el curso <strong>2021-2022<\/strong>, en la que ser\u00e1 la XVII edici\u00f3n del M\u00e1ster, se innovar\u00e1 en el <strong>formato del MGOF<\/strong>. Por primera vez, se impartir\u00e1 con <strong>metodolog\u00eda h\u00edbrida -presencial y online-,<\/strong> adapt\u00e1ndose a las necesidades y preferencias de los alumnos.<\/p>\n<p>A ra\u00edz de la inauguraci\u00f3n de un aula h\u00edbrida en la sede colegial el pasado mes de febrero, con muy buena acogida, se ha cre\u00eddo conveniente extender esta modalidad al M\u00e1ster de Gesti\u00f3n de la Oficina de Farmacia. De esta forma, en el MGOF <strong>se podr\u00e1n inscribir alumnos de otras zonas de Espa\u00f1a<\/strong>, ya que podr\u00e1n seguir virtualmente la mayor parte de las clases, si as\u00ed lo desean. El motivo de mantener la presencialidad en casos puntuales es doble: por un lado, existen contenidos que se considera que es m\u00e1s \u00f3ptimo impartirlos presencialmente y, por otro, permitir\u00e1 fomentar el networking entre los alumnos. En cualquier caso, el reto es que tanto el formato presencial como el <strong>virtual<\/strong> garanticen la misma <strong>formaci\u00f3n te\u00f3rica, participativa y din\u00e1mica<\/strong>.<\/p>\n<p>Esta nueva modalidad, cuyos detalles se pueden solicitar en el <strong>Departamento de Formaci\u00f3n del COFB<\/strong>, llega despu\u00e9s de que el M\u00e1ster de Gesti\u00f3n de Oficina de Farmacia del Colegio de Farmac\u00e9uticos de Barcelona se haya ido consolidando como un referente entre los profesionales del sector por su elevada especializaci\u00f3n.<\/p>\n<p><strong>Los tres m\u00f3dulos del M\u00e1ster de Gesti\u00f3n de la Oficina de Farmacia<\/strong><br \/>\nEl <strong>MGOF<\/strong> -dirigido a titulares de oficina de farmacia o graduados en Farmacia que lo ser\u00e1n a corto plazo- consta de tres m\u00f3dulos (Finanzas y Fiscalidad, Gesti\u00f3n de Personas y Marketing), a trav\u00e9s de los cuales los alumnos pueden adquirir todas las claves por una buena <strong>gesti\u00f3n de la oficina de farmacia<\/strong>, as\u00ed como <strong>herramientas y recursos para innovar<\/strong>, en un momento de transici\u00f3n y cambios como el que estamos viviendo. Sin duda, el M\u00e1ster proporciona una <strong>nueva forma de afrontar las decisiones empresariales<\/strong>.<\/p>\n<p>\nDurante el programa, se utilizan <strong>ejemplos<\/strong>, <strong>ejercicios<\/strong>, <strong>casos de \u00e9xito<\/strong>, <strong>conferencias y otros recursos pr\u00e1cticos<\/strong> para que la aplicaci\u00f3n de conocimientos adquiridos sea inmediata. Adem\u00e1s, en el m\u00f3dulo 3 los alumnos desarrollan un <strong>plan de marketing<\/strong> tutorizado por el director del M\u00e1ster, que pueden contextualizar y aplicar en su propia farmacia.<\/p>\n<p>\u00a0Los alumnos que lo han cursado hacen una valoraci\u00f3n global positiva, destacando, entre otros aspectos, la importancia de adquirir estrategias y herramientas para poder implementarlas en el equipo de la farmacia y adaptarse al mundo actual<\/p>\n<p>\u00a0<\/p>\n<p>\tLa pr\u00f3xima edici\u00f3n, correspondiente al curso 2021-2022, se impartir\u00e1 en formato h\u00edbrido -presencial y online-, para facilitar que se puedan inscribir farmac\u00e9uticos de toda Espa\u00f1a, garantizando la misma formaci\u00f3n te\u00f3rica, participativa y din\u00e1mica<\/p>\n<p>\u00a0<\/p>\n<p>\tEl M\u00e1ster persigue desarrollar las competencias necesarias para mejorar la gesti\u00f3n de la farmacia comunitaria a trav\u00e9s de 3 m\u00f3dulos: Finanzas y fiscalidad, Gesti\u00f3n de personas y Marketing<\/p>\n<p>\u00a0<\/p>\n<p>Barcelona, 2 de junio de 2021. \u201cNuestro modelo de oficina de farmacia hace que debamos encontrar el equilibrio entre la vertiente asistencial y la vertiente empresarial o de gesti\u00f3n. Para ello es importante seguir form\u00e1ndose en \u00e1reas como las novedades terap\u00e9uticas, asistenciales y profesionales, pero tambi\u00e9n ir desarrollando la parte de marketing o recursos humanos\u201d. Durante la clausura de la XVI edici\u00f3n del M\u00e1ster en Gesti\u00f3n de la Oficina de Farmacia (MGOF), Jordi Casas, presidente del COFB, se dirigi\u00f3 con estas palabras a los alumnos que han finalizado este programa.<\/p>\n<p>El acto de clausura tambi\u00e9n contaron con la presencia de Aina Surroca, secretaria del COFB y responsable de la Comisi\u00f3n Delegada de Formaci\u00f3n Continua; Juan Carlos Serra, director del MGOF; y Cristina Rodr\u00edguez y M\u00f3nica Gallach, coordinadoras del M\u00e1ster y miembros del Departamento de Formaci\u00f3n y Desarrollo Profesional del COFB.<\/p>\n<p>\u00bfQu\u00e9 opinan los alumnos de esta edici\u00f3n del M\u00e1ster?<\/p>\n<p>La farmac\u00e9utica Maria Gol explica que gracias al M\u00e1ster &quot;he podido adquirir muchos conocimientos, sobre todo de finanzas&quot;. Considera que es importante &quot;tener estrategias y herramientas para poder implementar y trabajar con el equipo de la farmacia, y que permitan, a su vez, adaptarse al mundo actual&quot;.<\/p>\n<p>Pedro Vidal, farmac\u00e9utico con una farmacia en Palma, es otro de los alumnos que ha cursado el MGOF este a\u00f1o. Ya son varios los alumnos de fuera de Catalu\u00f1a que han cursado el M\u00e1ster a lo largo de las distintas ediciones celebradas.<\/p>\n<p>Vidal afirma que \u201cla valoraci\u00f3n global del M\u00e1ster es muy positiva, ya que vienen profesionales de todo tipo, sobre todo titulares de oficina de farmacia, que explican su forma de ver la farmacia, su gesti\u00f3n y puedes aprender mucho de ellos. Es como rodearte de los mejores titulares en el aula\u201d. Y a\u00f1ade que este m\u00e1ster es id\u00f3neo para todos aquellos farmac\u00e9uticos que tienen claro que quieren trabajar en el \u00e1mbito de la farmacia comunitaria: \u201cIncluso sin ser titular de oficina de farmacia, le permitir\u00e1 tener muchos m\u00e1s conocimientos sobre finanzas, marketing y recursos humanos, que al final hacen que seas un profesional mucho mejor valorado por el sector y que sientas mejor haciendo tu trabajo\u201d.<\/p>\n<p>Modalidad h\u00edbrida para el curso 2021-2022<\/p>\n<p>Durante el curso 2021-2022, en la que ser\u00e1 la XVII edici\u00f3n del M\u00e1ster, se innovar\u00e1 en el formato del MGOF. Por primera vez, se impartir\u00e1 con metodolog\u00eda h\u00edbrida -presencial y online-, adapt\u00e1ndose a las necesidades y preferencias de los alumnos.<\/p>\n<p>A ra\u00edz de la inauguraci\u00f3n de un aula h\u00edbrida en la sede colegial el pasado mes de febrero, con muy buena acogida, se ha cre\u00eddo conveniente extender esta modalidad al M\u00e1ster de Gesti\u00f3n de la Oficina de Farmacia. De esta forma, en el MGOF se podr\u00e1n inscribir alumnos de otras zonas de Espa\u00f1a, ya que podr\u00e1n seguir virtualmente la mayor parte de las clases, si as\u00ed lo desean. El motivo de mantener la presencialidad en casos puntuales es doble: por un lado, existen contenidos que se considera que es m\u00e1s \u00f3ptimo impartirlos presencialmente y, por otro, permitir\u00e1 fomentar el networking entre los alumnos. En cualquier caso, el reto es que tanto el formato presencial como el virtual garanticen la propia formaci\u00f3n te\u00f3rica, participativa y din\u00e1mica.<\/p>\n<p>Esta nueva modalidad, cuyos detalles se pueden solicitar al Departamento de Formaci\u00f3n del COFB, llega despu\u00e9s de que el M\u00e1ster de Gesti\u00f3n de Oficina de Farmacia del Colegio de Farmac\u00e9uticos de Barcelona se haya ido consolidando como un referente entre los profesionales del sector por su elevada especializaci\u00f3n.<\/p>\n<p>Los tres m\u00f3dulos del M\u00e1ster de Gesti\u00f3n de la Oficina de Farmacia<br \/>\nEl MGOF -dirigido a titulares de oficina de farmacia o graduados en Farmacia que lo ser\u00e1n a corto plazo- consta de tres m\u00f3dulos (Finanzas y Fiscalidad, Gesti\u00f3n de Personas y Marketing), a trav\u00e9s de los cuales los alumnos pueden adquirir todas las claves para una buena gesti\u00f3n de la oficina de farmacia, as\u00ed como herramientas y recursos a innovar, en un momento de transici\u00f3n y cambios como el que estamos viviendo. Sin duda, el M\u00e1ster proporciona una nueva forma de afrontar las decisiones empresariales.<\/p>\n<p>Durante el programa, se utilizan ejemplos, ejercicios, casos de \u00e9xito, conferencias y otros recursos pr\u00e1cticos para que la aplicaci\u00f3n de conocimientos adquiridos sea inmediata. Adem\u00e1s, en el m\u00f3dulo 3 los alumnos desarrollan un plan de marketing tutorizado por el director del M\u00e1ster, que pueden contextualizar y aplicar en su propia farmacia.  COFB.ORG<\/p>","protected":false},"excerpt":{"rendered":"<p>\u00a0 Los alumnos que lo han cursado hacen una valoraci\u00f3n global positiva, destacando, entre otros aspectos, la importancia de adquirir estrategias y herramientas para poder implementarlas en el equipo de la farmacia y adaptarse al mundo actual La pr\u00f3xima edici\u00f3n, correspondiente al curso 2021-2022, se impartir\u00e1 en formato h\u00edbrido-presencial y en [\u2026]<\/p>","protected":false},"author":1,"featured_media":0,"comment_status":"","ping_status":"","sticky":false,"template":"","format":"standard","meta":{"_uag_custom_page_level_css":"","site-sidebar-layout":"default","site-content-layout":"","ast-site-content-layout":"default","site-content-style":"default","site-sidebar-style":"default","ast-global-header-display":"","ast-banner-title-visibility":"","ast-main-header-display":"","ast-hfb-above-header-display":"","ast-hfb-below-header-display":"","ast-hfb-mobile-header-display":"","site-post-title":"","ast-breadcrumbs-content":"","ast-featured-img":"disabled","footer-sml-layout":"","theme-transparent-header-meta":"","adv-header-id-meta":"","stick-header-meta":"","header-above-stick-meta":"","header-main-stick-meta":"","header-below-stick-meta":"","astra-migrate-meta-layouts":"default","ast-page-background-enabled":"default","ast-page-background-meta":{"desktop":{"background-color":"var(--ast-global-color-4)","background-image":"","background-repeat":"repeat","background-position":"center center","background-size":"auto","background-attachment":"scroll","background-type":"","background-media":"","overlay-type":"","overlay-color":"","overlay-opacity":"","overlay-gradient":""},"tablet":{"background-color":"","background-image":"","background-repeat":"repeat","background-position":"center center","background-size":"auto","background-attachment":"scroll","background-type":"","background-media":"","overlay-type":"","overlay-color":"","overlay-opacity":"","overlay-gradient":""},"mobile":{"background-color":"","background-image":"","background-repeat":"repeat","background-position":"center center","background-size":"auto","background-attachment":"scroll","background-type":"","background-media":"","overlay-type":"","overlay-color":"","overlay-opacity":"","overlay-gradient":""}},"ast-content-background-meta":{"desktop":{"background-color":"var(--ast-global-color-5)","background-image":"","background-repeat":"repeat","background-position":"center center","background-size":"auto","background-attachment":"scroll","background-type":"","background-media":"","overlay-type":"","overlay-color":"","overlay-opacity":"","overlay-gradient":""},"tablet":{"background-color":"var(--ast-global-color-5)","background-image":"","background-repeat":"repeat","background-position":"center center","background-size":"auto","background-attachment":"scroll","background-type":"","background-media":"","overlay-type":"","overlay-color":"","overlay-opacity":"","overlay-gradient":""},"mobile":{"background-color":"var(--ast-global-color-5)","background-image":"","background-repeat":"repeat","background-position":"center center","background-size":"auto","background-attachment":"scroll","background-type":"","background-media":"","overlay-type":"","overlay-color":"","overlay-opacity":"","overlay-gradient":""}},"footnotes":""},"categories":[1060,1066],"tags":[],"class_list":["post-77065","post","type-post","status-publish","format-standard","hentry","category-notes-premsa","category-sense-categoria-ca"],"yoast_head":"<!-- This site is optimized with the Yoast SEO plugin v22.4 - https:\/\/yoast.com\/wordpress\/plugins\/seo\/ -->\n<title>El COF de Barcelona clausura la XVI edici\u00f3 del M\u00e0ster de Gesti\u00f3 de l&#039;Oficina de Farm\u00e0cia i anuncia que la pr\u00f2xima edici\u00f3 ser\u00e0 en modalitat h\u00edbrida - Col\u00b7legi de Farmac\u00e8utics de Barcelona<\/title>\n<meta name=\"robots\" content=\"index, follow, max-snippet:-1, max-image-preview:large, max-video-preview:-1\" \/>\n<link rel=\"canonical\" href=\"https:\/\/novaorg.cofb.net\/2021\/06\/02\/el-cof-de-barcelona-clausura-la-xvi-edicio-del-master-de-gestio-de-loficina-de-farmacia-i-anuncia-que-la-proxima-edicio-sera-en-modalitat-hibrida\/\" \/>\n<meta property=\"og:locale\" content=\"es_ES\" \/>\n<meta property=\"og:type\" content=\"article\" \/>\n<meta property=\"og:title\" content=\"El COF de Barcelona clausura la XVI edici\u00f3 del M\u00e0ster de Gesti\u00f3 de l&#039;Oficina de Farm\u00e0cia i anuncia que la pr\u00f2xima edici\u00f3 ser\u00e0 en modalitat h\u00edbrida - Col\u00b7legi de Farmac\u00e8utics de Barcelona\" \/>\n<meta property=\"og:description\" content=\"\u00a0 Els alumnes que l&#8217;han cursat fan una valoraci\u00f3 global positiva, destacant, entre altres aspectes, la import\u00e0ncia d&#8217;adquirir estrat\u00e8gies i eines per a poder implementar-les a l&#8217;equip de la farm\u00e0cia i adaptar-se al m\u00f3n actual \u00a0 La pr\u00f2xima edici\u00f3, corresponent al curs 2021-2022, s&#8217;impartir\u00e0 en format h\u00edbrid -presencial i en [&hellip;]\" \/>\n<meta property=\"og:url\" content=\"https:\/\/novaorg.cofb.net\/2021\/06\/02\/el-cof-de-barcelona-clausura-la-xvi-edicio-del-master-de-gestio-de-loficina-de-farmacia-i-anuncia-que-la-proxima-edicio-sera-en-modalitat-hibrida\/\" \/>\n<meta property=\"og:site_name\" content=\"Col\u00b7legi de Farmac\u00e8utics de Barcelona\" \/>\n<meta property=\"article:publisher\" content=\"https:\/\/www.facebook.com\/farmaceuticsbcn\/\" \/>\n<meta property=\"article:published_time\" content=\"2021-06-02T17:10:00+00:00\" \/>\n<meta name=\"author\" content=\"wpAdminCofbOrg\" \/>\n<meta name=\"twitter:card\" content=\"summary_large_image\" \/>\n<meta name=\"twitter:creator\" content=\"@farmaceuticsbcn\" \/>\n<meta name=\"twitter:site\" content=\"@farmaceuticsbcn\" \/>\n<meta name=\"twitter:label1\" content=\"Escrito por\" \/>\n\t<meta name=\"twitter:data1\" content=\"wpAdminCofbOrg\" \/>\n\t<meta name=\"twitter:label2\" content=\"Tiempo de lectura\" \/>\n\t<meta name=\"twitter:data2\" content=\"9 minutos\" \/>\n<script type=\"application\/ld+json\" class=\"yoast-schema-graph\">{\"@context\":\"https:\/\/schema.org\",\"@graph\":[{\"@type\":\"Article\",\"@id\":\"https:\/\/novaorg.cofb.net\/2021\/06\/02\/el-cof-de-barcelona-clausura-la-xvi-edicio-del-master-de-gestio-de-loficina-de-farmacia-i-anuncia-que-la-proxima-edicio-sera-en-modalitat-hibrida\/#article\",\"isPartOf\":{\"@id\":\"https:\/\/novaorg.cofb.net\/2021\/06\/02\/el-cof-de-barcelona-clausura-la-xvi-edicio-del-master-de-gestio-de-loficina-de-farmacia-i-anuncia-que-la-proxima-edicio-sera-en-modalitat-hibrida\/\"},\"author\":{\"name\":\"wpAdminCofbOrg\",\"@id\":\"https:\/\/www.cofb.org\/#\/schema\/person\/22ed7eea88da74b0fa4d3154ad87ffcb\"},\"headline\":\"El COF de Barcelona clausura la XVI edici\u00f3 del M\u00e0ster de Gesti\u00f3 de l&#8217;Oficina de Farm\u00e0cia i anuncia que la pr\u00f2xima edici\u00f3 ser\u00e0 en modalitat h\u00edbrida\",\"datePublished\":\"2021-06-02T17:10:00+00:00\",\"dateModified\":\"2021-06-02T17:10:00+00:00\",\"mainEntityOfPage\":{\"@id\":\"https:\/\/novaorg.cofb.net\/2021\/06\/02\/el-cof-de-barcelona-clausura-la-xvi-edicio-del-master-de-gestio-de-loficina-de-farmacia-i-anuncia-que-la-proxima-edicio-sera-en-modalitat-hibrida\/\"},\"wordCount\":1855,\"publisher\":{\"@id\":\"https:\/\/www.cofb.org\/#organization\"},\"articleSection\":[\"Notes de premsa\",\"Sense categoria\"],\"inLanguage\":\"es\"},{\"@type\":\"WebPage\",\"@id\":\"https:\/\/novaorg.cofb.net\/2021\/06\/02\/el-cof-de-barcelona-clausura-la-xvi-edicio-del-master-de-gestio-de-loficina-de-farmacia-i-anuncia-que-la-proxima-edicio-sera-en-modalitat-hibrida\/\",\"url\":\"https:\/\/novaorg.cofb.net\/2021\/06\/02\/el-cof-de-barcelona-clausura-la-xvi-edicio-del-master-de-gestio-de-loficina-de-farmacia-i-anuncia-que-la-proxima-edicio-sera-en-modalitat-hibrida\/\",\"name\":\"El COF de Barcelona clausura la XVI edici\u00f3 del M\u00e0ster de Gesti\u00f3 de l'Oficina de Farm\u00e0cia i anuncia que la pr\u00f2xima edici\u00f3 ser\u00e0 en modalitat h\u00edbrida - Col\u00b7legi de Farmac\u00e8utics de Barcelona\",\"isPartOf\":{\"@id\":\"https:\/\/www.cofb.org\/#website\"},\"datePublished\":\"2021-06-02T17:10:00+00:00\",\"dateModified\":\"2021-06-02T17:10:00+00:00\",\"breadcrumb\":{\"@id\":\"https:\/\/novaorg.cofb.net\/2021\/06\/02\/el-cof-de-barcelona-clausura-la-xvi-edicio-del-master-de-gestio-de-loficina-de-farmacia-i-anuncia-que-la-proxima-edicio-sera-en-modalitat-hibrida\/#breadcrumb\"},\"inLanguage\":\"es\",\"potentialAction\":[{\"@type\":\"ReadAction\",\"target\":[\"https:\/\/novaorg.cofb.net\/2021\/06\/02\/el-cof-de-barcelona-clausura-la-xvi-edicio-del-master-de-gestio-de-loficina-de-farmacia-i-anuncia-que-la-proxima-edicio-sera-en-modalitat-hibrida\/\"]}]},{\"@type\":\"BreadcrumbList\",\"@id\":\"https:\/\/novaorg.cofb.net\/2021\/06\/02\/el-cof-de-barcelona-clausura-la-xvi-edicio-del-master-de-gestio-de-loficina-de-farmacia-i-anuncia-que-la-proxima-edicio-sera-en-modalitat-hibrida\/#breadcrumb\",\"itemListElement\":[{\"@type\":\"ListItem\",\"position\":1,\"name\":\"Inici\",\"item\":\"https:\/\/novaorg.cofb.net\/\"},{\"@type\":\"ListItem\",\"position\":2,\"name\":\"El COF de Barcelona clausura la XVI edici\u00f3 del M\u00e0ster de Gesti\u00f3 de l&#8217;Oficina de Farm\u00e0cia i anuncia que la pr\u00f2xima edici\u00f3 ser\u00e0 en modalitat h\u00edbrida\"}]},{\"@type\":\"WebSite\",\"@id\":\"https:\/\/www.cofb.org\/#website\",\"url\":\"https:\/\/www.cofb.org\/\",\"name\":\"Col\u00b7legi de Farmac\u00e8utics de Barcelona\",\"description\":\"\",\"publisher\":{\"@id\":\"https:\/\/www.cofb.org\/#organization\"},\"potentialAction\":[{\"@type\":\"SearchAction\",\"target\":{\"@type\":\"EntryPoint\",\"urlTemplate\":\"https:\/\/www.cofb.org\/?s={search_term_string}\"},\"query-input\":\"required name=search_term_string\"}],\"inLanguage\":\"es\"},{\"@type\":\"Organization\",\"@id\":\"https:\/\/www.cofb.org\/#organization\",\"name\":\"Col\u00b7legi de Farmac\u00e8utics de Barcelona\",\"url\":\"https:\/\/www.cofb.org\/\",\"logo\":{\"@type\":\"ImageObject\",\"inLanguage\":\"es\",\"@id\":\"https:\/\/www.cofb.org\/#\/schema\/logo\/image\/\",\"url\":\"https:\/\/www.cofb.org\/wp-content\/uploads\/2023\/11\/cropped-Logotip-COFB.png\",\"contentUrl\":\"https:\/\/www.cofb.org\/wp-content\/uploads\/2023\/11\/cropped-Logotip-COFB.png\",\"width\":500,\"height\":105,\"caption\":\"Col\u00b7legi de Farmac\u00e8utics de Barcelona\"},\"image\":{\"@id\":\"https:\/\/www.cofb.org\/#\/schema\/logo\/image\/\"},\"sameAs\":[\"https:\/\/www.facebook.com\/farmaceuticsbcn\/\",\"https:\/\/twitter.com\/farmaceuticsbcn\",\"https:\/\/www.instagram.com\/farmaceuticsbcn\/\",\"https:\/\/www.linkedin.com\/company\/farmaceuticsbcn\/\"]},{\"@type\":\"Person\",\"@id\":\"https:\/\/www.cofb.org\/#\/schema\/person\/22ed7eea88da74b0fa4d3154ad87ffcb\",\"name\":\"wpAdminCofbOrg\",\"image\":{\"@type\":\"ImageObject\",\"inLanguage\":\"es\",\"@id\":\"https:\/\/www.cofb.org\/#\/schema\/person\/image\/\",\"url\":\"https:\/\/secure.gravatar.com\/avatar\/1721b20b3b8ca882c3b56ec6c978c594fff670e40c0718e9190eaeeb76aae7d8?s=96&d=mm&r=g\",\"contentUrl\":\"https:\/\/secure.gravatar.com\/avatar\/1721b20b3b8ca882c3b56ec6c978c594fff670e40c0718e9190eaeeb76aae7d8?s=96&d=mm&r=g\",\"caption\":\"wpAdminCofbOrg\"},\"sameAs\":[\"http:\/\/192.168.64.122\/wordpress\"],\"url\":\"https:\/\/www.cofb.org\/es\/author\/wpadmincofborg\/\"}]}<\/script>\n<!-- \/ Yoast SEO plugin. -->","yoast_head_json":{"title":"El COF de Barcelona clausura la XVI edici\u00f3 del M\u00e0ster de Gesti\u00f3 de l'Oficina de Farm\u00e0cia i anuncia que la pr\u00f2xima edici\u00f3 ser\u00e0 en modalitat h\u00edbrida - Col\u00b7legi de Farmac\u00e8utics de Barcelona","robots":{"index":"index","follow":"follow","max-snippet":"max-snippet:-1","max-image-preview":"max-image-preview:large","max-video-preview":"max-video-preview:-1"},"canonical":"https:\/\/novaorg.cofb.net\/2021\/06\/02\/el-cof-de-barcelona-clausura-la-xvi-edicio-del-master-de-gestio-de-loficina-de-farmacia-i-anuncia-que-la-proxima-edicio-sera-en-modalitat-hibrida\/","og_locale":"es_ES","og_type":"article","og_title":"El COF de Barcelona clausura la XVI edici\u00f3 del M\u00e0ster de Gesti\u00f3 de l'Oficina de Farm\u00e0cia i anuncia que la pr\u00f2xima edici\u00f3 ser\u00e0 en modalitat h\u00edbrida - Col\u00b7legi de Farmac\u00e8utics de Barcelona","og_description":"\u00a0 Els alumnes que l&#8217;han cursat fan una valoraci\u00f3 global positiva, destacant, entre altres aspectes, la import\u00e0ncia d&#8217;adquirir estrat\u00e8gies i eines per a poder implementar-les a l&#8217;equip de la farm\u00e0cia i adaptar-se al m\u00f3n actual \u00a0 La pr\u00f2xima edici\u00f3, corresponent al curs 2021-2022, s&#8217;impartir\u00e0 en format h\u00edbrid -presencial i en [&hellip;]","og_url":"https:\/\/novaorg.cofb.net\/2021\/06\/02\/el-cof-de-barcelona-clausura-la-xvi-edicio-del-master-de-gestio-de-loficina-de-farmacia-i-anuncia-que-la-proxima-edicio-sera-en-modalitat-hibrida\/","og_site_name":"Col\u00b7legi de Farmac\u00e8utics de Barcelona","article_publisher":"https:\/\/www.facebook.com\/farmaceuticsbcn\/","article_published_time":"2021-06-02T17:10:00+00:00","author":"wpAdminCofbOrg","twitter_card":"summary_large_image","twitter_creator":"@farmaceuticsbcn","twitter_site":"@farmaceuticsbcn","twitter_misc":{"Escrito por":"wpAdminCofbOrg","Tiempo de lectura":"9 minutos"},"schema":{"@context":"https:\/\/schema.org","@graph":[{"@type":"Article","@id":"https:\/\/novaorg.cofb.net\/2021\/06\/02\/el-cof-de-barcelona-clausura-la-xvi-edicio-del-master-de-gestio-de-loficina-de-farmacia-i-anuncia-que-la-proxima-edicio-sera-en-modalitat-hibrida\/#article","isPartOf":{"@id":"https:\/\/novaorg.cofb.net\/2021\/06\/02\/el-cof-de-barcelona-clausura-la-xvi-edicio-del-master-de-gestio-de-loficina-de-farmacia-i-anuncia-que-la-proxima-edicio-sera-en-modalitat-hibrida\/"},"author":{"name":"wpAdminCofbOrg","@id":"https:\/\/www.cofb.org\/#\/schema\/person\/22ed7eea88da74b0fa4d3154ad87ffcb"},"headline":"El COF de Barcelona clausura la XVI edici\u00f3 del M\u00e0ster de Gesti\u00f3 de l&#8217;Oficina de Farm\u00e0cia i anuncia que la pr\u00f2xima edici\u00f3 ser\u00e0 en modalitat h\u00edbrida","datePublished":"2021-06-02T17:10:00+00:00","dateModified":"2021-06-02T17:10:00+00:00","mainEntityOfPage":{"@id":"https:\/\/novaorg.cofb.net\/2021\/06\/02\/el-cof-de-barcelona-clausura-la-xvi-edicio-del-master-de-gestio-de-loficina-de-farmacia-i-anuncia-que-la-proxima-edicio-sera-en-modalitat-hibrida\/"},"wordCount":1855,"publisher":{"@id":"https:\/\/www.cofb.org\/#organization"},"articleSection":["Notes de premsa","Sense categoria"],"inLanguage":"es"},{"@type":"WebPage","@id":"https:\/\/novaorg.cofb.net\/2021\/06\/02\/el-cof-de-barcelona-clausura-la-xvi-edicio-del-master-de-gestio-de-loficina-de-farmacia-i-anuncia-que-la-proxima-edicio-sera-en-modalitat-hibrida\/","url":"https:\/\/novaorg.cofb.net\/2021\/06\/02\/el-cof-de-barcelona-clausura-la-xvi-edicio-del-master-de-gestio-de-loficina-de-farmacia-i-anuncia-que-la-proxima-edicio-sera-en-modalitat-hibrida\/","name":"El COF de Barcelona clausura la XVI edici\u00f3 del M\u00e0ster de Gesti\u00f3 de l'Oficina de Farm\u00e0cia i anuncia que la pr\u00f2xima edici\u00f3 ser\u00e0 en modalitat h\u00edbrida - Col\u00b7legi de Farmac\u00e8utics de Barcelona","isPartOf":{"@id":"https:\/\/www.cofb.org\/#website"},"datePublished":"2021-06-02T17:10:00+00:00","dateModified":"2021-06-02T17:10:00+00:00","breadcrumb":{"@id":"https:\/\/novaorg.cofb.net\/2021\/06\/02\/el-cof-de-barcelona-clausura-la-xvi-edicio-del-master-de-gestio-de-loficina-de-farmacia-i-anuncia-que-la-proxima-edicio-sera-en-modalitat-hibrida\/#breadcrumb"},"inLanguage":"es","potentialAction":[{"@type":"ReadAction","target":["https:\/\/novaorg.cofb.net\/2021\/06\/02\/el-cof-de-barcelona-clausura-la-xvi-edicio-del-master-de-gestio-de-loficina-de-farmacia-i-anuncia-que-la-proxima-edicio-sera-en-modalitat-hibrida\/"]}]},{"@type":"BreadcrumbList","@id":"https:\/\/novaorg.cofb.net\/2021\/06\/02\/el-cof-de-barcelona-clausura-la-xvi-edicio-del-master-de-gestio-de-loficina-de-farmacia-i-anuncia-que-la-proxima-edicio-sera-en-modalitat-hibrida\/#breadcrumb","itemListElement":[{"@type":"ListItem","position":1,"name":"Inici","item":"https:\/\/novaorg.cofb.net\/"},{"@type":"ListItem","position":2,"name":"El COF de Barcelona clausura la XVI edici\u00f3 del M\u00e0ster de Gesti\u00f3 de l&#8217;Oficina de Farm\u00e0cia i anuncia que la pr\u00f2xima edici\u00f3 ser\u00e0 en modalitat h\u00edbrida"}]},{"@type":"WebSite","@id":"https:\/\/www.cofb.org\/#website","url":"https:\/\/www.cofb.org\/","name":"Col\u00b7legi de Farmac\u00e8utics de Barcelona","description":"","publisher":{"@id":"https:\/\/www.cofb.org\/#organization"},"potentialAction":[{"@type":"SearchAction","target":{"@type":"EntryPoint","urlTemplate":"https:\/\/www.cofb.org\/?s={search_term_string}"},"query-input":"required name=search_term_string"}],"inLanguage":"es"},{"@type":"Organization","@id":"https:\/\/www.cofb.org\/#organization","name":"Col\u00b7legi de Farmac\u00e8utics de Barcelona","url":"https:\/\/www.cofb.org\/","logo":{"@type":"ImageObject","inLanguage":"es","@id":"https:\/\/www.cofb.org\/#\/schema\/logo\/image\/","url":"https:\/\/www.cofb.org\/wp-content\/uploads\/2023\/11\/cropped-Logotip-COFB.png","contentUrl":"https:\/\/www.cofb.org\/wp-content\/uploads\/2023\/11\/cropped-Logotip-COFB.png","width":500,"height":105,"caption":"Col\u00b7legi de Farmac\u00e8utics de Barcelona"},"image":{"@id":"https:\/\/www.cofb.org\/#\/schema\/logo\/image\/"},"sameAs":["https:\/\/www.facebook.com\/farmaceuticsbcn\/","https:\/\/twitter.com\/farmaceuticsbcn","https:\/\/www.instagram.com\/farmaceuticsbcn\/","https:\/\/www.linkedin.com\/company\/farmaceuticsbcn\/"]},{"@type":"Person","@id":"https:\/\/www.cofb.org\/#\/schema\/person\/22ed7eea88da74b0fa4d3154ad87ffcb","name":"wpAdminCofbOrg","image":{"@type":"ImageObject","inLanguage":"es","@id":"https:\/\/www.cofb.org\/#\/schema\/person\/image\/","url":"https:\/\/secure.gravatar.com\/avatar\/1721b20b3b8ca882c3b56ec6c978c594fff670e40c0718e9190eaeeb76aae7d8?s=96&d=mm&r=g","contentUrl":"https:\/\/secure.gravatar.com\/avatar\/1721b20b3b8ca882c3b56ec6c978c594fff670e40c0718e9190eaeeb76aae7d8?s=96&d=mm&r=g","caption":"wpAdminCofbOrg"},"sameAs":["http:\/\/192.168.64.122\/wordpress"],"url":"https:\/\/www.cofb.org\/es\/author\/wpadmincofborg\/"}]}},"uagb_featured_image_src":{"full":false,"thumbnail":false,"medium":false,"medium_large":false,"large":false,"1536x1536":false,"2048x2048":false,"trp-custom-language-flag":false},"uagb_author_info":{"display_name":"wpAdminCofbOrg","author_link":"https:\/\/www.cofb.org\/es\/author\/wpadmincofborg\/"},"uagb_comment_info":0,"uagb_excerpt":"\u00a0 Els alumnes que l&#8217;han cursat fan una valoraci\u00f3 global positiva, destacant, entre altres aspectes, la import\u00e0ncia d&#8217;adquirir estrat\u00e8gies i eines per a poder implementar-les a l&#8217;equip de la farm\u00e0cia i adaptar-se al m\u00f3n actual \u00a0 La pr\u00f2xima edici\u00f3, corresponent al curs 2021-2022, s&#8217;impartir\u00e0 en format h\u00edbrid -presencial i en [&hellip;]","_links":{"self":[{"href":"https:\/\/www.cofb.org\/es\/wp-json\/wp\/v2\/posts\/77065","targetHints":{"allow":["GET"]}}],"collection":[{"href":"https:\/\/www.cofb.org\/es\/wp-json\/wp\/v2\/posts"}],"about":[{"href":"https:\/\/www.cofb.org\/es\/wp-json\/wp\/v2\/types\/post"}],"author":[{"embeddable":true,"href":"https:\/\/www.cofb.org\/es\/wp-json\/wp\/v2\/users\/1"}],"replies":[{"embeddable":true,"href":"https:\/\/www.cofb.org\/es\/wp-json\/wp\/v2\/comments?post=77065"}],"version-history":[{"count":0,"href":"https:\/\/www.cofb.org\/es\/wp-json\/wp\/v2\/posts\/77065\/revisions"}],"wp:attachment":[{"href":"https:\/\/www.cofb.org\/es\/wp-json\/wp\/v2\/media?parent=77065"}],"wp:term":[{"taxonomy":"category","embeddable":true,"href":"https:\/\/www.cofb.org\/es\/wp-json\/wp\/v2\/categories?post=77065"},{"taxonomy":"post_tag","embeddable":true,"href":"https:\/\/www.cofb.org\/es\/wp-json\/wp\/v2\/tags?post=77065"}],"curies":[{"name":"wp","href":"https:\/\/api.w.org\/{rel}","templated":true}]}}