{"id":77062,"date":"2021-06-15T16:24:00","date_gmt":"2021-06-15T16:24:00","guid":{"rendered":"https:\/\/novaorg.cofb.net\/2021\/06\/15\/josep-maria-argimon-conseller-de-salut-los-farmaceuticos-habeis-actuado-como-lo-que-sois-agentes-de-salud-y-es-importante-reconocerlo-y-agradecerlo\/"},"modified":"2021-06-15T16:24:00","modified_gmt":"2021-06-15T16:24:00","slug":"josep-maria-argimon-conseller-de-salut-los-farmaceuticos-habeis-actuado-como-lo-que-sois-agentes-de-salud-y-es-importante-reconocerlo-y-agradecerlo","status":"publish","type":"post","link":"https:\/\/www.cofb.org\/es\/2021\/06\/15\/josep-maria-argimon-conseller-de-salut-los-farmaceuticos-habeis-actuado-como-lo-que-sois-agentes-de-salud-y-es-importante-reconocerlo-y-agradecerlo\/","title":{"rendered":"Josep Maria Argimon, consejero de Salud: \u201cLos farmac\u00e9uticos he actuado como lo que sois, agentes de salud, y es importante reconocerlo y agracerlo\u201d"},"content":{"rendered":"<p>\u00a0<\/p>\n<p><strong>Son palabras de Josep Maria Argimon, consejero de Salud de la Generalidad de Catalu\u00f1a, durante la inauguraci\u00f3n de Infarma Virtual 2021\u00a0<\/strong><\/p>\n<p><strong>Por su parte, el consejero de Sanidad en funciones de la Comunidad de Madrid, Enrique Ruiz Escudero, ha asegurado que &quot;la nueva realidad de la farmacia ha venido para quedarse&quot; y que &quot;el escenario legislativo y administrativo tiene que avanzar como lo ha hecho la farmacia madrile\u00f1a\u201d<\/strong><\/p>\n<p><strong>Infarma Virtual 2021 ha arrancado hoy con una mesa redonda donde se ha analizado el valor asistencial a\u00f1adido por los farmac\u00e9uticos durante la pandemia<\/strong><\/p>\n<p><strong><em>Madrid\/Barcelona, 15 de junio<\/em><\/strong>. Agradecimiento, orgullo y reconocimiento por lo mucho aportado por los farmac\u00e9uticos durante la pandemia son algunos de los mensajes en los que han coincidido tanto los consejeros de Sanidad de Madrid y Catalu\u00f1a como los presidentes de los colegios farmac\u00e9uticos de Barcelona y Madrid al inaugurar Infarma Virtual 2021, el encuentro profesional anual de referencia de la Farmacia.\u00a0<\/p>\n<p>El consejero de Salud de la Generalidad de Catalu\u00f1a, <strong>Josep Maria Argimon Pall\u00e0s<\/strong>, ha subrayado que &quot;las farmacias han sido abiertas y disponibles para los ciudadanos, no s\u00f3lo dispensando medicamentos, sino prestando consejo, atenci\u00f3n e informaci\u00f3n a la ciudadan\u00eda&quot;. Durante su intervenci\u00f3n, el consejero catal\u00e1n tambi\u00e9n ha reconocido el papel sanitario desempe\u00f1ado por los farmac\u00e9uticos en la pandemia y su contribuci\u00f3n al evitar desplazamientos de la poblaci\u00f3n a los centros de Atenci\u00f3n Primaria o descargar de trabajo a otros profesionales del sistema de salud. \u201cHab\u00e9is contribuido a acostar la medicaci\u00f3n a los pacientes m\u00e1s fr\u00e1giles, hab\u00e9is participado en la entrega de mascarillas y hab\u00e9is acercado la medicaci\u00f3n hospitalaria a todos los pacientes que lo requer\u00edan; hab\u00e9is ayudado a detectar situaciones de vulnerabilidad y de necesidad de servicios sociales e incluso detectar situaciones de maltrato que la pandemia ha exacerbado hasta l\u00edmites insostenibles\u201d, ha a\u00f1adido.\u00a0<\/p>\n<p>Por \u00faltimo, ha resaltado que &quot;los farmac\u00e9uticos he actuado como lo que sois, agentes de salud, y es importante reconocerlo y agracerlo como lo est\u00e1n haciendo la ciudadan\u00eda y la Conselleria de Salud&quot;.<\/p>\n<p>Por su parte, el consejero de Sanidad en funciones de la Comunidad de Madrid, <strong>Enrique Ruiz Escudero<\/strong>, se ha referido a la oportunidad que supone el Congreso de abordar la respuesta profesional de la farmacia y &quot;la nueva realidad del sector que ha traicionado la pandemia&quot;. Adem\u00e1s de agradecer a los farmac\u00e9uticos &quot;por estar en primera l\u00ednea, sin cerrar ni un solo d\u00eda&quot;, tambi\u00e9n ha destacado la ayuda que los farmac\u00e9uticos han prestado en el reparto de mascarillas, en la realizaci\u00f3n de test de ant\u00edgenos, en la campa\u00f1a de vacunaci\u00f3n al gremio de farmac\u00e9uticos y &quot;por estar al lado de los m\u00e1s vulnerables como el reparto de medicamentos a domicilio, que tendremos que recoger en la futura Ley de Farmacia&quot;, ha resaltado.\u00a0<\/p>\n<p>Para Ruiz Escudero \u201cesta realidad de la farmacia ha venido para quedarse y el escenario legislativo y administrativo tiene que avanzar al igual que lo ha hecho la farmacia madrile\u00f1a y catalana\u201d. Ha concluido su intervenci\u00f3n agradeciendo su trabajo a los farmac\u00e9uticos y se\u00f1alando que &quot;ha quedado claro que son aliados estrat\u00e9gicos y van a continuar en esa labor que seguiremos mejorando de cara al futuro&quot;.<\/p>\n<p><span><strong>Primera Mesa Redonda: El valor asistencial a\u00f1adido de los farmac\u00e9uticos en \u00e9poca de pandemia<\/strong><\/span><\/p>\n<p>Tras las intervenciones de los consejeros, se ha celebrado la primera mesa redonda del Congreso, donde se ha analizado el valor asistencial aportado por los farmac\u00e9uticos durante la pandemia, tanto en el entorno rural como urbano. Los ponentes han incidido en la necesidad de una legislaci\u00f3n que ampare la actuaci\u00f3n profesional desarrollada durante esta crisis sanitaria, en situaciones como la detecci\u00f3n de personas vulnerables o la atenci\u00f3n farmac\u00e9utica domiciliaria, como ha destacado <strong>\u00d3scar L\u00f3pez Moreno<\/strong>, moderador de este primer encuentro y vocal de Oficina de Farmacia del COFM.<\/p>\n<p><strong>Bego\u00f1a Gonz\u00e1lez Paramio<\/strong>, farmac\u00e9utica titular de oficina de farmacia en Figueruela de Arriba (Zamora), ha reivindicado la labor sociosanitaria de la farmacia rural y el d\u00eda a d\u00eda de unos profesionales que desempe\u00f1an un servicio sanitario esencial para los habitantes de miles de municipios en Espa\u00f1a. De las 22.000 farmacias abiertas en toda Espa\u00f1a, 5.339 farmacias est\u00e1n ubicadas en municipios rurales. De ellas, 2.128 oficinas se encuentran en municipios con poblaci\u00f3n inferior a 1.000 habitantes y 1.208 en municipios de menos de 500 habitantes.\u00a0<\/p>\n<p>Entre otros resultados, esta farmac\u00e9utica ha conseguido que ning\u00fan paciente del municipio dejara su medicaci\u00f3n a trav\u00e9s del seguimiento profesional, la renovaci\u00f3n autom\u00e1tica de tratamientos o la entrega y revisi\u00f3n de la medicaci\u00f3n a domicilio, adem\u00e1s de prestar una labor psicol\u00f3gica y tambi\u00e9n de salud p\u00fablica al atender todo tipo de situaciones personales e informar sobre el uso correcto de mascarillas y el lavado de manos. Poder conciliar, un sueldo digno, trabajar en equipo con m\u00e9dicos y enfermeros o legislar la dispensaci\u00f3n de medicamentos a domicilio son algunas de las demandas expuestas por esta farmac\u00e9utica.\u00a0<\/p>\n<p>Por su parte, <strong>Olivia Mart\u00ednez Monge<\/strong>, vicepresidenta segunda de la Sociedad Espa\u00f1ola de Farmacia Rural (SEFAR), ha contado su experiencia como farmac\u00e9utica titular en Sotoba\u00f1ado y Priorato (Palencia) para poner en valor una farmacia rural que se ha visto obligada a invertir en equipos y materiales de protecci\u00f3n para seguir prestando un servicio esencial a la poblaci\u00f3n. En su opini\u00f3n, \u201cla farmacia rural ha sabido reaccionar de forma r\u00e1pida ante la crisis y proteger a los pacientes, garantizando su atenci\u00f3n farmac\u00e9utica como \u00fanico profesional sanitario disponible en el municipio\u201d.\u00a0<\/p>\n<p>Asimismo, considera que ha existido una demanda de servicios profesionales que necesitan un encaje legal: &quot;La labor en los pueblos va m\u00e1s all\u00e1 de la dispensaci\u00f3n y necesitamos un marco legislativo para seguir ejerciendo nuestra labor&quot;. Tambi\u00e9n ha recordado que la farmacia rural se convirti\u00f3 &quot;en un centro de comunicaci\u00f3n para los ciudadanos durante la pandemia&quot; y que sus profesionales han contribuido a reducir la brecha digital a muchas personas mayores en la petici\u00f3n de citas, consultas m\u00e9dicas o sacar informes.\u00a0<\/p>\n<p><strong>Antonio Bres\u00f3 Marfil<\/strong>, farmac\u00e9utico de oficina de farmacia de M\u00f3stoles, se ha referido a la situaci\u00f3n de los centros de salud y los hospitales durante una pandemia que &quot;ha desbordado todas las previsiones de trabajo asistencial en los centros sanitarios&quot;. En este sentido, la labor del farmac\u00e9utico ha permitido reducir la presi\u00f3n asistencial al tratar s\u00edntomas menores, hacer triaje y derivar los casos m\u00e1s graves, buscando soluciones sin receta o al establecer canales de comunicaci\u00f3n y l\u00edneas de atenci\u00f3n preferente con los centros de salud . &quot;Hemos solicitado citas de pacientes, regularizado la medicaci\u00f3n o pedido ambulancias&quot;, ha recordado para subrayar, a continuaci\u00f3n, que los farmac\u00e9uticos &quot;hemos demostrado ser los profesionales sanitarios m\u00e1s cercanos y accesibles al ciudadano&quot;.<\/p>\n<p>\u201cComo empresarios, hemos tenido que adaptar las farmacias para hacerlas seguras para la poblaci\u00f3n y no cerrar. Nos hemos convertido en mayoristas buscando equipos de protecci\u00f3n individual y compartiendo todo el material disponible\u201d, ha explicado, para finalizar su intervenci\u00f3n se\u00f1alando que \u201cpor profesionalidad, compromiso y convicci\u00f3n hemos dado un paso adelante todos para colaborar en esta pandemia aportando un gran valor a\u00f1adido \u201d.\u00a0<\/p>\n<p>Por \u00faltimo, <strong>Nuria Jim\u00e9nez Olivas<\/strong>, especialista en Medicina Familiar y Comunitaria en Centro de Salud Daroca en Madrid, ha compartido la experiencia de Daroca Farmacias, un proyecto de colaboraci\u00f3n entre m\u00e9dicos, enfermeros y farmac\u00e9uticos en un \u00e1rea de salud de la capital madrile\u00f1a que atiende a 54.000 personas y que cuenta con 100 profesionales sanitarios y 37 oficinas de farmacia.\u00a0<\/p>\n<p>\u201cLas farmacias han sido el punto m\u00e1s cercano para los pacientes; han sido tambi\u00e9n un aparador para difundir medidas de higiene y de protecci\u00f3n o c\u00f3mo funcionaba la atenci\u00f3n del centro de salud; los farmac\u00e9uticos han participado en sesiones cl\u00ednicas monogr\u00e1ficas sobre coronavirus que retransmit\u00edamos por zoom; han hecho muchos repartos a domicilio, una media de 100 medicamentos al d\u00eda; han detectado a personas en situaciones vulnerables o con patolog\u00edas agudas que informaban a los centros de salud; han reforzado el seguimiento de pacientes cr\u00f3nicos, como la diabetes\u201d, ha destacado la doctora Nuria Jim\u00e9nez. Esta especialista ha puesto \u00e9nfasis en la informaci\u00f3n que se transmita a la poblaci\u00f3n, donde \u201clos consejos deben ser comunes a todas las farmacias y profesionales\u201d, y la comunicaci\u00f3n entre profesionales para conseguir objetivos en salud: \u201cLa clave es la comunicaci\u00f3n, hay que conocer c\u00f3mo trabaja el otro y debe estar protegida, ser legal y eficaz para poder ser as\u00ed m\u00e1s \u00fatiles en la comunidad\u201d.\u00a0<\/p>\n<p>\u00a0Son palabras de Josep Maria Argimon, consejero de Salud de la Generalidad de Catalu\u00f1a, durante la inauguraci\u00f3n de Infarma Virtual 2021\u00a0<\/p>\n<p>Por su parte, el consejero de Sanidad en funciones de la Comunidad de Madrid, Enrique Ruiz Escudero, ha asegurado que &quot;la nueva realidad de la farmacia ha venido para quedarse&quot; y que &quot;el escenario legislativo y administrativo tiene que avanzar como lo ha hecho la farmacia madrile\u00f1a\u201d<\/p>\n<p>Infarma Virtual 2021 ha arrancado hoy con una mesa redonda donde se ha analizado el valor asistencial a\u00f1adido por los farmac\u00e9uticos durante la pandemia<\/p>\n<p>Madrid\/Barcelona, 15 de junio. Agradecimiento, orgullo y reconocimiento por lo mucho aportado por los farmac\u00e9uticos durante la pandemia son algunos de los mensajes en los que han coincidido tanto los consejeros de Sanidad de Madrid y Catalu\u00f1a como los presidentes de los colegios farmac\u00e9uticos de Barcelona y Madrid al inaugurar Infarma Virtual 2021, el encuentro profesional anual de referencia de la Farmacia.\u00a0<\/p>\n<p>El consejero de Salud de la Generalidad de Catalu\u00f1a, Josep Maria Argimon Pall\u00e0s, ha subrayado que &quot;las farmacias han sido abiertas y disponibles para los ciudadanos, no s\u00f3lo dispensando medicamentos, sino prestando consejo, atenci\u00f3n e informaci\u00f3n a la ciudadan\u00eda&quot;. Durante su intervenci\u00f3n, el consejero catal\u00e1n tambi\u00e9n ha reconocido el papel sanitario desempe\u00f1ado por los farmac\u00e9uticos en la pandemia y su contribuci\u00f3n al evitar desplazamientos de la poblaci\u00f3n a los centros de Atenci\u00f3n Primaria o descargar de trabajo a otros profesionales del sistema de salud. \u201cHab\u00e9is contribuido a acostar la medicaci\u00f3n a los pacientes m\u00e1s fr\u00e1giles, hab\u00e9is participado en la entrega de mascarillas y hab\u00e9is acercado la medicaci\u00f3n hospitalaria a todos los pacientes que lo requer\u00edan; hab\u00e9is ayudado a detectar situaciones de vulnerabilidad y de necesidad de servicios sociales e incluso detectar situaciones de maltrato que la pandemia ha exacerbado hasta l\u00edmites insostenibles\u201d, ha a\u00f1adido.\u00a0<\/p>\n<p>Por \u00faltimo, ha resaltado que &quot;los farmac\u00e9uticos he actuado como lo que sois, agentes de salud, y es importante reconocerlo y agracerlo como lo est\u00e1n haciendo la ciudadan\u00eda y la Conselleria de Salud&quot;.<\/p>\n<p>Por su parte, el consejero de Sanidad en funciones de la Comunidad de Madrid, Enrique Ruiz Escudero, se ha referido a la oportunidad que supone el Congreso de abordar la respuesta profesional de la farmacia y \u201cla nueva realidad del sector que ha traicionado la pandemia \u201d. Adem\u00e1s de agradecer a los farmac\u00e9uticos &quot;por estar en primera l\u00ednea, sin cerrar ni un solo d\u00eda&quot;, tambi\u00e9n ha destacado la ayuda que los farmac\u00e9uticos han prestado en el reparto de mascarillas, en la realizaci\u00f3n de test de ant\u00edgenos, en la campa\u00f1a de vacunaci\u00f3n al gremio de farmac\u00e9uticos y &quot;por estar al lado de los m\u00e1s vulnerables como el reparto de medicamentos a domicilio, que tendremos que recoger en la futura Ley de Farmacia&quot;, ha resaltado.\u00a0<\/p>\n<p>Para Ruiz Escudero \u201cesta realidad de la farmacia ha venido para quedarse y el escenario legislativo y administrativo tiene que avanzar al igual que lo ha hecho la farmacia madrile\u00f1a y catalana\u201d. Ha concluido su intervenci\u00f3n agradeciendo su trabajo a los farmac\u00e9uticos y se\u00f1alando que &quot;ha quedado claro que son aliados estrat\u00e9gicos y van a continuar en esa labor que seguiremos mejorando de cara al futuro&quot;.<\/p>\n<p>Primera Mesa Redonda: El valor asistencial a\u00f1adido de los farmac\u00e9uticos en \u00e9poca de pandemia<\/p>\n<p>Tras las intervenciones de los consejeros, se ha celebrado la primera mesa redonda del Congreso, donde se ha analizado el valor asistencial aportado por los farmac\u00e9uticos durante la pandemia, tanto en el entorno rural como urbano. Los ponentes han incidido en la necesidad de una legislaci\u00f3n que ampare la actuaci\u00f3n profesional desarrollada durante esta crisis sanitaria, en situaciones como la detecci\u00f3n de personas vulnerables o la atenci\u00f3n farmac\u00e9utica domiciliaria, como ha destacado \u00d3scar L\u00f3pez Moreno, moderador de este primer encuentro y vocal de Oficina de Farmacia del COFM.<\/p>\n<p>Bego\u00f1a Gonz\u00e1lez Paramio, farmac\u00e9utica titular de oficina de farmacia en Figueruela de Arriba (Zamora), ha reivindicado la labor sociosanitaria de la farmacia rural y el d\u00eda a d\u00eda de unos profesionales que desempe\u00f1an un servicio sanitario esencial para los habitantes de miles de municipios en Espa\u00f1a . De las 22.000 farmacias abiertas en toda Espa\u00f1a, 5.339 farmacias est\u00e1n ubicadas en municipios rurales. De ellas, 2.128 oficinas se encuentran en municipios con poblaci\u00f3n inferior a 1.000 habitantes y 1.208 en municipios de menos de 500 habitantes.\u00a0<\/p>\n<p>Entre otros resultados, esta farmac\u00e9utica ha conseguido que ning\u00fan paciente del municipio dejara su medicaci\u00f3n a trav\u00e9s del seguimiento profesional, la renovaci\u00f3n autom\u00e1tica de tratamientos o la entrega y revisi\u00f3n de la medicaci\u00f3n a domicilio, adem\u00e1s de prestar una labor psicol\u00f3gica y tambi\u00e9n de salud p\u00fablica al atender todo tipo de situaciones personales e informar sobre el uso correcto de mascarillas y el lavado de manos. Poder conciliar, un sueldo digno, trabajar en equipo con m\u00e9dicos y enfermeros o legislar la dispensaci\u00f3n de medicamentos a domicilio son algunas de las demandas expuestas por esta farmac\u00e9utica.\u00a0<\/p>\n<p>Por su parte, Olivia Mart\u00ednez Monge, vicepresidenta segunda de la Sociedad Espa\u00f1ola de Farmacia Rural (SEFAR), ha contado su experiencia como farmac\u00e9utica titular en Sotoba\u00f1ado y Priorato (Palencia) para poner en valor una farmacia rural que se ha visto obligada a invertir en equipos y materiales de protecci\u00f3n para seguir prestando un servicio esencial a la poblaci\u00f3n. En su opini\u00f3n, \u201cla farmacia rural ha sabido reaccionar de forma r\u00e1pida ante la crisis y proteger a los pacientes, garantizando su atenci\u00f3n farmac\u00e9utica como \u00fanico profesional sanitario disponible en el municipio\u201d.\u00a0<\/p>\n<p>Asimismo, considera que ha existido una demanda de servicios profesionales que necesitan un encaje legal: &quot;La labor en los pueblos va m\u00e1s all\u00e1 de la dispensaci\u00f3n y necesitamos un marco legislativo para seguir ejerciendo nuestra labor&quot;. Tambi\u00e9n ha recordado que la farmacia rural se convirti\u00f3 &quot;en un centro de comunicaci\u00f3n para los ciudadanos durante la pandemia&quot; y que sus profesionales han contribuido a reducir la brecha digital a muchas personas mayores en la petici\u00f3n de citas, consultas m\u00e9dicas o sacar informes.\u00a0<\/p>\n<p>Antonio Bres\u00f3 Marfil, farmac\u00e9utico de oficina de farmacia de M\u00f3stoles, se ha referido a la situaci\u00f3n de los centros de salud y los hospitales durante una pandemia que &quot;ha desbordado todas las previsiones de trabajo asistencial en los centros sanitarios&quot;. En este sentido, la labor del farmac\u00e9utico ha permitido reducir la presi\u00f3n asistencial al tratar s\u00edntomas menores, hacer triaje y derivar los casos m\u00e1s graves, buscando soluciones sin receta o al establecer canales de comunicaci\u00f3n y l\u00edneas de atenci\u00f3n preferente con los centros de salud . &quot;Hemos solicitado citas de pacientes, regularizado la medicaci\u00f3n o pedido ambulancias&quot;, ha recordado para subrayar, a continuaci\u00f3n, que los farmac\u00e9uticos &quot;hemos demostrado ser los profesionales sanitarios m\u00e1s cercanos y accesibles al ciudadano&quot;.<\/p>\n<p>\u201cComo empresarios, hemos tenido que adaptar las farmacias para hacerlas seguras para la poblaci\u00f3n y no cerrar. Nos hemos convertido en mayoristas buscando equipos de protecci\u00f3n individual y compartiendo todo el material disponible\u201d, ha explicado, para finalizar su intervenci\u00f3n se\u00f1alando que \u201cpor profesionalidad, compromiso y convicci\u00f3n hemos dado un paso adelante todos para colaborar en esta pandemia aportando un gran valor a\u00f1adido \u201d.\u00a0<\/p>\n<p>Por \u00faltimo, Nuria Jim\u00e9nez Olivas, especialista en Medicina Familiar y Comunitaria en Centro de Salud Daroca en Madrid, ha compartido la experiencia de Daroca Farmacias, un proyecto de colaboraci\u00f3n entre m\u00e9dicos, enfermeros y farmac\u00e9uticos en un \u00e1rea de salud de la capital madrile\u00f1a que atiende a 54.000 personas y que cuenta con 100 profesionales sanitarios y 37 oficinas de farmacia.\u00a0<\/p>\n<p>\u201cLas farmacias han sido el punto m\u00e1s cercano para los pacientes; han sido tambi\u00e9n un aparador para difundir medidas de higiene y de protecci\u00f3n o c\u00f3mo funcionaba la atenci\u00f3n del centro de salud; los farmac\u00e9uticos han participado en sesiones cl\u00ednicas monogr\u00e1ficas sobre coronavirus que retransmit\u00edamos por zoom; han hecho muchos repartos a domicilio, una media de 100 medicamentos al d\u00eda; han detectado a personas en situaciones vulnerables o con patolog\u00edas agudas que informaban a los centros de salud; han reforzado el seguimiento de pacientes cr\u00f3nicos, como la diabetes\u201d, ha destacado la doctora Nuria Jim\u00e9nez. Esta especialista ha puesto \u00e9nfasis en la informaci\u00f3n que se transmita a la poblaci\u00f3n, donde \u201clos consejos deben ser comunes a todas las farmacias y profesionales\u201d, y la comunicaci\u00f3n entre profesionales para conseguir objetivos en salud: \u201cLa clave es la comunicaci\u00f3n, hay que conocer c\u00f3mo trabaja el otro y debe estar protegida, ser legal y eficaz para poder ser as\u00ed m\u00e1s \u00fatiles en la comunidad\u201d.   COFB.ORG<\/p>","protected":false},"excerpt":{"rendered":"<p>\u00a0 Son palabras de Jos\u00e9 Mar\u00eda Argimon, consejero de Salud de la Generalidad de Catalu\u00f1a, durante la inauguraci\u00f3n de Infarma Virtual 2021 Por su parte, el consejero de Sanidad en funciones de la Comunidad de Madrid, Enrique Ruiz Escudero, ha asegurado que \u201cla nueva realidad de la farmacia ha venido [\u2026]<\/p>","protected":false},"author":1,"featured_media":0,"comment_status":"","ping_status":"","sticky":false,"template":"","format":"standard","meta":{"_uag_custom_page_level_css":"","site-sidebar-layout":"default","site-content-layout":"","ast-site-content-layout":"default","site-content-style":"default","site-sidebar-style":"default","ast-global-header-display":"","ast-banner-title-visibility":"","ast-main-header-display":"","ast-hfb-above-header-display":"","ast-hfb-below-header-display":"","ast-hfb-mobile-header-display":"","site-post-title":"","ast-breadcrumbs-content":"","ast-featured-img":"disabled","footer-sml-layout":"","theme-transparent-header-meta":"","adv-header-id-meta":"","stick-header-meta":"","header-above-stick-meta":"","header-main-stick-meta":"","header-below-stick-meta":"","astra-migrate-meta-layouts":"default","ast-page-background-enabled":"default","ast-page-background-meta":{"desktop":{"background-color":"var(--ast-global-color-4)","background-image":"","background-repeat":"repeat","background-position":"center center","background-size":"auto","background-attachment":"scroll","background-type":"","background-media":"","overlay-type":"","overlay-color":"","overlay-opacity":"","overlay-gradient":""},"tablet":{"background-color":"","background-image":"","background-repeat":"repeat","background-position":"center center","background-size":"auto","background-attachment":"scroll","background-type":"","background-media":"","overlay-type":"","overlay-color":"","overlay-opacity":"","overlay-gradient":""},"mobile":{"background-color":"","background-image":"","background-repeat":"repeat","background-position":"center center","background-size":"auto","background-attachment":"scroll","background-type":"","background-media":"","overlay-type":"","overlay-color":"","overlay-opacity":"","overlay-gradient":""}},"ast-content-background-meta":{"desktop":{"background-color":"var(--ast-global-color-5)","background-image":"","background-repeat":"repeat","background-position":"center center","background-size":"auto","background-attachment":"scroll","background-type":"","background-media":"","overlay-type":"","overlay-color":"","overlay-opacity":"","overlay-gradient":""},"tablet":{"background-color":"var(--ast-global-color-5)","background-image":"","background-repeat":"repeat","background-position":"center center","background-size":"auto","background-attachment":"scroll","background-type":"","background-media":"","overlay-type":"","overlay-color":"","overlay-opacity":"","overlay-gradient":""},"mobile":{"background-color":"var(--ast-global-color-5)","background-image":"","background-repeat":"repeat","background-position":"center center","background-size":"auto","background-attachment":"scroll","background-type":"","background-media":"","overlay-type":"","overlay-color":"","overlay-opacity":"","overlay-gradient":""}},"footnotes":""},"categories":[1060,1066],"tags":[],"class_list":["post-77062","post","type-post","status-publish","format-standard","hentry","category-notes-premsa","category-sense-categoria-ca"],"yoast_head":"<!-- This site is optimized with the Yoast SEO plugin v22.4 - https:\/\/yoast.com\/wordpress\/plugins\/seo\/ -->\n<title>Josep Maria Argimon, conseller de Salut: \u201cLos farmac\u00e9uticos hab\u00e9is actuado como lo que sois, agentes de salud, y es importante reconocerlo y agradecerlo\u201d - Col\u00b7legi de Farmac\u00e8utics de Barcelona<\/title>\n<meta name=\"robots\" content=\"index, follow, max-snippet:-1, max-image-preview:large, max-video-preview:-1\" \/>\n<link rel=\"canonical\" href=\"https:\/\/novaorg.cofb.net\/2021\/06\/15\/josep-maria-argimon-conseller-de-salut-los-farmaceuticos-habeis-actuado-como-lo-que-sois-agentes-de-salud-y-es-importante-reconocerlo-y-agradecerlo\/\" \/>\n<meta property=\"og:locale\" content=\"es_ES\" \/>\n<meta property=\"og:type\" content=\"article\" \/>\n<meta property=\"og:title\" content=\"Josep Maria Argimon, conseller de Salut: \u201cLos farmac\u00e9uticos hab\u00e9is actuado como lo que sois, agentes de salud, y es importante reconocerlo y agradecerlo\u201d - Col\u00b7legi de Farmac\u00e8utics de Barcelona\" \/>\n<meta property=\"og:description\" content=\"\u00a0 Son palabras de Josep Maria Argimon, conseller de Salut de la Generalitat de Catalunya, durante la inauguraci\u00f3n de Infarma Virtual 2021\u00a0 Por su parte, el consejero de Sanidad en funciones de la Comunidad de Madrid, Enrique Ruiz Escudero, ha asegurado que \u201cla nueva realidad de la farmacia ha venido [&hellip;]\" \/>\n<meta property=\"og:url\" content=\"https:\/\/novaorg.cofb.net\/2021\/06\/15\/josep-maria-argimon-conseller-de-salut-los-farmaceuticos-habeis-actuado-como-lo-que-sois-agentes-de-salud-y-es-importante-reconocerlo-y-agradecerlo\/\" \/>\n<meta property=\"og:site_name\" content=\"Col\u00b7legi de Farmac\u00e8utics de Barcelona\" \/>\n<meta property=\"article:publisher\" content=\"https:\/\/www.facebook.com\/farmaceuticsbcn\/\" \/>\n<meta property=\"article:published_time\" content=\"2021-06-15T16:24:00+00:00\" \/>\n<meta name=\"author\" content=\"wpAdminCofbOrg\" \/>\n<meta name=\"twitter:card\" content=\"summary_large_image\" \/>\n<meta name=\"twitter:creator\" content=\"@farmaceuticsbcn\" \/>\n<meta name=\"twitter:site\" content=\"@farmaceuticsbcn\" \/>\n<meta name=\"twitter:label1\" content=\"Escrito por\" \/>\n\t<meta name=\"twitter:data1\" content=\"wpAdminCofbOrg\" \/>\n\t<meta name=\"twitter:label2\" content=\"Tiempo de lectura\" \/>\n\t<meta name=\"twitter:data2\" content=\"15 minutos\" \/>\n<script type=\"application\/ld+json\" class=\"yoast-schema-graph\">{\"@context\":\"https:\/\/schema.org\",\"@graph\":[{\"@type\":\"Article\",\"@id\":\"https:\/\/novaorg.cofb.net\/2021\/06\/15\/josep-maria-argimon-conseller-de-salut-los-farmaceuticos-habeis-actuado-como-lo-que-sois-agentes-de-salud-y-es-importante-reconocerlo-y-agradecerlo\/#article\",\"isPartOf\":{\"@id\":\"https:\/\/novaorg.cofb.net\/2021\/06\/15\/josep-maria-argimon-conseller-de-salut-los-farmaceuticos-habeis-actuado-como-lo-que-sois-agentes-de-salud-y-es-importante-reconocerlo-y-agradecerlo\/\"},\"author\":{\"name\":\"wpAdminCofbOrg\",\"@id\":\"https:\/\/www.cofb.org\/#\/schema\/person\/22ed7eea88da74b0fa4d3154ad87ffcb\"},\"headline\":\"Josep Maria Argimon, conseller de Salut: \u201cLos farmac\u00e9uticos hab\u00e9is actuado como lo que sois, agentes de salud, y es importante reconocerlo y agradecerlo\u201d\",\"datePublished\":\"2021-06-15T16:24:00+00:00\",\"dateModified\":\"2021-06-15T16:24:00+00:00\",\"mainEntityOfPage\":{\"@id\":\"https:\/\/novaorg.cofb.net\/2021\/06\/15\/josep-maria-argimon-conseller-de-salut-los-farmaceuticos-habeis-actuado-como-lo-que-sois-agentes-de-salud-y-es-importante-reconocerlo-y-agradecerlo\/\"},\"wordCount\":3033,\"publisher\":{\"@id\":\"https:\/\/www.cofb.org\/#organization\"},\"articleSection\":[\"Notes de premsa\",\"Sense categoria\"],\"inLanguage\":\"es\"},{\"@type\":\"WebPage\",\"@id\":\"https:\/\/novaorg.cofb.net\/2021\/06\/15\/josep-maria-argimon-conseller-de-salut-los-farmaceuticos-habeis-actuado-como-lo-que-sois-agentes-de-salud-y-es-importante-reconocerlo-y-agradecerlo\/\",\"url\":\"https:\/\/novaorg.cofb.net\/2021\/06\/15\/josep-maria-argimon-conseller-de-salut-los-farmaceuticos-habeis-actuado-como-lo-que-sois-agentes-de-salud-y-es-importante-reconocerlo-y-agradecerlo\/\",\"name\":\"Josep Maria Argimon, conseller de Salut: \u201cLos farmac\u00e9uticos hab\u00e9is actuado como lo que sois, agentes de salud, y es importante reconocerlo y agradecerlo\u201d - Col\u00b7legi de Farmac\u00e8utics de Barcelona\",\"isPartOf\":{\"@id\":\"https:\/\/www.cofb.org\/#website\"},\"datePublished\":\"2021-06-15T16:24:00+00:00\",\"dateModified\":\"2021-06-15T16:24:00+00:00\",\"breadcrumb\":{\"@id\":\"https:\/\/novaorg.cofb.net\/2021\/06\/15\/josep-maria-argimon-conseller-de-salut-los-farmaceuticos-habeis-actuado-como-lo-que-sois-agentes-de-salud-y-es-importante-reconocerlo-y-agradecerlo\/#breadcrumb\"},\"inLanguage\":\"es\",\"potentialAction\":[{\"@type\":\"ReadAction\",\"target\":[\"https:\/\/novaorg.cofb.net\/2021\/06\/15\/josep-maria-argimon-conseller-de-salut-los-farmaceuticos-habeis-actuado-como-lo-que-sois-agentes-de-salud-y-es-importante-reconocerlo-y-agradecerlo\/\"]}]},{\"@type\":\"BreadcrumbList\",\"@id\":\"https:\/\/novaorg.cofb.net\/2021\/06\/15\/josep-maria-argimon-conseller-de-salut-los-farmaceuticos-habeis-actuado-como-lo-que-sois-agentes-de-salud-y-es-importante-reconocerlo-y-agradecerlo\/#breadcrumb\",\"itemListElement\":[{\"@type\":\"ListItem\",\"position\":1,\"name\":\"Inici\",\"item\":\"https:\/\/novaorg.cofb.net\/\"},{\"@type\":\"ListItem\",\"position\":2,\"name\":\"Josep Maria Argimon, conseller de Salut: \u201cLos farmac\u00e9uticos hab\u00e9is actuado como lo que sois, agentes de salud, y es importante reconocerlo y agradecerlo\u201d\"}]},{\"@type\":\"WebSite\",\"@id\":\"https:\/\/www.cofb.org\/#website\",\"url\":\"https:\/\/www.cofb.org\/\",\"name\":\"Col\u00b7legi de Farmac\u00e8utics de Barcelona\",\"description\":\"\",\"publisher\":{\"@id\":\"https:\/\/www.cofb.org\/#organization\"},\"potentialAction\":[{\"@type\":\"SearchAction\",\"target\":{\"@type\":\"EntryPoint\",\"urlTemplate\":\"https:\/\/www.cofb.org\/?s={search_term_string}\"},\"query-input\":\"required name=search_term_string\"}],\"inLanguage\":\"es\"},{\"@type\":\"Organization\",\"@id\":\"https:\/\/www.cofb.org\/#organization\",\"name\":\"Col\u00b7legi de Farmac\u00e8utics de Barcelona\",\"url\":\"https:\/\/www.cofb.org\/\",\"logo\":{\"@type\":\"ImageObject\",\"inLanguage\":\"es\",\"@id\":\"https:\/\/www.cofb.org\/#\/schema\/logo\/image\/\",\"url\":\"https:\/\/www.cofb.org\/wp-content\/uploads\/2023\/11\/cropped-Logotip-COFB.png\",\"contentUrl\":\"https:\/\/www.cofb.org\/wp-content\/uploads\/2023\/11\/cropped-Logotip-COFB.png\",\"width\":500,\"height\":105,\"caption\":\"Col\u00b7legi de Farmac\u00e8utics de Barcelona\"},\"image\":{\"@id\":\"https:\/\/www.cofb.org\/#\/schema\/logo\/image\/\"},\"sameAs\":[\"https:\/\/www.facebook.com\/farmaceuticsbcn\/\",\"https:\/\/twitter.com\/farmaceuticsbcn\",\"https:\/\/www.instagram.com\/farmaceuticsbcn\/\",\"https:\/\/www.linkedin.com\/company\/farmaceuticsbcn\/\"]},{\"@type\":\"Person\",\"@id\":\"https:\/\/www.cofb.org\/#\/schema\/person\/22ed7eea88da74b0fa4d3154ad87ffcb\",\"name\":\"wpAdminCofbOrg\",\"image\":{\"@type\":\"ImageObject\",\"inLanguage\":\"es\",\"@id\":\"https:\/\/www.cofb.org\/#\/schema\/person\/image\/\",\"url\":\"https:\/\/secure.gravatar.com\/avatar\/1721b20b3b8ca882c3b56ec6c978c594fff670e40c0718e9190eaeeb76aae7d8?s=96&d=mm&r=g\",\"contentUrl\":\"https:\/\/secure.gravatar.com\/avatar\/1721b20b3b8ca882c3b56ec6c978c594fff670e40c0718e9190eaeeb76aae7d8?s=96&d=mm&r=g\",\"caption\":\"wpAdminCofbOrg\"},\"sameAs\":[\"http:\/\/192.168.64.122\/wordpress\"],\"url\":\"https:\/\/www.cofb.org\/es\/author\/wpadmincofborg\/\"}]}<\/script>\n<!-- \/ Yoast SEO plugin. -->","yoast_head_json":{"title":"Josep Maria Argimon, conseller de Salut: \u201cLos farmac\u00e9uticos hab\u00e9is actuado como lo que sois, agentes de salud, y es importante reconocerlo y agradecerlo\u201d - Col\u00b7legi de Farmac\u00e8utics de Barcelona","robots":{"index":"index","follow":"follow","max-snippet":"max-snippet:-1","max-image-preview":"max-image-preview:large","max-video-preview":"max-video-preview:-1"},"canonical":"https:\/\/novaorg.cofb.net\/2021\/06\/15\/josep-maria-argimon-conseller-de-salut-los-farmaceuticos-habeis-actuado-como-lo-que-sois-agentes-de-salud-y-es-importante-reconocerlo-y-agradecerlo\/","og_locale":"es_ES","og_type":"article","og_title":"Josep Maria Argimon, conseller de Salut: \u201cLos farmac\u00e9uticos hab\u00e9is actuado como lo que sois, agentes de salud, y es importante reconocerlo y agradecerlo\u201d - Col\u00b7legi de Farmac\u00e8utics de Barcelona","og_description":"\u00a0 Son palabras de Josep Maria Argimon, conseller de Salut de la Generalitat de Catalunya, durante la inauguraci\u00f3n de Infarma Virtual 2021\u00a0 Por su parte, el consejero de Sanidad en funciones de la Comunidad de Madrid, Enrique Ruiz Escudero, ha asegurado que \u201cla nueva realidad de la farmacia ha venido [&hellip;]","og_url":"https:\/\/novaorg.cofb.net\/2021\/06\/15\/josep-maria-argimon-conseller-de-salut-los-farmaceuticos-habeis-actuado-como-lo-que-sois-agentes-de-salud-y-es-importante-reconocerlo-y-agradecerlo\/","og_site_name":"Col\u00b7legi de Farmac\u00e8utics de Barcelona","article_publisher":"https:\/\/www.facebook.com\/farmaceuticsbcn\/","article_published_time":"2021-06-15T16:24:00+00:00","author":"wpAdminCofbOrg","twitter_card":"summary_large_image","twitter_creator":"@farmaceuticsbcn","twitter_site":"@farmaceuticsbcn","twitter_misc":{"Escrito por":"wpAdminCofbOrg","Tiempo de lectura":"15 minutos"},"schema":{"@context":"https:\/\/schema.org","@graph":[{"@type":"Article","@id":"https:\/\/novaorg.cofb.net\/2021\/06\/15\/josep-maria-argimon-conseller-de-salut-los-farmaceuticos-habeis-actuado-como-lo-que-sois-agentes-de-salud-y-es-importante-reconocerlo-y-agradecerlo\/#article","isPartOf":{"@id":"https:\/\/novaorg.cofb.net\/2021\/06\/15\/josep-maria-argimon-conseller-de-salut-los-farmaceuticos-habeis-actuado-como-lo-que-sois-agentes-de-salud-y-es-importante-reconocerlo-y-agradecerlo\/"},"author":{"name":"wpAdminCofbOrg","@id":"https:\/\/www.cofb.org\/#\/schema\/person\/22ed7eea88da74b0fa4d3154ad87ffcb"},"headline":"Josep Maria Argimon, conseller de Salut: \u201cLos farmac\u00e9uticos hab\u00e9is actuado como lo que sois, agentes de salud, y es importante reconocerlo y agradecerlo\u201d","datePublished":"2021-06-15T16:24:00+00:00","dateModified":"2021-06-15T16:24:00+00:00","mainEntityOfPage":{"@id":"https:\/\/novaorg.cofb.net\/2021\/06\/15\/josep-maria-argimon-conseller-de-salut-los-farmaceuticos-habeis-actuado-como-lo-que-sois-agentes-de-salud-y-es-importante-reconocerlo-y-agradecerlo\/"},"wordCount":3033,"publisher":{"@id":"https:\/\/www.cofb.org\/#organization"},"articleSection":["Notes de premsa","Sense categoria"],"inLanguage":"es"},{"@type":"WebPage","@id":"https:\/\/novaorg.cofb.net\/2021\/06\/15\/josep-maria-argimon-conseller-de-salut-los-farmaceuticos-habeis-actuado-como-lo-que-sois-agentes-de-salud-y-es-importante-reconocerlo-y-agradecerlo\/","url":"https:\/\/novaorg.cofb.net\/2021\/06\/15\/josep-maria-argimon-conseller-de-salut-los-farmaceuticos-habeis-actuado-como-lo-que-sois-agentes-de-salud-y-es-importante-reconocerlo-y-agradecerlo\/","name":"Josep Maria Argimon, conseller de Salut: \u201cLos farmac\u00e9uticos hab\u00e9is actuado como lo que sois, agentes de salud, y es importante reconocerlo y agradecerlo\u201d - Col\u00b7legi de Farmac\u00e8utics de Barcelona","isPartOf":{"@id":"https:\/\/www.cofb.org\/#website"},"datePublished":"2021-06-15T16:24:00+00:00","dateModified":"2021-06-15T16:24:00+00:00","breadcrumb":{"@id":"https:\/\/novaorg.cofb.net\/2021\/06\/15\/josep-maria-argimon-conseller-de-salut-los-farmaceuticos-habeis-actuado-como-lo-que-sois-agentes-de-salud-y-es-importante-reconocerlo-y-agradecerlo\/#breadcrumb"},"inLanguage":"es","potentialAction":[{"@type":"ReadAction","target":["https:\/\/novaorg.cofb.net\/2021\/06\/15\/josep-maria-argimon-conseller-de-salut-los-farmaceuticos-habeis-actuado-como-lo-que-sois-agentes-de-salud-y-es-importante-reconocerlo-y-agradecerlo\/"]}]},{"@type":"BreadcrumbList","@id":"https:\/\/novaorg.cofb.net\/2021\/06\/15\/josep-maria-argimon-conseller-de-salut-los-farmaceuticos-habeis-actuado-como-lo-que-sois-agentes-de-salud-y-es-importante-reconocerlo-y-agradecerlo\/#breadcrumb","itemListElement":[{"@type":"ListItem","position":1,"name":"Inici","item":"https:\/\/novaorg.cofb.net\/"},{"@type":"ListItem","position":2,"name":"Josep Maria Argimon, conseller de Salut: \u201cLos farmac\u00e9uticos hab\u00e9is actuado como lo que sois, agentes de salud, y es importante reconocerlo y agradecerlo\u201d"}]},{"@type":"WebSite","@id":"https:\/\/www.cofb.org\/#website","url":"https:\/\/www.cofb.org\/","name":"Col\u00b7legi de Farmac\u00e8utics de Barcelona","description":"","publisher":{"@id":"https:\/\/www.cofb.org\/#organization"},"potentialAction":[{"@type":"SearchAction","target":{"@type":"EntryPoint","urlTemplate":"https:\/\/www.cofb.org\/?s={search_term_string}"},"query-input":"required name=search_term_string"}],"inLanguage":"es"},{"@type":"Organization","@id":"https:\/\/www.cofb.org\/#organization","name":"Col\u00b7legi de Farmac\u00e8utics de Barcelona","url":"https:\/\/www.cofb.org\/","logo":{"@type":"ImageObject","inLanguage":"es","@id":"https:\/\/www.cofb.org\/#\/schema\/logo\/image\/","url":"https:\/\/www.cofb.org\/wp-content\/uploads\/2023\/11\/cropped-Logotip-COFB.png","contentUrl":"https:\/\/www.cofb.org\/wp-content\/uploads\/2023\/11\/cropped-Logotip-COFB.png","width":500,"height":105,"caption":"Col\u00b7legi de Farmac\u00e8utics de Barcelona"},"image":{"@id":"https:\/\/www.cofb.org\/#\/schema\/logo\/image\/"},"sameAs":["https:\/\/www.facebook.com\/farmaceuticsbcn\/","https:\/\/twitter.com\/farmaceuticsbcn","https:\/\/www.instagram.com\/farmaceuticsbcn\/","https:\/\/www.linkedin.com\/company\/farmaceuticsbcn\/"]},{"@type":"Person","@id":"https:\/\/www.cofb.org\/#\/schema\/person\/22ed7eea88da74b0fa4d3154ad87ffcb","name":"wpAdminCofbOrg","image":{"@type":"ImageObject","inLanguage":"es","@id":"https:\/\/www.cofb.org\/#\/schema\/person\/image\/","url":"https:\/\/secure.gravatar.com\/avatar\/1721b20b3b8ca882c3b56ec6c978c594fff670e40c0718e9190eaeeb76aae7d8?s=96&d=mm&r=g","contentUrl":"https:\/\/secure.gravatar.com\/avatar\/1721b20b3b8ca882c3b56ec6c978c594fff670e40c0718e9190eaeeb76aae7d8?s=96&d=mm&r=g","caption":"wpAdminCofbOrg"},"sameAs":["http:\/\/192.168.64.122\/wordpress"],"url":"https:\/\/www.cofb.org\/es\/author\/wpadmincofborg\/"}]}},"uagb_featured_image_src":{"full":false,"thumbnail":false,"medium":false,"medium_large":false,"large":false,"1536x1536":false,"2048x2048":false,"trp-custom-language-flag":false},"uagb_author_info":{"display_name":"wpAdminCofbOrg","author_link":"https:\/\/www.cofb.org\/es\/author\/wpadmincofborg\/"},"uagb_comment_info":0,"uagb_excerpt":"\u00a0 Son palabras de Josep Maria Argimon, conseller de Salut de la Generalitat de Catalunya, durante la inauguraci\u00f3n de Infarma Virtual 2021\u00a0 Por su parte, el consejero de Sanidad en funciones de la Comunidad de Madrid, Enrique Ruiz Escudero, ha asegurado que \u201cla nueva realidad de la farmacia ha venido [&hellip;]","_links":{"self":[{"href":"https:\/\/www.cofb.org\/es\/wp-json\/wp\/v2\/posts\/77062","targetHints":{"allow":["GET"]}}],"collection":[{"href":"https:\/\/www.cofb.org\/es\/wp-json\/wp\/v2\/posts"}],"about":[{"href":"https:\/\/www.cofb.org\/es\/wp-json\/wp\/v2\/types\/post"}],"author":[{"embeddable":true,"href":"https:\/\/www.cofb.org\/es\/wp-json\/wp\/v2\/users\/1"}],"replies":[{"embeddable":true,"href":"https:\/\/www.cofb.org\/es\/wp-json\/wp\/v2\/comments?post=77062"}],"version-history":[{"count":0,"href":"https:\/\/www.cofb.org\/es\/wp-json\/wp\/v2\/posts\/77062\/revisions"}],"wp:attachment":[{"href":"https:\/\/www.cofb.org\/es\/wp-json\/wp\/v2\/media?parent=77062"}],"wp:term":[{"taxonomy":"category","embeddable":true,"href":"https:\/\/www.cofb.org\/es\/wp-json\/wp\/v2\/categories?post=77062"},{"taxonomy":"post_tag","embeddable":true,"href":"https:\/\/www.cofb.org\/es\/wp-json\/wp\/v2\/tags?post=77062"}],"curies":[{"name":"wp","href":"https:\/\/api.w.org\/{rel}","templated":true}]}}