{"id":77059,"date":"2021-06-16T17:58:00","date_gmt":"2021-06-16T17:58:00","guid":{"rendered":"https:\/\/novaorg.cofb.net\/2021\/06\/16\/la-covid-19-no-ha-disminuido-el-numero-de-estudios-sobre-nuevos-medicamentos-sino-que-el-efecto-de-esta-enfermedad-en-el-campo-de-la-investigacion-ha-sido-aditivo\/"},"modified":"2021-06-16T17:58:00","modified_gmt":"2021-06-16T17:58:00","slug":"la-covid-19-no-ha-disminuido-el-numero-de-estudios-sobre-nuevos-medicamentos-sino-que-el-efecto-de-esta-enfermedad-en-el-campo-de-la-investigacion-ha-sido-aditivo","status":"publish","type":"post","link":"https:\/\/www.cofb.org\/es\/2021\/06\/16\/la-covid-19-no-ha-disminuido-el-numero-de-estudios-sobre-nuevos-medicamentos-sino-que-el-efecto-de-esta-enfermedad-en-el-campo-de-la-investigacion-ha-sido-aditivo\/","title":{"rendered":"La COVID-19 no ha disminuido el n\u00famero de estudios sobre nuevos medicamentos, sino que el efecto de esta enfermedad en el campo de la investigaci\u00f3n ha sido aditivo"},"content":{"rendered":"<p>\u00a0<\/p>\n<div>\u2022<span> <\/span>\u00c9sta es una de las <strong>conclusiones principales<\/strong> que ha expuesto <strong>Gonzalo Calv<\/strong>o, jefe del Servicio de Farmacolog\u00eda Cl\u00ednica y coordinador del Comit\u00e9 de Terapias Avanzadas del Hospital Cl\u00ednic, durante la ponencia de Infarma Virtual 2021 <strong>&quot;Actualizaci\u00f3n en la investigaci\u00f3n de nuevos medicamentos: m\u00e1s all\u00e1 de la COVID-19&quot;<\/strong><\/div>\n<div>\u00a0<\/div>\n<div>\u2022<span> <\/span>Por su parte,\u00a0<strong>Rafael Maldonado<\/strong>, investigador y profesor del Departamento de Ciencias Experimentales y de la Salud de la Universidad Pompeu Fabra, ha abordado los recientes avances en neurofarmacolog\u00eda, como los anticuerpos monoclonales para el tratamiento de la migra\u00f1a y la enfermedad de Alzheimer<\/div>\n<div>\u00a0<\/div>\n<div><em>Madrid\/Barcelona, 16 de junio de 2021<\/em>. \u00bfQu\u00e9 impacto ha tenido la COVID-19 en el n\u00famero de estudios realizados durante la pandemia? \u00bfQu\u00e9 medicamentos se est\u00e1n desarrollando m\u00e1s all\u00e1 de esta enfermedad? A estas y otras cuestiones ha dado respuesta la segunda ponencia de la jornada de hoy de Infarma Virtual 2021, moderada por Aina Surroca, secretar\u00eda del Colegio de Farmac\u00e9uticos de Barcelona (COFB).\u00a0<\/div>\n<div>\u00a0<\/div>\n<div>La mesa, que llevaba por t\u00edtulo <strong>&quot;Actualizaci\u00f3n en la investigaci\u00f3n de nuevos medicamentos: m\u00e1s all\u00e1 de la COVID-19&quot;<\/strong>, ha ido a cargo de <strong>Gonzalo Calvo<\/strong>, jefe del Servicio de Farmacolog\u00eda Cl\u00ednica y coordinador del Comit\u00e9 de Terapias Avanzadas del Hospital Cl\u00ednic, y <strong>Rafael Maldonado<\/strong>, investigador y profesor del Departamento de Ciencias Experimentales y de la Salud de la Universidad Pompeu Fabra.<\/div>\n<div>\u00a0<\/div>\n<div>\n<p>Al comienzo de la <strong>ponencia<\/strong>, Surroca ha destacado que \u201cla <strong>comunidad cient\u00edfica<\/strong> lleva m\u00e1s de un a\u00f1o con un <strong>gran esfuerzo para desarrollar vacunas y tratamientos<\/strong>, pero consideramos que no todo es COVID-19. Desde el Comit\u00e9 Cient\u00edfico de Infarma quisimos planificar esta sesi\u00f3n para conocer cu\u00e1l es la situaci\u00f3n de <strong>otras l\u00edneas de investigaci\u00f3n<\/strong> -seguramente, anteriores a la pandemia- <strong>que se est\u00e1n llevando a cabo en nuestro entorno<\/strong> y qu\u00e9 terapias est\u00e1n en desarrollo actualmente\u201d.\u00a0<\/p>\n<p><u><strong>Impacto de la COVID-19 en estudios aprobados por la AEMPS<\/strong><\/u><\/p>\n<p>Siguiendo las palabras de la secretar\u00eda del COFB, ha comenzado su intervenci\u00f3n Gonzalo Calvo: \u201cDurante un a\u00f1o parec\u00eda que <strong>no hab\u00eda nada m\u00e1s que la COVID-19<\/strong>, pero, junto a mi equipo, nos\u00a0\u00a0<br \/>\nha parecido interesante ver de forma sistem\u00e1tica qu\u00e9 otros estudios se est\u00e1n haciendo m\u00e1s all\u00e1 de esta enfermedad\u201d.\u00a0<\/p>\n<p>Para ello, ha presentado varias datos, como los estudios aprobados por la AEMPS por \u00e1rea terap\u00e9utica durante los a\u00f1os 2019 y 2020. \u201cLa <strong>investigaci\u00f3n de la COVID-19<\/strong> se mueve en 3 campos terap\u00e9uticos: sistema inmunitario, enfermedades v\u00edricas y tracto respiratorio. En el a\u00f1o 2020 s\u00ed que hay un peque\u00f1o aumento en la categor\u00eda de enfermedades v\u00edricas, pero la distribuci\u00f3n por \u00e1reas terap\u00e9uticas es b\u00e1sicamente la misma entre un a\u00f1o y otro. Como siempre, la oncolog\u00eda y la hematolog\u00eda oncol\u00f3gica multiplican por cualquier otra actividad de investigaci\u00f3n\u201d.\u00a0\u00a0<\/p>\n<p>Por todo ello, Calvo ha concluido: \u201cEl <strong>impacto de la COVID-19 en la investigaci\u00f3n ha sido aditivo, en ning\u00fan caso sustitutivo<\/strong>. No ha desplazado otras investigaciones, y el <strong>n\u00famero de estudios no COVID-19 permanece pr\u00e1cticamente estable<\/strong>\u201d.\u00a0<\/p>\n<p>El hecho de que a pesar de la COVID-19 el n\u00famero de estudios no haya disminuido es muy significativo, seg\u00fan Calvo, porque \u201cdurante unos meses, fue <strong>dif\u00edcil la gesti\u00f3n y monitorizaci\u00f3n de estudios en los hospitales<\/strong>\u201c. Es decir, hubo ralentizaci\u00f3n del reclutamiento, disminuci\u00f3n de las capacidades de hospitalizaci\u00f3n y seguimiento, dificultad en la gesti\u00f3n y monitorizaci\u00f3n, adem\u00e1s de saturaci\u00f3n de estructuras.\u00a0<\/p>\n<p>Durante su ponencia, el jefe del Servicio de Farmacolog\u00eda Cl\u00ednica y coordinador del Comit\u00e9 de Terapias Avanzadas del Hospital Cl\u00ednic tambi\u00e9n ha aportado algunas datos sobre la <strong>actividad reguladora<\/strong> para conocer si, a ra\u00edz de la pandemia, han bajado las solicitudes de autorizaci\u00f3n de <strong>medicamentos que no son para la COVID-19<\/strong> de la Agencia Europea del Medicamento<strong> (EMA)<\/strong> y de la Administraci\u00f3n de Alimentos y Medicamentos de Estados Unidos <strong>(FDA)<\/strong>. Calvo explic\u00f3 que el n\u00famero de f\u00e1rmacos aprobados en Europa en 2019 fue de 30 y en 2020 fue de 39, incluyendo las vacunas. A la FDA le pas\u00f3 una situaci\u00f3n similar, pas\u00f3 de 48 autorizaciones en 2019 a 53 en 2020. Por tanto, ha concluido: \u201cFuera del <strong>impacto medi\u00e1tico <\/strong>y de c\u00f3mo nos ha afectado la pandemia, la vida de investigaci\u00f3n ha seguido exactamente igual en t\u00e9rminos de producci\u00f3n de ideas y de iniciativas para realizar proyectos de investigaci\u00f3n\u201d.<\/p>\n<p><u><strong>Recientes avances en neurofarmacolog\u00eda: anticuerpos monoclonales terap\u00e9uticos<\/strong><\/u><\/p>\n<p>En su intervenci\u00f3n, <strong>Rafael Maldonado<\/strong>, investigador y profesor de la UPF, ha profundizado en los <strong>anticupos monoclonales<\/strong> en <strong>neurofarmacolog\u00eda<\/strong> y, concretamente, en los avances en investigaci\u00f3n de anticuerpos monoclonales para los <strong>tratamientos de la migra\u00f1a<\/strong> y de la <strong>enfermedad de Alzheimer<\/strong>.\u00a0<\/p>\n<p>Tambi\u00e9n ha abordado las caracter\u00edsticas farmacodin\u00e1micas diferenciales de estos anticuerpos, apuntando que tienen una mayor afinidad y mayor selectividad en la diana (menor uni\u00f3n inespec\u00edfica).\u00a0<\/p>\n<p>En la parte final de su intervenci\u00f3n, ha resumido los <strong>beneficios de los anticuerpos monoclonales terap\u00e9uticos<\/strong>: sin metabolitos t\u00f3xicos, distribuci\u00f3n restringida, la farmacocin\u00e9tica es adecuada para la prevenci\u00f3n de enfermedades cr\u00f3nicas, no hay toxicidad fuera de diana y la <strong>tolerabilidad general suele ser buena<\/strong> (aunque depende del mecanismo de acci\u00f3n).\u00a0<\/p>\n<p>Por \u00faltimo, despu\u00e9s de las dos intervenciones, ha habido un espacio donde los expertos han podido resolver algunas cuestiones planteadas por los congresistas.<\/p>\n<p><em>El <strong>Congreso de Infarma Virtual 2021<\/strong> cuenta con el patrocinio de CarbonellFarma, Essity y FarmaQuatrium como <strong>patrocinadoras oro<\/strong>; y Bancofar, Cinfa, Cofares, Farmanager y Kern Pharma como <strong>patrocinadoras plata<\/strong>.<\/em><\/p>\n<\/div>\n<p>\u00a0\u2022 Esta es una de las principales conclusiones que ha expuesto Gonzalo Calvo, jefe del Servicio de Farmacolog\u00eda Cl\u00ednica y coordinador del Comit\u00e9 de Terapias Avanzadas del Hospital Cl\u00ednico, durante la ponencia de Infarma Virtual 2021 \u201cActualizaci\u00f3n en la investigaci\u00f3n de nuevos medicamentos: m\u00e1s all\u00e1 de la COVID-19\u201d<\/p>\n<p>\u00a0<\/p>\n<p>\u2022 Por su parte, Rafael Maldonado, investigador y profesor del Departamento de Ciencias Experimentales y de la Salud de la Universidad Pompeu Fabra, ha abordado los recientes avances en neurofarmacolog\u00eda, como los anticuerpos monoclonales para el tratamiento de la migra\u00f1a y la enfermedad de Alzheimer<\/p>\n<p>\u00a0<\/p>\n<p>Madrid\/Barcelona, 16 de junio de 2021. \u00bfQu\u00e9 impacto ha tenido la COVID-19 en el n\u00famero de estudios llevados a cabo durante la pandemia? \u00bfQu\u00e9 medicamentos se est\u00e1n desarrollando m\u00e1s all\u00e1 de esta enfermedad? A estas y otras cuestiones ha dado respuesta la segunda ponencia de la jornada de hoy de Infarma Virtual 2021, moderada por Aina Surroca, secretar\u00eda del Colegio de Farmac\u00e9uticos de Barcelona (COFB).\u00a0<\/p>\n<p>\u00a0<\/p>\n<p>La mesa, que llevaba por t\u00edtulo \u201cActualizaci\u00f3n en la investigaci\u00f3n de nuevos medicamentos: m\u00e1s all\u00e1 de la COVID-19\u201d, ha corrido a cargo de Gonzalo Calvo, jefe del Servicio de Farmacolog\u00eda Cl\u00ednica y coordinador del Comit\u00e9 de Terapias Avanzadas del Hospital Cl\u00ednic, y Rafael Maldonado, investigador y profesor del Departamento de Ciencias Experimentales y de la Salud de la Universidad Pompeu Fabra.<\/p>\n<p>\u00a0<\/p>\n<p>Al principio de la ponencia, Surroca ha destacado que \u201cla comunidad cient\u00edfica lleva m\u00e1s de un a\u00f1o con un gran esfuerzo para desarrollar vacunas y tratamientos, pero consideramos que no todo es COVID-19. Desde el Comit\u00e9 Cient\u00edfico de Infarma quisimos planificar esta sesi\u00f3n para conocer cu\u00e1l es la situaci\u00f3n de otras l\u00edneas de investigaci\u00f3n -seguramente, anteriores a la pandemia- que se est\u00e1n llevando a cabo en nuestro entorno y qu\u00e9 terapias est\u00e1n en desarrollo actualmente\u201d.\u00a0<\/p>\n<p>Impacto de la COVID-19 en estudios aprobados por la AEMPS<\/p>\n<p>Siguiendo las palabras de la secretar\u00eda del COFB, ha comenzado su intervenci\u00f3n Gonzalo Calvo: \u201cDurante un a\u00f1o parec\u00eda que no hab\u00eda nada m\u00e1s que la COVID-19, pero, junto a mi equipo, nos\u00a0\u00a0<br \/>\nha parecido interesante ver de forma sistem\u00e1tica qu\u00e9 otros estudios se est\u00e1n haciendo m\u00e1s all\u00e1 de esta enfermedad\u201d.\u00a0<\/p>\n<p>Para ello, ha presentado varias datos, como los estudios aprobados por la AEMPS por \u00e1rea terap\u00e9utica durante los a\u00f1os 2019 y 2020. \u201cLa investigaci\u00f3n de la COVID-19 se mueve en 3 campos terap\u00e9uticos: sistema inmunitario, enfermedades v\u00edricas y tracto respiratorio. En el a\u00f1o 2020 s\u00ed que hay un peque\u00f1o aumento en la categor\u00eda de enfermedades v\u00edricas, pero la distribuci\u00f3n por \u00e1reas terap\u00e9uticas es b\u00e1sicamente la misma entre un a\u00f1o y otro. Como siempre, la oncolog\u00eda y la hematolog\u00eda oncol\u00f3gica multiplican por cualquier otra actividad de investigaci\u00f3n\u201d.\u00a0\u00a0<\/p>\n<p>Por todo ello, Calvo ha concluido: \u201cEl impacto de la COVID-19 en la investigaci\u00f3n ha sido aditivo, en ning\u00fan caso sustitutivo. No ha desplazado otras investigaciones, y el n\u00famero de estudios no COVID-19 permanece pr\u00e1cticamente estable\u201d.\u00a0<\/p>\n<p>El hecho de que a pesar de la COVID-19 el n\u00famero de estudios no haya disminuido es muy significativo, seg\u00fan Calvo, porque durante unos meses, fue dif\u00edcil la gesti\u00f3n y monitorizaci\u00f3n de estudios en los hospitales. Es decir, hubo ralentizaci\u00f3n del reclutamiento, disminuci\u00f3n de las capacidades de hospitalizaci\u00f3n y seguimiento, dificultad en la gesti\u00f3n y monitorizaci\u00f3n, adem\u00e1s de saturaci\u00f3n de estructuras.\u00a0<\/p>\n<p>Durante su ponencia, el jefe del Servicio de Farmacolog\u00eda Cl\u00ednica y coordinador del Comit\u00e9 de Terapias Avanzadas del Hospital Cl\u00ednico tambi\u00e9n ha aportado algunas datos sobre la actividad reguladora para conocer si, a ra\u00edz de la pandemia, han bajado las solicitudes de autorizaci\u00f3n de medicamentos que no son para la COVID-19 de la Agencia Europea del Medicamento (EMA) y de la Administraci\u00f3n de Alimentos y Medicamentos de Estados Unidos (FDA). Calvo explic\u00f3 que el n\u00famero de f\u00e1rmacos aprobados en Europa en 2019 fue de 30 y en 2020 fue de 39, incluyendo las vacunas. A la FDA le pas\u00f3 una situaci\u00f3n similar, pas\u00f3 de 48 autorizaciones en 2019 a 53 en 2020. Por tanto, ha concluido: \u201cFuera del impacto medi\u00e1tico y de c\u00f3mo nos ha afectado la pandemia, la vida de investigaci\u00f3n ha seguido exactamente igual en t\u00e9rminos de producci\u00f3n de ideas y de iniciativas para realizar proyectos de investigaci\u00f3n\u201d.<\/p>\n<p>Recientes avances en neurofarmacolog\u00eda: anticuerpos monoclonales terap\u00e9uticos<\/p>\n<p>En su intervenci\u00f3n, Rafael Maldonado, investigador y profesor de la UPF, ha profundizado en los anticuerpos monoclonales en neurofarmacolog\u00eda y, concretamente, en los avances en investigaci\u00f3n de anticupos monoclonales para los tratamientos de la migra\u00f1a y de la enfermedad de Alzheimer.\u00a0<\/p>\n<p>Tambi\u00e9n ha abordado las caracter\u00edsticas farmacodin\u00e1micas diferenciales de estos anticuerpos, apuntando que tienen una mayor afinidad y mayor selectividad en la diana (menor uni\u00f3n inespec\u00edfica).\u00a0<\/p>\n<p>En la parte final de su intervenci\u00f3n, ha resumido los beneficios de los anticuerpos monoclonales terap\u00e9uticos: sin metabolitos t\u00f3xicos, distribuci\u00f3n restringida, la farmacocin\u00e9tica es adecuada para la prevenci\u00f3n de enfermedades cr\u00f3nicas, no existe toxicidad fuera de diana y la tolerabilidad general suele ser buena ( aunque depende del mecanismo de acci\u00f3n).\u00a0<\/p>\n<p>Por \u00faltimo, despu\u00e9s de las dos intervenciones, ha habido un espacio donde los expertos han podido resolver algunas cuestiones planteadas por los congresistas.<\/p>\n<p>El Congreso de Infarma Virtual 2021 cuenta con el patrocinio de CarbonellFarma, Essity y FarmaQuatrium como patrocinadores oro; y Bancofar, Cinfa, Cofares, Farmanager y Kern Pharma como patrocinadoras plata.  COFB.ORG<\/p>","protected":false},"excerpt":{"rendered":"<p>\u00a0 \u2022 Esta es una de las principales conclusiones que ha expuesto Gonzalo Calvo, jefe del Servicio de Farmacolog\u00eda Cl\u00ednica y coordinador del Comit\u00e9 de Terapias Avanzadas del Hospital Cl\u00ednico, durante la ponencia de Infarma Virtual 2021 \u201cActualizaci\u00f3n en la investigaci\u00f3n de nuevos medicamentos: m\u00e1s all\u00e1 de la COVID-19\u201d [\u2026]<\/p>","protected":false},"author":1,"featured_media":0,"comment_status":"","ping_status":"","sticky":false,"template":"","format":"standard","meta":{"_uag_custom_page_level_css":"","site-sidebar-layout":"default","site-content-layout":"","ast-site-content-layout":"default","site-content-style":"default","site-sidebar-style":"default","ast-global-header-display":"","ast-banner-title-visibility":"","ast-main-header-display":"","ast-hfb-above-header-display":"","ast-hfb-below-header-display":"","ast-hfb-mobile-header-display":"","site-post-title":"","ast-breadcrumbs-content":"","ast-featured-img":"disabled","footer-sml-layout":"","theme-transparent-header-meta":"","adv-header-id-meta":"","stick-header-meta":"","header-above-stick-meta":"","header-main-stick-meta":"","header-below-stick-meta":"","astra-migrate-meta-layouts":"default","ast-page-background-enabled":"default","ast-page-background-meta":{"desktop":{"background-color":"var(--ast-global-color-4)","background-image":"","background-repeat":"repeat","background-position":"center center","background-size":"auto","background-attachment":"scroll","background-type":"","background-media":"","overlay-type":"","overlay-color":"","overlay-opacity":"","overlay-gradient":""},"tablet":{"background-color":"","background-image":"","background-repeat":"repeat","background-position":"center center","background-size":"auto","background-attachment":"scroll","background-type":"","background-media":"","overlay-type":"","overlay-color":"","overlay-opacity":"","overlay-gradient":""},"mobile":{"background-color":"","background-image":"","background-repeat":"repeat","background-position":"center center","background-size":"auto","background-attachment":"scroll","background-type":"","background-media":"","overlay-type":"","overlay-color":"","overlay-opacity":"","overlay-gradient":""}},"ast-content-background-meta":{"desktop":{"background-color":"var(--ast-global-color-5)","background-image":"","background-repeat":"repeat","background-position":"center center","background-size":"auto","background-attachment":"scroll","background-type":"","background-media":"","overlay-type":"","overlay-color":"","overlay-opacity":"","overlay-gradient":""},"tablet":{"background-color":"var(--ast-global-color-5)","background-image":"","background-repeat":"repeat","background-position":"center center","background-size":"auto","background-attachment":"scroll","background-type":"","background-media":"","overlay-type":"","overlay-color":"","overlay-opacity":"","overlay-gradient":""},"mobile":{"background-color":"var(--ast-global-color-5)","background-image":"","background-repeat":"repeat","background-position":"center center","background-size":"auto","background-attachment":"scroll","background-type":"","background-media":"","overlay-type":"","overlay-color":"","overlay-opacity":"","overlay-gradient":""}},"footnotes":""},"categories":[1060,1066],"tags":[],"class_list":["post-77059","post","type-post","status-publish","format-standard","hentry","category-notes-premsa","category-sense-categoria-ca"],"yoast_head":"<!-- This site is optimized with the Yoast SEO plugin v22.4 - https:\/\/yoast.com\/wordpress\/plugins\/seo\/ -->\n<title>La COVID-19 no ha disminuido el n\u00famero de estudios sobre nuevos medicamentos, sino que el efecto de esta enfermedad en el campo de la investigaci\u00f3n ha sido aditivo - Col\u00b7legi de Farmac\u00e8utics de Barcelona<\/title>\n<meta name=\"robots\" content=\"index, follow, max-snippet:-1, max-image-preview:large, max-video-preview:-1\" \/>\n<link rel=\"canonical\" href=\"https:\/\/novaorg.cofb.net\/2021\/06\/16\/la-covid-19-no-ha-disminuido-el-numero-de-estudios-sobre-nuevos-medicamentos-sino-que-el-efecto-de-esta-enfermedad-en-el-campo-de-la-investigacion-ha-sido-aditivo\/\" \/>\n<meta property=\"og:locale\" content=\"es_ES\" \/>\n<meta property=\"og:type\" content=\"article\" \/>\n<meta property=\"og:title\" content=\"La COVID-19 no ha disminuido el n\u00famero de estudios sobre nuevos medicamentos, sino que el efecto de esta enfermedad en el campo de la investigaci\u00f3n ha sido aditivo - Col\u00b7legi de Farmac\u00e8utics de Barcelona\" \/>\n<meta property=\"og:description\" content=\"\u00a0 \u2022 Esta es una de las conclusiones principales que ha expuesto Gonzalo Calvo, jefe del Servicio de Farmacolog\u00eda Cl\u00ednica y coordinador del Comit\u00e9 de Terapias Avanzadas del Hospital Cl\u00ednic, durante la ponencia de Infarma Virtual 2021 \u201cActualizaci\u00f3n en la investigaci\u00f3n de nuevos medicamentos: m\u00e1s all\u00e1 de la COVID-19\u201d \u00a0 [&hellip;]\" \/>\n<meta property=\"og:url\" content=\"https:\/\/novaorg.cofb.net\/2021\/06\/16\/la-covid-19-no-ha-disminuido-el-numero-de-estudios-sobre-nuevos-medicamentos-sino-que-el-efecto-de-esta-enfermedad-en-el-campo-de-la-investigacion-ha-sido-aditivo\/\" \/>\n<meta property=\"og:site_name\" content=\"Col\u00b7legi de Farmac\u00e8utics de Barcelona\" \/>\n<meta property=\"article:publisher\" content=\"https:\/\/www.facebook.com\/farmaceuticsbcn\/\" \/>\n<meta property=\"article:published_time\" content=\"2021-06-16T17:58:00+00:00\" \/>\n<meta name=\"author\" content=\"wpAdminCofbOrg\" \/>\n<meta name=\"twitter:card\" content=\"summary_large_image\" \/>\n<meta name=\"twitter:creator\" content=\"@farmaceuticsbcn\" \/>\n<meta name=\"twitter:site\" content=\"@farmaceuticsbcn\" \/>\n<meta name=\"twitter:label1\" content=\"Escrito por\" \/>\n\t<meta name=\"twitter:data1\" content=\"wpAdminCofbOrg\" \/>\n\t<meta name=\"twitter:label2\" content=\"Tiempo de lectura\" \/>\n\t<meta name=\"twitter:data2\" content=\"10 minutos\" \/>\n<script type=\"application\/ld+json\" class=\"yoast-schema-graph\">{\"@context\":\"https:\/\/schema.org\",\"@graph\":[{\"@type\":\"Article\",\"@id\":\"https:\/\/novaorg.cofb.net\/2021\/06\/16\/la-covid-19-no-ha-disminuido-el-numero-de-estudios-sobre-nuevos-medicamentos-sino-que-el-efecto-de-esta-enfermedad-en-el-campo-de-la-investigacion-ha-sido-aditivo\/#article\",\"isPartOf\":{\"@id\":\"https:\/\/novaorg.cofb.net\/2021\/06\/16\/la-covid-19-no-ha-disminuido-el-numero-de-estudios-sobre-nuevos-medicamentos-sino-que-el-efecto-de-esta-enfermedad-en-el-campo-de-la-investigacion-ha-sido-aditivo\/\"},\"author\":{\"name\":\"wpAdminCofbOrg\",\"@id\":\"https:\/\/www.cofb.org\/#\/schema\/person\/22ed7eea88da74b0fa4d3154ad87ffcb\"},\"headline\":\"La COVID-19 no ha disminuido el n\u00famero de estudios sobre nuevos medicamentos, sino que el efecto de esta enfermedad en el campo de la investigaci\u00f3n ha sido aditivo\",\"datePublished\":\"2021-06-16T17:58:00+00:00\",\"dateModified\":\"2021-06-16T17:58:00+00:00\",\"mainEntityOfPage\":{\"@id\":\"https:\/\/novaorg.cofb.net\/2021\/06\/16\/la-covid-19-no-ha-disminuido-el-numero-de-estudios-sobre-nuevos-medicamentos-sino-que-el-efecto-de-esta-enfermedad-en-el-campo-de-la-investigacion-ha-sido-aditivo\/\"},\"wordCount\":1946,\"publisher\":{\"@id\":\"https:\/\/www.cofb.org\/#organization\"},\"articleSection\":[\"Notes de premsa\",\"Sense categoria\"],\"inLanguage\":\"es\"},{\"@type\":\"WebPage\",\"@id\":\"https:\/\/novaorg.cofb.net\/2021\/06\/16\/la-covid-19-no-ha-disminuido-el-numero-de-estudios-sobre-nuevos-medicamentos-sino-que-el-efecto-de-esta-enfermedad-en-el-campo-de-la-investigacion-ha-sido-aditivo\/\",\"url\":\"https:\/\/novaorg.cofb.net\/2021\/06\/16\/la-covid-19-no-ha-disminuido-el-numero-de-estudios-sobre-nuevos-medicamentos-sino-que-el-efecto-de-esta-enfermedad-en-el-campo-de-la-investigacion-ha-sido-aditivo\/\",\"name\":\"La COVID-19 no ha disminuido el n\u00famero de estudios sobre nuevos medicamentos, sino que el efecto de esta enfermedad en el campo de la investigaci\u00f3n ha sido aditivo - Col\u00b7legi de Farmac\u00e8utics de Barcelona\",\"isPartOf\":{\"@id\":\"https:\/\/www.cofb.org\/#website\"},\"datePublished\":\"2021-06-16T17:58:00+00:00\",\"dateModified\":\"2021-06-16T17:58:00+00:00\",\"breadcrumb\":{\"@id\":\"https:\/\/novaorg.cofb.net\/2021\/06\/16\/la-covid-19-no-ha-disminuido-el-numero-de-estudios-sobre-nuevos-medicamentos-sino-que-el-efecto-de-esta-enfermedad-en-el-campo-de-la-investigacion-ha-sido-aditivo\/#breadcrumb\"},\"inLanguage\":\"es\",\"potentialAction\":[{\"@type\":\"ReadAction\",\"target\":[\"https:\/\/novaorg.cofb.net\/2021\/06\/16\/la-covid-19-no-ha-disminuido-el-numero-de-estudios-sobre-nuevos-medicamentos-sino-que-el-efecto-de-esta-enfermedad-en-el-campo-de-la-investigacion-ha-sido-aditivo\/\"]}]},{\"@type\":\"BreadcrumbList\",\"@id\":\"https:\/\/novaorg.cofb.net\/2021\/06\/16\/la-covid-19-no-ha-disminuido-el-numero-de-estudios-sobre-nuevos-medicamentos-sino-que-el-efecto-de-esta-enfermedad-en-el-campo-de-la-investigacion-ha-sido-aditivo\/#breadcrumb\",\"itemListElement\":[{\"@type\":\"ListItem\",\"position\":1,\"name\":\"Inici\",\"item\":\"https:\/\/novaorg.cofb.net\/\"},{\"@type\":\"ListItem\",\"position\":2,\"name\":\"La COVID-19 no ha disminuido el n\u00famero de estudios sobre nuevos medicamentos, sino que el efecto de esta enfermedad en el campo de la investigaci\u00f3n ha sido aditivo\"}]},{\"@type\":\"WebSite\",\"@id\":\"https:\/\/www.cofb.org\/#website\",\"url\":\"https:\/\/www.cofb.org\/\",\"name\":\"Col\u00b7legi de Farmac\u00e8utics de Barcelona\",\"description\":\"\",\"publisher\":{\"@id\":\"https:\/\/www.cofb.org\/#organization\"},\"potentialAction\":[{\"@type\":\"SearchAction\",\"target\":{\"@type\":\"EntryPoint\",\"urlTemplate\":\"https:\/\/www.cofb.org\/?s={search_term_string}\"},\"query-input\":\"required name=search_term_string\"}],\"inLanguage\":\"es\"},{\"@type\":\"Organization\",\"@id\":\"https:\/\/www.cofb.org\/#organization\",\"name\":\"Col\u00b7legi de Farmac\u00e8utics de Barcelona\",\"url\":\"https:\/\/www.cofb.org\/\",\"logo\":{\"@type\":\"ImageObject\",\"inLanguage\":\"es\",\"@id\":\"https:\/\/www.cofb.org\/#\/schema\/logo\/image\/\",\"url\":\"https:\/\/www.cofb.org\/wp-content\/uploads\/2023\/11\/cropped-Logotip-COFB.png\",\"contentUrl\":\"https:\/\/www.cofb.org\/wp-content\/uploads\/2023\/11\/cropped-Logotip-COFB.png\",\"width\":500,\"height\":105,\"caption\":\"Col\u00b7legi de Farmac\u00e8utics de Barcelona\"},\"image\":{\"@id\":\"https:\/\/www.cofb.org\/#\/schema\/logo\/image\/\"},\"sameAs\":[\"https:\/\/www.facebook.com\/farmaceuticsbcn\/\",\"https:\/\/twitter.com\/farmaceuticsbcn\",\"https:\/\/www.instagram.com\/farmaceuticsbcn\/\",\"https:\/\/www.linkedin.com\/company\/farmaceuticsbcn\/\"]},{\"@type\":\"Person\",\"@id\":\"https:\/\/www.cofb.org\/#\/schema\/person\/22ed7eea88da74b0fa4d3154ad87ffcb\",\"name\":\"wpAdminCofbOrg\",\"image\":{\"@type\":\"ImageObject\",\"inLanguage\":\"es\",\"@id\":\"https:\/\/www.cofb.org\/#\/schema\/person\/image\/\",\"url\":\"https:\/\/secure.gravatar.com\/avatar\/1721b20b3b8ca882c3b56ec6c978c594fff670e40c0718e9190eaeeb76aae7d8?s=96&d=mm&r=g\",\"contentUrl\":\"https:\/\/secure.gravatar.com\/avatar\/1721b20b3b8ca882c3b56ec6c978c594fff670e40c0718e9190eaeeb76aae7d8?s=96&d=mm&r=g\",\"caption\":\"wpAdminCofbOrg\"},\"sameAs\":[\"http:\/\/192.168.64.122\/wordpress\"],\"url\":\"https:\/\/www.cofb.org\/es\/author\/wpadmincofborg\/\"}]}<\/script>\n<!-- \/ Yoast SEO plugin. -->","yoast_head_json":{"title":"La COVID-19 no ha disminuido el n\u00famero de estudios sobre nuevos medicamentos, sino que el efecto de esta enfermedad en el campo de la investigaci\u00f3n ha sido aditivo - Col\u00b7legi de Farmac\u00e8utics de Barcelona","robots":{"index":"index","follow":"follow","max-snippet":"max-snippet:-1","max-image-preview":"max-image-preview:large","max-video-preview":"max-video-preview:-1"},"canonical":"https:\/\/novaorg.cofb.net\/2021\/06\/16\/la-covid-19-no-ha-disminuido-el-numero-de-estudios-sobre-nuevos-medicamentos-sino-que-el-efecto-de-esta-enfermedad-en-el-campo-de-la-investigacion-ha-sido-aditivo\/","og_locale":"es_ES","og_type":"article","og_title":"La COVID-19 no ha disminuido el n\u00famero de estudios sobre nuevos medicamentos, sino que el efecto de esta enfermedad en el campo de la investigaci\u00f3n ha sido aditivo - Col\u00b7legi de Farmac\u00e8utics de Barcelona","og_description":"\u00a0 \u2022 Esta es una de las conclusiones principales que ha expuesto Gonzalo Calvo, jefe del Servicio de Farmacolog\u00eda Cl\u00ednica y coordinador del Comit\u00e9 de Terapias Avanzadas del Hospital Cl\u00ednic, durante la ponencia de Infarma Virtual 2021 \u201cActualizaci\u00f3n en la investigaci\u00f3n de nuevos medicamentos: m\u00e1s all\u00e1 de la COVID-19\u201d \u00a0 [&hellip;]","og_url":"https:\/\/novaorg.cofb.net\/2021\/06\/16\/la-covid-19-no-ha-disminuido-el-numero-de-estudios-sobre-nuevos-medicamentos-sino-que-el-efecto-de-esta-enfermedad-en-el-campo-de-la-investigacion-ha-sido-aditivo\/","og_site_name":"Col\u00b7legi de Farmac\u00e8utics de Barcelona","article_publisher":"https:\/\/www.facebook.com\/farmaceuticsbcn\/","article_published_time":"2021-06-16T17:58:00+00:00","author":"wpAdminCofbOrg","twitter_card":"summary_large_image","twitter_creator":"@farmaceuticsbcn","twitter_site":"@farmaceuticsbcn","twitter_misc":{"Escrito por":"wpAdminCofbOrg","Tiempo de lectura":"10 minutos"},"schema":{"@context":"https:\/\/schema.org","@graph":[{"@type":"Article","@id":"https:\/\/novaorg.cofb.net\/2021\/06\/16\/la-covid-19-no-ha-disminuido-el-numero-de-estudios-sobre-nuevos-medicamentos-sino-que-el-efecto-de-esta-enfermedad-en-el-campo-de-la-investigacion-ha-sido-aditivo\/#article","isPartOf":{"@id":"https:\/\/novaorg.cofb.net\/2021\/06\/16\/la-covid-19-no-ha-disminuido-el-numero-de-estudios-sobre-nuevos-medicamentos-sino-que-el-efecto-de-esta-enfermedad-en-el-campo-de-la-investigacion-ha-sido-aditivo\/"},"author":{"name":"wpAdminCofbOrg","@id":"https:\/\/www.cofb.org\/#\/schema\/person\/22ed7eea88da74b0fa4d3154ad87ffcb"},"headline":"La COVID-19 no ha disminuido el n\u00famero de estudios sobre nuevos medicamentos, sino que el efecto de esta enfermedad en el campo de la investigaci\u00f3n ha sido aditivo","datePublished":"2021-06-16T17:58:00+00:00","dateModified":"2021-06-16T17:58:00+00:00","mainEntityOfPage":{"@id":"https:\/\/novaorg.cofb.net\/2021\/06\/16\/la-covid-19-no-ha-disminuido-el-numero-de-estudios-sobre-nuevos-medicamentos-sino-que-el-efecto-de-esta-enfermedad-en-el-campo-de-la-investigacion-ha-sido-aditivo\/"},"wordCount":1946,"publisher":{"@id":"https:\/\/www.cofb.org\/#organization"},"articleSection":["Notes de premsa","Sense categoria"],"inLanguage":"es"},{"@type":"WebPage","@id":"https:\/\/novaorg.cofb.net\/2021\/06\/16\/la-covid-19-no-ha-disminuido-el-numero-de-estudios-sobre-nuevos-medicamentos-sino-que-el-efecto-de-esta-enfermedad-en-el-campo-de-la-investigacion-ha-sido-aditivo\/","url":"https:\/\/novaorg.cofb.net\/2021\/06\/16\/la-covid-19-no-ha-disminuido-el-numero-de-estudios-sobre-nuevos-medicamentos-sino-que-el-efecto-de-esta-enfermedad-en-el-campo-de-la-investigacion-ha-sido-aditivo\/","name":"La COVID-19 no ha disminuido el n\u00famero de estudios sobre nuevos medicamentos, sino que el efecto de esta enfermedad en el campo de la investigaci\u00f3n ha sido aditivo - Col\u00b7legi de Farmac\u00e8utics de Barcelona","isPartOf":{"@id":"https:\/\/www.cofb.org\/#website"},"datePublished":"2021-06-16T17:58:00+00:00","dateModified":"2021-06-16T17:58:00+00:00","breadcrumb":{"@id":"https:\/\/novaorg.cofb.net\/2021\/06\/16\/la-covid-19-no-ha-disminuido-el-numero-de-estudios-sobre-nuevos-medicamentos-sino-que-el-efecto-de-esta-enfermedad-en-el-campo-de-la-investigacion-ha-sido-aditivo\/#breadcrumb"},"inLanguage":"es","potentialAction":[{"@type":"ReadAction","target":["https:\/\/novaorg.cofb.net\/2021\/06\/16\/la-covid-19-no-ha-disminuido-el-numero-de-estudios-sobre-nuevos-medicamentos-sino-que-el-efecto-de-esta-enfermedad-en-el-campo-de-la-investigacion-ha-sido-aditivo\/"]}]},{"@type":"BreadcrumbList","@id":"https:\/\/novaorg.cofb.net\/2021\/06\/16\/la-covid-19-no-ha-disminuido-el-numero-de-estudios-sobre-nuevos-medicamentos-sino-que-el-efecto-de-esta-enfermedad-en-el-campo-de-la-investigacion-ha-sido-aditivo\/#breadcrumb","itemListElement":[{"@type":"ListItem","position":1,"name":"Inici","item":"https:\/\/novaorg.cofb.net\/"},{"@type":"ListItem","position":2,"name":"La COVID-19 no ha disminuido el n\u00famero de estudios sobre nuevos medicamentos, sino que el efecto de esta enfermedad en el campo de la investigaci\u00f3n ha sido aditivo"}]},{"@type":"WebSite","@id":"https:\/\/www.cofb.org\/#website","url":"https:\/\/www.cofb.org\/","name":"Col\u00b7legi de Farmac\u00e8utics de Barcelona","description":"","publisher":{"@id":"https:\/\/www.cofb.org\/#organization"},"potentialAction":[{"@type":"SearchAction","target":{"@type":"EntryPoint","urlTemplate":"https:\/\/www.cofb.org\/?s={search_term_string}"},"query-input":"required name=search_term_string"}],"inLanguage":"es"},{"@type":"Organization","@id":"https:\/\/www.cofb.org\/#organization","name":"Col\u00b7legi de Farmac\u00e8utics de Barcelona","url":"https:\/\/www.cofb.org\/","logo":{"@type":"ImageObject","inLanguage":"es","@id":"https:\/\/www.cofb.org\/#\/schema\/logo\/image\/","url":"https:\/\/www.cofb.org\/wp-content\/uploads\/2023\/11\/cropped-Logotip-COFB.png","contentUrl":"https:\/\/www.cofb.org\/wp-content\/uploads\/2023\/11\/cropped-Logotip-COFB.png","width":500,"height":105,"caption":"Col\u00b7legi de Farmac\u00e8utics de Barcelona"},"image":{"@id":"https:\/\/www.cofb.org\/#\/schema\/logo\/image\/"},"sameAs":["https:\/\/www.facebook.com\/farmaceuticsbcn\/","https:\/\/twitter.com\/farmaceuticsbcn","https:\/\/www.instagram.com\/farmaceuticsbcn\/","https:\/\/www.linkedin.com\/company\/farmaceuticsbcn\/"]},{"@type":"Person","@id":"https:\/\/www.cofb.org\/#\/schema\/person\/22ed7eea88da74b0fa4d3154ad87ffcb","name":"wpAdminCofbOrg","image":{"@type":"ImageObject","inLanguage":"es","@id":"https:\/\/www.cofb.org\/#\/schema\/person\/image\/","url":"https:\/\/secure.gravatar.com\/avatar\/1721b20b3b8ca882c3b56ec6c978c594fff670e40c0718e9190eaeeb76aae7d8?s=96&d=mm&r=g","contentUrl":"https:\/\/secure.gravatar.com\/avatar\/1721b20b3b8ca882c3b56ec6c978c594fff670e40c0718e9190eaeeb76aae7d8?s=96&d=mm&r=g","caption":"wpAdminCofbOrg"},"sameAs":["http:\/\/192.168.64.122\/wordpress"],"url":"https:\/\/www.cofb.org\/es\/author\/wpadmincofborg\/"}]}},"uagb_featured_image_src":{"full":false,"thumbnail":false,"medium":false,"medium_large":false,"large":false,"1536x1536":false,"2048x2048":false,"trp-custom-language-flag":false},"uagb_author_info":{"display_name":"wpAdminCofbOrg","author_link":"https:\/\/www.cofb.org\/es\/author\/wpadmincofborg\/"},"uagb_comment_info":0,"uagb_excerpt":"\u00a0 \u2022 Esta es una de las conclusiones principales que ha expuesto Gonzalo Calvo, jefe del Servicio de Farmacolog\u00eda Cl\u00ednica y coordinador del Comit\u00e9 de Terapias Avanzadas del Hospital Cl\u00ednic, durante la ponencia de Infarma Virtual 2021 \u201cActualizaci\u00f3n en la investigaci\u00f3n de nuevos medicamentos: m\u00e1s all\u00e1 de la COVID-19\u201d \u00a0 [&hellip;]","_links":{"self":[{"href":"https:\/\/www.cofb.org\/es\/wp-json\/wp\/v2\/posts\/77059","targetHints":{"allow":["GET"]}}],"collection":[{"href":"https:\/\/www.cofb.org\/es\/wp-json\/wp\/v2\/posts"}],"about":[{"href":"https:\/\/www.cofb.org\/es\/wp-json\/wp\/v2\/types\/post"}],"author":[{"embeddable":true,"href":"https:\/\/www.cofb.org\/es\/wp-json\/wp\/v2\/users\/1"}],"replies":[{"embeddable":true,"href":"https:\/\/www.cofb.org\/es\/wp-json\/wp\/v2\/comments?post=77059"}],"version-history":[{"count":0,"href":"https:\/\/www.cofb.org\/es\/wp-json\/wp\/v2\/posts\/77059\/revisions"}],"wp:attachment":[{"href":"https:\/\/www.cofb.org\/es\/wp-json\/wp\/v2\/media?parent=77059"}],"wp:term":[{"taxonomy":"category","embeddable":true,"href":"https:\/\/www.cofb.org\/es\/wp-json\/wp\/v2\/categories?post=77059"},{"taxonomy":"post_tag","embeddable":true,"href":"https:\/\/www.cofb.org\/es\/wp-json\/wp\/v2\/tags?post=77059"}],"curies":[{"name":"wp","href":"https:\/\/api.w.org\/{rel}","templated":true}]}}