{"id":77056,"date":"2021-06-21T16:40:00","date_gmt":"2021-06-21T16:40:00","guid":{"rendered":"https:\/\/novaorg.cofb.net\/2021\/06\/21\/cerca-de-6-000-asistentes-y-mas-de-200-expositores-participan-en-infarma-virtual-2021\/"},"modified":"2021-06-21T16:40:00","modified_gmt":"2021-06-21T16:40:00","slug":"cerca-de-6-000-asistentes-y-mas-de-200-expositores-participan-en-infarma-virtual-2021","status":"publish","type":"post","link":"https:\/\/www.cofb.org\/es\/2021\/06\/21\/cerca-de-6-000-asistentes-y-mas-de-200-expositores-participan-en-infarma-virtual-2021\/","title":{"rendered":"Cerca de 6.000 asistentes y m\u00e1s de 200 expositoras participan en Infarma Virtual 2021"},"content":{"rendered":"<p>\u00a0<\/p>\n<ul>\n<li><strong>Los organizadores muestran su satisfacci\u00f3n por los resultados obtenidos en la primera edici\u00f3n digital que integra Congreso y Sal\u00f3n en una \u00fanica plataforma online<\/strong><\/li>\n<\/ul>\n<div>\u00a0<\/div>\n<ul>\n<li><strong>Las 85 presentaciones comerciales ofrecidas por los expositoras han obtenido un importante eco, con 6.307 visualizaciones<\/strong><\/li>\n<\/ul>\n<div>\u00a0<\/div>\n<ul>\n<li><strong>Infarma Madrid 2022 se celebrar\u00e1 en formato presencial, entre el 22 y el 24 de marzo<\/strong><\/li>\n<\/ul>\n<div>\u00a0<\/div>\n<div><strong><em>Madrid\/Barcelona, 21 de junio<\/em>.<\/strong> Infarma Virtual 2021 cerr\u00f3 el 17 de junio las puertas de una edici\u00f3n muy especial que, <strong>por primera vez, ha integrado la experiencia del Congreso y Sal\u00f3n ferial dentro de una misma plataforma <em>online<\/em>.<\/strong><\/div>\n<div>\u00a0<\/div>\n<div>La edici\u00f3n organizada por los <strong>colegios oficiales de farmac\u00e9uticos de Madrid y Barcelona<\/strong>, en colaboraci\u00f3n con <strong>Interalia<\/strong>, se ha convertido de nuevo en referencia del sector farmac\u00e9utico, como demuestran las cifras de seguimiento de Infarma Virtual 2021.<\/div>\n<div>\u00a0<\/div>\n<div><span><u><strong>El encuentro virtual, en cifras<\/strong><\/u><\/span><\/div>\n<div>\u00a0<\/div>\n<div>En total, <strong>el n\u00famero de asistentes se situ\u00f3 cerca de los 6.000<\/strong>, una cifra que los organizadores consideran muy positivas y que invitan a mantener experiencias exitosas como el networking virtual entre congresistas, expositoras e industria en la pr\u00f3xima edici\u00f3n de Infarma que se celebrar\u00e1 en Madrid.<\/div>\n<div>\u00a0<\/div>\n<div>El seguimiento y la participaci\u00f3n ha sido muy alto durante los tres d\u00edas de Congreso y Sal\u00f3n. La <strong>asistencia a las ponencias ha rondado el medio millar, como media de usuarios \u00fanicos<\/strong>, con picos que han alcanzado los 620 profesionales en el caso de la mesa redonda \u201cEl nuevo shopper en el canal farmacia\u201d y los 518 usuarios en \u201cPlataformas de comercio electr\u00f3nico\u201d.<\/div>\n<div>\u00a0<\/div>\n<div>Igualmente, <strong>las 85 presentaciones comerciales ofrecidas por los expositores han obtenido un importante eco, con 6.307 visualizaciones.<\/strong><\/div>\n<div>\u00a0<\/div>\n<div>Siendo as\u00ed, el comit\u00e9 organizador ha decidido que <strong>Infarma Virtual 2021 mantendr\u00e1 abierto el acceso de la plataforma online hasta el pr\u00f3ximo 16 de julio<\/strong>, donde ya est\u00e1n alojados los v\u00eddeos de las ponencias y mesa redondas, de tal forma <strong>que los cuatro pilares de esta edici\u00f3n virtual -congreso, estudios cient\u00edficos, expositoras y networking- sean de consulta m\u00e1s all\u00e1 de los tres d\u00edas iniciales.<\/strong><\/div>\n<div>\u00a0<\/div>\n<div><u><strong>Balance de Infarma Virtual 2021<\/strong><\/u><\/div>\n<div>\u00a0<\/div>\n<div>Durante el acto de clausura, el presidente de Interalia, <strong>Jordi Arqu\u00e9<\/strong>, agradeci\u00f3 el apoyo y tambi\u00e9n la espera durante estos dos a\u00f1os de la industria y de los expositoras. \u201c<strong>No es un d\u00eda de clausura, sino de continuaci\u00f3n, la llama de Infarma sea encendida\u201d<\/strong>, se\u00f1al\u00f3n.<\/div>\n<div>\u00a0<\/div>\n<div>Por su parte, el presidente del Colegio Oficial de Farmac\u00e9uticos de Madrid, <strong>Luis Gonz\u00e1lez D\u00edez<\/strong>, mostr\u00f3 tambi\u00e9n su gratitud a los ponentes, congresistas y expositoras por su participaci\u00f3n y se refiri\u00f3 a la calidad de un programa cient\u00edfico que ha permitido poner en valor la actuaci\u00f3n de los farmac\u00e9uticos durante la pandemia. <strong>\u201cLos farmac\u00e9uticos debemos sentirnos orgullosos de lo que hemos hecho. Hemos demostrado nuestra esencia como sanitarios\u201d<\/strong>, asegur\u00f3 en su intervenci\u00f3n.<\/div>\n<div>\u00a0<\/div>\n<div>Por \u00faltimo, el presidente del Colegio Oficial de Farmac\u00e9uticos de Barcelona, <strong>Jordi Casas S\u00e1nchez<\/strong>, tambi\u00e9n reconoci\u00f3n a los patrocinadores, congresistas, expositoras ya \u201ctodas las <strong>personas que han hecho posible que el esp\u00edritu de Infarma se mantenga vivo un a\u00f1o m\u00e1s<\/strong>\u201d. \u201cNo hemos querido que el congreso est\u00e9 monopolizado por la pandemia, hemos querido ir mucho m\u00e1s all\u00e1, hablando de digitalizaci\u00f3n, integraci\u00f3n asistencial o nuevas terapias al margen de los tratamientos de la COVID-19\u201d, remarc\u00f3.\u00a0<\/div>\n<div>\u00a0<\/div>\n<div>Finalmente, los tres presidentes de mostraron <strong>\u201cconvencidos de que la edici\u00f3n de 2022 incluir\u00e1 aspectos y herramientas de 2021, puesto que la digitalizaci\u00f3n ha venido para quedarse y las ediciones presenciales tendr\u00e1n que incorporarla de alg\u00fan modo\u201d.<\/strong><\/div>\n<div>\u00a0<\/div>\n<div><strong>Infarma Madrid 2022 <\/strong>tendr\u00e1 lugar los d\u00edas <strong>22, 23 y 24 de marzo<\/strong> en un formato presencial que integrar\u00e1 algunas de las soluciones digitales incorporadas en la \u00faltima edici\u00f3n.<\/div>\n<div>\u00a0<\/div>\n<div>El Congreso de <strong>Infarma Virtual 2021<\/strong> ha contado con el <strong>patrocinio de CarbonellFarma, Essity y FarmaQuatrium<\/strong> como <strong>patrocinadoras oro<\/strong>; y <strong>Bancofar, Cinfa, Cofares, Farmanager y Kern Pharma<\/strong> como <strong>patrocinadoras plata<\/strong>.<\/div>\n<p>\u00a0Los organizadores muestran su satisfacci\u00f3n por los resultados obtenidos en la primera edici\u00f3n digital que integra Congreso y Sal\u00f3n en una \u00fanica plataforma online<\/p>\n<p>\u00a0<\/p>\n<p>\tLas 85 presentaciones comerciales ofrecidas por los expositoras han obtenido un importante eco, con 6.307 visualizaciones<\/p>\n<p>\u00a0<\/p>\n<p>\tInfarma Madrid 2022 se celebrar\u00e1 en formato presencial, entre el 22 y el 24 de marzo<\/p>\n<p>\u00a0<\/p>\n<p>Madrid\/Barcelona, 21 de junio. Infarma Virtual 2021 cerr\u00f3 el 17 de junio las puertas de una edici\u00f3n muy especial que, por primera vez, ha integrado la experiencia del Congreso y Sal\u00f3n ferial dentro de una misma plataforma online.<\/p>\n<p>\u00a0<\/p>\n<p>La edici\u00f3n organizada por los colegios oficiales de farmac\u00e9uticos de Madrid y Barcelona, en colaboraci\u00f3n con Interalia, se ha convertido de nuevo en referencia del sector farmac\u00e9utico, como demuestran las cifras de seguimiento de Infarma Virtual 2021.<\/p>\n<p>\u00a0<\/p>\n<p>El encuentro virtual, en cifras<\/p>\n<p>\u00a0<\/p>\n<p>En total, el n\u00famero de asistentes se situ\u00f3 cerca de los 6.000, una cifra que los organizadores consideran muy positivas y que invitan a mantener experiencias exitosas como el networking virtual entre congresistas, expositoras e industria en la pr\u00f3xima edici\u00f3n de Infarma que se celebrar\u00e1 en Madrid .<\/p>\n<p>\u00a0<\/p>\n<p>El seguimiento y la participaci\u00f3n ha sido muy alto durante los tres d\u00edas de Congreso y Sal\u00f3n. La asistencia a las ponencias ha rondado el medio millar, como media de usuarios \u00fanicos, con picos que han alcanzado los 620 profesionales en el caso de la mesa redonda \u201cEl nuevo shopper en el canal farmacia\u201d y los 518 usuarios en \u201cPlataformas de comercio electr\u00f3nico\u201d.<\/p>\n<p>\u00a0<\/p>\n<p>Igualmente, las 85 presentaciones comerciales ofrecidas por los expositores han obtenido un importante eco, con 6.307 visualizaciones.<\/p>\n<p>\u00a0<\/p>\n<p>Siendo as\u00ed, el comit\u00e9 organizador ha decidido que Infarma Virtual 2021 mantendr\u00e1 abierto el acceso de la plataforma online hasta el pr\u00f3ximo 16 de julio, donde ya est\u00e1n alojados los v\u00eddeos de las ponencias y mesa redondas, de tal forma que los cuatro pilares de esta edici\u00f3n virtual -congreso, estudios cient\u00edficos, expositoras y networking- sean de consulta m\u00e1s all\u00e1 de los tres d\u00edas iniciales.<\/p>\n<p>\u00a0<\/p>\n<p>Balance de Infarma Virtual 2021<\/p>\n<p>\u00a0<\/p>\n<p>Durante el acto de clausura, el presidente de Interalia, Jordi Arqu\u00e9, agradeci\u00f3 el apoyo y tambi\u00e9n le espera durante estos dos a\u00f1os de la industria y de los expositoras. &quot;No es un d\u00eda de clausura, sino de continuaci\u00f3n, la llama de Infarma sea encendida&quot;, se\u00f1al\u00f3.<\/p>\n<p>\u00a0<\/p>\n<p>Por su parte, el presidente del Colegio Oficial de Farmac\u00e9uticos de Madrid, Luis Gonz\u00e1lez D\u00edez, mostr\u00f3 tambi\u00e9n su gratitud a los ponentes, congresistas y expositoras por su participaci\u00f3n y se refiri\u00f3 a la calidad de un programa cient\u00edfico que ha permitido poner en valor la actuaci\u00f3n de los farmac\u00e9uticos durante la pandemia. \u201cLos farmac\u00e9uticos debemos sentirnos orgullosos de lo que hemos hecho. Hemos demostrado nuestra esencia como sanitarios\u201d, asegur\u00f3 en su intervenci\u00f3n.<\/p>\n<p>\u00a0<\/p>\n<p>Por \u00faltimo, el presidente del Colegio Oficial de Farmac\u00e9uticos de Barcelona, Jordi Casas S\u00e1nchez, tambi\u00e9n reconoci\u00f3 a los patrocinadores, congresistas, expositoras ya &quot;todas las personas que han hecho posible que el esp\u00edritu de Infarma se mantenga vivo un a\u00f1o m\u00e1s&quot;. \u201cNo hemos querido que el congreso est\u00e9 monopolizado por la pandemia, hemos querido ir mucho m\u00e1s all\u00e1, hablando de digitalizaci\u00f3n, integraci\u00f3n asistencial o nuevas terapias al margen de los tratamientos de la COVID-19\u201d, remarc\u00f3.\u00a0<\/p>\n<p>\u00a0<\/p>\n<p>Finalmente, los tres presidentes se mostraron \u201cconvencidos de que la edici\u00f3n de 2022 incluir\u00e1 aspectos y herramientas de 2021, puesto que la digitalizaci\u00f3n ha venido para quedarse y las ediciones presenciales tendr\u00e1n que incorporarla de alguna manera\u201d.<\/p>\n<p>\u00a0<\/p>\n<p>Infarma Madrid 2022 tendr\u00e1 lugar los d\u00edas 22, 23 y 24 de marzo en un formato presencial que integrar\u00e1 algunas de las soluciones digitales incorporadas en la \u00faltima edici\u00f3n.<\/p>\n<p>\u00a0<\/p>\n<p>El Congreso de Infarma Virtual 2021 ha contado con el patrocinio de CarbonellFarma, Essity y FarmaQuatrium como patrocinadores oro; y Bancofar, Cinfa, Cofares, Farmanager y Kern Pharma como patrocinadoras plata.  COFB.ORG<\/p>","protected":false},"excerpt":{"rendered":"<p>\u00a0 Los organizadores muestran su satisfacci\u00f3n por los resultados obtenidos en la primera edici\u00f3n digital que integra Congreso y Sal\u00f3n en una \u00fanica plataforma online. ]<\/p>","protected":false},"author":1,"featured_media":0,"comment_status":"","ping_status":"","sticky":false,"template":"","format":"standard","meta":{"_uag_custom_page_level_css":"","site-sidebar-layout":"default","site-content-layout":"","ast-site-content-layout":"default","site-content-style":"default","site-sidebar-style":"default","ast-global-header-display":"","ast-banner-title-visibility":"","ast-main-header-display":"","ast-hfb-above-header-display":"","ast-hfb-below-header-display":"","ast-hfb-mobile-header-display":"","site-post-title":"","ast-breadcrumbs-content":"","ast-featured-img":"disabled","footer-sml-layout":"","theme-transparent-header-meta":"","adv-header-id-meta":"","stick-header-meta":"","header-above-stick-meta":"","header-main-stick-meta":"","header-below-stick-meta":"","astra-migrate-meta-layouts":"default","ast-page-background-enabled":"default","ast-page-background-meta":{"desktop":{"background-color":"var(--ast-global-color-4)","background-image":"","background-repeat":"repeat","background-position":"center center","background-size":"auto","background-attachment":"scroll","background-type":"","background-media":"","overlay-type":"","overlay-color":"","overlay-opacity":"","overlay-gradient":""},"tablet":{"background-color":"","background-image":"","background-repeat":"repeat","background-position":"center center","background-size":"auto","background-attachment":"scroll","background-type":"","background-media":"","overlay-type":"","overlay-color":"","overlay-opacity":"","overlay-gradient":""},"mobile":{"background-color":"","background-image":"","background-repeat":"repeat","background-position":"center center","background-size":"auto","background-attachment":"scroll","background-type":"","background-media":"","overlay-type":"","overlay-color":"","overlay-opacity":"","overlay-gradient":""}},"ast-content-background-meta":{"desktop":{"background-color":"var(--ast-global-color-5)","background-image":"","background-repeat":"repeat","background-position":"center center","background-size":"auto","background-attachment":"scroll","background-type":"","background-media":"","overlay-type":"","overlay-color":"","overlay-opacity":"","overlay-gradient":""},"tablet":{"background-color":"var(--ast-global-color-5)","background-image":"","background-repeat":"repeat","background-position":"center center","background-size":"auto","background-attachment":"scroll","background-type":"","background-media":"","overlay-type":"","overlay-color":"","overlay-opacity":"","overlay-gradient":""},"mobile":{"background-color":"var(--ast-global-color-5)","background-image":"","background-repeat":"repeat","background-position":"center center","background-size":"auto","background-attachment":"scroll","background-type":"","background-media":"","overlay-type":"","overlay-color":"","overlay-opacity":"","overlay-gradient":""}},"footnotes":""},"categories":[1060,1066],"tags":[],"class_list":["post-77056","post","type-post","status-publish","format-standard","hentry","category-notes-premsa","category-sense-categoria-ca"],"yoast_head":"<!-- This site is optimized with the Yoast SEO plugin v22.4 - https:\/\/yoast.com\/wordpress\/plugins\/seo\/ -->\n<title>Cerca de 6.000 asistentes y m\u00e1s de 200 expositores participan en Infarma Virtual 2021 - Col\u00b7legi de Farmac\u00e8utics de Barcelona<\/title>\n<meta name=\"robots\" content=\"index, follow, max-snippet:-1, max-image-preview:large, max-video-preview:-1\" \/>\n<link rel=\"canonical\" href=\"https:\/\/novaorg.cofb.net\/2021\/06\/21\/cerca-de-6-000-asistentes-y-mas-de-200-expositores-participan-en-infarma-virtual-2021\/\" \/>\n<meta property=\"og:locale\" content=\"es_ES\" \/>\n<meta property=\"og:type\" content=\"article\" \/>\n<meta property=\"og:title\" content=\"Cerca de 6.000 asistentes y m\u00e1s de 200 expositores participan en Infarma Virtual 2021 - Col\u00b7legi de Farmac\u00e8utics de Barcelona\" \/>\n<meta property=\"og:description\" content=\"\u00a0 Los organizadores muestran su satisfacci\u00f3n por los resultados obtenidos en la primera edici\u00f3n digital que integra Congreso y Sal\u00f3n en una \u00fanica plataforma online \u00a0 Las 85 presentaciones comerciales ofrecidas por los expositores han obtenido un importante eco, con 6.307 visualizaciones \u00a0 Infarma Madrid 2022 se celebrar\u00e1 en formato [&hellip;]\" \/>\n<meta property=\"og:url\" content=\"https:\/\/novaorg.cofb.net\/2021\/06\/21\/cerca-de-6-000-asistentes-y-mas-de-200-expositores-participan-en-infarma-virtual-2021\/\" \/>\n<meta property=\"og:site_name\" content=\"Col\u00b7legi de Farmac\u00e8utics de Barcelona\" \/>\n<meta property=\"article:publisher\" content=\"https:\/\/www.facebook.com\/farmaceuticsbcn\/\" \/>\n<meta property=\"article:published_time\" content=\"2021-06-21T16:40:00+00:00\" \/>\n<meta name=\"author\" content=\"wpAdminCofbOrg\" \/>\n<meta name=\"twitter:card\" content=\"summary_large_image\" \/>\n<meta name=\"twitter:creator\" content=\"@farmaceuticsbcn\" \/>\n<meta name=\"twitter:site\" content=\"@farmaceuticsbcn\" \/>\n<meta name=\"twitter:label1\" content=\"Escrito por\" \/>\n\t<meta name=\"twitter:data1\" content=\"wpAdminCofbOrg\" \/>\n\t<meta name=\"twitter:label2\" content=\"Tiempo de lectura\" \/>\n\t<meta name=\"twitter:data2\" content=\"7 minutos\" \/>\n<script type=\"application\/ld+json\" class=\"yoast-schema-graph\">{\"@context\":\"https:\/\/schema.org\",\"@graph\":[{\"@type\":\"Article\",\"@id\":\"https:\/\/novaorg.cofb.net\/2021\/06\/21\/cerca-de-6-000-asistentes-y-mas-de-200-expositores-participan-en-infarma-virtual-2021\/#article\",\"isPartOf\":{\"@id\":\"https:\/\/novaorg.cofb.net\/2021\/06\/21\/cerca-de-6-000-asistentes-y-mas-de-200-expositores-participan-en-infarma-virtual-2021\/\"},\"author\":{\"name\":\"wpAdminCofbOrg\",\"@id\":\"https:\/\/www.cofb.org\/#\/schema\/person\/22ed7eea88da74b0fa4d3154ad87ffcb\"},\"headline\":\"Cerca de 6.000 asistentes y m\u00e1s de 200 expositores participan en Infarma Virtual 2021\",\"datePublished\":\"2021-06-21T16:40:00+00:00\",\"dateModified\":\"2021-06-21T16:40:00+00:00\",\"mainEntityOfPage\":{\"@id\":\"https:\/\/novaorg.cofb.net\/2021\/06\/21\/cerca-de-6-000-asistentes-y-mas-de-200-expositores-participan-en-infarma-virtual-2021\/\"},\"wordCount\":1312,\"publisher\":{\"@id\":\"https:\/\/www.cofb.org\/#organization\"},\"articleSection\":[\"Notes de premsa\",\"Sense categoria\"],\"inLanguage\":\"es\"},{\"@type\":\"WebPage\",\"@id\":\"https:\/\/novaorg.cofb.net\/2021\/06\/21\/cerca-de-6-000-asistentes-y-mas-de-200-expositores-participan-en-infarma-virtual-2021\/\",\"url\":\"https:\/\/novaorg.cofb.net\/2021\/06\/21\/cerca-de-6-000-asistentes-y-mas-de-200-expositores-participan-en-infarma-virtual-2021\/\",\"name\":\"Cerca de 6.000 asistentes y m\u00e1s de 200 expositores participan en Infarma Virtual 2021 - Col\u00b7legi de Farmac\u00e8utics de Barcelona\",\"isPartOf\":{\"@id\":\"https:\/\/www.cofb.org\/#website\"},\"datePublished\":\"2021-06-21T16:40:00+00:00\",\"dateModified\":\"2021-06-21T16:40:00+00:00\",\"breadcrumb\":{\"@id\":\"https:\/\/novaorg.cofb.net\/2021\/06\/21\/cerca-de-6-000-asistentes-y-mas-de-200-expositores-participan-en-infarma-virtual-2021\/#breadcrumb\"},\"inLanguage\":\"es\",\"potentialAction\":[{\"@type\":\"ReadAction\",\"target\":[\"https:\/\/novaorg.cofb.net\/2021\/06\/21\/cerca-de-6-000-asistentes-y-mas-de-200-expositores-participan-en-infarma-virtual-2021\/\"]}]},{\"@type\":\"BreadcrumbList\",\"@id\":\"https:\/\/novaorg.cofb.net\/2021\/06\/21\/cerca-de-6-000-asistentes-y-mas-de-200-expositores-participan-en-infarma-virtual-2021\/#breadcrumb\",\"itemListElement\":[{\"@type\":\"ListItem\",\"position\":1,\"name\":\"Inici\",\"item\":\"https:\/\/novaorg.cofb.net\/\"},{\"@type\":\"ListItem\",\"position\":2,\"name\":\"Cerca de 6.000 asistentes y m\u00e1s de 200 expositores participan en Infarma Virtual 2021\"}]},{\"@type\":\"WebSite\",\"@id\":\"https:\/\/www.cofb.org\/#website\",\"url\":\"https:\/\/www.cofb.org\/\",\"name\":\"Col\u00b7legi de Farmac\u00e8utics de Barcelona\",\"description\":\"\",\"publisher\":{\"@id\":\"https:\/\/www.cofb.org\/#organization\"},\"potentialAction\":[{\"@type\":\"SearchAction\",\"target\":{\"@type\":\"EntryPoint\",\"urlTemplate\":\"https:\/\/www.cofb.org\/?s={search_term_string}\"},\"query-input\":\"required name=search_term_string\"}],\"inLanguage\":\"es\"},{\"@type\":\"Organization\",\"@id\":\"https:\/\/www.cofb.org\/#organization\",\"name\":\"Col\u00b7legi de Farmac\u00e8utics de Barcelona\",\"url\":\"https:\/\/www.cofb.org\/\",\"logo\":{\"@type\":\"ImageObject\",\"inLanguage\":\"es\",\"@id\":\"https:\/\/www.cofb.org\/#\/schema\/logo\/image\/\",\"url\":\"https:\/\/www.cofb.org\/wp-content\/uploads\/2023\/11\/cropped-Logotip-COFB.png\",\"contentUrl\":\"https:\/\/www.cofb.org\/wp-content\/uploads\/2023\/11\/cropped-Logotip-COFB.png\",\"width\":500,\"height\":105,\"caption\":\"Col\u00b7legi de Farmac\u00e8utics de Barcelona\"},\"image\":{\"@id\":\"https:\/\/www.cofb.org\/#\/schema\/logo\/image\/\"},\"sameAs\":[\"https:\/\/www.facebook.com\/farmaceuticsbcn\/\",\"https:\/\/twitter.com\/farmaceuticsbcn\",\"https:\/\/www.instagram.com\/farmaceuticsbcn\/\",\"https:\/\/www.linkedin.com\/company\/farmaceuticsbcn\/\"]},{\"@type\":\"Person\",\"@id\":\"https:\/\/www.cofb.org\/#\/schema\/person\/22ed7eea88da74b0fa4d3154ad87ffcb\",\"name\":\"wpAdminCofbOrg\",\"image\":{\"@type\":\"ImageObject\",\"inLanguage\":\"es\",\"@id\":\"https:\/\/www.cofb.org\/#\/schema\/person\/image\/\",\"url\":\"https:\/\/secure.gravatar.com\/avatar\/1721b20b3b8ca882c3b56ec6c978c594fff670e40c0718e9190eaeeb76aae7d8?s=96&d=mm&r=g\",\"contentUrl\":\"https:\/\/secure.gravatar.com\/avatar\/1721b20b3b8ca882c3b56ec6c978c594fff670e40c0718e9190eaeeb76aae7d8?s=96&d=mm&r=g\",\"caption\":\"wpAdminCofbOrg\"},\"sameAs\":[\"http:\/\/192.168.64.122\/wordpress\"],\"url\":\"https:\/\/www.cofb.org\/es\/author\/wpadmincofborg\/\"}]}<\/script>\n<!-- \/ Yoast SEO plugin. -->","yoast_head_json":{"title":"Cerca de 6.000 asistentes y m\u00e1s de 200 expositores participan en Infarma Virtual 2021 - Col\u00b7legi de Farmac\u00e8utics de Barcelona","robots":{"index":"index","follow":"follow","max-snippet":"max-snippet:-1","max-image-preview":"max-image-preview:large","max-video-preview":"max-video-preview:-1"},"canonical":"https:\/\/novaorg.cofb.net\/2021\/06\/21\/cerca-de-6-000-asistentes-y-mas-de-200-expositores-participan-en-infarma-virtual-2021\/","og_locale":"es_ES","og_type":"article","og_title":"Cerca de 6.000 asistentes y m\u00e1s de 200 expositores participan en Infarma Virtual 2021 - Col\u00b7legi de Farmac\u00e8utics de Barcelona","og_description":"\u00a0 Los organizadores muestran su satisfacci\u00f3n por los resultados obtenidos en la primera edici\u00f3n digital que integra Congreso y Sal\u00f3n en una \u00fanica plataforma online \u00a0 Las 85 presentaciones comerciales ofrecidas por los expositores han obtenido un importante eco, con 6.307 visualizaciones \u00a0 Infarma Madrid 2022 se celebrar\u00e1 en formato [&hellip;]","og_url":"https:\/\/novaorg.cofb.net\/2021\/06\/21\/cerca-de-6-000-asistentes-y-mas-de-200-expositores-participan-en-infarma-virtual-2021\/","og_site_name":"Col\u00b7legi de Farmac\u00e8utics de Barcelona","article_publisher":"https:\/\/www.facebook.com\/farmaceuticsbcn\/","article_published_time":"2021-06-21T16:40:00+00:00","author":"wpAdminCofbOrg","twitter_card":"summary_large_image","twitter_creator":"@farmaceuticsbcn","twitter_site":"@farmaceuticsbcn","twitter_misc":{"Escrito por":"wpAdminCofbOrg","Tiempo de lectura":"7 minutos"},"schema":{"@context":"https:\/\/schema.org","@graph":[{"@type":"Article","@id":"https:\/\/novaorg.cofb.net\/2021\/06\/21\/cerca-de-6-000-asistentes-y-mas-de-200-expositores-participan-en-infarma-virtual-2021\/#article","isPartOf":{"@id":"https:\/\/novaorg.cofb.net\/2021\/06\/21\/cerca-de-6-000-asistentes-y-mas-de-200-expositores-participan-en-infarma-virtual-2021\/"},"author":{"name":"wpAdminCofbOrg","@id":"https:\/\/www.cofb.org\/#\/schema\/person\/22ed7eea88da74b0fa4d3154ad87ffcb"},"headline":"Cerca de 6.000 asistentes y m\u00e1s de 200 expositores participan en Infarma Virtual 2021","datePublished":"2021-06-21T16:40:00+00:00","dateModified":"2021-06-21T16:40:00+00:00","mainEntityOfPage":{"@id":"https:\/\/novaorg.cofb.net\/2021\/06\/21\/cerca-de-6-000-asistentes-y-mas-de-200-expositores-participan-en-infarma-virtual-2021\/"},"wordCount":1312,"publisher":{"@id":"https:\/\/www.cofb.org\/#organization"},"articleSection":["Notes de premsa","Sense categoria"],"inLanguage":"es"},{"@type":"WebPage","@id":"https:\/\/novaorg.cofb.net\/2021\/06\/21\/cerca-de-6-000-asistentes-y-mas-de-200-expositores-participan-en-infarma-virtual-2021\/","url":"https:\/\/novaorg.cofb.net\/2021\/06\/21\/cerca-de-6-000-asistentes-y-mas-de-200-expositores-participan-en-infarma-virtual-2021\/","name":"Cerca de 6.000 asistentes y m\u00e1s de 200 expositores participan en Infarma Virtual 2021 - Col\u00b7legi de Farmac\u00e8utics de Barcelona","isPartOf":{"@id":"https:\/\/www.cofb.org\/#website"},"datePublished":"2021-06-21T16:40:00+00:00","dateModified":"2021-06-21T16:40:00+00:00","breadcrumb":{"@id":"https:\/\/novaorg.cofb.net\/2021\/06\/21\/cerca-de-6-000-asistentes-y-mas-de-200-expositores-participan-en-infarma-virtual-2021\/#breadcrumb"},"inLanguage":"es","potentialAction":[{"@type":"ReadAction","target":["https:\/\/novaorg.cofb.net\/2021\/06\/21\/cerca-de-6-000-asistentes-y-mas-de-200-expositores-participan-en-infarma-virtual-2021\/"]}]},{"@type":"BreadcrumbList","@id":"https:\/\/novaorg.cofb.net\/2021\/06\/21\/cerca-de-6-000-asistentes-y-mas-de-200-expositores-participan-en-infarma-virtual-2021\/#breadcrumb","itemListElement":[{"@type":"ListItem","position":1,"name":"Inici","item":"https:\/\/novaorg.cofb.net\/"},{"@type":"ListItem","position":2,"name":"Cerca de 6.000 asistentes y m\u00e1s de 200 expositores participan en Infarma Virtual 2021"}]},{"@type":"WebSite","@id":"https:\/\/www.cofb.org\/#website","url":"https:\/\/www.cofb.org\/","name":"Col\u00b7legi de Farmac\u00e8utics de Barcelona","description":"","publisher":{"@id":"https:\/\/www.cofb.org\/#organization"},"potentialAction":[{"@type":"SearchAction","target":{"@type":"EntryPoint","urlTemplate":"https:\/\/www.cofb.org\/?s={search_term_string}"},"query-input":"required name=search_term_string"}],"inLanguage":"es"},{"@type":"Organization","@id":"https:\/\/www.cofb.org\/#organization","name":"Col\u00b7legi de Farmac\u00e8utics de Barcelona","url":"https:\/\/www.cofb.org\/","logo":{"@type":"ImageObject","inLanguage":"es","@id":"https:\/\/www.cofb.org\/#\/schema\/logo\/image\/","url":"https:\/\/www.cofb.org\/wp-content\/uploads\/2023\/11\/cropped-Logotip-COFB.png","contentUrl":"https:\/\/www.cofb.org\/wp-content\/uploads\/2023\/11\/cropped-Logotip-COFB.png","width":500,"height":105,"caption":"Col\u00b7legi de Farmac\u00e8utics de Barcelona"},"image":{"@id":"https:\/\/www.cofb.org\/#\/schema\/logo\/image\/"},"sameAs":["https:\/\/www.facebook.com\/farmaceuticsbcn\/","https:\/\/twitter.com\/farmaceuticsbcn","https:\/\/www.instagram.com\/farmaceuticsbcn\/","https:\/\/www.linkedin.com\/company\/farmaceuticsbcn\/"]},{"@type":"Person","@id":"https:\/\/www.cofb.org\/#\/schema\/person\/22ed7eea88da74b0fa4d3154ad87ffcb","name":"wpAdminCofbOrg","image":{"@type":"ImageObject","inLanguage":"es","@id":"https:\/\/www.cofb.org\/#\/schema\/person\/image\/","url":"https:\/\/secure.gravatar.com\/avatar\/1721b20b3b8ca882c3b56ec6c978c594fff670e40c0718e9190eaeeb76aae7d8?s=96&d=mm&r=g","contentUrl":"https:\/\/secure.gravatar.com\/avatar\/1721b20b3b8ca882c3b56ec6c978c594fff670e40c0718e9190eaeeb76aae7d8?s=96&d=mm&r=g","caption":"wpAdminCofbOrg"},"sameAs":["http:\/\/192.168.64.122\/wordpress"],"url":"https:\/\/www.cofb.org\/es\/author\/wpadmincofborg\/"}]}},"uagb_featured_image_src":{"full":false,"thumbnail":false,"medium":false,"medium_large":false,"large":false,"1536x1536":false,"2048x2048":false,"trp-custom-language-flag":false},"uagb_author_info":{"display_name":"wpAdminCofbOrg","author_link":"https:\/\/www.cofb.org\/es\/author\/wpadmincofborg\/"},"uagb_comment_info":0,"uagb_excerpt":"\u00a0 Los organizadores muestran su satisfacci\u00f3n por los resultados obtenidos en la primera edici\u00f3n digital que integra Congreso y Sal\u00f3n en una \u00fanica plataforma online \u00a0 Las 85 presentaciones comerciales ofrecidas por los expositores han obtenido un importante eco, con 6.307 visualizaciones \u00a0 Infarma Madrid 2022 se celebrar\u00e1 en formato [&hellip;]","_links":{"self":[{"href":"https:\/\/www.cofb.org\/es\/wp-json\/wp\/v2\/posts\/77056","targetHints":{"allow":["GET"]}}],"collection":[{"href":"https:\/\/www.cofb.org\/es\/wp-json\/wp\/v2\/posts"}],"about":[{"href":"https:\/\/www.cofb.org\/es\/wp-json\/wp\/v2\/types\/post"}],"author":[{"embeddable":true,"href":"https:\/\/www.cofb.org\/es\/wp-json\/wp\/v2\/users\/1"}],"replies":[{"embeddable":true,"href":"https:\/\/www.cofb.org\/es\/wp-json\/wp\/v2\/comments?post=77056"}],"version-history":[{"count":0,"href":"https:\/\/www.cofb.org\/es\/wp-json\/wp\/v2\/posts\/77056\/revisions"}],"wp:attachment":[{"href":"https:\/\/www.cofb.org\/es\/wp-json\/wp\/v2\/media?parent=77056"}],"wp:term":[{"taxonomy":"category","embeddable":true,"href":"https:\/\/www.cofb.org\/es\/wp-json\/wp\/v2\/categories?post=77056"},{"taxonomy":"post_tag","embeddable":true,"href":"https:\/\/www.cofb.org\/es\/wp-json\/wp\/v2\/tags?post=77056"}],"curies":[{"name":"wp","href":"https:\/\/api.w.org\/{rel}","templated":true}]}}