{"id":77046,"date":"2021-10-06T13:19:00","date_gmt":"2021-10-06T13:19:00","guid":{"rendered":"https:\/\/novaorg.cofb.net\/2021\/10\/06\/josep-maria-argimon-conseller-de-salut-podem-projectar-un-paper-encara-mes-actiu-de-les-oficines-de-farmacia-en-el-sistema-sanitari\/"},"modified":"2021-10-06T13:19:00","modified_gmt":"2021-10-06T13:19:00","slug":"josep-maria-argimon-conseller-de-salut-podem-projectar-un-paper-encara-mes-actiu-de-les-oficines-de-farmacia-en-el-sistema-sanitari","status":"publish","type":"post","link":"https:\/\/www.cofb.org\/es\/2021\/10\/06\/josep-maria-argimon-conseller-de-salut-podem-projectar-un-paper-encara-mes-actiu-de-les-oficines-de-farmacia-en-el-sistema-sanitari\/","title":{"rendered":"Josep Maria Argimon, consejero de Salud: &quot;Podemos proyectar un papel a\u00fan m\u00e1s activo de las oficinas de farmacia en el sistema sanitario&quot;"},"content":{"rendered":"<p>\u00a0<\/p>\n<ul>\n<li>Son palabras del Consejero de Salud, durante la inauguraci\u00f3n del programa de formaci\u00f3n continuada que tuvo lugar ayer en el COFB, en referencia al convenio firmado con CatSalut<\/li>\n<li>El dr. Argimon tambi\u00e9n agradeci\u00f3 la labor de los farmac\u00e9uticos durante la pandemia, destacando los diferentes proyectos conjuntos que han supuesto un paso m\u00e1s en la incorporaci\u00f3n de la oficina de farmacia en toda la atenci\u00f3n sanitaria<\/li>\n<li>El formato h\u00edbrido, los ciclos de tertulias, la transversalidad entre \u00e1mbitos de ejercicio o la apuesta por fomentar la capacidad investigadora de los farmac\u00e9uticos, son s\u00f3lo algunos de los aspectos m\u00e1s destacados de las m\u00e1s de 150 actividades programadas hasta el momento para el curso acad\u00e9mico de este a\u00f1o<\/li>\n<li><img decoding=\"async\" alt=\"\" src=\"https:\/\/www.cofb.org\/documents\/10136\/1091470\/Inauguraci%C3%B3+PFC+21_22.jpg\/75e227c6-e22d-4739-913a-44542e6a7dea?t=1633519366295\"><\/li>\n<\/ul>\n<p>\u00a0<\/p>\n<p><em>Barcelona, 6 de octubre de 2021<\/em> El consejero de Salud de la Generalidad de Catalu\u00f1a, Josep Maria Argimon, inaugur\u00f3 ayer, en la sede del Colegio de Farmac\u00e9uticos de Barcelona (COFB), el Programa de Formaci\u00f3n Continua 2021-2022 de la instituci\u00f3n. Lo hizo en el marco de la conferencia titulada \u201cFutur del Sistema Sanitari Catal\u00e0: \u00bfd\u00f3nde estamos los farmac\u00e9uticos?\u201d, donde traslad\u00f3, entre otros aspectos, su agradecimiento a los farmac\u00e9uticos: \u201cLas farmacias comunitarias han estado abiertas en todo momento y eso es de agradecer porque en el momento en que alguien tiene un problema de salud, muchas veces, el sitio que tiene m\u00e1s cerca es la oficina de farmacia\u201d.<\/p>\n<p>Por otra parte, refiri\u00e9ndose al cribado de actividades de ocio que se puso en marcha de julio a septiembre desde m\u00e1s de 1.300 farmacias comunitarias de Catalu\u00f1a, afirm\u00f3: \u201cEn el momento en que pedimos toda la col ci\u00f3n de los farmac\u00e9uticos, la encontramos\u201d. El Consejero tambi\u00e9n expuso que proyectos como la entrega de la medicaci\u00f3n hospitalaria de dispensaci\u00f3n ambulatoria (MHDA) desde las farmacias comunitarias o los diversos cribados que se han llevado a cabo \u201cson un paso m\u00e1s en la incorporaci\u00f3n de la oficina de farmacia en toda la atenci\u00f3n sanitaria\u201d.<\/p>\n<p>En este sentido, y con la mirada puesta en el futuro el Consejero de Salud afirm\u00f3 que &quot;el convenio firmado con el CatSalut permite proyectar un papel a\u00fan m\u00e1s activo de las oficinas de farmacia en el sistema sanitario&quot;.<\/p>\n<p><u><strong>&quot;La capilaridad de la red de farmacias ha sido una herramienta de gran utilidad durante la pandemia&quot;<\/strong><\/u><\/p>\n<p>A su vez, Jordi Casas, presidente del COFB, explic\u00f3 que la pandemia ha puesto de manifiesto que es necesario que el sistema sanitario cuente con todos los profesionales que tiene a su alcance. \u201cLa red de farmacias no puede trabajar de forma aislada del sistema. De la misma forma, el sistema de salud no se entender\u00eda sin hacer uso de todos los recursos que tiene y de todos los profesionales\u201d, afirm\u00f3. Y, destacando el papel de los farmac\u00e9uticos durante la pandemia, a\u00f1adi\u00f3: \u201cLa capilaridad de la red de farmacias ha sido una herramienta de gran utilidad durante la pandemia y, concretamente, la labor de los farmac\u00e9uticos ha sido clave para atender a pacientes cr\u00f3nicos, contribuir a descongestionar los Centros de Atenci\u00f3n Primaria y formar parte de la soluci\u00f3n para cortar cadenas de contagio\u201d.<\/p>\n<p><u><strong>M\u00e1s de 150 actividades programadas, apostando decididamente por la metodolog\u00eda h\u00edbrida<\/strong><\/u><\/p>\n<p>La secretaria y responsable de la Comisi\u00f3n Delegada de Formaci\u00f3n Continua del COFB, Aina Surroca, present\u00f3 el Programa de Formaci\u00f3n Continua 21\/22, recogiendo algunos de los aspectos m\u00e1s destacados y las principales novedades. &quot;Para nosotros, fomentar la parte de formaci\u00f3n continua es tambi\u00e9n asegurar que nuestros colegiados tienen una adquisici\u00f3n continua de conocimientos en todos los \u00e1mbitos de ejercicio&quot;, afirm\u00f3 Surroca. Asimismo, destac\u00f3 que en las m\u00e1s de 150 actividades previstas, encontraremos 4 modalidades: 100% presenciales, 100% en streaming, modelo h\u00edbrido (presencial\/streaming) y 100% online a trav\u00e9s de \u00c1gora Sanitaria.<\/p>\n<p>Como en anteriores ocasiones, muchas de estas actividades se llevan a cabo con la colaboraci\u00f3n y apoyo de la industria farmac\u00e9utica que, como un actor m\u00e1s del sector salud, apuesta por la formaci\u00f3n de los farmac\u00e9uticos de los distintos \u00e1mbitos.<\/p>\n<p>M\u00e1s all\u00e1 de las formaciones relacionadas con servicios profesionales o los M\u00e1sters de Gesti\u00f3n de la Oficina de Farmacia y de Ortopedia, las actividades formativas m\u00e1s destacadas del actual curso acad\u00e9mico son las siguientes:<\/p>\n<p><span><strong>Tertulias de actualidad<\/strong><\/span><\/p>\n<p>Durante el curso 2021-2022, habr\u00e1 un ciclo de tertulias de actualidad, en el que se abordar\u00e1n 6 sesiones relacionadas, respectivamente, con la terapia inhalada (10 de noviembre); la importancia del sue\u00f1o en el mantenimiento de la salud (19 de enero); los efectos de la contaminaci\u00f3n ambiental sobre la salud humana (16 de marzo); el Alzheimer y aducanumab (20 de abril), el crecimiento de los trastornos de conducta alimentaria en tiempo de pandemia (11 de mayo) y c\u00f3mo ser\u00e1n los f\u00e1rmacos del futuro (15 de junio). La novedad de este curso acad\u00e9mico es que el farmac\u00e9utico podr\u00e1 inscribirse en el ciclo completo, en vez de hacerlo individualmente por cada sesi\u00f3n.<\/p>\n<p><span><strong>Tertulias COVID-19<\/strong><\/span><\/p>\n<p>Este a\u00f1o, la COVID-19 volver\u00e1 a ser un tema destacado del programa formativo. Se programar\u00e1n conferencias que tratar\u00e1n temas como salud mental, vacunaci\u00f3n o secuelas que deja la enfermedad. Por el momento, ya est\u00e1 programada \u201cVacunes COVID-19. \u00bfQu\u00e9 hemos hecho hasta ahora y qu\u00e9 nos queda por hacer?\u201d (15 de diciembre), a cargo de Magda Campins, jefe del Servicio de Medicina Preventiva y Epidemiolog\u00eda del Hospital Vall d&#039;Hebron, y Daniel Prieto Alhambra, catedr\u00e1tico de Farmacoepidemiolog\u00eda de la Universidad de Oxford<\/p>\n<p><span><strong>Trending topics en Nutrici\u00f3n<\/strong><\/span><\/p>\n<p>Tras el \u00e9xito de asistencia en el ciclo \u201cTrending topics en Nutrici\u00f3n\u201d del curso pasado, este a\u00f1o se vuelven a programar 5 nuevas conferencias con contenidos totalmente diferentes y que profundizan en las \u00faltimas tendencias en nutrici\u00f3n. As\u00ed, por ejemplo, se abordar\u00e1n las nuevas tendencias en tecnolog\u00eda, nutrici\u00f3n y salud (18 de noviembre); los perfiles nutricionales y el NUTRISCORE (27 de enero); de la nutrici\u00f3n a la neurociencia (24 de febrero), el consumo de alcohol y la recomendaci\u00f3n a la poblaci\u00f3n general (28 de abril) o el RealFooding y los beneficios de los alimentos no procesados (26 de mayo). De la misma forma que se ha hecho con las tertulias de actualidad, el farmac\u00e9utico tambi\u00e9n se podr\u00e1 inscribir en el ciclo completo.<\/p>\n<p><strong><span>Colaboraci\u00f3n entre \u00e1mbitos de ejercicio e instituciones<\/span><\/strong><\/p>\n<p>Como en ediciones anteriores, se incluyen formaciones interdisciplinarias, que refuerzan la colaboraci\u00f3n entre los farmac\u00e9uticos de distintos \u00e1mbitos de ejercicio y que implican a varios profesionales sanitarios. Muchas de ellas organizadas conjuntamente con otras instituciones. Son ejemplos las formaciones \u201cActualizaci\u00f3n en el tratamiento del c\u00e1ncer de pr\u00f3stata\u201d (28 de octubre), dirigida a farmac\u00e9uticos de hospitales y centros de Atenci\u00f3n Primaria y organizada conjuntamente con la Sociedad Catalana de Farmacia Cl\u00ednica (SCFC); o \u201cIntroducci\u00f3n a la bio\u00e9tica\u201d (14, 16, 21, 28 y 30 de marzo), cinco sesiones dirigidas a farmac\u00e9uticos que trabajan en el \u00e1mbito de la oficina de farmacia, el hospital, la atenci\u00f3n primaria, la investigaci\u00f3n , la industria farmac\u00e9utica y tambi\u00e9n en responsabilidades de direcci\u00f3n u otras funciones que implican la toma de decisiones en el marco de la \u00e9tica.<\/p>\n<p>Asimismo, tambi\u00e9n encontramos formaciones impartidas por profesionales de diferentes \u00e1mbitos de la salud, como \u201cInfecciones v\u00edricas de la piel\u201d (18 y 20 de octubre) o \u201cActualizaci\u00f3n en oncolog\u00eda hematol\u00f3gica\u201d (4, 11, 18, 25 de noviembre y 2 de diciembre de 2021), organizado conjuntamente con la Sociedad Catalana de Farmacia Cl\u00ednica. \u00a0\u00a0<\/p>\n<p><span><strong>M\u00e1s contenido en el \u00e1rea de Investigaci\u00f3n y Docencia<\/strong><\/span><\/p>\n<p>El Programa de Formaci\u00f3n Continuada 2021-2022 dota de mayor contenido al \u00e1rea de Investigaci\u00f3n y Docencia con el objetivo de fomentar la capacidad investigadora de los farmac\u00e9uticos y de proporcionarles herramientas que les sirvan para el ejercicio de su profesi\u00f3n. \u00a0<\/p>\n<p>Son ejemplos las formaciones \u201cIndicadores para evaluar el estado de salud de nuestro entorno\u201d (12 de noviembre), o \u201cC\u00f3mo redactar art\u00edculos cient\u00edficos\u201d (17 de noviembre).<\/p>\n<p><strong><span>\u00c1gora Sanitaria<\/span><\/strong><\/p>\n<p>El portal de formaci\u00f3n online de los Colegios de Farmac\u00e9uticos de Barcelona y Madrid, \u00c1gora Sanitaria, continuar\u00e1 ofreciendo una amplia oferta formativa. Se consolida la apuesta por nuevos formatos y la adaptaci\u00f3n a la evoluci\u00f3n de la tecnolog\u00eda y los nuevos h\u00e1bitos de seguimiento de la formaci\u00f3n online. Se incorporan metodolog\u00edas centradas en la gamificaci\u00f3n y se da a\u00fan mayor relevancia a los formatos sincr\u00f3nicos y en directo para que la comunicaci\u00f3n entre tutores y alumnos sea m\u00e1s predominante.<\/p>\n<p>Por lo que respecta a los contenidos, se mantiene un cat\u00e1logo que combina la actualizaci\u00f3n farmacol\u00f3gica y la formaci\u00f3n sobre el abordaje de las consultas m\u00e1s frecuentes, con especial atenci\u00f3n al paciente cr\u00f3nico y novedades relacionadas con la persona con patolog\u00eda compleja, con programas formativos enfocados que permiten a los profesionales ganar seguridad y confianza ante las consultas por sintomatolog\u00eda menor.<\/p>\n<p>Por \u00faltimo, tambi\u00e9n se renueva la apuesta por la formaci\u00f3n en la alimentaci\u00f3n del adulto y la gente mayor en la que focalizar\u00e1 la relaci\u00f3n entre medicamentos y nutrientes. Todo ello sin dejar de lado los recursos y consejos sobre el envejecimiento activo, el control de peso y la disfagia.  Son palabras del Consejero de Salud, durante la inauguraci\u00f3n del programa de formaci\u00f3n continuada que tuvo lugar ayer en el COFB, en referencia al convenio firmado con CatSalut<br \/>\n\tEl dr. Argimon tambi\u00e9n agradeci\u00f3 la labor de los farmac\u00e9uticos durante la pandemia, destacando los diferentes proyectos conjuntos que han supuesto un paso m\u00e1s en la incorporaci\u00f3n de la oficina de farmacia en toda la atenci\u00f3n sanitaria<br \/>\n\tEl formato h\u00edbrido, los ciclos de tertulias, la transversalidad entre \u00e1mbitos de ejercicio o la apuesta por fomentar la capacidad investigadora de los farmac\u00e9uticos, son s\u00f3lo algunos de los aspectos m\u00e1s destacados de las m\u00e1s de 150 actividades programadas hasta el momento para el curso acad\u00e9mico de este a\u00f1o<\/p>\n<p>\u00a0<\/p>\n<p>Barcelona, 6 de octubre de 2021. El consejero de Salud de la Generalidad de Catalu\u00f1a, Josep Maria Argimon, inaugur\u00f3 ayer, en la sede del Colegio de Farmac\u00e9uticos de Barcelona (COFB), el Programa de Formaci\u00f3n Continuada 2021-2022 de la instituci\u00f3n. Lo hizo en el marco de la conferencia titulada \u201cFutur del Sistema Sanitari Catal\u00e0: \u00bfd\u00f3nde estamos los farmac\u00e9uticos?\u201d, donde traslad\u00f3, entre otros aspectos, su agradecimiento a los farmac\u00e9uticos: \u201cLas farmacias comunitarias han estado abiertas en todo momento y eso es de agradecer porque en el momento en que alguien tiene un problema de salud, muchas veces, el sitio que tiene m\u00e1s cerca es la oficina de farmacia\u201d.<\/p>\n<p>Por otra parte, refiri\u00e9ndose al cribado de actividades de ocio que se puso en marcha de julio a septiembre desde m\u00e1s de 1.300 farmacias comunitarias de Catalu\u00f1a, afirm\u00f3: \u201cEn el momento en que pedimos toda la col ci\u00f3n de los farmac\u00e9uticos, la encontramos\u201d. El Consejero tambi\u00e9n expuso que proyectos como la entrega de la medicaci\u00f3n hospitalaria de dispensaci\u00f3n ambulatoria (MHDA) desde las farmacias comunitarias o los diversos cribados que se han llevado a cabo \u201cson un paso m\u00e1s en la incorporaci\u00f3n de la oficina de farmacia en toda la atenci\u00f3n sanitaria\u201d.<\/p>\n<p>En este sentido, y con la mirada puesta en el futuro el Consejero de Salud afirm\u00f3 que &quot;el convenio firmado con el CatSalut permite proyectar un papel a\u00fan m\u00e1s activo de las oficinas de farmacia en el sistema sanitario&quot;.<\/p>\n<p>&quot;La capilaridad de la red de farmacias ha sido una herramienta de gran utilidad durante la pandemia&quot;<\/p>\n<p>A su vez, Jordi Casas, presidente del COFB, explic\u00f3 que la pandemia ha puesto de manifiesto que es necesario que el sistema sanitario cuente con todos los profesionales que tiene a su alcance. \u201cLa red de farmacias no puede trabajar de forma aislada del sistema. De la misma forma, el sistema de salud no se entender\u00eda sin hacer uso de todos los recursos que tiene y de todos los profesionales\u201d, afirm\u00f3. Y, destacando el papel de los farmac\u00e9uticos durante la pandemia, a\u00f1adi\u00f3: \u201cLa capilaridad de la red de farmacias ha sido una herramienta de gran utilidad durante la pandemia y, concretamente, la labor de los farmac\u00e9uticos ha sido clave para atender a pacientes cr\u00f3nicos, contribuir a descongestionar los Centros de Atenci\u00f3n Primaria y formar parte de la soluci\u00f3n para cortar cadenas de contagio\u201d.<\/p>\n<p>M\u00e1s de 150 actividades programadas, apostando decididamente por la metodolog\u00eda h\u00edbrida<\/p>\n<p>La secretaria y responsable de la Comisi\u00f3n Delegada de Formaci\u00f3n Continua del COFB, Aina Surroca, present\u00f3 el Programa de Formaci\u00f3n Continua 21\/22, recogiendo algunos de los aspectos m\u00e1s destacados y las principales novedades. &quot;Para nosotros, fomentar la parte de formaci\u00f3n continua es tambi\u00e9n asegurar que nuestros colegiados tienen una adquisici\u00f3n continua de conocimientos en todos los \u00e1mbitos de ejercicio&quot;, afirm\u00f3 Surroca. Asimismo, destac\u00f3 que en las m\u00e1s de 150 actividades previstas, encontraremos 4 modalidades: 100% presenciales, 100% en streaming, modelo h\u00edbrido (presencial\/streaming) y 100% online a trav\u00e9s de \u00c1gora Sanitaria.<\/p>\n<p>Como en anteriores ocasiones, muchas de estas actividades se llevan a cabo con la colaboraci\u00f3n y apoyo de la industria farmac\u00e9utica que, como un actor m\u00e1s del sector salud, apuesta por la formaci\u00f3n de los farmac\u00e9uticos de los distintos \u00e1mbitos.<\/p>\n<p>M\u00e1s all\u00e1 de las formaciones relacionadas con servicios profesionales o los M\u00e1sters de Gesti\u00f3n de la Oficina de Farmacia y de Ortopedia, las actividades formativas m\u00e1s destacadas del actual curso acad\u00e9mico son las siguientes:<\/p>\n<p>Tertulias de actualidad<\/p>\n<p>Durante el curso 2021-2022, habr\u00e1 un ciclo de tertulias de actualidad, en el que se abordar\u00e1n 6 sesiones relacionadas, respectivamente, con la terapia inhalada (10 de noviembre); la importancia del sue\u00f1o en el mantenimiento de la salud (19 de enero); los efectos de la contaminaci\u00f3n ambiental sobre la salud humana (16 de marzo); el Alzheimer y aducanumab (20 de abril), el crecimiento de los trastornos de conducta alimentaria en tiempo de pandemia (11 de mayo) y c\u00f3mo ser\u00e1n los f\u00e1rmacos del futuro (15 de junio). La novedad de este curso acad\u00e9mico es que el farmac\u00e9utico podr\u00e1 inscribirse en el ciclo completo, en vez de hacerlo individualmente por cada sesi\u00f3n.<\/p>\n<p>Tertulias COVID-19<\/p>\n<p>Este a\u00f1o, la COVID-19 volver\u00e1 a ser un tema destacado del programa formativo. Se programar\u00e1n conferencias que tratar\u00e1n temas como salud mental, vacunaci\u00f3n o secuelas que deja la enfermedad. Por el momento, ya est\u00e1 programada \u201cVacunes COVID-19. \u00bfQu\u00e9 hemos hecho hasta ahora y qu\u00e9 nos queda por hacer?\u201d (15 de diciembre), a cargo de Magda Campins, jefe del Servicio de Medicina Preventiva y Epidemiolog\u00eda del Hospital Vall d&#039;Hebron, y Daniel Prieto Alhambra, catedr\u00e1tico de Farmacoepidemiolog\u00eda de la Universidad de Oxford<\/p>\n<p>Trending topics en Nutrici\u00f3n<\/p>\n<p>Tras el \u00e9xito de asistencia en el ciclo \u201cTrending topics en Nutrici\u00f3n\u201d del curso pasado, este a\u00f1o se vuelven a programar 5 nuevas conferencias con contenidos totalmente diferentes y que profundizan en las \u00faltimas tendencias en nutrici\u00f3n. As\u00ed, por ejemplo, se abordar\u00e1n las nuevas tendencias en tecnolog\u00eda, nutrici\u00f3n y salud (18 de noviembre); los perfiles nutricionales y el NUTRISCORE (27 de enero); de la nutrici\u00f3n a la neurociencia (24 de febrero), el consumo de alcohol y la recomendaci\u00f3n a la poblaci\u00f3n general (28 de abril) o el RealFooding y los beneficios de los alimentos no procesados (26 de mayo). De la misma forma que se ha hecho con las tertulias de actualidad, el farmac\u00e9utico tambi\u00e9n se podr\u00e1 inscribir en el ciclo completo.<\/p>\n<p>Colaboraci\u00f3n entre \u00e1mbitos de ejercicio e instituciones<\/p>\n<p>Como en ediciones anteriores, se incluyen formaciones interdisciplinarias, que refuerzan la colaboraci\u00f3n entre los farmac\u00e9uticos de distintos \u00e1mbitos de ejercicio y que implican a varios profesionales sanitarios. Muchas de ellas organizadas conjuntamente con otras instituciones. Son ejemplos las formaciones \u201cActualizaci\u00f3n en el tratamiento del c\u00e1ncer de pr\u00f3stata\u201d (28 de octubre), dirigida a farmac\u00e9uticos de hospitales y centros de Atenci\u00f3n Primaria y organizada conjuntamente con la Sociedad Catalana de Farmacia Cl\u00ednica (SCFC); o \u201cIntroducci\u00f3n a la bio\u00e9tica\u201d (14, 16, 21, 28 y 30 de marzo), cinco sesiones dirigidas a farmac\u00e9uticos que trabajan en el \u00e1mbito de la oficina de farmacia, el hospital, la atenci\u00f3n primaria, la investigaci\u00f3n , la industria farmac\u00e9utica y tambi\u00e9n en responsabilidades de direcci\u00f3n u otras funciones que implican la toma de decisiones en el marco de la \u00e9tica.<\/p>\n<p>Asimismo, tambi\u00e9n encontramos formaciones impartidas por profesionales de diferentes \u00e1mbitos de la salud, como \u201cInfecciones v\u00edricas de la piel\u201d (18 y 20 de octubre) o \u201cActualizaci\u00f3n en oncolog\u00eda hematol\u00f3gica\u201d (4, 11, 18, 25 de noviembre y 2 de diciembre de 2021), organizado conjuntamente con la Sociedad Catalana de Farmacia Cl\u00ednica. \u00a0\u00a0<\/p>\n<p>M\u00e1s contenido en el \u00e1rea de Investigaci\u00f3n y Docencia<\/p>\n<p>El Programa de Formaci\u00f3n Continuada 2021-2022 dota de mayor contenido al \u00e1rea de Investigaci\u00f3n y Docencia con el objetivo de fomentar la capacidad investigadora de los farmac\u00e9uticos y de proporcionarles herramientas que les sirvan para el ejercicio de su profesi\u00f3n. \u00a0<\/p>\n<p>Son ejemplos las formaciones \u201cIndicadores para evaluar el estado de salud de nuestro entorno\u201d (12 de noviembre), o \u201cC\u00f3mo redactar art\u00edculos cient\u00edficos\u201d (17 de noviembre).<\/p>\n<p>\u00c1gora Sanitaria<\/p>\n<p>El portal de formaci\u00f3n online de los Colegios de Farmac\u00e9uticos de Barcelona y Madrid, \u00c1gora Sanitaria, continuar\u00e1 ofreciendo una amplia oferta formativa. Se consolida la apuesta por nuevos formatos y la adaptaci\u00f3n a la evoluci\u00f3n de la tecnolog\u00eda y los nuevos h\u00e1bitos de seguimiento de la formaci\u00f3n online. Se incorporan metodolog\u00edas centradas en la gamificaci\u00f3n y se da a\u00fan mayor relevancia a los formatos sincr\u00f3nicos y en directo para que la comunicaci\u00f3n entre tutores y alumnos sea m\u00e1s predominante.<\/p>\n<p>Por lo que respecta a los contenidos, se mantiene un cat\u00e1logo que combina la actualizaci\u00f3n farmacol\u00f3gica y la formaci\u00f3n sobre el abordaje de las consultas m\u00e1s frecuentes, con especial atenci\u00f3n al paciente cr\u00f3nico y novedades relacionadas con la persona con patolog\u00eda compleja, con programas formativos enfocados que permiten a los profesionales ganar seguridad y confianza ante las consultas por sintomatolog\u00eda menor.<br \/>\nPor \u00faltimo, tambi\u00e9n se renueva la apuesta por la formaci\u00f3n en la alimentaci\u00f3n del adulto y la gente mayor en la que focalizar\u00e1 la relaci\u00f3n entre medicamentos y nutrientes. Todo ello sin dejar de lado los recursos y consejos sobre el envejecimiento activo, el control de peso y la disfagia.   COFB.ORG<\/p>","protected":false},"excerpt":{"rendered":"<p>\u00a0 Son palabras del Consejero de Salud, durante la inauguraci\u00f3n del programa de formaci\u00f3n continuada que tuvo lugar ayer en el COFB, en referencia al convenio firmado con CatSalut El Dr. Argimon tambi\u00e9n agradeci\u00f3 la labor de los farmac\u00e9uticos durante la pandemia, destacando los diferentes proyectos conjuntos que han supuesto [\u2026]<\/p>","protected":false},"author":1,"featured_media":77047,"comment_status":"","ping_status":"","sticky":false,"template":"","format":"standard","meta":{"_uag_custom_page_level_css":"","site-sidebar-layout":"default","site-content-layout":"","ast-site-content-layout":"default","site-content-style":"default","site-sidebar-style":"default","ast-global-header-display":"","ast-banner-title-visibility":"","ast-main-header-display":"","ast-hfb-above-header-display":"","ast-hfb-below-header-display":"","ast-hfb-mobile-header-display":"","site-post-title":"","ast-breadcrumbs-content":"","ast-featured-img":"disabled","footer-sml-layout":"","theme-transparent-header-meta":"","adv-header-id-meta":"","stick-header-meta":"","header-above-stick-meta":"","header-main-stick-meta":"","header-below-stick-meta":"","astra-migrate-meta-layouts":"default","ast-page-background-enabled":"default","ast-page-background-meta":{"desktop":{"background-color":"var(--ast-global-color-4)","background-image":"","background-repeat":"repeat","background-position":"center center","background-size":"auto","background-attachment":"scroll","background-type":"","background-media":"","overlay-type":"","overlay-color":"","overlay-opacity":"","overlay-gradient":""},"tablet":{"background-color":"","background-image":"","background-repeat":"repeat","background-position":"center center","background-size":"auto","background-attachment":"scroll","background-type":"","background-media":"","overlay-type":"","overlay-color":"","overlay-opacity":"","overlay-gradient":""},"mobile":{"background-color":"","background-image":"","background-repeat":"repeat","background-position":"center center","background-size":"auto","background-attachment":"scroll","background-type":"","background-media":"","overlay-type":"","overlay-color":"","overlay-opacity":"","overlay-gradient":""}},"ast-content-background-meta":{"desktop":{"background-color":"var(--ast-global-color-5)","background-image":"","background-repeat":"repeat","background-position":"center center","background-size":"auto","background-attachment":"scroll","background-type":"","background-media":"","overlay-type":"","overlay-color":"","overlay-opacity":"","overlay-gradient":""},"tablet":{"background-color":"var(--ast-global-color-5)","background-image":"","background-repeat":"repeat","background-position":"center center","background-size":"auto","background-attachment":"scroll","background-type":"","background-media":"","overlay-type":"","overlay-color":"","overlay-opacity":"","overlay-gradient":""},"mobile":{"background-color":"var(--ast-global-color-5)","background-image":"","background-repeat":"repeat","background-position":"center center","background-size":"auto","background-attachment":"scroll","background-type":"","background-media":"","overlay-type":"","overlay-color":"","overlay-opacity":"","overlay-gradient":""}},"footnotes":""},"categories":[1060,1066],"tags":[],"class_list":["post-77046","post","type-post","status-publish","format-standard","has-post-thumbnail","hentry","category-notes-premsa","category-sense-categoria-ca"],"yoast_head":"<!-- This site is optimized with the Yoast SEO plugin v22.4 - https:\/\/yoast.com\/wordpress\/plugins\/seo\/ -->\n<title>Josep Maria Argimon, conseller de Salut: \u201cPodem projectar un paper encara m\u00e9s actiu de les oficines de farm\u00e0cia en el sistema sanitari\u201d - Col\u00b7legi de Farmac\u00e8utics de Barcelona<\/title>\n<meta name=\"robots\" content=\"index, follow, max-snippet:-1, max-image-preview:large, max-video-preview:-1\" \/>\n<link rel=\"canonical\" href=\"https:\/\/novaorg.cofb.net\/2021\/10\/06\/josep-maria-argimon-conseller-de-salut-podem-projectar-un-paper-encara-mes-actiu-de-les-oficines-de-farmacia-en-el-sistema-sanitari\/\" \/>\n<meta property=\"og:locale\" content=\"es_ES\" \/>\n<meta property=\"og:type\" content=\"article\" \/>\n<meta property=\"og:title\" content=\"Josep Maria Argimon, conseller de Salut: \u201cPodem projectar un paper encara m\u00e9s actiu de les oficines de farm\u00e0cia en el sistema sanitari\u201d - Col\u00b7legi de Farmac\u00e8utics de Barcelona\" \/>\n<meta property=\"og:description\" content=\"\u00a0 S\u00f3n paraules del Conseller de Salut, durant la inauguraci\u00f3 del programa de formaci\u00f3 continuada que va tenir lloc ahir al COFB, en refer\u00e8ncia al conveni signat amb CatSalut El Dr. Argimon tamb\u00e9 va agrair la tasca dels farmac\u00e8utics durant la pand\u00e8mia, destacant els diferents projectes conjunts que han suposat [&hellip;]\" \/>\n<meta property=\"og:url\" content=\"https:\/\/novaorg.cofb.net\/2021\/10\/06\/josep-maria-argimon-conseller-de-salut-podem-projectar-un-paper-encara-mes-actiu-de-les-oficines-de-farmacia-en-el-sistema-sanitari\/\" \/>\n<meta property=\"og:site_name\" content=\"Col\u00b7legi de Farmac\u00e8utics de Barcelona\" \/>\n<meta property=\"article:publisher\" content=\"https:\/\/www.facebook.com\/farmaceuticsbcn\/\" \/>\n<meta property=\"article:published_time\" content=\"2021-10-06T13:19:00+00:00\" \/>\n<meta property=\"og:image\" content=\"https:\/\/novaorg.cofb.net\/wp-content\/uploads\/2021\/10\/75e227c6-e22d-4739-913a-44542e6a7dea-FT0zmt.jpeg\" \/>\n\t<meta property=\"og:image:width\" content=\"2095\" \/>\n\t<meta property=\"og:image:height\" content=\"1047\" \/>\n\t<meta property=\"og:image:type\" content=\"image\/jpeg\" \/>\n<meta name=\"author\" content=\"wpAdminCofbOrg\" \/>\n<meta name=\"twitter:card\" content=\"summary_large_image\" \/>\n<meta name=\"twitter:creator\" content=\"@farmaceuticsbcn\" \/>\n<meta name=\"twitter:site\" content=\"@farmaceuticsbcn\" \/>\n<meta name=\"twitter:label1\" content=\"Escrito por\" \/>\n\t<meta name=\"twitter:data1\" content=\"wpAdminCofbOrg\" \/>\n\t<meta name=\"twitter:label2\" content=\"Tiempo de lectura\" \/>\n\t<meta name=\"twitter:data2\" content=\"16 minutos\" \/>\n<script type=\"application\/ld+json\" class=\"yoast-schema-graph\">{\"@context\":\"https:\/\/schema.org\",\"@graph\":[{\"@type\":\"Article\",\"@id\":\"https:\/\/novaorg.cofb.net\/2021\/10\/06\/josep-maria-argimon-conseller-de-salut-podem-projectar-un-paper-encara-mes-actiu-de-les-oficines-de-farmacia-en-el-sistema-sanitari\/#article\",\"isPartOf\":{\"@id\":\"https:\/\/novaorg.cofb.net\/2021\/10\/06\/josep-maria-argimon-conseller-de-salut-podem-projectar-un-paper-encara-mes-actiu-de-les-oficines-de-farmacia-en-el-sistema-sanitari\/\"},\"author\":{\"name\":\"wpAdminCofbOrg\",\"@id\":\"https:\/\/www.cofb.org\/#\/schema\/person\/22ed7eea88da74b0fa4d3154ad87ffcb\"},\"headline\":\"Josep Maria Argimon, conseller de Salut: \u201cPodem projectar un paper encara m\u00e9s actiu de les oficines de farm\u00e0cia en el sistema sanitari\u201d\",\"datePublished\":\"2021-10-06T13:19:00+00:00\",\"dateModified\":\"2021-10-06T13:19:00+00:00\",\"mainEntityOfPage\":{\"@id\":\"https:\/\/novaorg.cofb.net\/2021\/10\/06\/josep-maria-argimon-conseller-de-salut-podem-projectar-un-paper-encara-mes-actiu-de-les-oficines-de-farmacia-en-el-sistema-sanitari\/\"},\"wordCount\":3154,\"publisher\":{\"@id\":\"https:\/\/www.cofb.org\/#organization\"},\"image\":{\"@id\":\"https:\/\/novaorg.cofb.net\/2021\/10\/06\/josep-maria-argimon-conseller-de-salut-podem-projectar-un-paper-encara-mes-actiu-de-les-oficines-de-farmacia-en-el-sistema-sanitari\/#primaryimage\"},\"thumbnailUrl\":\"https:\/\/www.cofb.org\/wp-content\/uploads\/2021\/10\/75e227c6-e22d-4739-913a-44542e6a7dea-FT0zmt.jpeg\",\"articleSection\":[\"Notes de premsa\",\"Sense categoria\"],\"inLanguage\":\"es\"},{\"@type\":\"WebPage\",\"@id\":\"https:\/\/novaorg.cofb.net\/2021\/10\/06\/josep-maria-argimon-conseller-de-salut-podem-projectar-un-paper-encara-mes-actiu-de-les-oficines-de-farmacia-en-el-sistema-sanitari\/\",\"url\":\"https:\/\/novaorg.cofb.net\/2021\/10\/06\/josep-maria-argimon-conseller-de-salut-podem-projectar-un-paper-encara-mes-actiu-de-les-oficines-de-farmacia-en-el-sistema-sanitari\/\",\"name\":\"Josep Maria Argimon, conseller de Salut: \u201cPodem projectar un paper encara m\u00e9s actiu de les oficines de farm\u00e0cia en el sistema sanitari\u201d - Col\u00b7legi de Farmac\u00e8utics de Barcelona\",\"isPartOf\":{\"@id\":\"https:\/\/www.cofb.org\/#website\"},\"primaryImageOfPage\":{\"@id\":\"https:\/\/novaorg.cofb.net\/2021\/10\/06\/josep-maria-argimon-conseller-de-salut-podem-projectar-un-paper-encara-mes-actiu-de-les-oficines-de-farmacia-en-el-sistema-sanitari\/#primaryimage\"},\"image\":{\"@id\":\"https:\/\/novaorg.cofb.net\/2021\/10\/06\/josep-maria-argimon-conseller-de-salut-podem-projectar-un-paper-encara-mes-actiu-de-les-oficines-de-farmacia-en-el-sistema-sanitari\/#primaryimage\"},\"thumbnailUrl\":\"https:\/\/www.cofb.org\/wp-content\/uploads\/2021\/10\/75e227c6-e22d-4739-913a-44542e6a7dea-FT0zmt.jpeg\",\"datePublished\":\"2021-10-06T13:19:00+00:00\",\"dateModified\":\"2021-10-06T13:19:00+00:00\",\"breadcrumb\":{\"@id\":\"https:\/\/novaorg.cofb.net\/2021\/10\/06\/josep-maria-argimon-conseller-de-salut-podem-projectar-un-paper-encara-mes-actiu-de-les-oficines-de-farmacia-en-el-sistema-sanitari\/#breadcrumb\"},\"inLanguage\":\"es\",\"potentialAction\":[{\"@type\":\"ReadAction\",\"target\":[\"https:\/\/novaorg.cofb.net\/2021\/10\/06\/josep-maria-argimon-conseller-de-salut-podem-projectar-un-paper-encara-mes-actiu-de-les-oficines-de-farmacia-en-el-sistema-sanitari\/\"]}]},{\"@type\":\"ImageObject\",\"inLanguage\":\"es\",\"@id\":\"https:\/\/novaorg.cofb.net\/2021\/10\/06\/josep-maria-argimon-conseller-de-salut-podem-projectar-un-paper-encara-mes-actiu-de-les-oficines-de-farmacia-en-el-sistema-sanitari\/#primaryimage\",\"url\":\"https:\/\/www.cofb.org\/wp-content\/uploads\/2021\/10\/75e227c6-e22d-4739-913a-44542e6a7dea-FT0zmt.jpeg\",\"contentUrl\":\"https:\/\/www.cofb.org\/wp-content\/uploads\/2021\/10\/75e227c6-e22d-4739-913a-44542e6a7dea-FT0zmt.jpeg\",\"width\":2095,\"height\":1047},{\"@type\":\"BreadcrumbList\",\"@id\":\"https:\/\/novaorg.cofb.net\/2021\/10\/06\/josep-maria-argimon-conseller-de-salut-podem-projectar-un-paper-encara-mes-actiu-de-les-oficines-de-farmacia-en-el-sistema-sanitari\/#breadcrumb\",\"itemListElement\":[{\"@type\":\"ListItem\",\"position\":1,\"name\":\"Inici\",\"item\":\"https:\/\/novaorg.cofb.net\/\"},{\"@type\":\"ListItem\",\"position\":2,\"name\":\"Josep Maria Argimon, conseller de Salut: \u201cPodem projectar un paper encara m\u00e9s actiu de les oficines de farm\u00e0cia en el sistema sanitari\u201d\"}]},{\"@type\":\"WebSite\",\"@id\":\"https:\/\/www.cofb.org\/#website\",\"url\":\"https:\/\/www.cofb.org\/\",\"name\":\"Col\u00b7legi de Farmac\u00e8utics de Barcelona\",\"description\":\"\",\"publisher\":{\"@id\":\"https:\/\/www.cofb.org\/#organization\"},\"potentialAction\":[{\"@type\":\"SearchAction\",\"target\":{\"@type\":\"EntryPoint\",\"urlTemplate\":\"https:\/\/www.cofb.org\/?s={search_term_string}\"},\"query-input\":\"required name=search_term_string\"}],\"inLanguage\":\"es\"},{\"@type\":\"Organization\",\"@id\":\"https:\/\/www.cofb.org\/#organization\",\"name\":\"Col\u00b7legi de Farmac\u00e8utics de Barcelona\",\"url\":\"https:\/\/www.cofb.org\/\",\"logo\":{\"@type\":\"ImageObject\",\"inLanguage\":\"es\",\"@id\":\"https:\/\/www.cofb.org\/#\/schema\/logo\/image\/\",\"url\":\"https:\/\/www.cofb.org\/wp-content\/uploads\/2023\/11\/cropped-Logotip-COFB.png\",\"contentUrl\":\"https:\/\/www.cofb.org\/wp-content\/uploads\/2023\/11\/cropped-Logotip-COFB.png\",\"width\":500,\"height\":105,\"caption\":\"Col\u00b7legi de Farmac\u00e8utics de Barcelona\"},\"image\":{\"@id\":\"https:\/\/www.cofb.org\/#\/schema\/logo\/image\/\"},\"sameAs\":[\"https:\/\/www.facebook.com\/farmaceuticsbcn\/\",\"https:\/\/twitter.com\/farmaceuticsbcn\",\"https:\/\/www.instagram.com\/farmaceuticsbcn\/\",\"https:\/\/www.linkedin.com\/company\/farmaceuticsbcn\/\"]},{\"@type\":\"Person\",\"@id\":\"https:\/\/www.cofb.org\/#\/schema\/person\/22ed7eea88da74b0fa4d3154ad87ffcb\",\"name\":\"wpAdminCofbOrg\",\"image\":{\"@type\":\"ImageObject\",\"inLanguage\":\"es\",\"@id\":\"https:\/\/www.cofb.org\/#\/schema\/person\/image\/\",\"url\":\"https:\/\/secure.gravatar.com\/avatar\/1721b20b3b8ca882c3b56ec6c978c594fff670e40c0718e9190eaeeb76aae7d8?s=96&d=mm&r=g\",\"contentUrl\":\"https:\/\/secure.gravatar.com\/avatar\/1721b20b3b8ca882c3b56ec6c978c594fff670e40c0718e9190eaeeb76aae7d8?s=96&d=mm&r=g\",\"caption\":\"wpAdminCofbOrg\"},\"sameAs\":[\"http:\/\/192.168.64.122\/wordpress\"],\"url\":\"https:\/\/www.cofb.org\/es\/author\/wpadmincofborg\/\"}]}<\/script>\n<!-- \/ Yoast SEO plugin. -->","yoast_head_json":{"title":"Josep Maria Argimon, conseller de Salut: \u201cPodem projectar un paper encara m\u00e9s actiu de les oficines de farm\u00e0cia en el sistema sanitari\u201d - Col\u00b7legi de Farmac\u00e8utics de Barcelona","robots":{"index":"index","follow":"follow","max-snippet":"max-snippet:-1","max-image-preview":"max-image-preview:large","max-video-preview":"max-video-preview:-1"},"canonical":"https:\/\/novaorg.cofb.net\/2021\/10\/06\/josep-maria-argimon-conseller-de-salut-podem-projectar-un-paper-encara-mes-actiu-de-les-oficines-de-farmacia-en-el-sistema-sanitari\/","og_locale":"es_ES","og_type":"article","og_title":"Josep Maria Argimon, conseller de Salut: \u201cPodem projectar un paper encara m\u00e9s actiu de les oficines de farm\u00e0cia en el sistema sanitari\u201d - Col\u00b7legi de Farmac\u00e8utics de Barcelona","og_description":"\u00a0 S\u00f3n paraules del Conseller de Salut, durant la inauguraci\u00f3 del programa de formaci\u00f3 continuada que va tenir lloc ahir al COFB, en refer\u00e8ncia al conveni signat amb CatSalut El Dr. Argimon tamb\u00e9 va agrair la tasca dels farmac\u00e8utics durant la pand\u00e8mia, destacant els diferents projectes conjunts que han suposat [&hellip;]","og_url":"https:\/\/novaorg.cofb.net\/2021\/10\/06\/josep-maria-argimon-conseller-de-salut-podem-projectar-un-paper-encara-mes-actiu-de-les-oficines-de-farmacia-en-el-sistema-sanitari\/","og_site_name":"Col\u00b7legi de Farmac\u00e8utics de Barcelona","article_publisher":"https:\/\/www.facebook.com\/farmaceuticsbcn\/","article_published_time":"2021-10-06T13:19:00+00:00","og_image":[{"width":2095,"height":1047,"url":"https:\/\/novaorg.cofb.net\/wp-content\/uploads\/2021\/10\/75e227c6-e22d-4739-913a-44542e6a7dea-FT0zmt.jpeg","type":"image\/jpeg"}],"author":"wpAdminCofbOrg","twitter_card":"summary_large_image","twitter_creator":"@farmaceuticsbcn","twitter_site":"@farmaceuticsbcn","twitter_misc":{"Escrito por":"wpAdminCofbOrg","Tiempo de lectura":"16 minutos"},"schema":{"@context":"https:\/\/schema.org","@graph":[{"@type":"Article","@id":"https:\/\/novaorg.cofb.net\/2021\/10\/06\/josep-maria-argimon-conseller-de-salut-podem-projectar-un-paper-encara-mes-actiu-de-les-oficines-de-farmacia-en-el-sistema-sanitari\/#article","isPartOf":{"@id":"https:\/\/novaorg.cofb.net\/2021\/10\/06\/josep-maria-argimon-conseller-de-salut-podem-projectar-un-paper-encara-mes-actiu-de-les-oficines-de-farmacia-en-el-sistema-sanitari\/"},"author":{"name":"wpAdminCofbOrg","@id":"https:\/\/www.cofb.org\/#\/schema\/person\/22ed7eea88da74b0fa4d3154ad87ffcb"},"headline":"Josep Maria Argimon, conseller de Salut: \u201cPodem projectar un paper encara m\u00e9s actiu de les oficines de farm\u00e0cia en el sistema sanitari\u201d","datePublished":"2021-10-06T13:19:00+00:00","dateModified":"2021-10-06T13:19:00+00:00","mainEntityOfPage":{"@id":"https:\/\/novaorg.cofb.net\/2021\/10\/06\/josep-maria-argimon-conseller-de-salut-podem-projectar-un-paper-encara-mes-actiu-de-les-oficines-de-farmacia-en-el-sistema-sanitari\/"},"wordCount":3154,"publisher":{"@id":"https:\/\/www.cofb.org\/#organization"},"image":{"@id":"https:\/\/novaorg.cofb.net\/2021\/10\/06\/josep-maria-argimon-conseller-de-salut-podem-projectar-un-paper-encara-mes-actiu-de-les-oficines-de-farmacia-en-el-sistema-sanitari\/#primaryimage"},"thumbnailUrl":"https:\/\/www.cofb.org\/wp-content\/uploads\/2021\/10\/75e227c6-e22d-4739-913a-44542e6a7dea-FT0zmt.jpeg","articleSection":["Notes de premsa","Sense categoria"],"inLanguage":"es"},{"@type":"WebPage","@id":"https:\/\/novaorg.cofb.net\/2021\/10\/06\/josep-maria-argimon-conseller-de-salut-podem-projectar-un-paper-encara-mes-actiu-de-les-oficines-de-farmacia-en-el-sistema-sanitari\/","url":"https:\/\/novaorg.cofb.net\/2021\/10\/06\/josep-maria-argimon-conseller-de-salut-podem-projectar-un-paper-encara-mes-actiu-de-les-oficines-de-farmacia-en-el-sistema-sanitari\/","name":"Josep Maria Argimon, conseller de Salut: \u201cPodem projectar un paper encara m\u00e9s actiu de les oficines de farm\u00e0cia en el sistema sanitari\u201d - Col\u00b7legi de Farmac\u00e8utics de Barcelona","isPartOf":{"@id":"https:\/\/www.cofb.org\/#website"},"primaryImageOfPage":{"@id":"https:\/\/novaorg.cofb.net\/2021\/10\/06\/josep-maria-argimon-conseller-de-salut-podem-projectar-un-paper-encara-mes-actiu-de-les-oficines-de-farmacia-en-el-sistema-sanitari\/#primaryimage"},"image":{"@id":"https:\/\/novaorg.cofb.net\/2021\/10\/06\/josep-maria-argimon-conseller-de-salut-podem-projectar-un-paper-encara-mes-actiu-de-les-oficines-de-farmacia-en-el-sistema-sanitari\/#primaryimage"},"thumbnailUrl":"https:\/\/www.cofb.org\/wp-content\/uploads\/2021\/10\/75e227c6-e22d-4739-913a-44542e6a7dea-FT0zmt.jpeg","datePublished":"2021-10-06T13:19:00+00:00","dateModified":"2021-10-06T13:19:00+00:00","breadcrumb":{"@id":"https:\/\/novaorg.cofb.net\/2021\/10\/06\/josep-maria-argimon-conseller-de-salut-podem-projectar-un-paper-encara-mes-actiu-de-les-oficines-de-farmacia-en-el-sistema-sanitari\/#breadcrumb"},"inLanguage":"es","potentialAction":[{"@type":"ReadAction","target":["https:\/\/novaorg.cofb.net\/2021\/10\/06\/josep-maria-argimon-conseller-de-salut-podem-projectar-un-paper-encara-mes-actiu-de-les-oficines-de-farmacia-en-el-sistema-sanitari\/"]}]},{"@type":"ImageObject","inLanguage":"es","@id":"https:\/\/novaorg.cofb.net\/2021\/10\/06\/josep-maria-argimon-conseller-de-salut-podem-projectar-un-paper-encara-mes-actiu-de-les-oficines-de-farmacia-en-el-sistema-sanitari\/#primaryimage","url":"https:\/\/www.cofb.org\/wp-content\/uploads\/2021\/10\/75e227c6-e22d-4739-913a-44542e6a7dea-FT0zmt.jpeg","contentUrl":"https:\/\/www.cofb.org\/wp-content\/uploads\/2021\/10\/75e227c6-e22d-4739-913a-44542e6a7dea-FT0zmt.jpeg","width":2095,"height":1047},{"@type":"BreadcrumbList","@id":"https:\/\/novaorg.cofb.net\/2021\/10\/06\/josep-maria-argimon-conseller-de-salut-podem-projectar-un-paper-encara-mes-actiu-de-les-oficines-de-farmacia-en-el-sistema-sanitari\/#breadcrumb","itemListElement":[{"@type":"ListItem","position":1,"name":"Inici","item":"https:\/\/novaorg.cofb.net\/"},{"@type":"ListItem","position":2,"name":"Josep Maria Argimon, conseller de Salut: \u201cPodem projectar un paper encara m\u00e9s actiu de les oficines de farm\u00e0cia en el sistema sanitari\u201d"}]},{"@type":"WebSite","@id":"https:\/\/www.cofb.org\/#website","url":"https:\/\/www.cofb.org\/","name":"Col\u00b7legi de Farmac\u00e8utics de Barcelona","description":"","publisher":{"@id":"https:\/\/www.cofb.org\/#organization"},"potentialAction":[{"@type":"SearchAction","target":{"@type":"EntryPoint","urlTemplate":"https:\/\/www.cofb.org\/?s={search_term_string}"},"query-input":"required name=search_term_string"}],"inLanguage":"es"},{"@type":"Organization","@id":"https:\/\/www.cofb.org\/#organization","name":"Col\u00b7legi de Farmac\u00e8utics de Barcelona","url":"https:\/\/www.cofb.org\/","logo":{"@type":"ImageObject","inLanguage":"es","@id":"https:\/\/www.cofb.org\/#\/schema\/logo\/image\/","url":"https:\/\/www.cofb.org\/wp-content\/uploads\/2023\/11\/cropped-Logotip-COFB.png","contentUrl":"https:\/\/www.cofb.org\/wp-content\/uploads\/2023\/11\/cropped-Logotip-COFB.png","width":500,"height":105,"caption":"Col\u00b7legi de Farmac\u00e8utics de Barcelona"},"image":{"@id":"https:\/\/www.cofb.org\/#\/schema\/logo\/image\/"},"sameAs":["https:\/\/www.facebook.com\/farmaceuticsbcn\/","https:\/\/twitter.com\/farmaceuticsbcn","https:\/\/www.instagram.com\/farmaceuticsbcn\/","https:\/\/www.linkedin.com\/company\/farmaceuticsbcn\/"]},{"@type":"Person","@id":"https:\/\/www.cofb.org\/#\/schema\/person\/22ed7eea88da74b0fa4d3154ad87ffcb","name":"wpAdminCofbOrg","image":{"@type":"ImageObject","inLanguage":"es","@id":"https:\/\/www.cofb.org\/#\/schema\/person\/image\/","url":"https:\/\/secure.gravatar.com\/avatar\/1721b20b3b8ca882c3b56ec6c978c594fff670e40c0718e9190eaeeb76aae7d8?s=96&d=mm&r=g","contentUrl":"https:\/\/secure.gravatar.com\/avatar\/1721b20b3b8ca882c3b56ec6c978c594fff670e40c0718e9190eaeeb76aae7d8?s=96&d=mm&r=g","caption":"wpAdminCofbOrg"},"sameAs":["http:\/\/192.168.64.122\/wordpress"],"url":"https:\/\/www.cofb.org\/es\/author\/wpadmincofborg\/"}]}},"uagb_featured_image_src":{"full":["https:\/\/www.cofb.org\/wp-content\/uploads\/2021\/10\/75e227c6-e22d-4739-913a-44542e6a7dea-FT0zmt.jpeg",2095,1047,false],"thumbnail":["https:\/\/www.cofb.org\/wp-content\/uploads\/2021\/10\/75e227c6-e22d-4739-913a-44542e6a7dea-FT0zmt-150x150.jpeg",150,150,true],"medium":["https:\/\/www.cofb.org\/wp-content\/uploads\/2021\/10\/75e227c6-e22d-4739-913a-44542e6a7dea-FT0zmt-300x150.jpeg",300,150,true],"medium_large":["https:\/\/www.cofb.org\/wp-content\/uploads\/2021\/10\/75e227c6-e22d-4739-913a-44542e6a7dea-FT0zmt-768x384.jpeg",768,384,true],"large":["https:\/\/www.cofb.org\/wp-content\/uploads\/2021\/10\/75e227c6-e22d-4739-913a-44542e6a7dea-FT0zmt-1024x512.jpeg",1024,512,true],"1536x1536":["https:\/\/www.cofb.org\/wp-content\/uploads\/2021\/10\/75e227c6-e22d-4739-913a-44542e6a7dea-FT0zmt-1536x768.jpeg",1536,768,true],"2048x2048":["https:\/\/www.cofb.org\/wp-content\/uploads\/2021\/10\/75e227c6-e22d-4739-913a-44542e6a7dea-FT0zmt-2048x1024.jpeg",2048,1024,true],"trp-custom-language-flag":["https:\/\/www.cofb.org\/wp-content\/uploads\/2021\/10\/75e227c6-e22d-4739-913a-44542e6a7dea-FT0zmt-18x9.jpeg",18,9,true]},"uagb_author_info":{"display_name":"wpAdminCofbOrg","author_link":"https:\/\/www.cofb.org\/es\/author\/wpadmincofborg\/"},"uagb_comment_info":0,"uagb_excerpt":"\u00a0 S\u00f3n paraules del Conseller de Salut, durant la inauguraci\u00f3 del programa de formaci\u00f3 continuada que va tenir lloc ahir al COFB, en refer\u00e8ncia al conveni signat amb CatSalut El Dr. Argimon tamb\u00e9 va agrair la tasca dels farmac\u00e8utics durant la pand\u00e8mia, destacant els diferents projectes conjunts que han suposat [&hellip;]","_links":{"self":[{"href":"https:\/\/www.cofb.org\/es\/wp-json\/wp\/v2\/posts\/77046","targetHints":{"allow":["GET"]}}],"collection":[{"href":"https:\/\/www.cofb.org\/es\/wp-json\/wp\/v2\/posts"}],"about":[{"href":"https:\/\/www.cofb.org\/es\/wp-json\/wp\/v2\/types\/post"}],"author":[{"embeddable":true,"href":"https:\/\/www.cofb.org\/es\/wp-json\/wp\/v2\/users\/1"}],"replies":[{"embeddable":true,"href":"https:\/\/www.cofb.org\/es\/wp-json\/wp\/v2\/comments?post=77046"}],"version-history":[{"count":0,"href":"https:\/\/www.cofb.org\/es\/wp-json\/wp\/v2\/posts\/77046\/revisions"}],"wp:featuredmedia":[{"embeddable":true,"href":"https:\/\/www.cofb.org\/es\/wp-json\/wp\/v2\/media\/77047"}],"wp:attachment":[{"href":"https:\/\/www.cofb.org\/es\/wp-json\/wp\/v2\/media?parent=77046"}],"wp:term":[{"taxonomy":"category","embeddable":true,"href":"https:\/\/www.cofb.org\/es\/wp-json\/wp\/v2\/categories?post=77046"},{"taxonomy":"post_tag","embeddable":true,"href":"https:\/\/www.cofb.org\/es\/wp-json\/wp\/v2\/tags?post=77046"}],"curies":[{"name":"wp","href":"https:\/\/api.w.org\/{rel}","templated":true}]}}