{"id":77045,"date":"2021-10-08T11:33:00","date_gmt":"2021-10-08T11:33:00","guid":{"rendered":"https:\/\/novaorg.cofb.net\/2021\/10\/08\/el-cofb-inaugura-la-xvii-edicio-del-mgof-amb-la-nova-modalitat-hibrida-facilitant-la-formacio-en-larea-de-gestio-a-farmaceutics-es-daltres-comunitats-autonomes\/"},"modified":"2021-10-08T11:33:00","modified_gmt":"2021-10-08T11:33:00","slug":"el-cofb-inaugura-la-xvii-edicio-del-mgof-amb-la-nova-modalitat-hibrida-facilitant-la-formacio-en-larea-de-gestio-a-farmaceutics-es-daltres-comunitats-autonomes","status":"publish","type":"post","link":"https:\/\/www.cofb.org\/es\/2021\/10\/08\/el-cofb-inaugura-la-xvii-edicio-del-mgof-amb-la-nova-modalitat-hibrida-facilitant-la-formacio-en-larea-de-gestio-a-farmaceutics-es-daltres-comunitats-autonomes\/","title":{"rendered":"El COFB inaugura la XVII edici\u00f3n del MGOF con la nueva modalidad h\u00edbrida, facilitando la formaci\u00f3n en el \u00e1rea de gesti\u00f3n a farmac\u00e9uticos\/as de otras Comunidades Aut\u00f3nomas"},"content":{"rendered":"<p>\u00a0<\/p>\n<ul>\n<li>Este a\u00f1o el <strong>M\u00e1ster<\/strong> se imparte por primera vez en <strong>modalidad h\u00edbrida<\/strong>, con el objetivo de que tanto el formato <strong>presencial<\/strong> como el <strong>virtual <\/strong>garanticen la misma <strong>formaci\u00f3n te\u00f3rica<\/strong>, <strong>participativa<\/strong> y <strong>din\u00e1mica<\/strong><\/li>\n<\/ul>\n<p>\u00a0<\/p>\n<ul>\n<li>Durante la inauguraci\u00f3n del M\u00e1ster, el presidente del COFB destac\u00f3 <strong>la labor de los farmac\u00e9uticos<\/strong>, <strong>especialmente durante la pandemia<\/strong>, as\u00ed como la importancia de encontrar el equilibrio entre la vertiente asistencial y la gesti\u00f3n<\/li>\n<\/ul>\n<p>\u00a0<\/p>\n<p><em>Barcelona, 8 de octubre de 2021<\/em>. El pasado <strong>5 de octubre<\/strong> tuvo lugar <strong>la inauguraci\u00f3n<\/strong> de la <strong>XVII edici\u00f3n del M\u00e1ster de Gesti\u00f3n de la Oficina de Farmacia (MGOF)<\/strong>. Durante el acto, el presidente del COFB, <strong>Jordi Casas<\/strong>, resalt\u00f3 como la <strong>pandemia<\/strong> provocada por la <strong>COVID-19<\/strong> ha cambiado el<strong>ejercicio de la profesi\u00f3n<\/strong>: \u201cNuestro trabajo, como en <strong>farmac\u00e9uticos<\/strong>, va <strong>evolucionando<\/strong> constantemente. Lo hemos podido ver especialmente en el \u00faltimo a\u00f1o y medio, durante la pandemia, cuando <strong>la Farmacia ha demostrado estar preparada para dar respuesta a las necesidades de la sociedad desde una vertiente m\u00e1s asistencial\u201d<\/strong>.<\/p>\n<p><strong><u>&quot;El desarrollo profesional no es posible si no existe detr\u00e1s de una estructura organizativa o infraestructura en las farmacias que lo permita&quot;<\/u><\/strong><\/p>\n<p>En este sentido, Casas remarc\u00f3 que &quot;algunos proyectos que hemos puesto en marcha en el \u00faltimo a\u00f1o ser\u00edan impensables hace diez a\u00f1os&quot;. De hecho, \u201cen febrero firmamos un convenio con el CatSalut de desarrollo del<strong>atenci\u00f3n farmac\u00e9utica comunitaria <\/strong>en el <strong>sistema p\u00fablico de salud<\/strong>. A partir de ah\u00ed, han venido muchos proyectos como el <strong>entrega de proximidad de los medicamentos hospitalarios de dispensaci\u00f3n ambulatoria (MHDA)<\/strong> o los <strong>cribados con test de ant\u00edgenos<\/strong>, que forman parte del<strong>estrategia de cribado <\/strong>con <strong>Salud P\u00fablica<\/strong>. Obviamente, todo este desarrollo profesional no es posible si no existe detr\u00e1s de una <strong>estructura organizativa<\/strong> o <strong>infraestructura en las farmacias<\/strong> que lo permita\u201d.<\/p>\n<p>En definitiva, seg\u00fan expuso el presidente del COFB, \u201cel <strong>vertiente asistencial<\/strong> y la <strong>gesti\u00f3n<\/strong> deben estar compensadas y es necesario irse formado en cada una de ellas. El Programa de Formaci\u00f3n Continuada del COFB intenta dar respuesta a ambas partes y el <strong>paradigma de la formaci\u00f3n en el \u00e1mbito m\u00e1s empresarial y de gesti\u00f3n es el M\u00e1ster de Gesti\u00f3n de la Oficina de Farmacia (MGOF)<\/strong>\u201d.<\/p>\n<p>Durante el<strong>acto de inauguraci\u00f3n <\/strong>tambi\u00e9n estuvieron presentes <strong>Aina Surroca<\/strong>, secretaria del COFB y responsable de la Comisi\u00f3n Delegada de Formaci\u00f3n Continua; <strong>Juan Carlos Serra<\/strong>, director del MGOF; y <strong>Cristina Rodr\u00edguez<\/strong> y <strong>M\u00f3nica Gallach<\/strong>, coordinadoras del M\u00e1ster y miembros del Departamento de Formaci\u00f3n y Desarrollo Profesional del COFB.<\/p>\n<p><strong><u>Modalidad h\u00edbrida por primera vez<\/u><\/strong><\/p>\n<p>Tal y como se anunci\u00f3 el pasado mes de junio, esta edici\u00f3n del <strong>M\u00e1ster de Gesti\u00f3n de la Oficina de Farmacia<\/strong> se impartir\u00e1 por <strong>primera vez<\/strong> con una <strong>modalidad h\u00edbrida<\/strong> -presencial y virtual-, para facilitar que farmac\u00e9uticos de otras Comunidades Aut\u00f3nomas puedan realizarlo y, de esta forma, recibir una formaci\u00f3n de \u00e9xito despu\u00e9s de 17 a\u00f1os alcanz\u00e1ndolo. En cualquier caso, <strong>tanto en el formato presencial<\/strong> como en el <strong>virtual<\/strong>, los participantes obtendr\u00e1n la <strong>misma formaci\u00f3n te\u00f3rica, participativa y din\u00e1mica<\/strong>.<\/p>\n<p><strong><u>Los 3 m\u00f3dulos del M\u00e1ster de Gesti\u00f3n de la Oficina de Farmacia<\/u><\/strong><\/p>\n<p>El <strong>M\u00e1ster<\/strong> persigue que los alumnos desarrollen las <strong>competencias necesarias<\/strong> para mejorar la <strong>gesti\u00f3n de la oficina de farmacia<\/strong>. Para ello, consta de <strong>3 blogs -Finanzas y Fiscalidad, Gesti\u00f3n de Personas y Marketing-<\/strong>, que los alumnos tienen la opci\u00f3n de cursar por separado en funci\u00f3n de sus intereses y disponibilidad. Asimismo, se trabaja con <strong>ejemplos, ejercicios, casos<\/strong> y otros recursos para que la aplicaci\u00f3n de los <strong>conocimientos adquiridos<\/strong> sea inmediata. En cada edici\u00f3n, se fomenta la <strong>capacidad de reflexi\u00f3n<\/strong>, el <strong>trabajo cooperativo<\/strong> y la <strong>transmisi\u00f3n de conocimientos<\/strong>.<\/p>\n<p>Como en otras ediciones, el MGOF contar\u00e1 con conferencias y casos de \u00e9xito de antiguos estudiantes del M\u00e1ster, con el objetivo de aportar sus experiencias e impresiones. Adem\u00e1s, continuar\u00e1n en marcha los F\u00f3rum MGOF, un ciclo de conferencias de temas relacionados con la gesti\u00f3n de la farmacia y espacio de reflexi\u00f3n conjunta.<\/p>\n<p><strong><u>\u00bfQu\u00e9 destacan los alumnos de la anterior edici\u00f3n?<\/u><\/strong><\/p>\n<p>Participantes de anteriores ediciones destacan que el <strong>M\u00e1ster<\/strong> resulta <strong>muy \u00fatil<\/strong> para adquirir conocimientos que despu\u00e9s son totalmente <strong>aplicables<\/strong> en el<strong>oficina de farmacia <\/strong>y que permiten adaptarse al mundo actual. Por otra parte, tambi\u00e9n resaltan todos los <strong>conocimientos<\/strong> que se pueden adquirir a trav\u00e9s del<strong>experiencia de profesores <\/strong>y <strong>ponentes<\/strong> que imparten el <strong>MGOF<\/strong>.<\/p>\n<p>\u00a0Este a\u00f1o el M\u00e1ster se imparte por primera vez en modalidad h\u00edbrida, con el objetivo de que tanto el formato presencial como el virtual garanticen la propia formaci\u00f3n te\u00f3rica, participativa y din\u00e1mica<\/p>\n<p>\u00a0<\/p>\n<p>\tDurante la inauguraci\u00f3n del M\u00e1ster, el presidente del COFB destac\u00f3 la labor de los farmac\u00e9uticos, especialmente durante la pandemia, as\u00ed como la importancia de encontrar el equilibrio entre la vertiente asistencial y la gesti\u00f3n<\/p>\n<p>\u00a0<\/p>\n<p>Barcelona, 8 de octubre de 2021. El pasado 5 de octubre tuvo lugar la inauguraci\u00f3n de la XVII edici\u00f3n del M\u00e1ster de Gesti\u00f3n de la Oficina de Farmacia (MGOF). Durante el acto, el presidente del COFB, Jordi Casas, resalt\u00f3 c\u00f3mo la pandemia provocada por la COVID-19 ha cambiado el ejercicio de la profesi\u00f3n: \u201cNuestro trabajo, como farmac\u00e9uticos, va evolucionando constantemente. Lo hemos visto especialmente en el \u00faltimo a\u00f1o y medio, durante la pandemia, cuando la Farmacia ha demostrado estar preparada para dar respuesta a las necesidades de la sociedad desde una vertiente m\u00e1s asistencial\u201d.<\/p>\n<p>&quot;El desarrollo profesional no es posible si no existe detr\u00e1s de una estructura organizativa o infraestructura en las farmacias que lo permita&quot;<\/p>\n<p>En este sentido, Casas remarc\u00f3 que &quot;algunos proyectos que hemos puesto en marcha en el \u00faltimo a\u00f1o ser\u00edan impensables hace diez a\u00f1os&quot;. De hecho, \u201cen febrero firmamos un convenio con el CatSalut de desarrollo de la atenci\u00f3n farmac\u00e9utica comunitaria en el sistema p\u00fablico de salud. A partir de ah\u00ed, han venido muchos proyectos como la entrega de proximidad de los medicamentos hospitalarios de dispensaci\u00f3n ambulatoria (MHDA) o los cribados con test de ant\u00edgenos, que forman parte de la estrategia de cribado con Salud P\u00fablica. Obviamente, todo este desarrollo profesional no es posible si no existe detr\u00e1s de una estructura organizativa o infraestructura en las farmacias que lo permita\u201d.<\/p>\n<p>En definitiva, seg\u00fan expuso el presidente del COFB, \u201cla vertiente asistencial y la gesti\u00f3n deben estar compensadas y es necesario irse formado en cada una de ellas. El Programa de Formaci\u00f3n Continua del COFB intenta dar respuesta a ambas partes y el paradigma de la formaci\u00f3n en el \u00e1mbito m\u00e1s empresarial y de gesti\u00f3n es el M\u00e1ster de Gesti\u00f3n de la Oficina de Farmacia (MGOF)\u201d.<\/p>\n<p>Durante el acto de inauguraci\u00f3n tambi\u00e9n estuvieron presentes Aina Surroca, secretaria del COFB y responsable de la Comisi\u00f3n Delegada de Formaci\u00f3n Continua; Juan Carlos Serra, director del MGOF; y Cristina Rodr\u00edguez y M\u00f3nica Gallach, coordinadoras del M\u00e1ster y miembros del Departamento de Formaci\u00f3n y Desarrollo Profesional del COFB.<\/p>\n<p>Modalidad h\u00edbrida por primera vez<\/p>\n<p>Tal y como se anunci\u00f3 el pasado mes de junio, esta edici\u00f3n del M\u00e1ster de Gesti\u00f3n de la Oficina de Farmacia se impartir\u00e1 por primera vez con una modalidad h\u00edbrida -presencial y virtual-, para facilitar que farmac\u00e9uticos de otras Comunidades Aut\u00f3nomas puedan realizarlo y, de este modo, recibir una formaci\u00f3n de \u00e9xito despu\u00e9s de 17 a\u00f1os alcanz\u00e1ndolo. En cualquier caso, tanto en el formato presencial como en el virtual, los participantes obtendr\u00e1n la misma formaci\u00f3n te\u00f3rica, participativa y din\u00e1mica.<\/p>\n<p>Los 3 m\u00f3dulos del M\u00e1ster de Gesti\u00f3n de la Oficina de Farmacia<\/p>\n<p>El M\u00e1ster persigue que los alumnos desarrollen las competencias necesarias para mejorar la gesti\u00f3n de la oficina de farmacia. Para ello, consta de 3 bloques -Finanzas y Fiscalidad, Gesti\u00f3n de Personas y Marketing- que los alumnos tienen la opci\u00f3n de cursar por separado en funci\u00f3n de sus intereses y disponibilidad. Asimismo, se trabaja con ejemplos, ejercicios, casos y otros recursos para que la aplicaci\u00f3n de los conocimientos adquiridos sea inmediata. En cada edici\u00f3n se fomenta la capacidad de reflexi\u00f3n, el trabajo cooperativo y la transmisi\u00f3n de conocimientos.<\/p>\n<p>Como en otras ediciones, el MGOF contar\u00e1 con conferencias y casos de \u00e9xito de antiguos estudiantes del M\u00e1ster, con el objetivo de aportar sus experiencias e impresiones. Adem\u00e1s, continuar\u00e1n en marcha los F\u00f3rum MGOF, un ciclo de conferencias de temas relacionados con la gesti\u00f3n de la farmacia y espacio de reflexi\u00f3n conjunta.<\/p>\n<p>\u00bfQu\u00e9 destacan los alumnos de la anterior edici\u00f3n?<\/p>\n<p>Participantes de anteriores ediciones destacan que el M\u00e1ster resulta muy \u00fatil para adquirir conocimientos que despu\u00e9s son totalmente aplicables a la oficina de farmacia y que permiten adaptarse al mundo actual. Por otra parte, tambi\u00e9n resaltan todos los conocimientos que pueden adquirirse a trav\u00e9s de la experiencia de profesores y ponentes que imparten el MGOF.  COFB.ORG<\/p>","protected":false},"excerpt":{"rendered":"<p>\u00a0 Este a\u00f1o el M\u00e1ster se imparte por primera vez en modalidad h\u00edbrida, con el objetivo de que tanto el formato presencial como el virtual garanticen la misma formaci\u00f3n te\u00f3rica, participativa y din\u00e1mica Durante la inauguraci\u00f3n del M\u00e1ster, el presidente del COFB destac\u00f3 la labor de los farmac\u00e9uticos, especialmente durante la pandemia, [\u2026]<\/p>","protected":false},"author":1,"featured_media":0,"comment_status":"","ping_status":"","sticky":false,"template":"","format":"standard","meta":{"_uag_custom_page_level_css":"","site-sidebar-layout":"default","site-content-layout":"","ast-site-content-layout":"default","site-content-style":"default","site-sidebar-style":"default","ast-global-header-display":"","ast-banner-title-visibility":"","ast-main-header-display":"","ast-hfb-above-header-display":"","ast-hfb-below-header-display":"","ast-hfb-mobile-header-display":"","site-post-title":"","ast-breadcrumbs-content":"","ast-featured-img":"disabled","footer-sml-layout":"","theme-transparent-header-meta":"","adv-header-id-meta":"","stick-header-meta":"","header-above-stick-meta":"","header-main-stick-meta":"","header-below-stick-meta":"","astra-migrate-meta-layouts":"default","ast-page-background-enabled":"default","ast-page-background-meta":{"desktop":{"background-color":"var(--ast-global-color-4)","background-image":"","background-repeat":"repeat","background-position":"center center","background-size":"auto","background-attachment":"scroll","background-type":"","background-media":"","overlay-type":"","overlay-color":"","overlay-opacity":"","overlay-gradient":""},"tablet":{"background-color":"","background-image":"","background-repeat":"repeat","background-position":"center center","background-size":"auto","background-attachment":"scroll","background-type":"","background-media":"","overlay-type":"","overlay-color":"","overlay-opacity":"","overlay-gradient":""},"mobile":{"background-color":"","background-image":"","background-repeat":"repeat","background-position":"center center","background-size":"auto","background-attachment":"scroll","background-type":"","background-media":"","overlay-type":"","overlay-color":"","overlay-opacity":"","overlay-gradient":""}},"ast-content-background-meta":{"desktop":{"background-color":"var(--ast-global-color-5)","background-image":"","background-repeat":"repeat","background-position":"center center","background-size":"auto","background-attachment":"scroll","background-type":"","background-media":"","overlay-type":"","overlay-color":"","overlay-opacity":"","overlay-gradient":""},"tablet":{"background-color":"var(--ast-global-color-5)","background-image":"","background-repeat":"repeat","background-position":"center center","background-size":"auto","background-attachment":"scroll","background-type":"","background-media":"","overlay-type":"","overlay-color":"","overlay-opacity":"","overlay-gradient":""},"mobile":{"background-color":"var(--ast-global-color-5)","background-image":"","background-repeat":"repeat","background-position":"center center","background-size":"auto","background-attachment":"scroll","background-type":"","background-media":"","overlay-type":"","overlay-color":"","overlay-opacity":"","overlay-gradient":""}},"footnotes":""},"categories":[1060,1066],"tags":[],"class_list":["post-77045","post","type-post","status-publish","format-standard","hentry","category-notes-premsa","category-sense-categoria-ca"],"yoast_head":"<!-- This site is optimized with the Yoast SEO plugin v22.4 - https:\/\/yoast.com\/wordpress\/plugins\/seo\/ -->\n<title>El COFB inaugura la XVII edici\u00f3 del MGOF amb la nova modalitat h\u00edbrida, facilitant la formaci\u00f3 en l\u2019\u00e0rea de gesti\u00f3 a farmac\u00e8utics\/es d\u2019altres Comunitats Aut\u00f2nomes - Col\u00b7legi de Farmac\u00e8utics de Barcelona<\/title>\n<meta name=\"robots\" content=\"index, follow, max-snippet:-1, max-image-preview:large, max-video-preview:-1\" \/>\n<link rel=\"canonical\" href=\"https:\/\/novaorg.cofb.net\/2021\/10\/08\/el-cofb-inaugura-la-xvii-edicio-del-mgof-amb-la-nova-modalitat-hibrida-facilitant-la-formacio-en-larea-de-gestio-a-farmaceutics-es-daltres-comunitats-autonomes\/\" \/>\n<meta property=\"og:locale\" content=\"es_ES\" \/>\n<meta property=\"og:type\" content=\"article\" \/>\n<meta property=\"og:title\" content=\"El COFB inaugura la XVII edici\u00f3 del MGOF amb la nova modalitat h\u00edbrida, facilitant la formaci\u00f3 en l\u2019\u00e0rea de gesti\u00f3 a farmac\u00e8utics\/es d\u2019altres Comunitats Aut\u00f2nomes - Col\u00b7legi de Farmac\u00e8utics de Barcelona\" \/>\n<meta property=\"og:description\" content=\"\u00a0 Aquest any el M\u00e0ster s\u2019imparteix per primera vegada en modalitat h\u00edbrida, amb l\u2019objectiu que tant el format presencial com el virtual garanteixin la mateixa formaci\u00f3 te\u00f2rica, participativa i din\u00e0mica \u00a0 Durant la inauguraci\u00f3 del M\u00e0ster, el president del COFB va destacar la tasca dels farmac\u00e8utics, especialment durant la pand\u00e8mia, [&hellip;]\" \/>\n<meta property=\"og:url\" content=\"https:\/\/novaorg.cofb.net\/2021\/10\/08\/el-cofb-inaugura-la-xvii-edicio-del-mgof-amb-la-nova-modalitat-hibrida-facilitant-la-formacio-en-larea-de-gestio-a-farmaceutics-es-daltres-comunitats-autonomes\/\" \/>\n<meta property=\"og:site_name\" content=\"Col\u00b7legi de Farmac\u00e8utics de Barcelona\" \/>\n<meta property=\"article:publisher\" content=\"https:\/\/www.facebook.com\/farmaceuticsbcn\/\" \/>\n<meta property=\"article:published_time\" content=\"2021-10-08T11:33:00+00:00\" \/>\n<meta name=\"author\" content=\"wpAdminCofbOrg\" \/>\n<meta name=\"twitter:card\" content=\"summary_large_image\" \/>\n<meta name=\"twitter:creator\" content=\"@farmaceuticsbcn\" \/>\n<meta name=\"twitter:site\" content=\"@farmaceuticsbcn\" \/>\n<meta name=\"twitter:label1\" content=\"Escrito por\" \/>\n\t<meta name=\"twitter:data1\" content=\"wpAdminCofbOrg\" \/>\n\t<meta name=\"twitter:label2\" content=\"Tiempo de lectura\" \/>\n\t<meta name=\"twitter:data2\" content=\"7 minutos\" \/>\n<script type=\"application\/ld+json\" class=\"yoast-schema-graph\">{\"@context\":\"https:\/\/schema.org\",\"@graph\":[{\"@type\":\"Article\",\"@id\":\"https:\/\/novaorg.cofb.net\/2021\/10\/08\/el-cofb-inaugura-la-xvii-edicio-del-mgof-amb-la-nova-modalitat-hibrida-facilitant-la-formacio-en-larea-de-gestio-a-farmaceutics-es-daltres-comunitats-autonomes\/#article\",\"isPartOf\":{\"@id\":\"https:\/\/novaorg.cofb.net\/2021\/10\/08\/el-cofb-inaugura-la-xvii-edicio-del-mgof-amb-la-nova-modalitat-hibrida-facilitant-la-formacio-en-larea-de-gestio-a-farmaceutics-es-daltres-comunitats-autonomes\/\"},\"author\":{\"name\":\"wpAdminCofbOrg\",\"@id\":\"https:\/\/www.cofb.org\/#\/schema\/person\/22ed7eea88da74b0fa4d3154ad87ffcb\"},\"headline\":\"El COFB inaugura la XVII edici\u00f3 del MGOF amb la nova modalitat h\u00edbrida, facilitant la formaci\u00f3 en l\u2019\u00e0rea de gesti\u00f3 a farmac\u00e8utics\/es d\u2019altres Comunitats Aut\u00f2nomes\",\"datePublished\":\"2021-10-08T11:33:00+00:00\",\"dateModified\":\"2021-10-08T11:33:00+00:00\",\"mainEntityOfPage\":{\"@id\":\"https:\/\/novaorg.cofb.net\/2021\/10\/08\/el-cofb-inaugura-la-xvii-edicio-del-mgof-amb-la-nova-modalitat-hibrida-facilitant-la-formacio-en-larea-de-gestio-a-farmaceutics-es-daltres-comunitats-autonomes\/\"},\"wordCount\":1575,\"publisher\":{\"@id\":\"https:\/\/www.cofb.org\/#organization\"},\"articleSection\":[\"Notes de premsa\",\"Sense categoria\"],\"inLanguage\":\"es\"},{\"@type\":\"WebPage\",\"@id\":\"https:\/\/novaorg.cofb.net\/2021\/10\/08\/el-cofb-inaugura-la-xvii-edicio-del-mgof-amb-la-nova-modalitat-hibrida-facilitant-la-formacio-en-larea-de-gestio-a-farmaceutics-es-daltres-comunitats-autonomes\/\",\"url\":\"https:\/\/novaorg.cofb.net\/2021\/10\/08\/el-cofb-inaugura-la-xvii-edicio-del-mgof-amb-la-nova-modalitat-hibrida-facilitant-la-formacio-en-larea-de-gestio-a-farmaceutics-es-daltres-comunitats-autonomes\/\",\"name\":\"El COFB inaugura la XVII edici\u00f3 del MGOF amb la nova modalitat h\u00edbrida, facilitant la formaci\u00f3 en l\u2019\u00e0rea de gesti\u00f3 a farmac\u00e8utics\/es d\u2019altres Comunitats Aut\u00f2nomes - Col\u00b7legi de Farmac\u00e8utics de Barcelona\",\"isPartOf\":{\"@id\":\"https:\/\/www.cofb.org\/#website\"},\"datePublished\":\"2021-10-08T11:33:00+00:00\",\"dateModified\":\"2021-10-08T11:33:00+00:00\",\"breadcrumb\":{\"@id\":\"https:\/\/novaorg.cofb.net\/2021\/10\/08\/el-cofb-inaugura-la-xvii-edicio-del-mgof-amb-la-nova-modalitat-hibrida-facilitant-la-formacio-en-larea-de-gestio-a-farmaceutics-es-daltres-comunitats-autonomes\/#breadcrumb\"},\"inLanguage\":\"es\",\"potentialAction\":[{\"@type\":\"ReadAction\",\"target\":[\"https:\/\/novaorg.cofb.net\/2021\/10\/08\/el-cofb-inaugura-la-xvii-edicio-del-mgof-amb-la-nova-modalitat-hibrida-facilitant-la-formacio-en-larea-de-gestio-a-farmaceutics-es-daltres-comunitats-autonomes\/\"]}]},{\"@type\":\"BreadcrumbList\",\"@id\":\"https:\/\/novaorg.cofb.net\/2021\/10\/08\/el-cofb-inaugura-la-xvii-edicio-del-mgof-amb-la-nova-modalitat-hibrida-facilitant-la-formacio-en-larea-de-gestio-a-farmaceutics-es-daltres-comunitats-autonomes\/#breadcrumb\",\"itemListElement\":[{\"@type\":\"ListItem\",\"position\":1,\"name\":\"Inici\",\"item\":\"https:\/\/novaorg.cofb.net\/\"},{\"@type\":\"ListItem\",\"position\":2,\"name\":\"El COFB inaugura la XVII edici\u00f3 del MGOF amb la nova modalitat h\u00edbrida, facilitant la formaci\u00f3 en l\u2019\u00e0rea de gesti\u00f3 a farmac\u00e8utics\/es d\u2019altres Comunitats Aut\u00f2nomes\"}]},{\"@type\":\"WebSite\",\"@id\":\"https:\/\/www.cofb.org\/#website\",\"url\":\"https:\/\/www.cofb.org\/\",\"name\":\"Col\u00b7legi de Farmac\u00e8utics de Barcelona\",\"description\":\"\",\"publisher\":{\"@id\":\"https:\/\/www.cofb.org\/#organization\"},\"potentialAction\":[{\"@type\":\"SearchAction\",\"target\":{\"@type\":\"EntryPoint\",\"urlTemplate\":\"https:\/\/www.cofb.org\/?s={search_term_string}\"},\"query-input\":\"required name=search_term_string\"}],\"inLanguage\":\"es\"},{\"@type\":\"Organization\",\"@id\":\"https:\/\/www.cofb.org\/#organization\",\"name\":\"Col\u00b7legi de Farmac\u00e8utics de Barcelona\",\"url\":\"https:\/\/www.cofb.org\/\",\"logo\":{\"@type\":\"ImageObject\",\"inLanguage\":\"es\",\"@id\":\"https:\/\/www.cofb.org\/#\/schema\/logo\/image\/\",\"url\":\"https:\/\/www.cofb.org\/wp-content\/uploads\/2023\/11\/cropped-Logotip-COFB.png\",\"contentUrl\":\"https:\/\/www.cofb.org\/wp-content\/uploads\/2023\/11\/cropped-Logotip-COFB.png\",\"width\":500,\"height\":105,\"caption\":\"Col\u00b7legi de Farmac\u00e8utics de Barcelona\"},\"image\":{\"@id\":\"https:\/\/www.cofb.org\/#\/schema\/logo\/image\/\"},\"sameAs\":[\"https:\/\/www.facebook.com\/farmaceuticsbcn\/\",\"https:\/\/twitter.com\/farmaceuticsbcn\",\"https:\/\/www.instagram.com\/farmaceuticsbcn\/\",\"https:\/\/www.linkedin.com\/company\/farmaceuticsbcn\/\"]},{\"@type\":\"Person\",\"@id\":\"https:\/\/www.cofb.org\/#\/schema\/person\/22ed7eea88da74b0fa4d3154ad87ffcb\",\"name\":\"wpAdminCofbOrg\",\"image\":{\"@type\":\"ImageObject\",\"inLanguage\":\"es\",\"@id\":\"https:\/\/www.cofb.org\/#\/schema\/person\/image\/\",\"url\":\"https:\/\/secure.gravatar.com\/avatar\/1721b20b3b8ca882c3b56ec6c978c594fff670e40c0718e9190eaeeb76aae7d8?s=96&d=mm&r=g\",\"contentUrl\":\"https:\/\/secure.gravatar.com\/avatar\/1721b20b3b8ca882c3b56ec6c978c594fff670e40c0718e9190eaeeb76aae7d8?s=96&d=mm&r=g\",\"caption\":\"wpAdminCofbOrg\"},\"sameAs\":[\"http:\/\/192.168.64.122\/wordpress\"],\"url\":\"https:\/\/www.cofb.org\/es\/author\/wpadmincofborg\/\"}]}<\/script>\n<!-- \/ Yoast SEO plugin. -->","yoast_head_json":{"title":"El COFB inaugura la XVII edici\u00f3 del MGOF amb la nova modalitat h\u00edbrida, facilitant la formaci\u00f3 en l\u2019\u00e0rea de gesti\u00f3 a farmac\u00e8utics\/es d\u2019altres Comunitats Aut\u00f2nomes - Col\u00b7legi de Farmac\u00e8utics de Barcelona","robots":{"index":"index","follow":"follow","max-snippet":"max-snippet:-1","max-image-preview":"max-image-preview:large","max-video-preview":"max-video-preview:-1"},"canonical":"https:\/\/novaorg.cofb.net\/2021\/10\/08\/el-cofb-inaugura-la-xvii-edicio-del-mgof-amb-la-nova-modalitat-hibrida-facilitant-la-formacio-en-larea-de-gestio-a-farmaceutics-es-daltres-comunitats-autonomes\/","og_locale":"es_ES","og_type":"article","og_title":"El COFB inaugura la XVII edici\u00f3 del MGOF amb la nova modalitat h\u00edbrida, facilitant la formaci\u00f3 en l\u2019\u00e0rea de gesti\u00f3 a farmac\u00e8utics\/es d\u2019altres Comunitats Aut\u00f2nomes - Col\u00b7legi de Farmac\u00e8utics de Barcelona","og_description":"\u00a0 Aquest any el M\u00e0ster s\u2019imparteix per primera vegada en modalitat h\u00edbrida, amb l\u2019objectiu que tant el format presencial com el virtual garanteixin la mateixa formaci\u00f3 te\u00f2rica, participativa i din\u00e0mica \u00a0 Durant la inauguraci\u00f3 del M\u00e0ster, el president del COFB va destacar la tasca dels farmac\u00e8utics, especialment durant la pand\u00e8mia, [&hellip;]","og_url":"https:\/\/novaorg.cofb.net\/2021\/10\/08\/el-cofb-inaugura-la-xvii-edicio-del-mgof-amb-la-nova-modalitat-hibrida-facilitant-la-formacio-en-larea-de-gestio-a-farmaceutics-es-daltres-comunitats-autonomes\/","og_site_name":"Col\u00b7legi de Farmac\u00e8utics de Barcelona","article_publisher":"https:\/\/www.facebook.com\/farmaceuticsbcn\/","article_published_time":"2021-10-08T11:33:00+00:00","author":"wpAdminCofbOrg","twitter_card":"summary_large_image","twitter_creator":"@farmaceuticsbcn","twitter_site":"@farmaceuticsbcn","twitter_misc":{"Escrito por":"wpAdminCofbOrg","Tiempo de lectura":"7 minutos"},"schema":{"@context":"https:\/\/schema.org","@graph":[{"@type":"Article","@id":"https:\/\/novaorg.cofb.net\/2021\/10\/08\/el-cofb-inaugura-la-xvii-edicio-del-mgof-amb-la-nova-modalitat-hibrida-facilitant-la-formacio-en-larea-de-gestio-a-farmaceutics-es-daltres-comunitats-autonomes\/#article","isPartOf":{"@id":"https:\/\/novaorg.cofb.net\/2021\/10\/08\/el-cofb-inaugura-la-xvii-edicio-del-mgof-amb-la-nova-modalitat-hibrida-facilitant-la-formacio-en-larea-de-gestio-a-farmaceutics-es-daltres-comunitats-autonomes\/"},"author":{"name":"wpAdminCofbOrg","@id":"https:\/\/www.cofb.org\/#\/schema\/person\/22ed7eea88da74b0fa4d3154ad87ffcb"},"headline":"El COFB inaugura la XVII edici\u00f3 del MGOF amb la nova modalitat h\u00edbrida, facilitant la formaci\u00f3 en l\u2019\u00e0rea de gesti\u00f3 a farmac\u00e8utics\/es d\u2019altres Comunitats Aut\u00f2nomes","datePublished":"2021-10-08T11:33:00+00:00","dateModified":"2021-10-08T11:33:00+00:00","mainEntityOfPage":{"@id":"https:\/\/novaorg.cofb.net\/2021\/10\/08\/el-cofb-inaugura-la-xvii-edicio-del-mgof-amb-la-nova-modalitat-hibrida-facilitant-la-formacio-en-larea-de-gestio-a-farmaceutics-es-daltres-comunitats-autonomes\/"},"wordCount":1575,"publisher":{"@id":"https:\/\/www.cofb.org\/#organization"},"articleSection":["Notes de premsa","Sense categoria"],"inLanguage":"es"},{"@type":"WebPage","@id":"https:\/\/novaorg.cofb.net\/2021\/10\/08\/el-cofb-inaugura-la-xvii-edicio-del-mgof-amb-la-nova-modalitat-hibrida-facilitant-la-formacio-en-larea-de-gestio-a-farmaceutics-es-daltres-comunitats-autonomes\/","url":"https:\/\/novaorg.cofb.net\/2021\/10\/08\/el-cofb-inaugura-la-xvii-edicio-del-mgof-amb-la-nova-modalitat-hibrida-facilitant-la-formacio-en-larea-de-gestio-a-farmaceutics-es-daltres-comunitats-autonomes\/","name":"El COFB inaugura la XVII edici\u00f3 del MGOF amb la nova modalitat h\u00edbrida, facilitant la formaci\u00f3 en l\u2019\u00e0rea de gesti\u00f3 a farmac\u00e8utics\/es d\u2019altres Comunitats Aut\u00f2nomes - Col\u00b7legi de Farmac\u00e8utics de Barcelona","isPartOf":{"@id":"https:\/\/www.cofb.org\/#website"},"datePublished":"2021-10-08T11:33:00+00:00","dateModified":"2021-10-08T11:33:00+00:00","breadcrumb":{"@id":"https:\/\/novaorg.cofb.net\/2021\/10\/08\/el-cofb-inaugura-la-xvii-edicio-del-mgof-amb-la-nova-modalitat-hibrida-facilitant-la-formacio-en-larea-de-gestio-a-farmaceutics-es-daltres-comunitats-autonomes\/#breadcrumb"},"inLanguage":"es","potentialAction":[{"@type":"ReadAction","target":["https:\/\/novaorg.cofb.net\/2021\/10\/08\/el-cofb-inaugura-la-xvii-edicio-del-mgof-amb-la-nova-modalitat-hibrida-facilitant-la-formacio-en-larea-de-gestio-a-farmaceutics-es-daltres-comunitats-autonomes\/"]}]},{"@type":"BreadcrumbList","@id":"https:\/\/novaorg.cofb.net\/2021\/10\/08\/el-cofb-inaugura-la-xvii-edicio-del-mgof-amb-la-nova-modalitat-hibrida-facilitant-la-formacio-en-larea-de-gestio-a-farmaceutics-es-daltres-comunitats-autonomes\/#breadcrumb","itemListElement":[{"@type":"ListItem","position":1,"name":"Inici","item":"https:\/\/novaorg.cofb.net\/"},{"@type":"ListItem","position":2,"name":"El COFB inaugura la XVII edici\u00f3 del MGOF amb la nova modalitat h\u00edbrida, facilitant la formaci\u00f3 en l\u2019\u00e0rea de gesti\u00f3 a farmac\u00e8utics\/es d\u2019altres Comunitats Aut\u00f2nomes"}]},{"@type":"WebSite","@id":"https:\/\/www.cofb.org\/#website","url":"https:\/\/www.cofb.org\/","name":"Col\u00b7legi de Farmac\u00e8utics de Barcelona","description":"","publisher":{"@id":"https:\/\/www.cofb.org\/#organization"},"potentialAction":[{"@type":"SearchAction","target":{"@type":"EntryPoint","urlTemplate":"https:\/\/www.cofb.org\/?s={search_term_string}"},"query-input":"required name=search_term_string"}],"inLanguage":"es"},{"@type":"Organization","@id":"https:\/\/www.cofb.org\/#organization","name":"Col\u00b7legi de Farmac\u00e8utics de Barcelona","url":"https:\/\/www.cofb.org\/","logo":{"@type":"ImageObject","inLanguage":"es","@id":"https:\/\/www.cofb.org\/#\/schema\/logo\/image\/","url":"https:\/\/www.cofb.org\/wp-content\/uploads\/2023\/11\/cropped-Logotip-COFB.png","contentUrl":"https:\/\/www.cofb.org\/wp-content\/uploads\/2023\/11\/cropped-Logotip-COFB.png","width":500,"height":105,"caption":"Col\u00b7legi de Farmac\u00e8utics de Barcelona"},"image":{"@id":"https:\/\/www.cofb.org\/#\/schema\/logo\/image\/"},"sameAs":["https:\/\/www.facebook.com\/farmaceuticsbcn\/","https:\/\/twitter.com\/farmaceuticsbcn","https:\/\/www.instagram.com\/farmaceuticsbcn\/","https:\/\/www.linkedin.com\/company\/farmaceuticsbcn\/"]},{"@type":"Person","@id":"https:\/\/www.cofb.org\/#\/schema\/person\/22ed7eea88da74b0fa4d3154ad87ffcb","name":"wpAdminCofbOrg","image":{"@type":"ImageObject","inLanguage":"es","@id":"https:\/\/www.cofb.org\/#\/schema\/person\/image\/","url":"https:\/\/secure.gravatar.com\/avatar\/1721b20b3b8ca882c3b56ec6c978c594fff670e40c0718e9190eaeeb76aae7d8?s=96&d=mm&r=g","contentUrl":"https:\/\/secure.gravatar.com\/avatar\/1721b20b3b8ca882c3b56ec6c978c594fff670e40c0718e9190eaeeb76aae7d8?s=96&d=mm&r=g","caption":"wpAdminCofbOrg"},"sameAs":["http:\/\/192.168.64.122\/wordpress"],"url":"https:\/\/www.cofb.org\/es\/author\/wpadmincofborg\/"}]}},"uagb_featured_image_src":{"full":false,"thumbnail":false,"medium":false,"medium_large":false,"large":false,"1536x1536":false,"2048x2048":false,"trp-custom-language-flag":false},"uagb_author_info":{"display_name":"wpAdminCofbOrg","author_link":"https:\/\/www.cofb.org\/es\/author\/wpadmincofborg\/"},"uagb_comment_info":0,"uagb_excerpt":"\u00a0 Aquest any el M\u00e0ster s\u2019imparteix per primera vegada en modalitat h\u00edbrida, amb l\u2019objectiu que tant el format presencial com el virtual garanteixin la mateixa formaci\u00f3 te\u00f2rica, participativa i din\u00e0mica \u00a0 Durant la inauguraci\u00f3 del M\u00e0ster, el president del COFB va destacar la tasca dels farmac\u00e8utics, especialment durant la pand\u00e8mia, [&hellip;]","_links":{"self":[{"href":"https:\/\/www.cofb.org\/es\/wp-json\/wp\/v2\/posts\/77045","targetHints":{"allow":["GET"]}}],"collection":[{"href":"https:\/\/www.cofb.org\/es\/wp-json\/wp\/v2\/posts"}],"about":[{"href":"https:\/\/www.cofb.org\/es\/wp-json\/wp\/v2\/types\/post"}],"author":[{"embeddable":true,"href":"https:\/\/www.cofb.org\/es\/wp-json\/wp\/v2\/users\/1"}],"replies":[{"embeddable":true,"href":"https:\/\/www.cofb.org\/es\/wp-json\/wp\/v2\/comments?post=77045"}],"version-history":[{"count":0,"href":"https:\/\/www.cofb.org\/es\/wp-json\/wp\/v2\/posts\/77045\/revisions"}],"wp:attachment":[{"href":"https:\/\/www.cofb.org\/es\/wp-json\/wp\/v2\/media?parent=77045"}],"wp:term":[{"taxonomy":"category","embeddable":true,"href":"https:\/\/www.cofb.org\/es\/wp-json\/wp\/v2\/categories?post=77045"},{"taxonomy":"post_tag","embeddable":true,"href":"https:\/\/www.cofb.org\/es\/wp-json\/wp\/v2\/tags?post=77045"}],"curies":[{"name":"wp","href":"https:\/\/api.w.org\/{rel}","templated":true}]}}