{"id":77044,"date":"2021-10-21T16:51:00","date_gmt":"2021-10-21T16:51:00","guid":{"rendered":"https:\/\/novaorg.cofb.net\/2021\/10\/21\/el-cof-de-barcelona-organitza-una-formacio-perque-farmaceutics-hospitalaris-sactualitzin-en-oncologia-hematologica\/"},"modified":"2021-10-21T16:51:00","modified_gmt":"2021-10-21T16:51:00","slug":"el-cof-de-barcelona-organitza-una-formacio-perque-farmaceutics-hospitalaris-sactualitzin-en-oncologia-hematologica","status":"publish","type":"post","link":"https:\/\/www.cofb.org\/es\/2021\/10\/21\/el-cof-de-barcelona-organitza-una-formacio-perque-farmaceutics-hospitalaris-sactualitzin-en-oncologia-hematologica\/","title":{"rendered":"El COF de Barcelona organiza una formaci\u00f3n para que farmac\u00e9uticos hospitalarios se actualicen en oncolog\u00eda hematol\u00f3gica"},"content":{"rendered":"<p>\u00a0<\/p>\n<div>\u2022<span> <\/span>La <strong>inscripci\u00f3n<\/strong> se puede realizar <strong>hasta el 4 de noviembre<\/strong> a trav\u00e9s de la web institucional del COFB <a href=\"http:\/\/www.cofb.org\/es\/\" target=\"_blank\" rel=\"noopener\">www.cofb.org<\/a> <strong>(apartado \u201cActividades\u201d)<\/strong><\/div>\n<div>\u00a0<\/div>\n<div>\u2022<span> <\/span>La oncolog\u00eda hematol\u00f3gica se abordar\u00e1 desde el punto de vista <strong>terap\u00e9utico<\/strong> (gesti\u00f3n y tratamiento de los c\u00e1nceres hematol\u00f3gicos), <strong>psicol\u00f3gico<\/strong> (apoyo emocional en el tratamiento activo) y <strong>farmac\u00e9utico<\/strong> (educaci\u00f3n sanitaria del paciente en la era de los tratamientos orales), todo ello de la mano de ponentes de reconocida trayectoria<\/div>\n<div>\u00a0<\/div>\n<div>\u2022<span> <\/span>El curso consta de<strong>1 sesi\u00f3n semanal durante 5 semanas<\/strong>, que se impartir\u00e1n a trav\u00e9s de un webinar en directo, con un enfoque te\u00f3rico-pr\u00e1ctico y turno de preguntas para promover el debate, la reflexi\u00f3n conjunta y la interacci\u00f3n entre ponentes y participantes<\/div>\n<div>\u00a0<\/div>\n<div><em>Barcelona, 21 de octubre de 2021<\/em>. El pr\u00f3ximo <strong>4 de noviembre <\/strong>comienza la formaci\u00f3n <strong>&quot;Actualizaci\u00f3n en oncolog\u00eda hematol\u00f3gica&quot;<\/strong>, organizada por el Colegio de Farmac\u00e9uticos de Barcelona (COFB), junto con la Sociedad Catalana de Farmacia Cl\u00ednica (SCFC). El curso, patrocinado por <strong>Astellas<\/strong> y <strong>Janssen<\/strong>, est\u00e1 dirigida a <strong>farmac\u00e9uticos hospitalarios<\/strong> y es una de las<strong> novedades del programa de formaci\u00f3n continuada 2021-2022 del COFB<\/strong>. Consta de un total de 5 sesiones (4, 11, 18 y 25 de noviembre y 2 de diciembre), que se impartir\u00e1n a trav\u00e9s de un<em> <\/em><strong><em>webinar <\/em>en directo<\/strong>, con un enfoque te\u00f3rico-pr\u00e1ctico y turno de preguntas para promover el debate, la reflexi\u00f3n conjunta y la interacci\u00f3n entre ponentes y participantes.<\/div>\n<div>\u00a0<\/div>\n<div>La <strong>inscripci\u00f3n<\/strong>, que es <strong>gratuita para colegiados de los Colegios de Farmac\u00e9uticos y miembros de la Sociedad Catalana de Farmacia Cl\u00ednica<\/strong>, se puede realizar a trav\u00e9s de la web institucional del COFB <a href=\"http:\/\/www.cofb.org\/es\/\" target=\"_blank\" rel=\"noopener\">www.cofb.org<\/a> <strong>(apartado \u201cActividades\u201d)<\/strong>.<\/div>\n<div>\u00a0<\/div>\n<div><u><strong>Abordaje transversal y multidisciplinar con expertos de reconocida trayectoria<\/strong><\/u><\/div>\n<div>La formaci\u00f3n se ha planteado desde una <strong>perspectiva multidisciplinar<\/strong>, ya que entre los ponentes encontramos a <strong>m\u00e9dicos, psic\u00f3logos y farmac\u00e9uticos<\/strong>, todos ellos de <strong>reconocida trayectoria<\/strong> y con una <strong>amplia experiencia<\/strong> dentro de su \u00e1mbito. As\u00ed, la oncolog\u00eda hematol\u00f3gica se abordar\u00e1 desde el punto de vista terap\u00e9utico (gesti\u00f3n y tratamiento de los c\u00e1nceres hematol\u00f3gicos), psicol\u00f3gico (apoyo emocional en el tratamiento activo) y farmac\u00e9utico (educaci\u00f3n sanitaria del paciente en la era de los tratamientos orales).<\/div>\n<div>\u00a0<\/div>\n<div>Dentro del primer blog, <strong>Albert Alt\u00e9s<\/strong>, jefe del servicio de Hematolog\u00eda de Althaia y presidente de la Sociedad Catalana de Hematolog\u00eda, abordar\u00e1 la <strong>leucemia linfoc\u00edtica cr\u00f3nica<\/strong>; <strong>Ana Mar\u00edn<\/strong>, de la unidad de linfomas del Servicio de Hematolog\u00eda del Hospital Vall d&#039;Hebron, tratar\u00e1 el <strong>linfoma de las c\u00e9lulas del manto<\/strong>; y <strong>Carlos Fern\u00e1ndez de Larrera<\/strong>, consultor de la unidad de mieloma y amiloidosis del Servicio de Hematolog\u00eda del Hospital Cl\u00ednic de Barcelona, abordar\u00e1 la <strong>enfermedad de Waldenstr\u00f6m<\/strong>. Por otra parte, Mercedes Gironella, de la unidad de gammapat\u00edas monoclonales del Servicio de Hematolog\u00eda del Hospital Vall d&#039;Hebron, profundizar\u00e1 en el <strong>mieloma m\u00faltiple<\/strong>; y <strong>Ana Garrido<\/strong>, m\u00e9dica adjunta de guardias de Hematolog\u00eda Cl\u00ednica del Servicio de Hematolog\u00eda del Hospital Sant Pau, se centrar\u00e1 en la <strong>leucemia mieloide aguda<\/strong>.<\/div>\n<div>\u00a0<\/div>\n<div>Por otra parte, la <strong>psic\u00f3loga Judit L\u00f3pez<\/strong>, experta en tratamientos psicoemocionales a pacientes oncol\u00f3gicos, se centrar\u00e1 en la importancia del apoyo emocional en el <strong>tratamiento activo<\/strong>.<\/div>\n<div>\u00a0<\/div>\n<div>Por \u00faltimo, desde el<strong>\u00e1mbito farmac\u00e9utico<\/strong>, <strong>Estela Moreno<\/strong>, farmac\u00e9utica del Hospital Sant Pau y coordinadora del grupo de farmacia oncol\u00f3gica de la Sociedad Espa\u00f1ola de Farmacia Hospitalaria, profundizar\u00e1 en los aspectos clave en <strong>la educaci\u00f3n del paciente<\/strong> en la era de los<strong> tratamientos orales<\/strong>.<\/div>\n<div>\u00a0<\/div>\n<div><u><strong>La importancia de la formaci\u00f3n en oncolog\u00eda hematol\u00f3gica<\/strong><\/u><\/div>\n<div>En los \u00faltimos a\u00f1os, se han producido <strong>novedades terap\u00e9uticas<\/strong> en los tratamientos contra c\u00e1nceres relacionados con la sangre y se han aplicado nuevas estrategias a los pacientes. El<strong>envejecimiento de la poblaci\u00f3n<\/strong> y una presencia m\u00e1s acusada de este tipo de c\u00e1nceres en el <strong>paciente anciano fr\u00e1gil <\/strong>a\u00f1ade complejidad a la gesti\u00f3n.<\/div>\n<div>\u00a0<\/div>\n<div>En este sentido, <strong>David Conde<\/strong>, vocal de Hospitales del Colegio de Farmac\u00e9uticos de Barcelona, explica que \u201cen los \u00faltimos a\u00f1os hemos asistido a <strong>novedades en diferentes patolog\u00edas hematol\u00f3gicas<\/strong>, con nuevos abordajes de tratamientos sist\u00e9micos que, consecuentemente, han cambiado el curso cl\u00ednico de distintas enfermedades\u201d. Y destaca que \u201cdebido al aumento de <strong>nuevas mol\u00e9culas disponibles<\/strong> consideramos que es imprescindible ponerlas en contexto y conocer c\u00f3mo se integran en los protocolos farmacoterap\u00e9uticos de estas patolog\u00edas neopl\u00e1sicas\u201d. Para ello, \u201ccontaremos con la <strong>presencia de expertos<\/strong> en cada una de estas patolog\u00edas para que nos ilustren el <strong>panorama actual en la pr\u00e1ctica cl\u00ednica<\/strong> y de lo que est\u00e1 por llegar, haciendo \u00e9nfasis tambi\u00e9n en la<strong> implicaci\u00f3n del farmac\u00e9utico <\/strong>y su actuaci\u00f3n\u201d.<\/div>\n<div>\u00a0<\/div>\n<div><strong>Con el patrocinio de:<\/strong><\/div>\n<p>\u00a0\u2022 La inscripci\u00f3n puede realizarse hasta el 4 de noviembre a trav\u00e9s de la web institucional del COFB www.cofb.org (apartado \u201cActividades\u201d)<\/p>\n<p>\u00a0<\/p>\n<p>\u2022 La oncolog\u00eda hematol\u00f3gica se abordar\u00e1 desde el punto de vista terap\u00e9utico (gesti\u00f3n y tratamiento de los c\u00e1nceres hematol\u00f3gicos), psicol\u00f3gico (apoyo emocional en el tratamiento activo) y farmac\u00e9utico (educaci\u00f3n sanitaria del paciente en la era de los tratamientos orales), todo ello de la mano de ponentes de reconocida trayectoria<\/p>\n<p>\u00a0<\/p>\n<p>\u2022 El curso consta de 1 sesi\u00f3n semanal durante 5 semanas, que se impartir\u00e1n a trav\u00e9s de un webinar en directo, con un enfoque te\u00f3rico-pr\u00e1ctico y turno de preguntas para promover el debate, la reflexi\u00f3n conjunta y la interacci\u00f3n entre ponentes y participantes<\/p>\n<p>\u00a0<\/p>\n<p>Barcelona, 21 de octubre de 2021. El pr\u00f3ximo 4 de noviembre comienza la formaci\u00f3n &quot;Actualizaci\u00f3n en oncolog\u00eda hematol\u00f3gica&quot;, organizada por el Colegio de Farmac\u00e9uticos de Barcelona (COFB), junto con la Sociedad Catalana de Farmacia Cl\u00ednica (SCFC). El curso, patrocinado por Astellas y Janssen, est\u00e1 dirigida a farmac\u00e9uticos hospitalarios y es una de las novedades del programa de formaci\u00f3n continua 2021-2022 del COFB. Consta de un total de 5 sesiones (4, 11, 18 y 25 de noviembre y 2 de diciembre), que se impartir\u00e1n a trav\u00e9s de un webinar en directo, con un enfoque te\u00f3rico-pr\u00e1ctico y turno de preguntas para promover el debate, la reflexi\u00f3n conjunta y la interacci\u00f3n entre ponentes y participantes.<\/p>\n<p>\u00a0<\/p>\n<p>La inscripci\u00f3n, que es gratuita para colegiados de los Colegios de Farmac\u00e9uticos y miembros de la Sociedad Catalana de Farmacia Cl\u00ednica, puede realizarse a trav\u00e9s de la web institucional del COFB www.cofb.org (apartado \u201cActividades\u201d).<\/p>\n<p>\u00a0<\/p>\n<p>Abordaje transversal y multidisciplinar con expertos de reconocida trayectoria<\/p>\n<p>La formaci\u00f3n se ha planteado desde una perspectiva multidisciplinar, puesto que entre los ponentes encontramos a m\u00e9dicos, psic\u00f3logos y farmac\u00e9uticos, todos ellos de reconocida trayectoria y con una amplia experiencia dentro de su \u00e1mbito. As\u00ed, la oncolog\u00eda hematol\u00f3gica se abordar\u00e1 desde el punto de vista terap\u00e9utico (gesti\u00f3n y tratamiento de los c\u00e1nceres hematol\u00f3gicos), psicol\u00f3gico (apoyo emocional en el tratamiento activo) y farmac\u00e9utico (educaci\u00f3n sanitaria del paciente en la era de los tratamientos orales).<\/p>\n<p>\u00a0<\/p>\n<p>Dentro del primer bloque, Albert Alt\u00e9s, jefe del servicio de Hematolog\u00eda de Althaia y presidente de la Sociedad Catalana de Hematolog\u00eda, abordar\u00e1 la leucemia linfoc\u00edtica cr\u00f3nica; Ana Mar\u00edn, de la unidad de linfomas del Servicio de Hematolog\u00eda del Hospital Vall d&#039;Hebron, tratar\u00e1 el linfoma de las c\u00e9lulas del manto; y Carlos Fern\u00e1ndez de Larrera, consultor de la unidad de mieloma y amiloidosis del Servicio de Hematolog\u00eda del Hospital Cl\u00ednic de Barcelona, abordar\u00e1 la enfermedad de Waldenstr\u00f6m. Por su parte, Mercedes Gironella, de la unidad de gammapat\u00edas monoclonales del Servicio de Hematolog\u00eda del Hospital Vall d&#039;Hebron, profundizar\u00e1 en el mieloma m\u00faltiple; y Ana Garrido, m\u00e9dica adjunta de guardias de Hematolog\u00eda Cl\u00ednica del Servicio de Hematolog\u00eda del Hospital Sant Pau, se centrar\u00e1 en la leucemia mieloide aguda.<\/p>\n<p>\u00a0<\/p>\n<p>Por otra parte, la psic\u00f3loga Judit L\u00f3pez, experta en tratamientos psicoemocionales a pacientes oncol\u00f3gicos, se centrar\u00e1 en la importancia del soporte emocional en el tratamiento activo.<\/p>\n<p>\u00a0<\/p>\n<p>Por \u00faltimo, desde el \u00e1mbito farmac\u00e9utico, Estela Moreno, farmac\u00e9utica del Hospital Sant Pau y coordinadora del grupo de farmacia oncol\u00f3gica de la Sociedad Espa\u00f1ola de Farmacia Hospitalaria, profundizar\u00e1 en los aspectos clave en la educaci\u00f3n del paciente en la era de los tratamientos orales.<\/p>\n<p>\u00a0<\/p>\n<p>La importancia de la formaci\u00f3n en oncolog\u00eda hematol\u00f3gica<\/p>\n<p>En los \u00faltimos a\u00f1os, se han producido novedades terap\u00e9uticas en los tratamientos contra c\u00e1nceres relacionados con la sangre y se han aplicado nuevas estrategias a los pacientes. El envejecimiento de la poblaci\u00f3n y una presencia m\u00e1s acusada de este tipo de c\u00e1nceres en el paciente anciano fr\u00e1gil a\u00f1ade complejidad a la gesti\u00f3n.<\/p>\n<p>\u00a0<\/p>\n<p>En este sentido, David Conde, vocal de Hospitales del Colegio de Farmac\u00e9uticos de Barcelona, explica que \u201cen los \u00faltimos a\u00f1os hemos asistido a novedades en diferentes patolog\u00edas hematol\u00f3gicas, con nuevos abordajes de tratamientos sist\u00e9micos que, consecuentemente, han cambiado el curso cl\u00ednico de distintas enfermedades\u201d. Y destaca que &quot;debido al aumento de nuevas mol\u00e9culas disponibles consideramos que es imprescindible ponerlas en contexto y conocer c\u00f3mo se integran en los protocolos farmacoterap\u00e9uticos de estas patolog\u00edas neopl\u00e1sicas&quot;. Para ello, \u201ccontaremos con la presencia de expertos en cada una de estas patolog\u00edas para que nos ilustren el panorama actual en la pr\u00e1ctica cl\u00ednica y de lo que est\u00e1 por llegar, haciendo \u00e9nfasis tambi\u00e9n en la implicaci\u00f3n del farmac\u00e9utico y su actuaci\u00f3n\u201d .<\/p>\n<p>\u00a0<\/p>\n<p>Con el patrocinio de: COFB.ORG<\/p>","protected":false},"excerpt":{"rendered":"<p>\u00a0 \u2022 La inscripci\u00f3n puede realizarse hasta el 4 de noviembre a trav\u00e9s de la web institucional del COFB www.cofb.org (apartado \u201cActividades\u201d) \u2022 La oncolog\u00eda hematol\u00f3gica se abordar\u00e1 desde el punto de vista terap\u00e9utico (gesti\u00f3n y tratamiento de los c\u00e1nceres) hematol\u00f3gicos), psicol\u00f3gico (apoyo emocional en el tratamiento activo) y farmac\u00e9utico (educaci\u00f3n [\u2026]<\/p>","protected":false},"author":1,"featured_media":0,"comment_status":"","ping_status":"","sticky":false,"template":"","format":"standard","meta":{"_uag_custom_page_level_css":"","site-sidebar-layout":"default","site-content-layout":"","ast-site-content-layout":"default","site-content-style":"default","site-sidebar-style":"default","ast-global-header-display":"","ast-banner-title-visibility":"","ast-main-header-display":"","ast-hfb-above-header-display":"","ast-hfb-below-header-display":"","ast-hfb-mobile-header-display":"","site-post-title":"","ast-breadcrumbs-content":"","ast-featured-img":"disabled","footer-sml-layout":"","theme-transparent-header-meta":"","adv-header-id-meta":"","stick-header-meta":"","header-above-stick-meta":"","header-main-stick-meta":"","header-below-stick-meta":"","astra-migrate-meta-layouts":"default","ast-page-background-enabled":"default","ast-page-background-meta":{"desktop":{"background-color":"var(--ast-global-color-4)","background-image":"","background-repeat":"repeat","background-position":"center center","background-size":"auto","background-attachment":"scroll","background-type":"","background-media":"","overlay-type":"","overlay-color":"","overlay-opacity":"","overlay-gradient":""},"tablet":{"background-color":"","background-image":"","background-repeat":"repeat","background-position":"center center","background-size":"auto","background-attachment":"scroll","background-type":"","background-media":"","overlay-type":"","overlay-color":"","overlay-opacity":"","overlay-gradient":""},"mobile":{"background-color":"","background-image":"","background-repeat":"repeat","background-position":"center center","background-size":"auto","background-attachment":"scroll","background-type":"","background-media":"","overlay-type":"","overlay-color":"","overlay-opacity":"","overlay-gradient":""}},"ast-content-background-meta":{"desktop":{"background-color":"var(--ast-global-color-5)","background-image":"","background-repeat":"repeat","background-position":"center center","background-size":"auto","background-attachment":"scroll","background-type":"","background-media":"","overlay-type":"","overlay-color":"","overlay-opacity":"","overlay-gradient":""},"tablet":{"background-color":"var(--ast-global-color-5)","background-image":"","background-repeat":"repeat","background-position":"center center","background-size":"auto","background-attachment":"scroll","background-type":"","background-media":"","overlay-type":"","overlay-color":"","overlay-opacity":"","overlay-gradient":""},"mobile":{"background-color":"var(--ast-global-color-5)","background-image":"","background-repeat":"repeat","background-position":"center center","background-size":"auto","background-attachment":"scroll","background-type":"","background-media":"","overlay-type":"","overlay-color":"","overlay-opacity":"","overlay-gradient":""}},"footnotes":""},"categories":[1060,1066],"tags":[],"class_list":["post-77044","post","type-post","status-publish","format-standard","hentry","category-notes-premsa","category-sense-categoria-ca"],"yoast_head":"<!-- This site is optimized with the Yoast SEO plugin v22.4 - https:\/\/yoast.com\/wordpress\/plugins\/seo\/ -->\n<title>El COF de Barcelona organitza una formaci\u00f3 perqu\u00e8 farmac\u00e8utics hospitalaris s&#039;actualitzin en oncologia hematol\u00f2gica - Col\u00b7legi de Farmac\u00e8utics de Barcelona<\/title>\n<meta name=\"robots\" content=\"index, follow, max-snippet:-1, max-image-preview:large, max-video-preview:-1\" \/>\n<link rel=\"canonical\" href=\"https:\/\/novaorg.cofb.net\/2021\/10\/21\/el-cof-de-barcelona-organitza-una-formacio-perque-farmaceutics-hospitalaris-sactualitzin-en-oncologia-hematologica\/\" \/>\n<meta property=\"og:locale\" content=\"es_ES\" \/>\n<meta property=\"og:type\" content=\"article\" \/>\n<meta property=\"og:title\" content=\"El COF de Barcelona organitza una formaci\u00f3 perqu\u00e8 farmac\u00e8utics hospitalaris s&#039;actualitzin en oncologia hematol\u00f2gica - Col\u00b7legi de Farmac\u00e8utics de Barcelona\" \/>\n<meta property=\"og:description\" content=\"\u00a0 \u2022 La inscripci\u00f3 es pot realitzar fins al 4 de novembre a trav\u00e9s de la web institucional del COFB www.cofb.org (apartat \u201cActivitats\u201d) \u00a0 \u2022 L&#8217;oncologia hematol\u00f2gica s&#8217;abordar\u00e0 des del punt de vista terap\u00e8utic (gesti\u00f3 i tractament dels c\u00e0ncers hematol\u00f2gics), psicol\u00f2gic (suport emocional en el tractament actiu) i farmac\u00e8utic (educaci\u00f3 [&hellip;]\" \/>\n<meta property=\"og:url\" content=\"https:\/\/novaorg.cofb.net\/2021\/10\/21\/el-cof-de-barcelona-organitza-una-formacio-perque-farmaceutics-hospitalaris-sactualitzin-en-oncologia-hematologica\/\" \/>\n<meta property=\"og:site_name\" content=\"Col\u00b7legi de Farmac\u00e8utics de Barcelona\" \/>\n<meta property=\"article:publisher\" content=\"https:\/\/www.facebook.com\/farmaceuticsbcn\/\" \/>\n<meta property=\"article:published_time\" content=\"2021-10-21T16:51:00+00:00\" \/>\n<meta name=\"author\" content=\"wpAdminCofbOrg\" \/>\n<meta name=\"twitter:card\" content=\"summary_large_image\" \/>\n<meta name=\"twitter:creator\" content=\"@farmaceuticsbcn\" \/>\n<meta name=\"twitter:site\" content=\"@farmaceuticsbcn\" \/>\n<meta name=\"twitter:label1\" content=\"Escrito por\" \/>\n\t<meta name=\"twitter:data1\" content=\"wpAdminCofbOrg\" \/>\n\t<meta name=\"twitter:label2\" content=\"Tiempo de lectura\" \/>\n\t<meta name=\"twitter:data2\" content=\"8 minutos\" \/>\n<script type=\"application\/ld+json\" class=\"yoast-schema-graph\">{\"@context\":\"https:\/\/schema.org\",\"@graph\":[{\"@type\":\"Article\",\"@id\":\"https:\/\/novaorg.cofb.net\/2021\/10\/21\/el-cof-de-barcelona-organitza-una-formacio-perque-farmaceutics-hospitalaris-sactualitzin-en-oncologia-hematologica\/#article\",\"isPartOf\":{\"@id\":\"https:\/\/novaorg.cofb.net\/2021\/10\/21\/el-cof-de-barcelona-organitza-una-formacio-perque-farmaceutics-hospitalaris-sactualitzin-en-oncologia-hematologica\/\"},\"author\":{\"name\":\"wpAdminCofbOrg\",\"@id\":\"https:\/\/www.cofb.org\/#\/schema\/person\/22ed7eea88da74b0fa4d3154ad87ffcb\"},\"headline\":\"El COF de Barcelona organitza una formaci\u00f3 perqu\u00e8 farmac\u00e8utics hospitalaris s&#8217;actualitzin en oncologia hematol\u00f2gica\",\"datePublished\":\"2021-10-21T16:51:00+00:00\",\"dateModified\":\"2021-10-21T16:51:00+00:00\",\"mainEntityOfPage\":{\"@id\":\"https:\/\/novaorg.cofb.net\/2021\/10\/21\/el-cof-de-barcelona-organitza-una-formacio-perque-farmaceutics-hospitalaris-sactualitzin-en-oncologia-hematologica\/\"},\"wordCount\":1625,\"publisher\":{\"@id\":\"https:\/\/www.cofb.org\/#organization\"},\"articleSection\":[\"Notes de premsa\",\"Sense categoria\"],\"inLanguage\":\"es\"},{\"@type\":\"WebPage\",\"@id\":\"https:\/\/novaorg.cofb.net\/2021\/10\/21\/el-cof-de-barcelona-organitza-una-formacio-perque-farmaceutics-hospitalaris-sactualitzin-en-oncologia-hematologica\/\",\"url\":\"https:\/\/novaorg.cofb.net\/2021\/10\/21\/el-cof-de-barcelona-organitza-una-formacio-perque-farmaceutics-hospitalaris-sactualitzin-en-oncologia-hematologica\/\",\"name\":\"El COF de Barcelona organitza una formaci\u00f3 perqu\u00e8 farmac\u00e8utics hospitalaris s'actualitzin en oncologia hematol\u00f2gica - Col\u00b7legi de Farmac\u00e8utics de Barcelona\",\"isPartOf\":{\"@id\":\"https:\/\/www.cofb.org\/#website\"},\"datePublished\":\"2021-10-21T16:51:00+00:00\",\"dateModified\":\"2021-10-21T16:51:00+00:00\",\"breadcrumb\":{\"@id\":\"https:\/\/novaorg.cofb.net\/2021\/10\/21\/el-cof-de-barcelona-organitza-una-formacio-perque-farmaceutics-hospitalaris-sactualitzin-en-oncologia-hematologica\/#breadcrumb\"},\"inLanguage\":\"es\",\"potentialAction\":[{\"@type\":\"ReadAction\",\"target\":[\"https:\/\/novaorg.cofb.net\/2021\/10\/21\/el-cof-de-barcelona-organitza-una-formacio-perque-farmaceutics-hospitalaris-sactualitzin-en-oncologia-hematologica\/\"]}]},{\"@type\":\"BreadcrumbList\",\"@id\":\"https:\/\/novaorg.cofb.net\/2021\/10\/21\/el-cof-de-barcelona-organitza-una-formacio-perque-farmaceutics-hospitalaris-sactualitzin-en-oncologia-hematologica\/#breadcrumb\",\"itemListElement\":[{\"@type\":\"ListItem\",\"position\":1,\"name\":\"Inici\",\"item\":\"https:\/\/novaorg.cofb.net\/\"},{\"@type\":\"ListItem\",\"position\":2,\"name\":\"El COF de Barcelona organitza una formaci\u00f3 perqu\u00e8 farmac\u00e8utics hospitalaris s&#8217;actualitzin en oncologia hematol\u00f2gica\"}]},{\"@type\":\"WebSite\",\"@id\":\"https:\/\/www.cofb.org\/#website\",\"url\":\"https:\/\/www.cofb.org\/\",\"name\":\"Col\u00b7legi de Farmac\u00e8utics de Barcelona\",\"description\":\"\",\"publisher\":{\"@id\":\"https:\/\/www.cofb.org\/#organization\"},\"potentialAction\":[{\"@type\":\"SearchAction\",\"target\":{\"@type\":\"EntryPoint\",\"urlTemplate\":\"https:\/\/www.cofb.org\/?s={search_term_string}\"},\"query-input\":\"required name=search_term_string\"}],\"inLanguage\":\"es\"},{\"@type\":\"Organization\",\"@id\":\"https:\/\/www.cofb.org\/#organization\",\"name\":\"Col\u00b7legi de Farmac\u00e8utics de Barcelona\",\"url\":\"https:\/\/www.cofb.org\/\",\"logo\":{\"@type\":\"ImageObject\",\"inLanguage\":\"es\",\"@id\":\"https:\/\/www.cofb.org\/#\/schema\/logo\/image\/\",\"url\":\"https:\/\/www.cofb.org\/wp-content\/uploads\/2023\/11\/cropped-Logotip-COFB.png\",\"contentUrl\":\"https:\/\/www.cofb.org\/wp-content\/uploads\/2023\/11\/cropped-Logotip-COFB.png\",\"width\":500,\"height\":105,\"caption\":\"Col\u00b7legi de Farmac\u00e8utics de Barcelona\"},\"image\":{\"@id\":\"https:\/\/www.cofb.org\/#\/schema\/logo\/image\/\"},\"sameAs\":[\"https:\/\/www.facebook.com\/farmaceuticsbcn\/\",\"https:\/\/twitter.com\/farmaceuticsbcn\",\"https:\/\/www.instagram.com\/farmaceuticsbcn\/\",\"https:\/\/www.linkedin.com\/company\/farmaceuticsbcn\/\"]},{\"@type\":\"Person\",\"@id\":\"https:\/\/www.cofb.org\/#\/schema\/person\/22ed7eea88da74b0fa4d3154ad87ffcb\",\"name\":\"wpAdminCofbOrg\",\"image\":{\"@type\":\"ImageObject\",\"inLanguage\":\"es\",\"@id\":\"https:\/\/www.cofb.org\/#\/schema\/person\/image\/\",\"url\":\"https:\/\/secure.gravatar.com\/avatar\/1721b20b3b8ca882c3b56ec6c978c594fff670e40c0718e9190eaeeb76aae7d8?s=96&d=mm&r=g\",\"contentUrl\":\"https:\/\/secure.gravatar.com\/avatar\/1721b20b3b8ca882c3b56ec6c978c594fff670e40c0718e9190eaeeb76aae7d8?s=96&d=mm&r=g\",\"caption\":\"wpAdminCofbOrg\"},\"sameAs\":[\"http:\/\/192.168.64.122\/wordpress\"],\"url\":\"https:\/\/www.cofb.org\/es\/author\/wpadmincofborg\/\"}]}<\/script>\n<!-- \/ Yoast SEO plugin. -->","yoast_head_json":{"title":"El COF de Barcelona organitza una formaci\u00f3 perqu\u00e8 farmac\u00e8utics hospitalaris s'actualitzin en oncologia hematol\u00f2gica - Col\u00b7legi de Farmac\u00e8utics de Barcelona","robots":{"index":"index","follow":"follow","max-snippet":"max-snippet:-1","max-image-preview":"max-image-preview:large","max-video-preview":"max-video-preview:-1"},"canonical":"https:\/\/novaorg.cofb.net\/2021\/10\/21\/el-cof-de-barcelona-organitza-una-formacio-perque-farmaceutics-hospitalaris-sactualitzin-en-oncologia-hematologica\/","og_locale":"es_ES","og_type":"article","og_title":"El COF de Barcelona organitza una formaci\u00f3 perqu\u00e8 farmac\u00e8utics hospitalaris s'actualitzin en oncologia hematol\u00f2gica - Col\u00b7legi de Farmac\u00e8utics de Barcelona","og_description":"\u00a0 \u2022 La inscripci\u00f3 es pot realitzar fins al 4 de novembre a trav\u00e9s de la web institucional del COFB www.cofb.org (apartat \u201cActivitats\u201d) \u00a0 \u2022 L&#8217;oncologia hematol\u00f2gica s&#8217;abordar\u00e0 des del punt de vista terap\u00e8utic (gesti\u00f3 i tractament dels c\u00e0ncers hematol\u00f2gics), psicol\u00f2gic (suport emocional en el tractament actiu) i farmac\u00e8utic (educaci\u00f3 [&hellip;]","og_url":"https:\/\/novaorg.cofb.net\/2021\/10\/21\/el-cof-de-barcelona-organitza-una-formacio-perque-farmaceutics-hospitalaris-sactualitzin-en-oncologia-hematologica\/","og_site_name":"Col\u00b7legi de Farmac\u00e8utics de Barcelona","article_publisher":"https:\/\/www.facebook.com\/farmaceuticsbcn\/","article_published_time":"2021-10-21T16:51:00+00:00","author":"wpAdminCofbOrg","twitter_card":"summary_large_image","twitter_creator":"@farmaceuticsbcn","twitter_site":"@farmaceuticsbcn","twitter_misc":{"Escrito por":"wpAdminCofbOrg","Tiempo de lectura":"8 minutos"},"schema":{"@context":"https:\/\/schema.org","@graph":[{"@type":"Article","@id":"https:\/\/novaorg.cofb.net\/2021\/10\/21\/el-cof-de-barcelona-organitza-una-formacio-perque-farmaceutics-hospitalaris-sactualitzin-en-oncologia-hematologica\/#article","isPartOf":{"@id":"https:\/\/novaorg.cofb.net\/2021\/10\/21\/el-cof-de-barcelona-organitza-una-formacio-perque-farmaceutics-hospitalaris-sactualitzin-en-oncologia-hematologica\/"},"author":{"name":"wpAdminCofbOrg","@id":"https:\/\/www.cofb.org\/#\/schema\/person\/22ed7eea88da74b0fa4d3154ad87ffcb"},"headline":"El COF de Barcelona organitza una formaci\u00f3 perqu\u00e8 farmac\u00e8utics hospitalaris s&#8217;actualitzin en oncologia hematol\u00f2gica","datePublished":"2021-10-21T16:51:00+00:00","dateModified":"2021-10-21T16:51:00+00:00","mainEntityOfPage":{"@id":"https:\/\/novaorg.cofb.net\/2021\/10\/21\/el-cof-de-barcelona-organitza-una-formacio-perque-farmaceutics-hospitalaris-sactualitzin-en-oncologia-hematologica\/"},"wordCount":1625,"publisher":{"@id":"https:\/\/www.cofb.org\/#organization"},"articleSection":["Notes de premsa","Sense categoria"],"inLanguage":"es"},{"@type":"WebPage","@id":"https:\/\/novaorg.cofb.net\/2021\/10\/21\/el-cof-de-barcelona-organitza-una-formacio-perque-farmaceutics-hospitalaris-sactualitzin-en-oncologia-hematologica\/","url":"https:\/\/novaorg.cofb.net\/2021\/10\/21\/el-cof-de-barcelona-organitza-una-formacio-perque-farmaceutics-hospitalaris-sactualitzin-en-oncologia-hematologica\/","name":"El COF de Barcelona organitza una formaci\u00f3 perqu\u00e8 farmac\u00e8utics hospitalaris s'actualitzin en oncologia hematol\u00f2gica - Col\u00b7legi de Farmac\u00e8utics de Barcelona","isPartOf":{"@id":"https:\/\/www.cofb.org\/#website"},"datePublished":"2021-10-21T16:51:00+00:00","dateModified":"2021-10-21T16:51:00+00:00","breadcrumb":{"@id":"https:\/\/novaorg.cofb.net\/2021\/10\/21\/el-cof-de-barcelona-organitza-una-formacio-perque-farmaceutics-hospitalaris-sactualitzin-en-oncologia-hematologica\/#breadcrumb"},"inLanguage":"es","potentialAction":[{"@type":"ReadAction","target":["https:\/\/novaorg.cofb.net\/2021\/10\/21\/el-cof-de-barcelona-organitza-una-formacio-perque-farmaceutics-hospitalaris-sactualitzin-en-oncologia-hematologica\/"]}]},{"@type":"BreadcrumbList","@id":"https:\/\/novaorg.cofb.net\/2021\/10\/21\/el-cof-de-barcelona-organitza-una-formacio-perque-farmaceutics-hospitalaris-sactualitzin-en-oncologia-hematologica\/#breadcrumb","itemListElement":[{"@type":"ListItem","position":1,"name":"Inici","item":"https:\/\/novaorg.cofb.net\/"},{"@type":"ListItem","position":2,"name":"El COF de Barcelona organitza una formaci\u00f3 perqu\u00e8 farmac\u00e8utics hospitalaris s&#8217;actualitzin en oncologia hematol\u00f2gica"}]},{"@type":"WebSite","@id":"https:\/\/www.cofb.org\/#website","url":"https:\/\/www.cofb.org\/","name":"Col\u00b7legi de Farmac\u00e8utics de Barcelona","description":"","publisher":{"@id":"https:\/\/www.cofb.org\/#organization"},"potentialAction":[{"@type":"SearchAction","target":{"@type":"EntryPoint","urlTemplate":"https:\/\/www.cofb.org\/?s={search_term_string}"},"query-input":"required name=search_term_string"}],"inLanguage":"es"},{"@type":"Organization","@id":"https:\/\/www.cofb.org\/#organization","name":"Col\u00b7legi de Farmac\u00e8utics de Barcelona","url":"https:\/\/www.cofb.org\/","logo":{"@type":"ImageObject","inLanguage":"es","@id":"https:\/\/www.cofb.org\/#\/schema\/logo\/image\/","url":"https:\/\/www.cofb.org\/wp-content\/uploads\/2023\/11\/cropped-Logotip-COFB.png","contentUrl":"https:\/\/www.cofb.org\/wp-content\/uploads\/2023\/11\/cropped-Logotip-COFB.png","width":500,"height":105,"caption":"Col\u00b7legi de Farmac\u00e8utics de Barcelona"},"image":{"@id":"https:\/\/www.cofb.org\/#\/schema\/logo\/image\/"},"sameAs":["https:\/\/www.facebook.com\/farmaceuticsbcn\/","https:\/\/twitter.com\/farmaceuticsbcn","https:\/\/www.instagram.com\/farmaceuticsbcn\/","https:\/\/www.linkedin.com\/company\/farmaceuticsbcn\/"]},{"@type":"Person","@id":"https:\/\/www.cofb.org\/#\/schema\/person\/22ed7eea88da74b0fa4d3154ad87ffcb","name":"wpAdminCofbOrg","image":{"@type":"ImageObject","inLanguage":"es","@id":"https:\/\/www.cofb.org\/#\/schema\/person\/image\/","url":"https:\/\/secure.gravatar.com\/avatar\/1721b20b3b8ca882c3b56ec6c978c594fff670e40c0718e9190eaeeb76aae7d8?s=96&d=mm&r=g","contentUrl":"https:\/\/secure.gravatar.com\/avatar\/1721b20b3b8ca882c3b56ec6c978c594fff670e40c0718e9190eaeeb76aae7d8?s=96&d=mm&r=g","caption":"wpAdminCofbOrg"},"sameAs":["http:\/\/192.168.64.122\/wordpress"],"url":"https:\/\/www.cofb.org\/es\/author\/wpadmincofborg\/"}]}},"uagb_featured_image_src":{"full":false,"thumbnail":false,"medium":false,"medium_large":false,"large":false,"1536x1536":false,"2048x2048":false,"trp-custom-language-flag":false},"uagb_author_info":{"display_name":"wpAdminCofbOrg","author_link":"https:\/\/www.cofb.org\/es\/author\/wpadmincofborg\/"},"uagb_comment_info":0,"uagb_excerpt":"\u00a0 \u2022 La inscripci\u00f3 es pot realitzar fins al 4 de novembre a trav\u00e9s de la web institucional del COFB www.cofb.org (apartat \u201cActivitats\u201d) \u00a0 \u2022 L&#8217;oncologia hematol\u00f2gica s&#8217;abordar\u00e0 des del punt de vista terap\u00e8utic (gesti\u00f3 i tractament dels c\u00e0ncers hematol\u00f2gics), psicol\u00f2gic (suport emocional en el tractament actiu) i farmac\u00e8utic (educaci\u00f3 [&hellip;]","_links":{"self":[{"href":"https:\/\/www.cofb.org\/es\/wp-json\/wp\/v2\/posts\/77044","targetHints":{"allow":["GET"]}}],"collection":[{"href":"https:\/\/www.cofb.org\/es\/wp-json\/wp\/v2\/posts"}],"about":[{"href":"https:\/\/www.cofb.org\/es\/wp-json\/wp\/v2\/types\/post"}],"author":[{"embeddable":true,"href":"https:\/\/www.cofb.org\/es\/wp-json\/wp\/v2\/users\/1"}],"replies":[{"embeddable":true,"href":"https:\/\/www.cofb.org\/es\/wp-json\/wp\/v2\/comments?post=77044"}],"version-history":[{"count":0,"href":"https:\/\/www.cofb.org\/es\/wp-json\/wp\/v2\/posts\/77044\/revisions"}],"wp:attachment":[{"href":"https:\/\/www.cofb.org\/es\/wp-json\/wp\/v2\/media?parent=77044"}],"wp:term":[{"taxonomy":"category","embeddable":true,"href":"https:\/\/www.cofb.org\/es\/wp-json\/wp\/v2\/categories?post=77044"},{"taxonomy":"post_tag","embeddable":true,"href":"https:\/\/www.cofb.org\/es\/wp-json\/wp\/v2\/tags?post=77044"}],"curies":[{"name":"wp","href":"https:\/\/api.w.org\/{rel}","templated":true}]}}