{"id":77042,"date":"2021-11-05T15:28:00","date_gmt":"2021-11-05T15:28:00","guid":{"rendered":"https:\/\/novaorg.cofb.net\/2021\/11\/05\/posicionament-sobre-el-manteniment-dels-fons-estatals-covid-per-al-2022posicionamiento-sobre-el-mantenimiento-de-los-fondos-estatales-covid-para-el-2022\/"},"modified":"2021-11-05T15:28:00","modified_gmt":"2021-11-05T15:28:00","slug":"posicionament-sobre-el-manteniment-dels-fons-estatals-covid-per-al-2022posicionamiento-sobre-el-mantenimiento-de-los-fondos-estatales-covid-para-el-2022","status":"publish","type":"post","link":"https:\/\/www.cofb.org\/es\/2021\/11\/05\/posicionament-sobre-el-manteniment-dels-fons-estatals-covid-per-al-2022posicionamiento-sobre-el-mantenimiento-de-los-fondos-estatales-covid-para-el-2022\/","title":{"rendered":"Posicionamiento sobre el mantenimiento de los fondos estatales COVID para 2022Posicionamiento sobre el mantenimiento de los fondos estatales COVID para 2022"},"content":{"rendered":"<p>\u00a0<\/p>\n<p>La Junta Directiva del C\u00edrculo de Salud apoya el <strong>posicionamiento sobre el mantenimiento de los fondos estatales COVID<\/strong> para 2022 emitido por el Consejo de Direcci\u00f3n del Servicio Catal\u00e1n de la Salud y que reproducimos a continuaci\u00f3n:<\/p>\n<p>Las entidades, agentes sociales y miembros del Consejo de Direcci\u00f3n del Servicio Catal\u00e1n de la Salud (CatSalut) quieren poner de manifiesto que:<\/p>\n<ul>\n<li>La pandemia se ha convertido en un gran reto para el sistema sanitario catal\u00e1n y le ha llevado a una situaci\u00f3n de tensi\u00f3n m\u00e1xima de forma continuada y sostenida desde marzo de 2020.<\/li>\n<li>Las necesidades derivadas de la pandemia continuar\u00e1n existiendo este pr\u00f3ximo a\u00f1o y habr\u00e1 que mantener actos asistenciales que continuar\u00e1n siendo necesarios: el plan de vacunaci\u00f3n, las pruebas de detecci\u00f3n COVID y rastreo, la atenci\u00f3n a la COVID persistente, etc.<\/li>\n<li>\u00a0<\/li>\n<li>Es necesario consolidar tanto las estructuras puestas en marcha durante los \u00faltimos meses como las nuevas estructuras hospitalarias, los nuevos anexos, las camas de UCI y el personal que se ha incorporado para responder de la emergencia sanitaria.<\/li>\n<li>\u00a0<\/li>\n<li>Asimismo, el sistema sanitario debe recuperar la actividad diagn\u00f3stica y quir\u00fargica perdida a causa de la COVID durante las diferentes oleadas.<\/li>\n<li>\u00a0<\/li>\n<li>Esta situaci\u00f3n no es \u00fanica de Catalu\u00f1a sino que tambi\u00e9n afecta a otros territorios que se encuentran en una situaci\u00f3n l\u00edmite a la que hay que dar respuesta.<\/li>\n<li>\u00a0<\/li>\n<\/ul>\n<p>Por todos estos motivos, se hace imprescindible el mantenimiento de los fondos extraordinarios COVID o la habilitaci\u00f3n de nuevos fondos espec\u00edficos por parte del Estado para garantizar los recursos necesarios contra la pandemia y de recuperaci\u00f3n del sistema sanitario, como m\u00ednimo para el a\u00f1o 2022.<\/p>\n<p>\u00a0La Junta Directiva del C\u00edrculo de Salud apoya el posicionamiento sobre el mantenimiento de los fondos estatales COVID para 2022 emitido por el Consejo de Direcci\u00f3n del Servicio Catal\u00e1n de la Salud y que reproducimos a continuaci\u00f3n:<\/p>\n<p>Las entidades, agentes sociales y miembros del Consejo de Direcci\u00f3n del Servicio Catal\u00e1n de la Salud (CatSalut) quieren poner de manifiesto que:<\/p>\n<p>\tLa pandemia se ha convertido en un gran reto para el sistema sanitario catal\u00e1n y le ha llevado a una situaci\u00f3n de tensi\u00f3n m\u00e1xima de forma continuada y sostenida desde marzo de 2020.<br \/>\n\tLas necesidades derivadas de la pandemia continuar\u00e1n existiendo este pr\u00f3ximo a\u00f1o y habr\u00e1 que mantener actos asistenciales que continuar\u00e1n siendo necesarios: el plan de vacunaci\u00f3n, las pruebas de detecci\u00f3n COVID y rastreo, la atenci\u00f3n a la COVID persistente, etc.<br \/>\n\t\u00a0<br \/>\n\tEs necesario consolidar tanto las estructuras puestas en marcha durante los \u00faltimos meses como las nuevas estructuras hospitalarias, los nuevos anexos, las camas de UCI y el personal que se ha incorporado para responder de la emergencia sanitaria.<br \/>\n\t\u00a0<br \/>\n\tAsimismo, el sistema sanitario debe recuperar la actividad diagn\u00f3stica y quir\u00fargica perdida a causa de la COVID durante las diferentes oleadas.<br \/>\n\t\u00a0<br \/>\n\tEsta situaci\u00f3n no es \u00fanica de Catalu\u00f1a sino que tambi\u00e9n afecta a otros territorios que se encuentran en una situaci\u00f3n l\u00edmite a la que hay que dar respuesta.<br \/>\n\t\u00a0<\/p>\n<p>Por todos estos motivos, se hace imprescindible el mantenimiento de los fondos extraordinarios COVID o la habilitaci\u00f3n de nuevos fondos espec\u00edficos por parte del Estado para garantizar los recursos necesarios contra la pandemia y de recuperaci\u00f3n del sistema sanitario, como m\u00ednimo para el a\u00f1o 2022. COFB.ORG<\/p>","protected":false},"excerpt":{"rendered":"<p>\u00a0 La Junta Directiva del C\u00edrculo de Salud apoya el posicionamiento sobre el mantenimiento de los fondos estatales COVID para 2022 emitido por el Consejo de Direcci\u00f3n del Servicio Catal\u00e1n de la Salud y que reproducimos a continuaci\u00f3n: Las entidades, agentes sociales y miembros del Consejo de Direcci\u00f3n del Servicio Catal\u00e1n de [\u2026]<\/p>","protected":false},"author":1,"featured_media":0,"comment_status":"","ping_status":"","sticky":false,"template":"","format":"standard","meta":{"_uag_custom_page_level_css":"","site-sidebar-layout":"default","site-content-layout":"","ast-site-content-layout":"default","site-content-style":"default","site-sidebar-style":"default","ast-global-header-display":"","ast-banner-title-visibility":"","ast-main-header-display":"","ast-hfb-above-header-display":"","ast-hfb-below-header-display":"","ast-hfb-mobile-header-display":"","site-post-title":"","ast-breadcrumbs-content":"","ast-featured-img":"disabled","footer-sml-layout":"","theme-transparent-header-meta":"","adv-header-id-meta":"","stick-header-meta":"","header-above-stick-meta":"","header-main-stick-meta":"","header-below-stick-meta":"","astra-migrate-meta-layouts":"default","ast-page-background-enabled":"default","ast-page-background-meta":{"desktop":{"background-color":"var(--ast-global-color-4)","background-image":"","background-repeat":"repeat","background-position":"center center","background-size":"auto","background-attachment":"scroll","background-type":"","background-media":"","overlay-type":"","overlay-color":"","overlay-opacity":"","overlay-gradient":""},"tablet":{"background-color":"","background-image":"","background-repeat":"repeat","background-position":"center center","background-size":"auto","background-attachment":"scroll","background-type":"","background-media":"","overlay-type":"","overlay-color":"","overlay-opacity":"","overlay-gradient":""},"mobile":{"background-color":"","background-image":"","background-repeat":"repeat","background-position":"center center","background-size":"auto","background-attachment":"scroll","background-type":"","background-media":"","overlay-type":"","overlay-color":"","overlay-opacity":"","overlay-gradient":""}},"ast-content-background-meta":{"desktop":{"background-color":"var(--ast-global-color-5)","background-image":"","background-repeat":"repeat","background-position":"center center","background-size":"auto","background-attachment":"scroll","background-type":"","background-media":"","overlay-type":"","overlay-color":"","overlay-opacity":"","overlay-gradient":""},"tablet":{"background-color":"var(--ast-global-color-5)","background-image":"","background-repeat":"repeat","background-position":"center center","background-size":"auto","background-attachment":"scroll","background-type":"","background-media":"","overlay-type":"","overlay-color":"","overlay-opacity":"","overlay-gradient":""},"mobile":{"background-color":"var(--ast-global-color-5)","background-image":"","background-repeat":"repeat","background-position":"center center","background-size":"auto","background-attachment":"scroll","background-type":"","background-media":"","overlay-type":"","overlay-color":"","overlay-opacity":"","overlay-gradient":""}},"footnotes":""},"categories":[1060,1066],"tags":[],"class_list":["post-77042","post","type-post","status-publish","format-standard","hentry","category-notes-premsa","category-sense-categoria-ca"],"yoast_head":"<!-- This site is optimized with the Yoast SEO plugin v22.4 - https:\/\/yoast.com\/wordpress\/plugins\/seo\/ -->\n<title>Posicionament sobre el manteniment dels fons estatals COVID per al 2022Posicionamiento sobre el mantenimiento de los fondos estatales COVID para el 2022 - Col\u00b7legi de Farmac\u00e8utics de Barcelona<\/title>\n<meta name=\"robots\" content=\"index, follow, max-snippet:-1, max-image-preview:large, max-video-preview:-1\" \/>\n<link rel=\"canonical\" href=\"https:\/\/novaorg.cofb.net\/2021\/11\/05\/posicionament-sobre-el-manteniment-dels-fons-estatals-covid-per-al-2022posicionamiento-sobre-el-mantenimiento-de-los-fondos-estatales-covid-para-el-2022\/\" \/>\n<meta property=\"og:locale\" content=\"es_ES\" \/>\n<meta property=\"og:type\" content=\"article\" \/>\n<meta property=\"og:title\" content=\"Posicionament sobre el manteniment dels fons estatals COVID per al 2022Posicionamiento sobre el mantenimiento de los fondos estatales COVID para el 2022 - Col\u00b7legi de Farmac\u00e8utics de Barcelona\" \/>\n<meta property=\"og:description\" content=\"\u00a0 La Junta Directiva del Cercle de Salut recolza el posicionament sobre el manteniment dels fons estatals COVID per al 2022 em\u00e8s pel Consell de Direcci\u00f3 del Servei Catal\u00e0 de la Salut\u00a0\u00a0i que reproduim a continuaci\u00f3: Les entitats, agents socials i membres del Consell de Direcci\u00f3 del Servei Catal\u00e0 de [&hellip;]\" \/>\n<meta property=\"og:url\" content=\"https:\/\/novaorg.cofb.net\/2021\/11\/05\/posicionament-sobre-el-manteniment-dels-fons-estatals-covid-per-al-2022posicionamiento-sobre-el-mantenimiento-de-los-fondos-estatales-covid-para-el-2022\/\" \/>\n<meta property=\"og:site_name\" content=\"Col\u00b7legi de Farmac\u00e8utics de Barcelona\" \/>\n<meta property=\"article:publisher\" content=\"https:\/\/www.facebook.com\/farmaceuticsbcn\/\" \/>\n<meta property=\"article:published_time\" content=\"2021-11-05T15:28:00+00:00\" \/>\n<meta name=\"author\" content=\"wpAdminCofbOrg\" \/>\n<meta name=\"twitter:card\" content=\"summary_large_image\" \/>\n<meta name=\"twitter:creator\" content=\"@farmaceuticsbcn\" \/>\n<meta name=\"twitter:site\" content=\"@farmaceuticsbcn\" \/>\n<meta name=\"twitter:label1\" content=\"Escrito por\" \/>\n\t<meta name=\"twitter:data1\" content=\"wpAdminCofbOrg\" \/>\n\t<meta name=\"twitter:label2\" content=\"Tiempo de lectura\" \/>\n\t<meta name=\"twitter:data2\" content=\"3 minutos\" \/>\n<script type=\"application\/ld+json\" class=\"yoast-schema-graph\">{\"@context\":\"https:\/\/schema.org\",\"@graph\":[{\"@type\":\"Article\",\"@id\":\"https:\/\/novaorg.cofb.net\/2021\/11\/05\/posicionament-sobre-el-manteniment-dels-fons-estatals-covid-per-al-2022posicionamiento-sobre-el-mantenimiento-de-los-fondos-estatales-covid-para-el-2022\/#article\",\"isPartOf\":{\"@id\":\"https:\/\/novaorg.cofb.net\/2021\/11\/05\/posicionament-sobre-el-manteniment-dels-fons-estatals-covid-per-al-2022posicionamiento-sobre-el-mantenimiento-de-los-fondos-estatales-covid-para-el-2022\/\"},\"author\":{\"name\":\"wpAdminCofbOrg\",\"@id\":\"https:\/\/www.cofb.org\/#\/schema\/person\/22ed7eea88da74b0fa4d3154ad87ffcb\"},\"headline\":\"Posicionament sobre el manteniment dels fons estatals COVID per al 2022Posicionamiento sobre el mantenimiento de los fondos estatales COVID para el 2022\",\"datePublished\":\"2021-11-05T15:28:00+00:00\",\"dateModified\":\"2021-11-05T15:28:00+00:00\",\"mainEntityOfPage\":{\"@id\":\"https:\/\/novaorg.cofb.net\/2021\/11\/05\/posicionament-sobre-el-manteniment-dels-fons-estatals-covid-per-al-2022posicionamiento-sobre-el-mantenimiento-de-los-fondos-estatales-covid-para-el-2022\/\"},\"wordCount\":563,\"publisher\":{\"@id\":\"https:\/\/www.cofb.org\/#organization\"},\"articleSection\":[\"Notes de premsa\",\"Sense categoria\"],\"inLanguage\":\"es\"},{\"@type\":\"WebPage\",\"@id\":\"https:\/\/novaorg.cofb.net\/2021\/11\/05\/posicionament-sobre-el-manteniment-dels-fons-estatals-covid-per-al-2022posicionamiento-sobre-el-mantenimiento-de-los-fondos-estatales-covid-para-el-2022\/\",\"url\":\"https:\/\/novaorg.cofb.net\/2021\/11\/05\/posicionament-sobre-el-manteniment-dels-fons-estatals-covid-per-al-2022posicionamiento-sobre-el-mantenimiento-de-los-fondos-estatales-covid-para-el-2022\/\",\"name\":\"Posicionament sobre el manteniment dels fons estatals COVID per al 2022Posicionamiento sobre el mantenimiento de los fondos estatales COVID para el 2022 - Col\u00b7legi de Farmac\u00e8utics de Barcelona\",\"isPartOf\":{\"@id\":\"https:\/\/www.cofb.org\/#website\"},\"datePublished\":\"2021-11-05T15:28:00+00:00\",\"dateModified\":\"2021-11-05T15:28:00+00:00\",\"breadcrumb\":{\"@id\":\"https:\/\/novaorg.cofb.net\/2021\/11\/05\/posicionament-sobre-el-manteniment-dels-fons-estatals-covid-per-al-2022posicionamiento-sobre-el-mantenimiento-de-los-fondos-estatales-covid-para-el-2022\/#breadcrumb\"},\"inLanguage\":\"es\",\"potentialAction\":[{\"@type\":\"ReadAction\",\"target\":[\"https:\/\/novaorg.cofb.net\/2021\/11\/05\/posicionament-sobre-el-manteniment-dels-fons-estatals-covid-per-al-2022posicionamiento-sobre-el-mantenimiento-de-los-fondos-estatales-covid-para-el-2022\/\"]}]},{\"@type\":\"BreadcrumbList\",\"@id\":\"https:\/\/novaorg.cofb.net\/2021\/11\/05\/posicionament-sobre-el-manteniment-dels-fons-estatals-covid-per-al-2022posicionamiento-sobre-el-mantenimiento-de-los-fondos-estatales-covid-para-el-2022\/#breadcrumb\",\"itemListElement\":[{\"@type\":\"ListItem\",\"position\":1,\"name\":\"Inici\",\"item\":\"https:\/\/novaorg.cofb.net\/\"},{\"@type\":\"ListItem\",\"position\":2,\"name\":\"Posicionament sobre el manteniment dels fons estatals COVID per al 2022Posicionamiento sobre el mantenimiento de los fondos estatales COVID para el 2022\"}]},{\"@type\":\"WebSite\",\"@id\":\"https:\/\/www.cofb.org\/#website\",\"url\":\"https:\/\/www.cofb.org\/\",\"name\":\"Col\u00b7legi de Farmac\u00e8utics de Barcelona\",\"description\":\"\",\"publisher\":{\"@id\":\"https:\/\/www.cofb.org\/#organization\"},\"potentialAction\":[{\"@type\":\"SearchAction\",\"target\":{\"@type\":\"EntryPoint\",\"urlTemplate\":\"https:\/\/www.cofb.org\/?s={search_term_string}\"},\"query-input\":\"required name=search_term_string\"}],\"inLanguage\":\"es\"},{\"@type\":\"Organization\",\"@id\":\"https:\/\/www.cofb.org\/#organization\",\"name\":\"Col\u00b7legi de Farmac\u00e8utics de Barcelona\",\"url\":\"https:\/\/www.cofb.org\/\",\"logo\":{\"@type\":\"ImageObject\",\"inLanguage\":\"es\",\"@id\":\"https:\/\/www.cofb.org\/#\/schema\/logo\/image\/\",\"url\":\"https:\/\/www.cofb.org\/wp-content\/uploads\/2023\/11\/cropped-Logotip-COFB.png\",\"contentUrl\":\"https:\/\/www.cofb.org\/wp-content\/uploads\/2023\/11\/cropped-Logotip-COFB.png\",\"width\":500,\"height\":105,\"caption\":\"Col\u00b7legi de Farmac\u00e8utics de Barcelona\"},\"image\":{\"@id\":\"https:\/\/www.cofb.org\/#\/schema\/logo\/image\/\"},\"sameAs\":[\"https:\/\/www.facebook.com\/farmaceuticsbcn\/\",\"https:\/\/twitter.com\/farmaceuticsbcn\",\"https:\/\/www.instagram.com\/farmaceuticsbcn\/\",\"https:\/\/www.linkedin.com\/company\/farmaceuticsbcn\/\"]},{\"@type\":\"Person\",\"@id\":\"https:\/\/www.cofb.org\/#\/schema\/person\/22ed7eea88da74b0fa4d3154ad87ffcb\",\"name\":\"wpAdminCofbOrg\",\"image\":{\"@type\":\"ImageObject\",\"inLanguage\":\"es\",\"@id\":\"https:\/\/www.cofb.org\/#\/schema\/person\/image\/\",\"url\":\"https:\/\/secure.gravatar.com\/avatar\/1721b20b3b8ca882c3b56ec6c978c594fff670e40c0718e9190eaeeb76aae7d8?s=96&d=mm&r=g\",\"contentUrl\":\"https:\/\/secure.gravatar.com\/avatar\/1721b20b3b8ca882c3b56ec6c978c594fff670e40c0718e9190eaeeb76aae7d8?s=96&d=mm&r=g\",\"caption\":\"wpAdminCofbOrg\"},\"sameAs\":[\"http:\/\/192.168.64.122\/wordpress\"],\"url\":\"https:\/\/www.cofb.org\/es\/author\/wpadmincofborg\/\"}]}<\/script>\n<!-- \/ Yoast SEO plugin. -->","yoast_head_json":{"title":"Posicionament sobre el manteniment dels fons estatals COVID per al 2022Posicionamiento sobre el mantenimiento de los fondos estatales COVID para el 2022 - Col\u00b7legi de Farmac\u00e8utics de Barcelona","robots":{"index":"index","follow":"follow","max-snippet":"max-snippet:-1","max-image-preview":"max-image-preview:large","max-video-preview":"max-video-preview:-1"},"canonical":"https:\/\/novaorg.cofb.net\/2021\/11\/05\/posicionament-sobre-el-manteniment-dels-fons-estatals-covid-per-al-2022posicionamiento-sobre-el-mantenimiento-de-los-fondos-estatales-covid-para-el-2022\/","og_locale":"es_ES","og_type":"article","og_title":"Posicionament sobre el manteniment dels fons estatals COVID per al 2022Posicionamiento sobre el mantenimiento de los fondos estatales COVID para el 2022 - Col\u00b7legi de Farmac\u00e8utics de Barcelona","og_description":"\u00a0 La Junta Directiva del Cercle de Salut recolza el posicionament sobre el manteniment dels fons estatals COVID per al 2022 em\u00e8s pel Consell de Direcci\u00f3 del Servei Catal\u00e0 de la Salut\u00a0\u00a0i que reproduim a continuaci\u00f3: Les entitats, agents socials i membres del Consell de Direcci\u00f3 del Servei Catal\u00e0 de [&hellip;]","og_url":"https:\/\/novaorg.cofb.net\/2021\/11\/05\/posicionament-sobre-el-manteniment-dels-fons-estatals-covid-per-al-2022posicionamiento-sobre-el-mantenimiento-de-los-fondos-estatales-covid-para-el-2022\/","og_site_name":"Col\u00b7legi de Farmac\u00e8utics de Barcelona","article_publisher":"https:\/\/www.facebook.com\/farmaceuticsbcn\/","article_published_time":"2021-11-05T15:28:00+00:00","author":"wpAdminCofbOrg","twitter_card":"summary_large_image","twitter_creator":"@farmaceuticsbcn","twitter_site":"@farmaceuticsbcn","twitter_misc":{"Escrito por":"wpAdminCofbOrg","Tiempo de lectura":"3 minutos"},"schema":{"@context":"https:\/\/schema.org","@graph":[{"@type":"Article","@id":"https:\/\/novaorg.cofb.net\/2021\/11\/05\/posicionament-sobre-el-manteniment-dels-fons-estatals-covid-per-al-2022posicionamiento-sobre-el-mantenimiento-de-los-fondos-estatales-covid-para-el-2022\/#article","isPartOf":{"@id":"https:\/\/novaorg.cofb.net\/2021\/11\/05\/posicionament-sobre-el-manteniment-dels-fons-estatals-covid-per-al-2022posicionamiento-sobre-el-mantenimiento-de-los-fondos-estatales-covid-para-el-2022\/"},"author":{"name":"wpAdminCofbOrg","@id":"https:\/\/www.cofb.org\/#\/schema\/person\/22ed7eea88da74b0fa4d3154ad87ffcb"},"headline":"Posicionament sobre el manteniment dels fons estatals COVID per al 2022Posicionamiento sobre el mantenimiento de los fondos estatales COVID para el 2022","datePublished":"2021-11-05T15:28:00+00:00","dateModified":"2021-11-05T15:28:00+00:00","mainEntityOfPage":{"@id":"https:\/\/novaorg.cofb.net\/2021\/11\/05\/posicionament-sobre-el-manteniment-dels-fons-estatals-covid-per-al-2022posicionamiento-sobre-el-mantenimiento-de-los-fondos-estatales-covid-para-el-2022\/"},"wordCount":563,"publisher":{"@id":"https:\/\/www.cofb.org\/#organization"},"articleSection":["Notes de premsa","Sense categoria"],"inLanguage":"es"},{"@type":"WebPage","@id":"https:\/\/novaorg.cofb.net\/2021\/11\/05\/posicionament-sobre-el-manteniment-dels-fons-estatals-covid-per-al-2022posicionamiento-sobre-el-mantenimiento-de-los-fondos-estatales-covid-para-el-2022\/","url":"https:\/\/novaorg.cofb.net\/2021\/11\/05\/posicionament-sobre-el-manteniment-dels-fons-estatals-covid-per-al-2022posicionamiento-sobre-el-mantenimiento-de-los-fondos-estatales-covid-para-el-2022\/","name":"Posicionament sobre el manteniment dels fons estatals COVID per al 2022Posicionamiento sobre el mantenimiento de los fondos estatales COVID para el 2022 - Col\u00b7legi de Farmac\u00e8utics de Barcelona","isPartOf":{"@id":"https:\/\/www.cofb.org\/#website"},"datePublished":"2021-11-05T15:28:00+00:00","dateModified":"2021-11-05T15:28:00+00:00","breadcrumb":{"@id":"https:\/\/novaorg.cofb.net\/2021\/11\/05\/posicionament-sobre-el-manteniment-dels-fons-estatals-covid-per-al-2022posicionamiento-sobre-el-mantenimiento-de-los-fondos-estatales-covid-para-el-2022\/#breadcrumb"},"inLanguage":"es","potentialAction":[{"@type":"ReadAction","target":["https:\/\/novaorg.cofb.net\/2021\/11\/05\/posicionament-sobre-el-manteniment-dels-fons-estatals-covid-per-al-2022posicionamiento-sobre-el-mantenimiento-de-los-fondos-estatales-covid-para-el-2022\/"]}]},{"@type":"BreadcrumbList","@id":"https:\/\/novaorg.cofb.net\/2021\/11\/05\/posicionament-sobre-el-manteniment-dels-fons-estatals-covid-per-al-2022posicionamiento-sobre-el-mantenimiento-de-los-fondos-estatales-covid-para-el-2022\/#breadcrumb","itemListElement":[{"@type":"ListItem","position":1,"name":"Inici","item":"https:\/\/novaorg.cofb.net\/"},{"@type":"ListItem","position":2,"name":"Posicionament sobre el manteniment dels fons estatals COVID per al 2022Posicionamiento sobre el mantenimiento de los fondos estatales COVID para el 2022"}]},{"@type":"WebSite","@id":"https:\/\/www.cofb.org\/#website","url":"https:\/\/www.cofb.org\/","name":"Col\u00b7legi de Farmac\u00e8utics de Barcelona","description":"","publisher":{"@id":"https:\/\/www.cofb.org\/#organization"},"potentialAction":[{"@type":"SearchAction","target":{"@type":"EntryPoint","urlTemplate":"https:\/\/www.cofb.org\/?s={search_term_string}"},"query-input":"required name=search_term_string"}],"inLanguage":"es"},{"@type":"Organization","@id":"https:\/\/www.cofb.org\/#organization","name":"Col\u00b7legi de Farmac\u00e8utics de Barcelona","url":"https:\/\/www.cofb.org\/","logo":{"@type":"ImageObject","inLanguage":"es","@id":"https:\/\/www.cofb.org\/#\/schema\/logo\/image\/","url":"https:\/\/www.cofb.org\/wp-content\/uploads\/2023\/11\/cropped-Logotip-COFB.png","contentUrl":"https:\/\/www.cofb.org\/wp-content\/uploads\/2023\/11\/cropped-Logotip-COFB.png","width":500,"height":105,"caption":"Col\u00b7legi de Farmac\u00e8utics de Barcelona"},"image":{"@id":"https:\/\/www.cofb.org\/#\/schema\/logo\/image\/"},"sameAs":["https:\/\/www.facebook.com\/farmaceuticsbcn\/","https:\/\/twitter.com\/farmaceuticsbcn","https:\/\/www.instagram.com\/farmaceuticsbcn\/","https:\/\/www.linkedin.com\/company\/farmaceuticsbcn\/"]},{"@type":"Person","@id":"https:\/\/www.cofb.org\/#\/schema\/person\/22ed7eea88da74b0fa4d3154ad87ffcb","name":"wpAdminCofbOrg","image":{"@type":"ImageObject","inLanguage":"es","@id":"https:\/\/www.cofb.org\/#\/schema\/person\/image\/","url":"https:\/\/secure.gravatar.com\/avatar\/1721b20b3b8ca882c3b56ec6c978c594fff670e40c0718e9190eaeeb76aae7d8?s=96&d=mm&r=g","contentUrl":"https:\/\/secure.gravatar.com\/avatar\/1721b20b3b8ca882c3b56ec6c978c594fff670e40c0718e9190eaeeb76aae7d8?s=96&d=mm&r=g","caption":"wpAdminCofbOrg"},"sameAs":["http:\/\/192.168.64.122\/wordpress"],"url":"https:\/\/www.cofb.org\/es\/author\/wpadmincofborg\/"}]}},"uagb_featured_image_src":{"full":false,"thumbnail":false,"medium":false,"medium_large":false,"large":false,"1536x1536":false,"2048x2048":false,"trp-custom-language-flag":false},"uagb_author_info":{"display_name":"wpAdminCofbOrg","author_link":"https:\/\/www.cofb.org\/es\/author\/wpadmincofborg\/"},"uagb_comment_info":0,"uagb_excerpt":"\u00a0 La Junta Directiva del Cercle de Salut recolza el posicionament sobre el manteniment dels fons estatals COVID per al 2022 em\u00e8s pel Consell de Direcci\u00f3 del Servei Catal\u00e0 de la Salut\u00a0\u00a0i que reproduim a continuaci\u00f3: Les entitats, agents socials i membres del Consell de Direcci\u00f3 del Servei Catal\u00e0 de [&hellip;]","_links":{"self":[{"href":"https:\/\/www.cofb.org\/es\/wp-json\/wp\/v2\/posts\/77042","targetHints":{"allow":["GET"]}}],"collection":[{"href":"https:\/\/www.cofb.org\/es\/wp-json\/wp\/v2\/posts"}],"about":[{"href":"https:\/\/www.cofb.org\/es\/wp-json\/wp\/v2\/types\/post"}],"author":[{"embeddable":true,"href":"https:\/\/www.cofb.org\/es\/wp-json\/wp\/v2\/users\/1"}],"replies":[{"embeddable":true,"href":"https:\/\/www.cofb.org\/es\/wp-json\/wp\/v2\/comments?post=77042"}],"version-history":[{"count":0,"href":"https:\/\/www.cofb.org\/es\/wp-json\/wp\/v2\/posts\/77042\/revisions"}],"wp:attachment":[{"href":"https:\/\/www.cofb.org\/es\/wp-json\/wp\/v2\/media?parent=77042"}],"wp:term":[{"taxonomy":"category","embeddable":true,"href":"https:\/\/www.cofb.org\/es\/wp-json\/wp\/v2\/categories?post=77042"},{"taxonomy":"post_tag","embeddable":true,"href":"https:\/\/www.cofb.org\/es\/wp-json\/wp\/v2\/tags?post=77042"}],"curies":[{"name":"wp","href":"https:\/\/api.w.org\/{rel}","templated":true}]}}