{"id":77035,"date":"2021-12-22T17:04:00","date_gmt":"2021-12-22T17:04:00","guid":{"rendered":"https:\/\/novaorg.cofb.net\/2021\/12\/22\/el-cof-de-barcelona-posa-en-marxa-el-cicle-de-tertulies-covid-19-amb-una-conferencia-sobre-vacunes-impartida-per-la-dra-magda-campinsel-cof-de-barcelona-pone-en-marcha-el-ciclo-de-tertulias-covid-19\/"},"modified":"2021-12-22T17:04:00","modified_gmt":"2021-12-22T17:04:00","slug":"el-cof-de-barcelona-posa-en-marxa-el-cicle-de-tertulies-covid-19-amb-una-conferencia-sobre-vacunes-impartida-per-la-dra-magda-campinsel-cof-de-barcelona-pone-en-marcha-el-ciclo-de-tertulias-covid-19","status":"publish","type":"post","link":"https:\/\/www.cofb.org\/es\/2021\/12\/22\/el-cof-de-barcelona-posa-en-marxa-el-cicle-de-tertulies-covid-19-amb-una-conferencia-sobre-vacunes-impartida-per-la-dra-magda-campinsel-cof-de-barcelona-pone-en-marcha-el-ciclo-de-tertulias-covid-19\/","title":{"rendered":"El COF de Barcelona pone en marcha el ciclo de tertulias COVID-19, con una conferencia sobre vacunas impartida por la Dra. Magda CampinsEl COF de Barcelona pon en marcha el ciclo de Tertulias COVID-19, con una conferencia sobre vacunas impartida por la Dra. Magda Campins"},"content":{"rendered":"<p>\u00a0<\/p>\n<ul>\n<li>\u201c<strong>Vacunas COVID-19: \u00bfQu\u00e9 hemos hecho hasta ahora y qu\u00e9 nos queda por hacer?\u201d,<\/strong> fue el t\u00edtulo de la primera sesi\u00f3n, a cargo de la <strong>Dra. Magda Campins<\/strong>, investigadora del grupo de investigaci\u00f3n de epidemiolog\u00eda y Salud P\u00fablica del Vall d&#039;Hebron Instituto de Investigaci\u00f3n (VHIR) y presidenta del Comit\u00e9 Cient\u00edfico Asesor de la COVID-19<\/li>\n<\/ul>\n<p>\u00a0<\/p>\n<ul>\n<li>Despu\u00e9s de hacer un <strong>repaso<\/strong> de la <strong>situaci\u00f3n epidemiol\u00f3gica<\/strong>, la doctora resolvi\u00f3 varias preguntas que los colegiados hab\u00edan enviado previamente, clasificadas en cuatro grandes bloques:\u00a0 <strong>enfermedad<\/strong>, <strong>epidemiolog\u00eda<\/strong>, <strong>vacuna<\/strong> y <strong>restricciones<\/strong><\/li>\n<\/ul>\n<p>\u00a0<\/p>\n<ul>\n<li>La <strong>Dra. Campines<\/strong> resalt\u00f3 el <strong>papel <\/strong>de los <strong>farmac\u00e9uticos<\/strong> durante la <strong>pandemia y su implicaci\u00f3n en iniciativas como el cribado escolar <\/strong><\/li>\n<\/ul>\n<p>\u00a0<\/p>\n<p><em>Barcelona, 22 de diciembre de 2021<\/em>. \u201c<strong>Vacunas COVID-19: \u00bfQu\u00e9 hemos hecho hasta ahora y qu\u00e9 nos queda por hacer?\u201d. <\/strong>\u00c9ste ha sido el t\u00edtulo de la <strong>primera conferencia<\/strong> organizada por <strong>Col\u00b7legi de Farmac\u00e8utics de Barcelona (COFB)<\/strong>, con el <strong>patrocinio de <a href=\"https:\/\/www.sanofi.com\/\" target=\"_blank\" rel=\"noopener\">Sanofi<\/a><\/strong>, dentro del marco del ciclo de <strong>Tertulias COVID-19<\/strong> que ha puesto en marcha este a\u00f1o. El acto, que se celebr\u00f3 en formato <em>Webinar<\/em> el pasado <strong>15 de diciembre<\/strong>, fue a cargo de la <strong>Dra. Magda Campins<\/strong>, investigadora <strong>del grupo de investigaci\u00f3n de epidemiolog\u00eda y Salud P\u00fablica del Vall d&#039;Hebron Instituto de Investigaci\u00f3n (VHIR) <\/strong>y presidenta del <strong>Comit\u00e9 Cient\u00edfico Asesor de la COVID-19<\/strong>, y cont\u00f3 con la moderaci\u00f3n de<strong>Aina Surroca<\/strong>, <strong>secretaria<\/strong> y <strong>responsable<\/strong> de la Comisi\u00f3n Delgada de Formaci\u00f3n del COFB.<\/p>\n<p><strong><u>Situaci\u00f3n epidemiol\u00f3gica e impacto de la vacunaci\u00f3n<\/u><\/strong><\/p>\n<p>Durante la primera parte de la sesi\u00f3n, la doctora empez\u00f3 haciendo un <strong>repaso de la situaci\u00f3n epidemiol\u00f3gica<\/strong> en Catalu\u00f1a y en Espa\u00f1a. \u201cLlevamos casi <strong>2 a\u00f1os de pandemia<\/strong> y vamos teniendo olas, una tras otra, aunque <strong>el impacto<\/strong>, como sab\u00e9is, <strong>es menor<\/strong> en cuanto a hospitalizaciones y mortalidad gracias a las vacunas\u201d, explic\u00f3. En este sentido, la Dra. Campins expuso que \u201cen Espa\u00f1a, desde que se empez\u00f3 con la <strong>vacunaci\u00f3n<\/strong>, <strong>en la cuarta y quinta ola se vio claramente que, aunque el n\u00famero de casos fue importante, el impacto sobre la mortalidad fue mucho menor que en las anteriores<\/strong>\u201d. En cuanto a la <strong>incidencia actual de COVID-19<\/strong>, la doctora apunt\u00f3 que \u201cestamos en una <strong>tendencia claramente ascendente\u201d.<\/strong><\/p>\n<p>Seg\u00fan expuso la presidenta del Comit\u00e9 Cient\u00edfico Asesor de la COVID-19, actualmente, \u201cse est\u00e1 viendo un <strong>desplazamiento de la infecci\u00f3n hacia la edad pedi\u00e1trica<\/strong> y, sobre todo, hacia los ni\u00f1os menores de once a\u00f1os. Por otra parte, \u201cla afectaci\u00f3n en las escuelas es sobre todo en las de Primaria. Esto se debe a que los ni\u00f1os a partir de 12 a\u00f1os se vacunaron en verano y esto hace que est\u00e9n m\u00e1s protegidos que los ni\u00f1os m\u00e1s peque\u00f1os\u201d. Precisamente, \u201c\u00e9ste es uno de los motivos por los que se ha <strong>recomendado la vacunaci\u00f3n de los ni\u00f1os de 5 a 11 a\u00f1os<\/strong>. No tanto por la gravedad de la enfermedad, ya que en ni\u00f1os \u00e9sta no es grave, pero s\u00ed por el<strong>impacto <\/strong>que est\u00e1 teniendo en <strong>nivel escolar<\/strong> y en la <strong>normalizaci\u00f3n de la vida de los ni\u00f1os m\u00e1s peque\u00f1os<\/strong>\u201d, concret\u00f3. \u00a0<\/p>\n<p>Haciendo un repaso de las <strong>vacunas administradas<\/strong>, la doctora apunt\u00f3 que \u201cen toda Espa\u00f1a la vacuna que m\u00e1s se ha puesto es la de <strong>Pfizer\/BioNtech<\/strong>, seguida de <strong>Moderna<\/strong>, <strong>AstraZeneca\/Oxford<\/strong>\u00a0 y la de <strong>Janssen<\/strong>\u201d. La Dra. Campins tambi\u00e9n destac\u00f3 que \u201cEspa\u00f1a es un pa\u00eds con unas <strong>excelentes coberturas vacunales<\/strong> en <strong>comparaci\u00f3n con otros pa\u00edses<\/strong>\u201d. Sin embargo, a nivel mundial, \u201cel <strong>55% de la poblaci\u00f3n<\/strong> ha recibido al menos una dosis de vacuna, pero si miramos a los pa\u00edses pobres, s\u00f3lo <strong>un 7%<\/strong> de estos pa\u00edses ha recibido alguna dosis [cifras en fecha del 15\/12\/2021]. Aqu\u00ed es donde tenemos el gran problema y donde deber\u00edamos luchar todos por <strong>conseguir que la cobertura vacunal aumente<\/strong>. Para protegerlos a ellos ya toda la poblaci\u00f3n\u201d, a\u00f1adi\u00f3.<\/p>\n<p><strong><u>Cuestiones de los colegiados ante la enfermedad, la epidemiolog\u00eda, la vacuna y las restricciones<\/u><\/strong><\/p>\n<p>La segunda parte de la sesi\u00f3n const\u00f3 de <strong>varias preguntas<\/strong> que los colegiados trasladaron, y que se dividieron en <strong>cuatro bloques: enfermedad, epidemiolog\u00eda, vacuna y restricciones.<\/strong><\/p>\n<p><strong><span>Enfermedad: convivencia de la COVID-19 con la gripe <\/span><\/strong><\/p>\n<p>Dentro del primer bloque, una de las preguntas fue c\u00f3mo se est\u00e1 produciendo la <strong>convivencia de la COVID con otras infecciones v\u00edricas como la gripe<\/strong>. La Dra. Campins respondi\u00f3 que \u201cel&#039;<strong>a\u00f1o pasado <\/strong>sorprendi\u00f3 que el <strong>SARS-CoV-2<\/strong> ocup\u00f3 todo lo <strong>nicho ecol\u00f3gico<\/strong> de todos los <strong>virus respiratorios<\/strong>. Este a\u00f1o las expectativas son que probablemente habr\u00e1 <strong>epidemia de gripe<\/strong> y, de hecho, ya han empezado a detectarse casos de gripe, aunque no con una frecuencia muy alta, ya que son muy pocos casos todav\u00eda\u201d. Sin embargo, todav\u00eda no estamos en la \u00e9poca en que <strong>es habitual<\/strong> el<strong>epidemia de gripe<\/strong>, ya que normalmente tenemos el <strong>pico m\u00e1ximo<\/strong> en febrero. Hay que ver lo que va a pasar\u201d. Y record\u00f3 que \u201cen Espa\u00f1a, hay cada a\u00f1o entre <strong>2.000<\/strong> y <strong>3.000 <\/strong>casos de muertes por gripe\u201d.<\/p>\n<p><strong><span>Epidemiolog\u00eda: variante \u00f3micron<\/span><\/strong><\/p>\n<p>Muchos colegiados se interesaron por la <strong>variante \u00f3micron<\/strong>. La doctora explic\u00f3 que \u201csu transmisibilidad es muy superior a la delta, es mucho m\u00e1s contagiosa\u201d y que \u201cen Reino Unido est\u00e1n viendo que <strong>el n\u00famero de casos de \u00f3micron se doblan cada dos d\u00edas y medio<\/strong>, esto es una transmisibilidad muy alta\u201d. Y a\u00f1adi\u00f3: \u201cLa <strong>sintomatolog\u00eda<\/strong> es la misma (fiebre, tos, resfriado). En estos momentos, todav\u00eda <strong>no tenemos suficientes datos<\/strong> para valorar si es m\u00e1s grave o no\u201d.<\/p>\n<p><strong><span>Vacunaci\u00f3n: efectividad frente a la variante \u00f3micron y carga viral de las personas vacunadas<\/span><\/strong><\/p>\n<p>En cuanto al<strong>efectividad de la vacuna <\/strong>frente a la <strong>variante \u00f3micron<\/strong>, la Dra. Campins concret\u00f3 que \u201c<strong>con dos dosis de AstraZeneca<\/strong>, pr\u00e1cticamente, se ha perdido la protecci\u00f3n, por eso las personas de 60 a 69 a\u00f1os que han recibido las dos dosis de AZ es muy importante que se pongan una tercera dosis de Pfizer o de Moderna r\u00e1pidamente\u201d. \u201cSeg\u00fan un estudio, con dos dosis de la vacuna de Pfizer existe una p\u00e9rdida de la protecci\u00f3n, pero sabemos que con una tercera dosis llega a un nivel de anticuerpos neutralizantes que pr\u00e1cticamente vuelve a poner la protecci\u00f3n al mismo nivel que se ten\u00eda con la delta\u201d, detall\u00f3. \u00a0\u00a0<\/p>\n<p>Preguntada sobre si las personas vacunadas pueden tener la misma <strong>carga viral<\/strong> que las no vacunadas, respondi\u00f3 s\u00ed y que las personas vacunadas pueden ser igual de transmisoras. Y a\u00f1adi\u00f3: \u201cAunque <strong>las personas vacunadas pueden infectarse<\/strong> y su carga viral puede ser igual a la de las no vacunadas, <strong>su probabilidad es un 50% inferior. <\/strong>Y es que<strong> la efectividad de la vacuna para evitar la infecci\u00f3n es de un 50%<\/strong>\u201d.<\/p>\n<p><strong><span>Restricciones: uso del certificado COVID<\/span><\/strong><\/p>\n<p>En relaci\u00f3n con <strong>las restricciones y las medidas<\/strong> que se estaban tomando hasta el momento en nuestro entorno, como el <strong>certificado COVID<\/strong>, la doctora destac\u00f3 que \u201cel uso del <strong>certificado COVID<\/strong> est\u00e1 teniendo un impacto en la <strong>vacunaci\u00f3n<\/strong>. Por tanto, ha sido \u00fatil y <strong>creo que debemos mantenerlo<\/strong>. Tambi\u00e9n creo que deber\u00eda extenderse al<strong>\u00e1mbito de los profesionales sanitarios <\/strong>de hospitales y residencias. No soy partidaria de la <strong>vacunaci\u00f3n obligatoria<\/strong>, ya que creo que puede generar <strong>rechazo<\/strong>, como estamos viendo en otros pa\u00edses. El <strong>certificado COVID<\/strong> no es vacunaci\u00f3n obligatoria, pero s\u00ed es obligaci\u00f3n de presentar una serie de pruebas asegurando que no est\u00e1s infectado en ese momento.\u201d<\/p>\n<p><strong><u>El papel de los farmac\u00e9uticos en la detecci\u00f3n de la COVID-19<\/u><\/strong><\/p>\n<p>La secretaria del COFB, <strong>Aina Surroca<\/strong>, pidi\u00f3 a la Dra. Campines uno <strong>balance del papel de las oficinas de farmacia en el control de la pandemia<\/strong>. \u201cDesde las farmacias comunitarias estamos participando en la supervisi\u00f3n de los test de ant\u00edgenos del cribado escolar y tambi\u00e9n los dirigidos a poblaci\u00f3n general. Se han supervisado <strong>m\u00e1s de 150.000 tests<\/strong> y se han <strong>detectado m\u00e1s de 2.000 positivos <\/strong>[en fecha del 15\/12\/2021]\u201d, destac\u00f3.<\/p>\n<p>En este sentido, la doctora expuso que \u201cojal\u00e1 se hubiera hecho antes, <strong>cuanto m\u00e1s manos seamos ayudando a combatir esta pandemia, mejor<\/strong>. Y creo que los farmac\u00e9uticos est\u00e1 en una <strong>situaci\u00f3n privilegiada<\/strong>, porque tiene un <strong>contacto muy directo<\/strong> con la poblaci\u00f3n\u201d. Y a\u00f1adi\u00f3: \u201cLas <strong>oficinas de farmacia<\/strong> ha estado siempre abiertas y la <strong>su implicaci\u00f3n ha sido fundamental<\/strong>.\u201d<\/p>\n<p>\u00a0<\/p>\n<p><strong>Con el patrocinio de:<\/strong><\/p>\n<p><img decoding=\"async\" alt=\"\" src=\"https:\/\/www.cofb.org\/documents\/10136\/1111458\/SANOFI.jpg\/2bbd3d2a-e75f-4a9c-8d90-96a9de2bfc09?t=1640189284919\"><\/p>\n<p>\u00a0<\/p>\n<p>\u00a0\u201cVacunes COVID-19: \u00bfQu\u00e9 hemos hecho hasta ahora y qu\u00e9 nos queda por hacer?\u201d, fue el t\u00edtulo de la primera sesi\u00f3n, a cargo de la Dra. Magda Campins, investigadora del grupo de investigaci\u00f3n de epidemiolog\u00eda y Salud P\u00fablica del Vall d&#039;Hebron Instituto de Investigaci\u00f3n (VHIR) y presidenta del Comit\u00e9 Cient\u00edfico Asesor de la COVID-19<\/p>\n<p>\u00a0<\/p>\n<p>\tTras un repaso de la situaci\u00f3n epidemiol\u00f3gica, la doctora resolvi\u00f3 varias preguntas que los colegiados hab\u00edan enviado previamente, clasificadas en cuatro grandes bloques: enfermedad, epidemiolog\u00eda, vacuna y restricciones<\/p>\n<p>\u00a0<\/p>\n<p>\tLa Dra. Campins resalt\u00f3 el papel de los farmac\u00e9uticos durante la pandemia y su implicaci\u00f3n en iniciativas como el cribado escolar <\/p>\n<p>\u00a0<\/p>\n<p>Barcelona, 22 de diciembre de 2021. \u201cVacunas COVID-19: \u00bfQu\u00e9 hemos hecho hasta ahora y qu\u00e9 nos queda por hacer?\u201d. \u00c9ste ha sido el t\u00edtulo de la primera conferencia organizada por el Colegio de Farmac\u00e9uticos de Barcelona (COFB), con el patrocinio de Sanofi, dentro del marco del ciclo de Tertulias COVID-19 que ha puesto en marcha este a\u00f1o. El acto, que se celebr\u00f3 en formato Webinar el pasado 15 de diciembre, corri\u00f3 a cargo de la Dra. Magda Campins, investigadora del grupo de investigaci\u00f3n de epidemiolog\u00eda y Salud P\u00fablica del Vall d&#039;Hebron Instituto de Investigaci\u00f3n (VHIR) y presidenta del Comit\u00e9 Cient\u00edfico Asesor de la COVID-19, y cont\u00f3 con la moderaci\u00f3n de Aina Surroca, secretaria y responsable de la Comisi\u00f3n Delgada de Formaci\u00f3n del COFB.<\/p>\n<p>Situaci\u00f3n epidemiol\u00f3gica e impacto de la vacunaci\u00f3n<\/p>\n<p>Durante la primera parte de la sesi\u00f3n, la doctora empez\u00f3 haciendo un repaso de la situaci\u00f3n epidemiol\u00f3gica en Catalu\u00f1a y en Espa\u00f1a. \u201cLlevamos casi 2 a\u00f1os de pandemia y vamos teniendo oleadas, una tras otra, aunque el impacto, como sab\u00e9is, es menor en cuanto a hospitalizaciones y mortalidad gracias a las vacunas\u201d, explic\u00f3. En este sentido, la Dra. Campins expuso que \u201cen Espa\u00f1a, desde que se empez\u00f3 con la vacunaci\u00f3n, en la cuarta y la quinta ola se vio claramente que, aunque el n\u00famero de casos fue importante, el impacto sobre la mortalidad fue muy menor que en las anteriores\u201d. En cuanto a la incidencia actual de COVID-19, la doctora apunt\u00f3 que &quot;estamos en una tendencia claramente ascendente&quot;.<\/p>\n<p>Seg\u00fan expuso la presidenta del Comit\u00e9 Cient\u00edfico Asesor de la COVID-19, en la actualidad, \u201cse est\u00e1 viendo un desplazamiento de la infecci\u00f3n hacia la edad pedi\u00e1trica y, sobre todo, hacia los ni\u00f1os menores de once a\u00f1os. Por otra parte, \u201cla afectaci\u00f3n en las escuelas es sobre todo en las de Primaria. Esto se debe a que los ni\u00f1os a partir de 12 a\u00f1os se vacunaron en verano y esto hace que est\u00e9n m\u00e1s protegidos que los ni\u00f1os m\u00e1s peque\u00f1os\u201d. Precisamente, \u00e9ste es uno de los motivos por los que se ha recomendado la vacunaci\u00f3n de los ni\u00f1os de 5 a 11 a\u00f1os. No tanto por la gravedad de la enfermedad, puesto que en ni\u00f1os \u00e9sta no es grave, pero s\u00ed por el impacto que est\u00e1 teniendo a nivel escolar y en la normalizaci\u00f3n de la vida de los ni\u00f1os m\u00e1s peque\u00f1os\u201d, concret\u00f3. \u00a0<\/p>\n<p>Haciendo un repaso de las vacunas administradas, la doctora apunt\u00f3 que &quot;en toda Espa\u00f1a la vacuna que m\u00e1s se ha puesto es la de Pfizer\/BioNtech, seguida de Moderna, AstraZeneca\/Oxford y la de Janssen&quot;. La Dra. Campins tambi\u00e9n destac\u00f3 que &quot;Espa\u00f1a es un pa\u00eds con unas coberturas vacunales excelentes en comparaci\u00f3n con otros pa\u00edses&quot;. Sin embargo, a nivel mundial, \u201cel 55% de la poblaci\u00f3n ha recibido al menos una dosis de vacuna, pero si miramos a los pa\u00edses pobres, s\u00f3lo un 7% de estos pa\u00edses ha recibido alguna dosis [cifras en fecha del 15\/12\/2021 ]. Aqu\u00ed es donde tenemos el gran problema y donde deber\u00edamos luchar todos por conseguir que la cobertura vacunal aumente. Para protegerlos a ellos ya toda la poblaci\u00f3n\u201d, a\u00f1adi\u00f3.<\/p>\n<p>Cuestiones de los colegiados ante la enfermedad, la epidemiolog\u00eda, la vacuna y las restricciones<\/p>\n<p>La segunda parte de la sesi\u00f3n const\u00f3 de varias preguntas que los colegiados trasladaron y que se dividieron en cuatro bloques: enfermedad, epidemiolog\u00eda, vacuna y restricciones.<\/p>\n<p>Enfermedad: convivencia de la COVID-19 con la gripe <\/p>\n<p>Dentro del primer bloque, una de las preguntas fue c\u00f3mo se est\u00e1 produciendo la convivencia de la COVID con otras infecciones v\u00edricas como la gripe. La Dra. Campins respondi\u00f3 que \u201cel a\u00f1o pasado sorprendi\u00f3 que el SARS-CoV-2 ocup\u00f3 todo el nicho ecol\u00f3gico de todos los virus respiratorios. Este a\u00f1o las expectativas son que probablemente habr\u00e1 epidemia de gripe y, de hecho, ya se han empezado a detectar casos de gripe, aunque no con una frecuencia muy alta, ya que son muy pocos casos todav\u00eda\u201d. Sin embargo, todav\u00eda no estamos en la \u00e9poca en que es habitual la epidemia de gripe, ya que normalmente tenemos el pico m\u00e1ximo en el mes de febrero. Hay que ver lo que va a pasar\u201d. Y record\u00f3 que &quot;en Espa\u00f1a, hay cada a\u00f1o entre 2.000 y 3.000 casos de muertes por gripe&quot;.<\/p>\n<p>Epidemiolog\u00eda: variante \u00f3micron<\/p>\n<p>Muchos colegiados se interesaron por la variante \u00f3micron. La doctora explic\u00f3 que \u201csu transmisibilidad es muy superior a la delta, es mucho m\u00e1s contagiosa\u201d y que \u201cen Reino Unido est\u00e1n viendo que el n\u00famero de casos de \u00f3micron se doblan cada dos d\u00edas y medio, esto es una transmisibilidad muy alta\u201d. Y a\u00f1adi\u00f3: \u201cLa sintomatolog\u00eda es la misma (fiebre, tos, resfriado). En estos momentos todav\u00eda no tenemos suficientes datos para valorar si es m\u00e1s grave o no\u201d.<\/p>\n<p>Vacunaci\u00f3n: efectividad frente a la variante \u00f3micron y carga viral de las personas vacunadas<\/p>\n<p>En cuanto a la efectividad de la vacuna frente a la variante \u00f3micron, la Dra. Campins concret\u00f3 que \u201ccon dos dosis de AstraZeneca, pr\u00e1cticamente, se ha perdido la protecci\u00f3n, por eso las personas de 60 a 69 a\u00f1os que han recibido las dos dosis de AZ es muy importante que se pongan una tercera dosis de Pfizer o de Moderna r\u00e1pidamente\u201d. \u201cSeg\u00fan un estudio, con dos dosis de la vacuna de Pfizer existe una p\u00e9rdida de la protecci\u00f3n, pero sabemos que con una tercera dosis llega a un nivel de anticuerpos neutralizantes que pr\u00e1cticamente vuelve a poner la protecci\u00f3n al mismo nivel que se ten\u00eda con la delta\u201d, detall\u00f3. \u00a0\u00a0<\/p>\n<p>Preguntada sobre si las personas vacunadas pueden tener la misma carga viral que las no vacunadas, respondi\u00f3 s\u00ed y que las personas vacunadas pueden ser igual de transmisoras. Y a\u00f1adi\u00f3: \u201cAunque las personas vacunadas pueden infectarse y su carga viral puede ser igual a la de las no vacunadas, su probabilidad es un 50% inferior. Y es que la efectividad de la vacuna para evitar la infecci\u00f3n es de un 50%\u201d.<\/p>\n<p>Restricciones: uso del certificado COVID<\/p>\n<p>En relaci\u00f3n con las restricciones y medidas que se estaban tomando hasta el momento en nuestro entorno, como el certificado COVID, la doctora destac\u00f3 que \u201cel uso del certificado COVID est\u00e1 teniendo un impacto en la vacunaci\u00f3n. Por tanto, ha sido \u00fatil y creo que debemos mantenerlo. Tambi\u00e9n creo que deber\u00eda extenderse al \u00e1mbito de los profesionales sanitarios de hospitales y residencias. No soy partidaria de la vacunaci\u00f3n obligatoria, puesto que creo que puede generar rechazo, como estamos viendo en otros pa\u00edses. El certificado COVID no es vacunaci\u00f3n obligatoria, pero s\u00ed que es obligaci\u00f3n de presentar una serie de pruebas asegurando que no est\u00e1s infectado en ese momento.\u201d<\/p>\n<p>El papel de los farmac\u00e9uticos en la detecci\u00f3n de la COVID-19<\/p>\n<p>La secretaria del COFB, Aina Surroca, pidi\u00f3 a la Dra. Campins un balance del papel de las oficinas de farmacia en el control de la pandemia. \u201cDesde las farmacias comunitarias estamos participando en la supervisi\u00f3n de los test de ant\u00edgenos del cribado escolar y tambi\u00e9n los dirigidos a poblaci\u00f3n general. Se han supervisado m\u00e1s de 150.000 tests y se han detectado m\u00e1s de 2.000 positivos [en fecha 15\/12\/2021]\u201d, destac\u00f3.<\/p>\n<p>En este sentido, la doctora expuso que \u201cojal\u00e1 se hubiera hecho antes, cuanto m\u00e1s manos seamos ayudando a combatir esta pandemia, mejor. Y creo que los farmac\u00e9uticos est\u00e1 en una situaci\u00f3n privilegiada, porque tiene un contacto muy directo con la poblaci\u00f3n\u201d. Y a\u00f1adi\u00f3: \u201cLas oficinas de farmacia han estado siempre abiertas y su implicaci\u00f3n ha sido fundamental.\u201d<\/p>\n<p>\u00a0<\/p>\n<p>Con el patrocinio de:<\/p>\n<p>\u00a0\u00a0\u00a0COFB.ORG<\/p>","protected":false},"excerpt":{"rendered":"<p>\u00a0 \u201cVacunes COVID-19: \u00bfQu\u00e9 hemos hecho hasta ahora y qu\u00e9 nos queda por hacer?\u201d, fue el t\u00edtulo de la primera sesi\u00f3n, a cargo de la Dra. Magda Campins, investigadora del grupo de investigaci\u00f3n de epidemiolog\u00eda y Salud P\u00fablica del Vall d&#039;Hebron Instituto de Investigaci\u00f3n (VHIR) y presidenta del Comit\u00e9 Cient\u00edfico [\u2026]<\/p>","protected":false},"author":1,"featured_media":77036,"comment_status":"","ping_status":"","sticky":false,"template":"","format":"standard","meta":{"_uag_custom_page_level_css":"","site-sidebar-layout":"default","site-content-layout":"","ast-site-content-layout":"default","site-content-style":"default","site-sidebar-style":"default","ast-global-header-display":"","ast-banner-title-visibility":"","ast-main-header-display":"","ast-hfb-above-header-display":"","ast-hfb-below-header-display":"","ast-hfb-mobile-header-display":"","site-post-title":"","ast-breadcrumbs-content":"","ast-featured-img":"disabled","footer-sml-layout":"","theme-transparent-header-meta":"","adv-header-id-meta":"","stick-header-meta":"","header-above-stick-meta":"","header-main-stick-meta":"","header-below-stick-meta":"","astra-migrate-meta-layouts":"default","ast-page-background-enabled":"default","ast-page-background-meta":{"desktop":{"background-color":"var(--ast-global-color-4)","background-image":"","background-repeat":"repeat","background-position":"center center","background-size":"auto","background-attachment":"scroll","background-type":"","background-media":"","overlay-type":"","overlay-color":"","overlay-opacity":"","overlay-gradient":""},"tablet":{"background-color":"","background-image":"","background-repeat":"repeat","background-position":"center center","background-size":"auto","background-attachment":"scroll","background-type":"","background-media":"","overlay-type":"","overlay-color":"","overlay-opacity":"","overlay-gradient":""},"mobile":{"background-color":"","background-image":"","background-repeat":"repeat","background-position":"center center","background-size":"auto","background-attachment":"scroll","background-type":"","background-media":"","overlay-type":"","overlay-color":"","overlay-opacity":"","overlay-gradient":""}},"ast-content-background-meta":{"desktop":{"background-color":"var(--ast-global-color-5)","background-image":"","background-repeat":"repeat","background-position":"center center","background-size":"auto","background-attachment":"scroll","background-type":"","background-media":"","overlay-type":"","overlay-color":"","overlay-opacity":"","overlay-gradient":""},"tablet":{"background-color":"var(--ast-global-color-5)","background-image":"","background-repeat":"repeat","background-position":"center center","background-size":"auto","background-attachment":"scroll","background-type":"","background-media":"","overlay-type":"","overlay-color":"","overlay-opacity":"","overlay-gradient":""},"mobile":{"background-color":"var(--ast-global-color-5)","background-image":"","background-repeat":"repeat","background-position":"center center","background-size":"auto","background-attachment":"scroll","background-type":"","background-media":"","overlay-type":"","overlay-color":"","overlay-opacity":"","overlay-gradient":""}},"footnotes":""},"categories":[1060,1066],"tags":[],"class_list":["post-77035","post","type-post","status-publish","format-standard","has-post-thumbnail","hentry","category-notes-premsa","category-sense-categoria-ca"],"yoast_head":"<!-- This site is optimized with the Yoast SEO plugin v22.4 - https:\/\/yoast.com\/wordpress\/plugins\/seo\/ -->\n<title>El COF de Barcelona posa en marxa el cicle de tert\u00falies COVID-19, amb una confer\u00e8ncia sobre vacunes impartida per la Dra. Magda CampinsEl COF de Barcelona pone en marcha el ciclo de Tertulias COVID-19, con una conferencia sobre vacunas impartida por la Dra. Magda Campins - Col\u00b7legi de Farmac\u00e8utics de Barcelona<\/title>\n<meta name=\"robots\" content=\"index, follow, max-snippet:-1, max-image-preview:large, max-video-preview:-1\" \/>\n<link rel=\"canonical\" href=\"https:\/\/novaorg.cofb.net\/2021\/12\/22\/el-cof-de-barcelona-posa-en-marxa-el-cicle-de-tertulies-covid-19-amb-una-conferencia-sobre-vacunes-impartida-per-la-dra-magda-campinsel-cof-de-barcelona-pone-en-marcha-el-ciclo-de-tertulias-covid-19\/\" \/>\n<meta property=\"og:locale\" content=\"es_ES\" \/>\n<meta property=\"og:type\" content=\"article\" \/>\n<meta property=\"og:title\" content=\"El COF de Barcelona posa en marxa el cicle de tert\u00falies COVID-19, amb una confer\u00e8ncia sobre vacunes impartida per la Dra. Magda CampinsEl COF de Barcelona pone en marcha el ciclo de Tertulias COVID-19, con una conferencia sobre vacunas impartida por la Dra. Magda Campins - Col\u00b7legi de Farmac\u00e8utics de Barcelona\" \/>\n<meta property=\"og:description\" content=\"\u00a0 \u201cVacunes COVID-19: Qu\u00e8 hem fet fins ara i qu\u00e8 ens queda per fer?\u201d, va ser el t\u00edtol de la primera sessi\u00f3, a c\u00e0rrec de la Dra. Magda Campins, investigadora del grup de recerca d\u2019epidemiologia i Salut P\u00fablica del Vall d\u2019Hebron Institut de Recerca (VHIR)\u00a0 i presidenta del Comit\u00e8 Cient\u00edfic [&hellip;]\" \/>\n<meta property=\"og:url\" content=\"https:\/\/novaorg.cofb.net\/2021\/12\/22\/el-cof-de-barcelona-posa-en-marxa-el-cicle-de-tertulies-covid-19-amb-una-conferencia-sobre-vacunes-impartida-per-la-dra-magda-campinsel-cof-de-barcelona-pone-en-marcha-el-ciclo-de-tertulias-covid-19\/\" \/>\n<meta property=\"og:site_name\" content=\"Col\u00b7legi de Farmac\u00e8utics de Barcelona\" \/>\n<meta property=\"article:publisher\" content=\"https:\/\/www.facebook.com\/farmaceuticsbcn\/\" \/>\n<meta property=\"article:published_time\" content=\"2021-12-22T17:04:00+00:00\" \/>\n<meta property=\"og:image\" content=\"https:\/\/novaorg.cofb.net\/wp-content\/uploads\/2021\/12\/2bbd3d2a-e75f-4a9c-8d90-96a9de2bfc09-2PTSbs.jpeg\" \/>\n\t<meta property=\"og:image:width\" content=\"126\" \/>\n\t<meta property=\"og:image:height\" content=\"103\" \/>\n\t<meta property=\"og:image:type\" content=\"image\/jpeg\" \/>\n<meta name=\"author\" content=\"wpAdminCofbOrg\" \/>\n<meta name=\"twitter:card\" content=\"summary_large_image\" \/>\n<meta name=\"twitter:creator\" content=\"@farmaceuticsbcn\" \/>\n<meta name=\"twitter:site\" content=\"@farmaceuticsbcn\" \/>\n<meta name=\"twitter:label1\" content=\"Escrito por\" \/>\n\t<meta name=\"twitter:data1\" content=\"wpAdminCofbOrg\" \/>\n\t<meta name=\"twitter:label2\" content=\"Tiempo de lectura\" \/>\n\t<meta name=\"twitter:data2\" content=\"15 minutos\" \/>\n<script type=\"application\/ld+json\" class=\"yoast-schema-graph\">{\"@context\":\"https:\/\/schema.org\",\"@graph\":[{\"@type\":\"Article\",\"@id\":\"https:\/\/novaorg.cofb.net\/2021\/12\/22\/el-cof-de-barcelona-posa-en-marxa-el-cicle-de-tertulies-covid-19-amb-una-conferencia-sobre-vacunes-impartida-per-la-dra-magda-campinsel-cof-de-barcelona-pone-en-marcha-el-ciclo-de-tertulias-covid-19\/#article\",\"isPartOf\":{\"@id\":\"https:\/\/novaorg.cofb.net\/2021\/12\/22\/el-cof-de-barcelona-posa-en-marxa-el-cicle-de-tertulies-covid-19-amb-una-conferencia-sobre-vacunes-impartida-per-la-dra-magda-campinsel-cof-de-barcelona-pone-en-marcha-el-ciclo-de-tertulias-covid-19\/\"},\"author\":{\"name\":\"wpAdminCofbOrg\",\"@id\":\"https:\/\/www.cofb.org\/#\/schema\/person\/22ed7eea88da74b0fa4d3154ad87ffcb\"},\"headline\":\"El COF de Barcelona posa en marxa el cicle de tert\u00falies COVID-19, amb una confer\u00e8ncia sobre vacunes impartida per la Dra. Magda CampinsEl COF de Barcelona pone en marcha el ciclo de Tertulias COVID-19, con una conferencia sobre vacunas impartida por la Dra. Magda Campins\",\"datePublished\":\"2021-12-22T17:04:00+00:00\",\"dateModified\":\"2021-12-22T17:04:00+00:00\",\"mainEntityOfPage\":{\"@id\":\"https:\/\/novaorg.cofb.net\/2021\/12\/22\/el-cof-de-barcelona-posa-en-marxa-el-cicle-de-tertulies-covid-19-amb-una-conferencia-sobre-vacunes-impartida-per-la-dra-magda-campinsel-cof-de-barcelona-pone-en-marcha-el-ciclo-de-tertulias-covid-19\/\"},\"wordCount\":2969,\"publisher\":{\"@id\":\"https:\/\/www.cofb.org\/#organization\"},\"image\":{\"@id\":\"https:\/\/novaorg.cofb.net\/2021\/12\/22\/el-cof-de-barcelona-posa-en-marxa-el-cicle-de-tertulies-covid-19-amb-una-conferencia-sobre-vacunes-impartida-per-la-dra-magda-campinsel-cof-de-barcelona-pone-en-marcha-el-ciclo-de-tertulias-covid-19\/#primaryimage\"},\"thumbnailUrl\":\"https:\/\/www.cofb.org\/wp-content\/uploads\/2021\/12\/2bbd3d2a-e75f-4a9c-8d90-96a9de2bfc09-2PTSbs.jpeg\",\"articleSection\":[\"Notes de premsa\",\"Sense categoria\"],\"inLanguage\":\"es\"},{\"@type\":\"WebPage\",\"@id\":\"https:\/\/novaorg.cofb.net\/2021\/12\/22\/el-cof-de-barcelona-posa-en-marxa-el-cicle-de-tertulies-covid-19-amb-una-conferencia-sobre-vacunes-impartida-per-la-dra-magda-campinsel-cof-de-barcelona-pone-en-marcha-el-ciclo-de-tertulias-covid-19\/\",\"url\":\"https:\/\/novaorg.cofb.net\/2021\/12\/22\/el-cof-de-barcelona-posa-en-marxa-el-cicle-de-tertulies-covid-19-amb-una-conferencia-sobre-vacunes-impartida-per-la-dra-magda-campinsel-cof-de-barcelona-pone-en-marcha-el-ciclo-de-tertulias-covid-19\/\",\"name\":\"El COF de Barcelona posa en marxa el cicle de tert\u00falies COVID-19, amb una confer\u00e8ncia sobre vacunes impartida per la Dra. Magda CampinsEl COF de Barcelona pone en marcha el ciclo de Tertulias COVID-19, con una conferencia sobre vacunas impartida por la Dra. Magda Campins - Col\u00b7legi de Farmac\u00e8utics de Barcelona\",\"isPartOf\":{\"@id\":\"https:\/\/www.cofb.org\/#website\"},\"primaryImageOfPage\":{\"@id\":\"https:\/\/novaorg.cofb.net\/2021\/12\/22\/el-cof-de-barcelona-posa-en-marxa-el-cicle-de-tertulies-covid-19-amb-una-conferencia-sobre-vacunes-impartida-per-la-dra-magda-campinsel-cof-de-barcelona-pone-en-marcha-el-ciclo-de-tertulias-covid-19\/#primaryimage\"},\"image\":{\"@id\":\"https:\/\/novaorg.cofb.net\/2021\/12\/22\/el-cof-de-barcelona-posa-en-marxa-el-cicle-de-tertulies-covid-19-amb-una-conferencia-sobre-vacunes-impartida-per-la-dra-magda-campinsel-cof-de-barcelona-pone-en-marcha-el-ciclo-de-tertulias-covid-19\/#primaryimage\"},\"thumbnailUrl\":\"https:\/\/www.cofb.org\/wp-content\/uploads\/2021\/12\/2bbd3d2a-e75f-4a9c-8d90-96a9de2bfc09-2PTSbs.jpeg\",\"datePublished\":\"2021-12-22T17:04:00+00:00\",\"dateModified\":\"2021-12-22T17:04:00+00:00\",\"breadcrumb\":{\"@id\":\"https:\/\/novaorg.cofb.net\/2021\/12\/22\/el-cof-de-barcelona-posa-en-marxa-el-cicle-de-tertulies-covid-19-amb-una-conferencia-sobre-vacunes-impartida-per-la-dra-magda-campinsel-cof-de-barcelona-pone-en-marcha-el-ciclo-de-tertulias-covid-19\/#breadcrumb\"},\"inLanguage\":\"es\",\"potentialAction\":[{\"@type\":\"ReadAction\",\"target\":[\"https:\/\/novaorg.cofb.net\/2021\/12\/22\/el-cof-de-barcelona-posa-en-marxa-el-cicle-de-tertulies-covid-19-amb-una-conferencia-sobre-vacunes-impartida-per-la-dra-magda-campinsel-cof-de-barcelona-pone-en-marcha-el-ciclo-de-tertulias-covid-19\/\"]}]},{\"@type\":\"ImageObject\",\"inLanguage\":\"es\",\"@id\":\"https:\/\/novaorg.cofb.net\/2021\/12\/22\/el-cof-de-barcelona-posa-en-marxa-el-cicle-de-tertulies-covid-19-amb-una-conferencia-sobre-vacunes-impartida-per-la-dra-magda-campinsel-cof-de-barcelona-pone-en-marcha-el-ciclo-de-tertulias-covid-19\/#primaryimage\",\"url\":\"https:\/\/www.cofb.org\/wp-content\/uploads\/2021\/12\/2bbd3d2a-e75f-4a9c-8d90-96a9de2bfc09-2PTSbs.jpeg\",\"contentUrl\":\"https:\/\/www.cofb.org\/wp-content\/uploads\/2021\/12\/2bbd3d2a-e75f-4a9c-8d90-96a9de2bfc09-2PTSbs.jpeg\",\"width\":126,\"height\":103},{\"@type\":\"BreadcrumbList\",\"@id\":\"https:\/\/novaorg.cofb.net\/2021\/12\/22\/el-cof-de-barcelona-posa-en-marxa-el-cicle-de-tertulies-covid-19-amb-una-conferencia-sobre-vacunes-impartida-per-la-dra-magda-campinsel-cof-de-barcelona-pone-en-marcha-el-ciclo-de-tertulias-covid-19\/#breadcrumb\",\"itemListElement\":[{\"@type\":\"ListItem\",\"position\":1,\"name\":\"Inici\",\"item\":\"https:\/\/novaorg.cofb.net\/\"},{\"@type\":\"ListItem\",\"position\":2,\"name\":\"El COF de Barcelona posa en marxa el cicle de tert\u00falies COVID-19, amb una confer\u00e8ncia sobre vacunes impartida per la Dra. Magda CampinsEl COF de Barcelona pone en marcha el ciclo de Tertulias COVID-19, con una conferencia sobre vacunas impartida por la Dra. Magda Campins\"}]},{\"@type\":\"WebSite\",\"@id\":\"https:\/\/www.cofb.org\/#website\",\"url\":\"https:\/\/www.cofb.org\/\",\"name\":\"Col\u00b7legi de Farmac\u00e8utics de Barcelona\",\"description\":\"\",\"publisher\":{\"@id\":\"https:\/\/www.cofb.org\/#organization\"},\"potentialAction\":[{\"@type\":\"SearchAction\",\"target\":{\"@type\":\"EntryPoint\",\"urlTemplate\":\"https:\/\/www.cofb.org\/?s={search_term_string}\"},\"query-input\":\"required name=search_term_string\"}],\"inLanguage\":\"es\"},{\"@type\":\"Organization\",\"@id\":\"https:\/\/www.cofb.org\/#organization\",\"name\":\"Col\u00b7legi de Farmac\u00e8utics de Barcelona\",\"url\":\"https:\/\/www.cofb.org\/\",\"logo\":{\"@type\":\"ImageObject\",\"inLanguage\":\"es\",\"@id\":\"https:\/\/www.cofb.org\/#\/schema\/logo\/image\/\",\"url\":\"https:\/\/www.cofb.org\/wp-content\/uploads\/2023\/11\/cropped-Logotip-COFB.png\",\"contentUrl\":\"https:\/\/www.cofb.org\/wp-content\/uploads\/2023\/11\/cropped-Logotip-COFB.png\",\"width\":500,\"height\":105,\"caption\":\"Col\u00b7legi de Farmac\u00e8utics de Barcelona\"},\"image\":{\"@id\":\"https:\/\/www.cofb.org\/#\/schema\/logo\/image\/\"},\"sameAs\":[\"https:\/\/www.facebook.com\/farmaceuticsbcn\/\",\"https:\/\/twitter.com\/farmaceuticsbcn\",\"https:\/\/www.instagram.com\/farmaceuticsbcn\/\",\"https:\/\/www.linkedin.com\/company\/farmaceuticsbcn\/\"]},{\"@type\":\"Person\",\"@id\":\"https:\/\/www.cofb.org\/#\/schema\/person\/22ed7eea88da74b0fa4d3154ad87ffcb\",\"name\":\"wpAdminCofbOrg\",\"image\":{\"@type\":\"ImageObject\",\"inLanguage\":\"es\",\"@id\":\"https:\/\/www.cofb.org\/#\/schema\/person\/image\/\",\"url\":\"https:\/\/secure.gravatar.com\/avatar\/1721b20b3b8ca882c3b56ec6c978c594fff670e40c0718e9190eaeeb76aae7d8?s=96&d=mm&r=g\",\"contentUrl\":\"https:\/\/secure.gravatar.com\/avatar\/1721b20b3b8ca882c3b56ec6c978c594fff670e40c0718e9190eaeeb76aae7d8?s=96&d=mm&r=g\",\"caption\":\"wpAdminCofbOrg\"},\"sameAs\":[\"http:\/\/192.168.64.122\/wordpress\"],\"url\":\"https:\/\/www.cofb.org\/es\/author\/wpadmincofborg\/\"}]}<\/script>\n<!-- \/ Yoast SEO plugin. -->","yoast_head_json":{"title":"El COF de Barcelona posa en marxa el cicle de tert\u00falies COVID-19, amb una confer\u00e8ncia sobre vacunes impartida per la Dra. Magda CampinsEl COF de Barcelona pone en marcha el ciclo de Tertulias COVID-19, con una conferencia sobre vacunas impartida por la Dra. Magda Campins - Col\u00b7legi de Farmac\u00e8utics de Barcelona","robots":{"index":"index","follow":"follow","max-snippet":"max-snippet:-1","max-image-preview":"max-image-preview:large","max-video-preview":"max-video-preview:-1"},"canonical":"https:\/\/novaorg.cofb.net\/2021\/12\/22\/el-cof-de-barcelona-posa-en-marxa-el-cicle-de-tertulies-covid-19-amb-una-conferencia-sobre-vacunes-impartida-per-la-dra-magda-campinsel-cof-de-barcelona-pone-en-marcha-el-ciclo-de-tertulias-covid-19\/","og_locale":"es_ES","og_type":"article","og_title":"El COF de Barcelona posa en marxa el cicle de tert\u00falies COVID-19, amb una confer\u00e8ncia sobre vacunes impartida per la Dra. Magda CampinsEl COF de Barcelona pone en marcha el ciclo de Tertulias COVID-19, con una conferencia sobre vacunas impartida por la Dra. Magda Campins - Col\u00b7legi de Farmac\u00e8utics de Barcelona","og_description":"\u00a0 \u201cVacunes COVID-19: Qu\u00e8 hem fet fins ara i qu\u00e8 ens queda per fer?\u201d, va ser el t\u00edtol de la primera sessi\u00f3, a c\u00e0rrec de la Dra. Magda Campins, investigadora del grup de recerca d\u2019epidemiologia i Salut P\u00fablica del Vall d\u2019Hebron Institut de Recerca (VHIR)\u00a0 i presidenta del Comit\u00e8 Cient\u00edfic [&hellip;]","og_url":"https:\/\/novaorg.cofb.net\/2021\/12\/22\/el-cof-de-barcelona-posa-en-marxa-el-cicle-de-tertulies-covid-19-amb-una-conferencia-sobre-vacunes-impartida-per-la-dra-magda-campinsel-cof-de-barcelona-pone-en-marcha-el-ciclo-de-tertulias-covid-19\/","og_site_name":"Col\u00b7legi de Farmac\u00e8utics de Barcelona","article_publisher":"https:\/\/www.facebook.com\/farmaceuticsbcn\/","article_published_time":"2021-12-22T17:04:00+00:00","og_image":[{"width":126,"height":103,"url":"https:\/\/novaorg.cofb.net\/wp-content\/uploads\/2021\/12\/2bbd3d2a-e75f-4a9c-8d90-96a9de2bfc09-2PTSbs.jpeg","type":"image\/jpeg"}],"author":"wpAdminCofbOrg","twitter_card":"summary_large_image","twitter_creator":"@farmaceuticsbcn","twitter_site":"@farmaceuticsbcn","twitter_misc":{"Escrito por":"wpAdminCofbOrg","Tiempo de lectura":"15 minutos"},"schema":{"@context":"https:\/\/schema.org","@graph":[{"@type":"Article","@id":"https:\/\/novaorg.cofb.net\/2021\/12\/22\/el-cof-de-barcelona-posa-en-marxa-el-cicle-de-tertulies-covid-19-amb-una-conferencia-sobre-vacunes-impartida-per-la-dra-magda-campinsel-cof-de-barcelona-pone-en-marcha-el-ciclo-de-tertulias-covid-19\/#article","isPartOf":{"@id":"https:\/\/novaorg.cofb.net\/2021\/12\/22\/el-cof-de-barcelona-posa-en-marxa-el-cicle-de-tertulies-covid-19-amb-una-conferencia-sobre-vacunes-impartida-per-la-dra-magda-campinsel-cof-de-barcelona-pone-en-marcha-el-ciclo-de-tertulias-covid-19\/"},"author":{"name":"wpAdminCofbOrg","@id":"https:\/\/www.cofb.org\/#\/schema\/person\/22ed7eea88da74b0fa4d3154ad87ffcb"},"headline":"El COF de Barcelona posa en marxa el cicle de tert\u00falies COVID-19, amb una confer\u00e8ncia sobre vacunes impartida per la Dra. Magda CampinsEl COF de Barcelona pone en marcha el ciclo de Tertulias COVID-19, con una conferencia sobre vacunas impartida por la Dra. Magda Campins","datePublished":"2021-12-22T17:04:00+00:00","dateModified":"2021-12-22T17:04:00+00:00","mainEntityOfPage":{"@id":"https:\/\/novaorg.cofb.net\/2021\/12\/22\/el-cof-de-barcelona-posa-en-marxa-el-cicle-de-tertulies-covid-19-amb-una-conferencia-sobre-vacunes-impartida-per-la-dra-magda-campinsel-cof-de-barcelona-pone-en-marcha-el-ciclo-de-tertulias-covid-19\/"},"wordCount":2969,"publisher":{"@id":"https:\/\/www.cofb.org\/#organization"},"image":{"@id":"https:\/\/novaorg.cofb.net\/2021\/12\/22\/el-cof-de-barcelona-posa-en-marxa-el-cicle-de-tertulies-covid-19-amb-una-conferencia-sobre-vacunes-impartida-per-la-dra-magda-campinsel-cof-de-barcelona-pone-en-marcha-el-ciclo-de-tertulias-covid-19\/#primaryimage"},"thumbnailUrl":"https:\/\/www.cofb.org\/wp-content\/uploads\/2021\/12\/2bbd3d2a-e75f-4a9c-8d90-96a9de2bfc09-2PTSbs.jpeg","articleSection":["Notes de premsa","Sense categoria"],"inLanguage":"es"},{"@type":"WebPage","@id":"https:\/\/novaorg.cofb.net\/2021\/12\/22\/el-cof-de-barcelona-posa-en-marxa-el-cicle-de-tertulies-covid-19-amb-una-conferencia-sobre-vacunes-impartida-per-la-dra-magda-campinsel-cof-de-barcelona-pone-en-marcha-el-ciclo-de-tertulias-covid-19\/","url":"https:\/\/novaorg.cofb.net\/2021\/12\/22\/el-cof-de-barcelona-posa-en-marxa-el-cicle-de-tertulies-covid-19-amb-una-conferencia-sobre-vacunes-impartida-per-la-dra-magda-campinsel-cof-de-barcelona-pone-en-marcha-el-ciclo-de-tertulias-covid-19\/","name":"El COF de Barcelona posa en marxa el cicle de tert\u00falies COVID-19, amb una confer\u00e8ncia sobre vacunes impartida per la Dra. Magda CampinsEl COF de Barcelona pone en marcha el ciclo de Tertulias COVID-19, con una conferencia sobre vacunas impartida por la Dra. Magda Campins - Col\u00b7legi de Farmac\u00e8utics de Barcelona","isPartOf":{"@id":"https:\/\/www.cofb.org\/#website"},"primaryImageOfPage":{"@id":"https:\/\/novaorg.cofb.net\/2021\/12\/22\/el-cof-de-barcelona-posa-en-marxa-el-cicle-de-tertulies-covid-19-amb-una-conferencia-sobre-vacunes-impartida-per-la-dra-magda-campinsel-cof-de-barcelona-pone-en-marcha-el-ciclo-de-tertulias-covid-19\/#primaryimage"},"image":{"@id":"https:\/\/novaorg.cofb.net\/2021\/12\/22\/el-cof-de-barcelona-posa-en-marxa-el-cicle-de-tertulies-covid-19-amb-una-conferencia-sobre-vacunes-impartida-per-la-dra-magda-campinsel-cof-de-barcelona-pone-en-marcha-el-ciclo-de-tertulias-covid-19\/#primaryimage"},"thumbnailUrl":"https:\/\/www.cofb.org\/wp-content\/uploads\/2021\/12\/2bbd3d2a-e75f-4a9c-8d90-96a9de2bfc09-2PTSbs.jpeg","datePublished":"2021-12-22T17:04:00+00:00","dateModified":"2021-12-22T17:04:00+00:00","breadcrumb":{"@id":"https:\/\/novaorg.cofb.net\/2021\/12\/22\/el-cof-de-barcelona-posa-en-marxa-el-cicle-de-tertulies-covid-19-amb-una-conferencia-sobre-vacunes-impartida-per-la-dra-magda-campinsel-cof-de-barcelona-pone-en-marcha-el-ciclo-de-tertulias-covid-19\/#breadcrumb"},"inLanguage":"es","potentialAction":[{"@type":"ReadAction","target":["https:\/\/novaorg.cofb.net\/2021\/12\/22\/el-cof-de-barcelona-posa-en-marxa-el-cicle-de-tertulies-covid-19-amb-una-conferencia-sobre-vacunes-impartida-per-la-dra-magda-campinsel-cof-de-barcelona-pone-en-marcha-el-ciclo-de-tertulias-covid-19\/"]}]},{"@type":"ImageObject","inLanguage":"es","@id":"https:\/\/novaorg.cofb.net\/2021\/12\/22\/el-cof-de-barcelona-posa-en-marxa-el-cicle-de-tertulies-covid-19-amb-una-conferencia-sobre-vacunes-impartida-per-la-dra-magda-campinsel-cof-de-barcelona-pone-en-marcha-el-ciclo-de-tertulias-covid-19\/#primaryimage","url":"https:\/\/www.cofb.org\/wp-content\/uploads\/2021\/12\/2bbd3d2a-e75f-4a9c-8d90-96a9de2bfc09-2PTSbs.jpeg","contentUrl":"https:\/\/www.cofb.org\/wp-content\/uploads\/2021\/12\/2bbd3d2a-e75f-4a9c-8d90-96a9de2bfc09-2PTSbs.jpeg","width":126,"height":103},{"@type":"BreadcrumbList","@id":"https:\/\/novaorg.cofb.net\/2021\/12\/22\/el-cof-de-barcelona-posa-en-marxa-el-cicle-de-tertulies-covid-19-amb-una-conferencia-sobre-vacunes-impartida-per-la-dra-magda-campinsel-cof-de-barcelona-pone-en-marcha-el-ciclo-de-tertulias-covid-19\/#breadcrumb","itemListElement":[{"@type":"ListItem","position":1,"name":"Inici","item":"https:\/\/novaorg.cofb.net\/"},{"@type":"ListItem","position":2,"name":"El COF de Barcelona posa en marxa el cicle de tert\u00falies COVID-19, amb una confer\u00e8ncia sobre vacunes impartida per la Dra. Magda CampinsEl COF de Barcelona pone en marcha el ciclo de Tertulias COVID-19, con una conferencia sobre vacunas impartida por la Dra. Magda Campins"}]},{"@type":"WebSite","@id":"https:\/\/www.cofb.org\/#website","url":"https:\/\/www.cofb.org\/","name":"Col\u00b7legi de Farmac\u00e8utics de Barcelona","description":"","publisher":{"@id":"https:\/\/www.cofb.org\/#organization"},"potentialAction":[{"@type":"SearchAction","target":{"@type":"EntryPoint","urlTemplate":"https:\/\/www.cofb.org\/?s={search_term_string}"},"query-input":"required name=search_term_string"}],"inLanguage":"es"},{"@type":"Organization","@id":"https:\/\/www.cofb.org\/#organization","name":"Col\u00b7legi de Farmac\u00e8utics de Barcelona","url":"https:\/\/www.cofb.org\/","logo":{"@type":"ImageObject","inLanguage":"es","@id":"https:\/\/www.cofb.org\/#\/schema\/logo\/image\/","url":"https:\/\/www.cofb.org\/wp-content\/uploads\/2023\/11\/cropped-Logotip-COFB.png","contentUrl":"https:\/\/www.cofb.org\/wp-content\/uploads\/2023\/11\/cropped-Logotip-COFB.png","width":500,"height":105,"caption":"Col\u00b7legi de Farmac\u00e8utics de Barcelona"},"image":{"@id":"https:\/\/www.cofb.org\/#\/schema\/logo\/image\/"},"sameAs":["https:\/\/www.facebook.com\/farmaceuticsbcn\/","https:\/\/twitter.com\/farmaceuticsbcn","https:\/\/www.instagram.com\/farmaceuticsbcn\/","https:\/\/www.linkedin.com\/company\/farmaceuticsbcn\/"]},{"@type":"Person","@id":"https:\/\/www.cofb.org\/#\/schema\/person\/22ed7eea88da74b0fa4d3154ad87ffcb","name":"wpAdminCofbOrg","image":{"@type":"ImageObject","inLanguage":"es","@id":"https:\/\/www.cofb.org\/#\/schema\/person\/image\/","url":"https:\/\/secure.gravatar.com\/avatar\/1721b20b3b8ca882c3b56ec6c978c594fff670e40c0718e9190eaeeb76aae7d8?s=96&d=mm&r=g","contentUrl":"https:\/\/secure.gravatar.com\/avatar\/1721b20b3b8ca882c3b56ec6c978c594fff670e40c0718e9190eaeeb76aae7d8?s=96&d=mm&r=g","caption":"wpAdminCofbOrg"},"sameAs":["http:\/\/192.168.64.122\/wordpress"],"url":"https:\/\/www.cofb.org\/es\/author\/wpadmincofborg\/"}]}},"uagb_featured_image_src":{"full":["https:\/\/www.cofb.org\/wp-content\/uploads\/2021\/12\/2bbd3d2a-e75f-4a9c-8d90-96a9de2bfc09-2PTSbs.jpeg",126,103,false],"thumbnail":["https:\/\/www.cofb.org\/wp-content\/uploads\/2021\/12\/2bbd3d2a-e75f-4a9c-8d90-96a9de2bfc09-2PTSbs.jpeg",126,103,false],"medium":["https:\/\/www.cofb.org\/wp-content\/uploads\/2021\/12\/2bbd3d2a-e75f-4a9c-8d90-96a9de2bfc09-2PTSbs.jpeg",126,103,false],"medium_large":["https:\/\/www.cofb.org\/wp-content\/uploads\/2021\/12\/2bbd3d2a-e75f-4a9c-8d90-96a9de2bfc09-2PTSbs.jpeg",126,103,false],"large":["https:\/\/www.cofb.org\/wp-content\/uploads\/2021\/12\/2bbd3d2a-e75f-4a9c-8d90-96a9de2bfc09-2PTSbs.jpeg",126,103,false],"1536x1536":["https:\/\/www.cofb.org\/wp-content\/uploads\/2021\/12\/2bbd3d2a-e75f-4a9c-8d90-96a9de2bfc09-2PTSbs.jpeg",126,103,false],"2048x2048":["https:\/\/www.cofb.org\/wp-content\/uploads\/2021\/12\/2bbd3d2a-e75f-4a9c-8d90-96a9de2bfc09-2PTSbs.jpeg",126,103,false],"trp-custom-language-flag":["https:\/\/www.cofb.org\/wp-content\/uploads\/2021\/12\/2bbd3d2a-e75f-4a9c-8d90-96a9de2bfc09-2PTSbs-15x12.jpeg",15,12,true]},"uagb_author_info":{"display_name":"wpAdminCofbOrg","author_link":"https:\/\/www.cofb.org\/es\/author\/wpadmincofborg\/"},"uagb_comment_info":0,"uagb_excerpt":"\u00a0 \u201cVacunes COVID-19: Qu\u00e8 hem fet fins ara i qu\u00e8 ens queda per fer?\u201d, va ser el t\u00edtol de la primera sessi\u00f3, a c\u00e0rrec de la Dra. Magda Campins, investigadora del grup de recerca d\u2019epidemiologia i Salut P\u00fablica del Vall d\u2019Hebron Institut de Recerca (VHIR)\u00a0 i presidenta del Comit\u00e8 Cient\u00edfic [&hellip;]","_links":{"self":[{"href":"https:\/\/www.cofb.org\/es\/wp-json\/wp\/v2\/posts\/77035","targetHints":{"allow":["GET"]}}],"collection":[{"href":"https:\/\/www.cofb.org\/es\/wp-json\/wp\/v2\/posts"}],"about":[{"href":"https:\/\/www.cofb.org\/es\/wp-json\/wp\/v2\/types\/post"}],"author":[{"embeddable":true,"href":"https:\/\/www.cofb.org\/es\/wp-json\/wp\/v2\/users\/1"}],"replies":[{"embeddable":true,"href":"https:\/\/www.cofb.org\/es\/wp-json\/wp\/v2\/comments?post=77035"}],"version-history":[{"count":0,"href":"https:\/\/www.cofb.org\/es\/wp-json\/wp\/v2\/posts\/77035\/revisions"}],"wp:featuredmedia":[{"embeddable":true,"href":"https:\/\/www.cofb.org\/es\/wp-json\/wp\/v2\/media\/77036"}],"wp:attachment":[{"href":"https:\/\/www.cofb.org\/es\/wp-json\/wp\/v2\/media?parent=77035"}],"wp:term":[{"taxonomy":"category","embeddable":true,"href":"https:\/\/www.cofb.org\/es\/wp-json\/wp\/v2\/categories?post=77035"},{"taxonomy":"post_tag","embeddable":true,"href":"https:\/\/www.cofb.org\/es\/wp-json\/wp\/v2\/tags?post=77035"}],"curies":[{"name":"wp","href":"https:\/\/api.w.org\/{rel}","templated":true}]}}