{"id":77027,"date":"2022-02-04T11:26:00","date_gmt":"2022-02-04T11:26:00","guid":{"rendered":"https:\/\/novaorg.cofb.net\/2022\/02\/04\/la-farmacia-a-primera-linia-lema-dinfarma-madrid-2022\/"},"modified":"2022-02-04T11:26:00","modified_gmt":"2022-02-04T11:26:00","slug":"la-farmacia-a-primera-linia-lema-dinfarma-madrid-2022","status":"publish","type":"post","link":"https:\/\/www.cofb.org\/es\/2022\/02\/04\/la-farmacia-a-primera-linia-lema-dinfarma-madrid-2022\/","title":{"rendered":"&#039;La farmacia, en primera l\u00ednea&#039;, lema de Infarma Madrid 2022"},"content":{"rendered":"<p>\u00a0<\/p>\n<ul>\n<li>El Congreso y el Sal\u00f3n de la farmacia reivindicar\u00e1 la actuaci\u00f3n y el compromiso sanitario asumido por los farmac\u00e9uticos espa\u00f1oles durante la pandemia como oportunidad de desarrollo profesional.<\/li>\n<\/ul>\n<p>\u201cLa farmacia, en primera l\u00ednea\u201d es el lema elegido por Infarma Madrid 2022 para celebrar la pr\u00f3xima edici\u00f3n del Congreso y Sal\u00f3n Europeo de la Oficina de Farmacia, que abrir\u00e1 sus puertas en el recinto ferial de Ifema entre los d\u00edas 22 y 24 de marzo.<\/p>\n<p><img decoding=\"async\" alt=\"\" src=\"https:\/\/www.cofb.org\/documents\/10136\/1091470\/infarma+madrid.jpg\/044eec71-4c8a-4b12-baec-e0c194fb0f54?t=1643970387782\"><\/p>\n<p>Organizado por los colegios oficiales de farmac\u00e9uticos de Madrid y Barcelona, \u200b\u200ben colaboraci\u00f3n con Interalia, Infarma reivindicar\u00e1 la actuaci\u00f3n sanitaria y el compromiso personal asumido por los farmac\u00e9uticos espa\u00f1oles durante la emergencia sanitaria actual.<\/p>\n<p>\u201cDos a\u00f1os despu\u00e9s de que se declarara el estado de pandemia, que nos llev\u00f3 a suspender la edici\u00f3n programada de 2020 en Madrid una semana antes de la inauguraci\u00f3n, volvemos con mucha ilusi\u00f3n y tambi\u00e9n con el orgullo de saber que les farmac\u00e9uticos hemos estado en primera l\u00ednea desde el primer momento, siempre junto a los ciudadanos. \u00c9ste es el sentimiento que hemos querido plasmar en el lema de la pr\u00f3xima edici\u00f3n\u201d, explica\u00a0<strong>Luis Gonz\u00e1lez D\u00edez<\/strong>, presidente de Infarma y presidente en funciones del Colegio Oficial de Farmac\u00e9uticos de Madrid (COFM).<\/p>\n<p>La reflexi\u00f3n en las reuniones de trabajo del Comit\u00e9 Organizador de Infarma es que En primera l\u00ednea ha sido uno de los t\u00e9rminos m\u00e1s repetidos y que mejor expresan el nivel de compromiso y de sacrificio personal que hemos tenido como profesionales sanitarios durante esta lucha contra la pandemia , trabajando siempre al servicio del sistema de salud y de la poblaci\u00f3n.<\/p>\n<p>En los dos \u00faltimos a\u00f1os no s\u00f3lo han marcado la trayectoria de los farmac\u00e9uticos en Espa\u00f1a, tambi\u00e9n han abierto un camino de desarrollo profesional que el Congreso de Infarma se propone analizar. \u201cLos farmac\u00e9uticos hemos marcado metas importantes en la vacunaci\u00f3n, en la detecci\u00f3n de contagios o en la atenci\u00f3n de colectivos vulnerables, por citar algunas de las actuaciones m\u00e1s destacadas en esta crisis, que deben tener continuidad en el futuro. Son contenidos que hemos incorporado en el programa cient\u00edfico de Infarma, porque la red de oficinas de farmacia representa una gran oportunidad para la sociedad y el Sistema Nacional de Salud a la hora de afrontar retos tan urgentes como el envejecimiento, la despoblaci\u00f3n o prevenci\u00f3n\u201d, se\u00f1ala\u00a0<strong>Luis Panadero Carlavilla<\/strong>, coordinador del programa cient\u00edfico de Infarma Madrid 2022.<\/p>\n<p>El programa cient\u00edfico examinar\u00e1 as\u00ed la experiencia profesional acumulada durante la pandemia y dedicar\u00e1 un espacio en exclusiva a conocer las novedades relacionadas con las nuevas vacunas, los tratamientos antivirales o la evoluci\u00f3n de la variante \u00d2micron. Asimismo, se ofrecer\u00e1n resultados auton\u00f3micos e internacionales de las pruebas diagn\u00f3sticas realizadas por los farmac\u00e9uticos de oficina de farmacia.<\/p>\n<p>\u201cM\u00e1s all\u00e1 de la pandemia, el lema de Infarma define tambi\u00e9n una actitud del propio colectivo farmac\u00e9utico de querer ser protagonistas en el futuro a trav\u00e9s del desarrollo profesional continuado, la prestaci\u00f3n de nuevos servicios como el asesoramiento nutricional, la indicaci\u00f3n farmac\u00e9utica , el seguimiento farmacoterap\u00e9utico o la atenci\u00f3n de los colectivos m\u00e1s vulnerables, aspectos de la profesi\u00f3n que tambi\u00e9n tendr\u00e1n cabida en el Congreso\u201d, concluye\u00a0<strong>Luis Gonz\u00e1lez<\/strong>.<\/p>\n<p>\u00a0El Congreso y el Sal\u00f3n de la farmacia reivindicar\u00e1 la actuaci\u00f3n y el compromiso sanitario asumido por los farmac\u00e9uticos espa\u00f1oles durante la pandemia como oportunidad de desarrollo profesional.<\/p>\n<p>\u201cLa farmacia, en primera l\u00ednea\u201d es el lema elegido por Infarma Madrid 2022 para celebrar la pr\u00f3xima edici\u00f3n del Congreso y Sal\u00f3n Europeo de la Oficina de Farmacia, que abrir\u00e1 sus puertas en el recinto ferial de Ifema entre los d\u00edas 22 y 24 de marzo.<\/p>\n<p>Organizado por los colegios oficiales de farmac\u00e9uticos de Madrid y Barcelona, \u200b\u200ben colaboraci\u00f3n con Interalia, Infarma reivindicar\u00e1 la actuaci\u00f3n sanitaria y el compromiso personal asumido por los farmac\u00e9uticos espa\u00f1oles durante la emergencia sanitaria actual.<\/p>\n<p>\u201cDos a\u00f1os despu\u00e9s de que se declarara el estado de pandemia, que nos llev\u00f3 a suspender la edici\u00f3n programada de 2020 en Madrid una semana antes de la inauguraci\u00f3n, volvemos con mucha ilusi\u00f3n y tambi\u00e9n con el orgullo de saber que les farmac\u00e9uticos hemos estado en primera l\u00ednea desde el primer momento, siempre junto a los ciudadanos. \u00c9ste es el sentimiento que hemos querido plasmar en el lema de la pr\u00f3xima edici\u00f3n\u201d, explica Luis Gonz\u00e1lez D\u00edez, presidente de Infarma y presidente en funciones del Colegio Oficial de Farmac\u00e9uticos de Madrid (COFM).<\/p>\n<p>La reflexi\u00f3n en las reuniones de trabajo del Comit\u00e9 Organizador de Infarma es que En primera l\u00ednea ha sido uno de los t\u00e9rminos m\u00e1s repetidos y que mejor expresan el nivel de compromiso y de sacrificio personal que hemos tenido como profesionales sanitarios durante esta lucha contra la pandemia , trabajando siempre al servicio del sistema de salud y de la poblaci\u00f3n.<\/p>\n<p>En los dos \u00faltimos a\u00f1os no s\u00f3lo han marcado la trayectoria de los farmac\u00e9uticos en Espa\u00f1a, tambi\u00e9n han abierto un camino de desarrollo profesional que el Congreso de Infarma se propone analizar. \u201cLos farmac\u00e9uticos hemos marcado metas importantes en la vacunaci\u00f3n, en la detecci\u00f3n de contagios o en la atenci\u00f3n de colectivos vulnerables, por citar algunas de las actuaciones m\u00e1s destacadas en esta crisis, que deben tener continuidad en el futuro. Son contenidos que hemos incorporado en el programa cient\u00edfico de Infarma, porque la red de oficinas de farmacia representa una gran oportunidad para la sociedad y el Sistema Nacional de Salud a la hora de afrontar retos tan urgentes como el envejecimiento, la despoblaci\u00f3n o prevenci\u00f3n\u201d, se\u00f1ala Luis Panadero Carlavilla, coordinador del programa cient\u00edfico de Infarma Madrid 2022.<\/p>\n<p>El programa cient\u00edfico examinar\u00e1 as\u00ed la experiencia profesional acumulada durante la pandemia y dedicar\u00e1 un espacio en exclusiva a conocer las novedades relacionadas con las nuevas vacunas, los tratamientos antivirales o la evoluci\u00f3n de la variante \u00d2micron. Asimismo, se ofrecer\u00e1n resultados auton\u00f3micos e internacionales de las pruebas diagn\u00f3sticas realizadas por los farmac\u00e9uticos de oficina de farmacia.<\/p>\n<p>\u201cM\u00e1s all\u00e1 de la pandemia, el lema de Infarma define tambi\u00e9n una actitud del propio colectivo farmac\u00e9utico de querer ser protagonistas en el futuro a trav\u00e9s del desarrollo profesional continuado, la prestaci\u00f3n de nuevos servicios como el asesoramiento nutricional, la indicaci\u00f3n farmac\u00e9utica , el seguimiento farmacoterap\u00e9utico o la atenci\u00f3n de los colectivos m\u00e1s vulnerables, aspectos de la profesi\u00f3n que tambi\u00e9n tendr\u00e1n cabida en el Congreso\u201d, concluye Luis Gonz\u00e1lez.  COFB.ORG<\/p>","protected":false},"excerpt":{"rendered":"<p>\u00a0 El Congreso y el Sal\u00f3n de la farmacia reivindicar\u00e1 la actuaci\u00f3n y el compromiso sanitario asumido por los farmac\u00e9uticos espa\u00f1oles durante la pandemia como oportunidad de desarrollo profesional. \u201cLa farmacia, en primera l\u00ednea\u201d es el lema elegido por Infarma Madrid 2022 para celebrar la pr\u00f3xima edici\u00f3n del Congreso y Sal\u00f3n Europeo de la Oficina de [\u2026]<\/p>","protected":false},"author":1,"featured_media":77028,"comment_status":"","ping_status":"","sticky":false,"template":"","format":"standard","meta":{"_uag_custom_page_level_css":"","site-sidebar-layout":"default","site-content-layout":"","ast-site-content-layout":"default","site-content-style":"default","site-sidebar-style":"default","ast-global-header-display":"","ast-banner-title-visibility":"","ast-main-header-display":"","ast-hfb-above-header-display":"","ast-hfb-below-header-display":"","ast-hfb-mobile-header-display":"","site-post-title":"","ast-breadcrumbs-content":"","ast-featured-img":"disabled","footer-sml-layout":"","theme-transparent-header-meta":"","adv-header-id-meta":"","stick-header-meta":"","header-above-stick-meta":"","header-main-stick-meta":"","header-below-stick-meta":"","astra-migrate-meta-layouts":"default","ast-page-background-enabled":"default","ast-page-background-meta":{"desktop":{"background-color":"var(--ast-global-color-4)","background-image":"","background-repeat":"repeat","background-position":"center center","background-size":"auto","background-attachment":"scroll","background-type":"","background-media":"","overlay-type":"","overlay-color":"","overlay-opacity":"","overlay-gradient":""},"tablet":{"background-color":"","background-image":"","background-repeat":"repeat","background-position":"center center","background-size":"auto","background-attachment":"scroll","background-type":"","background-media":"","overlay-type":"","overlay-color":"","overlay-opacity":"","overlay-gradient":""},"mobile":{"background-color":"","background-image":"","background-repeat":"repeat","background-position":"center center","background-size":"auto","background-attachment":"scroll","background-type":"","background-media":"","overlay-type":"","overlay-color":"","overlay-opacity":"","overlay-gradient":""}},"ast-content-background-meta":{"desktop":{"background-color":"var(--ast-global-color-5)","background-image":"","background-repeat":"repeat","background-position":"center center","background-size":"auto","background-attachment":"scroll","background-type":"","background-media":"","overlay-type":"","overlay-color":"","overlay-opacity":"","overlay-gradient":""},"tablet":{"background-color":"var(--ast-global-color-5)","background-image":"","background-repeat":"repeat","background-position":"center center","background-size":"auto","background-attachment":"scroll","background-type":"","background-media":"","overlay-type":"","overlay-color":"","overlay-opacity":"","overlay-gradient":""},"mobile":{"background-color":"var(--ast-global-color-5)","background-image":"","background-repeat":"repeat","background-position":"center center","background-size":"auto","background-attachment":"scroll","background-type":"","background-media":"","overlay-type":"","overlay-color":"","overlay-opacity":"","overlay-gradient":""}},"footnotes":""},"categories":[1060,1066],"tags":[],"class_list":["post-77027","post","type-post","status-publish","format-standard","has-post-thumbnail","hentry","category-notes-premsa","category-sense-categoria-ca"],"yoast_head":"<!-- This site is optimized with the Yoast SEO plugin v22.4 - https:\/\/yoast.com\/wordpress\/plugins\/seo\/ -->\n<title>&#039;La farm\u00e0cia, a primera l\u00ednia&#039;, lema d&#039;Infarma Madrid 2022 - Col\u00b7legi de Farmac\u00e8utics de Barcelona<\/title>\n<meta name=\"robots\" content=\"index, follow, max-snippet:-1, max-image-preview:large, max-video-preview:-1\" \/>\n<link rel=\"canonical\" href=\"https:\/\/novaorg.cofb.net\/2022\/02\/04\/la-farmacia-a-primera-linia-lema-dinfarma-madrid-2022\/\" \/>\n<meta property=\"og:locale\" content=\"es_ES\" \/>\n<meta property=\"og:type\" content=\"article\" \/>\n<meta property=\"og:title\" content=\"&#039;La farm\u00e0cia, a primera l\u00ednia&#039;, lema d&#039;Infarma Madrid 2022 - Col\u00b7legi de Farmac\u00e8utics de Barcelona\" \/>\n<meta property=\"og:description\" content=\"\u00a0 El Congr\u00e9s i el Sal\u00f3 de la farm\u00e0cia reivindicar\u00e0 l&#8217;actuaci\u00f3 i el comprom\u00eds sanitari assumit pels farmac\u00e8utics espanyols durant la pand\u00e8mia com una oportunitat de desenvolupament professional. &#8220;La farm\u00e0cia, a primera l\u00ednia&#8221; \u00e9s el lema triat per\u00a0Infarma\u00a0Madrid 2022 per celebrar la\u00a0pr\u00f2xima edici\u00f3\u00a0del Congr\u00e9s i Sal\u00f3 Europeu de l&#8217;Oficina de [&hellip;]\" \/>\n<meta property=\"og:url\" content=\"https:\/\/novaorg.cofb.net\/2022\/02\/04\/la-farmacia-a-primera-linia-lema-dinfarma-madrid-2022\/\" \/>\n<meta property=\"og:site_name\" content=\"Col\u00b7legi de Farmac\u00e8utics de Barcelona\" \/>\n<meta property=\"article:publisher\" content=\"https:\/\/www.facebook.com\/farmaceuticsbcn\/\" \/>\n<meta property=\"article:published_time\" content=\"2022-02-04T11:26:00+00:00\" \/>\n<meta property=\"og:image\" content=\"https:\/\/novaorg.cofb.net\/wp-content\/uploads\/2022\/02\/044eec71-4c8a-4b12-baec-e0c194fb0f54-uzJSU7.jpeg\" \/>\n\t<meta property=\"og:image:width\" content=\"852\" \/>\n\t<meta property=\"og:image:height\" content=\"300\" \/>\n\t<meta property=\"og:image:type\" content=\"image\/jpeg\" \/>\n<meta name=\"author\" content=\"wpAdminCofbOrg\" \/>\n<meta name=\"twitter:card\" content=\"summary_large_image\" \/>\n<meta name=\"twitter:creator\" content=\"@farmaceuticsbcn\" \/>\n<meta name=\"twitter:site\" content=\"@farmaceuticsbcn\" \/>\n<meta name=\"twitter:label1\" content=\"Escrito por\" \/>\n\t<meta name=\"twitter:data1\" content=\"wpAdminCofbOrg\" \/>\n\t<meta name=\"twitter:label2\" content=\"Tiempo de lectura\" \/>\n\t<meta name=\"twitter:data2\" content=\"5 minutos\" \/>\n<script type=\"application\/ld+json\" class=\"yoast-schema-graph\">{\"@context\":\"https:\/\/schema.org\",\"@graph\":[{\"@type\":\"Article\",\"@id\":\"https:\/\/novaorg.cofb.net\/2022\/02\/04\/la-farmacia-a-primera-linia-lema-dinfarma-madrid-2022\/#article\",\"isPartOf\":{\"@id\":\"https:\/\/novaorg.cofb.net\/2022\/02\/04\/la-farmacia-a-primera-linia-lema-dinfarma-madrid-2022\/\"},\"author\":{\"name\":\"wpAdminCofbOrg\",\"@id\":\"https:\/\/www.cofb.org\/#\/schema\/person\/22ed7eea88da74b0fa4d3154ad87ffcb\"},\"headline\":\"&#8216;La farm\u00e0cia, a primera l\u00ednia&#8217;, lema d&#8217;Infarma Madrid 2022\",\"datePublished\":\"2022-02-04T11:26:00+00:00\",\"dateModified\":\"2022-02-04T11:26:00+00:00\",\"mainEntityOfPage\":{\"@id\":\"https:\/\/novaorg.cofb.net\/2022\/02\/04\/la-farmacia-a-primera-linia-lema-dinfarma-madrid-2022\/\"},\"wordCount\":1143,\"publisher\":{\"@id\":\"https:\/\/www.cofb.org\/#organization\"},\"image\":{\"@id\":\"https:\/\/novaorg.cofb.net\/2022\/02\/04\/la-farmacia-a-primera-linia-lema-dinfarma-madrid-2022\/#primaryimage\"},\"thumbnailUrl\":\"https:\/\/www.cofb.org\/wp-content\/uploads\/2022\/02\/044eec71-4c8a-4b12-baec-e0c194fb0f54-uzJSU7.jpeg\",\"articleSection\":[\"Notes de premsa\",\"Sense categoria\"],\"inLanguage\":\"es\"},{\"@type\":\"WebPage\",\"@id\":\"https:\/\/novaorg.cofb.net\/2022\/02\/04\/la-farmacia-a-primera-linia-lema-dinfarma-madrid-2022\/\",\"url\":\"https:\/\/novaorg.cofb.net\/2022\/02\/04\/la-farmacia-a-primera-linia-lema-dinfarma-madrid-2022\/\",\"name\":\"'La farm\u00e0cia, a primera l\u00ednia', lema d'Infarma Madrid 2022 - Col\u00b7legi de Farmac\u00e8utics de Barcelona\",\"isPartOf\":{\"@id\":\"https:\/\/www.cofb.org\/#website\"},\"primaryImageOfPage\":{\"@id\":\"https:\/\/novaorg.cofb.net\/2022\/02\/04\/la-farmacia-a-primera-linia-lema-dinfarma-madrid-2022\/#primaryimage\"},\"image\":{\"@id\":\"https:\/\/novaorg.cofb.net\/2022\/02\/04\/la-farmacia-a-primera-linia-lema-dinfarma-madrid-2022\/#primaryimage\"},\"thumbnailUrl\":\"https:\/\/www.cofb.org\/wp-content\/uploads\/2022\/02\/044eec71-4c8a-4b12-baec-e0c194fb0f54-uzJSU7.jpeg\",\"datePublished\":\"2022-02-04T11:26:00+00:00\",\"dateModified\":\"2022-02-04T11:26:00+00:00\",\"breadcrumb\":{\"@id\":\"https:\/\/novaorg.cofb.net\/2022\/02\/04\/la-farmacia-a-primera-linia-lema-dinfarma-madrid-2022\/#breadcrumb\"},\"inLanguage\":\"es\",\"potentialAction\":[{\"@type\":\"ReadAction\",\"target\":[\"https:\/\/novaorg.cofb.net\/2022\/02\/04\/la-farmacia-a-primera-linia-lema-dinfarma-madrid-2022\/\"]}]},{\"@type\":\"ImageObject\",\"inLanguage\":\"es\",\"@id\":\"https:\/\/novaorg.cofb.net\/2022\/02\/04\/la-farmacia-a-primera-linia-lema-dinfarma-madrid-2022\/#primaryimage\",\"url\":\"https:\/\/www.cofb.org\/wp-content\/uploads\/2022\/02\/044eec71-4c8a-4b12-baec-e0c194fb0f54-uzJSU7.jpeg\",\"contentUrl\":\"https:\/\/www.cofb.org\/wp-content\/uploads\/2022\/02\/044eec71-4c8a-4b12-baec-e0c194fb0f54-uzJSU7.jpeg\",\"width\":852,\"height\":300},{\"@type\":\"BreadcrumbList\",\"@id\":\"https:\/\/novaorg.cofb.net\/2022\/02\/04\/la-farmacia-a-primera-linia-lema-dinfarma-madrid-2022\/#breadcrumb\",\"itemListElement\":[{\"@type\":\"ListItem\",\"position\":1,\"name\":\"Inici\",\"item\":\"https:\/\/novaorg.cofb.net\/\"},{\"@type\":\"ListItem\",\"position\":2,\"name\":\"&#8216;La farm\u00e0cia, a primera l\u00ednia&#8217;, lema d&#8217;Infarma Madrid 2022\"}]},{\"@type\":\"WebSite\",\"@id\":\"https:\/\/www.cofb.org\/#website\",\"url\":\"https:\/\/www.cofb.org\/\",\"name\":\"Col\u00b7legi de Farmac\u00e8utics de Barcelona\",\"description\":\"\",\"publisher\":{\"@id\":\"https:\/\/www.cofb.org\/#organization\"},\"potentialAction\":[{\"@type\":\"SearchAction\",\"target\":{\"@type\":\"EntryPoint\",\"urlTemplate\":\"https:\/\/www.cofb.org\/?s={search_term_string}\"},\"query-input\":\"required name=search_term_string\"}],\"inLanguage\":\"es\"},{\"@type\":\"Organization\",\"@id\":\"https:\/\/www.cofb.org\/#organization\",\"name\":\"Col\u00b7legi de Farmac\u00e8utics de Barcelona\",\"url\":\"https:\/\/www.cofb.org\/\",\"logo\":{\"@type\":\"ImageObject\",\"inLanguage\":\"es\",\"@id\":\"https:\/\/www.cofb.org\/#\/schema\/logo\/image\/\",\"url\":\"https:\/\/www.cofb.org\/wp-content\/uploads\/2023\/11\/cropped-Logotip-COFB.png\",\"contentUrl\":\"https:\/\/www.cofb.org\/wp-content\/uploads\/2023\/11\/cropped-Logotip-COFB.png\",\"width\":500,\"height\":105,\"caption\":\"Col\u00b7legi de Farmac\u00e8utics de Barcelona\"},\"image\":{\"@id\":\"https:\/\/www.cofb.org\/#\/schema\/logo\/image\/\"},\"sameAs\":[\"https:\/\/www.facebook.com\/farmaceuticsbcn\/\",\"https:\/\/twitter.com\/farmaceuticsbcn\",\"https:\/\/www.instagram.com\/farmaceuticsbcn\/\",\"https:\/\/www.linkedin.com\/company\/farmaceuticsbcn\/\"]},{\"@type\":\"Person\",\"@id\":\"https:\/\/www.cofb.org\/#\/schema\/person\/22ed7eea88da74b0fa4d3154ad87ffcb\",\"name\":\"wpAdminCofbOrg\",\"image\":{\"@type\":\"ImageObject\",\"inLanguage\":\"es\",\"@id\":\"https:\/\/www.cofb.org\/#\/schema\/person\/image\/\",\"url\":\"https:\/\/secure.gravatar.com\/avatar\/1721b20b3b8ca882c3b56ec6c978c594fff670e40c0718e9190eaeeb76aae7d8?s=96&d=mm&r=g\",\"contentUrl\":\"https:\/\/secure.gravatar.com\/avatar\/1721b20b3b8ca882c3b56ec6c978c594fff670e40c0718e9190eaeeb76aae7d8?s=96&d=mm&r=g\",\"caption\":\"wpAdminCofbOrg\"},\"sameAs\":[\"http:\/\/192.168.64.122\/wordpress\"],\"url\":\"https:\/\/www.cofb.org\/es\/author\/wpadmincofborg\/\"}]}<\/script>\n<!-- \/ Yoast SEO plugin. -->","yoast_head_json":{"title":"'La farm\u00e0cia, a primera l\u00ednia', lema d'Infarma Madrid 2022 - Col\u00b7legi de Farmac\u00e8utics de Barcelona","robots":{"index":"index","follow":"follow","max-snippet":"max-snippet:-1","max-image-preview":"max-image-preview:large","max-video-preview":"max-video-preview:-1"},"canonical":"https:\/\/novaorg.cofb.net\/2022\/02\/04\/la-farmacia-a-primera-linia-lema-dinfarma-madrid-2022\/","og_locale":"es_ES","og_type":"article","og_title":"'La farm\u00e0cia, a primera l\u00ednia', lema d'Infarma Madrid 2022 - Col\u00b7legi de Farmac\u00e8utics de Barcelona","og_description":"\u00a0 El Congr\u00e9s i el Sal\u00f3 de la farm\u00e0cia reivindicar\u00e0 l&#8217;actuaci\u00f3 i el comprom\u00eds sanitari assumit pels farmac\u00e8utics espanyols durant la pand\u00e8mia com una oportunitat de desenvolupament professional. &#8220;La farm\u00e0cia, a primera l\u00ednia&#8221; \u00e9s el lema triat per\u00a0Infarma\u00a0Madrid 2022 per celebrar la\u00a0pr\u00f2xima edici\u00f3\u00a0del Congr\u00e9s i Sal\u00f3 Europeu de l&#8217;Oficina de [&hellip;]","og_url":"https:\/\/novaorg.cofb.net\/2022\/02\/04\/la-farmacia-a-primera-linia-lema-dinfarma-madrid-2022\/","og_site_name":"Col\u00b7legi de Farmac\u00e8utics de Barcelona","article_publisher":"https:\/\/www.facebook.com\/farmaceuticsbcn\/","article_published_time":"2022-02-04T11:26:00+00:00","og_image":[{"width":852,"height":300,"url":"https:\/\/novaorg.cofb.net\/wp-content\/uploads\/2022\/02\/044eec71-4c8a-4b12-baec-e0c194fb0f54-uzJSU7.jpeg","type":"image\/jpeg"}],"author":"wpAdminCofbOrg","twitter_card":"summary_large_image","twitter_creator":"@farmaceuticsbcn","twitter_site":"@farmaceuticsbcn","twitter_misc":{"Escrito por":"wpAdminCofbOrg","Tiempo de lectura":"5 minutos"},"schema":{"@context":"https:\/\/schema.org","@graph":[{"@type":"Article","@id":"https:\/\/novaorg.cofb.net\/2022\/02\/04\/la-farmacia-a-primera-linia-lema-dinfarma-madrid-2022\/#article","isPartOf":{"@id":"https:\/\/novaorg.cofb.net\/2022\/02\/04\/la-farmacia-a-primera-linia-lema-dinfarma-madrid-2022\/"},"author":{"name":"wpAdminCofbOrg","@id":"https:\/\/www.cofb.org\/#\/schema\/person\/22ed7eea88da74b0fa4d3154ad87ffcb"},"headline":"&#8216;La farm\u00e0cia, a primera l\u00ednia&#8217;, lema d&#8217;Infarma Madrid 2022","datePublished":"2022-02-04T11:26:00+00:00","dateModified":"2022-02-04T11:26:00+00:00","mainEntityOfPage":{"@id":"https:\/\/novaorg.cofb.net\/2022\/02\/04\/la-farmacia-a-primera-linia-lema-dinfarma-madrid-2022\/"},"wordCount":1143,"publisher":{"@id":"https:\/\/www.cofb.org\/#organization"},"image":{"@id":"https:\/\/novaorg.cofb.net\/2022\/02\/04\/la-farmacia-a-primera-linia-lema-dinfarma-madrid-2022\/#primaryimage"},"thumbnailUrl":"https:\/\/www.cofb.org\/wp-content\/uploads\/2022\/02\/044eec71-4c8a-4b12-baec-e0c194fb0f54-uzJSU7.jpeg","articleSection":["Notes de premsa","Sense categoria"],"inLanguage":"es"},{"@type":"WebPage","@id":"https:\/\/novaorg.cofb.net\/2022\/02\/04\/la-farmacia-a-primera-linia-lema-dinfarma-madrid-2022\/","url":"https:\/\/novaorg.cofb.net\/2022\/02\/04\/la-farmacia-a-primera-linia-lema-dinfarma-madrid-2022\/","name":"'La farm\u00e0cia, a primera l\u00ednia', lema d'Infarma Madrid 2022 - Col\u00b7legi de Farmac\u00e8utics de Barcelona","isPartOf":{"@id":"https:\/\/www.cofb.org\/#website"},"primaryImageOfPage":{"@id":"https:\/\/novaorg.cofb.net\/2022\/02\/04\/la-farmacia-a-primera-linia-lema-dinfarma-madrid-2022\/#primaryimage"},"image":{"@id":"https:\/\/novaorg.cofb.net\/2022\/02\/04\/la-farmacia-a-primera-linia-lema-dinfarma-madrid-2022\/#primaryimage"},"thumbnailUrl":"https:\/\/www.cofb.org\/wp-content\/uploads\/2022\/02\/044eec71-4c8a-4b12-baec-e0c194fb0f54-uzJSU7.jpeg","datePublished":"2022-02-04T11:26:00+00:00","dateModified":"2022-02-04T11:26:00+00:00","breadcrumb":{"@id":"https:\/\/novaorg.cofb.net\/2022\/02\/04\/la-farmacia-a-primera-linia-lema-dinfarma-madrid-2022\/#breadcrumb"},"inLanguage":"es","potentialAction":[{"@type":"ReadAction","target":["https:\/\/novaorg.cofb.net\/2022\/02\/04\/la-farmacia-a-primera-linia-lema-dinfarma-madrid-2022\/"]}]},{"@type":"ImageObject","inLanguage":"es","@id":"https:\/\/novaorg.cofb.net\/2022\/02\/04\/la-farmacia-a-primera-linia-lema-dinfarma-madrid-2022\/#primaryimage","url":"https:\/\/www.cofb.org\/wp-content\/uploads\/2022\/02\/044eec71-4c8a-4b12-baec-e0c194fb0f54-uzJSU7.jpeg","contentUrl":"https:\/\/www.cofb.org\/wp-content\/uploads\/2022\/02\/044eec71-4c8a-4b12-baec-e0c194fb0f54-uzJSU7.jpeg","width":852,"height":300},{"@type":"BreadcrumbList","@id":"https:\/\/novaorg.cofb.net\/2022\/02\/04\/la-farmacia-a-primera-linia-lema-dinfarma-madrid-2022\/#breadcrumb","itemListElement":[{"@type":"ListItem","position":1,"name":"Inici","item":"https:\/\/novaorg.cofb.net\/"},{"@type":"ListItem","position":2,"name":"&#8216;La farm\u00e0cia, a primera l\u00ednia&#8217;, lema d&#8217;Infarma Madrid 2022"}]},{"@type":"WebSite","@id":"https:\/\/www.cofb.org\/#website","url":"https:\/\/www.cofb.org\/","name":"Col\u00b7legi de Farmac\u00e8utics de Barcelona","description":"","publisher":{"@id":"https:\/\/www.cofb.org\/#organization"},"potentialAction":[{"@type":"SearchAction","target":{"@type":"EntryPoint","urlTemplate":"https:\/\/www.cofb.org\/?s={search_term_string}"},"query-input":"required name=search_term_string"}],"inLanguage":"es"},{"@type":"Organization","@id":"https:\/\/www.cofb.org\/#organization","name":"Col\u00b7legi de Farmac\u00e8utics de Barcelona","url":"https:\/\/www.cofb.org\/","logo":{"@type":"ImageObject","inLanguage":"es","@id":"https:\/\/www.cofb.org\/#\/schema\/logo\/image\/","url":"https:\/\/www.cofb.org\/wp-content\/uploads\/2023\/11\/cropped-Logotip-COFB.png","contentUrl":"https:\/\/www.cofb.org\/wp-content\/uploads\/2023\/11\/cropped-Logotip-COFB.png","width":500,"height":105,"caption":"Col\u00b7legi de Farmac\u00e8utics de Barcelona"},"image":{"@id":"https:\/\/www.cofb.org\/#\/schema\/logo\/image\/"},"sameAs":["https:\/\/www.facebook.com\/farmaceuticsbcn\/","https:\/\/twitter.com\/farmaceuticsbcn","https:\/\/www.instagram.com\/farmaceuticsbcn\/","https:\/\/www.linkedin.com\/company\/farmaceuticsbcn\/"]},{"@type":"Person","@id":"https:\/\/www.cofb.org\/#\/schema\/person\/22ed7eea88da74b0fa4d3154ad87ffcb","name":"wpAdminCofbOrg","image":{"@type":"ImageObject","inLanguage":"es","@id":"https:\/\/www.cofb.org\/#\/schema\/person\/image\/","url":"https:\/\/secure.gravatar.com\/avatar\/1721b20b3b8ca882c3b56ec6c978c594fff670e40c0718e9190eaeeb76aae7d8?s=96&d=mm&r=g","contentUrl":"https:\/\/secure.gravatar.com\/avatar\/1721b20b3b8ca882c3b56ec6c978c594fff670e40c0718e9190eaeeb76aae7d8?s=96&d=mm&r=g","caption":"wpAdminCofbOrg"},"sameAs":["http:\/\/192.168.64.122\/wordpress"],"url":"https:\/\/www.cofb.org\/es\/author\/wpadmincofborg\/"}]}},"uagb_featured_image_src":{"full":["https:\/\/www.cofb.org\/wp-content\/uploads\/2022\/02\/044eec71-4c8a-4b12-baec-e0c194fb0f54-uzJSU7.jpeg",852,300,false],"thumbnail":["https:\/\/www.cofb.org\/wp-content\/uploads\/2022\/02\/044eec71-4c8a-4b12-baec-e0c194fb0f54-uzJSU7-150x150.jpeg",150,150,true],"medium":["https:\/\/www.cofb.org\/wp-content\/uploads\/2022\/02\/044eec71-4c8a-4b12-baec-e0c194fb0f54-uzJSU7-300x106.jpeg",300,106,true],"medium_large":["https:\/\/www.cofb.org\/wp-content\/uploads\/2022\/02\/044eec71-4c8a-4b12-baec-e0c194fb0f54-uzJSU7-768x270.jpeg",768,270,true],"large":["https:\/\/www.cofb.org\/wp-content\/uploads\/2022\/02\/044eec71-4c8a-4b12-baec-e0c194fb0f54-uzJSU7.jpeg",852,300,false],"1536x1536":["https:\/\/www.cofb.org\/wp-content\/uploads\/2022\/02\/044eec71-4c8a-4b12-baec-e0c194fb0f54-uzJSU7.jpeg",852,300,false],"2048x2048":["https:\/\/www.cofb.org\/wp-content\/uploads\/2022\/02\/044eec71-4c8a-4b12-baec-e0c194fb0f54-uzJSU7.jpeg",852,300,false],"trp-custom-language-flag":["https:\/\/www.cofb.org\/wp-content\/uploads\/2022\/02\/044eec71-4c8a-4b12-baec-e0c194fb0f54-uzJSU7-18x6.jpeg",18,6,true]},"uagb_author_info":{"display_name":"wpAdminCofbOrg","author_link":"https:\/\/www.cofb.org\/es\/author\/wpadmincofborg\/"},"uagb_comment_info":0,"uagb_excerpt":"\u00a0 El Congr\u00e9s i el Sal\u00f3 de la farm\u00e0cia reivindicar\u00e0 l&#8217;actuaci\u00f3 i el comprom\u00eds sanitari assumit pels farmac\u00e8utics espanyols durant la pand\u00e8mia com una oportunitat de desenvolupament professional. &#8220;La farm\u00e0cia, a primera l\u00ednia&#8221; \u00e9s el lema triat per\u00a0Infarma\u00a0Madrid 2022 per celebrar la\u00a0pr\u00f2xima edici\u00f3\u00a0del Congr\u00e9s i Sal\u00f3 Europeu de l&#8217;Oficina de [&hellip;]","_links":{"self":[{"href":"https:\/\/www.cofb.org\/es\/wp-json\/wp\/v2\/posts\/77027","targetHints":{"allow":["GET"]}}],"collection":[{"href":"https:\/\/www.cofb.org\/es\/wp-json\/wp\/v2\/posts"}],"about":[{"href":"https:\/\/www.cofb.org\/es\/wp-json\/wp\/v2\/types\/post"}],"author":[{"embeddable":true,"href":"https:\/\/www.cofb.org\/es\/wp-json\/wp\/v2\/users\/1"}],"replies":[{"embeddable":true,"href":"https:\/\/www.cofb.org\/es\/wp-json\/wp\/v2\/comments?post=77027"}],"version-history":[{"count":0,"href":"https:\/\/www.cofb.org\/es\/wp-json\/wp\/v2\/posts\/77027\/revisions"}],"wp:featuredmedia":[{"embeddable":true,"href":"https:\/\/www.cofb.org\/es\/wp-json\/wp\/v2\/media\/77028"}],"wp:attachment":[{"href":"https:\/\/www.cofb.org\/es\/wp-json\/wp\/v2\/media?parent=77027"}],"wp:term":[{"taxonomy":"category","embeddable":true,"href":"https:\/\/www.cofb.org\/es\/wp-json\/wp\/v2\/categories?post=77027"},{"taxonomy":"post_tag","embeddable":true,"href":"https:\/\/www.cofb.org\/es\/wp-json\/wp\/v2\/tags?post=77027"}],"curies":[{"name":"wp","href":"https:\/\/api.w.org\/{rel}","templated":true}]}}