{"id":77026,"date":"2022-02-07T14:42:00","date_gmt":"2022-02-07T14:42:00","guid":{"rendered":"https:\/\/novaorg.cofb.net\/2022\/02\/07\/laccio-conjunta-entre-el-departament-de-salut-i-les-farmacies-ha-permes-realitzar-476-330-test-dantigens-financats-des-de-linici-del-segon-trimestre-escolar-adrecats-a-la-co\/"},"modified":"2022-02-07T14:42:00","modified_gmt":"2022-02-07T14:42:00","slug":"laccio-conjunta-entre-el-departament-de-salut-i-les-farmacies-ha-permes-realitzar-476-330-test-dantigens-financats-des-de-linici-del-segon-trimestre-escolar-adrecats-a-la-co","status":"publish","type":"post","link":"https:\/\/www.cofb.org\/es\/2022\/02\/07\/laccio-conjunta-entre-el-departament-de-salut-i-les-farmacies-ha-permes-realitzar-476-330-test-dantigens-financats-des-de-linici-del-segon-trimestre-escolar-adrecats-a-la-co\/","title":{"rendered":"La acci\u00f3n conjunta entre el Departamento de Salud y las farmacias ha permitido realizar 476.330 tests de ant\u00edgenos financiados desde el inicio del segundo trimestre escolar dirigidos a la comunidad educativa"},"content":{"rendered":"<p>\u00a0<\/p>\n<ul>\n<li>Desde el 7 de febrero, el Departamento de Salud replantea los criterios para la realizaci\u00f3n de TAR en las escuelas: se dirigir\u00e1 al alumnado de centros de Educaci\u00f3n especial y al profesorado de Educaci\u00f3n Infantil, Educaci\u00f3n Primaria y centros de Educaci\u00f3n especial<\/li>\n<\/ul>\n<p>\u00a0<\/p>\n<p><em>Barcelona, 7 de febrero de 2022<\/em> En tan s\u00f3lo un mes, del 10 de enero al 6 de febrero, las farmacias catalanas han supervisado una media diaria de casi 20.000 tests de ant\u00edgenos financiados dirigidos a miembros de la comunidad educativa, llegando a picos m\u00e1ximos de m\u00e1s de 35.000 pruebas en d\u00eda. \u00c9ste es el balance inicial de 2022 en relaci\u00f3n al cribado escolar impulsado por el Departamento de Salud, con la colaboraci\u00f3n del Consejo de Colegios de Farmac\u00e9uticos de Catalu\u00f1a.<\/p>\n<p>En el marco de este cribado, puesto en marcha en julio en el \u00e1mbito del ocio educativo de verano, m\u00e1s de 1.600 farmacias adheridas al programa TAR han supervisado tests de ant\u00edgenos a alumnado y profesorado, financiados por el Servei Catal\u00e0 de la Salud y sin coste alguno por el usuario. Concretamente, durante el 1r trimestre escolar, las farmacias catalanas supervisaron 71.515 TAR y detectaron 879 positivos (\u00edndice de positividad de 1,17%). Estas cifras han aumentado exponencialmente al inicio del 2\u00ba trimestre (un 560% m\u00e1s de macetas realizadas), coincidiendo con el pico de la sexta ola y la incorporaci\u00f3n del alumnado de educaci\u00f3n primaria al programa: del 10 de enero al 6 de febrero, las farmacias supervisaron 476.330 TAR y detectaron 34.593 positivos (\u00edndice de positividad de 7.26%).<\/p>\n<p>As\u00ed, las farmacias han colaborado activamente en la estrategia de Salud P\u00fablica, integr\u00e1ndose en la red de vigilancia epidemiol\u00f3gica. Los farmac\u00e9uticos, como profesionales sanitarios, han asumido un firme compromiso con la salud de las personas, realizando un esfuerzo adicional sin precedentes m\u00e1s all\u00e1 de su labor diaria. \u00a0<\/p>\n<p><u><strong>Cambios en los criterios para la realizaci\u00f3n de TAR en las escuelas<\/strong><\/u><\/p>\n<p>Desde el 7 de febrero, dada la situaci\u00f3n epidemiol\u00f3gica actual ya la decisi\u00f3n de retirar progresivamente las medidas de control, el Departament de Salut ha replanteado los criterios para la realizaci\u00f3n de TAR financiados en las escuelas y, ahora, el Programa se dirigir\u00e1 a :<\/p>\n<p>Alumnos de educaci\u00f3n especial (a partir de 6 a\u00f1os inmunizados y asintom\u00e1ticos), que hayan tenido un caso positivo dentro de su grupo de convivencia estable (GCE) en el centro educativo o que hayan sido designados como estrechos contactos por los Servicios de vigilancia epidemiol\u00f3gica.<\/p>\n<p>Profesionales docentes de los centros de educaci\u00f3n especial, educaci\u00f3n infantil y educaci\u00f3n primaria inmunizados, que sean estrechos contactos de un caso positivo, siempre que sean asintom\u00e1ticos y formen parte de un GCE u otros profesionales que hayan sido designados como contactos estrechos por los Servicios de vigilancia epidemiol\u00f3gica.<\/p>\n<p>Las prescripciones electr\u00f3nicas de TAR emitidas para alumnos de primaria, ESO, bachillerato, FP, y otras ense\u00f1anzas que todav\u00eda est\u00e9n activas se podr\u00e1n seguir realizando hasta la fecha de su vigencia. De forma puntual, tambi\u00e9n se podr\u00e1n generar prescripciones manuales siguiendo las indicaciones de los Servicios de vigilancia epidemiol\u00f3gica para cualquier alumno\/a (a partir de 6 a\u00f1os y asintom\u00e1tico) que sea estrecho contacto.<\/p>\n<p><u><strong>Contin\u00faan en marcha los TAR no financiados por poblaci\u00f3n general y la notificaci\u00f3n de auto test positivos realizados en el domicilio<\/strong><\/u><\/p>\n<p>Aparte de este cribado, las farmacias tambi\u00e9n realizan tests de ant\u00edgenos supervisados, no financiados, dirigidos a la poblaci\u00f3n general. En total, contando las dos modalidades de TAR, desde julio la red de farmacias de Catalunya ha realizado m\u00e1s de 821.492 test de ant\u00edgenos supervisados y ha detectado m\u00e1s de 61.454 positivos.<\/p>\n<p>Asimismo, el pasado 3 de enero las farmacias adheridas al programa TAR empezaron a notificar positivos de los auto tests realizados en el domicilio. Son ya m\u00e1s de 311.304 los positivos comunicados al Departamento de Salud desde las farmacias, que se traducen en llamadas y consultas evitadas en los Centros de Atenci\u00f3n Primaria. En el momento de registrar lo positivo, los farmac\u00e9uticos realizan una importante labor de educaci\u00f3n sanitaria resolviendo dudas de la poblaci\u00f3n y, por tanto, la farmacia catalana contribuye a la descongesti\u00f3n del sistema sanitario.<\/p>\n<p>\u00a0Desde el 7 de febrero, el Departamento de Salud replantea los criterios para la realizaci\u00f3n de TAR en las escuelas: se dirigir\u00e1 al alumnado de centros de Educaci\u00f3n especial y al profesorado de Educaci\u00f3n Infantil, Educaci\u00f3n Primaria y centros de Educaci\u00f3n especial<\/p>\n<p>\u00a0<\/p>\n<p>Barcelona, 7 de febrero de 2022. En tan s\u00f3lo un mes, del 10 de enero al 6 de febrero, las farmacias catalanas han supervisado una media diaria de casi 20.000 tests de ant\u00edgenos financiados dirigidos a miembros de la comunidad educativa, habiendo llegado a picos m\u00e1ximos de m\u00e1s de 35.000 pruebas al d\u00eda. \u00c9ste es el balance inicial de 2022 en relaci\u00f3n al cribado escolar impulsado por el Departamento de Salud, con la colaboraci\u00f3n del Consejo de Colegios de Farmac\u00e9uticos de Catalu\u00f1a.<\/p>\n<p>En el marco de este cribado, puesto en marcha en julio en el \u00e1mbito del ocio educativo de verano, m\u00e1s de 1.600 farmacias adheridas al programa TAR han supervisado tests de ant\u00edgenos a alumnado y profesorado, financiados por el Servei Catal\u00e0 de la Salud y sin coste alguno por el usuario. Concretamente, durante el 1r trimestre escolar, las farmacias catalanas supervisaron 71.515 TAR y detectaron 879 positivos (\u00edndice de positividad de 1,17%). Estas cifras han aumentado exponencialmente al inicio del 2\u00ba trimestre (un 560% m\u00e1s de macetas realizadas), coincidiendo con el pico de la sexta ola y la incorporaci\u00f3n del alumnado de educaci\u00f3n primaria al programa: del 10 de enero al 6 de febrero, las farmacias supervisaron 476.330 TAR y detectaron 34.593 positivos (\u00edndice de positividad de 7.26%).<\/p>\n<p>As\u00ed, las farmacias han colaborado activamente en la estrategia de Salud P\u00fablica, integr\u00e1ndose en la red de vigilancia epidemiol\u00f3gica. Los farmac\u00e9uticos, como profesionales sanitarios, han asumido un firme compromiso con la salud de las personas, realizando un esfuerzo adicional sin precedentes m\u00e1s all\u00e1 de su labor diaria. \u00a0<\/p>\n<p>Cambios en los criterios para la realizaci\u00f3n de TAR en las escuelas<\/p>\n<p>Desde el 7 de febrero, dada la situaci\u00f3n epidemiol\u00f3gica actual ya la decisi\u00f3n de retirar progresivamente las medidas de control, el Departament de Salut ha replanteado los criterios para la realizaci\u00f3n de TAR financiados en las escuelas y, ahora, el Programa se dirigir\u00e1 a :<\/p>\n<p>Alumnos de educaci\u00f3n especial (a partir de 6 a\u00f1os inmunizados y asintom\u00e1ticos), que hayan tenido un caso positivo dentro de su grupo de convivencia estable (GCE) en el centro educativo o que hayan sido designados como estrechos contactos por los Servicios de vigilancia epidemiol\u00f3gica.<\/p>\n<p>Profesionales docentes de los centros de educaci\u00f3n especial, educaci\u00f3n infantil y educaci\u00f3n primaria inmunizados, que sean estrechos contactos de un caso positivo, siempre que sean asintom\u00e1ticos y formen parte de un GCE u otros profesionales que hayan sido designados como contactos estrechos por los Servicios de vigilancia epidemiol\u00f3gica.<\/p>\n<p>Las prescripciones electr\u00f3nicas de TAR emitidas para alumnos de primaria, ESO, bachillerato, FP, y otras ense\u00f1anzas que todav\u00eda est\u00e9n activas se podr\u00e1n seguir realizando hasta la fecha de su vigencia. De forma puntual, tambi\u00e9n se podr\u00e1n generar prescripciones manuales siguiendo las indicaciones de los Servicios de vigilancia epidemiol\u00f3gica para cualquier alumno\/a (a partir de 6 a\u00f1os y asintom\u00e1tico) que sea estrecho contacto.<\/p>\n<p>Contin\u00faan en marcha los TAR no financiados por poblaci\u00f3n general y la notificaci\u00f3n de auto test positivos realizados en el domicilio<\/p>\n<p>Aparte de este cribado, las farmacias tambi\u00e9n realizan tests de ant\u00edgenos supervisados, no financiados, dirigidos a la poblaci\u00f3n general. En total, contando las dos modalidades de TAR, desde julio la red de farmacias de Catalunya ha realizado m\u00e1s de 821.492 test de ant\u00edgenos supervisados y ha detectado m\u00e1s de 61.454 positivos.<\/p>\n<p>Asimismo, el pasado 3 de enero las farmacias adheridas al programa TAR empezaron a notificar positivos de los auto tests realizados en el domicilio. Son ya m\u00e1s de 311.304 los positivos comunicados al Departamento de Salud desde las farmacias, que se traducen en llamadas y consultas evitadas en los Centros de Atenci\u00f3n Primaria. En el momento de registrar lo positivo, los farmac\u00e9uticos realizan una importante labor de educaci\u00f3n sanitaria resolviendo dudas de la poblaci\u00f3n y, por tanto, la farmacia catalana contribuye a la descongesti\u00f3n del sistema sanitario.  COFB.ORG<\/p>","protected":false},"excerpt":{"rendered":"<p>\u00a0 Desde el 7 de febrero, el Departamento de Salud replantea los criterios para la realizaci\u00f3n de TAR en las escuelas: se dirigir\u00e1 al alumnado de centros de Educaci\u00f3n especial y al profesorado de Educaci\u00f3n Infantil, Educaci\u00f3n Primaria y centros de Educaci\u00f3n especial Barcelona, 7 de febrero de 2022. En tan s\u00f3lo [\u2026]<\/p>","protected":false},"author":1,"featured_media":0,"comment_status":"","ping_status":"","sticky":false,"template":"","format":"standard","meta":{"_uag_custom_page_level_css":"","site-sidebar-layout":"default","site-content-layout":"","ast-site-content-layout":"default","site-content-style":"default","site-sidebar-style":"default","ast-global-header-display":"","ast-banner-title-visibility":"","ast-main-header-display":"","ast-hfb-above-header-display":"","ast-hfb-below-header-display":"","ast-hfb-mobile-header-display":"","site-post-title":"","ast-breadcrumbs-content":"","ast-featured-img":"disabled","footer-sml-layout":"","theme-transparent-header-meta":"","adv-header-id-meta":"","stick-header-meta":"","header-above-stick-meta":"","header-main-stick-meta":"","header-below-stick-meta":"","astra-migrate-meta-layouts":"default","ast-page-background-enabled":"default","ast-page-background-meta":{"desktop":{"background-color":"var(--ast-global-color-4)","background-image":"","background-repeat":"repeat","background-position":"center center","background-size":"auto","background-attachment":"scroll","background-type":"","background-media":"","overlay-type":"","overlay-color":"","overlay-opacity":"","overlay-gradient":""},"tablet":{"background-color":"","background-image":"","background-repeat":"repeat","background-position":"center center","background-size":"auto","background-attachment":"scroll","background-type":"","background-media":"","overlay-type":"","overlay-color":"","overlay-opacity":"","overlay-gradient":""},"mobile":{"background-color":"","background-image":"","background-repeat":"repeat","background-position":"center center","background-size":"auto","background-attachment":"scroll","background-type":"","background-media":"","overlay-type":"","overlay-color":"","overlay-opacity":"","overlay-gradient":""}},"ast-content-background-meta":{"desktop":{"background-color":"var(--ast-global-color-5)","background-image":"","background-repeat":"repeat","background-position":"center center","background-size":"auto","background-attachment":"scroll","background-type":"","background-media":"","overlay-type":"","overlay-color":"","overlay-opacity":"","overlay-gradient":""},"tablet":{"background-color":"var(--ast-global-color-5)","background-image":"","background-repeat":"repeat","background-position":"center center","background-size":"auto","background-attachment":"scroll","background-type":"","background-media":"","overlay-type":"","overlay-color":"","overlay-opacity":"","overlay-gradient":""},"mobile":{"background-color":"var(--ast-global-color-5)","background-image":"","background-repeat":"repeat","background-position":"center center","background-size":"auto","background-attachment":"scroll","background-type":"","background-media":"","overlay-type":"","overlay-color":"","overlay-opacity":"","overlay-gradient":""}},"footnotes":""},"categories":[1060,1066],"tags":[],"class_list":["post-77026","post","type-post","status-publish","format-standard","hentry","category-notes-premsa","category-sense-categoria-ca"],"yoast_head":"<!-- This site is optimized with the Yoast SEO plugin v22.4 - https:\/\/yoast.com\/wordpress\/plugins\/seo\/ -->\n<title>L\u2019acci\u00f3 conjunta entre el Departament de Salut i les farm\u00e0cies ha perm\u00e8s realitzar 476.330 test d\u2019ant\u00edgens finan\u00e7ats des de l\u2019inici del segon trimestre escolar adre\u00e7ats a la comunitat educativa - Col\u00b7legi de Farmac\u00e8utics de Barcelona<\/title>\n<meta name=\"robots\" content=\"index, follow, max-snippet:-1, max-image-preview:large, max-video-preview:-1\" \/>\n<link rel=\"canonical\" href=\"https:\/\/novaorg.cofb.net\/2022\/02\/07\/laccio-conjunta-entre-el-departament-de-salut-i-les-farmacies-ha-permes-realitzar-476-330-test-dantigens-financats-des-de-linici-del-segon-trimestre-escolar-adrecats-a-la-co\/\" \/>\n<meta property=\"og:locale\" content=\"es_ES\" \/>\n<meta property=\"og:type\" content=\"article\" \/>\n<meta property=\"og:title\" content=\"L\u2019acci\u00f3 conjunta entre el Departament de Salut i les farm\u00e0cies ha perm\u00e8s realitzar 476.330 test d\u2019ant\u00edgens finan\u00e7ats des de l\u2019inici del segon trimestre escolar adre\u00e7ats a la comunitat educativa - Col\u00b7legi de Farmac\u00e8utics de Barcelona\" \/>\n<meta property=\"og:description\" content=\"\u00a0 Des del 7 de febrer, el Departament de Salut replanteja els criteris per a la realitzaci\u00f3 de TAR a les escoles: s\u2019adre\u00e7ar\u00e0 a l\u2019alumnat de centres d\u2019Educaci\u00f3 especial i al professorat d\u2019Educaci\u00f3 Infantil, Educaci\u00f3 Prim\u00e0ria i centres d\u2019Educaci\u00f3 especial \u00a0 Barcelona, 7 de febrer de 2022. En tan sols [&hellip;]\" \/>\n<meta property=\"og:url\" content=\"https:\/\/novaorg.cofb.net\/2022\/02\/07\/laccio-conjunta-entre-el-departament-de-salut-i-les-farmacies-ha-permes-realitzar-476-330-test-dantigens-financats-des-de-linici-del-segon-trimestre-escolar-adrecats-a-la-co\/\" \/>\n<meta property=\"og:site_name\" content=\"Col\u00b7legi de Farmac\u00e8utics de Barcelona\" \/>\n<meta property=\"article:publisher\" content=\"https:\/\/www.facebook.com\/farmaceuticsbcn\/\" \/>\n<meta property=\"article:published_time\" content=\"2022-02-07T14:42:00+00:00\" \/>\n<meta name=\"author\" content=\"wpAdminCofbOrg\" \/>\n<meta name=\"twitter:card\" content=\"summary_large_image\" \/>\n<meta name=\"twitter:creator\" content=\"@farmaceuticsbcn\" \/>\n<meta name=\"twitter:site\" content=\"@farmaceuticsbcn\" \/>\n<meta name=\"twitter:label1\" content=\"Escrito por\" \/>\n\t<meta name=\"twitter:data1\" content=\"wpAdminCofbOrg\" \/>\n\t<meta name=\"twitter:label2\" content=\"Tiempo de lectura\" \/>\n\t<meta name=\"twitter:data2\" content=\"7 minutos\" \/>\n<script type=\"application\/ld+json\" class=\"yoast-schema-graph\">{\"@context\":\"https:\/\/schema.org\",\"@graph\":[{\"@type\":\"Article\",\"@id\":\"https:\/\/novaorg.cofb.net\/2022\/02\/07\/laccio-conjunta-entre-el-departament-de-salut-i-les-farmacies-ha-permes-realitzar-476-330-test-dantigens-financats-des-de-linici-del-segon-trimestre-escolar-adrecats-a-la-co\/#article\",\"isPartOf\":{\"@id\":\"https:\/\/novaorg.cofb.net\/2022\/02\/07\/laccio-conjunta-entre-el-departament-de-salut-i-les-farmacies-ha-permes-realitzar-476-330-test-dantigens-financats-des-de-linici-del-segon-trimestre-escolar-adrecats-a-la-co\/\"},\"author\":{\"name\":\"wpAdminCofbOrg\",\"@id\":\"https:\/\/www.cofb.org\/#\/schema\/person\/22ed7eea88da74b0fa4d3154ad87ffcb\"},\"headline\":\"L\u2019acci\u00f3 conjunta entre el Departament de Salut i les farm\u00e0cies ha perm\u00e8s realitzar 476.330 test d\u2019ant\u00edgens finan\u00e7ats des de l\u2019inici del segon trimestre escolar adre\u00e7ats a la comunitat educativa\",\"datePublished\":\"2022-02-07T14:42:00+00:00\",\"dateModified\":\"2022-02-07T14:42:00+00:00\",\"mainEntityOfPage\":{\"@id\":\"https:\/\/novaorg.cofb.net\/2022\/02\/07\/laccio-conjunta-entre-el-departament-de-salut-i-les-farmacies-ha-permes-realitzar-476-330-test-dantigens-financats-des-de-linici-del-segon-trimestre-escolar-adrecats-a-la-co\/\"},\"wordCount\":1490,\"publisher\":{\"@id\":\"https:\/\/www.cofb.org\/#organization\"},\"articleSection\":[\"Notes de premsa\",\"Sense categoria\"],\"inLanguage\":\"es\"},{\"@type\":\"WebPage\",\"@id\":\"https:\/\/novaorg.cofb.net\/2022\/02\/07\/laccio-conjunta-entre-el-departament-de-salut-i-les-farmacies-ha-permes-realitzar-476-330-test-dantigens-financats-des-de-linici-del-segon-trimestre-escolar-adrecats-a-la-co\/\",\"url\":\"https:\/\/novaorg.cofb.net\/2022\/02\/07\/laccio-conjunta-entre-el-departament-de-salut-i-les-farmacies-ha-permes-realitzar-476-330-test-dantigens-financats-des-de-linici-del-segon-trimestre-escolar-adrecats-a-la-co\/\",\"name\":\"L\u2019acci\u00f3 conjunta entre el Departament de Salut i les farm\u00e0cies ha perm\u00e8s realitzar 476.330 test d\u2019ant\u00edgens finan\u00e7ats des de l\u2019inici del segon trimestre escolar adre\u00e7ats a la comunitat educativa - Col\u00b7legi de Farmac\u00e8utics de Barcelona\",\"isPartOf\":{\"@id\":\"https:\/\/www.cofb.org\/#website\"},\"datePublished\":\"2022-02-07T14:42:00+00:00\",\"dateModified\":\"2022-02-07T14:42:00+00:00\",\"breadcrumb\":{\"@id\":\"https:\/\/novaorg.cofb.net\/2022\/02\/07\/laccio-conjunta-entre-el-departament-de-salut-i-les-farmacies-ha-permes-realitzar-476-330-test-dantigens-financats-des-de-linici-del-segon-trimestre-escolar-adrecats-a-la-co\/#breadcrumb\"},\"inLanguage\":\"es\",\"potentialAction\":[{\"@type\":\"ReadAction\",\"target\":[\"https:\/\/novaorg.cofb.net\/2022\/02\/07\/laccio-conjunta-entre-el-departament-de-salut-i-les-farmacies-ha-permes-realitzar-476-330-test-dantigens-financats-des-de-linici-del-segon-trimestre-escolar-adrecats-a-la-co\/\"]}]},{\"@type\":\"BreadcrumbList\",\"@id\":\"https:\/\/novaorg.cofb.net\/2022\/02\/07\/laccio-conjunta-entre-el-departament-de-salut-i-les-farmacies-ha-permes-realitzar-476-330-test-dantigens-financats-des-de-linici-del-segon-trimestre-escolar-adrecats-a-la-co\/#breadcrumb\",\"itemListElement\":[{\"@type\":\"ListItem\",\"position\":1,\"name\":\"Inici\",\"item\":\"https:\/\/novaorg.cofb.net\/\"},{\"@type\":\"ListItem\",\"position\":2,\"name\":\"L\u2019acci\u00f3 conjunta entre el Departament de Salut i les farm\u00e0cies ha perm\u00e8s realitzar 476.330 test d\u2019ant\u00edgens finan\u00e7ats des de l\u2019inici del segon trimestre escolar adre\u00e7ats a la comunitat educativa\"}]},{\"@type\":\"WebSite\",\"@id\":\"https:\/\/www.cofb.org\/#website\",\"url\":\"https:\/\/www.cofb.org\/\",\"name\":\"Col\u00b7legi de Farmac\u00e8utics de Barcelona\",\"description\":\"\",\"publisher\":{\"@id\":\"https:\/\/www.cofb.org\/#organization\"},\"potentialAction\":[{\"@type\":\"SearchAction\",\"target\":{\"@type\":\"EntryPoint\",\"urlTemplate\":\"https:\/\/www.cofb.org\/?s={search_term_string}\"},\"query-input\":\"required name=search_term_string\"}],\"inLanguage\":\"es\"},{\"@type\":\"Organization\",\"@id\":\"https:\/\/www.cofb.org\/#organization\",\"name\":\"Col\u00b7legi de Farmac\u00e8utics de Barcelona\",\"url\":\"https:\/\/www.cofb.org\/\",\"logo\":{\"@type\":\"ImageObject\",\"inLanguage\":\"es\",\"@id\":\"https:\/\/www.cofb.org\/#\/schema\/logo\/image\/\",\"url\":\"https:\/\/www.cofb.org\/wp-content\/uploads\/2023\/11\/cropped-Logotip-COFB.png\",\"contentUrl\":\"https:\/\/www.cofb.org\/wp-content\/uploads\/2023\/11\/cropped-Logotip-COFB.png\",\"width\":500,\"height\":105,\"caption\":\"Col\u00b7legi de Farmac\u00e8utics de Barcelona\"},\"image\":{\"@id\":\"https:\/\/www.cofb.org\/#\/schema\/logo\/image\/\"},\"sameAs\":[\"https:\/\/www.facebook.com\/farmaceuticsbcn\/\",\"https:\/\/twitter.com\/farmaceuticsbcn\",\"https:\/\/www.instagram.com\/farmaceuticsbcn\/\",\"https:\/\/www.linkedin.com\/company\/farmaceuticsbcn\/\"]},{\"@type\":\"Person\",\"@id\":\"https:\/\/www.cofb.org\/#\/schema\/person\/22ed7eea88da74b0fa4d3154ad87ffcb\",\"name\":\"wpAdminCofbOrg\",\"image\":{\"@type\":\"ImageObject\",\"inLanguage\":\"es\",\"@id\":\"https:\/\/www.cofb.org\/#\/schema\/person\/image\/\",\"url\":\"https:\/\/secure.gravatar.com\/avatar\/1721b20b3b8ca882c3b56ec6c978c594fff670e40c0718e9190eaeeb76aae7d8?s=96&d=mm&r=g\",\"contentUrl\":\"https:\/\/secure.gravatar.com\/avatar\/1721b20b3b8ca882c3b56ec6c978c594fff670e40c0718e9190eaeeb76aae7d8?s=96&d=mm&r=g\",\"caption\":\"wpAdminCofbOrg\"},\"sameAs\":[\"http:\/\/192.168.64.122\/wordpress\"],\"url\":\"https:\/\/www.cofb.org\/es\/author\/wpadmincofborg\/\"}]}<\/script>\n<!-- \/ Yoast SEO plugin. -->","yoast_head_json":{"title":"L\u2019acci\u00f3 conjunta entre el Departament de Salut i les farm\u00e0cies ha perm\u00e8s realitzar 476.330 test d\u2019ant\u00edgens finan\u00e7ats des de l\u2019inici del segon trimestre escolar adre\u00e7ats a la comunitat educativa - Col\u00b7legi de Farmac\u00e8utics de Barcelona","robots":{"index":"index","follow":"follow","max-snippet":"max-snippet:-1","max-image-preview":"max-image-preview:large","max-video-preview":"max-video-preview:-1"},"canonical":"https:\/\/novaorg.cofb.net\/2022\/02\/07\/laccio-conjunta-entre-el-departament-de-salut-i-les-farmacies-ha-permes-realitzar-476-330-test-dantigens-financats-des-de-linici-del-segon-trimestre-escolar-adrecats-a-la-co\/","og_locale":"es_ES","og_type":"article","og_title":"L\u2019acci\u00f3 conjunta entre el Departament de Salut i les farm\u00e0cies ha perm\u00e8s realitzar 476.330 test d\u2019ant\u00edgens finan\u00e7ats des de l\u2019inici del segon trimestre escolar adre\u00e7ats a la comunitat educativa - Col\u00b7legi de Farmac\u00e8utics de Barcelona","og_description":"\u00a0 Des del 7 de febrer, el Departament de Salut replanteja els criteris per a la realitzaci\u00f3 de TAR a les escoles: s\u2019adre\u00e7ar\u00e0 a l\u2019alumnat de centres d\u2019Educaci\u00f3 especial i al professorat d\u2019Educaci\u00f3 Infantil, Educaci\u00f3 Prim\u00e0ria i centres d\u2019Educaci\u00f3 especial \u00a0 Barcelona, 7 de febrer de 2022. En tan sols [&hellip;]","og_url":"https:\/\/novaorg.cofb.net\/2022\/02\/07\/laccio-conjunta-entre-el-departament-de-salut-i-les-farmacies-ha-permes-realitzar-476-330-test-dantigens-financats-des-de-linici-del-segon-trimestre-escolar-adrecats-a-la-co\/","og_site_name":"Col\u00b7legi de Farmac\u00e8utics de Barcelona","article_publisher":"https:\/\/www.facebook.com\/farmaceuticsbcn\/","article_published_time":"2022-02-07T14:42:00+00:00","author":"wpAdminCofbOrg","twitter_card":"summary_large_image","twitter_creator":"@farmaceuticsbcn","twitter_site":"@farmaceuticsbcn","twitter_misc":{"Escrito por":"wpAdminCofbOrg","Tiempo de lectura":"7 minutos"},"schema":{"@context":"https:\/\/schema.org","@graph":[{"@type":"Article","@id":"https:\/\/novaorg.cofb.net\/2022\/02\/07\/laccio-conjunta-entre-el-departament-de-salut-i-les-farmacies-ha-permes-realitzar-476-330-test-dantigens-financats-des-de-linici-del-segon-trimestre-escolar-adrecats-a-la-co\/#article","isPartOf":{"@id":"https:\/\/novaorg.cofb.net\/2022\/02\/07\/laccio-conjunta-entre-el-departament-de-salut-i-les-farmacies-ha-permes-realitzar-476-330-test-dantigens-financats-des-de-linici-del-segon-trimestre-escolar-adrecats-a-la-co\/"},"author":{"name":"wpAdminCofbOrg","@id":"https:\/\/www.cofb.org\/#\/schema\/person\/22ed7eea88da74b0fa4d3154ad87ffcb"},"headline":"L\u2019acci\u00f3 conjunta entre el Departament de Salut i les farm\u00e0cies ha perm\u00e8s realitzar 476.330 test d\u2019ant\u00edgens finan\u00e7ats des de l\u2019inici del segon trimestre escolar adre\u00e7ats a la comunitat educativa","datePublished":"2022-02-07T14:42:00+00:00","dateModified":"2022-02-07T14:42:00+00:00","mainEntityOfPage":{"@id":"https:\/\/novaorg.cofb.net\/2022\/02\/07\/laccio-conjunta-entre-el-departament-de-salut-i-les-farmacies-ha-permes-realitzar-476-330-test-dantigens-financats-des-de-linici-del-segon-trimestre-escolar-adrecats-a-la-co\/"},"wordCount":1490,"publisher":{"@id":"https:\/\/www.cofb.org\/#organization"},"articleSection":["Notes de premsa","Sense categoria"],"inLanguage":"es"},{"@type":"WebPage","@id":"https:\/\/novaorg.cofb.net\/2022\/02\/07\/laccio-conjunta-entre-el-departament-de-salut-i-les-farmacies-ha-permes-realitzar-476-330-test-dantigens-financats-des-de-linici-del-segon-trimestre-escolar-adrecats-a-la-co\/","url":"https:\/\/novaorg.cofb.net\/2022\/02\/07\/laccio-conjunta-entre-el-departament-de-salut-i-les-farmacies-ha-permes-realitzar-476-330-test-dantigens-financats-des-de-linici-del-segon-trimestre-escolar-adrecats-a-la-co\/","name":"L\u2019acci\u00f3 conjunta entre el Departament de Salut i les farm\u00e0cies ha perm\u00e8s realitzar 476.330 test d\u2019ant\u00edgens finan\u00e7ats des de l\u2019inici del segon trimestre escolar adre\u00e7ats a la comunitat educativa - Col\u00b7legi de Farmac\u00e8utics de Barcelona","isPartOf":{"@id":"https:\/\/www.cofb.org\/#website"},"datePublished":"2022-02-07T14:42:00+00:00","dateModified":"2022-02-07T14:42:00+00:00","breadcrumb":{"@id":"https:\/\/novaorg.cofb.net\/2022\/02\/07\/laccio-conjunta-entre-el-departament-de-salut-i-les-farmacies-ha-permes-realitzar-476-330-test-dantigens-financats-des-de-linici-del-segon-trimestre-escolar-adrecats-a-la-co\/#breadcrumb"},"inLanguage":"es","potentialAction":[{"@type":"ReadAction","target":["https:\/\/novaorg.cofb.net\/2022\/02\/07\/laccio-conjunta-entre-el-departament-de-salut-i-les-farmacies-ha-permes-realitzar-476-330-test-dantigens-financats-des-de-linici-del-segon-trimestre-escolar-adrecats-a-la-co\/"]}]},{"@type":"BreadcrumbList","@id":"https:\/\/novaorg.cofb.net\/2022\/02\/07\/laccio-conjunta-entre-el-departament-de-salut-i-les-farmacies-ha-permes-realitzar-476-330-test-dantigens-financats-des-de-linici-del-segon-trimestre-escolar-adrecats-a-la-co\/#breadcrumb","itemListElement":[{"@type":"ListItem","position":1,"name":"Inici","item":"https:\/\/novaorg.cofb.net\/"},{"@type":"ListItem","position":2,"name":"L\u2019acci\u00f3 conjunta entre el Departament de Salut i les farm\u00e0cies ha perm\u00e8s realitzar 476.330 test d\u2019ant\u00edgens finan\u00e7ats des de l\u2019inici del segon trimestre escolar adre\u00e7ats a la comunitat educativa"}]},{"@type":"WebSite","@id":"https:\/\/www.cofb.org\/#website","url":"https:\/\/www.cofb.org\/","name":"Col\u00b7legi de Farmac\u00e8utics de Barcelona","description":"","publisher":{"@id":"https:\/\/www.cofb.org\/#organization"},"potentialAction":[{"@type":"SearchAction","target":{"@type":"EntryPoint","urlTemplate":"https:\/\/www.cofb.org\/?s={search_term_string}"},"query-input":"required name=search_term_string"}],"inLanguage":"es"},{"@type":"Organization","@id":"https:\/\/www.cofb.org\/#organization","name":"Col\u00b7legi de Farmac\u00e8utics de Barcelona","url":"https:\/\/www.cofb.org\/","logo":{"@type":"ImageObject","inLanguage":"es","@id":"https:\/\/www.cofb.org\/#\/schema\/logo\/image\/","url":"https:\/\/www.cofb.org\/wp-content\/uploads\/2023\/11\/cropped-Logotip-COFB.png","contentUrl":"https:\/\/www.cofb.org\/wp-content\/uploads\/2023\/11\/cropped-Logotip-COFB.png","width":500,"height":105,"caption":"Col\u00b7legi de Farmac\u00e8utics de Barcelona"},"image":{"@id":"https:\/\/www.cofb.org\/#\/schema\/logo\/image\/"},"sameAs":["https:\/\/www.facebook.com\/farmaceuticsbcn\/","https:\/\/twitter.com\/farmaceuticsbcn","https:\/\/www.instagram.com\/farmaceuticsbcn\/","https:\/\/www.linkedin.com\/company\/farmaceuticsbcn\/"]},{"@type":"Person","@id":"https:\/\/www.cofb.org\/#\/schema\/person\/22ed7eea88da74b0fa4d3154ad87ffcb","name":"wpAdminCofbOrg","image":{"@type":"ImageObject","inLanguage":"es","@id":"https:\/\/www.cofb.org\/#\/schema\/person\/image\/","url":"https:\/\/secure.gravatar.com\/avatar\/1721b20b3b8ca882c3b56ec6c978c594fff670e40c0718e9190eaeeb76aae7d8?s=96&d=mm&r=g","contentUrl":"https:\/\/secure.gravatar.com\/avatar\/1721b20b3b8ca882c3b56ec6c978c594fff670e40c0718e9190eaeeb76aae7d8?s=96&d=mm&r=g","caption":"wpAdminCofbOrg"},"sameAs":["http:\/\/192.168.64.122\/wordpress"],"url":"https:\/\/www.cofb.org\/es\/author\/wpadmincofborg\/"}]}},"uagb_featured_image_src":{"full":false,"thumbnail":false,"medium":false,"medium_large":false,"large":false,"1536x1536":false,"2048x2048":false,"trp-custom-language-flag":false},"uagb_author_info":{"display_name":"wpAdminCofbOrg","author_link":"https:\/\/www.cofb.org\/es\/author\/wpadmincofborg\/"},"uagb_comment_info":0,"uagb_excerpt":"\u00a0 Des del 7 de febrer, el Departament de Salut replanteja els criteris per a la realitzaci\u00f3 de TAR a les escoles: s\u2019adre\u00e7ar\u00e0 a l\u2019alumnat de centres d\u2019Educaci\u00f3 especial i al professorat d\u2019Educaci\u00f3 Infantil, Educaci\u00f3 Prim\u00e0ria i centres d\u2019Educaci\u00f3 especial \u00a0 Barcelona, 7 de febrer de 2022. En tan sols [&hellip;]","_links":{"self":[{"href":"https:\/\/www.cofb.org\/es\/wp-json\/wp\/v2\/posts\/77026","targetHints":{"allow":["GET"]}}],"collection":[{"href":"https:\/\/www.cofb.org\/es\/wp-json\/wp\/v2\/posts"}],"about":[{"href":"https:\/\/www.cofb.org\/es\/wp-json\/wp\/v2\/types\/post"}],"author":[{"embeddable":true,"href":"https:\/\/www.cofb.org\/es\/wp-json\/wp\/v2\/users\/1"}],"replies":[{"embeddable":true,"href":"https:\/\/www.cofb.org\/es\/wp-json\/wp\/v2\/comments?post=77026"}],"version-history":[{"count":0,"href":"https:\/\/www.cofb.org\/es\/wp-json\/wp\/v2\/posts\/77026\/revisions"}],"wp:attachment":[{"href":"https:\/\/www.cofb.org\/es\/wp-json\/wp\/v2\/media?parent=77026"}],"wp:term":[{"taxonomy":"category","embeddable":true,"href":"https:\/\/www.cofb.org\/es\/wp-json\/wp\/v2\/categories?post=77026"},{"taxonomy":"post_tag","embeddable":true,"href":"https:\/\/www.cofb.org\/es\/wp-json\/wp\/v2\/tags?post=77026"}],"curies":[{"name":"wp","href":"https:\/\/api.w.org\/{rel}","templated":true}]}}