{"id":77024,"date":"2022-02-11T11:40:00","date_gmt":"2022-02-11T11:40:00","guid":{"rendered":"https:\/\/novaorg.cofb.net\/2022\/02\/11\/mes-de-400-laboratoris-i-empreses-es-donaran-cita-a-infarma-madrid-2022\/"},"modified":"2022-02-11T11:40:00","modified_gmt":"2022-02-11T11:40:00","slug":"mes-de-400-laboratoris-i-empreses-es-donaran-cita-a-infarma-madrid-2022","status":"publish","type":"post","link":"https:\/\/www.cofb.org\/es\/2022\/02\/11\/mes-de-400-laboratoris-i-empreses-es-donaran-cita-a-infarma-madrid-2022\/","title":{"rendered":"M\u00e1s de 400 laboratorios y empresas se dar\u00e1n cita en &#039;Infarma Madrid 2022&#039;"},"content":{"rendered":"<p>\u00a0<\/p>\n<ul>\n<li>El Congreso y Sal\u00f3n de la farmacia ultima una edici\u00f3n que recupera los niveles de convocatoria y participaci\u00f3n anteriores a la pandemia.<\/li>\n<li>Tres pabellones de Ifema acoger\u00e1n la zona comercial y congresual de un evento convertido en el gran escaparate del sector de oficina de farmacia en Espa\u00f1a.<\/li>\n<\/ul>\n<p>\u00a0<\/p>\n<p>A 40 d\u00edas de que Infarma Madrid 2022 abra sus puertas el pr\u00f3ximo 22 de marzo, los organizadores se encuentran muy satisfechos del nivel de respuesta obtenido del sector. Cerca de 420 laboratorios y empresas vinculadas a la farmacia y m\u00e1s de un millar de marcas comerciales estar\u00e1n representados en una feria consolidada como la cita empresarial de referencia del sector en Espa\u00f1a.<\/p>\n<p><img decoding=\"async\" alt=\"\" src=\"https:\/\/www.cofb.org\/documents\/10136\/1091470\/infarma+%2B+400....jpg\/e40322ff-a1a4-49a2-bc52-19f73954f3a6?t=1644576026984\"><\/p>\n<p>Organizado por los colegios oficiales de farmac\u00e9uticos de Madrid y Barcelona, \u200b\u200ben colaboraci\u00f3n con Interalia, la superficie neta contratada de stands directos en Infarma supera, por primera vez, los 10.000 metros cuadrados, que se corresponden con 265 stands expositores directos abiertos en el Sal\u00f3n.<\/p>\n<p>Los segmentos de dermofarmacia, complementos alimenticios y nutrici\u00f3n, comercializaci\u00f3n y distribuci\u00f3n o parafarmacia ser\u00e1n los m\u00e1s representados en la feria comercial.<\/p>\n<p>Aunque todav\u00eda es pronto para avanzar una cifra de congresistas y visitantes profesionales, el director del Sal\u00f3n, Ramon Llunell, se muestra muy satisfecho, porque las inscripciones se encuentran en los niveles anteriores a la pandemia y es optimista de cara a Infarma Madrid 2022. &quot;Detectamos que hay muchas ganas de recuperar la normalidad y de participar en esta pr\u00f3xima edici\u00f3n que marca el reencuentro entre los profesionales del sector&quot;, se\u00f1ala.<\/p>\n<p>Ram\u00f3n Llunel destaca tambi\u00e9n la participaci\u00f3n y la fidelizaci\u00f3n de los expositores, que atribuye a \u201cla gran resiliencia del sector de oficina de farmacia, que ha demostrado siempre su fortaleza frente a situaciones de estr\u00e9s econ\u00f3mico\u201d, as\u00ed como a la \u201cconsolidaci\u00f3n de &#039;un evento que vuelve a ser la referencia anual dentro del calendario de sector\u201d.<\/p>\n<p>Infarma ocupar\u00e1 una superficie total de exposici\u00f3n que se ha ampliado hasta los 35.000 metros cuadrados, dentro de un espacio disponible adjudicado en un 95%, que se repartir\u00e1 en los pabellones 1, 3 y 5 del recinto ferial. Cada pabell\u00f3n se reservar\u00e1 para una finalidad concreta: congreso y zona comercial de exposici\u00f3n de productos de venta y servicios prestados en oficina de farmacia.<\/p>\n<p>Durante los tres d\u00edas de celebraci\u00f3n del Congreso y Sal\u00f3n, se cumplir\u00e1, de forma estricta, con todas las medidas de protecci\u00f3n que marquen las autoridades sanitarias e Ifema Madrid para expositores, visitantes, organizadores externos y proveedores, como el uso obligatorio de mascarilla , disposici\u00f3n de dispensadores de hielo para la correcta higiene de manos, la separaci\u00f3n de mesa en el catering o la ventilaci\u00f3n adecuada de los espacios interiores que, gracias al sistema de renovaci\u00f3n de aire y la gran altura de los pabellones, garantiza el recinto ferial.<\/p>\n<p>\u00a0El Congreso y Sal\u00f3n de la farmacia ultima una edici\u00f3n que recupera los niveles de convocatoria y participaci\u00f3n anteriores a la pandemia.<br \/>\n\tTres pabellones de Ifema acoger\u00e1n la zona comercial y congresual de un evento convertido en el gran escaparate del sector de oficina de farmacia en Espa\u00f1a.<\/p>\n<p>\u00a0<\/p>\n<p>A 40 d\u00edas de que Infarma Madrid 2022 abra sus puertas el pr\u00f3ximo 22 de marzo, los organizadores se encuentran muy satisfechos del nivel de respuesta obtenido del sector. Cerca de 420 laboratorios y empresas vinculadas a la farmacia y m\u00e1s de un millar de marcas comerciales estar\u00e1n representados en una feria consolidada como la cita empresarial de referencia del sector en Espa\u00f1a.<\/p>\n<p>Organizado por los colegios oficiales de farmac\u00e9uticos de Madrid y Barcelona, \u200b\u200ben colaboraci\u00f3n con Interalia, la superficie neta contratada de stands directos en Infarma supera, por primera vez, los 10.000 metros cuadrados, que se corresponden con 265 stands expositores directos abiertos en el Sal\u00f3n.<\/p>\n<p>Los segmentos de dermofarmacia, complementos alimenticios y nutrici\u00f3n, comercializaci\u00f3n y distribuci\u00f3n o parafarmacia ser\u00e1n los m\u00e1s representados en la feria comercial.<\/p>\n<p>Aunque todav\u00eda es pronto para avanzar una cifra de congresistas y visitantes profesionales, el director del Sal\u00f3n, Ramon Llunell, se muestra muy satisfecho, porque las inscripciones se encuentran en los niveles anteriores a la pandemia y es optimista de cara a Infarma Madrid 2022. &quot;Detectamos que hay muchas ganas de recuperar la normalidad y de participar en esta pr\u00f3xima edici\u00f3n que marca el reencuentro entre los profesionales del sector&quot;, se\u00f1ala.<\/p>\n<p>Ram\u00f3n Llunel destaca tambi\u00e9n la participaci\u00f3n y la fidelizaci\u00f3n de los expositores, que atribuye a \u201cla gran resiliencia del sector de oficina de farmacia, que ha demostrado siempre su fortaleza frente a situaciones de estr\u00e9s econ\u00f3mico\u201d, as\u00ed como a la \u201cconsolidaci\u00f3n de &#039;un evento que vuelve a ser la referencia anual dentro del calendario de sector\u201d.<\/p>\n<p>Infarma ocupar\u00e1 una superficie total de exposici\u00f3n que se ha ampliado hasta los 35.000 metros cuadrados, dentro de un espacio disponible adjudicado en un 95%, que se repartir\u00e1 en los pabellones 1, 3 y 5 del recinto ferial. Cada pabell\u00f3n se reservar\u00e1 para una finalidad concreta: congreso y zona comercial de exposici\u00f3n de productos de venta y servicios prestados en oficina de farmacia.<\/p>\n<p>Durante los tres d\u00edas de celebraci\u00f3n del Congreso y Sal\u00f3n, se cumplir\u00e1, de forma estricta, con todas las medidas de protecci\u00f3n que marquen las autoridades sanitarias e Ifema Madrid para expositores, visitantes, organizadores externos y proveedores, como el uso obligatorio de mascarilla , disposici\u00f3n de dispensadores de hielo para la correcta higiene de manos, la separaci\u00f3n de mesa en el catering o la ventilaci\u00f3n adecuada de los espacios interiores que, gracias al sistema de renovaci\u00f3n de aire y la gran altura de los pabellones, garantiza el recinto ferial.  COFB.ORG<\/p>","protected":false},"excerpt":{"rendered":"<p>\u00a0 El Congreso y Sal\u00f3n de la farmacia ultima una edici\u00f3n que recupera los niveles de convocatoria y participaci\u00f3n anteriores en la pandemia.<\/p>","protected":false},"author":1,"featured_media":77025,"comment_status":"","ping_status":"","sticky":false,"template":"","format":"standard","meta":{"_uag_custom_page_level_css":"","site-sidebar-layout":"default","site-content-layout":"","ast-site-content-layout":"default","site-content-style":"default","site-sidebar-style":"default","ast-global-header-display":"","ast-banner-title-visibility":"","ast-main-header-display":"","ast-hfb-above-header-display":"","ast-hfb-below-header-display":"","ast-hfb-mobile-header-display":"","site-post-title":"","ast-breadcrumbs-content":"","ast-featured-img":"disabled","footer-sml-layout":"","theme-transparent-header-meta":"","adv-header-id-meta":"","stick-header-meta":"","header-above-stick-meta":"","header-main-stick-meta":"","header-below-stick-meta":"","astra-migrate-meta-layouts":"default","ast-page-background-enabled":"default","ast-page-background-meta":{"desktop":{"background-color":"var(--ast-global-color-4)","background-image":"","background-repeat":"repeat","background-position":"center center","background-size":"auto","background-attachment":"scroll","background-type":"","background-media":"","overlay-type":"","overlay-color":"","overlay-opacity":"","overlay-gradient":""},"tablet":{"background-color":"","background-image":"","background-repeat":"repeat","background-position":"center center","background-size":"auto","background-attachment":"scroll","background-type":"","background-media":"","overlay-type":"","overlay-color":"","overlay-opacity":"","overlay-gradient":""},"mobile":{"background-color":"","background-image":"","background-repeat":"repeat","background-position":"center center","background-size":"auto","background-attachment":"scroll","background-type":"","background-media":"","overlay-type":"","overlay-color":"","overlay-opacity":"","overlay-gradient":""}},"ast-content-background-meta":{"desktop":{"background-color":"var(--ast-global-color-5)","background-image":"","background-repeat":"repeat","background-position":"center center","background-size":"auto","background-attachment":"scroll","background-type":"","background-media":"","overlay-type":"","overlay-color":"","overlay-opacity":"","overlay-gradient":""},"tablet":{"background-color":"var(--ast-global-color-5)","background-image":"","background-repeat":"repeat","background-position":"center center","background-size":"auto","background-attachment":"scroll","background-type":"","background-media":"","overlay-type":"","overlay-color":"","overlay-opacity":"","overlay-gradient":""},"mobile":{"background-color":"var(--ast-global-color-5)","background-image":"","background-repeat":"repeat","background-position":"center center","background-size":"auto","background-attachment":"scroll","background-type":"","background-media":"","overlay-type":"","overlay-color":"","overlay-opacity":"","overlay-gradient":""}},"footnotes":""},"categories":[1060,1066],"tags":[],"class_list":["post-77024","post","type-post","status-publish","format-standard","has-post-thumbnail","hentry","category-notes-premsa","category-sense-categoria-ca"],"yoast_head":"<!-- This site is optimized with the Yoast SEO plugin v22.4 - https:\/\/yoast.com\/wordpress\/plugins\/seo\/ -->\n<title>M\u00e9s de 400 laboratoris i empreses es donaran cita a &#039;Infarma Madrid 2022&#039; - Col\u00b7legi de Farmac\u00e8utics de Barcelona<\/title>\n<meta name=\"robots\" content=\"index, follow, max-snippet:-1, max-image-preview:large, max-video-preview:-1\" \/>\n<link rel=\"canonical\" href=\"https:\/\/novaorg.cofb.net\/2022\/02\/11\/mes-de-400-laboratoris-i-empreses-es-donaran-cita-a-infarma-madrid-2022\/\" \/>\n<meta property=\"og:locale\" content=\"es_ES\" \/>\n<meta property=\"og:type\" content=\"article\" \/>\n<meta property=\"og:title\" content=\"M\u00e9s de 400 laboratoris i empreses es donaran cita a &#039;Infarma Madrid 2022&#039; - Col\u00b7legi de Farmac\u00e8utics de Barcelona\" \/>\n<meta property=\"og:description\" content=\"\u00a0 El Congr\u00e9s i Sal\u00f3 de la farm\u00e0cia ultima una edici\u00f3 que recupera els nivells de convocat\u00f2ria i participaci\u00f3 anteriors a la pand\u00e8mia. Tres pavellons d&#8217;Ifema acolliran la zona comercial i congressual d&#8217;un esdeveniment convertit en el gran aparador del sector d&#8217;oficina de farm\u00e0cia a Espanya. \u00a0 A 40 dies [&hellip;]\" \/>\n<meta property=\"og:url\" content=\"https:\/\/novaorg.cofb.net\/2022\/02\/11\/mes-de-400-laboratoris-i-empreses-es-donaran-cita-a-infarma-madrid-2022\/\" \/>\n<meta property=\"og:site_name\" content=\"Col\u00b7legi de Farmac\u00e8utics de Barcelona\" \/>\n<meta property=\"article:publisher\" content=\"https:\/\/www.facebook.com\/farmaceuticsbcn\/\" \/>\n<meta property=\"article:published_time\" content=\"2022-02-11T11:40:00+00:00\" \/>\n<meta property=\"og:image\" content=\"https:\/\/novaorg.cofb.net\/wp-content\/uploads\/2022\/02\/e40322ff-a1a4-49a2-bc52-19f73954f3a6-P1ktKO.jpeg\" \/>\n\t<meta property=\"og:image:width\" content=\"852\" \/>\n\t<meta property=\"og:image:height\" content=\"300\" \/>\n\t<meta property=\"og:image:type\" content=\"image\/jpeg\" \/>\n<meta name=\"author\" content=\"wpAdminCofbOrg\" \/>\n<meta name=\"twitter:card\" content=\"summary_large_image\" \/>\n<meta name=\"twitter:creator\" content=\"@farmaceuticsbcn\" \/>\n<meta name=\"twitter:site\" content=\"@farmaceuticsbcn\" \/>\n<meta name=\"twitter:label1\" content=\"Escrito por\" \/>\n\t<meta name=\"twitter:data1\" content=\"wpAdminCofbOrg\" \/>\n\t<meta name=\"twitter:label2\" content=\"Tiempo de lectura\" \/>\n\t<meta name=\"twitter:data2\" content=\"5 minutos\" \/>\n<script type=\"application\/ld+json\" class=\"yoast-schema-graph\">{\"@context\":\"https:\/\/schema.org\",\"@graph\":[{\"@type\":\"Article\",\"@id\":\"https:\/\/novaorg.cofb.net\/2022\/02\/11\/mes-de-400-laboratoris-i-empreses-es-donaran-cita-a-infarma-madrid-2022\/#article\",\"isPartOf\":{\"@id\":\"https:\/\/novaorg.cofb.net\/2022\/02\/11\/mes-de-400-laboratoris-i-empreses-es-donaran-cita-a-infarma-madrid-2022\/\"},\"author\":{\"name\":\"wpAdminCofbOrg\",\"@id\":\"https:\/\/www.cofb.org\/#\/schema\/person\/22ed7eea88da74b0fa4d3154ad87ffcb\"},\"headline\":\"M\u00e9s de 400 laboratoris i empreses es donaran cita a &#8216;Infarma Madrid 2022&#8217;\",\"datePublished\":\"2022-02-11T11:40:00+00:00\",\"dateModified\":\"2022-02-11T11:40:00+00:00\",\"mainEntityOfPage\":{\"@id\":\"https:\/\/novaorg.cofb.net\/2022\/02\/11\/mes-de-400-laboratoris-i-empreses-es-donaran-cita-a-infarma-madrid-2022\/\"},\"wordCount\":962,\"publisher\":{\"@id\":\"https:\/\/www.cofb.org\/#organization\"},\"image\":{\"@id\":\"https:\/\/novaorg.cofb.net\/2022\/02\/11\/mes-de-400-laboratoris-i-empreses-es-donaran-cita-a-infarma-madrid-2022\/#primaryimage\"},\"thumbnailUrl\":\"https:\/\/www.cofb.org\/wp-content\/uploads\/2022\/02\/e40322ff-a1a4-49a2-bc52-19f73954f3a6-P1ktKO.jpeg\",\"articleSection\":[\"Notes de premsa\",\"Sense categoria\"],\"inLanguage\":\"es\"},{\"@type\":\"WebPage\",\"@id\":\"https:\/\/novaorg.cofb.net\/2022\/02\/11\/mes-de-400-laboratoris-i-empreses-es-donaran-cita-a-infarma-madrid-2022\/\",\"url\":\"https:\/\/novaorg.cofb.net\/2022\/02\/11\/mes-de-400-laboratoris-i-empreses-es-donaran-cita-a-infarma-madrid-2022\/\",\"name\":\"M\u00e9s de 400 laboratoris i empreses es donaran cita a 'Infarma Madrid 2022' - Col\u00b7legi de Farmac\u00e8utics de Barcelona\",\"isPartOf\":{\"@id\":\"https:\/\/www.cofb.org\/#website\"},\"primaryImageOfPage\":{\"@id\":\"https:\/\/novaorg.cofb.net\/2022\/02\/11\/mes-de-400-laboratoris-i-empreses-es-donaran-cita-a-infarma-madrid-2022\/#primaryimage\"},\"image\":{\"@id\":\"https:\/\/novaorg.cofb.net\/2022\/02\/11\/mes-de-400-laboratoris-i-empreses-es-donaran-cita-a-infarma-madrid-2022\/#primaryimage\"},\"thumbnailUrl\":\"https:\/\/www.cofb.org\/wp-content\/uploads\/2022\/02\/e40322ff-a1a4-49a2-bc52-19f73954f3a6-P1ktKO.jpeg\",\"datePublished\":\"2022-02-11T11:40:00+00:00\",\"dateModified\":\"2022-02-11T11:40:00+00:00\",\"breadcrumb\":{\"@id\":\"https:\/\/novaorg.cofb.net\/2022\/02\/11\/mes-de-400-laboratoris-i-empreses-es-donaran-cita-a-infarma-madrid-2022\/#breadcrumb\"},\"inLanguage\":\"es\",\"potentialAction\":[{\"@type\":\"ReadAction\",\"target\":[\"https:\/\/novaorg.cofb.net\/2022\/02\/11\/mes-de-400-laboratoris-i-empreses-es-donaran-cita-a-infarma-madrid-2022\/\"]}]},{\"@type\":\"ImageObject\",\"inLanguage\":\"es\",\"@id\":\"https:\/\/novaorg.cofb.net\/2022\/02\/11\/mes-de-400-laboratoris-i-empreses-es-donaran-cita-a-infarma-madrid-2022\/#primaryimage\",\"url\":\"https:\/\/www.cofb.org\/wp-content\/uploads\/2022\/02\/e40322ff-a1a4-49a2-bc52-19f73954f3a6-P1ktKO.jpeg\",\"contentUrl\":\"https:\/\/www.cofb.org\/wp-content\/uploads\/2022\/02\/e40322ff-a1a4-49a2-bc52-19f73954f3a6-P1ktKO.jpeg\",\"width\":852,\"height\":300},{\"@type\":\"BreadcrumbList\",\"@id\":\"https:\/\/novaorg.cofb.net\/2022\/02\/11\/mes-de-400-laboratoris-i-empreses-es-donaran-cita-a-infarma-madrid-2022\/#breadcrumb\",\"itemListElement\":[{\"@type\":\"ListItem\",\"position\":1,\"name\":\"Inici\",\"item\":\"https:\/\/novaorg.cofb.net\/\"},{\"@type\":\"ListItem\",\"position\":2,\"name\":\"M\u00e9s de 400 laboratoris i empreses es donaran cita a &#8216;Infarma Madrid 2022&#8217;\"}]},{\"@type\":\"WebSite\",\"@id\":\"https:\/\/www.cofb.org\/#website\",\"url\":\"https:\/\/www.cofb.org\/\",\"name\":\"Col\u00b7legi de Farmac\u00e8utics de Barcelona\",\"description\":\"\",\"publisher\":{\"@id\":\"https:\/\/www.cofb.org\/#organization\"},\"potentialAction\":[{\"@type\":\"SearchAction\",\"target\":{\"@type\":\"EntryPoint\",\"urlTemplate\":\"https:\/\/www.cofb.org\/?s={search_term_string}\"},\"query-input\":\"required name=search_term_string\"}],\"inLanguage\":\"es\"},{\"@type\":\"Organization\",\"@id\":\"https:\/\/www.cofb.org\/#organization\",\"name\":\"Col\u00b7legi de Farmac\u00e8utics de Barcelona\",\"url\":\"https:\/\/www.cofb.org\/\",\"logo\":{\"@type\":\"ImageObject\",\"inLanguage\":\"es\",\"@id\":\"https:\/\/www.cofb.org\/#\/schema\/logo\/image\/\",\"url\":\"https:\/\/www.cofb.org\/wp-content\/uploads\/2023\/11\/cropped-Logotip-COFB.png\",\"contentUrl\":\"https:\/\/www.cofb.org\/wp-content\/uploads\/2023\/11\/cropped-Logotip-COFB.png\",\"width\":500,\"height\":105,\"caption\":\"Col\u00b7legi de Farmac\u00e8utics de Barcelona\"},\"image\":{\"@id\":\"https:\/\/www.cofb.org\/#\/schema\/logo\/image\/\"},\"sameAs\":[\"https:\/\/www.facebook.com\/farmaceuticsbcn\/\",\"https:\/\/twitter.com\/farmaceuticsbcn\",\"https:\/\/www.instagram.com\/farmaceuticsbcn\/\",\"https:\/\/www.linkedin.com\/company\/farmaceuticsbcn\/\"]},{\"@type\":\"Person\",\"@id\":\"https:\/\/www.cofb.org\/#\/schema\/person\/22ed7eea88da74b0fa4d3154ad87ffcb\",\"name\":\"wpAdminCofbOrg\",\"image\":{\"@type\":\"ImageObject\",\"inLanguage\":\"es\",\"@id\":\"https:\/\/www.cofb.org\/#\/schema\/person\/image\/\",\"url\":\"https:\/\/secure.gravatar.com\/avatar\/1721b20b3b8ca882c3b56ec6c978c594fff670e40c0718e9190eaeeb76aae7d8?s=96&d=mm&r=g\",\"contentUrl\":\"https:\/\/secure.gravatar.com\/avatar\/1721b20b3b8ca882c3b56ec6c978c594fff670e40c0718e9190eaeeb76aae7d8?s=96&d=mm&r=g\",\"caption\":\"wpAdminCofbOrg\"},\"sameAs\":[\"http:\/\/192.168.64.122\/wordpress\"],\"url\":\"https:\/\/www.cofb.org\/es\/author\/wpadmincofborg\/\"}]}<\/script>\n<!-- \/ Yoast SEO plugin. -->","yoast_head_json":{"title":"M\u00e9s de 400 laboratoris i empreses es donaran cita a 'Infarma Madrid 2022' - Col\u00b7legi de Farmac\u00e8utics de Barcelona","robots":{"index":"index","follow":"follow","max-snippet":"max-snippet:-1","max-image-preview":"max-image-preview:large","max-video-preview":"max-video-preview:-1"},"canonical":"https:\/\/novaorg.cofb.net\/2022\/02\/11\/mes-de-400-laboratoris-i-empreses-es-donaran-cita-a-infarma-madrid-2022\/","og_locale":"es_ES","og_type":"article","og_title":"M\u00e9s de 400 laboratoris i empreses es donaran cita a 'Infarma Madrid 2022' - Col\u00b7legi de Farmac\u00e8utics de Barcelona","og_description":"\u00a0 El Congr\u00e9s i Sal\u00f3 de la farm\u00e0cia ultima una edici\u00f3 que recupera els nivells de convocat\u00f2ria i participaci\u00f3 anteriors a la pand\u00e8mia. Tres pavellons d&#8217;Ifema acolliran la zona comercial i congressual d&#8217;un esdeveniment convertit en el gran aparador del sector d&#8217;oficina de farm\u00e0cia a Espanya. \u00a0 A 40 dies [&hellip;]","og_url":"https:\/\/novaorg.cofb.net\/2022\/02\/11\/mes-de-400-laboratoris-i-empreses-es-donaran-cita-a-infarma-madrid-2022\/","og_site_name":"Col\u00b7legi de Farmac\u00e8utics de Barcelona","article_publisher":"https:\/\/www.facebook.com\/farmaceuticsbcn\/","article_published_time":"2022-02-11T11:40:00+00:00","og_image":[{"width":852,"height":300,"url":"https:\/\/novaorg.cofb.net\/wp-content\/uploads\/2022\/02\/e40322ff-a1a4-49a2-bc52-19f73954f3a6-P1ktKO.jpeg","type":"image\/jpeg"}],"author":"wpAdminCofbOrg","twitter_card":"summary_large_image","twitter_creator":"@farmaceuticsbcn","twitter_site":"@farmaceuticsbcn","twitter_misc":{"Escrito por":"wpAdminCofbOrg","Tiempo de lectura":"5 minutos"},"schema":{"@context":"https:\/\/schema.org","@graph":[{"@type":"Article","@id":"https:\/\/novaorg.cofb.net\/2022\/02\/11\/mes-de-400-laboratoris-i-empreses-es-donaran-cita-a-infarma-madrid-2022\/#article","isPartOf":{"@id":"https:\/\/novaorg.cofb.net\/2022\/02\/11\/mes-de-400-laboratoris-i-empreses-es-donaran-cita-a-infarma-madrid-2022\/"},"author":{"name":"wpAdminCofbOrg","@id":"https:\/\/www.cofb.org\/#\/schema\/person\/22ed7eea88da74b0fa4d3154ad87ffcb"},"headline":"M\u00e9s de 400 laboratoris i empreses es donaran cita a &#8216;Infarma Madrid 2022&#8217;","datePublished":"2022-02-11T11:40:00+00:00","dateModified":"2022-02-11T11:40:00+00:00","mainEntityOfPage":{"@id":"https:\/\/novaorg.cofb.net\/2022\/02\/11\/mes-de-400-laboratoris-i-empreses-es-donaran-cita-a-infarma-madrid-2022\/"},"wordCount":962,"publisher":{"@id":"https:\/\/www.cofb.org\/#organization"},"image":{"@id":"https:\/\/novaorg.cofb.net\/2022\/02\/11\/mes-de-400-laboratoris-i-empreses-es-donaran-cita-a-infarma-madrid-2022\/#primaryimage"},"thumbnailUrl":"https:\/\/www.cofb.org\/wp-content\/uploads\/2022\/02\/e40322ff-a1a4-49a2-bc52-19f73954f3a6-P1ktKO.jpeg","articleSection":["Notes de premsa","Sense categoria"],"inLanguage":"es"},{"@type":"WebPage","@id":"https:\/\/novaorg.cofb.net\/2022\/02\/11\/mes-de-400-laboratoris-i-empreses-es-donaran-cita-a-infarma-madrid-2022\/","url":"https:\/\/novaorg.cofb.net\/2022\/02\/11\/mes-de-400-laboratoris-i-empreses-es-donaran-cita-a-infarma-madrid-2022\/","name":"M\u00e9s de 400 laboratoris i empreses es donaran cita a 'Infarma Madrid 2022' - Col\u00b7legi de Farmac\u00e8utics de Barcelona","isPartOf":{"@id":"https:\/\/www.cofb.org\/#website"},"primaryImageOfPage":{"@id":"https:\/\/novaorg.cofb.net\/2022\/02\/11\/mes-de-400-laboratoris-i-empreses-es-donaran-cita-a-infarma-madrid-2022\/#primaryimage"},"image":{"@id":"https:\/\/novaorg.cofb.net\/2022\/02\/11\/mes-de-400-laboratoris-i-empreses-es-donaran-cita-a-infarma-madrid-2022\/#primaryimage"},"thumbnailUrl":"https:\/\/www.cofb.org\/wp-content\/uploads\/2022\/02\/e40322ff-a1a4-49a2-bc52-19f73954f3a6-P1ktKO.jpeg","datePublished":"2022-02-11T11:40:00+00:00","dateModified":"2022-02-11T11:40:00+00:00","breadcrumb":{"@id":"https:\/\/novaorg.cofb.net\/2022\/02\/11\/mes-de-400-laboratoris-i-empreses-es-donaran-cita-a-infarma-madrid-2022\/#breadcrumb"},"inLanguage":"es","potentialAction":[{"@type":"ReadAction","target":["https:\/\/novaorg.cofb.net\/2022\/02\/11\/mes-de-400-laboratoris-i-empreses-es-donaran-cita-a-infarma-madrid-2022\/"]}]},{"@type":"ImageObject","inLanguage":"es","@id":"https:\/\/novaorg.cofb.net\/2022\/02\/11\/mes-de-400-laboratoris-i-empreses-es-donaran-cita-a-infarma-madrid-2022\/#primaryimage","url":"https:\/\/www.cofb.org\/wp-content\/uploads\/2022\/02\/e40322ff-a1a4-49a2-bc52-19f73954f3a6-P1ktKO.jpeg","contentUrl":"https:\/\/www.cofb.org\/wp-content\/uploads\/2022\/02\/e40322ff-a1a4-49a2-bc52-19f73954f3a6-P1ktKO.jpeg","width":852,"height":300},{"@type":"BreadcrumbList","@id":"https:\/\/novaorg.cofb.net\/2022\/02\/11\/mes-de-400-laboratoris-i-empreses-es-donaran-cita-a-infarma-madrid-2022\/#breadcrumb","itemListElement":[{"@type":"ListItem","position":1,"name":"Inici","item":"https:\/\/novaorg.cofb.net\/"},{"@type":"ListItem","position":2,"name":"M\u00e9s de 400 laboratoris i empreses es donaran cita a &#8216;Infarma Madrid 2022&#8217;"}]},{"@type":"WebSite","@id":"https:\/\/www.cofb.org\/#website","url":"https:\/\/www.cofb.org\/","name":"Col\u00b7legi de Farmac\u00e8utics de Barcelona","description":"","publisher":{"@id":"https:\/\/www.cofb.org\/#organization"},"potentialAction":[{"@type":"SearchAction","target":{"@type":"EntryPoint","urlTemplate":"https:\/\/www.cofb.org\/?s={search_term_string}"},"query-input":"required name=search_term_string"}],"inLanguage":"es"},{"@type":"Organization","@id":"https:\/\/www.cofb.org\/#organization","name":"Col\u00b7legi de Farmac\u00e8utics de Barcelona","url":"https:\/\/www.cofb.org\/","logo":{"@type":"ImageObject","inLanguage":"es","@id":"https:\/\/www.cofb.org\/#\/schema\/logo\/image\/","url":"https:\/\/www.cofb.org\/wp-content\/uploads\/2023\/11\/cropped-Logotip-COFB.png","contentUrl":"https:\/\/www.cofb.org\/wp-content\/uploads\/2023\/11\/cropped-Logotip-COFB.png","width":500,"height":105,"caption":"Col\u00b7legi de Farmac\u00e8utics de Barcelona"},"image":{"@id":"https:\/\/www.cofb.org\/#\/schema\/logo\/image\/"},"sameAs":["https:\/\/www.facebook.com\/farmaceuticsbcn\/","https:\/\/twitter.com\/farmaceuticsbcn","https:\/\/www.instagram.com\/farmaceuticsbcn\/","https:\/\/www.linkedin.com\/company\/farmaceuticsbcn\/"]},{"@type":"Person","@id":"https:\/\/www.cofb.org\/#\/schema\/person\/22ed7eea88da74b0fa4d3154ad87ffcb","name":"wpAdminCofbOrg","image":{"@type":"ImageObject","inLanguage":"es","@id":"https:\/\/www.cofb.org\/#\/schema\/person\/image\/","url":"https:\/\/secure.gravatar.com\/avatar\/1721b20b3b8ca882c3b56ec6c978c594fff670e40c0718e9190eaeeb76aae7d8?s=96&d=mm&r=g","contentUrl":"https:\/\/secure.gravatar.com\/avatar\/1721b20b3b8ca882c3b56ec6c978c594fff670e40c0718e9190eaeeb76aae7d8?s=96&d=mm&r=g","caption":"wpAdminCofbOrg"},"sameAs":["http:\/\/192.168.64.122\/wordpress"],"url":"https:\/\/www.cofb.org\/es\/author\/wpadmincofborg\/"}]}},"uagb_featured_image_src":{"full":["https:\/\/www.cofb.org\/wp-content\/uploads\/2022\/02\/e40322ff-a1a4-49a2-bc52-19f73954f3a6-P1ktKO.jpeg",852,300,false],"thumbnail":["https:\/\/www.cofb.org\/wp-content\/uploads\/2022\/02\/e40322ff-a1a4-49a2-bc52-19f73954f3a6-P1ktKO-150x150.jpeg",150,150,true],"medium":["https:\/\/www.cofb.org\/wp-content\/uploads\/2022\/02\/e40322ff-a1a4-49a2-bc52-19f73954f3a6-P1ktKO-300x106.jpeg",300,106,true],"medium_large":["https:\/\/www.cofb.org\/wp-content\/uploads\/2022\/02\/e40322ff-a1a4-49a2-bc52-19f73954f3a6-P1ktKO-768x270.jpeg",768,270,true],"large":["https:\/\/www.cofb.org\/wp-content\/uploads\/2022\/02\/e40322ff-a1a4-49a2-bc52-19f73954f3a6-P1ktKO.jpeg",852,300,false],"1536x1536":["https:\/\/www.cofb.org\/wp-content\/uploads\/2022\/02\/e40322ff-a1a4-49a2-bc52-19f73954f3a6-P1ktKO.jpeg",852,300,false],"2048x2048":["https:\/\/www.cofb.org\/wp-content\/uploads\/2022\/02\/e40322ff-a1a4-49a2-bc52-19f73954f3a6-P1ktKO.jpeg",852,300,false],"trp-custom-language-flag":["https:\/\/www.cofb.org\/wp-content\/uploads\/2022\/02\/e40322ff-a1a4-49a2-bc52-19f73954f3a6-P1ktKO-18x6.jpeg",18,6,true]},"uagb_author_info":{"display_name":"wpAdminCofbOrg","author_link":"https:\/\/www.cofb.org\/es\/author\/wpadmincofborg\/"},"uagb_comment_info":0,"uagb_excerpt":"\u00a0 El Congr\u00e9s i Sal\u00f3 de la farm\u00e0cia ultima una edici\u00f3 que recupera els nivells de convocat\u00f2ria i participaci\u00f3 anteriors a la pand\u00e8mia. Tres pavellons d&#8217;Ifema acolliran la zona comercial i congressual d&#8217;un esdeveniment convertit en el gran aparador del sector d&#8217;oficina de farm\u00e0cia a Espanya. \u00a0 A 40 dies [&hellip;]","_links":{"self":[{"href":"https:\/\/www.cofb.org\/es\/wp-json\/wp\/v2\/posts\/77024","targetHints":{"allow":["GET"]}}],"collection":[{"href":"https:\/\/www.cofb.org\/es\/wp-json\/wp\/v2\/posts"}],"about":[{"href":"https:\/\/www.cofb.org\/es\/wp-json\/wp\/v2\/types\/post"}],"author":[{"embeddable":true,"href":"https:\/\/www.cofb.org\/es\/wp-json\/wp\/v2\/users\/1"}],"replies":[{"embeddable":true,"href":"https:\/\/www.cofb.org\/es\/wp-json\/wp\/v2\/comments?post=77024"}],"version-history":[{"count":0,"href":"https:\/\/www.cofb.org\/es\/wp-json\/wp\/v2\/posts\/77024\/revisions"}],"wp:featuredmedia":[{"embeddable":true,"href":"https:\/\/www.cofb.org\/es\/wp-json\/wp\/v2\/media\/77025"}],"wp:attachment":[{"href":"https:\/\/www.cofb.org\/es\/wp-json\/wp\/v2\/media?parent=77024"}],"wp:term":[{"taxonomy":"category","embeddable":true,"href":"https:\/\/www.cofb.org\/es\/wp-json\/wp\/v2\/categories?post=77024"},{"taxonomy":"post_tag","embeddable":true,"href":"https:\/\/www.cofb.org\/es\/wp-json\/wp\/v2\/tags?post=77024"}],"curies":[{"name":"wp","href":"https:\/\/api.w.org\/{rel}","templated":true}]}}