{"id":77022,"date":"2022-02-16T13:13:00","date_gmt":"2022-02-16T13:13:00","guid":{"rendered":"https:\/\/novaorg.cofb.net\/2022\/02\/16\/infarma-madrid-2022-obre-un-espai-de-debat-i-coneixement-cientific-al-voltant-del-sars-cov-2\/"},"modified":"2022-02-16T13:13:00","modified_gmt":"2022-02-16T13:13:00","slug":"infarma-madrid-2022-obre-un-espai-de-debat-i-coneixement-cientific-al-voltant-del-sars-cov-2","status":"publish","type":"post","link":"https:\/\/www.cofb.org\/es\/2022\/02\/16\/infarma-madrid-2022-obre-un-espai-de-debat-i-coneixement-cientific-al-voltant-del-sars-cov-2\/","title":{"rendered":"&#039;Infarma Madrid 2022&#039; abre un espacio de debate y conocimiento cient\u00edfico en torno al SARS-CoV-2"},"content":{"rendered":"<p>\u00a0<\/p>\n<ul>\n<li>El Congreso y Sal\u00f3n de la farmacia programa tres ponencias y una mesa redonda en la <em>Sala Espacio Debate COVID<\/em> para analizar de la mano de expertos e investigadores l\u00edderes los or\u00edgenes, la evoluci\u00f3n y las estrategias avanzadas para salir de la pandemia.<\/li>\n<\/ul>\n<p>\u00a0<\/p>\n<p><em>Madrid, 15 de febrero<\/em>. Infarma Madrid 2022 abrir\u00e1 un espacio de conocimiento y debate en el que destacados expertos y cient\u00edficos abordar\u00e1n las investigaciones en curso sobre el desarrollo de tratamientos y vacunas que pueden marcar el final de la actual emergencia sanitaria, presentar\u00e1n las estrategias puestas en marcha para hacer frente con \u00e9xito a virus respiratorios como el SARS-CoV-2 y dar\u00e1n respuesta a diversas preguntas sobre la evoluci\u00f3n de la pandemia.<\/p>\n<p><img decoding=\"async\" alt=\"\" src=\"https:\/\/www.cofb.org\/documents\/10136\/1091470\/sala_espacio_debate_covid+%281%29.jpg\/7b9980e4-f2c6-40ab-910f-e869432c914e?t=1645013579524\"><\/p>\n<p>El programa cient\u00edfico del Congreso y Sal\u00f3n de la farmacia que organizan los Colegios Oficiales de Farmac\u00e9uticos de Madrid y Barcelona, en colaboraci\u00f3n con Interalia, incluye tres ponencias y una mesa redonda que se celebrar\u00e1n en la Sala Espai Debat COVID, abierta al pabell\u00f3n 5 del recinto ferial de Ifema.<\/p>\n<p>Luis Enjuanes, profesor de Investigaci\u00f3n del CSIC y jefe del laboratorio de coronavirus del Centro Nacional de Biotecnolog\u00eda (CNB-CSIC), ser\u00e1 el primero en analizar, el martes 22 de marzo, <em><strong>el origen y evoluci\u00f3n de la pandemia por SARS-CoV-2: desarrollo de vacunas<\/strong><\/em>. El investigador describir\u00e1, en su ponencia, la habilidad de los coronavirus para cruzar la barrera de las especias y la necesidad de encontrar el origen del SARS-CoV-2. Asimismo, revisar\u00e1 una comparaci\u00f3n de los tres coronavirus mortales por las personas, junto con las bases moleculares de su patogenicidad, y el desarrollo de vacunas para prevenir la infecci\u00f3n por coronavirus.<\/p>\n<p>En este mismo escenario, el 23 de marzo tendr\u00e1 lugar la mesa redonda Present y futuro del SARS-CoV-2. \u00bfDe pandemia a endemia? Con la moderaci\u00f3n del divulgador cient\u00edfico de RNE, <strong>Manuel Seara<\/strong>, intervendr\u00e1n como ponentes <strong>Julio Mayol<\/strong>, director m\u00e9dico del Hospital Cl\u00ednico San Carlos de Madrid; <strong>Jose Antonio L\u00f3pez<\/strong>, director de Neurovirolog\u00eda de la Universidad Aut\u00f3noma de Madrid; <strong>Olga Mediano<\/strong>, neum\u00f3loga del Hospital Universitario de Guadalajara y miembro de la Sociedad Espa\u00f1ola de Neumolog\u00eda y Cirug\u00eda Tor\u00e1cica; <strong>Alfredo Corell Almuzara<\/strong>, catedr\u00e1tico de Inmunolog\u00eda y vicerrector de Innovaci\u00f3n Docente y Transformaci\u00f3n Digital de la Universidad de Valladolid; y <strong>Juan Torres<\/strong>, jefe de servicio de Medicina Interna del Hospital Universitario Infanta Leonor-Virgen De la Torre.<\/p>\n<p>Por la tarde, el doctor <strong>Urtzi Garaigorta de Dios<\/strong>, investigador Ram\u00f3n y Cajal en el Centro Nacional de Biotecnolog\u00eda (CNB), codirector y cocoordinador de las plataformas de b\u00fasquedas de antivirales del CNB y de la PTI+ Salud Global del CSIC, presentar\u00e1 a su <strong>ponencia <em>Plataforma de cribado de mol\u00e9culas antivirales frente al SARS-CoV-2 y otros virus<\/em><\/strong> c\u00f3mo surgi\u00f3 esta iniciativa de b\u00fasqueda de antivirales y la gran respuesta cient\u00edfica y colaborativa que ha obtenido. Adelantar\u00e1 algunos de los resultados m\u00e1s interesantes que est\u00e1n consiguiendo y expondr\u00e1 las perspectivas a medio y largo plazo abiertas por este tipo de plataformas, que permitir\u00e1n estar mejor preparados frente a futuras pandemias.<\/p>\n<p>Por \u00faltimo, <strong>Mar\u00eda de la Monta\u00f1a Iglesias<\/strong>, investigadora del Laboratorio de Referencia de Gripe y Virus Respiratorios del Centro Nacional de Microbiolog\u00eda (CNM), perteneciente al Instituto de Salud Carlos III, ofrecer\u00e1 su visi\u00f3n experta de la <em>Gesti\u00f3n de una pandemia: Coronavirus, paradigma de control de pandemias<\/em>. Adem\u00e1s de realizar un repaso hist\u00f3rico de pandemias previas asociadas a virus respiratorios oa situaciones que generaron una alerta sanitaria, presentar\u00e1 las estrategias de respuesta y las metodolog\u00edas que incluyen los abordajes cl\u00e1sicos de estudio de virus hasta el desarrollo de nuevas t\u00e9cnicas de secuenciaci\u00f3n del virus SARS-CoV-2 que han supuesto una innovaci\u00f3n en los sistemas de vigilancia de virus respiratorios. Mostrar\u00e1 tambi\u00e9n las aproximaciones realizadas por el Laboratorio de Referencia e Investigaci\u00f3n del ISCIII para afrontar este reto de salud p\u00fablica y el desarrollo de la Red de Laboratorios de secuenciaci\u00f3n gen\u00f3mica del SARS-CoV-2 a trav\u00e9s del Programa HERA-Incubator.<\/p>\n<h3>Acerca de Infarma Madrid 2022<\/h3>\n<p>El Congreso Europeo de Oficina de Farmacia es una cita profesional reconocida de inter\u00e9s sanitario por parte del Ministerio de Sanidad. En su \u00faltima edici\u00f3n de 2018 en Madrid, ya que Infarma 2020 qued\u00f3 en suspenso ante la irrupci\u00f3n de la pandemia, reuni\u00f3 a 33.850 visitantes ya 3.450 congresistas. Desde que los Colegios Farmac\u00e9uticos de Madrid y Barcelona decidieron colaborar para organizar Infarma de forma conjunta junto a Interalia, el crecimiento del Congreso y Sal\u00f3n ha sido sostenido en cada edici\u00f3n. Si en 2012, fecha del primer encuentro conjunto, se logr\u00f3 reunir a 2.356 congresistas y 21.000 visitantes, la \u00faltima edici\u00f3n de Barcelona de 2019 se cerr\u00f3 con un balance de 3.480 congresistas y 33.770 visitantes, un 47 por ciento m\u00e1s de congresistas un 60 por ciento m\u00e1s de profesionales. Son algunas de las grandes cifras de un Congreso que en el 2018 logr\u00f3, adem\u00e1s, un nuevo r\u00e9cord de espacio ferial al contratar 35.000 metros cuadrados, as\u00ed como de expositores, con 387 empresas y laboratorios presentes.<\/p>\n<p>\u00a0El Congreso y Sal\u00f3n de la farmacia programa tres ponencias y una mesa redonda en la Sala Espai Debat COVID para analizar de la mano de expertos e investigadores l\u00edderes los or\u00edgenes, la evoluci\u00f3n y las estrategias avanzadas para salir de la pandemia.<\/p>\n<p>\u00a0<\/p>\n<p>Madrid, 15 de febrero. Infarma Madrid 2022 abrir\u00e1 un espacio de conocimiento y debate en el que destacados expertos y cient\u00edficos abordar\u00e1n las investigaciones en curso sobre el desarrollo de tratamientos y vacunas que pueden marcar el final de la actual emergencia sanitaria, presentar\u00e1n las estrategias puestas en marcha para hacer frente con \u00e9xito a virus respiratorios como el SARS-CoV-2 y dar\u00e1n respuesta a diversas preguntas sobre la evoluci\u00f3n de la pandemia.<\/p>\n<p>El programa cient\u00edfico del Congreso y Sal\u00f3n de la farmacia que organizan los Colegios Oficiales de Farmac\u00e9uticos de Madrid y Barcelona, en colaboraci\u00f3n con Interalia, incluye tres ponencias y una mesa redonda que se celebrar\u00e1n en la Sala Espai Debat COVID, abierta al pabell\u00f3n 5 del recinto ferial de Ifema.<\/p>\n<p>Luis Enjuanes, profesor de Investigaci\u00f3n del CSIC y jefe del laboratorio de coronavirus del Centro Nacional de Biotecnolog\u00eda (CNB-CSIC), ser\u00e1 el primero en analizar, el martes 22 de marzo, el origen y evoluci\u00f3n de la pandemia por SARS-CoV -2: desarrollo de vacunas. El investigador describir\u00e1, en su ponencia, la habilidad de los coronavirus para cruzar la barrera de las especias y la necesidad de encontrar el origen del SARS-CoV-2. Asimismo, revisar\u00e1 una comparaci\u00f3n de los tres coronavirus mortales por las personas, junto con las bases moleculares de su patogenicidad, y el desarrollo de vacunas para prevenir la infecci\u00f3n por coronavirus.<\/p>\n<p>En este mismo escenario, el 23 de marzo tendr\u00e1 lugar la mesa redonda Present y futuro del SARS-CoV-2. \u00bfDe pandemia a endemia? Con la moderaci\u00f3n del divulgador cient\u00edfico de RNE, Manuel Seara, intervendr\u00e1n como ponentes a Julio Mayol, director m\u00e9dico del Hospital Cl\u00ednico San Carlos de Madrid; Jose Antonio L\u00f3pez, director de Neurovirolog\u00eda de la Universidad Aut\u00f3noma de Madrid; Olga Mediano, neum\u00f3loga del Hospital Universitario de Guadalajara y miembro de la Sociedad Espa\u00f1ola de Neumolog\u00eda y Cirug\u00eda Tor\u00e1cica; Alfredo Corell Almuzara, catedr\u00e1tico de Inmunolog\u00eda y vicerrector de Innovaci\u00f3n Docente y Transformaci\u00f3n Digital de la Universidad de Valladolid; y Juan Torres, jefe de servicio de Medicina Interna del Hospital Universitario Infanta Leonor-Virgen De la Torre.<\/p>\n<p>Por la tarde, el doctor Urtzi Garaigorta de Dios, investigador Ram\u00f3n y Cajal en el Centro Nacional de Biotecnolog\u00eda (CNB), codirector y cocoordinador de las plataformas de b\u00fasquedas de antivirales del CNB y de la PTI+ Salud Global del CSIC, presentar\u00e1 en su ponencia Plataforma de cribado de mol\u00e9culas antivirales frente al SARS-CoV-2 y otros virus como surgi\u00f3 esta iniciativa de b\u00fasqueda de antivirales y la gran respuesta cient\u00edfica y colaborativa que ha obtenido. Adelantar\u00e1 algunos de los resultados m\u00e1s interesantes que est\u00e1n consiguiendo y expondr\u00e1 las perspectivas a medio y largo plazo abiertas por este tipo de plataformas, que permitir\u00e1n estar mejor preparados frente a futuras pandemias.<\/p>\n<p>Por \u00faltimo, Mar\u00eda de la Monta\u00f1a Iglesias, investigadora del Laboratorio de Referencia de Gripe y Virus Respiratorios del Centro Nacional de Microbiolog\u00eda (CNM), perteneciente al Instituto de Salud Carlos III, ofrecer\u00e1 su visi\u00f3n experta de la Gesti\u00f3n de una pandemia: Coronavirus, paradigma de control de pandemias. Adem\u00e1s de realizar un repaso hist\u00f3rico de pandemias previas asociadas a virus respiratorios oa situaciones que generaron una alerta sanitaria, presentar\u00e1 las estrategias de respuesta y las metodolog\u00edas que incluyen los abordajes cl\u00e1sicos de estudio de virus hasta el desarrollo de nuevas t\u00e9cnicas de secuenciaci\u00f3n del virus SARS-CoV-2 que han supuesto una innovaci\u00f3n en los sistemas de vigilancia de virus respiratorios. Mostrar\u00e1 tambi\u00e9n las aproximaciones realizadas por el Laboratorio de Referencia e Investigaci\u00f3n del ISCIII para afrontar este reto de salud p\u00fablica y el desarrollo de la Red de Laboratorios de secuenciaci\u00f3n gen\u00f3mica del SARS-CoV-2 a trav\u00e9s del Programa HERA-Incubator.<\/p>\n<p>Acerca de Infarma Madrid 2022<\/p>\n<p>El Congreso Europeo de Oficina de Farmacia es una cita profesional reconocida de inter\u00e9s sanitario por parte del Ministerio de Sanidad. En su \u00faltima edici\u00f3n de 2018 en Madrid, ya que Infarma 2020 qued\u00f3 en suspenso ante la irrupci\u00f3n de la pandemia, reuni\u00f3 a 33.850 visitantes ya 3.450 congresistas. Desde que los Colegios Farmac\u00e9uticos de Madrid y Barcelona decidieron colaborar para organizar Infarma de forma conjunta junto a Interalia, el crecimiento del Congreso y Sal\u00f3n ha sido sostenido en cada edici\u00f3n. Si en 2012, fecha del primer encuentro conjunto, se logr\u00f3 reunir a 2.356 congresistas y 21.000 visitantes, la \u00faltima edici\u00f3n de Barcelona de 2019 se cerr\u00f3 con un balance de 3.480 congresistas y 33.770 visitantes, un 47 por ciento m\u00e1s de congresistas un 60 por ciento m\u00e1s de profesionales. Son algunas de las grandes cifras de un Congreso que en el 2018 logr\u00f3, adem\u00e1s, un nuevo r\u00e9cord de espacio ferial al contratar 35.000 metros cuadrados, as\u00ed como de expositores, con 387 empresas y laboratorios presentes.  COFB.ORG<\/p>","protected":false},"excerpt":{"rendered":"<p>\u00a0 El Congreso y Sal\u00f3n de la farmacia programa tres ponencias y una mesa redonda en la Sala Espai Debat COVID para analizar de la mano de expertos e investigadores l\u00edderes los or\u00edgenes, la evoluci\u00f3n y las estrategias avanzadas para salir de la pandemia.  Madrid, 15 de febrero. Infarma Madrid 2022 [\u2026]<\/p>","protected":false},"author":1,"featured_media":77023,"comment_status":"","ping_status":"","sticky":false,"template":"","format":"standard","meta":{"_uag_custom_page_level_css":"","site-sidebar-layout":"default","site-content-layout":"","ast-site-content-layout":"default","site-content-style":"default","site-sidebar-style":"default","ast-global-header-display":"","ast-banner-title-visibility":"","ast-main-header-display":"","ast-hfb-above-header-display":"","ast-hfb-below-header-display":"","ast-hfb-mobile-header-display":"","site-post-title":"","ast-breadcrumbs-content":"","ast-featured-img":"disabled","footer-sml-layout":"","theme-transparent-header-meta":"","adv-header-id-meta":"","stick-header-meta":"","header-above-stick-meta":"","header-main-stick-meta":"","header-below-stick-meta":"","astra-migrate-meta-layouts":"default","ast-page-background-enabled":"default","ast-page-background-meta":{"desktop":{"background-color":"var(--ast-global-color-4)","background-image":"","background-repeat":"repeat","background-position":"center center","background-size":"auto","background-attachment":"scroll","background-type":"","background-media":"","overlay-type":"","overlay-color":"","overlay-opacity":"","overlay-gradient":""},"tablet":{"background-color":"","background-image":"","background-repeat":"repeat","background-position":"center center","background-size":"auto","background-attachment":"scroll","background-type":"","background-media":"","overlay-type":"","overlay-color":"","overlay-opacity":"","overlay-gradient":""},"mobile":{"background-color":"","background-image":"","background-repeat":"repeat","background-position":"center center","background-size":"auto","background-attachment":"scroll","background-type":"","background-media":"","overlay-type":"","overlay-color":"","overlay-opacity":"","overlay-gradient":""}},"ast-content-background-meta":{"desktop":{"background-color":"var(--ast-global-color-5)","background-image":"","background-repeat":"repeat","background-position":"center center","background-size":"auto","background-attachment":"scroll","background-type":"","background-media":"","overlay-type":"","overlay-color":"","overlay-opacity":"","overlay-gradient":""},"tablet":{"background-color":"var(--ast-global-color-5)","background-image":"","background-repeat":"repeat","background-position":"center center","background-size":"auto","background-attachment":"scroll","background-type":"","background-media":"","overlay-type":"","overlay-color":"","overlay-opacity":"","overlay-gradient":""},"mobile":{"background-color":"var(--ast-global-color-5)","background-image":"","background-repeat":"repeat","background-position":"center center","background-size":"auto","background-attachment":"scroll","background-type":"","background-media":"","overlay-type":"","overlay-color":"","overlay-opacity":"","overlay-gradient":""}},"footnotes":""},"categories":[1060,1066],"tags":[],"class_list":["post-77022","post","type-post","status-publish","format-standard","has-post-thumbnail","hentry","category-notes-premsa","category-sense-categoria-ca"],"yoast_head":"<!-- This site is optimized with the Yoast SEO plugin v22.4 - https:\/\/yoast.com\/wordpress\/plugins\/seo\/ -->\n<title>\u2018Infarma Madrid 2022\u2019 obre un espai de debat i coneixement cient\u00edfic al voltant del SARS-CoV-2 - Col\u00b7legi de Farmac\u00e8utics de Barcelona<\/title>\n<meta name=\"robots\" content=\"index, follow, max-snippet:-1, max-image-preview:large, max-video-preview:-1\" \/>\n<link rel=\"canonical\" href=\"https:\/\/novaorg.cofb.net\/2022\/02\/16\/infarma-madrid-2022-obre-un-espai-de-debat-i-coneixement-cientific-al-voltant-del-sars-cov-2\/\" \/>\n<meta property=\"og:locale\" content=\"es_ES\" \/>\n<meta property=\"og:type\" content=\"article\" \/>\n<meta property=\"og:title\" content=\"\u2018Infarma Madrid 2022\u2019 obre un espai de debat i coneixement cient\u00edfic al voltant del SARS-CoV-2 - Col\u00b7legi de Farmac\u00e8utics de Barcelona\" \/>\n<meta property=\"og:description\" content=\"\u00a0 El Congr\u00e9s i Sal\u00f3 de la farm\u00e0cia programa tres pon\u00e8ncies i una taula rodona a la Sala Espai Debat COVID per analitzar de la m\u00e0 d&#8217;experts i investigadors capdavanters els or\u00edgens, l&#8217;evoluci\u00f3 i les estrat\u00e8gies avan\u00e7ades per\u00a0 sortir de la pand\u00e8mia. \u00a0 Madrid, 15 de febrer. Infarma Madrid 2022 [&hellip;]\" \/>\n<meta property=\"og:url\" content=\"https:\/\/novaorg.cofb.net\/2022\/02\/16\/infarma-madrid-2022-obre-un-espai-de-debat-i-coneixement-cientific-al-voltant-del-sars-cov-2\/\" \/>\n<meta property=\"og:site_name\" content=\"Col\u00b7legi de Farmac\u00e8utics de Barcelona\" \/>\n<meta property=\"article:publisher\" content=\"https:\/\/www.facebook.com\/farmaceuticsbcn\/\" \/>\n<meta property=\"article:published_time\" content=\"2022-02-16T13:13:00+00:00\" \/>\n<meta property=\"og:image\" content=\"https:\/\/novaorg.cofb.net\/wp-content\/uploads\/2022\/02\/7b9980e4-f2c6-40ab-910f-e869432c914e-2Auwpr.jpeg\" \/>\n\t<meta property=\"og:image:width\" content=\"852\" \/>\n\t<meta property=\"og:image:height\" content=\"300\" \/>\n\t<meta property=\"og:image:type\" content=\"image\/jpeg\" \/>\n<meta name=\"author\" content=\"wpAdminCofbOrg\" \/>\n<meta name=\"twitter:card\" content=\"summary_large_image\" \/>\n<meta name=\"twitter:creator\" content=\"@farmaceuticsbcn\" \/>\n<meta name=\"twitter:site\" content=\"@farmaceuticsbcn\" \/>\n<meta name=\"twitter:label1\" content=\"Escrito por\" \/>\n\t<meta name=\"twitter:data1\" content=\"wpAdminCofbOrg\" \/>\n\t<meta name=\"twitter:label2\" content=\"Tiempo de lectura\" \/>\n\t<meta name=\"twitter:data2\" content=\"9 minutos\" \/>\n<script type=\"application\/ld+json\" class=\"yoast-schema-graph\">{\"@context\":\"https:\/\/schema.org\",\"@graph\":[{\"@type\":\"Article\",\"@id\":\"https:\/\/novaorg.cofb.net\/2022\/02\/16\/infarma-madrid-2022-obre-un-espai-de-debat-i-coneixement-cientific-al-voltant-del-sars-cov-2\/#article\",\"isPartOf\":{\"@id\":\"https:\/\/novaorg.cofb.net\/2022\/02\/16\/infarma-madrid-2022-obre-un-espai-de-debat-i-coneixement-cientific-al-voltant-del-sars-cov-2\/\"},\"author\":{\"name\":\"wpAdminCofbOrg\",\"@id\":\"https:\/\/www.cofb.org\/#\/schema\/person\/22ed7eea88da74b0fa4d3154ad87ffcb\"},\"headline\":\"\u2018Infarma Madrid 2022\u2019 obre un espai de debat i coneixement cient\u00edfic al voltant del SARS-CoV-2\",\"datePublished\":\"2022-02-16T13:13:00+00:00\",\"dateModified\":\"2022-02-16T13:13:00+00:00\",\"mainEntityOfPage\":{\"@id\":\"https:\/\/novaorg.cofb.net\/2022\/02\/16\/infarma-madrid-2022-obre-un-espai-de-debat-i-coneixement-cientific-al-voltant-del-sars-cov-2\/\"},\"wordCount\":1767,\"publisher\":{\"@id\":\"https:\/\/www.cofb.org\/#organization\"},\"image\":{\"@id\":\"https:\/\/novaorg.cofb.net\/2022\/02\/16\/infarma-madrid-2022-obre-un-espai-de-debat-i-coneixement-cientific-al-voltant-del-sars-cov-2\/#primaryimage\"},\"thumbnailUrl\":\"https:\/\/www.cofb.org\/wp-content\/uploads\/2022\/02\/7b9980e4-f2c6-40ab-910f-e869432c914e-2Auwpr.jpeg\",\"articleSection\":[\"Notes de premsa\",\"Sense categoria\"],\"inLanguage\":\"es\"},{\"@type\":\"WebPage\",\"@id\":\"https:\/\/novaorg.cofb.net\/2022\/02\/16\/infarma-madrid-2022-obre-un-espai-de-debat-i-coneixement-cientific-al-voltant-del-sars-cov-2\/\",\"url\":\"https:\/\/novaorg.cofb.net\/2022\/02\/16\/infarma-madrid-2022-obre-un-espai-de-debat-i-coneixement-cientific-al-voltant-del-sars-cov-2\/\",\"name\":\"\u2018Infarma Madrid 2022\u2019 obre un espai de debat i coneixement cient\u00edfic al voltant del SARS-CoV-2 - Col\u00b7legi de Farmac\u00e8utics de Barcelona\",\"isPartOf\":{\"@id\":\"https:\/\/www.cofb.org\/#website\"},\"primaryImageOfPage\":{\"@id\":\"https:\/\/novaorg.cofb.net\/2022\/02\/16\/infarma-madrid-2022-obre-un-espai-de-debat-i-coneixement-cientific-al-voltant-del-sars-cov-2\/#primaryimage\"},\"image\":{\"@id\":\"https:\/\/novaorg.cofb.net\/2022\/02\/16\/infarma-madrid-2022-obre-un-espai-de-debat-i-coneixement-cientific-al-voltant-del-sars-cov-2\/#primaryimage\"},\"thumbnailUrl\":\"https:\/\/www.cofb.org\/wp-content\/uploads\/2022\/02\/7b9980e4-f2c6-40ab-910f-e869432c914e-2Auwpr.jpeg\",\"datePublished\":\"2022-02-16T13:13:00+00:00\",\"dateModified\":\"2022-02-16T13:13:00+00:00\",\"breadcrumb\":{\"@id\":\"https:\/\/novaorg.cofb.net\/2022\/02\/16\/infarma-madrid-2022-obre-un-espai-de-debat-i-coneixement-cientific-al-voltant-del-sars-cov-2\/#breadcrumb\"},\"inLanguage\":\"es\",\"potentialAction\":[{\"@type\":\"ReadAction\",\"target\":[\"https:\/\/novaorg.cofb.net\/2022\/02\/16\/infarma-madrid-2022-obre-un-espai-de-debat-i-coneixement-cientific-al-voltant-del-sars-cov-2\/\"]}]},{\"@type\":\"ImageObject\",\"inLanguage\":\"es\",\"@id\":\"https:\/\/novaorg.cofb.net\/2022\/02\/16\/infarma-madrid-2022-obre-un-espai-de-debat-i-coneixement-cientific-al-voltant-del-sars-cov-2\/#primaryimage\",\"url\":\"https:\/\/www.cofb.org\/wp-content\/uploads\/2022\/02\/7b9980e4-f2c6-40ab-910f-e869432c914e-2Auwpr.jpeg\",\"contentUrl\":\"https:\/\/www.cofb.org\/wp-content\/uploads\/2022\/02\/7b9980e4-f2c6-40ab-910f-e869432c914e-2Auwpr.jpeg\",\"width\":852,\"height\":300},{\"@type\":\"BreadcrumbList\",\"@id\":\"https:\/\/novaorg.cofb.net\/2022\/02\/16\/infarma-madrid-2022-obre-un-espai-de-debat-i-coneixement-cientific-al-voltant-del-sars-cov-2\/#breadcrumb\",\"itemListElement\":[{\"@type\":\"ListItem\",\"position\":1,\"name\":\"Inici\",\"item\":\"https:\/\/novaorg.cofb.net\/\"},{\"@type\":\"ListItem\",\"position\":2,\"name\":\"\u2018Infarma Madrid 2022\u2019 obre un espai de debat i coneixement cient\u00edfic al voltant del SARS-CoV-2\"}]},{\"@type\":\"WebSite\",\"@id\":\"https:\/\/www.cofb.org\/#website\",\"url\":\"https:\/\/www.cofb.org\/\",\"name\":\"Col\u00b7legi de Farmac\u00e8utics de Barcelona\",\"description\":\"\",\"publisher\":{\"@id\":\"https:\/\/www.cofb.org\/#organization\"},\"potentialAction\":[{\"@type\":\"SearchAction\",\"target\":{\"@type\":\"EntryPoint\",\"urlTemplate\":\"https:\/\/www.cofb.org\/?s={search_term_string}\"},\"query-input\":\"required name=search_term_string\"}],\"inLanguage\":\"es\"},{\"@type\":\"Organization\",\"@id\":\"https:\/\/www.cofb.org\/#organization\",\"name\":\"Col\u00b7legi de Farmac\u00e8utics de Barcelona\",\"url\":\"https:\/\/www.cofb.org\/\",\"logo\":{\"@type\":\"ImageObject\",\"inLanguage\":\"es\",\"@id\":\"https:\/\/www.cofb.org\/#\/schema\/logo\/image\/\",\"url\":\"https:\/\/www.cofb.org\/wp-content\/uploads\/2023\/11\/cropped-Logotip-COFB.png\",\"contentUrl\":\"https:\/\/www.cofb.org\/wp-content\/uploads\/2023\/11\/cropped-Logotip-COFB.png\",\"width\":500,\"height\":105,\"caption\":\"Col\u00b7legi de Farmac\u00e8utics de Barcelona\"},\"image\":{\"@id\":\"https:\/\/www.cofb.org\/#\/schema\/logo\/image\/\"},\"sameAs\":[\"https:\/\/www.facebook.com\/farmaceuticsbcn\/\",\"https:\/\/twitter.com\/farmaceuticsbcn\",\"https:\/\/www.instagram.com\/farmaceuticsbcn\/\",\"https:\/\/www.linkedin.com\/company\/farmaceuticsbcn\/\"]},{\"@type\":\"Person\",\"@id\":\"https:\/\/www.cofb.org\/#\/schema\/person\/22ed7eea88da74b0fa4d3154ad87ffcb\",\"name\":\"wpAdminCofbOrg\",\"image\":{\"@type\":\"ImageObject\",\"inLanguage\":\"es\",\"@id\":\"https:\/\/www.cofb.org\/#\/schema\/person\/image\/\",\"url\":\"https:\/\/secure.gravatar.com\/avatar\/1721b20b3b8ca882c3b56ec6c978c594fff670e40c0718e9190eaeeb76aae7d8?s=96&d=mm&r=g\",\"contentUrl\":\"https:\/\/secure.gravatar.com\/avatar\/1721b20b3b8ca882c3b56ec6c978c594fff670e40c0718e9190eaeeb76aae7d8?s=96&d=mm&r=g\",\"caption\":\"wpAdminCofbOrg\"},\"sameAs\":[\"http:\/\/192.168.64.122\/wordpress\"],\"url\":\"https:\/\/www.cofb.org\/es\/author\/wpadmincofborg\/\"}]}<\/script>\n<!-- \/ Yoast SEO plugin. -->","yoast_head_json":{"title":"\u2018Infarma Madrid 2022\u2019 obre un espai de debat i coneixement cient\u00edfic al voltant del SARS-CoV-2 - Col\u00b7legi de Farmac\u00e8utics de Barcelona","robots":{"index":"index","follow":"follow","max-snippet":"max-snippet:-1","max-image-preview":"max-image-preview:large","max-video-preview":"max-video-preview:-1"},"canonical":"https:\/\/novaorg.cofb.net\/2022\/02\/16\/infarma-madrid-2022-obre-un-espai-de-debat-i-coneixement-cientific-al-voltant-del-sars-cov-2\/","og_locale":"es_ES","og_type":"article","og_title":"\u2018Infarma Madrid 2022\u2019 obre un espai de debat i coneixement cient\u00edfic al voltant del SARS-CoV-2 - Col\u00b7legi de Farmac\u00e8utics de Barcelona","og_description":"\u00a0 El Congr\u00e9s i Sal\u00f3 de la farm\u00e0cia programa tres pon\u00e8ncies i una taula rodona a la Sala Espai Debat COVID per analitzar de la m\u00e0 d&#8217;experts i investigadors capdavanters els or\u00edgens, l&#8217;evoluci\u00f3 i les estrat\u00e8gies avan\u00e7ades per\u00a0 sortir de la pand\u00e8mia. \u00a0 Madrid, 15 de febrer. Infarma Madrid 2022 [&hellip;]","og_url":"https:\/\/novaorg.cofb.net\/2022\/02\/16\/infarma-madrid-2022-obre-un-espai-de-debat-i-coneixement-cientific-al-voltant-del-sars-cov-2\/","og_site_name":"Col\u00b7legi de Farmac\u00e8utics de Barcelona","article_publisher":"https:\/\/www.facebook.com\/farmaceuticsbcn\/","article_published_time":"2022-02-16T13:13:00+00:00","og_image":[{"width":852,"height":300,"url":"https:\/\/novaorg.cofb.net\/wp-content\/uploads\/2022\/02\/7b9980e4-f2c6-40ab-910f-e869432c914e-2Auwpr.jpeg","type":"image\/jpeg"}],"author":"wpAdminCofbOrg","twitter_card":"summary_large_image","twitter_creator":"@farmaceuticsbcn","twitter_site":"@farmaceuticsbcn","twitter_misc":{"Escrito por":"wpAdminCofbOrg","Tiempo de lectura":"9 minutos"},"schema":{"@context":"https:\/\/schema.org","@graph":[{"@type":"Article","@id":"https:\/\/novaorg.cofb.net\/2022\/02\/16\/infarma-madrid-2022-obre-un-espai-de-debat-i-coneixement-cientific-al-voltant-del-sars-cov-2\/#article","isPartOf":{"@id":"https:\/\/novaorg.cofb.net\/2022\/02\/16\/infarma-madrid-2022-obre-un-espai-de-debat-i-coneixement-cientific-al-voltant-del-sars-cov-2\/"},"author":{"name":"wpAdminCofbOrg","@id":"https:\/\/www.cofb.org\/#\/schema\/person\/22ed7eea88da74b0fa4d3154ad87ffcb"},"headline":"\u2018Infarma Madrid 2022\u2019 obre un espai de debat i coneixement cient\u00edfic al voltant del SARS-CoV-2","datePublished":"2022-02-16T13:13:00+00:00","dateModified":"2022-02-16T13:13:00+00:00","mainEntityOfPage":{"@id":"https:\/\/novaorg.cofb.net\/2022\/02\/16\/infarma-madrid-2022-obre-un-espai-de-debat-i-coneixement-cientific-al-voltant-del-sars-cov-2\/"},"wordCount":1767,"publisher":{"@id":"https:\/\/www.cofb.org\/#organization"},"image":{"@id":"https:\/\/novaorg.cofb.net\/2022\/02\/16\/infarma-madrid-2022-obre-un-espai-de-debat-i-coneixement-cientific-al-voltant-del-sars-cov-2\/#primaryimage"},"thumbnailUrl":"https:\/\/www.cofb.org\/wp-content\/uploads\/2022\/02\/7b9980e4-f2c6-40ab-910f-e869432c914e-2Auwpr.jpeg","articleSection":["Notes de premsa","Sense categoria"],"inLanguage":"es"},{"@type":"WebPage","@id":"https:\/\/novaorg.cofb.net\/2022\/02\/16\/infarma-madrid-2022-obre-un-espai-de-debat-i-coneixement-cientific-al-voltant-del-sars-cov-2\/","url":"https:\/\/novaorg.cofb.net\/2022\/02\/16\/infarma-madrid-2022-obre-un-espai-de-debat-i-coneixement-cientific-al-voltant-del-sars-cov-2\/","name":"\u2018Infarma Madrid 2022\u2019 obre un espai de debat i coneixement cient\u00edfic al voltant del SARS-CoV-2 - Col\u00b7legi de Farmac\u00e8utics de Barcelona","isPartOf":{"@id":"https:\/\/www.cofb.org\/#website"},"primaryImageOfPage":{"@id":"https:\/\/novaorg.cofb.net\/2022\/02\/16\/infarma-madrid-2022-obre-un-espai-de-debat-i-coneixement-cientific-al-voltant-del-sars-cov-2\/#primaryimage"},"image":{"@id":"https:\/\/novaorg.cofb.net\/2022\/02\/16\/infarma-madrid-2022-obre-un-espai-de-debat-i-coneixement-cientific-al-voltant-del-sars-cov-2\/#primaryimage"},"thumbnailUrl":"https:\/\/www.cofb.org\/wp-content\/uploads\/2022\/02\/7b9980e4-f2c6-40ab-910f-e869432c914e-2Auwpr.jpeg","datePublished":"2022-02-16T13:13:00+00:00","dateModified":"2022-02-16T13:13:00+00:00","breadcrumb":{"@id":"https:\/\/novaorg.cofb.net\/2022\/02\/16\/infarma-madrid-2022-obre-un-espai-de-debat-i-coneixement-cientific-al-voltant-del-sars-cov-2\/#breadcrumb"},"inLanguage":"es","potentialAction":[{"@type":"ReadAction","target":["https:\/\/novaorg.cofb.net\/2022\/02\/16\/infarma-madrid-2022-obre-un-espai-de-debat-i-coneixement-cientific-al-voltant-del-sars-cov-2\/"]}]},{"@type":"ImageObject","inLanguage":"es","@id":"https:\/\/novaorg.cofb.net\/2022\/02\/16\/infarma-madrid-2022-obre-un-espai-de-debat-i-coneixement-cientific-al-voltant-del-sars-cov-2\/#primaryimage","url":"https:\/\/www.cofb.org\/wp-content\/uploads\/2022\/02\/7b9980e4-f2c6-40ab-910f-e869432c914e-2Auwpr.jpeg","contentUrl":"https:\/\/www.cofb.org\/wp-content\/uploads\/2022\/02\/7b9980e4-f2c6-40ab-910f-e869432c914e-2Auwpr.jpeg","width":852,"height":300},{"@type":"BreadcrumbList","@id":"https:\/\/novaorg.cofb.net\/2022\/02\/16\/infarma-madrid-2022-obre-un-espai-de-debat-i-coneixement-cientific-al-voltant-del-sars-cov-2\/#breadcrumb","itemListElement":[{"@type":"ListItem","position":1,"name":"Inici","item":"https:\/\/novaorg.cofb.net\/"},{"@type":"ListItem","position":2,"name":"\u2018Infarma Madrid 2022\u2019 obre un espai de debat i coneixement cient\u00edfic al voltant del SARS-CoV-2"}]},{"@type":"WebSite","@id":"https:\/\/www.cofb.org\/#website","url":"https:\/\/www.cofb.org\/","name":"Col\u00b7legi de Farmac\u00e8utics de Barcelona","description":"","publisher":{"@id":"https:\/\/www.cofb.org\/#organization"},"potentialAction":[{"@type":"SearchAction","target":{"@type":"EntryPoint","urlTemplate":"https:\/\/www.cofb.org\/?s={search_term_string}"},"query-input":"required name=search_term_string"}],"inLanguage":"es"},{"@type":"Organization","@id":"https:\/\/www.cofb.org\/#organization","name":"Col\u00b7legi de Farmac\u00e8utics de Barcelona","url":"https:\/\/www.cofb.org\/","logo":{"@type":"ImageObject","inLanguage":"es","@id":"https:\/\/www.cofb.org\/#\/schema\/logo\/image\/","url":"https:\/\/www.cofb.org\/wp-content\/uploads\/2023\/11\/cropped-Logotip-COFB.png","contentUrl":"https:\/\/www.cofb.org\/wp-content\/uploads\/2023\/11\/cropped-Logotip-COFB.png","width":500,"height":105,"caption":"Col\u00b7legi de Farmac\u00e8utics de Barcelona"},"image":{"@id":"https:\/\/www.cofb.org\/#\/schema\/logo\/image\/"},"sameAs":["https:\/\/www.facebook.com\/farmaceuticsbcn\/","https:\/\/twitter.com\/farmaceuticsbcn","https:\/\/www.instagram.com\/farmaceuticsbcn\/","https:\/\/www.linkedin.com\/company\/farmaceuticsbcn\/"]},{"@type":"Person","@id":"https:\/\/www.cofb.org\/#\/schema\/person\/22ed7eea88da74b0fa4d3154ad87ffcb","name":"wpAdminCofbOrg","image":{"@type":"ImageObject","inLanguage":"es","@id":"https:\/\/www.cofb.org\/#\/schema\/person\/image\/","url":"https:\/\/secure.gravatar.com\/avatar\/1721b20b3b8ca882c3b56ec6c978c594fff670e40c0718e9190eaeeb76aae7d8?s=96&d=mm&r=g","contentUrl":"https:\/\/secure.gravatar.com\/avatar\/1721b20b3b8ca882c3b56ec6c978c594fff670e40c0718e9190eaeeb76aae7d8?s=96&d=mm&r=g","caption":"wpAdminCofbOrg"},"sameAs":["http:\/\/192.168.64.122\/wordpress"],"url":"https:\/\/www.cofb.org\/es\/author\/wpadmincofborg\/"}]}},"uagb_featured_image_src":{"full":["https:\/\/www.cofb.org\/wp-content\/uploads\/2022\/02\/7b9980e4-f2c6-40ab-910f-e869432c914e-2Auwpr.jpeg",852,300,false],"thumbnail":["https:\/\/www.cofb.org\/wp-content\/uploads\/2022\/02\/7b9980e4-f2c6-40ab-910f-e869432c914e-2Auwpr-150x150.jpeg",150,150,true],"medium":["https:\/\/www.cofb.org\/wp-content\/uploads\/2022\/02\/7b9980e4-f2c6-40ab-910f-e869432c914e-2Auwpr-300x106.jpeg",300,106,true],"medium_large":["https:\/\/www.cofb.org\/wp-content\/uploads\/2022\/02\/7b9980e4-f2c6-40ab-910f-e869432c914e-2Auwpr-768x270.jpeg",768,270,true],"large":["https:\/\/www.cofb.org\/wp-content\/uploads\/2022\/02\/7b9980e4-f2c6-40ab-910f-e869432c914e-2Auwpr.jpeg",852,300,false],"1536x1536":["https:\/\/www.cofb.org\/wp-content\/uploads\/2022\/02\/7b9980e4-f2c6-40ab-910f-e869432c914e-2Auwpr.jpeg",852,300,false],"2048x2048":["https:\/\/www.cofb.org\/wp-content\/uploads\/2022\/02\/7b9980e4-f2c6-40ab-910f-e869432c914e-2Auwpr.jpeg",852,300,false],"trp-custom-language-flag":["https:\/\/www.cofb.org\/wp-content\/uploads\/2022\/02\/7b9980e4-f2c6-40ab-910f-e869432c914e-2Auwpr-18x6.jpeg",18,6,true]},"uagb_author_info":{"display_name":"wpAdminCofbOrg","author_link":"https:\/\/www.cofb.org\/es\/author\/wpadmincofborg\/"},"uagb_comment_info":0,"uagb_excerpt":"\u00a0 El Congr\u00e9s i Sal\u00f3 de la farm\u00e0cia programa tres pon\u00e8ncies i una taula rodona a la Sala Espai Debat COVID per analitzar de la m\u00e0 d&#8217;experts i investigadors capdavanters els or\u00edgens, l&#8217;evoluci\u00f3 i les estrat\u00e8gies avan\u00e7ades per\u00a0 sortir de la pand\u00e8mia. \u00a0 Madrid, 15 de febrer. Infarma Madrid 2022 [&hellip;]","_links":{"self":[{"href":"https:\/\/www.cofb.org\/es\/wp-json\/wp\/v2\/posts\/77022","targetHints":{"allow":["GET"]}}],"collection":[{"href":"https:\/\/www.cofb.org\/es\/wp-json\/wp\/v2\/posts"}],"about":[{"href":"https:\/\/www.cofb.org\/es\/wp-json\/wp\/v2\/types\/post"}],"author":[{"embeddable":true,"href":"https:\/\/www.cofb.org\/es\/wp-json\/wp\/v2\/users\/1"}],"replies":[{"embeddable":true,"href":"https:\/\/www.cofb.org\/es\/wp-json\/wp\/v2\/comments?post=77022"}],"version-history":[{"count":0,"href":"https:\/\/www.cofb.org\/es\/wp-json\/wp\/v2\/posts\/77022\/revisions"}],"wp:featuredmedia":[{"embeddable":true,"href":"https:\/\/www.cofb.org\/es\/wp-json\/wp\/v2\/media\/77023"}],"wp:attachment":[{"href":"https:\/\/www.cofb.org\/es\/wp-json\/wp\/v2\/media?parent=77022"}],"wp:term":[{"taxonomy":"category","embeddable":true,"href":"https:\/\/www.cofb.org\/es\/wp-json\/wp\/v2\/categories?post=77022"},{"taxonomy":"post_tag","embeddable":true,"href":"https:\/\/www.cofb.org\/es\/wp-json\/wp\/v2\/tags?post=77022"}],"curies":[{"name":"wp","href":"https:\/\/api.w.org\/{rel}","templated":true}]}}