{"id":77021,"date":"2022-02-21T12:51:00","date_gmt":"2022-02-21T12:51:00","guid":{"rendered":"https:\/\/novaorg.cofb.net\/2022\/02\/21\/infarma-solidari-centrara-la-seva-ajuda-en-latencio-farmaceutica-de-les-mares-i-nens-detiopia\/"},"modified":"2022-02-21T12:51:00","modified_gmt":"2022-02-21T12:51:00","slug":"infarma-solidari-centrara-la-seva-ajuda-en-latencio-farmaceutica-de-les-mares-i-nens-detiopia","status":"publish","type":"post","link":"https:\/\/www.cofb.org\/es\/2022\/02\/21\/infarma-solidari-centrara-la-seva-ajuda-en-latencio-farmaceutica-de-les-mares-i-nens-detiopia\/","title":{"rendered":"&#039;Infarma Solidario&#039; centrar\u00e1 su ayuda en la atenci\u00f3n farmac\u00e9utica de las madres y ni\u00f1os de Etiop\u00eda"},"content":{"rendered":"<p>\u00a0<\/p>\n<ul>\n<li>La Cl\u00ednica Materno-Infantil que gestiona la Fundaci\u00f3n Pablo Horstmann en el pa\u00eds africano recibir\u00e1 el apoyo econ\u00f3mico del Congreso y Sal\u00f3n farmac\u00e9utico.<\/li>\n<\/ul>\n<p>\n<em>Madrid, 22 de febrero<\/em>. Infarma Solidario abrazar\u00e1 por quinta edici\u00f3n una nueva <strong>causa humanitaria<\/strong> en el pr\u00f3ximo Congreso y Sal\u00f3n farmac\u00e9utico que organizan los Colegios Oficiales de Farmac\u00e9uticos de Madrid y Barcelona, \u200b\u200ben colaboraci\u00f3n con Interalia.<\/p>\n<p>El proyecto escogido para volcar todo el apoyo y solidaridad de los profesionales, empresas y organizaciones que estar\u00e1n presentes entre el 22 y el 24 de marzo en Ifema es la Cl\u00ednica Materno-Infantil <em>Let Children Have Health de Meki<\/em>, en Etiop\u00eda. Este centro, gestionado por la <strong>Fundaci\u00f3n Pablo Horstmann<\/strong>, ofrece asistencia m\u00e9dica gratuita a toda la poblaci\u00f3n infantil ya las mujeres de la localidad et\u00edope desde 2012, atendiendo a m\u00e1s de 15.600 ni\u00f1os y m\u00e1s de 7.000 mujeres embarazadas al a\u00f1o.<\/p>\n<p>El objetivo del proyecto que impulsar\u00e1 Infarma ser\u00e1 <strong>favorecer el acceso a la medicaci\u00f3n y al tratamiento de los pacientes<\/strong> de esta Cl\u00ednica Materno-Infantil, cuyo terreno y titularidad legal son del Vicariado Cat\u00f3lico de Meki. Los fondos solicitados servir\u00e1n para financiar la compra de medicinas, los salarios de dos farmac\u00e9uticos y un encargado del almac\u00e9n durante un a\u00f1o o la compra de equipos que permitan diagnosticar patolog\u00edas complejas. Asimismo, se formar\u00e1 y acompa\u00f1ar\u00e1 al personal sanitario et\u00edope de la farmacia y el laboratorio con la presencia de dos farmac\u00e9uticos y dos t\u00e9cnicos de laboratorio.<\/p>\n<p>Etiop\u00eda es considerada uno de los pa\u00edses m\u00e1s pobres del mundo. En 2020 ocupaba el puesto 173 del \u00cdndice de Desarrollo Humano, de un total de 189 pa\u00edses analizados. Desnutrici\u00f3n, uso de agua no potable, saneamiento deficiente, niveles de educaci\u00f3n materna bajos y una sanidad precaria son algunos de los factores que han elevado la tasa de mortalidad infantil en menores de un a\u00f1o hasta el 11,8%, disparando hasta el 17,9% entre los ni\u00f1os menores de cinco a\u00f1os.<\/p>\n<p>Infarma, como ya hizo en ediciones anteriores, ha abierto una convocatoria p\u00fablica, siguiendo la l\u00ednea de transparencia y compromiso social del Congreso y Sal\u00f3n, para seleccionar el proyecto solidario. La elecci\u00f3n de la Fundaci\u00f3n Pablo Horstmann se ha hecho de forma rigurosa, atendiendo a los diferentes proyectos humanitarios presentados en convocatoria p\u00fablica y dentro de un proceso que ha contado con la participaci\u00f3n de un auditor externo.<\/p>\n<p>El coordinador de Infarma Solidario y vicepresidente primero en funciones del COFM, <strong>Manuel Mart\u00ednez del Peral<\/strong>, explica que \u201ctan importante es colaborar y ser solidarios como garantizar que este esfuerzo llega a sus principales beneficiarios, que son los ni\u00f1os atendidos por la Fundaci\u00f3n Pablo Horstmann en un \u00e1rea muy desatendida, \u00e9ste es nuestro compromiso y el reto que queremos compartir con todo el sector\u201d.<\/p>\n<p>Otra de las novedades incluidas en esta edici\u00f3n es que todas las donaciones que se recauden en Infarma ir\u00e1n directamente al proyecto elegido, con el compromiso expreso de que los fondos se inviertan en el proyecto de atenci\u00f3n de los ni\u00f1os y mujeres objeto de la solidaridad de &#039;Infarma. Las partidas de viajes, becas y gastos indirectos los asume la Fundaci\u00f3n Pablo Horstmann.<\/p>\n<p><strong>Reducir la tasa de morbimortalidad infantil y los casos de malnutrici\u00f3n severa<\/strong> son prioridades de la Fundaci\u00f3n Pablo Horstmann, que trabaja de forma conjunta con las autoridades locales de Meki y cuenta desde 2008 con otro Hospital Pedi\u00e1trico en Lamu (Kenia).<\/p>\n<p>\u00a0La Cl\u00ednica Materno-Infantil que gestiona la Fundaci\u00f3n Pablo Horstmann en el pa\u00eds africano recibir\u00e1 el apoyo econ\u00f3mico del Congreso y Sal\u00f3n farmac\u00e9utico.<\/p>\n<p>Madrid, 22 de febrero. Infarma Solidario abrazar\u00e1 por quinta edici\u00f3n una nueva causa humanitaria en el pr\u00f3ximo Congreso y Sal\u00f3n farmac\u00e9utico que organizan los Colegios Oficiales de Farmac\u00e9uticos de Madrid y Barcelona, \u200b\u200ben colaboraci\u00f3n con Interalia.<\/p>\n<p>El proyecto escogido para volcar todo el apoyo y solidaridad de los profesionales, empresas y organizaciones que estar\u00e1n presentes entre el 22 y el 24 de marzo en Ifema es la Cl\u00ednica Materno-Infantil Let Children Have Health de Meki, en Etiop\u00eda. Este centro, gestionado por la Fundaci\u00f3n Pablo Horstmann, ofrece asistencia m\u00e9dica gratuita a toda la poblaci\u00f3n infantil ya las mujeres de la localidad et\u00edope desde 2012, atendiendo a m\u00e1s de 15.600 ni\u00f1os y m\u00e1s de 7.000 mujeres embarazadas al a\u00f1o.<\/p>\n<p>El objetivo del proyecto que impulsar\u00e1 Infarma ser\u00e1 favorecer el acceso a la medicaci\u00f3n y al tratamiento de los pacientes de esta Cl\u00ednica Materno-Infantil, cuyo terreno y la titularidad legal son del Vicariado Cat\u00f3lico de Meki. Los fondos solicitados servir\u00e1n para financiar la compra de medicinas, los salarios de dos farmac\u00e9uticos y un encargado del almac\u00e9n durante un a\u00f1o o la compra de equipos que permitan diagnosticar patolog\u00edas complejas. Asimismo, se formar\u00e1 y acompa\u00f1ar\u00e1 al personal sanitario et\u00edope de la farmacia y el laboratorio con la presencia de dos farmac\u00e9uticos y dos t\u00e9cnicos de laboratorio.<\/p>\n<p>Etiop\u00eda es considerada uno de los pa\u00edses m\u00e1s pobres del mundo. En 2020 ocupaba el puesto 173 del \u00cdndice de Desarrollo Humano, de un total de 189 pa\u00edses analizados. Desnutrici\u00f3n, uso de agua no potable, saneamiento deficiente, niveles de educaci\u00f3n materna bajos y una sanidad precaria son algunos de los factores que han elevado la tasa de mortalidad infantil en menores de un a\u00f1o hasta el 11,8%, disparando hasta el 17,9% entre los ni\u00f1os menores de cinco a\u00f1os.<\/p>\n<p>Infarma, como ya hizo en ediciones anteriores, ha abierto una convocatoria p\u00fablica, siguiendo la l\u00ednea de transparencia y compromiso social del Congreso y Sal\u00f3n, para seleccionar el proyecto solidario. La elecci\u00f3n de la Fundaci\u00f3n Pablo Horstmann se ha hecho de forma rigurosa, atendiendo a los diferentes proyectos humanitarios presentados en convocatoria p\u00fablica y dentro de un proceso que ha contado con la participaci\u00f3n de un auditor externo.<\/p>\n<p>El coordinador de Infarma Solidario y vicepresidente primero en funciones del COFM, Manuel Mart\u00ednez del Peral, explica que \u201ctan importante es colaborar y ser solidarios como garantizar que este esfuerzo llega a sus principales beneficiarios, que son los ni\u00f1os atendidos por la Fundaci\u00f3n Pablo Horstmann en un \u00e1rea muy desatendida, \u00e9ste es nuestro compromiso y el reto que queremos compartir con todo el sector\u201d.<\/p>\n<p>Otra de las novedades incluidas en esta edici\u00f3n es que todas las donaciones que se recauden en Infarma ir\u00e1n directamente al proyecto elegido, con el compromiso expreso de que los fondos se inviertan en el proyecto de atenci\u00f3n de los ni\u00f1os y mujeres objeto de la solidaridad de &#039;Infarma. Las partidas de viajes, becas y gastos indirectos los asume la Fundaci\u00f3n Pablo Horstmann.<\/p>\n<p>Reducir la tasa de morbimortalidad infantil y los casos de malnutrici\u00f3n severa son prioridades de la Fundaci\u00f3n Pablo Horstmann, que trabaja de forma conjunta con las autoridades locales de Meki y cuenta desde 2008 con otro Hospital Pedi\u00e1trico en Lamu (Kenia).  COFB.ORG<\/p>","protected":false},"excerpt":{"rendered":"<p>\u00a0 La Cl\u00ednica Materno-Infantil que gestiona la Fundaci\u00f3n Pablo Horstmann en el pa\u00eds africano recibir\u00e1 el apoyo econ\u00f3mico del Congreso y Sal\u00f3n farmac\u00e9utico. Madrid, 22 de febrero. Infarma Solidario abrazar\u00e1 por quinta edici\u00f3n una nueva causa humanitaria en el pr\u00f3ximo Congreso y Sal\u00f3n farmac\u00e9utico que organizan los Colegios Oficiales de Farmac\u00e9uticos de Madrid y Barcelona, \u200b\u200ben colaboraci\u00f3n [\u2026]<\/p>","protected":false},"author":1,"featured_media":0,"comment_status":"","ping_status":"","sticky":false,"template":"","format":"standard","meta":{"_uag_custom_page_level_css":"","site-sidebar-layout":"default","site-content-layout":"","ast-site-content-layout":"default","site-content-style":"default","site-sidebar-style":"default","ast-global-header-display":"","ast-banner-title-visibility":"","ast-main-header-display":"","ast-hfb-above-header-display":"","ast-hfb-below-header-display":"","ast-hfb-mobile-header-display":"","site-post-title":"","ast-breadcrumbs-content":"","ast-featured-img":"disabled","footer-sml-layout":"","theme-transparent-header-meta":"","adv-header-id-meta":"","stick-header-meta":"","header-above-stick-meta":"","header-main-stick-meta":"","header-below-stick-meta":"","astra-migrate-meta-layouts":"default","ast-page-background-enabled":"default","ast-page-background-meta":{"desktop":{"background-color":"var(--ast-global-color-4)","background-image":"","background-repeat":"repeat","background-position":"center center","background-size":"auto","background-attachment":"scroll","background-type":"","background-media":"","overlay-type":"","overlay-color":"","overlay-opacity":"","overlay-gradient":""},"tablet":{"background-color":"","background-image":"","background-repeat":"repeat","background-position":"center center","background-size":"auto","background-attachment":"scroll","background-type":"","background-media":"","overlay-type":"","overlay-color":"","overlay-opacity":"","overlay-gradient":""},"mobile":{"background-color":"","background-image":"","background-repeat":"repeat","background-position":"center center","background-size":"auto","background-attachment":"scroll","background-type":"","background-media":"","overlay-type":"","overlay-color":"","overlay-opacity":"","overlay-gradient":""}},"ast-content-background-meta":{"desktop":{"background-color":"var(--ast-global-color-5)","background-image":"","background-repeat":"repeat","background-position":"center center","background-size":"auto","background-attachment":"scroll","background-type":"","background-media":"","overlay-type":"","overlay-color":"","overlay-opacity":"","overlay-gradient":""},"tablet":{"background-color":"var(--ast-global-color-5)","background-image":"","background-repeat":"repeat","background-position":"center center","background-size":"auto","background-attachment":"scroll","background-type":"","background-media":"","overlay-type":"","overlay-color":"","overlay-opacity":"","overlay-gradient":""},"mobile":{"background-color":"var(--ast-global-color-5)","background-image":"","background-repeat":"repeat","background-position":"center center","background-size":"auto","background-attachment":"scroll","background-type":"","background-media":"","overlay-type":"","overlay-color":"","overlay-opacity":"","overlay-gradient":""}},"footnotes":""},"categories":[1060,1066],"tags":[],"class_list":["post-77021","post","type-post","status-publish","format-standard","hentry","category-notes-premsa","category-sense-categoria-ca"],"yoast_head":"<!-- This site is optimized with the Yoast SEO plugin v22.4 - https:\/\/yoast.com\/wordpress\/plugins\/seo\/ -->\n<title>&#039;Infarma Solidari&#039; centrar\u00e0 la seva ajuda en l&#039;atenci\u00f3 farmac\u00e8utica de les mares i nens d&#039;Eti\u00f2pia - Col\u00b7legi de Farmac\u00e8utics de Barcelona<\/title>\n<meta name=\"robots\" content=\"index, follow, max-snippet:-1, max-image-preview:large, max-video-preview:-1\" \/>\n<link rel=\"canonical\" href=\"https:\/\/novaorg.cofb.net\/2022\/02\/21\/infarma-solidari-centrara-la-seva-ajuda-en-latencio-farmaceutica-de-les-mares-i-nens-detiopia\/\" \/>\n<meta property=\"og:locale\" content=\"es_ES\" \/>\n<meta property=\"og:type\" content=\"article\" \/>\n<meta property=\"og:title\" content=\"&#039;Infarma Solidari&#039; centrar\u00e0 la seva ajuda en l&#039;atenci\u00f3 farmac\u00e8utica de les mares i nens d&#039;Eti\u00f2pia - Col\u00b7legi de Farmac\u00e8utics de Barcelona\" \/>\n<meta property=\"og:description\" content=\"\u00a0 La Cl\u00ednica\u00a0Materno-Infantil que gestiona la Fundaci\u00f3 Pablo\u00a0Horstmann\u00a0al pa\u00eds afric\u00e0 rebr\u00e0 el suport econ\u00f2mic del Congr\u00e9s i Sal\u00f3 farmac\u00e8utic. Madrid, 22 de febrer.\u00a0Infarma\u00a0Solidari abra\u00e7ar\u00e0 per cinquena edici\u00f3 una nova causa humanit\u00e0ria al proper Congr\u00e9s i Sal\u00f3 farmac\u00e8utic que organitzen els Col\u00b7legis Oficials de Farmac\u00e8utics de Madrid i Barcelona, \u200b\u200ben col\u00b7laboraci\u00f3 [&hellip;]\" \/>\n<meta property=\"og:url\" content=\"https:\/\/novaorg.cofb.net\/2022\/02\/21\/infarma-solidari-centrara-la-seva-ajuda-en-latencio-farmaceutica-de-les-mares-i-nens-detiopia\/\" \/>\n<meta property=\"og:site_name\" content=\"Col\u00b7legi de Farmac\u00e8utics de Barcelona\" \/>\n<meta property=\"article:publisher\" content=\"https:\/\/www.facebook.com\/farmaceuticsbcn\/\" \/>\n<meta property=\"article:published_time\" content=\"2022-02-21T12:51:00+00:00\" \/>\n<meta name=\"author\" content=\"wpAdminCofbOrg\" \/>\n<meta name=\"twitter:card\" content=\"summary_large_image\" \/>\n<meta name=\"twitter:creator\" content=\"@farmaceuticsbcn\" \/>\n<meta name=\"twitter:site\" content=\"@farmaceuticsbcn\" \/>\n<meta name=\"twitter:label1\" content=\"Escrito por\" \/>\n\t<meta name=\"twitter:data1\" content=\"wpAdminCofbOrg\" \/>\n\t<meta name=\"twitter:label2\" content=\"Tiempo de lectura\" \/>\n\t<meta name=\"twitter:data2\" content=\"6 minutos\" \/>\n<script type=\"application\/ld+json\" class=\"yoast-schema-graph\">{\"@context\":\"https:\/\/schema.org\",\"@graph\":[{\"@type\":\"Article\",\"@id\":\"https:\/\/novaorg.cofb.net\/2022\/02\/21\/infarma-solidari-centrara-la-seva-ajuda-en-latencio-farmaceutica-de-les-mares-i-nens-detiopia\/#article\",\"isPartOf\":{\"@id\":\"https:\/\/novaorg.cofb.net\/2022\/02\/21\/infarma-solidari-centrara-la-seva-ajuda-en-latencio-farmaceutica-de-les-mares-i-nens-detiopia\/\"},\"author\":{\"name\":\"wpAdminCofbOrg\",\"@id\":\"https:\/\/www.cofb.org\/#\/schema\/person\/22ed7eea88da74b0fa4d3154ad87ffcb\"},\"headline\":\"&#8216;Infarma Solidari&#8217; centrar\u00e0 la seva ajuda en l&#8217;atenci\u00f3 farmac\u00e8utica de les mares i nens d&#8217;Eti\u00f2pia\",\"datePublished\":\"2022-02-21T12:51:00+00:00\",\"dateModified\":\"2022-02-21T12:51:00+00:00\",\"mainEntityOfPage\":{\"@id\":\"https:\/\/novaorg.cofb.net\/2022\/02\/21\/infarma-solidari-centrara-la-seva-ajuda-en-latencio-farmaceutica-de-les-mares-i-nens-detiopia\/\"},\"wordCount\":1209,\"publisher\":{\"@id\":\"https:\/\/www.cofb.org\/#organization\"},\"articleSection\":[\"Notes de premsa\",\"Sense categoria\"],\"inLanguage\":\"es\"},{\"@type\":\"WebPage\",\"@id\":\"https:\/\/novaorg.cofb.net\/2022\/02\/21\/infarma-solidari-centrara-la-seva-ajuda-en-latencio-farmaceutica-de-les-mares-i-nens-detiopia\/\",\"url\":\"https:\/\/novaorg.cofb.net\/2022\/02\/21\/infarma-solidari-centrara-la-seva-ajuda-en-latencio-farmaceutica-de-les-mares-i-nens-detiopia\/\",\"name\":\"'Infarma Solidari' centrar\u00e0 la seva ajuda en l'atenci\u00f3 farmac\u00e8utica de les mares i nens d'Eti\u00f2pia - Col\u00b7legi de Farmac\u00e8utics de Barcelona\",\"isPartOf\":{\"@id\":\"https:\/\/www.cofb.org\/#website\"},\"datePublished\":\"2022-02-21T12:51:00+00:00\",\"dateModified\":\"2022-02-21T12:51:00+00:00\",\"breadcrumb\":{\"@id\":\"https:\/\/novaorg.cofb.net\/2022\/02\/21\/infarma-solidari-centrara-la-seva-ajuda-en-latencio-farmaceutica-de-les-mares-i-nens-detiopia\/#breadcrumb\"},\"inLanguage\":\"es\",\"potentialAction\":[{\"@type\":\"ReadAction\",\"target\":[\"https:\/\/novaorg.cofb.net\/2022\/02\/21\/infarma-solidari-centrara-la-seva-ajuda-en-latencio-farmaceutica-de-les-mares-i-nens-detiopia\/\"]}]},{\"@type\":\"BreadcrumbList\",\"@id\":\"https:\/\/novaorg.cofb.net\/2022\/02\/21\/infarma-solidari-centrara-la-seva-ajuda-en-latencio-farmaceutica-de-les-mares-i-nens-detiopia\/#breadcrumb\",\"itemListElement\":[{\"@type\":\"ListItem\",\"position\":1,\"name\":\"Inici\",\"item\":\"https:\/\/novaorg.cofb.net\/\"},{\"@type\":\"ListItem\",\"position\":2,\"name\":\"&#8216;Infarma Solidari&#8217; centrar\u00e0 la seva ajuda en l&#8217;atenci\u00f3 farmac\u00e8utica de les mares i nens d&#8217;Eti\u00f2pia\"}]},{\"@type\":\"WebSite\",\"@id\":\"https:\/\/www.cofb.org\/#website\",\"url\":\"https:\/\/www.cofb.org\/\",\"name\":\"Col\u00b7legi de Farmac\u00e8utics de Barcelona\",\"description\":\"\",\"publisher\":{\"@id\":\"https:\/\/www.cofb.org\/#organization\"},\"potentialAction\":[{\"@type\":\"SearchAction\",\"target\":{\"@type\":\"EntryPoint\",\"urlTemplate\":\"https:\/\/www.cofb.org\/?s={search_term_string}\"},\"query-input\":\"required name=search_term_string\"}],\"inLanguage\":\"es\"},{\"@type\":\"Organization\",\"@id\":\"https:\/\/www.cofb.org\/#organization\",\"name\":\"Col\u00b7legi de Farmac\u00e8utics de Barcelona\",\"url\":\"https:\/\/www.cofb.org\/\",\"logo\":{\"@type\":\"ImageObject\",\"inLanguage\":\"es\",\"@id\":\"https:\/\/www.cofb.org\/#\/schema\/logo\/image\/\",\"url\":\"https:\/\/www.cofb.org\/wp-content\/uploads\/2023\/11\/cropped-Logotip-COFB.png\",\"contentUrl\":\"https:\/\/www.cofb.org\/wp-content\/uploads\/2023\/11\/cropped-Logotip-COFB.png\",\"width\":500,\"height\":105,\"caption\":\"Col\u00b7legi de Farmac\u00e8utics de Barcelona\"},\"image\":{\"@id\":\"https:\/\/www.cofb.org\/#\/schema\/logo\/image\/\"},\"sameAs\":[\"https:\/\/www.facebook.com\/farmaceuticsbcn\/\",\"https:\/\/twitter.com\/farmaceuticsbcn\",\"https:\/\/www.instagram.com\/farmaceuticsbcn\/\",\"https:\/\/www.linkedin.com\/company\/farmaceuticsbcn\/\"]},{\"@type\":\"Person\",\"@id\":\"https:\/\/www.cofb.org\/#\/schema\/person\/22ed7eea88da74b0fa4d3154ad87ffcb\",\"name\":\"wpAdminCofbOrg\",\"image\":{\"@type\":\"ImageObject\",\"inLanguage\":\"es\",\"@id\":\"https:\/\/www.cofb.org\/#\/schema\/person\/image\/\",\"url\":\"https:\/\/secure.gravatar.com\/avatar\/1721b20b3b8ca882c3b56ec6c978c594fff670e40c0718e9190eaeeb76aae7d8?s=96&d=mm&r=g\",\"contentUrl\":\"https:\/\/secure.gravatar.com\/avatar\/1721b20b3b8ca882c3b56ec6c978c594fff670e40c0718e9190eaeeb76aae7d8?s=96&d=mm&r=g\",\"caption\":\"wpAdminCofbOrg\"},\"sameAs\":[\"http:\/\/192.168.64.122\/wordpress\"],\"url\":\"https:\/\/www.cofb.org\/es\/author\/wpadmincofborg\/\"}]}<\/script>\n<!-- \/ Yoast SEO plugin. -->","yoast_head_json":{"title":"'Infarma Solidari' centrar\u00e0 la seva ajuda en l'atenci\u00f3 farmac\u00e8utica de les mares i nens d'Eti\u00f2pia - Col\u00b7legi de Farmac\u00e8utics de Barcelona","robots":{"index":"index","follow":"follow","max-snippet":"max-snippet:-1","max-image-preview":"max-image-preview:large","max-video-preview":"max-video-preview:-1"},"canonical":"https:\/\/novaorg.cofb.net\/2022\/02\/21\/infarma-solidari-centrara-la-seva-ajuda-en-latencio-farmaceutica-de-les-mares-i-nens-detiopia\/","og_locale":"es_ES","og_type":"article","og_title":"'Infarma Solidari' centrar\u00e0 la seva ajuda en l'atenci\u00f3 farmac\u00e8utica de les mares i nens d'Eti\u00f2pia - Col\u00b7legi de Farmac\u00e8utics de Barcelona","og_description":"\u00a0 La Cl\u00ednica\u00a0Materno-Infantil que gestiona la Fundaci\u00f3 Pablo\u00a0Horstmann\u00a0al pa\u00eds afric\u00e0 rebr\u00e0 el suport econ\u00f2mic del Congr\u00e9s i Sal\u00f3 farmac\u00e8utic. Madrid, 22 de febrer.\u00a0Infarma\u00a0Solidari abra\u00e7ar\u00e0 per cinquena edici\u00f3 una nova causa humanit\u00e0ria al proper Congr\u00e9s i Sal\u00f3 farmac\u00e8utic que organitzen els Col\u00b7legis Oficials de Farmac\u00e8utics de Madrid i Barcelona, \u200b\u200ben col\u00b7laboraci\u00f3 [&hellip;]","og_url":"https:\/\/novaorg.cofb.net\/2022\/02\/21\/infarma-solidari-centrara-la-seva-ajuda-en-latencio-farmaceutica-de-les-mares-i-nens-detiopia\/","og_site_name":"Col\u00b7legi de Farmac\u00e8utics de Barcelona","article_publisher":"https:\/\/www.facebook.com\/farmaceuticsbcn\/","article_published_time":"2022-02-21T12:51:00+00:00","author":"wpAdminCofbOrg","twitter_card":"summary_large_image","twitter_creator":"@farmaceuticsbcn","twitter_site":"@farmaceuticsbcn","twitter_misc":{"Escrito por":"wpAdminCofbOrg","Tiempo de lectura":"6 minutos"},"schema":{"@context":"https:\/\/schema.org","@graph":[{"@type":"Article","@id":"https:\/\/novaorg.cofb.net\/2022\/02\/21\/infarma-solidari-centrara-la-seva-ajuda-en-latencio-farmaceutica-de-les-mares-i-nens-detiopia\/#article","isPartOf":{"@id":"https:\/\/novaorg.cofb.net\/2022\/02\/21\/infarma-solidari-centrara-la-seva-ajuda-en-latencio-farmaceutica-de-les-mares-i-nens-detiopia\/"},"author":{"name":"wpAdminCofbOrg","@id":"https:\/\/www.cofb.org\/#\/schema\/person\/22ed7eea88da74b0fa4d3154ad87ffcb"},"headline":"&#8216;Infarma Solidari&#8217; centrar\u00e0 la seva ajuda en l&#8217;atenci\u00f3 farmac\u00e8utica de les mares i nens d&#8217;Eti\u00f2pia","datePublished":"2022-02-21T12:51:00+00:00","dateModified":"2022-02-21T12:51:00+00:00","mainEntityOfPage":{"@id":"https:\/\/novaorg.cofb.net\/2022\/02\/21\/infarma-solidari-centrara-la-seva-ajuda-en-latencio-farmaceutica-de-les-mares-i-nens-detiopia\/"},"wordCount":1209,"publisher":{"@id":"https:\/\/www.cofb.org\/#organization"},"articleSection":["Notes de premsa","Sense categoria"],"inLanguage":"es"},{"@type":"WebPage","@id":"https:\/\/novaorg.cofb.net\/2022\/02\/21\/infarma-solidari-centrara-la-seva-ajuda-en-latencio-farmaceutica-de-les-mares-i-nens-detiopia\/","url":"https:\/\/novaorg.cofb.net\/2022\/02\/21\/infarma-solidari-centrara-la-seva-ajuda-en-latencio-farmaceutica-de-les-mares-i-nens-detiopia\/","name":"'Infarma Solidari' centrar\u00e0 la seva ajuda en l'atenci\u00f3 farmac\u00e8utica de les mares i nens d'Eti\u00f2pia - Col\u00b7legi de Farmac\u00e8utics de Barcelona","isPartOf":{"@id":"https:\/\/www.cofb.org\/#website"},"datePublished":"2022-02-21T12:51:00+00:00","dateModified":"2022-02-21T12:51:00+00:00","breadcrumb":{"@id":"https:\/\/novaorg.cofb.net\/2022\/02\/21\/infarma-solidari-centrara-la-seva-ajuda-en-latencio-farmaceutica-de-les-mares-i-nens-detiopia\/#breadcrumb"},"inLanguage":"es","potentialAction":[{"@type":"ReadAction","target":["https:\/\/novaorg.cofb.net\/2022\/02\/21\/infarma-solidari-centrara-la-seva-ajuda-en-latencio-farmaceutica-de-les-mares-i-nens-detiopia\/"]}]},{"@type":"BreadcrumbList","@id":"https:\/\/novaorg.cofb.net\/2022\/02\/21\/infarma-solidari-centrara-la-seva-ajuda-en-latencio-farmaceutica-de-les-mares-i-nens-detiopia\/#breadcrumb","itemListElement":[{"@type":"ListItem","position":1,"name":"Inici","item":"https:\/\/novaorg.cofb.net\/"},{"@type":"ListItem","position":2,"name":"&#8216;Infarma Solidari&#8217; centrar\u00e0 la seva ajuda en l&#8217;atenci\u00f3 farmac\u00e8utica de les mares i nens d&#8217;Eti\u00f2pia"}]},{"@type":"WebSite","@id":"https:\/\/www.cofb.org\/#website","url":"https:\/\/www.cofb.org\/","name":"Col\u00b7legi de Farmac\u00e8utics de Barcelona","description":"","publisher":{"@id":"https:\/\/www.cofb.org\/#organization"},"potentialAction":[{"@type":"SearchAction","target":{"@type":"EntryPoint","urlTemplate":"https:\/\/www.cofb.org\/?s={search_term_string}"},"query-input":"required name=search_term_string"}],"inLanguage":"es"},{"@type":"Organization","@id":"https:\/\/www.cofb.org\/#organization","name":"Col\u00b7legi de Farmac\u00e8utics de Barcelona","url":"https:\/\/www.cofb.org\/","logo":{"@type":"ImageObject","inLanguage":"es","@id":"https:\/\/www.cofb.org\/#\/schema\/logo\/image\/","url":"https:\/\/www.cofb.org\/wp-content\/uploads\/2023\/11\/cropped-Logotip-COFB.png","contentUrl":"https:\/\/www.cofb.org\/wp-content\/uploads\/2023\/11\/cropped-Logotip-COFB.png","width":500,"height":105,"caption":"Col\u00b7legi de Farmac\u00e8utics de Barcelona"},"image":{"@id":"https:\/\/www.cofb.org\/#\/schema\/logo\/image\/"},"sameAs":["https:\/\/www.facebook.com\/farmaceuticsbcn\/","https:\/\/twitter.com\/farmaceuticsbcn","https:\/\/www.instagram.com\/farmaceuticsbcn\/","https:\/\/www.linkedin.com\/company\/farmaceuticsbcn\/"]},{"@type":"Person","@id":"https:\/\/www.cofb.org\/#\/schema\/person\/22ed7eea88da74b0fa4d3154ad87ffcb","name":"wpAdminCofbOrg","image":{"@type":"ImageObject","inLanguage":"es","@id":"https:\/\/www.cofb.org\/#\/schema\/person\/image\/","url":"https:\/\/secure.gravatar.com\/avatar\/1721b20b3b8ca882c3b56ec6c978c594fff670e40c0718e9190eaeeb76aae7d8?s=96&d=mm&r=g","contentUrl":"https:\/\/secure.gravatar.com\/avatar\/1721b20b3b8ca882c3b56ec6c978c594fff670e40c0718e9190eaeeb76aae7d8?s=96&d=mm&r=g","caption":"wpAdminCofbOrg"},"sameAs":["http:\/\/192.168.64.122\/wordpress"],"url":"https:\/\/www.cofb.org\/es\/author\/wpadmincofborg\/"}]}},"uagb_featured_image_src":{"full":false,"thumbnail":false,"medium":false,"medium_large":false,"large":false,"1536x1536":false,"2048x2048":false,"trp-custom-language-flag":false},"uagb_author_info":{"display_name":"wpAdminCofbOrg","author_link":"https:\/\/www.cofb.org\/es\/author\/wpadmincofborg\/"},"uagb_comment_info":0,"uagb_excerpt":"\u00a0 La Cl\u00ednica\u00a0Materno-Infantil que gestiona la Fundaci\u00f3 Pablo\u00a0Horstmann\u00a0al pa\u00eds afric\u00e0 rebr\u00e0 el suport econ\u00f2mic del Congr\u00e9s i Sal\u00f3 farmac\u00e8utic. Madrid, 22 de febrer.\u00a0Infarma\u00a0Solidari abra\u00e7ar\u00e0 per cinquena edici\u00f3 una nova causa humanit\u00e0ria al proper Congr\u00e9s i Sal\u00f3 farmac\u00e8utic que organitzen els Col\u00b7legis Oficials de Farmac\u00e8utics de Madrid i Barcelona, \u200b\u200ben col\u00b7laboraci\u00f3 [&hellip;]","_links":{"self":[{"href":"https:\/\/www.cofb.org\/es\/wp-json\/wp\/v2\/posts\/77021","targetHints":{"allow":["GET"]}}],"collection":[{"href":"https:\/\/www.cofb.org\/es\/wp-json\/wp\/v2\/posts"}],"about":[{"href":"https:\/\/www.cofb.org\/es\/wp-json\/wp\/v2\/types\/post"}],"author":[{"embeddable":true,"href":"https:\/\/www.cofb.org\/es\/wp-json\/wp\/v2\/users\/1"}],"replies":[{"embeddable":true,"href":"https:\/\/www.cofb.org\/es\/wp-json\/wp\/v2\/comments?post=77021"}],"version-history":[{"count":0,"href":"https:\/\/www.cofb.org\/es\/wp-json\/wp\/v2\/posts\/77021\/revisions"}],"wp:attachment":[{"href":"https:\/\/www.cofb.org\/es\/wp-json\/wp\/v2\/media?parent=77021"}],"wp:term":[{"taxonomy":"category","embeddable":true,"href":"https:\/\/www.cofb.org\/es\/wp-json\/wp\/v2\/categories?post=77021"},{"taxonomy":"post_tag","embeddable":true,"href":"https:\/\/www.cofb.org\/es\/wp-json\/wp\/v2\/tags?post=77021"}],"curies":[{"name":"wp","href":"https:\/\/api.w.org\/{rel}","templated":true}]}}