{"id":77015,"date":"2022-03-10T14:21:00","date_gmt":"2022-03-10T14:21:00","guid":{"rendered":"https:\/\/novaorg.cofb.net\/2022\/03\/10\/agora-sanitaria-celebrara-a-infarma-madrid-2022-12-anys-com-a-referent-en-formacio-amb-dotze-tallers-i-concursosagora-sanitaria-celebrara-en-infarma-madrid-2022-12-anos-como-referente-en-formacion-co\/"},"modified":"2022-03-10T14:21:00","modified_gmt":"2022-03-10T14:21:00","slug":"agora-sanitaria-celebrara-a-infarma-madrid-2022-12-anys-com-a-referent-en-formacio-amb-dotze-tallers-i-concursosagora-sanitaria-celebrara-en-infarma-madrid-2022-12-anos-como-referente-en-formacion-co","status":"publish","type":"post","link":"https:\/\/www.cofb.org\/es\/2022\/03\/10\/agora-sanitaria-celebrara-a-infarma-madrid-2022-12-anys-com-a-referent-en-formacio-amb-dotze-tallers-i-concursosagora-sanitaria-celebrara-en-infarma-madrid-2022-12-anos-como-referente-en-formacion-co\/","title":{"rendered":"\u00c1gora Sanitaria celebrar\u00e1 en Infarma Madrid 2022 12 a\u00f1os como referente en formaci\u00f3n, con doce talleres y concursos\u00c1gora Sanitaria celebrar\u00e1 en Infarma Madrid 2022 12 a\u00f1os como referente en formaci\u00f3n con doce talleres y concursos"},"content":{"rendered":"<p>\u00a0<\/p>\n<ul>\n<li>Farmac\u00e9uticos expertos en diferentes \u00e1reas de la salud fomentar\u00e1n en el Aula \u00c1gora el aprendizaje pr\u00e1ctico y activo que permita el desarrollo profesional de los farmac\u00e9uticos. Concursos y premios esperan a los visitantes que visiten el Congreso<\/li>\n<\/ul>\n<p>\u00a0<\/p>\n<p><em>Madrid, 10 de marzo<\/em>. Ya hace 12 a\u00f1os que <a href=\"https:\/\/www.agorasanitaria.com\/\" target=\"_blank\" rel=\"noopener\">\u00c1gora Sanitaria<\/a>, el portal de formaci\u00f3n online de los Colegios de Farmac\u00e9uticos de Madrid y Barcelona, \u200b\u200bapuesta por la formaci\u00f3n continuada de los profesionales sanitarios farmac\u00e9uticos, orientada a la pr\u00e1ctica diaria y liderando la calidad y la innovaci\u00f3n. Todo esto, lo celebrar\u00e1 en Infarma Madrid 2022 con una programaci\u00f3n muy especial, llena de sorpresas por los visitantes.<\/p>\n<p><u><strong>12 a\u00f1os, 12 talleres<\/strong><\/u><\/p>\n<p>Durante tres d\u00edas, en el Aula \u00c1gora, ubicada entre el pabell\u00f3n 1 y 3 del recinto ferial Ifema, los asistentes podr\u00e1n participar en 12 talleres formativos con contenido cient\u00edfico, que se combinar\u00e1n con experiencias pr\u00e1cticas a trav\u00e9s de formatos interactivos. \u201cMediante diferentes metodolog\u00edas, fomentamos al mismo tiempo el aprendizaje pr\u00e1ctico, din\u00e1mico y motivador para conseguir el m\u00e1ximo desarrollo del farmac\u00e9utico como profesional sanitario\u201d, explica <strong>Marisa Jadraque<\/strong>, coordinadora de \u00c1gora Sanitaria.<\/p>\n<p>Entre el amplio programa creado especialmente para esta esperada edici\u00f3n, destaca Desaf\u00edo Animal, un espacio donde <strong>Raquel Casado<\/strong>, vocal en funciones de Titulares de Farmacia Rural del COFM y directora acad\u00e9mica de los cursos del \u00c1rea Veterinaria de \u00c1gora Sanitaria, impartir\u00e1 un taller pr\u00e1ctico sobre la dispensaci\u00f3n de medicamentos de uso animal y, como el t\u00edtulo indica, se desafiar\u00e1 a los farmac\u00e9uticos a participar en un concurso cuyo ganador recibir\u00e1 un sorprendente premio.<\/p>\n<p>Otro de los temas que genera muchas consultas en la farmacia y que se abordar\u00e1 en Aula \u00c0gora ser\u00e1 la \u201cAlimentaci\u00f3n en el envejecimiento\u201d, de la mano de la farmac\u00e9utica <strong>Eva Hortas<\/strong>, tutora de los cursos del \u00e1rea de alimentaci\u00f3n y nutrici\u00f3n de \u00c1gora Sanitaria, y \u201cComunicaci\u00f3n con pacientes con depresi\u00f3n en la OF\u201d, impartido por la farmac\u00e9utica <strong>Puy Heredia<\/strong>, tutora del curso \u201cPacientes con trastornos afectivos y psic\u00f3ticos\u201d de la plataforma virtual.<\/p>\n<p>Asimismo, destacar\u00e1 uno de los talleres de gran \u00e9xito en el sector, \u201cPricing, gesti\u00f3n de precios en la farmacia\u201d, de la mano de <strong>Juan Carlos Serra<\/strong>, director del M\u00e1ster de Gesti\u00f3n de OF del COFB y coordinador de Programas de Gesti\u00f3n de \u00c1gora Sanitaria.<\/p>\n<p><u><strong>\u201cSuper\u00c1gora Game\u201d<\/strong><\/u><\/p>\n<p>Pero si algo marcar\u00e1 la diferencia ser\u00e1 el Super\u00c0gora Game, un concurso dinamizado y conducido por el presentador y comunicador<strong> Manuel Feijoo Arag\u00f3n<\/strong>, en la que s\u00f3lo los asistentes m\u00e1s h\u00e1biles y r\u00e1pidos a la hora de resolver preguntas sobre las diferentes tem\u00e1ticas de los cursos de \u00c1gora podr\u00e1n ganar un premio tecnol\u00f3gico, entre otros.<\/p>\n<p><strong>Cristina Rodr\u00edguez<\/strong>, responsable del Departamento de Formaci\u00f3n del COF de Barcelona, \u200b\u200banima a todos los farmac\u00e9uticos a participar en Infarma Madrid 2022: \u201cQueremos convertir, una vez m\u00e1s, el aprendizaje en una experiencia diferente para motivar y aportar conocimientos pr\u00e1cticos para el d\u00eda a d\u00eda de los farmac\u00e9uticos\u201d.<\/p>\n<p>\u00a0Farmac\u00e9uticos expertos en diferentes \u00e1reas de la salud fomentar\u00e1n en el Aula \u00c1gora el aprendizaje pr\u00e1ctico y activo que permita el desarrollo profesional de los farmac\u00e9uticos. Concursos y premios esperan a los visitantes que visiten el Congreso<\/p>\n<p>\u00a0<\/p>\n<p>Madrid, 10 de marzo. Ya hace 12 a\u00f1os que \u00c0gora Sanit\u00e0ria, el portal de formaci\u00f3n online de los Colegios de Farmac\u00e9uticos de Madrid y Barcelona, \u200b\u200bapuesta por la formaci\u00f3n continuada de los profesionales sanitarios farmac\u00e9uticos, orientada a la pr\u00e1ctica diaria y liderando la calidad y la innovaci\u00f3n. Todo esto, lo celebrar\u00e1 en Infarma Madrid 2022 con una programaci\u00f3n muy especial, llena de sorpresas por los visitantes.<\/p>\n<p>12 a\u00f1os, 12 talleres<\/p>\n<p>Durante tres d\u00edas, en el Aula \u00c1gora, ubicada entre el pabell\u00f3n 1 y 3 del recinto ferial Ifema, los asistentes podr\u00e1n participar en 12 talleres formativos con contenido cient\u00edfico, que se combinar\u00e1n con experiencias pr\u00e1cticas a trav\u00e9s de formatos interactivos. &quot;Mediante diferentes metodolog\u00edas, fomentamos al mismo tiempo el aprendizaje pr\u00e1ctico, din\u00e1mico y motivador para conseguir el m\u00e1ximo desarrollo del farmac\u00e9utico como profesional sanitario&quot;, explica Marisa Jadraque, coordinadora de \u00c1gora Sanitaria.<\/p>\n<p>Entre el amplio programa creado especialmente para esta esperada edici\u00f3n, destaca Desaf\u00edo Animal, un espacio donde Raquel Casado, vocal en funciones de Titulares de Farmacia Rural del COFM y directora acad\u00e9mica de los cursos del \u00c1rea Veterinaria de \u00c1gora Sanitaria, impartir\u00e1 un taller pr\u00e1ctico sobre la dispensaci\u00f3n de medicamentos de uso animal y, como el t\u00edtulo indica, se desafiar\u00e1 a los farmac\u00e9uticos a participar en un concurso cuyo ganador recibir\u00e1 un sorprendente premio.<\/p>\n<p>Otro de los temas que genera muchas consultas en la farmacia y que se abordar\u00e1 en Aula \u00c0gora ser\u00e1 la \u201cAlimentaci\u00f3n en el envejecimiento\u201d, de la mano de la farmac\u00e9utica Eva Hortas, tutora de los cursos del \u00e1rea de alimentaci\u00f3n y nutrici\u00f3n de \u00c1gora Sanitaria, y \u201cComunicaci\u00f3n con pacientes con depresi\u00f3n en la OF\u201d, impartido por la farmac\u00e9utica Puy Heredia, tutora del curso \u201cPacientes con trastornos afectivos y psic\u00f3ticos\u201d de la plataforma virtual.<\/p>\n<p>Asimismo, destacar\u00e1 uno de los talleres de gran \u00e9xito en el sector, \u201cPricing, gesti\u00f3n de precios en la farmacia\u201d, de la mano de Juan Carlos Serra, director del M\u00e1ster de Gesti\u00f3n de OF del COFB y coordinador de Programas de Gesti\u00f3n de \u00c1gora Sanitaria.<\/p>\n<p>\u201cSuper\u00c1gora Game\u201d<\/p>\n<p>Pero si algo marcar\u00e1 la diferencia ser\u00e1 el Super\u00c0gora Game, un concurso dinamizado y conducido por el presentador y comunicador Manuel Feijoo Arag\u00f3n, en el que s\u00f3lo los asistentes m\u00e1s h\u00e1biles y r\u00e1pidos a la hora de resolver preguntas sobre las diferentes tem\u00e1ticas de los cursos de \u00c1gora podr\u00e1n ganar un premio tecnol\u00f3gico, entre otros.<\/p>\n<p>Cristina Rodr\u00edguez, responsable del Departamento de Formaci\u00f3n del COF de Barcelona, \u200b\u200banima a todos los farmac\u00e9uticos a participar en Infarma Madrid 2022: \u201cQueremos convertir, una vez m\u00e1s, el aprendizaje en una experiencia diferente para motivar y aportar conocimientos pr\u00e1cticos para el d\u00eda a d\u00eda de los farmac\u00e9uticos\u201d.  COFB.ORG<\/p>","protected":false},"excerpt":{"rendered":"<p>\u00a0 Farmac\u00e9uticos expertos en diferentes \u00e1reas de la salud fomentar\u00e1n en el Aula \u00c1gora el aprendizaje pr\u00e1ctico y activo que permita el desarrollo profesional de los farmac\u00e9uticos. Concursos y premios esperan a los visitantes que visiten el Congreso Madrid, 10 de marzo. Ya hace 12 a\u00f1os que \u00c0gora Sanit\u00e0ria, el portal de formaci\u00f3n [\u2026]<\/p>","protected":false},"author":1,"featured_media":0,"comment_status":"","ping_status":"","sticky":false,"template":"","format":"standard","meta":{"_uag_custom_page_level_css":"","site-sidebar-layout":"default","site-content-layout":"","ast-site-content-layout":"default","site-content-style":"default","site-sidebar-style":"default","ast-global-header-display":"","ast-banner-title-visibility":"","ast-main-header-display":"","ast-hfb-above-header-display":"","ast-hfb-below-header-display":"","ast-hfb-mobile-header-display":"","site-post-title":"","ast-breadcrumbs-content":"","ast-featured-img":"disabled","footer-sml-layout":"","theme-transparent-header-meta":"","adv-header-id-meta":"","stick-header-meta":"","header-above-stick-meta":"","header-main-stick-meta":"","header-below-stick-meta":"","astra-migrate-meta-layouts":"default","ast-page-background-enabled":"default","ast-page-background-meta":{"desktop":{"background-color":"var(--ast-global-color-4)","background-image":"","background-repeat":"repeat","background-position":"center center","background-size":"auto","background-attachment":"scroll","background-type":"","background-media":"","overlay-type":"","overlay-color":"","overlay-opacity":"","overlay-gradient":""},"tablet":{"background-color":"","background-image":"","background-repeat":"repeat","background-position":"center center","background-size":"auto","background-attachment":"scroll","background-type":"","background-media":"","overlay-type":"","overlay-color":"","overlay-opacity":"","overlay-gradient":""},"mobile":{"background-color":"","background-image":"","background-repeat":"repeat","background-position":"center center","background-size":"auto","background-attachment":"scroll","background-type":"","background-media":"","overlay-type":"","overlay-color":"","overlay-opacity":"","overlay-gradient":""}},"ast-content-background-meta":{"desktop":{"background-color":"var(--ast-global-color-5)","background-image":"","background-repeat":"repeat","background-position":"center center","background-size":"auto","background-attachment":"scroll","background-type":"","background-media":"","overlay-type":"","overlay-color":"","overlay-opacity":"","overlay-gradient":""},"tablet":{"background-color":"var(--ast-global-color-5)","background-image":"","background-repeat":"repeat","background-position":"center center","background-size":"auto","background-attachment":"scroll","background-type":"","background-media":"","overlay-type":"","overlay-color":"","overlay-opacity":"","overlay-gradient":""},"mobile":{"background-color":"var(--ast-global-color-5)","background-image":"","background-repeat":"repeat","background-position":"center center","background-size":"auto","background-attachment":"scroll","background-type":"","background-media":"","overlay-type":"","overlay-color":"","overlay-opacity":"","overlay-gradient":""}},"footnotes":""},"categories":[1060,1066],"tags":[],"class_list":["post-77015","post","type-post","status-publish","format-standard","hentry","category-notes-premsa","category-sense-categoria-ca"],"yoast_head":"<!-- This site is optimized with the Yoast SEO plugin v22.4 - https:\/\/yoast.com\/wordpress\/plugins\/seo\/ -->\n<title>\u00c0gora Sanit\u00e0ria celebrar\u00e0 a Infarma Madrid 2022 12 anys com a referent en formaci\u00f3, amb dotze tallers i concursos\u00c1gora Sanitaria celebrar\u00e1 en Infarma Madrid 2022 12 a\u00f1os como referente en formaci\u00f3n con doce talleres y concursos - Col\u00b7legi de Farmac\u00e8utics de Barcelona<\/title>\n<meta name=\"robots\" content=\"index, follow, max-snippet:-1, max-image-preview:large, max-video-preview:-1\" \/>\n<link rel=\"canonical\" href=\"https:\/\/novaorg.cofb.net\/2022\/03\/10\/agora-sanitaria-celebrara-a-infarma-madrid-2022-12-anys-com-a-referent-en-formacio-amb-dotze-tallers-i-concursosagora-sanitaria-celebrara-en-infarma-madrid-2022-12-anos-como-referente-en-formacion-co\/\" \/>\n<meta property=\"og:locale\" content=\"es_ES\" \/>\n<meta property=\"og:type\" content=\"article\" \/>\n<meta property=\"og:title\" content=\"\u00c0gora Sanit\u00e0ria celebrar\u00e0 a Infarma Madrid 2022 12 anys com a referent en formaci\u00f3, amb dotze tallers i concursos\u00c1gora Sanitaria celebrar\u00e1 en Infarma Madrid 2022 12 a\u00f1os como referente en formaci\u00f3n con doce talleres y concursos - Col\u00b7legi de Farmac\u00e8utics de Barcelona\" \/>\n<meta property=\"og:description\" content=\"\u00a0 Farmac\u00e8utics experts en diferents \u00e0rees de la salut fomentaran a l&#8217;Aula \u00c0gora l&#8217;aprenentatge pr\u00e0ctic i actiu que permeti el desenvolupament professional dels farmac\u00e8utics. Concursos i premis esperen els visitants que visitin el Congr\u00e9s \u00a0 Madrid, 10 de mar\u00e7. Ja fa 12 anys que \u00c0gora Sanit\u00e0ria, el portal de formaci\u00f3 [&hellip;]\" \/>\n<meta property=\"og:url\" content=\"https:\/\/novaorg.cofb.net\/2022\/03\/10\/agora-sanitaria-celebrara-a-infarma-madrid-2022-12-anys-com-a-referent-en-formacio-amb-dotze-tallers-i-concursosagora-sanitaria-celebrara-en-infarma-madrid-2022-12-anos-como-referente-en-formacion-co\/\" \/>\n<meta property=\"og:site_name\" content=\"Col\u00b7legi de Farmac\u00e8utics de Barcelona\" \/>\n<meta property=\"article:publisher\" content=\"https:\/\/www.facebook.com\/farmaceuticsbcn\/\" \/>\n<meta property=\"article:published_time\" content=\"2022-03-10T14:21:00+00:00\" \/>\n<meta name=\"author\" content=\"wpAdminCofbOrg\" \/>\n<meta name=\"twitter:card\" content=\"summary_large_image\" \/>\n<meta name=\"twitter:creator\" content=\"@farmaceuticsbcn\" \/>\n<meta name=\"twitter:site\" content=\"@farmaceuticsbcn\" \/>\n<meta name=\"twitter:label1\" content=\"Escrito por\" \/>\n\t<meta name=\"twitter:data1\" content=\"wpAdminCofbOrg\" \/>\n\t<meta name=\"twitter:label2\" content=\"Tiempo de lectura\" \/>\n\t<meta name=\"twitter:data2\" content=\"5 minutos\" \/>\n<script type=\"application\/ld+json\" class=\"yoast-schema-graph\">{\"@context\":\"https:\/\/schema.org\",\"@graph\":[{\"@type\":\"Article\",\"@id\":\"https:\/\/novaorg.cofb.net\/2022\/03\/10\/agora-sanitaria-celebrara-a-infarma-madrid-2022-12-anys-com-a-referent-en-formacio-amb-dotze-tallers-i-concursosagora-sanitaria-celebrara-en-infarma-madrid-2022-12-anos-como-referente-en-formacion-co\/#article\",\"isPartOf\":{\"@id\":\"https:\/\/novaorg.cofb.net\/2022\/03\/10\/agora-sanitaria-celebrara-a-infarma-madrid-2022-12-anys-com-a-referent-en-formacio-amb-dotze-tallers-i-concursosagora-sanitaria-celebrara-en-infarma-madrid-2022-12-anos-como-referente-en-formacion-co\/\"},\"author\":{\"name\":\"wpAdminCofbOrg\",\"@id\":\"https:\/\/www.cofb.org\/#\/schema\/person\/22ed7eea88da74b0fa4d3154ad87ffcb\"},\"headline\":\"\u00c0gora Sanit\u00e0ria celebrar\u00e0 a Infarma Madrid 2022 12 anys com a referent en formaci\u00f3, amb dotze tallers i concursos\u00c1gora Sanitaria celebrar\u00e1 en Infarma Madrid 2022 12 a\u00f1os como referente en formaci\u00f3n con doce talleres y concursos\",\"datePublished\":\"2022-03-10T14:21:00+00:00\",\"dateModified\":\"2022-03-10T14:21:00+00:00\",\"mainEntityOfPage\":{\"@id\":\"https:\/\/novaorg.cofb.net\/2022\/03\/10\/agora-sanitaria-celebrara-a-infarma-madrid-2022-12-anys-com-a-referent-en-formacio-amb-dotze-tallers-i-concursosagora-sanitaria-celebrara-en-infarma-madrid-2022-12-anos-como-referente-en-formacion-co\/\"},\"wordCount\":1058,\"publisher\":{\"@id\":\"https:\/\/www.cofb.org\/#organization\"},\"articleSection\":[\"Notes de premsa\",\"Sense categoria\"],\"inLanguage\":\"es\"},{\"@type\":\"WebPage\",\"@id\":\"https:\/\/novaorg.cofb.net\/2022\/03\/10\/agora-sanitaria-celebrara-a-infarma-madrid-2022-12-anys-com-a-referent-en-formacio-amb-dotze-tallers-i-concursosagora-sanitaria-celebrara-en-infarma-madrid-2022-12-anos-como-referente-en-formacion-co\/\",\"url\":\"https:\/\/novaorg.cofb.net\/2022\/03\/10\/agora-sanitaria-celebrara-a-infarma-madrid-2022-12-anys-com-a-referent-en-formacio-amb-dotze-tallers-i-concursosagora-sanitaria-celebrara-en-infarma-madrid-2022-12-anos-como-referente-en-formacion-co\/\",\"name\":\"\u00c0gora Sanit\u00e0ria celebrar\u00e0 a Infarma Madrid 2022 12 anys com a referent en formaci\u00f3, amb dotze tallers i concursos\u00c1gora Sanitaria celebrar\u00e1 en Infarma Madrid 2022 12 a\u00f1os como referente en formaci\u00f3n con doce talleres y concursos - Col\u00b7legi de Farmac\u00e8utics de Barcelona\",\"isPartOf\":{\"@id\":\"https:\/\/www.cofb.org\/#website\"},\"datePublished\":\"2022-03-10T14:21:00+00:00\",\"dateModified\":\"2022-03-10T14:21:00+00:00\",\"breadcrumb\":{\"@id\":\"https:\/\/novaorg.cofb.net\/2022\/03\/10\/agora-sanitaria-celebrara-a-infarma-madrid-2022-12-anys-com-a-referent-en-formacio-amb-dotze-tallers-i-concursosagora-sanitaria-celebrara-en-infarma-madrid-2022-12-anos-como-referente-en-formacion-co\/#breadcrumb\"},\"inLanguage\":\"es\",\"potentialAction\":[{\"@type\":\"ReadAction\",\"target\":[\"https:\/\/novaorg.cofb.net\/2022\/03\/10\/agora-sanitaria-celebrara-a-infarma-madrid-2022-12-anys-com-a-referent-en-formacio-amb-dotze-tallers-i-concursosagora-sanitaria-celebrara-en-infarma-madrid-2022-12-anos-como-referente-en-formacion-co\/\"]}]},{\"@type\":\"BreadcrumbList\",\"@id\":\"https:\/\/novaorg.cofb.net\/2022\/03\/10\/agora-sanitaria-celebrara-a-infarma-madrid-2022-12-anys-com-a-referent-en-formacio-amb-dotze-tallers-i-concursosagora-sanitaria-celebrara-en-infarma-madrid-2022-12-anos-como-referente-en-formacion-co\/#breadcrumb\",\"itemListElement\":[{\"@type\":\"ListItem\",\"position\":1,\"name\":\"Inici\",\"item\":\"https:\/\/novaorg.cofb.net\/\"},{\"@type\":\"ListItem\",\"position\":2,\"name\":\"\u00c0gora Sanit\u00e0ria celebrar\u00e0 a Infarma Madrid 2022 12 anys com a referent en formaci\u00f3, amb dotze tallers i concursos\u00c1gora Sanitaria celebrar\u00e1 en Infarma Madrid 2022 12 a\u00f1os como referente en formaci\u00f3n con doce talleres y concursos\"}]},{\"@type\":\"WebSite\",\"@id\":\"https:\/\/www.cofb.org\/#website\",\"url\":\"https:\/\/www.cofb.org\/\",\"name\":\"Col\u00b7legi de Farmac\u00e8utics de Barcelona\",\"description\":\"\",\"publisher\":{\"@id\":\"https:\/\/www.cofb.org\/#organization\"},\"potentialAction\":[{\"@type\":\"SearchAction\",\"target\":{\"@type\":\"EntryPoint\",\"urlTemplate\":\"https:\/\/www.cofb.org\/?s={search_term_string}\"},\"query-input\":\"required name=search_term_string\"}],\"inLanguage\":\"es\"},{\"@type\":\"Organization\",\"@id\":\"https:\/\/www.cofb.org\/#organization\",\"name\":\"Col\u00b7legi de Farmac\u00e8utics de Barcelona\",\"url\":\"https:\/\/www.cofb.org\/\",\"logo\":{\"@type\":\"ImageObject\",\"inLanguage\":\"es\",\"@id\":\"https:\/\/www.cofb.org\/#\/schema\/logo\/image\/\",\"url\":\"https:\/\/www.cofb.org\/wp-content\/uploads\/2023\/11\/cropped-Logotip-COFB.png\",\"contentUrl\":\"https:\/\/www.cofb.org\/wp-content\/uploads\/2023\/11\/cropped-Logotip-COFB.png\",\"width\":500,\"height\":105,\"caption\":\"Col\u00b7legi de Farmac\u00e8utics de Barcelona\"},\"image\":{\"@id\":\"https:\/\/www.cofb.org\/#\/schema\/logo\/image\/\"},\"sameAs\":[\"https:\/\/www.facebook.com\/farmaceuticsbcn\/\",\"https:\/\/twitter.com\/farmaceuticsbcn\",\"https:\/\/www.instagram.com\/farmaceuticsbcn\/\",\"https:\/\/www.linkedin.com\/company\/farmaceuticsbcn\/\"]},{\"@type\":\"Person\",\"@id\":\"https:\/\/www.cofb.org\/#\/schema\/person\/22ed7eea88da74b0fa4d3154ad87ffcb\",\"name\":\"wpAdminCofbOrg\",\"image\":{\"@type\":\"ImageObject\",\"inLanguage\":\"es\",\"@id\":\"https:\/\/www.cofb.org\/#\/schema\/person\/image\/\",\"url\":\"https:\/\/secure.gravatar.com\/avatar\/1721b20b3b8ca882c3b56ec6c978c594fff670e40c0718e9190eaeeb76aae7d8?s=96&d=mm&r=g\",\"contentUrl\":\"https:\/\/secure.gravatar.com\/avatar\/1721b20b3b8ca882c3b56ec6c978c594fff670e40c0718e9190eaeeb76aae7d8?s=96&d=mm&r=g\",\"caption\":\"wpAdminCofbOrg\"},\"sameAs\":[\"http:\/\/192.168.64.122\/wordpress\"],\"url\":\"https:\/\/www.cofb.org\/es\/author\/wpadmincofborg\/\"}]}<\/script>\n<!-- \/ Yoast SEO plugin. -->","yoast_head_json":{"title":"\u00c0gora Sanit\u00e0ria celebrar\u00e0 a Infarma Madrid 2022 12 anys com a referent en formaci\u00f3, amb dotze tallers i concursos\u00c1gora Sanitaria celebrar\u00e1 en Infarma Madrid 2022 12 a\u00f1os como referente en formaci\u00f3n con doce talleres y concursos - Col\u00b7legi de Farmac\u00e8utics de Barcelona","robots":{"index":"index","follow":"follow","max-snippet":"max-snippet:-1","max-image-preview":"max-image-preview:large","max-video-preview":"max-video-preview:-1"},"canonical":"https:\/\/novaorg.cofb.net\/2022\/03\/10\/agora-sanitaria-celebrara-a-infarma-madrid-2022-12-anys-com-a-referent-en-formacio-amb-dotze-tallers-i-concursosagora-sanitaria-celebrara-en-infarma-madrid-2022-12-anos-como-referente-en-formacion-co\/","og_locale":"es_ES","og_type":"article","og_title":"\u00c0gora Sanit\u00e0ria celebrar\u00e0 a Infarma Madrid 2022 12 anys com a referent en formaci\u00f3, amb dotze tallers i concursos\u00c1gora Sanitaria celebrar\u00e1 en Infarma Madrid 2022 12 a\u00f1os como referente en formaci\u00f3n con doce talleres y concursos - Col\u00b7legi de Farmac\u00e8utics de Barcelona","og_description":"\u00a0 Farmac\u00e8utics experts en diferents \u00e0rees de la salut fomentaran a l&#8217;Aula \u00c0gora l&#8217;aprenentatge pr\u00e0ctic i actiu que permeti el desenvolupament professional dels farmac\u00e8utics. Concursos i premis esperen els visitants que visitin el Congr\u00e9s \u00a0 Madrid, 10 de mar\u00e7. Ja fa 12 anys que \u00c0gora Sanit\u00e0ria, el portal de formaci\u00f3 [&hellip;]","og_url":"https:\/\/novaorg.cofb.net\/2022\/03\/10\/agora-sanitaria-celebrara-a-infarma-madrid-2022-12-anys-com-a-referent-en-formacio-amb-dotze-tallers-i-concursosagora-sanitaria-celebrara-en-infarma-madrid-2022-12-anos-como-referente-en-formacion-co\/","og_site_name":"Col\u00b7legi de Farmac\u00e8utics de Barcelona","article_publisher":"https:\/\/www.facebook.com\/farmaceuticsbcn\/","article_published_time":"2022-03-10T14:21:00+00:00","author":"wpAdminCofbOrg","twitter_card":"summary_large_image","twitter_creator":"@farmaceuticsbcn","twitter_site":"@farmaceuticsbcn","twitter_misc":{"Escrito por":"wpAdminCofbOrg","Tiempo de lectura":"5 minutos"},"schema":{"@context":"https:\/\/schema.org","@graph":[{"@type":"Article","@id":"https:\/\/novaorg.cofb.net\/2022\/03\/10\/agora-sanitaria-celebrara-a-infarma-madrid-2022-12-anys-com-a-referent-en-formacio-amb-dotze-tallers-i-concursosagora-sanitaria-celebrara-en-infarma-madrid-2022-12-anos-como-referente-en-formacion-co\/#article","isPartOf":{"@id":"https:\/\/novaorg.cofb.net\/2022\/03\/10\/agora-sanitaria-celebrara-a-infarma-madrid-2022-12-anys-com-a-referent-en-formacio-amb-dotze-tallers-i-concursosagora-sanitaria-celebrara-en-infarma-madrid-2022-12-anos-como-referente-en-formacion-co\/"},"author":{"name":"wpAdminCofbOrg","@id":"https:\/\/www.cofb.org\/#\/schema\/person\/22ed7eea88da74b0fa4d3154ad87ffcb"},"headline":"\u00c0gora Sanit\u00e0ria celebrar\u00e0 a Infarma Madrid 2022 12 anys com a referent en formaci\u00f3, amb dotze tallers i concursos\u00c1gora Sanitaria celebrar\u00e1 en Infarma Madrid 2022 12 a\u00f1os como referente en formaci\u00f3n con doce talleres y concursos","datePublished":"2022-03-10T14:21:00+00:00","dateModified":"2022-03-10T14:21:00+00:00","mainEntityOfPage":{"@id":"https:\/\/novaorg.cofb.net\/2022\/03\/10\/agora-sanitaria-celebrara-a-infarma-madrid-2022-12-anys-com-a-referent-en-formacio-amb-dotze-tallers-i-concursosagora-sanitaria-celebrara-en-infarma-madrid-2022-12-anos-como-referente-en-formacion-co\/"},"wordCount":1058,"publisher":{"@id":"https:\/\/www.cofb.org\/#organization"},"articleSection":["Notes de premsa","Sense categoria"],"inLanguage":"es"},{"@type":"WebPage","@id":"https:\/\/novaorg.cofb.net\/2022\/03\/10\/agora-sanitaria-celebrara-a-infarma-madrid-2022-12-anys-com-a-referent-en-formacio-amb-dotze-tallers-i-concursosagora-sanitaria-celebrara-en-infarma-madrid-2022-12-anos-como-referente-en-formacion-co\/","url":"https:\/\/novaorg.cofb.net\/2022\/03\/10\/agora-sanitaria-celebrara-a-infarma-madrid-2022-12-anys-com-a-referent-en-formacio-amb-dotze-tallers-i-concursosagora-sanitaria-celebrara-en-infarma-madrid-2022-12-anos-como-referente-en-formacion-co\/","name":"\u00c0gora Sanit\u00e0ria celebrar\u00e0 a Infarma Madrid 2022 12 anys com a referent en formaci\u00f3, amb dotze tallers i concursos\u00c1gora Sanitaria celebrar\u00e1 en Infarma Madrid 2022 12 a\u00f1os como referente en formaci\u00f3n con doce talleres y concursos - Col\u00b7legi de Farmac\u00e8utics de Barcelona","isPartOf":{"@id":"https:\/\/www.cofb.org\/#website"},"datePublished":"2022-03-10T14:21:00+00:00","dateModified":"2022-03-10T14:21:00+00:00","breadcrumb":{"@id":"https:\/\/novaorg.cofb.net\/2022\/03\/10\/agora-sanitaria-celebrara-a-infarma-madrid-2022-12-anys-com-a-referent-en-formacio-amb-dotze-tallers-i-concursosagora-sanitaria-celebrara-en-infarma-madrid-2022-12-anos-como-referente-en-formacion-co\/#breadcrumb"},"inLanguage":"es","potentialAction":[{"@type":"ReadAction","target":["https:\/\/novaorg.cofb.net\/2022\/03\/10\/agora-sanitaria-celebrara-a-infarma-madrid-2022-12-anys-com-a-referent-en-formacio-amb-dotze-tallers-i-concursosagora-sanitaria-celebrara-en-infarma-madrid-2022-12-anos-como-referente-en-formacion-co\/"]}]},{"@type":"BreadcrumbList","@id":"https:\/\/novaorg.cofb.net\/2022\/03\/10\/agora-sanitaria-celebrara-a-infarma-madrid-2022-12-anys-com-a-referent-en-formacio-amb-dotze-tallers-i-concursosagora-sanitaria-celebrara-en-infarma-madrid-2022-12-anos-como-referente-en-formacion-co\/#breadcrumb","itemListElement":[{"@type":"ListItem","position":1,"name":"Inici","item":"https:\/\/novaorg.cofb.net\/"},{"@type":"ListItem","position":2,"name":"\u00c0gora Sanit\u00e0ria celebrar\u00e0 a Infarma Madrid 2022 12 anys com a referent en formaci\u00f3, amb dotze tallers i concursos\u00c1gora Sanitaria celebrar\u00e1 en Infarma Madrid 2022 12 a\u00f1os como referente en formaci\u00f3n con doce talleres y concursos"}]},{"@type":"WebSite","@id":"https:\/\/www.cofb.org\/#website","url":"https:\/\/www.cofb.org\/","name":"Col\u00b7legi de Farmac\u00e8utics de Barcelona","description":"","publisher":{"@id":"https:\/\/www.cofb.org\/#organization"},"potentialAction":[{"@type":"SearchAction","target":{"@type":"EntryPoint","urlTemplate":"https:\/\/www.cofb.org\/?s={search_term_string}"},"query-input":"required name=search_term_string"}],"inLanguage":"es"},{"@type":"Organization","@id":"https:\/\/www.cofb.org\/#organization","name":"Col\u00b7legi de Farmac\u00e8utics de Barcelona","url":"https:\/\/www.cofb.org\/","logo":{"@type":"ImageObject","inLanguage":"es","@id":"https:\/\/www.cofb.org\/#\/schema\/logo\/image\/","url":"https:\/\/www.cofb.org\/wp-content\/uploads\/2023\/11\/cropped-Logotip-COFB.png","contentUrl":"https:\/\/www.cofb.org\/wp-content\/uploads\/2023\/11\/cropped-Logotip-COFB.png","width":500,"height":105,"caption":"Col\u00b7legi de Farmac\u00e8utics de Barcelona"},"image":{"@id":"https:\/\/www.cofb.org\/#\/schema\/logo\/image\/"},"sameAs":["https:\/\/www.facebook.com\/farmaceuticsbcn\/","https:\/\/twitter.com\/farmaceuticsbcn","https:\/\/www.instagram.com\/farmaceuticsbcn\/","https:\/\/www.linkedin.com\/company\/farmaceuticsbcn\/"]},{"@type":"Person","@id":"https:\/\/www.cofb.org\/#\/schema\/person\/22ed7eea88da74b0fa4d3154ad87ffcb","name":"wpAdminCofbOrg","image":{"@type":"ImageObject","inLanguage":"es","@id":"https:\/\/www.cofb.org\/#\/schema\/person\/image\/","url":"https:\/\/secure.gravatar.com\/avatar\/1721b20b3b8ca882c3b56ec6c978c594fff670e40c0718e9190eaeeb76aae7d8?s=96&d=mm&r=g","contentUrl":"https:\/\/secure.gravatar.com\/avatar\/1721b20b3b8ca882c3b56ec6c978c594fff670e40c0718e9190eaeeb76aae7d8?s=96&d=mm&r=g","caption":"wpAdminCofbOrg"},"sameAs":["http:\/\/192.168.64.122\/wordpress"],"url":"https:\/\/www.cofb.org\/es\/author\/wpadmincofborg\/"}]}},"uagb_featured_image_src":{"full":false,"thumbnail":false,"medium":false,"medium_large":false,"large":false,"1536x1536":false,"2048x2048":false,"trp-custom-language-flag":false},"uagb_author_info":{"display_name":"wpAdminCofbOrg","author_link":"https:\/\/www.cofb.org\/es\/author\/wpadmincofborg\/"},"uagb_comment_info":0,"uagb_excerpt":"\u00a0 Farmac\u00e8utics experts en diferents \u00e0rees de la salut fomentaran a l&#8217;Aula \u00c0gora l&#8217;aprenentatge pr\u00e0ctic i actiu que permeti el desenvolupament professional dels farmac\u00e8utics. Concursos i premis esperen els visitants que visitin el Congr\u00e9s \u00a0 Madrid, 10 de mar\u00e7. Ja fa 12 anys que \u00c0gora Sanit\u00e0ria, el portal de formaci\u00f3 [&hellip;]","_links":{"self":[{"href":"https:\/\/www.cofb.org\/es\/wp-json\/wp\/v2\/posts\/77015","targetHints":{"allow":["GET"]}}],"collection":[{"href":"https:\/\/www.cofb.org\/es\/wp-json\/wp\/v2\/posts"}],"about":[{"href":"https:\/\/www.cofb.org\/es\/wp-json\/wp\/v2\/types\/post"}],"author":[{"embeddable":true,"href":"https:\/\/www.cofb.org\/es\/wp-json\/wp\/v2\/users\/1"}],"replies":[{"embeddable":true,"href":"https:\/\/www.cofb.org\/es\/wp-json\/wp\/v2\/comments?post=77015"}],"version-history":[{"count":0,"href":"https:\/\/www.cofb.org\/es\/wp-json\/wp\/v2\/posts\/77015\/revisions"}],"wp:attachment":[{"href":"https:\/\/www.cofb.org\/es\/wp-json\/wp\/v2\/media?parent=77015"}],"wp:term":[{"taxonomy":"category","embeddable":true,"href":"https:\/\/www.cofb.org\/es\/wp-json\/wp\/v2\/categories?post=77015"},{"taxonomy":"post_tag","embeddable":true,"href":"https:\/\/www.cofb.org\/es\/wp-json\/wp\/v2\/tags?post=77015"}],"curies":[{"name":"wp","href":"https:\/\/api.w.org\/{rel}","templated":true}]}}