{"id":77014,"date":"2022-03-10T18:21:00","date_gmt":"2022-03-10T18:21:00","guid":{"rendered":"https:\/\/novaorg.cofb.net\/2022\/03\/10\/els-farmaceutics-podran-viure-lexperiencia-de-recertificar-les-seves-competencies-a-infarmalos-farmaceuticos-podran-vivir-la-experiencia-de-recertificar-sus-competencias-en-infarma\/"},"modified":"2022-03-10T18:21:00","modified_gmt":"2022-03-10T18:21:00","slug":"els-farmaceutics-podran-viure-lexperiencia-de-recertificar-les-seves-competencies-a-infarmalos-farmaceuticos-podran-vivir-la-experiencia-de-recertificar-sus-competencias-en-infarma","status":"publish","type":"post","link":"https:\/\/www.cofb.org\/es\/2022\/03\/10\/els-farmaceutics-podran-viure-lexperiencia-de-recertificar-les-seves-competencies-a-infarmalos-farmaceuticos-podran-vivir-la-experiencia-de-recertificar-sus-competencias-en-infarma\/","title":{"rendered":"Los farmac\u00e9uticos podr\u00e1n vivir la experiencia de recertificar sus competencias en InfarmaLos farmac\u00e9uticos podr\u00e1n vivir la experiencia de recertificar sus competencias en Infarma"},"content":{"rendered":"<p>\u00a0<\/p>\n<ul>\n<li>Los profesionales inscritos tendr\u00e1n la oportunidad de evaluar su actuaci\u00f3n profesional en dos supuestos pr\u00e1cticos de atenci\u00f3n farmac\u00e9utica desarrollados en el stand del COFM<\/li>\n<li>\u00a0<\/li>\n<li>El Colegio de Madrid presentar\u00e1 la plataforma inform\u00e1tica de formaci\u00f3n tutorizada que permite la autoevaluaci\u00f3n de competencias y el seguimiento para reforzar las \u00e1reas de mejora<\/li>\n<li>\u00a0<\/li>\n<\/ul>\n<p><em>Madrid, 10 de marzo<\/em>. Infarma Madrid 2022 abrir\u00e1 un espacio de recertificaci\u00f3n de competencias, en el que los farmac\u00e9uticos inscritos podr\u00e1n conocer y someterse al proceso de evaluaci\u00f3n desarrollado por el Colegio Oficial de Farmac\u00e9uticos de Madrid (COFM) que garantiza el desarrollo profesional continuo.<\/p>\n<p>Por primera vez, el Congreso y Sal\u00f3n de la Farmacia organizado por los colegios farmac\u00e9uticos de Madrid y Barcelona, en colaboraci\u00f3n con Interalia, dedicar\u00e1 un stand a la evaluaci\u00f3n de las competencias profesionales. Dise\u00f1ado como una farmacia virtual, los farmac\u00e9uticos inscritos podr\u00e1n comprobar cu\u00e1l es su nivel de competencias en dos supuestos pr\u00e1cticos de actuaci\u00f3n profesional: consejo farmac\u00e9utico en ojo seco y gastroenteritis.<\/p>\n<p>\nEl stand estar\u00e1 integrado en el espacio que ocupar\u00e1 el COFM en el pabell\u00f3n 1 del recinto ferial de Ifema. Los profesionales interesados podr\u00e1n inscribirse en el propio stand de recertificaci\u00f3n en distintos horarios durante los tres d\u00edas de Congreso.<\/p>\n<p>\n\u201cQueremos invitar a todos los profesionales a entrar en nuestra farmacia virtual para conocer de primera mano en qu\u00e9 consiste la recertificaci\u00f3n de competencias. Todos los compa\u00f1eros que se animen podr\u00e1n someterse a una simulaci\u00f3n del test para comprobar cu\u00e1l es su nivel de competencias. Es un reto que nadie decepcionar\u00e1\u201d, explica Pilar Varela Gallego, vocal de Docencia e Investigaci\u00f3n del COFM en funciones.<\/p>\n<p>\n<strong><u>Plataforma inform\u00e1tica de recertificaci\u00f3n de competencias<\/u><\/strong><\/p>\n<p>Infarma profundizar\u00e1 en el modelo de recertificaci\u00f3n de competencias impulsado por el COFM a trav\u00e9s de una mesa redonda que contar\u00e1 con las intervenciones de <strong>Pilar Varela<\/strong> y <strong>Julio Zarco Rodr\u00edguez<\/strong>, subdirector gerente del Hospital Cl\u00ednico San Carlos de Madrid, y la moderaci\u00f3n de<strong>Irene Iglesias Peinado<\/strong>, decana de la Universidad Complutense de Madrid (UCM).<\/p>\n<p>En el transcurso de la mesa redonda, se presentar\u00e1 la plataforma inform\u00e1tica de formaci\u00f3n tutorizada que permite el desarrollo profesional continuo al realizar un seguimiento individualizado del farmac\u00e9utico para reforzar las \u00e1reas de mejora de cada profesional.<\/p>\n<p>Todos los profesionales que lo deseen podr\u00e1n acceder al modelo acreditado de recertificaci\u00f3n y al primer Mapa Competencial de la Oficina de Farmacia desarrollado por el COFM, que ha sido actualizado de nuevo por el grupo de trabajo de Recertificaci\u00f3n, que determina los conocimientos que debe tener un farmac\u00e9utico de oficina de farmacia, las habilidades que debe manejar para aplicar estos conocimientos a la pr\u00e1ctica diaria de la farmacia, las actitudes que deben impulsar su ejercicio profesional y los desempe\u00f1os que configuran su competencia, as\u00ed como su nivel de responsabilidad y sus necesidades de actualizaci\u00f3n continua.<\/p>\n<p>Por <strong>Pilar Gallego<\/strong>, el proceso de evaluar de forma peri\u00f3dica el nivel competencial de cada profesional \u201ces una cuesti\u00f3n de calidad asistencial, de motivaci\u00f3n incluso para los propios farmac\u00e9uticos que aceptan someterse a esta prueba y, por supuesto, una demostraci\u00f3n a la ciudadan\u00eda del compromiso y la voluntad de mejorar d\u00eda a d\u00eda\u201d.<\/p>\n<p>El Colegio Oficial de Farmac\u00e9uticos de Madrid organiz\u00f3, el 26 de octubre de 2019, la primera Evaluaci\u00f3n de Competencias Objetiva y Estructurada (ECOE, por sus siglas en castellano) de la farmacia espa\u00f1ola, convirti\u00e9ndose as\u00ed en la primera corporaci\u00f3n profesional sanitaria en Espa\u00f1a preparada para evaluar y certificar de forma peri\u00f3dica, es decir, recertificar las competencias profesionales de oficina de farmacia de sus colegiados, dentro de un desarrollo avalado por la Facultad de Farmacia de la UCM y la Sociedad Espa\u00f1ola de Farmacia Cl\u00ednica, Familiar y Comunitaria.<\/p>\n<p>\u00a0Los profesionales inscritos tendr\u00e1n la oportunidad de evaluar su actuaci\u00f3n profesional en dos supuestos pr\u00e1cticos de atenci\u00f3n farmac\u00e9utica desarrollados en el stand del COFM<br \/>\n\t\u00a0<br \/>\n\tEl Colegio de Madrid presentar\u00e1 la plataforma inform\u00e1tica de formaci\u00f3n tutorizada que permite la autoevaluaci\u00f3n de competencias y el seguimiento para reforzar las \u00e1reas de mejora<br \/>\n\t\u00a0<\/p>\n<p>Madrid, 10 de marzo. Infarma Madrid 2022 abrir\u00e1 un espacio de recertificaci\u00f3n de competencias, en el que los farmac\u00e9uticos inscritos podr\u00e1n conocer y someterse al proceso de evaluaci\u00f3n desarrollado por el Colegio Oficial de Farmac\u00e9uticos de Madrid (COFM) que garantiza el desarrollo profesional continuo.<\/p>\n<p>Por primera vez, el Congreso y Sal\u00f3n de la Farmacia organizado por los colegios farmac\u00e9uticos de Madrid y Barcelona, en colaboraci\u00f3n con Interalia, dedicar\u00e1 un stand a la evaluaci\u00f3n de las competencias profesionales. Dise\u00f1ado como una farmacia virtual, los farmac\u00e9uticos inscritos podr\u00e1n comprobar cu\u00e1l es su nivel de competencias en dos supuestos pr\u00e1cticos de actuaci\u00f3n profesional: consejo farmac\u00e9utico en ojo seco y gastroenteritis.<\/p>\n<p>El stand estar\u00e1 integrado en el espacio que ocupar\u00e1 el COFM en el pabell\u00f3n 1 del recinto ferial de Ifema. Los profesionales interesados podr\u00e1n inscribirse en el propio stand de recertificaci\u00f3n en distintos horarios durante los tres d\u00edas de Congreso.<\/p>\n<p>\u201cQueremos invitar a todos los profesionales a entrar en nuestra farmacia virtual para conocer de primera mano en qu\u00e9 consiste la recertificaci\u00f3n de competencias. Todos los compa\u00f1eros que se animen podr\u00e1n someterse a una simulaci\u00f3n del test para comprobar cu\u00e1l es su nivel de competencias. Es un reto que nadie decepcionar\u00e1\u201d, explica Pilar Varela Gallego, vocal de Docencia e Investigaci\u00f3n del COFM en funciones.<\/p>\n<p>Plataforma inform\u00e1tica de recertificaci\u00f3n de competencias<\/p>\n<p>Infarma profundizar\u00e1 en el modelo de recertificaci\u00f3n de competencias impulsado por el COFM a trav\u00e9s de una mesa redonda que contar\u00e1 con las intervenciones de Pilar Varela y Julio Zarco Rodr\u00edguez, subdirector gerente del Hospital Cl\u00ednico San Carlos de Madrid, y la moderaci\u00f3n de Irene Iglesias Peinado, decana de la Universidad Complutense de Madrid (UCM).<\/p>\n<p>En el transcurso de la mesa redonda, se presentar\u00e1 la plataforma inform\u00e1tica de formaci\u00f3n tutorizada que permite el desarrollo profesional continuo al realizar un seguimiento individualizado del farmac\u00e9utico para reforzar las \u00e1reas de mejora de cada profesional.<\/p>\n<p>Todos los profesionales que lo deseen podr\u00e1n acceder al modelo acreditado de recertificaci\u00f3n y al primer Mapa Competencial de la Oficina de Farmacia desarrollado por el COFM, que ha sido actualizado de nuevo por el grupo de trabajo de Recertificaci\u00f3n, que determina los conocimientos que debe tener un farmac\u00e9utico de oficina de farmacia, las habilidades que debe manejar para aplicar estos conocimientos a la pr\u00e1ctica diaria de la farmacia, las actitudes que deben impulsar su ejercicio profesional y los desempe\u00f1os que configuran su competencia, as\u00ed como su nivel de responsabilidad y sus necesidades de actualizaci\u00f3n continua.<\/p>\n<p>Para Pilar Gallego, el proceso de evaluar de forma peri\u00f3dica el nivel competencial de cada profesional \u201ces una cuesti\u00f3n de calidad asistencial, de motivaci\u00f3n incluso para los propios farmac\u00e9uticos que aceptan someterse a esta prueba y, por supuesto, una demostraci\u00f3n en la ciudadan\u00eda del compromiso y la voluntad de mejorar d\u00eda a d\u00eda\u201d.<\/p>\n<p>El Colegio Oficial de Farmac\u00e9uticos de Madrid organiz\u00f3, el 26 de octubre de 2019, la primera Evaluaci\u00f3n de Competencias Objetiva y Estructurada (ECOE, por sus siglas en castellano) de la farmacia espa\u00f1ola, convirti\u00e9ndose as\u00ed en la primera corporaci\u00f3n profesional sanitaria en Espa\u00f1a preparada para evaluar y certificar de forma peri\u00f3dica, es decir, recertificar las competencias profesionales de oficina de farmacia de sus colegiados, dentro de un desarrollo avalado por la Facultad de Farmacia de la UCM y la Sociedad Espa\u00f1ola de Farmacia Cl\u00ednica, Familiar y Comunitaria.  COFB.ORG<\/p>","protected":false},"excerpt":{"rendered":"<p>\u00a0 Los profesionales inscritos tendr\u00e1n la oportunidad de evaluar su actuaci\u00f3n profesional en dos supuestos pr\u00e1cticos de atenci\u00f3n farmac\u00e9utica desarrollados en el stand del COFM El Colegio de Madrid presentar\u00e1 la plataforma inform\u00e1tica de formaci\u00f3n tutorizada que permite la autoevaluaci\u00f3n de competencias y el seguimiento para reforzar las \u00e1reas de mejora Madrid, [\u2026]<\/p>","protected":false},"author":1,"featured_media":0,"comment_status":"","ping_status":"","sticky":false,"template":"","format":"standard","meta":{"_uag_custom_page_level_css":"","site-sidebar-layout":"default","site-content-layout":"","ast-site-content-layout":"default","site-content-style":"default","site-sidebar-style":"default","ast-global-header-display":"","ast-banner-title-visibility":"","ast-main-header-display":"","ast-hfb-above-header-display":"","ast-hfb-below-header-display":"","ast-hfb-mobile-header-display":"","site-post-title":"","ast-breadcrumbs-content":"","ast-featured-img":"disabled","footer-sml-layout":"","theme-transparent-header-meta":"","adv-header-id-meta":"","stick-header-meta":"","header-above-stick-meta":"","header-main-stick-meta":"","header-below-stick-meta":"","astra-migrate-meta-layouts":"default","ast-page-background-enabled":"default","ast-page-background-meta":{"desktop":{"background-color":"var(--ast-global-color-4)","background-image":"","background-repeat":"repeat","background-position":"center center","background-size":"auto","background-attachment":"scroll","background-type":"","background-media":"","overlay-type":"","overlay-color":"","overlay-opacity":"","overlay-gradient":""},"tablet":{"background-color":"","background-image":"","background-repeat":"repeat","background-position":"center center","background-size":"auto","background-attachment":"scroll","background-type":"","background-media":"","overlay-type":"","overlay-color":"","overlay-opacity":"","overlay-gradient":""},"mobile":{"background-color":"","background-image":"","background-repeat":"repeat","background-position":"center center","background-size":"auto","background-attachment":"scroll","background-type":"","background-media":"","overlay-type":"","overlay-color":"","overlay-opacity":"","overlay-gradient":""}},"ast-content-background-meta":{"desktop":{"background-color":"var(--ast-global-color-5)","background-image":"","background-repeat":"repeat","background-position":"center center","background-size":"auto","background-attachment":"scroll","background-type":"","background-media":"","overlay-type":"","overlay-color":"","overlay-opacity":"","overlay-gradient":""},"tablet":{"background-color":"var(--ast-global-color-5)","background-image":"","background-repeat":"repeat","background-position":"center center","background-size":"auto","background-attachment":"scroll","background-type":"","background-media":"","overlay-type":"","overlay-color":"","overlay-opacity":"","overlay-gradient":""},"mobile":{"background-color":"var(--ast-global-color-5)","background-image":"","background-repeat":"repeat","background-position":"center center","background-size":"auto","background-attachment":"scroll","background-type":"","background-media":"","overlay-type":"","overlay-color":"","overlay-opacity":"","overlay-gradient":""}},"footnotes":""},"categories":[1060,1066],"tags":[],"class_list":["post-77014","post","type-post","status-publish","format-standard","hentry","category-notes-premsa","category-sense-categoria-ca"],"yoast_head":"<!-- This site is optimized with the Yoast SEO plugin v22.4 - https:\/\/yoast.com\/wordpress\/plugins\/seo\/ -->\n<title>Els farmac\u00e8utics podran viure l&#039;experi\u00e8ncia de recertificar les seves compet\u00e8ncies a InfarmaLos farmac\u00e9uticos podr\u00e1n vivir la experiencia de recertificar sus competencias en Infarma - Col\u00b7legi de Farmac\u00e8utics de Barcelona<\/title>\n<meta name=\"robots\" content=\"index, follow, max-snippet:-1, max-image-preview:large, max-video-preview:-1\" \/>\n<link rel=\"canonical\" href=\"https:\/\/novaorg.cofb.net\/2022\/03\/10\/els-farmaceutics-podran-viure-lexperiencia-de-recertificar-les-seves-competencies-a-infarmalos-farmaceuticos-podran-vivir-la-experiencia-de-recertificar-sus-competencias-en-infarma\/\" \/>\n<meta property=\"og:locale\" content=\"es_ES\" \/>\n<meta property=\"og:type\" content=\"article\" \/>\n<meta property=\"og:title\" content=\"Els farmac\u00e8utics podran viure l&#039;experi\u00e8ncia de recertificar les seves compet\u00e8ncies a InfarmaLos farmac\u00e9uticos podr\u00e1n vivir la experiencia de recertificar sus competencias en Infarma - Col\u00b7legi de Farmac\u00e8utics de Barcelona\" \/>\n<meta property=\"og:description\" content=\"\u00a0 Els professionals inscrits tindran l&#8217;oportunitat d&#8217;avaluar la seva actuaci\u00f3 professional en dos sup\u00f2sits pr\u00e0ctics d&#8217;atenci\u00f3 farmac\u00e8utica desenvolupats a l&#8217;estand del COFM \u00a0 El Col\u00b7legi de Madrid presentar\u00e0 la plataforma inform\u00e0tica de formaci\u00f3 tutoritzada que permet l&#8217;autoavaluaci\u00f3 de compet\u00e8ncies i el seguiment per refor\u00e7ar les \u00e0rees de millora \u00a0 Madrid, [&hellip;]\" \/>\n<meta property=\"og:url\" content=\"https:\/\/novaorg.cofb.net\/2022\/03\/10\/els-farmaceutics-podran-viure-lexperiencia-de-recertificar-les-seves-competencies-a-infarmalos-farmaceuticos-podran-vivir-la-experiencia-de-recertificar-sus-competencias-en-infarma\/\" \/>\n<meta property=\"og:site_name\" content=\"Col\u00b7legi de Farmac\u00e8utics de Barcelona\" \/>\n<meta property=\"article:publisher\" content=\"https:\/\/www.facebook.com\/farmaceuticsbcn\/\" \/>\n<meta property=\"article:published_time\" content=\"2022-03-10T18:21:00+00:00\" \/>\n<meta name=\"author\" content=\"wpAdminCofbOrg\" \/>\n<meta name=\"twitter:card\" content=\"summary_large_image\" \/>\n<meta name=\"twitter:creator\" content=\"@farmaceuticsbcn\" \/>\n<meta name=\"twitter:site\" content=\"@farmaceuticsbcn\" \/>\n<meta name=\"twitter:label1\" content=\"Escrito por\" \/>\n\t<meta name=\"twitter:data1\" content=\"wpAdminCofbOrg\" \/>\n\t<meta name=\"twitter:label2\" content=\"Tiempo de lectura\" \/>\n\t<meta name=\"twitter:data2\" content=\"6 minutos\" \/>\n<script type=\"application\/ld+json\" class=\"yoast-schema-graph\">{\"@context\":\"https:\/\/schema.org\",\"@graph\":[{\"@type\":\"Article\",\"@id\":\"https:\/\/novaorg.cofb.net\/2022\/03\/10\/els-farmaceutics-podran-viure-lexperiencia-de-recertificar-les-seves-competencies-a-infarmalos-farmaceuticos-podran-vivir-la-experiencia-de-recertificar-sus-competencias-en-infarma\/#article\",\"isPartOf\":{\"@id\":\"https:\/\/novaorg.cofb.net\/2022\/03\/10\/els-farmaceutics-podran-viure-lexperiencia-de-recertificar-les-seves-competencies-a-infarmalos-farmaceuticos-podran-vivir-la-experiencia-de-recertificar-sus-competencias-en-infarma\/\"},\"author\":{\"name\":\"wpAdminCofbOrg\",\"@id\":\"https:\/\/www.cofb.org\/#\/schema\/person\/22ed7eea88da74b0fa4d3154ad87ffcb\"},\"headline\":\"Els farmac\u00e8utics podran viure l&#8217;experi\u00e8ncia de recertificar les seves compet\u00e8ncies a InfarmaLos farmac\u00e9uticos podr\u00e1n vivir la experiencia de recertificar sus competencias en Infarma\",\"datePublished\":\"2022-03-10T18:21:00+00:00\",\"dateModified\":\"2022-03-10T18:21:00+00:00\",\"mainEntityOfPage\":{\"@id\":\"https:\/\/novaorg.cofb.net\/2022\/03\/10\/els-farmaceutics-podran-viure-lexperiencia-de-recertificar-les-seves-competencies-a-infarmalos-farmaceuticos-podran-vivir-la-experiencia-de-recertificar-sus-competencias-en-infarma\/\"},\"wordCount\":1373,\"publisher\":{\"@id\":\"https:\/\/www.cofb.org\/#organization\"},\"articleSection\":[\"Notes de premsa\",\"Sense categoria\"],\"inLanguage\":\"es\"},{\"@type\":\"WebPage\",\"@id\":\"https:\/\/novaorg.cofb.net\/2022\/03\/10\/els-farmaceutics-podran-viure-lexperiencia-de-recertificar-les-seves-competencies-a-infarmalos-farmaceuticos-podran-vivir-la-experiencia-de-recertificar-sus-competencias-en-infarma\/\",\"url\":\"https:\/\/novaorg.cofb.net\/2022\/03\/10\/els-farmaceutics-podran-viure-lexperiencia-de-recertificar-les-seves-competencies-a-infarmalos-farmaceuticos-podran-vivir-la-experiencia-de-recertificar-sus-competencias-en-infarma\/\",\"name\":\"Els farmac\u00e8utics podran viure l'experi\u00e8ncia de recertificar les seves compet\u00e8ncies a InfarmaLos farmac\u00e9uticos podr\u00e1n vivir la experiencia de recertificar sus competencias en Infarma - Col\u00b7legi de Farmac\u00e8utics de Barcelona\",\"isPartOf\":{\"@id\":\"https:\/\/www.cofb.org\/#website\"},\"datePublished\":\"2022-03-10T18:21:00+00:00\",\"dateModified\":\"2022-03-10T18:21:00+00:00\",\"breadcrumb\":{\"@id\":\"https:\/\/novaorg.cofb.net\/2022\/03\/10\/els-farmaceutics-podran-viure-lexperiencia-de-recertificar-les-seves-competencies-a-infarmalos-farmaceuticos-podran-vivir-la-experiencia-de-recertificar-sus-competencias-en-infarma\/#breadcrumb\"},\"inLanguage\":\"es\",\"potentialAction\":[{\"@type\":\"ReadAction\",\"target\":[\"https:\/\/novaorg.cofb.net\/2022\/03\/10\/els-farmaceutics-podran-viure-lexperiencia-de-recertificar-les-seves-competencies-a-infarmalos-farmaceuticos-podran-vivir-la-experiencia-de-recertificar-sus-competencias-en-infarma\/\"]}]},{\"@type\":\"BreadcrumbList\",\"@id\":\"https:\/\/novaorg.cofb.net\/2022\/03\/10\/els-farmaceutics-podran-viure-lexperiencia-de-recertificar-les-seves-competencies-a-infarmalos-farmaceuticos-podran-vivir-la-experiencia-de-recertificar-sus-competencias-en-infarma\/#breadcrumb\",\"itemListElement\":[{\"@type\":\"ListItem\",\"position\":1,\"name\":\"Inici\",\"item\":\"https:\/\/novaorg.cofb.net\/\"},{\"@type\":\"ListItem\",\"position\":2,\"name\":\"Els farmac\u00e8utics podran viure l&#8217;experi\u00e8ncia de recertificar les seves compet\u00e8ncies a InfarmaLos farmac\u00e9uticos podr\u00e1n vivir la experiencia de recertificar sus competencias en Infarma\"}]},{\"@type\":\"WebSite\",\"@id\":\"https:\/\/www.cofb.org\/#website\",\"url\":\"https:\/\/www.cofb.org\/\",\"name\":\"Col\u00b7legi de Farmac\u00e8utics de Barcelona\",\"description\":\"\",\"publisher\":{\"@id\":\"https:\/\/www.cofb.org\/#organization\"},\"potentialAction\":[{\"@type\":\"SearchAction\",\"target\":{\"@type\":\"EntryPoint\",\"urlTemplate\":\"https:\/\/www.cofb.org\/?s={search_term_string}\"},\"query-input\":\"required name=search_term_string\"}],\"inLanguage\":\"es\"},{\"@type\":\"Organization\",\"@id\":\"https:\/\/www.cofb.org\/#organization\",\"name\":\"Col\u00b7legi de Farmac\u00e8utics de Barcelona\",\"url\":\"https:\/\/www.cofb.org\/\",\"logo\":{\"@type\":\"ImageObject\",\"inLanguage\":\"es\",\"@id\":\"https:\/\/www.cofb.org\/#\/schema\/logo\/image\/\",\"url\":\"https:\/\/www.cofb.org\/wp-content\/uploads\/2023\/11\/cropped-Logotip-COFB.png\",\"contentUrl\":\"https:\/\/www.cofb.org\/wp-content\/uploads\/2023\/11\/cropped-Logotip-COFB.png\",\"width\":500,\"height\":105,\"caption\":\"Col\u00b7legi de Farmac\u00e8utics de Barcelona\"},\"image\":{\"@id\":\"https:\/\/www.cofb.org\/#\/schema\/logo\/image\/\"},\"sameAs\":[\"https:\/\/www.facebook.com\/farmaceuticsbcn\/\",\"https:\/\/twitter.com\/farmaceuticsbcn\",\"https:\/\/www.instagram.com\/farmaceuticsbcn\/\",\"https:\/\/www.linkedin.com\/company\/farmaceuticsbcn\/\"]},{\"@type\":\"Person\",\"@id\":\"https:\/\/www.cofb.org\/#\/schema\/person\/22ed7eea88da74b0fa4d3154ad87ffcb\",\"name\":\"wpAdminCofbOrg\",\"image\":{\"@type\":\"ImageObject\",\"inLanguage\":\"es\",\"@id\":\"https:\/\/www.cofb.org\/#\/schema\/person\/image\/\",\"url\":\"https:\/\/secure.gravatar.com\/avatar\/1721b20b3b8ca882c3b56ec6c978c594fff670e40c0718e9190eaeeb76aae7d8?s=96&d=mm&r=g\",\"contentUrl\":\"https:\/\/secure.gravatar.com\/avatar\/1721b20b3b8ca882c3b56ec6c978c594fff670e40c0718e9190eaeeb76aae7d8?s=96&d=mm&r=g\",\"caption\":\"wpAdminCofbOrg\"},\"sameAs\":[\"http:\/\/192.168.64.122\/wordpress\"],\"url\":\"https:\/\/www.cofb.org\/es\/author\/wpadmincofborg\/\"}]}<\/script>\n<!-- \/ Yoast SEO plugin. -->","yoast_head_json":{"title":"Els farmac\u00e8utics podran viure l'experi\u00e8ncia de recertificar les seves compet\u00e8ncies a InfarmaLos farmac\u00e9uticos podr\u00e1n vivir la experiencia de recertificar sus competencias en Infarma - Col\u00b7legi de Farmac\u00e8utics de Barcelona","robots":{"index":"index","follow":"follow","max-snippet":"max-snippet:-1","max-image-preview":"max-image-preview:large","max-video-preview":"max-video-preview:-1"},"canonical":"https:\/\/novaorg.cofb.net\/2022\/03\/10\/els-farmaceutics-podran-viure-lexperiencia-de-recertificar-les-seves-competencies-a-infarmalos-farmaceuticos-podran-vivir-la-experiencia-de-recertificar-sus-competencias-en-infarma\/","og_locale":"es_ES","og_type":"article","og_title":"Els farmac\u00e8utics podran viure l'experi\u00e8ncia de recertificar les seves compet\u00e8ncies a InfarmaLos farmac\u00e9uticos podr\u00e1n vivir la experiencia de recertificar sus competencias en Infarma - Col\u00b7legi de Farmac\u00e8utics de Barcelona","og_description":"\u00a0 Els professionals inscrits tindran l&#8217;oportunitat d&#8217;avaluar la seva actuaci\u00f3 professional en dos sup\u00f2sits pr\u00e0ctics d&#8217;atenci\u00f3 farmac\u00e8utica desenvolupats a l&#8217;estand del COFM \u00a0 El Col\u00b7legi de Madrid presentar\u00e0 la plataforma inform\u00e0tica de formaci\u00f3 tutoritzada que permet l&#8217;autoavaluaci\u00f3 de compet\u00e8ncies i el seguiment per refor\u00e7ar les \u00e0rees de millora \u00a0 Madrid, [&hellip;]","og_url":"https:\/\/novaorg.cofb.net\/2022\/03\/10\/els-farmaceutics-podran-viure-lexperiencia-de-recertificar-les-seves-competencies-a-infarmalos-farmaceuticos-podran-vivir-la-experiencia-de-recertificar-sus-competencias-en-infarma\/","og_site_name":"Col\u00b7legi de Farmac\u00e8utics de Barcelona","article_publisher":"https:\/\/www.facebook.com\/farmaceuticsbcn\/","article_published_time":"2022-03-10T18:21:00+00:00","author":"wpAdminCofbOrg","twitter_card":"summary_large_image","twitter_creator":"@farmaceuticsbcn","twitter_site":"@farmaceuticsbcn","twitter_misc":{"Escrito por":"wpAdminCofbOrg","Tiempo de lectura":"6 minutos"},"schema":{"@context":"https:\/\/schema.org","@graph":[{"@type":"Article","@id":"https:\/\/novaorg.cofb.net\/2022\/03\/10\/els-farmaceutics-podran-viure-lexperiencia-de-recertificar-les-seves-competencies-a-infarmalos-farmaceuticos-podran-vivir-la-experiencia-de-recertificar-sus-competencias-en-infarma\/#article","isPartOf":{"@id":"https:\/\/novaorg.cofb.net\/2022\/03\/10\/els-farmaceutics-podran-viure-lexperiencia-de-recertificar-les-seves-competencies-a-infarmalos-farmaceuticos-podran-vivir-la-experiencia-de-recertificar-sus-competencias-en-infarma\/"},"author":{"name":"wpAdminCofbOrg","@id":"https:\/\/www.cofb.org\/#\/schema\/person\/22ed7eea88da74b0fa4d3154ad87ffcb"},"headline":"Els farmac\u00e8utics podran viure l&#8217;experi\u00e8ncia de recertificar les seves compet\u00e8ncies a InfarmaLos farmac\u00e9uticos podr\u00e1n vivir la experiencia de recertificar sus competencias en Infarma","datePublished":"2022-03-10T18:21:00+00:00","dateModified":"2022-03-10T18:21:00+00:00","mainEntityOfPage":{"@id":"https:\/\/novaorg.cofb.net\/2022\/03\/10\/els-farmaceutics-podran-viure-lexperiencia-de-recertificar-les-seves-competencies-a-infarmalos-farmaceuticos-podran-vivir-la-experiencia-de-recertificar-sus-competencias-en-infarma\/"},"wordCount":1373,"publisher":{"@id":"https:\/\/www.cofb.org\/#organization"},"articleSection":["Notes de premsa","Sense categoria"],"inLanguage":"es"},{"@type":"WebPage","@id":"https:\/\/novaorg.cofb.net\/2022\/03\/10\/els-farmaceutics-podran-viure-lexperiencia-de-recertificar-les-seves-competencies-a-infarmalos-farmaceuticos-podran-vivir-la-experiencia-de-recertificar-sus-competencias-en-infarma\/","url":"https:\/\/novaorg.cofb.net\/2022\/03\/10\/els-farmaceutics-podran-viure-lexperiencia-de-recertificar-les-seves-competencies-a-infarmalos-farmaceuticos-podran-vivir-la-experiencia-de-recertificar-sus-competencias-en-infarma\/","name":"Els farmac\u00e8utics podran viure l'experi\u00e8ncia de recertificar les seves compet\u00e8ncies a InfarmaLos farmac\u00e9uticos podr\u00e1n vivir la experiencia de recertificar sus competencias en Infarma - Col\u00b7legi de Farmac\u00e8utics de Barcelona","isPartOf":{"@id":"https:\/\/www.cofb.org\/#website"},"datePublished":"2022-03-10T18:21:00+00:00","dateModified":"2022-03-10T18:21:00+00:00","breadcrumb":{"@id":"https:\/\/novaorg.cofb.net\/2022\/03\/10\/els-farmaceutics-podran-viure-lexperiencia-de-recertificar-les-seves-competencies-a-infarmalos-farmaceuticos-podran-vivir-la-experiencia-de-recertificar-sus-competencias-en-infarma\/#breadcrumb"},"inLanguage":"es","potentialAction":[{"@type":"ReadAction","target":["https:\/\/novaorg.cofb.net\/2022\/03\/10\/els-farmaceutics-podran-viure-lexperiencia-de-recertificar-les-seves-competencies-a-infarmalos-farmaceuticos-podran-vivir-la-experiencia-de-recertificar-sus-competencias-en-infarma\/"]}]},{"@type":"BreadcrumbList","@id":"https:\/\/novaorg.cofb.net\/2022\/03\/10\/els-farmaceutics-podran-viure-lexperiencia-de-recertificar-les-seves-competencies-a-infarmalos-farmaceuticos-podran-vivir-la-experiencia-de-recertificar-sus-competencias-en-infarma\/#breadcrumb","itemListElement":[{"@type":"ListItem","position":1,"name":"Inici","item":"https:\/\/novaorg.cofb.net\/"},{"@type":"ListItem","position":2,"name":"Els farmac\u00e8utics podran viure l&#8217;experi\u00e8ncia de recertificar les seves compet\u00e8ncies a InfarmaLos farmac\u00e9uticos podr\u00e1n vivir la experiencia de recertificar sus competencias en Infarma"}]},{"@type":"WebSite","@id":"https:\/\/www.cofb.org\/#website","url":"https:\/\/www.cofb.org\/","name":"Col\u00b7legi de Farmac\u00e8utics de Barcelona","description":"","publisher":{"@id":"https:\/\/www.cofb.org\/#organization"},"potentialAction":[{"@type":"SearchAction","target":{"@type":"EntryPoint","urlTemplate":"https:\/\/www.cofb.org\/?s={search_term_string}"},"query-input":"required name=search_term_string"}],"inLanguage":"es"},{"@type":"Organization","@id":"https:\/\/www.cofb.org\/#organization","name":"Col\u00b7legi de Farmac\u00e8utics de Barcelona","url":"https:\/\/www.cofb.org\/","logo":{"@type":"ImageObject","inLanguage":"es","@id":"https:\/\/www.cofb.org\/#\/schema\/logo\/image\/","url":"https:\/\/www.cofb.org\/wp-content\/uploads\/2023\/11\/cropped-Logotip-COFB.png","contentUrl":"https:\/\/www.cofb.org\/wp-content\/uploads\/2023\/11\/cropped-Logotip-COFB.png","width":500,"height":105,"caption":"Col\u00b7legi de Farmac\u00e8utics de Barcelona"},"image":{"@id":"https:\/\/www.cofb.org\/#\/schema\/logo\/image\/"},"sameAs":["https:\/\/www.facebook.com\/farmaceuticsbcn\/","https:\/\/twitter.com\/farmaceuticsbcn","https:\/\/www.instagram.com\/farmaceuticsbcn\/","https:\/\/www.linkedin.com\/company\/farmaceuticsbcn\/"]},{"@type":"Person","@id":"https:\/\/www.cofb.org\/#\/schema\/person\/22ed7eea88da74b0fa4d3154ad87ffcb","name":"wpAdminCofbOrg","image":{"@type":"ImageObject","inLanguage":"es","@id":"https:\/\/www.cofb.org\/#\/schema\/person\/image\/","url":"https:\/\/secure.gravatar.com\/avatar\/1721b20b3b8ca882c3b56ec6c978c594fff670e40c0718e9190eaeeb76aae7d8?s=96&d=mm&r=g","contentUrl":"https:\/\/secure.gravatar.com\/avatar\/1721b20b3b8ca882c3b56ec6c978c594fff670e40c0718e9190eaeeb76aae7d8?s=96&d=mm&r=g","caption":"wpAdminCofbOrg"},"sameAs":["http:\/\/192.168.64.122\/wordpress"],"url":"https:\/\/www.cofb.org\/es\/author\/wpadmincofborg\/"}]}},"uagb_featured_image_src":{"full":false,"thumbnail":false,"medium":false,"medium_large":false,"large":false,"1536x1536":false,"2048x2048":false,"trp-custom-language-flag":false},"uagb_author_info":{"display_name":"wpAdminCofbOrg","author_link":"https:\/\/www.cofb.org\/es\/author\/wpadmincofborg\/"},"uagb_comment_info":0,"uagb_excerpt":"\u00a0 Els professionals inscrits tindran l&#8217;oportunitat d&#8217;avaluar la seva actuaci\u00f3 professional en dos sup\u00f2sits pr\u00e0ctics d&#8217;atenci\u00f3 farmac\u00e8utica desenvolupats a l&#8217;estand del COFM \u00a0 El Col\u00b7legi de Madrid presentar\u00e0 la plataforma inform\u00e0tica de formaci\u00f3 tutoritzada que permet l&#8217;autoavaluaci\u00f3 de compet\u00e8ncies i el seguiment per refor\u00e7ar les \u00e0rees de millora \u00a0 Madrid, [&hellip;]","_links":{"self":[{"href":"https:\/\/www.cofb.org\/es\/wp-json\/wp\/v2\/posts\/77014","targetHints":{"allow":["GET"]}}],"collection":[{"href":"https:\/\/www.cofb.org\/es\/wp-json\/wp\/v2\/posts"}],"about":[{"href":"https:\/\/www.cofb.org\/es\/wp-json\/wp\/v2\/types\/post"}],"author":[{"embeddable":true,"href":"https:\/\/www.cofb.org\/es\/wp-json\/wp\/v2\/users\/1"}],"replies":[{"embeddable":true,"href":"https:\/\/www.cofb.org\/es\/wp-json\/wp\/v2\/comments?post=77014"}],"version-history":[{"count":0,"href":"https:\/\/www.cofb.org\/es\/wp-json\/wp\/v2\/posts\/77014\/revisions"}],"wp:attachment":[{"href":"https:\/\/www.cofb.org\/es\/wp-json\/wp\/v2\/media?parent=77014"}],"wp:term":[{"taxonomy":"category","embeddable":true,"href":"https:\/\/www.cofb.org\/es\/wp-json\/wp\/v2\/categories?post=77014"},{"taxonomy":"post_tag","embeddable":true,"href":"https:\/\/www.cofb.org\/es\/wp-json\/wp\/v2\/tags?post=77014"}],"curies":[{"name":"wp","href":"https:\/\/api.w.org\/{rel}","templated":true}]}}