{"id":77013,"date":"2022-03-14T14:12:00","date_gmt":"2022-03-14T14:12:00","guid":{"rendered":"https:\/\/novaorg.cofb.net\/2022\/03\/14\/infarma-madrid-2022-integrara-la-participacio-presencial-i-digital-al-congres-i-saloinfarma-madrid-2022-integrara-la-participacion-presencial-y-digital-en-el-congre\/"},"modified":"2022-03-14T14:12:00","modified_gmt":"2022-03-14T14:12:00","slug":"infarma-madrid-2022-integrara-la-participacio-presencial-i-digital-al-congres-i-saloinfarma-madrid-2022-integrara-la-participacion-presencial-y-digital-en-el-congre","status":"publish","type":"post","link":"https:\/\/www.cofb.org\/es\/2022\/03\/14\/infarma-madrid-2022-integrara-la-participacio-presencial-i-digital-al-congres-i-saloinfarma-madrid-2022-integrara-la-participacion-presencial-y-digital-en-el-congre\/","title":{"rendered":"&#039;Infarma Madrid 2022&#039; integrar\u00e1 la participaci\u00f3n presencial y digital en el Congreso y Sal\u00f3n&#039;Infarma Madrid 2022&#039; integrar\u00e1 la participaci\u00f3n presencial y digital en el Congreso y Sal\u00f3n"},"content":{"rendered":"<p>\u00a0<\/p>\n<p><strong>\u2022 El encuentro europeo de la farmacia lanzar\u00e1 una plataforma &#039;online&#039; con un \u00e1rea privada de <em>networking<\/em> para sus participantes y transmitir\u00e1 en directo nueve conferencias y mesas redondas del programa cient\u00edfico<\/strong><\/p>\n<p><em>Madrid, 14 de marzo<\/em>. Infarma Madrid 2022 ser\u00e1 la edici\u00f3n del reencuentro presencial del sector en el recinto ferial de Ifema y tambi\u00e9n la cita que integrar\u00e1, por primera vez, la experiencia de los dos encuentros digitales celebrados desde 2020 a trav\u00e9s de una plataforma online.<\/p>\n<p>El encuentro europeo de la farmacia, que organizan los colegios oficiales de farmac\u00e9uticos de Madrid y Barcelona, en colaboraci\u00f3n con Interalia, abrir\u00e1 sus puertas el pr\u00f3ximo 22 de marzo con una apuesta tecnol\u00f3gica clara. Los congresistas, expositores y visitantes de Infarma dispondr\u00e1n de un \u00e1rea privada online de <em>networking<\/em> en la que podr\u00e1n preparar y planificar su participaci\u00f3n.<\/p>\n<p>Con esta herramienta digital, Infarma aportar\u00e1 valor a todos los asistentes del Congreso y Sal\u00f3n, que podr\u00e1n sacar el m\u00e1ximo provecho de su participaci\u00f3n en el encuentro.<\/p>\n<p>Este entorno privado estar\u00e1 disponible en versi\u00f3n web para acceder a \u00e9l desde el ordenador y tambi\u00e9n como App para dispositivos Android y Apple.<\/p>\n<p>Entre otras funcionalidades online, los asistentes podr\u00e1n descargar su acreditaci\u00f3n, concertar reuniones con las empresas expositoras a trav\u00e9s de una sencilla interfaz, gestionar su agenda y a\u00f1adir sesiones del programa oficial o encontrar, adem\u00e1s, herramientas para realizar contactos e iniciar conversaciones con el resto de participantes.<\/p>\n<p>Igualmente, la plataforma permitir\u00e1 gestionar y optimizar la visita a Infarma al agendar las sesiones del programa oficial y acceder al contenido del programa oficial de Infarma, con toda la informaci\u00f3n de cada ponencia: d\u00eda, hora, sala, descripci\u00f3n, ponentes, etc\u00e9tera.<\/p>\n<p>Otra de las novedades del Congreso ser\u00e1 la transmisi\u00f3n en directo de nueve conferencias y mesas redondas del programa cient\u00edfico, incluido el acto de inauguraci\u00f3n.<\/p>\n<p>El presidente del Comit\u00e9 Organizador de Infarma, Luis Gonz\u00e1lez D\u00edez, se\u00f1ala que \u201cInfarma es la historia de un Congreso y Sal\u00f3n que avanza al mismo ritmo que el sector y que incorpora todo lo aprendido en las ediciones digitales de ambos \u00faltimos a\u00f1os para seguir aportando valor a los participantes. La plataforma online es un claro ejemplo de una herramienta digital que nos ayudar\u00e1 a organizar nuestra propia agenda de Congreso y contactar con las personas y empresas que m\u00e1s nos interesen, sin perder la oportunidad del contacto personal que nos brinda siempre la experiencia de Infarma\u201d.<\/p>\n<p>\u00a0\u2022 El encuentro europeo de la farmacia lanzar\u00e1 una plataforma &#039;online&#039; con un \u00e1rea privada de networking para sus participantes y transmitir\u00e1 en directo nueve conferencias y mesas redondas del programa cient\u00edfico<\/p>\n<p>Madrid, 14 de marzo. Infarma Madrid 2022 ser\u00e1 la edici\u00f3n del reencuentro presencial del sector en el recinto ferial de Ifema y tambi\u00e9n la cita que integrar\u00e1, por primera vez, la experiencia de los dos encuentros digitales celebrados desde 2020 a trav\u00e9s de una plataforma online.<\/p>\n<p>El encuentro europeo de la farmacia, que organizan los colegios oficiales de farmac\u00e9uticos de Madrid y Barcelona, en colaboraci\u00f3n con Interalia, abrir\u00e1 sus puertas el pr\u00f3ximo 22 de marzo con una apuesta tecnol\u00f3gica clara. Los congresistas, expositores y visitantes de Infarma dispondr\u00e1n de un \u00e1rea privada online de networking en la que podr\u00e1n preparar y planificar su participaci\u00f3n.<\/p>\n<p>Con esta herramienta digital, Infarma aportar\u00e1 valor a todos los asistentes del Congreso y Sal\u00f3n, que podr\u00e1n sacar el m\u00e1ximo provecho de su participaci\u00f3n en el encuentro.<\/p>\n<p>Este entorno privado estar\u00e1 disponible en versi\u00f3n web para acceder a \u00e9l desde el ordenador y tambi\u00e9n como App para dispositivos Android y Apple.<\/p>\n<p>Entre otras funcionalidades online, los asistentes podr\u00e1n descargar su acreditaci\u00f3n, concertar reuniones con las empresas expositoras a trav\u00e9s de una sencilla interfaz, gestionar su agenda y a\u00f1adir sesiones del programa oficial o encontrar, adem\u00e1s, herramientas para realizar contactos e iniciar conversaciones con el resto de participantes.<\/p>\n<p>Igualmente, la plataforma permitir\u00e1 gestionar y optimizar la visita a Infarma al agendar las sesiones del programa oficial y acceder al contenido del programa oficial de Infarma, con toda la informaci\u00f3n de cada ponencia: d\u00eda, hora, sala, descripci\u00f3n, ponentes, etc\u00e9tera.<\/p>\n<p>Otra de las novedades del Congreso ser\u00e1 la transmisi\u00f3n en directo de nueve conferencias y mesas redondas del programa cient\u00edfico, incluido el acto de inauguraci\u00f3n.<\/p>\n<p>El presidente del Comit\u00e9 Organizador de Infarma, Luis Gonz\u00e1lez D\u00edez, se\u00f1ala que \u201cInfarma es la historia de un Congreso y Sal\u00f3n que avanza al mismo ritmo que el sector y que incorpora todo lo aprendido en las ediciones digitales de ambos \u00faltimos a\u00f1os para seguir aportando valor a los participantes. La plataforma online es un claro ejemplo de una herramienta digital que nos ayudar\u00e1 a organizar nuestra propia agenda de Congreso y contactar con las personas y empresas que m\u00e1s nos interesen, sin perder la oportunidad del contacto personal que nos brinda siempre la experiencia de Infarma\u201d.  COFB.ORG<\/p>","protected":false},"excerpt":{"rendered":"<p>\u00a0 \u2022 El encuentro europeo de la farmacia lanzar\u00e1 una plataforma &#039;online&#039; con un \u00e1rea privada de networking para sus participantes y transmitir\u00e1 en directo nueve conferencias y mesas redondas del programa cient\u00edfico Madrid, 14 de marzo. Infarma Madrid 2022 ser\u00e1 la edici\u00f3n del reencuentro presencial del sector en el recinto [\u2026]<\/p>","protected":false},"author":1,"featured_media":0,"comment_status":"","ping_status":"","sticky":false,"template":"","format":"standard","meta":{"_uag_custom_page_level_css":"","site-sidebar-layout":"default","site-content-layout":"","ast-site-content-layout":"default","site-content-style":"default","site-sidebar-style":"default","ast-global-header-display":"","ast-banner-title-visibility":"","ast-main-header-display":"","ast-hfb-above-header-display":"","ast-hfb-below-header-display":"","ast-hfb-mobile-header-display":"","site-post-title":"","ast-breadcrumbs-content":"","ast-featured-img":"disabled","footer-sml-layout":"","theme-transparent-header-meta":"","adv-header-id-meta":"","stick-header-meta":"","header-above-stick-meta":"","header-main-stick-meta":"","header-below-stick-meta":"","astra-migrate-meta-layouts":"default","ast-page-background-enabled":"default","ast-page-background-meta":{"desktop":{"background-color":"var(--ast-global-color-4)","background-image":"","background-repeat":"repeat","background-position":"center center","background-size":"auto","background-attachment":"scroll","background-type":"","background-media":"","overlay-type":"","overlay-color":"","overlay-opacity":"","overlay-gradient":""},"tablet":{"background-color":"","background-image":"","background-repeat":"repeat","background-position":"center center","background-size":"auto","background-attachment":"scroll","background-type":"","background-media":"","overlay-type":"","overlay-color":"","overlay-opacity":"","overlay-gradient":""},"mobile":{"background-color":"","background-image":"","background-repeat":"repeat","background-position":"center center","background-size":"auto","background-attachment":"scroll","background-type":"","background-media":"","overlay-type":"","overlay-color":"","overlay-opacity":"","overlay-gradient":""}},"ast-content-background-meta":{"desktop":{"background-color":"var(--ast-global-color-5)","background-image":"","background-repeat":"repeat","background-position":"center center","background-size":"auto","background-attachment":"scroll","background-type":"","background-media":"","overlay-type":"","overlay-color":"","overlay-opacity":"","overlay-gradient":""},"tablet":{"background-color":"var(--ast-global-color-5)","background-image":"","background-repeat":"repeat","background-position":"center center","background-size":"auto","background-attachment":"scroll","background-type":"","background-media":"","overlay-type":"","overlay-color":"","overlay-opacity":"","overlay-gradient":""},"mobile":{"background-color":"var(--ast-global-color-5)","background-image":"","background-repeat":"repeat","background-position":"center center","background-size":"auto","background-attachment":"scroll","background-type":"","background-media":"","overlay-type":"","overlay-color":"","overlay-opacity":"","overlay-gradient":""}},"footnotes":""},"categories":[1060,1066],"tags":[],"class_list":["post-77013","post","type-post","status-publish","format-standard","hentry","category-notes-premsa","category-sense-categoria-ca"],"yoast_head":"<!-- This site is optimized with the Yoast SEO plugin v22.4 - https:\/\/yoast.com\/wordpress\/plugins\/seo\/ -->\n<title>\u2018Infarma Madrid 2022\u2019 integrar\u00e0 la participaci\u00f3 presencial i digital al Congr\u00e9s i Sal\u00f3\u2018Infarma Madrid 2022\u2019 integrar\u00e1 la participaci\u00f3n presencial y digital en el Congreso y Sal\u00f3n - Col\u00b7legi de Farmac\u00e8utics de Barcelona<\/title>\n<meta name=\"robots\" content=\"index, follow, max-snippet:-1, max-image-preview:large, max-video-preview:-1\" \/>\n<link rel=\"canonical\" href=\"https:\/\/novaorg.cofb.net\/2022\/03\/14\/infarma-madrid-2022-integrara-la-participacio-presencial-i-digital-al-congres-i-saloinfarma-madrid-2022-integrara-la-participacion-presencial-y-digital-en-el-congre\/\" \/>\n<meta property=\"og:locale\" content=\"es_ES\" \/>\n<meta property=\"og:type\" content=\"article\" \/>\n<meta property=\"og:title\" content=\"\u2018Infarma Madrid 2022\u2019 integrar\u00e0 la participaci\u00f3 presencial i digital al Congr\u00e9s i Sal\u00f3\u2018Infarma Madrid 2022\u2019 integrar\u00e1 la participaci\u00f3n presencial y digital en el Congreso y Sal\u00f3n - Col\u00b7legi de Farmac\u00e8utics de Barcelona\" \/>\n<meta property=\"og:description\" content=\"\u00a0 \u2022 La trobada europea de la farm\u00e0cia llan\u00e7ar\u00e0 una plataforma \u2018online\u2019 amb una \u00e0rea privada de networking per als seus participants i transmetr\u00e0 en directe nou confer\u00e8ncies i taules rodones del programa cient\u00edfic Madrid, 14 de mar\u00e7. Infarma Madrid 2022 ser\u00e0 l&#8217;edici\u00f3 del retrobament presencial del sector al recinte [&hellip;]\" \/>\n<meta property=\"og:url\" content=\"https:\/\/novaorg.cofb.net\/2022\/03\/14\/infarma-madrid-2022-integrara-la-participacio-presencial-i-digital-al-congres-i-saloinfarma-madrid-2022-integrara-la-participacion-presencial-y-digital-en-el-congre\/\" \/>\n<meta property=\"og:site_name\" content=\"Col\u00b7legi de Farmac\u00e8utics de Barcelona\" \/>\n<meta property=\"article:publisher\" content=\"https:\/\/www.facebook.com\/farmaceuticsbcn\/\" \/>\n<meta property=\"article:published_time\" content=\"2022-03-14T14:12:00+00:00\" \/>\n<meta name=\"author\" content=\"wpAdminCofbOrg\" \/>\n<meta name=\"twitter:card\" content=\"summary_large_image\" \/>\n<meta name=\"twitter:creator\" content=\"@farmaceuticsbcn\" \/>\n<meta name=\"twitter:site\" content=\"@farmaceuticsbcn\" \/>\n<meta name=\"twitter:label1\" content=\"Escrito por\" \/>\n\t<meta name=\"twitter:data1\" content=\"wpAdminCofbOrg\" \/>\n\t<meta name=\"twitter:label2\" content=\"Tiempo de lectura\" \/>\n\t<meta name=\"twitter:data2\" content=\"4 minutos\" \/>\n<script type=\"application\/ld+json\" class=\"yoast-schema-graph\">{\"@context\":\"https:\/\/schema.org\",\"@graph\":[{\"@type\":\"Article\",\"@id\":\"https:\/\/novaorg.cofb.net\/2022\/03\/14\/infarma-madrid-2022-integrara-la-participacio-presencial-i-digital-al-congres-i-saloinfarma-madrid-2022-integrara-la-participacion-presencial-y-digital-en-el-congre\/#article\",\"isPartOf\":{\"@id\":\"https:\/\/novaorg.cofb.net\/2022\/03\/14\/infarma-madrid-2022-integrara-la-participacio-presencial-i-digital-al-congres-i-saloinfarma-madrid-2022-integrara-la-participacion-presencial-y-digital-en-el-congre\/\"},\"author\":{\"name\":\"wpAdminCofbOrg\",\"@id\":\"https:\/\/www.cofb.org\/#\/schema\/person\/22ed7eea88da74b0fa4d3154ad87ffcb\"},\"headline\":\"\u2018Infarma Madrid 2022\u2019 integrar\u00e0 la participaci\u00f3 presencial i digital al Congr\u00e9s i Sal\u00f3\u2018Infarma Madrid 2022\u2019 integrar\u00e1 la participaci\u00f3n presencial y digital en el Congreso y Sal\u00f3n\",\"datePublished\":\"2022-03-14T14:12:00+00:00\",\"dateModified\":\"2022-03-14T14:12:00+00:00\",\"mainEntityOfPage\":{\"@id\":\"https:\/\/novaorg.cofb.net\/2022\/03\/14\/infarma-madrid-2022-integrara-la-participacio-presencial-i-digital-al-congres-i-saloinfarma-madrid-2022-integrara-la-participacion-presencial-y-digital-en-el-congre\/\"},\"wordCount\":902,\"publisher\":{\"@id\":\"https:\/\/www.cofb.org\/#organization\"},\"articleSection\":[\"Notes de premsa\",\"Sense categoria\"],\"inLanguage\":\"es\"},{\"@type\":\"WebPage\",\"@id\":\"https:\/\/novaorg.cofb.net\/2022\/03\/14\/infarma-madrid-2022-integrara-la-participacio-presencial-i-digital-al-congres-i-saloinfarma-madrid-2022-integrara-la-participacion-presencial-y-digital-en-el-congre\/\",\"url\":\"https:\/\/novaorg.cofb.net\/2022\/03\/14\/infarma-madrid-2022-integrara-la-participacio-presencial-i-digital-al-congres-i-saloinfarma-madrid-2022-integrara-la-participacion-presencial-y-digital-en-el-congre\/\",\"name\":\"\u2018Infarma Madrid 2022\u2019 integrar\u00e0 la participaci\u00f3 presencial i digital al Congr\u00e9s i Sal\u00f3\u2018Infarma Madrid 2022\u2019 integrar\u00e1 la participaci\u00f3n presencial y digital en el Congreso y Sal\u00f3n - Col\u00b7legi de Farmac\u00e8utics de Barcelona\",\"isPartOf\":{\"@id\":\"https:\/\/www.cofb.org\/#website\"},\"datePublished\":\"2022-03-14T14:12:00+00:00\",\"dateModified\":\"2022-03-14T14:12:00+00:00\",\"breadcrumb\":{\"@id\":\"https:\/\/novaorg.cofb.net\/2022\/03\/14\/infarma-madrid-2022-integrara-la-participacio-presencial-i-digital-al-congres-i-saloinfarma-madrid-2022-integrara-la-participacion-presencial-y-digital-en-el-congre\/#breadcrumb\"},\"inLanguage\":\"es\",\"potentialAction\":[{\"@type\":\"ReadAction\",\"target\":[\"https:\/\/novaorg.cofb.net\/2022\/03\/14\/infarma-madrid-2022-integrara-la-participacio-presencial-i-digital-al-congres-i-saloinfarma-madrid-2022-integrara-la-participacion-presencial-y-digital-en-el-congre\/\"]}]},{\"@type\":\"BreadcrumbList\",\"@id\":\"https:\/\/novaorg.cofb.net\/2022\/03\/14\/infarma-madrid-2022-integrara-la-participacio-presencial-i-digital-al-congres-i-saloinfarma-madrid-2022-integrara-la-participacion-presencial-y-digital-en-el-congre\/#breadcrumb\",\"itemListElement\":[{\"@type\":\"ListItem\",\"position\":1,\"name\":\"Inici\",\"item\":\"https:\/\/novaorg.cofb.net\/\"},{\"@type\":\"ListItem\",\"position\":2,\"name\":\"\u2018Infarma Madrid 2022\u2019 integrar\u00e0 la participaci\u00f3 presencial i digital al Congr\u00e9s i Sal\u00f3\u2018Infarma Madrid 2022\u2019 integrar\u00e1 la participaci\u00f3n presencial y digital en el Congreso y Sal\u00f3n\"}]},{\"@type\":\"WebSite\",\"@id\":\"https:\/\/www.cofb.org\/#website\",\"url\":\"https:\/\/www.cofb.org\/\",\"name\":\"Col\u00b7legi de Farmac\u00e8utics de Barcelona\",\"description\":\"\",\"publisher\":{\"@id\":\"https:\/\/www.cofb.org\/#organization\"},\"potentialAction\":[{\"@type\":\"SearchAction\",\"target\":{\"@type\":\"EntryPoint\",\"urlTemplate\":\"https:\/\/www.cofb.org\/?s={search_term_string}\"},\"query-input\":\"required name=search_term_string\"}],\"inLanguage\":\"es\"},{\"@type\":\"Organization\",\"@id\":\"https:\/\/www.cofb.org\/#organization\",\"name\":\"Col\u00b7legi de Farmac\u00e8utics de Barcelona\",\"url\":\"https:\/\/www.cofb.org\/\",\"logo\":{\"@type\":\"ImageObject\",\"inLanguage\":\"es\",\"@id\":\"https:\/\/www.cofb.org\/#\/schema\/logo\/image\/\",\"url\":\"https:\/\/www.cofb.org\/wp-content\/uploads\/2023\/11\/cropped-Logotip-COFB.png\",\"contentUrl\":\"https:\/\/www.cofb.org\/wp-content\/uploads\/2023\/11\/cropped-Logotip-COFB.png\",\"width\":500,\"height\":105,\"caption\":\"Col\u00b7legi de Farmac\u00e8utics de Barcelona\"},\"image\":{\"@id\":\"https:\/\/www.cofb.org\/#\/schema\/logo\/image\/\"},\"sameAs\":[\"https:\/\/www.facebook.com\/farmaceuticsbcn\/\",\"https:\/\/twitter.com\/farmaceuticsbcn\",\"https:\/\/www.instagram.com\/farmaceuticsbcn\/\",\"https:\/\/www.linkedin.com\/company\/farmaceuticsbcn\/\"]},{\"@type\":\"Person\",\"@id\":\"https:\/\/www.cofb.org\/#\/schema\/person\/22ed7eea88da74b0fa4d3154ad87ffcb\",\"name\":\"wpAdminCofbOrg\",\"image\":{\"@type\":\"ImageObject\",\"inLanguage\":\"es\",\"@id\":\"https:\/\/www.cofb.org\/#\/schema\/person\/image\/\",\"url\":\"https:\/\/secure.gravatar.com\/avatar\/1721b20b3b8ca882c3b56ec6c978c594fff670e40c0718e9190eaeeb76aae7d8?s=96&d=mm&r=g\",\"contentUrl\":\"https:\/\/secure.gravatar.com\/avatar\/1721b20b3b8ca882c3b56ec6c978c594fff670e40c0718e9190eaeeb76aae7d8?s=96&d=mm&r=g\",\"caption\":\"wpAdminCofbOrg\"},\"sameAs\":[\"http:\/\/192.168.64.122\/wordpress\"],\"url\":\"https:\/\/www.cofb.org\/es\/author\/wpadmincofborg\/\"}]}<\/script>\n<!-- \/ Yoast SEO plugin. -->","yoast_head_json":{"title":"\u2018Infarma Madrid 2022\u2019 integrar\u00e0 la participaci\u00f3 presencial i digital al Congr\u00e9s i Sal\u00f3\u2018Infarma Madrid 2022\u2019 integrar\u00e1 la participaci\u00f3n presencial y digital en el Congreso y Sal\u00f3n - Col\u00b7legi de Farmac\u00e8utics de Barcelona","robots":{"index":"index","follow":"follow","max-snippet":"max-snippet:-1","max-image-preview":"max-image-preview:large","max-video-preview":"max-video-preview:-1"},"canonical":"https:\/\/novaorg.cofb.net\/2022\/03\/14\/infarma-madrid-2022-integrara-la-participacio-presencial-i-digital-al-congres-i-saloinfarma-madrid-2022-integrara-la-participacion-presencial-y-digital-en-el-congre\/","og_locale":"es_ES","og_type":"article","og_title":"\u2018Infarma Madrid 2022\u2019 integrar\u00e0 la participaci\u00f3 presencial i digital al Congr\u00e9s i Sal\u00f3\u2018Infarma Madrid 2022\u2019 integrar\u00e1 la participaci\u00f3n presencial y digital en el Congreso y Sal\u00f3n - Col\u00b7legi de Farmac\u00e8utics de Barcelona","og_description":"\u00a0 \u2022 La trobada europea de la farm\u00e0cia llan\u00e7ar\u00e0 una plataforma \u2018online\u2019 amb una \u00e0rea privada de networking per als seus participants i transmetr\u00e0 en directe nou confer\u00e8ncies i taules rodones del programa cient\u00edfic Madrid, 14 de mar\u00e7. Infarma Madrid 2022 ser\u00e0 l&#8217;edici\u00f3 del retrobament presencial del sector al recinte [&hellip;]","og_url":"https:\/\/novaorg.cofb.net\/2022\/03\/14\/infarma-madrid-2022-integrara-la-participacio-presencial-i-digital-al-congres-i-saloinfarma-madrid-2022-integrara-la-participacion-presencial-y-digital-en-el-congre\/","og_site_name":"Col\u00b7legi de Farmac\u00e8utics de Barcelona","article_publisher":"https:\/\/www.facebook.com\/farmaceuticsbcn\/","article_published_time":"2022-03-14T14:12:00+00:00","author":"wpAdminCofbOrg","twitter_card":"summary_large_image","twitter_creator":"@farmaceuticsbcn","twitter_site":"@farmaceuticsbcn","twitter_misc":{"Escrito por":"wpAdminCofbOrg","Tiempo de lectura":"4 minutos"},"schema":{"@context":"https:\/\/schema.org","@graph":[{"@type":"Article","@id":"https:\/\/novaorg.cofb.net\/2022\/03\/14\/infarma-madrid-2022-integrara-la-participacio-presencial-i-digital-al-congres-i-saloinfarma-madrid-2022-integrara-la-participacion-presencial-y-digital-en-el-congre\/#article","isPartOf":{"@id":"https:\/\/novaorg.cofb.net\/2022\/03\/14\/infarma-madrid-2022-integrara-la-participacio-presencial-i-digital-al-congres-i-saloinfarma-madrid-2022-integrara-la-participacion-presencial-y-digital-en-el-congre\/"},"author":{"name":"wpAdminCofbOrg","@id":"https:\/\/www.cofb.org\/#\/schema\/person\/22ed7eea88da74b0fa4d3154ad87ffcb"},"headline":"\u2018Infarma Madrid 2022\u2019 integrar\u00e0 la participaci\u00f3 presencial i digital al Congr\u00e9s i Sal\u00f3\u2018Infarma Madrid 2022\u2019 integrar\u00e1 la participaci\u00f3n presencial y digital en el Congreso y Sal\u00f3n","datePublished":"2022-03-14T14:12:00+00:00","dateModified":"2022-03-14T14:12:00+00:00","mainEntityOfPage":{"@id":"https:\/\/novaorg.cofb.net\/2022\/03\/14\/infarma-madrid-2022-integrara-la-participacio-presencial-i-digital-al-congres-i-saloinfarma-madrid-2022-integrara-la-participacion-presencial-y-digital-en-el-congre\/"},"wordCount":902,"publisher":{"@id":"https:\/\/www.cofb.org\/#organization"},"articleSection":["Notes de premsa","Sense categoria"],"inLanguage":"es"},{"@type":"WebPage","@id":"https:\/\/novaorg.cofb.net\/2022\/03\/14\/infarma-madrid-2022-integrara-la-participacio-presencial-i-digital-al-congres-i-saloinfarma-madrid-2022-integrara-la-participacion-presencial-y-digital-en-el-congre\/","url":"https:\/\/novaorg.cofb.net\/2022\/03\/14\/infarma-madrid-2022-integrara-la-participacio-presencial-i-digital-al-congres-i-saloinfarma-madrid-2022-integrara-la-participacion-presencial-y-digital-en-el-congre\/","name":"\u2018Infarma Madrid 2022\u2019 integrar\u00e0 la participaci\u00f3 presencial i digital al Congr\u00e9s i Sal\u00f3\u2018Infarma Madrid 2022\u2019 integrar\u00e1 la participaci\u00f3n presencial y digital en el Congreso y Sal\u00f3n - Col\u00b7legi de Farmac\u00e8utics de Barcelona","isPartOf":{"@id":"https:\/\/www.cofb.org\/#website"},"datePublished":"2022-03-14T14:12:00+00:00","dateModified":"2022-03-14T14:12:00+00:00","breadcrumb":{"@id":"https:\/\/novaorg.cofb.net\/2022\/03\/14\/infarma-madrid-2022-integrara-la-participacio-presencial-i-digital-al-congres-i-saloinfarma-madrid-2022-integrara-la-participacion-presencial-y-digital-en-el-congre\/#breadcrumb"},"inLanguage":"es","potentialAction":[{"@type":"ReadAction","target":["https:\/\/novaorg.cofb.net\/2022\/03\/14\/infarma-madrid-2022-integrara-la-participacio-presencial-i-digital-al-congres-i-saloinfarma-madrid-2022-integrara-la-participacion-presencial-y-digital-en-el-congre\/"]}]},{"@type":"BreadcrumbList","@id":"https:\/\/novaorg.cofb.net\/2022\/03\/14\/infarma-madrid-2022-integrara-la-participacio-presencial-i-digital-al-congres-i-saloinfarma-madrid-2022-integrara-la-participacion-presencial-y-digital-en-el-congre\/#breadcrumb","itemListElement":[{"@type":"ListItem","position":1,"name":"Inici","item":"https:\/\/novaorg.cofb.net\/"},{"@type":"ListItem","position":2,"name":"\u2018Infarma Madrid 2022\u2019 integrar\u00e0 la participaci\u00f3 presencial i digital al Congr\u00e9s i Sal\u00f3\u2018Infarma Madrid 2022\u2019 integrar\u00e1 la participaci\u00f3n presencial y digital en el Congreso y Sal\u00f3n"}]},{"@type":"WebSite","@id":"https:\/\/www.cofb.org\/#website","url":"https:\/\/www.cofb.org\/","name":"Col\u00b7legi de Farmac\u00e8utics de Barcelona","description":"","publisher":{"@id":"https:\/\/www.cofb.org\/#organization"},"potentialAction":[{"@type":"SearchAction","target":{"@type":"EntryPoint","urlTemplate":"https:\/\/www.cofb.org\/?s={search_term_string}"},"query-input":"required name=search_term_string"}],"inLanguage":"es"},{"@type":"Organization","@id":"https:\/\/www.cofb.org\/#organization","name":"Col\u00b7legi de Farmac\u00e8utics de Barcelona","url":"https:\/\/www.cofb.org\/","logo":{"@type":"ImageObject","inLanguage":"es","@id":"https:\/\/www.cofb.org\/#\/schema\/logo\/image\/","url":"https:\/\/www.cofb.org\/wp-content\/uploads\/2023\/11\/cropped-Logotip-COFB.png","contentUrl":"https:\/\/www.cofb.org\/wp-content\/uploads\/2023\/11\/cropped-Logotip-COFB.png","width":500,"height":105,"caption":"Col\u00b7legi de Farmac\u00e8utics de Barcelona"},"image":{"@id":"https:\/\/www.cofb.org\/#\/schema\/logo\/image\/"},"sameAs":["https:\/\/www.facebook.com\/farmaceuticsbcn\/","https:\/\/twitter.com\/farmaceuticsbcn","https:\/\/www.instagram.com\/farmaceuticsbcn\/","https:\/\/www.linkedin.com\/company\/farmaceuticsbcn\/"]},{"@type":"Person","@id":"https:\/\/www.cofb.org\/#\/schema\/person\/22ed7eea88da74b0fa4d3154ad87ffcb","name":"wpAdminCofbOrg","image":{"@type":"ImageObject","inLanguage":"es","@id":"https:\/\/www.cofb.org\/#\/schema\/person\/image\/","url":"https:\/\/secure.gravatar.com\/avatar\/1721b20b3b8ca882c3b56ec6c978c594fff670e40c0718e9190eaeeb76aae7d8?s=96&d=mm&r=g","contentUrl":"https:\/\/secure.gravatar.com\/avatar\/1721b20b3b8ca882c3b56ec6c978c594fff670e40c0718e9190eaeeb76aae7d8?s=96&d=mm&r=g","caption":"wpAdminCofbOrg"},"sameAs":["http:\/\/192.168.64.122\/wordpress"],"url":"https:\/\/www.cofb.org\/es\/author\/wpadmincofborg\/"}]}},"uagb_featured_image_src":{"full":false,"thumbnail":false,"medium":false,"medium_large":false,"large":false,"1536x1536":false,"2048x2048":false,"trp-custom-language-flag":false},"uagb_author_info":{"display_name":"wpAdminCofbOrg","author_link":"https:\/\/www.cofb.org\/es\/author\/wpadmincofborg\/"},"uagb_comment_info":0,"uagb_excerpt":"\u00a0 \u2022 La trobada europea de la farm\u00e0cia llan\u00e7ar\u00e0 una plataforma \u2018online\u2019 amb una \u00e0rea privada de networking per als seus participants i transmetr\u00e0 en directe nou confer\u00e8ncies i taules rodones del programa cient\u00edfic Madrid, 14 de mar\u00e7. Infarma Madrid 2022 ser\u00e0 l&#8217;edici\u00f3 del retrobament presencial del sector al recinte [&hellip;]","_links":{"self":[{"href":"https:\/\/www.cofb.org\/es\/wp-json\/wp\/v2\/posts\/77013","targetHints":{"allow":["GET"]}}],"collection":[{"href":"https:\/\/www.cofb.org\/es\/wp-json\/wp\/v2\/posts"}],"about":[{"href":"https:\/\/www.cofb.org\/es\/wp-json\/wp\/v2\/types\/post"}],"author":[{"embeddable":true,"href":"https:\/\/www.cofb.org\/es\/wp-json\/wp\/v2\/users\/1"}],"replies":[{"embeddable":true,"href":"https:\/\/www.cofb.org\/es\/wp-json\/wp\/v2\/comments?post=77013"}],"version-history":[{"count":0,"href":"https:\/\/www.cofb.org\/es\/wp-json\/wp\/v2\/posts\/77013\/revisions"}],"wp:attachment":[{"href":"https:\/\/www.cofb.org\/es\/wp-json\/wp\/v2\/media?parent=77013"}],"wp:term":[{"taxonomy":"category","embeddable":true,"href":"https:\/\/www.cofb.org\/es\/wp-json\/wp\/v2\/categories?post=77013"},{"taxonomy":"post_tag","embeddable":true,"href":"https:\/\/www.cofb.org\/es\/wp-json\/wp\/v2\/tags?post=77013"}],"curies":[{"name":"wp","href":"https:\/\/api.w.org\/{rel}","templated":true}]}}