{"id":76981,"date":"2022-06-16T13:03:00","date_gmt":"2022-06-16T13:03:00","guid":{"rendered":"https:\/\/novaorg.cofb.net\/2022\/06\/16\/el-cof-de-barcelona-clausura-la-primera-edicio-hibrida-del-mgof-novetat-que-es-mantindra-per-al-curs-2022-2023\/"},"modified":"2024-04-05T11:38:17","modified_gmt":"2024-04-05T11:38:17","slug":"el-cof-de-barcelona-clausura-la-primera-edicio-hibrida-del-mgof-novetat-que-es-mantindra-per-al-curs-2022-2023","status":"publish","type":"post","link":"https:\/\/www.cofb.org\/es\/2022\/06\/16\/el-cof-de-barcelona-clausura-la-primera-edicio-hibrida-del-mgof-novetat-que-es-mantindra-per-al-curs-2022-2023\/","title":{"rendered":"El COF de Barcelona clausura la primera edici\u00f3n h\u00edbrida del MGOF, novedad que se mantendr\u00e1 para el curso 2022-2023"},"content":{"rendered":"<p>\u00a0<\/p>\n<ul>\n<li>Este a\u00f1o se ha ofrecido, por primera vez, la <strong>posibilidad de cursar el M\u00e1ster de forma presencial y virtual<\/strong>, novedad que <strong>se mantendr\u00e1 para la XVIII edici\u00f3n para facilitar que farmac\u00e9uticos\/cas de otras comunidades aut\u00f3nomas puedan realizarlo <\/strong><\/li>\n<li>Los <strong>alumnos que han cursado el MGOF<\/strong> hacen una <strong>valoraci\u00f3n muy positiva<\/strong>, destacando, sobre todo, el <strong>contenido pr\u00e1ctico<\/strong> de \u00e9ste, <strong>la aplicabilidad inmediata<\/strong> que ofrece y <strong>la adecuaci\u00f3n a sus objetivos<\/strong><\/li>\n<\/ul>\n<p>\u00a0<\/p>\n<p><em>Barcelona, 16 de junio de 2022.- <\/em>El pasado 7 de junio tuvo lugar la <strong>clausura de la XVII edici\u00f3n del M\u00e1ster de Gesti\u00f3n de la Oficina de Farmacia (MGOF),<\/strong> organizado por <strong>Col\u00b7legi de Farmac\u00e8utics de Barcelona (COFB). <\/strong>Un a\u00f1o m\u00e1s, el M\u00e1ster ha proporcionado a farmac\u00e9uticos\/as conocimientos en las grandes \u00e1reas que engloban la gesti\u00f3n de la empresa (finanzas, gesti\u00f3n de personas y marketing), y en las herramientas necesarias para realizar el an\u00e1lisis de oportunidades, tomar decisiones y aplicar las principales habilidades en la direcci\u00f3n.<\/p>\n<p><span>Durante la clausura, <\/span><strong>Jordi Casas<\/strong><span>, presidente del Col\u00b7legi de Farmac\u00e8utics de Barcelona (COFB), remarc\u00f3 que <\/span><strong>esta formaci\u00f3n &quot;es clave en el ejercicio profesional dentro de la oficina de farmacia para completar la vertiente cient\u00edfica y t\u00e9cnica que se adquiere durante el estudio del Grado&quot;<\/strong><span>. En el acto tambi\u00e9n estuvieron presentes <\/span><strong>Aina Surroca<\/strong><span>, secretaria del COFB y responsable de la Comisi\u00f3n Delegada de Formaci\u00f3n Continua; <\/span><strong>Juan Carlos Serra<\/strong><span>, director del MGOF; y <\/span><strong>Cristina Rodr\u00edguez<\/strong><span> y <\/span><strong>M\u00f3nica Gallach<\/strong><span>, coordinadoras del M\u00e1ster y miembros del Departamento de Formaci\u00f3n y Desarrollo Profesional del COFB.<\/span><\/p>\n<p><u><strong>Modalidad h\u00edbrida por primera vez<\/strong><\/u><\/p>\n<p>A ra\u00edz de la pandemia sanitaria vivida recientemente, la <strong>digitalizaci\u00f3n<\/strong> ha irrumpido en nuestras vidas, y es por eso que esta edici\u00f3n del MGOF ha ofrecido <strong>primera vez<\/strong> la posibilidad de cursar el M\u00e1ster en<strong> modalidad h\u00edbrida<\/strong> \u2013<strong>presencial y virtual<\/strong>-, adapt\u00e1ndose a las necesidades y preferencias de los alumnos.<\/p>\n<p>Para la <strong>XVIII edici\u00f3n<\/strong>, que tendr\u00e1 lugar durante el <strong>curso 2022-2023<\/strong>, se mantendr\u00e1 esta <strong>modalidad h\u00edbrida.<\/strong> El objetivo es <strong>facilitar<\/strong> <strong>que<\/strong> <strong>farmac\u00e9uticos\/cas de otras comunidades aut\u00f3nomas<\/strong> <strong>puedan realizar el M\u00e1ster<\/strong> y, de esta forma, <strong>recibir una formaci\u00f3n de \u00e9xito despu\u00e9s de 17 a\u00f1os alcanz\u00e1ndolo. <\/strong>En este sentido, gracias a <strong>el aula h\u00edbrida del COFB<\/strong>, dise\u00f1ada espec\u00edficamente para formaciones que combinan el formato presencial y virtual, se garantizar\u00e1 que todos los estudiantes obtengan la misma formaci\u00f3n te\u00f3rica, participativa y din\u00e1mica, independientemente de si se encuentran en el aula f\u00edsicamente o en remoto.<\/p>\n<p><span>Por <\/span><strong>ampliar informaci\u00f3n sobre la pr\u00f3xima edici\u00f3n del M\u00e1ster<\/strong><span>, el <\/span><strong>22 de junio<\/strong><span>, en las <\/span><strong>14 h<\/strong><span>, el COFB celebrar\u00e1 una <\/span><strong>sesi\u00f3n informativa<\/strong><span> en formato webinar. Las inscripciones ya est\u00e1n abiertas en la web institucional del COFB: <\/span><a href=\"https:\/\/www.cofb.org\/es\/web\/guest\/que-oferim\/farmaceutics\/serveis\/formacio-i-projectes\/activitats\/?p_p_id=webportletLlistatActivitats_WAR_webportletLlistatActivitats_INSTANCE_RuQd0cQLInOb&amp;p_p_lifecycle=0&amp;p_p_state=normal&amp;p_p_mode=view&amp;p_p_col_id=column-3&amp;p_p_col_count=1&amp;_webportletLlistatActivitats_WAR_webportletLlistatActivitats_INSTANCE_RuQd0cQLInOb_strutsAction=%2Fview%2Fdetall&amp;_webportletLlistatActivitats_WAR_webportletLlistatActivitats_INSTANCE_RuQd0cQLInOb_id=3658\">cofb.org\/actividades<\/a><span>.<\/span><\/p>\n<p><u><strong>\u00bfQu\u00e9 opinan los alumnos de esta edici\u00f3n del M\u00e1ster?<\/strong><\/u><\/p>\n<p>Los estudiantes de la XVII edici\u00f3n del MGOF han valorado muy positivamente el M\u00e1ster, destacando su <strong>contenido pr\u00e1ctico<\/strong> y la<strong>adecuaci\u00f3n a sus objetivos<\/strong>. Adem\u00e1s, han coincidido en la <strong>inmediata aplicabilidad<\/strong> que \u00e9ste ofrece como uno de sus puntos m\u00e1s fuertes.<\/p>\n<p><strong>Susana Valc\u00e1rcel<\/strong><span>, nueva titular de oficina de farmacia, necesitaba formaci\u00f3n urgente sobre c\u00f3mo gestionar una oficina de farmacia: \u201cVi que el COFB ofrec\u00eda este M\u00e1ster y <\/span><strong>se adecuaba totalmente a lo que estaba buscando <\/strong><span>porque trataba a los <\/span><strong>pilares fundamentales de la gesti\u00f3n de oficina de farmacia<\/strong><span>. <\/span><strong>Una vez finalizado, puedo decir que ha superado mis expectativas, tanto a nivel de organizaci\u00f3n, como de los contenidos y los ponentes\u201d.<\/strong><\/p>\n<p><strong>V\u00edctor Garc\u00eda,<\/strong> farmac\u00e9utico sustituto y futuro titular de oficina de farmacia, remarca tambi\u00e9n el <strong>valor humano<\/strong> del M\u00e1ster: \u201cMe llevo sobre todo a los <strong>conocimientos<\/strong> adquiridos a lo largo de estos meses<strong> y el equipo que hemos hecho<\/strong>, tanto con los m\u00edos <strong>compa\u00f1eros<\/strong> como con el <strong>profesorado<\/strong>\u201d. En cuanto a <strong>la aplicaci\u00f3n en el puesto de trabajo<\/strong>, afirma que <strong>\u201ces un M\u00e1ster muy din\u00e1mico y pr\u00e1ctico. Puedes venir a clase por la ma\u00f1ana y por la tarde estar aplicando los conocimientos a la farmacia\u201d. <\/strong><\/p>\n<p><u><strong>Finanzas y fiscalidad, Gesti\u00f3n de personas y Marketing, los tres m\u00f3dulos del MGOF<\/strong><\/u><\/p>\n<p>El MGOF, dirigido a titulares de oficina de farmacia o graduados en Farmacia que quieren adquirir conocimientos en la gesti\u00f3n de la farmacia comunitaria, consta de <strong>tres m\u00f3dulos<\/strong>: <strong>Finanzas y fiscalidad, Gesti\u00f3n de personas y Marketing<\/strong>. Con el fin de hacerlo m\u00e1s accesible, el alumnado tiene la opci\u00f3n de cursar estos m\u00f3dulos <strong>por separado<\/strong>, en funci\u00f3n de sus intereses y disponibilidad.<\/p>\n<p><span>A su vez, a partir de un <\/span><strong>aprendizaje activo<\/strong><span> y <\/span><strong>pr\u00e1ctico<\/strong><span>, los tres grandes objetivos del M\u00e1ster son los siguientes: conocer las <\/span><strong>diferentes \u00e1reas funcionales<\/strong><span> y los <\/span><strong>procesos de negocio<\/strong><span> de la farmacia por tener una <\/span><strong>visi\u00f3n global<\/strong><span>, <\/span><strong>generalista<\/strong><span> y <\/span><strong>integradora<\/strong><span> de la <\/span><strong>direcci\u00f3n<\/strong><span> y <\/span><strong>gesti\u00f3n de empresas<\/strong><span>; desarrollar las <\/span><strong>capacidades directivas<\/strong><span> para liderar el equipo de colaboradores; y adquirir los <\/span><strong>conocimientos necesarios para poder actuar de forma eficiente como responsable de una empresa<\/strong><span> con las caracter\u00edsticas que la regulan y la hacen diferente al resto.<\/span><\/p>\n<p>\u00a0<\/p>\n<p>\u00a0Este a\u00f1o se ha ofrecido, por primera vez, la posibilidad de cursar el M\u00e1ster de forma presencial y virtual, novedad que se mantendr\u00e1 para la XVIII edici\u00f3n para facilitar que farmac\u00e9uticos\/cas de otras comunidades aut\u00f3nomas puedan realizarlo<br \/>\n\tLos alumnos que han cursado el MGOF hacen una valoraci\u00f3n muy positiva, destacando, sobre todo, el contenido pr\u00e1ctico de \u00e9ste, la aplicabilidad inmediata que ofrece y la adecuaci\u00f3n a sus objetivos<\/p>\n<p>\u00a0<\/p>\n<p>Barcelona, 16 de junio de 2022.- El pasado 7 de junio tuvo lugar la clausura de la XVII edici\u00f3n del M\u00e1ster de Gesti\u00f3n de la Oficina de Farmacia (MGOF), organizado por el Colegio de Farmac\u00e9uticos de Barcelona (COFB). Un a\u00f1o m\u00e1s, el M\u00e1ster ha proporcionado a farmac\u00e9uticos\/as conocimientos en las grandes \u00e1reas que engloban la gesti\u00f3n de la empresa (finanzas, gesti\u00f3n de personas y marketing), y en las herramientas necesarias para realizar el an\u00e1lisis de oportunidades, tomar decisiones y aplicar las principales habilidades en la direcci\u00f3n.<\/p>\n<p>Durante la clausura, Jordi Casas, presidente del Colegio de Farmac\u00e9uticos de Barcelona (COFB), remarc\u00f3 que esta formaci\u00f3n \u201ces clave en el ejercicio profesional en la oficina de farmacia para completar la vertiente cient\u00edfica y t\u00e9cnica que se adquiere durante el estudio del Grado\u201d. En el acto tambi\u00e9n estuvieron presentes Aina Surroca, secretaria del COFB y responsable de la Comisi\u00f3n Delegada de Formaci\u00f3n Continua; Juan Carlos Serra, director del MGOF; y Cristina Rodr\u00edguez y M\u00f2nica Gallach, coordinadoras del M\u00e1ster y miembros del Departamento de Formaci\u00f3n y Desarrollo Profesional del COFB.<\/p>\n<p>Modalidad h\u00edbrida por primera vez<\/p>\n<p>A ra\u00edz de la pandemia sanitaria vivida recientemente, la digitalizaci\u00f3n ha irrumpido en nuestras vidas, por lo que esta edici\u00f3n del MGOF ha ofrecido por primera vez la posibilidad de cursar el M\u00e1ster en modalidad h\u00edbrida \u2013presencial y virtual-, adapt\u00e1ndose a las necesidades y preferencias de los alumnos.<\/p>\n<p>Para su XVIII edici\u00f3n, que tendr\u00e1 lugar durante el curso 2022-2023, se mantendr\u00e1 esta modalidad h\u00edbrida. El objetivo es facilitar que farmac\u00e9uticos\/cas de otras comunidades aut\u00f3nomas puedan realizar el M\u00e1ster y, de este modo, recibir una formaci\u00f3n de \u00e9xito despu\u00e9s de 17 a\u00f1os alcanz\u00e1ndolo. En este sentido, gracias al aula h\u00edbrida del COFB, dise\u00f1ada espec\u00edficamente para formaciones que combinan el formato presencial y virtual, se garantizar\u00e1 que todos los estudiantes obtengan la misma formaci\u00f3n te\u00f3rica, participativa y din\u00e1mica, independientemente de si se encuentran en el aula f\u00edsicamente o en remoto.<\/p>\n<p>Para ampliar informaci\u00f3n sobre la pr\u00f3xima edici\u00f3n del M\u00e1ster, el 22 de junio, a las 14 h, el COFB celebrar\u00e1 una sesi\u00f3n informativa en formato webinar. Las inscripciones ya est\u00e1n abiertas en la web institucional del COFB: cofb.org\/activitats.<\/p>\n<p>\u00bfQu\u00e9 opinan los alumnos de esta edici\u00f3n del M\u00e1ster?<\/p>\n<p>Los estudiantes de la XVII edici\u00f3n del MGOF han valorado muy positivamente el M\u00e1ster, destacando su contenido pr\u00e1ctico y su adecuaci\u00f3n a sus objetivos. Adem\u00e1s, coincidieron en la inmediata aplicabilidad que \u00e9ste ofrece como uno de sus puntos m\u00e1s fuertes.<\/p>\n<p>Susana Valc\u00e1rcel, nueva titular de oficina de farmacia, necesitaba formaci\u00f3n urgente sobre c\u00f3mo gestionar una oficina de farmacia: \u201cVi que el COFB ofrec\u00eda este M\u00e1ster y se adecuaba totalmente a lo que estaba buscando porque trataba los pilares fundamentales de la gesti\u00f3n de oficina de farmacia. Una vez finalizado, puedo decir que ha superado mis expectativas, tanto a nivel de organizaci\u00f3n, como de los contenidos y los ponentes\u201d.<\/p>\n<p>V\u00edctor Garc\u00eda, farmac\u00e9utico sustituto y futuro titular de oficina de farmacia, remarca tambi\u00e9n el valor humano del M\u00e1ster: \u201cMe llevo sobre todo los conocimientos adquiridos a lo largo de estos meses y el equipo que hemos hecho, tanto con mis compa\u00f1eros como con el profesorado\u201d. En cuanto a la aplicaci\u00f3n en el puesto de trabajo, afirma que \u201ces un M\u00e1ster muy din\u00e1mico y pr\u00e1ctico. Puedes venir a clase por la ma\u00f1ana y por la tarde estar aplicando los conocimientos a la farmacia\u201d. <\/p>\n<p>Finanzas y fiscalidad, Gesti\u00f3n de personas y Marketing, los tres m\u00f3dulos del MGOF<\/p>\n<p>El MGOF, dirigido a titulares de oficina de farmacia o graduados en Farmacia que desean adquirir conocimientos en la gesti\u00f3n de la farmacia comunitaria, consta de tres m\u00f3dulos: Finanzas y fiscalidad, Gesti\u00f3n de personas y Marketing. Para que sea m\u00e1s accesible, el alumnado tiene la opci\u00f3n de cursar estos m\u00f3dulos por separado, en funci\u00f3n de sus intereses y disponibilidad.<\/p>\n<p>A su vez, a partir de un aprendizaje activo y pr\u00e1ctico, los tres grandes objetivos del M\u00e1ster son los siguientes: conocer las diferentes \u00e1reas funcionales y los procesos de negocio de la farmacia para tener una visi\u00f3n global, generalista e integradora de la direcci\u00f3n y gesti\u00f3n de empresas; desarrollar las capacidades directivas para liderar el equipo de colaboradores; y adquirir los conocimientos necesarios para poder actuar de forma eficiente como responsable de una empresa con las caracter\u00edsticas que la regulan y que la hacen distinta al resto.<\/p>\n<p>\u00a0\u00a0\u00a0COFB.ORG<\/p>","protected":false},"excerpt":{"rendered":"<p>\u00a0 Este a\u00f1o se ha ofrecido, por primera vez, la posibilidad de cursar el M\u00e1ster de forma presencial y virtual, novedad que se mantendr\u00e1 para la XVIII edici\u00f3n para facilitar que farmac\u00e9uticos\/cas de otras comunidades aut\u00f3nomas puedan realizarlo Los alumnos que han cursado el MGOF hacen una valoraci\u00f3n muy positiva, destacando, [\u2026]<\/p>","protected":false},"author":1,"featured_media":0,"comment_status":"closed","ping_status":"closed","sticky":false,"template":"","format":"standard","meta":{"_uag_custom_page_level_css":"","site-sidebar-layout":"default","site-content-layout":"","ast-site-content-layout":"default","site-content-style":"default","site-sidebar-style":"default","ast-global-header-display":"","ast-banner-title-visibility":"","ast-main-header-display":"","ast-hfb-above-header-display":"","ast-hfb-below-header-display":"","ast-hfb-mobile-header-display":"","site-post-title":"","ast-breadcrumbs-content":"","ast-featured-img":"disabled","footer-sml-layout":"","theme-transparent-header-meta":"","adv-header-id-meta":"","stick-header-meta":"","header-above-stick-meta":"","header-main-stick-meta":"","header-below-stick-meta":"","astra-migrate-meta-layouts":"set","ast-page-background-enabled":"default","ast-page-background-meta":{"desktop":{"background-color":"var(--ast-global-color-4)","background-image":"","background-repeat":"repeat","background-position":"center center","background-size":"auto","background-attachment":"scroll","background-type":"","background-media":"","overlay-type":"","overlay-color":"","overlay-opacity":"","overlay-gradient":""},"tablet":{"background-color":"","background-image":"","background-repeat":"repeat","background-position":"center center","background-size":"auto","background-attachment":"scroll","background-type":"","background-media":"","overlay-type":"","overlay-color":"","overlay-opacity":"","overlay-gradient":""},"mobile":{"background-color":"","background-image":"","background-repeat":"repeat","background-position":"center center","background-size":"auto","background-attachment":"scroll","background-type":"","background-media":"","overlay-type":"","overlay-color":"","overlay-opacity":"","overlay-gradient":""}},"ast-content-background-meta":{"desktop":{"background-color":"var(--ast-global-color-5)","background-image":"","background-repeat":"repeat","background-position":"center center","background-size":"auto","background-attachment":"scroll","background-type":"","background-media":"","overlay-type":"","overlay-color":"","overlay-opacity":"","overlay-gradient":""},"tablet":{"background-color":"var(--ast-global-color-5)","background-image":"","background-repeat":"repeat","background-position":"center center","background-size":"auto","background-attachment":"scroll","background-type":"","background-media":"","overlay-type":"","overlay-color":"","overlay-opacity":"","overlay-gradient":""},"mobile":{"background-color":"var(--ast-global-color-5)","background-image":"","background-repeat":"repeat","background-position":"center center","background-size":"auto","background-attachment":"scroll","background-type":"","background-media":"","overlay-type":"","overlay-color":"","overlay-opacity":"","overlay-gradient":""}},"footnotes":""},"categories":[1060],"tags":[],"class_list":["post-76981","post","type-post","status-publish","format-standard","hentry","category-notes-premsa"],"yoast_head":"<!-- This site is optimized with the Yoast SEO plugin v22.4 - https:\/\/yoast.com\/wordpress\/plugins\/seo\/ -->\n<title>El COF de Barcelona clausura la primera edici\u00f3 h\u00edbrida del MGOF, novetat que es mantindr\u00e0 per al curs 2022-2023 - Col\u00b7legi de Farmac\u00e8utics de Barcelona<\/title>\n<meta name=\"robots\" content=\"index, follow, max-snippet:-1, max-image-preview:large, max-video-preview:-1\" \/>\n<link rel=\"canonical\" href=\"https:\/\/novaorg.cofb.net\/2022\/06\/16\/el-cof-de-barcelona-clausura-la-primera-edicio-hibrida-del-mgof-novetat-que-es-mantindra-per-al-curs-2022-2023\/\" \/>\n<meta property=\"og:locale\" content=\"es_ES\" \/>\n<meta property=\"og:type\" content=\"article\" \/>\n<meta property=\"og:title\" content=\"El COF de Barcelona clausura la primera edici\u00f3 h\u00edbrida del MGOF, novetat que es mantindr\u00e0 per al curs 2022-2023 - Col\u00b7legi de Farmac\u00e8utics de Barcelona\" \/>\n<meta property=\"og:description\" content=\"\u00a0 Aquest any s\u2019ha ofert, per primera vegada, la possibilitat de cursar el M\u00e0ster de manera presencial i virtual, novetat que es mantindr\u00e0 per a la XVIII edici\u00f3 per facilitar que farmac\u00e8utics\/ques d\u2019altres comunitats aut\u00f2nomes puguin realitzar-lo Els alumnes que han cursat el MGOF fan una valoraci\u00f3 molt positiva, destacant, [&hellip;]\" \/>\n<meta property=\"og:url\" content=\"https:\/\/novaorg.cofb.net\/2022\/06\/16\/el-cof-de-barcelona-clausura-la-primera-edicio-hibrida-del-mgof-novetat-que-es-mantindra-per-al-curs-2022-2023\/\" \/>\n<meta property=\"og:site_name\" content=\"Col\u00b7legi de Farmac\u00e8utics de Barcelona\" \/>\n<meta property=\"article:publisher\" content=\"https:\/\/www.facebook.com\/farmaceuticsbcn\/\" \/>\n<meta property=\"article:published_time\" content=\"2022-06-16T13:03:00+00:00\" \/>\n<meta property=\"article:modified_time\" content=\"2024-04-05T11:38:17+00:00\" \/>\n<meta name=\"author\" content=\"wpAdminCofbOrg\" \/>\n<meta name=\"twitter:card\" content=\"summary_large_image\" \/>\n<meta name=\"twitter:creator\" content=\"@farmaceuticsbcn\" \/>\n<meta name=\"twitter:site\" content=\"@farmaceuticsbcn\" \/>\n<meta name=\"twitter:label1\" content=\"Escrito por\" \/>\n\t<meta name=\"twitter:data1\" content=\"wpAdminCofbOrg\" \/>\n\t<meta name=\"twitter:label2\" content=\"Tiempo de lectura\" \/>\n\t<meta name=\"twitter:data2\" content=\"9 minutos\" \/>\n<script type=\"application\/ld+json\" class=\"yoast-schema-graph\">{\"@context\":\"https:\/\/schema.org\",\"@graph\":[{\"@type\":\"Article\",\"@id\":\"https:\/\/novaorg.cofb.net\/2022\/06\/16\/el-cof-de-barcelona-clausura-la-primera-edicio-hibrida-del-mgof-novetat-que-es-mantindra-per-al-curs-2022-2023\/#article\",\"isPartOf\":{\"@id\":\"https:\/\/novaorg.cofb.net\/2022\/06\/16\/el-cof-de-barcelona-clausura-la-primera-edicio-hibrida-del-mgof-novetat-que-es-mantindra-per-al-curs-2022-2023\/\"},\"author\":{\"name\":\"wpAdminCofbOrg\",\"@id\":\"https:\/\/www.cofb.org\/#\/schema\/person\/22ed7eea88da74b0fa4d3154ad87ffcb\"},\"headline\":\"El COF de Barcelona clausura la primera edici\u00f3 h\u00edbrida del MGOF, novetat que es mantindr\u00e0 per al curs 2022-2023\",\"datePublished\":\"2022-06-16T13:03:00+00:00\",\"dateModified\":\"2024-04-05T11:38:17+00:00\",\"mainEntityOfPage\":{\"@id\":\"https:\/\/novaorg.cofb.net\/2022\/06\/16\/el-cof-de-barcelona-clausura-la-primera-edicio-hibrida-del-mgof-novetat-que-es-mantindra-per-al-curs-2022-2023\/\"},\"wordCount\":1768,\"publisher\":{\"@id\":\"https:\/\/www.cofb.org\/#organization\"},\"articleSection\":[\"Notes de premsa\"],\"inLanguage\":\"es\"},{\"@type\":\"WebPage\",\"@id\":\"https:\/\/novaorg.cofb.net\/2022\/06\/16\/el-cof-de-barcelona-clausura-la-primera-edicio-hibrida-del-mgof-novetat-que-es-mantindra-per-al-curs-2022-2023\/\",\"url\":\"https:\/\/novaorg.cofb.net\/2022\/06\/16\/el-cof-de-barcelona-clausura-la-primera-edicio-hibrida-del-mgof-novetat-que-es-mantindra-per-al-curs-2022-2023\/\",\"name\":\"El COF de Barcelona clausura la primera edici\u00f3 h\u00edbrida del MGOF, novetat que es mantindr\u00e0 per al curs 2022-2023 - Col\u00b7legi de Farmac\u00e8utics de Barcelona\",\"isPartOf\":{\"@id\":\"https:\/\/www.cofb.org\/#website\"},\"datePublished\":\"2022-06-16T13:03:00+00:00\",\"dateModified\":\"2024-04-05T11:38:17+00:00\",\"breadcrumb\":{\"@id\":\"https:\/\/novaorg.cofb.net\/2022\/06\/16\/el-cof-de-barcelona-clausura-la-primera-edicio-hibrida-del-mgof-novetat-que-es-mantindra-per-al-curs-2022-2023\/#breadcrumb\"},\"inLanguage\":\"es\",\"potentialAction\":[{\"@type\":\"ReadAction\",\"target\":[\"https:\/\/novaorg.cofb.net\/2022\/06\/16\/el-cof-de-barcelona-clausura-la-primera-edicio-hibrida-del-mgof-novetat-que-es-mantindra-per-al-curs-2022-2023\/\"]}]},{\"@type\":\"BreadcrumbList\",\"@id\":\"https:\/\/novaorg.cofb.net\/2022\/06\/16\/el-cof-de-barcelona-clausura-la-primera-edicio-hibrida-del-mgof-novetat-que-es-mantindra-per-al-curs-2022-2023\/#breadcrumb\",\"itemListElement\":[{\"@type\":\"ListItem\",\"position\":1,\"name\":\"Inici\",\"item\":\"https:\/\/novaorg.cofb.net\/\"},{\"@type\":\"ListItem\",\"position\":2,\"name\":\"El COF de Barcelona clausura la primera edici\u00f3 h\u00edbrida del MGOF, novetat que es mantindr\u00e0 per al curs 2022-2023\"}]},{\"@type\":\"WebSite\",\"@id\":\"https:\/\/www.cofb.org\/#website\",\"url\":\"https:\/\/www.cofb.org\/\",\"name\":\"Col\u00b7legi de Farmac\u00e8utics de Barcelona\",\"description\":\"\",\"publisher\":{\"@id\":\"https:\/\/www.cofb.org\/#organization\"},\"potentialAction\":[{\"@type\":\"SearchAction\",\"target\":{\"@type\":\"EntryPoint\",\"urlTemplate\":\"https:\/\/www.cofb.org\/?s={search_term_string}\"},\"query-input\":\"required name=search_term_string\"}],\"inLanguage\":\"es\"},{\"@type\":\"Organization\",\"@id\":\"https:\/\/www.cofb.org\/#organization\",\"name\":\"Col\u00b7legi de Farmac\u00e8utics de Barcelona\",\"url\":\"https:\/\/www.cofb.org\/\",\"logo\":{\"@type\":\"ImageObject\",\"inLanguage\":\"es\",\"@id\":\"https:\/\/www.cofb.org\/#\/schema\/logo\/image\/\",\"url\":\"https:\/\/www.cofb.org\/wp-content\/uploads\/2023\/11\/cropped-Logotip-COFB.png\",\"contentUrl\":\"https:\/\/www.cofb.org\/wp-content\/uploads\/2023\/11\/cropped-Logotip-COFB.png\",\"width\":500,\"height\":105,\"caption\":\"Col\u00b7legi de Farmac\u00e8utics de Barcelona\"},\"image\":{\"@id\":\"https:\/\/www.cofb.org\/#\/schema\/logo\/image\/\"},\"sameAs\":[\"https:\/\/www.facebook.com\/farmaceuticsbcn\/\",\"https:\/\/twitter.com\/farmaceuticsbcn\",\"https:\/\/www.instagram.com\/farmaceuticsbcn\/\",\"https:\/\/www.linkedin.com\/company\/farmaceuticsbcn\/\"]},{\"@type\":\"Person\",\"@id\":\"https:\/\/www.cofb.org\/#\/schema\/person\/22ed7eea88da74b0fa4d3154ad87ffcb\",\"name\":\"wpAdminCofbOrg\",\"image\":{\"@type\":\"ImageObject\",\"inLanguage\":\"es\",\"@id\":\"https:\/\/www.cofb.org\/#\/schema\/person\/image\/\",\"url\":\"https:\/\/secure.gravatar.com\/avatar\/1721b20b3b8ca882c3b56ec6c978c594fff670e40c0718e9190eaeeb76aae7d8?s=96&d=mm&r=g\",\"contentUrl\":\"https:\/\/secure.gravatar.com\/avatar\/1721b20b3b8ca882c3b56ec6c978c594fff670e40c0718e9190eaeeb76aae7d8?s=96&d=mm&r=g\",\"caption\":\"wpAdminCofbOrg\"},\"sameAs\":[\"http:\/\/192.168.64.122\/wordpress\"],\"url\":\"https:\/\/www.cofb.org\/es\/author\/wpadmincofborg\/\"}]}<\/script>\n<!-- \/ Yoast SEO plugin. -->","yoast_head_json":{"title":"El COF de Barcelona clausura la primera edici\u00f3 h\u00edbrida del MGOF, novetat que es mantindr\u00e0 per al curs 2022-2023 - Col\u00b7legi de Farmac\u00e8utics de Barcelona","robots":{"index":"index","follow":"follow","max-snippet":"max-snippet:-1","max-image-preview":"max-image-preview:large","max-video-preview":"max-video-preview:-1"},"canonical":"https:\/\/novaorg.cofb.net\/2022\/06\/16\/el-cof-de-barcelona-clausura-la-primera-edicio-hibrida-del-mgof-novetat-que-es-mantindra-per-al-curs-2022-2023\/","og_locale":"es_ES","og_type":"article","og_title":"El COF de Barcelona clausura la primera edici\u00f3 h\u00edbrida del MGOF, novetat que es mantindr\u00e0 per al curs 2022-2023 - Col\u00b7legi de Farmac\u00e8utics de Barcelona","og_description":"\u00a0 Aquest any s\u2019ha ofert, per primera vegada, la possibilitat de cursar el M\u00e0ster de manera presencial i virtual, novetat que es mantindr\u00e0 per a la XVIII edici\u00f3 per facilitar que farmac\u00e8utics\/ques d\u2019altres comunitats aut\u00f2nomes puguin realitzar-lo Els alumnes que han cursat el MGOF fan una valoraci\u00f3 molt positiva, destacant, [&hellip;]","og_url":"https:\/\/novaorg.cofb.net\/2022\/06\/16\/el-cof-de-barcelona-clausura-la-primera-edicio-hibrida-del-mgof-novetat-que-es-mantindra-per-al-curs-2022-2023\/","og_site_name":"Col\u00b7legi de Farmac\u00e8utics de Barcelona","article_publisher":"https:\/\/www.facebook.com\/farmaceuticsbcn\/","article_published_time":"2022-06-16T13:03:00+00:00","article_modified_time":"2024-04-05T11:38:17+00:00","author":"wpAdminCofbOrg","twitter_card":"summary_large_image","twitter_creator":"@farmaceuticsbcn","twitter_site":"@farmaceuticsbcn","twitter_misc":{"Escrito por":"wpAdminCofbOrg","Tiempo de lectura":"9 minutos"},"schema":{"@context":"https:\/\/schema.org","@graph":[{"@type":"Article","@id":"https:\/\/novaorg.cofb.net\/2022\/06\/16\/el-cof-de-barcelona-clausura-la-primera-edicio-hibrida-del-mgof-novetat-que-es-mantindra-per-al-curs-2022-2023\/#article","isPartOf":{"@id":"https:\/\/novaorg.cofb.net\/2022\/06\/16\/el-cof-de-barcelona-clausura-la-primera-edicio-hibrida-del-mgof-novetat-que-es-mantindra-per-al-curs-2022-2023\/"},"author":{"name":"wpAdminCofbOrg","@id":"https:\/\/www.cofb.org\/#\/schema\/person\/22ed7eea88da74b0fa4d3154ad87ffcb"},"headline":"El COF de Barcelona clausura la primera edici\u00f3 h\u00edbrida del MGOF, novetat que es mantindr\u00e0 per al curs 2022-2023","datePublished":"2022-06-16T13:03:00+00:00","dateModified":"2024-04-05T11:38:17+00:00","mainEntityOfPage":{"@id":"https:\/\/novaorg.cofb.net\/2022\/06\/16\/el-cof-de-barcelona-clausura-la-primera-edicio-hibrida-del-mgof-novetat-que-es-mantindra-per-al-curs-2022-2023\/"},"wordCount":1768,"publisher":{"@id":"https:\/\/www.cofb.org\/#organization"},"articleSection":["Notes de premsa"],"inLanguage":"es"},{"@type":"WebPage","@id":"https:\/\/novaorg.cofb.net\/2022\/06\/16\/el-cof-de-barcelona-clausura-la-primera-edicio-hibrida-del-mgof-novetat-que-es-mantindra-per-al-curs-2022-2023\/","url":"https:\/\/novaorg.cofb.net\/2022\/06\/16\/el-cof-de-barcelona-clausura-la-primera-edicio-hibrida-del-mgof-novetat-que-es-mantindra-per-al-curs-2022-2023\/","name":"El COF de Barcelona clausura la primera edici\u00f3 h\u00edbrida del MGOF, novetat que es mantindr\u00e0 per al curs 2022-2023 - Col\u00b7legi de Farmac\u00e8utics de Barcelona","isPartOf":{"@id":"https:\/\/www.cofb.org\/#website"},"datePublished":"2022-06-16T13:03:00+00:00","dateModified":"2024-04-05T11:38:17+00:00","breadcrumb":{"@id":"https:\/\/novaorg.cofb.net\/2022\/06\/16\/el-cof-de-barcelona-clausura-la-primera-edicio-hibrida-del-mgof-novetat-que-es-mantindra-per-al-curs-2022-2023\/#breadcrumb"},"inLanguage":"es","potentialAction":[{"@type":"ReadAction","target":["https:\/\/novaorg.cofb.net\/2022\/06\/16\/el-cof-de-barcelona-clausura-la-primera-edicio-hibrida-del-mgof-novetat-que-es-mantindra-per-al-curs-2022-2023\/"]}]},{"@type":"BreadcrumbList","@id":"https:\/\/novaorg.cofb.net\/2022\/06\/16\/el-cof-de-barcelona-clausura-la-primera-edicio-hibrida-del-mgof-novetat-que-es-mantindra-per-al-curs-2022-2023\/#breadcrumb","itemListElement":[{"@type":"ListItem","position":1,"name":"Inici","item":"https:\/\/novaorg.cofb.net\/"},{"@type":"ListItem","position":2,"name":"El COF de Barcelona clausura la primera edici\u00f3 h\u00edbrida del MGOF, novetat que es mantindr\u00e0 per al curs 2022-2023"}]},{"@type":"WebSite","@id":"https:\/\/www.cofb.org\/#website","url":"https:\/\/www.cofb.org\/","name":"Col\u00b7legi de Farmac\u00e8utics de Barcelona","description":"","publisher":{"@id":"https:\/\/www.cofb.org\/#organization"},"potentialAction":[{"@type":"SearchAction","target":{"@type":"EntryPoint","urlTemplate":"https:\/\/www.cofb.org\/?s={search_term_string}"},"query-input":"required name=search_term_string"}],"inLanguage":"es"},{"@type":"Organization","@id":"https:\/\/www.cofb.org\/#organization","name":"Col\u00b7legi de Farmac\u00e8utics de Barcelona","url":"https:\/\/www.cofb.org\/","logo":{"@type":"ImageObject","inLanguage":"es","@id":"https:\/\/www.cofb.org\/#\/schema\/logo\/image\/","url":"https:\/\/www.cofb.org\/wp-content\/uploads\/2023\/11\/cropped-Logotip-COFB.png","contentUrl":"https:\/\/www.cofb.org\/wp-content\/uploads\/2023\/11\/cropped-Logotip-COFB.png","width":500,"height":105,"caption":"Col\u00b7legi de Farmac\u00e8utics de Barcelona"},"image":{"@id":"https:\/\/www.cofb.org\/#\/schema\/logo\/image\/"},"sameAs":["https:\/\/www.facebook.com\/farmaceuticsbcn\/","https:\/\/twitter.com\/farmaceuticsbcn","https:\/\/www.instagram.com\/farmaceuticsbcn\/","https:\/\/www.linkedin.com\/company\/farmaceuticsbcn\/"]},{"@type":"Person","@id":"https:\/\/www.cofb.org\/#\/schema\/person\/22ed7eea88da74b0fa4d3154ad87ffcb","name":"wpAdminCofbOrg","image":{"@type":"ImageObject","inLanguage":"es","@id":"https:\/\/www.cofb.org\/#\/schema\/person\/image\/","url":"https:\/\/secure.gravatar.com\/avatar\/1721b20b3b8ca882c3b56ec6c978c594fff670e40c0718e9190eaeeb76aae7d8?s=96&d=mm&r=g","contentUrl":"https:\/\/secure.gravatar.com\/avatar\/1721b20b3b8ca882c3b56ec6c978c594fff670e40c0718e9190eaeeb76aae7d8?s=96&d=mm&r=g","caption":"wpAdminCofbOrg"},"sameAs":["http:\/\/192.168.64.122\/wordpress"],"url":"https:\/\/www.cofb.org\/es\/author\/wpadmincofborg\/"}]}},"uagb_featured_image_src":{"full":false,"thumbnail":false,"medium":false,"medium_large":false,"large":false,"1536x1536":false,"2048x2048":false,"trp-custom-language-flag":false},"uagb_author_info":{"display_name":"wpAdminCofbOrg","author_link":"https:\/\/www.cofb.org\/es\/author\/wpadmincofborg\/"},"uagb_comment_info":0,"uagb_excerpt":"\u00a0 Aquest any s\u2019ha ofert, per primera vegada, la possibilitat de cursar el M\u00e0ster de manera presencial i virtual, novetat que es mantindr\u00e0 per a la XVIII edici\u00f3 per facilitar que farmac\u00e8utics\/ques d\u2019altres comunitats aut\u00f2nomes puguin realitzar-lo Els alumnes que han cursat el MGOF fan una valoraci\u00f3 molt positiva, destacant, [&hellip;]","_links":{"self":[{"href":"https:\/\/www.cofb.org\/es\/wp-json\/wp\/v2\/posts\/76981","targetHints":{"allow":["GET"]}}],"collection":[{"href":"https:\/\/www.cofb.org\/es\/wp-json\/wp\/v2\/posts"}],"about":[{"href":"https:\/\/www.cofb.org\/es\/wp-json\/wp\/v2\/types\/post"}],"author":[{"embeddable":true,"href":"https:\/\/www.cofb.org\/es\/wp-json\/wp\/v2\/users\/1"}],"replies":[{"embeddable":true,"href":"https:\/\/www.cofb.org\/es\/wp-json\/wp\/v2\/comments?post=76981"}],"version-history":[{"count":1,"href":"https:\/\/www.cofb.org\/es\/wp-json\/wp\/v2\/posts\/76981\/revisions"}],"predecessor-version":[{"id":78192,"href":"https:\/\/www.cofb.org\/es\/wp-json\/wp\/v2\/posts\/76981\/revisions\/78192"}],"wp:attachment":[{"href":"https:\/\/www.cofb.org\/es\/wp-json\/wp\/v2\/media?parent=76981"}],"wp:term":[{"taxonomy":"category","embeddable":true,"href":"https:\/\/www.cofb.org\/es\/wp-json\/wp\/v2\/categories?post=76981"},{"taxonomy":"post_tag","embeddable":true,"href":"https:\/\/www.cofb.org\/es\/wp-json\/wp\/v2\/tags?post=76981"}],"curies":[{"name":"wp","href":"https:\/\/api.w.org\/{rel}","templated":true}]}}