{"id":76906,"date":"2023-10-06T13:57:00","date_gmt":"2023-10-06T13:57:00","guid":{"rendered":"https:\/\/novaorg.cofb.net\/2023\/10\/06\/prop-de-500-persones-celebren-els-125-anys-del-collegi-de-farmaceutics-de-barcelona-al-palau-de-la-musica-catalana-2\/"},"modified":"2024-02-27T08:47:22","modified_gmt":"2024-02-27T08:47:22","slug":"prop-de-500-persones-celebren-els-125-anys-del-collegi-de-farmaceutics-de-barcelona-al-palau-de-la-musica-catalana-2","status":"publish","type":"post","link":"https:\/\/www.cofb.org\/es\/2023\/10\/06\/prop-de-500-persones-celebren-els-125-anys-del-collegi-de-farmaceutics-de-barcelona-al-palau-de-la-musica-catalana-2\/","title":{"rendered":"Cerca de 500 personas celebran los 125 a\u00f1os del Colegio de Farmac\u00e9uticos de Barcelona en el Palau de la M\u00fasica Catalana"},"content":{"rendered":"<p>\u00a0<\/p>\n<ul>\n<li>El presidente del COFB, Jordi Casas, puso en valor la evoluci\u00f3n de la profesi\u00f3n farmac\u00e9utica en los \u00faltimos 125 a\u00f1os, poniendo siempre al frente el compromiso con la salud de los pacientes<\/li>\n<li>El acto se convirti\u00f3 en el escenario id\u00f3neo para la presentaci\u00f3n y proyecci\u00f3n del v\u00eddeo conmemorativo, elaborado con motivo del 125 aniversario, bajo el t\u00edtulo \u201cLa f\u00f3rmula magistral de nuestros 125 a\u00f1os\u201d<\/li>\n<li>Como ya es tradici\u00f3n, el Colegio rindi\u00f3 homenaje a los farmac\u00e9uticos y farmac\u00e9uticas que cumpl\u00edan 50 y 75 a\u00f1os de colegiaci\u00f3n y entreg\u00f3 los diplomas de las becas y premios a sus autores<\/li>\n<\/ul>\n<p><img decoding=\"async\" alt=\"\" src=\"https:\/\/www.cofb.org\/documents\/10136\/1091470\/COFB_125%C3%A8+ANIVERSARI_06102023_1.jpg\/02ad771d-b5b5-45e6-ac71-7544f4c900ce?t=1696593641348\"><\/p>\n<p><em>Barcelona, 6 de octubre de 2023<\/em>. El <strong>Col\u00b7legi de Farmac\u00e8utics de Barcelona (COFB)<\/strong> ha celebrado su <strong>125 aniversario <\/strong>a una edici\u00f3n especial de la <strong>Fiesta del Farmac\u00e9utico<\/strong>, que tuvo lugar ayer, 5 de octubre, en <strong>Palau de la M\u00fasica Catalana<\/strong>. El acto cont\u00f3 con la asistencia de cerca de <strong>500 personas, entre las que se encontraban diferentes autoridades del \u00e1mbito sanitario y de la farmacia, as\u00ed como representantes de entidades<\/strong> con una estrecha relaci\u00f3n con el COFB. \u00a0<\/p>\n<p><u><strong>125 a\u00f1os poniendo a la cabeza el compromiso con la salud de los pacientes<\/strong><\/u><\/p>\n<p>El presidente de COFB, Jordi Casas, durante su discurso hizo un breve repaso del <strong>significado de los 125 a\u00f1os de historia<\/strong> para la instituci\u00f3n. \u201cEn estos <strong>125 a\u00f1os<\/strong>, la profesi\u00f3n ha evolucionado para adaptarse a los cambios econ\u00f3micos y sociales, siempre <strong>poniendo a la cabeza nuestro compromiso con la salud de los pacientes. Y el Colegio ha sido testigo de esta evoluci\u00f3n y promotor del desarrollo de los distintos \u00e1mbitos de la profesi\u00f3n\u201d.<\/strong><\/p>\n<p>Casas tambi\u00e9n puso en valor que \u201cla <strong>farmacia comunitaria <\/strong>ha vivido una importante transformaci\u00f3n hacia una funci\u00f3n cada vez<strong> m\u00e1s asistencial<\/strong>, aprovechando la <strong>capilaridad <\/strong>y <strong>accesibilidad de la red de farmacias <\/strong>en t\u00e9rminos de <strong>proximidad y confianza al ciudadano<\/strong>\u201d. En este sentido, a\u00f1adi\u00f3 que en los \u00faltimos a\u00f1os se ha trabajado para desplegar<strong>atenci\u00f3n farmac\u00e9utica comunitaria <\/strong>en el Sistema p\u00fablico de Salud \u201cen <strong>tres grandes l\u00edneas estrat\u00e9gicas: la promoci\u00f3n de la salud y prevenci\u00f3n de la enfermedad, la accesibilidad y coordinaci\u00f3n asistencial, y la atenci\u00f3n y el seguimiento farmacoterap\u00e9utico\u201d.<\/strong><\/p>\n<p>Asimismo, el presidente del COFB hizo menci\u00f3n a la <strong>transformaci\u00f3n digital <\/strong>de la profesi\u00f3n en estos \u00faltimos a\u00f1os, que &quot;ha permitido que evolucionemos hacia lo que hemos llamado farmacia libre de papeles&quot;; la <strong>gesti\u00f3n de la pandemia de la COVID-19<\/strong> por parte de los profesionales farmac\u00e9uticos; la vertiente social &quot;para contribuir a la mejora de nuestro entorno&quot;; la <strong>promoci\u00f3n de la sostenibilidad<\/strong> del sector en un momento de emergencia clim\u00e1tica y, por \u00faltimo, la apuesta por <strong>la investigaci\u00f3n<\/strong>, el <strong>desarrollo tecnol\u00f3gico y la innovaci\u00f3n.<\/strong><\/p>\n<p><u><strong>&quot;La f\u00f3rmula magistral de nuestros 125 a\u00f1os&quot;<\/strong><\/u><\/p>\n<p>El acto se convirti\u00f3 en el escenario id\u00f3neo para la <strong>presentaci\u00f3n y proyecci\u00f3n del v\u00eddeo conmemorativo<\/strong>, elaborado <strong>con motivo del 125 aniversario<\/strong>, bajo el<strong> t\u00edtulo <a href=\"https:\/\/vimeo.com\/871098438?share=copy\" target=\"_blank\" rel=\"noopener\">&quot;La f\u00f3rmula magistral de nuestros 125 a\u00f1os&quot;<\/a><\/strong>. El v\u00eddeo revela al espectador cu\u00e1les son los tres ingredientes que forman esta f\u00f3rmula magistral del Colegio: el<strong>experiencia en el medicamento, la evoluci\u00f3n y adaptaci\u00f3n a los nuevos tiempos y la proximidad a la ciudadan\u00eda.<\/strong><\/p>\n<p>Asimismo, el v\u00eddeo recoge la evoluci\u00f3n del Colegio, los valores de \u00e9ste y los momentos que han marcado en los \u00faltimos 25 a\u00f1os con los testigos de Joan Duran (presidente del COFB de 1994 a 2008), Jordi de Dalmases (presidente del 2008 a 2020) y Jordi Casas, el actual presidente.<\/p>\n<p><u><strong>Homenaje a farmac\u00e9uticos\/cas con 50 y 75 a\u00f1os de colegiaci\u00f3n<\/strong><\/u><\/p>\n<p>En el marco de la Diada del Farmac\u00e9utico, el Colegio tambi\u00e9n rindi\u00f3 homenaje a <strong>53 farmac\u00e9uticos y farmac\u00e9uticas <\/strong>que cumpl\u00edan <strong>50 a\u00f1os de colegiaci\u00f3n<\/strong>, con la entrega de una insignia de oro como muestra de reconocimiento por su <strong>vocaci\u00f3n, compromiso y profesionalidad<\/strong>. Este a\u00f1o, adem\u00e1s, se hizo entrega de la <strong>insignia de oro y brillantes <\/strong>en el farmac\u00e9utico <strong>Alfonso de Mena<\/strong> por los<strong> <\/strong><strong>75 a\u00f1os de colegiaci\u00f3n.<\/strong> Asimismo, se entregaron los <strong>diplomas de las becas y premios<\/strong> por los trabajos y proyectos de investigaci\u00f3n desarrollados.<\/p>\n<p><u><strong>Actuaci\u00f3n musical \u201cHimnos del coraz\u00f3n\u201d en el Palau de la M\u00fasica<\/strong><\/u><\/p>\n<p>Para cerrar el acto conmemorativo, la <strong>Sinf\u00f3nica de Cobla y Corda de Catalunya<\/strong>, bajo la direcci\u00f3n de <strong>Francesc Cass\u00fa,<\/strong> ofreci\u00f3 el<strong>actuaci\u00f3n musical \u201cHimnos del coraz\u00f3n\u201d<\/strong>, que cont\u00f3 con la participaci\u00f3n de <strong>Beth, Manu Guix, Pau, Joan Garrido y la Polif\u00f3nica de Puig-reig<\/strong> como artistas invitados.<\/p>\n<p>\u00a0El presidente del COFB, Jordi Casas, puso en valor la evoluci\u00f3n de la profesi\u00f3n farmac\u00e9utica en los \u00faltimos 125 a\u00f1os, poniendo siempre al frente el compromiso con la salud de los pacientes<br \/>\n\tEl acto se convirti\u00f3 en el escenario id\u00f3neo para la presentaci\u00f3n y proyecci\u00f3n del v\u00eddeo conmemorativo, elaborado con motivo del 125 aniversario, bajo el t\u00edtulo \u201cLa f\u00f3rmula magistral de nuestros 125 a\u00f1os\u201d<br \/>\n\tComo ya es tradici\u00f3n, el Colegio rindi\u00f3 homenaje a los farmac\u00e9uticos y farmac\u00e9uticas que cumpl\u00edan 50 y 75 a\u00f1os de colegiaci\u00f3n y entreg\u00f3 los diplomas de las becas y premios a sus autores<\/p>\n<p>Barcelona, 6 de octubre de 2023. El Colegio de Farmac\u00e9uticos de Barcelona (COFB) ha celebrado su 125 aniversario en una edici\u00f3n especial de la Diada del Farmac\u00e9utico, que tuvo lugar ayer, 5 de octubre, en el Palau de la M\u00fasica Catalana. El acto cont\u00f3 con la asistencia de cerca de 500 personas, entre las que se encontraban distintas autoridades del \u00e1mbito sanitario y de la farmacia, as\u00ed como representantes de entidades con una estrecha relaci\u00f3n con el COFB. \u00a0<\/p>\n<p>125 a\u00f1os poniendo a la cabeza el compromiso con la salud de los pacientes<\/p>\n<p>El presidente de COFB, Jordi Casas, durante su discurso dio un breve repaso del significado de los 125 a\u00f1os de historia para la instituci\u00f3n. \u201cEn estos 125 a\u00f1os, la profesi\u00f3n ha evolucionado para adaptarse a los cambios econ\u00f3micos y sociales, siempre poniendo en cabeza nuestro compromiso con la salud de los pacientes. Y el Colegio ha sido testigo de esta evoluci\u00f3n y promotor del desarrollo de los distintos \u00e1mbitos de la profesi\u00f3n\u201d.<\/p>\n<p>Casas tambi\u00e9n puso en valor que &quot;la farmacia comunitaria ha vivido una importante transformaci\u00f3n hacia una funci\u00f3n cada vez m\u00e1s asistencial, aprovechando la capilaridad y accesibilidad de la red de farmacias en t\u00e9rminos de proximidad y confianza al ciudadano&quot;. En este sentido, a\u00f1adi\u00f3 que en los \u00faltimos a\u00f1os se ha trabajado para desplegar la atenci\u00f3n farmac\u00e9utica comunitaria en el Sistema p\u00fablico de Salud \u201cen tres grandes l\u00edneas estrat\u00e9gicas: la promoci\u00f3n de la salud y prevenci\u00f3n de la enfermedad, la accesibilidad y coordinaci\u00f3n asistencial, y la atenci\u00f3n y el seguimiento farmacoterap\u00e9utico\u201d.<\/p>\n<p>Asimismo, el presidente del COFB hizo menci\u00f3n a la transformaci\u00f3n digital de la profesi\u00f3n en estos \u00faltimos a\u00f1os, que &quot;ha permitido que evolucionemos hacia lo que hemos llamado farmacia libre de papeles&quot;; la gesti\u00f3n de la pandemia de la COVID-19 por parte de los profesionales farmac\u00e9uticos; la vertiente social &quot;para contribuir a la mejora de nuestro entorno&quot;; la promoci\u00f3n de la sostenibilidad del sector en un momento de emergencia clim\u00e1tica y, por \u00faltimo, la apuesta por la investigaci\u00f3n, el desarrollo tecnol\u00f3gico y la innovaci\u00f3n.<\/p>\n<p>&quot;La f\u00f3rmula magistral de nuestros 125 a\u00f1os&quot;<\/p>\n<p>El acto se convirti\u00f3 en el escenario id\u00f3neo para la presentaci\u00f3n y proyecci\u00f3n del v\u00eddeo conmemorativo, elaborado con motivo del 125 aniversario, bajo el t\u00edtulo \u201cLa f\u00f3rmula magistral de nuestros 125 a\u00f1os\u201d. El v\u00eddeo revela al espectador cu\u00e1les son los tres ingredientes que forman esta f\u00f3rmula magistral del Colegio: la experiencia en el medicamento, la evoluci\u00f3n y adaptaci\u00f3n a los nuevos tiempos y la proximidad a la ciudadan\u00eda.<\/p>\n<p>Asimismo, el v\u00eddeo recoge la evoluci\u00f3n del Colegio, los valores de \u00e9ste y los momentos que han marcado en los \u00faltimos 25 a\u00f1os con los testigos de Joan Duran (presidente del COFB de 1994 a 2008), Jordi de Dalmases (presidente del 2008 a 2020) y Jordi Casas, el actual presidente.<\/p>\n<p>Homenaje a farmac\u00e9uticos\/cas con 50 y 75 a\u00f1os de colegiaci\u00f3n<\/p>\n<p>En el marco de la Diada del Farmac\u00e9utico, el Colegio tambi\u00e9n rindi\u00f3 homenaje a 53 farmac\u00e9uticos y farmac\u00e9uticas que cumpl\u00edan 50 a\u00f1os de colegiaci\u00f3n, con la entrega de una insignia de oro como muestra de reconocimiento por su vocaci\u00f3n, compromiso y profesionalidad. Este a\u00f1o, adem\u00e1s, se hizo entrega de la insignia de oro y brillantes en el farmac\u00e9utico Alfons de Mena por los 75 a\u00f1os de colegiaci\u00f3n. Asimismo, se entregaron los diplomas de las becas y premios por los trabajos y proyectos de investigaci\u00f3n desarrollados.<\/p>\n<p>Actuaci\u00f3n musical \u201cHimnos del coraz\u00f3n\u201d en el Palau de la M\u00fasica<\/p>\n<p>Para cerrar el acto conmemorativo, la Sinf\u00f3nica de Cobla y Corda de Catalunya, bajo la direcci\u00f3n de Francesc Cass\u00fa, ofreci\u00f3 la actuaci\u00f3n musical \u201cHimnes del cor\u201d, que cont\u00f3 con la participaci\u00f3n de Beth, Manu Guix, La Pau, Joan Garrido y la Polif\u00f3nica de Puig-reig como artistas invitados.  COFB.ORG<\/p>","protected":false},"excerpt":{"rendered":"<p>\u00a0 El presidente del COFB, Jordi Casas, puso en valor la evoluci\u00f3n de la profesi\u00f3n farmac\u00e9utica a lo largo de los \u00faltimos 125 a\u00f1os, poniendo siempre al frente el compromiso con la salud de los pacientes El acto se convirti\u00f3 en el escenario id\u00f3neo para la presentaci\u00f3n y proyecci\u00f3n del v\u00eddeo conmemorativo, elaborado con motivo de [...]<\/p>","protected":false},"author":1,"featured_media":76849,"comment_status":"closed","ping_status":"","sticky":false,"template":"","format":"aside","meta":{"_uag_custom_page_level_css":"","site-sidebar-layout":"default","site-content-layout":"","ast-site-content-layout":"default","site-content-style":"default","site-sidebar-style":"default","ast-global-header-display":"","ast-banner-title-visibility":"","ast-main-header-display":"","ast-hfb-above-header-display":"","ast-hfb-below-header-display":"","ast-hfb-mobile-header-display":"","site-post-title":"","ast-breadcrumbs-content":"","ast-featured-img":"disabled","footer-sml-layout":"","theme-transparent-header-meta":"","adv-header-id-meta":"","stick-header-meta":"","header-above-stick-meta":"","header-main-stick-meta":"","header-below-stick-meta":"","astra-migrate-meta-layouts":"set","ast-page-background-enabled":"default","ast-page-background-meta":{"desktop":{"background-color":"var(--ast-global-color-4)","background-image":"","background-repeat":"repeat","background-position":"center center","background-size":"auto","background-attachment":"scroll","background-type":"","background-media":"","overlay-type":"","overlay-color":"","overlay-opacity":"","overlay-gradient":""},"tablet":{"background-color":"","background-image":"","background-repeat":"repeat","background-position":"center center","background-size":"auto","background-attachment":"scroll","background-type":"","background-media":"","overlay-type":"","overlay-color":"","overlay-opacity":"","overlay-gradient":""},"mobile":{"background-color":"","background-image":"","background-repeat":"repeat","background-position":"center center","background-size":"auto","background-attachment":"scroll","background-type":"","background-media":"","overlay-type":"","overlay-color":"","overlay-opacity":"","overlay-gradient":""}},"ast-content-background-meta":{"desktop":{"background-color":"var(--ast-global-color-5)","background-image":"","background-repeat":"repeat","background-position":"center center","background-size":"auto","background-attachment":"scroll","background-type":"","background-media":"","overlay-type":"","overlay-color":"","overlay-opacity":"","overlay-gradient":""},"tablet":{"background-color":"var(--ast-global-color-5)","background-image":"","background-repeat":"repeat","background-position":"center center","background-size":"auto","background-attachment":"scroll","background-type":"","background-media":"","overlay-type":"","overlay-color":"","overlay-opacity":"","overlay-gradient":""},"mobile":{"background-color":"var(--ast-global-color-5)","background-image":"","background-repeat":"repeat","background-position":"center center","background-size":"auto","background-attachment":"scroll","background-type":"","background-media":"","overlay-type":"","overlay-color":"","overlay-opacity":"","overlay-gradient":""}},"footnotes":""},"categories":[1060],"tags":[],"class_list":["post-76906","post","type-post","status-publish","format-aside","has-post-thumbnail","hentry","category-notes-premsa","post_format-post-format-aside"],"yoast_head":"<!-- This site is optimized with the Yoast SEO plugin v22.4 - https:\/\/yoast.com\/wordpress\/plugins\/seo\/ -->\n<title>Prop de 500 persones celebren els 125 anys del Col\u00b7legi de Farmac\u00e8utics de Barcelona al Palau de la M\u00fasica Catalana - Col\u00b7legi de Farmac\u00e8utics de Barcelona<\/title>\n<meta name=\"robots\" content=\"index, follow, max-snippet:-1, max-image-preview:large, max-video-preview:-1\" \/>\n<link rel=\"canonical\" href=\"https:\/\/novaorg.cofb.net\/2023\/10\/06\/prop-de-500-persones-celebren-els-125-anys-del-collegi-de-farmaceutics-de-barcelona-al-palau-de-la-musica-catalana-2\/\" \/>\n<meta property=\"og:locale\" content=\"es_ES\" \/>\n<meta property=\"og:type\" content=\"article\" \/>\n<meta property=\"og:title\" content=\"Prop de 500 persones celebren els 125 anys del Col\u00b7legi de Farmac\u00e8utics de Barcelona al Palau de la M\u00fasica Catalana - Col\u00b7legi de Farmac\u00e8utics de Barcelona\" \/>\n<meta property=\"og:description\" content=\"\u00a0 El president del COFB, Jordi Casas, va posar en valor l\u2019evoluci\u00f3 de la professi\u00f3 farmac\u00e8utica al llarg dels darrers 125 anys, posant sempre al capdavant el comprom\u00eds amb la salut dels pacients L\u2019acte va esdevenir l\u2019escenari idoni per a la presentaci\u00f3 i projecci\u00f3 del v\u00eddeo commemoratiu, elaborat amb motiu [&hellip;]\" \/>\n<meta property=\"og:url\" content=\"https:\/\/novaorg.cofb.net\/2023\/10\/06\/prop-de-500-persones-celebren-els-125-anys-del-collegi-de-farmaceutics-de-barcelona-al-palau-de-la-musica-catalana-2\/\" \/>\n<meta property=\"og:site_name\" content=\"Col\u00b7legi de Farmac\u00e8utics de Barcelona\" \/>\n<meta property=\"article:publisher\" content=\"https:\/\/www.facebook.com\/farmaceuticsbcn\/\" \/>\n<meta property=\"article:published_time\" content=\"2023-10-06T13:57:00+00:00\" \/>\n<meta property=\"article:modified_time\" content=\"2024-02-27T08:47:22+00:00\" \/>\n<meta property=\"og:image\" content=\"https:\/\/novaorg.cofb.net\/wp-content\/uploads\/2024\/02\/02ad771d-b5b5-45e6-ac71-7544f4c900ce-Pr95I1.jpeg\" \/>\n\t<meta property=\"og:image:width\" content=\"1772\" \/>\n\t<meta property=\"og:image:height\" content=\"1182\" \/>\n\t<meta property=\"og:image:type\" content=\"image\/jpeg\" \/>\n<meta name=\"author\" content=\"wpAdminCofbOrg\" \/>\n<meta name=\"twitter:card\" content=\"summary_large_image\" \/>\n<meta name=\"twitter:creator\" content=\"@farmaceuticsbcn\" \/>\n<meta name=\"twitter:site\" content=\"@farmaceuticsbcn\" \/>\n<meta name=\"twitter:label1\" content=\"Escrito por\" \/>\n\t<meta name=\"twitter:data1\" content=\"wpAdminCofbOrg\" \/>\n\t<meta name=\"twitter:label2\" content=\"Tiempo de lectura\" \/>\n\t<meta name=\"twitter:data2\" content=\"8 minutos\" \/>\n<script type=\"application\/ld+json\" class=\"yoast-schema-graph\">{\"@context\":\"https:\/\/schema.org\",\"@graph\":[{\"@type\":\"Article\",\"@id\":\"https:\/\/novaorg.cofb.net\/2023\/10\/06\/prop-de-500-persones-celebren-els-125-anys-del-collegi-de-farmaceutics-de-barcelona-al-palau-de-la-musica-catalana-2\/#article\",\"isPartOf\":{\"@id\":\"https:\/\/novaorg.cofb.net\/2023\/10\/06\/prop-de-500-persones-celebren-els-125-anys-del-collegi-de-farmaceutics-de-barcelona-al-palau-de-la-musica-catalana-2\/\"},\"author\":{\"name\":\"wpAdminCofbOrg\",\"@id\":\"https:\/\/www.cofb.org\/#\/schema\/person\/22ed7eea88da74b0fa4d3154ad87ffcb\"},\"headline\":\"Prop de 500 persones celebren els 125 anys del Col\u00b7legi de Farmac\u00e8utics de Barcelona al Palau de la M\u00fasica Catalana\",\"datePublished\":\"2023-10-06T13:57:00+00:00\",\"dateModified\":\"2024-02-27T08:47:22+00:00\",\"mainEntityOfPage\":{\"@id\":\"https:\/\/novaorg.cofb.net\/2023\/10\/06\/prop-de-500-persones-celebren-els-125-anys-del-collegi-de-farmaceutics-de-barcelona-al-palau-de-la-musica-catalana-2\/\"},\"wordCount\":1557,\"publisher\":{\"@id\":\"https:\/\/www.cofb.org\/#organization\"},\"image\":{\"@id\":\"https:\/\/novaorg.cofb.net\/2023\/10\/06\/prop-de-500-persones-celebren-els-125-anys-del-collegi-de-farmaceutics-de-barcelona-al-palau-de-la-musica-catalana-2\/#primaryimage\"},\"thumbnailUrl\":\"https:\/\/www.cofb.org\/wp-content\/uploads\/2024\/02\/02ad771d-b5b5-45e6-ac71-7544f4c900ce-Pr95I1.jpeg\",\"articleSection\":[\"Notes de premsa\"],\"inLanguage\":\"es\"},{\"@type\":\"WebPage\",\"@id\":\"https:\/\/novaorg.cofb.net\/2023\/10\/06\/prop-de-500-persones-celebren-els-125-anys-del-collegi-de-farmaceutics-de-barcelona-al-palau-de-la-musica-catalana-2\/\",\"url\":\"https:\/\/novaorg.cofb.net\/2023\/10\/06\/prop-de-500-persones-celebren-els-125-anys-del-collegi-de-farmaceutics-de-barcelona-al-palau-de-la-musica-catalana-2\/\",\"name\":\"Prop de 500 persones celebren els 125 anys del Col\u00b7legi de Farmac\u00e8utics de Barcelona al Palau de la M\u00fasica Catalana - Col\u00b7legi de Farmac\u00e8utics de Barcelona\",\"isPartOf\":{\"@id\":\"https:\/\/www.cofb.org\/#website\"},\"primaryImageOfPage\":{\"@id\":\"https:\/\/novaorg.cofb.net\/2023\/10\/06\/prop-de-500-persones-celebren-els-125-anys-del-collegi-de-farmaceutics-de-barcelona-al-palau-de-la-musica-catalana-2\/#primaryimage\"},\"image\":{\"@id\":\"https:\/\/novaorg.cofb.net\/2023\/10\/06\/prop-de-500-persones-celebren-els-125-anys-del-collegi-de-farmaceutics-de-barcelona-al-palau-de-la-musica-catalana-2\/#primaryimage\"},\"thumbnailUrl\":\"https:\/\/www.cofb.org\/wp-content\/uploads\/2024\/02\/02ad771d-b5b5-45e6-ac71-7544f4c900ce-Pr95I1.jpeg\",\"datePublished\":\"2023-10-06T13:57:00+00:00\",\"dateModified\":\"2024-02-27T08:47:22+00:00\",\"breadcrumb\":{\"@id\":\"https:\/\/novaorg.cofb.net\/2023\/10\/06\/prop-de-500-persones-celebren-els-125-anys-del-collegi-de-farmaceutics-de-barcelona-al-palau-de-la-musica-catalana-2\/#breadcrumb\"},\"inLanguage\":\"es\",\"potentialAction\":[{\"@type\":\"ReadAction\",\"target\":[\"https:\/\/novaorg.cofb.net\/2023\/10\/06\/prop-de-500-persones-celebren-els-125-anys-del-collegi-de-farmaceutics-de-barcelona-al-palau-de-la-musica-catalana-2\/\"]}]},{\"@type\":\"ImageObject\",\"inLanguage\":\"es\",\"@id\":\"https:\/\/novaorg.cofb.net\/2023\/10\/06\/prop-de-500-persones-celebren-els-125-anys-del-collegi-de-farmaceutics-de-barcelona-al-palau-de-la-musica-catalana-2\/#primaryimage\",\"url\":\"https:\/\/www.cofb.org\/wp-content\/uploads\/2024\/02\/02ad771d-b5b5-45e6-ac71-7544f4c900ce-Pr95I1.jpeg\",\"contentUrl\":\"https:\/\/www.cofb.org\/wp-content\/uploads\/2024\/02\/02ad771d-b5b5-45e6-ac71-7544f4c900ce-Pr95I1.jpeg\",\"width\":1772,\"height\":1182},{\"@type\":\"BreadcrumbList\",\"@id\":\"https:\/\/novaorg.cofb.net\/2023\/10\/06\/prop-de-500-persones-celebren-els-125-anys-del-collegi-de-farmaceutics-de-barcelona-al-palau-de-la-musica-catalana-2\/#breadcrumb\",\"itemListElement\":[{\"@type\":\"ListItem\",\"position\":1,\"name\":\"Inici\",\"item\":\"https:\/\/novaorg.cofb.net\/\"},{\"@type\":\"ListItem\",\"position\":2,\"name\":\"Prop de 500 persones celebren els 125 anys del Col\u00b7legi de Farmac\u00e8utics de Barcelona al Palau de la M\u00fasica Catalana\"}]},{\"@type\":\"WebSite\",\"@id\":\"https:\/\/www.cofb.org\/#website\",\"url\":\"https:\/\/www.cofb.org\/\",\"name\":\"Col\u00b7legi de Farmac\u00e8utics de Barcelona\",\"description\":\"\",\"publisher\":{\"@id\":\"https:\/\/www.cofb.org\/#organization\"},\"potentialAction\":[{\"@type\":\"SearchAction\",\"target\":{\"@type\":\"EntryPoint\",\"urlTemplate\":\"https:\/\/www.cofb.org\/?s={search_term_string}\"},\"query-input\":\"required name=search_term_string\"}],\"inLanguage\":\"es\"},{\"@type\":\"Organization\",\"@id\":\"https:\/\/www.cofb.org\/#organization\",\"name\":\"Col\u00b7legi de Farmac\u00e8utics de Barcelona\",\"url\":\"https:\/\/www.cofb.org\/\",\"logo\":{\"@type\":\"ImageObject\",\"inLanguage\":\"es\",\"@id\":\"https:\/\/www.cofb.org\/#\/schema\/logo\/image\/\",\"url\":\"https:\/\/www.cofb.org\/wp-content\/uploads\/2023\/11\/cropped-Logotip-COFB.png\",\"contentUrl\":\"https:\/\/www.cofb.org\/wp-content\/uploads\/2023\/11\/cropped-Logotip-COFB.png\",\"width\":500,\"height\":105,\"caption\":\"Col\u00b7legi de Farmac\u00e8utics de Barcelona\"},\"image\":{\"@id\":\"https:\/\/www.cofb.org\/#\/schema\/logo\/image\/\"},\"sameAs\":[\"https:\/\/www.facebook.com\/farmaceuticsbcn\/\",\"https:\/\/twitter.com\/farmaceuticsbcn\",\"https:\/\/www.instagram.com\/farmaceuticsbcn\/\",\"https:\/\/www.linkedin.com\/company\/farmaceuticsbcn\/\"]},{\"@type\":\"Person\",\"@id\":\"https:\/\/www.cofb.org\/#\/schema\/person\/22ed7eea88da74b0fa4d3154ad87ffcb\",\"name\":\"wpAdminCofbOrg\",\"image\":{\"@type\":\"ImageObject\",\"inLanguage\":\"es\",\"@id\":\"https:\/\/www.cofb.org\/#\/schema\/person\/image\/\",\"url\":\"https:\/\/secure.gravatar.com\/avatar\/1721b20b3b8ca882c3b56ec6c978c594fff670e40c0718e9190eaeeb76aae7d8?s=96&d=mm&r=g\",\"contentUrl\":\"https:\/\/secure.gravatar.com\/avatar\/1721b20b3b8ca882c3b56ec6c978c594fff670e40c0718e9190eaeeb76aae7d8?s=96&d=mm&r=g\",\"caption\":\"wpAdminCofbOrg\"},\"sameAs\":[\"http:\/\/192.168.64.122\/wordpress\"],\"url\":\"https:\/\/www.cofb.org\/es\/author\/wpadmincofborg\/\"}]}<\/script>\n<!-- \/ Yoast SEO plugin. -->","yoast_head_json":{"title":"Prop de 500 persones celebren els 125 anys del Col\u00b7legi de Farmac\u00e8utics de Barcelona al Palau de la M\u00fasica Catalana - Col\u00b7legi de Farmac\u00e8utics de Barcelona","robots":{"index":"index","follow":"follow","max-snippet":"max-snippet:-1","max-image-preview":"max-image-preview:large","max-video-preview":"max-video-preview:-1"},"canonical":"https:\/\/novaorg.cofb.net\/2023\/10\/06\/prop-de-500-persones-celebren-els-125-anys-del-collegi-de-farmaceutics-de-barcelona-al-palau-de-la-musica-catalana-2\/","og_locale":"es_ES","og_type":"article","og_title":"Prop de 500 persones celebren els 125 anys del Col\u00b7legi de Farmac\u00e8utics de Barcelona al Palau de la M\u00fasica Catalana - Col\u00b7legi de Farmac\u00e8utics de Barcelona","og_description":"\u00a0 El president del COFB, Jordi Casas, va posar en valor l\u2019evoluci\u00f3 de la professi\u00f3 farmac\u00e8utica al llarg dels darrers 125 anys, posant sempre al capdavant el comprom\u00eds amb la salut dels pacients L\u2019acte va esdevenir l\u2019escenari idoni per a la presentaci\u00f3 i projecci\u00f3 del v\u00eddeo commemoratiu, elaborat amb motiu [&hellip;]","og_url":"https:\/\/novaorg.cofb.net\/2023\/10\/06\/prop-de-500-persones-celebren-els-125-anys-del-collegi-de-farmaceutics-de-barcelona-al-palau-de-la-musica-catalana-2\/","og_site_name":"Col\u00b7legi de Farmac\u00e8utics de Barcelona","article_publisher":"https:\/\/www.facebook.com\/farmaceuticsbcn\/","article_published_time":"2023-10-06T13:57:00+00:00","article_modified_time":"2024-02-27T08:47:22+00:00","og_image":[{"width":1772,"height":1182,"url":"https:\/\/novaorg.cofb.net\/wp-content\/uploads\/2024\/02\/02ad771d-b5b5-45e6-ac71-7544f4c900ce-Pr95I1.jpeg","type":"image\/jpeg"}],"author":"wpAdminCofbOrg","twitter_card":"summary_large_image","twitter_creator":"@farmaceuticsbcn","twitter_site":"@farmaceuticsbcn","twitter_misc":{"Escrito por":"wpAdminCofbOrg","Tiempo de lectura":"8 minutos"},"schema":{"@context":"https:\/\/schema.org","@graph":[{"@type":"Article","@id":"https:\/\/novaorg.cofb.net\/2023\/10\/06\/prop-de-500-persones-celebren-els-125-anys-del-collegi-de-farmaceutics-de-barcelona-al-palau-de-la-musica-catalana-2\/#article","isPartOf":{"@id":"https:\/\/novaorg.cofb.net\/2023\/10\/06\/prop-de-500-persones-celebren-els-125-anys-del-collegi-de-farmaceutics-de-barcelona-al-palau-de-la-musica-catalana-2\/"},"author":{"name":"wpAdminCofbOrg","@id":"https:\/\/www.cofb.org\/#\/schema\/person\/22ed7eea88da74b0fa4d3154ad87ffcb"},"headline":"Prop de 500 persones celebren els 125 anys del Col\u00b7legi de Farmac\u00e8utics de Barcelona al Palau de la M\u00fasica Catalana","datePublished":"2023-10-06T13:57:00+00:00","dateModified":"2024-02-27T08:47:22+00:00","mainEntityOfPage":{"@id":"https:\/\/novaorg.cofb.net\/2023\/10\/06\/prop-de-500-persones-celebren-els-125-anys-del-collegi-de-farmaceutics-de-barcelona-al-palau-de-la-musica-catalana-2\/"},"wordCount":1557,"publisher":{"@id":"https:\/\/www.cofb.org\/#organization"},"image":{"@id":"https:\/\/novaorg.cofb.net\/2023\/10\/06\/prop-de-500-persones-celebren-els-125-anys-del-collegi-de-farmaceutics-de-barcelona-al-palau-de-la-musica-catalana-2\/#primaryimage"},"thumbnailUrl":"https:\/\/www.cofb.org\/wp-content\/uploads\/2024\/02\/02ad771d-b5b5-45e6-ac71-7544f4c900ce-Pr95I1.jpeg","articleSection":["Notes de premsa"],"inLanguage":"es"},{"@type":"WebPage","@id":"https:\/\/novaorg.cofb.net\/2023\/10\/06\/prop-de-500-persones-celebren-els-125-anys-del-collegi-de-farmaceutics-de-barcelona-al-palau-de-la-musica-catalana-2\/","url":"https:\/\/novaorg.cofb.net\/2023\/10\/06\/prop-de-500-persones-celebren-els-125-anys-del-collegi-de-farmaceutics-de-barcelona-al-palau-de-la-musica-catalana-2\/","name":"Prop de 500 persones celebren els 125 anys del Col\u00b7legi de Farmac\u00e8utics de Barcelona al Palau de la M\u00fasica Catalana - Col\u00b7legi de Farmac\u00e8utics de Barcelona","isPartOf":{"@id":"https:\/\/www.cofb.org\/#website"},"primaryImageOfPage":{"@id":"https:\/\/novaorg.cofb.net\/2023\/10\/06\/prop-de-500-persones-celebren-els-125-anys-del-collegi-de-farmaceutics-de-barcelona-al-palau-de-la-musica-catalana-2\/#primaryimage"},"image":{"@id":"https:\/\/novaorg.cofb.net\/2023\/10\/06\/prop-de-500-persones-celebren-els-125-anys-del-collegi-de-farmaceutics-de-barcelona-al-palau-de-la-musica-catalana-2\/#primaryimage"},"thumbnailUrl":"https:\/\/www.cofb.org\/wp-content\/uploads\/2024\/02\/02ad771d-b5b5-45e6-ac71-7544f4c900ce-Pr95I1.jpeg","datePublished":"2023-10-06T13:57:00+00:00","dateModified":"2024-02-27T08:47:22+00:00","breadcrumb":{"@id":"https:\/\/novaorg.cofb.net\/2023\/10\/06\/prop-de-500-persones-celebren-els-125-anys-del-collegi-de-farmaceutics-de-barcelona-al-palau-de-la-musica-catalana-2\/#breadcrumb"},"inLanguage":"es","potentialAction":[{"@type":"ReadAction","target":["https:\/\/novaorg.cofb.net\/2023\/10\/06\/prop-de-500-persones-celebren-els-125-anys-del-collegi-de-farmaceutics-de-barcelona-al-palau-de-la-musica-catalana-2\/"]}]},{"@type":"ImageObject","inLanguage":"es","@id":"https:\/\/novaorg.cofb.net\/2023\/10\/06\/prop-de-500-persones-celebren-els-125-anys-del-collegi-de-farmaceutics-de-barcelona-al-palau-de-la-musica-catalana-2\/#primaryimage","url":"https:\/\/www.cofb.org\/wp-content\/uploads\/2024\/02\/02ad771d-b5b5-45e6-ac71-7544f4c900ce-Pr95I1.jpeg","contentUrl":"https:\/\/www.cofb.org\/wp-content\/uploads\/2024\/02\/02ad771d-b5b5-45e6-ac71-7544f4c900ce-Pr95I1.jpeg","width":1772,"height":1182},{"@type":"BreadcrumbList","@id":"https:\/\/novaorg.cofb.net\/2023\/10\/06\/prop-de-500-persones-celebren-els-125-anys-del-collegi-de-farmaceutics-de-barcelona-al-palau-de-la-musica-catalana-2\/#breadcrumb","itemListElement":[{"@type":"ListItem","position":1,"name":"Inici","item":"https:\/\/novaorg.cofb.net\/"},{"@type":"ListItem","position":2,"name":"Prop de 500 persones celebren els 125 anys del Col\u00b7legi de Farmac\u00e8utics de Barcelona al Palau de la M\u00fasica Catalana"}]},{"@type":"WebSite","@id":"https:\/\/www.cofb.org\/#website","url":"https:\/\/www.cofb.org\/","name":"Col\u00b7legi de Farmac\u00e8utics de Barcelona","description":"","publisher":{"@id":"https:\/\/www.cofb.org\/#organization"},"potentialAction":[{"@type":"SearchAction","target":{"@type":"EntryPoint","urlTemplate":"https:\/\/www.cofb.org\/?s={search_term_string}"},"query-input":"required name=search_term_string"}],"inLanguage":"es"},{"@type":"Organization","@id":"https:\/\/www.cofb.org\/#organization","name":"Col\u00b7legi de Farmac\u00e8utics de Barcelona","url":"https:\/\/www.cofb.org\/","logo":{"@type":"ImageObject","inLanguage":"es","@id":"https:\/\/www.cofb.org\/#\/schema\/logo\/image\/","url":"https:\/\/www.cofb.org\/wp-content\/uploads\/2023\/11\/cropped-Logotip-COFB.png","contentUrl":"https:\/\/www.cofb.org\/wp-content\/uploads\/2023\/11\/cropped-Logotip-COFB.png","width":500,"height":105,"caption":"Col\u00b7legi de Farmac\u00e8utics de Barcelona"},"image":{"@id":"https:\/\/www.cofb.org\/#\/schema\/logo\/image\/"},"sameAs":["https:\/\/www.facebook.com\/farmaceuticsbcn\/","https:\/\/twitter.com\/farmaceuticsbcn","https:\/\/www.instagram.com\/farmaceuticsbcn\/","https:\/\/www.linkedin.com\/company\/farmaceuticsbcn\/"]},{"@type":"Person","@id":"https:\/\/www.cofb.org\/#\/schema\/person\/22ed7eea88da74b0fa4d3154ad87ffcb","name":"wpAdminCofbOrg","image":{"@type":"ImageObject","inLanguage":"es","@id":"https:\/\/www.cofb.org\/#\/schema\/person\/image\/","url":"https:\/\/secure.gravatar.com\/avatar\/1721b20b3b8ca882c3b56ec6c978c594fff670e40c0718e9190eaeeb76aae7d8?s=96&d=mm&r=g","contentUrl":"https:\/\/secure.gravatar.com\/avatar\/1721b20b3b8ca882c3b56ec6c978c594fff670e40c0718e9190eaeeb76aae7d8?s=96&d=mm&r=g","caption":"wpAdminCofbOrg"},"sameAs":["http:\/\/192.168.64.122\/wordpress"],"url":"https:\/\/www.cofb.org\/es\/author\/wpadmincofborg\/"}]}},"uagb_featured_image_src":{"full":["https:\/\/www.cofb.org\/wp-content\/uploads\/2024\/02\/02ad771d-b5b5-45e6-ac71-7544f4c900ce-Pr95I1.jpeg",1772,1182,false],"thumbnail":["https:\/\/www.cofb.org\/wp-content\/uploads\/2024\/02\/02ad771d-b5b5-45e6-ac71-7544f4c900ce-Pr95I1-150x150.jpeg",150,150,true],"medium":["https:\/\/www.cofb.org\/wp-content\/uploads\/2024\/02\/02ad771d-b5b5-45e6-ac71-7544f4c900ce-Pr95I1-300x200.jpeg",300,200,true],"medium_large":["https:\/\/www.cofb.org\/wp-content\/uploads\/2024\/02\/02ad771d-b5b5-45e6-ac71-7544f4c900ce-Pr95I1-768x512.jpeg",768,512,true],"large":["https:\/\/www.cofb.org\/wp-content\/uploads\/2024\/02\/02ad771d-b5b5-45e6-ac71-7544f4c900ce-Pr95I1-1024x683.jpeg",1024,683,true],"1536x1536":["https:\/\/www.cofb.org\/wp-content\/uploads\/2024\/02\/02ad771d-b5b5-45e6-ac71-7544f4c900ce-Pr95I1-1536x1025.jpeg",1536,1025,true],"2048x2048":["https:\/\/www.cofb.org\/wp-content\/uploads\/2024\/02\/02ad771d-b5b5-45e6-ac71-7544f4c900ce-Pr95I1.jpeg",1772,1182,false],"trp-custom-language-flag":["https:\/\/www.cofb.org\/wp-content\/uploads\/2024\/02\/02ad771d-b5b5-45e6-ac71-7544f4c900ce-Pr95I1-18x12.jpeg",18,12,true]},"uagb_author_info":{"display_name":"wpAdminCofbOrg","author_link":"https:\/\/www.cofb.org\/es\/author\/wpadmincofborg\/"},"uagb_comment_info":0,"uagb_excerpt":"\u00a0 El president del COFB, Jordi Casas, va posar en valor l\u2019evoluci\u00f3 de la professi\u00f3 farmac\u00e8utica al llarg dels darrers 125 anys, posant sempre al capdavant el comprom\u00eds amb la salut dels pacients L\u2019acte va esdevenir l\u2019escenari idoni per a la presentaci\u00f3 i projecci\u00f3 del v\u00eddeo commemoratiu, elaborat amb motiu [&hellip;]","_links":{"self":[{"href":"https:\/\/www.cofb.org\/es\/wp-json\/wp\/v2\/posts\/76906","targetHints":{"allow":["GET"]}}],"collection":[{"href":"https:\/\/www.cofb.org\/es\/wp-json\/wp\/v2\/posts"}],"about":[{"href":"https:\/\/www.cofb.org\/es\/wp-json\/wp\/v2\/types\/post"}],"author":[{"embeddable":true,"href":"https:\/\/www.cofb.org\/es\/wp-json\/wp\/v2\/users\/1"}],"replies":[{"embeddable":true,"href":"https:\/\/www.cofb.org\/es\/wp-json\/wp\/v2\/comments?post=76906"}],"version-history":[{"count":1,"href":"https:\/\/www.cofb.org\/es\/wp-json\/wp\/v2\/posts\/76906\/revisions"}],"predecessor-version":[{"id":77685,"href":"https:\/\/www.cofb.org\/es\/wp-json\/wp\/v2\/posts\/76906\/revisions\/77685"}],"wp:featuredmedia":[{"embeddable":true,"href":"https:\/\/www.cofb.org\/es\/wp-json\/wp\/v2\/media\/76849"}],"wp:attachment":[{"href":"https:\/\/www.cofb.org\/es\/wp-json\/wp\/v2\/media?parent=76906"}],"wp:term":[{"taxonomy":"category","embeddable":true,"href":"https:\/\/www.cofb.org\/es\/wp-json\/wp\/v2\/categories?post=76906"},{"taxonomy":"post_tag","embeddable":true,"href":"https:\/\/www.cofb.org\/es\/wp-json\/wp\/v2\/tags?post=76906"}],"curies":[{"name":"wp","href":"https:\/\/api.w.org\/{rel}","templated":true}]}}