{"id":76905,"date":"2023-10-27T14:58:00","date_gmt":"2023-10-27T14:58:00","guid":{"rendered":"https:\/\/novaorg.cofb.net\/2023\/10\/27\/el-consell-de-collegis-farmaceutics-de-catalunya-i-igualtat-i-feminismes-posen-en-marxa-les-formacions-als-farmaceutics-ques-sobre-productes-menstruals-reutilitzables\/"},"modified":"2024-02-26T10:29:41","modified_gmt":"2024-02-26T10:29:41","slug":"el-consell-de-collegis-farmaceutics-de-catalunya-i-igualtat-i-feminismes-posen-en-marxa-les-formacions-als-farmaceutics-ques-sobre-productes-menstruals-reutilitzables","status":"publish","type":"post","link":"https:\/\/www.cofb.org\/es\/2023\/10\/27\/el-consell-de-collegis-farmaceutics-de-catalunya-i-igualtat-i-feminismes-posen-en-marxa-les-formacions-als-farmaceutics-ques-sobre-productes-menstruals-reutilitzables\/","title":{"rendered":"El Consejo de Colegios Farmac\u00e9uticos de Catalu\u00f1a e Igualdad y Feminismos ponen en marcha las formaciones a los farmac\u00e9uticos\/cas sobre productos menstruales reutilizables"},"content":{"rendered":"<p>\u00a0<\/p>\n<ul>\n<li>A partir del primer trimestre de 2024, el Gobierno distribuir\u00e1 gratuitamente a trav\u00e9s de las farmacias productos menstruales reutilizables a una poblaci\u00f3n potencial de 2,5 millones de mujeres de Catalu\u00f1a<\/li>\n<li>M\u00e1s de 300 farmac\u00e9uticos y farmac\u00e9uticas asistieron a esta primera formaci\u00f3n, que tuvo lugar hoy en el Colegio de Farmac\u00e9uticos de Barcelona. En las pr\u00f3ximas semanas, tambi\u00e9n se llevar\u00e1 a cabo esta jornada en el resto de provincias<\/li>\n<li>La informaci\u00f3n personalizada y el asesoramiento de las farmacias es clave para favorecer el uso de estos productos, especialmente para las personas que los utilizan por primera vez, y fomentar el conocimiento de la poblaci\u00f3n sobre el ciclo menstrual<\/li>\n<\/ul>\n<p><img decoding=\"async\" alt=\"\" src=\"https:\/\/www.cofb.org\/documents\/10136\/1091470\/COFB_Equitat+menstrual_27102023.jpg\/a64854e6-7618-48af-987b-57371aebe097?t=1698411123812\"><\/p>\n<p><em>Barcelona, 27 de octubre de 2023 <\/em>M\u00e1s de 300 farmac\u00e9uticos y farmac\u00e9uticas han asistido hoy a la formaci\u00f3n organizada por el Consejo de Colegios Farmac\u00e9uticos de Catalunya (CCFC) y el Departamento de Igualdad y Feminismos en la sede del Colegio de Farmac\u00e9uticos de Barcelona (COFB). Esta jornada es la primera de las formaciones dirigidas a los m\u00e1s de 11.600 colegiados y colegiadas del \u00e1mbito farmac\u00e9utico de todo el territorio catal\u00e1n sobre derechos sexuales y reproductivos y m\u00e1s concretamente, sobre equidad menstrual y el uso de productos menstruales reutilizables.<\/p>\n<p>En el marco de la iniciativa &quot;Mi regla, mis reglas&quot;, las farmacias ser\u00e1n las encargadas, a partir del primer trimestre de 2024, de la distribuci\u00f3n gratuita y universal de productos menstruales reutilizables a todas las mujeres y personas menstruantes de Catalu\u00f1a. Se trata de una medida in\u00e9dita a nivel internacional que tiene por objetivo garantizar el derecho a la equidad menstrual y permitir\u00e1 escoger entre una copa, unas bragas menstruales o compresas de tela, seg\u00fan la preferencia, a trav\u00e9s de un c\u00f3digo QR que se encontrar\u00e1 en la aplicaci\u00f3n Mi Salud. Se calcula que podr\u00e1n acogerse a esta medida alrededor de 2,5 millones de mujeres. <strong>&quot;Se trata de una acci\u00f3n \u00fanica en el mundo que nos sit\u00faa como pa\u00eds l\u00edder garantizando el derecho al acceso igualitario a los productos menstruales, a la educaci\u00f3n sobre el propio cuerpo, ya la salud con perspectiva de g\u00e9nero&quot;<\/strong>, ha hecho valer la consejera de Igualdad y Feminismos, T\u00e0nia Verge Mestre.<\/p>\n<p>Por su parte, durante su intervenci\u00f3n, el presidente del Consejo de Colegios Farmac\u00e9uticos de Catalunya (CCFC) y del Colegio de Farmac\u00e9uticos de Barcelona (COFB), Jordi Casas S\u00e1nchez, ha destacado que <strong>&quot;con este proyecto de equidad menstrual, tenemos la oportunidad de llegar a otros \u00e1mbitos y demostrar de nuevo la capilaridad y accesibilidad de la red de farmacias en t\u00e9rminos de utilidad, proximidad y confianza al ciudadano&quot;.<\/strong><\/p>\n<p>Esta jornada tiene como objetivo dar a conocer el funcionamiento de la distribuci\u00f3n de los productos, resolver dudas y reforzar las competencias del personal farmac\u00e9utico a la hora de ofrecer informaci\u00f3n sobre la menstruaci\u00f3n y el ciclo menstrual y acompa\u00f1ar en la elecci\u00f3n de los productos. La informaci\u00f3n personalizada y el asesoramiento de las farmacias es clave para fomentar el uso de estos productos y favorecer su correcta utilizaci\u00f3n, especialmente por las personas que los utilizan por primera vez. Adem\u00e1s, servir\u00e1 para fomentar el conocimiento de la poblaci\u00f3n sobre el ciclo menstrual y contribuir a erradicar el estigma asociado al hecho de menstruar y los mitos y tab\u00faes que pueden tener graves consecuencias en la salud de las mujeres. Virgen ha explicado que esta medida permitir\u00e1, adem\u00e1s, <strong>\u201cromper los mitos y tab\u00faes sobre la regla que afectan al bienestar y la salud de las mujeres, acabar con la pobreza menstrual, generar un ahorro a las mujeres y familias y hacerlo con un compromiso claro con el planeta, con productos sostenibles y reutilizables\u201d.<\/strong><\/p>\n<p>Adem\u00e1s, el presidente del CCFC ha remarcado que <strong>\u201ces un proyecto que engloba los valores y l\u00edneas estrat\u00e9gicas que defendemos desde la profesi\u00f3n farmac\u00e9utica: nuestra vertiente asistencial, como primer punto de acceso de la poblaci\u00f3n al sistema sanitario; la social, por su alcance universal; la sostenible, fomentando el uso de productos reutilizables; y la digital, dise\u00f1ando todo el proyecto libre de papeles\u201d.<\/strong><\/p>\n<p>El acto ha contado con la conducci\u00f3n de la psic\u00f3loga y sex\u00f3loga Elena Crespi Asensio, que ha resuelto dudas sobre los distintos productos menstruales reutilizables y ha reflexionado sobre los tab\u00faes, mitos y prejuicios sobre el ciclo menstrual y sobre los productos menstruales reutilizables. Por otra parte, la compa\u00f1\u00eda La Xixa ha presentado la pieza teatral &quot;Ni una gota de tab\u00faes&quot; para profundizar sobre las dudas m\u00e1s habituales que se generan en torno a estos productos y que pueden ser objeto de preguntas en las farmacias.<\/p>\n<p>Las pr\u00f3ximas semanas tambi\u00e9n se llevar\u00e1 a cabo esta jornada en los Colegios de Farmac\u00e9uticos de Lleida, Tarragona y Girona, y adicionalmente tambi\u00e9n se organizar\u00e1 una sesi\u00f3n en el municipio de Tortosa.<\/p>\n<p><u><strong>Equidad menstrual: Informaci\u00f3n, acceso y asesoramiento<\/strong><\/u><\/p>\n<p><strong>&quot;En un contexto internacional de cuestionamiento y retroceso de los derechos sexuales y reproductivos, desde el Gobierno de Catalu\u00f1a no s\u00f3lo defendemos estos derechos sino que redoblamos la apuesta introduciendo nuevos, como el derecho a la equidad menstrual&quot; <\/strong>ha concluido la consejera Virgen haciendo referencia a la acci\u00f3n &#039;Mi regla, mis reglas&#039;. Disponer de educaci\u00f3n menstrual e informaci\u00f3n a lo largo del ciclo vital es imprescindible para poder tomar decisiones libres y fundamentadas.<\/p>\n<p>Los y las profesionales har\u00e1n recomendaciones ante la elecci\u00f3n de los m\u00e9todos de recogida del sangrado y har\u00e1n el acompa\u00f1amiento para orientarlas hacia aquellas opciones que m\u00e1s se adapten a cada caso partiendo de las siguientes premisas: explicar\u00e1n de una manera sencilla cu\u00e1les son los productos menstruales disponibles que se reparten y que pueden elegirse; acompa\u00f1ar\u00e1n en la elecci\u00f3n del producto que m\u00e1s se ajusta a las necesidades de cada persona y, por \u00faltimo, abrir\u00e1n un espacio en el que cada mujer y persona menstruante sienta que puede expresarse y compartir sus opiniones, dudas e inquietudes.<\/p>\n<p>El Departamento de Igualdad y Feminismos y el Consejo de Colegios Farmac\u00e9uticos de Catalu\u00f1a presentaron a finales de septiembre los detalles de la distribuci\u00f3n gratuita y universal de productos menstruales reutilizables a todas las mujeres de Catalu\u00f1a,<\/p>\n<p>\u00a0A partir del primer trimestre de 2024, el Gobierno distribuir\u00e1 gratuitamente a trav\u00e9s de las farmacias productos menstruales reutilizables a una poblaci\u00f3n potencial de 2,5 millones de mujeres de Catalu\u00f1a<br \/>\n\tM\u00e1s de 300 farmac\u00e9uticos y farmac\u00e9uticas asistieron a esta primera formaci\u00f3n, que tuvo lugar hoy en el Colegio de Farmac\u00e9uticos de Barcelona. En las pr\u00f3ximas semanas, tambi\u00e9n se llevar\u00e1 a cabo esta jornada en el resto de provincias<br \/>\n\tLa informaci\u00f3n personalizada y el asesoramiento de las farmacias es clave para favorecer el uso de estos productos, especialmente para las personas que los utilizan por primera vez, y fomentar el conocimiento de la poblaci\u00f3n sobre el ciclo menstrual<\/p>\n<p>Barcelona, 27 de octubre de 2023. M\u00e1s de 300 farmac\u00e9uticos y farmac\u00e9uticas han asistido hoy a la formaci\u00f3n organizada por el Consejo de Colegios Farmac\u00e9uticos de Catalu\u00f1a (CCFC) y el Departamento de Igualdad y Feminismos en la sede del Colegio de Farmac\u00e9uticos de Barcelona (COFB). Esta jornada es la primera de las formaciones dirigidas a los m\u00e1s de 11.600 colegiados y colegiadas del \u00e1mbito farmac\u00e9utico de todo el territorio catal\u00e1n sobre derechos sexuales y reproductivos y m\u00e1s concretamente, sobre equidad menstrual y el uso de productos menstruales reutilizables.<\/p>\n<p>En el marco de la iniciativa &quot;Mi regla, mis reglas&quot;, las farmacias ser\u00e1n las encargadas, a partir del primer trimestre de 2024, de la distribuci\u00f3n gratuita y universal de productos menstruales reutilizables a todas las mujeres y personas menstruantes de Catalu\u00f1a. Se trata de una medida in\u00e9dita a nivel internacional que tiene por objetivo garantizar el derecho a la equidad menstrual y permitir\u00e1 escoger entre una copa, unas bragas menstruales o compresas de tela, seg\u00fan la preferencia, a trav\u00e9s de un c\u00f3digo QR que se encontrar\u00e1 en la aplicaci\u00f3n Mi Salud. Se calcula que podr\u00e1n acogerse a esta medida alrededor de 2,5 millones de mujeres. &quot;Se trata de una acci\u00f3n \u00fanica en el mundo que nos sit\u00faa como pa\u00eds l\u00edder garantizando el derecho al acceso igualitario a los productos menstruales, a la educaci\u00f3n sobre el propio cuerpo, ya la salud con perspectiva de g\u00e9nero&quot;, ha hecho valer la consejera de Igualdad y Feminismos, T\u00e0nia Verge Mestre.<\/p>\n<p>Por su parte, durante su intervenci\u00f3n, el presidente del Consejo de Colegios Farmac\u00e9uticos de Catalu\u00f1a (CCFC) y del Colegio de Farmac\u00e9uticos de Barcelona (COFB), Jordi Casas S\u00e1nchez, ha destacado que \u201ccon este proyecto de equidad menstrual, tenemos la oportunidad de llegar a otros \u00e1mbitos y demostrar de nuevo la capilaridad y accesibilidad de la red de farmacias en t\u00e9rminos de utilidad, proximidad y confianza al ciudadano\u201d.<\/p>\n<p>Esta jornada tiene como objetivo dar a conocer el funcionamiento de la distribuci\u00f3n de los productos, resolver dudas y reforzar las competencias del personal farmac\u00e9utico a la hora de ofrecer informaci\u00f3n sobre la menstruaci\u00f3n y el ciclo menstrual y acompa\u00f1ar en la elecci\u00f3n de los productos. La informaci\u00f3n personalizada y el asesoramiento de las farmacias es clave para fomentar el uso de estos productos y favorecer su correcta utilizaci\u00f3n, especialmente por las personas que los utilizan por primera vez. Adem\u00e1s, servir\u00e1 para fomentar el conocimiento de la poblaci\u00f3n sobre el ciclo menstrual y contribuir a erradicar el estigma asociado al hecho de menstruar y los mitos y tab\u00faes que pueden tener graves consecuencias en la salud de las mujeres. Verge ha explicado que esta medida permitir\u00e1, adem\u00e1s, \u201cromper los mitos y tab\u00faes sobre la regla que afectan al bienestar y la salud de las mujeres, acabar con la pobreza menstrual, generar un ahorro a las mujeres y familias y hacerlo con un compromiso claro con el planeta, con productos sostenibles y reutilizables\u201d.<\/p>\n<p>Adem\u00e1s, el presidente del CCFC ha remarcado que \u201ces un proyecto que engloba los valores y l\u00edneas estrat\u00e9gicas que defendemos desde la profesi\u00f3n farmac\u00e9utica: nuestra vertiente asistencial, como primer punto de acceso de la poblaci\u00f3n al sistema sanitario; la social, por su alcance universal; la sostenible, fomentando el uso de productos reutilizables; y la digital, dise\u00f1ando todo el proyecto libre de papeles\u201d.<\/p>\n<p>El acto ha contado con la conducci\u00f3n de la psic\u00f3loga y sex\u00f3loga Elena Crespi Asensio, que ha resuelto dudas sobre los distintos productos menstruales reutilizables y ha reflexionado sobre los tab\u00faes, mitos y prejuicios sobre el ciclo menstrual y sobre los productos menstruales reutilizables. Por otra parte, la compa\u00f1\u00eda La Xixa ha presentado la pieza teatral &quot;Ni una gota de tab\u00faes&quot; para profundizar sobre las dudas m\u00e1s habituales que se generan en torno a estos productos y que pueden ser objeto de preguntas en las farmacias.<\/p>\n<p>Las pr\u00f3ximas semanas tambi\u00e9n se llevar\u00e1 a cabo esta jornada en los Colegios de Farmac\u00e9uticos de Lleida, Tarragona y Girona, y adicionalmente tambi\u00e9n se organizar\u00e1 una sesi\u00f3n en el municipio de Tortosa.<\/p>\n<p>Equidad menstrual: Informaci\u00f3n, acceso y asesoramiento<\/p>\n<p>&quot;En un contexto internacional de cuestionamiento y retroceso de los derechos sexuales y reproductivos, desde el Gobierno de Catalu\u00f1a no s\u00f3lo defendemos estos derechos sino que redoblamos la apuesta introduciendo nuevos, como el derecho a la equidad menstrual&quot; ha concluido la consejera Virgen haciendo referencia a la acci\u00f3n &#039;Mi regla, mis reglas&#039;. Disponer de educaci\u00f3n menstrual e informaci\u00f3n a lo largo del ciclo vital es imprescindible para poder tomar decisiones libres y fundamentadas.<\/p>\n<p>Los y las profesionales har\u00e1n recomendaciones ante la elecci\u00f3n de los m\u00e9todos de recogida del sangrado y har\u00e1n el acompa\u00f1amiento para orientarlas hacia aquellas opciones que m\u00e1s se adapten a cada caso partiendo de las siguientes premisas: explicar\u00e1n de una manera sencilla cu\u00e1les son los productos menstruales disponibles que se reparten y que pueden elegirse; acompa\u00f1ar\u00e1n en la elecci\u00f3n del producto que m\u00e1s se ajusta a las necesidades de cada persona y, por \u00faltimo, abrir\u00e1n un espacio en el que cada mujer y persona menstruante sienta que puede expresarse y compartir sus opiniones, dudas e inquietudes.<\/p>\n<p>El Departamento de Igualdad y Feminismos y el Consejo de Colegios Farmac\u00e9uticos de Catalu\u00f1a presentaron a finales de septiembre los detalles de la distribuci\u00f3n gratuita y universal de productos menstruales reutilizables a todas las mujeres de Catalu\u00f1a, COFB.ORG<\/p>","protected":false},"excerpt":{"rendered":"<p>\u00a0 A partir del primer trimestre de 2024, el Gobierno distribuir\u00e1 gratuitamente a trav\u00e9s de las farmacias productos menstruales reutilizables a una poblaci\u00f3n potencial de 2,5 millones de mujeres de Catalu\u00f1a M\u00e1s de 300 farmac\u00e9uticos y farmac\u00e9uticas han asistido a esta primera formaci\u00f3n, que ha tenido lugar hoy en el Colegio [\u2026]<\/p>","protected":false},"author":1,"featured_media":76847,"comment_status":"closed","ping_status":"closed","sticky":false,"template":"","format":"aside","meta":{"_uag_custom_page_level_css":"","site-sidebar-layout":"default","site-content-layout":"","ast-site-content-layout":"default","site-content-style":"default","site-sidebar-style":"default","ast-global-header-display":"","ast-banner-title-visibility":"","ast-main-header-display":"","ast-hfb-above-header-display":"","ast-hfb-below-header-display":"","ast-hfb-mobile-header-display":"","site-post-title":"","ast-breadcrumbs-content":"","ast-featured-img":"disabled","footer-sml-layout":"","theme-transparent-header-meta":"","adv-header-id-meta":"","stick-header-meta":"","header-above-stick-meta":"","header-main-stick-meta":"","header-below-stick-meta":"","astra-migrate-meta-layouts":"set","ast-page-background-enabled":"default","ast-page-background-meta":{"desktop":{"background-color":"var(--ast-global-color-4)","background-image":"","background-repeat":"repeat","background-position":"center center","background-size":"auto","background-attachment":"scroll","background-type":"","background-media":"","overlay-type":"","overlay-color":"","overlay-opacity":"","overlay-gradient":""},"tablet":{"background-color":"","background-image":"","background-repeat":"repeat","background-position":"center center","background-size":"auto","background-attachment":"scroll","background-type":"","background-media":"","overlay-type":"","overlay-color":"","overlay-opacity":"","overlay-gradient":""},"mobile":{"background-color":"","background-image":"","background-repeat":"repeat","background-position":"center center","background-size":"auto","background-attachment":"scroll","background-type":"","background-media":"","overlay-type":"","overlay-color":"","overlay-opacity":"","overlay-gradient":""}},"ast-content-background-meta":{"desktop":{"background-color":"var(--ast-global-color-5)","background-image":"","background-repeat":"repeat","background-position":"center center","background-size":"auto","background-attachment":"scroll","background-type":"","background-media":"","overlay-type":"","overlay-color":"","overlay-opacity":"","overlay-gradient":""},"tablet":{"background-color":"var(--ast-global-color-5)","background-image":"","background-repeat":"repeat","background-position":"center center","background-size":"auto","background-attachment":"scroll","background-type":"","background-media":"","overlay-type":"","overlay-color":"","overlay-opacity":"","overlay-gradient":""},"mobile":{"background-color":"var(--ast-global-color-5)","background-image":"","background-repeat":"repeat","background-position":"center center","background-size":"auto","background-attachment":"scroll","background-type":"","background-media":"","overlay-type":"","overlay-color":"","overlay-opacity":"","overlay-gradient":""}},"footnotes":""},"categories":[1060],"tags":[],"class_list":["post-76905","post","type-post","status-publish","format-aside","has-post-thumbnail","hentry","category-notes-premsa","post_format-post-format-aside"],"yoast_head":"<!-- This site is optimized with the Yoast SEO plugin v22.4 - https:\/\/yoast.com\/wordpress\/plugins\/seo\/ -->\n<title>El Consell de Col\u00b7legis Farmac\u00e8utics de Catalunya i Igualtat i Feminismes posen en marxa les formacions als farmac\u00e8utics\/ques sobre productes menstruals reutilitzables - Col\u00b7legi de Farmac\u00e8utics de Barcelona<\/title>\n<meta name=\"robots\" content=\"index, follow, max-snippet:-1, max-image-preview:large, max-video-preview:-1\" \/>\n<link rel=\"canonical\" href=\"https:\/\/novaorg.cofb.net\/2023\/10\/27\/el-consell-de-collegis-farmaceutics-de-catalunya-i-igualtat-i-feminismes-posen-en-marxa-les-formacions-als-farmaceutics-ques-sobre-productes-menstruals-reutilitzables\/\" \/>\n<meta property=\"og:locale\" content=\"es_ES\" \/>\n<meta property=\"og:type\" content=\"article\" \/>\n<meta property=\"og:title\" content=\"El Consell de Col\u00b7legis Farmac\u00e8utics de Catalunya i Igualtat i Feminismes posen en marxa les formacions als farmac\u00e8utics\/ques sobre productes menstruals reutilitzables - Col\u00b7legi de Farmac\u00e8utics de Barcelona\" \/>\n<meta property=\"og:description\" content=\"\u00a0 A partir del primer trimestre de 2024, el Govern distribuir\u00e0 gratu\u00eftament a trav\u00e9s de les farm\u00e0cies productes menstruals reutilitzables a una poblaci\u00f3 potencial de 2,5 milions de dones de Catalunya M\u00e9s de 300 farmac\u00e8utics i farmac\u00e8utiques han assistit a aquesta primera formaci\u00f3, que ha tingut lloc avui al Col\u00b7legi [&hellip;]\" \/>\n<meta property=\"og:url\" content=\"https:\/\/novaorg.cofb.net\/2023\/10\/27\/el-consell-de-collegis-farmaceutics-de-catalunya-i-igualtat-i-feminismes-posen-en-marxa-les-formacions-als-farmaceutics-ques-sobre-productes-menstruals-reutilitzables\/\" \/>\n<meta property=\"og:site_name\" content=\"Col\u00b7legi de Farmac\u00e8utics de Barcelona\" \/>\n<meta property=\"article:publisher\" content=\"https:\/\/www.facebook.com\/farmaceuticsbcn\/\" \/>\n<meta property=\"article:published_time\" content=\"2023-10-27T14:58:00+00:00\" \/>\n<meta property=\"article:modified_time\" content=\"2024-02-26T10:29:41+00:00\" \/>\n<meta property=\"og:image\" content=\"https:\/\/novaorg.cofb.net\/wp-content\/uploads\/2024\/02\/a64854e6-7618-48af-987b-57371aebe097-ccG9t6.jpeg\" \/>\n\t<meta property=\"og:image:width\" content=\"1440\" \/>\n\t<meta property=\"og:image:height\" content=\"810\" \/>\n\t<meta property=\"og:image:type\" content=\"image\/jpeg\" \/>\n<meta name=\"author\" content=\"wpAdminCofbOrg\" \/>\n<meta name=\"twitter:card\" content=\"summary_large_image\" \/>\n<meta name=\"twitter:creator\" content=\"@farmaceuticsbcn\" \/>\n<meta name=\"twitter:site\" content=\"@farmaceuticsbcn\" \/>\n<meta name=\"twitter:label1\" content=\"Escrito por\" \/>\n\t<meta name=\"twitter:data1\" content=\"wpAdminCofbOrg\" \/>\n\t<meta name=\"twitter:label2\" content=\"Tiempo de lectura\" \/>\n\t<meta name=\"twitter:data2\" content=\"11 minutos\" \/>\n<script type=\"application\/ld+json\" class=\"yoast-schema-graph\">{\"@context\":\"https:\/\/schema.org\",\"@graph\":[{\"@type\":\"Article\",\"@id\":\"https:\/\/novaorg.cofb.net\/2023\/10\/27\/el-consell-de-collegis-farmaceutics-de-catalunya-i-igualtat-i-feminismes-posen-en-marxa-les-formacions-als-farmaceutics-ques-sobre-productes-menstruals-reutilitzables\/#article\",\"isPartOf\":{\"@id\":\"https:\/\/novaorg.cofb.net\/2023\/10\/27\/el-consell-de-collegis-farmaceutics-de-catalunya-i-igualtat-i-feminismes-posen-en-marxa-les-formacions-als-farmaceutics-ques-sobre-productes-menstruals-reutilitzables\/\"},\"author\":{\"name\":\"wpAdminCofbOrg\",\"@id\":\"https:\/\/www.cofb.org\/#\/schema\/person\/22ed7eea88da74b0fa4d3154ad87ffcb\"},\"headline\":\"El Consell de Col\u00b7legis Farmac\u00e8utics de Catalunya i Igualtat i Feminismes posen en marxa les formacions als farmac\u00e8utics\/ques sobre productes menstruals reutilitzables\",\"datePublished\":\"2023-10-27T14:58:00+00:00\",\"dateModified\":\"2024-02-26T10:29:41+00:00\",\"mainEntityOfPage\":{\"@id\":\"https:\/\/novaorg.cofb.net\/2023\/10\/27\/el-consell-de-collegis-farmaceutics-de-catalunya-i-igualtat-i-feminismes-posen-en-marxa-les-formacions-als-farmaceutics-ques-sobre-productes-menstruals-reutilitzables\/\"},\"wordCount\":2160,\"publisher\":{\"@id\":\"https:\/\/www.cofb.org\/#organization\"},\"image\":{\"@id\":\"https:\/\/novaorg.cofb.net\/2023\/10\/27\/el-consell-de-collegis-farmaceutics-de-catalunya-i-igualtat-i-feminismes-posen-en-marxa-les-formacions-als-farmaceutics-ques-sobre-productes-menstruals-reutilitzables\/#primaryimage\"},\"thumbnailUrl\":\"https:\/\/www.cofb.org\/wp-content\/uploads\/2024\/02\/a64854e6-7618-48af-987b-57371aebe097-ccG9t6.jpeg\",\"articleSection\":[\"Notes de premsa\"],\"inLanguage\":\"es\"},{\"@type\":\"WebPage\",\"@id\":\"https:\/\/novaorg.cofb.net\/2023\/10\/27\/el-consell-de-collegis-farmaceutics-de-catalunya-i-igualtat-i-feminismes-posen-en-marxa-les-formacions-als-farmaceutics-ques-sobre-productes-menstruals-reutilitzables\/\",\"url\":\"https:\/\/novaorg.cofb.net\/2023\/10\/27\/el-consell-de-collegis-farmaceutics-de-catalunya-i-igualtat-i-feminismes-posen-en-marxa-les-formacions-als-farmaceutics-ques-sobre-productes-menstruals-reutilitzables\/\",\"name\":\"El Consell de Col\u00b7legis Farmac\u00e8utics de Catalunya i Igualtat i Feminismes posen en marxa les formacions als farmac\u00e8utics\/ques sobre productes menstruals reutilitzables - Col\u00b7legi de Farmac\u00e8utics de Barcelona\",\"isPartOf\":{\"@id\":\"https:\/\/www.cofb.org\/#website\"},\"primaryImageOfPage\":{\"@id\":\"https:\/\/novaorg.cofb.net\/2023\/10\/27\/el-consell-de-collegis-farmaceutics-de-catalunya-i-igualtat-i-feminismes-posen-en-marxa-les-formacions-als-farmaceutics-ques-sobre-productes-menstruals-reutilitzables\/#primaryimage\"},\"image\":{\"@id\":\"https:\/\/novaorg.cofb.net\/2023\/10\/27\/el-consell-de-collegis-farmaceutics-de-catalunya-i-igualtat-i-feminismes-posen-en-marxa-les-formacions-als-farmaceutics-ques-sobre-productes-menstruals-reutilitzables\/#primaryimage\"},\"thumbnailUrl\":\"https:\/\/www.cofb.org\/wp-content\/uploads\/2024\/02\/a64854e6-7618-48af-987b-57371aebe097-ccG9t6.jpeg\",\"datePublished\":\"2023-10-27T14:58:00+00:00\",\"dateModified\":\"2024-02-26T10:29:41+00:00\",\"breadcrumb\":{\"@id\":\"https:\/\/novaorg.cofb.net\/2023\/10\/27\/el-consell-de-collegis-farmaceutics-de-catalunya-i-igualtat-i-feminismes-posen-en-marxa-les-formacions-als-farmaceutics-ques-sobre-productes-menstruals-reutilitzables\/#breadcrumb\"},\"inLanguage\":\"es\",\"potentialAction\":[{\"@type\":\"ReadAction\",\"target\":[\"https:\/\/novaorg.cofb.net\/2023\/10\/27\/el-consell-de-collegis-farmaceutics-de-catalunya-i-igualtat-i-feminismes-posen-en-marxa-les-formacions-als-farmaceutics-ques-sobre-productes-menstruals-reutilitzables\/\"]}]},{\"@type\":\"ImageObject\",\"inLanguage\":\"es\",\"@id\":\"https:\/\/novaorg.cofb.net\/2023\/10\/27\/el-consell-de-collegis-farmaceutics-de-catalunya-i-igualtat-i-feminismes-posen-en-marxa-les-formacions-als-farmaceutics-ques-sobre-productes-menstruals-reutilitzables\/#primaryimage\",\"url\":\"https:\/\/www.cofb.org\/wp-content\/uploads\/2024\/02\/a64854e6-7618-48af-987b-57371aebe097-ccG9t6.jpeg\",\"contentUrl\":\"https:\/\/www.cofb.org\/wp-content\/uploads\/2024\/02\/a64854e6-7618-48af-987b-57371aebe097-ccG9t6.jpeg\",\"width\":1440,\"height\":810},{\"@type\":\"BreadcrumbList\",\"@id\":\"https:\/\/novaorg.cofb.net\/2023\/10\/27\/el-consell-de-collegis-farmaceutics-de-catalunya-i-igualtat-i-feminismes-posen-en-marxa-les-formacions-als-farmaceutics-ques-sobre-productes-menstruals-reutilitzables\/#breadcrumb\",\"itemListElement\":[{\"@type\":\"ListItem\",\"position\":1,\"name\":\"Inici\",\"item\":\"https:\/\/novaorg.cofb.net\/\"},{\"@type\":\"ListItem\",\"position\":2,\"name\":\"El Consell de Col\u00b7legis Farmac\u00e8utics de Catalunya i Igualtat i Feminismes posen en marxa les formacions als farmac\u00e8utics\/ques sobre productes menstruals reutilitzables\"}]},{\"@type\":\"WebSite\",\"@id\":\"https:\/\/www.cofb.org\/#website\",\"url\":\"https:\/\/www.cofb.org\/\",\"name\":\"Col\u00b7legi de Farmac\u00e8utics de Barcelona\",\"description\":\"\",\"publisher\":{\"@id\":\"https:\/\/www.cofb.org\/#organization\"},\"potentialAction\":[{\"@type\":\"SearchAction\",\"target\":{\"@type\":\"EntryPoint\",\"urlTemplate\":\"https:\/\/www.cofb.org\/?s={search_term_string}\"},\"query-input\":\"required name=search_term_string\"}],\"inLanguage\":\"es\"},{\"@type\":\"Organization\",\"@id\":\"https:\/\/www.cofb.org\/#organization\",\"name\":\"Col\u00b7legi de Farmac\u00e8utics de Barcelona\",\"url\":\"https:\/\/www.cofb.org\/\",\"logo\":{\"@type\":\"ImageObject\",\"inLanguage\":\"es\",\"@id\":\"https:\/\/www.cofb.org\/#\/schema\/logo\/image\/\",\"url\":\"https:\/\/www.cofb.org\/wp-content\/uploads\/2023\/11\/cropped-Logotip-COFB.png\",\"contentUrl\":\"https:\/\/www.cofb.org\/wp-content\/uploads\/2023\/11\/cropped-Logotip-COFB.png\",\"width\":500,\"height\":105,\"caption\":\"Col\u00b7legi de Farmac\u00e8utics de Barcelona\"},\"image\":{\"@id\":\"https:\/\/www.cofb.org\/#\/schema\/logo\/image\/\"},\"sameAs\":[\"https:\/\/www.facebook.com\/farmaceuticsbcn\/\",\"https:\/\/twitter.com\/farmaceuticsbcn\",\"https:\/\/www.instagram.com\/farmaceuticsbcn\/\",\"https:\/\/www.linkedin.com\/company\/farmaceuticsbcn\/\"]},{\"@type\":\"Person\",\"@id\":\"https:\/\/www.cofb.org\/#\/schema\/person\/22ed7eea88da74b0fa4d3154ad87ffcb\",\"name\":\"wpAdminCofbOrg\",\"image\":{\"@type\":\"ImageObject\",\"inLanguage\":\"es\",\"@id\":\"https:\/\/www.cofb.org\/#\/schema\/person\/image\/\",\"url\":\"https:\/\/secure.gravatar.com\/avatar\/1721b20b3b8ca882c3b56ec6c978c594fff670e40c0718e9190eaeeb76aae7d8?s=96&d=mm&r=g\",\"contentUrl\":\"https:\/\/secure.gravatar.com\/avatar\/1721b20b3b8ca882c3b56ec6c978c594fff670e40c0718e9190eaeeb76aae7d8?s=96&d=mm&r=g\",\"caption\":\"wpAdminCofbOrg\"},\"sameAs\":[\"http:\/\/192.168.64.122\/wordpress\"],\"url\":\"https:\/\/www.cofb.org\/es\/author\/wpadmincofborg\/\"}]}<\/script>\n<!-- \/ Yoast SEO plugin. -->","yoast_head_json":{"title":"El Consell de Col\u00b7legis Farmac\u00e8utics de Catalunya i Igualtat i Feminismes posen en marxa les formacions als farmac\u00e8utics\/ques sobre productes menstruals reutilitzables - Col\u00b7legi de Farmac\u00e8utics de Barcelona","robots":{"index":"index","follow":"follow","max-snippet":"max-snippet:-1","max-image-preview":"max-image-preview:large","max-video-preview":"max-video-preview:-1"},"canonical":"https:\/\/novaorg.cofb.net\/2023\/10\/27\/el-consell-de-collegis-farmaceutics-de-catalunya-i-igualtat-i-feminismes-posen-en-marxa-les-formacions-als-farmaceutics-ques-sobre-productes-menstruals-reutilitzables\/","og_locale":"es_ES","og_type":"article","og_title":"El Consell de Col\u00b7legis Farmac\u00e8utics de Catalunya i Igualtat i Feminismes posen en marxa les formacions als farmac\u00e8utics\/ques sobre productes menstruals reutilitzables - Col\u00b7legi de Farmac\u00e8utics de Barcelona","og_description":"\u00a0 A partir del primer trimestre de 2024, el Govern distribuir\u00e0 gratu\u00eftament a trav\u00e9s de les farm\u00e0cies productes menstruals reutilitzables a una poblaci\u00f3 potencial de 2,5 milions de dones de Catalunya M\u00e9s de 300 farmac\u00e8utics i farmac\u00e8utiques han assistit a aquesta primera formaci\u00f3, que ha tingut lloc avui al Col\u00b7legi [&hellip;]","og_url":"https:\/\/novaorg.cofb.net\/2023\/10\/27\/el-consell-de-collegis-farmaceutics-de-catalunya-i-igualtat-i-feminismes-posen-en-marxa-les-formacions-als-farmaceutics-ques-sobre-productes-menstruals-reutilitzables\/","og_site_name":"Col\u00b7legi de Farmac\u00e8utics de Barcelona","article_publisher":"https:\/\/www.facebook.com\/farmaceuticsbcn\/","article_published_time":"2023-10-27T14:58:00+00:00","article_modified_time":"2024-02-26T10:29:41+00:00","og_image":[{"width":1440,"height":810,"url":"https:\/\/novaorg.cofb.net\/wp-content\/uploads\/2024\/02\/a64854e6-7618-48af-987b-57371aebe097-ccG9t6.jpeg","type":"image\/jpeg"}],"author":"wpAdminCofbOrg","twitter_card":"summary_large_image","twitter_creator":"@farmaceuticsbcn","twitter_site":"@farmaceuticsbcn","twitter_misc":{"Escrito por":"wpAdminCofbOrg","Tiempo de lectura":"11 minutos"},"schema":{"@context":"https:\/\/schema.org","@graph":[{"@type":"Article","@id":"https:\/\/novaorg.cofb.net\/2023\/10\/27\/el-consell-de-collegis-farmaceutics-de-catalunya-i-igualtat-i-feminismes-posen-en-marxa-les-formacions-als-farmaceutics-ques-sobre-productes-menstruals-reutilitzables\/#article","isPartOf":{"@id":"https:\/\/novaorg.cofb.net\/2023\/10\/27\/el-consell-de-collegis-farmaceutics-de-catalunya-i-igualtat-i-feminismes-posen-en-marxa-les-formacions-als-farmaceutics-ques-sobre-productes-menstruals-reutilitzables\/"},"author":{"name":"wpAdminCofbOrg","@id":"https:\/\/www.cofb.org\/#\/schema\/person\/22ed7eea88da74b0fa4d3154ad87ffcb"},"headline":"El Consell de Col\u00b7legis Farmac\u00e8utics de Catalunya i Igualtat i Feminismes posen en marxa les formacions als farmac\u00e8utics\/ques sobre productes menstruals reutilitzables","datePublished":"2023-10-27T14:58:00+00:00","dateModified":"2024-02-26T10:29:41+00:00","mainEntityOfPage":{"@id":"https:\/\/novaorg.cofb.net\/2023\/10\/27\/el-consell-de-collegis-farmaceutics-de-catalunya-i-igualtat-i-feminismes-posen-en-marxa-les-formacions-als-farmaceutics-ques-sobre-productes-menstruals-reutilitzables\/"},"wordCount":2160,"publisher":{"@id":"https:\/\/www.cofb.org\/#organization"},"image":{"@id":"https:\/\/novaorg.cofb.net\/2023\/10\/27\/el-consell-de-collegis-farmaceutics-de-catalunya-i-igualtat-i-feminismes-posen-en-marxa-les-formacions-als-farmaceutics-ques-sobre-productes-menstruals-reutilitzables\/#primaryimage"},"thumbnailUrl":"https:\/\/www.cofb.org\/wp-content\/uploads\/2024\/02\/a64854e6-7618-48af-987b-57371aebe097-ccG9t6.jpeg","articleSection":["Notes de premsa"],"inLanguage":"es"},{"@type":"WebPage","@id":"https:\/\/novaorg.cofb.net\/2023\/10\/27\/el-consell-de-collegis-farmaceutics-de-catalunya-i-igualtat-i-feminismes-posen-en-marxa-les-formacions-als-farmaceutics-ques-sobre-productes-menstruals-reutilitzables\/","url":"https:\/\/novaorg.cofb.net\/2023\/10\/27\/el-consell-de-collegis-farmaceutics-de-catalunya-i-igualtat-i-feminismes-posen-en-marxa-les-formacions-als-farmaceutics-ques-sobre-productes-menstruals-reutilitzables\/","name":"El Consell de Col\u00b7legis Farmac\u00e8utics de Catalunya i Igualtat i Feminismes posen en marxa les formacions als farmac\u00e8utics\/ques sobre productes menstruals reutilitzables - Col\u00b7legi de Farmac\u00e8utics de Barcelona","isPartOf":{"@id":"https:\/\/www.cofb.org\/#website"},"primaryImageOfPage":{"@id":"https:\/\/novaorg.cofb.net\/2023\/10\/27\/el-consell-de-collegis-farmaceutics-de-catalunya-i-igualtat-i-feminismes-posen-en-marxa-les-formacions-als-farmaceutics-ques-sobre-productes-menstruals-reutilitzables\/#primaryimage"},"image":{"@id":"https:\/\/novaorg.cofb.net\/2023\/10\/27\/el-consell-de-collegis-farmaceutics-de-catalunya-i-igualtat-i-feminismes-posen-en-marxa-les-formacions-als-farmaceutics-ques-sobre-productes-menstruals-reutilitzables\/#primaryimage"},"thumbnailUrl":"https:\/\/www.cofb.org\/wp-content\/uploads\/2024\/02\/a64854e6-7618-48af-987b-57371aebe097-ccG9t6.jpeg","datePublished":"2023-10-27T14:58:00+00:00","dateModified":"2024-02-26T10:29:41+00:00","breadcrumb":{"@id":"https:\/\/novaorg.cofb.net\/2023\/10\/27\/el-consell-de-collegis-farmaceutics-de-catalunya-i-igualtat-i-feminismes-posen-en-marxa-les-formacions-als-farmaceutics-ques-sobre-productes-menstruals-reutilitzables\/#breadcrumb"},"inLanguage":"es","potentialAction":[{"@type":"ReadAction","target":["https:\/\/novaorg.cofb.net\/2023\/10\/27\/el-consell-de-collegis-farmaceutics-de-catalunya-i-igualtat-i-feminismes-posen-en-marxa-les-formacions-als-farmaceutics-ques-sobre-productes-menstruals-reutilitzables\/"]}]},{"@type":"ImageObject","inLanguage":"es","@id":"https:\/\/novaorg.cofb.net\/2023\/10\/27\/el-consell-de-collegis-farmaceutics-de-catalunya-i-igualtat-i-feminismes-posen-en-marxa-les-formacions-als-farmaceutics-ques-sobre-productes-menstruals-reutilitzables\/#primaryimage","url":"https:\/\/www.cofb.org\/wp-content\/uploads\/2024\/02\/a64854e6-7618-48af-987b-57371aebe097-ccG9t6.jpeg","contentUrl":"https:\/\/www.cofb.org\/wp-content\/uploads\/2024\/02\/a64854e6-7618-48af-987b-57371aebe097-ccG9t6.jpeg","width":1440,"height":810},{"@type":"BreadcrumbList","@id":"https:\/\/novaorg.cofb.net\/2023\/10\/27\/el-consell-de-collegis-farmaceutics-de-catalunya-i-igualtat-i-feminismes-posen-en-marxa-les-formacions-als-farmaceutics-ques-sobre-productes-menstruals-reutilitzables\/#breadcrumb","itemListElement":[{"@type":"ListItem","position":1,"name":"Inici","item":"https:\/\/novaorg.cofb.net\/"},{"@type":"ListItem","position":2,"name":"El Consell de Col\u00b7legis Farmac\u00e8utics de Catalunya i Igualtat i Feminismes posen en marxa les formacions als farmac\u00e8utics\/ques sobre productes menstruals reutilitzables"}]},{"@type":"WebSite","@id":"https:\/\/www.cofb.org\/#website","url":"https:\/\/www.cofb.org\/","name":"Col\u00b7legi de Farmac\u00e8utics de Barcelona","description":"","publisher":{"@id":"https:\/\/www.cofb.org\/#organization"},"potentialAction":[{"@type":"SearchAction","target":{"@type":"EntryPoint","urlTemplate":"https:\/\/www.cofb.org\/?s={search_term_string}"},"query-input":"required name=search_term_string"}],"inLanguage":"es"},{"@type":"Organization","@id":"https:\/\/www.cofb.org\/#organization","name":"Col\u00b7legi de Farmac\u00e8utics de Barcelona","url":"https:\/\/www.cofb.org\/","logo":{"@type":"ImageObject","inLanguage":"es","@id":"https:\/\/www.cofb.org\/#\/schema\/logo\/image\/","url":"https:\/\/www.cofb.org\/wp-content\/uploads\/2023\/11\/cropped-Logotip-COFB.png","contentUrl":"https:\/\/www.cofb.org\/wp-content\/uploads\/2023\/11\/cropped-Logotip-COFB.png","width":500,"height":105,"caption":"Col\u00b7legi de Farmac\u00e8utics de Barcelona"},"image":{"@id":"https:\/\/www.cofb.org\/#\/schema\/logo\/image\/"},"sameAs":["https:\/\/www.facebook.com\/farmaceuticsbcn\/","https:\/\/twitter.com\/farmaceuticsbcn","https:\/\/www.instagram.com\/farmaceuticsbcn\/","https:\/\/www.linkedin.com\/company\/farmaceuticsbcn\/"]},{"@type":"Person","@id":"https:\/\/www.cofb.org\/#\/schema\/person\/22ed7eea88da74b0fa4d3154ad87ffcb","name":"wpAdminCofbOrg","image":{"@type":"ImageObject","inLanguage":"es","@id":"https:\/\/www.cofb.org\/#\/schema\/person\/image\/","url":"https:\/\/secure.gravatar.com\/avatar\/1721b20b3b8ca882c3b56ec6c978c594fff670e40c0718e9190eaeeb76aae7d8?s=96&d=mm&r=g","contentUrl":"https:\/\/secure.gravatar.com\/avatar\/1721b20b3b8ca882c3b56ec6c978c594fff670e40c0718e9190eaeeb76aae7d8?s=96&d=mm&r=g","caption":"wpAdminCofbOrg"},"sameAs":["http:\/\/192.168.64.122\/wordpress"],"url":"https:\/\/www.cofb.org\/es\/author\/wpadmincofborg\/"}]}},"uagb_featured_image_src":{"full":["https:\/\/www.cofb.org\/wp-content\/uploads\/2024\/02\/a64854e6-7618-48af-987b-57371aebe097-ccG9t6.jpeg",1440,810,false],"thumbnail":["https:\/\/www.cofb.org\/wp-content\/uploads\/2024\/02\/a64854e6-7618-48af-987b-57371aebe097-ccG9t6-150x150.jpeg",150,150,true],"medium":["https:\/\/www.cofb.org\/wp-content\/uploads\/2024\/02\/a64854e6-7618-48af-987b-57371aebe097-ccG9t6-300x169.jpeg",300,169,true],"medium_large":["https:\/\/www.cofb.org\/wp-content\/uploads\/2024\/02\/a64854e6-7618-48af-987b-57371aebe097-ccG9t6-768x432.jpeg",768,432,true],"large":["https:\/\/www.cofb.org\/wp-content\/uploads\/2024\/02\/a64854e6-7618-48af-987b-57371aebe097-ccG9t6-1024x576.jpeg",1024,576,true],"1536x1536":["https:\/\/www.cofb.org\/wp-content\/uploads\/2024\/02\/a64854e6-7618-48af-987b-57371aebe097-ccG9t6.jpeg",1440,810,false],"2048x2048":["https:\/\/www.cofb.org\/wp-content\/uploads\/2024\/02\/a64854e6-7618-48af-987b-57371aebe097-ccG9t6.jpeg",1440,810,false],"trp-custom-language-flag":["https:\/\/www.cofb.org\/wp-content\/uploads\/2024\/02\/a64854e6-7618-48af-987b-57371aebe097-ccG9t6-18x10.jpeg",18,10,true]},"uagb_author_info":{"display_name":"wpAdminCofbOrg","author_link":"https:\/\/www.cofb.org\/es\/author\/wpadmincofborg\/"},"uagb_comment_info":0,"uagb_excerpt":"\u00a0 A partir del primer trimestre de 2024, el Govern distribuir\u00e0 gratu\u00eftament a trav\u00e9s de les farm\u00e0cies productes menstruals reutilitzables a una poblaci\u00f3 potencial de 2,5 milions de dones de Catalunya M\u00e9s de 300 farmac\u00e8utics i farmac\u00e8utiques han assistit a aquesta primera formaci\u00f3, que ha tingut lloc avui al Col\u00b7legi [&hellip;]","_links":{"self":[{"href":"https:\/\/www.cofb.org\/es\/wp-json\/wp\/v2\/posts\/76905","targetHints":{"allow":["GET"]}}],"collection":[{"href":"https:\/\/www.cofb.org\/es\/wp-json\/wp\/v2\/posts"}],"about":[{"href":"https:\/\/www.cofb.org\/es\/wp-json\/wp\/v2\/types\/post"}],"author":[{"embeddable":true,"href":"https:\/\/www.cofb.org\/es\/wp-json\/wp\/v2\/users\/1"}],"replies":[{"embeddable":true,"href":"https:\/\/www.cofb.org\/es\/wp-json\/wp\/v2\/comments?post=76905"}],"version-history":[{"count":2,"href":"https:\/\/www.cofb.org\/es\/wp-json\/wp\/v2\/posts\/76905\/revisions"}],"predecessor-version":[{"id":77684,"href":"https:\/\/www.cofb.org\/es\/wp-json\/wp\/v2\/posts\/76905\/revisions\/77684"}],"wp:featuredmedia":[{"embeddable":true,"href":"https:\/\/www.cofb.org\/es\/wp-json\/wp\/v2\/media\/76847"}],"wp:attachment":[{"href":"https:\/\/www.cofb.org\/es\/wp-json\/wp\/v2\/media?parent=76905"}],"wp:term":[{"taxonomy":"category","embeddable":true,"href":"https:\/\/www.cofb.org\/es\/wp-json\/wp\/v2\/categories?post=76905"},{"taxonomy":"post_tag","embeddable":true,"href":"https:\/\/www.cofb.org\/es\/wp-json\/wp\/v2\/tags?post=76905"}],"curies":[{"name":"wp","href":"https:\/\/api.w.org\/{rel}","templated":true}]}}