{"id":76899,"date":"2024-02-19T11:00:00","date_gmt":"2024-02-19T11:00:00","guid":{"rendered":"https:\/\/novaorg.cofb.net\/2024\/02\/19\/infarma-madrid-2024-oferira-solucions-per-posar-la-farmacia-a-lavantguarda-davant-els-grans-desafiaments-sanitaris-i-socials\/"},"modified":"2024-02-26T10:28:20","modified_gmt":"2024-02-26T10:28:20","slug":"infarma-madrid-2024-oferira-solucions-per-posar-la-farmacia-a-lavantguarda-davant-els-grans-desafiaments-sanitaris-i-socials","status":"publish","type":"post","link":"https:\/\/www.cofb.org\/es\/2024\/02\/19\/infarma-madrid-2024-oferira-solucions-per-posar-la-farmacia-a-lavantguarda-davant-els-grans-desafiaments-sanitaris-i-socials\/","title":{"rendered":"&#039;Infarma Madrid 2024&#039; ofrecer\u00e1 soluciones para poner la farmacia a la vanguardia ante los grandes desaf\u00edos sanitarios y sociales"},"content":{"rendered":"<p>\u00a0<\/p>\n<ul>\n<li>El Congreso Europeo de Farmacia y Sal\u00f3n de Medicamentos y Parafarmacia, que organizan los colegios oficiales de farmac\u00e9uticos de Madrid y Barcelona y CloserStill, reunir\u00e1 a m\u00e1s de 30.000 profesionales del sector entre el 19 y el 21 de marzo en IFEMA<\/li>\n<li>El programa cient\u00edfico dar\u00e1 respuesta profesional a las necesidades de los pacientes ya desaf\u00edos como la continuidad asistencial y la soledad no deseada y mostrar\u00e1 distintas iniciativas de \u00e9xito en la pr\u00e1ctica farmac\u00e9utica<\/li>\n<li>La gesti\u00f3n y digitalizaci\u00f3n de la farmacia, el uso de la inteligencia artificial o el papel de los farmac\u00e9uticos frente a las faltas de suministro o el abuso de medicamentos centrar\u00e1n algunas de las sesiones<\/li>\n<li>Participar\u00e1n 300 compa\u00f1\u00edas, entre laboratorios, empresas de servicios y otros proveedores<\/li>\n<\/ul>\n<p><img decoding=\"async\" alt=\"\" src=\"https:\/\/www.cofb.org\/documents\/10136\/1091470\/COFB_INFARMA_PROGRAMA_19022024.jpg\/eb2868bb-0668-413b-b08b-7dd189dcb02c?t=1708345834299\"><\/p>\n<p><em>Barcelona, 19 de febrero de 2024.-\u00a0<\/em>\u00bfQu\u00e9 servicios farmac\u00e9uticos pueden encontrar los pacientes oncol\u00f3gicos o diab\u00e9ticos en las farmacias comunitarias? \u00bfC\u00f3mo afronta la farmacia las situaciones de faltas de suministro de medicamentos? \u00bfQu\u00e9 papel juegan los farmac\u00e9uticos en la detecci\u00f3n de situaciones de soledad no deseada? \u00bfEn qu\u00e9 punto se encuentra la digitalizaci\u00f3n de las farmacias? \u00bfQu\u00e9 aplicaciones tiene la inteligencia artificial en el \u00e1mbito de la farmacia? \u00bfLlegan recetas falsas a la farmacia? \u00bfExisten filtros para detectar medicamentos y sustancias de abuso? \u00bfCu\u00e1les son los medicamentos de vanguardia en el arsenal terap\u00e9utico? \u00bfQu\u00e9 instrumentos pueden ayudar a mejorar la gesti\u00f3n empresarial de la farmacia comunitaria? \u00c9stas son algunas de las preguntas de actualidad que se abordar\u00e1n en <strong>Infarma Madrid 2024<\/strong>, el Congreso Europeo de Farmacia y Sal\u00f3n de Medicamentos y Parafarmacia que organizan los <strong>colegios oficiales de farmac\u00e9uticos de Madrid y Barcelona<\/strong>, en colaboraci\u00f3n con <strong>CloserStill<\/strong>, los d\u00edas <strong>19, 20 y 21 de marzo<\/strong>, en el <strong>recinto ferial de IFEMA Madrid<\/strong>.<\/p>\n<p>El <strong>programa cient\u00edfico de Infarma<\/strong> reunir\u00e1 a m\u00e1s de un centenar de ponentes para <strong>ofrecer soluciones farmac\u00e9uticas a las demandas sanitarias, sociales y profesionales m\u00e1s acuciantes<\/strong>, relacionadas con el envejecimiento de la poblaci\u00f3n y la cronicidad de las enfermedades, el cumplimiento de las terapias, el uso de las nuevas tecnolog\u00edas o frente a situaciones sociales relacionadas con la soledad, la dependencia o con el abuso de sustancias y medicamentos.<\/p>\n<p><u><strong>Tres l\u00edneas estrat\u00e9gicas<\/strong><\/u><\/p>\n<p>Los contenidos de la pr\u00f3xima edici\u00f3n de Infarma, que tiene como lema <strong>&quot;Pon tu farmacia a la vanguardia&quot;<\/strong>, se han dividido en tres l\u00edneas estrat\u00e9gicas: <strong>Nuevas necesidades, nuevas respuestas; Mejor gesti\u00f3n, mayor calidad, y Conocimiento para una excelente atenci\u00f3n.<\/strong><\/p>\n<p>Estos tres ejes <strong>permitir\u00e1n vertebrar una respuesta farmac\u00e9utica efectiva a los nuevos desaf\u00edos sanitarios y sociales que se est\u00e1n planteando y facilitar que todos los farmac\u00e9uticos que deseen poner sus farmacias en vanguardia tengan instrumentos para ello<\/strong>. &quot;Queremos promover un debate profesional que sea \u00fatil a los ciudadanos y que nos permita proponer soluciones farmac\u00e9uticas innovadoras a retos como el envejecimiento, la cronicidad, la continuidad asistencial y los problemas de suministro de medicamentos que afrontamos en la farmacia&quot;, explica el presidente del Colegio Oficial de Farmac\u00e9uticos de Madrid (COFM),<strong> Manuel Mart\u00ednez del Peral.<\/strong><\/p>\n<p>En total, se celebrar\u00e1n cerca de <strong>medio centenar de sesiones<\/strong> en los diferentes espacios de Infarma 2024, entre <strong>mesas de actualidad, aulas profesionales y sesiones pr\u00e1cticas de gesti\u00f3n<\/strong>. Igualmente, en el espacio <strong>ExpoNews <\/strong>se podr\u00e1n conocer las novedades farmac\u00e9uticas y de producto de uno de los sectores m\u00e1s din\u00e1micos de la econom\u00eda espa\u00f1ola.<\/p>\n<p><u><strong>Aprender de colegas y expertos, colaborar con la industria<\/strong><\/u><\/p>\n<p>El congreso ser\u00e1 escenario tambi\u00e9n de<strong>Iniciativas de \u00e9xito<\/strong> de la farmacia, donde se presentar\u00e1 una selecci\u00f3n de proyectos y experiencias realizadas por profesionales farmac\u00e9uticos que han contribuido a mejorar el cuidado y la salud de los pacientes o han mejorado la gesti\u00f3n de las farmacias o su presencia en las redes sociales.<\/p>\n<p>Los asistentes podr\u00e1n tambi\u00e9n acceder a la oferta de cursos de formaci\u00f3n de<strong>\u00c1gora Sanitaria<\/strong>, la plataforma de formaci\u00f3n que impulsan los colegios oficiales de farmac\u00e9uticos de Madrid y Barcelona.<\/p>\n<p>Adem\u00e1s, Infarma dispondr\u00e1 de un espacio para conocer los trabajos de investigaci\u00f3n originales que se presentar\u00e1n en formato digital en una zona de exposici\u00f3n para estimular la generaci\u00f3n de conocimiento cient\u00edfico y pr\u00e1ctica farmac\u00e9utica desde la perspectiva profesional y asistencial.<\/p>\n<p><strong>Jordi Casas<\/strong>, presidente del Colegio de Farmac\u00e9uticos de Barcelona (COFB), se\u00f1ala que \u201ctodo est\u00e1 en Infarma y todo se puede encontrar en estos tres d\u00edas cuando hablamos de farmacia. Es, en definitiva, <strong>la mayor concentraci\u00f3n de actualidad e innovaci\u00f3n del sector y tambi\u00e9n un ejemplo de lo que puede aportar la colaboraci\u00f3n entre organizaciones<\/strong>, como es el caso de los colegios de Madrid y Barcelona y la compa\u00f1\u00eda CloserStill\u201d.<\/p>\n<p><u><strong>M\u00e1s de 32.000 metros cuadrados y 300 expositores<\/strong><\/u><\/p>\n<p>Infarma 2024 ocupar\u00e1 m\u00e1s de<strong> 32.000 metros cuadrados<\/strong> en las instalaciones de IFEMA, con <strong>300 expositores<\/strong>, por el que pasar\u00e1n m\u00e1s de <strong>34.000 profesionales del sector<\/strong>. <strong>Agust\u00edn Torres<\/strong>, presidente de CloserStill, recalca que \u201cestas cifras convierten a Infarma en la <strong>gran encuentro del sector farmac\u00e9utico en Espa\u00f1a y en la cita que m\u00e1s valor aporta a los profesionales y empresas participantes<\/strong> y continuaremos trabajando para que estos datos sigan creciendo en pr\u00f3ximas ediciones e Infarma siga siendo el referente del sector en actualidad, innovaci\u00f3n, gesti\u00f3n y actuaci\u00f3n profesional\u201d.<\/p>\n<p>\u00a0El Congreso Europeo de Farmacia y Sal\u00f3n de Medicamentos y Parafarmacia, que organizan los colegios oficiales de farmac\u00e9uticos de Madrid y Barcelona y CloserStill, reunir\u00e1 a m\u00e1s de 30.000 profesionales del sector entre el 19 y el 21 de marzo en IFEMA<br \/>\n\tEl programa cient\u00edfico dar\u00e1 respuesta profesional a las necesidades de los pacientes ya desaf\u00edos como la continuidad asistencial y la soledad no deseada y mostrar\u00e1 distintas iniciativas de \u00e9xito en la pr\u00e1ctica farmac\u00e9utica<br \/>\n\tLa gesti\u00f3n y digitalizaci\u00f3n de la farmacia, el uso de la inteligencia artificial o el papel de los farmac\u00e9uticos frente a las faltas de suministro o el abuso de medicamentos centrar\u00e1n algunas de las sesiones<br \/>\n\tParticipar\u00e1n 300 compa\u00f1\u00edas, entre laboratorios, empresas de servicios y otros proveedores<\/p>\n<p>Barcelona, 19 de febrero de 2024.- \u00bfQu\u00e9 servicios farmac\u00e9uticos pueden encontrar los pacientes oncol\u00f3gicos o diab\u00e9ticos en las farmacias comunitarias? \u00bfC\u00f3mo afronta la farmacia las situaciones de faltas de suministro de medicamentos? \u00bfQu\u00e9 papel juegan los farmac\u00e9uticos en la detecci\u00f3n de situaciones de soledad no deseada? \u00bfEn qu\u00e9 punto se encuentra la digitalizaci\u00f3n de las farmacias? \u00bfQu\u00e9 aplicaciones tiene la inteligencia artificial en el \u00e1mbito de la farmacia? \u00bfLlegan recetas falsas a la farmacia? \u00bfExisten filtros para detectar medicamentos y sustancias de abuso? \u00bfCu\u00e1les son los medicamentos de vanguardia en el arsenal terap\u00e9utico? \u00bfQu\u00e9 instrumentos pueden ayudar a mejorar la gesti\u00f3n empresarial de la farmacia comunitaria? \u00c9stas son algunas de las preguntas de actualidad que se abordar\u00e1n en Infarma Madrid 2024, el Congreso Europeo de Farmacia y Sal\u00f3n de Medicamentos y Parafarmacia que organizan los colegios oficiales de farmac\u00e9uticos de Madrid y Barcelona, en colaboraci\u00f3n con CloserStill, los d\u00edas 19, 20 y 21 de marzo, en el recinto ferial de IFEMA Madrid.<\/p>\n<p>El programa cient\u00edfico de Infarma reunir\u00e1 a m\u00e1s de un centenar de ponentes para ofrecer soluciones farmac\u00e9uticas a las demandas sanitarias, sociales y profesionales m\u00e1s acuciantes, relacionadas con el envejecimiento de la poblaci\u00f3n y la cronicidad de las enfermedades, el cumplimiento de las terapias, el uso de las nuevas tecnolog\u00edas o frente a situaciones sociales relacionadas con la soledad, la dependencia o con el abuso de sustancias y medicamentos.<\/p>\n<p>Tres l\u00edneas estrat\u00e9gicas<\/p>\n<p>Los contenidos de la pr\u00f3xima edici\u00f3n de Infarma, cuyo lema \u201cPon tu farmacia a la vanguardia\u201d, se han dividido en tres l\u00edneas estrat\u00e9gicas: Nuevas necesidades, nuevas respuestas; Mejor gesti\u00f3n, mayor calidad, y Conocimiento para una excelente atenci\u00f3n.<\/p>\n<p>Estos tres ejes permitir\u00e1n vertebrar una respuesta farmac\u00e9utica efectiva a los nuevos desaf\u00edos sanitarios y sociales que se est\u00e1n planteando y facilitar que todos los farmac\u00e9uticos que deseen poner sus farmacias en vanguardia tengan instrumentos para ello. &quot;Queremos promover un debate profesional que sea \u00fatil a los ciudadanos y que nos permita proponer soluciones farmac\u00e9uticas innovadoras a retos como el envejecimiento, la cronicidad, la continuidad asistencial y los problemas de suministro de medicamentos que afrontamos en la farmacia&quot;, explica el presidente del Colegio Oficial de Farmac\u00e9uticos de Madrid (COFM), Manuel Mart\u00ednez del Peral.<\/p>\n<p>En total, se celebrar\u00e1n cerca de medio centenar de sesiones en los distintos espacios de Infarma 2024, entre tablas de actualidad, aulas profesionales y sesiones pr\u00e1cticas de gesti\u00f3n. Asimismo, en el espacio ExpoNews se podr\u00e1n conocer las novedades farmac\u00e9uticas y de producto de uno de los sectores m\u00e1s din\u00e1micos de la econom\u00eda espa\u00f1ola.<\/p>\n<p>Aprender de colegas y expertos, colaborar con la industria<\/p>\n<p>El congreso ser\u00e1 escenario tambi\u00e9n de Iniciativas de \u00e9xito de la farmacia, donde se presentar\u00e1 una selecci\u00f3n de proyectos y experiencias realizadas por profesionales farmac\u00e9uticos que han contribuido a mejorar el cuidado y la salud de los pacientes o han mejorado la gesti\u00f3n de las farmacias o la su presencia en las redes sociales.<\/p>\n<p>Los asistentes podr\u00e1n acceder tambi\u00e9n a la oferta de cursos de formaci\u00f3n de \u00c1gora Sanitaria, la plataforma de formaci\u00f3n que impulsan los colegios oficiales de farmac\u00e9uticos de Madrid y Barcelona.<\/p>\n<p>Adem\u00e1s, Infarma dispondr\u00e1 de un espacio para conocer los trabajos de investigaci\u00f3n originales que se presentar\u00e1n en formato digital en una zona de exposici\u00f3n para estimular la generaci\u00f3n de conocimiento cient\u00edfico y pr\u00e1ctica farmac\u00e9utica desde la perspectiva profesional y asistencial.<\/p>\n<p>Jordi Casas, presidente del Colegio de Farmac\u00e9uticos de Barcelona (COFB), se\u00f1ala que \u201ctodo est\u00e1 en Infarma y todo puede encontrarse en estos tres d\u00edas cuando hablamos de farmacia. Es, en definitiva, la mayor concentraci\u00f3n de actualidad e innovaci\u00f3n del sector y un ejemplo de lo que puede aportar la colaboraci\u00f3n entre organizaciones, como es el caso de los colegios de Madrid y Barcelona y la compa\u00f1\u00eda CloserStill\u201d.<\/p>\n<p>M\u00e1s de 32.000 metros cuadrados y 300 expositores<\/p>\n<p>Infarma 2024 ocupar\u00e1 m\u00e1s de 32.000 metros cuadrados en las instalaciones de IFEMA, con 300 expositores, por los que pasar\u00e1n m\u00e1s de 34.000 profesionales del sector. Agust\u00edn Torres, presidente de CloserStill, recalca que \u201cestas cifras convierten a Infarma en el gran encuentro del sector farmac\u00e9utico en Espa\u00f1a y en la cita que m\u00e1s valor aporta a los profesionales y empresas participantes y continuaremos trabajando para que estos datos sigan creciendo en pr\u00f3ximas ediciones e Infarma contin\u00fae siendo el referente del sector en actualidad, innovaci\u00f3n, gesti\u00f3n y actuaci\u00f3n profesional\u201d.  COFB.ORG<\/p>","protected":false},"excerpt":{"rendered":"<p>\u00a0 El Congreso Europeo de Farmacia y Sal\u00f3n de Medicamentos y Parafarmacia, que organizan los colegios oficiales de farmac\u00e9uticos de Madrid y Barcelona y CloserStill, reunir\u00e1 a m\u00e1s de 30.000 profesionales del sector entre el 19 y el 21 de marzo en IFEMA El programa cient\u00edfico dar\u00e1 respuesta profesional en las [\u2026]<\/p>","protected":false},"author":1,"featured_media":76839,"comment_status":"closed","ping_status":"","sticky":false,"template":"","format":"aside","meta":{"_uag_custom_page_level_css":"","site-sidebar-layout":"default","site-content-layout":"","ast-site-content-layout":"default","site-content-style":"default","site-sidebar-style":"default","ast-global-header-display":"","ast-banner-title-visibility":"","ast-main-header-display":"","ast-hfb-above-header-display":"","ast-hfb-below-header-display":"","ast-hfb-mobile-header-display":"","site-post-title":"","ast-breadcrumbs-content":"","ast-featured-img":"disabled","footer-sml-layout":"","theme-transparent-header-meta":"","adv-header-id-meta":"","stick-header-meta":"","header-above-stick-meta":"","header-main-stick-meta":"","header-below-stick-meta":"","astra-migrate-meta-layouts":"set","ast-page-background-enabled":"default","ast-page-background-meta":{"desktop":{"background-color":"var(--ast-global-color-4)","background-image":"","background-repeat":"repeat","background-position":"center center","background-size":"auto","background-attachment":"scroll","background-type":"","background-media":"","overlay-type":"","overlay-color":"","overlay-opacity":"","overlay-gradient":""},"tablet":{"background-color":"","background-image":"","background-repeat":"repeat","background-position":"center center","background-size":"auto","background-attachment":"scroll","background-type":"","background-media":"","overlay-type":"","overlay-color":"","overlay-opacity":"","overlay-gradient":""},"mobile":{"background-color":"","background-image":"","background-repeat":"repeat","background-position":"center center","background-size":"auto","background-attachment":"scroll","background-type":"","background-media":"","overlay-type":"","overlay-color":"","overlay-opacity":"","overlay-gradient":""}},"ast-content-background-meta":{"desktop":{"background-color":"var(--ast-global-color-5)","background-image":"","background-repeat":"repeat","background-position":"center center","background-size":"auto","background-attachment":"scroll","background-type":"","background-media":"","overlay-type":"","overlay-color":"","overlay-opacity":"","overlay-gradient":""},"tablet":{"background-color":"var(--ast-global-color-5)","background-image":"","background-repeat":"repeat","background-position":"center center","background-size":"auto","background-attachment":"scroll","background-type":"","background-media":"","overlay-type":"","overlay-color":"","overlay-opacity":"","overlay-gradient":""},"mobile":{"background-color":"var(--ast-global-color-5)","background-image":"","background-repeat":"repeat","background-position":"center center","background-size":"auto","background-attachment":"scroll","background-type":"","background-media":"","overlay-type":"","overlay-color":"","overlay-opacity":"","overlay-gradient":""}},"footnotes":""},"categories":[1060],"tags":[],"class_list":["post-76899","post","type-post","status-publish","format-aside","has-post-thumbnail","hentry","category-notes-premsa","post_format-post-format-aside"],"yoast_head":"<!-- This site is optimized with the Yoast SEO plugin v22.4 - https:\/\/yoast.com\/wordpress\/plugins\/seo\/ -->\n<title>\u2018Infarma Madrid 2024\u2019 oferir\u00e0 solucions per posar la farm\u00e0cia a l&#039;avantguarda davant els grans desafiaments sanitaris i socials - Col\u00b7legi de Farmac\u00e8utics de Barcelona<\/title>\n<meta name=\"robots\" content=\"index, follow, max-snippet:-1, max-image-preview:large, max-video-preview:-1\" \/>\n<link rel=\"canonical\" href=\"https:\/\/novaorg.cofb.net\/2024\/02\/19\/infarma-madrid-2024-oferira-solucions-per-posar-la-farmacia-a-lavantguarda-davant-els-grans-desafiaments-sanitaris-i-socials\/\" \/>\n<meta property=\"og:locale\" content=\"es_ES\" \/>\n<meta property=\"og:type\" content=\"article\" \/>\n<meta property=\"og:title\" content=\"\u2018Infarma Madrid 2024\u2019 oferir\u00e0 solucions per posar la farm\u00e0cia a l&#039;avantguarda davant els grans desafiaments sanitaris i socials - Col\u00b7legi de Farmac\u00e8utics de Barcelona\" \/>\n<meta property=\"og:description\" content=\"\u00a0 El Congr\u00e9s Europeu de Farm\u00e0cia i Sal\u00f3 de Medicaments i Parafarm\u00e0cia, que organitzen els col\u00b7legis oficials de farmac\u00e8utics de Madrid i Barcelona i CloserStill, reunir\u00e0 m\u00e9s de 30.000 professionals del sector entre el 19 i el 21 de mar\u00e7 a IFEMA El programa cient\u00edfic donar\u00e0 resposta professional a les [&hellip;]\" \/>\n<meta property=\"og:url\" content=\"https:\/\/novaorg.cofb.net\/2024\/02\/19\/infarma-madrid-2024-oferira-solucions-per-posar-la-farmacia-a-lavantguarda-davant-els-grans-desafiaments-sanitaris-i-socials\/\" \/>\n<meta property=\"og:site_name\" content=\"Col\u00b7legi de Farmac\u00e8utics de Barcelona\" \/>\n<meta property=\"article:publisher\" content=\"https:\/\/www.facebook.com\/farmaceuticsbcn\/\" \/>\n<meta property=\"article:published_time\" content=\"2024-02-19T11:00:00+00:00\" \/>\n<meta property=\"article:modified_time\" content=\"2024-02-26T10:28:20+00:00\" \/>\n<meta property=\"og:image\" content=\"https:\/\/novaorg.cofb.net\/wp-content\/uploads\/2024\/02\/eb2868bb-0668-413b-b08b-7dd189dcb02c-plynXX.jpeg\" \/>\n\t<meta property=\"og:image:width\" content=\"1170\" \/>\n\t<meta property=\"og:image:height\" content=\"580\" \/>\n\t<meta property=\"og:image:type\" content=\"image\/jpeg\" \/>\n<meta name=\"author\" content=\"wpAdminCofbOrg\" \/>\n<meta name=\"twitter:card\" content=\"summary_large_image\" \/>\n<meta name=\"twitter:creator\" content=\"@farmaceuticsbcn\" \/>\n<meta name=\"twitter:site\" content=\"@farmaceuticsbcn\" \/>\n<meta name=\"twitter:label1\" content=\"Escrito por\" \/>\n\t<meta name=\"twitter:data1\" content=\"wpAdminCofbOrg\" \/>\n\t<meta name=\"twitter:label2\" content=\"Tiempo de lectura\" \/>\n\t<meta name=\"twitter:data2\" content=\"9 minutos\" \/>\n<script type=\"application\/ld+json\" class=\"yoast-schema-graph\">{\"@context\":\"https:\/\/schema.org\",\"@graph\":[{\"@type\":\"Article\",\"@id\":\"https:\/\/novaorg.cofb.net\/2024\/02\/19\/infarma-madrid-2024-oferira-solucions-per-posar-la-farmacia-a-lavantguarda-davant-els-grans-desafiaments-sanitaris-i-socials\/#article\",\"isPartOf\":{\"@id\":\"https:\/\/novaorg.cofb.net\/2024\/02\/19\/infarma-madrid-2024-oferira-solucions-per-posar-la-farmacia-a-lavantguarda-davant-els-grans-desafiaments-sanitaris-i-socials\/\"},\"author\":{\"name\":\"wpAdminCofbOrg\",\"@id\":\"https:\/\/www.cofb.org\/#\/schema\/person\/22ed7eea88da74b0fa4d3154ad87ffcb\"},\"headline\":\"\u2018Infarma Madrid 2024\u2019 oferir\u00e0 solucions per posar la farm\u00e0cia a l&#8217;avantguarda davant els grans desafiaments sanitaris i socials\",\"datePublished\":\"2024-02-19T11:00:00+00:00\",\"dateModified\":\"2024-02-26T10:28:20+00:00\",\"mainEntityOfPage\":{\"@id\":\"https:\/\/novaorg.cofb.net\/2024\/02\/19\/infarma-madrid-2024-oferira-solucions-per-posar-la-farmacia-a-lavantguarda-davant-els-grans-desafiaments-sanitaris-i-socials\/\"},\"wordCount\":1861,\"publisher\":{\"@id\":\"https:\/\/www.cofb.org\/#organization\"},\"image\":{\"@id\":\"https:\/\/novaorg.cofb.net\/2024\/02\/19\/infarma-madrid-2024-oferira-solucions-per-posar-la-farmacia-a-lavantguarda-davant-els-grans-desafiaments-sanitaris-i-socials\/#primaryimage\"},\"thumbnailUrl\":\"https:\/\/www.cofb.org\/wp-content\/uploads\/2024\/02\/eb2868bb-0668-413b-b08b-7dd189dcb02c-plynXX.jpeg\",\"articleSection\":[\"Notes de premsa\"],\"inLanguage\":\"es\"},{\"@type\":\"WebPage\",\"@id\":\"https:\/\/novaorg.cofb.net\/2024\/02\/19\/infarma-madrid-2024-oferira-solucions-per-posar-la-farmacia-a-lavantguarda-davant-els-grans-desafiaments-sanitaris-i-socials\/\",\"url\":\"https:\/\/novaorg.cofb.net\/2024\/02\/19\/infarma-madrid-2024-oferira-solucions-per-posar-la-farmacia-a-lavantguarda-davant-els-grans-desafiaments-sanitaris-i-socials\/\",\"name\":\"\u2018Infarma Madrid 2024\u2019 oferir\u00e0 solucions per posar la farm\u00e0cia a l'avantguarda davant els grans desafiaments sanitaris i socials - Col\u00b7legi de Farmac\u00e8utics de Barcelona\",\"isPartOf\":{\"@id\":\"https:\/\/www.cofb.org\/#website\"},\"primaryImageOfPage\":{\"@id\":\"https:\/\/novaorg.cofb.net\/2024\/02\/19\/infarma-madrid-2024-oferira-solucions-per-posar-la-farmacia-a-lavantguarda-davant-els-grans-desafiaments-sanitaris-i-socials\/#primaryimage\"},\"image\":{\"@id\":\"https:\/\/novaorg.cofb.net\/2024\/02\/19\/infarma-madrid-2024-oferira-solucions-per-posar-la-farmacia-a-lavantguarda-davant-els-grans-desafiaments-sanitaris-i-socials\/#primaryimage\"},\"thumbnailUrl\":\"https:\/\/www.cofb.org\/wp-content\/uploads\/2024\/02\/eb2868bb-0668-413b-b08b-7dd189dcb02c-plynXX.jpeg\",\"datePublished\":\"2024-02-19T11:00:00+00:00\",\"dateModified\":\"2024-02-26T10:28:20+00:00\",\"breadcrumb\":{\"@id\":\"https:\/\/novaorg.cofb.net\/2024\/02\/19\/infarma-madrid-2024-oferira-solucions-per-posar-la-farmacia-a-lavantguarda-davant-els-grans-desafiaments-sanitaris-i-socials\/#breadcrumb\"},\"inLanguage\":\"es\",\"potentialAction\":[{\"@type\":\"ReadAction\",\"target\":[\"https:\/\/novaorg.cofb.net\/2024\/02\/19\/infarma-madrid-2024-oferira-solucions-per-posar-la-farmacia-a-lavantguarda-davant-els-grans-desafiaments-sanitaris-i-socials\/\"]}]},{\"@type\":\"ImageObject\",\"inLanguage\":\"es\",\"@id\":\"https:\/\/novaorg.cofb.net\/2024\/02\/19\/infarma-madrid-2024-oferira-solucions-per-posar-la-farmacia-a-lavantguarda-davant-els-grans-desafiaments-sanitaris-i-socials\/#primaryimage\",\"url\":\"https:\/\/www.cofb.org\/wp-content\/uploads\/2024\/02\/eb2868bb-0668-413b-b08b-7dd189dcb02c-plynXX.jpeg\",\"contentUrl\":\"https:\/\/www.cofb.org\/wp-content\/uploads\/2024\/02\/eb2868bb-0668-413b-b08b-7dd189dcb02c-plynXX.jpeg\",\"width\":1170,\"height\":580},{\"@type\":\"BreadcrumbList\",\"@id\":\"https:\/\/novaorg.cofb.net\/2024\/02\/19\/infarma-madrid-2024-oferira-solucions-per-posar-la-farmacia-a-lavantguarda-davant-els-grans-desafiaments-sanitaris-i-socials\/#breadcrumb\",\"itemListElement\":[{\"@type\":\"ListItem\",\"position\":1,\"name\":\"Inici\",\"item\":\"https:\/\/novaorg.cofb.net\/\"},{\"@type\":\"ListItem\",\"position\":2,\"name\":\"\u2018Infarma Madrid 2024\u2019 oferir\u00e0 solucions per posar la farm\u00e0cia a l&#8217;avantguarda davant els grans desafiaments sanitaris i socials\"}]},{\"@type\":\"WebSite\",\"@id\":\"https:\/\/www.cofb.org\/#website\",\"url\":\"https:\/\/www.cofb.org\/\",\"name\":\"Col\u00b7legi de Farmac\u00e8utics de Barcelona\",\"description\":\"\",\"publisher\":{\"@id\":\"https:\/\/www.cofb.org\/#organization\"},\"potentialAction\":[{\"@type\":\"SearchAction\",\"target\":{\"@type\":\"EntryPoint\",\"urlTemplate\":\"https:\/\/www.cofb.org\/?s={search_term_string}\"},\"query-input\":\"required name=search_term_string\"}],\"inLanguage\":\"es\"},{\"@type\":\"Organization\",\"@id\":\"https:\/\/www.cofb.org\/#organization\",\"name\":\"Col\u00b7legi de Farmac\u00e8utics de Barcelona\",\"url\":\"https:\/\/www.cofb.org\/\",\"logo\":{\"@type\":\"ImageObject\",\"inLanguage\":\"es\",\"@id\":\"https:\/\/www.cofb.org\/#\/schema\/logo\/image\/\",\"url\":\"https:\/\/www.cofb.org\/wp-content\/uploads\/2023\/11\/cropped-Logotip-COFB.png\",\"contentUrl\":\"https:\/\/www.cofb.org\/wp-content\/uploads\/2023\/11\/cropped-Logotip-COFB.png\",\"width\":500,\"height\":105,\"caption\":\"Col\u00b7legi de Farmac\u00e8utics de Barcelona\"},\"image\":{\"@id\":\"https:\/\/www.cofb.org\/#\/schema\/logo\/image\/\"},\"sameAs\":[\"https:\/\/www.facebook.com\/farmaceuticsbcn\/\",\"https:\/\/twitter.com\/farmaceuticsbcn\",\"https:\/\/www.instagram.com\/farmaceuticsbcn\/\",\"https:\/\/www.linkedin.com\/company\/farmaceuticsbcn\/\"]},{\"@type\":\"Person\",\"@id\":\"https:\/\/www.cofb.org\/#\/schema\/person\/22ed7eea88da74b0fa4d3154ad87ffcb\",\"name\":\"wpAdminCofbOrg\",\"image\":{\"@type\":\"ImageObject\",\"inLanguage\":\"es\",\"@id\":\"https:\/\/www.cofb.org\/#\/schema\/person\/image\/\",\"url\":\"https:\/\/secure.gravatar.com\/avatar\/1721b20b3b8ca882c3b56ec6c978c594fff670e40c0718e9190eaeeb76aae7d8?s=96&d=mm&r=g\",\"contentUrl\":\"https:\/\/secure.gravatar.com\/avatar\/1721b20b3b8ca882c3b56ec6c978c594fff670e40c0718e9190eaeeb76aae7d8?s=96&d=mm&r=g\",\"caption\":\"wpAdminCofbOrg\"},\"sameAs\":[\"http:\/\/192.168.64.122\/wordpress\"],\"url\":\"https:\/\/www.cofb.org\/es\/author\/wpadmincofborg\/\"}]}<\/script>\n<!-- \/ Yoast SEO plugin. -->","yoast_head_json":{"title":"\u2018Infarma Madrid 2024\u2019 oferir\u00e0 solucions per posar la farm\u00e0cia a l'avantguarda davant els grans desafiaments sanitaris i socials - Col\u00b7legi de Farmac\u00e8utics de Barcelona","robots":{"index":"index","follow":"follow","max-snippet":"max-snippet:-1","max-image-preview":"max-image-preview:large","max-video-preview":"max-video-preview:-1"},"canonical":"https:\/\/novaorg.cofb.net\/2024\/02\/19\/infarma-madrid-2024-oferira-solucions-per-posar-la-farmacia-a-lavantguarda-davant-els-grans-desafiaments-sanitaris-i-socials\/","og_locale":"es_ES","og_type":"article","og_title":"\u2018Infarma Madrid 2024\u2019 oferir\u00e0 solucions per posar la farm\u00e0cia a l'avantguarda davant els grans desafiaments sanitaris i socials - Col\u00b7legi de Farmac\u00e8utics de Barcelona","og_description":"\u00a0 El Congr\u00e9s Europeu de Farm\u00e0cia i Sal\u00f3 de Medicaments i Parafarm\u00e0cia, que organitzen els col\u00b7legis oficials de farmac\u00e8utics de Madrid i Barcelona i CloserStill, reunir\u00e0 m\u00e9s de 30.000 professionals del sector entre el 19 i el 21 de mar\u00e7 a IFEMA El programa cient\u00edfic donar\u00e0 resposta professional a les [&hellip;]","og_url":"https:\/\/novaorg.cofb.net\/2024\/02\/19\/infarma-madrid-2024-oferira-solucions-per-posar-la-farmacia-a-lavantguarda-davant-els-grans-desafiaments-sanitaris-i-socials\/","og_site_name":"Col\u00b7legi de Farmac\u00e8utics de Barcelona","article_publisher":"https:\/\/www.facebook.com\/farmaceuticsbcn\/","article_published_time":"2024-02-19T11:00:00+00:00","article_modified_time":"2024-02-26T10:28:20+00:00","og_image":[{"width":1170,"height":580,"url":"https:\/\/novaorg.cofb.net\/wp-content\/uploads\/2024\/02\/eb2868bb-0668-413b-b08b-7dd189dcb02c-plynXX.jpeg","type":"image\/jpeg"}],"author":"wpAdminCofbOrg","twitter_card":"summary_large_image","twitter_creator":"@farmaceuticsbcn","twitter_site":"@farmaceuticsbcn","twitter_misc":{"Escrito por":"wpAdminCofbOrg","Tiempo de lectura":"9 minutos"},"schema":{"@context":"https:\/\/schema.org","@graph":[{"@type":"Article","@id":"https:\/\/novaorg.cofb.net\/2024\/02\/19\/infarma-madrid-2024-oferira-solucions-per-posar-la-farmacia-a-lavantguarda-davant-els-grans-desafiaments-sanitaris-i-socials\/#article","isPartOf":{"@id":"https:\/\/novaorg.cofb.net\/2024\/02\/19\/infarma-madrid-2024-oferira-solucions-per-posar-la-farmacia-a-lavantguarda-davant-els-grans-desafiaments-sanitaris-i-socials\/"},"author":{"name":"wpAdminCofbOrg","@id":"https:\/\/www.cofb.org\/#\/schema\/person\/22ed7eea88da74b0fa4d3154ad87ffcb"},"headline":"\u2018Infarma Madrid 2024\u2019 oferir\u00e0 solucions per posar la farm\u00e0cia a l&#8217;avantguarda davant els grans desafiaments sanitaris i socials","datePublished":"2024-02-19T11:00:00+00:00","dateModified":"2024-02-26T10:28:20+00:00","mainEntityOfPage":{"@id":"https:\/\/novaorg.cofb.net\/2024\/02\/19\/infarma-madrid-2024-oferira-solucions-per-posar-la-farmacia-a-lavantguarda-davant-els-grans-desafiaments-sanitaris-i-socials\/"},"wordCount":1861,"publisher":{"@id":"https:\/\/www.cofb.org\/#organization"},"image":{"@id":"https:\/\/novaorg.cofb.net\/2024\/02\/19\/infarma-madrid-2024-oferira-solucions-per-posar-la-farmacia-a-lavantguarda-davant-els-grans-desafiaments-sanitaris-i-socials\/#primaryimage"},"thumbnailUrl":"https:\/\/www.cofb.org\/wp-content\/uploads\/2024\/02\/eb2868bb-0668-413b-b08b-7dd189dcb02c-plynXX.jpeg","articleSection":["Notes de premsa"],"inLanguage":"es"},{"@type":"WebPage","@id":"https:\/\/novaorg.cofb.net\/2024\/02\/19\/infarma-madrid-2024-oferira-solucions-per-posar-la-farmacia-a-lavantguarda-davant-els-grans-desafiaments-sanitaris-i-socials\/","url":"https:\/\/novaorg.cofb.net\/2024\/02\/19\/infarma-madrid-2024-oferira-solucions-per-posar-la-farmacia-a-lavantguarda-davant-els-grans-desafiaments-sanitaris-i-socials\/","name":"\u2018Infarma Madrid 2024\u2019 oferir\u00e0 solucions per posar la farm\u00e0cia a l'avantguarda davant els grans desafiaments sanitaris i socials - Col\u00b7legi de Farmac\u00e8utics de Barcelona","isPartOf":{"@id":"https:\/\/www.cofb.org\/#website"},"primaryImageOfPage":{"@id":"https:\/\/novaorg.cofb.net\/2024\/02\/19\/infarma-madrid-2024-oferira-solucions-per-posar-la-farmacia-a-lavantguarda-davant-els-grans-desafiaments-sanitaris-i-socials\/#primaryimage"},"image":{"@id":"https:\/\/novaorg.cofb.net\/2024\/02\/19\/infarma-madrid-2024-oferira-solucions-per-posar-la-farmacia-a-lavantguarda-davant-els-grans-desafiaments-sanitaris-i-socials\/#primaryimage"},"thumbnailUrl":"https:\/\/www.cofb.org\/wp-content\/uploads\/2024\/02\/eb2868bb-0668-413b-b08b-7dd189dcb02c-plynXX.jpeg","datePublished":"2024-02-19T11:00:00+00:00","dateModified":"2024-02-26T10:28:20+00:00","breadcrumb":{"@id":"https:\/\/novaorg.cofb.net\/2024\/02\/19\/infarma-madrid-2024-oferira-solucions-per-posar-la-farmacia-a-lavantguarda-davant-els-grans-desafiaments-sanitaris-i-socials\/#breadcrumb"},"inLanguage":"es","potentialAction":[{"@type":"ReadAction","target":["https:\/\/novaorg.cofb.net\/2024\/02\/19\/infarma-madrid-2024-oferira-solucions-per-posar-la-farmacia-a-lavantguarda-davant-els-grans-desafiaments-sanitaris-i-socials\/"]}]},{"@type":"ImageObject","inLanguage":"es","@id":"https:\/\/novaorg.cofb.net\/2024\/02\/19\/infarma-madrid-2024-oferira-solucions-per-posar-la-farmacia-a-lavantguarda-davant-els-grans-desafiaments-sanitaris-i-socials\/#primaryimage","url":"https:\/\/www.cofb.org\/wp-content\/uploads\/2024\/02\/eb2868bb-0668-413b-b08b-7dd189dcb02c-plynXX.jpeg","contentUrl":"https:\/\/www.cofb.org\/wp-content\/uploads\/2024\/02\/eb2868bb-0668-413b-b08b-7dd189dcb02c-plynXX.jpeg","width":1170,"height":580},{"@type":"BreadcrumbList","@id":"https:\/\/novaorg.cofb.net\/2024\/02\/19\/infarma-madrid-2024-oferira-solucions-per-posar-la-farmacia-a-lavantguarda-davant-els-grans-desafiaments-sanitaris-i-socials\/#breadcrumb","itemListElement":[{"@type":"ListItem","position":1,"name":"Inici","item":"https:\/\/novaorg.cofb.net\/"},{"@type":"ListItem","position":2,"name":"\u2018Infarma Madrid 2024\u2019 oferir\u00e0 solucions per posar la farm\u00e0cia a l&#8217;avantguarda davant els grans desafiaments sanitaris i socials"}]},{"@type":"WebSite","@id":"https:\/\/www.cofb.org\/#website","url":"https:\/\/www.cofb.org\/","name":"Col\u00b7legi de Farmac\u00e8utics de Barcelona","description":"","publisher":{"@id":"https:\/\/www.cofb.org\/#organization"},"potentialAction":[{"@type":"SearchAction","target":{"@type":"EntryPoint","urlTemplate":"https:\/\/www.cofb.org\/?s={search_term_string}"},"query-input":"required name=search_term_string"}],"inLanguage":"es"},{"@type":"Organization","@id":"https:\/\/www.cofb.org\/#organization","name":"Col\u00b7legi de Farmac\u00e8utics de Barcelona","url":"https:\/\/www.cofb.org\/","logo":{"@type":"ImageObject","inLanguage":"es","@id":"https:\/\/www.cofb.org\/#\/schema\/logo\/image\/","url":"https:\/\/www.cofb.org\/wp-content\/uploads\/2023\/11\/cropped-Logotip-COFB.png","contentUrl":"https:\/\/www.cofb.org\/wp-content\/uploads\/2023\/11\/cropped-Logotip-COFB.png","width":500,"height":105,"caption":"Col\u00b7legi de Farmac\u00e8utics de Barcelona"},"image":{"@id":"https:\/\/www.cofb.org\/#\/schema\/logo\/image\/"},"sameAs":["https:\/\/www.facebook.com\/farmaceuticsbcn\/","https:\/\/twitter.com\/farmaceuticsbcn","https:\/\/www.instagram.com\/farmaceuticsbcn\/","https:\/\/www.linkedin.com\/company\/farmaceuticsbcn\/"]},{"@type":"Person","@id":"https:\/\/www.cofb.org\/#\/schema\/person\/22ed7eea88da74b0fa4d3154ad87ffcb","name":"wpAdminCofbOrg","image":{"@type":"ImageObject","inLanguage":"es","@id":"https:\/\/www.cofb.org\/#\/schema\/person\/image\/","url":"https:\/\/secure.gravatar.com\/avatar\/1721b20b3b8ca882c3b56ec6c978c594fff670e40c0718e9190eaeeb76aae7d8?s=96&d=mm&r=g","contentUrl":"https:\/\/secure.gravatar.com\/avatar\/1721b20b3b8ca882c3b56ec6c978c594fff670e40c0718e9190eaeeb76aae7d8?s=96&d=mm&r=g","caption":"wpAdminCofbOrg"},"sameAs":["http:\/\/192.168.64.122\/wordpress"],"url":"https:\/\/www.cofb.org\/es\/author\/wpadmincofborg\/"}]}},"uagb_featured_image_src":{"full":["https:\/\/www.cofb.org\/wp-content\/uploads\/2024\/02\/eb2868bb-0668-413b-b08b-7dd189dcb02c-plynXX.jpeg",1170,580,false],"thumbnail":["https:\/\/www.cofb.org\/wp-content\/uploads\/2024\/02\/eb2868bb-0668-413b-b08b-7dd189dcb02c-plynXX-150x150.jpeg",150,150,true],"medium":["https:\/\/www.cofb.org\/wp-content\/uploads\/2024\/02\/eb2868bb-0668-413b-b08b-7dd189dcb02c-plynXX-300x149.jpeg",300,149,true],"medium_large":["https:\/\/www.cofb.org\/wp-content\/uploads\/2024\/02\/eb2868bb-0668-413b-b08b-7dd189dcb02c-plynXX-768x381.jpeg",768,381,true],"large":["https:\/\/www.cofb.org\/wp-content\/uploads\/2024\/02\/eb2868bb-0668-413b-b08b-7dd189dcb02c-plynXX-1024x508.jpeg",1024,508,true],"1536x1536":["https:\/\/www.cofb.org\/wp-content\/uploads\/2024\/02\/eb2868bb-0668-413b-b08b-7dd189dcb02c-plynXX.jpeg",1170,580,false],"2048x2048":["https:\/\/www.cofb.org\/wp-content\/uploads\/2024\/02\/eb2868bb-0668-413b-b08b-7dd189dcb02c-plynXX.jpeg",1170,580,false],"trp-custom-language-flag":["https:\/\/www.cofb.org\/wp-content\/uploads\/2024\/02\/eb2868bb-0668-413b-b08b-7dd189dcb02c-plynXX-18x9.jpeg",18,9,true]},"uagb_author_info":{"display_name":"wpAdminCofbOrg","author_link":"https:\/\/www.cofb.org\/es\/author\/wpadmincofborg\/"},"uagb_comment_info":0,"uagb_excerpt":"\u00a0 El Congr\u00e9s Europeu de Farm\u00e0cia i Sal\u00f3 de Medicaments i Parafarm\u00e0cia, que organitzen els col\u00b7legis oficials de farmac\u00e8utics de Madrid i Barcelona i CloserStill, reunir\u00e0 m\u00e9s de 30.000 professionals del sector entre el 19 i el 21 de mar\u00e7 a IFEMA El programa cient\u00edfic donar\u00e0 resposta professional a les [&hellip;]","_links":{"self":[{"href":"https:\/\/www.cofb.org\/es\/wp-json\/wp\/v2\/posts\/76899","targetHints":{"allow":["GET"]}}],"collection":[{"href":"https:\/\/www.cofb.org\/es\/wp-json\/wp\/v2\/posts"}],"about":[{"href":"https:\/\/www.cofb.org\/es\/wp-json\/wp\/v2\/types\/post"}],"author":[{"embeddable":true,"href":"https:\/\/www.cofb.org\/es\/wp-json\/wp\/v2\/users\/1"}],"replies":[{"embeddable":true,"href":"https:\/\/www.cofb.org\/es\/wp-json\/wp\/v2\/comments?post=76899"}],"version-history":[{"count":1,"href":"https:\/\/www.cofb.org\/es\/wp-json\/wp\/v2\/posts\/76899\/revisions"}],"predecessor-version":[{"id":77679,"href":"https:\/\/www.cofb.org\/es\/wp-json\/wp\/v2\/posts\/76899\/revisions\/77679"}],"wp:featuredmedia":[{"embeddable":true,"href":"https:\/\/www.cofb.org\/es\/wp-json\/wp\/v2\/media\/76839"}],"wp:attachment":[{"href":"https:\/\/www.cofb.org\/es\/wp-json\/wp\/v2\/media?parent=76899"}],"wp:term":[{"taxonomy":"category","embeddable":true,"href":"https:\/\/www.cofb.org\/es\/wp-json\/wp\/v2\/categories?post=76899"},{"taxonomy":"post_tag","embeddable":true,"href":"https:\/\/www.cofb.org\/es\/wp-json\/wp\/v2\/tags?post=76899"}],"curies":[{"name":"wp","href":"https:\/\/api.w.org\/{rel}","templated":true}]}}