{"id":76898,"date":"2024-02-22T10:34:00","date_gmt":"2024-02-22T10:34:00","guid":{"rendered":"https:\/\/novaorg.cofb.net\/2024\/02\/22\/infarma-madrid-2024-presentara-24-iniciatives-dexit-de-la-farmacia-per-millorar-la-gestio-i-latencio-dels-pacients\/"},"modified":"2024-02-26T10:03:35","modified_gmt":"2024-02-26T10:03:35","slug":"infarma-madrid-2024-presentara-24-iniciatives-dexit-de-la-farmacia-per-millorar-la-gestio-i-latencio-dels-pacients","status":"publish","type":"post","link":"https:\/\/www.cofb.org\/es\/2024\/02\/22\/infarma-madrid-2024-presentara-24-iniciatives-dexit-de-la-farmacia-per-millorar-la-gestio-i-latencio-dels-pacients\/","title":{"rendered":"&#039;Infarma Madrid 2024&#039; presentar\u00e1 24 iniciativas de \u00e9xito de la farmacia para mejorar la gesti\u00f3n y la atenci\u00f3n de los pacientes"},"content":{"rendered":"<p>\u00a0<\/p>\n<ul>\n<li>Son experiencias reales que han contribuido a reforzar el valor sanitario y social del farmac\u00e9utico y que se analizar\u00e1n con sus impulsores con el fin de que puedan replicarse en otras farmacias<\/li>\n<li>La aplicaci\u00f3n de nuevas tecnolog\u00edas como la inteligencia artificial, la implantaci\u00f3n de servicios farmac\u00e9uticos de prevenci\u00f3n o educaci\u00f3n para la salud o el uso de las redes sociales, entre las propuestas que se expondr\u00e1n el 21 de marzo<\/li>\n<\/ul>\n<p><img decoding=\"async\" alt=\"\" src=\"https:\/\/www.cofb.org\/documents\/10136\/1091470\/COFB_Iniciatives+d%27%C3%A8xit+2024_22022024_2.jpg\/61fb678b-475d-4565-8012-c313a9d32faa?t=1708601576681\"><\/p>\n<p><em>Barcelona, 22 de febrero de 2024.-<\/em>\u00a0<strong>Infarma Madrid 2024<\/strong> acoger\u00e1 las<strong> Iniciativas de \u00e9xito de la farmacia<\/strong>, un espacio donde se presentar\u00e1 una selecci\u00f3n de los <strong>mejores proyectos y experiencias desarrolladas por los farmac\u00e9uticos de la farmacia comunitaria en Espa\u00f1a<\/strong> para potenciar el cuidado y la salud de los ciudadanos y reforzar la gesti\u00f3n de las oficinas de farmacia.<\/p>\n<p>La aplicaci\u00f3n de la<strong> inteligencia artificial <\/strong>para optimizar la gesti\u00f3n de medicamentos y mejorar la adherencia terap\u00e9utica o el uso de la<strong> impresi\u00f3n 3D<\/strong> en la elaboraci\u00f3n de comprimidos; el control y seguimiento de enfermedades cr\u00f3nicas como la diabetes, la <strong>hipercolesterolemia <\/strong>) <strong>hipertensi\u00f3n <\/strong>a trav\u00e9s del uso de los <strong>probi\u00f3ticos <\/strong>y la <strong>crononutrici\u00f3n<\/strong>; el abordaje de enfermedades de <strong>salud mental<\/strong> mediante farmacoterapia y psicoterapia, o los pasos necesarios para implantar un <strong>servicio farmac\u00e9utico asistencial <\/strong>para medir, por ejemplo, el s\u00edndrome metab\u00f3lico o acometer la robotizaci\u00f3n de la farmacia ser\u00e1n algunos de los casos pr\u00e1cticos expuestos dentro del <strong>Congreso Europeo de Farmacia<\/strong> y <strong>Sal\u00f3n de Medicamentos y Parafarmacia<\/strong>, que organizan los <strong>colegios oficiales de farmac\u00e9uticos de Madrid y Barcelona<\/strong>, en colaboraci\u00f3n con <strong>CloserStill<\/strong>, en el recinto ferial de<strong>IFEMA Madrid <\/strong>del <strong>19 al 21 de marzo.<\/strong><\/p>\n<p>\u201cIniciativas de \u00e9xito nos ofrece la oportunidad de conocer propuestas profesionales y experiencias de gesti\u00f3n o colaboraci\u00f3n impulsadas por farmac\u00e9uticos que han decidido innovar en las diferentes \u00e1reas de gesti\u00f3n o de la farmacia asistencial con proyectos \u00fatiles, que pueden ser aplicables por otros farmac\u00e9uticos en beneficio de los pacientes\u201d, explica <strong>Jos\u00e9 Manuel Becerra<\/strong>, director del Congreso y vocal de Titulares de Oficina de Farmacia del Colegio Oficial de Farmac\u00e9uticos de Madrid.<\/p>\n<p>En total, se han seleccionado <strong>24 iniciativas<\/strong> centradas en el desarrollo de la farmacia asistencial y la gesti\u00f3n de la oficina de farmacia, lo que supone casi doblar los trabajos presentados en la edici\u00f3n anterior de Infarma.<\/p>\n<p>Entre las<strong> exposiciones previstas<\/strong>, habr\u00e1 espacio para nuevos proyectos de prevenci\u00f3n y cribado de enfermedades como el ictus o la EPOC desde la farmacia comunitaria, educaci\u00f3n para la salud en municipios rurales de Castilla y Le\u00f3n y gu\u00edas de comunicaci\u00f3n en casos de atenci\u00f3n a la poblaci\u00f3n inmigrante marroqu\u00ed o de uso de redes sociales, podcast y marketing digital, entre otros.<\/p>\n<p>Las <a href=\"https:\/\/www.infarma.es\/iniciativas-de-exito-2024\/\" target=\"_blank\" rel=\"noopener\">propuestas seleccionadas<\/a> se presentar\u00e1n a lo largo de la ma\u00f1ana del 21 de marzo en el espacio congresual de<strong>\u00c1gora Sanitaria<\/strong>, donde los impulsores de las iniciativas las expondr\u00e1n y analizar\u00e1n junto a los farmac\u00e9uticos asistentes, con el fin primordial de que puedan ser aprovechadas por ellos en sus propias farmacias.<\/p>\n<p><a href=\"https:\/\/www.infarma.es\/iniciativas-de-exito-2024\/\" target=\"_blank\" rel=\"noopener\">Infarma Madrid 2024<\/a> acoger\u00e1 a cerca de 3.500 congresistas, m\u00e1s de 34.000 profesionales del mundo de la farmacia y 300 expositores durante tres d\u00edas, del 19 al 21 de marzo, en los pabellones 1, 3 y 5 de IFEMA Madrid.<\/p>\n<p>\u00a0Son experiencias reales que han contribuido a reforzar el valor sanitario y social del farmac\u00e9utico y que se analizar\u00e1n con sus impulsores con el fin de que puedan replicarse en otras farmacias<br \/>\n\tLa aplicaci\u00f3n de nuevas tecnolog\u00edas como la inteligencia artificial, la implantaci\u00f3n de servicios farmac\u00e9uticos de prevenci\u00f3n o educaci\u00f3n para la salud o el uso de las redes sociales, entre las propuestas que se expondr\u00e1n el 21 de marzo<\/p>\n<p>Barcelona, 22 de febrero de 2024.- Infarma Madrid 2024 acoger\u00e1 las Iniciativas de \u00e9xito de la farmacia, un espacio donde se presentar\u00e1 una selecci\u00f3n de los mejores proyectos y experiencias desarrolladas por los farmac\u00e9uticos de la farmacia comunitaria en Espa\u00f1a para potenciar el cuidado y la salud de los ciudadanos y reforzar la gesti\u00f3n de las oficinas de farmacia.<\/p>\n<p>La aplicaci\u00f3n de la inteligencia artificial para optimizar la gesti\u00f3n de medicamentos y mejorar el agarre terap\u00e9utico o el uso de la impresi\u00f3n 3D en la elaboraci\u00f3n de comprimidos; el control y seguimiento de enfermedades cr\u00f3nicas como la diabetes, la hipercolesterolemia o la hipertensi\u00f3n a trav\u00e9s del uso de los probi\u00f3ticos y la crononutrici\u00f3n; el abordaje de enfermedades de salud mental mediante farmacoterapia y psicoterapia, o los pasos necesarios para implantar un servicio farmac\u00e9utico asistencial para medir, por ejemplo, el s\u00edndrome metab\u00f3lico o acometer la robotizaci\u00f3n de la farmacia ser\u00e1n algunos de los casos pr\u00e1cticos expuestos dentro del Congreso Europeo de Farmacia y Sal\u00f3n de Medicamentos y Parafarmacia, que organizan los colegios oficiales de farmac\u00e9uticos de Madrid y Barcelona, en colaboraci\u00f3n con CloserStill, en el recinto ferial de IFEMA Madrid del 19 al 21 de marzo.<\/p>\n<p>\u201cIniciativas de \u00e9xito nos ofrece la oportunidad de conocer propuestas profesionales y experiencias de gesti\u00f3n o colaboraci\u00f3n impulsadas por farmac\u00e9uticos que han decidido innovar en las diferentes \u00e1reas de gesti\u00f3n o de la farmacia asistencial con proyectos \u00fatiles, que pueden ser aplicables por otros farmac\u00e9uticos en beneficio de los pacientes\u201d, explica Jos\u00e9 Manuel Becerra, director del Congreso y vocal de Titulares de Oficina de Farmacia del Colegio Oficial de Farmac\u00e9uticos de Madrid.<\/p>\n<p>En total, se han seleccionado 24 iniciativas centradas en el desarrollo de la farmacia asistencial y la gesti\u00f3n de la oficina de farmacia, lo que supone casi doblar los trabajos presentados en la edici\u00f3n anterior de Infarma.<\/p>\n<p>Entre las exposiciones previstas, habr\u00e1 espacio para nuevos proyectos de prevenci\u00f3n y cribado de enfermedades como el ictus o la EPOC desde la farmacia comunitaria, educaci\u00f3n para la salud en municipios rurales de Castilla y Le\u00f3n y gu\u00edas de comunicaci\u00f3n en casos de atenci\u00f3n a la poblaci\u00f3n inmigrante marroqu\u00ed o de uso de redes sociales, podcast y marketing digital, entre otros.<\/p>\n<p>Las propuestas seleccionadas se presentar\u00e1n a lo largo de la ma\u00f1ana del 21 de marzo en el espacio congresual de \u00c1gora Sanitaria, donde los impulsores de las iniciativas las expondr\u00e1n y analizar\u00e1n junto a los farmac\u00e9uticos asistentes, con el fin primordial de que puedan ser aprovechadas por ellos en sus propias farmacias.<\/p>\n<p>Infarma Madrid 2024 acoger\u00e1 a cerca de 3.500 congresistas, m\u00e1s de 34.000 profesionales del mundo de la farmacia y 300 expositores durante tres d\u00edas, del 19 al 21 de marzo, en los pabellones 1, 3 y 5 de IFEMA Madrid. COFB.ORG<\/p>","protected":false},"excerpt":{"rendered":"<p>\u00a0 Son experiencias reales que han contribuido a reforzar el valor sanitario y social del farmac\u00e9utico y que se analizar\u00e1n con sus impulsores con el fin de que puedan replicarse en otras farmacias. La aplicaci\u00f3n de nuevas tecnolog\u00edas como la inteligencia artificial, la implantaci\u00f3n de servicios farmac\u00e9uticos de prevenci\u00f3n o educaci\u00f3n por [\u2026]<\/p>","protected":false},"author":1,"featured_media":76809,"comment_status":"closed","ping_status":"","sticky":false,"template":"","format":"aside","meta":{"_uag_custom_page_level_css":"","site-sidebar-layout":"default","site-content-layout":"","ast-site-content-layout":"default","site-content-style":"default","site-sidebar-style":"default","ast-global-header-display":"","ast-banner-title-visibility":"","ast-main-header-display":"","ast-hfb-above-header-display":"","ast-hfb-below-header-display":"","ast-hfb-mobile-header-display":"","site-post-title":"","ast-breadcrumbs-content":"","ast-featured-img":"disabled","footer-sml-layout":"","theme-transparent-header-meta":"","adv-header-id-meta":"","stick-header-meta":"","header-above-stick-meta":"","header-main-stick-meta":"","header-below-stick-meta":"","astra-migrate-meta-layouts":"set","ast-page-background-enabled":"default","ast-page-background-meta":{"desktop":{"background-color":"var(--ast-global-color-4)","background-image":"","background-repeat":"repeat","background-position":"center center","background-size":"auto","background-attachment":"scroll","background-type":"","background-media":"","overlay-type":"","overlay-color":"","overlay-opacity":"","overlay-gradient":""},"tablet":{"background-color":"","background-image":"","background-repeat":"repeat","background-position":"center center","background-size":"auto","background-attachment":"scroll","background-type":"","background-media":"","overlay-type":"","overlay-color":"","overlay-opacity":"","overlay-gradient":""},"mobile":{"background-color":"","background-image":"","background-repeat":"repeat","background-position":"center center","background-size":"auto","background-attachment":"scroll","background-type":"","background-media":"","overlay-type":"","overlay-color":"","overlay-opacity":"","overlay-gradient":""}},"ast-content-background-meta":{"desktop":{"background-color":"var(--ast-global-color-5)","background-image":"","background-repeat":"repeat","background-position":"center center","background-size":"auto","background-attachment":"scroll","background-type":"","background-media":"","overlay-type":"","overlay-color":"","overlay-opacity":"","overlay-gradient":""},"tablet":{"background-color":"var(--ast-global-color-5)","background-image":"","background-repeat":"repeat","background-position":"center center","background-size":"auto","background-attachment":"scroll","background-type":"","background-media":"","overlay-type":"","overlay-color":"","overlay-opacity":"","overlay-gradient":""},"mobile":{"background-color":"var(--ast-global-color-5)","background-image":"","background-repeat":"repeat","background-position":"center center","background-size":"auto","background-attachment":"scroll","background-type":"","background-media":"","overlay-type":"","overlay-color":"","overlay-opacity":"","overlay-gradient":""}},"footnotes":""},"categories":[1060],"tags":[],"class_list":["post-76898","post","type-post","status-publish","format-aside","has-post-thumbnail","hentry","category-notes-premsa","post_format-post-format-aside"],"yoast_head":"<!-- This site is optimized with the Yoast SEO plugin v22.4 - https:\/\/yoast.com\/wordpress\/plugins\/seo\/ -->\n<title>\u2018Infarma Madrid 2024\u2019 presentar\u00e0 24 iniciatives d&#039;\u00e8xit de la farm\u00e0cia per millorar la gesti\u00f3 i l&#039;atenci\u00f3 dels pacients - Col\u00b7legi de Farmac\u00e8utics de Barcelona<\/title>\n<meta name=\"robots\" content=\"index, follow, max-snippet:-1, max-image-preview:large, max-video-preview:-1\" \/>\n<link rel=\"canonical\" href=\"https:\/\/novaorg.cofb.net\/2024\/02\/22\/infarma-madrid-2024-presentara-24-iniciatives-dexit-de-la-farmacia-per-millorar-la-gestio-i-latencio-dels-pacients\/\" \/>\n<meta property=\"og:locale\" content=\"es_ES\" \/>\n<meta property=\"og:type\" content=\"article\" \/>\n<meta property=\"og:title\" content=\"\u2018Infarma Madrid 2024\u2019 presentar\u00e0 24 iniciatives d&#039;\u00e8xit de la farm\u00e0cia per millorar la gesti\u00f3 i l&#039;atenci\u00f3 dels pacients - Col\u00b7legi de Farmac\u00e8utics de Barcelona\" \/>\n<meta property=\"og:description\" content=\"\u00a0 S\u00f3n experi\u00e8ncies reals que han contribu\u00eft a refor\u00e7ar el valor sanitari i social del farmac\u00e8utic i que s&#8217;analitzaran amb els seus impulsors amb la finalitat que puguin replicar-se en altres farm\u00e0cies L&#8217;aplicaci\u00f3 de noves tecnologies com la intel\u00b7lig\u00e8ncia artificial, la implantaci\u00f3 de serveis farmac\u00e8utics de prevenci\u00f3 o educaci\u00f3 per [&hellip;]\" \/>\n<meta property=\"og:url\" content=\"https:\/\/novaorg.cofb.net\/2024\/02\/22\/infarma-madrid-2024-presentara-24-iniciatives-dexit-de-la-farmacia-per-millorar-la-gestio-i-latencio-dels-pacients\/\" \/>\n<meta property=\"og:site_name\" content=\"Col\u00b7legi de Farmac\u00e8utics de Barcelona\" \/>\n<meta property=\"article:publisher\" content=\"https:\/\/www.facebook.com\/farmaceuticsbcn\/\" \/>\n<meta property=\"article:published_time\" content=\"2024-02-22T10:34:00+00:00\" \/>\n<meta property=\"article:modified_time\" content=\"2024-02-26T10:03:35+00:00\" \/>\n<meta property=\"og:image\" content=\"https:\/\/novaorg.cofb.net\/wp-content\/uploads\/2024\/02\/61fb678b-475d-4565-8012-c313a9d32faa-PhCNiH.jpeg\" \/>\n\t<meta property=\"og:image:width\" content=\"1181\" \/>\n\t<meta property=\"og:image:height\" content=\"500\" \/>\n\t<meta property=\"og:image:type\" content=\"image\/jpeg\" \/>\n<meta name=\"author\" content=\"wpAdminCofbOrg\" \/>\n<meta name=\"twitter:card\" content=\"summary_large_image\" \/>\n<meta name=\"twitter:creator\" content=\"@farmaceuticsbcn\" \/>\n<meta name=\"twitter:site\" content=\"@farmaceuticsbcn\" \/>\n<meta name=\"twitter:label1\" content=\"Escrito por\" \/>\n\t<meta name=\"twitter:data1\" content=\"wpAdminCofbOrg\" \/>\n\t<meta name=\"twitter:label2\" content=\"Tiempo de lectura\" \/>\n\t<meta name=\"twitter:data2\" content=\"6 minutos\" \/>\n<script type=\"application\/ld+json\" class=\"yoast-schema-graph\">{\"@context\":\"https:\/\/schema.org\",\"@graph\":[{\"@type\":\"Article\",\"@id\":\"https:\/\/novaorg.cofb.net\/2024\/02\/22\/infarma-madrid-2024-presentara-24-iniciatives-dexit-de-la-farmacia-per-millorar-la-gestio-i-latencio-dels-pacients\/#article\",\"isPartOf\":{\"@id\":\"https:\/\/novaorg.cofb.net\/2024\/02\/22\/infarma-madrid-2024-presentara-24-iniciatives-dexit-de-la-farmacia-per-millorar-la-gestio-i-latencio-dels-pacients\/\"},\"author\":{\"name\":\"wpAdminCofbOrg\",\"@id\":\"https:\/\/www.cofb.org\/#\/schema\/person\/22ed7eea88da74b0fa4d3154ad87ffcb\"},\"headline\":\"\u2018Infarma Madrid 2024\u2019 presentar\u00e0 24 iniciatives d&#8217;\u00e8xit de la farm\u00e0cia per millorar la gesti\u00f3 i l&#8217;atenci\u00f3 dels pacients\",\"datePublished\":\"2024-02-22T10:34:00+00:00\",\"dateModified\":\"2024-02-26T10:03:35+00:00\",\"mainEntityOfPage\":{\"@id\":\"https:\/\/novaorg.cofb.net\/2024\/02\/22\/infarma-madrid-2024-presentara-24-iniciatives-dexit-de-la-farmacia-per-millorar-la-gestio-i-latencio-dels-pacients\/\"},\"wordCount\":1157,\"publisher\":{\"@id\":\"https:\/\/www.cofb.org\/#organization\"},\"image\":{\"@id\":\"https:\/\/novaorg.cofb.net\/2024\/02\/22\/infarma-madrid-2024-presentara-24-iniciatives-dexit-de-la-farmacia-per-millorar-la-gestio-i-latencio-dels-pacients\/#primaryimage\"},\"thumbnailUrl\":\"https:\/\/www.cofb.org\/wp-content\/uploads\/2024\/02\/61fb678b-475d-4565-8012-c313a9d32faa-PhCNiH.jpeg\",\"articleSection\":[\"Notes de premsa\"],\"inLanguage\":\"es\"},{\"@type\":\"WebPage\",\"@id\":\"https:\/\/novaorg.cofb.net\/2024\/02\/22\/infarma-madrid-2024-presentara-24-iniciatives-dexit-de-la-farmacia-per-millorar-la-gestio-i-latencio-dels-pacients\/\",\"url\":\"https:\/\/novaorg.cofb.net\/2024\/02\/22\/infarma-madrid-2024-presentara-24-iniciatives-dexit-de-la-farmacia-per-millorar-la-gestio-i-latencio-dels-pacients\/\",\"name\":\"\u2018Infarma Madrid 2024\u2019 presentar\u00e0 24 iniciatives d'\u00e8xit de la farm\u00e0cia per millorar la gesti\u00f3 i l'atenci\u00f3 dels pacients - Col\u00b7legi de Farmac\u00e8utics de Barcelona\",\"isPartOf\":{\"@id\":\"https:\/\/www.cofb.org\/#website\"},\"primaryImageOfPage\":{\"@id\":\"https:\/\/novaorg.cofb.net\/2024\/02\/22\/infarma-madrid-2024-presentara-24-iniciatives-dexit-de-la-farmacia-per-millorar-la-gestio-i-latencio-dels-pacients\/#primaryimage\"},\"image\":{\"@id\":\"https:\/\/novaorg.cofb.net\/2024\/02\/22\/infarma-madrid-2024-presentara-24-iniciatives-dexit-de-la-farmacia-per-millorar-la-gestio-i-latencio-dels-pacients\/#primaryimage\"},\"thumbnailUrl\":\"https:\/\/www.cofb.org\/wp-content\/uploads\/2024\/02\/61fb678b-475d-4565-8012-c313a9d32faa-PhCNiH.jpeg\",\"datePublished\":\"2024-02-22T10:34:00+00:00\",\"dateModified\":\"2024-02-26T10:03:35+00:00\",\"breadcrumb\":{\"@id\":\"https:\/\/novaorg.cofb.net\/2024\/02\/22\/infarma-madrid-2024-presentara-24-iniciatives-dexit-de-la-farmacia-per-millorar-la-gestio-i-latencio-dels-pacients\/#breadcrumb\"},\"inLanguage\":\"es\",\"potentialAction\":[{\"@type\":\"ReadAction\",\"target\":[\"https:\/\/novaorg.cofb.net\/2024\/02\/22\/infarma-madrid-2024-presentara-24-iniciatives-dexit-de-la-farmacia-per-millorar-la-gestio-i-latencio-dels-pacients\/\"]}]},{\"@type\":\"ImageObject\",\"inLanguage\":\"es\",\"@id\":\"https:\/\/novaorg.cofb.net\/2024\/02\/22\/infarma-madrid-2024-presentara-24-iniciatives-dexit-de-la-farmacia-per-millorar-la-gestio-i-latencio-dels-pacients\/#primaryimage\",\"url\":\"https:\/\/www.cofb.org\/wp-content\/uploads\/2024\/02\/61fb678b-475d-4565-8012-c313a9d32faa-PhCNiH.jpeg\",\"contentUrl\":\"https:\/\/www.cofb.org\/wp-content\/uploads\/2024\/02\/61fb678b-475d-4565-8012-c313a9d32faa-PhCNiH.jpeg\",\"width\":1181,\"height\":500},{\"@type\":\"BreadcrumbList\",\"@id\":\"https:\/\/novaorg.cofb.net\/2024\/02\/22\/infarma-madrid-2024-presentara-24-iniciatives-dexit-de-la-farmacia-per-millorar-la-gestio-i-latencio-dels-pacients\/#breadcrumb\",\"itemListElement\":[{\"@type\":\"ListItem\",\"position\":1,\"name\":\"Inici\",\"item\":\"https:\/\/novaorg.cofb.net\/\"},{\"@type\":\"ListItem\",\"position\":2,\"name\":\"\u2018Infarma Madrid 2024\u2019 presentar\u00e0 24 iniciatives d&#8217;\u00e8xit de la farm\u00e0cia per millorar la gesti\u00f3 i l&#8217;atenci\u00f3 dels pacients\"}]},{\"@type\":\"WebSite\",\"@id\":\"https:\/\/www.cofb.org\/#website\",\"url\":\"https:\/\/www.cofb.org\/\",\"name\":\"Col\u00b7legi de Farmac\u00e8utics de Barcelona\",\"description\":\"\",\"publisher\":{\"@id\":\"https:\/\/www.cofb.org\/#organization\"},\"potentialAction\":[{\"@type\":\"SearchAction\",\"target\":{\"@type\":\"EntryPoint\",\"urlTemplate\":\"https:\/\/www.cofb.org\/?s={search_term_string}\"},\"query-input\":\"required name=search_term_string\"}],\"inLanguage\":\"es\"},{\"@type\":\"Organization\",\"@id\":\"https:\/\/www.cofb.org\/#organization\",\"name\":\"Col\u00b7legi de Farmac\u00e8utics de Barcelona\",\"url\":\"https:\/\/www.cofb.org\/\",\"logo\":{\"@type\":\"ImageObject\",\"inLanguage\":\"es\",\"@id\":\"https:\/\/www.cofb.org\/#\/schema\/logo\/image\/\",\"url\":\"https:\/\/www.cofb.org\/wp-content\/uploads\/2023\/11\/cropped-Logotip-COFB.png\",\"contentUrl\":\"https:\/\/www.cofb.org\/wp-content\/uploads\/2023\/11\/cropped-Logotip-COFB.png\",\"width\":500,\"height\":105,\"caption\":\"Col\u00b7legi de Farmac\u00e8utics de Barcelona\"},\"image\":{\"@id\":\"https:\/\/www.cofb.org\/#\/schema\/logo\/image\/\"},\"sameAs\":[\"https:\/\/www.facebook.com\/farmaceuticsbcn\/\",\"https:\/\/twitter.com\/farmaceuticsbcn\",\"https:\/\/www.instagram.com\/farmaceuticsbcn\/\",\"https:\/\/www.linkedin.com\/company\/farmaceuticsbcn\/\"]},{\"@type\":\"Person\",\"@id\":\"https:\/\/www.cofb.org\/#\/schema\/person\/22ed7eea88da74b0fa4d3154ad87ffcb\",\"name\":\"wpAdminCofbOrg\",\"image\":{\"@type\":\"ImageObject\",\"inLanguage\":\"es\",\"@id\":\"https:\/\/www.cofb.org\/#\/schema\/person\/image\/\",\"url\":\"https:\/\/secure.gravatar.com\/avatar\/1721b20b3b8ca882c3b56ec6c978c594fff670e40c0718e9190eaeeb76aae7d8?s=96&d=mm&r=g\",\"contentUrl\":\"https:\/\/secure.gravatar.com\/avatar\/1721b20b3b8ca882c3b56ec6c978c594fff670e40c0718e9190eaeeb76aae7d8?s=96&d=mm&r=g\",\"caption\":\"wpAdminCofbOrg\"},\"sameAs\":[\"http:\/\/192.168.64.122\/wordpress\"],\"url\":\"https:\/\/www.cofb.org\/es\/author\/wpadmincofborg\/\"}]}<\/script>\n<!-- \/ Yoast SEO plugin. -->","yoast_head_json":{"title":"\u2018Infarma Madrid 2024\u2019 presentar\u00e0 24 iniciatives d'\u00e8xit de la farm\u00e0cia per millorar la gesti\u00f3 i l'atenci\u00f3 dels pacients - Col\u00b7legi de Farmac\u00e8utics de Barcelona","robots":{"index":"index","follow":"follow","max-snippet":"max-snippet:-1","max-image-preview":"max-image-preview:large","max-video-preview":"max-video-preview:-1"},"canonical":"https:\/\/novaorg.cofb.net\/2024\/02\/22\/infarma-madrid-2024-presentara-24-iniciatives-dexit-de-la-farmacia-per-millorar-la-gestio-i-latencio-dels-pacients\/","og_locale":"es_ES","og_type":"article","og_title":"\u2018Infarma Madrid 2024\u2019 presentar\u00e0 24 iniciatives d'\u00e8xit de la farm\u00e0cia per millorar la gesti\u00f3 i l'atenci\u00f3 dels pacients - Col\u00b7legi de Farmac\u00e8utics de Barcelona","og_description":"\u00a0 S\u00f3n experi\u00e8ncies reals que han contribu\u00eft a refor\u00e7ar el valor sanitari i social del farmac\u00e8utic i que s&#8217;analitzaran amb els seus impulsors amb la finalitat que puguin replicar-se en altres farm\u00e0cies L&#8217;aplicaci\u00f3 de noves tecnologies com la intel\u00b7lig\u00e8ncia artificial, la implantaci\u00f3 de serveis farmac\u00e8utics de prevenci\u00f3 o educaci\u00f3 per [&hellip;]","og_url":"https:\/\/novaorg.cofb.net\/2024\/02\/22\/infarma-madrid-2024-presentara-24-iniciatives-dexit-de-la-farmacia-per-millorar-la-gestio-i-latencio-dels-pacients\/","og_site_name":"Col\u00b7legi de Farmac\u00e8utics de Barcelona","article_publisher":"https:\/\/www.facebook.com\/farmaceuticsbcn\/","article_published_time":"2024-02-22T10:34:00+00:00","article_modified_time":"2024-02-26T10:03:35+00:00","og_image":[{"width":1181,"height":500,"url":"https:\/\/novaorg.cofb.net\/wp-content\/uploads\/2024\/02\/61fb678b-475d-4565-8012-c313a9d32faa-PhCNiH.jpeg","type":"image\/jpeg"}],"author":"wpAdminCofbOrg","twitter_card":"summary_large_image","twitter_creator":"@farmaceuticsbcn","twitter_site":"@farmaceuticsbcn","twitter_misc":{"Escrito por":"wpAdminCofbOrg","Tiempo de lectura":"6 minutos"},"schema":{"@context":"https:\/\/schema.org","@graph":[{"@type":"Article","@id":"https:\/\/novaorg.cofb.net\/2024\/02\/22\/infarma-madrid-2024-presentara-24-iniciatives-dexit-de-la-farmacia-per-millorar-la-gestio-i-latencio-dels-pacients\/#article","isPartOf":{"@id":"https:\/\/novaorg.cofb.net\/2024\/02\/22\/infarma-madrid-2024-presentara-24-iniciatives-dexit-de-la-farmacia-per-millorar-la-gestio-i-latencio-dels-pacients\/"},"author":{"name":"wpAdminCofbOrg","@id":"https:\/\/www.cofb.org\/#\/schema\/person\/22ed7eea88da74b0fa4d3154ad87ffcb"},"headline":"\u2018Infarma Madrid 2024\u2019 presentar\u00e0 24 iniciatives d&#8217;\u00e8xit de la farm\u00e0cia per millorar la gesti\u00f3 i l&#8217;atenci\u00f3 dels pacients","datePublished":"2024-02-22T10:34:00+00:00","dateModified":"2024-02-26T10:03:35+00:00","mainEntityOfPage":{"@id":"https:\/\/novaorg.cofb.net\/2024\/02\/22\/infarma-madrid-2024-presentara-24-iniciatives-dexit-de-la-farmacia-per-millorar-la-gestio-i-latencio-dels-pacients\/"},"wordCount":1157,"publisher":{"@id":"https:\/\/www.cofb.org\/#organization"},"image":{"@id":"https:\/\/novaorg.cofb.net\/2024\/02\/22\/infarma-madrid-2024-presentara-24-iniciatives-dexit-de-la-farmacia-per-millorar-la-gestio-i-latencio-dels-pacients\/#primaryimage"},"thumbnailUrl":"https:\/\/www.cofb.org\/wp-content\/uploads\/2024\/02\/61fb678b-475d-4565-8012-c313a9d32faa-PhCNiH.jpeg","articleSection":["Notes de premsa"],"inLanguage":"es"},{"@type":"WebPage","@id":"https:\/\/novaorg.cofb.net\/2024\/02\/22\/infarma-madrid-2024-presentara-24-iniciatives-dexit-de-la-farmacia-per-millorar-la-gestio-i-latencio-dels-pacients\/","url":"https:\/\/novaorg.cofb.net\/2024\/02\/22\/infarma-madrid-2024-presentara-24-iniciatives-dexit-de-la-farmacia-per-millorar-la-gestio-i-latencio-dels-pacients\/","name":"\u2018Infarma Madrid 2024\u2019 presentar\u00e0 24 iniciatives d'\u00e8xit de la farm\u00e0cia per millorar la gesti\u00f3 i l'atenci\u00f3 dels pacients - Col\u00b7legi de Farmac\u00e8utics de Barcelona","isPartOf":{"@id":"https:\/\/www.cofb.org\/#website"},"primaryImageOfPage":{"@id":"https:\/\/novaorg.cofb.net\/2024\/02\/22\/infarma-madrid-2024-presentara-24-iniciatives-dexit-de-la-farmacia-per-millorar-la-gestio-i-latencio-dels-pacients\/#primaryimage"},"image":{"@id":"https:\/\/novaorg.cofb.net\/2024\/02\/22\/infarma-madrid-2024-presentara-24-iniciatives-dexit-de-la-farmacia-per-millorar-la-gestio-i-latencio-dels-pacients\/#primaryimage"},"thumbnailUrl":"https:\/\/www.cofb.org\/wp-content\/uploads\/2024\/02\/61fb678b-475d-4565-8012-c313a9d32faa-PhCNiH.jpeg","datePublished":"2024-02-22T10:34:00+00:00","dateModified":"2024-02-26T10:03:35+00:00","breadcrumb":{"@id":"https:\/\/novaorg.cofb.net\/2024\/02\/22\/infarma-madrid-2024-presentara-24-iniciatives-dexit-de-la-farmacia-per-millorar-la-gestio-i-latencio-dels-pacients\/#breadcrumb"},"inLanguage":"es","potentialAction":[{"@type":"ReadAction","target":["https:\/\/novaorg.cofb.net\/2024\/02\/22\/infarma-madrid-2024-presentara-24-iniciatives-dexit-de-la-farmacia-per-millorar-la-gestio-i-latencio-dels-pacients\/"]}]},{"@type":"ImageObject","inLanguage":"es","@id":"https:\/\/novaorg.cofb.net\/2024\/02\/22\/infarma-madrid-2024-presentara-24-iniciatives-dexit-de-la-farmacia-per-millorar-la-gestio-i-latencio-dels-pacients\/#primaryimage","url":"https:\/\/www.cofb.org\/wp-content\/uploads\/2024\/02\/61fb678b-475d-4565-8012-c313a9d32faa-PhCNiH.jpeg","contentUrl":"https:\/\/www.cofb.org\/wp-content\/uploads\/2024\/02\/61fb678b-475d-4565-8012-c313a9d32faa-PhCNiH.jpeg","width":1181,"height":500},{"@type":"BreadcrumbList","@id":"https:\/\/novaorg.cofb.net\/2024\/02\/22\/infarma-madrid-2024-presentara-24-iniciatives-dexit-de-la-farmacia-per-millorar-la-gestio-i-latencio-dels-pacients\/#breadcrumb","itemListElement":[{"@type":"ListItem","position":1,"name":"Inici","item":"https:\/\/novaorg.cofb.net\/"},{"@type":"ListItem","position":2,"name":"\u2018Infarma Madrid 2024\u2019 presentar\u00e0 24 iniciatives d&#8217;\u00e8xit de la farm\u00e0cia per millorar la gesti\u00f3 i l&#8217;atenci\u00f3 dels pacients"}]},{"@type":"WebSite","@id":"https:\/\/www.cofb.org\/#website","url":"https:\/\/www.cofb.org\/","name":"Col\u00b7legi de Farmac\u00e8utics de Barcelona","description":"","publisher":{"@id":"https:\/\/www.cofb.org\/#organization"},"potentialAction":[{"@type":"SearchAction","target":{"@type":"EntryPoint","urlTemplate":"https:\/\/www.cofb.org\/?s={search_term_string}"},"query-input":"required name=search_term_string"}],"inLanguage":"es"},{"@type":"Organization","@id":"https:\/\/www.cofb.org\/#organization","name":"Col\u00b7legi de Farmac\u00e8utics de Barcelona","url":"https:\/\/www.cofb.org\/","logo":{"@type":"ImageObject","inLanguage":"es","@id":"https:\/\/www.cofb.org\/#\/schema\/logo\/image\/","url":"https:\/\/www.cofb.org\/wp-content\/uploads\/2023\/11\/cropped-Logotip-COFB.png","contentUrl":"https:\/\/www.cofb.org\/wp-content\/uploads\/2023\/11\/cropped-Logotip-COFB.png","width":500,"height":105,"caption":"Col\u00b7legi de Farmac\u00e8utics de Barcelona"},"image":{"@id":"https:\/\/www.cofb.org\/#\/schema\/logo\/image\/"},"sameAs":["https:\/\/www.facebook.com\/farmaceuticsbcn\/","https:\/\/twitter.com\/farmaceuticsbcn","https:\/\/www.instagram.com\/farmaceuticsbcn\/","https:\/\/www.linkedin.com\/company\/farmaceuticsbcn\/"]},{"@type":"Person","@id":"https:\/\/www.cofb.org\/#\/schema\/person\/22ed7eea88da74b0fa4d3154ad87ffcb","name":"wpAdminCofbOrg","image":{"@type":"ImageObject","inLanguage":"es","@id":"https:\/\/www.cofb.org\/#\/schema\/person\/image\/","url":"https:\/\/secure.gravatar.com\/avatar\/1721b20b3b8ca882c3b56ec6c978c594fff670e40c0718e9190eaeeb76aae7d8?s=96&d=mm&r=g","contentUrl":"https:\/\/secure.gravatar.com\/avatar\/1721b20b3b8ca882c3b56ec6c978c594fff670e40c0718e9190eaeeb76aae7d8?s=96&d=mm&r=g","caption":"wpAdminCofbOrg"},"sameAs":["http:\/\/192.168.64.122\/wordpress"],"url":"https:\/\/www.cofb.org\/es\/author\/wpadmincofborg\/"}]}},"uagb_featured_image_src":{"full":["https:\/\/www.cofb.org\/wp-content\/uploads\/2024\/02\/61fb678b-475d-4565-8012-c313a9d32faa-PhCNiH.jpeg",1181,500,false],"thumbnail":["https:\/\/www.cofb.org\/wp-content\/uploads\/2024\/02\/61fb678b-475d-4565-8012-c313a9d32faa-PhCNiH-150x150.jpeg",150,150,true],"medium":["https:\/\/www.cofb.org\/wp-content\/uploads\/2024\/02\/61fb678b-475d-4565-8012-c313a9d32faa-PhCNiH-300x127.jpeg",300,127,true],"medium_large":["https:\/\/www.cofb.org\/wp-content\/uploads\/2024\/02\/61fb678b-475d-4565-8012-c313a9d32faa-PhCNiH-768x325.jpeg",768,325,true],"large":["https:\/\/www.cofb.org\/wp-content\/uploads\/2024\/02\/61fb678b-475d-4565-8012-c313a9d32faa-PhCNiH-1024x434.jpeg",1024,434,true],"1536x1536":["https:\/\/www.cofb.org\/wp-content\/uploads\/2024\/02\/61fb678b-475d-4565-8012-c313a9d32faa-PhCNiH.jpeg",1181,500,false],"2048x2048":["https:\/\/www.cofb.org\/wp-content\/uploads\/2024\/02\/61fb678b-475d-4565-8012-c313a9d32faa-PhCNiH.jpeg",1181,500,false],"trp-custom-language-flag":["https:\/\/www.cofb.org\/wp-content\/uploads\/2024\/02\/61fb678b-475d-4565-8012-c313a9d32faa-PhCNiH-18x8.jpeg",18,8,true]},"uagb_author_info":{"display_name":"wpAdminCofbOrg","author_link":"https:\/\/www.cofb.org\/es\/author\/wpadmincofborg\/"},"uagb_comment_info":0,"uagb_excerpt":"\u00a0 S\u00f3n experi\u00e8ncies reals que han contribu\u00eft a refor\u00e7ar el valor sanitari i social del farmac\u00e8utic i que s&#8217;analitzaran amb els seus impulsors amb la finalitat que puguin replicar-se en altres farm\u00e0cies L&#8217;aplicaci\u00f3 de noves tecnologies com la intel\u00b7lig\u00e8ncia artificial, la implantaci\u00f3 de serveis farmac\u00e8utics de prevenci\u00f3 o educaci\u00f3 per [&hellip;]","_links":{"self":[{"href":"https:\/\/www.cofb.org\/es\/wp-json\/wp\/v2\/posts\/76898","targetHints":{"allow":["GET"]}}],"collection":[{"href":"https:\/\/www.cofb.org\/es\/wp-json\/wp\/v2\/posts"}],"about":[{"href":"https:\/\/www.cofb.org\/es\/wp-json\/wp\/v2\/types\/post"}],"author":[{"embeddable":true,"href":"https:\/\/www.cofb.org\/es\/wp-json\/wp\/v2\/users\/1"}],"replies":[{"embeddable":true,"href":"https:\/\/www.cofb.org\/es\/wp-json\/wp\/v2\/comments?post=76898"}],"version-history":[{"count":1,"href":"https:\/\/www.cofb.org\/es\/wp-json\/wp\/v2\/posts\/76898\/revisions"}],"predecessor-version":[{"id":77667,"href":"https:\/\/www.cofb.org\/es\/wp-json\/wp\/v2\/posts\/76898\/revisions\/77667"}],"wp:featuredmedia":[{"embeddable":true,"href":"https:\/\/www.cofb.org\/es\/wp-json\/wp\/v2\/media\/76809"}],"wp:attachment":[{"href":"https:\/\/www.cofb.org\/es\/wp-json\/wp\/v2\/media?parent=76898"}],"wp:term":[{"taxonomy":"category","embeddable":true,"href":"https:\/\/www.cofb.org\/es\/wp-json\/wp\/v2\/categories?post=76898"},{"taxonomy":"post_tag","embeddable":true,"href":"https:\/\/www.cofb.org\/es\/wp-json\/wp\/v2\/tags?post=76898"}],"curies":[{"name":"wp","href":"https:\/\/api.w.org\/{rel}","templated":true}]}}