{"id":705,"date":"2013-02-06T14:35:16","date_gmt":"2013-02-06T13:35:16","guid":{"rendered":"http:\/\/revista.cofb.cat\/?p=705"},"modified":"2013-02-06T14:35:16","modified_gmt":"2013-02-06T13:35:16","slug":"premi-medical-economics-2013","status":"publish","type":"post","link":"https:\/\/www.cofb.org\/es\/2013\/02\/06\/premi-medical-economics-2013\/","title":{"rendered":"Premio Medical Economics"},"content":{"rendered":"<h2>Premio <em>Medical Economics<\/em> en el Colegio por su labor como entidad sanitaria<\/h2>\n<p><a href=\"http:\/\/revista.cofb.cat\/?attachment_id=711\" rel=\"attachment wp-att-711\"><img decoding=\"async\" class=\"alignleft  wp-image-711\" alt=\"premi-medicaleconomics\" src=\"http:\/\/revista.cofb.cat\/wp-content\/uploads\/2013\/01\/premi-medicaleconomics.jpg\" width=\"225\" height=\"180\" \/><\/a>El Colegio de Farmac\u00e9uticos de Barcelona ha recibido el <strong>Premio a la actividad profesional en el sector de la farmacia<\/strong> de la revista Medical Economics. Los premios de esta revista, entregados el 24 de enero, reconocen la labor de las \u201centidades sanitarias m\u00e1s destacadas\u201d durante el a\u00f1o 2012. As\u00ed, tambi\u00e9n se otorg\u00f3 el Premio a la Actividad Profesional en el sector de la Medicina en la Federaci\u00f3n de Asociaciones Cient\u00edfico M\u00e9dicas-Espa\u00f1olas (FACME) y en el \u00e1mbito de la enfermer\u00eda en la Federaci\u00f3n de Asociaciones de Enfermer\u00eda Comunitaria y de AP (FAECAP).<br \/>\nLa ceremonia de entrega de premios la presidieron el director general de Ordenaci\u00f3n Profesional del Ministerio de Sanidad, Jos\u00e9 Javier Castrodeza, y el editor de Medical Economics, Manuel Garc\u00eda Abad. Por parte del Colegio asisti\u00f3 Merc\u00e8 Barau, vocal de la Junta de Gobierno del Colegio de Farmac\u00e9uticos de Barcelona.<\/p>\n<p>&nbsp;<\/p>","protected":false},"excerpt":{"rendered":"<p>Premio Medical Economics en el Colegio por su labor como entidad sanitaria El Colegio de Farmac\u00e9uticos de Barcelona ha recibido el Premio a la Actividad Profesional en el sector de la Farmacia de la revista Medical Economics. Los premios de esta revista, entregados el 24 de enero, reconocen la labor de [\u2026]<\/p>","protected":false},"author":1,"featured_media":711,"comment_status":"open","ping_status":"open","sticky":false,"template":"","format":"standard","meta":{"_uag_custom_page_level_css":"","site-sidebar-layout":"default","site-content-layout":"","ast-site-content-layout":"default","site-content-style":"default","site-sidebar-style":"default","ast-global-header-display":"","ast-banner-title-visibility":"","ast-main-header-display":"","ast-hfb-above-header-display":"","ast-hfb-below-header-display":"","ast-hfb-mobile-header-display":"","site-post-title":"","ast-breadcrumbs-content":"","ast-featured-img":"disabled","footer-sml-layout":"","theme-transparent-header-meta":"","adv-header-id-meta":"","stick-header-meta":"","header-above-stick-meta":"","header-main-stick-meta":"","header-below-stick-meta":"","astra-migrate-meta-layouts":"default","ast-page-background-enabled":"default","ast-page-background-meta":{"desktop":{"background-color":"var(--ast-global-color-4)","background-image":"","background-repeat":"repeat","background-position":"center center","background-size":"auto","background-attachment":"scroll","background-type":"","background-media":"","overlay-type":"","overlay-color":"","overlay-opacity":"","overlay-gradient":""},"tablet":{"background-color":"","background-image":"","background-repeat":"repeat","background-position":"center center","background-size":"auto","background-attachment":"scroll","background-type":"","background-media":"","overlay-type":"","overlay-color":"","overlay-opacity":"","overlay-gradient":""},"mobile":{"background-color":"","background-image":"","background-repeat":"repeat","background-position":"center center","background-size":"auto","background-attachment":"scroll","background-type":"","background-media":"","overlay-type":"","overlay-color":"","overlay-opacity":"","overlay-gradient":""}},"ast-content-background-meta":{"desktop":{"background-color":"var(--ast-global-color-5)","background-image":"","background-repeat":"repeat","background-position":"center center","background-size":"auto","background-attachment":"scroll","background-type":"","background-media":"","overlay-type":"","overlay-color":"","overlay-opacity":"","overlay-gradient":""},"tablet":{"background-color":"var(--ast-global-color-5)","background-image":"","background-repeat":"repeat","background-position":"center center","background-size":"auto","background-attachment":"scroll","background-type":"","background-media":"","overlay-type":"","overlay-color":"","overlay-opacity":"","overlay-gradient":""},"mobile":{"background-color":"var(--ast-global-color-5)","background-image":"","background-repeat":"repeat","background-position":"center center","background-size":"auto","background-attachment":"scroll","background-type":"","background-media":"","overlay-type":"","overlay-color":"","overlay-opacity":"","overlay-gradient":""}},"footnotes":""},"categories":[57],"tags":[359],"class_list":["post-705","post","type-post","status-publish","format-standard","has-post-thumbnail","hentry","category-mon-collegial","tag-premis"],"yoast_head":"<!-- This site is optimized with the Yoast SEO plugin v22.4 - https:\/\/yoast.com\/wordpress\/plugins\/seo\/ -->\n<title>Premi Medical Economics - Col\u00b7legi de Farmac\u00e8utics de Barcelona<\/title>\n<meta name=\"robots\" content=\"index, follow, max-snippet:-1, max-image-preview:large, max-video-preview:-1\" \/>\n<link rel=\"canonical\" href=\"https:\/\/novaorg.cofb.net\/2013\/02\/06\/premi-medical-economics-2013\/\" \/>\n<meta property=\"og:locale\" content=\"es_ES\" \/>\n<meta property=\"og:type\" content=\"article\" \/>\n<meta property=\"og:title\" content=\"Premi Medical Economics - Col\u00b7legi de Farmac\u00e8utics de Barcelona\" \/>\n<meta property=\"og:description\" content=\"Premi Medical Economics al Col\u00b7legi per la seva tasca com a entitat sanit\u00e0ria El Col\u00b7legi de Farmac\u00e8utics de Barcelona ha rebut el Premi a l\u2019Activitat Professional en el sector de la Farm\u00e0cia de la revista Medical Economics. Els premis d\u2019aquesta revista, lliurats el 24 de gener, reconeixen la tasca de [&hellip;]\" \/>\n<meta property=\"og:url\" content=\"https:\/\/novaorg.cofb.net\/2013\/02\/06\/premi-medical-economics-2013\/\" \/>\n<meta property=\"og:site_name\" content=\"Col\u00b7legi de Farmac\u00e8utics de Barcelona\" \/>\n<meta property=\"article:publisher\" content=\"https:\/\/www.facebook.com\/farmaceuticsbcn\/\" \/>\n<meta property=\"article:published_time\" content=\"2013-02-06T13:35:16+00:00\" \/>\n<meta name=\"author\" content=\"wpAdminCofbOrg\" \/>\n<meta name=\"twitter:card\" content=\"summary_large_image\" \/>\n<meta name=\"twitter:creator\" content=\"@farmaceuticsbcn\" \/>\n<meta name=\"twitter:site\" content=\"@farmaceuticsbcn\" \/>\n<meta name=\"twitter:label1\" content=\"Escrito por\" \/>\n\t<meta name=\"twitter:data1\" content=\"wpAdminCofbOrg\" \/>\n\t<meta name=\"twitter:label2\" content=\"Tiempo de lectura\" \/>\n\t<meta name=\"twitter:data2\" content=\"1 minuto\" \/>\n<script type=\"application\/ld+json\" class=\"yoast-schema-graph\">{\"@context\":\"https:\/\/schema.org\",\"@graph\":[{\"@type\":\"Article\",\"@id\":\"https:\/\/novaorg.cofb.net\/2013\/02\/06\/premi-medical-economics-2013\/#article\",\"isPartOf\":{\"@id\":\"https:\/\/novaorg.cofb.net\/2013\/02\/06\/premi-medical-economics-2013\/\"},\"author\":{\"name\":\"wpAdminCofbOrg\",\"@id\":\"https:\/\/www.cofb.org\/#\/schema\/person\/22ed7eea88da74b0fa4d3154ad87ffcb\"},\"headline\":\"Premi Medical Economics\",\"datePublished\":\"2013-02-06T13:35:16+00:00\",\"dateModified\":\"2013-02-06T13:35:16+00:00\",\"mainEntityOfPage\":{\"@id\":\"https:\/\/novaorg.cofb.net\/2013\/02\/06\/premi-medical-economics-2013\/\"},\"wordCount\":177,\"commentCount\":0,\"publisher\":{\"@id\":\"https:\/\/www.cofb.org\/#organization\"},\"image\":{\"@id\":\"https:\/\/novaorg.cofb.net\/2013\/02\/06\/premi-medical-economics-2013\/#primaryimage\"},\"thumbnailUrl\":\"\",\"keywords\":[\"Premis\"],\"articleSection\":[\"M\u00f3n col\u00b7legial\"],\"inLanguage\":\"es\",\"potentialAction\":[{\"@type\":\"CommentAction\",\"name\":\"Comment\",\"target\":[\"https:\/\/novaorg.cofb.net\/2013\/02\/06\/premi-medical-economics-2013\/#respond\"]}]},{\"@type\":\"WebPage\",\"@id\":\"https:\/\/novaorg.cofb.net\/2013\/02\/06\/premi-medical-economics-2013\/\",\"url\":\"https:\/\/novaorg.cofb.net\/2013\/02\/06\/premi-medical-economics-2013\/\",\"name\":\"Premi Medical Economics - Col\u00b7legi de Farmac\u00e8utics de Barcelona\",\"isPartOf\":{\"@id\":\"https:\/\/www.cofb.org\/#website\"},\"primaryImageOfPage\":{\"@id\":\"https:\/\/novaorg.cofb.net\/2013\/02\/06\/premi-medical-economics-2013\/#primaryimage\"},\"image\":{\"@id\":\"https:\/\/novaorg.cofb.net\/2013\/02\/06\/premi-medical-economics-2013\/#primaryimage\"},\"thumbnailUrl\":\"\",\"datePublished\":\"2013-02-06T13:35:16+00:00\",\"dateModified\":\"2013-02-06T13:35:16+00:00\",\"breadcrumb\":{\"@id\":\"https:\/\/novaorg.cofb.net\/2013\/02\/06\/premi-medical-economics-2013\/#breadcrumb\"},\"inLanguage\":\"es\",\"potentialAction\":[{\"@type\":\"ReadAction\",\"target\":[\"https:\/\/novaorg.cofb.net\/2013\/02\/06\/premi-medical-economics-2013\/\"]}]},{\"@type\":\"ImageObject\",\"inLanguage\":\"es\",\"@id\":\"https:\/\/novaorg.cofb.net\/2013\/02\/06\/premi-medical-economics-2013\/#primaryimage\",\"url\":\"\",\"contentUrl\":\"\"},{\"@type\":\"BreadcrumbList\",\"@id\":\"https:\/\/novaorg.cofb.net\/2013\/02\/06\/premi-medical-economics-2013\/#breadcrumb\",\"itemListElement\":[{\"@type\":\"ListItem\",\"position\":1,\"name\":\"Inici\",\"item\":\"https:\/\/novaorg.cofb.net\/\"},{\"@type\":\"ListItem\",\"position\":2,\"name\":\"Premi Medical Economics\"}]},{\"@type\":\"WebSite\",\"@id\":\"https:\/\/www.cofb.org\/#website\",\"url\":\"https:\/\/www.cofb.org\/\",\"name\":\"Col\u00b7legi de Farmac\u00e8utics de Barcelona\",\"description\":\"\",\"publisher\":{\"@id\":\"https:\/\/www.cofb.org\/#organization\"},\"potentialAction\":[{\"@type\":\"SearchAction\",\"target\":{\"@type\":\"EntryPoint\",\"urlTemplate\":\"https:\/\/www.cofb.org\/?s={search_term_string}\"},\"query-input\":\"required name=search_term_string\"}],\"inLanguage\":\"es\"},{\"@type\":\"Organization\",\"@id\":\"https:\/\/www.cofb.org\/#organization\",\"name\":\"Col\u00b7legi de Farmac\u00e8utics de Barcelona\",\"url\":\"https:\/\/www.cofb.org\/\",\"logo\":{\"@type\":\"ImageObject\",\"inLanguage\":\"es\",\"@id\":\"https:\/\/www.cofb.org\/#\/schema\/logo\/image\/\",\"url\":\"https:\/\/www.cofb.org\/wp-content\/uploads\/2023\/11\/cropped-Logotip-COFB.png\",\"contentUrl\":\"https:\/\/www.cofb.org\/wp-content\/uploads\/2023\/11\/cropped-Logotip-COFB.png\",\"width\":500,\"height\":105,\"caption\":\"Col\u00b7legi de Farmac\u00e8utics de Barcelona\"},\"image\":{\"@id\":\"https:\/\/www.cofb.org\/#\/schema\/logo\/image\/\"},\"sameAs\":[\"https:\/\/www.facebook.com\/farmaceuticsbcn\/\",\"https:\/\/twitter.com\/farmaceuticsbcn\",\"https:\/\/www.instagram.com\/farmaceuticsbcn\/\",\"https:\/\/www.linkedin.com\/company\/farmaceuticsbcn\/\"]},{\"@type\":\"Person\",\"@id\":\"https:\/\/www.cofb.org\/#\/schema\/person\/22ed7eea88da74b0fa4d3154ad87ffcb\",\"name\":\"wpAdminCofbOrg\",\"image\":{\"@type\":\"ImageObject\",\"inLanguage\":\"es\",\"@id\":\"https:\/\/www.cofb.org\/#\/schema\/person\/image\/\",\"url\":\"https:\/\/secure.gravatar.com\/avatar\/1721b20b3b8ca882c3b56ec6c978c594fff670e40c0718e9190eaeeb76aae7d8?s=96&d=mm&r=g\",\"contentUrl\":\"https:\/\/secure.gravatar.com\/avatar\/1721b20b3b8ca882c3b56ec6c978c594fff670e40c0718e9190eaeeb76aae7d8?s=96&d=mm&r=g\",\"caption\":\"wpAdminCofbOrg\"},\"sameAs\":[\"http:\/\/192.168.64.122\/wordpress\"],\"url\":\"https:\/\/www.cofb.org\/es\/author\/wpadmincofborg\/\"}]}<\/script>\n<!-- \/ Yoast SEO plugin. -->","yoast_head_json":{"title":"Premi Medical Economics - Col\u00b7legi de Farmac\u00e8utics de Barcelona","robots":{"index":"index","follow":"follow","max-snippet":"max-snippet:-1","max-image-preview":"max-image-preview:large","max-video-preview":"max-video-preview:-1"},"canonical":"https:\/\/novaorg.cofb.net\/2013\/02\/06\/premi-medical-economics-2013\/","og_locale":"es_ES","og_type":"article","og_title":"Premi Medical Economics - Col\u00b7legi de Farmac\u00e8utics de Barcelona","og_description":"Premi Medical Economics al Col\u00b7legi per la seva tasca com a entitat sanit\u00e0ria El Col\u00b7legi de Farmac\u00e8utics de Barcelona ha rebut el Premi a l\u2019Activitat Professional en el sector de la Farm\u00e0cia de la revista Medical Economics. Els premis d\u2019aquesta revista, lliurats el 24 de gener, reconeixen la tasca de [&hellip;]","og_url":"https:\/\/novaorg.cofb.net\/2013\/02\/06\/premi-medical-economics-2013\/","og_site_name":"Col\u00b7legi de Farmac\u00e8utics de Barcelona","article_publisher":"https:\/\/www.facebook.com\/farmaceuticsbcn\/","article_published_time":"2013-02-06T13:35:16+00:00","author":"wpAdminCofbOrg","twitter_card":"summary_large_image","twitter_creator":"@farmaceuticsbcn","twitter_site":"@farmaceuticsbcn","twitter_misc":{"Escrito por":"wpAdminCofbOrg","Tiempo de lectura":"1 minuto"},"schema":{"@context":"https:\/\/schema.org","@graph":[{"@type":"Article","@id":"https:\/\/novaorg.cofb.net\/2013\/02\/06\/premi-medical-economics-2013\/#article","isPartOf":{"@id":"https:\/\/novaorg.cofb.net\/2013\/02\/06\/premi-medical-economics-2013\/"},"author":{"name":"wpAdminCofbOrg","@id":"https:\/\/www.cofb.org\/#\/schema\/person\/22ed7eea88da74b0fa4d3154ad87ffcb"},"headline":"Premi Medical Economics","datePublished":"2013-02-06T13:35:16+00:00","dateModified":"2013-02-06T13:35:16+00:00","mainEntityOfPage":{"@id":"https:\/\/novaorg.cofb.net\/2013\/02\/06\/premi-medical-economics-2013\/"},"wordCount":177,"commentCount":0,"publisher":{"@id":"https:\/\/www.cofb.org\/#organization"},"image":{"@id":"https:\/\/novaorg.cofb.net\/2013\/02\/06\/premi-medical-economics-2013\/#primaryimage"},"thumbnailUrl":"","keywords":["Premis"],"articleSection":["M\u00f3n col\u00b7legial"],"inLanguage":"es","potentialAction":[{"@type":"CommentAction","name":"Comment","target":["https:\/\/novaorg.cofb.net\/2013\/02\/06\/premi-medical-economics-2013\/#respond"]}]},{"@type":"WebPage","@id":"https:\/\/novaorg.cofb.net\/2013\/02\/06\/premi-medical-economics-2013\/","url":"https:\/\/novaorg.cofb.net\/2013\/02\/06\/premi-medical-economics-2013\/","name":"Premi Medical Economics - Col\u00b7legi de Farmac\u00e8utics de Barcelona","isPartOf":{"@id":"https:\/\/www.cofb.org\/#website"},"primaryImageOfPage":{"@id":"https:\/\/novaorg.cofb.net\/2013\/02\/06\/premi-medical-economics-2013\/#primaryimage"},"image":{"@id":"https:\/\/novaorg.cofb.net\/2013\/02\/06\/premi-medical-economics-2013\/#primaryimage"},"thumbnailUrl":"","datePublished":"2013-02-06T13:35:16+00:00","dateModified":"2013-02-06T13:35:16+00:00","breadcrumb":{"@id":"https:\/\/novaorg.cofb.net\/2013\/02\/06\/premi-medical-economics-2013\/#breadcrumb"},"inLanguage":"es","potentialAction":[{"@type":"ReadAction","target":["https:\/\/novaorg.cofb.net\/2013\/02\/06\/premi-medical-economics-2013\/"]}]},{"@type":"ImageObject","inLanguage":"es","@id":"https:\/\/novaorg.cofb.net\/2013\/02\/06\/premi-medical-economics-2013\/#primaryimage","url":"","contentUrl":""},{"@type":"BreadcrumbList","@id":"https:\/\/novaorg.cofb.net\/2013\/02\/06\/premi-medical-economics-2013\/#breadcrumb","itemListElement":[{"@type":"ListItem","position":1,"name":"Inici","item":"https:\/\/novaorg.cofb.net\/"},{"@type":"ListItem","position":2,"name":"Premi Medical Economics"}]},{"@type":"WebSite","@id":"https:\/\/www.cofb.org\/#website","url":"https:\/\/www.cofb.org\/","name":"Col\u00b7legi de Farmac\u00e8utics de Barcelona","description":"","publisher":{"@id":"https:\/\/www.cofb.org\/#organization"},"potentialAction":[{"@type":"SearchAction","target":{"@type":"EntryPoint","urlTemplate":"https:\/\/www.cofb.org\/?s={search_term_string}"},"query-input":"required name=search_term_string"}],"inLanguage":"es"},{"@type":"Organization","@id":"https:\/\/www.cofb.org\/#organization","name":"Col\u00b7legi de Farmac\u00e8utics de Barcelona","url":"https:\/\/www.cofb.org\/","logo":{"@type":"ImageObject","inLanguage":"es","@id":"https:\/\/www.cofb.org\/#\/schema\/logo\/image\/","url":"https:\/\/www.cofb.org\/wp-content\/uploads\/2023\/11\/cropped-Logotip-COFB.png","contentUrl":"https:\/\/www.cofb.org\/wp-content\/uploads\/2023\/11\/cropped-Logotip-COFB.png","width":500,"height":105,"caption":"Col\u00b7legi de Farmac\u00e8utics de Barcelona"},"image":{"@id":"https:\/\/www.cofb.org\/#\/schema\/logo\/image\/"},"sameAs":["https:\/\/www.facebook.com\/farmaceuticsbcn\/","https:\/\/twitter.com\/farmaceuticsbcn","https:\/\/www.instagram.com\/farmaceuticsbcn\/","https:\/\/www.linkedin.com\/company\/farmaceuticsbcn\/"]},{"@type":"Person","@id":"https:\/\/www.cofb.org\/#\/schema\/person\/22ed7eea88da74b0fa4d3154ad87ffcb","name":"wpAdminCofbOrg","image":{"@type":"ImageObject","inLanguage":"es","@id":"https:\/\/www.cofb.org\/#\/schema\/person\/image\/","url":"https:\/\/secure.gravatar.com\/avatar\/1721b20b3b8ca882c3b56ec6c978c594fff670e40c0718e9190eaeeb76aae7d8?s=96&d=mm&r=g","contentUrl":"https:\/\/secure.gravatar.com\/avatar\/1721b20b3b8ca882c3b56ec6c978c594fff670e40c0718e9190eaeeb76aae7d8?s=96&d=mm&r=g","caption":"wpAdminCofbOrg"},"sameAs":["http:\/\/192.168.64.122\/wordpress"],"url":"https:\/\/www.cofb.org\/es\/author\/wpadmincofborg\/"}]}},"uagb_featured_image_src":{"full":false,"thumbnail":false,"medium":false,"medium_large":false,"large":false,"1536x1536":false,"2048x2048":false,"trp-custom-language-flag":false},"uagb_author_info":{"display_name":"wpAdminCofbOrg","author_link":"https:\/\/www.cofb.org\/es\/author\/wpadmincofborg\/"},"uagb_comment_info":0,"uagb_excerpt":"Premi Medical Economics al Col\u00b7legi per la seva tasca com a entitat sanit\u00e0ria El Col\u00b7legi de Farmac\u00e8utics de Barcelona ha rebut el Premi a l\u2019Activitat Professional en el sector de la Farm\u00e0cia de la revista Medical Economics. Els premis d\u2019aquesta revista, lliurats el 24 de gener, reconeixen la tasca de [&hellip;]","_links":{"self":[{"href":"https:\/\/www.cofb.org\/es\/wp-json\/wp\/v2\/posts\/705","targetHints":{"allow":["GET"]}}],"collection":[{"href":"https:\/\/www.cofb.org\/es\/wp-json\/wp\/v2\/posts"}],"about":[{"href":"https:\/\/www.cofb.org\/es\/wp-json\/wp\/v2\/types\/post"}],"author":[{"embeddable":true,"href":"https:\/\/www.cofb.org\/es\/wp-json\/wp\/v2\/users\/1"}],"replies":[{"embeddable":true,"href":"https:\/\/www.cofb.org\/es\/wp-json\/wp\/v2\/comments?post=705"}],"version-history":[{"count":0,"href":"https:\/\/www.cofb.org\/es\/wp-json\/wp\/v2\/posts\/705\/revisions"}],"wp:featuredmedia":[{"embeddable":true,"href":"https:\/\/www.cofb.org\/es\/wp-json\/"}],"wp:attachment":[{"href":"https:\/\/www.cofb.org\/es\/wp-json\/wp\/v2\/media?parent=705"}],"wp:term":[{"taxonomy":"category","embeddable":true,"href":"https:\/\/www.cofb.org\/es\/wp-json\/wp\/v2\/categories?post=705"},{"taxonomy":"post_tag","embeddable":true,"href":"https:\/\/www.cofb.org\/es\/wp-json\/wp\/v2\/tags?post=705"}],"curies":[{"name":"wp","href":"https:\/\/api.w.org\/{rel}","templated":true}]}}