{"id":70057,"date":"2023-11-20T14:52:30","date_gmt":"2023-11-20T12:52:30","guid":{"rendered":"https:\/\/blog.cofb.cat\/?p=67658"},"modified":"2023-11-29T11:54:59","modified_gmt":"2023-11-29T11:54:59","slug":"circular-farmaceutica-ja-disponible-ledicio-del-segon-quadrimestre-de-2023","status":"publish","type":"post","link":"https:\/\/www.cofb.org\/es\/2023\/11\/20\/circular-farmaceutica-ja-disponible-ledicio-del-segon-quadrimestre-de-2023\/","title":{"rendered":"Circular Farmac\u00e9utica: Ya disponible la edici\u00f3n del segundo cuatrimestre de 2023"},"content":{"rendered":"<p>Ya se puede acceder a un&nbsp;<strong><a href=\"https:\/\/www.cofb.org\/es\/documents\/10136\/1070698\/Circular81-2_DEF.pdf\/78c88afc-cc38-44db-89e9-9dc76ec248d5\/\" target=\"_blank\" rel=\"noreferrer noopener\">nuevo n\u00famero<\/a><\/strong>&nbsp;de la<strong>&nbsp;<a href=\"https:\/\/www.cofb.org\/es\/colegi\/publicacions\/circular-farmaceutica\/\" target=\"_blank\" rel=\"noreferrer noopener\">Circular Farmac\u00e9utica<\/a><\/strong>, la publicaci\u00f3n cient\u00edfica que edita el<strong>&nbsp;Col\u00b7legi de Farmac\u00e8utics de Barcelona<\/strong>&nbsp;y que recoge art\u00edculos elaborados por profesionales sanitarios de reconocido prestigio para dar a conocer las&nbsp;<strong>novedades terap\u00e9uticas<\/strong>, as\u00ed como contenidos relacionados con la atenci\u00f3n&nbsp;<strong>farmac\u00e9utica y la salud p\u00fablica.&nbsp;<\/strong><\/p>\n\n\n\n<p>En esta nueva edici\u00f3n&nbsp;<strong>destacamos<\/strong>&nbsp;los siguientes temas:<\/p>\n\n\n\n<ul class=\"wp-block-list\">\n<li><strong>Farmasistencia: <\/strong>Abordaje terap\u00e9utico de la migra\u00f1a: tratamientos sintom\u00e1ticos y preventivos.<\/li>\n\n\n\n<li><strong>An\u00e1lisis cl\u00ednicos: <\/strong>Celiaqu\u00eda y alergias alimentarias: Fisiopatolog\u00eda, diagn\u00f3stico y tratamientos actuales.<\/li>\n\n\n\n<li><strong>Casos cl\u00ednicos: <\/strong>Complicaciones de la infecci\u00f3n por viruela del mono en paciente con VIH avanzado.<\/li>\n<\/ul>\n\n\n<div class=\"destacat-blog\">\n<p>\u00c9ste es el contenido del <a href=\"https:\/\/www.cofb.org\/es\/documents\/10136\/1070698\/Circular81-2_DEF.pdf\/78c88afc-cc38-44db-89e9-9dc76ec248d5\/\" target=\"_blank\" rel=\"noreferrer noopener\">Vuelo. 81\/N\u00fam. 2. Segundo Cuatrimestre 2023<\/a>:<\/p>\n<p><!-- \/wp:post-content --><\/p>\n<p><!-- wp:image {\"align\":\"center\",\"id\":67661,\"sizeSlug\":\"full\",\"linkDestination\":\"custom\",\"UAGDay\":[]} --><\/p>\n<figure class=\"wp-block-image aligncenter size-full\"><a href=\"https:\/\/www.cofb.org\/es\/documents\/10136\/1070698\/Circular81-2_DEF.pdf\/78c88afc-cc38-44db-89e9-9dc76ec248d5\/\" target=\"_blank\" rel=\"noopener\"><img decoding=\"async\" src=\"https:\/\/blog.cofb.cat\/wp-content\/uploads\/2023\/07\/COFB_Circular_Segon-quadrimestre_10112023.jpg\" alt=\"\" class=\"wp-image-67661\"\/><\/a><\/figure>\n<p><!-- \/wp:image --><\/p>\n<p><!-- wp:group {\"UAGDay\":[]} --><\/p>\n<div class=\"wp-block-group\"><\/div>\n<p><!-- \/wp:group --><\/p>\n<p><!-- wp:list --><\/p>\n<ul><!-- wp:list-item --><\/p>\n<li><strong>Editorial:&nbsp;<\/strong>M. Rosa Ballester<\/li>\n<p><!-- \/wp:list-item --><\/p>\n<p><!-- wp:list-item --><\/p>\n<li><strong>Farmasistencia:<\/strong>&nbsp;Abordaje terap\u00e9utico de la migra\u00f1a: tratamientos sintom\u00e1ticos y preventivos<\/li>\n<p><!-- \/wp:list-item --><\/p>\n<p><!-- wp:list-item --><\/p>\n<li><strong>An\u00e1lisis Cl\u00ednicos:&nbsp;<\/strong>Celiaqu\u00eda y alergias alimentarias: Fisiopatolog\u00eda, diagn\u00f3stico y tratamiento actuales<\/li>\n<p><!-- \/wp:list-item --><\/p>\n<p><!-- wp:list-item --><\/p>\n<li><strong>Casos Cl\u00ednicos:&nbsp;<\/strong><br \/>\u00b7 Una picadura inoportuna<br \/>\u00b7 Manejo farmacol\u00f3gico y abordaje de las complicaciones de la infecci\u00f3n por viruela del mono en paciente con VIH avanzado<br \/>\u00b7 Actualizaci\u00f3n en el tratamiento de la esclerosis m\u00faltiple<\/li>\n<p><!-- \/wp:list-item --><\/p>\n<p><!-- wp:list-item --><\/p>\n<li><strong>Salud P\u00fablica:&nbsp;<\/strong>One Health y Salud Planetaria: m\u00e1s all\u00e1 de la Salud P\u00fablica<\/li>\n<p><!-- \/wp:list-item --><\/p>\n<p><!-- wp:list-item --><\/p>\n<li><strong>Alimentaci\u00f3n:&nbsp;<\/strong>Intervenciones diet\u00e9ticas y de estilo de vida en el abordaje de la sintomatolog\u00eda vasomotora en la menopausia y postmenopausia desde la oficina de farmacia<\/li>\n<p><!-- \/wp:list-item --><\/p>\n<p><!-- wp:list-item --><\/p>\n<li><strong>Plantas Medicinales:<\/strong>&nbsp;Casta\u00f1o de Indias (<em>Aesculus hippocastanum L<\/em>), a la insuficiencia venosa<\/li>\n<p><!-- \/wp:list-item --><\/p>\n<p><!-- wp:list-item --><\/p>\n<li><strong>Farmac\u00e9uticos Innovadores<\/strong><\/li>\n<p><!-- \/wp:list-item --><\/ul>\n<p><!-- \/wp:list --><\/p>\n<p><!-- wp:paragraph --><\/p>\n<\/div>\n<p><!-- \/wp:paragraph --><\/p>\n<p><!-- wp:image {\"id\":61430,\"sizeSlug\":\"large\",\"linkDestination\":\"media\"} --><\/p>\n<figure class=\"wp-block-image size-large\"><a href=\"https:\/\/blog.cofb.cat\/wp-content\/uploads\/2022\/03\/BLOG-CIRCULAR_publica_680x453_V2-scaled.jpg\" target=\"_blank\" rel=\"noopener\"><img decoding=\"async\" src=\"https:\/\/blog.cofb.cat\/wp-content\/uploads\/2022\/03\/BLOG-CIRCULAR_publica_680x453_V2-1024x682.jpg\" alt=\"\" class=\"wp-image-61430\"\/><\/a><\/figure>\n<p><!-- \/wp:image --><\/p>\n<p><!-- wp:paragraph --><\/p>\n<p><strong>Otras publicaciones de inter\u00e9s:&nbsp;<\/strong> <\/p>\n<p><!-- \/wp:paragraph --><\/p>\n<p><!-- wp:list --><\/p>\n<ul><!-- wp:list-item --><\/p>\n<li><a href=\"https:\/\/blog.cofb.cat\/blog\/2023\/07\/04\/circular-farmaceutica-ja-disponible-ledicio-del-primer-quadrimestre-de-2023\/\" target=\"_blank\" rel=\"noreferrer noopener\">Circular Farmac\u00e9utica: Ya disponible la edici\u00f3n del primer cuatrimestre de 2023 (Julio 2023)<\/a><\/li>\n<p><!-- \/wp:list-item --><\/p>\n<p><!-- wp:list-item --><\/p>\n<li><a href=\"https:\/\/blog.cofb.cat\/blog\/2023\/05\/05\/circular-farmaceutica-ja-disponible-ledicio-especial-de-beques-i-premis-2022\/\" target=\"_blank\" rel=\"noreferrer noopener\">Circular farmac\u00e9utica: ya disponible la edici\u00f3n especial de becas y premios 2022 (Mayo 2023)<\/a><\/li>\n<p><!-- \/wp:list-item --><\/p>\n<p><!-- wp:list-item --><\/p>\n<li><a href=\"https:\/\/blog.cofb.cat\/blog\/2023\/02\/13\/circular-farmaceutica-ja-disponible-ledicio-del-tercer-quadrimestre-de-2022\/\" target=\"_blank\" rel=\"noreferrer noopener\">Circular Farmac\u00e9utica: Ya disponible la edici\u00f3n del tercer cuatrimestre de 2022 (Febrero 2023)<\/a><\/li>\n<p><!-- \/wp:list-item --><\/ul>\n<p><!-- \/wp:list --><\/p>\n<p><!-- wp:paragraph --><\/p>\n<div class=\"destacat-blog\">\n<p><!-- \/wp:paragraph --><\/p>\n<p><!-- wp:paragraph --><\/p>\n<p><a href=\"https:\/\/www.cofb.org\/es\/colegi\/publicacions\/circular-farmaceutica\/\" target=\"_blank\" rel=\"noreferrer noopener\"><strong>Ver n\u00fameros anteriores de Circular Farmac\u00e9utica<\/strong><\/a>&nbsp;(v\u00eda cofb.org \u2013 en formato PDF)<\/p>\n<p><!-- \/wp:paragraph --><\/p>\n<p><!-- wp:paragraph --><\/p>\n<\/div>\n<p><!-- \/wp:paragraph --><\/p>\n<p><!-- wp:paragraph --><\/p>\n<p><!-- \/wp:paragraph --><\/p>","protected":false},"excerpt":{"rendered":"<p>Ya se puede acceder a un nuevo n\u00famero de la Circular Farmac\u00e9utica, la publicaci\u00f3n cient\u00edfica que edita el Colegio de Farmac\u00e9uticos de Barcelona y que recoge art\u00edculos elaborados por profesionales sanitarios de reconocido prestigio para dar a conocer las novedades terap\u00e9uticas, as\u00ed como contenidos relacionados con la atenci\u00f3n farmac\u00e9utica y la salud p\u00fablica. En esta nueva edici\u00f3n destacamos los siguientes [\u2026]<\/p>","protected":false},"author":1,"featured_media":70064,"comment_status":"open","ping_status":"open","sticky":false,"template":"","format":"standard","meta":{"_uag_custom_page_level_css":"","site-sidebar-layout":"default","site-content-layout":"","ast-site-content-layout":"default","site-content-style":"default","site-sidebar-style":"default","ast-global-header-display":"","ast-banner-title-visibility":"","ast-main-header-display":"","ast-hfb-above-header-display":"","ast-hfb-below-header-display":"","ast-hfb-mobile-header-display":"","site-post-title":"","ast-breadcrumbs-content":"","ast-featured-img":"disabled","footer-sml-layout":"","theme-transparent-header-meta":"","adv-header-id-meta":"","stick-header-meta":"","header-above-stick-meta":"","header-main-stick-meta":"","header-below-stick-meta":"","astra-migrate-meta-layouts":"set","ast-page-background-enabled":"default","ast-page-background-meta":{"desktop":{"background-color":"var(--ast-global-color-4)","background-image":"","background-repeat":"repeat","background-position":"center center","background-size":"auto","background-attachment":"scroll","background-type":"","background-media":"","overlay-type":"","overlay-color":"","overlay-opacity":"","overlay-gradient":""},"tablet":{"background-color":"","background-image":"","background-repeat":"repeat","background-position":"center center","background-size":"auto","background-attachment":"scroll","background-type":"","background-media":"","overlay-type":"","overlay-color":"","overlay-opacity":"","overlay-gradient":""},"mobile":{"background-color":"","background-image":"","background-repeat":"repeat","background-position":"center center","background-size":"auto","background-attachment":"scroll","background-type":"","background-media":"","overlay-type":"","overlay-color":"","overlay-opacity":"","overlay-gradient":""}},"ast-content-background-meta":{"desktop":{"background-color":"var(--ast-global-color-5)","background-image":"","background-repeat":"repeat","background-position":"center center","background-size":"auto","background-attachment":"scroll","background-type":"","background-media":"","overlay-type":"","overlay-color":"","overlay-opacity":"","overlay-gradient":""},"tablet":{"background-color":"var(--ast-global-color-5)","background-image":"","background-repeat":"repeat","background-position":"center center","background-size":"auto","background-attachment":"scroll","background-type":"","background-media":"","overlay-type":"","overlay-color":"","overlay-opacity":"","overlay-gradient":""},"mobile":{"background-color":"var(--ast-global-color-5)","background-image":"","background-repeat":"repeat","background-position":"center center","background-size":"auto","background-attachment":"scroll","background-type":"","background-media":"","overlay-type":"","overlay-color":"","overlay-opacity":"","overlay-gradient":""}},"footnotes":""},"categories":[23,57],"tags":[86,64,4816,3129,448,89,18,19,53,68,930,70,230,96,4817],"class_list":["post-70057","post","type-post","status-publish","format-standard","has-post-thumbnail","hentry","category-destacats","category-mon-collegial","tag-analisis-cliniques","tag-atencio-farmaceutica","tag-casos-cliniques","tag-celiaquia","tag-circular","tag-circular-farmaceutica","tag-cofb","tag-collegi-de-farmaceutics-de-barcelona","tag-farmaceutics","tag-farmacia","tag-farmassistencia","tag-formacio","tag-migranya","tag-salut-publica","tag-segon-quadrimestre"],"yoast_head":"<!-- This site is optimized with the Yoast SEO plugin v22.4 - https:\/\/yoast.com\/wordpress\/plugins\/seo\/ -->\n<title>Circular Farmac\u00e8utica: Ja disponible l\u2019edici\u00f3 del segon quadrimestre de 2023 - Col\u00b7legi de Farmac\u00e8utics de Barcelona<\/title>\n<meta name=\"description\" content=\"Ja es pot accedir a un\u00a0nou n\u00famero\u00a0de la\u00a0Circular Farmac\u00e8utica, la publicaci\u00f3 cient\u00edfica\u00a0que edita el\u00a0Col\u00b7legi de Farmac\u00e8utics de Barcelona.\" \/>\n<meta name=\"robots\" content=\"index, follow, max-snippet:-1, max-image-preview:large, max-video-preview:-1\" \/>\n<link rel=\"canonical\" href=\"https:\/\/novaorg.cofb.net\/2023\/11\/20\/circular-farmaceutica-ja-disponible-ledicio-del-segon-quadrimestre-de-2023\/\" \/>\n<meta property=\"og:locale\" content=\"es_ES\" \/>\n<meta property=\"og:type\" content=\"article\" \/>\n<meta property=\"og:title\" content=\"Circular Farmac\u00e8utica: Ja disponible l\u2019edici\u00f3 del segon quadrimestre de 2023 - Col\u00b7legi de Farmac\u00e8utics de Barcelona\" \/>\n<meta property=\"og:description\" content=\"Ja es pot accedir a un\u00a0nou n\u00famero\u00a0de la\u00a0Circular Farmac\u00e8utica, la publicaci\u00f3 cient\u00edfica\u00a0que edita el\u00a0Col\u00b7legi de Farmac\u00e8utics de Barcelona.\" \/>\n<meta property=\"og:url\" content=\"https:\/\/novaorg.cofb.net\/2023\/11\/20\/circular-farmaceutica-ja-disponible-ledicio-del-segon-quadrimestre-de-2023\/\" \/>\n<meta property=\"og:site_name\" content=\"Col\u00b7legi de Farmac\u00e8utics de Barcelona\" \/>\n<meta property=\"article:publisher\" content=\"https:\/\/www.facebook.com\/farmaceuticsbcn\/\" \/>\n<meta property=\"article:published_time\" content=\"2023-11-20T12:52:30+00:00\" \/>\n<meta property=\"article:modified_time\" content=\"2023-11-29T11:54:59+00:00\" \/>\n<meta property=\"og:image\" content=\"https:\/\/novaorg.cofb.net\/wp-content\/uploads\/2023\/11\/COFB_Circular_Segon-quadrimestre_10112023.jpg\" \/>\n\t<meta property=\"og:image:width\" content=\"634\" \/>\n\t<meta property=\"og:image:height\" content=\"893\" \/>\n\t<meta property=\"og:image:type\" content=\"image\/jpeg\" \/>\n<meta name=\"author\" content=\"wpAdminCofbOrg\" \/>\n<meta name=\"twitter:card\" content=\"summary_large_image\" \/>\n<meta name=\"twitter:creator\" content=\"@farmaceuticsbcn\" \/>\n<meta name=\"twitter:site\" content=\"@farmaceuticsbcn\" \/>\n<meta name=\"twitter:label1\" content=\"Escrito por\" \/>\n\t<meta name=\"twitter:data1\" content=\"wpAdminCofbOrg\" \/>\n\t<meta name=\"twitter:label2\" content=\"Tiempo de lectura\" \/>\n\t<meta name=\"twitter:data2\" content=\"2 minutos\" \/>\n<script type=\"application\/ld+json\" class=\"yoast-schema-graph\">{\"@context\":\"https:\/\/schema.org\",\"@graph\":[{\"@type\":\"Article\",\"@id\":\"https:\/\/novaorg.cofb.net\/2023\/11\/20\/circular-farmaceutica-ja-disponible-ledicio-del-segon-quadrimestre-de-2023\/#article\",\"isPartOf\":{\"@id\":\"https:\/\/novaorg.cofb.net\/2023\/11\/20\/circular-farmaceutica-ja-disponible-ledicio-del-segon-quadrimestre-de-2023\/\"},\"author\":{\"name\":\"wpAdminCofbOrg\",\"@id\":\"https:\/\/www.cofb.org\/#\/schema\/person\/22ed7eea88da74b0fa4d3154ad87ffcb\"},\"headline\":\"Circular Farmac\u00e8utica: Ja disponible l\u2019edici\u00f3 del segon quadrimestre de 2023\",\"datePublished\":\"2023-11-20T12:52:30+00:00\",\"dateModified\":\"2023-11-29T11:54:59+00:00\",\"mainEntityOfPage\":{\"@id\":\"https:\/\/novaorg.cofb.net\/2023\/11\/20\/circular-farmaceutica-ja-disponible-ledicio-del-segon-quadrimestre-de-2023\/\"},\"wordCount\":347,\"commentCount\":0,\"publisher\":{\"@id\":\"https:\/\/www.cofb.org\/#organization\"},\"image\":{\"@id\":\"https:\/\/novaorg.cofb.net\/2023\/11\/20\/circular-farmaceutica-ja-disponible-ledicio-del-segon-quadrimestre-de-2023\/#primaryimage\"},\"thumbnailUrl\":\"https:\/\/www.cofb.org\/wp-content\/uploads\/2023\/11\/COFB_Circular_Segon-quadrimestre_10112023.jpg\",\"keywords\":[\"an\u00e0lisis cl\u00edniques\",\"Atenci\u00f3 farmac\u00e8utica\",\"casos cl\u00edniques\",\"celiaquia\",\"circular\",\"Circular Farmac\u00e8utica\",\"COFB\",\"Col\u00b7legi de Farmac\u00e8utics de Barcelona\",\"farmac\u00e8utics\",\"Farm\u00e0cia\",\"farmassist\u00e8ncia\",\"Formaci\u00f3\",\"migranya\",\"Salut p\u00fablica\",\"segon quadrimestre\"],\"articleSection\":[\"Destacats\",\"M\u00f3n col\u00b7legial\"],\"inLanguage\":\"es\",\"potentialAction\":[{\"@type\":\"CommentAction\",\"name\":\"Comment\",\"target\":[\"https:\/\/novaorg.cofb.net\/2023\/11\/20\/circular-farmaceutica-ja-disponible-ledicio-del-segon-quadrimestre-de-2023\/#respond\"]}]},{\"@type\":\"WebPage\",\"@id\":\"https:\/\/novaorg.cofb.net\/2023\/11\/20\/circular-farmaceutica-ja-disponible-ledicio-del-segon-quadrimestre-de-2023\/\",\"url\":\"https:\/\/novaorg.cofb.net\/2023\/11\/20\/circular-farmaceutica-ja-disponible-ledicio-del-segon-quadrimestre-de-2023\/\",\"name\":\"Circular Farmac\u00e8utica: Ja disponible l\u2019edici\u00f3 del segon quadrimestre de 2023 - Col\u00b7legi de Farmac\u00e8utics de Barcelona\",\"isPartOf\":{\"@id\":\"https:\/\/www.cofb.org\/#website\"},\"primaryImageOfPage\":{\"@id\":\"https:\/\/novaorg.cofb.net\/2023\/11\/20\/circular-farmaceutica-ja-disponible-ledicio-del-segon-quadrimestre-de-2023\/#primaryimage\"},\"image\":{\"@id\":\"https:\/\/novaorg.cofb.net\/2023\/11\/20\/circular-farmaceutica-ja-disponible-ledicio-del-segon-quadrimestre-de-2023\/#primaryimage\"},\"thumbnailUrl\":\"https:\/\/www.cofb.org\/wp-content\/uploads\/2023\/11\/COFB_Circular_Segon-quadrimestre_10112023.jpg\",\"datePublished\":\"2023-11-20T12:52:30+00:00\",\"dateModified\":\"2023-11-29T11:54:59+00:00\",\"description\":\"Ja es pot accedir a un\u00a0nou n\u00famero\u00a0de la\u00a0Circular Farmac\u00e8utica, la publicaci\u00f3 cient\u00edfica\u00a0que edita el\u00a0Col\u00b7legi de Farmac\u00e8utics de Barcelona.\",\"breadcrumb\":{\"@id\":\"https:\/\/novaorg.cofb.net\/2023\/11\/20\/circular-farmaceutica-ja-disponible-ledicio-del-segon-quadrimestre-de-2023\/#breadcrumb\"},\"inLanguage\":\"es\",\"potentialAction\":[{\"@type\":\"ReadAction\",\"target\":[\"https:\/\/novaorg.cofb.net\/2023\/11\/20\/circular-farmaceutica-ja-disponible-ledicio-del-segon-quadrimestre-de-2023\/\"]}]},{\"@type\":\"ImageObject\",\"inLanguage\":\"es\",\"@id\":\"https:\/\/novaorg.cofb.net\/2023\/11\/20\/circular-farmaceutica-ja-disponible-ledicio-del-segon-quadrimestre-de-2023\/#primaryimage\",\"url\":\"https:\/\/www.cofb.org\/wp-content\/uploads\/2023\/11\/COFB_Circular_Segon-quadrimestre_10112023.jpg\",\"contentUrl\":\"https:\/\/www.cofb.org\/wp-content\/uploads\/2023\/11\/COFB_Circular_Segon-quadrimestre_10112023.jpg\",\"width\":634,\"height\":893},{\"@type\":\"BreadcrumbList\",\"@id\":\"https:\/\/novaorg.cofb.net\/2023\/11\/20\/circular-farmaceutica-ja-disponible-ledicio-del-segon-quadrimestre-de-2023\/#breadcrumb\",\"itemListElement\":[{\"@type\":\"ListItem\",\"position\":1,\"name\":\"Inici\",\"item\":\"https:\/\/novaorg.cofb.net\/\"},{\"@type\":\"ListItem\",\"position\":2,\"name\":\"Circular Farmac\u00e8utica: Ja disponible l\u2019edici\u00f3 del segon quadrimestre de 2023\"}]},{\"@type\":\"WebSite\",\"@id\":\"https:\/\/www.cofb.org\/#website\",\"url\":\"https:\/\/www.cofb.org\/\",\"name\":\"Col\u00b7legi de Farmac\u00e8utics de Barcelona\",\"description\":\"\",\"publisher\":{\"@id\":\"https:\/\/www.cofb.org\/#organization\"},\"potentialAction\":[{\"@type\":\"SearchAction\",\"target\":{\"@type\":\"EntryPoint\",\"urlTemplate\":\"https:\/\/www.cofb.org\/?s={search_term_string}\"},\"query-input\":\"required name=search_term_string\"}],\"inLanguage\":\"es\"},{\"@type\":\"Organization\",\"@id\":\"https:\/\/www.cofb.org\/#organization\",\"name\":\"Col\u00b7legi de Farmac\u00e8utics de Barcelona\",\"url\":\"https:\/\/www.cofb.org\/\",\"logo\":{\"@type\":\"ImageObject\",\"inLanguage\":\"es\",\"@id\":\"https:\/\/www.cofb.org\/#\/schema\/logo\/image\/\",\"url\":\"https:\/\/www.cofb.org\/wp-content\/uploads\/2023\/11\/cropped-Logotip-COFB.png\",\"contentUrl\":\"https:\/\/www.cofb.org\/wp-content\/uploads\/2023\/11\/cropped-Logotip-COFB.png\",\"width\":500,\"height\":105,\"caption\":\"Col\u00b7legi de Farmac\u00e8utics de Barcelona\"},\"image\":{\"@id\":\"https:\/\/www.cofb.org\/#\/schema\/logo\/image\/\"},\"sameAs\":[\"https:\/\/www.facebook.com\/farmaceuticsbcn\/\",\"https:\/\/twitter.com\/farmaceuticsbcn\",\"https:\/\/www.instagram.com\/farmaceuticsbcn\/\",\"https:\/\/www.linkedin.com\/company\/farmaceuticsbcn\/\"]},{\"@type\":\"Person\",\"@id\":\"https:\/\/www.cofb.org\/#\/schema\/person\/22ed7eea88da74b0fa4d3154ad87ffcb\",\"name\":\"wpAdminCofbOrg\",\"image\":{\"@type\":\"ImageObject\",\"inLanguage\":\"es\",\"@id\":\"https:\/\/www.cofb.org\/#\/schema\/person\/image\/\",\"url\":\"https:\/\/secure.gravatar.com\/avatar\/1721b20b3b8ca882c3b56ec6c978c594fff670e40c0718e9190eaeeb76aae7d8?s=96&d=mm&r=g\",\"contentUrl\":\"https:\/\/secure.gravatar.com\/avatar\/1721b20b3b8ca882c3b56ec6c978c594fff670e40c0718e9190eaeeb76aae7d8?s=96&d=mm&r=g\",\"caption\":\"wpAdminCofbOrg\"},\"sameAs\":[\"http:\/\/192.168.64.122\/wordpress\"],\"url\":\"https:\/\/www.cofb.org\/es\/author\/wpadmincofborg\/\"}]}<\/script>\n<!-- \/ Yoast SEO plugin. -->","yoast_head_json":{"title":"Circular Farmac\u00e8utica: Ja disponible l\u2019edici\u00f3 del segon quadrimestre de 2023 - Col\u00b7legi de Farmac\u00e8utics de Barcelona","description":"Ja es pot accedir a un\u00a0nou n\u00famero\u00a0de la\u00a0Circular Farmac\u00e8utica, la publicaci\u00f3 cient\u00edfica\u00a0que edita el\u00a0Col\u00b7legi de Farmac\u00e8utics de Barcelona.","robots":{"index":"index","follow":"follow","max-snippet":"max-snippet:-1","max-image-preview":"max-image-preview:large","max-video-preview":"max-video-preview:-1"},"canonical":"https:\/\/novaorg.cofb.net\/2023\/11\/20\/circular-farmaceutica-ja-disponible-ledicio-del-segon-quadrimestre-de-2023\/","og_locale":"es_ES","og_type":"article","og_title":"Circular Farmac\u00e8utica: Ja disponible l\u2019edici\u00f3 del segon quadrimestre de 2023 - Col\u00b7legi de Farmac\u00e8utics de Barcelona","og_description":"Ja es pot accedir a un\u00a0nou n\u00famero\u00a0de la\u00a0Circular Farmac\u00e8utica, la publicaci\u00f3 cient\u00edfica\u00a0que edita el\u00a0Col\u00b7legi de Farmac\u00e8utics de Barcelona.","og_url":"https:\/\/novaorg.cofb.net\/2023\/11\/20\/circular-farmaceutica-ja-disponible-ledicio-del-segon-quadrimestre-de-2023\/","og_site_name":"Col\u00b7legi de Farmac\u00e8utics de Barcelona","article_publisher":"https:\/\/www.facebook.com\/farmaceuticsbcn\/","article_published_time":"2023-11-20T12:52:30+00:00","article_modified_time":"2023-11-29T11:54:59+00:00","og_image":[{"width":634,"height":893,"url":"https:\/\/novaorg.cofb.net\/wp-content\/uploads\/2023\/11\/COFB_Circular_Segon-quadrimestre_10112023.jpg","type":"image\/jpeg"}],"author":"wpAdminCofbOrg","twitter_card":"summary_large_image","twitter_creator":"@farmaceuticsbcn","twitter_site":"@farmaceuticsbcn","twitter_misc":{"Escrito por":"wpAdminCofbOrg","Tiempo de lectura":"2 minutos"},"schema":{"@context":"https:\/\/schema.org","@graph":[{"@type":"Article","@id":"https:\/\/novaorg.cofb.net\/2023\/11\/20\/circular-farmaceutica-ja-disponible-ledicio-del-segon-quadrimestre-de-2023\/#article","isPartOf":{"@id":"https:\/\/novaorg.cofb.net\/2023\/11\/20\/circular-farmaceutica-ja-disponible-ledicio-del-segon-quadrimestre-de-2023\/"},"author":{"name":"wpAdminCofbOrg","@id":"https:\/\/www.cofb.org\/#\/schema\/person\/22ed7eea88da74b0fa4d3154ad87ffcb"},"headline":"Circular Farmac\u00e8utica: Ja disponible l\u2019edici\u00f3 del segon quadrimestre de 2023","datePublished":"2023-11-20T12:52:30+00:00","dateModified":"2023-11-29T11:54:59+00:00","mainEntityOfPage":{"@id":"https:\/\/novaorg.cofb.net\/2023\/11\/20\/circular-farmaceutica-ja-disponible-ledicio-del-segon-quadrimestre-de-2023\/"},"wordCount":347,"commentCount":0,"publisher":{"@id":"https:\/\/www.cofb.org\/#organization"},"image":{"@id":"https:\/\/novaorg.cofb.net\/2023\/11\/20\/circular-farmaceutica-ja-disponible-ledicio-del-segon-quadrimestre-de-2023\/#primaryimage"},"thumbnailUrl":"https:\/\/www.cofb.org\/wp-content\/uploads\/2023\/11\/COFB_Circular_Segon-quadrimestre_10112023.jpg","keywords":["an\u00e0lisis cl\u00edniques","Atenci\u00f3 farmac\u00e8utica","casos cl\u00edniques","celiaquia","circular","Circular Farmac\u00e8utica","COFB","Col\u00b7legi de Farmac\u00e8utics de Barcelona","farmac\u00e8utics","Farm\u00e0cia","farmassist\u00e8ncia","Formaci\u00f3","migranya","Salut p\u00fablica","segon quadrimestre"],"articleSection":["Destacats","M\u00f3n col\u00b7legial"],"inLanguage":"es","potentialAction":[{"@type":"CommentAction","name":"Comment","target":["https:\/\/novaorg.cofb.net\/2023\/11\/20\/circular-farmaceutica-ja-disponible-ledicio-del-segon-quadrimestre-de-2023\/#respond"]}]},{"@type":"WebPage","@id":"https:\/\/novaorg.cofb.net\/2023\/11\/20\/circular-farmaceutica-ja-disponible-ledicio-del-segon-quadrimestre-de-2023\/","url":"https:\/\/novaorg.cofb.net\/2023\/11\/20\/circular-farmaceutica-ja-disponible-ledicio-del-segon-quadrimestre-de-2023\/","name":"Circular Farmac\u00e8utica: Ja disponible l\u2019edici\u00f3 del segon quadrimestre de 2023 - Col\u00b7legi de Farmac\u00e8utics de Barcelona","isPartOf":{"@id":"https:\/\/www.cofb.org\/#website"},"primaryImageOfPage":{"@id":"https:\/\/novaorg.cofb.net\/2023\/11\/20\/circular-farmaceutica-ja-disponible-ledicio-del-segon-quadrimestre-de-2023\/#primaryimage"},"image":{"@id":"https:\/\/novaorg.cofb.net\/2023\/11\/20\/circular-farmaceutica-ja-disponible-ledicio-del-segon-quadrimestre-de-2023\/#primaryimage"},"thumbnailUrl":"https:\/\/www.cofb.org\/wp-content\/uploads\/2023\/11\/COFB_Circular_Segon-quadrimestre_10112023.jpg","datePublished":"2023-11-20T12:52:30+00:00","dateModified":"2023-11-29T11:54:59+00:00","description":"Ja es pot accedir a un\u00a0nou n\u00famero\u00a0de la\u00a0Circular Farmac\u00e8utica, la publicaci\u00f3 cient\u00edfica\u00a0que edita el\u00a0Col\u00b7legi de Farmac\u00e8utics de Barcelona.","breadcrumb":{"@id":"https:\/\/novaorg.cofb.net\/2023\/11\/20\/circular-farmaceutica-ja-disponible-ledicio-del-segon-quadrimestre-de-2023\/#breadcrumb"},"inLanguage":"es","potentialAction":[{"@type":"ReadAction","target":["https:\/\/novaorg.cofb.net\/2023\/11\/20\/circular-farmaceutica-ja-disponible-ledicio-del-segon-quadrimestre-de-2023\/"]}]},{"@type":"ImageObject","inLanguage":"es","@id":"https:\/\/novaorg.cofb.net\/2023\/11\/20\/circular-farmaceutica-ja-disponible-ledicio-del-segon-quadrimestre-de-2023\/#primaryimage","url":"https:\/\/www.cofb.org\/wp-content\/uploads\/2023\/11\/COFB_Circular_Segon-quadrimestre_10112023.jpg","contentUrl":"https:\/\/www.cofb.org\/wp-content\/uploads\/2023\/11\/COFB_Circular_Segon-quadrimestre_10112023.jpg","width":634,"height":893},{"@type":"BreadcrumbList","@id":"https:\/\/novaorg.cofb.net\/2023\/11\/20\/circular-farmaceutica-ja-disponible-ledicio-del-segon-quadrimestre-de-2023\/#breadcrumb","itemListElement":[{"@type":"ListItem","position":1,"name":"Inici","item":"https:\/\/novaorg.cofb.net\/"},{"@type":"ListItem","position":2,"name":"Circular Farmac\u00e8utica: Ja disponible l\u2019edici\u00f3 del segon quadrimestre de 2023"}]},{"@type":"WebSite","@id":"https:\/\/www.cofb.org\/#website","url":"https:\/\/www.cofb.org\/","name":"Col\u00b7legi de Farmac\u00e8utics de Barcelona","description":"","publisher":{"@id":"https:\/\/www.cofb.org\/#organization"},"potentialAction":[{"@type":"SearchAction","target":{"@type":"EntryPoint","urlTemplate":"https:\/\/www.cofb.org\/?s={search_term_string}"},"query-input":"required name=search_term_string"}],"inLanguage":"es"},{"@type":"Organization","@id":"https:\/\/www.cofb.org\/#organization","name":"Col\u00b7legi de Farmac\u00e8utics de Barcelona","url":"https:\/\/www.cofb.org\/","logo":{"@type":"ImageObject","inLanguage":"es","@id":"https:\/\/www.cofb.org\/#\/schema\/logo\/image\/","url":"https:\/\/www.cofb.org\/wp-content\/uploads\/2023\/11\/cropped-Logotip-COFB.png","contentUrl":"https:\/\/www.cofb.org\/wp-content\/uploads\/2023\/11\/cropped-Logotip-COFB.png","width":500,"height":105,"caption":"Col\u00b7legi de Farmac\u00e8utics de Barcelona"},"image":{"@id":"https:\/\/www.cofb.org\/#\/schema\/logo\/image\/"},"sameAs":["https:\/\/www.facebook.com\/farmaceuticsbcn\/","https:\/\/twitter.com\/farmaceuticsbcn","https:\/\/www.instagram.com\/farmaceuticsbcn\/","https:\/\/www.linkedin.com\/company\/farmaceuticsbcn\/"]},{"@type":"Person","@id":"https:\/\/www.cofb.org\/#\/schema\/person\/22ed7eea88da74b0fa4d3154ad87ffcb","name":"wpAdminCofbOrg","image":{"@type":"ImageObject","inLanguage":"es","@id":"https:\/\/www.cofb.org\/#\/schema\/person\/image\/","url":"https:\/\/secure.gravatar.com\/avatar\/1721b20b3b8ca882c3b56ec6c978c594fff670e40c0718e9190eaeeb76aae7d8?s=96&d=mm&r=g","contentUrl":"https:\/\/secure.gravatar.com\/avatar\/1721b20b3b8ca882c3b56ec6c978c594fff670e40c0718e9190eaeeb76aae7d8?s=96&d=mm&r=g","caption":"wpAdminCofbOrg"},"sameAs":["http:\/\/192.168.64.122\/wordpress"],"url":"https:\/\/www.cofb.org\/es\/author\/wpadmincofborg\/"}]}},"uagb_featured_image_src":{"full":["https:\/\/www.cofb.org\/wp-content\/uploads\/2023\/11\/COFB_Circular_Segon-quadrimestre_10112023.jpg",634,893,false],"thumbnail":["https:\/\/www.cofb.org\/wp-content\/uploads\/2023\/11\/COFB_Circular_Segon-quadrimestre_10112023-150x150.jpg",150,150,true],"medium":["https:\/\/www.cofb.org\/wp-content\/uploads\/2023\/11\/COFB_Circular_Segon-quadrimestre_10112023-213x300.jpg",213,300,true],"medium_large":["https:\/\/www.cofb.org\/wp-content\/uploads\/2023\/11\/COFB_Circular_Segon-quadrimestre_10112023.jpg",634,893,false],"large":["https:\/\/www.cofb.org\/wp-content\/uploads\/2023\/11\/COFB_Circular_Segon-quadrimestre_10112023.jpg",634,893,false],"1536x1536":["https:\/\/www.cofb.org\/wp-content\/uploads\/2023\/11\/COFB_Circular_Segon-quadrimestre_10112023.jpg",634,893,false],"2048x2048":["https:\/\/www.cofb.org\/wp-content\/uploads\/2023\/11\/COFB_Circular_Segon-quadrimestre_10112023.jpg",634,893,false],"trp-custom-language-flag":["https:\/\/www.cofb.org\/wp-content\/uploads\/2023\/11\/COFB_Circular_Segon-quadrimestre_10112023-9x12.jpg",9,12,true]},"uagb_author_info":{"display_name":"wpAdminCofbOrg","author_link":"https:\/\/www.cofb.org\/es\/author\/wpadmincofborg\/"},"uagb_comment_info":0,"uagb_excerpt":"Ja es pot accedir a un&nbsp;nou n\u00famero&nbsp;de la&nbsp;Circular Farmac\u00e8utica, la publicaci\u00f3 cient\u00edfica&nbsp;que edita el&nbsp;Col\u00b7legi de Farmac\u00e8utics de Barcelona&nbsp;i que recull articles elaborats per professionals sanitaris de reconegut prestigi per a donar a con\u00e8ixer les&nbsp;novetats terap\u00e8utiques, aix\u00ed com continguts relacionats amb l\u2019atenci\u00f3&nbsp;farmac\u00e8utica i la salut p\u00fablica.&nbsp; En aquesta nova edici\u00f3&nbsp;destaquem&nbsp;els seg\u00fcents [&hellip;]","_links":{"self":[{"href":"https:\/\/www.cofb.org\/es\/wp-json\/wp\/v2\/posts\/70057","targetHints":{"allow":["GET"]}}],"collection":[{"href":"https:\/\/www.cofb.org\/es\/wp-json\/wp\/v2\/posts"}],"about":[{"href":"https:\/\/www.cofb.org\/es\/wp-json\/wp\/v2\/types\/post"}],"author":[{"embeddable":true,"href":"https:\/\/www.cofb.org\/es\/wp-json\/wp\/v2\/users\/1"}],"replies":[{"embeddable":true,"href":"https:\/\/www.cofb.org\/es\/wp-json\/wp\/v2\/comments?post=70057"}],"version-history":[{"count":2,"href":"https:\/\/www.cofb.org\/es\/wp-json\/wp\/v2\/posts\/70057\/revisions"}],"predecessor-version":[{"id":79080,"href":"https:\/\/www.cofb.org\/es\/wp-json\/wp\/v2\/posts\/70057\/revisions\/79080"}],"wp:featuredmedia":[{"embeddable":true,"href":"https:\/\/www.cofb.org\/es\/wp-json\/wp\/v2\/media\/70064"}],"wp:attachment":[{"href":"https:\/\/www.cofb.org\/es\/wp-json\/wp\/v2\/media?parent=70057"}],"wp:term":[{"taxonomy":"category","embeddable":true,"href":"https:\/\/www.cofb.org\/es\/wp-json\/wp\/v2\/categories?post=70057"},{"taxonomy":"post_tag","embeddable":true,"href":"https:\/\/www.cofb.org\/es\/wp-json\/wp\/v2\/tags?post=70057"}],"curies":[{"name":"wp","href":"https:\/\/api.w.org\/{rel}","templated":true}]}}