{"id":70056,"date":"2023-11-05T18:54:00","date_gmt":"2023-11-05T16:54:00","guid":{"rendered":"https:\/\/blog.cofb.cat\/?p=67628"},"modified":"2023-11-29T12:04:28","modified_gmt":"2023-11-29T12:04:28","slug":"com-estalviar-en-la-factura-de-la-llum-nova-conferencia-al-cofb","status":"publish","type":"post","link":"https:\/\/www.cofb.org\/es\/2023\/11\/05\/com-estalviar-en-la-factura-de-la-llum-nova-conferencia-al-cofb\/","title":{"rendered":"\u00bfC\u00f3mo ahorrar en la factura de la luz? Nueva conferencia en el COFB"},"content":{"rendered":"<p>El pasado 31 de octubre, el <strong>Col\u00b7legi de Farmac\u00e8utics de Barcelona (COFB)<\/strong> organiz\u00f3 la conferencia <strong>\u201cServicio de suministro el\u00e9ctrico. \u00bfC\u00f3mo ahorrar en la factura de la luz de la farmacia y el hogar? <\/strong>con el patrocinio de <strong><a href=\"https:\/\/www.cofbserveis.net\/\" target=\"_blank\" rel=\"noreferrer noopener\">COFBServicios<\/a><\/strong>. La conferencia, dirigida a profesionales farmac\u00e9uticos, corri\u00f3 a cargo de<strong>Agust\u00ed Ortega<\/strong>, ingeniero industrial y gerente de COFBServeis. La vicetesorera del Colegio y consejera delegada de COFBServeis, <strong>Marta Gento<\/strong>, coordin\u00f3 la sesi\u00f3n.<\/p>\n\n\n\n<figure class=\"wp-block-image size-large\"><a href=\"https:\/\/blog.cofb.cat\/wp-content\/uploads\/2023\/11\/COFB_SUBMINISTRAMENT-ELECTRIC_09112023_1-scaled.jpg\" target=\"_blank\" rel=\"noopener\"><img decoding=\"async\" src=\"https:\/\/blog.cofb.cat\/wp-content\/uploads\/2023\/11\/COFB_SUBMINISTRAMENT-ELECTRIC_09112023_1-1024x576.jpg\" alt=\"\" class=\"wp-image-67634\"\/><\/a><\/figure>\n\n\n\n<p>Los <strong>objetivos <\/strong>de la conferencia fueron <strong>explicar los criterios que definen la factura el\u00e9ctrica<\/strong>, las diferentes <strong>estrategias que utilizan las comercializadoras <\/strong>y las <strong>claves que pueden ayudar al ahorro en la factura.<\/strong><\/p>\n\n\n\n<p>La vicetesorera del Colegio y consejera delegada de COFBServeis, Marta Gento, present\u00f3 la conferencia haciendo un breve repaso de la empresa de servicios y compartiendo con las personas asistentes las <strong>\u00faltimas novedades puestas en marcha<\/strong>. En este sentido, destac\u00f3 el <strong>servicio gratuito de mantenimiento de extintores<\/strong> para clientes del servicio de Prevenci\u00f3n de Riesgos Laborales, que <strong>cuenta &quot;con m\u00e1s de 550 farmacias adheridas&quot;. <\/strong><\/p>\n\n\n\n<figure class=\"wp-block-image size-large\"><a href=\"https:\/\/blog.cofb.cat\/wp-content\/uploads\/2023\/11\/COFB_SUBMINISTRAMENT-ELECTRIC_09112023_2-scaled.jpg\" target=\"_blank\" rel=\"noopener\"><img decoding=\"async\" src=\"https:\/\/blog.cofb.cat\/wp-content\/uploads\/2023\/11\/COFB_SUBMINISTRAMENT-ELECTRIC_09112023_2-1024x576.jpg\" alt=\"Marta Gento, juntament amb Agust\u00ed Ortega, presentant la confer\u00e8ncia sobre el servei de subministrament el\u00e8ctric i com estalviar en la factura de la llum. \" class=\"wp-image-67635\" title=\"Marta Gento, junto con Agust\u00ed Ortega, presentando la conferencia sobre el servicio de suministro el\u00e9ctrico y c\u00f3mo ahorrar en la factura de la luz. \"\/><\/a><figcaption class=\"wp-element-caption\">Marta Gento, junto con Agust\u00ed Ortega, presentando la conferencia sobre el servicio de suministro el\u00e9ctrico y c\u00f3mo ahorrar en la factura de la luz. <\/figcaption><\/figure>\n\n\n\n<p>Gento record\u00f3 que, a partir del 27 de noviembre, se podr\u00e1 realizar la <strong>compra grupal de bolsas y sobres de papel<\/strong> y, como novedad, tambi\u00e9n de <strong>celo<\/strong> y <strong>papel t\u00e9rmico<\/strong>. Tambi\u00e9n hizo referencia al <strong>punto de atenci\u00f3n a colegiados y colegiadas de COFBServeis<\/strong>, un espacio habilitado recientemente en el vest\u00edbulo del Colegio, que <strong>permite ofrecer asesoramiento personalizado de todos los servicios y seguros.<\/strong><\/p>\n\n\n\n<h2 class=\"wp-block-heading\"><strong>Ahorrar en la factura de la luz de la farmacia y el hogar<\/strong><\/h2>\n\n\n\n<p>Seguidamente, Agust\u00ed Ortega, gerente de COFBServeis, inici\u00f3 la conferencia para saber <strong>\u201cc\u00f3mo reducir el coste de la factura de la luz<\/strong> y <strong>conocer a qu\u00e9 precio est\u00e1 pagando tanto la energ\u00eda consumida como la contratada <\/strong>y cu\u00e1les <strong>cambios debemos hacer para pagar menos dinero por la energ\u00eda que consumimos<\/strong>\u201d.<\/p>\n\n\n\n<p>Para empezar, repas\u00f3 el<strong>estructura del mercado el\u00e9ctrico<\/strong>, que tiene cuatro figuras principales: <strong>el generador de la energ\u00eda el\u00e9ctrica<\/strong>, a trav\u00e9s de mayoristas y minoristas;<strong> el transporte<\/strong>, mediante la Red El\u00e9ctrica de Espa\u00f1a; <strong>la distribuci\u00f3n<\/strong>, a trav\u00e9s de la cual \u201cse transporta la energ\u00eda de alta tensi\u00f3n a baja para que llegue a casa\u201d; <strong>&nbsp;y la comercializaci\u00f3n<\/strong>, que es la compa\u00f1\u00eda que nos factura la luz y la interlocutora frente a la distribuidora. Sobre el <strong>mercado regulado<\/strong> y el <strong>mercado libre<\/strong>, el gerente de COFBServeis expuso las <strong>principales diferencias entre ambos mercados <\/strong>en relaci\u00f3n al precio, las comercializadoras, la potencia, la permanencia, entre otros aspectos.<\/p>\n\n\n\n<figure class=\"wp-block-image size-large\"><a href=\"https:\/\/blog.cofb.cat\/wp-content\/uploads\/2023\/11\/COFB_SUBMINISTRAMENT-ELECTRIC_09112023_3-scaled.jpg\" target=\"_blank\" rel=\"noopener\"><img decoding=\"async\" src=\"https:\/\/blog.cofb.cat\/wp-content\/uploads\/2023\/11\/COFB_SUBMINISTRAMENT-ELECTRIC_09112023_3-1024x576.jpg\" alt=\"Agust\u00ed Ortega en un moment de la seva exposici\u00f3. \" class=\"wp-image-67636\" title=\"Agust\u00ed Ortega en un momento de su exposici\u00f3n. \"\/><\/a><figcaption class=\"wp-element-caption\">Agust\u00ed Ortega en un momento de su exposici\u00f3n. <\/figcaption><\/figure>\n\n\n\n<p>Aparte, tambi\u00e9n clarific\u00f3 a qu\u00e9 pertenecen los diferentes <strong>conceptos que constan en una factura de la luz<\/strong> como el IVA, el IEE, el margen, las primas, las tarifas de acceso a la red en t\u00e9rminos de energ\u00eda, el pago por capacidad, el coste de desviaciones, etc. De entre todos los costes, Ortega coment\u00f3 que <strong>&quot;cambiando de comercializadora podemos incidir en el coste de la energ\u00eda (coste de la energ\u00eda consumida y coste de la potencia contratada)&quot;.<\/strong> Aparte, tambi\u00e9n diferenci\u00f3 y explic\u00f3 los diferentes tipos de tarifas disponibles: la indexada, a precio fijo y la tarifa plana, \u201chappy hour\u201d y promociones.<\/p>\n\n\n\n<h2 class=\"wp-block-heading\"><strong>Servicio de suministro el\u00e9ctrico<\/strong><\/h2>\n\n\n\n<p><strong>\u201cExiste una gran variabilidad de las condiciones en las tarifas del mercado libre, incluso con la propia comercializadora\u201d<\/strong>, indic\u00f3 Agust\u00ed Ortega, tras realizar un <strong>estudio en 90 farmacias en 2021<\/strong>. A trav\u00e9s de este estudio, se analiz\u00f3 la energ\u00eda consumida en oficinas de farmacia con el precio voluntario por el peque\u00f1o consumidor y oficinas en el mercado libre, la potencia contratada y el consumo medio de las oficinas de farmacia y hogares.<\/p>\n\n\n\n<h3 class=\"wp-block-heading\"><strong>Estudio comparativo de las facturas de la luz y asesoramiento<\/strong><\/h3>\n\n\n\n<p>En la \u00faltima parte de la conferencia, el ingeniero industrial detall\u00f3 <strong>en el que consiste el servicio de Suministro El\u00e9ctrico que se ofrece a trav\u00e9s de COFBServeis.<\/strong> A partir del env\u00edo de dos facturas de la luz de la oficina de farmacia<strong>, la empresa de servicios del Colegio analiza la factura el\u00e9ctrica y hace un an\u00e1lisis desglosado de los precios<\/strong>. Seguidamente, y junto con la compa\u00f1\u00eda el\u00e9ctrica <strong>Lersa Energ\u00eda<\/strong>, <strong>comparan el precio de la energ\u00eda <\/strong>de la factura con la propuesta de precio indexado y presentan<strong> una propuesta al colegiado\/a.<\/strong><\/p>\n\n\n\n<p>Para cerrar la jornada, Ortega comparti\u00f3 con los asistentes diversos <strong>casos pr\u00e1cticos de estudios comparativos en relaci\u00f3n con las facturas de la luz<\/strong> de las oficinas de farmacia.<\/p>\n\n\n\n<p class=\"has-text-align-right\"><strong>Con el patrocinio de:<\/strong><\/p>\n\n\n\n<figure class=\"wp-block-image alignright size-medium is-resized\"><a href=\"https:\/\/www.cofbserveis.net\/\" target=\"_blank\" rel=\"noopener\"><img decoding=\"async\" src=\"https:\/\/blog.cofb.cat\/wp-content\/uploads\/2023\/11\/COFBServeis_logo_H_versio_color-300x109.png\" alt=\"\" class=\"wp-image-67631\" style=\"width:201px;height:73px\"\/><\/a><\/figure>\n\n\n\n<p><\/p>\n\n\n\n<p><\/p>\n\n\n\n<p><\/p>\n\n\n\n<p><strong>Otras publicaciones de inter\u00e9s:<\/strong><\/p>\n\n\n\n<ul class=\"wp-block-list\">\n<li><a href=\"https:\/\/blog.cofb.cat\/blog\/2023\/06\/19\/tot-el-que-cal-saber-sobre-la-compravenda-duna-farmacia-sessio-informativa-al-cofb\/\" target=\"_blank\" rel=\"noreferrer noopener\">Todo lo que hace falta saber sobre la compraventa de una farmacia. Sesi\u00f3n informativa en el COFB (Junio 2023)<\/a><\/li>\n\n\n\n<li><a href=\"https:\/\/blog.cofb.cat\/blog\/2023\/03\/22\/farmaceutics-comunitaris-sactualitzen-al-cofb-en-el-maneig-de-dispositius-dadministracio-dinsulines\/\" target=\"_blank\" rel=\"noreferrer noopener\">Farmac\u00e9uticos comunitarios se actualizan en el COFB en el manejo de dispositivos de administraci\u00f3n de insulinas (Marzo 2023)<\/a><\/li>\n\n\n\n<li><a href=\"https:\/\/blog.cofb.cat\/blog\/2022\/12\/12\/dermofarmacia-i-oncologia-actuacions-des-de-la-farmacia-comunitaria\/\" target=\"_blank\" rel=\"noreferrer noopener\">Dermofarmacia y oncolog\u00eda. Actuaciones desde la farmacia comunitaria (Diciembre 2022)<\/a><\/li>\n<\/ul>","protected":false},"excerpt":{"rendered":"<p>El pasado 31 de octubre, el Colegio de Farmac\u00e9uticos de Barcelona (COFB) organiz\u00f3 la conferencia \u201cServicio de suministro el\u00e9ctrico. \u00bfC\u00f3mo ahorrar en la factura de la luz de la farmacia y el hogar? con el patrocinio de COFBServeis. La conferencia, dirigida a profesionales farmac\u00e9uticos, corri\u00f3 a cargo de Agust\u00ed Ortega, [\u2026]<\/p>","protected":false},"author":1,"featured_media":70075,"comment_status":"open","ping_status":"open","sticky":false,"template":"","format":"standard","meta":{"_uag_custom_page_level_css":"","site-sidebar-layout":"default","site-content-layout":"","ast-site-content-layout":"default","site-content-style":"default","site-sidebar-style":"default","ast-global-header-display":"","ast-banner-title-visibility":"","ast-main-header-display":"","ast-hfb-above-header-display":"","ast-hfb-below-header-display":"","ast-hfb-mobile-header-display":"","site-post-title":"","ast-breadcrumbs-content":"","ast-featured-img":"disabled","footer-sml-layout":"","theme-transparent-header-meta":"","adv-header-id-meta":"","stick-header-meta":"","header-above-stick-meta":"","header-main-stick-meta":"","header-below-stick-meta":"","astra-migrate-meta-layouts":"set","ast-page-background-enabled":"default","ast-page-background-meta":{"desktop":{"background-color":"var(--ast-global-color-4)","background-image":"","background-repeat":"repeat","background-position":"center center","background-size":"auto","background-attachment":"scroll","background-type":"","background-media":"","overlay-type":"","overlay-color":"","overlay-opacity":"","overlay-gradient":""},"tablet":{"background-color":"","background-image":"","background-repeat":"repeat","background-position":"center center","background-size":"auto","background-attachment":"scroll","background-type":"","background-media":"","overlay-type":"","overlay-color":"","overlay-opacity":"","overlay-gradient":""},"mobile":{"background-color":"","background-image":"","background-repeat":"repeat","background-position":"center center","background-size":"auto","background-attachment":"scroll","background-type":"","background-media":"","overlay-type":"","overlay-color":"","overlay-opacity":"","overlay-gradient":""}},"ast-content-background-meta":{"desktop":{"background-color":"var(--ast-global-color-5)","background-image":"","background-repeat":"repeat","background-position":"center center","background-size":"auto","background-attachment":"scroll","background-type":"","background-media":"","overlay-type":"","overlay-color":"","overlay-opacity":"","overlay-gradient":""},"tablet":{"background-color":"var(--ast-global-color-5)","background-image":"","background-repeat":"repeat","background-position":"center center","background-size":"auto","background-attachment":"scroll","background-type":"","background-media":"","overlay-type":"","overlay-color":"","overlay-opacity":"","overlay-gradient":""},"mobile":{"background-color":"var(--ast-global-color-5)","background-image":"","background-repeat":"repeat","background-position":"center center","background-size":"auto","background-attachment":"scroll","background-type":"","background-media":"","overlay-type":"","overlay-color":"","overlay-opacity":"","overlay-gradient":""}},"footnotes":""},"categories":[23,57],"tags":[18,4810,19,4811,4812,53,68,69,70,4813,4814,76,4815],"class_list":["post-70056","post","type-post","status-publish","format-standard","has-post-thumbnail","hentry","category-destacats","category-mon-collegial","tag-cofb","tag-cofb-serveis","tag-collegi-de-farmaceutics-de-barcelona","tag-electricitat","tag-factura-electrica","tag-farmaceutics","tag-farmacia","tag-farmacia-comunitaria","tag-formacio","tag-llum","tag-mercat-electric","tag-oficina-de-farmacia","tag-servei-de-subministrament-electric"],"yoast_head":"<!-- This site is optimized with the Yoast SEO plugin v22.4 - https:\/\/yoast.com\/wordpress\/plugins\/seo\/ -->\n<title>Com estalviar en la factura de la llum? Nova confer\u00e8ncia al COFB - Col\u00b7legi de Farmac\u00e8utics de Barcelona<\/title>\n<meta name=\"description\" content=\"El Col\u00b7legi de Farmac\u00e8utics de Barcelona va organitzar la confer\u00e8ncia \u201cServei de subministrament el\u00e8ctric. Com estalviar en la factura de la llum de la farm\u00e0cia i la llar?\u201d\" \/>\n<meta name=\"robots\" content=\"index, follow, max-snippet:-1, max-image-preview:large, max-video-preview:-1\" \/>\n<link rel=\"canonical\" href=\"https:\/\/novaorg.cofb.net\/2023\/11\/05\/com-estalviar-en-la-factura-de-la-llum-nova-conferencia-al-cofb\/\" \/>\n<meta property=\"og:locale\" content=\"es_ES\" \/>\n<meta property=\"og:type\" content=\"article\" \/>\n<meta property=\"og:title\" content=\"Com estalviar en la factura de la llum? Nova confer\u00e8ncia al COFB - Col\u00b7legi de Farmac\u00e8utics de Barcelona\" \/>\n<meta property=\"og:description\" content=\"El Col\u00b7legi de Farmac\u00e8utics de Barcelona va organitzar la confer\u00e8ncia \u201cServei de subministrament el\u00e8ctric. Com estalviar en la factura de la llum de la farm\u00e0cia i la llar?\u201d\" \/>\n<meta property=\"og:url\" content=\"https:\/\/novaorg.cofb.net\/2023\/11\/05\/com-estalviar-en-la-factura-de-la-llum-nova-conferencia-al-cofb\/\" \/>\n<meta property=\"og:site_name\" content=\"Col\u00b7legi de Farmac\u00e8utics de Barcelona\" \/>\n<meta property=\"article:publisher\" content=\"https:\/\/www.facebook.com\/farmaceuticsbcn\/\" \/>\n<meta property=\"article:published_time\" content=\"2023-11-05T16:54:00+00:00\" \/>\n<meta property=\"article:modified_time\" content=\"2023-11-29T12:04:28+00:00\" \/>\n<meta property=\"og:image\" content=\"https:\/\/novaorg.cofb.net\/wp-content\/uploads\/2023\/11\/COFB_SUBMINISTRAMENT-ELECTRIC_09112023_1-1024x576-1.jpg\" \/>\n\t<meta property=\"og:image:width\" content=\"1024\" \/>\n\t<meta property=\"og:image:height\" content=\"576\" \/>\n\t<meta property=\"og:image:type\" content=\"image\/jpeg\" \/>\n<meta name=\"author\" content=\"wpAdminCofbOrg\" \/>\n<meta name=\"twitter:card\" content=\"summary_large_image\" \/>\n<meta name=\"twitter:creator\" content=\"@farmaceuticsbcn\" \/>\n<meta name=\"twitter:site\" content=\"@farmaceuticsbcn\" \/>\n<meta name=\"twitter:label1\" content=\"Escrito por\" \/>\n\t<meta name=\"twitter:data1\" content=\"wpAdminCofbOrg\" \/>\n\t<meta name=\"twitter:label2\" content=\"Tiempo de lectura\" \/>\n\t<meta name=\"twitter:data2\" content=\"5 minutos\" \/>\n<script type=\"application\/ld+json\" class=\"yoast-schema-graph\">{\"@context\":\"https:\/\/schema.org\",\"@graph\":[{\"@type\":\"Article\",\"@id\":\"https:\/\/novaorg.cofb.net\/2023\/11\/05\/com-estalviar-en-la-factura-de-la-llum-nova-conferencia-al-cofb\/#article\",\"isPartOf\":{\"@id\":\"https:\/\/novaorg.cofb.net\/2023\/11\/05\/com-estalviar-en-la-factura-de-la-llum-nova-conferencia-al-cofb\/\"},\"author\":{\"name\":\"wpAdminCofbOrg\",\"@id\":\"https:\/\/www.cofb.org\/#\/schema\/person\/22ed7eea88da74b0fa4d3154ad87ffcb\"},\"headline\":\"Com estalviar en la factura de la llum? Nova confer\u00e8ncia al COFB\",\"datePublished\":\"2023-11-05T16:54:00+00:00\",\"dateModified\":\"2023-11-29T12:04:28+00:00\",\"mainEntityOfPage\":{\"@id\":\"https:\/\/novaorg.cofb.net\/2023\/11\/05\/com-estalviar-en-la-factura-de-la-llum-nova-conferencia-al-cofb\/\"},\"wordCount\":890,\"commentCount\":0,\"publisher\":{\"@id\":\"https:\/\/www.cofb.org\/#organization\"},\"image\":{\"@id\":\"https:\/\/novaorg.cofb.net\/2023\/11\/05\/com-estalviar-en-la-factura-de-la-llum-nova-conferencia-al-cofb\/#primaryimage\"},\"thumbnailUrl\":\"https:\/\/www.cofb.org\/wp-content\/uploads\/2023\/11\/COFB_SUBMINISTRAMENT-ELECTRIC_09112023_1-1024x576-1.jpg\",\"keywords\":[\"COFB\",\"COFB Serveis\",\"Col\u00b7legi de Farmac\u00e8utics de Barcelona\",\"electricitat\",\"factura el\u00e8ctrica\",\"farmac\u00e8utics\",\"Farm\u00e0cia\",\"farm\u00e0cia comunit\u00e0ria\",\"Formaci\u00f3\",\"llum\",\"mercat el\u00e8ctric\",\"Oficina de farm\u00e0cia\",\"Servei de subministrament el\u00e8ctric\"],\"articleSection\":[\"Destacats\",\"M\u00f3n col\u00b7legial\"],\"inLanguage\":\"es\",\"potentialAction\":[{\"@type\":\"CommentAction\",\"name\":\"Comment\",\"target\":[\"https:\/\/novaorg.cofb.net\/2023\/11\/05\/com-estalviar-en-la-factura-de-la-llum-nova-conferencia-al-cofb\/#respond\"]}]},{\"@type\":\"WebPage\",\"@id\":\"https:\/\/novaorg.cofb.net\/2023\/11\/05\/com-estalviar-en-la-factura-de-la-llum-nova-conferencia-al-cofb\/\",\"url\":\"https:\/\/novaorg.cofb.net\/2023\/11\/05\/com-estalviar-en-la-factura-de-la-llum-nova-conferencia-al-cofb\/\",\"name\":\"Com estalviar en la factura de la llum? Nova confer\u00e8ncia al COFB - Col\u00b7legi de Farmac\u00e8utics de Barcelona\",\"isPartOf\":{\"@id\":\"https:\/\/www.cofb.org\/#website\"},\"primaryImageOfPage\":{\"@id\":\"https:\/\/novaorg.cofb.net\/2023\/11\/05\/com-estalviar-en-la-factura-de-la-llum-nova-conferencia-al-cofb\/#primaryimage\"},\"image\":{\"@id\":\"https:\/\/novaorg.cofb.net\/2023\/11\/05\/com-estalviar-en-la-factura-de-la-llum-nova-conferencia-al-cofb\/#primaryimage\"},\"thumbnailUrl\":\"https:\/\/www.cofb.org\/wp-content\/uploads\/2023\/11\/COFB_SUBMINISTRAMENT-ELECTRIC_09112023_1-1024x576-1.jpg\",\"datePublished\":\"2023-11-05T16:54:00+00:00\",\"dateModified\":\"2023-11-29T12:04:28+00:00\",\"description\":\"El Col\u00b7legi de Farmac\u00e8utics de Barcelona va organitzar la confer\u00e8ncia \u201cServei de subministrament el\u00e8ctric. Com estalviar en la factura de la llum de la farm\u00e0cia i la llar?\u201d\",\"breadcrumb\":{\"@id\":\"https:\/\/novaorg.cofb.net\/2023\/11\/05\/com-estalviar-en-la-factura-de-la-llum-nova-conferencia-al-cofb\/#breadcrumb\"},\"inLanguage\":\"es\",\"potentialAction\":[{\"@type\":\"ReadAction\",\"target\":[\"https:\/\/novaorg.cofb.net\/2023\/11\/05\/com-estalviar-en-la-factura-de-la-llum-nova-conferencia-al-cofb\/\"]}]},{\"@type\":\"ImageObject\",\"inLanguage\":\"es\",\"@id\":\"https:\/\/novaorg.cofb.net\/2023\/11\/05\/com-estalviar-en-la-factura-de-la-llum-nova-conferencia-al-cofb\/#primaryimage\",\"url\":\"https:\/\/www.cofb.org\/wp-content\/uploads\/2023\/11\/COFB_SUBMINISTRAMENT-ELECTRIC_09112023_1-1024x576-1.jpg\",\"contentUrl\":\"https:\/\/www.cofb.org\/wp-content\/uploads\/2023\/11\/COFB_SUBMINISTRAMENT-ELECTRIC_09112023_1-1024x576-1.jpg\",\"width\":1024,\"height\":576},{\"@type\":\"BreadcrumbList\",\"@id\":\"https:\/\/novaorg.cofb.net\/2023\/11\/05\/com-estalviar-en-la-factura-de-la-llum-nova-conferencia-al-cofb\/#breadcrumb\",\"itemListElement\":[{\"@type\":\"ListItem\",\"position\":1,\"name\":\"Inici\",\"item\":\"https:\/\/novaorg.cofb.net\/\"},{\"@type\":\"ListItem\",\"position\":2,\"name\":\"Com estalviar en la factura de la llum? Nova confer\u00e8ncia al COFB\"}]},{\"@type\":\"WebSite\",\"@id\":\"https:\/\/www.cofb.org\/#website\",\"url\":\"https:\/\/www.cofb.org\/\",\"name\":\"Col\u00b7legi de Farmac\u00e8utics de Barcelona\",\"description\":\"\",\"publisher\":{\"@id\":\"https:\/\/www.cofb.org\/#organization\"},\"potentialAction\":[{\"@type\":\"SearchAction\",\"target\":{\"@type\":\"EntryPoint\",\"urlTemplate\":\"https:\/\/www.cofb.org\/?s={search_term_string}\"},\"query-input\":\"required name=search_term_string\"}],\"inLanguage\":\"es\"},{\"@type\":\"Organization\",\"@id\":\"https:\/\/www.cofb.org\/#organization\",\"name\":\"Col\u00b7legi de Farmac\u00e8utics de Barcelona\",\"url\":\"https:\/\/www.cofb.org\/\",\"logo\":{\"@type\":\"ImageObject\",\"inLanguage\":\"es\",\"@id\":\"https:\/\/www.cofb.org\/#\/schema\/logo\/image\/\",\"url\":\"https:\/\/www.cofb.org\/wp-content\/uploads\/2023\/11\/cropped-Logotip-COFB.png\",\"contentUrl\":\"https:\/\/www.cofb.org\/wp-content\/uploads\/2023\/11\/cropped-Logotip-COFB.png\",\"width\":500,\"height\":105,\"caption\":\"Col\u00b7legi de Farmac\u00e8utics de Barcelona\"},\"image\":{\"@id\":\"https:\/\/www.cofb.org\/#\/schema\/logo\/image\/\"},\"sameAs\":[\"https:\/\/www.facebook.com\/farmaceuticsbcn\/\",\"https:\/\/twitter.com\/farmaceuticsbcn\",\"https:\/\/www.instagram.com\/farmaceuticsbcn\/\",\"https:\/\/www.linkedin.com\/company\/farmaceuticsbcn\/\"]},{\"@type\":\"Person\",\"@id\":\"https:\/\/www.cofb.org\/#\/schema\/person\/22ed7eea88da74b0fa4d3154ad87ffcb\",\"name\":\"wpAdminCofbOrg\",\"image\":{\"@type\":\"ImageObject\",\"inLanguage\":\"es\",\"@id\":\"https:\/\/www.cofb.org\/#\/schema\/person\/image\/\",\"url\":\"https:\/\/secure.gravatar.com\/avatar\/1721b20b3b8ca882c3b56ec6c978c594fff670e40c0718e9190eaeeb76aae7d8?s=96&d=mm&r=g\",\"contentUrl\":\"https:\/\/secure.gravatar.com\/avatar\/1721b20b3b8ca882c3b56ec6c978c594fff670e40c0718e9190eaeeb76aae7d8?s=96&d=mm&r=g\",\"caption\":\"wpAdminCofbOrg\"},\"sameAs\":[\"http:\/\/192.168.64.122\/wordpress\"],\"url\":\"https:\/\/www.cofb.org\/es\/author\/wpadmincofborg\/\"}]}<\/script>\n<!-- \/ Yoast SEO plugin. -->","yoast_head_json":{"title":"Com estalviar en la factura de la llum? Nova confer\u00e8ncia al COFB - Col\u00b7legi de Farmac\u00e8utics de Barcelona","description":"El Col\u00b7legi de Farmac\u00e8utics de Barcelona va organitzar la confer\u00e8ncia \u201cServei de subministrament el\u00e8ctric. Com estalviar en la factura de la llum de la farm\u00e0cia i la llar?\u201d","robots":{"index":"index","follow":"follow","max-snippet":"max-snippet:-1","max-image-preview":"max-image-preview:large","max-video-preview":"max-video-preview:-1"},"canonical":"https:\/\/novaorg.cofb.net\/2023\/11\/05\/com-estalviar-en-la-factura-de-la-llum-nova-conferencia-al-cofb\/","og_locale":"es_ES","og_type":"article","og_title":"Com estalviar en la factura de la llum? Nova confer\u00e8ncia al COFB - Col\u00b7legi de Farmac\u00e8utics de Barcelona","og_description":"El Col\u00b7legi de Farmac\u00e8utics de Barcelona va organitzar la confer\u00e8ncia \u201cServei de subministrament el\u00e8ctric. Com estalviar en la factura de la llum de la farm\u00e0cia i la llar?\u201d","og_url":"https:\/\/novaorg.cofb.net\/2023\/11\/05\/com-estalviar-en-la-factura-de-la-llum-nova-conferencia-al-cofb\/","og_site_name":"Col\u00b7legi de Farmac\u00e8utics de Barcelona","article_publisher":"https:\/\/www.facebook.com\/farmaceuticsbcn\/","article_published_time":"2023-11-05T16:54:00+00:00","article_modified_time":"2023-11-29T12:04:28+00:00","og_image":[{"width":1024,"height":576,"url":"https:\/\/novaorg.cofb.net\/wp-content\/uploads\/2023\/11\/COFB_SUBMINISTRAMENT-ELECTRIC_09112023_1-1024x576-1.jpg","type":"image\/jpeg"}],"author":"wpAdminCofbOrg","twitter_card":"summary_large_image","twitter_creator":"@farmaceuticsbcn","twitter_site":"@farmaceuticsbcn","twitter_misc":{"Escrito por":"wpAdminCofbOrg","Tiempo de lectura":"5 minutos"},"schema":{"@context":"https:\/\/schema.org","@graph":[{"@type":"Article","@id":"https:\/\/novaorg.cofb.net\/2023\/11\/05\/com-estalviar-en-la-factura-de-la-llum-nova-conferencia-al-cofb\/#article","isPartOf":{"@id":"https:\/\/novaorg.cofb.net\/2023\/11\/05\/com-estalviar-en-la-factura-de-la-llum-nova-conferencia-al-cofb\/"},"author":{"name":"wpAdminCofbOrg","@id":"https:\/\/www.cofb.org\/#\/schema\/person\/22ed7eea88da74b0fa4d3154ad87ffcb"},"headline":"Com estalviar en la factura de la llum? Nova confer\u00e8ncia al COFB","datePublished":"2023-11-05T16:54:00+00:00","dateModified":"2023-11-29T12:04:28+00:00","mainEntityOfPage":{"@id":"https:\/\/novaorg.cofb.net\/2023\/11\/05\/com-estalviar-en-la-factura-de-la-llum-nova-conferencia-al-cofb\/"},"wordCount":890,"commentCount":0,"publisher":{"@id":"https:\/\/www.cofb.org\/#organization"},"image":{"@id":"https:\/\/novaorg.cofb.net\/2023\/11\/05\/com-estalviar-en-la-factura-de-la-llum-nova-conferencia-al-cofb\/#primaryimage"},"thumbnailUrl":"https:\/\/www.cofb.org\/wp-content\/uploads\/2023\/11\/COFB_SUBMINISTRAMENT-ELECTRIC_09112023_1-1024x576-1.jpg","keywords":["COFB","COFB Serveis","Col\u00b7legi de Farmac\u00e8utics de Barcelona","electricitat","factura el\u00e8ctrica","farmac\u00e8utics","Farm\u00e0cia","farm\u00e0cia comunit\u00e0ria","Formaci\u00f3","llum","mercat el\u00e8ctric","Oficina de farm\u00e0cia","Servei de subministrament el\u00e8ctric"],"articleSection":["Destacats","M\u00f3n col\u00b7legial"],"inLanguage":"es","potentialAction":[{"@type":"CommentAction","name":"Comment","target":["https:\/\/novaorg.cofb.net\/2023\/11\/05\/com-estalviar-en-la-factura-de-la-llum-nova-conferencia-al-cofb\/#respond"]}]},{"@type":"WebPage","@id":"https:\/\/novaorg.cofb.net\/2023\/11\/05\/com-estalviar-en-la-factura-de-la-llum-nova-conferencia-al-cofb\/","url":"https:\/\/novaorg.cofb.net\/2023\/11\/05\/com-estalviar-en-la-factura-de-la-llum-nova-conferencia-al-cofb\/","name":"Com estalviar en la factura de la llum? Nova confer\u00e8ncia al COFB - Col\u00b7legi de Farmac\u00e8utics de Barcelona","isPartOf":{"@id":"https:\/\/www.cofb.org\/#website"},"primaryImageOfPage":{"@id":"https:\/\/novaorg.cofb.net\/2023\/11\/05\/com-estalviar-en-la-factura-de-la-llum-nova-conferencia-al-cofb\/#primaryimage"},"image":{"@id":"https:\/\/novaorg.cofb.net\/2023\/11\/05\/com-estalviar-en-la-factura-de-la-llum-nova-conferencia-al-cofb\/#primaryimage"},"thumbnailUrl":"https:\/\/www.cofb.org\/wp-content\/uploads\/2023\/11\/COFB_SUBMINISTRAMENT-ELECTRIC_09112023_1-1024x576-1.jpg","datePublished":"2023-11-05T16:54:00+00:00","dateModified":"2023-11-29T12:04:28+00:00","description":"El Col\u00b7legi de Farmac\u00e8utics de Barcelona va organitzar la confer\u00e8ncia \u201cServei de subministrament el\u00e8ctric. Com estalviar en la factura de la llum de la farm\u00e0cia i la llar?\u201d","breadcrumb":{"@id":"https:\/\/novaorg.cofb.net\/2023\/11\/05\/com-estalviar-en-la-factura-de-la-llum-nova-conferencia-al-cofb\/#breadcrumb"},"inLanguage":"es","potentialAction":[{"@type":"ReadAction","target":["https:\/\/novaorg.cofb.net\/2023\/11\/05\/com-estalviar-en-la-factura-de-la-llum-nova-conferencia-al-cofb\/"]}]},{"@type":"ImageObject","inLanguage":"es","@id":"https:\/\/novaorg.cofb.net\/2023\/11\/05\/com-estalviar-en-la-factura-de-la-llum-nova-conferencia-al-cofb\/#primaryimage","url":"https:\/\/www.cofb.org\/wp-content\/uploads\/2023\/11\/COFB_SUBMINISTRAMENT-ELECTRIC_09112023_1-1024x576-1.jpg","contentUrl":"https:\/\/www.cofb.org\/wp-content\/uploads\/2023\/11\/COFB_SUBMINISTRAMENT-ELECTRIC_09112023_1-1024x576-1.jpg","width":1024,"height":576},{"@type":"BreadcrumbList","@id":"https:\/\/novaorg.cofb.net\/2023\/11\/05\/com-estalviar-en-la-factura-de-la-llum-nova-conferencia-al-cofb\/#breadcrumb","itemListElement":[{"@type":"ListItem","position":1,"name":"Inici","item":"https:\/\/novaorg.cofb.net\/"},{"@type":"ListItem","position":2,"name":"Com estalviar en la factura de la llum? Nova confer\u00e8ncia al COFB"}]},{"@type":"WebSite","@id":"https:\/\/www.cofb.org\/#website","url":"https:\/\/www.cofb.org\/","name":"Col\u00b7legi de Farmac\u00e8utics de Barcelona","description":"","publisher":{"@id":"https:\/\/www.cofb.org\/#organization"},"potentialAction":[{"@type":"SearchAction","target":{"@type":"EntryPoint","urlTemplate":"https:\/\/www.cofb.org\/?s={search_term_string}"},"query-input":"required name=search_term_string"}],"inLanguage":"es"},{"@type":"Organization","@id":"https:\/\/www.cofb.org\/#organization","name":"Col\u00b7legi de Farmac\u00e8utics de Barcelona","url":"https:\/\/www.cofb.org\/","logo":{"@type":"ImageObject","inLanguage":"es","@id":"https:\/\/www.cofb.org\/#\/schema\/logo\/image\/","url":"https:\/\/www.cofb.org\/wp-content\/uploads\/2023\/11\/cropped-Logotip-COFB.png","contentUrl":"https:\/\/www.cofb.org\/wp-content\/uploads\/2023\/11\/cropped-Logotip-COFB.png","width":500,"height":105,"caption":"Col\u00b7legi de Farmac\u00e8utics de Barcelona"},"image":{"@id":"https:\/\/www.cofb.org\/#\/schema\/logo\/image\/"},"sameAs":["https:\/\/www.facebook.com\/farmaceuticsbcn\/","https:\/\/twitter.com\/farmaceuticsbcn","https:\/\/www.instagram.com\/farmaceuticsbcn\/","https:\/\/www.linkedin.com\/company\/farmaceuticsbcn\/"]},{"@type":"Person","@id":"https:\/\/www.cofb.org\/#\/schema\/person\/22ed7eea88da74b0fa4d3154ad87ffcb","name":"wpAdminCofbOrg","image":{"@type":"ImageObject","inLanguage":"es","@id":"https:\/\/www.cofb.org\/#\/schema\/person\/image\/","url":"https:\/\/secure.gravatar.com\/avatar\/1721b20b3b8ca882c3b56ec6c978c594fff670e40c0718e9190eaeeb76aae7d8?s=96&d=mm&r=g","contentUrl":"https:\/\/secure.gravatar.com\/avatar\/1721b20b3b8ca882c3b56ec6c978c594fff670e40c0718e9190eaeeb76aae7d8?s=96&d=mm&r=g","caption":"wpAdminCofbOrg"},"sameAs":["http:\/\/192.168.64.122\/wordpress"],"url":"https:\/\/www.cofb.org\/es\/author\/wpadmincofborg\/"}]}},"uagb_featured_image_src":{"full":["https:\/\/www.cofb.org\/wp-content\/uploads\/2023\/11\/COFB_SUBMINISTRAMENT-ELECTRIC_09112023_1-1024x576-1.jpg",1024,576,false],"thumbnail":["https:\/\/www.cofb.org\/wp-content\/uploads\/2023\/11\/COFB_SUBMINISTRAMENT-ELECTRIC_09112023_1-1024x576-1-150x150.jpg",150,150,true],"medium":["https:\/\/www.cofb.org\/wp-content\/uploads\/2023\/11\/COFB_SUBMINISTRAMENT-ELECTRIC_09112023_1-1024x576-1-300x169.jpg",300,169,true],"medium_large":["https:\/\/www.cofb.org\/wp-content\/uploads\/2023\/11\/COFB_SUBMINISTRAMENT-ELECTRIC_09112023_1-1024x576-1-768x432.jpg",768,432,true],"large":["https:\/\/www.cofb.org\/wp-content\/uploads\/2023\/11\/COFB_SUBMINISTRAMENT-ELECTRIC_09112023_1-1024x576-1.jpg",1024,576,false],"1536x1536":["https:\/\/www.cofb.org\/wp-content\/uploads\/2023\/11\/COFB_SUBMINISTRAMENT-ELECTRIC_09112023_1-1024x576-1.jpg",1024,576,false],"2048x2048":["https:\/\/www.cofb.org\/wp-content\/uploads\/2023\/11\/COFB_SUBMINISTRAMENT-ELECTRIC_09112023_1-1024x576-1.jpg",1024,576,false],"trp-custom-language-flag":["https:\/\/www.cofb.org\/wp-content\/uploads\/2023\/11\/COFB_SUBMINISTRAMENT-ELECTRIC_09112023_1-1024x576-1-18x10.jpg",18,10,true]},"uagb_author_info":{"display_name":"wpAdminCofbOrg","author_link":"https:\/\/www.cofb.org\/es\/author\/wpadmincofborg\/"},"uagb_comment_info":0,"uagb_excerpt":"El passat 31 d\u2019octubre, el Col\u00b7legi de Farmac\u00e8utics de Barcelona (COFB) va organitzar la confer\u00e8ncia \u201cServei de subministrament el\u00e8ctric. Com estalviar en la factura de la llum de la farm\u00e0cia i la llar?\u201d amb el patrocini de COFBServeis. La confer\u00e8ncia, dirigida a professionals farmac\u00e8utics, va anar a c\u00e0rrec d\u2019Agust\u00ed Ortega, [&hellip;]","_links":{"self":[{"href":"https:\/\/www.cofb.org\/es\/wp-json\/wp\/v2\/posts\/70056","targetHints":{"allow":["GET"]}}],"collection":[{"href":"https:\/\/www.cofb.org\/es\/wp-json\/wp\/v2\/posts"}],"about":[{"href":"https:\/\/www.cofb.org\/es\/wp-json\/wp\/v2\/types\/post"}],"author":[{"embeddable":true,"href":"https:\/\/www.cofb.org\/es\/wp-json\/wp\/v2\/users\/1"}],"replies":[{"embeddable":true,"href":"https:\/\/www.cofb.org\/es\/wp-json\/wp\/v2\/comments?post=70056"}],"version-history":[{"count":2,"href":"https:\/\/www.cofb.org\/es\/wp-json\/wp\/v2\/posts\/70056\/revisions"}],"predecessor-version":[{"id":70076,"href":"https:\/\/www.cofb.org\/es\/wp-json\/wp\/v2\/posts\/70056\/revisions\/70076"}],"wp:featuredmedia":[{"embeddable":true,"href":"https:\/\/www.cofb.org\/es\/wp-json\/wp\/v2\/media\/70075"}],"wp:attachment":[{"href":"https:\/\/www.cofb.org\/es\/wp-json\/wp\/v2\/media?parent=70056"}],"wp:term":[{"taxonomy":"category","embeddable":true,"href":"https:\/\/www.cofb.org\/es\/wp-json\/wp\/v2\/categories?post=70056"},{"taxonomy":"post_tag","embeddable":true,"href":"https:\/\/www.cofb.org\/es\/wp-json\/wp\/v2\/tags?post=70056"}],"curies":[{"name":"wp","href":"https:\/\/api.w.org\/{rel}","templated":true}]}}