{"id":70050,"date":"2023-11-07T11:33:00","date_gmt":"2023-11-07T09:33:00","guid":{"rendered":"https:\/\/blog.cofb.cat\/?p=67482"},"modified":"2023-11-29T12:01:13","modified_gmt":"2023-11-29T12:01:13","slug":"publicada-la-memoria-del-cofb-quines-van-ser-les-accions-mes-destacades-lany-2022","status":"publish","type":"post","link":"https:\/\/www.cofb.org\/es\/2023\/11\/07\/publicada-la-memoria-del-cofb-quines-van-ser-les-accions-mes-destacades-lany-2022\/","title":{"rendered":"Publicada la memoria del COFB: \u00bfcu\u00e1les fueron las acciones m\u00e1s destacadas en 2022?"},"content":{"rendered":"<p>El<strong> 2022 <\/strong>estuvo marcado por un fuerte <strong>repunte de la incidencia de la COVID-19 <\/strong>a principios de a\u00f1o, aunque tambi\u00e9n fue el a\u00f1o del<strong>llegada de la nueva normalidad <\/strong>en uno <strong>escenario postpandemia<\/strong> y el momento de<strong>emprender<\/strong> y <strong>reanudar<\/strong> <strong>proyectos<\/strong>, <strong>servicios<\/strong> y <strong>actividades<\/strong>.<\/p>\n\n\n\n<p>En las siguientes p\u00e1ginas de la <strong>Memoria de 2022<\/strong> del <strong>Col\u00b7legi de Farmac\u00e8utics de Barcelona (COFB)<\/strong> se detallan las actividades m\u00e1s destacadas del a\u00f1o. Le invitamos a hacer un <strong>repaso de 2022<\/strong> a trav\u00e9s de la<a href=\"https:\/\/www.cofb.org\/es\/fitxers\/memoria-cofb-2022\/\" target=\"_blank\" rel=\"noreferrer noopener\"> <strong><u>Memoria del COFB<\/u><\/strong><\/a> y del <strong><em><a href=\"https:\/\/cdn.knightlab.com\/libs\/timeline3\/latest\/embed\/index.html?source=1fRug_lfkLSKoSDgjcM-WAYqtr_Aq57Vyf4fcIs_77Sk&amp;font=Default&amp;lang=ca&amp;initial_zoom=2&amp;height=650\" target=\"_blank\" rel=\"noreferrer noopener\"><u>timeline <\/u><\/a><\/em><u><a href=\"https:\/\/cdn.knightlab.com\/libs\/timeline3\/latest\/embed\/index.html?source=1fRug_lfkLSKoSDgjcM-WAYqtr_Aq57Vyf4fcIs_77Sk&amp;font=Default&amp;lang=ca&amp;initial_zoom=2&amp;height=650\" target=\"_blank\" rel=\"noreferrer noopener\">interactivo<\/a><\/u><\/strong>.<\/p>\n\n\n\n<figure class=\"wp-block-image size-large\"><img decoding=\"async\" src=\"https:\/\/blog.cofb.cat\/wp-content\/uploads\/2023\/10\/COFB_Memoria2022_23102023-843x1024.jpg\" alt=\"Cliqueu a la imatge per accedir a la Mem\u00f2ria del COFB 2022.\" class=\"wp-image-67487\" title=\"Haga clic en la imagen para acceder a la Memoria del COFB 2022.\"\/><figcaption class=\"wp-element-caption\">Haga clic en la imagen para acceder a la Memoria del COFB 2022.<\/figcaption><\/figure>\n\n\n\n<h2 class=\"wp-block-heading\"><strong>Acciones m\u00e1s destacadas de 2022<\/strong><\/h2>\n\n\n\n<p>Como temas principales, la Memoria recoge los diferentes <strong>proyectos impulsados a ra\u00edz de la COVID-19<\/strong>: la <strong>supervisi\u00f3n y notificaci\u00f3n de positivos de los tests de ant\u00edgenos r\u00e1pidos<\/strong> desde las farmacias comunitarias; la habilitaci\u00f3n del <strong>circuito de dispensaci\u00f3n<\/strong> del medicamento antiviral <strong>Paxlovid <\/strong>para la COVID-19; y la entrega de los <strong>Medicamentos Hospitalarios de Dispensaci\u00f3n Ambulatoria (MHDA).<\/strong><\/p>\n\n\n\n<p>Tambi\u00e9n se destaca la apuesta del sector farmac\u00e9utico y del Colegio por conseguir una <strong>farmacia m\u00e1s digitalizada<\/strong> con proyectos como <strong>Farmaserveis<\/strong>, \u201c<strong>Mi cartera<\/strong>\u201d, la <strong>prueba piloto \u201cOficina de farmacia libre de papeles<\/strong>\u201d y la activaci\u00f3n de la <strong>interoperabilidad de la receta electr\u00f3nica europea<\/strong>. A la vez que se detallan las diferentes iniciativas impulsadas<strong> para la prevenci\u00f3n y detecci\u00f3n<\/strong> <strong>de la enfermedad<\/strong>, como es el caso de \u201c<strong>Atenci\u00f3n Piel 2022<\/strong>\u201d o el<strong>estudio Derma-Riesgo<\/strong>. Por lo que respecta al apartado de <strong>formaci\u00f3n<\/strong>, en la Memoria se repasan las diferentes actividades formativas realizadas durante el a\u00f1o, que han contado con m\u00e1s de 22.000 inscritos, y se destaca el<strong>apuesta del COFB y de \u00c1gora Sanitaria por los nuevos formatos y contenidos<\/strong>.<\/p>\n\n\n\n<p>Asimismo, se pone en valor la creaci\u00f3n del <strong>Portal de Tr\u00e1mites<\/strong>, la renovaci\u00f3n de la<strong> bolsa de trabajo del COFB<\/strong> y c\u00f3mo se ha <strong>potenciada la vertiente social<\/strong> de la farmacia. Todos estos temas, acompa\u00f1ados de la amplia <strong>repercusi\u00f3n de la profesi\u00f3n en los medios<\/strong>, el <strong>crecimiento en las redes sociales<\/strong> y la creaci\u00f3n de <strong>nuevos contenidos digitales<\/strong> para los farmac\u00e9uticos.<\/p>\n\n\n\n<p>Finalmente, el 2022 tambi\u00e9n ha estado marcado por la <strong>vuelta a la presencialidad<\/strong>, que ha permitido recuperar <strong>eventos <\/strong>ya tradicionales en la historia del Colegio: <strong>Infarma <\/strong>y la <strong>Fiesta del Farmac\u00e9utico.<\/strong><\/p>\n\n\n\n<h2 class=\"wp-block-heading\"><strong><em>Timeline<\/em> interactivo<\/strong><\/h2>\n\n\n<p><a href=\"\/es\/fitxers\/memoria-cofb-2022\/\" target=\"_blank\" rel=\"noopener\"><iframe src=\"https:\/\/cdn.knightlab.com\/libs\/timeline3\/latest\/embed\/index.html?source=1fRug_lfkLSKoSDgjcM-WAYqtr_Aq57Vyf4fcIs_77Sk&amp;font=Default&amp;lang=ca&amp;initial_zoom=2&amp;height=650\" width=\"100%\" height=\"650\" frameborder=\"0\" scrolling=\"no\" allowfullscreen=\"allowfullscreen\"><\/iframe><\/a><\/p>\n\n\n<p><strong>Otras publicaciones de inter\u00e9s:<\/strong><\/p>\n\n\n\n<ul class=\"wp-block-list\">\n<li><a href=\"https:\/\/blog.cofb.cat\/blog\/2021\/10\/15\/publicada-la-memoria-2020-del-cofb-repas-de-lactivitat-dun-any-marcat-per-la-covid-19\/\" target=\"_blank\" rel=\"noreferrer noopener\">Publicada la Memoria 2020 del COFB. Repaso de la actividad de un a\u00f1o marcado por la COVID-19 (Octubre 2021)<\/a><\/li>\n\n\n\n<li><a href=\"https:\/\/blog.cofb.cat\/blog\/2020\/12\/01\/publicada-la-memoria-del-cofb-quines-accions-han-estat-mes-rellevants-el-2019\/\" target=\"_blank\" rel=\"noreferrer noopener\">Publicada la Memoria del COFB: \u00bfqu\u00e9 acciones han sido m\u00e1s relevantes en 2019? (Diciembre 2020)<\/a><\/li>\n\n\n\n<li><a href=\"https:\/\/blog.cofb.cat\/blog\/2019\/08\/05\/memoria-del-cofb-que-ha-estat-el-mes-destacat-del-2018\/\" target=\"_blank\" rel=\"noreferrer noopener\">Memoria del COFB: \u00bfqu\u00e9 ha sido lo m\u00e1s destacado de 2018? (Agosto 2019)<\/a><\/li>\n<\/ul>","protected":false},"excerpt":{"rendered":"<p>El 2022 estuvo marcado por un fuerte repunte de la incidencia de la COVID-19 a principios de a\u00f1o, aunque tambi\u00e9n fue el a\u00f1o de la llegada de la nueva normalidad en un escenario pospandemia y el momento de emprender y reanudar proyectos, servicios y actividades. En las siguientes p\u00e1ginas de [\u2026]<\/p>","protected":false},"author":1,"featured_media":70070,"comment_status":"open","ping_status":"open","sticky":false,"template":"","format":"standard","meta":{"_uag_custom_page_level_css":"","site-sidebar-layout":"default","site-content-layout":"","ast-site-content-layout":"default","site-content-style":"default","site-sidebar-style":"default","ast-global-header-display":"","ast-banner-title-visibility":"","ast-main-header-display":"","ast-hfb-above-header-display":"","ast-hfb-below-header-display":"","ast-hfb-mobile-header-display":"","site-post-title":"","ast-breadcrumbs-content":"","ast-featured-img":"disabled","footer-sml-layout":"","theme-transparent-header-meta":"","adv-header-id-meta":"","stick-header-meta":"","header-above-stick-meta":"","header-main-stick-meta":"","header-below-stick-meta":"","astra-migrate-meta-layouts":"set","ast-page-background-enabled":"default","ast-page-background-meta":{"desktop":{"background-color":"var(--ast-global-color-4)","background-image":"","background-repeat":"repeat","background-position":"center center","background-size":"auto","background-attachment":"scroll","background-type":"","background-media":"","overlay-type":"","overlay-color":"","overlay-opacity":"","overlay-gradient":""},"tablet":{"background-color":"","background-image":"","background-repeat":"repeat","background-position":"center center","background-size":"auto","background-attachment":"scroll","background-type":"","background-media":"","overlay-type":"","overlay-color":"","overlay-opacity":"","overlay-gradient":""},"mobile":{"background-color":"","background-image":"","background-repeat":"repeat","background-position":"center center","background-size":"auto","background-attachment":"scroll","background-type":"","background-media":"","overlay-type":"","overlay-color":"","overlay-opacity":"","overlay-gradient":""}},"ast-content-background-meta":{"desktop":{"background-color":"var(--ast-global-color-5)","background-image":"","background-repeat":"repeat","background-position":"center center","background-size":"auto","background-attachment":"scroll","background-type":"","background-media":"","overlay-type":"","overlay-color":"","overlay-opacity":"","overlay-gradient":""},"tablet":{"background-color":"var(--ast-global-color-5)","background-image":"","background-repeat":"repeat","background-position":"center center","background-size":"auto","background-attachment":"scroll","background-type":"","background-media":"","overlay-type":"","overlay-color":"","overlay-opacity":"","overlay-gradient":""},"mobile":{"background-color":"var(--ast-global-color-5)","background-image":"","background-repeat":"repeat","background-position":"center center","background-size":"auto","background-attachment":"scroll","background-type":"","background-media":"","overlay-type":"","overlay-color":"","overlay-opacity":"","overlay-gradient":""}},"footnotes":""},"categories":[23,57],"tags":[659,596,4188,4775,18,19,970,53,68,69,132,70,28,45,684,4776,3223,4777],"class_list":["post-70050","post","type-post","status-publish","format-standard","has-post-thumbnail","hentry","category-destacats","category-mon-collegial","tag-659","tag-activitats","tag-activitats-collegials","tag-agora-sanitaria-2","tag-cofb","tag-collegi-de-farmaceutics-de-barcelona","tag-diada-del-farmaceutic","tag-farmaceutics","tag-farmacia","tag-farmacia-comunitaria","tag-farmaserveis","tag-formacio","tag-infarma","tag-medicaments","tag-memoria","tag-memoria-2022","tag-memoria-cofb","tag-sanitari"],"yoast_head":"<!-- This site is optimized with the Yoast SEO plugin v22.4 - https:\/\/yoast.com\/wordpress\/plugins\/seo\/ -->\n<title>Publicada la mem\u00f2ria del COFB: quines van ser les accions m\u00e9s destacades l&#039;any 2022? - Col\u00b7legi de Farmac\u00e8utics de Barcelona<\/title>\n<meta name=\"description\" content=\"En les seg\u00fcents p\u00e0gines de la Mem\u00f2ria del 2022 del COFB es detallen les activitats m\u00e9s destacades de l\u2019any.\" \/>\n<meta name=\"robots\" content=\"index, follow, max-snippet:-1, max-image-preview:large, max-video-preview:-1\" \/>\n<link rel=\"canonical\" href=\"https:\/\/novaorg.cofb.net\/2023\/11\/07\/publicada-la-memoria-del-cofb-quines-van-ser-les-accions-mes-destacades-lany-2022\/\" \/>\n<meta property=\"og:locale\" content=\"es_ES\" \/>\n<meta property=\"og:type\" content=\"article\" \/>\n<meta property=\"og:title\" content=\"Publicada la mem\u00f2ria del COFB: quines van ser les accions m\u00e9s destacades l&#039;any 2022? - Col\u00b7legi de Farmac\u00e8utics de Barcelona\" \/>\n<meta property=\"og:description\" content=\"En les seg\u00fcents p\u00e0gines de la Mem\u00f2ria del 2022 del COFB es detallen les activitats m\u00e9s destacades de l\u2019any.\" \/>\n<meta property=\"og:url\" content=\"https:\/\/novaorg.cofb.net\/2023\/11\/07\/publicada-la-memoria-del-cofb-quines-van-ser-les-accions-mes-destacades-lany-2022\/\" \/>\n<meta property=\"og:site_name\" content=\"Col\u00b7legi de Farmac\u00e8utics de Barcelona\" \/>\n<meta property=\"article:publisher\" content=\"https:\/\/www.facebook.com\/farmaceuticsbcn\/\" \/>\n<meta property=\"article:published_time\" content=\"2023-11-07T09:33:00+00:00\" \/>\n<meta property=\"article:modified_time\" content=\"2023-11-29T12:01:13+00:00\" \/>\n<meta property=\"og:image\" content=\"https:\/\/novaorg.cofb.net\/wp-content\/uploads\/2023\/11\/COFB_Memoria2022_23102023-843x1024-1.jpg\" \/>\n\t<meta property=\"og:image:width\" content=\"843\" \/>\n\t<meta property=\"og:image:height\" content=\"1024\" \/>\n\t<meta property=\"og:image:type\" content=\"image\/jpeg\" \/>\n<meta name=\"author\" content=\"wpAdminCofbOrg\" \/>\n<meta name=\"twitter:card\" content=\"summary_large_image\" \/>\n<meta name=\"twitter:creator\" content=\"@farmaceuticsbcn\" \/>\n<meta name=\"twitter:site\" content=\"@farmaceuticsbcn\" \/>\n<meta name=\"twitter:label1\" content=\"Escrito por\" \/>\n\t<meta name=\"twitter:data1\" content=\"wpAdminCofbOrg\" \/>\n\t<meta name=\"twitter:label2\" content=\"Tiempo de lectura\" \/>\n\t<meta name=\"twitter:data2\" content=\"3 minutos\" \/>\n<script type=\"application\/ld+json\" class=\"yoast-schema-graph\">{\"@context\":\"https:\/\/schema.org\",\"@graph\":[{\"@type\":\"Article\",\"@id\":\"https:\/\/novaorg.cofb.net\/2023\/11\/07\/publicada-la-memoria-del-cofb-quines-van-ser-les-accions-mes-destacades-lany-2022\/#article\",\"isPartOf\":{\"@id\":\"https:\/\/novaorg.cofb.net\/2023\/11\/07\/publicada-la-memoria-del-cofb-quines-van-ser-les-accions-mes-destacades-lany-2022\/\"},\"author\":{\"name\":\"wpAdminCofbOrg\",\"@id\":\"https:\/\/www.cofb.org\/#\/schema\/person\/22ed7eea88da74b0fa4d3154ad87ffcb\"},\"headline\":\"Publicada la mem\u00f2ria del COFB: quines van ser les accions m\u00e9s destacades l&#8217;any 2022?\",\"datePublished\":\"2023-11-07T09:33:00+00:00\",\"dateModified\":\"2023-11-29T12:01:13+00:00\",\"mainEntityOfPage\":{\"@id\":\"https:\/\/novaorg.cofb.net\/2023\/11\/07\/publicada-la-memoria-del-cofb-quines-van-ser-les-accions-mes-destacades-lany-2022\/\"},\"wordCount\":474,\"commentCount\":0,\"publisher\":{\"@id\":\"https:\/\/www.cofb.org\/#organization\"},\"image\":{\"@id\":\"https:\/\/novaorg.cofb.net\/2023\/11\/07\/publicada-la-memoria-del-cofb-quines-van-ser-les-accions-mes-destacades-lany-2022\/#primaryimage\"},\"thumbnailUrl\":\"https:\/\/www.cofb.org\/wp-content\/uploads\/2023\/11\/COFB_Memoria2022_23102023-843x1024-1.jpg\",\"keywords\":[\"2022\",\"activitats\",\"activitats col\u00b7legials\",\"\u00c0gora Sanitaria\",\"COFB\",\"Col\u00b7legi de Farmac\u00e8utics de Barcelona\",\"Diada del Farmac\u00e8utic\",\"farmac\u00e8utics\",\"Farm\u00e0cia\",\"farm\u00e0cia comunit\u00e0ria\",\"Farmaserveis\",\"Formaci\u00f3\",\"Infarma\",\"medicaments\",\"Mem\u00f2ria\",\"mem\u00f2ria 2022\",\"Mem\u00f2ria COFB\",\"sanitari\"],\"articleSection\":[\"Destacats\",\"M\u00f3n col\u00b7legial\"],\"inLanguage\":\"es\",\"potentialAction\":[{\"@type\":\"CommentAction\",\"name\":\"Comment\",\"target\":[\"https:\/\/novaorg.cofb.net\/2023\/11\/07\/publicada-la-memoria-del-cofb-quines-van-ser-les-accions-mes-destacades-lany-2022\/#respond\"]}]},{\"@type\":\"WebPage\",\"@id\":\"https:\/\/novaorg.cofb.net\/2023\/11\/07\/publicada-la-memoria-del-cofb-quines-van-ser-les-accions-mes-destacades-lany-2022\/\",\"url\":\"https:\/\/novaorg.cofb.net\/2023\/11\/07\/publicada-la-memoria-del-cofb-quines-van-ser-les-accions-mes-destacades-lany-2022\/\",\"name\":\"Publicada la mem\u00f2ria del COFB: quines van ser les accions m\u00e9s destacades l'any 2022? - Col\u00b7legi de Farmac\u00e8utics de Barcelona\",\"isPartOf\":{\"@id\":\"https:\/\/www.cofb.org\/#website\"},\"primaryImageOfPage\":{\"@id\":\"https:\/\/novaorg.cofb.net\/2023\/11\/07\/publicada-la-memoria-del-cofb-quines-van-ser-les-accions-mes-destacades-lany-2022\/#primaryimage\"},\"image\":{\"@id\":\"https:\/\/novaorg.cofb.net\/2023\/11\/07\/publicada-la-memoria-del-cofb-quines-van-ser-les-accions-mes-destacades-lany-2022\/#primaryimage\"},\"thumbnailUrl\":\"https:\/\/www.cofb.org\/wp-content\/uploads\/2023\/11\/COFB_Memoria2022_23102023-843x1024-1.jpg\",\"datePublished\":\"2023-11-07T09:33:00+00:00\",\"dateModified\":\"2023-11-29T12:01:13+00:00\",\"description\":\"En les seg\u00fcents p\u00e0gines de la Mem\u00f2ria del 2022 del COFB es detallen les activitats m\u00e9s destacades de l\u2019any.\",\"breadcrumb\":{\"@id\":\"https:\/\/novaorg.cofb.net\/2023\/11\/07\/publicada-la-memoria-del-cofb-quines-van-ser-les-accions-mes-destacades-lany-2022\/#breadcrumb\"},\"inLanguage\":\"es\",\"potentialAction\":[{\"@type\":\"ReadAction\",\"target\":[\"https:\/\/novaorg.cofb.net\/2023\/11\/07\/publicada-la-memoria-del-cofb-quines-van-ser-les-accions-mes-destacades-lany-2022\/\"]}]},{\"@type\":\"ImageObject\",\"inLanguage\":\"es\",\"@id\":\"https:\/\/novaorg.cofb.net\/2023\/11\/07\/publicada-la-memoria-del-cofb-quines-van-ser-les-accions-mes-destacades-lany-2022\/#primaryimage\",\"url\":\"https:\/\/www.cofb.org\/wp-content\/uploads\/2023\/11\/COFB_Memoria2022_23102023-843x1024-1.jpg\",\"contentUrl\":\"https:\/\/www.cofb.org\/wp-content\/uploads\/2023\/11\/COFB_Memoria2022_23102023-843x1024-1.jpg\",\"width\":843,\"height\":1024},{\"@type\":\"BreadcrumbList\",\"@id\":\"https:\/\/novaorg.cofb.net\/2023\/11\/07\/publicada-la-memoria-del-cofb-quines-van-ser-les-accions-mes-destacades-lany-2022\/#breadcrumb\",\"itemListElement\":[{\"@type\":\"ListItem\",\"position\":1,\"name\":\"Inici\",\"item\":\"https:\/\/novaorg.cofb.net\/\"},{\"@type\":\"ListItem\",\"position\":2,\"name\":\"Publicada la mem\u00f2ria del COFB: quines van ser les accions m\u00e9s destacades l&#8217;any 2022?\"}]},{\"@type\":\"WebSite\",\"@id\":\"https:\/\/www.cofb.org\/#website\",\"url\":\"https:\/\/www.cofb.org\/\",\"name\":\"Col\u00b7legi de Farmac\u00e8utics de Barcelona\",\"description\":\"\",\"publisher\":{\"@id\":\"https:\/\/www.cofb.org\/#organization\"},\"potentialAction\":[{\"@type\":\"SearchAction\",\"target\":{\"@type\":\"EntryPoint\",\"urlTemplate\":\"https:\/\/www.cofb.org\/?s={search_term_string}\"},\"query-input\":\"required name=search_term_string\"}],\"inLanguage\":\"es\"},{\"@type\":\"Organization\",\"@id\":\"https:\/\/www.cofb.org\/#organization\",\"name\":\"Col\u00b7legi de Farmac\u00e8utics de Barcelona\",\"url\":\"https:\/\/www.cofb.org\/\",\"logo\":{\"@type\":\"ImageObject\",\"inLanguage\":\"es\",\"@id\":\"https:\/\/www.cofb.org\/#\/schema\/logo\/image\/\",\"url\":\"https:\/\/www.cofb.org\/wp-content\/uploads\/2023\/11\/cropped-Logotip-COFB.png\",\"contentUrl\":\"https:\/\/www.cofb.org\/wp-content\/uploads\/2023\/11\/cropped-Logotip-COFB.png\",\"width\":500,\"height\":105,\"caption\":\"Col\u00b7legi de Farmac\u00e8utics de Barcelona\"},\"image\":{\"@id\":\"https:\/\/www.cofb.org\/#\/schema\/logo\/image\/\"},\"sameAs\":[\"https:\/\/www.facebook.com\/farmaceuticsbcn\/\",\"https:\/\/twitter.com\/farmaceuticsbcn\",\"https:\/\/www.instagram.com\/farmaceuticsbcn\/\",\"https:\/\/www.linkedin.com\/company\/farmaceuticsbcn\/\"]},{\"@type\":\"Person\",\"@id\":\"https:\/\/www.cofb.org\/#\/schema\/person\/22ed7eea88da74b0fa4d3154ad87ffcb\",\"name\":\"wpAdminCofbOrg\",\"image\":{\"@type\":\"ImageObject\",\"inLanguage\":\"es\",\"@id\":\"https:\/\/www.cofb.org\/#\/schema\/person\/image\/\",\"url\":\"https:\/\/secure.gravatar.com\/avatar\/1721b20b3b8ca882c3b56ec6c978c594fff670e40c0718e9190eaeeb76aae7d8?s=96&d=mm&r=g\",\"contentUrl\":\"https:\/\/secure.gravatar.com\/avatar\/1721b20b3b8ca882c3b56ec6c978c594fff670e40c0718e9190eaeeb76aae7d8?s=96&d=mm&r=g\",\"caption\":\"wpAdminCofbOrg\"},\"sameAs\":[\"http:\/\/192.168.64.122\/wordpress\"],\"url\":\"https:\/\/www.cofb.org\/es\/author\/wpadmincofborg\/\"}]}<\/script>\n<!-- \/ Yoast SEO plugin. -->","yoast_head_json":{"title":"Publicada la mem\u00f2ria del COFB: quines van ser les accions m\u00e9s destacades l'any 2022? - Col\u00b7legi de Farmac\u00e8utics de Barcelona","description":"En les seg\u00fcents p\u00e0gines de la Mem\u00f2ria del 2022 del COFB es detallen les activitats m\u00e9s destacades de l\u2019any.","robots":{"index":"index","follow":"follow","max-snippet":"max-snippet:-1","max-image-preview":"max-image-preview:large","max-video-preview":"max-video-preview:-1"},"canonical":"https:\/\/novaorg.cofb.net\/2023\/11\/07\/publicada-la-memoria-del-cofb-quines-van-ser-les-accions-mes-destacades-lany-2022\/","og_locale":"es_ES","og_type":"article","og_title":"Publicada la mem\u00f2ria del COFB: quines van ser les accions m\u00e9s destacades l'any 2022? - Col\u00b7legi de Farmac\u00e8utics de Barcelona","og_description":"En les seg\u00fcents p\u00e0gines de la Mem\u00f2ria del 2022 del COFB es detallen les activitats m\u00e9s destacades de l\u2019any.","og_url":"https:\/\/novaorg.cofb.net\/2023\/11\/07\/publicada-la-memoria-del-cofb-quines-van-ser-les-accions-mes-destacades-lany-2022\/","og_site_name":"Col\u00b7legi de Farmac\u00e8utics de Barcelona","article_publisher":"https:\/\/www.facebook.com\/farmaceuticsbcn\/","article_published_time":"2023-11-07T09:33:00+00:00","article_modified_time":"2023-11-29T12:01:13+00:00","og_image":[{"width":843,"height":1024,"url":"https:\/\/novaorg.cofb.net\/wp-content\/uploads\/2023\/11\/COFB_Memoria2022_23102023-843x1024-1.jpg","type":"image\/jpeg"}],"author":"wpAdminCofbOrg","twitter_card":"summary_large_image","twitter_creator":"@farmaceuticsbcn","twitter_site":"@farmaceuticsbcn","twitter_misc":{"Escrito por":"wpAdminCofbOrg","Tiempo de lectura":"3 minutos"},"schema":{"@context":"https:\/\/schema.org","@graph":[{"@type":"Article","@id":"https:\/\/novaorg.cofb.net\/2023\/11\/07\/publicada-la-memoria-del-cofb-quines-van-ser-les-accions-mes-destacades-lany-2022\/#article","isPartOf":{"@id":"https:\/\/novaorg.cofb.net\/2023\/11\/07\/publicada-la-memoria-del-cofb-quines-van-ser-les-accions-mes-destacades-lany-2022\/"},"author":{"name":"wpAdminCofbOrg","@id":"https:\/\/www.cofb.org\/#\/schema\/person\/22ed7eea88da74b0fa4d3154ad87ffcb"},"headline":"Publicada la mem\u00f2ria del COFB: quines van ser les accions m\u00e9s destacades l&#8217;any 2022?","datePublished":"2023-11-07T09:33:00+00:00","dateModified":"2023-11-29T12:01:13+00:00","mainEntityOfPage":{"@id":"https:\/\/novaorg.cofb.net\/2023\/11\/07\/publicada-la-memoria-del-cofb-quines-van-ser-les-accions-mes-destacades-lany-2022\/"},"wordCount":474,"commentCount":0,"publisher":{"@id":"https:\/\/www.cofb.org\/#organization"},"image":{"@id":"https:\/\/novaorg.cofb.net\/2023\/11\/07\/publicada-la-memoria-del-cofb-quines-van-ser-les-accions-mes-destacades-lany-2022\/#primaryimage"},"thumbnailUrl":"https:\/\/www.cofb.org\/wp-content\/uploads\/2023\/11\/COFB_Memoria2022_23102023-843x1024-1.jpg","keywords":["2022","activitats","activitats col\u00b7legials","\u00c0gora Sanitaria","COFB","Col\u00b7legi de Farmac\u00e8utics de Barcelona","Diada del Farmac\u00e8utic","farmac\u00e8utics","Farm\u00e0cia","farm\u00e0cia comunit\u00e0ria","Farmaserveis","Formaci\u00f3","Infarma","medicaments","Mem\u00f2ria","mem\u00f2ria 2022","Mem\u00f2ria COFB","sanitari"],"articleSection":["Destacats","M\u00f3n col\u00b7legial"],"inLanguage":"es","potentialAction":[{"@type":"CommentAction","name":"Comment","target":["https:\/\/novaorg.cofb.net\/2023\/11\/07\/publicada-la-memoria-del-cofb-quines-van-ser-les-accions-mes-destacades-lany-2022\/#respond"]}]},{"@type":"WebPage","@id":"https:\/\/novaorg.cofb.net\/2023\/11\/07\/publicada-la-memoria-del-cofb-quines-van-ser-les-accions-mes-destacades-lany-2022\/","url":"https:\/\/novaorg.cofb.net\/2023\/11\/07\/publicada-la-memoria-del-cofb-quines-van-ser-les-accions-mes-destacades-lany-2022\/","name":"Publicada la mem\u00f2ria del COFB: quines van ser les accions m\u00e9s destacades l'any 2022? - Col\u00b7legi de Farmac\u00e8utics de Barcelona","isPartOf":{"@id":"https:\/\/www.cofb.org\/#website"},"primaryImageOfPage":{"@id":"https:\/\/novaorg.cofb.net\/2023\/11\/07\/publicada-la-memoria-del-cofb-quines-van-ser-les-accions-mes-destacades-lany-2022\/#primaryimage"},"image":{"@id":"https:\/\/novaorg.cofb.net\/2023\/11\/07\/publicada-la-memoria-del-cofb-quines-van-ser-les-accions-mes-destacades-lany-2022\/#primaryimage"},"thumbnailUrl":"https:\/\/www.cofb.org\/wp-content\/uploads\/2023\/11\/COFB_Memoria2022_23102023-843x1024-1.jpg","datePublished":"2023-11-07T09:33:00+00:00","dateModified":"2023-11-29T12:01:13+00:00","description":"En les seg\u00fcents p\u00e0gines de la Mem\u00f2ria del 2022 del COFB es detallen les activitats m\u00e9s destacades de l\u2019any.","breadcrumb":{"@id":"https:\/\/novaorg.cofb.net\/2023\/11\/07\/publicada-la-memoria-del-cofb-quines-van-ser-les-accions-mes-destacades-lany-2022\/#breadcrumb"},"inLanguage":"es","potentialAction":[{"@type":"ReadAction","target":["https:\/\/novaorg.cofb.net\/2023\/11\/07\/publicada-la-memoria-del-cofb-quines-van-ser-les-accions-mes-destacades-lany-2022\/"]}]},{"@type":"ImageObject","inLanguage":"es","@id":"https:\/\/novaorg.cofb.net\/2023\/11\/07\/publicada-la-memoria-del-cofb-quines-van-ser-les-accions-mes-destacades-lany-2022\/#primaryimage","url":"https:\/\/www.cofb.org\/wp-content\/uploads\/2023\/11\/COFB_Memoria2022_23102023-843x1024-1.jpg","contentUrl":"https:\/\/www.cofb.org\/wp-content\/uploads\/2023\/11\/COFB_Memoria2022_23102023-843x1024-1.jpg","width":843,"height":1024},{"@type":"BreadcrumbList","@id":"https:\/\/novaorg.cofb.net\/2023\/11\/07\/publicada-la-memoria-del-cofb-quines-van-ser-les-accions-mes-destacades-lany-2022\/#breadcrumb","itemListElement":[{"@type":"ListItem","position":1,"name":"Inici","item":"https:\/\/novaorg.cofb.net\/"},{"@type":"ListItem","position":2,"name":"Publicada la mem\u00f2ria del COFB: quines van ser les accions m\u00e9s destacades l&#8217;any 2022?"}]},{"@type":"WebSite","@id":"https:\/\/www.cofb.org\/#website","url":"https:\/\/www.cofb.org\/","name":"Col\u00b7legi de Farmac\u00e8utics de Barcelona","description":"","publisher":{"@id":"https:\/\/www.cofb.org\/#organization"},"potentialAction":[{"@type":"SearchAction","target":{"@type":"EntryPoint","urlTemplate":"https:\/\/www.cofb.org\/?s={search_term_string}"},"query-input":"required name=search_term_string"}],"inLanguage":"es"},{"@type":"Organization","@id":"https:\/\/www.cofb.org\/#organization","name":"Col\u00b7legi de Farmac\u00e8utics de Barcelona","url":"https:\/\/www.cofb.org\/","logo":{"@type":"ImageObject","inLanguage":"es","@id":"https:\/\/www.cofb.org\/#\/schema\/logo\/image\/","url":"https:\/\/www.cofb.org\/wp-content\/uploads\/2023\/11\/cropped-Logotip-COFB.png","contentUrl":"https:\/\/www.cofb.org\/wp-content\/uploads\/2023\/11\/cropped-Logotip-COFB.png","width":500,"height":105,"caption":"Col\u00b7legi de Farmac\u00e8utics de Barcelona"},"image":{"@id":"https:\/\/www.cofb.org\/#\/schema\/logo\/image\/"},"sameAs":["https:\/\/www.facebook.com\/farmaceuticsbcn\/","https:\/\/twitter.com\/farmaceuticsbcn","https:\/\/www.instagram.com\/farmaceuticsbcn\/","https:\/\/www.linkedin.com\/company\/farmaceuticsbcn\/"]},{"@type":"Person","@id":"https:\/\/www.cofb.org\/#\/schema\/person\/22ed7eea88da74b0fa4d3154ad87ffcb","name":"wpAdminCofbOrg","image":{"@type":"ImageObject","inLanguage":"es","@id":"https:\/\/www.cofb.org\/#\/schema\/person\/image\/","url":"https:\/\/secure.gravatar.com\/avatar\/1721b20b3b8ca882c3b56ec6c978c594fff670e40c0718e9190eaeeb76aae7d8?s=96&d=mm&r=g","contentUrl":"https:\/\/secure.gravatar.com\/avatar\/1721b20b3b8ca882c3b56ec6c978c594fff670e40c0718e9190eaeeb76aae7d8?s=96&d=mm&r=g","caption":"wpAdminCofbOrg"},"sameAs":["http:\/\/192.168.64.122\/wordpress"],"url":"https:\/\/www.cofb.org\/es\/author\/wpadmincofborg\/"}]}},"uagb_featured_image_src":{"full":["https:\/\/www.cofb.org\/wp-content\/uploads\/2023\/11\/COFB_Memoria2022_23102023-843x1024-1.jpg",843,1024,false],"thumbnail":["https:\/\/www.cofb.org\/wp-content\/uploads\/2023\/11\/COFB_Memoria2022_23102023-843x1024-1-150x150.jpg",150,150,true],"medium":["https:\/\/www.cofb.org\/wp-content\/uploads\/2023\/11\/COFB_Memoria2022_23102023-843x1024-1-247x300.jpg",247,300,true],"medium_large":["https:\/\/www.cofb.org\/wp-content\/uploads\/2023\/11\/COFB_Memoria2022_23102023-843x1024-1-768x933.jpg",768,933,true],"large":["https:\/\/www.cofb.org\/wp-content\/uploads\/2023\/11\/COFB_Memoria2022_23102023-843x1024-1.jpg",843,1024,false],"1536x1536":["https:\/\/www.cofb.org\/wp-content\/uploads\/2023\/11\/COFB_Memoria2022_23102023-843x1024-1.jpg",843,1024,false],"2048x2048":["https:\/\/www.cofb.org\/wp-content\/uploads\/2023\/11\/COFB_Memoria2022_23102023-843x1024-1.jpg",843,1024,false],"trp-custom-language-flag":["https:\/\/www.cofb.org\/wp-content\/uploads\/2023\/11\/COFB_Memoria2022_23102023-843x1024-1-10x12.jpg",10,12,true]},"uagb_author_info":{"display_name":"wpAdminCofbOrg","author_link":"https:\/\/www.cofb.org\/es\/author\/wpadmincofborg\/"},"uagb_comment_info":0,"uagb_excerpt":"El 2022 va estar marcat per un fort repunt de la incid\u00e8ncia de la COVID-19 a comen\u00e7aments d\u2019any, tot i que tamb\u00e9 va ser l\u2019any de l\u2019arribada de la nova normalitat en un escenari postpand\u00e8mia i el moment d\u2019emprendre i reprendre projectes, serveis i activitats. En les seg\u00fcents p\u00e0gines de [&hellip;]","_links":{"self":[{"href":"https:\/\/www.cofb.org\/es\/wp-json\/wp\/v2\/posts\/70050","targetHints":{"allow":["GET"]}}],"collection":[{"href":"https:\/\/www.cofb.org\/es\/wp-json\/wp\/v2\/posts"}],"about":[{"href":"https:\/\/www.cofb.org\/es\/wp-json\/wp\/v2\/types\/post"}],"author":[{"embeddable":true,"href":"https:\/\/www.cofb.org\/es\/wp-json\/wp\/v2\/users\/1"}],"replies":[{"embeddable":true,"href":"https:\/\/www.cofb.org\/es\/wp-json\/wp\/v2\/comments?post=70050"}],"version-history":[{"count":3,"href":"https:\/\/www.cofb.org\/es\/wp-json\/wp\/v2\/posts\/70050\/revisions"}],"predecessor-version":[{"id":79181,"href":"https:\/\/www.cofb.org\/es\/wp-json\/wp\/v2\/posts\/70050\/revisions\/79181"}],"wp:featuredmedia":[{"embeddable":true,"href":"https:\/\/www.cofb.org\/es\/wp-json\/wp\/v2\/media\/70070"}],"wp:attachment":[{"href":"https:\/\/www.cofb.org\/es\/wp-json\/wp\/v2\/media?parent=70050"}],"wp:term":[{"taxonomy":"category","embeddable":true,"href":"https:\/\/www.cofb.org\/es\/wp-json\/wp\/v2\/categories?post=70050"},{"taxonomy":"post_tag","embeddable":true,"href":"https:\/\/www.cofb.org\/es\/wp-json\/wp\/v2\/tags?post=70050"}],"curies":[{"name":"wp","href":"https:\/\/api.w.org\/{rel}","templated":true}]}}