{"id":70038,"date":"2023-09-26T14:40:43","date_gmt":"2023-09-26T12:40:43","guid":{"rendered":"https:\/\/blog.cofb.cat\/?p=67410"},"modified":"2023-11-29T12:16:07","modified_gmt":"2023-11-29T12:16:07","slug":"dos-edificis-emblematics-de-barcelona-silluminen-de-verd-en-el-marc-del-dia-mundial-del-farmaceutic","status":"publish","type":"post","link":"https:\/\/www.cofb.org\/es\/2023\/09\/26\/dos-edificis-emblematics-de-barcelona-silluminen-de-verd-en-el-marc-del-dia-mundial-del-farmaceutic\/","title":{"rendered":"Dos edificios emblem\u00e1ticos de Barcelona se iluminan de verde en el marco del D\u00eda Mundial del Farmac\u00e9utico"},"content":{"rendered":"<p>Con motivo del <strong>D\u00eda Mundial del Farmac\u00e9utico<\/strong>, que se celebra cada <strong>25 de septiembre<\/strong>, la <strong>Torre Gl\u00f2ries de Barcelona se ha iluminado de color verde, desde las 20 hy hasta medianoche<\/strong>. Este a\u00f1o, adem\u00e1s, ha coincidido <strong>con la conmemoraci\u00f3n del 125 aniversario del Colegio de Farmac\u00e9uticos de Barcelona (COFB)<\/strong>, motivo por el que la <strong>fachada<\/strong> de uno de los edificios situados en los jardines del <strong>recinto modernista del Hospital de Sant Pau<\/strong>, tambi\u00e9n se va <strong>te\u00f1ir de verde<\/strong> durante la celebraci\u00f3n de la <strong>Fiesta del Farmac\u00e9utico, <\/strong>organizada por el COFB el pasado 14 de septiembre.<\/p>\n\n\n\n<figure class=\"wp-block-image size-large\"><a href=\"https:\/\/blog.cofb.cat\/wp-content\/uploads\/2023\/09\/COFB_Torre-Glories-2023_26092023.jpg\" target=\"_blank\" rel=\"noopener\"><img decoding=\"async\" src=\"https:\/\/blog.cofb.cat\/wp-content\/uploads\/2023\/09\/COFB_Torre-Glories-2023_26092023-1024x511.jpg\" alt=\"La Torre Gl\u00f2ries de Barcelona il\u00b7luminada de color verd per homenatjar als farmac\u00e8utics i farmac\u00e8utiques. \" class=\"wp-image-67412\" title=\"La Torre Gl\u00f2ries de Barcelona iluminada de color verde para homenajear a los farmac\u00e9uticos y farmac\u00e9uticas. \"\/><\/a><figcaption class=\"wp-element-caption\">La Torre Gl\u00f2ries de Barcelona iluminada de color verde para homenajear a los farmac\u00e9uticos y farmac\u00e9uticas. <\/figcaption><\/figure>\n\n\n\n<p>Para esta nueva edici\u00f3n, la <strong>Federaci\u00f3n Internacional Farmac\u00e9utica (FIP)<\/strong> ha elegido el lema <strong>\u201cFortaleciendo los sistemas sanitarios con los farmac\u00e9uticos\u201d, <\/strong>con el objetivo de destacar todo <strong>el potencial que pueden ofrecer los farmac\u00e9uticos y farmac\u00e9uticas con su actuaci\u00f3n<\/strong> <strong>para incrementar las capacidades asistenciales de los sistemas sanitarios de todo el mundo.<\/strong><\/p>\n\n\n\n<p>En este sentido, el Colegio de Farmac\u00e9uticos de Barcelona pone en valor la importante labor que se lleva a cabo desde todos los \u00e1mbitos de ejercicio en la <strong>prevenci\u00f3n de la dolencia<\/strong> y la <strong>promoci\u00f3n de la salud<\/strong>. Y tambi\u00e9n ha elaborado <strong>diferentes piezas para que los farmac\u00e9uticos\/as de Barcelona puedan participar activamente <\/strong>en su D\u00eda, compartiendo, a trav\u00e9s de redes sociales, un mensaje com\u00fan alineado con el lema de este a\u00f1o.<\/p>\n\n\n\n<h2 class=\"wp-block-heading\"><strong>La profesi\u00f3n farmac\u00e9utica en cifras<\/strong><\/h2>\n\n\n\n<p>Un total de <strong>9.225 colegiados y colegiadas en la provincia de Barcelona<\/strong> ayudan a <strong>fortalecer el sistema de salud ya mejorar la salud de las personas<\/strong>, desde los <strong>diferentes \u00e1mbitos de ejercicio<\/strong> <strong>de la profesi\u00f3n: <\/strong>Alimentaci\u00f3n y Nutrici\u00f3n, An\u00e1lisis Cl\u00ednicos, Atenci\u00f3n Primaria, Dermofarmacia y Productos Sanitarios, Distribuci\u00f3n, Hospitales, Industria, Investigaci\u00f3n y Docencia, Oficina de Farmacia, Ortopedia, Plantas Medicinales y Salud P\u00fablica.<\/p>\n\n\n\n<p>Barcelona es la <strong>segunda provincia con m\u00e1s colegiados, un 11,61 TP3T del total<\/strong>, y presenta una tasa de <strong>161,1 farmac\u00e9uticos por cada 100.000 habitantes<\/strong>. Un colectivo que, sobre todo en los \u00faltimos a\u00f1os con su implicaci\u00f3n en la gesti\u00f3n de la pandemia de la COVID-19, han puesto de manifiesto el relevante papel que desempe\u00f1an como agentes de salud integrados en el sistema sanitario.&nbsp;<\/p>\n\n\n\n<p>Por otra parte, en el \u00e1mbito sanitario, <strong>la profesi\u00f3n farmac\u00e9utica es una de las que cuenta con m\u00e1s mujeres colegiadas.<\/strong> En el caso de la <strong>provincia de Barcelona<\/strong>, suponen un <strong>74,1% del total de farmac\u00e9uticos colegiados, <\/strong>una cifra que <strong>supera la media espa\u00f1ola<\/strong>, que es de un 71,9%.<\/p>\n\n\n\n<p><em>*El COFB agradece a MERLIN Properties hacer posible de nuevo la iluminaci\u00f3n de Torre Gl\u00f2ries con motivo del D\u00eda Mundial del Farmac\u00e9utico y en el Hospital de la Santa Cruz y San Pablo por las facilidades dadas durante la Diada del Farmac\u00e9utico.<\/em><\/p>\n\n\n\n<p><\/p>\n\n\n\n<p><strong>Otras publicaciones de inter\u00e9s:<\/strong><\/p>\n\n\n\n<ul class=\"wp-block-list\">\n<li><a href=\"https:\/\/blog.cofb.cat\/blog\/2022\/09\/23\/farmaceutics-i-farmaceutiques-de-barcelona-celebren-el-seu-dia-mundial-posant-en-valor-la-seva-tasca-des-de-tots-els-ambits-de-la-professio-per-contribuir-a-un-mon-mes-saludable\/\" target=\"_blank\" rel=\"noreferrer noopener\">Los farmac\u00e9uticos y farmac\u00e9uticas de Barcelona celebramos el D\u00eda Mundial del Farmac\u00e9utico poniendo en valor nuestra contribuci\u00f3n a un mundo m\u00e1s saludable (Septiembre 2022)<\/a><\/li>\n\n\n\n<li><a href=\"https:\/\/blog.cofb.cat\/blog\/2021\/09\/22\/la-torre-glories-de-barcelona-es-torna-a-illuminar-de-verd-la-nit-davui-22-de-setembre-amb-motiu-de-les-celebracions-del-dia-mundial-del-farmaceutic\/\" target=\"_blank\" rel=\"noreferrer noopener\">La Torre Gl\u00f2ries de Barcelona ha vuelto a iluminarse de verde la noche del 22 de septiembre, con motivo de las celebraciones del D\u00eda Mundial del Farmac\u00e9utico (Septiembre 2021)<\/a><\/li>\n\n\n\n<li><a href=\"https:\/\/blog.cofb.cat\/torre-glories-silluminara-verd-proxim-25-setembre-motiu-dia-mundial-farmaceutic\/\" target=\"_blank\" rel=\"noreferrer noopener\">La Torre Gl\u00f2ries se iluminar\u00e1 de verde el pr\u00f3ximo 25 de septiembre con motivo del D\u00eda Mundial del Farmac\u00e9utico (Septiembre 2020)<\/a><\/li>\n<\/ul>","protected":false},"excerpt":{"rendered":"<p>Con motivo del D\u00eda Mundial del Farmac\u00e9utico, que se celebra cada 25 de septiembre, la Torre Gl\u00f2ries de Barcelona se ha iluminado de color verde, desde las 20 hy hasta la medianoche. Este a\u00f1o, adem\u00e1s, ha coincidido con la conmemoraci\u00f3n del 125 aniversario del Colegio de Farmac\u00e9uticos de [\u2026]<\/p>","protected":false},"author":1,"featured_media":70085,"comment_status":"open","ping_status":"open","sticky":false,"template":"","format":"standard","meta":{"_uag_custom_page_level_css":"","site-sidebar-layout":"default","site-content-layout":"","ast-site-content-layout":"default","site-content-style":"default","site-sidebar-style":"default","ast-global-header-display":"","ast-banner-title-visibility":"","ast-main-header-display":"","ast-hfb-above-header-display":"","ast-hfb-below-header-display":"","ast-hfb-mobile-header-display":"","site-post-title":"","ast-breadcrumbs-content":"","ast-featured-img":"disabled","footer-sml-layout":"","theme-transparent-header-meta":"","adv-header-id-meta":"","stick-header-meta":"","header-above-stick-meta":"","header-main-stick-meta":"","header-below-stick-meta":"","astra-migrate-meta-layouts":"set","ast-page-background-enabled":"default","ast-page-background-meta":{"desktop":{"background-color":"var(--ast-global-color-4)","background-image":"","background-repeat":"repeat","background-position":"center center","background-size":"auto","background-attachment":"scroll","background-type":"","background-media":"","overlay-type":"","overlay-color":"","overlay-opacity":"","overlay-gradient":""},"tablet":{"background-color":"","background-image":"","background-repeat":"repeat","background-position":"center center","background-size":"auto","background-attachment":"scroll","background-type":"","background-media":"","overlay-type":"","overlay-color":"","overlay-opacity":"","overlay-gradient":""},"mobile":{"background-color":"","background-image":"","background-repeat":"repeat","background-position":"center center","background-size":"auto","background-attachment":"scroll","background-type":"","background-media":"","overlay-type":"","overlay-color":"","overlay-opacity":"","overlay-gradient":""}},"ast-content-background-meta":{"desktop":{"background-color":"var(--ast-global-color-5)","background-image":"","background-repeat":"repeat","background-position":"center center","background-size":"auto","background-attachment":"scroll","background-type":"","background-media":"","overlay-type":"","overlay-color":"","overlay-opacity":"","overlay-gradient":""},"tablet":{"background-color":"var(--ast-global-color-5)","background-image":"","background-repeat":"repeat","background-position":"center center","background-size":"auto","background-attachment":"scroll","background-type":"","background-media":"","overlay-type":"","overlay-color":"","overlay-opacity":"","overlay-gradient":""},"mobile":{"background-color":"var(--ast-global-color-5)","background-image":"","background-repeat":"repeat","background-position":"center center","background-size":"auto","background-attachment":"scroll","background-type":"","background-media":"","overlay-type":"","overlay-color":"","overlay-opacity":"","overlay-gradient":""}},"footnotes":""},"categories":[23,57],"tags":[2136,18,19,916,52,4726,53,973,2499,4633,906,3109,4727,4728,4729,3787,253,4312,4730],"class_list":["post-70038","post","type-post","status-publish","format-standard","has-post-thumbnail","hentry","category-destacats","category-mon-collegial","tag-ambits-dexercici","tag-cofb","tag-collegi-de-farmaceutics-de-barcelona","tag-dia-mundial-del-farmaceutic","tag-farmaceutic","tag-farmaceutica","tag-farmaceutics","tag-homenatge","tag-hospital-de-sant-pau","tag-illuminacio-torre-glories","tag-professio-farmaceutica","tag-professionals-farmaceutics","tag-recinte-modernista","tag-recinte-modernista-de-lhospital-de-sant-pau","tag-reconeixement","tag-sistema-de-salut","tag-sistema-sanitari","tag-torre-glories","tag-torre-glories-barcelona"],"yoast_head":"<!-- This site is optimized with the Yoast SEO plugin v22.4 - https:\/\/yoast.com\/wordpress\/plugins\/seo\/ -->\n<title>Dos edificis emblem\u00e0tics de Barcelona s\u2019il\u00b7luminen de verd en el marc del Dia Mundial del Farmac\u00e8utic - Col\u00b7legi de Farmac\u00e8utics de Barcelona<\/title>\n<meta name=\"description\" content=\"Amb motiu del Dia Mundial del Farmac\u00e8utic, la Torre Gl\u00f2ries de Barcelona s\u2019ha il\u00b7luminat de color verd, des de les 20 h i fins a mitjanit.\" \/>\n<meta name=\"robots\" content=\"index, follow, max-snippet:-1, max-image-preview:large, max-video-preview:-1\" \/>\n<link rel=\"canonical\" href=\"https:\/\/novaorg.cofb.net\/2023\/09\/26\/dos-edificis-emblematics-de-barcelona-silluminen-de-verd-en-el-marc-del-dia-mundial-del-farmaceutic\/\" \/>\n<meta property=\"og:locale\" content=\"es_ES\" \/>\n<meta property=\"og:type\" content=\"article\" \/>\n<meta property=\"og:title\" content=\"Dos edificis emblem\u00e0tics de Barcelona s\u2019il\u00b7luminen de verd en el marc del Dia Mundial del Farmac\u00e8utic - Col\u00b7legi de Farmac\u00e8utics de Barcelona\" \/>\n<meta property=\"og:description\" content=\"Amb motiu del Dia Mundial del Farmac\u00e8utic, la Torre Gl\u00f2ries de Barcelona s\u2019ha il\u00b7luminat de color verd, des de les 20 h i fins a mitjanit.\" \/>\n<meta property=\"og:url\" content=\"https:\/\/novaorg.cofb.net\/2023\/09\/26\/dos-edificis-emblematics-de-barcelona-silluminen-de-verd-en-el-marc-del-dia-mundial-del-farmaceutic\/\" \/>\n<meta property=\"og:site_name\" content=\"Col\u00b7legi de Farmac\u00e8utics de Barcelona\" \/>\n<meta property=\"article:publisher\" content=\"https:\/\/www.facebook.com\/farmaceuticsbcn\/\" \/>\n<meta property=\"article:published_time\" content=\"2023-09-26T12:40:43+00:00\" \/>\n<meta property=\"article:modified_time\" content=\"2023-11-29T12:16:07+00:00\" \/>\n<meta property=\"og:image\" content=\"https:\/\/novaorg.cofb.net\/wp-content\/uploads\/2023\/09\/COFB_Torre-Glories-2023_26092023-1024x511-1.jpg\" \/>\n\t<meta property=\"og:image:width\" content=\"1024\" \/>\n\t<meta property=\"og:image:height\" content=\"511\" \/>\n\t<meta property=\"og:image:type\" content=\"image\/jpeg\" \/>\n<meta name=\"author\" content=\"wpAdminCofbOrg\" \/>\n<meta name=\"twitter:card\" content=\"summary_large_image\" \/>\n<meta name=\"twitter:creator\" content=\"@farmaceuticsbcn\" \/>\n<meta name=\"twitter:site\" content=\"@farmaceuticsbcn\" \/>\n<meta name=\"twitter:label1\" content=\"Escrito por\" \/>\n\t<meta name=\"twitter:data1\" content=\"wpAdminCofbOrg\" \/>\n\t<meta name=\"twitter:label2\" content=\"Tiempo de lectura\" \/>\n\t<meta name=\"twitter:data2\" content=\"3 minutos\" \/>\n<script type=\"application\/ld+json\" class=\"yoast-schema-graph\">{\"@context\":\"https:\/\/schema.org\",\"@graph\":[{\"@type\":\"Article\",\"@id\":\"https:\/\/novaorg.cofb.net\/2023\/09\/26\/dos-edificis-emblematics-de-barcelona-silluminen-de-verd-en-el-marc-del-dia-mundial-del-farmaceutic\/#article\",\"isPartOf\":{\"@id\":\"https:\/\/novaorg.cofb.net\/2023\/09\/26\/dos-edificis-emblematics-de-barcelona-silluminen-de-verd-en-el-marc-del-dia-mundial-del-farmaceutic\/\"},\"author\":{\"name\":\"wpAdminCofbOrg\",\"@id\":\"https:\/\/www.cofb.org\/#\/schema\/person\/22ed7eea88da74b0fa4d3154ad87ffcb\"},\"headline\":\"Dos edificis emblem\u00e0tics de Barcelona s\u2019il\u00b7luminen de verd en el marc del Dia Mundial del Farmac\u00e8utic\",\"datePublished\":\"2023-09-26T12:40:43+00:00\",\"dateModified\":\"2023-11-29T12:16:07+00:00\",\"mainEntityOfPage\":{\"@id\":\"https:\/\/novaorg.cofb.net\/2023\/09\/26\/dos-edificis-emblematics-de-barcelona-silluminen-de-verd-en-el-marc-del-dia-mundial-del-farmaceutic\/\"},\"wordCount\":607,\"commentCount\":0,\"publisher\":{\"@id\":\"https:\/\/www.cofb.org\/#organization\"},\"image\":{\"@id\":\"https:\/\/novaorg.cofb.net\/2023\/09\/26\/dos-edificis-emblematics-de-barcelona-silluminen-de-verd-en-el-marc-del-dia-mundial-del-farmaceutic\/#primaryimage\"},\"thumbnailUrl\":\"https:\/\/www.cofb.org\/wp-content\/uploads\/2023\/09\/COFB_Torre-Glories-2023_26092023-1024x511-1.jpg\",\"keywords\":[\"\u00e0mbits d'exercici\",\"COFB\",\"Col\u00b7legi de Farmac\u00e8utics de Barcelona\",\"Dia Mundial del Farmac\u00e8utic\",\"farmac\u00e8utic\",\"farmac\u00e8utica\",\"farmac\u00e8utics\",\"homenatge\",\"Hospital de Sant Pau\",\"il\u00b7luminaci\u00f3 Torre Gl\u00f2ries\",\"professi\u00f3 farmac\u00e8utica\",\"professionals farmac\u00e8utics\",\"recinte modernista\",\"recinte modernista de l&#039;Hospital de Sant Pau\",\"reconeixement\",\"sistema de salut\",\"sistema sanitari\",\"Torre Gl\u00f2ries\",\"Torre Gl\u00f2ries Barcelona\"],\"articleSection\":[\"Destacats\",\"M\u00f3n col\u00b7legial\"],\"inLanguage\":\"es\",\"potentialAction\":[{\"@type\":\"CommentAction\",\"name\":\"Comment\",\"target\":[\"https:\/\/novaorg.cofb.net\/2023\/09\/26\/dos-edificis-emblematics-de-barcelona-silluminen-de-verd-en-el-marc-del-dia-mundial-del-farmaceutic\/#respond\"]}]},{\"@type\":\"WebPage\",\"@id\":\"https:\/\/novaorg.cofb.net\/2023\/09\/26\/dos-edificis-emblematics-de-barcelona-silluminen-de-verd-en-el-marc-del-dia-mundial-del-farmaceutic\/\",\"url\":\"https:\/\/novaorg.cofb.net\/2023\/09\/26\/dos-edificis-emblematics-de-barcelona-silluminen-de-verd-en-el-marc-del-dia-mundial-del-farmaceutic\/\",\"name\":\"Dos edificis emblem\u00e0tics de Barcelona s\u2019il\u00b7luminen de verd en el marc del Dia Mundial del Farmac\u00e8utic - Col\u00b7legi de Farmac\u00e8utics de Barcelona\",\"isPartOf\":{\"@id\":\"https:\/\/www.cofb.org\/#website\"},\"primaryImageOfPage\":{\"@id\":\"https:\/\/novaorg.cofb.net\/2023\/09\/26\/dos-edificis-emblematics-de-barcelona-silluminen-de-verd-en-el-marc-del-dia-mundial-del-farmaceutic\/#primaryimage\"},\"image\":{\"@id\":\"https:\/\/novaorg.cofb.net\/2023\/09\/26\/dos-edificis-emblematics-de-barcelona-silluminen-de-verd-en-el-marc-del-dia-mundial-del-farmaceutic\/#primaryimage\"},\"thumbnailUrl\":\"https:\/\/www.cofb.org\/wp-content\/uploads\/2023\/09\/COFB_Torre-Glories-2023_26092023-1024x511-1.jpg\",\"datePublished\":\"2023-09-26T12:40:43+00:00\",\"dateModified\":\"2023-11-29T12:16:07+00:00\",\"description\":\"Amb motiu del Dia Mundial del Farmac\u00e8utic, la Torre Gl\u00f2ries de Barcelona s\u2019ha il\u00b7luminat de color verd, des de les 20 h i fins a mitjanit.\",\"breadcrumb\":{\"@id\":\"https:\/\/novaorg.cofb.net\/2023\/09\/26\/dos-edificis-emblematics-de-barcelona-silluminen-de-verd-en-el-marc-del-dia-mundial-del-farmaceutic\/#breadcrumb\"},\"inLanguage\":\"es\",\"potentialAction\":[{\"@type\":\"ReadAction\",\"target\":[\"https:\/\/novaorg.cofb.net\/2023\/09\/26\/dos-edificis-emblematics-de-barcelona-silluminen-de-verd-en-el-marc-del-dia-mundial-del-farmaceutic\/\"]}]},{\"@type\":\"ImageObject\",\"inLanguage\":\"es\",\"@id\":\"https:\/\/novaorg.cofb.net\/2023\/09\/26\/dos-edificis-emblematics-de-barcelona-silluminen-de-verd-en-el-marc-del-dia-mundial-del-farmaceutic\/#primaryimage\",\"url\":\"https:\/\/www.cofb.org\/wp-content\/uploads\/2023\/09\/COFB_Torre-Glories-2023_26092023-1024x511-1.jpg\",\"contentUrl\":\"https:\/\/www.cofb.org\/wp-content\/uploads\/2023\/09\/COFB_Torre-Glories-2023_26092023-1024x511-1.jpg\",\"width\":1024,\"height\":511},{\"@type\":\"BreadcrumbList\",\"@id\":\"https:\/\/novaorg.cofb.net\/2023\/09\/26\/dos-edificis-emblematics-de-barcelona-silluminen-de-verd-en-el-marc-del-dia-mundial-del-farmaceutic\/#breadcrumb\",\"itemListElement\":[{\"@type\":\"ListItem\",\"position\":1,\"name\":\"Inici\",\"item\":\"https:\/\/novaorg.cofb.net\/\"},{\"@type\":\"ListItem\",\"position\":2,\"name\":\"Dos edificis emblem\u00e0tics de Barcelona s\u2019il\u00b7luminen de verd en el marc del Dia Mundial del Farmac\u00e8utic\"}]},{\"@type\":\"WebSite\",\"@id\":\"https:\/\/www.cofb.org\/#website\",\"url\":\"https:\/\/www.cofb.org\/\",\"name\":\"Col\u00b7legi de Farmac\u00e8utics de Barcelona\",\"description\":\"\",\"publisher\":{\"@id\":\"https:\/\/www.cofb.org\/#organization\"},\"potentialAction\":[{\"@type\":\"SearchAction\",\"target\":{\"@type\":\"EntryPoint\",\"urlTemplate\":\"https:\/\/www.cofb.org\/?s={search_term_string}\"},\"query-input\":\"required name=search_term_string\"}],\"inLanguage\":\"es\"},{\"@type\":\"Organization\",\"@id\":\"https:\/\/www.cofb.org\/#organization\",\"name\":\"Col\u00b7legi de Farmac\u00e8utics de Barcelona\",\"url\":\"https:\/\/www.cofb.org\/\",\"logo\":{\"@type\":\"ImageObject\",\"inLanguage\":\"es\",\"@id\":\"https:\/\/www.cofb.org\/#\/schema\/logo\/image\/\",\"url\":\"https:\/\/www.cofb.org\/wp-content\/uploads\/2023\/11\/cropped-Logotip-COFB.png\",\"contentUrl\":\"https:\/\/www.cofb.org\/wp-content\/uploads\/2023\/11\/cropped-Logotip-COFB.png\",\"width\":500,\"height\":105,\"caption\":\"Col\u00b7legi de Farmac\u00e8utics de Barcelona\"},\"image\":{\"@id\":\"https:\/\/www.cofb.org\/#\/schema\/logo\/image\/\"},\"sameAs\":[\"https:\/\/www.facebook.com\/farmaceuticsbcn\/\",\"https:\/\/twitter.com\/farmaceuticsbcn\",\"https:\/\/www.instagram.com\/farmaceuticsbcn\/\",\"https:\/\/www.linkedin.com\/company\/farmaceuticsbcn\/\"]},{\"@type\":\"Person\",\"@id\":\"https:\/\/www.cofb.org\/#\/schema\/person\/22ed7eea88da74b0fa4d3154ad87ffcb\",\"name\":\"wpAdminCofbOrg\",\"image\":{\"@type\":\"ImageObject\",\"inLanguage\":\"es\",\"@id\":\"https:\/\/www.cofb.org\/#\/schema\/person\/image\/\",\"url\":\"https:\/\/secure.gravatar.com\/avatar\/1721b20b3b8ca882c3b56ec6c978c594fff670e40c0718e9190eaeeb76aae7d8?s=96&d=mm&r=g\",\"contentUrl\":\"https:\/\/secure.gravatar.com\/avatar\/1721b20b3b8ca882c3b56ec6c978c594fff670e40c0718e9190eaeeb76aae7d8?s=96&d=mm&r=g\",\"caption\":\"wpAdminCofbOrg\"},\"sameAs\":[\"http:\/\/192.168.64.122\/wordpress\"],\"url\":\"https:\/\/www.cofb.org\/es\/author\/wpadmincofborg\/\"}]}<\/script>\n<!-- \/ Yoast SEO plugin. -->","yoast_head_json":{"title":"Dos edificis emblem\u00e0tics de Barcelona s\u2019il\u00b7luminen de verd en el marc del Dia Mundial del Farmac\u00e8utic - Col\u00b7legi de Farmac\u00e8utics de Barcelona","description":"Amb motiu del Dia Mundial del Farmac\u00e8utic, la Torre Gl\u00f2ries de Barcelona s\u2019ha il\u00b7luminat de color verd, des de les 20 h i fins a mitjanit.","robots":{"index":"index","follow":"follow","max-snippet":"max-snippet:-1","max-image-preview":"max-image-preview:large","max-video-preview":"max-video-preview:-1"},"canonical":"https:\/\/novaorg.cofb.net\/2023\/09\/26\/dos-edificis-emblematics-de-barcelona-silluminen-de-verd-en-el-marc-del-dia-mundial-del-farmaceutic\/","og_locale":"es_ES","og_type":"article","og_title":"Dos edificis emblem\u00e0tics de Barcelona s\u2019il\u00b7luminen de verd en el marc del Dia Mundial del Farmac\u00e8utic - Col\u00b7legi de Farmac\u00e8utics de Barcelona","og_description":"Amb motiu del Dia Mundial del Farmac\u00e8utic, la Torre Gl\u00f2ries de Barcelona s\u2019ha il\u00b7luminat de color verd, des de les 20 h i fins a mitjanit.","og_url":"https:\/\/novaorg.cofb.net\/2023\/09\/26\/dos-edificis-emblematics-de-barcelona-silluminen-de-verd-en-el-marc-del-dia-mundial-del-farmaceutic\/","og_site_name":"Col\u00b7legi de Farmac\u00e8utics de Barcelona","article_publisher":"https:\/\/www.facebook.com\/farmaceuticsbcn\/","article_published_time":"2023-09-26T12:40:43+00:00","article_modified_time":"2023-11-29T12:16:07+00:00","og_image":[{"width":1024,"height":511,"url":"https:\/\/novaorg.cofb.net\/wp-content\/uploads\/2023\/09\/COFB_Torre-Glories-2023_26092023-1024x511-1.jpg","type":"image\/jpeg"}],"author":"wpAdminCofbOrg","twitter_card":"summary_large_image","twitter_creator":"@farmaceuticsbcn","twitter_site":"@farmaceuticsbcn","twitter_misc":{"Escrito por":"wpAdminCofbOrg","Tiempo de lectura":"3 minutos"},"schema":{"@context":"https:\/\/schema.org","@graph":[{"@type":"Article","@id":"https:\/\/novaorg.cofb.net\/2023\/09\/26\/dos-edificis-emblematics-de-barcelona-silluminen-de-verd-en-el-marc-del-dia-mundial-del-farmaceutic\/#article","isPartOf":{"@id":"https:\/\/novaorg.cofb.net\/2023\/09\/26\/dos-edificis-emblematics-de-barcelona-silluminen-de-verd-en-el-marc-del-dia-mundial-del-farmaceutic\/"},"author":{"name":"wpAdminCofbOrg","@id":"https:\/\/www.cofb.org\/#\/schema\/person\/22ed7eea88da74b0fa4d3154ad87ffcb"},"headline":"Dos edificis emblem\u00e0tics de Barcelona s\u2019il\u00b7luminen de verd en el marc del Dia Mundial del Farmac\u00e8utic","datePublished":"2023-09-26T12:40:43+00:00","dateModified":"2023-11-29T12:16:07+00:00","mainEntityOfPage":{"@id":"https:\/\/novaorg.cofb.net\/2023\/09\/26\/dos-edificis-emblematics-de-barcelona-silluminen-de-verd-en-el-marc-del-dia-mundial-del-farmaceutic\/"},"wordCount":607,"commentCount":0,"publisher":{"@id":"https:\/\/www.cofb.org\/#organization"},"image":{"@id":"https:\/\/novaorg.cofb.net\/2023\/09\/26\/dos-edificis-emblematics-de-barcelona-silluminen-de-verd-en-el-marc-del-dia-mundial-del-farmaceutic\/#primaryimage"},"thumbnailUrl":"https:\/\/www.cofb.org\/wp-content\/uploads\/2023\/09\/COFB_Torre-Glories-2023_26092023-1024x511-1.jpg","keywords":["\u00e0mbits d'exercici","COFB","Col\u00b7legi de Farmac\u00e8utics de Barcelona","Dia Mundial del Farmac\u00e8utic","farmac\u00e8utic","farmac\u00e8utica","farmac\u00e8utics","homenatge","Hospital de Sant Pau","il\u00b7luminaci\u00f3 Torre Gl\u00f2ries","professi\u00f3 farmac\u00e8utica","professionals farmac\u00e8utics","recinte modernista","recinte modernista de l&#039;Hospital de Sant Pau","reconeixement","sistema de salut","sistema sanitari","Torre Gl\u00f2ries","Torre Gl\u00f2ries Barcelona"],"articleSection":["Destacats","M\u00f3n col\u00b7legial"],"inLanguage":"es","potentialAction":[{"@type":"CommentAction","name":"Comment","target":["https:\/\/novaorg.cofb.net\/2023\/09\/26\/dos-edificis-emblematics-de-barcelona-silluminen-de-verd-en-el-marc-del-dia-mundial-del-farmaceutic\/#respond"]}]},{"@type":"WebPage","@id":"https:\/\/novaorg.cofb.net\/2023\/09\/26\/dos-edificis-emblematics-de-barcelona-silluminen-de-verd-en-el-marc-del-dia-mundial-del-farmaceutic\/","url":"https:\/\/novaorg.cofb.net\/2023\/09\/26\/dos-edificis-emblematics-de-barcelona-silluminen-de-verd-en-el-marc-del-dia-mundial-del-farmaceutic\/","name":"Dos edificis emblem\u00e0tics de Barcelona s\u2019il\u00b7luminen de verd en el marc del Dia Mundial del Farmac\u00e8utic - Col\u00b7legi de Farmac\u00e8utics de Barcelona","isPartOf":{"@id":"https:\/\/www.cofb.org\/#website"},"primaryImageOfPage":{"@id":"https:\/\/novaorg.cofb.net\/2023\/09\/26\/dos-edificis-emblematics-de-barcelona-silluminen-de-verd-en-el-marc-del-dia-mundial-del-farmaceutic\/#primaryimage"},"image":{"@id":"https:\/\/novaorg.cofb.net\/2023\/09\/26\/dos-edificis-emblematics-de-barcelona-silluminen-de-verd-en-el-marc-del-dia-mundial-del-farmaceutic\/#primaryimage"},"thumbnailUrl":"https:\/\/www.cofb.org\/wp-content\/uploads\/2023\/09\/COFB_Torre-Glories-2023_26092023-1024x511-1.jpg","datePublished":"2023-09-26T12:40:43+00:00","dateModified":"2023-11-29T12:16:07+00:00","description":"Amb motiu del Dia Mundial del Farmac\u00e8utic, la Torre Gl\u00f2ries de Barcelona s\u2019ha il\u00b7luminat de color verd, des de les 20 h i fins a mitjanit.","breadcrumb":{"@id":"https:\/\/novaorg.cofb.net\/2023\/09\/26\/dos-edificis-emblematics-de-barcelona-silluminen-de-verd-en-el-marc-del-dia-mundial-del-farmaceutic\/#breadcrumb"},"inLanguage":"es","potentialAction":[{"@type":"ReadAction","target":["https:\/\/novaorg.cofb.net\/2023\/09\/26\/dos-edificis-emblematics-de-barcelona-silluminen-de-verd-en-el-marc-del-dia-mundial-del-farmaceutic\/"]}]},{"@type":"ImageObject","inLanguage":"es","@id":"https:\/\/novaorg.cofb.net\/2023\/09\/26\/dos-edificis-emblematics-de-barcelona-silluminen-de-verd-en-el-marc-del-dia-mundial-del-farmaceutic\/#primaryimage","url":"https:\/\/www.cofb.org\/wp-content\/uploads\/2023\/09\/COFB_Torre-Glories-2023_26092023-1024x511-1.jpg","contentUrl":"https:\/\/www.cofb.org\/wp-content\/uploads\/2023\/09\/COFB_Torre-Glories-2023_26092023-1024x511-1.jpg","width":1024,"height":511},{"@type":"BreadcrumbList","@id":"https:\/\/novaorg.cofb.net\/2023\/09\/26\/dos-edificis-emblematics-de-barcelona-silluminen-de-verd-en-el-marc-del-dia-mundial-del-farmaceutic\/#breadcrumb","itemListElement":[{"@type":"ListItem","position":1,"name":"Inici","item":"https:\/\/novaorg.cofb.net\/"},{"@type":"ListItem","position":2,"name":"Dos edificis emblem\u00e0tics de Barcelona s\u2019il\u00b7luminen de verd en el marc del Dia Mundial del Farmac\u00e8utic"}]},{"@type":"WebSite","@id":"https:\/\/www.cofb.org\/#website","url":"https:\/\/www.cofb.org\/","name":"Col\u00b7legi de Farmac\u00e8utics de Barcelona","description":"","publisher":{"@id":"https:\/\/www.cofb.org\/#organization"},"potentialAction":[{"@type":"SearchAction","target":{"@type":"EntryPoint","urlTemplate":"https:\/\/www.cofb.org\/?s={search_term_string}"},"query-input":"required name=search_term_string"}],"inLanguage":"es"},{"@type":"Organization","@id":"https:\/\/www.cofb.org\/#organization","name":"Col\u00b7legi de Farmac\u00e8utics de Barcelona","url":"https:\/\/www.cofb.org\/","logo":{"@type":"ImageObject","inLanguage":"es","@id":"https:\/\/www.cofb.org\/#\/schema\/logo\/image\/","url":"https:\/\/www.cofb.org\/wp-content\/uploads\/2023\/11\/cropped-Logotip-COFB.png","contentUrl":"https:\/\/www.cofb.org\/wp-content\/uploads\/2023\/11\/cropped-Logotip-COFB.png","width":500,"height":105,"caption":"Col\u00b7legi de Farmac\u00e8utics de Barcelona"},"image":{"@id":"https:\/\/www.cofb.org\/#\/schema\/logo\/image\/"},"sameAs":["https:\/\/www.facebook.com\/farmaceuticsbcn\/","https:\/\/twitter.com\/farmaceuticsbcn","https:\/\/www.instagram.com\/farmaceuticsbcn\/","https:\/\/www.linkedin.com\/company\/farmaceuticsbcn\/"]},{"@type":"Person","@id":"https:\/\/www.cofb.org\/#\/schema\/person\/22ed7eea88da74b0fa4d3154ad87ffcb","name":"wpAdminCofbOrg","image":{"@type":"ImageObject","inLanguage":"es","@id":"https:\/\/www.cofb.org\/#\/schema\/person\/image\/","url":"https:\/\/secure.gravatar.com\/avatar\/1721b20b3b8ca882c3b56ec6c978c594fff670e40c0718e9190eaeeb76aae7d8?s=96&d=mm&r=g","contentUrl":"https:\/\/secure.gravatar.com\/avatar\/1721b20b3b8ca882c3b56ec6c978c594fff670e40c0718e9190eaeeb76aae7d8?s=96&d=mm&r=g","caption":"wpAdminCofbOrg"},"sameAs":["http:\/\/192.168.64.122\/wordpress"],"url":"https:\/\/www.cofb.org\/es\/author\/wpadmincofborg\/"}]}},"uagb_featured_image_src":{"full":["https:\/\/www.cofb.org\/wp-content\/uploads\/2023\/09\/COFB_Torre-Glories-2023_26092023-1024x511-1.jpg",1024,511,false],"thumbnail":["https:\/\/www.cofb.org\/wp-content\/uploads\/2023\/09\/COFB_Torre-Glories-2023_26092023-1024x511-1-150x150.jpg",150,150,true],"medium":["https:\/\/www.cofb.org\/wp-content\/uploads\/2023\/09\/COFB_Torre-Glories-2023_26092023-1024x511-1-300x150.jpg",300,150,true],"medium_large":["https:\/\/www.cofb.org\/wp-content\/uploads\/2023\/09\/COFB_Torre-Glories-2023_26092023-1024x511-1-768x383.jpg",768,383,true],"large":["https:\/\/www.cofb.org\/wp-content\/uploads\/2023\/09\/COFB_Torre-Glories-2023_26092023-1024x511-1.jpg",1024,511,false],"1536x1536":["https:\/\/www.cofb.org\/wp-content\/uploads\/2023\/09\/COFB_Torre-Glories-2023_26092023-1024x511-1.jpg",1024,511,false],"2048x2048":["https:\/\/www.cofb.org\/wp-content\/uploads\/2023\/09\/COFB_Torre-Glories-2023_26092023-1024x511-1.jpg",1024,511,false],"trp-custom-language-flag":["https:\/\/www.cofb.org\/wp-content\/uploads\/2023\/09\/COFB_Torre-Glories-2023_26092023-1024x511-1-18x9.jpg",18,9,true]},"uagb_author_info":{"display_name":"wpAdminCofbOrg","author_link":"https:\/\/www.cofb.org\/es\/author\/wpadmincofborg\/"},"uagb_comment_info":0,"uagb_excerpt":"Amb motiu del Dia Mundial del Farmac\u00e8utic, que se celebra cada 25 de setembre, la Torre Gl\u00f2ries de Barcelona s\u2019ha il\u00b7luminat de color verd, des de les 20 h i fins a mitjanit. Aquest any, a m\u00e9s, ha coincidit amb la commemoraci\u00f3 del 125\u00e8 aniversari del Col\u00b7legi de Farmac\u00e8utics de [&hellip;]","_links":{"self":[{"href":"https:\/\/www.cofb.org\/es\/wp-json\/wp\/v2\/posts\/70038","targetHints":{"allow":["GET"]}}],"collection":[{"href":"https:\/\/www.cofb.org\/es\/wp-json\/wp\/v2\/posts"}],"about":[{"href":"https:\/\/www.cofb.org\/es\/wp-json\/wp\/v2\/types\/post"}],"author":[{"embeddable":true,"href":"https:\/\/www.cofb.org\/es\/wp-json\/wp\/v2\/users\/1"}],"replies":[{"embeddable":true,"href":"https:\/\/www.cofb.org\/es\/wp-json\/wp\/v2\/comments?post=70038"}],"version-history":[{"count":1,"href":"https:\/\/www.cofb.org\/es\/wp-json\/wp\/v2\/posts\/70038\/revisions"}],"predecessor-version":[{"id":70086,"href":"https:\/\/www.cofb.org\/es\/wp-json\/wp\/v2\/posts\/70038\/revisions\/70086"}],"wp:featuredmedia":[{"embeddable":true,"href":"https:\/\/www.cofb.org\/es\/wp-json\/wp\/v2\/media\/70085"}],"wp:attachment":[{"href":"https:\/\/www.cofb.org\/es\/wp-json\/wp\/v2\/media?parent=70038"}],"wp:term":[{"taxonomy":"category","embeddable":true,"href":"https:\/\/www.cofb.org\/es\/wp-json\/wp\/v2\/categories?post=70038"},{"taxonomy":"post_tag","embeddable":true,"href":"https:\/\/www.cofb.org\/es\/wp-json\/wp\/v2\/tags?post=70038"}],"curies":[{"name":"wp","href":"https:\/\/api.w.org\/{rel}","templated":true}]}}