{"id":70036,"date":"2023-09-19T17:05:46","date_gmt":"2023-09-19T15:05:46","guid":{"rendered":"https:\/\/blog.cofb.cat\/?p=67359"},"modified":"2024-07-04T15:22:21","modified_gmt":"2024-07-04T15:22:21","slug":"juliol-i-agost-el-programa-de-cribratge-de-cancer-de-coll-uteri-la-fi-de-lobligatorietat-de-les-mascaretes-i-laugment-de-casos-covid-temes-mes-destacats-als-mitjans","status":"publish","type":"post","link":"https:\/\/www.cofb.org\/es\/2023\/09\/19\/juliol-i-agost-el-programa-de-cribratge-de-cancer-de-coll-uteri-la-fi-de-lobligatorietat-de-les-mascaretes-i-laugment-de-casos-covid-temes-mes-destacats-als-mitjans\/","title":{"rendered":"Julio y agosto: El programa de cribado de c\u00e1ncer de cuello uterino, el fin de la obligatoriedad de las mascarillas y el aumento de casos COVID, temas m\u00e1s destacados en los medios"},"content":{"rendered":"<p><\/p>\n\n\n\n<h2 class=\"wp-block-heading\"><strong>Cribado de c\u00e1ncer cuello uterino en las farmacias<\/strong><\/h2>\n\n\n\n<p>El <strong>Departament de Salut y el Consell de Col\u00b7legis Farmac\u00e8utics de Catalunya<\/strong> (CCFC) han desarrollado un <strong>programa piloto de detecci\u00f3n precoz de c\u00e1ncer de cuello de \u00fatero<\/strong>. El proyecto consiste en detectar el <strong>virus del papiloma humano<\/strong> (VPH) a partir de efectuar una <strong>automuestra que proporcionan las farmacias<\/strong>. La fase piloto comenz\u00f3 en julio de 2021 en 7 municipios del Baix Llobregat y, hasta mayo de este a\u00f1o, <strong>han participado 73 farmacias y 3.253 mujeres<\/strong>. <\/p>\n\n\n\n<p class=\"has-black-color has-text-color\">A principios de julio, <strong>Salut envi\u00f3 una nota de prensa sobre la firma del convenio con el CCFC<\/strong>, de la que se hicieron eco varios medios especializados. Fue el caso de <a href=\"https:\/\/www.redaccionmedica.com\/autonomias\/cataluna\/salud-y-farmacias-potencian-el-cribado-de-cancer-de-utero-con-autotest-4296\" target=\"_blank\" rel=\"noreferrer noopener\">Redacci\u00f3n M\u00e9dica<\/a>, <a href=\"https:\/\/www.pmfarma.com\/noticias\/54216-salud-y-el-consejo-de-colegios-farmacyuticos-de-cataluya-desarrollan-un-programa-piloto-de-detecciyin-temprana-de-cyoncer-de-cuello-de-yt.html\" target=\"_blank\" rel=\"noreferrer noopener\">PMFarma<\/a>, <a href=\"https:\/\/www.consalud.es\/autonomias\/cataluna\/salud-farmacias-catalanas-buscan-incrementar-deteccion-precoz-cancer-cuello-uterino_131975_102.html\" target=\"_blank\" rel=\"noreferrer noopener\">ConSalud<\/a>, <a href=\"https:\/\/elglobal.es\/farmacia\/las-farmacias-catalanas-introducen-un-nuevo-circuito-de-cribado-de-cancer-de-cuello-uterino\/\" target=\"_blank\" rel=\"noreferrer noopener\">El Global<\/a>, <a href=\"https:\/\/www.imfarmacias.es\/noticia\/32885\/el-consejo-de-colegios-farmaceuticos-de-cataluna-lanza-un-programa-p.html\" target=\"_blank\" rel=\"noreferrer noopener\">IM Farmacias<\/a>, <a href=\"https:\/\/www.elfarmaceutico.es\/tendencias\/esta-pasando\/noticias\/cataluna-deteccion-cancer-cuello-utero-automuestra-farmacias_152301_102.html\" target=\"_blank\" rel=\"noreferrer noopener\">El Farmac\u00e9utico<\/a>, <a href=\"https:\/\/diariofarma.com\/2023\/07\/06\/el-cribado-de-ccu-en-las-farmacias-catalanas-podra-sustituir-a-la-citologia-como-prueba-primaria\" target=\"_blank\" rel=\"noreferrer noopener\">DiarioFarma<\/a> y <a href=\"https:\/\/diarisanitat.cat\/deteccio-precoc-de-cancer-de-coll-duter-a-les-farmacies\/\" target=\"_blank\" rel=\"noreferrer noopener\">El Diario de la Sanidad<\/a>. Tambi\u00e9n cubrieron la noticia medios generalistas, como el <a href=\"https:\/\/www.ara.cat\/societat\/salut\/salut-assaja-l-us-d-autotests-virus-papil-loma-farmacies-detectar-cancer-coll-uteri_1_4748375.html\" target=\"_blank\" rel=\"noreferrer noopener\">Diario AHORA<\/a>, <a href=\"https:\/\/www.lavanguardia.com\/vida\/20230706\/9091760\/ensayan-programa-deteccion-precoz-cancer-cuello-utero-farmacias.html\" target=\"_blank\" rel=\"noreferrer noopener\">La Vanguardia<\/a>, <a href=\"https:\/\/beteve.cat\/societat\/prova-pilot-automostra-farmacies-nou-cribratge-cancer-coll-uter\/\" target=\"_blank\" rel=\"noreferrer noopener\">Betev\u00e9<\/a>, <a href=\"https:\/\/elfar.cat\/art\/45367\/impuls-al-programa-de-deteccio-precoc-de-cancer-de-coll-duter-amb-automostra-a-les-farmacies\" target=\"_blank\" rel=\"noreferrer noopener\">El Faro<\/a>, <a href=\"https:\/\/www.europapress.es\/catalunya\/noticia-salud-farmacias-catalanas-desarrollan-circuito-cribado-cancer-cuello-uterino-20230706183916.html\" target=\"_blank\" rel=\"noreferrer noopener\">Europa Press<\/a>, <a href=\"https:\/\/www.catalunyapress.cat\/article\/sala-despera\/2023-07-08\/4362052-front-comu-salut-i-farmcies-catalunya-per-garbellar-cncer-coll-uteri\" target=\"_blank\" rel=\"noreferrer noopener\">PressDigital<\/a> y <a href=\"https:\/\/catalunyametropolitana.cat\/2023\/07\/11\/les-farmacies-del-baix-llobregat-fan-una-aposta-pionera-per-a-la-deteccio-precoc-de-cancer-de-coll-duter\/\" target=\"_blank\" rel=\"noreferrer noopener\">Catalu\u00f1a Metropolitana<\/a>. En paralelo, el Diari ARA y el Diari Segre tambi\u00e9n publicaron la noticia en sus formatos en papel. 2A ra\u00edz de la nota de prensa, \u201c<a href=\"https:\/\/www.laxarxa.cat\/programa\/noticies-en-xarxa-tv-mati\/capitol\/noticies-en-xarxa---mati-11-07-2023\" target=\"_blank\" rel=\"noreferrer noopener\">Noticias en Red<\/a>\u201d de La Red entrevist\u00f3 a la farmac\u00e9utica comunitaria <strong>Carme Pug\u00e8s<\/strong>, (a partir del minuto 1:43:08). Por otra parte, <a href=\"https:\/\/www.diariomedico.com\/farmacia\/comunitaria\/asi-trabajan-las-farmacias-de-barcelona-en-el-cribado-de-cancer-de-cuello-de-utero.html?check_logged_in=1\" target=\"_blank\" rel=\"noreferrer noopener\">Correo Farmac\u00e9utico<\/a> public\u00f3 un art\u00edculo del proyecto con informaci\u00f3n proporcionada por el COFB.<\/p>\n\n\n\n<figure class=\"wp-block-image size-full\"><img decoding=\"async\" src=\"https:\/\/blog.cofb.cat\/wp-content\/uploads\/2023\/08\/COFB_RECULL_juliol-agost_30082023_01.png\" alt=\"\" class=\"wp-image-67374\"\/><\/figure>\n\n\n\n<h2 class=\"wp-block-heading\"><strong>Fin de la obligatoriedad del uso de mascarillas en las oficinas de farmacia<\/strong><\/h2>\n\n\n\n<p>Aproximadamente dos meses m\u00e1s tarde que la Organizaci\u00f3n Mundial de la Salud (OMS) decretara que la COVID-19 dejaba de ser considerada una emergencia de salud p\u00fablica de importancia internacional (ESPII), e<strong>l Consejo de Ministros<\/strong> aprob\u00f3 la<strong> fin de la obligatoriedad del uso de las mascarillas en centros sanitarios, farmacias y residencias<\/strong>. \u201c<a href=\"https:\/\/cadenaser.com\/audio\/ser_cataluna_hora14catalunya_20230704_140535_143000\/?ssm=tw\" target=\"_blank\" rel=\"noreferrer noopener\">La Hora 14\u201d de la SER Catalu\u00f1a<\/a> contact\u00f3 con el Colegio para conocer el posicionamiento institucional sobre esta decisi\u00f3n. En el mismo sentido, <strong>Marta Roig<\/strong>, vocal del COFB, ofreci\u00f3 declaraciones a <a href=\"https:\/\/beteve.cat\/societat\/celebracio-retirada-mascaretes-acra-farmaceutics\/\" target=\"_blank\" rel=\"noreferrer noopener\">Betev\u00e9<\/a>.<\/p>\n\n\n\n<p>Por otra parte, \u201c<a href=\"https:\/\/lhdigital.cat\/web\/digital-h\/televisio\/veure-video\/-\/journal_content\/56_INSTANCE_ZrP3\/11023\/15172718\" target=\"_blank\" rel=\"noreferrer noopener\">El Informativo\u201d de L&#039;Hdigital<\/a> se hizo eco de la medida con una entrevista en <strong>Guillermo Bagar\u00eda<\/strong>, vocal de Oficina de Farmacia del COFB, donde tambi\u00e9n habl\u00f3 sobre la <strong>falta de stock de algunos medicamentos<\/strong> y del <strong>laboratorio de formulaci\u00f3n magistral que ha desarrollado en su farmacia<\/strong>. Sobre esta \u00faltima cuesti\u00f3n, habl\u00f3 en profundidad en la entrevista que le hizo <a href=\"https:\/\/www.elfarmaceutico.es\/tendencias\/entrevistas\/guillermo-bagaria-casanova-laboratorio-categoria-estable-solida-crecimiento_152290_102.html\" target=\"_blank\" rel=\"noreferrer noopener\">El Farmac\u00e9utico<\/a>, que public\u00f3 tanto en formato digital como <a href=\"https:\/\/interactivos.elfarmaceutico.es\/revistas\/623\/#p=13\" target=\"_blank\" rel=\"noreferrer noopener\">en papel<\/a>.<\/p>\n\n\n\n<figure class=\"wp-block-image size-full\"><img decoding=\"async\" src=\"https:\/\/blog.cofb.cat\/wp-content\/uploads\/2023\/09\/COFB_RECULL_juliol-agost_30082023_02.png\" alt=\"\" class=\"wp-image-67383\"\/><\/figure>\n\n\n\n<h2 class=\"wp-block-heading\"><strong>Aumento de casos COVID en Catalu\u00f1a<\/strong><\/h2>\n\n\n\n<p>La \u00faltima semana de julio hubo un <strong>repunte de casos leves de COVID<\/strong>, que aument\u00f3 la dispensaci\u00f3n de <strong>test de ant\u00edgenos<\/strong>. A ra\u00edz de esto, \u201c<a href=\"https:\/\/www.rtve.es\/play\/videos\/linformatiu\/05082023\/6947333\/\" target=\"_blank\" rel=\"noreferrer noopener\">El Informativo\u201d de RTVE Catalu\u00f1a<\/a> entrevist\u00f3 a <strong>Marta Gento<\/strong>, vicetesorera del Colegio, que remarc\u00f3 la <strong>importancia de hacerse test cuando hay s\u00edntomas<\/strong> para romper la cadena de transmisi\u00f3n del virus. \u201c<a href=\"https:\/\/www.rtve.es\/play\/videos\/linformatiu\/repunt-covid-agost\/6947021\/\" target=\"_blank\" rel=\"noreferrer noopener\">El Informativo<\/a>\u201d tambi\u00e9n habl\u00f3 con <strong>Merc\u00e8 Barau<\/strong>, coordinadora del COFB de las farmacias de Gr\u00e0cia (a partir del minuto 9:55), que explic\u00f3 que <strong>se ha perdido el miedo a la COVID<\/strong>, especialmente entre la gente m\u00e1s joven. <a href=\"https:\/\/www.diarideterrassa.com\/terrassa\/2023\/08\/05\/pic-de-covid-a-les-portes-de-vacances\/\" target=\"_blank\" rel=\"noreferrer noopener\">El Diario de Terrassa<\/a> tambi\u00e9n public\u00f3 un art\u00edculo sobre el tema, donde recogi\u00f3 declaraciones de <strong>Joan Brugueras<\/strong>, coordinador del Colegio de Farmac\u00e9uticos de las farmacias del Vall\u00e8s Occidental Oest.<\/p>\n\n\n\n<figure class=\"wp-block-image size-full\"><img decoding=\"async\" src=\"https:\/\/blog.cofb.cat\/wp-content\/uploads\/2023\/09\/COFB_RECULL_juliol-agost_30082023_03.png\" alt=\"\" class=\"wp-image-67384\"\/><\/figure>\n\n\n\n<h2 class=\"wp-block-heading\"><strong>\u00c0gora Sanit\u00e0ria presenta el curso &quot;Consultas frecuentes en la farmacia&quot;<\/strong><\/h2>\n\n\n\n<p>El portal de formaci\u00f3n online del COFB y del COFM, <strong>\u00c1gora Sanitaria<\/strong>, ha organizado el curso &quot;Consultas frecuentes en la farmacia&quot;, que busca proporcionar <strong>conocimientos y pautas de actuaci\u00f3n sobre algunos de los s\u00edntomas menores m\u00e1s habituales<\/strong>, como la rinitis, la lumbalgia, las aftas, la acidez y el dolor de garganta. De la nota de prensa que se envi\u00f3 se hicieron eco <a href=\"https:\/\/diariofarma.com\/2023\/07\/20\/agora-sanitaria-abre-un-curso-para-atender-en-la-farmacia-para-atender-consultas-sobre-sintomas-menores\" target=\"_blank\" rel=\"noreferrer noopener\">DiarioFarma<\/a>, IM Farmacias (<a href=\"https:\/\/www.imfarmacias.es\/noticia\/33018\/la-mejor-atencion-para-consultas-sobre-sintomas-menores.html\" target=\"_blank\" rel=\"noreferrer noopener\">1 <\/a>y <a href=\"https:\/\/www.imfarmacias.es\/noticia\/33170\/agora-sanitaria-pone-en-marcha-la-primera-edicion-del-curso-consult.html\" target=\"_blank\" rel=\"noreferrer noopener\">2<\/a>), <a href=\"https:\/\/www.pmfarma.com\/noticias\/54349-yagora-sanitaria-impulsa-un-curso-que-proporciona-a-los-farmacyuticosas-los-conocimientos-y-guyas-necesarios-para-atender-consultas-sobre.html\" target=\"_blank\" rel=\"noreferrer noopener\">PM Farma<\/a>, <a href=\"https:\/\/www.farmaventas.es\/noticias-del-sector\/14262-agora-sanitaria-impulsa-un-curso-para-atender-consultas-sobre-sintomas-menores.html\" target=\"_blank\" rel=\"noreferrer noopener\">Farmaventas<\/a> y <a href=\"https:\/\/revistafarmanatur.com\/noticias\/agora-sanitaria-impulsa-un-curso-que-forma-a-los-farmaceuticos-as-para-atender-consultas-sobre-sintomas-menores\/\" target=\"_blank\" rel=\"noreferrer noopener\">Revista farmanatur<\/a>.<\/p>\n\n\n\n<h2 class=\"wp-block-heading\"><strong>Entrevista al presidente del COFB en el anuario de IM Farmacias<\/strong><\/h2>\n\n\n\n<p><a href=\"https:\/\/www.imfarmacias.es\/revista\/137\/114\/\" target=\"_blank\" rel=\"noreferrer noopener\">IM Farmacias<\/a> entrevist\u00f3 a varios <strong>presidentes de Colegios de Farmac\u00e9uticos del estado espa\u00f1ol<\/strong>, con motivo de la <strong>publicaci\u00f3n del anuario <\/strong>2022-23 del medio. <strong>Jordi Casas<\/strong>, presidente del COFB habl\u00f3 de los <strong>retos actuales y del futuro de la instituci\u00f3n,<\/strong> en el marco de su 125 aniversario.<\/p>\n\n\n\n<figure class=\"wp-block-image size-full\"><img decoding=\"async\" src=\"https:\/\/blog.cofb.cat\/wp-content\/uploads\/2023\/09\/COFB_RECULL_juliol-agost_30082023_04.png\" alt=\"\" class=\"wp-image-67385\"\/><\/figure>\n\n\n\n<h2 class=\"wp-block-heading\"><strong>El COFB como fuente de informaci\u00f3n<\/strong><\/h2>\n\n\n\n<h3 class=\"wp-block-heading\"><strong>Protecci\u00f3n solar, <strong>c\u00f3mo afectan las altas temperaturas a los medicamentos<\/strong> y la ola de calor<\/strong><\/h3>\n\n\n\n<p>Con la llegada del verano, la <strong>protecci\u00f3n solar de la piel<\/strong> ha estado presente en los medios, como es el caso del <a href=\"https:\/\/www.ccma.cat\/324\/no-hi-ha-bronzejat-saludable-com-triar-la-crema-solar-i-cada-quant-ens-lhem-de-posar\/noticia\/3235167\/\" target=\"_blank\" rel=\"noreferrer noopener\">324<\/a> y <a href=\"https:\/\/www.ccma.cat\/catradio\/fets-o-fakes\/congelar-la-crema-solar-o-llencar-la-de-lany-passat-mites-i-certeses-per-afrontar-lestiu\/noticia\/3239052\/\" target=\"_blank\" rel=\"noreferrer noopener\">Catalu\u00f1a Radio<\/a>, que cubrieron dos noticias con declaraciones de <strong>Marta Alcalde<\/strong>, vocal de Dermofarmacia y Productos Sanitarios del COFB. La Vanguardia tambi\u00e9n public\u00f3 dos art\u00edculos sobre el cuidado de la piel en verano, uno fue el resultado de una entrevista en <strong>Alcalde<\/strong>: &#8220;<a href=\"https:\/\/www.lavanguardia.com\/vida\/salud\/20230827\/9183638\/como-aplicarse-correctamente-crema-solar.html\" target=\"_blank\" rel=\"noreferrer noopener\">\u00bfC\u00f3mo aplicar correctamente la crema solar?<\/a>\u201d y el otro , \u201c<a href=\"https:\/\/www.lavanguardia.com\/vivo\/20230822\/9163536\/pasos-seguir-combatir-quemaduras-sol.html\" target=\"_blank\" rel=\"noreferrer noopener\">C\u00f3mo combatir las quemaduras de sol<\/a>\u201c, cuenta con declaraciones de <strong>Marta Roig<\/strong>, vocal del Colegio de Farmac\u00e9uticos de Barcelona.<\/p>\n\n\n\n<p>La <strong>calor tambi\u00e9n afecta a los medicamentos<\/strong> y <a href=\"https:\/\/www.rtve.es\/play\/audios\/serveis-informatius-radio-4\/edicio-migdia-10-08-2023\/6949730\/\" target=\"_blank\" rel=\"noreferrer noopener\">&quot;Servicios Informativos&quot; de Radio 4<\/a> habl\u00f3 con <strong>Guillermo Bagar\u00eda<\/strong>, vocal de Oficina de Farmacia del COFB (a partir del minuto -20:43). Las declaraciones de esta entrevista se emitieron en los Servicios Informativos (<a href=\"https:\/\/www.rtve.es\/play\/audios\/serveis-informatius-radio-4\/conservar-medicaments-calor\/6949695\/\" target=\"_blank\" rel=\"noreferrer noopener\">1 <\/a>y <a href=\"https:\/\/www.rtve.es\/play\/audios\/serveis-informatius-radio-4\/calor-afecta-medicaments\/6949694\/\" target=\"_blank\" rel=\"noreferrer noopener\">2<\/a>) y tambi\u00e9n se recuper\u00f3 en el <a href=\"https:\/\/www.rtve.es\/play\/audios\/cafe-d-idees-a-radio-4\/germa-garcia-roger-obiols\/6950163\/\" target=\"_blank\" rel=\"noreferrer noopener\">Caf\u00e9 de Ideas<\/a> del d\u00eda siguiente (a partir del minuto -37:25).<\/p>\n\n\n\n<p>A ra\u00edz de la ola de calor de finales de agosto, <a href=\"https:\/\/www.rtve.es\/play\/videos\/linformatiu\/24082023\/6956289\/\" target=\"_blank\" rel=\"noreferrer noopener\">El Informativo de TVE<\/a> entrevist\u00f3 a <strong>Amelia Garcia-Miranda<\/strong>, coordinadora del COFB de las farmacias del Eixample (a partir del minuto 6:35).<\/p>\n\n\n\n<figure class=\"wp-block-image size-full\"><img decoding=\"async\" src=\"https:\/\/blog.cofb.cat\/wp-content\/uploads\/2023\/09\/COFB_RECULL_juliol-agost_30082023_05.png\" alt=\"\" class=\"wp-image-67386\"\/><\/figure>\n\n\n\n<h3 class=\"wp-block-heading\"><strong>Ozempic y la digoxina<\/strong><\/h3>\n\n\n\n<p>El <a href=\"https:\/\/www.ara.cat\/societat\/salut\/revolucio-farmacologica-l-obesitat_130_4743186.html\" target=\"_blank\" rel=\"noreferrer noopener\">Diario AHORA<\/a> le dedic\u00f3 un reportaje a <strong>el Ozempic<\/strong>, un medicamento que s\u00f3lo est\u00e1 indicado para pacientes con diabetes tipo 2, pero que tambi\u00e9n <strong>se est\u00e1 prescribiendo para perder peso<\/strong>. La pieza \u201c<strong>La esperada revoluci\u00f3n farmacol\u00f3gica contra la obesidad<\/strong>\u201d, que tambi\u00e9n fue publicada en la versi\u00f3n en papel, cont\u00f3 con declaraciones del <strong>Centro de Informaci\u00f3n del Medicamento<\/strong> (CIM).<\/p>\n\n\n\n<p><a href=\"https:\/\/cuidateplus.marca.com\/medicamentos\/2023\/08\/29\/digoxina-medicamento-corazon-180745.html\" target=\"_blank\" rel=\"noreferrer noopener\">Cu\u00eddate Plus<\/a> public\u00f3 un art\u00edculo sobre el uso de la <strong>digoxina<\/strong>, un medicamento para el <strong>coraz\u00f3n<\/strong>. La pieza cont\u00f3 con informaci\u00f3n proporcionada por <strong>M\u00f3nica Lorenzo<\/strong>, del Centro de Informaci\u00f3n del Medicamento (CIM) del COFB. <\/p>\n\n\n\n<h3 class=\"wp-block-heading\"><strong>Acuerdos entre entidades financieras y el sector farmac\u00e9utico<\/strong><\/h3>\n\n\n\n<p><a href=\"https:\/\/elglobal.es\/farmacia\/que-ventajas-ofrecen-los-bancos-a-los-farmaceuticos\/\" target=\"_blank\" rel=\"noreferrer noopener\">El Global<\/a> public\u00f3 un art\u00edculo en el que <strong>analizaba los acuerdos entre las principales entidades financieras y el sector farmac\u00e9utico<\/strong>. Dedic\u00f3 un apartado a <strong>Caixabank <\/strong>y su acuerdo con el Colegio de Farmac\u00e9uticos de Barcelona.<\/p>\n\n\n\n<figure class=\"wp-block-image size-full\"><img decoding=\"async\" src=\"https:\/\/blog.cofb.cat\/wp-content\/uploads\/2023\/09\/COFB_RECULL_juliol-agost_30082023_06.png\" alt=\"\" class=\"wp-image-67387\"\/><\/figure>\n\n\n\n<h2 class=\"wp-block-heading\"><strong>Menci\u00f3n en el COFB<\/strong><\/h2>\n\n\n\n<h3 class=\"wp-block-heading\"><strong><strong>Estad\u00edsticas de Colegiados y Farmacias Comunitarias<\/strong><\/strong><\/h3>\n\n\n\n<p>Y<a href=\"https:\/\/www.imfarmacias.es\/noticia\/33196\/la-provincia-de-barcelona-cerro-2022-con-un-ligero-aumento-de-farmac.html\" target=\"_blank\" rel=\"noreferrer noopener\">M Farmacias<\/a> se hizo eco del art\u00edculo publicado en el blog del COFB \u201c<a href=\"https:\/\/blog.cofb.cat\/blog\/2023\/08\/04\/dades-de-la-professio-farmaceutica-el-2022\/\" target=\"_blank\" rel=\"noreferrer noopener\">La profesi\u00f3n farmac\u00e9utica en la provincia de Barcelona en 2022<\/a>\u201c, que desgrana le<strong>s cifras m\u00e1s relevantes del \u00e1mbito farmac\u00e9utico en la provincia<\/strong>. El escrito se basa en el informe <strong>&quot;Estad\u00edsticas de Colegiados y Farmacias Comunitarias&quot;<\/strong>, correspondiente al <strong>2022<\/strong>, que public\u00f3 el Consejo General de Colegios Oficiales de Farmac\u00e9uticos.<\/p>\n\n\n\n<h3 class=\"wp-block-heading\"><strong>Proyecto Derma-Riesgo<\/strong><\/h3>\n\n\n\n<p>Cinco centros gestionados por la <strong>Mutua de Terrassa<\/strong> incorporaron al <strong>proyecto Derma-Riesgo<\/strong> <strong>para la detecci\u00f3n del c\u00e1ncer cut\u00e1neo<\/strong>. Se trata de un programa piloto que impulsa al COFB junto con el Instituto Catal\u00e1n de la Salud, la Sociedad Catalana de Medicina Familiar y Comunitaria y el Hospital Cl\u00ednic. El <a href=\"https:\/\/www.diarideterrassa.com\/terrassa\/2023\/07\/19\/mutuaterrassa-programa-pilot-deteccio-cancer-cutani\/\" target=\"_blank\" rel=\"noreferrer noopener\">Diario de Terrassa<\/a> cubri\u00f3 la noticia.<\/p>\n\n\n\n<h3 class=\"wp-block-heading\"><strong>Iniciativas de \u00e9xito<\/strong><\/h3>\n\n\n\n<p>En el marco de<strong>Infarma Barcelona 2023 se presentaron una serie de proyectos innovadores promovidos por diferentes Colegios de Farmac\u00e9uticos estatales bajo el concepto <\/strong>\u201c<strong>Iniciativas de \u00e9xito<\/strong>\u201d<strong>. Durante los meses de julio y agosto, <\/strong><a href=\"https:\/\/www.elfarmaceutico.es\/soy-farmaceutica\/iniciativas-exito\/murcia-proyecto-cribado-enfermedad-chagas_152297_102.html\" target=\"_blank\" rel=\"noreferrer noopener\">El Farmac\u00e9utico<\/a><strong> public\u00f3 el <\/strong><a href=\"https:\/\/www.elfarmaceutico.es\/soy-farmaceutica\/iniciativas-exito\/murcia-proyecto-cribado-enfermedad-chagas_152297_102.html\" target=\"_blank\" rel=\"noreferrer noopener\">Proyecto de cribado de la enfermedad de Chagas<\/a>, del COF de la Regi\u00f3n de Murcia, una continuaci\u00f3n de las descripciones de los proyectos que el medio ha ido publicando \u00faltimamente.<\/p>\n\n\n\n<p> <\/p>\n\n\n\n<p><strong>Otras publicaciones de inter\u00e9s:<\/strong> <\/p>\n\n\n\n<ul class=\"wp-block-list\">\n<li><a href=\"https:\/\/blog.cofb.cat\/blog\/2023\/07\/28\/maig-i-juny-el-desabastiment-de-medicaments-laugment-de-la-demanda-dozempic-i-la-campanya-sobre-disfagia-temes-mes-destacats-als-mitjans\/\" target=\"_blank\" rel=\"noreferrer noopener\">Mayo y junio: El desabastecimiento de medicamentos, el aumento de la demanda de Ozempic y la campa\u00f1a sobre disfagia, temas m\u00e1s destacados en los medios (Julio 2023)<\/a><\/li>\n\n\n\n<li><a href=\"https:\/\/blog.cofb.cat\/blog\/2023\/05\/30\/marc-i-abril-infarma-el-desabastiment-de-medicaments-i-la-renovacio-del-conveni-entre-salut-i-el-ccfc-temes-mes-destacats-als-mitjans\/\" target=\"_blank\" rel=\"noreferrer noopener\">Marzo y abril: Infarma, el desabastecimiento de medicamentos y la renovaci\u00f3n del convenio entre Salud y el CCFC, temas m\u00e1s destacados en los medios (Mayo 2023)<\/a>  <\/li>\n\n\n\n<li><a href=\"https:\/\/blog.cofb.cat\/blog\/2023\/03\/30\/gener-i-febrer-el-desabastiment-de-medicaments-i-infarma-temes-mes-destacats-als-mitjans\/\" target=\"_blank\" rel=\"noreferrer noopener\">Enero y febrero: el desabastecimiento de medicamentos e Infarma, temas m\u00e1s destacados en los medios (Marzo 2023)<\/a><\/li>\n<\/ul>","protected":false},"excerpt":{"rendered":"<p>Cribado de c\u00e1ncer cuello uterino en las farmacias El Departamento de Salud y el Consejo de Colegios Farmac\u00e9uticos de Catalunya (CCFC) han desarrollado un programa piloto de detecci\u00f3n precoz de c\u00e1ncer de cuello de \u00fatero. El proyecto consiste en detectar el virus del papiloma humano (VPH) a partir de efectuar una automuestra [\u2026]<\/p>","protected":false},"author":1,"featured_media":78698,"comment_status":"open","ping_status":"open","sticky":false,"template":"","format":"standard","meta":{"_uag_custom_page_level_css":"","site-sidebar-layout":"default","site-content-layout":"","ast-site-content-layout":"default","site-content-style":"default","site-sidebar-style":"default","ast-global-header-display":"","ast-banner-title-visibility":"","ast-main-header-display":"","ast-hfb-above-header-display":"","ast-hfb-below-header-display":"","ast-hfb-mobile-header-display":"","site-post-title":"","ast-breadcrumbs-content":"","ast-featured-img":"disabled","footer-sml-layout":"","theme-transparent-header-meta":"","adv-header-id-meta":"","stick-header-meta":"","header-above-stick-meta":"","header-main-stick-meta":"","header-below-stick-meta":"","astra-migrate-meta-layouts":"set","ast-page-background-enabled":"default","ast-page-background-meta":{"desktop":{"background-color":"var(--ast-global-color-4)","background-image":"","background-repeat":"repeat","background-position":"center center","background-size":"auto","background-attachment":"scroll","background-type":"","background-media":"","overlay-type":"","overlay-color":"","overlay-opacity":"","overlay-gradient":""},"tablet":{"background-color":"","background-image":"","background-repeat":"repeat","background-position":"center center","background-size":"auto","background-attachment":"scroll","background-type":"","background-media":"","overlay-type":"","overlay-color":"","overlay-opacity":"","overlay-gradient":""},"mobile":{"background-color":"","background-image":"","background-repeat":"repeat","background-position":"center center","background-size":"auto","background-attachment":"scroll","background-type":"","background-media":"","overlay-type":"","overlay-color":"","overlay-opacity":"","overlay-gradient":""}},"ast-content-background-meta":{"desktop":{"background-color":"var(--ast-global-color-5)","background-image":"","background-repeat":"repeat","background-position":"center center","background-size":"auto","background-attachment":"scroll","background-type":"","background-media":"","overlay-type":"","overlay-color":"","overlay-opacity":"","overlay-gradient":""},"tablet":{"background-color":"var(--ast-global-color-5)","background-image":"","background-repeat":"repeat","background-position":"center center","background-size":"auto","background-attachment":"scroll","background-type":"","background-media":"","overlay-type":"","overlay-color":"","overlay-opacity":"","overlay-gradient":""},"mobile":{"background-color":"var(--ast-global-color-5)","background-image":"","background-repeat":"repeat","background-position":"center center","background-size":"auto","background-attachment":"scroll","background-type":"","background-media":"","overlay-type":"","overlay-color":"","overlay-opacity":"","overlay-gradient":""}},"footnotes":""},"categories":[23,32],"tags":[391,18,19,494,728,53,68,584,459,76,4720,4721,460],"class_list":["post-70036","post","type-post","status-publish","format-standard","has-post-thumbnail","hentry","category-destacats","category-noticies-farmacia","tag-agora-sanitaria-3","tag-cofb","tag-collegi-de-farmaceutics-de-barcelona","tag-covid","tag-cribratge","tag-farmaceutics","tag-farmacia","tag-mascaretes","tag-mitjans","tag-oficina-de-farmacia","tag-recull-dagost","tag-recull-de-juliol","tag-recull-de-mitjans"],"yoast_head":"<!-- This site is optimized with the Yoast SEO plugin v22.4 - https:\/\/yoast.com\/wordpress\/plugins\/seo\/ -->\n<title>Juliol i agost: El programa de cribratge de c\u00e0ncer de coll uter\u00ed, la fi de l&#039;obligatorietat de les mascaretes i l&#039;augment de casos COVID, temes m\u00e9s destacats als mitjans - Col\u00b7legi de Farmac\u00e8utics de Barcelona<\/title>\n<meta name=\"description\" content=\"El programa de cribratge de c\u00e0ncer de coll uter\u00ed, la fi de l&#039;obligatorietat de les mascaretes i l&#039;augment de casos COVID.\" \/>\n<meta name=\"robots\" content=\"index, follow, max-snippet:-1, max-image-preview:large, max-video-preview:-1\" \/>\n<link rel=\"canonical\" href=\"https:\/\/www.cofb.org\/es\/2023\/09\/19\/juliol-i-agost-el-programa-de-cribratge-de-cancer-de-coll-uteri-la-fi-de-lobligatorietat-de-les-mascaretes-i-laugment-de-casos-covid-temes-mes-destacats-als-mitjans\/\" \/>\n<meta property=\"og:locale\" content=\"es_ES\" \/>\n<meta property=\"og:type\" content=\"article\" \/>\n<meta property=\"og:title\" content=\"Juliol i agost: El programa de cribratge de c\u00e0ncer de coll uter\u00ed, la fi de l&#039;obligatorietat de les mascaretes i l&#039;augment de casos COVID, temes m\u00e9s destacats als mitjans - Col\u00b7legi de Farmac\u00e8utics de Barcelona\" \/>\n<meta property=\"og:description\" content=\"El programa de cribratge de c\u00e0ncer de coll uter\u00ed, la fi de l&#039;obligatorietat de les mascaretes i l&#039;augment de casos COVID.\" \/>\n<meta property=\"og:url\" content=\"https:\/\/www.cofb.org\/es\/2023\/09\/19\/juliol-i-agost-el-programa-de-cribratge-de-cancer-de-coll-uteri-la-fi-de-lobligatorietat-de-les-mascaretes-i-laugment-de-casos-covid-temes-mes-destacats-als-mitjans\/\" \/>\n<meta property=\"og:site_name\" content=\"Col\u00b7legi de Farmac\u00e8utics de Barcelona\" \/>\n<meta property=\"article:publisher\" content=\"https:\/\/www.facebook.com\/farmaceuticsbcn\/\" \/>\n<meta property=\"article:published_time\" content=\"2023-09-19T15:05:46+00:00\" \/>\n<meta property=\"article:modified_time\" content=\"2024-07-04T15:22:21+00:00\" \/>\n<meta property=\"og:image\" content=\"https:\/\/www.cofb.org\/wp-content\/uploads\/2023\/07\/COFB_JULIOL-AGOST-2023_04072024.jpg\" \/>\n\t<meta property=\"og:image:width\" content=\"1170\" \/>\n\t<meta property=\"og:image:height\" content=\"580\" \/>\n\t<meta property=\"og:image:type\" content=\"image\/jpeg\" \/>\n<meta name=\"author\" content=\"wpAdminCofbOrg\" \/>\n<meta name=\"twitter:card\" content=\"summary_large_image\" \/>\n<meta name=\"twitter:creator\" content=\"@farmaceuticsbcn\" \/>\n<meta name=\"twitter:site\" content=\"@farmaceuticsbcn\" \/>\n<meta name=\"twitter:label1\" content=\"Escrito por\" \/>\n\t<meta name=\"twitter:data1\" content=\"wpAdminCofbOrg\" \/>\n\t<meta name=\"twitter:label2\" content=\"Tiempo de lectura\" \/>\n\t<meta name=\"twitter:data2\" content=\"9 minutos\" \/>\n<script type=\"application\/ld+json\" class=\"yoast-schema-graph\">{\"@context\":\"https:\/\/schema.org\",\"@graph\":[{\"@type\":\"Article\",\"@id\":\"https:\/\/www.cofb.org\/2023\/09\/19\/juliol-i-agost-el-programa-de-cribratge-de-cancer-de-coll-uteri-la-fi-de-lobligatorietat-de-les-mascaretes-i-laugment-de-casos-covid-temes-mes-destacats-als-mitjans\/#article\",\"isPartOf\":{\"@id\":\"https:\/\/www.cofb.org\/2023\/09\/19\/juliol-i-agost-el-programa-de-cribratge-de-cancer-de-coll-uteri-la-fi-de-lobligatorietat-de-les-mascaretes-i-laugment-de-casos-covid-temes-mes-destacats-als-mitjans\/\"},\"author\":{\"name\":\"wpAdminCofbOrg\",\"@id\":\"https:\/\/www.cofb.org\/#\/schema\/person\/22ed7eea88da74b0fa4d3154ad87ffcb\"},\"headline\":\"Juliol i agost: El programa de cribratge de c\u00e0ncer de coll uter\u00ed, la fi de l&#8217;obligatorietat de les mascaretes i l&#8217;augment de casos COVID, temes m\u00e9s destacats als mitjans\",\"datePublished\":\"2023-09-19T15:05:46+00:00\",\"dateModified\":\"2024-07-04T15:22:21+00:00\",\"mainEntityOfPage\":{\"@id\":\"https:\/\/www.cofb.org\/2023\/09\/19\/juliol-i-agost-el-programa-de-cribratge-de-cancer-de-coll-uteri-la-fi-de-lobligatorietat-de-les-mascaretes-i-laugment-de-casos-covid-temes-mes-destacats-als-mitjans\/\"},\"wordCount\":1446,\"commentCount\":0,\"publisher\":{\"@id\":\"https:\/\/www.cofb.org\/#organization\"},\"image\":{\"@id\":\"https:\/\/www.cofb.org\/2023\/09\/19\/juliol-i-agost-el-programa-de-cribratge-de-cancer-de-coll-uteri-la-fi-de-lobligatorietat-de-les-mascaretes-i-laugment-de-casos-covid-temes-mes-destacats-als-mitjans\/#primaryimage\"},\"thumbnailUrl\":\"https:\/\/www.cofb.org\/wp-content\/uploads\/2023\/07\/COFB_JULIOL-AGOST-2023_04072024.jpg\",\"keywords\":[\"\u00c0gora Sanit\u00e0ria\",\"COFB\",\"Col\u00b7legi de Farmac\u00e8utics de Barcelona\",\"covid\",\"cribratge\",\"farmac\u00e8utics\",\"Farm\u00e0cia\",\"mascaretes\",\"Mitjans\",\"Oficina de farm\u00e0cia\",\"recull d&#039;agost\",\"recull de juliol\",\"recull de mitjans\"],\"articleSection\":[\"Destacats\",\"Not\u00edcies farm\u00e0cia\"],\"inLanguage\":\"es\",\"potentialAction\":[{\"@type\":\"CommentAction\",\"name\":\"Comment\",\"target\":[\"https:\/\/www.cofb.org\/2023\/09\/19\/juliol-i-agost-el-programa-de-cribratge-de-cancer-de-coll-uteri-la-fi-de-lobligatorietat-de-les-mascaretes-i-laugment-de-casos-covid-temes-mes-destacats-als-mitjans\/#respond\"]}]},{\"@type\":\"WebPage\",\"@id\":\"https:\/\/www.cofb.org\/2023\/09\/19\/juliol-i-agost-el-programa-de-cribratge-de-cancer-de-coll-uteri-la-fi-de-lobligatorietat-de-les-mascaretes-i-laugment-de-casos-covid-temes-mes-destacats-als-mitjans\/\",\"url\":\"https:\/\/www.cofb.org\/2023\/09\/19\/juliol-i-agost-el-programa-de-cribratge-de-cancer-de-coll-uteri-la-fi-de-lobligatorietat-de-les-mascaretes-i-laugment-de-casos-covid-temes-mes-destacats-als-mitjans\/\",\"name\":\"Juliol i agost: El programa de cribratge de c\u00e0ncer de coll uter\u00ed, la fi de l'obligatorietat de les mascaretes i l'augment de casos COVID, temes m\u00e9s destacats als mitjans - Col\u00b7legi de Farmac\u00e8utics de Barcelona\",\"isPartOf\":{\"@id\":\"https:\/\/www.cofb.org\/#website\"},\"primaryImageOfPage\":{\"@id\":\"https:\/\/www.cofb.org\/2023\/09\/19\/juliol-i-agost-el-programa-de-cribratge-de-cancer-de-coll-uteri-la-fi-de-lobligatorietat-de-les-mascaretes-i-laugment-de-casos-covid-temes-mes-destacats-als-mitjans\/#primaryimage\"},\"image\":{\"@id\":\"https:\/\/www.cofb.org\/2023\/09\/19\/juliol-i-agost-el-programa-de-cribratge-de-cancer-de-coll-uteri-la-fi-de-lobligatorietat-de-les-mascaretes-i-laugment-de-casos-covid-temes-mes-destacats-als-mitjans\/#primaryimage\"},\"thumbnailUrl\":\"https:\/\/www.cofb.org\/wp-content\/uploads\/2023\/07\/COFB_JULIOL-AGOST-2023_04072024.jpg\",\"datePublished\":\"2023-09-19T15:05:46+00:00\",\"dateModified\":\"2024-07-04T15:22:21+00:00\",\"description\":\"El programa de cribratge de c\u00e0ncer de coll uter\u00ed, la fi de l'obligatorietat de les mascaretes i l'augment de casos COVID.\",\"breadcrumb\":{\"@id\":\"https:\/\/www.cofb.org\/2023\/09\/19\/juliol-i-agost-el-programa-de-cribratge-de-cancer-de-coll-uteri-la-fi-de-lobligatorietat-de-les-mascaretes-i-laugment-de-casos-covid-temes-mes-destacats-als-mitjans\/#breadcrumb\"},\"inLanguage\":\"es\",\"potentialAction\":[{\"@type\":\"ReadAction\",\"target\":[\"https:\/\/www.cofb.org\/2023\/09\/19\/juliol-i-agost-el-programa-de-cribratge-de-cancer-de-coll-uteri-la-fi-de-lobligatorietat-de-les-mascaretes-i-laugment-de-casos-covid-temes-mes-destacats-als-mitjans\/\"]}]},{\"@type\":\"ImageObject\",\"inLanguage\":\"es\",\"@id\":\"https:\/\/www.cofb.org\/2023\/09\/19\/juliol-i-agost-el-programa-de-cribratge-de-cancer-de-coll-uteri-la-fi-de-lobligatorietat-de-les-mascaretes-i-laugment-de-casos-covid-temes-mes-destacats-als-mitjans\/#primaryimage\",\"url\":\"https:\/\/www.cofb.org\/wp-content\/uploads\/2023\/07\/COFB_JULIOL-AGOST-2023_04072024.jpg\",\"contentUrl\":\"https:\/\/www.cofb.org\/wp-content\/uploads\/2023\/07\/COFB_JULIOL-AGOST-2023_04072024.jpg\",\"width\":1170,\"height\":580},{\"@type\":\"BreadcrumbList\",\"@id\":\"https:\/\/www.cofb.org\/2023\/09\/19\/juliol-i-agost-el-programa-de-cribratge-de-cancer-de-coll-uteri-la-fi-de-lobligatorietat-de-les-mascaretes-i-laugment-de-casos-covid-temes-mes-destacats-als-mitjans\/#breadcrumb\",\"itemListElement\":[{\"@type\":\"ListItem\",\"position\":1,\"name\":\"Inici\",\"item\":\"https:\/\/novaorg.cofb.net\/\"},{\"@type\":\"ListItem\",\"position\":2,\"name\":\"Juliol i agost: El programa de cribratge de c\u00e0ncer de coll uter\u00ed, la fi de l&#8217;obligatorietat de les mascaretes i l&#8217;augment de casos COVID, temes m\u00e9s destacats als mitjans\"}]},{\"@type\":\"WebSite\",\"@id\":\"https:\/\/www.cofb.org\/#website\",\"url\":\"https:\/\/www.cofb.org\/\",\"name\":\"Col\u00b7legi de Farmac\u00e8utics de Barcelona\",\"description\":\"\",\"publisher\":{\"@id\":\"https:\/\/www.cofb.org\/#organization\"},\"potentialAction\":[{\"@type\":\"SearchAction\",\"target\":{\"@type\":\"EntryPoint\",\"urlTemplate\":\"https:\/\/www.cofb.org\/?s={search_term_string}\"},\"query-input\":\"required name=search_term_string\"}],\"inLanguage\":\"es\"},{\"@type\":\"Organization\",\"@id\":\"https:\/\/www.cofb.org\/#organization\",\"name\":\"Col\u00b7legi de Farmac\u00e8utics de Barcelona\",\"url\":\"https:\/\/www.cofb.org\/\",\"logo\":{\"@type\":\"ImageObject\",\"inLanguage\":\"es\",\"@id\":\"https:\/\/www.cofb.org\/#\/schema\/logo\/image\/\",\"url\":\"https:\/\/www.cofb.org\/wp-content\/uploads\/2023\/11\/cropped-Logotip-COFB.png\",\"contentUrl\":\"https:\/\/www.cofb.org\/wp-content\/uploads\/2023\/11\/cropped-Logotip-COFB.png\",\"width\":500,\"height\":105,\"caption\":\"Col\u00b7legi de Farmac\u00e8utics de Barcelona\"},\"image\":{\"@id\":\"https:\/\/www.cofb.org\/#\/schema\/logo\/image\/\"},\"sameAs\":[\"https:\/\/www.facebook.com\/farmaceuticsbcn\/\",\"https:\/\/twitter.com\/farmaceuticsbcn\",\"https:\/\/www.instagram.com\/farmaceuticsbcn\/\",\"https:\/\/www.linkedin.com\/company\/farmaceuticsbcn\/\"]},{\"@type\":\"Person\",\"@id\":\"https:\/\/www.cofb.org\/#\/schema\/person\/22ed7eea88da74b0fa4d3154ad87ffcb\",\"name\":\"wpAdminCofbOrg\",\"image\":{\"@type\":\"ImageObject\",\"inLanguage\":\"es\",\"@id\":\"https:\/\/www.cofb.org\/#\/schema\/person\/image\/\",\"url\":\"https:\/\/secure.gravatar.com\/avatar\/1721b20b3b8ca882c3b56ec6c978c594fff670e40c0718e9190eaeeb76aae7d8?s=96&d=mm&r=g\",\"contentUrl\":\"https:\/\/secure.gravatar.com\/avatar\/1721b20b3b8ca882c3b56ec6c978c594fff670e40c0718e9190eaeeb76aae7d8?s=96&d=mm&r=g\",\"caption\":\"wpAdminCofbOrg\"},\"sameAs\":[\"http:\/\/192.168.64.122\/wordpress\"],\"url\":\"https:\/\/www.cofb.org\/es\/author\/wpadmincofborg\/\"}]}<\/script>\n<!-- \/ Yoast SEO plugin. -->","yoast_head_json":{"title":"Juliol i agost: El programa de cribratge de c\u00e0ncer de coll uter\u00ed, la fi de l'obligatorietat de les mascaretes i l'augment de casos COVID, temes m\u00e9s destacats als mitjans - Col\u00b7legi de Farmac\u00e8utics de Barcelona","description":"El programa de cribratge de c\u00e0ncer de coll uter\u00ed, la fi de l'obligatorietat de les mascaretes i l'augment de casos COVID.","robots":{"index":"index","follow":"follow","max-snippet":"max-snippet:-1","max-image-preview":"max-image-preview:large","max-video-preview":"max-video-preview:-1"},"canonical":"https:\/\/www.cofb.org\/es\/2023\/09\/19\/juliol-i-agost-el-programa-de-cribratge-de-cancer-de-coll-uteri-la-fi-de-lobligatorietat-de-les-mascaretes-i-laugment-de-casos-covid-temes-mes-destacats-als-mitjans\/","og_locale":"es_ES","og_type":"article","og_title":"Juliol i agost: El programa de cribratge de c\u00e0ncer de coll uter\u00ed, la fi de l'obligatorietat de les mascaretes i l'augment de casos COVID, temes m\u00e9s destacats als mitjans - Col\u00b7legi de Farmac\u00e8utics de Barcelona","og_description":"El programa de cribratge de c\u00e0ncer de coll uter\u00ed, la fi de l'obligatorietat de les mascaretes i l'augment de casos COVID.","og_url":"https:\/\/www.cofb.org\/es\/2023\/09\/19\/juliol-i-agost-el-programa-de-cribratge-de-cancer-de-coll-uteri-la-fi-de-lobligatorietat-de-les-mascaretes-i-laugment-de-casos-covid-temes-mes-destacats-als-mitjans\/","og_site_name":"Col\u00b7legi de Farmac\u00e8utics de Barcelona","article_publisher":"https:\/\/www.facebook.com\/farmaceuticsbcn\/","article_published_time":"2023-09-19T15:05:46+00:00","article_modified_time":"2024-07-04T15:22:21+00:00","og_image":[{"width":1170,"height":580,"url":"https:\/\/www.cofb.org\/wp-content\/uploads\/2023\/07\/COFB_JULIOL-AGOST-2023_04072024.jpg","type":"image\/jpeg"}],"author":"wpAdminCofbOrg","twitter_card":"summary_large_image","twitter_creator":"@farmaceuticsbcn","twitter_site":"@farmaceuticsbcn","twitter_misc":{"Escrito por":"wpAdminCofbOrg","Tiempo de lectura":"9 minutos"},"schema":{"@context":"https:\/\/schema.org","@graph":[{"@type":"Article","@id":"https:\/\/www.cofb.org\/2023\/09\/19\/juliol-i-agost-el-programa-de-cribratge-de-cancer-de-coll-uteri-la-fi-de-lobligatorietat-de-les-mascaretes-i-laugment-de-casos-covid-temes-mes-destacats-als-mitjans\/#article","isPartOf":{"@id":"https:\/\/www.cofb.org\/2023\/09\/19\/juliol-i-agost-el-programa-de-cribratge-de-cancer-de-coll-uteri-la-fi-de-lobligatorietat-de-les-mascaretes-i-laugment-de-casos-covid-temes-mes-destacats-als-mitjans\/"},"author":{"name":"wpAdminCofbOrg","@id":"https:\/\/www.cofb.org\/#\/schema\/person\/22ed7eea88da74b0fa4d3154ad87ffcb"},"headline":"Juliol i agost: El programa de cribratge de c\u00e0ncer de coll uter\u00ed, la fi de l&#8217;obligatorietat de les mascaretes i l&#8217;augment de casos COVID, temes m\u00e9s destacats als mitjans","datePublished":"2023-09-19T15:05:46+00:00","dateModified":"2024-07-04T15:22:21+00:00","mainEntityOfPage":{"@id":"https:\/\/www.cofb.org\/2023\/09\/19\/juliol-i-agost-el-programa-de-cribratge-de-cancer-de-coll-uteri-la-fi-de-lobligatorietat-de-les-mascaretes-i-laugment-de-casos-covid-temes-mes-destacats-als-mitjans\/"},"wordCount":1446,"commentCount":0,"publisher":{"@id":"https:\/\/www.cofb.org\/#organization"},"image":{"@id":"https:\/\/www.cofb.org\/2023\/09\/19\/juliol-i-agost-el-programa-de-cribratge-de-cancer-de-coll-uteri-la-fi-de-lobligatorietat-de-les-mascaretes-i-laugment-de-casos-covid-temes-mes-destacats-als-mitjans\/#primaryimage"},"thumbnailUrl":"https:\/\/www.cofb.org\/wp-content\/uploads\/2023\/07\/COFB_JULIOL-AGOST-2023_04072024.jpg","keywords":["\u00c0gora Sanit\u00e0ria","COFB","Col\u00b7legi de Farmac\u00e8utics de Barcelona","covid","cribratge","farmac\u00e8utics","Farm\u00e0cia","mascaretes","Mitjans","Oficina de farm\u00e0cia","recull d&#039;agost","recull de juliol","recull de mitjans"],"articleSection":["Destacats","Not\u00edcies farm\u00e0cia"],"inLanguage":"es","potentialAction":[{"@type":"CommentAction","name":"Comment","target":["https:\/\/www.cofb.org\/2023\/09\/19\/juliol-i-agost-el-programa-de-cribratge-de-cancer-de-coll-uteri-la-fi-de-lobligatorietat-de-les-mascaretes-i-laugment-de-casos-covid-temes-mes-destacats-als-mitjans\/#respond"]}]},{"@type":"WebPage","@id":"https:\/\/www.cofb.org\/2023\/09\/19\/juliol-i-agost-el-programa-de-cribratge-de-cancer-de-coll-uteri-la-fi-de-lobligatorietat-de-les-mascaretes-i-laugment-de-casos-covid-temes-mes-destacats-als-mitjans\/","url":"https:\/\/www.cofb.org\/2023\/09\/19\/juliol-i-agost-el-programa-de-cribratge-de-cancer-de-coll-uteri-la-fi-de-lobligatorietat-de-les-mascaretes-i-laugment-de-casos-covid-temes-mes-destacats-als-mitjans\/","name":"Juliol i agost: El programa de cribratge de c\u00e0ncer de coll uter\u00ed, la fi de l'obligatorietat de les mascaretes i l'augment de casos COVID, temes m\u00e9s destacats als mitjans - Col\u00b7legi de Farmac\u00e8utics de Barcelona","isPartOf":{"@id":"https:\/\/www.cofb.org\/#website"},"primaryImageOfPage":{"@id":"https:\/\/www.cofb.org\/2023\/09\/19\/juliol-i-agost-el-programa-de-cribratge-de-cancer-de-coll-uteri-la-fi-de-lobligatorietat-de-les-mascaretes-i-laugment-de-casos-covid-temes-mes-destacats-als-mitjans\/#primaryimage"},"image":{"@id":"https:\/\/www.cofb.org\/2023\/09\/19\/juliol-i-agost-el-programa-de-cribratge-de-cancer-de-coll-uteri-la-fi-de-lobligatorietat-de-les-mascaretes-i-laugment-de-casos-covid-temes-mes-destacats-als-mitjans\/#primaryimage"},"thumbnailUrl":"https:\/\/www.cofb.org\/wp-content\/uploads\/2023\/07\/COFB_JULIOL-AGOST-2023_04072024.jpg","datePublished":"2023-09-19T15:05:46+00:00","dateModified":"2024-07-04T15:22:21+00:00","description":"El programa de cribratge de c\u00e0ncer de coll uter\u00ed, la fi de l'obligatorietat de les mascaretes i l'augment de casos COVID.","breadcrumb":{"@id":"https:\/\/www.cofb.org\/2023\/09\/19\/juliol-i-agost-el-programa-de-cribratge-de-cancer-de-coll-uteri-la-fi-de-lobligatorietat-de-les-mascaretes-i-laugment-de-casos-covid-temes-mes-destacats-als-mitjans\/#breadcrumb"},"inLanguage":"es","potentialAction":[{"@type":"ReadAction","target":["https:\/\/www.cofb.org\/2023\/09\/19\/juliol-i-agost-el-programa-de-cribratge-de-cancer-de-coll-uteri-la-fi-de-lobligatorietat-de-les-mascaretes-i-laugment-de-casos-covid-temes-mes-destacats-als-mitjans\/"]}]},{"@type":"ImageObject","inLanguage":"es","@id":"https:\/\/www.cofb.org\/2023\/09\/19\/juliol-i-agost-el-programa-de-cribratge-de-cancer-de-coll-uteri-la-fi-de-lobligatorietat-de-les-mascaretes-i-laugment-de-casos-covid-temes-mes-destacats-als-mitjans\/#primaryimage","url":"https:\/\/www.cofb.org\/wp-content\/uploads\/2023\/07\/COFB_JULIOL-AGOST-2023_04072024.jpg","contentUrl":"https:\/\/www.cofb.org\/wp-content\/uploads\/2023\/07\/COFB_JULIOL-AGOST-2023_04072024.jpg","width":1170,"height":580},{"@type":"BreadcrumbList","@id":"https:\/\/www.cofb.org\/2023\/09\/19\/juliol-i-agost-el-programa-de-cribratge-de-cancer-de-coll-uteri-la-fi-de-lobligatorietat-de-les-mascaretes-i-laugment-de-casos-covid-temes-mes-destacats-als-mitjans\/#breadcrumb","itemListElement":[{"@type":"ListItem","position":1,"name":"Inici","item":"https:\/\/novaorg.cofb.net\/"},{"@type":"ListItem","position":2,"name":"Juliol i agost: El programa de cribratge de c\u00e0ncer de coll uter\u00ed, la fi de l&#8217;obligatorietat de les mascaretes i l&#8217;augment de casos COVID, temes m\u00e9s destacats als mitjans"}]},{"@type":"WebSite","@id":"https:\/\/www.cofb.org\/#website","url":"https:\/\/www.cofb.org\/","name":"Col\u00b7legi de Farmac\u00e8utics de Barcelona","description":"","publisher":{"@id":"https:\/\/www.cofb.org\/#organization"},"potentialAction":[{"@type":"SearchAction","target":{"@type":"EntryPoint","urlTemplate":"https:\/\/www.cofb.org\/?s={search_term_string}"},"query-input":"required name=search_term_string"}],"inLanguage":"es"},{"@type":"Organization","@id":"https:\/\/www.cofb.org\/#organization","name":"Col\u00b7legi de Farmac\u00e8utics de Barcelona","url":"https:\/\/www.cofb.org\/","logo":{"@type":"ImageObject","inLanguage":"es","@id":"https:\/\/www.cofb.org\/#\/schema\/logo\/image\/","url":"https:\/\/www.cofb.org\/wp-content\/uploads\/2023\/11\/cropped-Logotip-COFB.png","contentUrl":"https:\/\/www.cofb.org\/wp-content\/uploads\/2023\/11\/cropped-Logotip-COFB.png","width":500,"height":105,"caption":"Col\u00b7legi de Farmac\u00e8utics de Barcelona"},"image":{"@id":"https:\/\/www.cofb.org\/#\/schema\/logo\/image\/"},"sameAs":["https:\/\/www.facebook.com\/farmaceuticsbcn\/","https:\/\/twitter.com\/farmaceuticsbcn","https:\/\/www.instagram.com\/farmaceuticsbcn\/","https:\/\/www.linkedin.com\/company\/farmaceuticsbcn\/"]},{"@type":"Person","@id":"https:\/\/www.cofb.org\/#\/schema\/person\/22ed7eea88da74b0fa4d3154ad87ffcb","name":"wpAdminCofbOrg","image":{"@type":"ImageObject","inLanguage":"es","@id":"https:\/\/www.cofb.org\/#\/schema\/person\/image\/","url":"https:\/\/secure.gravatar.com\/avatar\/1721b20b3b8ca882c3b56ec6c978c594fff670e40c0718e9190eaeeb76aae7d8?s=96&d=mm&r=g","contentUrl":"https:\/\/secure.gravatar.com\/avatar\/1721b20b3b8ca882c3b56ec6c978c594fff670e40c0718e9190eaeeb76aae7d8?s=96&d=mm&r=g","caption":"wpAdminCofbOrg"},"sameAs":["http:\/\/192.168.64.122\/wordpress"],"url":"https:\/\/www.cofb.org\/es\/author\/wpadmincofborg\/"}]}},"uagb_featured_image_src":{"full":["https:\/\/www.cofb.org\/wp-content\/uploads\/2023\/07\/COFB_JULIOL-AGOST-2023_04072024.jpg",1170,580,false],"thumbnail":["https:\/\/www.cofb.org\/wp-content\/uploads\/2023\/07\/COFB_JULIOL-AGOST-2023_04072024-150x150.jpg",150,150,true],"medium":["https:\/\/www.cofb.org\/wp-content\/uploads\/2023\/07\/COFB_JULIOL-AGOST-2023_04072024-300x149.jpg",300,149,true],"medium_large":["https:\/\/www.cofb.org\/wp-content\/uploads\/2023\/07\/COFB_JULIOL-AGOST-2023_04072024-768x381.jpg",768,381,true],"large":["https:\/\/www.cofb.org\/wp-content\/uploads\/2023\/07\/COFB_JULIOL-AGOST-2023_04072024-1024x508.jpg",1024,508,true],"1536x1536":["https:\/\/www.cofb.org\/wp-content\/uploads\/2023\/07\/COFB_JULIOL-AGOST-2023_04072024.jpg",1170,580,false],"2048x2048":["https:\/\/www.cofb.org\/wp-content\/uploads\/2023\/07\/COFB_JULIOL-AGOST-2023_04072024.jpg",1170,580,false],"trp-custom-language-flag":["https:\/\/www.cofb.org\/wp-content\/uploads\/2023\/07\/COFB_JULIOL-AGOST-2023_04072024-18x9.jpg",18,9,true]},"uagb_author_info":{"display_name":"wpAdminCofbOrg","author_link":"https:\/\/www.cofb.org\/es\/author\/wpadmincofborg\/"},"uagb_comment_info":0,"uagb_excerpt":"Cribratge de c\u00e0ncer coll uter\u00ed a les farm\u00e0cies El Departament de Salut i el Consell de Col\u00b7legis Farmac\u00e8utics de Catalunya (CCFC) han desenvolupat un programa pilot de detecci\u00f3 preco\u00e7 de c\u00e0ncer de coll d&#8217;\u00fater. El projecte consisteix a detectar el virus del papil\u00b7loma hum\u00e0 (VPH) a partir d\u2019efectuar una automostra [&hellip;]","_links":{"self":[{"href":"https:\/\/www.cofb.org\/es\/wp-json\/wp\/v2\/posts\/70036","targetHints":{"allow":["GET"]}}],"collection":[{"href":"https:\/\/www.cofb.org\/es\/wp-json\/wp\/v2\/posts"}],"about":[{"href":"https:\/\/www.cofb.org\/es\/wp-json\/wp\/v2\/types\/post"}],"author":[{"embeddable":true,"href":"https:\/\/www.cofb.org\/es\/wp-json\/wp\/v2\/users\/1"}],"replies":[{"embeddable":true,"href":"https:\/\/www.cofb.org\/es\/wp-json\/wp\/v2\/comments?post=70036"}],"version-history":[{"count":2,"href":"https:\/\/www.cofb.org\/es\/wp-json\/wp\/v2\/posts\/70036\/revisions"}],"predecessor-version":[{"id":78705,"href":"https:\/\/www.cofb.org\/es\/wp-json\/wp\/v2\/posts\/70036\/revisions\/78705"}],"wp:featuredmedia":[{"embeddable":true,"href":"https:\/\/www.cofb.org\/es\/wp-json\/wp\/v2\/media\/78698"}],"wp:attachment":[{"href":"https:\/\/www.cofb.org\/es\/wp-json\/wp\/v2\/media?parent=70036"}],"wp:term":[{"taxonomy":"category","embeddable":true,"href":"https:\/\/www.cofb.org\/es\/wp-json\/wp\/v2\/categories?post=70036"},{"taxonomy":"post_tag","embeddable":true,"href":"https:\/\/www.cofb.org\/es\/wp-json\/wp\/v2\/tags?post=70036"}],"curies":[{"name":"wp","href":"https:\/\/api.w.org\/{rel}","templated":true}]}}