{"id":70034,"date":"2023-07-31T14:27:00","date_gmt":"2023-07-31T12:27:00","guid":{"rendered":"https:\/\/blog.cofb.cat\/?p=67320"},"modified":"2023-11-29T12:30:28","modified_gmt":"2023-11-29T12:30:28","slug":"resolucio-de-la-convocatoria-2023-2024-de-beques-i-premis-del-cofb","status":"publish","type":"post","link":"https:\/\/www.cofb.org\/es\/2023\/07\/31\/resolucio-de-la-convocatoria-2023-2024-de-beques-i-premis-del-cofb\/","title":{"rendered":"Resoluci\u00f3n de la convocatoria 2023-2024 de becas y premios del COFB"},"content":{"rendered":"<p>La&nbsp;<strong>Junta de Gobierno del Col\u00b7legi de Farmac\u00e8utics de Barcelona<\/strong>&nbsp;<strong>(COFB)<\/strong>, en las sesiones celebradas el 15 de junio y el 6 de julio de 2023,&nbsp;<strong>aprob\u00f3 el acuerdo del Tribunal de becas<\/strong>&nbsp;<strong>y premios<\/strong>&nbsp;que resuelve la&nbsp;<strong>convocatoria 2023.<\/strong><\/p>\n\n\n\n<figure class=\"wp-block-image size-large\"><a href=\"https:\/\/blog.cofb.cat\/wp-content\/uploads\/2023\/08\/cofb.230712-40ok.jpg\" target=\"_blank\" rel=\"noopener\"><img decoding=\"async\" src=\"https:\/\/blog.cofb.cat\/wp-content\/uploads\/2023\/08\/cofb.230712-40ok-1024x476.jpg\" alt=\"Fotografia de les persones premiades i becades, despr\u00e9s de la resoluci\u00f3 de la convocat\u00f2ria 2023-2024, amb membres de la Junta del COFB i de la Comissi\u00f3 de premis i beques. \" class=\"wp-image-67324\" title=\"Fotograf\u00eda de las personas premiadas y becadas, despu\u00e9s de la resoluci\u00f3n de la convocatoria 2023-2024, con miembros de la Junta del COFB y de la Comisi\u00f3n de premios y becas. \"\/><\/a><figcaption class=\"wp-element-caption\">Fotograf\u00eda de las personas premiadas y becadas, despu\u00e9s de la resoluci\u00f3n de la convocatoria 2023-2024, con miembros de la Junta del COFB y de la Comisi\u00f3n de premios y becas. <\/figcaption><\/figure>\n\n\n\n<p>El <strong>tribunal evaluador<\/strong>, tanto de las becas como de los premios, estuvo formado por los farmac\u00e9uticos <strong>Guillermo Bagaria, Mi Rosa Ballester, Anna Bach<\/strong>, <strong>Cristina Cardells, David Conde, Roser Vall\u00e9s, Pilar Gasc\u00f3n, Rosa Madridejos y Josefina Tapias<\/strong>. El tribunal, en su resoluci\u00f3n, evalu\u00f3 <strong>aspectos relativos al equipo investigador<\/strong>, al&nbsp;<strong>proyecto&nbsp;<\/strong>en s\u00ed y al&nbsp;<strong>inter\u00e9s para el colectivo farmac\u00e9utico.<\/strong><\/p>\n\n\n\n<h2 class=\"wp-block-heading\"><strong>Becas del COFB<\/strong><\/h2>\n\n\n\n<p>La convocatoria incluye un<strong> concurso para conceder dos becas de investigaci\u00f3n.<\/strong> El objetivo de estas es <strong>fomentar el desarrollo de proyectos <\/strong>relacionados con<strong> la atenci\u00f3n <\/strong>y la <strong>investigaci\u00f3n farmac\u00e9uticas<\/strong>, de cualquier \u00e1mbito de la profesi\u00f3n, y que aporten un<strong> valor a\u00f1adido <\/strong>en el ejercicio profesional.<\/p>\n\n\n\n<p><strong>Los proyectos ganadores han sido:<\/strong><\/p>\n\n\n\n<ul class=\"wp-block-list\">\n<li><strong>Impacto del perfil lip\u00eddico avanzado en la evaluaci\u00f3n del riesgo de enfermedad cardiovascular en pacientes con hiperalfalipoproteinemia.<\/strong> Investigadores: Mar\u00eda Jos\u00e9 Castro, Antoni Riera, Javier Pint\u00f3, David Ceacero y B\u00e1rbara Fern\u00e1ndez. Hospital Universitario de Bellvitge.<\/li>\n<\/ul>\n\n\n\n<figure class=\"wp-block-image size-large\"><a href=\"https:\/\/blog.cofb.cat\/wp-content\/uploads\/2023\/08\/cofb.230712-30.jpg\" target=\"_blank\" rel=\"noopener\"><img decoding=\"async\" src=\"https:\/\/blog.cofb.cat\/wp-content\/uploads\/2023\/08\/cofb.230712-30-1024x683.jpg\" alt=\"Ma Jos\u00e9 Castro Castro, una de les investigadores del projecte &quot;Impacte del perfil lip\u00eddic avan\u00e7at en l'avaluaci\u00f3 del risc de malaltia cardiovascular en pacients amb hiperalfalipoprotein\u00e8mia&quot;.\" class=\"wp-image-67323\" title=\"Ma Jos\u00e9 Castro Castro, una de las investigadoras del proyecto &quot;Impacto del perfil lip\u00eddico avanzado en la evaluaci\u00f3n del riesgo de enfermedad cardiovascular en pacientes con hiperalfalipoproteinemia&quot;.\"\/><\/a><figcaption class=\"wp-element-caption\">Mar\u00eda Jos\u00e9 Castro, una de las investigadoras del proyecto \u201cImpacto del perfil lip\u00eddico avanzado en la evaluaci\u00f3n del riesgo de enfermedad cardiovascular en pacientes con hiperalfalipoproteinemia\u201d.<\/figcaption><\/figure>\n\n\n\n<ul class=\"wp-block-list\">\n<li><strong>Expansi\u00f3n de linfocitos T reguladores como terapia para frenar la neurodegeneraci\u00f3n en la diabetes. <\/strong>Investigadores: Maria Llori\u00e1n Salvador, Rafael Sim\u00f3 y Cristina Hern\u00e1ndez. Universidad Aut\u00f3noma de Barcelona y Vall d&#039;Hebron Instituto de Investigaci\u00f3n.<\/li>\n<\/ul>\n\n\n\n<figure class=\"wp-block-image size-large is-resized\"><a href=\"https:\/\/blog.cofb.cat\/wp-content\/uploads\/2023\/08\/cofb.230712-35_edited.jpg\" target=\"_blank\" rel=\"noopener\"><img decoding=\"async\" src=\"https:\/\/blog.cofb.cat\/wp-content\/uploads\/2023\/08\/cofb.230712-35_edited-1024x658.jpg\" alt=\"Maria Llori\u00e1n Salvador, exposant telem\u00e0ticament el projecte &quot;Expansi\u00f3 de limf\u00f2cits T reguladors com a ter\u00e0pia per frenar la neurodegeneraci\u00f3 en la diabetis&quot;.\" class=\"wp-image-67329\" style=\"width:840px;height:539px\" title=\"Maria Llori\u00e1n Salvador, exponiendo telem\u00e1ticamente el proyecto &quot;Expansi\u00f3n de linfocitos T reguladores como terapia para frenar la neurodegeneraci\u00f3n en la diabetes&quot;.\"\/><\/a><figcaption class=\"wp-element-caption\">Maria Llori\u00e1n Salvador, exponiendo telem\u00e1ticamente el proyecto \u201cExpansi\u00f3n de linfocitos T reguladores como terapia para frenar la neurodegeneraci\u00f3n en la diabetes\u201d.<\/figcaption><\/figure>\n\n\n\n<h2 class=\"wp-block-heading\"><strong>Premios del COFB<\/strong><\/h2>\n\n\n\n<p>La convocatoria, <strong>que premia trabajos realizados en 2022<\/strong>, incluye tres categor\u00edas: en <strong>mejor art\u00edculo publicado en una revista de acceso abierto<\/strong>, al <strong>mejor trabajo de fin de grado<\/strong> y en el <strong>mejor proyecto comunitario.<\/strong><\/p>\n\n\n\n<p><strong>Premio al mejor art\u00edculo publicado en una revista de acceso abierto<\/strong>, dotado con 1.000 \u20ac.<\/p>\n\n\n\n<ul class=\"wp-block-list\">\n<li><strong><a href=\"https:\/\/doi.org\/10.1186\/s12875-022-01931-4\" target=\"_blank\" rel=\"noreferrer noopener\">Appropriateness de drogas prescriptions in patients with chronic kidney disease in primary care: a double-center retrospective study<\/a><\/strong>. Sonia Ruiz-Boy, Montserrat Rodriguez-Reyes, Juan Clos-Soldevila y Marina Rovira. BMC&nbsp;<em>Primary Care<\/em>&nbsp;(2022).<\/li>\n<\/ul>\n\n\n\n<figure class=\"wp-block-image size-large\"><img decoding=\"async\" src=\"https:\/\/blog.cofb.cat\/wp-content\/uploads\/2023\/08\/cofb.230712-11-1024x683.jpg\" alt=\"Sonia Ruiz-Boy \u00e9s una de les autores de l'article premiat &quot;Appropriateness of drug prescriptions in patients with chronic kidney disease in primary care: a double-center retrospective study&quot;.\" class=\"wp-image-67321\" title=\"Sonia Ruiz-Boy es una de las autoras del art\u00edculo premiado &quot;Appropriateness de drog prescriptions in patients with chronic kidney diseas in primary care: a double-center retrospective study&quot;.\"\/><figcaption class=\"wp-element-caption\">Sonia Ruiz-Boy es una de las autoras del art\u00edculo premiado \u201cAppropriateness de drog prescriptions in patients with chronic kidney diseas in primary care: a double-center retrospective study\u201d.<\/figcaption><\/figure>\n\n\n\n<p><strong>Premio al mejor Trabajo de Fin de Grado (TFG)<\/strong>, dotado con 500\u20ac.<\/p>\n\n\n\n<ul class=\"wp-block-list\">\n<li><strong>Nanoparticles para el tratamiento de Uveal Melanoma<\/strong>. Autora: Eva Garc\u00eda Ferreres. Departamento de Farmacia y Tecnolog\u00eda Farmac\u00e9utica, y Fisicoqu\u00edmica. Facultad de Farmacia y Ciencias de la Alimentaci\u00f3n. Universidad de Barcelona.<\/li>\n<\/ul>\n\n\n\n<figure class=\"wp-block-image size-large\"><a href=\"https:\/\/blog.cofb.cat\/wp-content\/uploads\/2023\/08\/cofb.230712-20.jpg\" target=\"_blank\" rel=\"noopener\"><img decoding=\"async\" src=\"https:\/\/blog.cofb.cat\/wp-content\/uploads\/2023\/08\/cofb.230712-20-1024x683.jpg\" alt=\"Eva Garc\u00eda Ferreres en l'exposici\u00f3 del seu TFG premiat &quot;Nanoparticles for the treatment of Uveal Melanoma&quot;.\" class=\"wp-image-67322\" title=\"Eva Garc\u00eda Ferreres en la exposici\u00f3n de su TFG premiado &quot;Nanoparticles for the treatment of Uveal Melanoma&quot;.\"\/><\/a><figcaption class=\"wp-element-caption\">Eva Garc\u00eda Ferreres en la exposici\u00f3n de su TFG premiado \u201cNanoparticles for the treatment of Uveal Melanoma\u201d.<\/figcaption><\/figure>\n\n\n\n<p>En esta edici\u00f3n se han declarado desiertos el premio al mejor TFG de la Facultad de Ciencias de la Salud de la Universidad de Ramon Llull y el premio al mejor proyecto comunitario.<\/p>\n\n\n\n<p><\/p>\n\n\n\n<p><strong>Otras publicaciones de inter\u00e9s:<\/strong><\/p>\n\n\n\n<ul class=\"wp-block-list\">\n<li><a href=\"https:\/\/blog.cofb.cat\/blog\/2023\/05\/05\/circular-farmaceutica-ja-disponible-ledicio-especial-de-beques-i-premis-2022\/\" target=\"_blank\" rel=\"noreferrer noopener\">Circular farmac\u00e9utica: ya disponible la edici\u00f3n especial de becas y premios 2022 (Mayo 2023)<\/a><\/li>\n\n\n\n<li><a href=\"https:\/\/blog.cofb.cat\/blog\/2022\/07\/27\/resolucio-de-la-convocatoria-2022-2023-de-beques-i-premis-del-cofb\/\" target=\"_blank\" rel=\"noreferrer noopener\">Resoluci\u00f3n de la convocatoria 2022-2023 de becas y premios del COFB (Julio 2022)<\/a><\/li>\n\n\n\n<li><a href=\"https:\/\/blog.cofb.cat\/resolucio-de-la-convocatoria-2021-2022-de-beques-i-premis-del-cofb\/\" target=\"_blank\" rel=\"noreferrer noopener\">Resoluci\u00f3n de la convocatoria 2021-2022 de becas y premios del COFB (Julio 2021)<\/a><\/li>\n<\/ul>","protected":false},"excerpt":{"rendered":"<p>La Junta de Gobierno del Colegio de Farmac\u00e9uticos de Barcelona (COFB), en las sesiones celebradas el 15 de junio y el 6 de julio de 2023, aprob\u00f3 el acuerdo del Tribunal de becas y premios que resuelve la convocatoria 2023. tribunal evaluador, tanto de las becas como de los premios, estuvo formado por los farmac\u00e9uticos Guillermo [\u2026]<\/p>","protected":false},"author":1,"featured_media":70103,"comment_status":"open","ping_status":"open","sticky":false,"template":"","format":"standard","meta":{"_uag_custom_page_level_css":"","site-sidebar-layout":"default","site-content-layout":"","ast-site-content-layout":"default","site-content-style":"default","site-sidebar-style":"default","ast-global-header-display":"","ast-banner-title-visibility":"","ast-main-header-display":"","ast-hfb-above-header-display":"","ast-hfb-below-header-display":"","ast-hfb-mobile-header-display":"","site-post-title":"","ast-breadcrumbs-content":"","ast-featured-img":"disabled","footer-sml-layout":"","theme-transparent-header-meta":"","adv-header-id-meta":"","stick-header-meta":"","header-above-stick-meta":"","header-main-stick-meta":"","header-below-stick-meta":"","astra-migrate-meta-layouts":"set","ast-page-background-enabled":"default","ast-page-background-meta":{"desktop":{"background-color":"var(--ast-global-color-4)","background-image":"","background-repeat":"repeat","background-position":"center center","background-size":"auto","background-attachment":"scroll","background-type":"","background-media":"","overlay-type":"","overlay-color":"","overlay-opacity":"","overlay-gradient":""},"tablet":{"background-color":"","background-image":"","background-repeat":"repeat","background-position":"center center","background-size":"auto","background-attachment":"scroll","background-type":"","background-media":"","overlay-type":"","overlay-color":"","overlay-opacity":"","overlay-gradient":""},"mobile":{"background-color":"","background-image":"","background-repeat":"repeat","background-position":"center center","background-size":"auto","background-attachment":"scroll","background-type":"","background-media":"","overlay-type":"","overlay-color":"","overlay-opacity":"","overlay-gradient":""}},"ast-content-background-meta":{"desktop":{"background-color":"var(--ast-global-color-5)","background-image":"","background-repeat":"repeat","background-position":"center center","background-size":"auto","background-attachment":"scroll","background-type":"","background-media":"","overlay-type":"","overlay-color":"","overlay-opacity":"","overlay-gradient":""},"tablet":{"background-color":"var(--ast-global-color-5)","background-image":"","background-repeat":"repeat","background-position":"center center","background-size":"auto","background-attachment":"scroll","background-type":"","background-media":"","overlay-type":"","overlay-color":"","overlay-opacity":"","overlay-gradient":""},"mobile":{"background-color":"var(--ast-global-color-5)","background-image":"","background-repeat":"repeat","background-position":"center center","background-size":"auto","background-attachment":"scroll","background-type":"","background-media":"","overlay-type":"","overlay-color":"","overlay-opacity":"","overlay-gradient":""}},"footnotes":""},"categories":[23,57],"tags":[839,354,355,18,19,53,68,417,359,778,846],"class_list":["post-70034","post","type-post","status-publish","format-standard","has-post-thumbnail","hentry","category-destacats","category-mon-collegial","tag-article","tag-beques","tag-beques-i-premis","tag-cofb","tag-collegi-de-farmaceutics-de-barcelona","tag-farmaceutics","tag-farmacia","tag-junta-de-govern","tag-premis","tag-projectes","tag-tfg"],"yoast_head":"<!-- This site is optimized with the Yoast SEO plugin v22.4 - https:\/\/yoast.com\/wordpress\/plugins\/seo\/ -->\n<title>Resoluci\u00f3 de la convocat\u00f2ria 2023-2024 de beques i premis del COFB - Col\u00b7legi de Farmac\u00e8utics de Barcelona<\/title>\n<meta name=\"description\" content=\"La Junta de Govern del COFB va aprovar l\u2019acord del Tribunal de beques i premis que resol la convocat\u00f2ria 2023.\" \/>\n<meta name=\"robots\" content=\"index, follow, max-snippet:-1, max-image-preview:large, max-video-preview:-1\" \/>\n<link rel=\"canonical\" href=\"https:\/\/novaorg.cofb.net\/2023\/07\/31\/resolucio-de-la-convocatoria-2023-2024-de-beques-i-premis-del-cofb\/\" \/>\n<meta property=\"og:locale\" content=\"es_ES\" \/>\n<meta property=\"og:type\" content=\"article\" \/>\n<meta property=\"og:title\" content=\"Resoluci\u00f3 de la convocat\u00f2ria 2023-2024 de beques i premis del COFB - Col\u00b7legi de Farmac\u00e8utics de Barcelona\" \/>\n<meta property=\"og:description\" content=\"La Junta de Govern del COFB va aprovar l\u2019acord del Tribunal de beques i premis que resol la convocat\u00f2ria 2023.\" \/>\n<meta property=\"og:url\" content=\"https:\/\/novaorg.cofb.net\/2023\/07\/31\/resolucio-de-la-convocatoria-2023-2024-de-beques-i-premis-del-cofb\/\" \/>\n<meta property=\"og:site_name\" content=\"Col\u00b7legi de Farmac\u00e8utics de Barcelona\" \/>\n<meta property=\"article:publisher\" content=\"https:\/\/www.facebook.com\/farmaceuticsbcn\/\" \/>\n<meta property=\"article:published_time\" content=\"2023-07-31T12:27:00+00:00\" \/>\n<meta property=\"article:modified_time\" content=\"2023-11-29T12:30:28+00:00\" \/>\n<meta property=\"og:image\" content=\"https:\/\/novaorg.cofb.net\/wp-content\/uploads\/2023\/07\/cofb.230712-40ok-1024x476-1.jpg\" \/>\n\t<meta property=\"og:image:width\" content=\"1024\" \/>\n\t<meta property=\"og:image:height\" content=\"476\" \/>\n\t<meta property=\"og:image:type\" content=\"image\/jpeg\" \/>\n<meta name=\"author\" content=\"wpAdminCofbOrg\" \/>\n<meta name=\"twitter:card\" content=\"summary_large_image\" \/>\n<meta name=\"twitter:creator\" content=\"@farmaceuticsbcn\" \/>\n<meta name=\"twitter:site\" content=\"@farmaceuticsbcn\" \/>\n<meta name=\"twitter:label1\" content=\"Escrito por\" \/>\n\t<meta name=\"twitter:data1\" content=\"wpAdminCofbOrg\" \/>\n\t<meta name=\"twitter:label2\" content=\"Tiempo de lectura\" \/>\n\t<meta name=\"twitter:data2\" content=\"4 minutos\" \/>\n<script type=\"application\/ld+json\" class=\"yoast-schema-graph\">{\"@context\":\"https:\/\/schema.org\",\"@graph\":[{\"@type\":\"Article\",\"@id\":\"https:\/\/novaorg.cofb.net\/2023\/07\/31\/resolucio-de-la-convocatoria-2023-2024-de-beques-i-premis-del-cofb\/#article\",\"isPartOf\":{\"@id\":\"https:\/\/novaorg.cofb.net\/2023\/07\/31\/resolucio-de-la-convocatoria-2023-2024-de-beques-i-premis-del-cofb\/\"},\"author\":{\"name\":\"wpAdminCofbOrg\",\"@id\":\"https:\/\/www.cofb.org\/#\/schema\/person\/22ed7eea88da74b0fa4d3154ad87ffcb\"},\"headline\":\"Resoluci\u00f3 de la convocat\u00f2ria 2023-2024 de beques i premis del COFB\",\"datePublished\":\"2023-07-31T12:27:00+00:00\",\"dateModified\":\"2023-11-29T12:30:28+00:00\",\"mainEntityOfPage\":{\"@id\":\"https:\/\/novaorg.cofb.net\/2023\/07\/31\/resolucio-de-la-convocatoria-2023-2024-de-beques-i-premis-del-cofb\/\"},\"wordCount\":606,\"commentCount\":0,\"publisher\":{\"@id\":\"https:\/\/www.cofb.org\/#organization\"},\"image\":{\"@id\":\"https:\/\/novaorg.cofb.net\/2023\/07\/31\/resolucio-de-la-convocatoria-2023-2024-de-beques-i-premis-del-cofb\/#primaryimage\"},\"thumbnailUrl\":\"https:\/\/www.cofb.org\/wp-content\/uploads\/2023\/07\/cofb.230712-40ok-1024x476-1.jpg\",\"keywords\":[\"article\",\"beques\",\"beques i premis\",\"COFB\",\"Col\u00b7legi de Farmac\u00e8utics de Barcelona\",\"farmac\u00e8utics\",\"Farm\u00e0cia\",\"Junta de Govern\",\"Premis\",\"projectes\",\"tfg\"],\"articleSection\":[\"Destacats\",\"M\u00f3n col\u00b7legial\"],\"inLanguage\":\"es\",\"potentialAction\":[{\"@type\":\"CommentAction\",\"name\":\"Comment\",\"target\":[\"https:\/\/novaorg.cofb.net\/2023\/07\/31\/resolucio-de-la-convocatoria-2023-2024-de-beques-i-premis-del-cofb\/#respond\"]}]},{\"@type\":\"WebPage\",\"@id\":\"https:\/\/novaorg.cofb.net\/2023\/07\/31\/resolucio-de-la-convocatoria-2023-2024-de-beques-i-premis-del-cofb\/\",\"url\":\"https:\/\/novaorg.cofb.net\/2023\/07\/31\/resolucio-de-la-convocatoria-2023-2024-de-beques-i-premis-del-cofb\/\",\"name\":\"Resoluci\u00f3 de la convocat\u00f2ria 2023-2024 de beques i premis del COFB - Col\u00b7legi de Farmac\u00e8utics de Barcelona\",\"isPartOf\":{\"@id\":\"https:\/\/www.cofb.org\/#website\"},\"primaryImageOfPage\":{\"@id\":\"https:\/\/novaorg.cofb.net\/2023\/07\/31\/resolucio-de-la-convocatoria-2023-2024-de-beques-i-premis-del-cofb\/#primaryimage\"},\"image\":{\"@id\":\"https:\/\/novaorg.cofb.net\/2023\/07\/31\/resolucio-de-la-convocatoria-2023-2024-de-beques-i-premis-del-cofb\/#primaryimage\"},\"thumbnailUrl\":\"https:\/\/www.cofb.org\/wp-content\/uploads\/2023\/07\/cofb.230712-40ok-1024x476-1.jpg\",\"datePublished\":\"2023-07-31T12:27:00+00:00\",\"dateModified\":\"2023-11-29T12:30:28+00:00\",\"description\":\"La Junta de Govern del COFB va aprovar l\u2019acord del Tribunal de beques i premis que resol la convocat\u00f2ria 2023.\",\"breadcrumb\":{\"@id\":\"https:\/\/novaorg.cofb.net\/2023\/07\/31\/resolucio-de-la-convocatoria-2023-2024-de-beques-i-premis-del-cofb\/#breadcrumb\"},\"inLanguage\":\"es\",\"potentialAction\":[{\"@type\":\"ReadAction\",\"target\":[\"https:\/\/novaorg.cofb.net\/2023\/07\/31\/resolucio-de-la-convocatoria-2023-2024-de-beques-i-premis-del-cofb\/\"]}]},{\"@type\":\"ImageObject\",\"inLanguage\":\"es\",\"@id\":\"https:\/\/novaorg.cofb.net\/2023\/07\/31\/resolucio-de-la-convocatoria-2023-2024-de-beques-i-premis-del-cofb\/#primaryimage\",\"url\":\"https:\/\/www.cofb.org\/wp-content\/uploads\/2023\/07\/cofb.230712-40ok-1024x476-1.jpg\",\"contentUrl\":\"https:\/\/www.cofb.org\/wp-content\/uploads\/2023\/07\/cofb.230712-40ok-1024x476-1.jpg\",\"width\":1024,\"height\":476},{\"@type\":\"BreadcrumbList\",\"@id\":\"https:\/\/novaorg.cofb.net\/2023\/07\/31\/resolucio-de-la-convocatoria-2023-2024-de-beques-i-premis-del-cofb\/#breadcrumb\",\"itemListElement\":[{\"@type\":\"ListItem\",\"position\":1,\"name\":\"Inici\",\"item\":\"https:\/\/novaorg.cofb.net\/\"},{\"@type\":\"ListItem\",\"position\":2,\"name\":\"Resoluci\u00f3 de la convocat\u00f2ria 2023-2024 de beques i premis del COFB\"}]},{\"@type\":\"WebSite\",\"@id\":\"https:\/\/www.cofb.org\/#website\",\"url\":\"https:\/\/www.cofb.org\/\",\"name\":\"Col\u00b7legi de Farmac\u00e8utics de Barcelona\",\"description\":\"\",\"publisher\":{\"@id\":\"https:\/\/www.cofb.org\/#organization\"},\"potentialAction\":[{\"@type\":\"SearchAction\",\"target\":{\"@type\":\"EntryPoint\",\"urlTemplate\":\"https:\/\/www.cofb.org\/?s={search_term_string}\"},\"query-input\":\"required name=search_term_string\"}],\"inLanguage\":\"es\"},{\"@type\":\"Organization\",\"@id\":\"https:\/\/www.cofb.org\/#organization\",\"name\":\"Col\u00b7legi de Farmac\u00e8utics de Barcelona\",\"url\":\"https:\/\/www.cofb.org\/\",\"logo\":{\"@type\":\"ImageObject\",\"inLanguage\":\"es\",\"@id\":\"https:\/\/www.cofb.org\/#\/schema\/logo\/image\/\",\"url\":\"https:\/\/www.cofb.org\/wp-content\/uploads\/2023\/11\/cropped-Logotip-COFB.png\",\"contentUrl\":\"https:\/\/www.cofb.org\/wp-content\/uploads\/2023\/11\/cropped-Logotip-COFB.png\",\"width\":500,\"height\":105,\"caption\":\"Col\u00b7legi de Farmac\u00e8utics de Barcelona\"},\"image\":{\"@id\":\"https:\/\/www.cofb.org\/#\/schema\/logo\/image\/\"},\"sameAs\":[\"https:\/\/www.facebook.com\/farmaceuticsbcn\/\",\"https:\/\/twitter.com\/farmaceuticsbcn\",\"https:\/\/www.instagram.com\/farmaceuticsbcn\/\",\"https:\/\/www.linkedin.com\/company\/farmaceuticsbcn\/\"]},{\"@type\":\"Person\",\"@id\":\"https:\/\/www.cofb.org\/#\/schema\/person\/22ed7eea88da74b0fa4d3154ad87ffcb\",\"name\":\"wpAdminCofbOrg\",\"image\":{\"@type\":\"ImageObject\",\"inLanguage\":\"es\",\"@id\":\"https:\/\/www.cofb.org\/#\/schema\/person\/image\/\",\"url\":\"https:\/\/secure.gravatar.com\/avatar\/1721b20b3b8ca882c3b56ec6c978c594fff670e40c0718e9190eaeeb76aae7d8?s=96&d=mm&r=g\",\"contentUrl\":\"https:\/\/secure.gravatar.com\/avatar\/1721b20b3b8ca882c3b56ec6c978c594fff670e40c0718e9190eaeeb76aae7d8?s=96&d=mm&r=g\",\"caption\":\"wpAdminCofbOrg\"},\"sameAs\":[\"http:\/\/192.168.64.122\/wordpress\"],\"url\":\"https:\/\/www.cofb.org\/es\/author\/wpadmincofborg\/\"}]}<\/script>\n<!-- \/ Yoast SEO plugin. -->","yoast_head_json":{"title":"Resoluci\u00f3 de la convocat\u00f2ria 2023-2024 de beques i premis del COFB - Col\u00b7legi de Farmac\u00e8utics de Barcelona","description":"La Junta de Govern del COFB va aprovar l\u2019acord del Tribunal de beques i premis que resol la convocat\u00f2ria 2023.","robots":{"index":"index","follow":"follow","max-snippet":"max-snippet:-1","max-image-preview":"max-image-preview:large","max-video-preview":"max-video-preview:-1"},"canonical":"https:\/\/novaorg.cofb.net\/2023\/07\/31\/resolucio-de-la-convocatoria-2023-2024-de-beques-i-premis-del-cofb\/","og_locale":"es_ES","og_type":"article","og_title":"Resoluci\u00f3 de la convocat\u00f2ria 2023-2024 de beques i premis del COFB - Col\u00b7legi de Farmac\u00e8utics de Barcelona","og_description":"La Junta de Govern del COFB va aprovar l\u2019acord del Tribunal de beques i premis que resol la convocat\u00f2ria 2023.","og_url":"https:\/\/novaorg.cofb.net\/2023\/07\/31\/resolucio-de-la-convocatoria-2023-2024-de-beques-i-premis-del-cofb\/","og_site_name":"Col\u00b7legi de Farmac\u00e8utics de Barcelona","article_publisher":"https:\/\/www.facebook.com\/farmaceuticsbcn\/","article_published_time":"2023-07-31T12:27:00+00:00","article_modified_time":"2023-11-29T12:30:28+00:00","og_image":[{"width":1024,"height":476,"url":"https:\/\/novaorg.cofb.net\/wp-content\/uploads\/2023\/07\/cofb.230712-40ok-1024x476-1.jpg","type":"image\/jpeg"}],"author":"wpAdminCofbOrg","twitter_card":"summary_large_image","twitter_creator":"@farmaceuticsbcn","twitter_site":"@farmaceuticsbcn","twitter_misc":{"Escrito por":"wpAdminCofbOrg","Tiempo de lectura":"4 minutos"},"schema":{"@context":"https:\/\/schema.org","@graph":[{"@type":"Article","@id":"https:\/\/novaorg.cofb.net\/2023\/07\/31\/resolucio-de-la-convocatoria-2023-2024-de-beques-i-premis-del-cofb\/#article","isPartOf":{"@id":"https:\/\/novaorg.cofb.net\/2023\/07\/31\/resolucio-de-la-convocatoria-2023-2024-de-beques-i-premis-del-cofb\/"},"author":{"name":"wpAdminCofbOrg","@id":"https:\/\/www.cofb.org\/#\/schema\/person\/22ed7eea88da74b0fa4d3154ad87ffcb"},"headline":"Resoluci\u00f3 de la convocat\u00f2ria 2023-2024 de beques i premis del COFB","datePublished":"2023-07-31T12:27:00+00:00","dateModified":"2023-11-29T12:30:28+00:00","mainEntityOfPage":{"@id":"https:\/\/novaorg.cofb.net\/2023\/07\/31\/resolucio-de-la-convocatoria-2023-2024-de-beques-i-premis-del-cofb\/"},"wordCount":606,"commentCount":0,"publisher":{"@id":"https:\/\/www.cofb.org\/#organization"},"image":{"@id":"https:\/\/novaorg.cofb.net\/2023\/07\/31\/resolucio-de-la-convocatoria-2023-2024-de-beques-i-premis-del-cofb\/#primaryimage"},"thumbnailUrl":"https:\/\/www.cofb.org\/wp-content\/uploads\/2023\/07\/cofb.230712-40ok-1024x476-1.jpg","keywords":["article","beques","beques i premis","COFB","Col\u00b7legi de Farmac\u00e8utics de Barcelona","farmac\u00e8utics","Farm\u00e0cia","Junta de Govern","Premis","projectes","tfg"],"articleSection":["Destacats","M\u00f3n col\u00b7legial"],"inLanguage":"es","potentialAction":[{"@type":"CommentAction","name":"Comment","target":["https:\/\/novaorg.cofb.net\/2023\/07\/31\/resolucio-de-la-convocatoria-2023-2024-de-beques-i-premis-del-cofb\/#respond"]}]},{"@type":"WebPage","@id":"https:\/\/novaorg.cofb.net\/2023\/07\/31\/resolucio-de-la-convocatoria-2023-2024-de-beques-i-premis-del-cofb\/","url":"https:\/\/novaorg.cofb.net\/2023\/07\/31\/resolucio-de-la-convocatoria-2023-2024-de-beques-i-premis-del-cofb\/","name":"Resoluci\u00f3 de la convocat\u00f2ria 2023-2024 de beques i premis del COFB - Col\u00b7legi de Farmac\u00e8utics de Barcelona","isPartOf":{"@id":"https:\/\/www.cofb.org\/#website"},"primaryImageOfPage":{"@id":"https:\/\/novaorg.cofb.net\/2023\/07\/31\/resolucio-de-la-convocatoria-2023-2024-de-beques-i-premis-del-cofb\/#primaryimage"},"image":{"@id":"https:\/\/novaorg.cofb.net\/2023\/07\/31\/resolucio-de-la-convocatoria-2023-2024-de-beques-i-premis-del-cofb\/#primaryimage"},"thumbnailUrl":"https:\/\/www.cofb.org\/wp-content\/uploads\/2023\/07\/cofb.230712-40ok-1024x476-1.jpg","datePublished":"2023-07-31T12:27:00+00:00","dateModified":"2023-11-29T12:30:28+00:00","description":"La Junta de Govern del COFB va aprovar l\u2019acord del Tribunal de beques i premis que resol la convocat\u00f2ria 2023.","breadcrumb":{"@id":"https:\/\/novaorg.cofb.net\/2023\/07\/31\/resolucio-de-la-convocatoria-2023-2024-de-beques-i-premis-del-cofb\/#breadcrumb"},"inLanguage":"es","potentialAction":[{"@type":"ReadAction","target":["https:\/\/novaorg.cofb.net\/2023\/07\/31\/resolucio-de-la-convocatoria-2023-2024-de-beques-i-premis-del-cofb\/"]}]},{"@type":"ImageObject","inLanguage":"es","@id":"https:\/\/novaorg.cofb.net\/2023\/07\/31\/resolucio-de-la-convocatoria-2023-2024-de-beques-i-premis-del-cofb\/#primaryimage","url":"https:\/\/www.cofb.org\/wp-content\/uploads\/2023\/07\/cofb.230712-40ok-1024x476-1.jpg","contentUrl":"https:\/\/www.cofb.org\/wp-content\/uploads\/2023\/07\/cofb.230712-40ok-1024x476-1.jpg","width":1024,"height":476},{"@type":"BreadcrumbList","@id":"https:\/\/novaorg.cofb.net\/2023\/07\/31\/resolucio-de-la-convocatoria-2023-2024-de-beques-i-premis-del-cofb\/#breadcrumb","itemListElement":[{"@type":"ListItem","position":1,"name":"Inici","item":"https:\/\/novaorg.cofb.net\/"},{"@type":"ListItem","position":2,"name":"Resoluci\u00f3 de la convocat\u00f2ria 2023-2024 de beques i premis del COFB"}]},{"@type":"WebSite","@id":"https:\/\/www.cofb.org\/#website","url":"https:\/\/www.cofb.org\/","name":"Col\u00b7legi de Farmac\u00e8utics de Barcelona","description":"","publisher":{"@id":"https:\/\/www.cofb.org\/#organization"},"potentialAction":[{"@type":"SearchAction","target":{"@type":"EntryPoint","urlTemplate":"https:\/\/www.cofb.org\/?s={search_term_string}"},"query-input":"required name=search_term_string"}],"inLanguage":"es"},{"@type":"Organization","@id":"https:\/\/www.cofb.org\/#organization","name":"Col\u00b7legi de Farmac\u00e8utics de Barcelona","url":"https:\/\/www.cofb.org\/","logo":{"@type":"ImageObject","inLanguage":"es","@id":"https:\/\/www.cofb.org\/#\/schema\/logo\/image\/","url":"https:\/\/www.cofb.org\/wp-content\/uploads\/2023\/11\/cropped-Logotip-COFB.png","contentUrl":"https:\/\/www.cofb.org\/wp-content\/uploads\/2023\/11\/cropped-Logotip-COFB.png","width":500,"height":105,"caption":"Col\u00b7legi de Farmac\u00e8utics de Barcelona"},"image":{"@id":"https:\/\/www.cofb.org\/#\/schema\/logo\/image\/"},"sameAs":["https:\/\/www.facebook.com\/farmaceuticsbcn\/","https:\/\/twitter.com\/farmaceuticsbcn","https:\/\/www.instagram.com\/farmaceuticsbcn\/","https:\/\/www.linkedin.com\/company\/farmaceuticsbcn\/"]},{"@type":"Person","@id":"https:\/\/www.cofb.org\/#\/schema\/person\/22ed7eea88da74b0fa4d3154ad87ffcb","name":"wpAdminCofbOrg","image":{"@type":"ImageObject","inLanguage":"es","@id":"https:\/\/www.cofb.org\/#\/schema\/person\/image\/","url":"https:\/\/secure.gravatar.com\/avatar\/1721b20b3b8ca882c3b56ec6c978c594fff670e40c0718e9190eaeeb76aae7d8?s=96&d=mm&r=g","contentUrl":"https:\/\/secure.gravatar.com\/avatar\/1721b20b3b8ca882c3b56ec6c978c594fff670e40c0718e9190eaeeb76aae7d8?s=96&d=mm&r=g","caption":"wpAdminCofbOrg"},"sameAs":["http:\/\/192.168.64.122\/wordpress"],"url":"https:\/\/www.cofb.org\/es\/author\/wpadmincofborg\/"}]}},"uagb_featured_image_src":{"full":["https:\/\/www.cofb.org\/wp-content\/uploads\/2023\/07\/cofb.230712-40ok-1024x476-1.jpg",1024,476,false],"thumbnail":["https:\/\/www.cofb.org\/wp-content\/uploads\/2023\/07\/cofb.230712-40ok-1024x476-1-150x150.jpg",150,150,true],"medium":["https:\/\/www.cofb.org\/wp-content\/uploads\/2023\/07\/cofb.230712-40ok-1024x476-1-300x139.jpg",300,139,true],"medium_large":["https:\/\/www.cofb.org\/wp-content\/uploads\/2023\/07\/cofb.230712-40ok-1024x476-1-768x357.jpg",768,357,true],"large":["https:\/\/www.cofb.org\/wp-content\/uploads\/2023\/07\/cofb.230712-40ok-1024x476-1.jpg",1024,476,false],"1536x1536":["https:\/\/www.cofb.org\/wp-content\/uploads\/2023\/07\/cofb.230712-40ok-1024x476-1.jpg",1024,476,false],"2048x2048":["https:\/\/www.cofb.org\/wp-content\/uploads\/2023\/07\/cofb.230712-40ok-1024x476-1.jpg",1024,476,false],"trp-custom-language-flag":["https:\/\/www.cofb.org\/wp-content\/uploads\/2023\/07\/cofb.230712-40ok-1024x476-1-18x8.jpg",18,8,true]},"uagb_author_info":{"display_name":"wpAdminCofbOrg","author_link":"https:\/\/www.cofb.org\/es\/author\/wpadmincofborg\/"},"uagb_comment_info":0,"uagb_excerpt":"La&nbsp;Junta de Govern del Col\u00b7legi de Farmac\u00e8utics de Barcelona&nbsp;(COFB), en les sessions celebrades el 15 de juny i el 6 de juliol de 2023,&nbsp;va aprovar l\u2019acord del Tribunal de beques&nbsp;i premis&nbsp;que resol la&nbsp;convocat\u00f2ria 2023. El tribunal avaluador, tant de les beques com dels premis, va estar format pels farmac\u00e8utics Guillermo [&hellip;]","_links":{"self":[{"href":"https:\/\/www.cofb.org\/es\/wp-json\/wp\/v2\/posts\/70034","targetHints":{"allow":["GET"]}}],"collection":[{"href":"https:\/\/www.cofb.org\/es\/wp-json\/wp\/v2\/posts"}],"about":[{"href":"https:\/\/www.cofb.org\/es\/wp-json\/wp\/v2\/types\/post"}],"author":[{"embeddable":true,"href":"https:\/\/www.cofb.org\/es\/wp-json\/wp\/v2\/users\/1"}],"replies":[{"embeddable":true,"href":"https:\/\/www.cofb.org\/es\/wp-json\/wp\/v2\/comments?post=70034"}],"version-history":[{"count":1,"href":"https:\/\/www.cofb.org\/es\/wp-json\/wp\/v2\/posts\/70034\/revisions"}],"predecessor-version":[{"id":70104,"href":"https:\/\/www.cofb.org\/es\/wp-json\/wp\/v2\/posts\/70034\/revisions\/70104"}],"wp:featuredmedia":[{"embeddable":true,"href":"https:\/\/www.cofb.org\/es\/wp-json\/wp\/v2\/media\/70103"}],"wp:attachment":[{"href":"https:\/\/www.cofb.org\/es\/wp-json\/wp\/v2\/media?parent=70034"}],"wp:term":[{"taxonomy":"category","embeddable":true,"href":"https:\/\/www.cofb.org\/es\/wp-json\/wp\/v2\/categories?post=70034"},{"taxonomy":"post_tag","embeddable":true,"href":"https:\/\/www.cofb.org\/es\/wp-json\/wp\/v2\/tags?post=70034"}],"curies":[{"name":"wp","href":"https:\/\/api.w.org\/{rel}","templated":true}]}}