{"id":68925,"date":"2024-04-17T23:09:03","date_gmt":"2024-04-17T21:09:03","guid":{"rendered":"https:\/\/blog.cofb.cat\/?p=68925"},"modified":"2024-06-26T08:06:31","modified_gmt":"2024-06-26T08:06:31","slug":"la-candidatura-encapcalada-per-jordi-casas-guanya-les-eleccions-a-la-junta-de-govern-del-collegi-de-farmaceutics-de-barcelona","status":"publish","type":"post","link":"https:\/\/www.cofb.org\/es\/2024\/04\/17\/la-candidatura-encapcalada-per-jordi-casas-guanya-les-eleccions-a-la-junta-de-govern-del-collegi-de-farmaceutics-de-barcelona\/","title":{"rendered":"Jordi Casas, reelegido presidente del Colegio de Farmac\u00e9uticos de Barcelona"},"content":{"rendered":"<p><strong>La <strong>candidatura encabezada por Jordi Casas, con 2.258 votos,<\/strong> ha ganado las <strong>elecciones<\/strong><\/strong> para la renovaci\u00f3n de los cargos de la<strong><strong> Junta de Gobierno del Colegio de Farmac\u00e9uticos de Barcelona (COFB)<\/strong> <\/strong>durante el mandato 2024-2028.<\/p>\n\n\n\n<figure class=\"wp-block-image size-large\"><a href=\"https:\/\/blog.cofb.cat\/wp-content\/uploads\/2024\/04\/COFB_CANDIDATURA-GUANYADORA-ELECCIONS_17042024.jpg\" target=\"_blank\" rel=\"noopener\"><img decoding=\"async\" src=\"https:\/\/blog.cofb.cat\/wp-content\/uploads\/2024\/04\/COFB_CANDIDATURA-GUANYADORA-ELECCIONS_17042024-1024x576.jpg\" alt=\"Candidats a peu dret (d\u2019esquerra a dreta): Jordi Magriny\u00e0, Ma Victoria Mart\u00ednez, Xavier Tejedor, David Conde, Meritxell Cort\u00e9s, Oscar Llans\u00f3, Josep Allu\u00e9, Marta Alcalde, Claudia Tresserra, Merc\u00e8 Barau, Albert de Dalmases, Cristina Casajuana, Am\u00e8lia Garc\u00eda-Miranda, Elena Palau i Cristina Morales. Candidats asseguts (d\u2019esquerra a dreta): Davinia Comas, Miquel Recasens, Marta Gento, Jordi Casas, N\u00faria Bosch, Llu\u00eds Garc\u00eda i Ma Rosa Ballester.\" class=\"wp-image-68927\" title=\"Candidatos de pie (de izquierda a derecha): Jordi Magriny\u00e0, Ma Victoria Mart\u00ednez, Xavier Tejedor, David Conde, Meritxell Cort\u00e9s, Oscar Llans\u00f3, Josep Allu\u00e9, Marta Alcalde, Claudia Tresserra, Merc\u00e8 Barau, Albert de Dalmases, Cristina Casajuana, Amelia Garc\u00eda-Miranda, Elena Palau y Cristina Morales. Candidatos sentados (de izquierda a derecha): Davinia Comas, Miquel Recasens, Marta Gento, Jordi Casas, Nuria Bosch, Llu\u00eds Garc\u00eda y Ma Rosa Ballester.\"\/><\/a><figcaption>Candidatos de pie (de izquierda a derecha): Jordi Magriny\u00e0, Ma Victoria Mart\u00ednez, Xavier Tejedor, David Conde, Meritxell Cort\u00e9s, Oscar Llans\u00f3, Josep Allu\u00e9, Marta Alcalde, Claudia Tresserra, Merc\u00e8 Barau, Albert de Dalmases, Cristina Casajuana, Amelia Garc\u00eda-Miranda, Elena Palau y Cristina Morales.<br>Candidatos sentados (de izquierda a derecha): Davinia Comas, Miquel Recasens, Marta Gento, Jordi Casas, Nuria Bosch, Llu\u00eds Garc\u00eda y Ma Rosa Ballester.<\/figcaption><\/figure>\n\n\n\n<p>Durante la jornada electoral, celebrada ayer 17 de abril, se cont\u00f3 con un total de <strong>4.185 votos<\/strong>. La <strong>candidatura Farmac\u00e9uticos Comprometidos, presidida por Jordi Casas, <\/strong>ha obtenido<strong> 2.258 votos (53,95% del total) <\/strong>y la <strong>candidatura #avan\u00e7aFARMA, encabezada por Guillermo Bagar\u00eda<\/strong>,<strong> 1.650 votos (39,43% del total)<\/strong>. Un total de <strong>277 (6,62%) <\/strong>han estado en blanco.<\/p>\n\n\n\n<p>Adem\u00e1s, <strong>por primera vez, se ha hecho uso de la opci\u00f3n del voto remoto electr\u00f3nico<\/strong> con <strong>3.706 votos (88,55%)<\/strong>, demostrando, de este modo, <strong>el \u00e9xito de este sistema de votaci\u00f3n<\/strong>. El voto electr\u00f3nico se ha a\u00f1adido a los <strong>m\u00e9todos de voto tradicionales<\/strong>, de forma <strong>presencial <\/strong>y por <strong>correo postal certificado<\/strong>, que han sumado <strong>479 votos (11,45%)<\/strong>.<\/p>\n\n\n\n<p>En las \u00faltimas elecciones, celebradas en 2008, se emitieron un total de 1.108 votos.<\/p>\n\n\n\n<h2 class=\"wp-block-heading\"><strong>Renovaci\u00f3n de la Junta de Gobierno cada 4 a\u00f1os<\/strong><\/h2>\n\n\n\n<p>Cada cuatro a\u00f1os se convocan elecciones al COFB para renovar los cargos de la Junta de Gobierno. Sin embargo, desde el a\u00f1o 2008 los farmac\u00e9uticos y farmac\u00e9uticas no hab\u00edan acudido a las urnas porque en cada renovaci\u00f3n reglamentaria de la Junta s\u00f3lo se hab\u00eda presentado una candidatura, quedando proclamada directamente.<\/p>\n\n\n\n<p>La campa\u00f1a electoral de este a\u00f1o se inici\u00f3 el pasado 13 de marzo de 2024 y ha culminado hoy, 17 de abril, con la celebraci\u00f3n de la jornada electoral en la que <strong>9.304 colegiados y colegiadas estaban llamados a participar<\/strong>. La mesa electoral se escogi\u00f3 por sorteo entre los colegiados\/as y sus miembros -presidente, un secretario y cuatro vocales-, han sido los encargados de presidir, supervisar y llevar a cabo el escrutinio de los votos.<\/p>\n\n\n\n<h2 class=\"wp-block-heading\"><strong>Miembros de la candidatura encabezada por Jordi Casas<\/strong><\/h2>\n\n\n\n<p>La candidatura encabezada por Jordi Casas est\u00e1 formada por 22 profesionales del \u00e1mbito farmac\u00e9utico. La relaci\u00f3n de nombres y cargos es la siguiente:<\/p>\n\n\n\n<figure class=\"wp-block-image size-full is-resized\"><a href=\"https:\/\/blog.cofb.cat\/wp-content\/uploads\/2024\/04\/COFB_Farmaceutics-compromesos_17042024.jpg\" target=\"_blank\" rel=\"noopener\"><img fetchpriority=\"high\" decoding=\"async\" src=\"https:\/\/blog.cofb.cat\/wp-content\/uploads\/2024\/04\/COFB_Farmaceutics-compromesos_17042024.jpg\" alt=\"\" class=\"wp-image-68926\" width=\"712\" height=\"561\"\/><\/a><\/figure>\n\n\n\n<p><strong>Otras publicaciones de inter\u00e9s:<\/strong><\/p>\n\n\n\n<ul class=\"wp-block-list\"><li><a href=\"https:\/\/blog.cofb.cat\/blog\/2024\/03\/13\/comenca-la-campanya-electoral-per-a-les-eleccions-de-la-junta-de-govern-del-cofb-amb-dues-candidatures-proclamades\/\" target=\"_blank\" rel=\"noreferrer noopener\">Empieza la campa\u00f1a electoral para las elecciones de la Junta de Gobierno del COFB con dos candidaturas proclamadas (Marzo 2024)<\/a><\/li><li><a href=\"https:\/\/blog.cofb.cat\/blog\/2024\/02\/02\/el-collegi-convoca-eleccions-pel-proxim-17-dabril-i-comptara-amb-el-sistema-de-vot-remot-electronic-per-facilitar-la-participacio\/\" target=\"_blank\" rel=\"noreferrer noopener\">El Colegio convoca elecciones para el pr\u00f3ximo 17 de abril y contar\u00e1 con el sistema de voto remoto electr\u00f3nico para facilitar la participaci\u00f3n (Febrero 2024)<\/a><\/li><li><a href=\"https:\/\/blog.cofb.cat\/blog\/2020\/06\/04\/collegi-farmaceutics-barcelona-convoca-eleccions-pel-proxim-28-juliol-tornant-comptar-sistema-vot-remot-electronic\/\" target=\"_blank\" rel=\"noreferrer noopener\">El Colegio de Farmac\u00e9uticos de Barcelona convoca elecciones para el pr\u00f3ximo 28 de julio, volviendo a contar con el sistema de voto remoto electr\u00f3nico (Junio 2020)<\/a><\/li><\/ul>","protected":false},"excerpt":{"rendered":"<p>La candidatura encabezada por Jordi Casas, con 2.258 votos, ha ganado las elecciones para la renovaci\u00f3n de los cargos de la Junta de Gobierno del Colegio de Farmac\u00e9uticos de Barcelona (COFB) durante su mandato 2024-2028. Durante la jornada electoral, celebrada ayer 17 de abril, se cont\u00f3 con un total de [\u2026]<\/p>","protected":false},"author":1,"featured_media":78286,"comment_status":"open","ping_status":"open","sticky":false,"template":"","format":"standard","meta":{"_uag_custom_page_level_css":"","site-sidebar-layout":"default","site-content-layout":"","ast-site-content-layout":"default","site-content-style":"default","site-sidebar-style":"default","ast-global-header-display":"","ast-banner-title-visibility":"","ast-main-header-display":"","ast-hfb-above-header-display":"","ast-hfb-below-header-display":"","ast-hfb-mobile-header-display":"","site-post-title":"","ast-breadcrumbs-content":"","ast-featured-img":"disabled","footer-sml-layout":"","theme-transparent-header-meta":"","adv-header-id-meta":"","stick-header-meta":"","header-above-stick-meta":"","header-main-stick-meta":"","header-below-stick-meta":"","astra-migrate-meta-layouts":"set","ast-page-background-enabled":"default","ast-page-background-meta":{"desktop":{"background-color":"var(--ast-global-color-4)","background-image":"","background-repeat":"repeat","background-position":"center center","background-size":"auto","background-attachment":"scroll","background-type":"","background-media":"","overlay-type":"","overlay-color":"","overlay-opacity":"","overlay-gradient":""},"tablet":{"background-color":"","background-image":"","background-repeat":"repeat","background-position":"center center","background-size":"auto","background-attachment":"scroll","background-type":"","background-media":"","overlay-type":"","overlay-color":"","overlay-opacity":"","overlay-gradient":""},"mobile":{"background-color":"","background-image":"","background-repeat":"repeat","background-position":"center center","background-size":"auto","background-attachment":"scroll","background-type":"","background-media":"","overlay-type":"","overlay-color":"","overlay-opacity":"","overlay-gradient":""}},"ast-content-background-meta":{"desktop":{"background-color":"var(--ast-global-color-5)","background-image":"","background-repeat":"repeat","background-position":"center center","background-size":"auto","background-attachment":"scroll","background-type":"","background-media":"","overlay-type":"","overlay-color":"","overlay-opacity":"","overlay-gradient":""},"tablet":{"background-color":"var(--ast-global-color-5)","background-image":"","background-repeat":"repeat","background-position":"center center","background-size":"auto","background-attachment":"scroll","background-type":"","background-media":"","overlay-type":"","overlay-color":"","overlay-opacity":"","overlay-gradient":""},"mobile":{"background-color":"var(--ast-global-color-5)","background-image":"","background-repeat":"repeat","background-position":"center center","background-size":"auto","background-attachment":"scroll","background-type":"","background-media":"","overlay-type":"","overlay-color":"","overlay-opacity":"","overlay-gradient":""}},"footnotes":""},"categories":[23,57],"tags":[4992,18,19,4993,4202,53,4994,171,4995,896,247,417],"class_list":["post-68925","post","type-post","status-publish","format-standard","has-post-thumbnail","hentry","category-destacats","category-mon-collegial","tag-candidatura","tag-cofb","tag-collegi-de-farmaceutics-de-barcelona","tag-eleccions-2024","tag-eleccions-cofb","tag-farmaceutics","tag-farmaceutics-compromesos","tag-farmaceutiques","tag-guanyadora","tag-guanyadors","tag-jordi-casas","tag-junta-de-govern"],"yoast_head":"<!-- This site is optimized with the Yoast SEO plugin v22.4 - https:\/\/yoast.com\/wordpress\/plugins\/seo\/ -->\n<title>Jordi Casas, reelegit president del Col\u00b7legi de Farmac\u00e8utics de Barcelona - Col\u00b7legi de Farmac\u00e8utics de Barcelona<\/title>\n<meta name=\"description\" content=\"La candidatura encap\u00e7alada per Jordi Casas, amb 2.258 vots, ha guanyat les eleccions per a la Junta de Govern del COFB\" \/>\n<meta name=\"robots\" content=\"index, follow, max-snippet:-1, max-image-preview:large, max-video-preview:-1\" \/>\n<link rel=\"canonical\" href=\"https:\/\/novaorg.cofb.net\/2024\/04\/17\/la-candidatura-encapcalada-per-jordi-casas-guanya-les-eleccions-a-la-junta-de-govern-del-collegi-de-farmaceutics-de-barcelona\/\" \/>\n<meta property=\"og:locale\" content=\"es_ES\" \/>\n<meta property=\"og:type\" content=\"article\" \/>\n<meta property=\"og:title\" content=\"Jordi Casas, reelegit president del Col\u00b7legi de Farmac\u00e8utics de Barcelona - Col\u00b7legi de Farmac\u00e8utics de Barcelona\" \/>\n<meta property=\"og:description\" content=\"La candidatura encap\u00e7alada per Jordi Casas, amb 2.258 vots, ha guanyat les eleccions per a la Junta de Govern del COFB\" \/>\n<meta property=\"og:url\" content=\"https:\/\/novaorg.cofb.net\/2024\/04\/17\/la-candidatura-encapcalada-per-jordi-casas-guanya-les-eleccions-a-la-junta-de-govern-del-collegi-de-farmaceutics-de-barcelona\/\" \/>\n<meta property=\"og:site_name\" content=\"Col\u00b7legi de Farmac\u00e8utics de Barcelona\" \/>\n<meta property=\"article:publisher\" content=\"https:\/\/www.facebook.com\/farmaceuticsbcn\/\" \/>\n<meta property=\"article:published_time\" content=\"2024-04-17T21:09:03+00:00\" \/>\n<meta property=\"article:modified_time\" content=\"2024-06-26T08:06:31+00:00\" \/>\n<meta property=\"og:image\" content=\"https:\/\/novaorg.cofb.net\/wp-content\/uploads\/2024\/04\/COFB_CANDIDATURA-GUANYADORA-ELECCIONS_17042024-1024x576-1.jpg\" \/>\n\t<meta property=\"og:image:width\" content=\"1024\" \/>\n\t<meta property=\"og:image:height\" content=\"576\" \/>\n\t<meta property=\"og:image:type\" content=\"image\/jpeg\" \/>\n<meta name=\"author\" content=\"wpAdminCofbOrg\" \/>\n<meta name=\"twitter:card\" content=\"summary_large_image\" \/>\n<meta name=\"twitter:creator\" content=\"@farmaceuticsbcn\" \/>\n<meta name=\"twitter:site\" content=\"@farmaceuticsbcn\" \/>\n<meta name=\"twitter:label1\" content=\"Escrito por\" \/>\n\t<meta name=\"twitter:data1\" content=\"wpAdminCofbOrg\" \/>\n\t<meta name=\"twitter:label2\" content=\"Tiempo de lectura\" \/>\n\t<meta name=\"twitter:data2\" content=\"3 minutos\" \/>\n<script type=\"application\/ld+json\" class=\"yoast-schema-graph\">{\"@context\":\"https:\/\/schema.org\",\"@graph\":[{\"@type\":\"Article\",\"@id\":\"https:\/\/novaorg.cofb.net\/2024\/04\/17\/la-candidatura-encapcalada-per-jordi-casas-guanya-les-eleccions-a-la-junta-de-govern-del-collegi-de-farmaceutics-de-barcelona\/#article\",\"isPartOf\":{\"@id\":\"https:\/\/novaorg.cofb.net\/2024\/04\/17\/la-candidatura-encapcalada-per-jordi-casas-guanya-les-eleccions-a-la-junta-de-govern-del-collegi-de-farmaceutics-de-barcelona\/\"},\"author\":{\"name\":\"wpAdminCofbOrg\",\"@id\":\"https:\/\/www.cofb.org\/#\/schema\/person\/22ed7eea88da74b0fa4d3154ad87ffcb\"},\"headline\":\"Jordi Casas, reelegit president del Col\u00b7legi de Farmac\u00e8utics de Barcelona\",\"datePublished\":\"2024-04-17T21:09:03+00:00\",\"dateModified\":\"2024-06-26T08:06:31+00:00\",\"mainEntityOfPage\":{\"@id\":\"https:\/\/novaorg.cofb.net\/2024\/04\/17\/la-candidatura-encapcalada-per-jordi-casas-guanya-les-eleccions-a-la-junta-de-govern-del-collegi-de-farmaceutics-de-barcelona\/\"},\"wordCount\":493,\"commentCount\":0,\"publisher\":{\"@id\":\"https:\/\/www.cofb.org\/#organization\"},\"image\":{\"@id\":\"https:\/\/novaorg.cofb.net\/2024\/04\/17\/la-candidatura-encapcalada-per-jordi-casas-guanya-les-eleccions-a-la-junta-de-govern-del-collegi-de-farmaceutics-de-barcelona\/#primaryimage\"},\"thumbnailUrl\":\"https:\/\/www.cofb.org\/wp-content\/uploads\/2024\/04\/COFB_CANDIDATURA-GUANYADORA-ELECCIONS_17042024-1024x576-1.jpg\",\"keywords\":[\"candidatura\",\"COFB\",\"Col\u00b7legi de Farmac\u00e8utics de Barcelona\",\"eleccions 2024\",\"eleccions COFB\",\"farmac\u00e8utics\",\"Farmac\u00e8utics Compromesos\",\"farmac\u00e8utiques\",\"guanyadora\",\"guanyadors\",\"Jordi Casas\",\"Junta de Govern\"],\"articleSection\":[\"Destacats\",\"M\u00f3n col\u00b7legial\"],\"inLanguage\":\"es\",\"potentialAction\":[{\"@type\":\"CommentAction\",\"name\":\"Comment\",\"target\":[\"https:\/\/novaorg.cofb.net\/2024\/04\/17\/la-candidatura-encapcalada-per-jordi-casas-guanya-les-eleccions-a-la-junta-de-govern-del-collegi-de-farmaceutics-de-barcelona\/#respond\"]}]},{\"@type\":\"WebPage\",\"@id\":\"https:\/\/novaorg.cofb.net\/2024\/04\/17\/la-candidatura-encapcalada-per-jordi-casas-guanya-les-eleccions-a-la-junta-de-govern-del-collegi-de-farmaceutics-de-barcelona\/\",\"url\":\"https:\/\/novaorg.cofb.net\/2024\/04\/17\/la-candidatura-encapcalada-per-jordi-casas-guanya-les-eleccions-a-la-junta-de-govern-del-collegi-de-farmaceutics-de-barcelona\/\",\"name\":\"Jordi Casas, reelegit president del Col\u00b7legi de Farmac\u00e8utics de Barcelona - Col\u00b7legi de Farmac\u00e8utics de Barcelona\",\"isPartOf\":{\"@id\":\"https:\/\/www.cofb.org\/#website\"},\"primaryImageOfPage\":{\"@id\":\"https:\/\/novaorg.cofb.net\/2024\/04\/17\/la-candidatura-encapcalada-per-jordi-casas-guanya-les-eleccions-a-la-junta-de-govern-del-collegi-de-farmaceutics-de-barcelona\/#primaryimage\"},\"image\":{\"@id\":\"https:\/\/novaorg.cofb.net\/2024\/04\/17\/la-candidatura-encapcalada-per-jordi-casas-guanya-les-eleccions-a-la-junta-de-govern-del-collegi-de-farmaceutics-de-barcelona\/#primaryimage\"},\"thumbnailUrl\":\"https:\/\/www.cofb.org\/wp-content\/uploads\/2024\/04\/COFB_CANDIDATURA-GUANYADORA-ELECCIONS_17042024-1024x576-1.jpg\",\"datePublished\":\"2024-04-17T21:09:03+00:00\",\"dateModified\":\"2024-06-26T08:06:31+00:00\",\"description\":\"La candidatura encap\u00e7alada per Jordi Casas, amb 2.258 vots, ha guanyat les eleccions per a la Junta de Govern del COFB\",\"breadcrumb\":{\"@id\":\"https:\/\/novaorg.cofb.net\/2024\/04\/17\/la-candidatura-encapcalada-per-jordi-casas-guanya-les-eleccions-a-la-junta-de-govern-del-collegi-de-farmaceutics-de-barcelona\/#breadcrumb\"},\"inLanguage\":\"es\",\"potentialAction\":[{\"@type\":\"ReadAction\",\"target\":[\"https:\/\/novaorg.cofb.net\/2024\/04\/17\/la-candidatura-encapcalada-per-jordi-casas-guanya-les-eleccions-a-la-junta-de-govern-del-collegi-de-farmaceutics-de-barcelona\/\"]}]},{\"@type\":\"ImageObject\",\"inLanguage\":\"es\",\"@id\":\"https:\/\/novaorg.cofb.net\/2024\/04\/17\/la-candidatura-encapcalada-per-jordi-casas-guanya-les-eleccions-a-la-junta-de-govern-del-collegi-de-farmaceutics-de-barcelona\/#primaryimage\",\"url\":\"https:\/\/www.cofb.org\/wp-content\/uploads\/2024\/04\/COFB_CANDIDATURA-GUANYADORA-ELECCIONS_17042024-1024x576-1.jpg\",\"contentUrl\":\"https:\/\/www.cofb.org\/wp-content\/uploads\/2024\/04\/COFB_CANDIDATURA-GUANYADORA-ELECCIONS_17042024-1024x576-1.jpg\",\"width\":1024,\"height\":576},{\"@type\":\"BreadcrumbList\",\"@id\":\"https:\/\/novaorg.cofb.net\/2024\/04\/17\/la-candidatura-encapcalada-per-jordi-casas-guanya-les-eleccions-a-la-junta-de-govern-del-collegi-de-farmaceutics-de-barcelona\/#breadcrumb\",\"itemListElement\":[{\"@type\":\"ListItem\",\"position\":1,\"name\":\"Inici\",\"item\":\"https:\/\/novaorg.cofb.net\/\"},{\"@type\":\"ListItem\",\"position\":2,\"name\":\"Jordi Casas, reelegit president del Col\u00b7legi de Farmac\u00e8utics de Barcelona\"}]},{\"@type\":\"WebSite\",\"@id\":\"https:\/\/www.cofb.org\/#website\",\"url\":\"https:\/\/www.cofb.org\/\",\"name\":\"Col\u00b7legi de Farmac\u00e8utics de Barcelona\",\"description\":\"\",\"publisher\":{\"@id\":\"https:\/\/www.cofb.org\/#organization\"},\"potentialAction\":[{\"@type\":\"SearchAction\",\"target\":{\"@type\":\"EntryPoint\",\"urlTemplate\":\"https:\/\/www.cofb.org\/?s={search_term_string}\"},\"query-input\":\"required name=search_term_string\"}],\"inLanguage\":\"es\"},{\"@type\":\"Organization\",\"@id\":\"https:\/\/www.cofb.org\/#organization\",\"name\":\"Col\u00b7legi de Farmac\u00e8utics de Barcelona\",\"url\":\"https:\/\/www.cofb.org\/\",\"logo\":{\"@type\":\"ImageObject\",\"inLanguage\":\"es\",\"@id\":\"https:\/\/www.cofb.org\/#\/schema\/logo\/image\/\",\"url\":\"https:\/\/www.cofb.org\/wp-content\/uploads\/2023\/11\/cropped-Logotip-COFB.png\",\"contentUrl\":\"https:\/\/www.cofb.org\/wp-content\/uploads\/2023\/11\/cropped-Logotip-COFB.png\",\"width\":500,\"height\":105,\"caption\":\"Col\u00b7legi de Farmac\u00e8utics de Barcelona\"},\"image\":{\"@id\":\"https:\/\/www.cofb.org\/#\/schema\/logo\/image\/\"},\"sameAs\":[\"https:\/\/www.facebook.com\/farmaceuticsbcn\/\",\"https:\/\/twitter.com\/farmaceuticsbcn\",\"https:\/\/www.instagram.com\/farmaceuticsbcn\/\",\"https:\/\/www.linkedin.com\/company\/farmaceuticsbcn\/\"]},{\"@type\":\"Person\",\"@id\":\"https:\/\/www.cofb.org\/#\/schema\/person\/22ed7eea88da74b0fa4d3154ad87ffcb\",\"name\":\"wpAdminCofbOrg\",\"image\":{\"@type\":\"ImageObject\",\"inLanguage\":\"es\",\"@id\":\"https:\/\/www.cofb.org\/#\/schema\/person\/image\/\",\"url\":\"https:\/\/secure.gravatar.com\/avatar\/1721b20b3b8ca882c3b56ec6c978c594fff670e40c0718e9190eaeeb76aae7d8?s=96&d=mm&r=g\",\"contentUrl\":\"https:\/\/secure.gravatar.com\/avatar\/1721b20b3b8ca882c3b56ec6c978c594fff670e40c0718e9190eaeeb76aae7d8?s=96&d=mm&r=g\",\"caption\":\"wpAdminCofbOrg\"},\"sameAs\":[\"http:\/\/192.168.64.122\/wordpress\"],\"url\":\"https:\/\/www.cofb.org\/es\/author\/wpadmincofborg\/\"}]}<\/script>\n<!-- \/ Yoast SEO plugin. -->","yoast_head_json":{"title":"Jordi Casas, reelegit president del Col\u00b7legi de Farmac\u00e8utics de Barcelona - Col\u00b7legi de Farmac\u00e8utics de Barcelona","description":"La candidatura encap\u00e7alada per Jordi Casas, amb 2.258 vots, ha guanyat les eleccions per a la Junta de Govern del COFB","robots":{"index":"index","follow":"follow","max-snippet":"max-snippet:-1","max-image-preview":"max-image-preview:large","max-video-preview":"max-video-preview:-1"},"canonical":"https:\/\/novaorg.cofb.net\/2024\/04\/17\/la-candidatura-encapcalada-per-jordi-casas-guanya-les-eleccions-a-la-junta-de-govern-del-collegi-de-farmaceutics-de-barcelona\/","og_locale":"es_ES","og_type":"article","og_title":"Jordi Casas, reelegit president del Col\u00b7legi de Farmac\u00e8utics de Barcelona - Col\u00b7legi de Farmac\u00e8utics de Barcelona","og_description":"La candidatura encap\u00e7alada per Jordi Casas, amb 2.258 vots, ha guanyat les eleccions per a la Junta de Govern del COFB","og_url":"https:\/\/novaorg.cofb.net\/2024\/04\/17\/la-candidatura-encapcalada-per-jordi-casas-guanya-les-eleccions-a-la-junta-de-govern-del-collegi-de-farmaceutics-de-barcelona\/","og_site_name":"Col\u00b7legi de Farmac\u00e8utics de Barcelona","article_publisher":"https:\/\/www.facebook.com\/farmaceuticsbcn\/","article_published_time":"2024-04-17T21:09:03+00:00","article_modified_time":"2024-06-26T08:06:31+00:00","og_image":[{"width":1024,"height":576,"url":"https:\/\/novaorg.cofb.net\/wp-content\/uploads\/2024\/04\/COFB_CANDIDATURA-GUANYADORA-ELECCIONS_17042024-1024x576-1.jpg","type":"image\/jpeg"}],"author":"wpAdminCofbOrg","twitter_card":"summary_large_image","twitter_creator":"@farmaceuticsbcn","twitter_site":"@farmaceuticsbcn","twitter_misc":{"Escrito por":"wpAdminCofbOrg","Tiempo de lectura":"3 minutos"},"schema":{"@context":"https:\/\/schema.org","@graph":[{"@type":"Article","@id":"https:\/\/novaorg.cofb.net\/2024\/04\/17\/la-candidatura-encapcalada-per-jordi-casas-guanya-les-eleccions-a-la-junta-de-govern-del-collegi-de-farmaceutics-de-barcelona\/#article","isPartOf":{"@id":"https:\/\/novaorg.cofb.net\/2024\/04\/17\/la-candidatura-encapcalada-per-jordi-casas-guanya-les-eleccions-a-la-junta-de-govern-del-collegi-de-farmaceutics-de-barcelona\/"},"author":{"name":"wpAdminCofbOrg","@id":"https:\/\/www.cofb.org\/#\/schema\/person\/22ed7eea88da74b0fa4d3154ad87ffcb"},"headline":"Jordi Casas, reelegit president del Col\u00b7legi de Farmac\u00e8utics de Barcelona","datePublished":"2024-04-17T21:09:03+00:00","dateModified":"2024-06-26T08:06:31+00:00","mainEntityOfPage":{"@id":"https:\/\/novaorg.cofb.net\/2024\/04\/17\/la-candidatura-encapcalada-per-jordi-casas-guanya-les-eleccions-a-la-junta-de-govern-del-collegi-de-farmaceutics-de-barcelona\/"},"wordCount":493,"commentCount":0,"publisher":{"@id":"https:\/\/www.cofb.org\/#organization"},"image":{"@id":"https:\/\/novaorg.cofb.net\/2024\/04\/17\/la-candidatura-encapcalada-per-jordi-casas-guanya-les-eleccions-a-la-junta-de-govern-del-collegi-de-farmaceutics-de-barcelona\/#primaryimage"},"thumbnailUrl":"https:\/\/www.cofb.org\/wp-content\/uploads\/2024\/04\/COFB_CANDIDATURA-GUANYADORA-ELECCIONS_17042024-1024x576-1.jpg","keywords":["candidatura","COFB","Col\u00b7legi de Farmac\u00e8utics de Barcelona","eleccions 2024","eleccions COFB","farmac\u00e8utics","Farmac\u00e8utics Compromesos","farmac\u00e8utiques","guanyadora","guanyadors","Jordi Casas","Junta de Govern"],"articleSection":["Destacats","M\u00f3n col\u00b7legial"],"inLanguage":"es","potentialAction":[{"@type":"CommentAction","name":"Comment","target":["https:\/\/novaorg.cofb.net\/2024\/04\/17\/la-candidatura-encapcalada-per-jordi-casas-guanya-les-eleccions-a-la-junta-de-govern-del-collegi-de-farmaceutics-de-barcelona\/#respond"]}]},{"@type":"WebPage","@id":"https:\/\/novaorg.cofb.net\/2024\/04\/17\/la-candidatura-encapcalada-per-jordi-casas-guanya-les-eleccions-a-la-junta-de-govern-del-collegi-de-farmaceutics-de-barcelona\/","url":"https:\/\/novaorg.cofb.net\/2024\/04\/17\/la-candidatura-encapcalada-per-jordi-casas-guanya-les-eleccions-a-la-junta-de-govern-del-collegi-de-farmaceutics-de-barcelona\/","name":"Jordi Casas, reelegit president del Col\u00b7legi de Farmac\u00e8utics de Barcelona - Col\u00b7legi de Farmac\u00e8utics de Barcelona","isPartOf":{"@id":"https:\/\/www.cofb.org\/#website"},"primaryImageOfPage":{"@id":"https:\/\/novaorg.cofb.net\/2024\/04\/17\/la-candidatura-encapcalada-per-jordi-casas-guanya-les-eleccions-a-la-junta-de-govern-del-collegi-de-farmaceutics-de-barcelona\/#primaryimage"},"image":{"@id":"https:\/\/novaorg.cofb.net\/2024\/04\/17\/la-candidatura-encapcalada-per-jordi-casas-guanya-les-eleccions-a-la-junta-de-govern-del-collegi-de-farmaceutics-de-barcelona\/#primaryimage"},"thumbnailUrl":"https:\/\/www.cofb.org\/wp-content\/uploads\/2024\/04\/COFB_CANDIDATURA-GUANYADORA-ELECCIONS_17042024-1024x576-1.jpg","datePublished":"2024-04-17T21:09:03+00:00","dateModified":"2024-06-26T08:06:31+00:00","description":"La candidatura encap\u00e7alada per Jordi Casas, amb 2.258 vots, ha guanyat les eleccions per a la Junta de Govern del COFB","breadcrumb":{"@id":"https:\/\/novaorg.cofb.net\/2024\/04\/17\/la-candidatura-encapcalada-per-jordi-casas-guanya-les-eleccions-a-la-junta-de-govern-del-collegi-de-farmaceutics-de-barcelona\/#breadcrumb"},"inLanguage":"es","potentialAction":[{"@type":"ReadAction","target":["https:\/\/novaorg.cofb.net\/2024\/04\/17\/la-candidatura-encapcalada-per-jordi-casas-guanya-les-eleccions-a-la-junta-de-govern-del-collegi-de-farmaceutics-de-barcelona\/"]}]},{"@type":"ImageObject","inLanguage":"es","@id":"https:\/\/novaorg.cofb.net\/2024\/04\/17\/la-candidatura-encapcalada-per-jordi-casas-guanya-les-eleccions-a-la-junta-de-govern-del-collegi-de-farmaceutics-de-barcelona\/#primaryimage","url":"https:\/\/www.cofb.org\/wp-content\/uploads\/2024\/04\/COFB_CANDIDATURA-GUANYADORA-ELECCIONS_17042024-1024x576-1.jpg","contentUrl":"https:\/\/www.cofb.org\/wp-content\/uploads\/2024\/04\/COFB_CANDIDATURA-GUANYADORA-ELECCIONS_17042024-1024x576-1.jpg","width":1024,"height":576},{"@type":"BreadcrumbList","@id":"https:\/\/novaorg.cofb.net\/2024\/04\/17\/la-candidatura-encapcalada-per-jordi-casas-guanya-les-eleccions-a-la-junta-de-govern-del-collegi-de-farmaceutics-de-barcelona\/#breadcrumb","itemListElement":[{"@type":"ListItem","position":1,"name":"Inici","item":"https:\/\/novaorg.cofb.net\/"},{"@type":"ListItem","position":2,"name":"Jordi Casas, reelegit president del Col\u00b7legi de Farmac\u00e8utics de Barcelona"}]},{"@type":"WebSite","@id":"https:\/\/www.cofb.org\/#website","url":"https:\/\/www.cofb.org\/","name":"Col\u00b7legi de Farmac\u00e8utics de Barcelona","description":"","publisher":{"@id":"https:\/\/www.cofb.org\/#organization"},"potentialAction":[{"@type":"SearchAction","target":{"@type":"EntryPoint","urlTemplate":"https:\/\/www.cofb.org\/?s={search_term_string}"},"query-input":"required name=search_term_string"}],"inLanguage":"es"},{"@type":"Organization","@id":"https:\/\/www.cofb.org\/#organization","name":"Col\u00b7legi de Farmac\u00e8utics de Barcelona","url":"https:\/\/www.cofb.org\/","logo":{"@type":"ImageObject","inLanguage":"es","@id":"https:\/\/www.cofb.org\/#\/schema\/logo\/image\/","url":"https:\/\/www.cofb.org\/wp-content\/uploads\/2023\/11\/cropped-Logotip-COFB.png","contentUrl":"https:\/\/www.cofb.org\/wp-content\/uploads\/2023\/11\/cropped-Logotip-COFB.png","width":500,"height":105,"caption":"Col\u00b7legi de Farmac\u00e8utics de Barcelona"},"image":{"@id":"https:\/\/www.cofb.org\/#\/schema\/logo\/image\/"},"sameAs":["https:\/\/www.facebook.com\/farmaceuticsbcn\/","https:\/\/twitter.com\/farmaceuticsbcn","https:\/\/www.instagram.com\/farmaceuticsbcn\/","https:\/\/www.linkedin.com\/company\/farmaceuticsbcn\/"]},{"@type":"Person","@id":"https:\/\/www.cofb.org\/#\/schema\/person\/22ed7eea88da74b0fa4d3154ad87ffcb","name":"wpAdminCofbOrg","image":{"@type":"ImageObject","inLanguage":"es","@id":"https:\/\/www.cofb.org\/#\/schema\/person\/image\/","url":"https:\/\/secure.gravatar.com\/avatar\/1721b20b3b8ca882c3b56ec6c978c594fff670e40c0718e9190eaeeb76aae7d8?s=96&d=mm&r=g","contentUrl":"https:\/\/secure.gravatar.com\/avatar\/1721b20b3b8ca882c3b56ec6c978c594fff670e40c0718e9190eaeeb76aae7d8?s=96&d=mm&r=g","caption":"wpAdminCofbOrg"},"sameAs":["http:\/\/192.168.64.122\/wordpress"],"url":"https:\/\/www.cofb.org\/es\/author\/wpadmincofborg\/"}]}},"uagb_featured_image_src":{"full":["https:\/\/www.cofb.org\/wp-content\/uploads\/2024\/04\/COFB_CANDIDATURA-GUANYADORA-ELECCIONS_17042024-1024x576-1.jpg",1024,576,false],"thumbnail":["https:\/\/www.cofb.org\/wp-content\/uploads\/2024\/04\/COFB_CANDIDATURA-GUANYADORA-ELECCIONS_17042024-1024x576-1-150x150.jpg",150,150,true],"medium":["https:\/\/www.cofb.org\/wp-content\/uploads\/2024\/04\/COFB_CANDIDATURA-GUANYADORA-ELECCIONS_17042024-1024x576-1-300x169.jpg",300,169,true],"medium_large":["https:\/\/www.cofb.org\/wp-content\/uploads\/2024\/04\/COFB_CANDIDATURA-GUANYADORA-ELECCIONS_17042024-1024x576-1-768x432.jpg",768,432,true],"large":["https:\/\/www.cofb.org\/wp-content\/uploads\/2024\/04\/COFB_CANDIDATURA-GUANYADORA-ELECCIONS_17042024-1024x576-1.jpg",1024,576,false],"1536x1536":["https:\/\/www.cofb.org\/wp-content\/uploads\/2024\/04\/COFB_CANDIDATURA-GUANYADORA-ELECCIONS_17042024-1024x576-1.jpg",1024,576,false],"2048x2048":["https:\/\/www.cofb.org\/wp-content\/uploads\/2024\/04\/COFB_CANDIDATURA-GUANYADORA-ELECCIONS_17042024-1024x576-1.jpg",1024,576,false],"trp-custom-language-flag":["https:\/\/www.cofb.org\/wp-content\/uploads\/2024\/04\/COFB_CANDIDATURA-GUANYADORA-ELECCIONS_17042024-1024x576-1-18x10.jpg",18,10,true]},"uagb_author_info":{"display_name":"wpAdminCofbOrg","author_link":"https:\/\/www.cofb.org\/es\/author\/wpadmincofborg\/"},"uagb_comment_info":0,"uagb_excerpt":"La candidatura encap\u00e7alada per Jordi Casas, amb 2.258 vots, ha guanyat les eleccions per a la renovaci\u00f3 dels c\u00e0rrecs de la Junta de Govern del Col\u00b7legi de Farmac\u00e8utics de Barcelona (COFB) durant el mandat 2024-2028. Durant la jornada electoral, celebrada ahir 17 d\u2019abril, es va comptar amb un total de [&hellip;]","_links":{"self":[{"href":"https:\/\/www.cofb.org\/es\/wp-json\/wp\/v2\/posts\/68925","targetHints":{"allow":["GET"]}}],"collection":[{"href":"https:\/\/www.cofb.org\/es\/wp-json\/wp\/v2\/posts"}],"about":[{"href":"https:\/\/www.cofb.org\/es\/wp-json\/wp\/v2\/types\/post"}],"author":[{"embeddable":true,"href":"https:\/\/www.cofb.org\/es\/wp-json\/wp\/v2\/users\/1"}],"replies":[{"embeddable":true,"href":"https:\/\/www.cofb.org\/es\/wp-json\/wp\/v2\/comments?post=68925"}],"version-history":[{"count":1,"href":"https:\/\/www.cofb.org\/es\/wp-json\/wp\/v2\/posts\/68925\/revisions"}],"predecessor-version":[{"id":78287,"href":"https:\/\/www.cofb.org\/es\/wp-json\/wp\/v2\/posts\/68925\/revisions\/78287"}],"wp:featuredmedia":[{"embeddable":true,"href":"https:\/\/www.cofb.org\/es\/wp-json\/wp\/v2\/media\/78286"}],"wp:attachment":[{"href":"https:\/\/www.cofb.org\/es\/wp-json\/wp\/v2\/media?parent=68925"}],"wp:term":[{"taxonomy":"category","embeddable":true,"href":"https:\/\/www.cofb.org\/es\/wp-json\/wp\/v2\/categories?post=68925"},{"taxonomy":"post_tag","embeddable":true,"href":"https:\/\/www.cofb.org\/es\/wp-json\/wp\/v2\/tags?post=68925"}],"curies":[{"name":"wp","href":"https:\/\/api.w.org\/{rel}","templated":true}]}}