{"id":68906,"date":"2024-04-16T12:58:00","date_gmt":"2024-04-16T10:58:00","guid":{"rendered":"https:\/\/blog.cofb.cat\/?p=68906"},"modified":"2024-04-16T12:58:00","modified_gmt":"2024-04-16T10:58:00","slug":"el-cofb-celebra-la-iv-edicio-de-la-formacio-sobre-els-programes-doptimitzacio-dus-dantimicrobians-proa","status":"publish","type":"post","link":"https:\/\/www.cofb.org\/es\/2024\/04\/16\/el-cofb-celebra-la-iv-edicio-de-la-formacio-sobre-els-programes-doptimitzacio-dus-dantimicrobians-proa\/","title":{"rendered":"El COFB celebra la IV edici\u00f3n de la formaci\u00f3n sobre los programas de optimizaci\u00f3n de uso de antimicrobianos (PROA)"},"content":{"rendered":"<p>A finales de febrero, el <strong>Col\u00b7legi de Farmac\u00e8utics de Barcelona (COFB)<\/strong> organiz\u00f3 la <strong>IV edici\u00f3n<\/strong> de \u201c<strong>Por las ma\u00f1anas PROA. Aspectos pr\u00e1cticos del d\u00eda a d\u00eda<\/strong>\u201d con la colaboraci\u00f3n de la <a href=\"https:\/\/www.scfarmclin.org\/\" target=\"_blank\" rel=\"noreferrer noopener\">Sociedad Catalana de Farmacia Cl\u00ednica<\/a> y de <a href=\"https:\/\/menarini.es\/\" target=\"_blank\" rel=\"noreferrer noopener\">Menarini<\/a>. La formaci\u00f3n, dirigida a los <strong>farmac\u00e9uticos y farmac\u00e9uticas<\/strong> de<strong>hospital<\/strong> y de<strong><span> <\/span>atenci\u00f3n primaria<\/strong>, corri\u00f3 a cargo de <strong>David Conde<\/strong>, vocal de Hospitales del COFB y farmac\u00e9utico adjunto del Servicio de Farmacia del Hospital del Mar; <strong>Edurne Fern\u00e1ndez de Gamarra<\/strong>, farmac\u00e9utica adjunta del Hospital de la Santa Cruz y San Pablo y presidenta de la Sociedad Catalana de Farmacia Cl\u00ednica (SCFC); <strong>Aurora Fern\u00e1ndez<\/strong>, farmac\u00e9utica adjunta del Servicio de Farmacia del Hospital Maternoinfantil del Vall d&#039;Hebron; <strong>Gustavo Perdomo<\/strong>, especialista en alergolog\u00eda del servicio de Neumolog\u00eda del Hospital de la Santa Cruz y San Pablo y tesorero de la Sociedad Catalana de Alergia e Inmunolog\u00eda Cl\u00ednica; <strong>Josep Edo<\/strong>, especialista en farmacia hospitalaria del Hospital de la Santa Cruz y San Pablo; <strong>Antonio L\u00f3pez<\/strong>, coordinador Nacional de Salud Humana del PRAN; <strong>Maria Criado<\/strong>, especialista en farmacia hospitalaria y t\u00e9cnica del \u00c1rea de Control del Medicamento del Departamento de Inspecci\u00f3n y Control de Medicamentos de la AEMPS; y <strong>Estela Moreno Mart\u00ednez<\/strong>, farmac\u00e9utica adjunta del Hospital de la Santa Cruz y San Pablo. David Conde y Edurne Fern\u00e1ndez de Gamarra coordinaron las sesiones.<\/p>\n\n\n\n<p>Los <strong>objetivos<\/strong> de la formaci\u00f3n fueron revisar los <strong>indicadores y herramientas de medida de los programas de optimizaci\u00f3n de uso de antimicrobianos (PROA)<\/strong>, conocer <strong>la adaptaci\u00f3n de los PROA a situaciones concretas<\/strong> y compartir <strong>experiencias pr\u00e1cticas reales<\/strong> llevadas a cabo en el territorio.<\/p>\n\n\n\n<h2 class=\"wp-block-heading\"><strong>\u00bfC\u00f3mo se mide el impacto de los PROA?<\/strong><\/h2>\n\n\n\n<p>El vocal de Hospitales del COFB y la presidenta de SCFC presentaron la primera sesi\u00f3n, celebrada el 29 de febrero. Durante la jornada, la farmac\u00e9utica, <strong>Aurora Fern\u00e1ndez<\/strong> va <strong>explicar c\u00f3mo medir el impacto de los PROA<\/strong>. <\/p>\n\n\n\n<figure class=\"wp-block-image size-large\"><a href=\"https:\/\/blog.cofb.cat\/wp-content\/uploads\/2024\/04\/COFB_PROA_16042024_2.jpg\" target=\"_blank\" rel=\"noopener\"><img decoding=\"async\" src=\"https:\/\/blog.cofb.cat\/wp-content\/uploads\/2024\/04\/COFB_PROA_16042024_2-1024x576.jpg\" alt=\"Edurne Fern\u00e1ndez presentant la IV edici\u00f3 de \u201cEls matins PROA. Aspectes pr\u00e0ctics del dia a dia\u201d.\" class=\"wp-image-68918\" title=\"Edurne Fern\u00e1ndez presentando la IV edici\u00f3n de \u201cLas ma\u00f1anas PROA. Aspectos pr\u00e1cticos del d\u00eda a d\u00eda\u201d.\"\/><\/a><figcaption>Edurne Fern\u00e1ndez presentando la IV edici\u00f3n de \u201cLas ma\u00f1anas PROA. Aspectos pr\u00e1cticos del d\u00eda a d\u00eda\u201d.<\/figcaption><\/figure>\n\n\n\n<p><strong>\u201cCada a\u00f1o en EE.UU., al menos 2,8 millones de personas se infectan de una infecci\u00f3n resistente a los antimicrobianos y m\u00e1s de 35.000 personas mueren\u201d<\/strong> asegur\u00f3 Fern\u00e1ndez al inicio de su exposici\u00f3n. Durante la presentaci\u00f3n, la farmac\u00e9utica comparti\u00f3 las principales <strong>gu\u00edas y recomendaciones<\/strong> e indic\u00f3 cu\u00e1l es la norma para la <strong>certificaci\u00f3n de los equipos PROA<\/strong> del Plan Nacional para frenar la Resistencia a los Antibi\u00f3ticos.<\/p>\n\n\n\n<figure class=\"wp-block-image size-full\"><a href=\"https:\/\/blog.cofb.cat\/wp-content\/uploads\/2024\/04\/COFB_PROA_16042024_3-1.jpg\" target=\"_blank\" rel=\"noopener\"><img decoding=\"async\" src=\"https:\/\/blog.cofb.cat\/wp-content\/uploads\/2024\/04\/COFB_PROA_16042024_3-1.jpg\" alt=\"Aurora Fern\u00e1ndez durant la seva exposici\u00f3. \" class=\"wp-image-68940\" title=\"Aurora Fern\u00e1ndez durante su exposici\u00f3n. \"\/><\/a><figcaption>Aurora Fern\u00e1ndez durante su exposici\u00f3n. <\/figcaption><\/figure>\n\n\n\n<p>A continuaci\u00f3n, hizo referencia a los <strong>indicadores de uso adecuado de antimicrobianos <\/strong>y c\u00f3mo sucede la resistencia a los antibi\u00f3ticos. \u201cEl principal problema de la valoraci\u00f3n de la calidad del uso de los antimicrobianos es, por un lado, que <strong>no existe un m\u00e9todo estandarizado que contemple todas las dimensiones de la prescripci\u00f3n antimicrobiana<\/strong> que defina el baremo de cada una de estas dimensiones y calificaci\u00f3n de la prescripci\u00f3n en su globalidad; y, por su parte, la variabilidad del interobservador\u201d, detall\u00f3. &nbsp;<\/p>\n\n\n\n<h2 class=\"wp-block-heading\"><strong>PROA y el paciente al\u00e9rgico<\/strong><\/h2>\n\n\n\n<p>En la segunda sesi\u00f3n, que tuvo lugar el 7 de marzo, el alerg\u00f3logo, <strong>Gustavo Perdomo<\/strong>, abord\u00f3 los <strong>PROA en pacientes al\u00e9rgicos<\/strong>, concretamente en <strong>alergia a la penicilina<\/strong>. Perdomo va <strong>clasificar las penicilinas<\/strong> en: <strong>naturales<\/strong> (penicilina G y V), <strong>carboxipenicilinas o antipseudomonas<\/strong> (carbenicilina y ticarcilina), <strong>aminopenicilinas<\/strong> (amoxicilina, ampicilina, bacampicilina), <strong>ureidopenicilinas<\/strong> (azlocilina, mezlocilina y piperacilina), <strong>antiestafiloc\u00f3cicas o resistentes a la penicilina<\/strong> (meticilina, cloxacilina, dicloxacilina) y <strong>otros <\/strong>(amdinocilina, temocilina).<\/p>\n\n\n\n<figure class=\"wp-block-image size-large\"><a href=\"https:\/\/blog.cofb.cat\/wp-content\/uploads\/2024\/04\/COFB_PROA_16042024_4.jpg\" target=\"_blank\" rel=\"noopener\"><img decoding=\"async\" src=\"https:\/\/blog.cofb.cat\/wp-content\/uploads\/2024\/04\/COFB_PROA_16042024_4-1024x577.jpg\" alt=\"Gustavo Perdomo en un moment de la seva intervenci\u00f3 sobre els PROA i el pacient al\u00b7l\u00e8rgic. \" class=\"wp-image-68917\" title=\"Gustavo Perdomo en un momento de su intervenci\u00f3n sobre los PROA y el paciente al\u00e9rgico. \"\/><\/a><figcaption>Gustavo Perdomo en un momento de su intervenci\u00f3n sobre los PROA y el paciente al\u00e9rgico. <\/figcaption><\/figure>\n\n\n\n<p>Sin embargo, Perdomo habl\u00f3 sobre la <strong>reactividad cruzada entre penicilinas y cefalosporinas<\/strong>, de las <strong>reacciones al\u00e9rgicas por medicamentos<\/strong>, que <strong>&quot;constituyen un problema de capital importancia en la pr\u00e1ctica diaria y son un reto en la alergolog\u00eda&quot;<\/strong>, y concretamente del<strong>alergia a las penicilinas<\/strong>, que &quot;es la causa m\u00e1s frecuente de reacciones adversas a f\u00e1rmacos por un mecanismo inmunol\u00f3gico espec\u00edfico&quot;. Por otra parte, el alerg\u00f3logo detall\u00f3 las <strong>reacciones al\u00e9rgicas a penicilinas<\/strong> y mostr\u00f3 diferentes<strong> estudios alerg\u00f3logos<\/strong>.<\/p>\n\n\n\n<p>Seguidamente, intervino el especialista en farmacia hospitalaria, <strong>Josep Edo<\/strong>, que va <strong>indicar cinco acciones <\/strong>que se pueden llevar a cabo desde la farmacia hospitalaria por <strong>luchar hacia las resistencias antimicrobianas<\/strong>: en primer lugar, <strong>revaluar la terapia con antibi\u00f3ticos<\/strong>; en segundo lugar, <strong>evitar tratar la bacteriuria asintom\u00e1tica<\/strong>; en tercer lugar, utilizar una <strong>pauta de antibi\u00f3ticos m\u00e1s corta<\/strong>; en cuarto lugar, <strong>evitar la cobertura anaer\u00f3bica duplicada<\/strong>; y, en quinto lugar, <strong>verificar la alergia a la penicilina<\/strong>. Asimismo, el especialista coment\u00f3 que recibir la segunda l\u00ednea de <strong>tratamiento de antibi\u00f3tico (ATB)<\/strong> puede comportar hospitalizaci\u00f3n prolongada, tasas de reingreso, mayor mortalidad y mayores gastos hospitalarios.<\/p>\n\n\n\n<figure class=\"wp-block-image size-large\"><a href=\"https:\/\/blog.cofb.cat\/wp-content\/uploads\/2024\/04\/COFB_PROA_16042024_5.jpg\" target=\"_blank\" rel=\"noopener\"><img decoding=\"async\" src=\"https:\/\/blog.cofb.cat\/wp-content\/uploads\/2024\/04\/COFB_PROA_16042024_5-1024x577.jpg\" alt=\"\" class=\"wp-image-68916\"\/><\/a><figcaption>Josep Eldo durante su presentaci\u00f3n.<\/figcaption><\/figure>\n\n\n\n<p>Edo mostr\u00f3 los protocolos de \u201cprofilaxis antibi\u00f3tica quir\u00fargica\u201d, distintos estudios y la propuesta de protocolo de actuaci\u00f3n para el \u201cdesetiquetado\u201d de las alergias falsas a las penicilinas. Por \u00faltimo, cerr\u00f3 asegurando que \u201c<strong>las alergias no confirmadas a b-lact\u00e1micos suponen un riesgo<\/strong> para la salud p\u00fablica. <strong>La confirmaci\u00f3n de alergia a b-lact\u00e1micos permiten optimizar el uso de antibi\u00f3ticos, apropiar las prescripciones, reducir las resistencias y disminuir los gastos sanitarios<\/strong>\u201d.<\/p>\n\n\n\n<p><strong><div class=\"destacat-blog\">  <\/strong><\/p>\n\n\n\n<h2 class=\"wp-block-heading\"><strong>\u00bfC\u00f3mo afecta el desabastecimiento de medicamentos en los PROA?<\/strong><\/h2>\n\n\n\n<p>Durante la tercera jornada formativa del 14 de marzo, el coordinador Nacional de Salud Humana del PRAN, <strong>Antonio L\u00f3pez<\/strong>, y el especialista en farmacia hospitalaria y t\u00e9cnica del \u00c1rea de Control del Medicamento del Departamento de Inspecci\u00f3n y Control de Medicamentos de la Agencia Espa\u00f1ola de Medicamentos y Productos Sanitarios (AEMPS), <strong>Maria Criado<\/strong>, explicaron cu\u00e1l es la <strong>perspectiva del PRAN hacia los problemas de suministro<\/strong>.<\/p>\n\n\n\n<figure class=\"wp-block-image size-large\"><a href=\"https:\/\/blog.cofb.cat\/wp-content\/uploads\/2024\/04\/COFB_PROA_16042024_6.jpg\" target=\"_blank\" rel=\"noopener\"><img decoding=\"async\" src=\"https:\/\/blog.cofb.cat\/wp-content\/uploads\/2024\/04\/COFB_PROA_16042024_6-1024x576.jpg\" alt=\"Maria Criado en la seva exposici\u00f3 sobre els desabastiments. \" class=\"wp-image-68915\" title=\"Maria Criado en su exposici\u00f3n sobre los desabastecimientos. \"\/><\/a><figcaption>Maria Criado en su exposici\u00f3n sobre los desabastecimientos. <\/figcaption><\/figure>\n\n\n\n<p>\u201c<strong>El antibi\u00f3tico debe ser el correcto, en la dosis adecuada, durante un tiempo determinado y en el momento adecuado<\/strong>, pero el correcto antibi\u00f3tico puede no estar disponible por un problema de suministro, por la retirada del mercado, porque nunca se ha comercializado o porque todav\u00eda no existe\u201d, expuso Antonio L\u00f3pez. <\/p>\n\n\n\n<figure class=\"wp-block-image size-large\"><a href=\"https:\/\/blog.cofb.cat\/wp-content\/uploads\/2024\/04\/COFB_PROA_16042024_7.jpg\" target=\"_blank\" rel=\"noopener\"><img decoding=\"async\" src=\"https:\/\/blog.cofb.cat\/wp-content\/uploads\/2024\/04\/COFB_PROA_16042024_7-1024x580.jpg\" alt=\"\" class=\"wp-image-68913\"\/><\/a><figcaption>Antonio L\u00f3pez en su intervenci\u00f3n. <\/figcaption><\/figure>\n\n\n\n<p>Ambos profesionales profundizaron en <strong>cinco posibles acciones para hacer frente al problema de suministro<\/strong>: el acceso a nuevos antimicrobianos, el acceso a antibi\u00f3ticos ya comercializados, el apoyo al desarrollo de nuevos antimicrobianos, el abordaje del problema a nivel europeo y el listado de medicamentos estrat\u00e9gicos y PRAN 2022-2024. Por \u00faltimo, y como conclusi\u00f3n, pusieron de relieve la necesidad de <strong>colaborar \u201cgobiernos, industria, profesionales sanitarios y pacientes<\/strong> para abordar el problema en todo el ciclo del medicamento\u201d.<\/p>\n\n\n\n<p><strong><\/div> <\/strong><\/p>\n\n\n\n<h2 class=\"wp-block-heading\"><strong>PROA y los antif\u00fangicos<\/strong><\/h2>\n\n\n\n<p>En la \u00faltima sesi\u00f3n, celebrada el 21 de marzo, la farmac\u00e9utica adjunta del Hospital de la Santa Cruz y San Pablo, <strong>Estela Moreno<\/strong>, habl\u00f3 de los <strong>PROA y los antif\u00fangicos<\/strong>. Para ello, especific\u00f3 los <strong>objetivos de los PROA<\/strong>, las diferentes <strong>infecciones f\u00fangicas invasivas<\/strong> y los <strong>pat\u00f3genos f\u00fangicos cr\u00edticos<\/strong>.<\/p>\n\n\n\n<figure class=\"wp-block-image size-large\"><a href=\"https:\/\/blog.cofb.cat\/wp-content\/uploads\/2024\/04\/COFB_PROA_16042024_8-2.jpg\" target=\"_blank\" rel=\"noopener\"><img decoding=\"async\" src=\"https:\/\/blog.cofb.cat\/wp-content\/uploads\/2024\/04\/COFB_PROA_16042024_8-2-1024x576.jpg\" alt=\"Estela Moreno durant la seva presentaci\u00f3 sobre els PROA i els antif\u00fangics.\" class=\"wp-image-68921\" title=\"Estela Moreno durante su presentaci\u00f3n sobre los PROA y los antif\u00fangicos.\"\/><\/a><figcaption>Estela Moreno durante su presentaci\u00f3n sobre los PROA y los antif\u00fangicos.<\/figcaption><\/figure>\n\n\n\n<p>Sin embargo, hizo referencia a las <strong>estrategias para mejorar el diagn\u00f3stico precoz<\/strong>, a los <strong>factores de riesgo profilaxis<\/strong>, a c\u00f3mo optimizar el tratamiento y c\u00f3mo desescalar o parar el tratamiento. Seguidamente, repas\u00f3 algunos antif\u00fangicos y sus interacciones m\u00e1s frecuentes. Para cerrar la jornada formativa coment\u00f3 diferentes <strong>puntos clave en relaci\u00f3n con el paciente hematol\u00f3gico<\/strong>, las <strong>gu\u00edas de tratamiento<\/strong>, la <strong>combinaci\u00f3n de antif\u00fangicos<\/strong>, la evaluaci\u00f3n de <strong>calidad de prescripci\u00f3n peri\u00f3dica<\/strong>, los <strong>beneficios y las actividades<\/strong> del <strong>programa de optimizaci\u00f3n<\/strong> y <strong>el equipo multidisciplinar<\/strong> necesario.<\/p>\n\n\n\n<div class=\"box note\"><\/div>\n\n\n\n<h2 class=\"wp-block-heading\"><strong>Valoraci\u00f3n de David Conde, vocal de Hospitales del COFB<\/strong><\/h2>\n\n\n\n<p>El vocal de Hospitales de los COFB, <strong>David Conde<\/strong>, valor\u00f3 <strong>la IV edici\u00f3n de \u201cLas ma\u00f1anas PROA. Aspectos pr\u00e1cticos del d\u00eda a d\u00eda\u201d<\/strong>, que \u201ceste a\u00f1o 2024 se inauguraron con una sesi\u00f3n con <strong>Aurora Fern\u00e1ndez<\/strong>, farmac\u00e9utica adjunta del Servicio de Farmacia del Hospital Materno infantil del Hospital Vall d&#039;Hebron y nos habl\u00f3 de <strong>c\u00f3mo medir el impacto de<\/strong><strong>ls programas de optimizaci\u00f3n de antimicrobianos (PROA)<\/strong> y, por tanto, relacionar esta actividad en variables de resultado en salud\u201d. Conde coment\u00f3 que \u201c<strong>hay mucha evidencia detr\u00e1s de este tema<\/strong> y se est\u00e1n consensuando variables para poder unificar qu\u00e9 variables medir y as\u00ed armonizar para comparar resultados entre diferentes PROA\u201d.<\/p>\n\n\n\n<p>En relaci\u00f3n con la segunda sesi\u00f3n, Conde indic\u00f3 que \u201c<strong>estaba relacionada en el \u00e1mbito de la alergia, un problema adicional por el funcionamiento de los PROA<\/strong>, puesto que limita el uso de ciertos antibi\u00f3ticos, esto, a\u00f1adido a la propia de carencia de arsenal antimicrobiano que disponemos actualmente\u201d. Y a\u00f1adi\u00f3, \u201cnos contaron uno <strong>modelo en el que el alerg\u00f3logo ayuda a manejar estas situaciones para poder utilizar estos f\u00e1rmacos en administraciones<\/strong>, adaptadas a pacientes al\u00e9rgicos y de esta forma poder tener altas tasas de \u00e9xito terap\u00e9utico\u201d.<\/p>\n\n\n\n<figure class=\"wp-block-image size-large\"><a href=\"https:\/\/blog.cofb.cat\/wp-content\/uploads\/2024\/04\/COFB_PROA_16042024_1.jpg\" target=\"_blank\" rel=\"noopener\"><img decoding=\"async\" src=\"https:\/\/blog.cofb.cat\/wp-content\/uploads\/2024\/04\/COFB_PROA_16042024_1-1024x574.jpg\" alt=\"David Conde en un moment de la seva presentaci\u00f3.\" class=\"wp-image-68919\" title=\"David Conde en un momento de su presentaci\u00f3n.\"\/><\/a><figcaption>David Conde en un momento de la sesi\u00f3n.<\/figcaption><\/figure>\n\n\n\n<p>Respecto a la tercera sesi\u00f3n que cont\u00f3 con la Dra. Estela Moreno, farmac\u00e9utica del Hospital de la Santa Cruz y San Pablo, Conde explic\u00f3 que va <strong>abordar el uso de antif\u00fangicos en pacientes oncohematol\u00f3gicos<\/strong>, sobre todo en pacientes hematol\u00f3gicos que tienen transplante alog\u00e9nico. \u201c<strong>El uso de antif\u00fangicos y su correcta elecci\u00f3n es crucial para el \u00e9xito del tratamiento <\/strong>y evitar efectos secundarios e interacciones no deseadas\u201d, asegur\u00f3 Conde.<\/p>\n\n\n\n<p>Por \u00faltimo, valor\u00f3 la sesi\u00f3n sobre \u201cun tema muy actual como la <strong>falta de suministro<\/strong> y c\u00f3mo esto <strong>afecta al tratamiento antimicrobiano<\/strong> y c\u00f3mo puede <strong>impactar en resultados cl\u00ednicos<\/strong>. Para hablar del tema, contamos con Antonio L\u00f3pez Navas, jefe de la Unidad de Apoyo en la Direcci\u00f3n de la AEMPS, coordinador del PRAN en el \u00e1rea de Salud\u201d.<\/p>\n\n\n\n<p>\u201c<strong>En resumidas cuentas, las jornadas fueron muy interesantes y de mucha actualidad. Fue un \u00e9xito en lo que respecta a las inscripciones y las conexiones. Esperamos volver el pr\u00f3ximo a\u00f1o<\/strong>\u201d, asegur\u00f3 el vocal de Hospitales del COFB.<\/p>\n\n\n\n<p> <\/p>\n\n\n\n<p><\/div> <\/p>\n\n\n\n<p class=\"has-text-align-right\"><strong>Con la colaboraci\u00f3n<\/strong>&nbsp;<strong>de<\/strong>:<\/p>\n\n\n\n<div class=\"wp-block-image\"><figure class=\"alignright is-resized\"><a href=\"https:\/\/www.scfarmclin.org\/index.php\" target=\"_blank\" rel=\"noreferrer noopener\"><img decoding=\"async\" src=\"https:\/\/blog.cofb.cat\/wp-content\/uploads\/2024\/01\/Societat-Catalana-de-Farmacia-Clinica-SCFC_logo_transparent-300x195.png\" alt=\"\" class=\"wp-image-68393\" width=\"157\" height=\"102\"\/><\/a><\/figure><\/div>\n\n\n\n<p><\/p>\n\n\n\n<p><\/p>\n\n\n\n<p><\/p>\n\n\n\n<p><\/p>\n\n\n\n<p><\/p>\n\n\n\n<div class=\"wp-block-image\"><figure class=\"alignright size-medium is-resized\"><a href=\"https:\/\/menarini.es\/\" target=\"_blank\" rel=\"noreferrer noopener\"><img decoding=\"async\" src=\"https:\/\/blog.cofb.cat\/wp-content\/uploads\/2024\/04\/MENARINI-Grupo_logo_transparent-300x89.png\" alt=\"\" class=\"wp-image-68909\" width=\"199\" height=\"59\"\/><\/a><\/figure><\/div>\n\n\n\n<p><\/p>\n\n\n\n<p><\/p>\n\n\n\n<p><\/p>\n\n\n\n<p><\/p>\n\n\n\n<p><strong>Otras publicaciones de inter\u00e9s:<\/strong><\/p>\n\n\n\n<ul class=\"wp-block-list\"><li><a href=\"https:\/\/blog.cofb.cat\/blog\/2023\/04\/03\/el-cofb-organitza-la-tercera-edicio-de-la-formacio-els-matins-proa\/\" target=\"_blank\" rel=\"noreferrer noopener\">El COFB organiza la tercera edici\u00f3n de la formaci\u00f3n \u201cEls matins PROA\u201d (Abril 2023)<\/a><\/li><li><a href=\"https:\/\/blog.cofb.cat\/blog\/2022\/04\/27\/farmaceutiques-i-farmaceutics-hospitalaris-es-formen-sobre-les-diferents-estrategies-a-seguir-per-optimitzar-lus-dantimicrobians\/\" target=\"_blank\" rel=\"noreferrer noopener\">Farmac\u00e9uticas y farmac\u00e9uticos hospitalarios se forman sobre las diferentes estrategias a seguir para optimizar el uso de antimicrobianos (Abril 2022)<\/a><\/li><li><a href=\"https:\/\/blog.cofb.cat\/blog\/2021\/03\/15\/farmaceutics-es-formen-amb-el-cicle-els-matins-proa-sobre-lus-correcte-dantibiotics-en-lambit-hospitalari-i-sociosanitari\/\" target=\"_blank\" rel=\"noreferrer noopener\">Farmac\u00e9uticos se forman con el ciclo \u201cEls Matins PROA\u201d sobre el uso correcto de antibi\u00f3ticos en el \u00e1mbito hospitalario y sociosanitario (Marzo 2021)<\/a><\/li><\/ul>","protected":false},"excerpt":{"rendered":"<p>A finales de febrero, el Colegio de Farmac\u00e9uticos de Barcelona (COFB) organiz\u00f3 la IV edici\u00f3n de \u201cEls matins PROA. Aspectos pr\u00e1cticos del d\u00eda a d\u00eda\u201d con la colaboraci\u00f3n de la Sociedad Catalana de Farmacia Cl\u00ednica y Menarini. La formaci\u00f3n, dirigida a los farmac\u00e9uticos y farmac\u00e9uticas de hospital y de atenci\u00f3n primaria, [\u2026]<\/p>","protected":false},"author":1,"featured_media":68953,"comment_status":"open","ping_status":"open","sticky":false,"template":"","format":"standard","meta":{"_uag_custom_page_level_css":"","site-sidebar-layout":"default","site-content-layout":"","ast-site-content-layout":"default","site-content-style":"default","site-sidebar-style":"default","ast-global-header-display":"","ast-banner-title-visibility":"","ast-main-header-display":"","ast-hfb-above-header-display":"","ast-hfb-below-header-display":"","ast-hfb-mobile-header-display":"","site-post-title":"","ast-breadcrumbs-content":"","ast-featured-img":"disabled","footer-sml-layout":"","theme-transparent-header-meta":"","adv-header-id-meta":"","stick-header-meta":"","header-above-stick-meta":"","header-main-stick-meta":"","header-below-stick-meta":"","astra-migrate-meta-layouts":"default","ast-page-background-enabled":"default","ast-page-background-meta":{"desktop":{"background-color":"var(--ast-global-color-4)","background-image":"","background-repeat":"repeat","background-position":"center center","background-size":"auto","background-attachment":"scroll","background-type":"","background-media":"","overlay-type":"","overlay-color":"","overlay-opacity":"","overlay-gradient":""},"tablet":{"background-color":"","background-image":"","background-repeat":"repeat","background-position":"center center","background-size":"auto","background-attachment":"scroll","background-type":"","background-media":"","overlay-type":"","overlay-color":"","overlay-opacity":"","overlay-gradient":""},"mobile":{"background-color":"","background-image":"","background-repeat":"repeat","background-position":"center center","background-size":"auto","background-attachment":"scroll","background-type":"","background-media":"","overlay-type":"","overlay-color":"","overlay-opacity":"","overlay-gradient":""}},"ast-content-background-meta":{"desktop":{"background-color":"var(--ast-global-color-5)","background-image":"","background-repeat":"repeat","background-position":"center center","background-size":"auto","background-attachment":"scroll","background-type":"","background-media":"","overlay-type":"","overlay-color":"","overlay-opacity":"","overlay-gradient":""},"tablet":{"background-color":"var(--ast-global-color-5)","background-image":"","background-repeat":"repeat","background-position":"center center","background-size":"auto","background-attachment":"scroll","background-type":"","background-media":"","overlay-type":"","overlay-color":"","overlay-opacity":"","overlay-gradient":""},"mobile":{"background-color":"var(--ast-global-color-5)","background-image":"","background-repeat":"repeat","background-position":"center center","background-size":"auto","background-attachment":"scroll","background-type":"","background-media":"","overlay-type":"","overlay-color":"","overlay-opacity":"","overlay-gradient":""}},"footnotes":""},"categories":[23,57],"tags":[64,938,18,19,4988,53,171,70,4989,4990,4991],"class_list":["post-68906","post","type-post","status-publish","format-standard","has-post-thumbnail","hentry","category-destacats","category-mon-collegial","tag-atencio-farmaceutica","tag-atencio-primaria","tag-cofb","tag-collegi-de-farmaceutics-de-barcelona","tag-equips-proa","tag-farmaceutics","tag-farmaceutiques","tag-formacio","tag-hospital","tag-iv-edicio","tag-matins-proa"],"yoast_head":"<!-- This site is optimized with the Yoast SEO plugin v22.4 - https:\/\/yoast.com\/wordpress\/plugins\/seo\/ -->\n<title>El COFB celebra la IV edici\u00f3 de la formaci\u00f3 sobre els programes d\u2019optimitzaci\u00f3 d\u2019\u00fas d\u2019antimicrobians (PROA) - Col\u00b7legi de Farmac\u00e8utics de Barcelona<\/title>\n<meta name=\"description\" content=\"El COFB va organitzar la IV edici\u00f3 de \u201cEls matins PROA. Aspectes pr\u00e0ctics del dia a dia\u201d amb la col\u00b7laboraci\u00f3 de la SCFC i de Menarini.\" \/>\n<meta name=\"robots\" content=\"index, follow, max-snippet:-1, max-image-preview:large, max-video-preview:-1\" \/>\n<link rel=\"canonical\" href=\"https:\/\/novaorg.cofb.net\/2024\/04\/16\/el-cofb-celebra-la-iv-edicio-de-la-formacio-sobre-els-programes-doptimitzacio-dus-dantimicrobians-proa\/\" \/>\n<meta property=\"og:locale\" content=\"es_ES\" \/>\n<meta property=\"og:type\" content=\"article\" \/>\n<meta property=\"og:title\" content=\"El COFB celebra la IV edici\u00f3 de la formaci\u00f3 sobre els programes d\u2019optimitzaci\u00f3 d\u2019\u00fas d\u2019antimicrobians (PROA) - Col\u00b7legi de Farmac\u00e8utics de Barcelona\" \/>\n<meta property=\"og:description\" content=\"El COFB va organitzar la IV edici\u00f3 de \u201cEls matins PROA. Aspectes pr\u00e0ctics del dia a dia\u201d amb la col\u00b7laboraci\u00f3 de la SCFC i de Menarini.\" \/>\n<meta property=\"og:url\" content=\"https:\/\/novaorg.cofb.net\/2024\/04\/16\/el-cofb-celebra-la-iv-edicio-de-la-formacio-sobre-els-programes-doptimitzacio-dus-dantimicrobians-proa\/\" \/>\n<meta property=\"og:site_name\" content=\"Col\u00b7legi de Farmac\u00e8utics de Barcelona\" \/>\n<meta property=\"article:publisher\" content=\"https:\/\/www.facebook.com\/farmaceuticsbcn\/\" \/>\n<meta property=\"article:published_time\" content=\"2024-04-16T10:58:00+00:00\" \/>\n<meta property=\"og:image\" content=\"https:\/\/novaorg.cofb.net\/wp-content\/uploads\/2023\/10\/collage.jpg\" \/>\n\t<meta property=\"og:image:width\" content=\"1024\" \/>\n\t<meta property=\"og:image:height\" content=\"576\" \/>\n\t<meta property=\"og:image:type\" content=\"image\/jpeg\" \/>\n<meta name=\"author\" content=\"wpAdminCofbOrg\" \/>\n<meta name=\"twitter:card\" content=\"summary_large_image\" \/>\n<meta name=\"twitter:creator\" content=\"@farmaceuticsbcn\" \/>\n<meta name=\"twitter:site\" content=\"@farmaceuticsbcn\" \/>\n<meta name=\"twitter:label1\" content=\"Escrito por\" \/>\n\t<meta name=\"twitter:data1\" content=\"wpAdminCofbOrg\" \/>\n\t<meta name=\"twitter:label2\" content=\"Tiempo de lectura\" \/>\n\t<meta name=\"twitter:data2\" content=\"9 minutos\" \/>\n<script type=\"application\/ld+json\" class=\"yoast-schema-graph\">{\"@context\":\"https:\/\/schema.org\",\"@graph\":[{\"@type\":\"Article\",\"@id\":\"https:\/\/novaorg.cofb.net\/2024\/04\/16\/el-cofb-celebra-la-iv-edicio-de-la-formacio-sobre-els-programes-doptimitzacio-dus-dantimicrobians-proa\/#article\",\"isPartOf\":{\"@id\":\"https:\/\/novaorg.cofb.net\/2024\/04\/16\/el-cofb-celebra-la-iv-edicio-de-la-formacio-sobre-els-programes-doptimitzacio-dus-dantimicrobians-proa\/\"},\"author\":{\"name\":\"wpAdminCofbOrg\",\"@id\":\"https:\/\/www.cofb.org\/#\/schema\/person\/22ed7eea88da74b0fa4d3154ad87ffcb\"},\"headline\":\"El COFB celebra la IV edici\u00f3 de la formaci\u00f3 sobre els programes d\u2019optimitzaci\u00f3 d\u2019\u00fas d\u2019antimicrobians (PROA)\",\"datePublished\":\"2024-04-16T10:58:00+00:00\",\"dateModified\":\"2024-04-16T10:58:00+00:00\",\"mainEntityOfPage\":{\"@id\":\"https:\/\/novaorg.cofb.net\/2024\/04\/16\/el-cofb-celebra-la-iv-edicio-de-la-formacio-sobre-els-programes-doptimitzacio-dus-dantimicrobians-proa\/\"},\"wordCount\":1884,\"commentCount\":0,\"publisher\":{\"@id\":\"https:\/\/www.cofb.org\/#organization\"},\"image\":{\"@id\":\"https:\/\/novaorg.cofb.net\/2024\/04\/16\/el-cofb-celebra-la-iv-edicio-de-la-formacio-sobre-els-programes-doptimitzacio-dus-dantimicrobians-proa\/#primaryimage\"},\"thumbnailUrl\":\"https:\/\/www.cofb.org\/wp-content\/uploads\/2023\/10\/collage.jpg\",\"keywords\":[\"Atenci\u00f3 farmac\u00e8utica\",\"Atenci\u00f3 prim\u00e0ria\",\"COFB\",\"Col\u00b7legi de Farmac\u00e8utics de Barcelona\",\"equips PROA\",\"farmac\u00e8utics\",\"farmac\u00e8utiques\",\"Formaci\u00f3\",\"Hospital\",\"IV edici\u00f3\",\"Matins PROA\"],\"articleSection\":[\"Destacats\",\"M\u00f3n col\u00b7legial\"],\"inLanguage\":\"es\",\"potentialAction\":[{\"@type\":\"CommentAction\",\"name\":\"Comment\",\"target\":[\"https:\/\/novaorg.cofb.net\/2024\/04\/16\/el-cofb-celebra-la-iv-edicio-de-la-formacio-sobre-els-programes-doptimitzacio-dus-dantimicrobians-proa\/#respond\"]}]},{\"@type\":\"WebPage\",\"@id\":\"https:\/\/novaorg.cofb.net\/2024\/04\/16\/el-cofb-celebra-la-iv-edicio-de-la-formacio-sobre-els-programes-doptimitzacio-dus-dantimicrobians-proa\/\",\"url\":\"https:\/\/novaorg.cofb.net\/2024\/04\/16\/el-cofb-celebra-la-iv-edicio-de-la-formacio-sobre-els-programes-doptimitzacio-dus-dantimicrobians-proa\/\",\"name\":\"El COFB celebra la IV edici\u00f3 de la formaci\u00f3 sobre els programes d\u2019optimitzaci\u00f3 d\u2019\u00fas d\u2019antimicrobians (PROA) - Col\u00b7legi de Farmac\u00e8utics de Barcelona\",\"isPartOf\":{\"@id\":\"https:\/\/www.cofb.org\/#website\"},\"primaryImageOfPage\":{\"@id\":\"https:\/\/novaorg.cofb.net\/2024\/04\/16\/el-cofb-celebra-la-iv-edicio-de-la-formacio-sobre-els-programes-doptimitzacio-dus-dantimicrobians-proa\/#primaryimage\"},\"image\":{\"@id\":\"https:\/\/novaorg.cofb.net\/2024\/04\/16\/el-cofb-celebra-la-iv-edicio-de-la-formacio-sobre-els-programes-doptimitzacio-dus-dantimicrobians-proa\/#primaryimage\"},\"thumbnailUrl\":\"https:\/\/www.cofb.org\/wp-content\/uploads\/2023\/10\/collage.jpg\",\"datePublished\":\"2024-04-16T10:58:00+00:00\",\"dateModified\":\"2024-04-16T10:58:00+00:00\",\"description\":\"El COFB va organitzar la IV edici\u00f3 de \u201cEls matins PROA. Aspectes pr\u00e0ctics del dia a dia\u201d amb la col\u00b7laboraci\u00f3 de la SCFC i de Menarini.\",\"breadcrumb\":{\"@id\":\"https:\/\/novaorg.cofb.net\/2024\/04\/16\/el-cofb-celebra-la-iv-edicio-de-la-formacio-sobre-els-programes-doptimitzacio-dus-dantimicrobians-proa\/#breadcrumb\"},\"inLanguage\":\"es\",\"potentialAction\":[{\"@type\":\"ReadAction\",\"target\":[\"https:\/\/novaorg.cofb.net\/2024\/04\/16\/el-cofb-celebra-la-iv-edicio-de-la-formacio-sobre-els-programes-doptimitzacio-dus-dantimicrobians-proa\/\"]}]},{\"@type\":\"ImageObject\",\"inLanguage\":\"es\",\"@id\":\"https:\/\/novaorg.cofb.net\/2024\/04\/16\/el-cofb-celebra-la-iv-edicio-de-la-formacio-sobre-els-programes-doptimitzacio-dus-dantimicrobians-proa\/#primaryimage\",\"url\":\"https:\/\/www.cofb.org\/wp-content\/uploads\/2023\/10\/collage.jpg\",\"contentUrl\":\"https:\/\/www.cofb.org\/wp-content\/uploads\/2023\/10\/collage.jpg\",\"width\":1024,\"height\":576},{\"@type\":\"BreadcrumbList\",\"@id\":\"https:\/\/novaorg.cofb.net\/2024\/04\/16\/el-cofb-celebra-la-iv-edicio-de-la-formacio-sobre-els-programes-doptimitzacio-dus-dantimicrobians-proa\/#breadcrumb\",\"itemListElement\":[{\"@type\":\"ListItem\",\"position\":1,\"name\":\"Inici\",\"item\":\"https:\/\/novaorg.cofb.net\/\"},{\"@type\":\"ListItem\",\"position\":2,\"name\":\"El COFB celebra la IV edici\u00f3 de la formaci\u00f3 sobre els programes d\u2019optimitzaci\u00f3 d\u2019\u00fas d\u2019antimicrobians (PROA)\"}]},{\"@type\":\"WebSite\",\"@id\":\"https:\/\/www.cofb.org\/#website\",\"url\":\"https:\/\/www.cofb.org\/\",\"name\":\"Col\u00b7legi de Farmac\u00e8utics de Barcelona\",\"description\":\"\",\"publisher\":{\"@id\":\"https:\/\/www.cofb.org\/#organization\"},\"potentialAction\":[{\"@type\":\"SearchAction\",\"target\":{\"@type\":\"EntryPoint\",\"urlTemplate\":\"https:\/\/www.cofb.org\/?s={search_term_string}\"},\"query-input\":\"required name=search_term_string\"}],\"inLanguage\":\"es\"},{\"@type\":\"Organization\",\"@id\":\"https:\/\/www.cofb.org\/#organization\",\"name\":\"Col\u00b7legi de Farmac\u00e8utics de Barcelona\",\"url\":\"https:\/\/www.cofb.org\/\",\"logo\":{\"@type\":\"ImageObject\",\"inLanguage\":\"es\",\"@id\":\"https:\/\/www.cofb.org\/#\/schema\/logo\/image\/\",\"url\":\"https:\/\/www.cofb.org\/wp-content\/uploads\/2023\/11\/cropped-Logotip-COFB.png\",\"contentUrl\":\"https:\/\/www.cofb.org\/wp-content\/uploads\/2023\/11\/cropped-Logotip-COFB.png\",\"width\":500,\"height\":105,\"caption\":\"Col\u00b7legi de Farmac\u00e8utics de Barcelona\"},\"image\":{\"@id\":\"https:\/\/www.cofb.org\/#\/schema\/logo\/image\/\"},\"sameAs\":[\"https:\/\/www.facebook.com\/farmaceuticsbcn\/\",\"https:\/\/twitter.com\/farmaceuticsbcn\",\"https:\/\/www.instagram.com\/farmaceuticsbcn\/\",\"https:\/\/www.linkedin.com\/company\/farmaceuticsbcn\/\"]},{\"@type\":\"Person\",\"@id\":\"https:\/\/www.cofb.org\/#\/schema\/person\/22ed7eea88da74b0fa4d3154ad87ffcb\",\"name\":\"wpAdminCofbOrg\",\"image\":{\"@type\":\"ImageObject\",\"inLanguage\":\"es\",\"@id\":\"https:\/\/www.cofb.org\/#\/schema\/person\/image\/\",\"url\":\"https:\/\/secure.gravatar.com\/avatar\/1721b20b3b8ca882c3b56ec6c978c594fff670e40c0718e9190eaeeb76aae7d8?s=96&d=mm&r=g\",\"contentUrl\":\"https:\/\/secure.gravatar.com\/avatar\/1721b20b3b8ca882c3b56ec6c978c594fff670e40c0718e9190eaeeb76aae7d8?s=96&d=mm&r=g\",\"caption\":\"wpAdminCofbOrg\"},\"sameAs\":[\"http:\/\/192.168.64.122\/wordpress\"],\"url\":\"https:\/\/www.cofb.org\/es\/author\/wpadmincofborg\/\"}]}<\/script>\n<!-- \/ Yoast SEO plugin. -->","yoast_head_json":{"title":"El COFB celebra la IV edici\u00f3 de la formaci\u00f3 sobre els programes d\u2019optimitzaci\u00f3 d\u2019\u00fas d\u2019antimicrobians (PROA) - Col\u00b7legi de Farmac\u00e8utics de Barcelona","description":"El COFB va organitzar la IV edici\u00f3 de \u201cEls matins PROA. Aspectes pr\u00e0ctics del dia a dia\u201d amb la col\u00b7laboraci\u00f3 de la SCFC i de Menarini.","robots":{"index":"index","follow":"follow","max-snippet":"max-snippet:-1","max-image-preview":"max-image-preview:large","max-video-preview":"max-video-preview:-1"},"canonical":"https:\/\/novaorg.cofb.net\/2024\/04\/16\/el-cofb-celebra-la-iv-edicio-de-la-formacio-sobre-els-programes-doptimitzacio-dus-dantimicrobians-proa\/","og_locale":"es_ES","og_type":"article","og_title":"El COFB celebra la IV edici\u00f3 de la formaci\u00f3 sobre els programes d\u2019optimitzaci\u00f3 d\u2019\u00fas d\u2019antimicrobians (PROA) - Col\u00b7legi de Farmac\u00e8utics de Barcelona","og_description":"El COFB va organitzar la IV edici\u00f3 de \u201cEls matins PROA. Aspectes pr\u00e0ctics del dia a dia\u201d amb la col\u00b7laboraci\u00f3 de la SCFC i de Menarini.","og_url":"https:\/\/novaorg.cofb.net\/2024\/04\/16\/el-cofb-celebra-la-iv-edicio-de-la-formacio-sobre-els-programes-doptimitzacio-dus-dantimicrobians-proa\/","og_site_name":"Col\u00b7legi de Farmac\u00e8utics de Barcelona","article_publisher":"https:\/\/www.facebook.com\/farmaceuticsbcn\/","article_published_time":"2024-04-16T10:58:00+00:00","og_image":[{"width":1024,"height":576,"url":"https:\/\/novaorg.cofb.net\/wp-content\/uploads\/2023\/10\/collage.jpg","type":"image\/jpeg"}],"author":"wpAdminCofbOrg","twitter_card":"summary_large_image","twitter_creator":"@farmaceuticsbcn","twitter_site":"@farmaceuticsbcn","twitter_misc":{"Escrito por":"wpAdminCofbOrg","Tiempo de lectura":"9 minutos"},"schema":{"@context":"https:\/\/schema.org","@graph":[{"@type":"Article","@id":"https:\/\/novaorg.cofb.net\/2024\/04\/16\/el-cofb-celebra-la-iv-edicio-de-la-formacio-sobre-els-programes-doptimitzacio-dus-dantimicrobians-proa\/#article","isPartOf":{"@id":"https:\/\/novaorg.cofb.net\/2024\/04\/16\/el-cofb-celebra-la-iv-edicio-de-la-formacio-sobre-els-programes-doptimitzacio-dus-dantimicrobians-proa\/"},"author":{"name":"wpAdminCofbOrg","@id":"https:\/\/www.cofb.org\/#\/schema\/person\/22ed7eea88da74b0fa4d3154ad87ffcb"},"headline":"El COFB celebra la IV edici\u00f3 de la formaci\u00f3 sobre els programes d\u2019optimitzaci\u00f3 d\u2019\u00fas d\u2019antimicrobians (PROA)","datePublished":"2024-04-16T10:58:00+00:00","dateModified":"2024-04-16T10:58:00+00:00","mainEntityOfPage":{"@id":"https:\/\/novaorg.cofb.net\/2024\/04\/16\/el-cofb-celebra-la-iv-edicio-de-la-formacio-sobre-els-programes-doptimitzacio-dus-dantimicrobians-proa\/"},"wordCount":1884,"commentCount":0,"publisher":{"@id":"https:\/\/www.cofb.org\/#organization"},"image":{"@id":"https:\/\/novaorg.cofb.net\/2024\/04\/16\/el-cofb-celebra-la-iv-edicio-de-la-formacio-sobre-els-programes-doptimitzacio-dus-dantimicrobians-proa\/#primaryimage"},"thumbnailUrl":"https:\/\/www.cofb.org\/wp-content\/uploads\/2023\/10\/collage.jpg","keywords":["Atenci\u00f3 farmac\u00e8utica","Atenci\u00f3 prim\u00e0ria","COFB","Col\u00b7legi de Farmac\u00e8utics de Barcelona","equips PROA","farmac\u00e8utics","farmac\u00e8utiques","Formaci\u00f3","Hospital","IV edici\u00f3","Matins PROA"],"articleSection":["Destacats","M\u00f3n col\u00b7legial"],"inLanguage":"es","potentialAction":[{"@type":"CommentAction","name":"Comment","target":["https:\/\/novaorg.cofb.net\/2024\/04\/16\/el-cofb-celebra-la-iv-edicio-de-la-formacio-sobre-els-programes-doptimitzacio-dus-dantimicrobians-proa\/#respond"]}]},{"@type":"WebPage","@id":"https:\/\/novaorg.cofb.net\/2024\/04\/16\/el-cofb-celebra-la-iv-edicio-de-la-formacio-sobre-els-programes-doptimitzacio-dus-dantimicrobians-proa\/","url":"https:\/\/novaorg.cofb.net\/2024\/04\/16\/el-cofb-celebra-la-iv-edicio-de-la-formacio-sobre-els-programes-doptimitzacio-dus-dantimicrobians-proa\/","name":"El COFB celebra la IV edici\u00f3 de la formaci\u00f3 sobre els programes d\u2019optimitzaci\u00f3 d\u2019\u00fas d\u2019antimicrobians (PROA) - Col\u00b7legi de Farmac\u00e8utics de Barcelona","isPartOf":{"@id":"https:\/\/www.cofb.org\/#website"},"primaryImageOfPage":{"@id":"https:\/\/novaorg.cofb.net\/2024\/04\/16\/el-cofb-celebra-la-iv-edicio-de-la-formacio-sobre-els-programes-doptimitzacio-dus-dantimicrobians-proa\/#primaryimage"},"image":{"@id":"https:\/\/novaorg.cofb.net\/2024\/04\/16\/el-cofb-celebra-la-iv-edicio-de-la-formacio-sobre-els-programes-doptimitzacio-dus-dantimicrobians-proa\/#primaryimage"},"thumbnailUrl":"https:\/\/www.cofb.org\/wp-content\/uploads\/2023\/10\/collage.jpg","datePublished":"2024-04-16T10:58:00+00:00","dateModified":"2024-04-16T10:58:00+00:00","description":"El COFB va organitzar la IV edici\u00f3 de \u201cEls matins PROA. Aspectes pr\u00e0ctics del dia a dia\u201d amb la col\u00b7laboraci\u00f3 de la SCFC i de Menarini.","breadcrumb":{"@id":"https:\/\/novaorg.cofb.net\/2024\/04\/16\/el-cofb-celebra-la-iv-edicio-de-la-formacio-sobre-els-programes-doptimitzacio-dus-dantimicrobians-proa\/#breadcrumb"},"inLanguage":"es","potentialAction":[{"@type":"ReadAction","target":["https:\/\/novaorg.cofb.net\/2024\/04\/16\/el-cofb-celebra-la-iv-edicio-de-la-formacio-sobre-els-programes-doptimitzacio-dus-dantimicrobians-proa\/"]}]},{"@type":"ImageObject","inLanguage":"es","@id":"https:\/\/novaorg.cofb.net\/2024\/04\/16\/el-cofb-celebra-la-iv-edicio-de-la-formacio-sobre-els-programes-doptimitzacio-dus-dantimicrobians-proa\/#primaryimage","url":"https:\/\/www.cofb.org\/wp-content\/uploads\/2023\/10\/collage.jpg","contentUrl":"https:\/\/www.cofb.org\/wp-content\/uploads\/2023\/10\/collage.jpg","width":1024,"height":576},{"@type":"BreadcrumbList","@id":"https:\/\/novaorg.cofb.net\/2024\/04\/16\/el-cofb-celebra-la-iv-edicio-de-la-formacio-sobre-els-programes-doptimitzacio-dus-dantimicrobians-proa\/#breadcrumb","itemListElement":[{"@type":"ListItem","position":1,"name":"Inici","item":"https:\/\/novaorg.cofb.net\/"},{"@type":"ListItem","position":2,"name":"El COFB celebra la IV edici\u00f3 de la formaci\u00f3 sobre els programes d\u2019optimitzaci\u00f3 d\u2019\u00fas d\u2019antimicrobians (PROA)"}]},{"@type":"WebSite","@id":"https:\/\/www.cofb.org\/#website","url":"https:\/\/www.cofb.org\/","name":"Col\u00b7legi de Farmac\u00e8utics de Barcelona","description":"","publisher":{"@id":"https:\/\/www.cofb.org\/#organization"},"potentialAction":[{"@type":"SearchAction","target":{"@type":"EntryPoint","urlTemplate":"https:\/\/www.cofb.org\/?s={search_term_string}"},"query-input":"required name=search_term_string"}],"inLanguage":"es"},{"@type":"Organization","@id":"https:\/\/www.cofb.org\/#organization","name":"Col\u00b7legi de Farmac\u00e8utics de Barcelona","url":"https:\/\/www.cofb.org\/","logo":{"@type":"ImageObject","inLanguage":"es","@id":"https:\/\/www.cofb.org\/#\/schema\/logo\/image\/","url":"https:\/\/www.cofb.org\/wp-content\/uploads\/2023\/11\/cropped-Logotip-COFB.png","contentUrl":"https:\/\/www.cofb.org\/wp-content\/uploads\/2023\/11\/cropped-Logotip-COFB.png","width":500,"height":105,"caption":"Col\u00b7legi de Farmac\u00e8utics de Barcelona"},"image":{"@id":"https:\/\/www.cofb.org\/#\/schema\/logo\/image\/"},"sameAs":["https:\/\/www.facebook.com\/farmaceuticsbcn\/","https:\/\/twitter.com\/farmaceuticsbcn","https:\/\/www.instagram.com\/farmaceuticsbcn\/","https:\/\/www.linkedin.com\/company\/farmaceuticsbcn\/"]},{"@type":"Person","@id":"https:\/\/www.cofb.org\/#\/schema\/person\/22ed7eea88da74b0fa4d3154ad87ffcb","name":"wpAdminCofbOrg","image":{"@type":"ImageObject","inLanguage":"es","@id":"https:\/\/www.cofb.org\/#\/schema\/person\/image\/","url":"https:\/\/secure.gravatar.com\/avatar\/1721b20b3b8ca882c3b56ec6c978c594fff670e40c0718e9190eaeeb76aae7d8?s=96&d=mm&r=g","contentUrl":"https:\/\/secure.gravatar.com\/avatar\/1721b20b3b8ca882c3b56ec6c978c594fff670e40c0718e9190eaeeb76aae7d8?s=96&d=mm&r=g","caption":"wpAdminCofbOrg"},"sameAs":["http:\/\/192.168.64.122\/wordpress"],"url":"https:\/\/www.cofb.org\/es\/author\/wpadmincofborg\/"}]}},"uagb_featured_image_src":{"full":["https:\/\/www.cofb.org\/wp-content\/uploads\/2023\/10\/collage.jpg",1024,576,false],"thumbnail":["https:\/\/www.cofb.org\/wp-content\/uploads\/2023\/10\/collage-150x150.jpg",150,150,true],"medium":["https:\/\/www.cofb.org\/wp-content\/uploads\/2023\/10\/collage-300x169.jpg",300,169,true],"medium_large":["https:\/\/www.cofb.org\/wp-content\/uploads\/2023\/10\/collage-768x432.jpg",768,432,true],"large":["https:\/\/www.cofb.org\/wp-content\/uploads\/2023\/10\/collage.jpg",1024,576,false],"1536x1536":["https:\/\/www.cofb.org\/wp-content\/uploads\/2023\/10\/collage.jpg",1024,576,false],"2048x2048":["https:\/\/www.cofb.org\/wp-content\/uploads\/2023\/10\/collage.jpg",1024,576,false],"trp-custom-language-flag":["https:\/\/www.cofb.org\/wp-content\/uploads\/2023\/10\/collage-18x10.jpg",18,10,true]},"uagb_author_info":{"display_name":"wpAdminCofbOrg","author_link":"https:\/\/www.cofb.org\/es\/author\/wpadmincofborg\/"},"uagb_comment_info":0,"uagb_excerpt":"A finals de febrer, el Col\u00b7legi de Farmac\u00e8utics de Barcelona (COFB) va organitzar la IV edici\u00f3 de \u201cEls matins PROA. Aspectes pr\u00e0ctics del dia a dia\u201d amb la col\u00b7laboraci\u00f3 de la Societat Catalana de Farm\u00e0cia Cl\u00ednica i de Menarini. La formaci\u00f3, adre\u00e7ada als farmac\u00e8utics i farmac\u00e8utiques d\u2019hospital i d\u2019atenci\u00f3 prim\u00e0ria, [&hellip;]","_links":{"self":[{"href":"https:\/\/www.cofb.org\/es\/wp-json\/wp\/v2\/posts\/68906","targetHints":{"allow":["GET"]}}],"collection":[{"href":"https:\/\/www.cofb.org\/es\/wp-json\/wp\/v2\/posts"}],"about":[{"href":"https:\/\/www.cofb.org\/es\/wp-json\/wp\/v2\/types\/post"}],"author":[{"embeddable":true,"href":"https:\/\/www.cofb.org\/es\/wp-json\/wp\/v2\/users\/1"}],"replies":[{"embeddable":true,"href":"https:\/\/www.cofb.org\/es\/wp-json\/wp\/v2\/comments?post=68906"}],"version-history":[{"count":0,"href":"https:\/\/www.cofb.org\/es\/wp-json\/wp\/v2\/posts\/68906\/revisions"}],"wp:featuredmedia":[{"embeddable":true,"href":"https:\/\/www.cofb.org\/es\/wp-json\/wp\/v2\/media\/68953"}],"wp:attachment":[{"href":"https:\/\/www.cofb.org\/es\/wp-json\/wp\/v2\/media?parent=68906"}],"wp:term":[{"taxonomy":"category","embeddable":true,"href":"https:\/\/www.cofb.org\/es\/wp-json\/wp\/v2\/categories?post=68906"},{"taxonomy":"post_tag","embeddable":true,"href":"https:\/\/www.cofb.org\/es\/wp-json\/wp\/v2\/tags?post=68906"}],"curies":[{"name":"wp","href":"https:\/\/api.w.org\/{rel}","templated":true}]}}