{"id":68107,"date":"2023-12-19T19:47:00","date_gmt":"2023-12-19T17:47:00","guid":{"rendered":"https:\/\/blog.cofb.cat\/?p=68107"},"modified":"2024-06-28T10:54:18","modified_gmt":"2024-06-28T10:54:18","slug":"junta-general-ordinaria-aprovada-per-unanimitat-la-proposta-de-pressupost-per-al-2024","status":"publish","type":"post","link":"https:\/\/www.cofb.org\/es\/2023\/12\/19\/junta-general-ordinaria-aprovada-per-unanimitat-la-proposta-de-pressupost-per-al-2024\/","title":{"rendered":"Junta General Ordinaria: Aprobada por unanimidad la propuesta de presupuesto para 2024"},"content":{"rendered":"<p>El pasado lunes ,18 de diciembre, tuvo lugar en el <strong>Col\u00b7legi de Farmac\u00e8utics de Barcelona (COFB)<\/strong> la <strong>Junta General Ordinaria, <\/strong>en qu\u00e9 <strong>se aprobaron por unanimidad la propuesta de presupuesto para 2024<\/strong>. En la Junta Ordinaria, que pudo seguirse en formato presencial y en formato webinar, el tesorero del COFB, <strong>Miquel Recasens<\/strong>, present\u00f3 el<strong>Informe de Tesorer\u00eda<\/strong>; y el presidente del COFB, <strong>Jordi Casas<\/strong>, present\u00f3 el<strong>Informe de Presidencia<\/strong>. La Junta tambi\u00e9n cont\u00f3 participaci\u00f3n de la secretaria del COFB, <strong>Aina Surroca<\/strong>. Tanto el Informe de Presidencia como el de Tesorer\u00eda se encuentran <strong>disponibles en la intranet colegial<\/strong>.<\/p>\n\n\n\n<figure class=\"wp-block-image size-large\"><a href=\"https:\/\/blog.cofb.cat\/wp-content\/uploads\/2023\/12\/COFB_JUNTA-GENERAL-ORDINARIA_19122023_1.jpg\" target=\"_blank\" rel=\"noopener\"><img decoding=\"async\" src=\"https:\/\/blog.cofb.cat\/wp-content\/uploads\/2023\/12\/COFB_JUNTA-GENERAL-ORDINARIA_19122023_1-1024x683.jpg\" alt=\"Presentaci\u00f3 dels Informes de Presid\u00e8ncia i Tresoreria en la Junta General Ordin\u00e0ria per part del president, Jordi Casas; la secret\u00e0ria, Aina Surroca (esquerra); i del tresorer, Miquel Recasens (dreta).\" class=\"wp-image-68129\" title=\"Presentaci\u00f3n de los Informes de Presidencia y Tesorer\u00eda en la Junta General Ordinaria por parte del presidente, Jordi Casas; la secretaria, Aina Surroca (izquierda); y del tesorero, Miquel Recasens (derecha).\"\/><\/a><figcaption>Presentaci\u00f3n de los Informes de Presidencia y Tesorer\u00eda en la Junta General Ordinaria por parte del presidente, Jordi Casas; la secretaria, Aina Surroca (izquierda); y del tesorero, Miquel Recasens (derecha).<\/figcaption><\/figure>\n\n\n\n<h2 class=\"wp-block-heading\"><strong>Informe de Tesorer\u00eda<\/strong><\/h2>\n\n\n\n<p>El tesorero del COFB,&nbsp;<strong>Miquel Recasens<\/strong>, present\u00f3 la <strong>propuesta de presupuesto para 2024<\/strong>, que se basa en tres grandes l\u00edneas de trabajo: <strong>eficiencia y sostenibilidad econ\u00f3mica, apoyo a la profesi\u00f3n farmac\u00e9utica y soporte a los colegiados y colegiadas.<\/strong><\/p>\n\n\n\n<h3 class=\"wp-block-heading\"><strong>Ef<strong>iciencia y sostenibilidad econ\u00f3mica<\/strong> <\/strong><\/h3>\n\n\n\n<p>En este primer bloque, el tesorero hizo referencia a que desde el COFB se presenta un <strong>presupuesto equilibrado a cero, <\/strong>compensando el crecimiento del gasto corriente con ingresos corrientes. Asimismo, se dedicar\u00e1n los recursos a <strong>la adecuaci\u00f3n de la estructura de personal, la actualizaci\u00f3n tecnol\u00f3gica y la renovaci\u00f3n de la sede colegial<\/strong>; <strong>se preservar\u00e1n y aprovechar\u00e1n las reservas de la instituci\u00f3n; se potencia la actividad de COFBServeis<\/strong>; y se recurrir\u00e1 a <strong>ayudas p\u00fablicas para poder ofrecer formaci\u00f3n gratuita.   <\/strong><\/p>\n\n\n\n<h3 class=\"wp-block-heading\"><strong>S<strong>uport a la profesi\u00f3n farmac\u00e9utica<\/strong> <\/strong><\/h3>\n\n\n\n<p>En el marco de la segunda l\u00ednea de trabajo, Recasens apunt\u00f3 que la propuesta de presupuesto presentada tiene como objetivo, por un lado, <strong>promover y apoyar el trabajo interdisciplinario<\/strong> en los proyectos asistenciales y sociales impulsados con las administraciones p\u00fablicas. Por otra parte, <strong>seguir representando y defendiendo la profesi\u00f3n ante la Administraci\u00f3n P\u00fablica<\/strong> en las nuevas iniciativas legislativas, y tambi\u00e9n<strong> consolidar la presencia del colectivo en las instituciones p\u00fablicas, econ\u00f3micas y sociales de nuestro entorno<\/strong>. En cuanto al \u00e1mbito de la <strong>comunicaci\u00f3n,<\/strong> se <strong>potenciar\u00e1n los recursos para dar mayor visibilidad a la profesi\u00f3n, y reforzar su prestigio y buena reputaci\u00f3n. <\/strong><\/p>\n\n\n\n<h3 class=\"wp-block-heading\"><strong>Apoyo a los colegiados y colegiadas<\/strong><\/h3>\n\n\n\n<p>En este \u00faltimo punto, Miquel Recasens destac\u00f3 que se quiere <strong>mejorar la comunicaci\u00f3n y la atenci\u00f3n personalizada a los colegiados y colegiadas<\/strong> con m\u00e1s recursos personales y tecnol\u00f3gicos, y <strong>promover la participaci\u00f3n de los nuevos colegiados<\/strong> como futuro de la profesi\u00f3n. Al mismo tiempo, la <strong>modernizaci\u00f3n de las instalaciones del Colegio <\/strong>permitir\u00e1n prestar un <strong>mejor servicio a los colegiados.<\/strong> <\/p>\n\n\n\n<figure class=\"wp-block-image size-large\"><a href=\"https:\/\/blog.cofb.cat\/wp-content\/uploads\/2023\/12\/COFB_JUNTA-GENERAL-ORDINARIA_19122023_2.jpg\" target=\"_blank\" rel=\"noopener\"><img decoding=\"async\" src=\"https:\/\/blog.cofb.cat\/wp-content\/uploads\/2023\/12\/COFB_JUNTA-GENERAL-ORDINARIA_19122023_2-1024x644.jpg\" alt=\"El tresorer del COFB, Miquel Recasens, en un moment de la presentaci\u00f3 de la proposta de pressupostos per al 2024.\" class=\"wp-image-68127\" title=\"El tesorero del COFB, Miquel Recasens, en un momento de la presentaci\u00f3n de la propuesta de presupuestos para 2024.\"\/><\/a><figcaption>El tesorero del COFB, Miquel Recasens, en un momento de su intervenci\u00f3n en la Junta General Ordinaria.<\/figcaption><\/figure>\n\n\n\n<p>Por \u00faltimo, el tesorero del COFB puso en valor que se seguir\u00e1<strong> reforzando la red de coordinadores y delegados como instrumento de comunicaci\u00f3n y de progreso <\/strong>en el ejercicio profesional en la oficina de farmacia; y tambi\u00e9n se fortalecer\u00e1 la <strong>formaci\u00f3n continuada para todas las Vocal\u00edas.<\/strong> <\/p>\n\n\n\n<h2 class=\"wp-block-heading\"><strong>Informe de Presidencia<\/strong><\/h2>\n\n\n\n<p>Por su parte, el presidente del COFB, <strong>Jordi Casas<\/strong>, present\u00f3 el<strong>Informe de Presidencia<\/strong>. En un primer bloque, repas\u00f3 el<strong>actualidad referente al Colegio<\/strong>. Uno de los puntos que explic\u00f3 fue que, el pasado septiembre, el COFB firm\u00f3 un <strong>convenio con del Departamento de Igualdad y Feminismos<\/strong> y, posteriormente, se organiz\u00f3 una <strong>rueda de prensa<\/strong> para la puesta en marcha del <strong>proyecto de Equidad menstrual<\/strong>. Asimismo, en octubre, se <strong>presentar esta iniciativa a los colegiados y colegiadas. <\/strong>Tambi\u00e9n hizo referencia a la <strong>presencia del Colegio en diferentes \u00f3rganos<\/strong> <strong>de gobierno,<\/strong> como el hecho de que <strong>la farmacia renov\u00f3 su representaci\u00f3n en la C\u00e1mara de Comercio<\/strong> con la farmac\u00e9utica y vicetesorera del COFB, <strong>Marta Gento<\/strong>, y el farmac\u00e9utico, <strong>Antoni Torres<\/strong>; y la participaci\u00f3n de la Junta del Colegio en <strong>C\u00edrculo de Salud<\/strong>, <strong>Consejos de Salud<\/strong>, <strong>Consejo Asesor de la Atenci\u00f3n Primaria<\/strong>, entre otros. Asimismo, el presidente del COFB record\u00f3 que este semestre se va <strong>inaugurar el Programa de Formaci\u00f3n Continua 2023-2024<\/strong>, puso en valor las <strong>reuniones<\/strong> llevadas a cabo <strong>en el territorio<\/strong> (Osona, Bages, Anoia, Baix Llobregat Nord, Vall\u00e8s Occidental Este y Oeste y Girona Sur) <strong>con coordinadores y delegados<\/strong>; y anunci\u00f3 que el <strong>19, 20 y 21 de marzo de 2024 se celebrar\u00e1 la 34\u00aa edici\u00f3n de Infarma en Madrid<\/strong>.<\/p>\n\n\n\n<p><div class=\"destacat-blog\"> <\/p>\n\n\n\n<h2 class=\"wp-block-heading\"><strong>125 a\u00f1os del COFB<\/strong><\/h2>\n\n\n\n<p>El 2023 ha estado marcado por el <strong>125 aniversario del COFB <\/strong>y, en este sentido, hizo menci\u00f3n de todas las actividades y acciones que se han llevado a cabo para su <strong>conmemoraci\u00f3n<\/strong>: el<strong>audiovisual &quot;La f\u00f3rmula magistral de nuestros 125 a\u00f1os&quot;<\/strong>; las <strong>Diadas del Farmac\u00e9utico<\/strong> en el Palau de la M\u00fasica Catalana y en el Recinto Modernista de Sant Pau; el<strong>acto conmemorativo a las vocal\u00edas<\/strong>; la publicaci\u00f3n del libro <strong>\u201cEspigolant en els darrers 25 anys\u201d<\/strong> y la reedici\u00f3n del libro <strong>&quot;Apuntes de un siglo&quot;<\/strong>; la <strong>iluminaci\u00f3n de verde de dos edificios emblem\u00e1ticos de Barcelona<\/strong>, con motivo del D\u00eda Mundial del Farmac\u00e9utico; las <strong>p\u00edldoras \u201cSi acierto lo adivino. Hechos de nuestra historia\u201d<\/strong>; y dos temporadas de<strong><em> <\/em>&quot;Conversaciones de farmacia&quot;<\/strong>. <\/p>\n\n\n\n<p> <\/div> <\/p>\n\n\n\n<p>Sin embargo, se\u00f1al\u00f3 algunas de las <strong>jornadas y actos que han contado con la participaci\u00f3n del COFB, <\/strong>como la Jornada <strong>&quot;La Farmacia Espa\u00f1ola y su aportaci\u00f3n a la construcci\u00f3n de la Uni\u00f3n Europea de la Salud&quot;<\/strong>, el acto conmemorativo <strong>\u201cVive la Concordia\u201d<\/strong> o la ponencia solidaria <strong>&quot;La salud sexual y reproductiva en Catalu\u00f1a&quot;<\/strong>. Para cerrar el blog, indic\u00f3 algunas de las <strong>mejoras que se han hecho en la sede del Colegio para prestar un mejor servicio<\/strong>: la modernizaci\u00f3n del vest\u00edbulo y la recepci\u00f3n, la incorporaci\u00f3n de turnos para acceder al edificio y la creaci\u00f3n de nuevos espacios de trabajo.<\/p>\n\n\n\n<p>En un segundo bloque, el presidente del COFB comparti\u00f3 <strong>la actualidad en el \u00e1mbito sanitario<\/strong> del \u00faltimo semestre de 2023. En este sentido, record\u00f3 que <strong>Anna Clop\u00e9s<\/strong> se incorpor\u00f3 como <strong>directora del \u00c1rea del Medicamento<\/strong> del Departamento de Salud y <strong>M\u00f3nica Garc\u00eda<\/strong> fue nombrada nueva ministra de Sanidad.<\/p>\n\n\n\n<figure class=\"wp-block-image size-large\"><img decoding=\"async\" src=\"https:\/\/blog.cofb.cat\/wp-content\/uploads\/2023\/12\/COFB_JUNTA-GENERAL-ORDINARIA_19122023_4-1024x512.jpg\" alt=\"El president del COFB, Jordi Casas, durant la presentaci\u00f3 de l\u2019Informe de Presid\u00e8ncia. \" class=\"wp-image-68165\" title=\" El presidente del COFB, Jordi Casas, durante la presentaci\u00f3n del Informe de Presidencia. \"\/><figcaption> El presidente del COFB, Jordi Casas, durante la presentaci\u00f3n del Informe de Presidencia. <\/figcaption><\/figure>\n\n\n\n<h3 class=\"wp-block-heading\"><strong>Prestaci\u00f3n farmac\u00e9utica<\/strong><\/h3>\n\n\n\n<p>El tercer blog lo dedic\u00f3 a la <strong>prestaci\u00f3n farmac\u00e9utica<\/strong>. Para ello, destac\u00f3 que contin\u00faan los <strong>problemas de suministro de medicamentos<\/strong>, mostrando diferentes datos extra\u00eddos de<strong> CISMED<\/strong>. Tambi\u00e9n mencion\u00f3 los <strong>principios activos incluidos en el circuito de precio menor<\/strong> (la <strong>furosemida<\/strong>, la <strong>metformina<\/strong> y la <strong>sitagliptina<\/strong>); comunic\u00f3 las novedades en relaci\u00f3n con el <strong>SEVEM<\/strong>; e hizo referencia a la puesta en marcha de la <strong>receta electr\u00f3nica privada<\/strong>, gracias a la colaboraci\u00f3n del Consejo de Colegios Farmac\u00e9uticos de Catalu\u00f1a (CCFC), el Consejo de Colegios de M\u00e9dicos de Catalu\u00f1a (CCMC), y el Colegio de Odont\u00f3logos y Estomat\u00f3logos de Catalu\u00f1a (COEC). En cuanto al proyecto \u201c<strong>Oficina de farmacia libre de papeles<\/strong>\u201c, Casas comparti\u00f3 los resultados de la primera fase piloto y anunci\u00f3 que, a partir del 2024, empezar\u00e1 una <strong>segunda fase con 300 farmacias de toda Catalu\u00f1a<\/strong>. Para cerrar este blog, mencion\u00f3 los diferentes pa\u00edses incluidos en el <strong>proyecto de la interoperabilidad europea<\/strong> (Portugal, Croacia, Polonia, Finlandia, Estonia y Rep\u00fablica Checa).<\/p>\n\n\n\n<h3 class=\"wp-block-heading\"><strong>Proyectos profesionales<\/strong><\/h3>\n\n\n\n<p>En el cuarto bloque, Casas abord\u00f3 las \u00faltimas novedades en relaci\u00f3n a los <strong>proyectos profesionales<\/strong>. Sobre la <strong>Tarjeta Cuidadora<\/strong>, impulsada en 2022 por el Ayuntamiento de Barcelona con la colaboraci\u00f3n del COFB, explic\u00f3 que han continuado las <strong>charlas para el buen uso de los medicamentos<\/strong>; que como novedad, este a\u00f1o se ha puesto en marcha el <strong>programa SPD para personas cuidadoras<\/strong> residentes en la ciudad de Barcelona; y anunci\u00f3 que en 2024 se ofrecer\u00e1 el <strong>servicio de revisi\u00f3n de botiquines<\/strong>. En referencia al <strong>Programa de Detecci\u00f3n Precoz de C\u00e1ncer de Cuello de Uterino<\/strong>, el presidente del COFB mostr\u00f3 los resultados de las fases pilotos puestas en marcha en los ASSIR de El Prat y de Gav\u00e0 y avanz\u00f3 que, a partir de enero, empezar\u00e1 el <strong>cribado poblacional<\/strong> en las farmacias de la zona.<\/p>\n\n\n\n<figure class=\"wp-block-image size-large\"><a href=\"https:\/\/blog.cofb.cat\/wp-content\/uploads\/2023\/12\/COFB_JUNTA-GENERAL-ORDINARIA_19122023_3.jpg\" target=\"_blank\" rel=\"noopener\"><img decoding=\"async\" src=\"https:\/\/blog.cofb.cat\/wp-content\/uploads\/2023\/12\/COFB_JUNTA-GENERAL-ORDINARIA_19122023_3-1024x631.jpg\" alt=\"El president del COFB va repassar, entre altres aspectes, les novetats amb relaci\u00f3 al Col\u00b7legi, la prestaci\u00f3 farmac\u00e8utica i els projectes professionals.\" class=\"wp-image-68128\" title=\"El presidente del COFB repas\u00f3, entre otros aspectos, las novedades en relaci\u00f3n con el Colegio, la prestaci\u00f3n farmac\u00e9utica y los proyectos profesionales.\"\/><\/a><figcaption>El presidente del COFB repas\u00f3, entre otros aspectos, las novedades en relaci\u00f3n con el Colegio, la prestaci\u00f3n farmac\u00e9utica y los proyectos profesionales.<\/figcaption><\/figure>\n\n\n\n<p>En cuanto a <strong>el estudio Derma-Riesgo<\/strong> para la <strong>detecci\u00f3n precoz del c\u00e1ncer cut\u00e1neo<\/strong>, Casas coment\u00f3 que hay <strong>104 farmacias participantes<\/strong> de <strong>26 ABS<\/strong> y que se han realizado <strong>339 registros de pacientes<\/strong>. En la \u00faltima parte de este blog, inform\u00f3 que este semestre se ha iniciado la <strong>segunda fase piloto del estudio de farmacogen\u00e9tica<\/strong>, en la que se ha integrado la farmacia hospitalaria, comunitaria y los centros de salud mental, para la implementaci\u00f3n de estudios de farmacogen\u00e9tica en psiquiatr\u00eda; y comunic\u00f3 que se est\u00e1 renovando la red de farmacias centinela 2023-2024.<\/p>\n\n\n\n<h3 class=\"wp-block-heading\"><strong>COFBServicios<\/strong><\/h3>\n\n\n\n<p>En relaci\u00f3n con la empresa de servicios del Colegio, <strong>COFBServicios<\/strong>, por un lado, Casas destac\u00f3 que gracias al <strong>servicio de Farmaenerg\u00eda<\/strong>, se ha generado un <strong>ahorro de 230.000 \u20ac\/a\u00f1o<\/strong>. Por otra parte, ense\u00f1\u00f3 la <strong>previsi\u00f3n de cierre del n\u00famero de servicios de COFBServeis<\/strong> de este 2023 que, en comparaci\u00f3n con el resto de a\u00f1os, <strong>han crecido<\/strong> mayoritariamente. &nbsp;<\/p>\n\n\n\n<p><div class=\"destacat-blog\"><\/p>\n\n\n\n<h2 class=\"wp-block-heading\"><strong>Comunicaci\u00f3n<\/strong><\/h2>\n\n\n\n<p>En el \u00faltimo bloque, el presidente del COFB comparti\u00f3 las <strong>acciones m\u00e1s destacadas en comunicaci\u00f3n<\/strong> entre las que destaca la <strong>colaboraci\u00f3n quincenal con La Xarxa Televisi\u00f3<\/strong>, a trav\u00e9s de la cual la farmac\u00e9utica y secretaria del Colegio, <strong>Aina Surroca<\/strong>, ofrece <strong>consejo farmac\u00e9utico<\/strong> en el magac\u00edn de tarde <strong>&quot;Hecho a medida&quot;<\/strong>. Asimismo, mostr\u00f3 las <strong>intervenciones<\/strong> m\u00e1s destacadas en los <strong>medios de comunicaci\u00f3n<\/strong> durante los \u00faltimos seis meses, en los que ha habido <strong>m\u00e1s de 500 impactos<\/strong> y los <strong>temas m\u00e1s destacados<\/strong> han sido: el proyecto de equidad menstrual, la celebraci\u00f3n del 125 aniversario del COFB, la representaci\u00f3n de la farmacia en la C\u00e1mara de Comercio, los cribados (c\u00e1ncer de cuello uterino y de c\u00e1ncer de colon y recto), el estudio Derma- Riesgo, el desabastecimiento de medicamentos, el fin de la obligatoriedad del uso de las mascarillas en centros sanitarios, farmacias y residencias y diversas noticias sobre consejo farmac\u00e9utico. &nbsp;<\/p>\n\n\n\n<h3 class=\"wp-block-heading\"><strong>Actividad digital del COFB<\/strong><\/h3>\n\n\n\n<p>En referencia al<strong>actividad digital del COFB<\/strong>, Casas destac\u00f3 el hecho de que <strong>la comunidad del Colegio en las redes sociales<\/strong> (Instagram, Twitter, Facebook y LinkedIn) <strong>ha crecido un 6,49%<\/strong> con <strong>m\u00e1s de 13.800 seguidores<\/strong>; y, respecto a la actividad de la <strong>web institucional<\/strong> (<a href=\"http:\/\/www.cofb.org\/es\/\" target=\"_blank\" rel=\"noreferrer noopener\">www.cofb.org<\/a>), hizo valer que ha contado con <strong>1.060.000 p\u00e1ginas visualizadas<\/strong>.<\/p>\n\n\n\n<p>Por \u00faltimo, present\u00f3 el <strong>calendario de los contenidos digitales<\/strong> del <strong>primer semestre de 2024 <\/strong>con los <strong>d\u00edas mundiales y los consejos de salud<\/strong>. El objetivo de estos materiales es que los farmac\u00e9uticos y farmac\u00e9uticas dispongan de <strong>contenidos gr\u00e1ficos para compartir en las redes sociales <\/strong>por <strong>conmemorar e informar<\/strong> determinadas <strong>fechas se\u00f1aladas.<\/strong><\/p>\n\n\n\n<p><\/div><\/p>\n\n\n\n<p><\/p>\n\n\n\n<p><strong>Otras publicaciones de inter\u00e9s:<\/strong><\/p>\n\n\n\n<ul class=\"wp-block-list\"><li><a href=\"https:\/\/blog.cofb.cat\/blog\/2023\/06\/20\/junta-general-ordinaria-aprovada-per-unanimitat-la-liquidacio-del-pressupost-de-2022\/\" target=\"_blank\" rel=\"noreferrer noopener\">Junta General Ordinaria: Aprobada por unanimidad la liquidaci\u00f3n del presupuesto de 2022 (Junio 2023)<\/a><\/li><li><a href=\"https:\/\/blog.cofb.cat\/blog\/2022\/12\/20\/junta-general-ordinaria-aprovada-per-unanimitat-la-proposta-de-pressupostos-per-al-2023\" target=\"_blank\" rel=\"noreferrer noopener\">Junta General Ordinaria: Aprobada por unanimidad la propuesta de presupuestos para 2023 (Diciembre 2022)<\/a><\/li><li><a href=\"https:\/\/blog.cofb.cat\/blog\/2022\/06\/21\/junta-general-ordinaria-aprovada-per-unanimitat-la-liquidacio-del-pressupost-de-2021\/\" target=\"_blank\" rel=\"noreferrer noopener\">Junta General Ordinaria: Aprobada por unanimidad la liquidaci\u00f3n del presupuesto de 2021 (Junio 2022)<\/a><\/li><\/ul>\n\n\n\n<p><\/p>","protected":false},"excerpt":{"rendered":"<p>El pasado lunes ,18 de diciembre, tuvo lugar en el Colegio de Farmac\u00e9uticos de Barcelona (COFB) la Junta General Ordinaria, en la que se aprobaron por unanimidad la propuesta de presupuesto para 2024. En la Junta Ordinaria, que se pudo seguir en formato presencial y en formato [\u2026]<\/p>","protected":false},"author":1,"featured_media":78531,"comment_status":"open","ping_status":"open","sticky":false,"template":"","format":"standard","meta":{"_uag_custom_page_level_css":"","site-sidebar-layout":"default","site-content-layout":"","ast-site-content-layout":"default","site-content-style":"default","site-sidebar-style":"default","ast-global-header-display":"","ast-banner-title-visibility":"","ast-main-header-display":"","ast-hfb-above-header-display":"","ast-hfb-below-header-display":"","ast-hfb-mobile-header-display":"","site-post-title":"","ast-breadcrumbs-content":"","ast-featured-img":"disabled","footer-sml-layout":"","theme-transparent-header-meta":"","adv-header-id-meta":"","stick-header-meta":"","header-above-stick-meta":"","header-main-stick-meta":"","header-below-stick-meta":"","astra-migrate-meta-layouts":"set","ast-page-background-enabled":"default","ast-page-background-meta":{"desktop":{"background-color":"var(--ast-global-color-4)","background-image":"","background-repeat":"repeat","background-position":"center center","background-size":"auto","background-attachment":"scroll","background-type":"","background-media":"","overlay-type":"","overlay-color":"","overlay-opacity":"","overlay-gradient":""},"tablet":{"background-color":"","background-image":"","background-repeat":"repeat","background-position":"center center","background-size":"auto","background-attachment":"scroll","background-type":"","background-media":"","overlay-type":"","overlay-color":"","overlay-opacity":"","overlay-gradient":""},"mobile":{"background-color":"","background-image":"","background-repeat":"repeat","background-position":"center center","background-size":"auto","background-attachment":"scroll","background-type":"","background-media":"","overlay-type":"","overlay-color":"","overlay-opacity":"","overlay-gradient":""}},"ast-content-background-meta":{"desktop":{"background-color":"var(--ast-global-color-5)","background-image":"","background-repeat":"repeat","background-position":"center center","background-size":"auto","background-attachment":"scroll","background-type":"","background-media":"","overlay-type":"","overlay-color":"","overlay-opacity":"","overlay-gradient":""},"tablet":{"background-color":"var(--ast-global-color-5)","background-image":"","background-repeat":"repeat","background-position":"center center","background-size":"auto","background-attachment":"scroll","background-type":"","background-media":"","overlay-type":"","overlay-color":"","overlay-opacity":"","overlay-gradient":""},"mobile":{"background-color":"var(--ast-global-color-5)","background-image":"","background-repeat":"repeat","background-position":"center center","background-size":"auto","background-attachment":"scroll","background-type":"","background-media":"","overlay-type":"","overlay-color":"","overlay-opacity":"","overlay-gradient":""}},"footnotes":""},"categories":[23,57],"tags":[4849,4850,18,356,19,692,553,4851,53,413,415,416,247,419,420,4407,421,4852,906,3109,2609,1027,4853],"class_list":["post-68107","post","type-post","status-publish","format-standard","has-post-thumbnail","hentry","category-destacats","category-mon-collegial","tag-4849","tag-activitat-digital","tag-cofb","tag-collegi","tag-collegi-de-farmaceutics-de-barcelona","tag-collegiats","tag-comunicacio","tag-eficiencia","tag-farmaceutics","tag-informe-de-presidencia","tag-informe-de-tresoreria","tag-jgo","tag-jordi-casas","tag-junta-general","tag-junta-general-ordinaria","tag-miquel-recasens","tag-pressupostos","tag-prestacio-farmaceutica","tag-professio-farmaceutica","tag-professionals-farmaceutics","tag-projectes-professionals","tag-proposta-de-pressupostos","tag-sostenibilitat-economica"],"yoast_head":"<!-- This site is optimized with the Yoast SEO plugin v22.4 - https:\/\/yoast.com\/wordpress\/plugins\/seo\/ -->\n<title>Junta General Ordin\u00e0ria: Aprovada per unanimitat la proposta de pressupost per al 2024 - Col\u00b7legi de Farmac\u00e8utics de Barcelona<\/title>\n<meta name=\"description\" content=\"El 18 de desembre va tenir lloc la Junta General Ordin\u00e0ria, en qu\u00e8 es van aprovar per unanimitat la proposta de pressupost per al 2024.\" \/>\n<meta name=\"robots\" content=\"index, follow, max-snippet:-1, max-image-preview:large, max-video-preview:-1\" \/>\n<link rel=\"canonical\" href=\"https:\/\/www.cofb.org\/es\/2023\/12\/19\/junta-general-ordinaria-aprovada-per-unanimitat-la-proposta-de-pressupost-per-al-2024\/\" \/>\n<meta property=\"og:locale\" content=\"es_ES\" \/>\n<meta property=\"og:type\" content=\"article\" \/>\n<meta property=\"og:title\" content=\"Junta General Ordin\u00e0ria: Aprovada per unanimitat la proposta de pressupost per al 2024 - Col\u00b7legi de Farmac\u00e8utics de Barcelona\" \/>\n<meta property=\"og:description\" content=\"El 18 de desembre va tenir lloc la Junta General Ordin\u00e0ria, en qu\u00e8 es van aprovar per unanimitat la proposta de pressupost per al 2024.\" \/>\n<meta property=\"og:url\" content=\"https:\/\/www.cofb.org\/es\/2023\/12\/19\/junta-general-ordinaria-aprovada-per-unanimitat-la-proposta-de-pressupost-per-al-2024\/\" \/>\n<meta property=\"og:site_name\" content=\"Col\u00b7legi de Farmac\u00e8utics de Barcelona\" \/>\n<meta property=\"article:publisher\" content=\"https:\/\/www.facebook.com\/farmaceuticsbcn\/\" \/>\n<meta property=\"article:published_time\" content=\"2023-12-19T17:47:00+00:00\" \/>\n<meta property=\"article:modified_time\" content=\"2024-06-28T10:54:18+00:00\" \/>\n<meta property=\"og:image\" content=\"https:\/\/www.cofb.org\/wp-content\/uploads\/2023\/12\/COFB_JUNTA-GENERAL-ORDINARIA_19122023_1-1024x683-1.jpg\" \/>\n\t<meta property=\"og:image:width\" content=\"1024\" \/>\n\t<meta property=\"og:image:height\" content=\"683\" \/>\n\t<meta property=\"og:image:type\" content=\"image\/jpeg\" \/>\n<meta name=\"author\" content=\"wpAdminCofbOrg\" \/>\n<meta name=\"twitter:card\" content=\"summary_large_image\" \/>\n<meta name=\"twitter:creator\" content=\"@farmaceuticsbcn\" \/>\n<meta name=\"twitter:site\" content=\"@farmaceuticsbcn\" \/>\n<meta name=\"twitter:label1\" content=\"Escrito por\" \/>\n\t<meta name=\"twitter:data1\" content=\"wpAdminCofbOrg\" \/>\n\t<meta name=\"twitter:label2\" content=\"Tiempo de lectura\" \/>\n\t<meta name=\"twitter:data2\" content=\"11 minutos\" \/>\n<script type=\"application\/ld+json\" class=\"yoast-schema-graph\">{\"@context\":\"https:\/\/schema.org\",\"@graph\":[{\"@type\":\"Article\",\"@id\":\"https:\/\/www.cofb.org\/2023\/12\/19\/junta-general-ordinaria-aprovada-per-unanimitat-la-proposta-de-pressupost-per-al-2024\/#article\",\"isPartOf\":{\"@id\":\"https:\/\/www.cofb.org\/2023\/12\/19\/junta-general-ordinaria-aprovada-per-unanimitat-la-proposta-de-pressupost-per-al-2024\/\"},\"author\":{\"name\":\"wpAdminCofbOrg\",\"@id\":\"https:\/\/www.cofb.org\/#\/schema\/person\/22ed7eea88da74b0fa4d3154ad87ffcb\"},\"headline\":\"Junta General Ordin\u00e0ria: Aprovada per unanimitat la proposta de pressupost per al 2024\",\"datePublished\":\"2023-12-19T17:47:00+00:00\",\"dateModified\":\"2024-06-28T10:54:18+00:00\",\"mainEntityOfPage\":{\"@id\":\"https:\/\/www.cofb.org\/2023\/12\/19\/junta-general-ordinaria-aprovada-per-unanimitat-la-proposta-de-pressupost-per-al-2024\/\"},\"wordCount\":1955,\"commentCount\":0,\"publisher\":{\"@id\":\"https:\/\/www.cofb.org\/#organization\"},\"image\":{\"@id\":\"https:\/\/www.cofb.org\/2023\/12\/19\/junta-general-ordinaria-aprovada-per-unanimitat-la-proposta-de-pressupost-per-al-2024\/#primaryimage\"},\"thumbnailUrl\":\"https:\/\/www.cofb.org\/wp-content\/uploads\/2023\/12\/COFB_JUNTA-GENERAL-ORDINARIA_19122023_1-1024x683-1.jpg\",\"keywords\":[\"2024\",\"activitat digital\",\"COFB\",\"Col\u00b7legi\",\"Col\u00b7legi de Farmac\u00e8utics de Barcelona\",\"col\u00b7legiats\",\"comunicaci\u00f3\",\"efici\u00e8ncia\",\"farmac\u00e8utics\",\"informe de presid\u00e8ncia\",\"informe de tresoreria\",\"JGO\",\"Jordi Casas\",\"Junta General\",\"Junta General Ordin\u00e0ria\",\"Miquel Recasens\",\"pressupostos\",\"prestaci\u00f3 farmac\u00e8utica\",\"professi\u00f3 farmac\u00e8utica\",\"professionals farmac\u00e8utics\",\"projectes professionals\",\"proposta de pressupostos\",\"sostenibilitat econ\u00f2mica\"],\"articleSection\":[\"Destacats\",\"M\u00f3n col\u00b7legial\"],\"inLanguage\":\"es\",\"potentialAction\":[{\"@type\":\"CommentAction\",\"name\":\"Comment\",\"target\":[\"https:\/\/www.cofb.org\/2023\/12\/19\/junta-general-ordinaria-aprovada-per-unanimitat-la-proposta-de-pressupost-per-al-2024\/#respond\"]}]},{\"@type\":\"WebPage\",\"@id\":\"https:\/\/www.cofb.org\/2023\/12\/19\/junta-general-ordinaria-aprovada-per-unanimitat-la-proposta-de-pressupost-per-al-2024\/\",\"url\":\"https:\/\/www.cofb.org\/2023\/12\/19\/junta-general-ordinaria-aprovada-per-unanimitat-la-proposta-de-pressupost-per-al-2024\/\",\"name\":\"Junta General Ordin\u00e0ria: Aprovada per unanimitat la proposta de pressupost per al 2024 - Col\u00b7legi de Farmac\u00e8utics de Barcelona\",\"isPartOf\":{\"@id\":\"https:\/\/www.cofb.org\/#website\"},\"primaryImageOfPage\":{\"@id\":\"https:\/\/www.cofb.org\/2023\/12\/19\/junta-general-ordinaria-aprovada-per-unanimitat-la-proposta-de-pressupost-per-al-2024\/#primaryimage\"},\"image\":{\"@id\":\"https:\/\/www.cofb.org\/2023\/12\/19\/junta-general-ordinaria-aprovada-per-unanimitat-la-proposta-de-pressupost-per-al-2024\/#primaryimage\"},\"thumbnailUrl\":\"https:\/\/www.cofb.org\/wp-content\/uploads\/2023\/12\/COFB_JUNTA-GENERAL-ORDINARIA_19122023_1-1024x683-1.jpg\",\"datePublished\":\"2023-12-19T17:47:00+00:00\",\"dateModified\":\"2024-06-28T10:54:18+00:00\",\"description\":\"El 18 de desembre va tenir lloc la Junta General Ordin\u00e0ria, en qu\u00e8 es van aprovar per unanimitat la proposta de pressupost per al 2024.\",\"breadcrumb\":{\"@id\":\"https:\/\/www.cofb.org\/2023\/12\/19\/junta-general-ordinaria-aprovada-per-unanimitat-la-proposta-de-pressupost-per-al-2024\/#breadcrumb\"},\"inLanguage\":\"es\",\"potentialAction\":[{\"@type\":\"ReadAction\",\"target\":[\"https:\/\/www.cofb.org\/2023\/12\/19\/junta-general-ordinaria-aprovada-per-unanimitat-la-proposta-de-pressupost-per-al-2024\/\"]}]},{\"@type\":\"ImageObject\",\"inLanguage\":\"es\",\"@id\":\"https:\/\/www.cofb.org\/2023\/12\/19\/junta-general-ordinaria-aprovada-per-unanimitat-la-proposta-de-pressupost-per-al-2024\/#primaryimage\",\"url\":\"https:\/\/www.cofb.org\/wp-content\/uploads\/2023\/12\/COFB_JUNTA-GENERAL-ORDINARIA_19122023_1-1024x683-1.jpg\",\"contentUrl\":\"https:\/\/www.cofb.org\/wp-content\/uploads\/2023\/12\/COFB_JUNTA-GENERAL-ORDINARIA_19122023_1-1024x683-1.jpg\",\"width\":1024,\"height\":683},{\"@type\":\"BreadcrumbList\",\"@id\":\"https:\/\/www.cofb.org\/2023\/12\/19\/junta-general-ordinaria-aprovada-per-unanimitat-la-proposta-de-pressupost-per-al-2024\/#breadcrumb\",\"itemListElement\":[{\"@type\":\"ListItem\",\"position\":1,\"name\":\"Inici\",\"item\":\"https:\/\/novaorg.cofb.net\/\"},{\"@type\":\"ListItem\",\"position\":2,\"name\":\"Junta General Ordin\u00e0ria: Aprovada per unanimitat la proposta de pressupost per al 2024\"}]},{\"@type\":\"WebSite\",\"@id\":\"https:\/\/www.cofb.org\/#website\",\"url\":\"https:\/\/www.cofb.org\/\",\"name\":\"Col\u00b7legi de Farmac\u00e8utics de Barcelona\",\"description\":\"\",\"publisher\":{\"@id\":\"https:\/\/www.cofb.org\/#organization\"},\"potentialAction\":[{\"@type\":\"SearchAction\",\"target\":{\"@type\":\"EntryPoint\",\"urlTemplate\":\"https:\/\/www.cofb.org\/?s={search_term_string}\"},\"query-input\":\"required name=search_term_string\"}],\"inLanguage\":\"es\"},{\"@type\":\"Organization\",\"@id\":\"https:\/\/www.cofb.org\/#organization\",\"name\":\"Col\u00b7legi de Farmac\u00e8utics de Barcelona\",\"url\":\"https:\/\/www.cofb.org\/\",\"logo\":{\"@type\":\"ImageObject\",\"inLanguage\":\"es\",\"@id\":\"https:\/\/www.cofb.org\/#\/schema\/logo\/image\/\",\"url\":\"https:\/\/www.cofb.org\/wp-content\/uploads\/2023\/11\/cropped-Logotip-COFB.png\",\"contentUrl\":\"https:\/\/www.cofb.org\/wp-content\/uploads\/2023\/11\/cropped-Logotip-COFB.png\",\"width\":500,\"height\":105,\"caption\":\"Col\u00b7legi de Farmac\u00e8utics de Barcelona\"},\"image\":{\"@id\":\"https:\/\/www.cofb.org\/#\/schema\/logo\/image\/\"},\"sameAs\":[\"https:\/\/www.facebook.com\/farmaceuticsbcn\/\",\"https:\/\/twitter.com\/farmaceuticsbcn\",\"https:\/\/www.instagram.com\/farmaceuticsbcn\/\",\"https:\/\/www.linkedin.com\/company\/farmaceuticsbcn\/\"]},{\"@type\":\"Person\",\"@id\":\"https:\/\/www.cofb.org\/#\/schema\/person\/22ed7eea88da74b0fa4d3154ad87ffcb\",\"name\":\"wpAdminCofbOrg\",\"image\":{\"@type\":\"ImageObject\",\"inLanguage\":\"es\",\"@id\":\"https:\/\/www.cofb.org\/#\/schema\/person\/image\/\",\"url\":\"https:\/\/secure.gravatar.com\/avatar\/1721b20b3b8ca882c3b56ec6c978c594fff670e40c0718e9190eaeeb76aae7d8?s=96&d=mm&r=g\",\"contentUrl\":\"https:\/\/secure.gravatar.com\/avatar\/1721b20b3b8ca882c3b56ec6c978c594fff670e40c0718e9190eaeeb76aae7d8?s=96&d=mm&r=g\",\"caption\":\"wpAdminCofbOrg\"},\"sameAs\":[\"http:\/\/192.168.64.122\/wordpress\"],\"url\":\"https:\/\/www.cofb.org\/es\/author\/wpadmincofborg\/\"}]}<\/script>\n<!-- \/ Yoast SEO plugin. -->","yoast_head_json":{"title":"Junta General Ordin\u00e0ria: Aprovada per unanimitat la proposta de pressupost per al 2024 - Col\u00b7legi de Farmac\u00e8utics de Barcelona","description":"El 18 de desembre va tenir lloc la Junta General Ordin\u00e0ria, en qu\u00e8 es van aprovar per unanimitat la proposta de pressupost per al 2024.","robots":{"index":"index","follow":"follow","max-snippet":"max-snippet:-1","max-image-preview":"max-image-preview:large","max-video-preview":"max-video-preview:-1"},"canonical":"https:\/\/www.cofb.org\/es\/2023\/12\/19\/junta-general-ordinaria-aprovada-per-unanimitat-la-proposta-de-pressupost-per-al-2024\/","og_locale":"es_ES","og_type":"article","og_title":"Junta General Ordin\u00e0ria: Aprovada per unanimitat la proposta de pressupost per al 2024 - Col\u00b7legi de Farmac\u00e8utics de Barcelona","og_description":"El 18 de desembre va tenir lloc la Junta General Ordin\u00e0ria, en qu\u00e8 es van aprovar per unanimitat la proposta de pressupost per al 2024.","og_url":"https:\/\/www.cofb.org\/es\/2023\/12\/19\/junta-general-ordinaria-aprovada-per-unanimitat-la-proposta-de-pressupost-per-al-2024\/","og_site_name":"Col\u00b7legi de Farmac\u00e8utics de Barcelona","article_publisher":"https:\/\/www.facebook.com\/farmaceuticsbcn\/","article_published_time":"2023-12-19T17:47:00+00:00","article_modified_time":"2024-06-28T10:54:18+00:00","og_image":[{"width":1024,"height":683,"url":"https:\/\/www.cofb.org\/wp-content\/uploads\/2023\/12\/COFB_JUNTA-GENERAL-ORDINARIA_19122023_1-1024x683-1.jpg","type":"image\/jpeg"}],"author":"wpAdminCofbOrg","twitter_card":"summary_large_image","twitter_creator":"@farmaceuticsbcn","twitter_site":"@farmaceuticsbcn","twitter_misc":{"Escrito por":"wpAdminCofbOrg","Tiempo de lectura":"11 minutos"},"schema":{"@context":"https:\/\/schema.org","@graph":[{"@type":"Article","@id":"https:\/\/www.cofb.org\/2023\/12\/19\/junta-general-ordinaria-aprovada-per-unanimitat-la-proposta-de-pressupost-per-al-2024\/#article","isPartOf":{"@id":"https:\/\/www.cofb.org\/2023\/12\/19\/junta-general-ordinaria-aprovada-per-unanimitat-la-proposta-de-pressupost-per-al-2024\/"},"author":{"name":"wpAdminCofbOrg","@id":"https:\/\/www.cofb.org\/#\/schema\/person\/22ed7eea88da74b0fa4d3154ad87ffcb"},"headline":"Junta General Ordin\u00e0ria: Aprovada per unanimitat la proposta de pressupost per al 2024","datePublished":"2023-12-19T17:47:00+00:00","dateModified":"2024-06-28T10:54:18+00:00","mainEntityOfPage":{"@id":"https:\/\/www.cofb.org\/2023\/12\/19\/junta-general-ordinaria-aprovada-per-unanimitat-la-proposta-de-pressupost-per-al-2024\/"},"wordCount":1955,"commentCount":0,"publisher":{"@id":"https:\/\/www.cofb.org\/#organization"},"image":{"@id":"https:\/\/www.cofb.org\/2023\/12\/19\/junta-general-ordinaria-aprovada-per-unanimitat-la-proposta-de-pressupost-per-al-2024\/#primaryimage"},"thumbnailUrl":"https:\/\/www.cofb.org\/wp-content\/uploads\/2023\/12\/COFB_JUNTA-GENERAL-ORDINARIA_19122023_1-1024x683-1.jpg","keywords":["2024","activitat digital","COFB","Col\u00b7legi","Col\u00b7legi de Farmac\u00e8utics de Barcelona","col\u00b7legiats","comunicaci\u00f3","efici\u00e8ncia","farmac\u00e8utics","informe de presid\u00e8ncia","informe de tresoreria","JGO","Jordi Casas","Junta General","Junta General Ordin\u00e0ria","Miquel Recasens","pressupostos","prestaci\u00f3 farmac\u00e8utica","professi\u00f3 farmac\u00e8utica","professionals farmac\u00e8utics","projectes professionals","proposta de pressupostos","sostenibilitat econ\u00f2mica"],"articleSection":["Destacats","M\u00f3n col\u00b7legial"],"inLanguage":"es","potentialAction":[{"@type":"CommentAction","name":"Comment","target":["https:\/\/www.cofb.org\/2023\/12\/19\/junta-general-ordinaria-aprovada-per-unanimitat-la-proposta-de-pressupost-per-al-2024\/#respond"]}]},{"@type":"WebPage","@id":"https:\/\/www.cofb.org\/2023\/12\/19\/junta-general-ordinaria-aprovada-per-unanimitat-la-proposta-de-pressupost-per-al-2024\/","url":"https:\/\/www.cofb.org\/2023\/12\/19\/junta-general-ordinaria-aprovada-per-unanimitat-la-proposta-de-pressupost-per-al-2024\/","name":"Junta General Ordin\u00e0ria: Aprovada per unanimitat la proposta de pressupost per al 2024 - Col\u00b7legi de Farmac\u00e8utics de Barcelona","isPartOf":{"@id":"https:\/\/www.cofb.org\/#website"},"primaryImageOfPage":{"@id":"https:\/\/www.cofb.org\/2023\/12\/19\/junta-general-ordinaria-aprovada-per-unanimitat-la-proposta-de-pressupost-per-al-2024\/#primaryimage"},"image":{"@id":"https:\/\/www.cofb.org\/2023\/12\/19\/junta-general-ordinaria-aprovada-per-unanimitat-la-proposta-de-pressupost-per-al-2024\/#primaryimage"},"thumbnailUrl":"https:\/\/www.cofb.org\/wp-content\/uploads\/2023\/12\/COFB_JUNTA-GENERAL-ORDINARIA_19122023_1-1024x683-1.jpg","datePublished":"2023-12-19T17:47:00+00:00","dateModified":"2024-06-28T10:54:18+00:00","description":"El 18 de desembre va tenir lloc la Junta General Ordin\u00e0ria, en qu\u00e8 es van aprovar per unanimitat la proposta de pressupost per al 2024.","breadcrumb":{"@id":"https:\/\/www.cofb.org\/2023\/12\/19\/junta-general-ordinaria-aprovada-per-unanimitat-la-proposta-de-pressupost-per-al-2024\/#breadcrumb"},"inLanguage":"es","potentialAction":[{"@type":"ReadAction","target":["https:\/\/www.cofb.org\/2023\/12\/19\/junta-general-ordinaria-aprovada-per-unanimitat-la-proposta-de-pressupost-per-al-2024\/"]}]},{"@type":"ImageObject","inLanguage":"es","@id":"https:\/\/www.cofb.org\/2023\/12\/19\/junta-general-ordinaria-aprovada-per-unanimitat-la-proposta-de-pressupost-per-al-2024\/#primaryimage","url":"https:\/\/www.cofb.org\/wp-content\/uploads\/2023\/12\/COFB_JUNTA-GENERAL-ORDINARIA_19122023_1-1024x683-1.jpg","contentUrl":"https:\/\/www.cofb.org\/wp-content\/uploads\/2023\/12\/COFB_JUNTA-GENERAL-ORDINARIA_19122023_1-1024x683-1.jpg","width":1024,"height":683},{"@type":"BreadcrumbList","@id":"https:\/\/www.cofb.org\/2023\/12\/19\/junta-general-ordinaria-aprovada-per-unanimitat-la-proposta-de-pressupost-per-al-2024\/#breadcrumb","itemListElement":[{"@type":"ListItem","position":1,"name":"Inici","item":"https:\/\/novaorg.cofb.net\/"},{"@type":"ListItem","position":2,"name":"Junta General Ordin\u00e0ria: Aprovada per unanimitat la proposta de pressupost per al 2024"}]},{"@type":"WebSite","@id":"https:\/\/www.cofb.org\/#website","url":"https:\/\/www.cofb.org\/","name":"Col\u00b7legi de Farmac\u00e8utics de Barcelona","description":"","publisher":{"@id":"https:\/\/www.cofb.org\/#organization"},"potentialAction":[{"@type":"SearchAction","target":{"@type":"EntryPoint","urlTemplate":"https:\/\/www.cofb.org\/?s={search_term_string}"},"query-input":"required name=search_term_string"}],"inLanguage":"es"},{"@type":"Organization","@id":"https:\/\/www.cofb.org\/#organization","name":"Col\u00b7legi de Farmac\u00e8utics de Barcelona","url":"https:\/\/www.cofb.org\/","logo":{"@type":"ImageObject","inLanguage":"es","@id":"https:\/\/www.cofb.org\/#\/schema\/logo\/image\/","url":"https:\/\/www.cofb.org\/wp-content\/uploads\/2023\/11\/cropped-Logotip-COFB.png","contentUrl":"https:\/\/www.cofb.org\/wp-content\/uploads\/2023\/11\/cropped-Logotip-COFB.png","width":500,"height":105,"caption":"Col\u00b7legi de Farmac\u00e8utics de Barcelona"},"image":{"@id":"https:\/\/www.cofb.org\/#\/schema\/logo\/image\/"},"sameAs":["https:\/\/www.facebook.com\/farmaceuticsbcn\/","https:\/\/twitter.com\/farmaceuticsbcn","https:\/\/www.instagram.com\/farmaceuticsbcn\/","https:\/\/www.linkedin.com\/company\/farmaceuticsbcn\/"]},{"@type":"Person","@id":"https:\/\/www.cofb.org\/#\/schema\/person\/22ed7eea88da74b0fa4d3154ad87ffcb","name":"wpAdminCofbOrg","image":{"@type":"ImageObject","inLanguage":"es","@id":"https:\/\/www.cofb.org\/#\/schema\/person\/image\/","url":"https:\/\/secure.gravatar.com\/avatar\/1721b20b3b8ca882c3b56ec6c978c594fff670e40c0718e9190eaeeb76aae7d8?s=96&d=mm&r=g","contentUrl":"https:\/\/secure.gravatar.com\/avatar\/1721b20b3b8ca882c3b56ec6c978c594fff670e40c0718e9190eaeeb76aae7d8?s=96&d=mm&r=g","caption":"wpAdminCofbOrg"},"sameAs":["http:\/\/192.168.64.122\/wordpress"],"url":"https:\/\/www.cofb.org\/es\/author\/wpadmincofborg\/"}]}},"uagb_featured_image_src":{"full":["https:\/\/www.cofb.org\/wp-content\/uploads\/2023\/12\/COFB_JUNTA-GENERAL-ORDINARIA_19122023_1-1024x683-1.jpg",1024,683,false],"thumbnail":["https:\/\/www.cofb.org\/wp-content\/uploads\/2023\/12\/COFB_JUNTA-GENERAL-ORDINARIA_19122023_1-1024x683-1-150x150.jpg",150,150,true],"medium":["https:\/\/www.cofb.org\/wp-content\/uploads\/2023\/12\/COFB_JUNTA-GENERAL-ORDINARIA_19122023_1-1024x683-1-300x200.jpg",300,200,true],"medium_large":["https:\/\/www.cofb.org\/wp-content\/uploads\/2023\/12\/COFB_JUNTA-GENERAL-ORDINARIA_19122023_1-1024x683-1-768x512.jpg",768,512,true],"large":["https:\/\/www.cofb.org\/wp-content\/uploads\/2023\/12\/COFB_JUNTA-GENERAL-ORDINARIA_19122023_1-1024x683-1.jpg",1024,683,false],"1536x1536":["https:\/\/www.cofb.org\/wp-content\/uploads\/2023\/12\/COFB_JUNTA-GENERAL-ORDINARIA_19122023_1-1024x683-1.jpg",1024,683,false],"2048x2048":["https:\/\/www.cofb.org\/wp-content\/uploads\/2023\/12\/COFB_JUNTA-GENERAL-ORDINARIA_19122023_1-1024x683-1.jpg",1024,683,false],"trp-custom-language-flag":["https:\/\/www.cofb.org\/wp-content\/uploads\/2023\/12\/COFB_JUNTA-GENERAL-ORDINARIA_19122023_1-1024x683-1-18x12.jpg",18,12,true]},"uagb_author_info":{"display_name":"wpAdminCofbOrg","author_link":"https:\/\/www.cofb.org\/es\/author\/wpadmincofborg\/"},"uagb_comment_info":0,"uagb_excerpt":"El passat dilluns ,18 de desembre, va tenir lloc en el Col\u00b7legi de Farmac\u00e8utics de Barcelona (COFB) la Junta General Ordin\u00e0ria, en qu\u00e8 es van aprovar per unanimitat la proposta de pressupost per al 2024. En la Junta Ordin\u00e0ria, que es va poder seguir en format presencial i en format [&hellip;]","_links":{"self":[{"href":"https:\/\/www.cofb.org\/es\/wp-json\/wp\/v2\/posts\/68107","targetHints":{"allow":["GET"]}}],"collection":[{"href":"https:\/\/www.cofb.org\/es\/wp-json\/wp\/v2\/posts"}],"about":[{"href":"https:\/\/www.cofb.org\/es\/wp-json\/wp\/v2\/types\/post"}],"author":[{"embeddable":true,"href":"https:\/\/www.cofb.org\/es\/wp-json\/wp\/v2\/users\/1"}],"replies":[{"embeddable":true,"href":"https:\/\/www.cofb.org\/es\/wp-json\/wp\/v2\/comments?post=68107"}],"version-history":[{"count":1,"href":"https:\/\/www.cofb.org\/es\/wp-json\/wp\/v2\/posts\/68107\/revisions"}],"predecessor-version":[{"id":78532,"href":"https:\/\/www.cofb.org\/es\/wp-json\/wp\/v2\/posts\/68107\/revisions\/78532"}],"wp:featuredmedia":[{"embeddable":true,"href":"https:\/\/www.cofb.org\/es\/wp-json\/wp\/v2\/media\/78531"}],"wp:attachment":[{"href":"https:\/\/www.cofb.org\/es\/wp-json\/wp\/v2\/media?parent=68107"}],"wp:term":[{"taxonomy":"category","embeddable":true,"href":"https:\/\/www.cofb.org\/es\/wp-json\/wp\/v2\/categories?post=68107"},{"taxonomy":"post_tag","embeddable":true,"href":"https:\/\/www.cofb.org\/es\/wp-json\/wp\/v2\/tags?post=68107"}],"curies":[{"name":"wp","href":"https:\/\/api.w.org\/{rel}","templated":true}]}}