{"id":67142,"date":"2023-06-19T11:41:00","date_gmt":"2023-06-19T09:41:00","guid":{"rendered":"https:\/\/blog.cofb.cat\/?p=67142"},"modified":"2023-10-06T11:18:52","modified_gmt":"2023-10-06T11:18:52","slug":"tot-el-que-cal-saber-sobre-la-compravenda-duna-farmacia-sessio-informativa-al-cofb","status":"publish","type":"post","link":"https:\/\/www.cofb.org\/es\/2023\/06\/19\/tot-el-que-cal-saber-sobre-la-compravenda-duna-farmacia-sessio-informativa-al-cofb\/","title":{"rendered":"Todo lo que hace falta saber sobre la compraventa de una farmacia. Sesi\u00f3n informativa en el COFB"},"content":{"rendered":"<p>El pasado 1 de junio, el <strong>Col\u00b7legi de Farmac\u00e8utics de Barcelona (COFB)<\/strong> organiz\u00f3 la conferencia \u201c<strong>Puntos clave a valorar a la hora de comprar o vender una farmacia<\/strong>\u201d, con el patrocinio de <a rel=\"noreferrer noopener\" href=\"https:\/\/www.cofbserveis.net\/\" target=\"_blank\"><strong>COFBServicios<\/strong><\/a>. La sesi\u00f3n informativa corri\u00f3 a cargo de los <strong>abogados de COFBServicios especialistas en las transmisiones de farmacia<\/strong>: <strong>Alejandro Ebrat<\/strong>, abogado y presidente de la Secci\u00f3n de Derecho Financiero y Tributario del Ilustre Colegio de Abogados de Barcelona y vicepresidente de la Asociaci\u00f3n Catalana de Especialistas en Derechos de Sucesiones; <strong>Pedro Salom<\/strong>, abogado, profesor en la Universidad Aut\u00f3noma de Barcelona (UAB) y asociado del despacho ML Associats; y <strong>Maria Santom\u00e1, <\/strong>abogada de Investa y experta en la gesti\u00f3n laboral de empresas de perfiles variantes. La charla fue moderada por <strong>Agust\u00ed Ortega<\/strong>, gerente de COFBServeis. <\/p>\n\n\n\n<figure class=\"wp-block-image size-full\"><a href=\"https:\/\/www.cofb.org\/wp-content\/uploads\/2023\/10\/blog-2.jpg\" target=\"_blank\" rel=\"noopener\"><img fetchpriority=\"high\" decoding=\"async\" width=\"1024\" height=\"540\" src=\"https:\/\/www.cofb.org\/wp-content\/uploads\/2023\/10\/blog-2.jpg\" alt=\"\" class=\"wp-image-68922\" title=\"M\u00e1s de 100 personas asistieron a la conferencia sobre la compraventa de una farmacia comunitaria.\" srcset=\"https:\/\/www.cofb.org\/wp-content\/uploads\/2023\/10\/blog-2.jpg 1024w, https:\/\/www.cofb.org\/wp-content\/uploads\/2023\/10\/blog-2-300x158.jpg 300w, https:\/\/www.cofb.org\/wp-content\/uploads\/2023\/10\/blog-2-768x405.jpg 768w, https:\/\/www.cofb.org\/wp-content\/uploads\/2023\/10\/blog-2-18x9.jpg 18w\" sizes=\"(max-width: 1024px) 100vw, 1024px\" \/><\/a><figcaption class=\"wp-element-caption\">De izquierda a derecha: Agust\u00ed Ortega, Alejandro Ebrat, Pedro Salom y Maria Santom\u00e1.<\/figcaption><\/figure>\n\n\n\n<p>Los <strong>objetivos<\/strong> de la formaci\u00f3n fueron conocer los <strong>requerimientos jur\u00eddicos <\/strong>y los <strong>aspectos pr\u00e1cticos<\/strong> a tener en cuenta antes de <strong>comprar o vender una farmacia<\/strong>.<\/p>\n\n\n\n<h2 class=\"wp-block-heading\"><strong>Puntos clave a valorar en la transmisi\u00f3n de una farmacia<\/strong><\/h2>\n\n\n\n<p>El abogado y presidente de la Secci\u00f3n de Derecho Financiero y Tributario del Colegio de Abogados de Barcelona, <strong>Alejandro Ebrat<\/strong>, comenz\u00f3 la sesi\u00f3n detallando cu\u00e1les son los<strong> puntos claves a valorar para comprar, vender o dar una farmacia<\/strong>. \u201cLa situaci\u00f3n ideal ser\u00eda <strong>tener comprador o vendedor <\/strong>para ahorrarse la comisi\u00f3n de <strong>el intermediario<\/strong>\u201d y, en el caso de necesitar un intermediario, habr\u00e1 que firmar un <strong>contrato<\/strong>. \u201cEsto es muy delicado porque son <strong>contratos que ligan mucho<\/strong>\u201d, se\u00f1al\u00f3 Ebrat. El abogado record\u00f3 qu\u00e9 aspectos deben tenerse en cuenta en cuanto a los <strong>diferentes contratos para transmitir la farmacia<\/strong>: <strong>exclusividad<\/strong>, <strong>arras<\/strong>, <strong>compraventa de la farmacia<\/strong>, <strong>autorizaci\u00f3n administrativa de la farmacia<\/strong> y <strong>documento de reserva<\/strong>.<\/p>\n\n\n\n<figure class=\"wp-block-image size-large\"><a href=\"https:\/\/blog.cofb.cat\/wp-content\/uploads\/2023\/06\/COFB_COFBSERVEIS_30062023_2.jpg\" target=\"_blank\" rel=\"noopener\"><img decoding=\"async\" src=\"https:\/\/blog.cofb.cat\/wp-content\/uploads\/2023\/06\/COFB_COFBSERVEIS_30062023_2-1024x514.jpg\" alt=\"M\u00e9s de 100 persones van assistir a la confer\u00e8ncia sobre la compravenda d\u2019una farm\u00e0cia comunit\u00e0ria.\" class=\"wp-image-67146\" title=\"M\u00e1s de 100 personas asistieron a la conferencia sobre la compraventa de una farmacia comunitaria.\"\/><\/a><figcaption class=\"wp-element-caption\">M\u00e1s de 100 personas asistieron a la conferencia sobre la compraventa de una farmacia comunitaria.<\/figcaption><\/figure>\n\n\n\n<p>El vicepresidente de la Asociaci\u00f3n Catalana de Especialistas en Derechos de Sucesiones tambi\u00e9n numer\u00f3 las <strong>verificaciones previas a la compraventa de la farmacia<\/strong> que debe hacerse: \u201ctener la autorizaci\u00f3n de COFB, la renuncia del derecho de adquisici\u00f3n preferente, comprobar que la farmacia est\u00e9 al corriente de pagos, entre otros\u201d. Tambi\u00e9n coment\u00f3 cu\u00e1l es la <strong>documentaci\u00f3n a valorar previamente a la transmisi\u00f3n<\/strong>, cu\u00e1les son los <strong>impuestos por el comprador y vendedor de la farmacia<\/strong>, los <strong>tr\u00e1mites obligatorios <\/strong>que comportar\u00e1 y los <strong>documentos de inspecci\u00f3n de sanidad<\/strong>. &nbsp;<\/p>\n\n\n\n<h2 class=\"wp-block-heading\"><strong>El local de la oficina de farmacia<\/strong><\/h2>\n\n\n\n<p>Seguidamente, intervino el abogado y asociado del despacho ML Associats, <strong>Pedro Salomo <\/strong>que se centr\u00f3 en el <strong>local de la oficina de farmacia<\/strong>, que \u201cse sustenta en<strong> dos pilares<\/strong>: el<strong>autorizaci\u00f3n administrativa<\/strong> y el <strong>local f\u00edsico donde ejercer la profesi\u00f3n<\/strong>\u201d. \u201cEn una<strong> compraventa de farmacia <\/strong>ser\u00e1 necesario <strong>comprobar<\/strong>, por un lado, la <strong>licencia <\/strong>y, por otra parte, ser\u00e1 necesario <strong>tener un acuerdo con respecto al local f\u00edsico de la farmacia<\/strong>\u201d, indic\u00f3 Salom. <\/p>\n\n\n\n<figure class=\"wp-block-image size-large\"><a href=\"https:\/\/blog.cofb.cat\/wp-content\/uploads\/2023\/06\/COFB_COFBSERVEIS_30062023_3-scaled.jpg\" target=\"_blank\" rel=\"noopener\"><img decoding=\"async\" src=\"https:\/\/blog.cofb.cat\/wp-content\/uploads\/2023\/06\/COFB_COFBSERVEIS_30062023_3-1024x512.jpg\" alt=\"\" class=\"wp-image-67147\"\/><\/a><\/figure>\n\n\n\n<p>El abogado tambi\u00e9n hizo referencia a los <strong>aspectos fundamentales<\/strong> a tener en cuenta en el caso de querer <strong>comprar el local de alquiler<\/strong>, donde est\u00e1 ubicada la farmacia. &quot;La situaci\u00f3n ideal para un farmac\u00e9utico es ser propietario del local, siempre que se pueda&quot;, recomend\u00f3. En el caso de comprar primero la farmacia y despu\u00e9s el local, Salom explic\u00f3 que es importante a\u00f1adir una clausula en el contrato de arrendamiento que indique que, &quot;en un determinado plazo de tiempo, el farmac\u00e9utico pueda comprar la farmacia&quot;. Para cerrar su ponencia, coment\u00f3 cu\u00e1les <strong>aspectos claves habr\u00e1 que negociar con los propietarios del local de la farmacia<\/strong>.<\/p>\n\n\n\n<h2 class=\"wp-block-heading\"><strong>Sucesi\u00f3n de la farmacia<\/strong><\/h2>\n\n\n\n<p>Por \u00faltimo, la experta en la gesti\u00f3n laboral de empresas de perfiles variantes, <strong>Maria Santom\u00e1, <\/strong>habl\u00f3 sobre los <strong>trabajadores en las transmisiones de farmacias<\/strong>, que &quot;es una de las partidas fuertes en la transmisi\u00f3n&quot;. Para enmarcar la transmisi\u00f3n, Santom\u00e0 record\u00f3 que debido a que los trabajadores puedan pasar de un propietario a otro, habr\u00e1 que tener en cuenta una serie de elementos subjetivos, objetivos, una forma clara y una fecha. <\/p>\n\n\n\n<p>La abogada repas\u00f3 <strong>diferentes supuestos de traspaso de una farmacia<\/strong>, por: jubilaci\u00f3n, incapacidad, muerte o compraventa. Por \u00faltimo, Santom\u00e1 hizo menci\u00f3n de las <strong>consecuencias<\/strong>, en el caso de la compraventa, y de los <strong>documentos a solicitar<\/strong> como medida de precauci\u00f3n.<\/p>\n\n\n<div class=\"destacat-blog\">\n\n\n<h2 class=\"wp-block-heading\"><strong>COFBServeis: desde 2012, ofreciendo servicios para la gesti\u00f3n de la farmacia<\/strong><\/h2>\n\n\n\n<p>El gerente de COFBServeis, <strong>Agust\u00ed Ortega<\/strong>, hizo <strong>un repaso de los \u00faltimos a\u00f1os <\/strong>de la empresa de servicios para la gesti\u00f3n de la farmacia, que naci\u00f3 en 2012 con el servicio de <strong>Protecci\u00f3n de Datos Personales<\/strong>, que cuenta con m\u00e1s de <strong>950 farmacias<\/strong>, y con el <strong>de Prevenci\u00f3n de riesgos laborales<\/strong>, con m\u00e1s de <strong>850 farmacias<\/strong>. <\/p>\n\n\n\n<figure class=\"wp-block-image size-full\"><img decoding=\"async\" src=\"https:\/\/blog.cofb.cat\/wp-content\/uploads\/2023\/07\/COFB_COFBSERVEIS_30062023_4_edited.jpg\" alt=\"\" class=\"wp-image-67158\"\/><\/figure>\n\n\n\n<p>Ortega detall\u00f3 los servicios que se han ido incorporando con el paso de los a\u00f1os y destac\u00f3 los tres m\u00e1s recientes: el <strong>servicio de compra de bolsas y sobres<\/strong>, con m\u00e1s de 12 millones de bolsas vendidas, el <strong>servicio de extintores<\/strong> y el <strong>servicio de suministro el\u00e9ctrico<\/strong>.<\/p>\n<\/div>\n\n\n\n<p><\/p>\n\n\n\n<p class=\"has-text-align-right\"><strong>Con el patrocinio de:<\/strong><\/p>\n\n\n\n<figure class=\"wp-block-image alignright size-thumbnail is-resized\"><a href=\"https:\/\/www.cofbserveis.net\/\" target=\"_blank\" rel=\"noopener\"><img decoding=\"async\" src=\"https:\/\/blog.cofb.cat\/wp-content\/uploads\/2023\/06\/COBFServeis-10-anys_logo_transparent-150x46.png\" alt=\"\" class=\"wp-image-67143\" style=\"width:218px;height:67px\" width=\"218\" height=\"67\"\/><\/a><\/figure>\n\n\n\n<p><\/p>","protected":false},"excerpt":{"rendered":"<p>El pasado 1 de junio, el Colegio de Farmac\u00e9uticos de Barcelona (COFB) organiz\u00f3 la conferencia &quot;Puntos clave a valorar a la hora de comprar o vender una farmacia&quot;, con el patrocinio de COFBServeis. La sesi\u00f3n informativa corri\u00f3 a cargo de los abogados de COFBServicios especialistas en las transmisiones de farmacia: [\u2026]<\/p>","protected":false},"author":1,"featured_media":67664,"comment_status":"open","ping_status":"open","sticky":false,"template":"","format":"standard","meta":{"_uag_custom_page_level_css":"","site-sidebar-layout":"default","site-content-layout":"","ast-site-content-layout":"default","site-content-style":"default","site-sidebar-style":"default","ast-global-header-display":"","ast-banner-title-visibility":"","ast-main-header-display":"","ast-hfb-above-header-display":"","ast-hfb-below-header-display":"","ast-hfb-mobile-header-display":"","site-post-title":"","ast-breadcrumbs-content":"","ast-featured-img":"disabled","footer-sml-layout":"","theme-transparent-header-meta":"","adv-header-id-meta":"","stick-header-meta":"","header-above-stick-meta":"","header-main-stick-meta":"","header-below-stick-meta":"","astra-migrate-meta-layouts":"default","ast-page-background-enabled":"default","ast-page-background-meta":{"desktop":{"background-color":"var(--ast-global-color-4)","background-image":"","background-repeat":"repeat","background-position":"center center","background-size":"auto","background-attachment":"scroll","background-type":"","background-media":"","overlay-type":"","overlay-color":"","overlay-opacity":"","overlay-gradient":""},"tablet":{"background-color":"","background-image":"","background-repeat":"repeat","background-position":"center center","background-size":"auto","background-attachment":"scroll","background-type":"","background-media":"","overlay-type":"","overlay-color":"","overlay-opacity":"","overlay-gradient":""},"mobile":{"background-color":"","background-image":"","background-repeat":"repeat","background-position":"center center","background-size":"auto","background-attachment":"scroll","background-type":"","background-media":"","overlay-type":"","overlay-color":"","overlay-opacity":"","overlay-gradient":""}},"ast-content-background-meta":{"desktop":{"background-color":"var(--ast-global-color-5)","background-image":"","background-repeat":"repeat","background-position":"center center","background-size":"auto","background-attachment":"scroll","background-type":"","background-media":"","overlay-type":"","overlay-color":"","overlay-opacity":"","overlay-gradient":""},"tablet":{"background-color":"var(--ast-global-color-5)","background-image":"","background-repeat":"repeat","background-position":"center center","background-size":"auto","background-attachment":"scroll","background-type":"","background-media":"","overlay-type":"","overlay-color":"","overlay-opacity":"","overlay-gradient":""},"mobile":{"background-color":"var(--ast-global-color-5)","background-image":"","background-repeat":"repeat","background-position":"center center","background-size":"auto","background-attachment":"scroll","background-type":"","background-media":"","overlay-type":"","overlay-color":"","overlay-opacity":"","overlay-gradient":""}},"footnotes":""},"categories":[23,57],"tags":[18,434,19,435,53,68,69,70,76,436,437,438],"class_list":["post-67142","post","type-post","status-publish","format-standard","has-post-thumbnail","hentry","category-destacats","category-mon-collegial","tag-cofb","tag-cofbserveis","tag-collegi-de-farmaceutics-de-barcelona","tag-compravenda","tag-farmaceutics","tag-farmacia","tag-farmacia-comunitaria","tag-formacio","tag-oficina-de-farmacia","tag-serveis","tag-transmissio-farmacia","tag-traspas"],"yoast_head":"<!-- This site is optimized with the Yoast SEO plugin v22.4 - https:\/\/yoast.com\/wordpress\/plugins\/seo\/ -->\n<title>Tot el que cal saber sobre la compravenda d\u2019una farm\u00e0cia. Sessi\u00f3 informativa al COFB - Col\u00b7legi de Farmac\u00e8utics de Barcelona<\/title>\n<meta name=\"description\" content=\"El passat 1 de juny, el COFB va organitzar una confer\u00e8ncia sobre quins punts clau cal valorar en la compravenda d&#039;una farm\u00e0cia comunit\u00e0ria\" \/>\n<meta name=\"robots\" content=\"index, follow, max-snippet:-1, max-image-preview:large, max-video-preview:-1\" \/>\n<link rel=\"canonical\" href=\"https:\/\/novaorg.cofb.net\/2023\/06\/19\/tot-el-que-cal-saber-sobre-la-compravenda-duna-farmacia-sessio-informativa-al-cofb\/\" \/>\n<meta property=\"og:locale\" content=\"es_ES\" \/>\n<meta property=\"og:type\" content=\"article\" \/>\n<meta property=\"og:title\" content=\"Tot el que cal saber sobre la compravenda d\u2019una farm\u00e0cia. Sessi\u00f3 informativa al COFB - Col\u00b7legi de Farmac\u00e8utics de Barcelona\" \/>\n<meta property=\"og:description\" content=\"El passat 1 de juny, el COFB va organitzar una confer\u00e8ncia sobre quins punts clau cal valorar en la compravenda d&#039;una farm\u00e0cia comunit\u00e0ria\" \/>\n<meta property=\"og:url\" content=\"https:\/\/novaorg.cofb.net\/2023\/06\/19\/tot-el-que-cal-saber-sobre-la-compravenda-duna-farmacia-sessio-informativa-al-cofb\/\" \/>\n<meta property=\"og:site_name\" content=\"Col\u00b7legi de Farmac\u00e8utics de Barcelona\" \/>\n<meta property=\"article:publisher\" content=\"https:\/\/www.facebook.com\/farmaceuticsbcn\/\" \/>\n<meta property=\"article:published_time\" content=\"2023-06-19T09:41:00+00:00\" \/>\n<meta property=\"article:modified_time\" content=\"2023-10-06T11:18:52+00:00\" \/>\n<meta property=\"og:image\" content=\"https:\/\/novaorg.cofb.net\/wp-content\/uploads\/2023\/07\/COFB_COFBSERVEIS_30062023-1024x540-1.jpg\" \/>\n\t<meta property=\"og:image:width\" content=\"1024\" \/>\n\t<meta property=\"og:image:height\" content=\"540\" \/>\n\t<meta property=\"og:image:type\" content=\"image\/jpeg\" \/>\n<meta name=\"author\" content=\"wpAdminCofbOrg\" \/>\n<meta name=\"twitter:card\" content=\"summary_large_image\" \/>\n<meta name=\"twitter:creator\" content=\"@farmaceuticsbcn\" \/>\n<meta name=\"twitter:site\" content=\"@farmaceuticsbcn\" \/>\n<meta name=\"twitter:label1\" content=\"Escrito por\" \/>\n\t<meta name=\"twitter:data1\" content=\"wpAdminCofbOrg\" \/>\n\t<meta name=\"twitter:label2\" content=\"Tiempo de lectura\" \/>\n\t<meta name=\"twitter:data2\" content=\"5 minutos\" \/>\n<script type=\"application\/ld+json\" class=\"yoast-schema-graph\">{\"@context\":\"https:\/\/schema.org\",\"@graph\":[{\"@type\":\"Article\",\"@id\":\"https:\/\/novaorg.cofb.net\/2023\/06\/19\/tot-el-que-cal-saber-sobre-la-compravenda-duna-farmacia-sessio-informativa-al-cofb\/#article\",\"isPartOf\":{\"@id\":\"https:\/\/novaorg.cofb.net\/2023\/06\/19\/tot-el-que-cal-saber-sobre-la-compravenda-duna-farmacia-sessio-informativa-al-cofb\/\"},\"author\":{\"name\":\"wpAdminCofbOrg\",\"@id\":\"https:\/\/www.cofb.org\/#\/schema\/person\/22ed7eea88da74b0fa4d3154ad87ffcb\"},\"headline\":\"Tot el que cal saber sobre la compravenda d\u2019una farm\u00e0cia. Sessi\u00f3 informativa al COFB\",\"datePublished\":\"2023-06-19T09:41:00+00:00\",\"dateModified\":\"2023-10-06T11:18:52+00:00\",\"mainEntityOfPage\":{\"@id\":\"https:\/\/novaorg.cofb.net\/2023\/06\/19\/tot-el-que-cal-saber-sobre-la-compravenda-duna-farmacia-sessio-informativa-al-cofb\/\"},\"wordCount\":902,\"commentCount\":0,\"publisher\":{\"@id\":\"https:\/\/www.cofb.org\/#organization\"},\"image\":{\"@id\":\"https:\/\/novaorg.cofb.net\/2023\/06\/19\/tot-el-que-cal-saber-sobre-la-compravenda-duna-farmacia-sessio-informativa-al-cofb\/#primaryimage\"},\"thumbnailUrl\":\"https:\/\/www.cofb.org\/wp-content\/uploads\/2023\/07\/COFB_COFBSERVEIS_30062023-1024x540-1.jpg\",\"keywords\":[\"COFB\",\"COFBServeis\",\"Col\u00b7legi de Farmac\u00e8utics de Barcelona\",\"compravenda\",\"farmac\u00e8utics\",\"Farm\u00e0cia\",\"farm\u00e0cia comunit\u00e0ria\",\"Formaci\u00f3\",\"Oficina de farm\u00e0cia\",\"serveis\",\"transmissi\u00f3 farm\u00e0cia\",\"trasp\u00e0s\"],\"articleSection\":[\"Destacats\",\"M\u00f3n col\u00b7legial\"],\"inLanguage\":\"es\",\"potentialAction\":[{\"@type\":\"CommentAction\",\"name\":\"Comment\",\"target\":[\"https:\/\/novaorg.cofb.net\/2023\/06\/19\/tot-el-que-cal-saber-sobre-la-compravenda-duna-farmacia-sessio-informativa-al-cofb\/#respond\"]}]},{\"@type\":\"WebPage\",\"@id\":\"https:\/\/novaorg.cofb.net\/2023\/06\/19\/tot-el-que-cal-saber-sobre-la-compravenda-duna-farmacia-sessio-informativa-al-cofb\/\",\"url\":\"https:\/\/novaorg.cofb.net\/2023\/06\/19\/tot-el-que-cal-saber-sobre-la-compravenda-duna-farmacia-sessio-informativa-al-cofb\/\",\"name\":\"Tot el que cal saber sobre la compravenda d\u2019una farm\u00e0cia. Sessi\u00f3 informativa al COFB - Col\u00b7legi de Farmac\u00e8utics de Barcelona\",\"isPartOf\":{\"@id\":\"https:\/\/www.cofb.org\/#website\"},\"primaryImageOfPage\":{\"@id\":\"https:\/\/novaorg.cofb.net\/2023\/06\/19\/tot-el-que-cal-saber-sobre-la-compravenda-duna-farmacia-sessio-informativa-al-cofb\/#primaryimage\"},\"image\":{\"@id\":\"https:\/\/novaorg.cofb.net\/2023\/06\/19\/tot-el-que-cal-saber-sobre-la-compravenda-duna-farmacia-sessio-informativa-al-cofb\/#primaryimage\"},\"thumbnailUrl\":\"https:\/\/www.cofb.org\/wp-content\/uploads\/2023\/07\/COFB_COFBSERVEIS_30062023-1024x540-1.jpg\",\"datePublished\":\"2023-06-19T09:41:00+00:00\",\"dateModified\":\"2023-10-06T11:18:52+00:00\",\"description\":\"El passat 1 de juny, el COFB va organitzar una confer\u00e8ncia sobre quins punts clau cal valorar en la compravenda d'una farm\u00e0cia comunit\u00e0ria\",\"breadcrumb\":{\"@id\":\"https:\/\/novaorg.cofb.net\/2023\/06\/19\/tot-el-que-cal-saber-sobre-la-compravenda-duna-farmacia-sessio-informativa-al-cofb\/#breadcrumb\"},\"inLanguage\":\"es\",\"potentialAction\":[{\"@type\":\"ReadAction\",\"target\":[\"https:\/\/novaorg.cofb.net\/2023\/06\/19\/tot-el-que-cal-saber-sobre-la-compravenda-duna-farmacia-sessio-informativa-al-cofb\/\"]}]},{\"@type\":\"ImageObject\",\"inLanguage\":\"es\",\"@id\":\"https:\/\/novaorg.cofb.net\/2023\/06\/19\/tot-el-que-cal-saber-sobre-la-compravenda-duna-farmacia-sessio-informativa-al-cofb\/#primaryimage\",\"url\":\"https:\/\/www.cofb.org\/wp-content\/uploads\/2023\/07\/COFB_COFBSERVEIS_30062023-1024x540-1.jpg\",\"contentUrl\":\"https:\/\/www.cofb.org\/wp-content\/uploads\/2023\/07\/COFB_COFBSERVEIS_30062023-1024x540-1.jpg\",\"width\":1024,\"height\":540},{\"@type\":\"BreadcrumbList\",\"@id\":\"https:\/\/novaorg.cofb.net\/2023\/06\/19\/tot-el-que-cal-saber-sobre-la-compravenda-duna-farmacia-sessio-informativa-al-cofb\/#breadcrumb\",\"itemListElement\":[{\"@type\":\"ListItem\",\"position\":1,\"name\":\"Inici\",\"item\":\"https:\/\/novaorg.cofb.net\/\"},{\"@type\":\"ListItem\",\"position\":2,\"name\":\"Tot el que cal saber sobre la compravenda d\u2019una farm\u00e0cia. Sessi\u00f3 informativa al COFB\"}]},{\"@type\":\"WebSite\",\"@id\":\"https:\/\/www.cofb.org\/#website\",\"url\":\"https:\/\/www.cofb.org\/\",\"name\":\"Col\u00b7legi de Farmac\u00e8utics de Barcelona\",\"description\":\"\",\"publisher\":{\"@id\":\"https:\/\/www.cofb.org\/#organization\"},\"potentialAction\":[{\"@type\":\"SearchAction\",\"target\":{\"@type\":\"EntryPoint\",\"urlTemplate\":\"https:\/\/www.cofb.org\/?s={search_term_string}\"},\"query-input\":\"required name=search_term_string\"}],\"inLanguage\":\"es\"},{\"@type\":\"Organization\",\"@id\":\"https:\/\/www.cofb.org\/#organization\",\"name\":\"Col\u00b7legi de Farmac\u00e8utics de Barcelona\",\"url\":\"https:\/\/www.cofb.org\/\",\"logo\":{\"@type\":\"ImageObject\",\"inLanguage\":\"es\",\"@id\":\"https:\/\/www.cofb.org\/#\/schema\/logo\/image\/\",\"url\":\"https:\/\/www.cofb.org\/wp-content\/uploads\/2023\/11\/cropped-Logotip-COFB.png\",\"contentUrl\":\"https:\/\/www.cofb.org\/wp-content\/uploads\/2023\/11\/cropped-Logotip-COFB.png\",\"width\":500,\"height\":105,\"caption\":\"Col\u00b7legi de Farmac\u00e8utics de Barcelona\"},\"image\":{\"@id\":\"https:\/\/www.cofb.org\/#\/schema\/logo\/image\/\"},\"sameAs\":[\"https:\/\/www.facebook.com\/farmaceuticsbcn\/\",\"https:\/\/twitter.com\/farmaceuticsbcn\",\"https:\/\/www.instagram.com\/farmaceuticsbcn\/\",\"https:\/\/www.linkedin.com\/company\/farmaceuticsbcn\/\"]},{\"@type\":\"Person\",\"@id\":\"https:\/\/www.cofb.org\/#\/schema\/person\/22ed7eea88da74b0fa4d3154ad87ffcb\",\"name\":\"wpAdminCofbOrg\",\"image\":{\"@type\":\"ImageObject\",\"inLanguage\":\"es\",\"@id\":\"https:\/\/www.cofb.org\/#\/schema\/person\/image\/\",\"url\":\"https:\/\/secure.gravatar.com\/avatar\/1721b20b3b8ca882c3b56ec6c978c594fff670e40c0718e9190eaeeb76aae7d8?s=96&d=mm&r=g\",\"contentUrl\":\"https:\/\/secure.gravatar.com\/avatar\/1721b20b3b8ca882c3b56ec6c978c594fff670e40c0718e9190eaeeb76aae7d8?s=96&d=mm&r=g\",\"caption\":\"wpAdminCofbOrg\"},\"sameAs\":[\"http:\/\/192.168.64.122\/wordpress\"],\"url\":\"https:\/\/www.cofb.org\/es\/author\/wpadmincofborg\/\"}]}<\/script>\n<!-- \/ Yoast SEO plugin. -->","yoast_head_json":{"title":"Tot el que cal saber sobre la compravenda d\u2019una farm\u00e0cia. Sessi\u00f3 informativa al COFB - Col\u00b7legi de Farmac\u00e8utics de Barcelona","description":"El passat 1 de juny, el COFB va organitzar una confer\u00e8ncia sobre quins punts clau cal valorar en la compravenda d'una farm\u00e0cia comunit\u00e0ria","robots":{"index":"index","follow":"follow","max-snippet":"max-snippet:-1","max-image-preview":"max-image-preview:large","max-video-preview":"max-video-preview:-1"},"canonical":"https:\/\/novaorg.cofb.net\/2023\/06\/19\/tot-el-que-cal-saber-sobre-la-compravenda-duna-farmacia-sessio-informativa-al-cofb\/","og_locale":"es_ES","og_type":"article","og_title":"Tot el que cal saber sobre la compravenda d\u2019una farm\u00e0cia. Sessi\u00f3 informativa al COFB - Col\u00b7legi de Farmac\u00e8utics de Barcelona","og_description":"El passat 1 de juny, el COFB va organitzar una confer\u00e8ncia sobre quins punts clau cal valorar en la compravenda d'una farm\u00e0cia comunit\u00e0ria","og_url":"https:\/\/novaorg.cofb.net\/2023\/06\/19\/tot-el-que-cal-saber-sobre-la-compravenda-duna-farmacia-sessio-informativa-al-cofb\/","og_site_name":"Col\u00b7legi de Farmac\u00e8utics de Barcelona","article_publisher":"https:\/\/www.facebook.com\/farmaceuticsbcn\/","article_published_time":"2023-06-19T09:41:00+00:00","article_modified_time":"2023-10-06T11:18:52+00:00","og_image":[{"width":1024,"height":540,"url":"https:\/\/novaorg.cofb.net\/wp-content\/uploads\/2023\/07\/COFB_COFBSERVEIS_30062023-1024x540-1.jpg","type":"image\/jpeg"}],"author":"wpAdminCofbOrg","twitter_card":"summary_large_image","twitter_creator":"@farmaceuticsbcn","twitter_site":"@farmaceuticsbcn","twitter_misc":{"Escrito por":"wpAdminCofbOrg","Tiempo de lectura":"5 minutos"},"schema":{"@context":"https:\/\/schema.org","@graph":[{"@type":"Article","@id":"https:\/\/novaorg.cofb.net\/2023\/06\/19\/tot-el-que-cal-saber-sobre-la-compravenda-duna-farmacia-sessio-informativa-al-cofb\/#article","isPartOf":{"@id":"https:\/\/novaorg.cofb.net\/2023\/06\/19\/tot-el-que-cal-saber-sobre-la-compravenda-duna-farmacia-sessio-informativa-al-cofb\/"},"author":{"name":"wpAdminCofbOrg","@id":"https:\/\/www.cofb.org\/#\/schema\/person\/22ed7eea88da74b0fa4d3154ad87ffcb"},"headline":"Tot el que cal saber sobre la compravenda d\u2019una farm\u00e0cia. Sessi\u00f3 informativa al COFB","datePublished":"2023-06-19T09:41:00+00:00","dateModified":"2023-10-06T11:18:52+00:00","mainEntityOfPage":{"@id":"https:\/\/novaorg.cofb.net\/2023\/06\/19\/tot-el-que-cal-saber-sobre-la-compravenda-duna-farmacia-sessio-informativa-al-cofb\/"},"wordCount":902,"commentCount":0,"publisher":{"@id":"https:\/\/www.cofb.org\/#organization"},"image":{"@id":"https:\/\/novaorg.cofb.net\/2023\/06\/19\/tot-el-que-cal-saber-sobre-la-compravenda-duna-farmacia-sessio-informativa-al-cofb\/#primaryimage"},"thumbnailUrl":"https:\/\/www.cofb.org\/wp-content\/uploads\/2023\/07\/COFB_COFBSERVEIS_30062023-1024x540-1.jpg","keywords":["COFB","COFBServeis","Col\u00b7legi de Farmac\u00e8utics de Barcelona","compravenda","farmac\u00e8utics","Farm\u00e0cia","farm\u00e0cia comunit\u00e0ria","Formaci\u00f3","Oficina de farm\u00e0cia","serveis","transmissi\u00f3 farm\u00e0cia","trasp\u00e0s"],"articleSection":["Destacats","M\u00f3n col\u00b7legial"],"inLanguage":"es","potentialAction":[{"@type":"CommentAction","name":"Comment","target":["https:\/\/novaorg.cofb.net\/2023\/06\/19\/tot-el-que-cal-saber-sobre-la-compravenda-duna-farmacia-sessio-informativa-al-cofb\/#respond"]}]},{"@type":"WebPage","@id":"https:\/\/novaorg.cofb.net\/2023\/06\/19\/tot-el-que-cal-saber-sobre-la-compravenda-duna-farmacia-sessio-informativa-al-cofb\/","url":"https:\/\/novaorg.cofb.net\/2023\/06\/19\/tot-el-que-cal-saber-sobre-la-compravenda-duna-farmacia-sessio-informativa-al-cofb\/","name":"Tot el que cal saber sobre la compravenda d\u2019una farm\u00e0cia. Sessi\u00f3 informativa al COFB - Col\u00b7legi de Farmac\u00e8utics de Barcelona","isPartOf":{"@id":"https:\/\/www.cofb.org\/#website"},"primaryImageOfPage":{"@id":"https:\/\/novaorg.cofb.net\/2023\/06\/19\/tot-el-que-cal-saber-sobre-la-compravenda-duna-farmacia-sessio-informativa-al-cofb\/#primaryimage"},"image":{"@id":"https:\/\/novaorg.cofb.net\/2023\/06\/19\/tot-el-que-cal-saber-sobre-la-compravenda-duna-farmacia-sessio-informativa-al-cofb\/#primaryimage"},"thumbnailUrl":"https:\/\/www.cofb.org\/wp-content\/uploads\/2023\/07\/COFB_COFBSERVEIS_30062023-1024x540-1.jpg","datePublished":"2023-06-19T09:41:00+00:00","dateModified":"2023-10-06T11:18:52+00:00","description":"El passat 1 de juny, el COFB va organitzar una confer\u00e8ncia sobre quins punts clau cal valorar en la compravenda d'una farm\u00e0cia comunit\u00e0ria","breadcrumb":{"@id":"https:\/\/novaorg.cofb.net\/2023\/06\/19\/tot-el-que-cal-saber-sobre-la-compravenda-duna-farmacia-sessio-informativa-al-cofb\/#breadcrumb"},"inLanguage":"es","potentialAction":[{"@type":"ReadAction","target":["https:\/\/novaorg.cofb.net\/2023\/06\/19\/tot-el-que-cal-saber-sobre-la-compravenda-duna-farmacia-sessio-informativa-al-cofb\/"]}]},{"@type":"ImageObject","inLanguage":"es","@id":"https:\/\/novaorg.cofb.net\/2023\/06\/19\/tot-el-que-cal-saber-sobre-la-compravenda-duna-farmacia-sessio-informativa-al-cofb\/#primaryimage","url":"https:\/\/www.cofb.org\/wp-content\/uploads\/2023\/07\/COFB_COFBSERVEIS_30062023-1024x540-1.jpg","contentUrl":"https:\/\/www.cofb.org\/wp-content\/uploads\/2023\/07\/COFB_COFBSERVEIS_30062023-1024x540-1.jpg","width":1024,"height":540},{"@type":"BreadcrumbList","@id":"https:\/\/novaorg.cofb.net\/2023\/06\/19\/tot-el-que-cal-saber-sobre-la-compravenda-duna-farmacia-sessio-informativa-al-cofb\/#breadcrumb","itemListElement":[{"@type":"ListItem","position":1,"name":"Inici","item":"https:\/\/novaorg.cofb.net\/"},{"@type":"ListItem","position":2,"name":"Tot el que cal saber sobre la compravenda d\u2019una farm\u00e0cia. Sessi\u00f3 informativa al COFB"}]},{"@type":"WebSite","@id":"https:\/\/www.cofb.org\/#website","url":"https:\/\/www.cofb.org\/","name":"Col\u00b7legi de Farmac\u00e8utics de Barcelona","description":"","publisher":{"@id":"https:\/\/www.cofb.org\/#organization"},"potentialAction":[{"@type":"SearchAction","target":{"@type":"EntryPoint","urlTemplate":"https:\/\/www.cofb.org\/?s={search_term_string}"},"query-input":"required name=search_term_string"}],"inLanguage":"es"},{"@type":"Organization","@id":"https:\/\/www.cofb.org\/#organization","name":"Col\u00b7legi de Farmac\u00e8utics de Barcelona","url":"https:\/\/www.cofb.org\/","logo":{"@type":"ImageObject","inLanguage":"es","@id":"https:\/\/www.cofb.org\/#\/schema\/logo\/image\/","url":"https:\/\/www.cofb.org\/wp-content\/uploads\/2023\/11\/cropped-Logotip-COFB.png","contentUrl":"https:\/\/www.cofb.org\/wp-content\/uploads\/2023\/11\/cropped-Logotip-COFB.png","width":500,"height":105,"caption":"Col\u00b7legi de Farmac\u00e8utics de Barcelona"},"image":{"@id":"https:\/\/www.cofb.org\/#\/schema\/logo\/image\/"},"sameAs":["https:\/\/www.facebook.com\/farmaceuticsbcn\/","https:\/\/twitter.com\/farmaceuticsbcn","https:\/\/www.instagram.com\/farmaceuticsbcn\/","https:\/\/www.linkedin.com\/company\/farmaceuticsbcn\/"]},{"@type":"Person","@id":"https:\/\/www.cofb.org\/#\/schema\/person\/22ed7eea88da74b0fa4d3154ad87ffcb","name":"wpAdminCofbOrg","image":{"@type":"ImageObject","inLanguage":"es","@id":"https:\/\/www.cofb.org\/#\/schema\/person\/image\/","url":"https:\/\/secure.gravatar.com\/avatar\/1721b20b3b8ca882c3b56ec6c978c594fff670e40c0718e9190eaeeb76aae7d8?s=96&d=mm&r=g","contentUrl":"https:\/\/secure.gravatar.com\/avatar\/1721b20b3b8ca882c3b56ec6c978c594fff670e40c0718e9190eaeeb76aae7d8?s=96&d=mm&r=g","caption":"wpAdminCofbOrg"},"sameAs":["http:\/\/192.168.64.122\/wordpress"],"url":"https:\/\/www.cofb.org\/es\/author\/wpadmincofborg\/"}]}},"uagb_featured_image_src":{"full":["https:\/\/www.cofb.org\/wp-content\/uploads\/2023\/07\/COFB_COFBSERVEIS_30062023-1024x540-1.jpg",1024,540,false],"thumbnail":["https:\/\/www.cofb.org\/wp-content\/uploads\/2023\/07\/COFB_COFBSERVEIS_30062023-1024x540-1-150x150.jpg",150,150,true],"medium":["https:\/\/www.cofb.org\/wp-content\/uploads\/2023\/07\/COFB_COFBSERVEIS_30062023-1024x540-1-300x158.jpg",300,158,true],"medium_large":["https:\/\/www.cofb.org\/wp-content\/uploads\/2023\/07\/COFB_COFBSERVEIS_30062023-1024x540-1-768x405.jpg",768,405,true],"large":["https:\/\/www.cofb.org\/wp-content\/uploads\/2023\/07\/COFB_COFBSERVEIS_30062023-1024x540-1.jpg",1024,540,false],"1536x1536":["https:\/\/www.cofb.org\/wp-content\/uploads\/2023\/07\/COFB_COFBSERVEIS_30062023-1024x540-1.jpg",1024,540,false],"2048x2048":["https:\/\/www.cofb.org\/wp-content\/uploads\/2023\/07\/COFB_COFBSERVEIS_30062023-1024x540-1.jpg",1024,540,false],"trp-custom-language-flag":["https:\/\/www.cofb.org\/wp-content\/uploads\/2023\/07\/COFB_COFBSERVEIS_30062023-1024x540-1.jpg",18,9,false]},"uagb_author_info":{"display_name":"wpAdminCofbOrg","author_link":"https:\/\/www.cofb.org\/es\/author\/wpadmincofborg\/"},"uagb_comment_info":0,"uagb_excerpt":"El passat 1 de juny, el Col\u00b7legi de Farmac\u00e8utics de Barcelona (COFB) va organitzar la confer\u00e8ncia \u201cPunts clau a valorar a l\u2019hora de comprar o vendre una farm\u00e0cia\u201d, amb el patrocini de COFBServeis. La sessi\u00f3 informativa va anar a c\u00e0rrec dels advocats de COFBServeis especialistes en les transmissions de farm\u00e0cia: [&hellip;]","_links":{"self":[{"href":"https:\/\/www.cofb.org\/es\/wp-json\/wp\/v2\/posts\/67142","targetHints":{"allow":["GET"]}}],"collection":[{"href":"https:\/\/www.cofb.org\/es\/wp-json\/wp\/v2\/posts"}],"about":[{"href":"https:\/\/www.cofb.org\/es\/wp-json\/wp\/v2\/types\/post"}],"author":[{"embeddable":true,"href":"https:\/\/www.cofb.org\/es\/wp-json\/wp\/v2\/users\/1"}],"replies":[{"embeddable":true,"href":"https:\/\/www.cofb.org\/es\/wp-json\/wp\/v2\/comments?post=67142"}],"version-history":[{"count":9,"href":"https:\/\/www.cofb.org\/es\/wp-json\/wp\/v2\/posts\/67142\/revisions"}],"predecessor-version":[{"id":68923,"href":"https:\/\/www.cofb.org\/es\/wp-json\/wp\/v2\/posts\/67142\/revisions\/68923"}],"wp:featuredmedia":[{"embeddable":true,"href":"https:\/\/www.cofb.org\/es\/wp-json\/wp\/v2\/media\/67664"}],"wp:attachment":[{"href":"https:\/\/www.cofb.org\/es\/wp-json\/wp\/v2\/media?parent=67142"}],"wp:term":[{"taxonomy":"category","embeddable":true,"href":"https:\/\/www.cofb.org\/es\/wp-json\/wp\/v2\/categories?post=67142"},{"taxonomy":"post_tag","embeddable":true,"href":"https:\/\/www.cofb.org\/es\/wp-json\/wp\/v2\/tags?post=67142"}],"curies":[{"name":"wp","href":"https:\/\/api.w.org\/{rel}","templated":true}]}}