{"id":66838,"date":"2023-05-10T18:47:03","date_gmt":"2023-05-10T16:47:03","guid":{"rendered":"https:\/\/blog.cofb.cat\/?p=66838"},"modified":"2023-10-06T11:46:29","modified_gmt":"2023-10-06T11:46:29","slug":"nou-forum-dermoexpert-sobre-els-beneficis-dels-olis-ozonitzats-en-la-cura-del-pacient-senior","status":"publish","type":"post","link":"https:\/\/www.cofb.org\/es\/2023\/05\/10\/nou-forum-dermoexpert-sobre-els-beneficis-dels-olis-ozonitzats-en-la-cura-del-pacient-senior\/","title":{"rendered":"Nuevo Foro Dermoexpert sobre los beneficios de los aceites ozonizados en el cuidado del paciente senior"},"content":{"rendered":"<p>El pasado 4 de mayo, el <strong>Col\u00b7legi de Farmac\u00e8utics de Barcelona (COFB)<\/strong> organiz\u00f3 el <strong>Foro Dermoexpert \u201cAceites ozonizados y cuidado de la piel del paciente senior\u201d <\/strong>con el patrocinio de <strong><a href=\"https:\/\/www.ozoaqua.es\/\" target=\"_blank\" rel=\"noreferrer noopener\">Laboratorios Ozoaqua<\/a><\/strong>. La conferencia corri\u00f3 a cargo del dermat\u00f3logo adjunto del Hospital Vega Baja y el Instituto M\u00e9dico Ricart i Belaneve, <strong>Juan Jos\u00e9 Andr\u00e9s<\/strong>, y de la farmac\u00e9utica responsable del departamento t\u00e9cnico de Laboratorios Ozoaqua, <strong>Laura Caparr\u00f3s. <\/strong>La vocal de Dermofarmacia y Productos Sanitarios del COFB, <strong>Marta Alcalde<\/strong>, moder\u00f3 la sesi\u00f3n.<\/p>\n\n\n\n<figure class=\"wp-block-image size-large\"><a href=\"https:\/\/blog.cofb.cat\/wp-content\/uploads\/2023\/05\/COFB_Olis-Ozonitzats_08052023_5-scaled.jpg\" target=\"_blank\" rel=\"noopener\"><img decoding=\"async\" src=\"https:\/\/blog.cofb.cat\/wp-content\/uploads\/2023\/05\/COFB_Olis-Ozonitzats_08052023_5-1024x571.jpg\" alt=\"Marta Alcalde a l'inici del F\u00f2rum Dermoexpert \u201cOlis ozonitzats i cura de la pell del pacient s\u00e8nior\u201d. \" class=\"wp-image-66885\" title=\"Marta Alcalde al inicio del Foro Dermoexpert \u201cAceites ozonizados y cuidado de la piel del paciente senior\u201d. \"\/><\/a><figcaption class=\"wp-element-caption\"> Marta Alcalde al inicio del Foro Dermoexpert \u201cAceites ozonizados y cuidado de la piel del paciente senior\u201d.  <\/figcaption><\/figure>\n\n\n\n<p>Los <strong>objetivos <\/strong>del Foro Dermoexpert fueron repasar las <strong>caracter\u00edsticas principales de las pieles de los pacientes seniors<\/strong> y las <strong>principales lesiones vinculadas al paso del tiempo<\/strong>, saber cu\u00e1les son las <strong>propiedades y beneficios de los aceites ozonizados<\/strong> para el cuidado intensivo de la piel y conocer <strong>casos de \u00e9xito reales<\/strong> tratados con este tipo de productos.<\/p>\n\n\n\n<p>La vocal de Dermofarmacia y Productos Sanitarios del COFB, <strong>Marta Alcalde<\/strong>, inici\u00f3 la sesi\u00f3n explicando que con el paso del tiempo se producen una serie de <strong>cambios en la piel<\/strong>, ya sea de<strong> forma externa<\/strong> como en las <strong>estructuras internas<\/strong>. \u201cEso hace que la <strong>piel de la gente mayor<\/strong> tenga predisposici\u00f3n a tener determinadas <strong>patolog\u00edas o lesiones<\/strong>, que quiz\u00e1s en una piel m\u00e1s joven no se dan tanto, y son <strong>problemas que nos encontramos cada vez m\u00e1s en la farmacia<\/strong>\u201d, asegur\u00f3 Alcalde.<\/p>\n\n\n\n<h2 class=\"wp-block-heading\"><strong>Caracter\u00edsticas y patolog\u00edas de la piel del paciente senior<\/strong><\/h2>\n\n\n\n<p>El dermat\u00f3logo adjunto del Hospital Vega Baja y el Instituto M\u00e9dico Ricart i Belaneve<strong>, Juan Jos\u00e9 Andr\u00e9s<\/strong>, comparti\u00f3 cu\u00e1les son las <strong>caracter\u00edsticas principales de la piel de las personas mayores<\/strong>, que \u201ctienen unas caracter\u00edsticas distintas\u201d. Generalmente, seg\u00fan Andr\u00e9s, <strong>la piel va envejeciendo <\/strong>por una serie de <strong>caracter\u00edsticas extr\u00ednsecas<\/strong>, como las radiaciones UV y los contaminantes ambientales; y <strong>intr\u00ednsecas<\/strong>, por los niveles de hormonas, la regulaci\u00f3n gen\u00e9tica y los factores inflamatorios. La suma de estos factores producen <strong>cambios en la epidermis<\/strong>, que adelgaza, pierde estanqueidad, las c\u00e9lulas tambi\u00e9n disminuyen y, por tanto, los microorganismos pueden penetrar con mayor facilidad y bajan los melanocitos. En el caso de la <strong>dermis<\/strong>, se pierde elasticidad, col\u00e1geno, los fibroblastos se hacen mayores, pero se vuelven menos funcionales. Y, en la parte <strong>vascular<\/strong>, se pierde tanto la hidrataci\u00f3n como las defensas y los vasos sangu\u00edneos se vuelven m\u00e1s fr\u00e1giles. \u201cCon todo esto la <strong>piel se seca<\/strong> y \u00e9ste es uno de los principales problemas de la persona mayor\u201d, ya que disminuyen las siguientes funciones: angiog\u00e9nesis, lipog\u00e9nesis, s\u00edntesis de vitamina D, funci\u00f3n inmune, sudoraci\u00f3n, curaci\u00f3n de heridas y permeabilidad.<\/p>\n\n\n\n<figure class=\"wp-block-image size-large is-resized\"><a href=\"https:\/\/blog.cofb.cat\/wp-content\/uploads\/2023\/05\/COFB_Olis-Ozonitzats_08052023_4.jpg\" target=\"_blank\" rel=\"noopener\"><img fetchpriority=\"high\" decoding=\"async\" src=\"https:\/\/blog.cofb.cat\/wp-content\/uploads\/2023\/05\/COFB_Olis-Ozonitzats_08052023_4-1024x585.jpg\" alt=\"Juan Jos\u00e9 Andr\u00e9s en un moment de la seva intervenci\u00f3. \" class=\"wp-image-66846\" style=\"width:840px;height:479px\" width=\"840\" height=\"479\" title=\"Juan Jos\u00e9 Andr\u00e9s en un momento de su intervenci\u00f3n. \"\/><\/a><figcaption class=\"wp-element-caption\">Juan Jos\u00e9 Andr\u00e9s en un momento de su intervenci\u00f3n. <\/figcaption><\/figure>\n\n\n\n<p>El dermat\u00f3logo tambi\u00e9n expuso cu\u00e1les son las <strong>alteraciones m\u00e1s frecuentes en la piel de los pacientes mayores<\/strong>: la xerosis, la ictiosis, el eczema, el prurito, el prurito, el liquen simple cr\u00f3nico, la <em>prurito sine materia<\/em>, la p\u00farpura senil, los lentigos, la <em>hipomelanosis guttata<\/em>, la queratosis y las seborreicas. Tambi\u00e9n lo son las \u00falceras, sean venosas, isqu\u00e9micas, hipertensivas o neurop\u00e1ticas. Y, por \u00faltimo, hizo referencia al herpes z\u00f3ster, la ti\u00f1a, los dermatofitos, la hiperqueratosis unguial, la onicogrifosis, la pemfigoide ampular, la toxicodermia, la queratosis act\u00ednica, el carcinoma basocelular y el carcinoma escamoso.<\/p>\n\n\n\n<h2 class=\"wp-block-heading\"><strong>Aceites ozonizados y protocolo de recomendaci\u00f3n en la farmacia<\/strong><\/h2>\n\n\n\n<p>La farmac\u00e9utica y responsable del departamento t\u00e9cnico de Laboratorios Ozoaqua, <strong>Laura Caparr\u00f3s, <\/strong>detall\u00f3 cu\u00e1l es el<strong> m\u00e9todo de obtenci\u00f3n <\/strong>de los aceites ozonizados y las<strong> propiedades y los beneficios <\/strong>de \u00e9stos. Por un lado, los aceites ozonizados tienen <strong>caracter\u00edsticas terap\u00e9uticas<\/strong>, ya que son higienizantes, antiinflamatorios, calmantes y cicatrizantes; y, por otra parte, tienen <strong>caracter\u00edsticas<\/strong> <strong>cosm\u00e9ticas <\/strong>porque tienen una acci\u00f3n hidratante y antioxidante, explic\u00f3 la farmac\u00e9utica. Tambi\u00e9n mostr\u00f3 algunas referencias bibliogr\u00e1ficas y estudios que avalan la eficacia de estos \u00f3leos.<\/p>\n\n\n\n<p>Seg\u00fan Caparr\u00f3s, <strong>el aceite ozonizado<\/strong> \u201ces uno <strong>producto de botiqu\u00edn<\/strong>, <strong>testado dermatol\u00f3gicamente<\/strong>, apto para la <strong>piel sensible<\/strong>, <strong>vegano<\/strong> y contiene un <strong>100% de ingredientes de origen natural<\/strong>\u201d (aceite de oliva y aceite de girasol ozonizado).<\/p>\n\n\n\n<figure class=\"wp-block-image size-large\"><a href=\"https:\/\/blog.cofb.cat\/wp-content\/uploads\/2023\/05\/COFB_Olis-Ozonitzats_08052023_3-scaled.jpg\" target=\"_blank\" rel=\"noopener\"><img decoding=\"async\" src=\"https:\/\/blog.cofb.cat\/wp-content\/uploads\/2023\/05\/COFB_Olis-Ozonitzats_08052023_3-1024x638.jpg\" alt=\"La responsable del departament t\u00e8cnic de Laboratorios Ozoaqua, Laura Caparr\u00f3s, durant la seva exposici\u00f3. \" class=\"wp-image-66845\" title=\" La responsable del departamento t\u00e9cnico de Laboratorios Ozoaqua, Laura Caparr\u00f3s, durante su exposici\u00f3n. \"\/><\/a><figcaption class=\"wp-element-caption\"> La responsable del departamento t\u00e9cnico de Laboratorios Ozoaqua, Laura Caparr\u00f3s, durante su exposici\u00f3n. <\/figcaption><\/figure>\n\n\n\n<p>La farmac\u00e9utica tambi\u00e9n repas\u00f3 cu\u00e1l es el <strong>protocolo de actuaci\u00f3n dermofarmac\u00e9utica <\/strong>con aceites ozonizados y recomend\u00f3 <strong>cuidar la piel madura <\/strong>con <strong>geles de ba\u00f1o suaves<\/strong>, <strong>cremas hidratantes<\/strong> y <strong>reparadoras<\/strong>, <strong>humidificadores<\/strong>, <strong>protecci\u00f3n solar<\/strong>, <strong>cosm\u00e9ticos para la piel madura<\/strong>, mantener un <strong>estilo de vida saludable<\/strong>, <strong>abandonar el tabaco<\/strong> y <strong>el alcohol<\/strong> y realizar <strong>revisiones dermatol\u00f3gicas<\/strong> frecuentes. Por \u00faltimo, para ilustrar sus exposiciones, el dermat\u00f3logo y la farmac\u00e9utica compartieron <strong>casos de \u00e9xito con aceites ozonizados<\/strong>.<\/p>\n\n\n\n<div class=\"wp-block-columns is-layout-flex wp-container-core-columns-is-layout-28f84493 wp-block-columns-is-layout-flex\">\n<div class=\"wp-block-column is-layout-flow wp-block-column-is-layout-flow\"><\/div>\n\n\n\n<div class=\"wp-block-column is-layout-flow wp-block-column-is-layout-flow\"><\/div>\n\n\n\n<div class=\"wp-block-column is-layout-flow wp-block-column-is-layout-flow\">\n<p class=\"has-text-align-right\"><strong>Con el patrocinio de:<\/strong><\/p>\n\n\n\n<p> <figure class=\"wp-block-image alignright size-thumbnail is-resized\"><a rel=\"noopener\" href=\"https:\/\/www.ozoaqua.es\/\" target=\"_blank\"><img decoding=\"async\" width=\"150\" height=\"48\" class=\"wp-image-66840\" style=\"width:150px;height:48px\" src=\"https:\/\/blog.cofb.cat\/wp-content\/uploads\/2023\/05\/OZOAQUA_logo_transparent-150x48.png\" alt=\"\"><\/a><\/figure> <\/p>\n<\/div>\n<\/div>\n\n\n\n<p class=\"has-text-align-right\"><\/p>","protected":false},"excerpt":{"rendered":"<p>El pasado 4 de mayo, el Colegio de Farmac\u00e9uticos de Barcelona (COFB) organiz\u00f3 el F\u00f3rum Dermoexpert \u201cAceites ozonizados y cuidado de la piel del paciente senior\u201d con el patrocinio de Laboratorios Ozoaqua. La conferencia corri\u00f3 a cargo del dermat\u00f3logo adjunto del Hospital Vega Baja y el Instituto M\u00e9dico Ricart [\u2026]<\/p>","protected":false},"author":1,"featured_media":67678,"comment_status":"open","ping_status":"open","sticky":false,"template":"","format":"standard","meta":{"_uag_custom_page_level_css":"","site-sidebar-layout":"default","site-content-layout":"","ast-site-content-layout":"default","site-content-style":"default","site-sidebar-style":"default","ast-global-header-display":"","ast-banner-title-visibility":"","ast-main-header-display":"","ast-hfb-above-header-display":"","ast-hfb-below-header-display":"","ast-hfb-mobile-header-display":"","site-post-title":"","ast-breadcrumbs-content":"","ast-featured-img":"disabled","footer-sml-layout":"","theme-transparent-header-meta":"","adv-header-id-meta":"","stick-header-meta":"","header-above-stick-meta":"","header-main-stick-meta":"","header-below-stick-meta":"","astra-migrate-meta-layouts":"default","ast-page-background-enabled":"default","ast-page-background-meta":{"desktop":{"background-color":"var(--ast-global-color-4)","background-image":"","background-repeat":"repeat","background-position":"center center","background-size":"auto","background-attachment":"scroll","background-type":"","background-media":"","overlay-type":"","overlay-color":"","overlay-opacity":"","overlay-gradient":""},"tablet":{"background-color":"","background-image":"","background-repeat":"repeat","background-position":"center center","background-size":"auto","background-attachment":"scroll","background-type":"","background-media":"","overlay-type":"","overlay-color":"","overlay-opacity":"","overlay-gradient":""},"mobile":{"background-color":"","background-image":"","background-repeat":"repeat","background-position":"center center","background-size":"auto","background-attachment":"scroll","background-type":"","background-media":"","overlay-type":"","overlay-color":"","overlay-opacity":"","overlay-gradient":""}},"ast-content-background-meta":{"desktop":{"background-color":"var(--ast-global-color-5)","background-image":"","background-repeat":"repeat","background-position":"center center","background-size":"auto","background-attachment":"scroll","background-type":"","background-media":"","overlay-type":"","overlay-color":"","overlay-opacity":"","overlay-gradient":""},"tablet":{"background-color":"var(--ast-global-color-5)","background-image":"","background-repeat":"repeat","background-position":"center center","background-size":"auto","background-attachment":"scroll","background-type":"","background-media":"","overlay-type":"","overlay-color":"","overlay-opacity":"","overlay-gradient":""},"mobile":{"background-color":"var(--ast-global-color-5)","background-image":"","background-repeat":"repeat","background-position":"center center","background-size":"auto","background-attachment":"scroll","background-type":"","background-media":"","overlay-type":"","overlay-color":"","overlay-opacity":"","overlay-gradient":""}},"footnotes":""},"categories":[23,57],"tags":[64,18,19,362,363,81,364,53,68,69,70,155,76,365,366,367,104,368,369,370],"class_list":["post-66838","post","type-post","status-publish","format-standard","has-post-thumbnail","hentry","category-destacats","category-mon-collegial","tag-atencio-farmaceutica","tag-cofb","tag-collegi-de-farmaceutics-de-barcelona","tag-cura-de-la-pell","tag-dermis","tag-dermofarmacia","tag-epidermis","tag-farmaceutics","tag-farmacia","tag-farmacia-comunitaria","tag-formacio","tag-forum-dermoexpert","tag-oficina-de-farmacia","tag-olis-ozonitzats","tag-pacient-gran","tag-pacient-senior","tag-patologies","tag-recomanacio-farmaceutica","tag-recomanacions-del-farmaceutic-2","tag-vocal-de-dermofarmacia-i-productes-sanitaris"],"yoast_head":"<!-- This site is optimized with the Yoast SEO plugin v22.4 - https:\/\/yoast.com\/wordpress\/plugins\/seo\/ -->\n<title>Nou F\u00f2rum Dermoexpert sobre els beneficis dels olis ozonitzats en la cura del pacient s\u00e8nior - Col\u00b7legi de Farmac\u00e8utics de Barcelona<\/title>\n<meta name=\"description\" content=\"El passat 4 de maig, el COFB va organitzar el F\u00f2rum Dermoexpert \u201cOlis ozonitzats i cura de la pell del pacient s\u00e8nior\u201d.\" \/>\n<meta name=\"robots\" content=\"index, follow, max-snippet:-1, max-image-preview:large, max-video-preview:-1\" \/>\n<link rel=\"canonical\" href=\"https:\/\/novaorg.cofb.net\/2023\/05\/10\/nou-forum-dermoexpert-sobre-els-beneficis-dels-olis-ozonitzats-en-la-cura-del-pacient-senior\/\" \/>\n<meta property=\"og:locale\" content=\"es_ES\" \/>\n<meta property=\"og:type\" content=\"article\" \/>\n<meta property=\"og:title\" content=\"Nou F\u00f2rum Dermoexpert sobre els beneficis dels olis ozonitzats en la cura del pacient s\u00e8nior - Col\u00b7legi de Farmac\u00e8utics de Barcelona\" \/>\n<meta property=\"og:description\" content=\"El passat 4 de maig, el COFB va organitzar el F\u00f2rum Dermoexpert \u201cOlis ozonitzats i cura de la pell del pacient s\u00e8nior\u201d.\" \/>\n<meta property=\"og:url\" content=\"https:\/\/novaorg.cofb.net\/2023\/05\/10\/nou-forum-dermoexpert-sobre-els-beneficis-dels-olis-ozonitzats-en-la-cura-del-pacient-senior\/\" \/>\n<meta property=\"og:site_name\" content=\"Col\u00b7legi de Farmac\u00e8utics de Barcelona\" \/>\n<meta property=\"article:publisher\" content=\"https:\/\/www.facebook.com\/farmaceuticsbcn\/\" \/>\n<meta property=\"article:published_time\" content=\"2023-05-10T16:47:03+00:00\" \/>\n<meta property=\"article:modified_time\" content=\"2023-10-06T11:46:29+00:00\" \/>\n<meta property=\"og:image\" content=\"https:\/\/novaorg.cofb.net\/wp-content\/uploads\/2023\/07\/COFB_Olis-Ozonitzats_08052023_5-scaled-1.jpg\" \/>\n\t<meta property=\"og:image:width\" content=\"2560\" \/>\n\t<meta property=\"og:image:height\" content=\"1427\" \/>\n\t<meta property=\"og:image:type\" content=\"image\/jpeg\" \/>\n<meta name=\"author\" content=\"wpAdminCofbOrg\" \/>\n<meta name=\"twitter:card\" content=\"summary_large_image\" \/>\n<meta name=\"twitter:creator\" content=\"@farmaceuticsbcn\" \/>\n<meta name=\"twitter:site\" content=\"@farmaceuticsbcn\" \/>\n<meta name=\"twitter:label1\" content=\"Escrito por\" \/>\n\t<meta name=\"twitter:data1\" content=\"wpAdminCofbOrg\" \/>\n\t<meta name=\"twitter:label2\" content=\"Tiempo de lectura\" \/>\n\t<meta name=\"twitter:data2\" content=\"5 minutos\" \/>\n<script type=\"application\/ld+json\" class=\"yoast-schema-graph\">{\"@context\":\"https:\/\/schema.org\",\"@graph\":[{\"@type\":\"Article\",\"@id\":\"https:\/\/novaorg.cofb.net\/2023\/05\/10\/nou-forum-dermoexpert-sobre-els-beneficis-dels-olis-ozonitzats-en-la-cura-del-pacient-senior\/#article\",\"isPartOf\":{\"@id\":\"https:\/\/novaorg.cofb.net\/2023\/05\/10\/nou-forum-dermoexpert-sobre-els-beneficis-dels-olis-ozonitzats-en-la-cura-del-pacient-senior\/\"},\"author\":{\"name\":\"wpAdminCofbOrg\",\"@id\":\"https:\/\/www.cofb.org\/#\/schema\/person\/22ed7eea88da74b0fa4d3154ad87ffcb\"},\"headline\":\"Nou F\u00f2rum Dermoexpert sobre els beneficis dels olis ozonitzats en la cura del pacient s\u00e8nior\",\"datePublished\":\"2023-05-10T16:47:03+00:00\",\"dateModified\":\"2023-10-06T11:46:29+00:00\",\"mainEntityOfPage\":{\"@id\":\"https:\/\/novaorg.cofb.net\/2023\/05\/10\/nou-forum-dermoexpert-sobre-els-beneficis-dels-olis-ozonitzats-en-la-cura-del-pacient-senior\/\"},\"wordCount\":873,\"commentCount\":0,\"publisher\":{\"@id\":\"https:\/\/www.cofb.org\/#organization\"},\"image\":{\"@id\":\"https:\/\/novaorg.cofb.net\/2023\/05\/10\/nou-forum-dermoexpert-sobre-els-beneficis-dels-olis-ozonitzats-en-la-cura-del-pacient-senior\/#primaryimage\"},\"thumbnailUrl\":\"https:\/\/www.cofb.org\/wp-content\/uploads\/2023\/07\/COFB_Olis-Ozonitzats_08052023_5-scaled-1.jpg\",\"keywords\":[\"Atenci\u00f3 farmac\u00e8utica\",\"COFB\",\"Col\u00b7legi de Farmac\u00e8utics de Barcelona\",\"cura de la pell\",\"dermis\",\"Dermofarm\u00e0cia\",\"epidermis\",\"farmac\u00e8utics\",\"Farm\u00e0cia\",\"farm\u00e0cia comunit\u00e0ria\",\"Formaci\u00f3\",\"f\u00f2rum dermoexpert\",\"Oficina de farm\u00e0cia\",\"Olis Ozonitzats\",\"pacient gran\",\"pacient s\u00e8nior\",\"patologies\",\"recomanaci\u00f3 farmac\u00e8utica\",\"recomanacions del farmac\u00e8utic\",\"Vocal de Dermofarm\u00e0cia i Productes Sanitaris\"],\"articleSection\":[\"Destacats\",\"M\u00f3n col\u00b7legial\"],\"inLanguage\":\"es\",\"potentialAction\":[{\"@type\":\"CommentAction\",\"name\":\"Comment\",\"target\":[\"https:\/\/novaorg.cofb.net\/2023\/05\/10\/nou-forum-dermoexpert-sobre-els-beneficis-dels-olis-ozonitzats-en-la-cura-del-pacient-senior\/#respond\"]}]},{\"@type\":\"WebPage\",\"@id\":\"https:\/\/novaorg.cofb.net\/2023\/05\/10\/nou-forum-dermoexpert-sobre-els-beneficis-dels-olis-ozonitzats-en-la-cura-del-pacient-senior\/\",\"url\":\"https:\/\/novaorg.cofb.net\/2023\/05\/10\/nou-forum-dermoexpert-sobre-els-beneficis-dels-olis-ozonitzats-en-la-cura-del-pacient-senior\/\",\"name\":\"Nou F\u00f2rum Dermoexpert sobre els beneficis dels olis ozonitzats en la cura del pacient s\u00e8nior - Col\u00b7legi de Farmac\u00e8utics de Barcelona\",\"isPartOf\":{\"@id\":\"https:\/\/www.cofb.org\/#website\"},\"primaryImageOfPage\":{\"@id\":\"https:\/\/novaorg.cofb.net\/2023\/05\/10\/nou-forum-dermoexpert-sobre-els-beneficis-dels-olis-ozonitzats-en-la-cura-del-pacient-senior\/#primaryimage\"},\"image\":{\"@id\":\"https:\/\/novaorg.cofb.net\/2023\/05\/10\/nou-forum-dermoexpert-sobre-els-beneficis-dels-olis-ozonitzats-en-la-cura-del-pacient-senior\/#primaryimage\"},\"thumbnailUrl\":\"https:\/\/www.cofb.org\/wp-content\/uploads\/2023\/07\/COFB_Olis-Ozonitzats_08052023_5-scaled-1.jpg\",\"datePublished\":\"2023-05-10T16:47:03+00:00\",\"dateModified\":\"2023-10-06T11:46:29+00:00\",\"description\":\"El passat 4 de maig, el COFB va organitzar el F\u00f2rum Dermoexpert \u201cOlis ozonitzats i cura de la pell del pacient s\u00e8nior\u201d.\",\"breadcrumb\":{\"@id\":\"https:\/\/novaorg.cofb.net\/2023\/05\/10\/nou-forum-dermoexpert-sobre-els-beneficis-dels-olis-ozonitzats-en-la-cura-del-pacient-senior\/#breadcrumb\"},\"inLanguage\":\"es\",\"potentialAction\":[{\"@type\":\"ReadAction\",\"target\":[\"https:\/\/novaorg.cofb.net\/2023\/05\/10\/nou-forum-dermoexpert-sobre-els-beneficis-dels-olis-ozonitzats-en-la-cura-del-pacient-senior\/\"]}]},{\"@type\":\"ImageObject\",\"inLanguage\":\"es\",\"@id\":\"https:\/\/novaorg.cofb.net\/2023\/05\/10\/nou-forum-dermoexpert-sobre-els-beneficis-dels-olis-ozonitzats-en-la-cura-del-pacient-senior\/#primaryimage\",\"url\":\"https:\/\/www.cofb.org\/wp-content\/uploads\/2023\/07\/COFB_Olis-Ozonitzats_08052023_5-scaled-1.jpg\",\"contentUrl\":\"https:\/\/www.cofb.org\/wp-content\/uploads\/2023\/07\/COFB_Olis-Ozonitzats_08052023_5-scaled-1.jpg\",\"width\":2560,\"height\":1427},{\"@type\":\"BreadcrumbList\",\"@id\":\"https:\/\/novaorg.cofb.net\/2023\/05\/10\/nou-forum-dermoexpert-sobre-els-beneficis-dels-olis-ozonitzats-en-la-cura-del-pacient-senior\/#breadcrumb\",\"itemListElement\":[{\"@type\":\"ListItem\",\"position\":1,\"name\":\"Inici\",\"item\":\"https:\/\/novaorg.cofb.net\/\"},{\"@type\":\"ListItem\",\"position\":2,\"name\":\"Nou F\u00f2rum Dermoexpert sobre els beneficis dels olis ozonitzats en la cura del pacient s\u00e8nior\"}]},{\"@type\":\"WebSite\",\"@id\":\"https:\/\/www.cofb.org\/#website\",\"url\":\"https:\/\/www.cofb.org\/\",\"name\":\"Col\u00b7legi de Farmac\u00e8utics de Barcelona\",\"description\":\"\",\"publisher\":{\"@id\":\"https:\/\/www.cofb.org\/#organization\"},\"potentialAction\":[{\"@type\":\"SearchAction\",\"target\":{\"@type\":\"EntryPoint\",\"urlTemplate\":\"https:\/\/www.cofb.org\/?s={search_term_string}\"},\"query-input\":\"required name=search_term_string\"}],\"inLanguage\":\"es\"},{\"@type\":\"Organization\",\"@id\":\"https:\/\/www.cofb.org\/#organization\",\"name\":\"Col\u00b7legi de Farmac\u00e8utics de Barcelona\",\"url\":\"https:\/\/www.cofb.org\/\",\"logo\":{\"@type\":\"ImageObject\",\"inLanguage\":\"es\",\"@id\":\"https:\/\/www.cofb.org\/#\/schema\/logo\/image\/\",\"url\":\"https:\/\/www.cofb.org\/wp-content\/uploads\/2023\/11\/cropped-Logotip-COFB.png\",\"contentUrl\":\"https:\/\/www.cofb.org\/wp-content\/uploads\/2023\/11\/cropped-Logotip-COFB.png\",\"width\":500,\"height\":105,\"caption\":\"Col\u00b7legi de Farmac\u00e8utics de Barcelona\"},\"image\":{\"@id\":\"https:\/\/www.cofb.org\/#\/schema\/logo\/image\/\"},\"sameAs\":[\"https:\/\/www.facebook.com\/farmaceuticsbcn\/\",\"https:\/\/twitter.com\/farmaceuticsbcn\",\"https:\/\/www.instagram.com\/farmaceuticsbcn\/\",\"https:\/\/www.linkedin.com\/company\/farmaceuticsbcn\/\"]},{\"@type\":\"Person\",\"@id\":\"https:\/\/www.cofb.org\/#\/schema\/person\/22ed7eea88da74b0fa4d3154ad87ffcb\",\"name\":\"wpAdminCofbOrg\",\"image\":{\"@type\":\"ImageObject\",\"inLanguage\":\"es\",\"@id\":\"https:\/\/www.cofb.org\/#\/schema\/person\/image\/\",\"url\":\"https:\/\/secure.gravatar.com\/avatar\/1721b20b3b8ca882c3b56ec6c978c594fff670e40c0718e9190eaeeb76aae7d8?s=96&d=mm&r=g\",\"contentUrl\":\"https:\/\/secure.gravatar.com\/avatar\/1721b20b3b8ca882c3b56ec6c978c594fff670e40c0718e9190eaeeb76aae7d8?s=96&d=mm&r=g\",\"caption\":\"wpAdminCofbOrg\"},\"sameAs\":[\"http:\/\/192.168.64.122\/wordpress\"],\"url\":\"https:\/\/www.cofb.org\/es\/author\/wpadmincofborg\/\"}]}<\/script>\n<!-- \/ Yoast SEO plugin. -->","yoast_head_json":{"title":"Nou F\u00f2rum Dermoexpert sobre els beneficis dels olis ozonitzats en la cura del pacient s\u00e8nior - Col\u00b7legi de Farmac\u00e8utics de Barcelona","description":"El passat 4 de maig, el COFB va organitzar el F\u00f2rum Dermoexpert \u201cOlis ozonitzats i cura de la pell del pacient s\u00e8nior\u201d.","robots":{"index":"index","follow":"follow","max-snippet":"max-snippet:-1","max-image-preview":"max-image-preview:large","max-video-preview":"max-video-preview:-1"},"canonical":"https:\/\/novaorg.cofb.net\/2023\/05\/10\/nou-forum-dermoexpert-sobre-els-beneficis-dels-olis-ozonitzats-en-la-cura-del-pacient-senior\/","og_locale":"es_ES","og_type":"article","og_title":"Nou F\u00f2rum Dermoexpert sobre els beneficis dels olis ozonitzats en la cura del pacient s\u00e8nior - Col\u00b7legi de Farmac\u00e8utics de Barcelona","og_description":"El passat 4 de maig, el COFB va organitzar el F\u00f2rum Dermoexpert \u201cOlis ozonitzats i cura de la pell del pacient s\u00e8nior\u201d.","og_url":"https:\/\/novaorg.cofb.net\/2023\/05\/10\/nou-forum-dermoexpert-sobre-els-beneficis-dels-olis-ozonitzats-en-la-cura-del-pacient-senior\/","og_site_name":"Col\u00b7legi de Farmac\u00e8utics de Barcelona","article_publisher":"https:\/\/www.facebook.com\/farmaceuticsbcn\/","article_published_time":"2023-05-10T16:47:03+00:00","article_modified_time":"2023-10-06T11:46:29+00:00","og_image":[{"width":2560,"height":1427,"url":"https:\/\/novaorg.cofb.net\/wp-content\/uploads\/2023\/07\/COFB_Olis-Ozonitzats_08052023_5-scaled-1.jpg","type":"image\/jpeg"}],"author":"wpAdminCofbOrg","twitter_card":"summary_large_image","twitter_creator":"@farmaceuticsbcn","twitter_site":"@farmaceuticsbcn","twitter_misc":{"Escrito por":"wpAdminCofbOrg","Tiempo de lectura":"5 minutos"},"schema":{"@context":"https:\/\/schema.org","@graph":[{"@type":"Article","@id":"https:\/\/novaorg.cofb.net\/2023\/05\/10\/nou-forum-dermoexpert-sobre-els-beneficis-dels-olis-ozonitzats-en-la-cura-del-pacient-senior\/#article","isPartOf":{"@id":"https:\/\/novaorg.cofb.net\/2023\/05\/10\/nou-forum-dermoexpert-sobre-els-beneficis-dels-olis-ozonitzats-en-la-cura-del-pacient-senior\/"},"author":{"name":"wpAdminCofbOrg","@id":"https:\/\/www.cofb.org\/#\/schema\/person\/22ed7eea88da74b0fa4d3154ad87ffcb"},"headline":"Nou F\u00f2rum Dermoexpert sobre els beneficis dels olis ozonitzats en la cura del pacient s\u00e8nior","datePublished":"2023-05-10T16:47:03+00:00","dateModified":"2023-10-06T11:46:29+00:00","mainEntityOfPage":{"@id":"https:\/\/novaorg.cofb.net\/2023\/05\/10\/nou-forum-dermoexpert-sobre-els-beneficis-dels-olis-ozonitzats-en-la-cura-del-pacient-senior\/"},"wordCount":873,"commentCount":0,"publisher":{"@id":"https:\/\/www.cofb.org\/#organization"},"image":{"@id":"https:\/\/novaorg.cofb.net\/2023\/05\/10\/nou-forum-dermoexpert-sobre-els-beneficis-dels-olis-ozonitzats-en-la-cura-del-pacient-senior\/#primaryimage"},"thumbnailUrl":"https:\/\/www.cofb.org\/wp-content\/uploads\/2023\/07\/COFB_Olis-Ozonitzats_08052023_5-scaled-1.jpg","keywords":["Atenci\u00f3 farmac\u00e8utica","COFB","Col\u00b7legi de Farmac\u00e8utics de Barcelona","cura de la pell","dermis","Dermofarm\u00e0cia","epidermis","farmac\u00e8utics","Farm\u00e0cia","farm\u00e0cia comunit\u00e0ria","Formaci\u00f3","f\u00f2rum dermoexpert","Oficina de farm\u00e0cia","Olis Ozonitzats","pacient gran","pacient s\u00e8nior","patologies","recomanaci\u00f3 farmac\u00e8utica","recomanacions del farmac\u00e8utic","Vocal de Dermofarm\u00e0cia i Productes Sanitaris"],"articleSection":["Destacats","M\u00f3n col\u00b7legial"],"inLanguage":"es","potentialAction":[{"@type":"CommentAction","name":"Comment","target":["https:\/\/novaorg.cofb.net\/2023\/05\/10\/nou-forum-dermoexpert-sobre-els-beneficis-dels-olis-ozonitzats-en-la-cura-del-pacient-senior\/#respond"]}]},{"@type":"WebPage","@id":"https:\/\/novaorg.cofb.net\/2023\/05\/10\/nou-forum-dermoexpert-sobre-els-beneficis-dels-olis-ozonitzats-en-la-cura-del-pacient-senior\/","url":"https:\/\/novaorg.cofb.net\/2023\/05\/10\/nou-forum-dermoexpert-sobre-els-beneficis-dels-olis-ozonitzats-en-la-cura-del-pacient-senior\/","name":"Nou F\u00f2rum Dermoexpert sobre els beneficis dels olis ozonitzats en la cura del pacient s\u00e8nior - Col\u00b7legi de Farmac\u00e8utics de Barcelona","isPartOf":{"@id":"https:\/\/www.cofb.org\/#website"},"primaryImageOfPage":{"@id":"https:\/\/novaorg.cofb.net\/2023\/05\/10\/nou-forum-dermoexpert-sobre-els-beneficis-dels-olis-ozonitzats-en-la-cura-del-pacient-senior\/#primaryimage"},"image":{"@id":"https:\/\/novaorg.cofb.net\/2023\/05\/10\/nou-forum-dermoexpert-sobre-els-beneficis-dels-olis-ozonitzats-en-la-cura-del-pacient-senior\/#primaryimage"},"thumbnailUrl":"https:\/\/www.cofb.org\/wp-content\/uploads\/2023\/07\/COFB_Olis-Ozonitzats_08052023_5-scaled-1.jpg","datePublished":"2023-05-10T16:47:03+00:00","dateModified":"2023-10-06T11:46:29+00:00","description":"El passat 4 de maig, el COFB va organitzar el F\u00f2rum Dermoexpert \u201cOlis ozonitzats i cura de la pell del pacient s\u00e8nior\u201d.","breadcrumb":{"@id":"https:\/\/novaorg.cofb.net\/2023\/05\/10\/nou-forum-dermoexpert-sobre-els-beneficis-dels-olis-ozonitzats-en-la-cura-del-pacient-senior\/#breadcrumb"},"inLanguage":"es","potentialAction":[{"@type":"ReadAction","target":["https:\/\/novaorg.cofb.net\/2023\/05\/10\/nou-forum-dermoexpert-sobre-els-beneficis-dels-olis-ozonitzats-en-la-cura-del-pacient-senior\/"]}]},{"@type":"ImageObject","inLanguage":"es","@id":"https:\/\/novaorg.cofb.net\/2023\/05\/10\/nou-forum-dermoexpert-sobre-els-beneficis-dels-olis-ozonitzats-en-la-cura-del-pacient-senior\/#primaryimage","url":"https:\/\/www.cofb.org\/wp-content\/uploads\/2023\/07\/COFB_Olis-Ozonitzats_08052023_5-scaled-1.jpg","contentUrl":"https:\/\/www.cofb.org\/wp-content\/uploads\/2023\/07\/COFB_Olis-Ozonitzats_08052023_5-scaled-1.jpg","width":2560,"height":1427},{"@type":"BreadcrumbList","@id":"https:\/\/novaorg.cofb.net\/2023\/05\/10\/nou-forum-dermoexpert-sobre-els-beneficis-dels-olis-ozonitzats-en-la-cura-del-pacient-senior\/#breadcrumb","itemListElement":[{"@type":"ListItem","position":1,"name":"Inici","item":"https:\/\/novaorg.cofb.net\/"},{"@type":"ListItem","position":2,"name":"Nou F\u00f2rum Dermoexpert sobre els beneficis dels olis ozonitzats en la cura del pacient s\u00e8nior"}]},{"@type":"WebSite","@id":"https:\/\/www.cofb.org\/#website","url":"https:\/\/www.cofb.org\/","name":"Col\u00b7legi de Farmac\u00e8utics de Barcelona","description":"","publisher":{"@id":"https:\/\/www.cofb.org\/#organization"},"potentialAction":[{"@type":"SearchAction","target":{"@type":"EntryPoint","urlTemplate":"https:\/\/www.cofb.org\/?s={search_term_string}"},"query-input":"required name=search_term_string"}],"inLanguage":"es"},{"@type":"Organization","@id":"https:\/\/www.cofb.org\/#organization","name":"Col\u00b7legi de Farmac\u00e8utics de Barcelona","url":"https:\/\/www.cofb.org\/","logo":{"@type":"ImageObject","inLanguage":"es","@id":"https:\/\/www.cofb.org\/#\/schema\/logo\/image\/","url":"https:\/\/www.cofb.org\/wp-content\/uploads\/2023\/11\/cropped-Logotip-COFB.png","contentUrl":"https:\/\/www.cofb.org\/wp-content\/uploads\/2023\/11\/cropped-Logotip-COFB.png","width":500,"height":105,"caption":"Col\u00b7legi de Farmac\u00e8utics de Barcelona"},"image":{"@id":"https:\/\/www.cofb.org\/#\/schema\/logo\/image\/"},"sameAs":["https:\/\/www.facebook.com\/farmaceuticsbcn\/","https:\/\/twitter.com\/farmaceuticsbcn","https:\/\/www.instagram.com\/farmaceuticsbcn\/","https:\/\/www.linkedin.com\/company\/farmaceuticsbcn\/"]},{"@type":"Person","@id":"https:\/\/www.cofb.org\/#\/schema\/person\/22ed7eea88da74b0fa4d3154ad87ffcb","name":"wpAdminCofbOrg","image":{"@type":"ImageObject","inLanguage":"es","@id":"https:\/\/www.cofb.org\/#\/schema\/person\/image\/","url":"https:\/\/secure.gravatar.com\/avatar\/1721b20b3b8ca882c3b56ec6c978c594fff670e40c0718e9190eaeeb76aae7d8?s=96&d=mm&r=g","contentUrl":"https:\/\/secure.gravatar.com\/avatar\/1721b20b3b8ca882c3b56ec6c978c594fff670e40c0718e9190eaeeb76aae7d8?s=96&d=mm&r=g","caption":"wpAdminCofbOrg"},"sameAs":["http:\/\/192.168.64.122\/wordpress"],"url":"https:\/\/www.cofb.org\/es\/author\/wpadmincofborg\/"}]}},"uagb_featured_image_src":{"full":["https:\/\/www.cofb.org\/wp-content\/uploads\/2023\/07\/COFB_Olis-Ozonitzats_08052023_5-scaled-1.jpg",2560,1427,false],"thumbnail":["https:\/\/www.cofb.org\/wp-content\/uploads\/2023\/07\/COFB_Olis-Ozonitzats_08052023_5-scaled-1-150x150.jpg",150,150,true],"medium":["https:\/\/www.cofb.org\/wp-content\/uploads\/2023\/07\/COFB_Olis-Ozonitzats_08052023_5-scaled-1-300x167.jpg",300,167,true],"medium_large":["https:\/\/www.cofb.org\/wp-content\/uploads\/2023\/07\/COFB_Olis-Ozonitzats_08052023_5-scaled-1-768x428.jpg",768,428,true],"large":["https:\/\/www.cofb.org\/wp-content\/uploads\/2023\/07\/COFB_Olis-Ozonitzats_08052023_5-scaled-1-1024x571.jpg",1024,571,true],"1536x1536":["https:\/\/www.cofb.org\/wp-content\/uploads\/2023\/07\/COFB_Olis-Ozonitzats_08052023_5-scaled-1-1536x856.jpg",1536,856,true],"2048x2048":["https:\/\/www.cofb.org\/wp-content\/uploads\/2023\/07\/COFB_Olis-Ozonitzats_08052023_5-scaled-1-2048x1142.jpg",2048,1142,true],"trp-custom-language-flag":["https:\/\/www.cofb.org\/wp-content\/uploads\/2023\/07\/COFB_Olis-Ozonitzats_08052023_5-scaled-1.jpg",18,10,false]},"uagb_author_info":{"display_name":"wpAdminCofbOrg","author_link":"https:\/\/www.cofb.org\/es\/author\/wpadmincofborg\/"},"uagb_comment_info":0,"uagb_excerpt":"El passat 4 de maig, el Col\u00b7legi de Farmac\u00e8utics de Barcelona (COFB) va organitzar el F\u00f2rum Dermoexpert \u201cOlis ozonitzats i cura de la pell del pacient s\u00e8nior\u201d amb el patrocini de Laboratorios Ozoaqua. La confer\u00e8ncia va anar a c\u00e0rrec del dermat\u00f2leg adjunt de l\u2019Hospital Vega Baja i l\u2019Institut M\u00e8dic Ricart [&hellip;]","_links":{"self":[{"href":"https:\/\/www.cofb.org\/es\/wp-json\/wp\/v2\/posts\/66838","targetHints":{"allow":["GET"]}}],"collection":[{"href":"https:\/\/www.cofb.org\/es\/wp-json\/wp\/v2\/posts"}],"about":[{"href":"https:\/\/www.cofb.org\/es\/wp-json\/wp\/v2\/types\/post"}],"author":[{"embeddable":true,"href":"https:\/\/www.cofb.org\/es\/wp-json\/wp\/v2\/users\/1"}],"replies":[{"embeddable":true,"href":"https:\/\/www.cofb.org\/es\/wp-json\/wp\/v2\/comments?post=66838"}],"version-history":[{"count":2,"href":"https:\/\/www.cofb.org\/es\/wp-json\/wp\/v2\/posts\/66838\/revisions"}],"predecessor-version":[{"id":68943,"href":"https:\/\/www.cofb.org\/es\/wp-json\/wp\/v2\/posts\/66838\/revisions\/68943"}],"wp:featuredmedia":[{"embeddable":true,"href":"https:\/\/www.cofb.org\/es\/wp-json\/wp\/v2\/media\/67678"}],"wp:attachment":[{"href":"https:\/\/www.cofb.org\/es\/wp-json\/wp\/v2\/media?parent=66838"}],"wp:term":[{"taxonomy":"category","embeddable":true,"href":"https:\/\/www.cofb.org\/es\/wp-json\/wp\/v2\/categories?post=66838"},{"taxonomy":"post_tag","embeddable":true,"href":"https:\/\/www.cofb.org\/es\/wp-json\/wp\/v2\/tags?post=66838"}],"curies":[{"name":"wp","href":"https:\/\/api.w.org\/{rel}","templated":true}]}}