{"id":66718,"date":"2023-04-14T12:07:56","date_gmt":"2023-04-14T10:07:56","guid":{"rendered":"https:\/\/blog.cofb.cat\/?p=66718"},"modified":"2023-07-27T08:52:46","modified_gmt":"2023-07-27T08:52:46","slug":"salut-i-el-consell-de-collegis-farmaceutics-de-catalunya-prorroguen-un-any-mes-el-desplegament-de-latencio-farmaceutica-comunitaria","status":"publish","type":"post","link":"https:\/\/www.cofb.org\/es\/2023\/04\/14\/salut-i-el-consell-de-collegis-farmaceutics-de-catalunya-prorroguen-un-any-mes-el-desplegament-de-latencio-farmaceutica-comunitaria\/","title":{"rendered":"Salud y el Consejo de Colegios Farmac\u00e9uticos de Catalu\u00f1a prorrogan un a\u00f1o m\u00e1s el despliegue de la atenci\u00f3n farmac\u00e9utica comunitaria"},"content":{"rendered":"<p>El Departamento de Salud y el Consejo de Colegios Farmac\u00e9uticos de Catalunya (CCFC) han ratificado el Convenio estrat\u00e9gico de atenci\u00f3n farmac\u00e9utica comunitaria un a\u00f1o m\u00e1s. <strong>El objetivo de esta colaboraci\u00f3n es avanzar en el desarrollo de la atenci\u00f3n farmac\u00e9utica comunitaria en el sistema de salud a trav\u00e9s de tres \u00e1mbitos principales<\/strong>: la promoci\u00f3n de la salud y la prevenci\u00f3n de la enfermedad; la accesibilidad y la coordinaci\u00f3n asistencial, y la atenci\u00f3n y seguimiento farmacoterap\u00e9utico a pacientes con enfermedades cr\u00f3nicas. El Convenio est\u00e1 recogido en el Plan de salud de Catalu\u00f1a 2021-2025, que prioriza las oficinas de farmacia como elemento de atenci\u00f3n sanitaria de proximidad en la red de salud.<\/p>\n\n\n\n<figure class=\"wp-block-image size-large\"><img decoding=\"async\" src=\"https:\/\/blog.cofb.cat\/wp-content\/uploads\/2023\/04\/COFB_CONVENISALUT_14042023_01-1-1024x512.jpg\" alt=\"\" class=\"wp-image-66722\"\/><\/figure>\n\n\n\n<p>Dentro del primer \u00e1mbito, de <strong>promoci\u00f3n de la salud y prevenci\u00f3n de la enfermedad<\/strong>, se ha reanudado la actividad del <strong>Programa de educaci\u00f3n sanitaria sobre el buen uso de los medicamentos (PESBUM)<\/strong>, un servicio farmac\u00e9utico que realiza sesiones de educaci\u00f3n sanitaria sobre medicamentos a la ciudadan\u00eda. A lo largo de 2022 se han realizado 262 sesiones y este a\u00f1o se har\u00e1n 500. Adem\u00e1s, se ha incorporado una nueva l\u00ednea de trabajo, conjuntamente con el Departamento de Educaci\u00f3n, para realizar las sesiones en centros educativos, concretamente en j\u00f3venes de tercero de ESO. Se ha realizado una prueba piloto en centros educativos de comarcas de Girona y Barcelona y se prev\u00e9 ampliar las sesiones en centros educativos durante el 2023.<\/p>\n\n\n\n<p>Adem\u00e1s, el Convenio de colaboraci\u00f3n entre Salut y las oficinas de farmacia ha permitido realizar 442.000 pruebas de <strong>cribado de c\u00e1ncer de colon <\/strong>con automuestra durante el a\u00f1o 2022. Este Programa se ha desplegado en casi todo el territorio y durante el 2023 se ampliar\u00e1 la cobertura a la Regi\u00f3n Sanitaria Terres de l&#039;Ebre. El servicio farmac\u00e9utico ofrece informaci\u00f3n a la ciudadan\u00eda, entrega el material para realizar la muestra y lo env\u00eda al laboratorio.<\/p>\n\n\n\n<p>Tambi\u00e9n se ha activado la fase piloto del <strong>cribado de c\u00e1ncer de cuello uterino<\/strong> con automuestra. La prueba est\u00e1 en curso en las unidades de atenci\u00f3n a la salud sexual y reproductiva (ASSIR) de Gav\u00e0 y El Prat, y con el Hospital de Bellvitge como laboratorio de referencia. Desde el inicio de la fase piloto hasta enero de 2023, unas 2.700 mujeres han aceptado participar, de las cuales m\u00e1s de 2.500 ya han participado, y se han procesado en el laboratorio m\u00e1s de 2.470 muestras. A lo largo de 2023 se consolidar\u00e1 la prueba piloto para preparar su ampliaci\u00f3n a otras regiones sanitarias.<\/p>\n\n\n\n<p>En el \u00e1mbito de <strong>la accesibilidad y la coordinaci\u00f3n asistencial<\/strong>, desde 2021 se han atendido 88.615 peticiones de entrega en proximidad de <strong>medicamentos hospitalarios de dispensaci\u00f3n ambulatoria (MHDA)<\/strong> de 11.369 pacientes, con la participaci\u00f3n de 2.934 oficinas de farmacia, 39 hospitales y distribuci\u00f3n farmac\u00e9utica. Se trata de un procedimiento para mejorar la accesibilidad del paciente a la MHDA que se inici\u00f3 a ra\u00edz de la pandemia de la COVID-19.<\/p>\n\n\n\n<p>En cuanto al<strong>atenci\u00f3n y el seguimiento farmacoterap\u00e9utico<\/strong>, se ha actualizado la Gu\u00eda por el abordaje de la hipertensi\u00f3n arterial en la farmacia comunitaria.<\/p>\n\n\n\n<h2 class=\"wp-block-heading\"><strong><strong>Una respuesta r\u00e1pida a la evoluci\u00f3n de la COVID-19<\/strong><\/strong><\/h2>\n\n\n\n<p>El Convenio, que naci\u00f3 en el contexto de la COVID-19, ha permitido desarrollar en paralelo a las principales actuaciones <strong>Programa de test de ant\u00edgenos r\u00e1pido (TAR)<\/strong> para contribuir a la detecci\u00f3n y reducci\u00f3n de esta enfermedad. En el marco de este Programa de colaboraci\u00f3n, las farmacias han supervisado, en estos dos a\u00f1os, 576.404 test financiados enmarcados en cribados de salud p\u00fablica. Asimismo, las oficinas de farmacia notificaron 350.326 casos positivos a partir de los test realizados por los usuarios en el domicilio.<\/p>\n\n\n\n<p>Tambi\u00e9n se ha desarrollado el procedimiento de <strong>distribuci\u00f3n y dispensaci\u00f3n del medicamento Paxlovid<\/strong> a trav\u00e9s de las farmacias y, hasta febrero de 2023, se ha dispensado a 1.819 pacientes.<\/p>","protected":false},"excerpt":{"rendered":"<p>El Departamento de Salud y el Consejo de Colegios Farmac\u00e9uticos de Catalunya (CCFC) han ratificado el Convenio estrat\u00e9gico de atenci\u00f3n farmac\u00e9utica comunitaria un a\u00f1o m\u00e1s. El objetivo de esta colaboraci\u00f3n es avanzar en el desarrollo de la atenci\u00f3n farmac\u00e9utica comunitaria en el sistema de salud a trav\u00e9s de tres \u00e1mbitos principales: la promoci\u00f3n de [\u2026]<\/p>","protected":false},"author":1,"featured_media":67696,"comment_status":"open","ping_status":"open","sticky":false,"template":"","format":"standard","meta":{"_uag_custom_page_level_css":"","site-sidebar-layout":"default","site-content-layout":"","ast-site-content-layout":"default","site-content-style":"default","site-sidebar-style":"default","ast-global-header-display":"","ast-banner-title-visibility":"","ast-main-header-display":"","ast-hfb-above-header-display":"","ast-hfb-below-header-display":"","ast-hfb-mobile-header-display":"","site-post-title":"","ast-breadcrumbs-content":"","ast-featured-img":"disabled","footer-sml-layout":"","theme-transparent-header-meta":"","adv-header-id-meta":"","stick-header-meta":"","header-above-stick-meta":"","header-main-stick-meta":"","header-below-stick-meta":"","astra-migrate-meta-layouts":"default","ast-page-background-enabled":"default","ast-page-background-meta":{"desktop":{"background-color":"var(--ast-global-color-4)","background-image":"","background-repeat":"repeat","background-position":"center center","background-size":"auto","background-attachment":"scroll","background-type":"","background-media":"","overlay-type":"","overlay-color":"","overlay-opacity":"","overlay-gradient":""},"tablet":{"background-color":"","background-image":"","background-repeat":"repeat","background-position":"center center","background-size":"auto","background-attachment":"scroll","background-type":"","background-media":"","overlay-type":"","overlay-color":"","overlay-opacity":"","overlay-gradient":""},"mobile":{"background-color":"","background-image":"","background-repeat":"repeat","background-position":"center center","background-size":"auto","background-attachment":"scroll","background-type":"","background-media":"","overlay-type":"","overlay-color":"","overlay-opacity":"","overlay-gradient":""}},"ast-content-background-meta":{"desktop":{"background-color":"var(--ast-global-color-5)","background-image":"","background-repeat":"repeat","background-position":"center center","background-size":"auto","background-attachment":"scroll","background-type":"","background-media":"","overlay-type":"","overlay-color":"","overlay-opacity":"","overlay-gradient":""},"tablet":{"background-color":"var(--ast-global-color-5)","background-image":"","background-repeat":"repeat","background-position":"center center","background-size":"auto","background-attachment":"scroll","background-type":"","background-media":"","overlay-type":"","overlay-color":"","overlay-opacity":"","overlay-gradient":""},"mobile":{"background-color":"var(--ast-global-color-5)","background-image":"","background-repeat":"repeat","background-position":"center center","background-size":"auto","background-attachment":"scroll","background-type":"","background-media":"","overlay-type":"","overlay-color":"","overlay-opacity":"","overlay-gradient":""}},"footnotes":""},"categories":[23,32],"tags":[306,307,64,308,309,310,311,312,53,313,314,315,76,59,316,317,318,117,267],"class_list":["post-66718","post","type-post","status-publish","format-standard","has-post-thumbnail","hentry","category-destacats","category-noticies-farmacia","tag-accessibilitat","tag-atencio","tag-atencio-farmaceutica","tag-ccfc","tag-coordinacio-assitencial","tag-cribatge-de-cancer-de-colon","tag-departament-de-salut","tag-educacio-sanitaria","tag-farmaceutics","tag-hipertensio-arterial","tag-malalties-croniques","tag-medicaments-hospitalaris","tag-oficina-de-farmacia","tag-pacients","tag-prevencio-de-la-malaltia","tag-programa-de-test-dantigens","tag-promocio-de-la-salut","tag-salut","tag-seguiment-farmacoterapeutic"],"yoast_head":"<!-- This site is optimized with the Yoast SEO plugin v22.4 - https:\/\/yoast.com\/wordpress\/plugins\/seo\/ -->\n<title>Salut i el Consell de Col\u00b7legis Farmac\u00e8utics de Catalunya prorroguen un any m\u00e9s el desplegament de l\u2019atenci\u00f3 farmac\u00e8utica comunit\u00e0ria - Col\u00b7legi de Farmac\u00e8utics de Barcelona<\/title>\n<meta name=\"description\" content=\"Salut i el Consell de Col\u00b7legis Farmac\u00e8utics de Catalunya prorroguen un any m\u00e9s el desplegament de l\u2019atenci\u00f3 farmac\u00e8utica comunit\u00e0ria\" \/>\n<meta name=\"robots\" content=\"index, follow, max-snippet:-1, max-image-preview:large, max-video-preview:-1\" \/>\n<link rel=\"canonical\" href=\"https:\/\/novaorg.cofb.net\/2023\/04\/14\/salut-i-el-consell-de-collegis-farmaceutics-de-catalunya-prorroguen-un-any-mes-el-desplegament-de-latencio-farmaceutica-comunitaria\/\" \/>\n<meta property=\"og:locale\" content=\"es_ES\" \/>\n<meta property=\"og:type\" content=\"article\" \/>\n<meta property=\"og:title\" content=\"Salut i el Consell de Col\u00b7legis Farmac\u00e8utics de Catalunya prorroguen un any m\u00e9s el desplegament de l\u2019atenci\u00f3 farmac\u00e8utica comunit\u00e0ria - Col\u00b7legi de Farmac\u00e8utics de Barcelona\" \/>\n<meta property=\"og:description\" content=\"Salut i el Consell de Col\u00b7legis Farmac\u00e8utics de Catalunya prorroguen un any m\u00e9s el desplegament de l\u2019atenci\u00f3 farmac\u00e8utica comunit\u00e0ria\" \/>\n<meta property=\"og:url\" content=\"https:\/\/novaorg.cofb.net\/2023\/04\/14\/salut-i-el-consell-de-collegis-farmaceutics-de-catalunya-prorroguen-un-any-mes-el-desplegament-de-latencio-farmaceutica-comunitaria\/\" \/>\n<meta property=\"og:site_name\" content=\"Col\u00b7legi de Farmac\u00e8utics de Barcelona\" \/>\n<meta property=\"article:publisher\" content=\"https:\/\/www.facebook.com\/farmaceuticsbcn\/\" \/>\n<meta property=\"article:published_time\" content=\"2023-04-14T10:07:56+00:00\" \/>\n<meta property=\"article:modified_time\" content=\"2023-07-27T08:52:46+00:00\" \/>\n<meta property=\"og:image\" content=\"https:\/\/novaorg.cofb.net\/wp-content\/uploads\/2023\/07\/COFB_CONVENISALUT_14042023_01-1-1024x512-1.jpg\" \/>\n\t<meta property=\"og:image:width\" content=\"1024\" \/>\n\t<meta property=\"og:image:height\" content=\"512\" \/>\n\t<meta property=\"og:image:type\" content=\"image\/jpeg\" \/>\n<meta name=\"author\" content=\"wpAdminCofbOrg\" \/>\n<meta name=\"twitter:card\" content=\"summary_large_image\" \/>\n<meta name=\"twitter:creator\" content=\"@farmaceuticsbcn\" \/>\n<meta name=\"twitter:site\" content=\"@farmaceuticsbcn\" \/>\n<meta name=\"twitter:label1\" content=\"Escrito por\" \/>\n\t<meta name=\"twitter:data1\" content=\"wpAdminCofbOrg\" \/>\n\t<meta name=\"twitter:label2\" content=\"Tiempo de lectura\" \/>\n\t<meta name=\"twitter:data2\" content=\"3 minutos\" \/>\n<script type=\"application\/ld+json\" class=\"yoast-schema-graph\">{\"@context\":\"https:\/\/schema.org\",\"@graph\":[{\"@type\":\"Article\",\"@id\":\"https:\/\/novaorg.cofb.net\/2023\/04\/14\/salut-i-el-consell-de-collegis-farmaceutics-de-catalunya-prorroguen-un-any-mes-el-desplegament-de-latencio-farmaceutica-comunitaria\/#article\",\"isPartOf\":{\"@id\":\"https:\/\/novaorg.cofb.net\/2023\/04\/14\/salut-i-el-consell-de-collegis-farmaceutics-de-catalunya-prorroguen-un-any-mes-el-desplegament-de-latencio-farmaceutica-comunitaria\/\"},\"author\":{\"name\":\"wpAdminCofbOrg\",\"@id\":\"https:\/\/www.cofb.org\/#\/schema\/person\/22ed7eea88da74b0fa4d3154ad87ffcb\"},\"headline\":\"Salut i el Consell de Col\u00b7legis Farmac\u00e8utics de Catalunya prorroguen un any m\u00e9s el desplegament de l\u2019atenci\u00f3 farmac\u00e8utica comunit\u00e0ria\",\"datePublished\":\"2023-04-14T10:07:56+00:00\",\"dateModified\":\"2023-07-27T08:52:46+00:00\",\"mainEntityOfPage\":{\"@id\":\"https:\/\/novaorg.cofb.net\/2023\/04\/14\/salut-i-el-consell-de-collegis-farmaceutics-de-catalunya-prorroguen-un-any-mes-el-desplegament-de-latencio-farmaceutica-comunitaria\/\"},\"wordCount\":690,\"commentCount\":0,\"publisher\":{\"@id\":\"https:\/\/www.cofb.org\/#organization\"},\"image\":{\"@id\":\"https:\/\/novaorg.cofb.net\/2023\/04\/14\/salut-i-el-consell-de-collegis-farmaceutics-de-catalunya-prorroguen-un-any-mes-el-desplegament-de-latencio-farmaceutica-comunitaria\/#primaryimage\"},\"thumbnailUrl\":\"https:\/\/www.cofb.org\/wp-content\/uploads\/2023\/07\/COFB_CONVENISALUT_14042023_01-1-1024x512-1.jpg\",\"keywords\":[\"accessibilitat\",\"atenci\u00f3\",\"Atenci\u00f3 farmac\u00e8utica\",\"CCFC\",\"coordinaci\u00f3 assitencial\",\"cribatge de c\u00e0ncer de c\u00f2lon\",\"Departament de Salut\",\"educaci\u00f3 sanit\u00e0ria\",\"farmac\u00e8utics\",\"hipertensi\u00f3 arterial\",\"malalties cr\u00f2niques\",\"medicaments hospitalaris\",\"Oficina de farm\u00e0cia\",\"pacients\",\"prevenci\u00f3 de la malaltia\",\"Programa de test d&#039;ant\u00edgens\",\"promoci\u00f3 de la salut\",\"salut\",\"seguiment farmacoterap\u00e8utic\"],\"articleSection\":[\"Destacats\",\"Not\u00edcies farm\u00e0cia\"],\"inLanguage\":\"es\",\"potentialAction\":[{\"@type\":\"CommentAction\",\"name\":\"Comment\",\"target\":[\"https:\/\/novaorg.cofb.net\/2023\/04\/14\/salut-i-el-consell-de-collegis-farmaceutics-de-catalunya-prorroguen-un-any-mes-el-desplegament-de-latencio-farmaceutica-comunitaria\/#respond\"]}]},{\"@type\":\"WebPage\",\"@id\":\"https:\/\/novaorg.cofb.net\/2023\/04\/14\/salut-i-el-consell-de-collegis-farmaceutics-de-catalunya-prorroguen-un-any-mes-el-desplegament-de-latencio-farmaceutica-comunitaria\/\",\"url\":\"https:\/\/novaorg.cofb.net\/2023\/04\/14\/salut-i-el-consell-de-collegis-farmaceutics-de-catalunya-prorroguen-un-any-mes-el-desplegament-de-latencio-farmaceutica-comunitaria\/\",\"name\":\"Salut i el Consell de Col\u00b7legis Farmac\u00e8utics de Catalunya prorroguen un any m\u00e9s el desplegament de l\u2019atenci\u00f3 farmac\u00e8utica comunit\u00e0ria - Col\u00b7legi de Farmac\u00e8utics de Barcelona\",\"isPartOf\":{\"@id\":\"https:\/\/www.cofb.org\/#website\"},\"primaryImageOfPage\":{\"@id\":\"https:\/\/novaorg.cofb.net\/2023\/04\/14\/salut-i-el-consell-de-collegis-farmaceutics-de-catalunya-prorroguen-un-any-mes-el-desplegament-de-latencio-farmaceutica-comunitaria\/#primaryimage\"},\"image\":{\"@id\":\"https:\/\/novaorg.cofb.net\/2023\/04\/14\/salut-i-el-consell-de-collegis-farmaceutics-de-catalunya-prorroguen-un-any-mes-el-desplegament-de-latencio-farmaceutica-comunitaria\/#primaryimage\"},\"thumbnailUrl\":\"https:\/\/www.cofb.org\/wp-content\/uploads\/2023\/07\/COFB_CONVENISALUT_14042023_01-1-1024x512-1.jpg\",\"datePublished\":\"2023-04-14T10:07:56+00:00\",\"dateModified\":\"2023-07-27T08:52:46+00:00\",\"description\":\"Salut i el Consell de Col\u00b7legis Farmac\u00e8utics de Catalunya prorroguen un any m\u00e9s el desplegament de l\u2019atenci\u00f3 farmac\u00e8utica comunit\u00e0ria\",\"breadcrumb\":{\"@id\":\"https:\/\/novaorg.cofb.net\/2023\/04\/14\/salut-i-el-consell-de-collegis-farmaceutics-de-catalunya-prorroguen-un-any-mes-el-desplegament-de-latencio-farmaceutica-comunitaria\/#breadcrumb\"},\"inLanguage\":\"es\",\"potentialAction\":[{\"@type\":\"ReadAction\",\"target\":[\"https:\/\/novaorg.cofb.net\/2023\/04\/14\/salut-i-el-consell-de-collegis-farmaceutics-de-catalunya-prorroguen-un-any-mes-el-desplegament-de-latencio-farmaceutica-comunitaria\/\"]}]},{\"@type\":\"ImageObject\",\"inLanguage\":\"es\",\"@id\":\"https:\/\/novaorg.cofb.net\/2023\/04\/14\/salut-i-el-consell-de-collegis-farmaceutics-de-catalunya-prorroguen-un-any-mes-el-desplegament-de-latencio-farmaceutica-comunitaria\/#primaryimage\",\"url\":\"https:\/\/www.cofb.org\/wp-content\/uploads\/2023\/07\/COFB_CONVENISALUT_14042023_01-1-1024x512-1.jpg\",\"contentUrl\":\"https:\/\/www.cofb.org\/wp-content\/uploads\/2023\/07\/COFB_CONVENISALUT_14042023_01-1-1024x512-1.jpg\",\"width\":1024,\"height\":512},{\"@type\":\"BreadcrumbList\",\"@id\":\"https:\/\/novaorg.cofb.net\/2023\/04\/14\/salut-i-el-consell-de-collegis-farmaceutics-de-catalunya-prorroguen-un-any-mes-el-desplegament-de-latencio-farmaceutica-comunitaria\/#breadcrumb\",\"itemListElement\":[{\"@type\":\"ListItem\",\"position\":1,\"name\":\"Inici\",\"item\":\"https:\/\/novaorg.cofb.net\/\"},{\"@type\":\"ListItem\",\"position\":2,\"name\":\"Salut i el Consell de Col\u00b7legis Farmac\u00e8utics de Catalunya prorroguen un any m\u00e9s el desplegament de l\u2019atenci\u00f3 farmac\u00e8utica comunit\u00e0ria\"}]},{\"@type\":\"WebSite\",\"@id\":\"https:\/\/www.cofb.org\/#website\",\"url\":\"https:\/\/www.cofb.org\/\",\"name\":\"Col\u00b7legi de Farmac\u00e8utics de Barcelona\",\"description\":\"\",\"publisher\":{\"@id\":\"https:\/\/www.cofb.org\/#organization\"},\"potentialAction\":[{\"@type\":\"SearchAction\",\"target\":{\"@type\":\"EntryPoint\",\"urlTemplate\":\"https:\/\/www.cofb.org\/?s={search_term_string}\"},\"query-input\":\"required name=search_term_string\"}],\"inLanguage\":\"es\"},{\"@type\":\"Organization\",\"@id\":\"https:\/\/www.cofb.org\/#organization\",\"name\":\"Col\u00b7legi de Farmac\u00e8utics de Barcelona\",\"url\":\"https:\/\/www.cofb.org\/\",\"logo\":{\"@type\":\"ImageObject\",\"inLanguage\":\"es\",\"@id\":\"https:\/\/www.cofb.org\/#\/schema\/logo\/image\/\",\"url\":\"https:\/\/www.cofb.org\/wp-content\/uploads\/2023\/11\/cropped-Logotip-COFB.png\",\"contentUrl\":\"https:\/\/www.cofb.org\/wp-content\/uploads\/2023\/11\/cropped-Logotip-COFB.png\",\"width\":500,\"height\":105,\"caption\":\"Col\u00b7legi de Farmac\u00e8utics de Barcelona\"},\"image\":{\"@id\":\"https:\/\/www.cofb.org\/#\/schema\/logo\/image\/\"},\"sameAs\":[\"https:\/\/www.facebook.com\/farmaceuticsbcn\/\",\"https:\/\/twitter.com\/farmaceuticsbcn\",\"https:\/\/www.instagram.com\/farmaceuticsbcn\/\",\"https:\/\/www.linkedin.com\/company\/farmaceuticsbcn\/\"]},{\"@type\":\"Person\",\"@id\":\"https:\/\/www.cofb.org\/#\/schema\/person\/22ed7eea88da74b0fa4d3154ad87ffcb\",\"name\":\"wpAdminCofbOrg\",\"image\":{\"@type\":\"ImageObject\",\"inLanguage\":\"es\",\"@id\":\"https:\/\/www.cofb.org\/#\/schema\/person\/image\/\",\"url\":\"https:\/\/secure.gravatar.com\/avatar\/1721b20b3b8ca882c3b56ec6c978c594fff670e40c0718e9190eaeeb76aae7d8?s=96&d=mm&r=g\",\"contentUrl\":\"https:\/\/secure.gravatar.com\/avatar\/1721b20b3b8ca882c3b56ec6c978c594fff670e40c0718e9190eaeeb76aae7d8?s=96&d=mm&r=g\",\"caption\":\"wpAdminCofbOrg\"},\"sameAs\":[\"http:\/\/192.168.64.122\/wordpress\"],\"url\":\"https:\/\/www.cofb.org\/es\/author\/wpadmincofborg\/\"}]}<\/script>\n<!-- \/ Yoast SEO plugin. -->","yoast_head_json":{"title":"Salut i el Consell de Col\u00b7legis Farmac\u00e8utics de Catalunya prorroguen un any m\u00e9s el desplegament de l\u2019atenci\u00f3 farmac\u00e8utica comunit\u00e0ria - Col\u00b7legi de Farmac\u00e8utics de Barcelona","description":"Salut i el Consell de Col\u00b7legis Farmac\u00e8utics de Catalunya prorroguen un any m\u00e9s el desplegament de l\u2019atenci\u00f3 farmac\u00e8utica comunit\u00e0ria","robots":{"index":"index","follow":"follow","max-snippet":"max-snippet:-1","max-image-preview":"max-image-preview:large","max-video-preview":"max-video-preview:-1"},"canonical":"https:\/\/novaorg.cofb.net\/2023\/04\/14\/salut-i-el-consell-de-collegis-farmaceutics-de-catalunya-prorroguen-un-any-mes-el-desplegament-de-latencio-farmaceutica-comunitaria\/","og_locale":"es_ES","og_type":"article","og_title":"Salut i el Consell de Col\u00b7legis Farmac\u00e8utics de Catalunya prorroguen un any m\u00e9s el desplegament de l\u2019atenci\u00f3 farmac\u00e8utica comunit\u00e0ria - Col\u00b7legi de Farmac\u00e8utics de Barcelona","og_description":"Salut i el Consell de Col\u00b7legis Farmac\u00e8utics de Catalunya prorroguen un any m\u00e9s el desplegament de l\u2019atenci\u00f3 farmac\u00e8utica comunit\u00e0ria","og_url":"https:\/\/novaorg.cofb.net\/2023\/04\/14\/salut-i-el-consell-de-collegis-farmaceutics-de-catalunya-prorroguen-un-any-mes-el-desplegament-de-latencio-farmaceutica-comunitaria\/","og_site_name":"Col\u00b7legi de Farmac\u00e8utics de Barcelona","article_publisher":"https:\/\/www.facebook.com\/farmaceuticsbcn\/","article_published_time":"2023-04-14T10:07:56+00:00","article_modified_time":"2023-07-27T08:52:46+00:00","og_image":[{"width":1024,"height":512,"url":"https:\/\/novaorg.cofb.net\/wp-content\/uploads\/2023\/07\/COFB_CONVENISALUT_14042023_01-1-1024x512-1.jpg","type":"image\/jpeg"}],"author":"wpAdminCofbOrg","twitter_card":"summary_large_image","twitter_creator":"@farmaceuticsbcn","twitter_site":"@farmaceuticsbcn","twitter_misc":{"Escrito por":"wpAdminCofbOrg","Tiempo de lectura":"3 minutos"},"schema":{"@context":"https:\/\/schema.org","@graph":[{"@type":"Article","@id":"https:\/\/novaorg.cofb.net\/2023\/04\/14\/salut-i-el-consell-de-collegis-farmaceutics-de-catalunya-prorroguen-un-any-mes-el-desplegament-de-latencio-farmaceutica-comunitaria\/#article","isPartOf":{"@id":"https:\/\/novaorg.cofb.net\/2023\/04\/14\/salut-i-el-consell-de-collegis-farmaceutics-de-catalunya-prorroguen-un-any-mes-el-desplegament-de-latencio-farmaceutica-comunitaria\/"},"author":{"name":"wpAdminCofbOrg","@id":"https:\/\/www.cofb.org\/#\/schema\/person\/22ed7eea88da74b0fa4d3154ad87ffcb"},"headline":"Salut i el Consell de Col\u00b7legis Farmac\u00e8utics de Catalunya prorroguen un any m\u00e9s el desplegament de l\u2019atenci\u00f3 farmac\u00e8utica comunit\u00e0ria","datePublished":"2023-04-14T10:07:56+00:00","dateModified":"2023-07-27T08:52:46+00:00","mainEntityOfPage":{"@id":"https:\/\/novaorg.cofb.net\/2023\/04\/14\/salut-i-el-consell-de-collegis-farmaceutics-de-catalunya-prorroguen-un-any-mes-el-desplegament-de-latencio-farmaceutica-comunitaria\/"},"wordCount":690,"commentCount":0,"publisher":{"@id":"https:\/\/www.cofb.org\/#organization"},"image":{"@id":"https:\/\/novaorg.cofb.net\/2023\/04\/14\/salut-i-el-consell-de-collegis-farmaceutics-de-catalunya-prorroguen-un-any-mes-el-desplegament-de-latencio-farmaceutica-comunitaria\/#primaryimage"},"thumbnailUrl":"https:\/\/www.cofb.org\/wp-content\/uploads\/2023\/07\/COFB_CONVENISALUT_14042023_01-1-1024x512-1.jpg","keywords":["accessibilitat","atenci\u00f3","Atenci\u00f3 farmac\u00e8utica","CCFC","coordinaci\u00f3 assitencial","cribatge de c\u00e0ncer de c\u00f2lon","Departament de Salut","educaci\u00f3 sanit\u00e0ria","farmac\u00e8utics","hipertensi\u00f3 arterial","malalties cr\u00f2niques","medicaments hospitalaris","Oficina de farm\u00e0cia","pacients","prevenci\u00f3 de la malaltia","Programa de test d&#039;ant\u00edgens","promoci\u00f3 de la salut","salut","seguiment farmacoterap\u00e8utic"],"articleSection":["Destacats","Not\u00edcies farm\u00e0cia"],"inLanguage":"es","potentialAction":[{"@type":"CommentAction","name":"Comment","target":["https:\/\/novaorg.cofb.net\/2023\/04\/14\/salut-i-el-consell-de-collegis-farmaceutics-de-catalunya-prorroguen-un-any-mes-el-desplegament-de-latencio-farmaceutica-comunitaria\/#respond"]}]},{"@type":"WebPage","@id":"https:\/\/novaorg.cofb.net\/2023\/04\/14\/salut-i-el-consell-de-collegis-farmaceutics-de-catalunya-prorroguen-un-any-mes-el-desplegament-de-latencio-farmaceutica-comunitaria\/","url":"https:\/\/novaorg.cofb.net\/2023\/04\/14\/salut-i-el-consell-de-collegis-farmaceutics-de-catalunya-prorroguen-un-any-mes-el-desplegament-de-latencio-farmaceutica-comunitaria\/","name":"Salut i el Consell de Col\u00b7legis Farmac\u00e8utics de Catalunya prorroguen un any m\u00e9s el desplegament de l\u2019atenci\u00f3 farmac\u00e8utica comunit\u00e0ria - Col\u00b7legi de Farmac\u00e8utics de Barcelona","isPartOf":{"@id":"https:\/\/www.cofb.org\/#website"},"primaryImageOfPage":{"@id":"https:\/\/novaorg.cofb.net\/2023\/04\/14\/salut-i-el-consell-de-collegis-farmaceutics-de-catalunya-prorroguen-un-any-mes-el-desplegament-de-latencio-farmaceutica-comunitaria\/#primaryimage"},"image":{"@id":"https:\/\/novaorg.cofb.net\/2023\/04\/14\/salut-i-el-consell-de-collegis-farmaceutics-de-catalunya-prorroguen-un-any-mes-el-desplegament-de-latencio-farmaceutica-comunitaria\/#primaryimage"},"thumbnailUrl":"https:\/\/www.cofb.org\/wp-content\/uploads\/2023\/07\/COFB_CONVENISALUT_14042023_01-1-1024x512-1.jpg","datePublished":"2023-04-14T10:07:56+00:00","dateModified":"2023-07-27T08:52:46+00:00","description":"Salut i el Consell de Col\u00b7legis Farmac\u00e8utics de Catalunya prorroguen un any m\u00e9s el desplegament de l\u2019atenci\u00f3 farmac\u00e8utica comunit\u00e0ria","breadcrumb":{"@id":"https:\/\/novaorg.cofb.net\/2023\/04\/14\/salut-i-el-consell-de-collegis-farmaceutics-de-catalunya-prorroguen-un-any-mes-el-desplegament-de-latencio-farmaceutica-comunitaria\/#breadcrumb"},"inLanguage":"es","potentialAction":[{"@type":"ReadAction","target":["https:\/\/novaorg.cofb.net\/2023\/04\/14\/salut-i-el-consell-de-collegis-farmaceutics-de-catalunya-prorroguen-un-any-mes-el-desplegament-de-latencio-farmaceutica-comunitaria\/"]}]},{"@type":"ImageObject","inLanguage":"es","@id":"https:\/\/novaorg.cofb.net\/2023\/04\/14\/salut-i-el-consell-de-collegis-farmaceutics-de-catalunya-prorroguen-un-any-mes-el-desplegament-de-latencio-farmaceutica-comunitaria\/#primaryimage","url":"https:\/\/www.cofb.org\/wp-content\/uploads\/2023\/07\/COFB_CONVENISALUT_14042023_01-1-1024x512-1.jpg","contentUrl":"https:\/\/www.cofb.org\/wp-content\/uploads\/2023\/07\/COFB_CONVENISALUT_14042023_01-1-1024x512-1.jpg","width":1024,"height":512},{"@type":"BreadcrumbList","@id":"https:\/\/novaorg.cofb.net\/2023\/04\/14\/salut-i-el-consell-de-collegis-farmaceutics-de-catalunya-prorroguen-un-any-mes-el-desplegament-de-latencio-farmaceutica-comunitaria\/#breadcrumb","itemListElement":[{"@type":"ListItem","position":1,"name":"Inici","item":"https:\/\/novaorg.cofb.net\/"},{"@type":"ListItem","position":2,"name":"Salut i el Consell de Col\u00b7legis Farmac\u00e8utics de Catalunya prorroguen un any m\u00e9s el desplegament de l\u2019atenci\u00f3 farmac\u00e8utica comunit\u00e0ria"}]},{"@type":"WebSite","@id":"https:\/\/www.cofb.org\/#website","url":"https:\/\/www.cofb.org\/","name":"Col\u00b7legi de Farmac\u00e8utics de Barcelona","description":"","publisher":{"@id":"https:\/\/www.cofb.org\/#organization"},"potentialAction":[{"@type":"SearchAction","target":{"@type":"EntryPoint","urlTemplate":"https:\/\/www.cofb.org\/?s={search_term_string}"},"query-input":"required name=search_term_string"}],"inLanguage":"es"},{"@type":"Organization","@id":"https:\/\/www.cofb.org\/#organization","name":"Col\u00b7legi de Farmac\u00e8utics de Barcelona","url":"https:\/\/www.cofb.org\/","logo":{"@type":"ImageObject","inLanguage":"es","@id":"https:\/\/www.cofb.org\/#\/schema\/logo\/image\/","url":"https:\/\/www.cofb.org\/wp-content\/uploads\/2023\/11\/cropped-Logotip-COFB.png","contentUrl":"https:\/\/www.cofb.org\/wp-content\/uploads\/2023\/11\/cropped-Logotip-COFB.png","width":500,"height":105,"caption":"Col\u00b7legi de Farmac\u00e8utics de Barcelona"},"image":{"@id":"https:\/\/www.cofb.org\/#\/schema\/logo\/image\/"},"sameAs":["https:\/\/www.facebook.com\/farmaceuticsbcn\/","https:\/\/twitter.com\/farmaceuticsbcn","https:\/\/www.instagram.com\/farmaceuticsbcn\/","https:\/\/www.linkedin.com\/company\/farmaceuticsbcn\/"]},{"@type":"Person","@id":"https:\/\/www.cofb.org\/#\/schema\/person\/22ed7eea88da74b0fa4d3154ad87ffcb","name":"wpAdminCofbOrg","image":{"@type":"ImageObject","inLanguage":"es","@id":"https:\/\/www.cofb.org\/#\/schema\/person\/image\/","url":"https:\/\/secure.gravatar.com\/avatar\/1721b20b3b8ca882c3b56ec6c978c594fff670e40c0718e9190eaeeb76aae7d8?s=96&d=mm&r=g","contentUrl":"https:\/\/secure.gravatar.com\/avatar\/1721b20b3b8ca882c3b56ec6c978c594fff670e40c0718e9190eaeeb76aae7d8?s=96&d=mm&r=g","caption":"wpAdminCofbOrg"},"sameAs":["http:\/\/192.168.64.122\/wordpress"],"url":"https:\/\/www.cofb.org\/es\/author\/wpadmincofborg\/"}]}},"uagb_featured_image_src":{"full":["https:\/\/www.cofb.org\/wp-content\/uploads\/2023\/07\/COFB_CONVENISALUT_14042023_01-1-1024x512-1.jpg",1024,512,false],"thumbnail":["https:\/\/www.cofb.org\/wp-content\/uploads\/2023\/07\/COFB_CONVENISALUT_14042023_01-1-1024x512-1-150x150.jpg",150,150,true],"medium":["https:\/\/www.cofb.org\/wp-content\/uploads\/2023\/07\/COFB_CONVENISALUT_14042023_01-1-1024x512-1-300x150.jpg",300,150,true],"medium_large":["https:\/\/www.cofb.org\/wp-content\/uploads\/2023\/07\/COFB_CONVENISALUT_14042023_01-1-1024x512-1-768x384.jpg",768,384,true],"large":["https:\/\/www.cofb.org\/wp-content\/uploads\/2023\/07\/COFB_CONVENISALUT_14042023_01-1-1024x512-1.jpg",1024,512,false],"1536x1536":["https:\/\/www.cofb.org\/wp-content\/uploads\/2023\/07\/COFB_CONVENISALUT_14042023_01-1-1024x512-1.jpg",1024,512,false],"2048x2048":["https:\/\/www.cofb.org\/wp-content\/uploads\/2023\/07\/COFB_CONVENISALUT_14042023_01-1-1024x512-1.jpg",1024,512,false],"trp-custom-language-flag":["https:\/\/www.cofb.org\/wp-content\/uploads\/2023\/07\/COFB_CONVENISALUT_14042023_01-1-1024x512-1.jpg",18,9,false]},"uagb_author_info":{"display_name":"wpAdminCofbOrg","author_link":"https:\/\/www.cofb.org\/es\/author\/wpadmincofborg\/"},"uagb_comment_info":0,"uagb_excerpt":"El Departament de Salut i el Consell de Col\u00b7legis Farmac\u00e8utics de Catalunya (CCFC) han ratificat el Conveni estrat\u00e8gic d\u2019atenci\u00f3 farmac\u00e8utica comunit\u00e0ria un any m\u00e9s. L\u2019objectiu d\u2019aquesta col\u00b7laboraci\u00f3 \u00e9s avan\u00e7ar en el desenvolupament de l\u2019atenci\u00f3 farmac\u00e8utica comunit\u00e0ria en el sistema de salut a trav\u00e9s de tres \u00e0mbits principals: la promoci\u00f3 de [&hellip;]","_links":{"self":[{"href":"https:\/\/www.cofb.org\/es\/wp-json\/wp\/v2\/posts\/66718","targetHints":{"allow":["GET"]}}],"collection":[{"href":"https:\/\/www.cofb.org\/es\/wp-json\/wp\/v2\/posts"}],"about":[{"href":"https:\/\/www.cofb.org\/es\/wp-json\/wp\/v2\/types\/post"}],"author":[{"embeddable":true,"href":"https:\/\/www.cofb.org\/es\/wp-json\/wp\/v2\/users\/1"}],"replies":[{"embeddable":true,"href":"https:\/\/www.cofb.org\/es\/wp-json\/wp\/v2\/comments?post=66718"}],"version-history":[{"count":2,"href":"https:\/\/www.cofb.org\/es\/wp-json\/wp\/v2\/posts\/66718\/revisions"}],"predecessor-version":[{"id":67698,"href":"https:\/\/www.cofb.org\/es\/wp-json\/wp\/v2\/posts\/66718\/revisions\/67698"}],"wp:featuredmedia":[{"embeddable":true,"href":"https:\/\/www.cofb.org\/es\/wp-json\/wp\/v2\/media\/67696"}],"wp:attachment":[{"href":"https:\/\/www.cofb.org\/es\/wp-json\/wp\/v2\/media?parent=66718"}],"wp:term":[{"taxonomy":"category","embeddable":true,"href":"https:\/\/www.cofb.org\/es\/wp-json\/wp\/v2\/categories?post=66718"},{"taxonomy":"post_tag","embeddable":true,"href":"https:\/\/www.cofb.org\/es\/wp-json\/wp\/v2\/tags?post=66718"}],"curies":[{"name":"wp","href":"https:\/\/api.w.org\/{rel}","templated":true}]}}