{"id":66692,"date":"2023-04-18T14:19:34","date_gmt":"2023-04-18T12:19:34","guid":{"rendered":"https:\/\/blog.cofb.cat\/?p=66692"},"modified":"2023-10-06T11:53:59","modified_gmt":"2023-10-06T11:53:59","slug":"nou-taller-sobre-ajudes-tecniques-claus-per-a-gestionar-la-categoria","status":"publish","type":"post","link":"https:\/\/www.cofb.org\/es\/2023\/04\/18\/nou-taller-sobre-ajudes-tecniques-claus-per-a-gestionar-la-categoria\/","title":{"rendered":"Nuevo taller sobre ayudas t\u00e9cnicas. Claves para gestionar la categor\u00eda."},"content":{"rendered":"<p>El pasado 31 de marzo, el <strong>Col\u00b7legi de Farmac\u00e8utics de Barcelona (COFB)<\/strong> organiz\u00f3 la formaci\u00f3n continuada <strong>&quot;Ayudas t\u00e9cnicas&quot;<\/strong>, con el patrocinio de <strong><a href=\"http:\/\/prim.es\" target=\"_blank\" rel=\"noreferrer noopener\">DELGADO<\/a><\/strong>. La formaci\u00f3n, dirigida a <strong>farmac\u00e9uticos comunitarios<\/strong>, fue cargo de la directora de marketing y comunicaci\u00f3n de producto de PRIM, <strong>Mar\u00eda Luisa Esteso<\/strong>. La vocal de Ortopedia del COFB, <strong>Elena Palau<\/strong>, coordin\u00f3 y present\u00f3 el curso formativo.<\/p>\n\n\n\n<figure class=\"wp-block-image size-large\"><a href=\"https:\/\/blog.cofb.cat\/wp-content\/uploads\/2023\/04\/COFB_AJUDES-TECNIQUES_04042023_2.png\" target=\"_blank\" rel=\"noopener\"><img decoding=\"async\" src=\"https:\/\/blog.cofb.cat\/wp-content\/uploads\/2023\/04\/COFB_AJUDES-TECNIQUES_04042023_2-1024x576.png\" alt=\"\" class=\"wp-image-66737\" title=\"La vocal de Ortopedia del COFB presentando la formaci\u00f3n de ayudas t\u00e9cnicas. \"\/><\/a><figcaption class=\"wp-element-caption\">La vocal de Ortopedia del COFB presentando la formaci\u00f3n de ayudas t\u00e9cnicas. <\/figcaption><\/figure>\n\n\n\n<p>Los <strong>objetivos<\/strong> de la formaci\u00f3n fueron <strong>identificar las necesidades de los pacientes<\/strong>, conocer las <strong>caracter\u00edsticas y funcionalidades de las diferentes ayudas t\u00e9cnicas<\/strong>, saber <strong>recomendar<\/strong> y <strong>aconsejar<\/strong> el <strong>correcto uso de estas<\/strong> y conocer las <strong>claves para gestionar la categor\u00eda<\/strong>.<\/p>\n\n\n\n<p>La sesi\u00f3n formativa comenz\u00f3 centrando la atenci\u00f3n en el <strong>paciente y las necesidades que puede tener en relaci\u00f3n con los productos de ortopedia para mejorar su calidad de vida<\/strong>. Para averiguarlas, la directora de marketing y comunicaci\u00f3n de producto de PRIM, Mar\u00eda Luisa Esteso, hizo referencia a la importancia del \u201c<strong>v\u00ednculo<\/strong>\u201d que tienen los farmac\u00e9uticos con el barrio en el que est\u00e1n ubicados y las personas que van a comprar. Seg\u00fan explic\u00f3 Esteso, a partir de ese v\u00ednculo, los profesionales pueden <strong>detectar las necesidades <\/strong>para hacer una correcta <strong>valoraci\u00f3n <\/strong>y un buen <strong>asesoramiento <\/strong>posterior. En \u00faltima instancia, habr\u00e1 que hacer un <strong>seguimiento<\/strong>, ya que &quot;la persona que tiene un nivel de dependencia, \u00e9sta suele ir en aumento&quot;. Para ello, la directora de marketing y comunicaci\u00f3n recomend\u00f3 <strong>formular preguntas abiertas<\/strong> y seguir unos <strong>par\u00e1metros de evaluaci\u00f3n <\/strong>que \u201cdar\u00e1n orientaci\u00f3n del nivel de necesidad del usuario\u201d.<\/p>\n\n\n\n<h2 class=\"wp-block-heading\"><strong>\u201cHerramientas para la vida\u201d<\/strong><\/h2>\n\n\n\n<p>Con el objetivo de ayudar a alcanzar metas personales, Esteso introdujo el concepto <strong>\u201cherramientas para la vida\u201d<\/strong>, en vez de \u201cbienes para la salud\u201d. Seg\u00fan explic\u00f3 la directora de marketing y comunicaci\u00f3n, el <strong>producto de ayuda<\/strong> es aquel \u201cque facilita cualquier postura a la persona por <strong>llevar a cabo determinadas actividades con mayor comodidad<\/strong>, con el fin de <strong>neutralizar la discapacidad y minusval\u00eda\u201d<\/strong>. A lo largo de la formaci\u00f3n, Mar\u00eda Luisa Esteso comparti\u00f3 <strong>diferentes ayudas t\u00e9cnicas <\/strong>disponibles en la farmacia que ofrecen soporte para: la deambulaci\u00f3n, sedestaci\u00f3n y el inodoro o ba\u00f1o.<\/p>\n\n\n\n<h3 class=\"wp-block-heading\"><strong>Productos de soporte para la deambulaci\u00f3n<\/strong><\/h3>\n\n\n\n<p>En primer lugar, Esteso se centr\u00f3 en los <strong>productos para la deambulaci\u00f3n o para andar<\/strong>, aquellos que \u201c<strong>prolongan el miembro superior hasta el suelo<\/strong>, alivian la carga soportada por el miembro inferior lesionado de forma total o parcial, mejoran la propiocepci\u00f3n, ya que se incrementa los puntos de contacto en el suelo y de esta forma se mejora el equilibrio y aumenta la seguridad en la marcha\u201d.<\/p>\n\n\n\n<figure class=\"wp-block-image size-large\"><a href=\"https:\/\/blog.cofb.cat\/wp-content\/uploads\/2023\/04\/COFB_AJUDES-TECNIQUES_04042023_4.jpg\" target=\"_blank\" rel=\"noopener\"><img decoding=\"async\" src=\"https:\/\/blog.cofb.cat\/wp-content\/uploads\/2023\/04\/COFB_AJUDES-TECNIQUES_04042023_4-1024x576.jpg\" alt=\"Un moment de la formaci\u00f3 continuada \u201cAjudes t\u00e8cniques\u201d. \" class=\"wp-image-66739\" title=\"Un momento de la formaci\u00f3n continuada \u201cAyudas t\u00e9cnicas\u201d. \"\/><\/a><figcaption class=\"wp-element-caption\">Un momento de la formaci\u00f3n continuada \u201cAyudas t\u00e9cnicas\u201d. <\/figcaption><\/figure>\n\n\n\n<p>Algunos de los productos que comparti\u00f3 fueron: las <strong>muletas<\/strong> para apoyar en la marcha (plegable, extensible, con diferentes tipos de empu\u00f1adura y distintos materiales); los <strong>bastones ingleses<\/strong> (con abrazadera libre, brazo regulable en altura, empu\u00f1adura plegable o anat\u00f3mica) para personadas de cualquier edad con lesiones que requieren la descarga del miembro inferior; los <strong>andadores de exterior o rollators<\/strong>, que descargan hasta el 50% del peso corporal y se acostumbran a utilizar para ir por la calle; y, finalmente, los <strong>andadores de interior<\/strong> (con ruedas o sin ruedas), que descargan un 75% del peso del cuerpo y suelen utilizarse para personas mayores o con una minusval\u00eda f\u00edsica. Durante la exposici\u00f3n, la ponente explic\u00f3 que generalmente el usuario suele pasar de la muleta al bast\u00f3n, del bast\u00f3n al rollator y del rollator al andador de interior.<\/p>\n\n\n\n<h3 class=\"wp-block-heading\"><strong>Productos de soporte para la sedestaci\u00f3n<\/strong><\/h3>\n\n\n\n<p>En segundo lugar, la directora de marketing y comunicaci\u00f3n se centr\u00f3 en los <strong>productos de apoyo para la sedestaci\u00f3n o para sentar<\/strong>, que se emplean para &quot;facilitar la movilidad de personas inhabilitadas permitiendo integrarse en su entorno social&quot;. <\/p>\n\n\n\n<p>Concretamente, hizo referencia a las <strong>sillas de ruedas<\/strong>, &quot;que son una prolongaci\u00f3n del usuario&quot; y que hay que partir &quot;de una premisa b\u00e1sica: adaptar la silla de ruedas al usuario y no al contrario&quot;. Durante su exposici\u00f3n comparti\u00f3 los tipos de sillas de ruedas y sus accesorios disponibles. Aparte de las sillas de ruedas, la ponente tambi\u00e9n hizo referencia a los <strong>almohadas antiescaras<\/strong> y en las diferentes tipolog\u00edas que hay de \u00e9stos.<\/p>\n\n\n\n<h3 class=\"wp-block-heading\"><strong>Productos de soporte para el inodoro o ba\u00f1o<\/strong><\/h3>\n\n\n\n<p>Por \u00faltimo, Mar\u00eda Luisa Esteso mostr\u00f3 cu\u00e1les son los <strong>productos de soporte para el inodoro o ba\u00f1o<\/strong>, productos que tienen por finalidad \u201cfacilitar que cualquier persona pueda <strong>llevar a cabo sus actividades de higiene personal de forma independiente<\/strong>\u201d. <\/p>\n\n\n\n<figure class=\"wp-block-image size-large\"><a href=\"https:\/\/blog.cofb.cat\/wp-content\/uploads\/2023\/04\/COFB_AJUDES-TECNIQUES_04042023_5-scaled.jpg\" target=\"_blank\" rel=\"noopener\"><img decoding=\"async\" src=\"https:\/\/blog.cofb.cat\/wp-content\/uploads\/2023\/04\/COFB_AJUDES-TECNIQUES_04042023_5-1024x549.jpg\" alt=\"\" class=\"wp-image-66735\"\/><\/a><\/figure>\n\n\n\n<p>En este sentido, y seg\u00fan el nivel de dependencia, mostr\u00f3 diferentes productos para el <strong>inodoro<\/strong> (alzas), la <strong>ba\u00f1era<\/strong> (mesa y silla giratoria), para la <strong>ducha<\/strong> (tamboretes, sillas con apoyabrazos, sillas con apoyabrazos y espaldero, sillas de ruedas) y, finalmente, <strong>asideros para la pared<\/strong>.<\/p>\n\n\n\n<div class=\"wp-block-columns is-layout-flex wp-container-core-columns-is-layout-28f84493 wp-block-columns-is-layout-flex\">\n<div class=\"wp-block-column is-layout-flow wp-block-column-is-layout-flow\"><\/div>\n\n\n\n<div class=\"wp-block-column is-layout-flow wp-block-column-is-layout-flow\"><\/div>\n\n\n\n<div class=\"wp-block-column is-layout-flow wp-block-column-is-layout-flow\">\n<p class=\"has-text-align-right\"><strong>Con el patrocinio de:<\/strong><\/p>\n\n\n\n<p> <figure class=\"wp-block-image alignright size-thumbnail\"><a rel=\"noopener\" href=\"https:\/\/www.prim.es\/\" target=\"_blank\"><img decoding=\"async\" class=\"wp-image-66696\" src=\"https:\/\/blog.cofb.cat\/wp-content\/uploads\/2023\/04\/PRIM_logo_transparent-150x71.png\" alt=\"\"><\/a><\/figure> <\/p>\n<\/div>\n<\/div>\n\n\n\n<p class=\"has-text-align-right\"><\/p>","protected":false},"excerpt":{"rendered":"<p>El pasado 31 de marzo, el Colegio de Farmac\u00e9uticos de Barcelona (COFB) organiz\u00f3 la formaci\u00f3n continuada \u201cAyudas t\u00e9cnicas\u201d, con el patrocinio de PRIM. La formaci\u00f3n, dirigida a farmac\u00e9uticos comunitarios, corri\u00f3 a cargo de la directora de marketing y comunicaci\u00f3n de producto de PRIM, Mar\u00eda Luisa Esteso. La vocal de Ortopedia [\u2026]<\/p>","protected":false},"author":1,"featured_media":67693,"comment_status":"open","ping_status":"open","sticky":false,"template":"","format":"standard","meta":{"_uag_custom_page_level_css":"","site-sidebar-layout":"default","site-content-layout":"","ast-site-content-layout":"default","site-content-style":"default","site-sidebar-style":"default","ast-global-header-display":"","ast-banner-title-visibility":"","ast-main-header-display":"","ast-hfb-above-header-display":"","ast-hfb-below-header-display":"","ast-hfb-mobile-header-display":"","site-post-title":"","ast-breadcrumbs-content":"","ast-featured-img":"disabled","footer-sml-layout":"","theme-transparent-header-meta":"","adv-header-id-meta":"","stick-header-meta":"","header-above-stick-meta":"","header-main-stick-meta":"","header-below-stick-meta":"","astra-migrate-meta-layouts":"default","ast-page-background-enabled":"default","ast-page-background-meta":{"desktop":{"background-color":"var(--ast-global-color-4)","background-image":"","background-repeat":"repeat","background-position":"center center","background-size":"auto","background-attachment":"scroll","background-type":"","background-media":"","overlay-type":"","overlay-color":"","overlay-opacity":"","overlay-gradient":""},"tablet":{"background-color":"","background-image":"","background-repeat":"repeat","background-position":"center center","background-size":"auto","background-attachment":"scroll","background-type":"","background-media":"","overlay-type":"","overlay-color":"","overlay-opacity":"","overlay-gradient":""},"mobile":{"background-color":"","background-image":"","background-repeat":"repeat","background-position":"center center","background-size":"auto","background-attachment":"scroll","background-type":"","background-media":"","overlay-type":"","overlay-color":"","overlay-opacity":"","overlay-gradient":""}},"ast-content-background-meta":{"desktop":{"background-color":"var(--ast-global-color-5)","background-image":"","background-repeat":"repeat","background-position":"center center","background-size":"auto","background-attachment":"scroll","background-type":"","background-media":"","overlay-type":"","overlay-color":"","overlay-opacity":"","overlay-gradient":""},"tablet":{"background-color":"var(--ast-global-color-5)","background-image":"","background-repeat":"repeat","background-position":"center center","background-size":"auto","background-attachment":"scroll","background-type":"","background-media":"","overlay-type":"","overlay-color":"","overlay-opacity":"","overlay-gradient":""},"mobile":{"background-color":"var(--ast-global-color-5)","background-image":"","background-repeat":"repeat","background-position":"center center","background-size":"auto","background-attachment":"scroll","background-type":"","background-media":"","overlay-type":"","overlay-color":"","overlay-opacity":"","overlay-gradient":""}},"footnotes":""},"categories":[23,57],"tags":[292,64,293,294,295,296,297,18,298,19,299,53,24,68,69,70,300,301,76,302,303,304,305],"class_list":["post-66692","post","type-post","status-publish","format-standard","has-post-thumbnail","hentry","category-destacats","category-mon-collegial","tag-ajudes-tecniques","tag-atencio-farmaceutica","tag-bany","tag-bastons-anglesos","tag-cadira-de-rodes","tag-cadira-giratoria","tag-caminadors","tag-cofb","tag-coixins-antiescares","tag-collegi-de-farmaceutics-de-barcelona","tag-deambulacio","tag-farmaceutics","tag-farmaceutics-comunitaris","tag-farmacia","tag-farmacia-comunitaria","tag-formacio","tag-formacio-continuada","tag-muletes","tag-oficina-de-farmacia","tag-productes-dortopedia","tag-sedestacio","tag-tamborets","tag-vocal-dortopedia"],"yoast_head":"<!-- This site is optimized with the Yoast SEO plugin v22.4 - https:\/\/yoast.com\/wordpress\/plugins\/seo\/ -->\n<title>Nou taller sobre ajudes t\u00e8cniques. Claus per a gestionar la categoria. - Col\u00b7legi de Farmac\u00e8utics de Barcelona<\/title>\n<meta name=\"description\" content=\"El passat 31 de mar\u00e7, el COFB va organitzar la formaci\u00f3 continuada \u201cAjudes t\u00e8cniques\u201d, amb el patrocini de PRIM.\" \/>\n<meta name=\"robots\" content=\"index, follow, max-snippet:-1, max-image-preview:large, max-video-preview:-1\" \/>\n<link rel=\"canonical\" href=\"https:\/\/novaorg.cofb.net\/2023\/04\/18\/nou-taller-sobre-ajudes-tecniques-claus-per-a-gestionar-la-categoria\/\" \/>\n<meta property=\"og:locale\" content=\"es_ES\" \/>\n<meta property=\"og:type\" content=\"article\" \/>\n<meta property=\"og:title\" content=\"Nou taller sobre ajudes t\u00e8cniques. Claus per a gestionar la categoria. - Col\u00b7legi de Farmac\u00e8utics de Barcelona\" \/>\n<meta property=\"og:description\" content=\"El passat 31 de mar\u00e7, el COFB va organitzar la formaci\u00f3 continuada \u201cAjudes t\u00e8cniques\u201d, amb el patrocini de PRIM.\" \/>\n<meta property=\"og:url\" content=\"https:\/\/novaorg.cofb.net\/2023\/04\/18\/nou-taller-sobre-ajudes-tecniques-claus-per-a-gestionar-la-categoria\/\" \/>\n<meta property=\"og:site_name\" content=\"Col\u00b7legi de Farmac\u00e8utics de Barcelona\" \/>\n<meta property=\"article:publisher\" content=\"https:\/\/www.facebook.com\/farmaceuticsbcn\/\" \/>\n<meta property=\"article:published_time\" content=\"2023-04-18T12:19:34+00:00\" \/>\n<meta property=\"article:modified_time\" content=\"2023-10-06T11:53:59+00:00\" \/>\n<meta property=\"og:image\" content=\"https:\/\/novaorg.cofb.net\/wp-content\/uploads\/2023\/07\/COFB_AJUDES-TECNIQUES_04042023_2.png\" \/>\n\t<meta property=\"og:image:width\" content=\"1600\" \/>\n\t<meta property=\"og:image:height\" content=\"900\" \/>\n\t<meta property=\"og:image:type\" content=\"image\/png\" \/>\n<meta name=\"author\" content=\"wpAdminCofbOrg\" \/>\n<meta name=\"twitter:card\" content=\"summary_large_image\" \/>\n<meta name=\"twitter:creator\" content=\"@farmaceuticsbcn\" \/>\n<meta name=\"twitter:site\" content=\"@farmaceuticsbcn\" \/>\n<meta name=\"twitter:label1\" content=\"Escrito por\" \/>\n\t<meta name=\"twitter:data1\" content=\"wpAdminCofbOrg\" \/>\n\t<meta name=\"twitter:label2\" content=\"Tiempo de lectura\" \/>\n\t<meta name=\"twitter:data2\" content=\"5 minutos\" \/>\n<script type=\"application\/ld+json\" class=\"yoast-schema-graph\">{\"@context\":\"https:\/\/schema.org\",\"@graph\":[{\"@type\":\"Article\",\"@id\":\"https:\/\/novaorg.cofb.net\/2023\/04\/18\/nou-taller-sobre-ajudes-tecniques-claus-per-a-gestionar-la-categoria\/#article\",\"isPartOf\":{\"@id\":\"https:\/\/novaorg.cofb.net\/2023\/04\/18\/nou-taller-sobre-ajudes-tecniques-claus-per-a-gestionar-la-categoria\/\"},\"author\":{\"name\":\"wpAdminCofbOrg\",\"@id\":\"https:\/\/www.cofb.org\/#\/schema\/person\/22ed7eea88da74b0fa4d3154ad87ffcb\"},\"headline\":\"Nou taller sobre ajudes t\u00e8cniques. Claus per a gestionar la categoria.\",\"datePublished\":\"2023-04-18T12:19:34+00:00\",\"dateModified\":\"2023-10-06T11:53:59+00:00\",\"mainEntityOfPage\":{\"@id\":\"https:\/\/novaorg.cofb.net\/2023\/04\/18\/nou-taller-sobre-ajudes-tecniques-claus-per-a-gestionar-la-categoria\/\"},\"wordCount\":873,\"commentCount\":0,\"publisher\":{\"@id\":\"https:\/\/www.cofb.org\/#organization\"},\"image\":{\"@id\":\"https:\/\/novaorg.cofb.net\/2023\/04\/18\/nou-taller-sobre-ajudes-tecniques-claus-per-a-gestionar-la-categoria\/#primaryimage\"},\"thumbnailUrl\":\"https:\/\/www.cofb.org\/wp-content\/uploads\/2023\/07\/COFB_AJUDES-TECNIQUES_04042023_2.png\",\"keywords\":[\"ajudes t\u00e8cniques\",\"Atenci\u00f3 farmac\u00e8utica\",\"bany\",\"bastons anglesos\",\"cadira de rodes\",\"cadira girat\u00f2ria\",\"caminadors\",\"COFB\",\"coixins antiescares\",\"Col\u00b7legi de Farmac\u00e8utics de Barcelona\",\"deambulaci\u00f3\",\"farmac\u00e8utics\",\"farmac\u00e8utics comunitaris\",\"Farm\u00e0cia\",\"farm\u00e0cia comunit\u00e0ria\",\"Formaci\u00f3\",\"formaci\u00f3 continuada\",\"muletes\",\"Oficina de farm\u00e0cia\",\"productes d'ortop\u00e8dia\",\"sedestaci\u00f3\",\"tamborets\",\"Vocal d'Ortop\u00e8dia\"],\"articleSection\":[\"Destacats\",\"M\u00f3n col\u00b7legial\"],\"inLanguage\":\"es\",\"potentialAction\":[{\"@type\":\"CommentAction\",\"name\":\"Comment\",\"target\":[\"https:\/\/novaorg.cofb.net\/2023\/04\/18\/nou-taller-sobre-ajudes-tecniques-claus-per-a-gestionar-la-categoria\/#respond\"]}]},{\"@type\":\"WebPage\",\"@id\":\"https:\/\/novaorg.cofb.net\/2023\/04\/18\/nou-taller-sobre-ajudes-tecniques-claus-per-a-gestionar-la-categoria\/\",\"url\":\"https:\/\/novaorg.cofb.net\/2023\/04\/18\/nou-taller-sobre-ajudes-tecniques-claus-per-a-gestionar-la-categoria\/\",\"name\":\"Nou taller sobre ajudes t\u00e8cniques. Claus per a gestionar la categoria. - Col\u00b7legi de Farmac\u00e8utics de Barcelona\",\"isPartOf\":{\"@id\":\"https:\/\/www.cofb.org\/#website\"},\"primaryImageOfPage\":{\"@id\":\"https:\/\/novaorg.cofb.net\/2023\/04\/18\/nou-taller-sobre-ajudes-tecniques-claus-per-a-gestionar-la-categoria\/#primaryimage\"},\"image\":{\"@id\":\"https:\/\/novaorg.cofb.net\/2023\/04\/18\/nou-taller-sobre-ajudes-tecniques-claus-per-a-gestionar-la-categoria\/#primaryimage\"},\"thumbnailUrl\":\"https:\/\/www.cofb.org\/wp-content\/uploads\/2023\/07\/COFB_AJUDES-TECNIQUES_04042023_2.png\",\"datePublished\":\"2023-04-18T12:19:34+00:00\",\"dateModified\":\"2023-10-06T11:53:59+00:00\",\"description\":\"El passat 31 de mar\u00e7, el COFB va organitzar la formaci\u00f3 continuada \u201cAjudes t\u00e8cniques\u201d, amb el patrocini de PRIM.\",\"breadcrumb\":{\"@id\":\"https:\/\/novaorg.cofb.net\/2023\/04\/18\/nou-taller-sobre-ajudes-tecniques-claus-per-a-gestionar-la-categoria\/#breadcrumb\"},\"inLanguage\":\"es\",\"potentialAction\":[{\"@type\":\"ReadAction\",\"target\":[\"https:\/\/novaorg.cofb.net\/2023\/04\/18\/nou-taller-sobre-ajudes-tecniques-claus-per-a-gestionar-la-categoria\/\"]}]},{\"@type\":\"ImageObject\",\"inLanguage\":\"es\",\"@id\":\"https:\/\/novaorg.cofb.net\/2023\/04\/18\/nou-taller-sobre-ajudes-tecniques-claus-per-a-gestionar-la-categoria\/#primaryimage\",\"url\":\"https:\/\/www.cofb.org\/wp-content\/uploads\/2023\/07\/COFB_AJUDES-TECNIQUES_04042023_2.png\",\"contentUrl\":\"https:\/\/www.cofb.org\/wp-content\/uploads\/2023\/07\/COFB_AJUDES-TECNIQUES_04042023_2.png\",\"width\":1600,\"height\":900},{\"@type\":\"BreadcrumbList\",\"@id\":\"https:\/\/novaorg.cofb.net\/2023\/04\/18\/nou-taller-sobre-ajudes-tecniques-claus-per-a-gestionar-la-categoria\/#breadcrumb\",\"itemListElement\":[{\"@type\":\"ListItem\",\"position\":1,\"name\":\"Inici\",\"item\":\"https:\/\/novaorg.cofb.net\/\"},{\"@type\":\"ListItem\",\"position\":2,\"name\":\"Nou taller sobre ajudes t\u00e8cniques. Claus per a gestionar la categoria.\"}]},{\"@type\":\"WebSite\",\"@id\":\"https:\/\/www.cofb.org\/#website\",\"url\":\"https:\/\/www.cofb.org\/\",\"name\":\"Col\u00b7legi de Farmac\u00e8utics de Barcelona\",\"description\":\"\",\"publisher\":{\"@id\":\"https:\/\/www.cofb.org\/#organization\"},\"potentialAction\":[{\"@type\":\"SearchAction\",\"target\":{\"@type\":\"EntryPoint\",\"urlTemplate\":\"https:\/\/www.cofb.org\/?s={search_term_string}\"},\"query-input\":\"required name=search_term_string\"}],\"inLanguage\":\"es\"},{\"@type\":\"Organization\",\"@id\":\"https:\/\/www.cofb.org\/#organization\",\"name\":\"Col\u00b7legi de Farmac\u00e8utics de Barcelona\",\"url\":\"https:\/\/www.cofb.org\/\",\"logo\":{\"@type\":\"ImageObject\",\"inLanguage\":\"es\",\"@id\":\"https:\/\/www.cofb.org\/#\/schema\/logo\/image\/\",\"url\":\"https:\/\/www.cofb.org\/wp-content\/uploads\/2023\/11\/cropped-Logotip-COFB.png\",\"contentUrl\":\"https:\/\/www.cofb.org\/wp-content\/uploads\/2023\/11\/cropped-Logotip-COFB.png\",\"width\":500,\"height\":105,\"caption\":\"Col\u00b7legi de Farmac\u00e8utics de Barcelona\"},\"image\":{\"@id\":\"https:\/\/www.cofb.org\/#\/schema\/logo\/image\/\"},\"sameAs\":[\"https:\/\/www.facebook.com\/farmaceuticsbcn\/\",\"https:\/\/twitter.com\/farmaceuticsbcn\",\"https:\/\/www.instagram.com\/farmaceuticsbcn\/\",\"https:\/\/www.linkedin.com\/company\/farmaceuticsbcn\/\"]},{\"@type\":\"Person\",\"@id\":\"https:\/\/www.cofb.org\/#\/schema\/person\/22ed7eea88da74b0fa4d3154ad87ffcb\",\"name\":\"wpAdminCofbOrg\",\"image\":{\"@type\":\"ImageObject\",\"inLanguage\":\"es\",\"@id\":\"https:\/\/www.cofb.org\/#\/schema\/person\/image\/\",\"url\":\"https:\/\/secure.gravatar.com\/avatar\/1721b20b3b8ca882c3b56ec6c978c594fff670e40c0718e9190eaeeb76aae7d8?s=96&d=mm&r=g\",\"contentUrl\":\"https:\/\/secure.gravatar.com\/avatar\/1721b20b3b8ca882c3b56ec6c978c594fff670e40c0718e9190eaeeb76aae7d8?s=96&d=mm&r=g\",\"caption\":\"wpAdminCofbOrg\"},\"sameAs\":[\"http:\/\/192.168.64.122\/wordpress\"],\"url\":\"https:\/\/www.cofb.org\/es\/author\/wpadmincofborg\/\"}]}<\/script>\n<!-- \/ Yoast SEO plugin. -->","yoast_head_json":{"title":"Nou taller sobre ajudes t\u00e8cniques. Claus per a gestionar la categoria. - Col\u00b7legi de Farmac\u00e8utics de Barcelona","description":"El passat 31 de mar\u00e7, el COFB va organitzar la formaci\u00f3 continuada \u201cAjudes t\u00e8cniques\u201d, amb el patrocini de PRIM.","robots":{"index":"index","follow":"follow","max-snippet":"max-snippet:-1","max-image-preview":"max-image-preview:large","max-video-preview":"max-video-preview:-1"},"canonical":"https:\/\/novaorg.cofb.net\/2023\/04\/18\/nou-taller-sobre-ajudes-tecniques-claus-per-a-gestionar-la-categoria\/","og_locale":"es_ES","og_type":"article","og_title":"Nou taller sobre ajudes t\u00e8cniques. Claus per a gestionar la categoria. - Col\u00b7legi de Farmac\u00e8utics de Barcelona","og_description":"El passat 31 de mar\u00e7, el COFB va organitzar la formaci\u00f3 continuada \u201cAjudes t\u00e8cniques\u201d, amb el patrocini de PRIM.","og_url":"https:\/\/novaorg.cofb.net\/2023\/04\/18\/nou-taller-sobre-ajudes-tecniques-claus-per-a-gestionar-la-categoria\/","og_site_name":"Col\u00b7legi de Farmac\u00e8utics de Barcelona","article_publisher":"https:\/\/www.facebook.com\/farmaceuticsbcn\/","article_published_time":"2023-04-18T12:19:34+00:00","article_modified_time":"2023-10-06T11:53:59+00:00","og_image":[{"width":1600,"height":900,"url":"https:\/\/novaorg.cofb.net\/wp-content\/uploads\/2023\/07\/COFB_AJUDES-TECNIQUES_04042023_2.png","type":"image\/png"}],"author":"wpAdminCofbOrg","twitter_card":"summary_large_image","twitter_creator":"@farmaceuticsbcn","twitter_site":"@farmaceuticsbcn","twitter_misc":{"Escrito por":"wpAdminCofbOrg","Tiempo de lectura":"5 minutos"},"schema":{"@context":"https:\/\/schema.org","@graph":[{"@type":"Article","@id":"https:\/\/novaorg.cofb.net\/2023\/04\/18\/nou-taller-sobre-ajudes-tecniques-claus-per-a-gestionar-la-categoria\/#article","isPartOf":{"@id":"https:\/\/novaorg.cofb.net\/2023\/04\/18\/nou-taller-sobre-ajudes-tecniques-claus-per-a-gestionar-la-categoria\/"},"author":{"name":"wpAdminCofbOrg","@id":"https:\/\/www.cofb.org\/#\/schema\/person\/22ed7eea88da74b0fa4d3154ad87ffcb"},"headline":"Nou taller sobre ajudes t\u00e8cniques. Claus per a gestionar la categoria.","datePublished":"2023-04-18T12:19:34+00:00","dateModified":"2023-10-06T11:53:59+00:00","mainEntityOfPage":{"@id":"https:\/\/novaorg.cofb.net\/2023\/04\/18\/nou-taller-sobre-ajudes-tecniques-claus-per-a-gestionar-la-categoria\/"},"wordCount":873,"commentCount":0,"publisher":{"@id":"https:\/\/www.cofb.org\/#organization"},"image":{"@id":"https:\/\/novaorg.cofb.net\/2023\/04\/18\/nou-taller-sobre-ajudes-tecniques-claus-per-a-gestionar-la-categoria\/#primaryimage"},"thumbnailUrl":"https:\/\/www.cofb.org\/wp-content\/uploads\/2023\/07\/COFB_AJUDES-TECNIQUES_04042023_2.png","keywords":["ajudes t\u00e8cniques","Atenci\u00f3 farmac\u00e8utica","bany","bastons anglesos","cadira de rodes","cadira girat\u00f2ria","caminadors","COFB","coixins antiescares","Col\u00b7legi de Farmac\u00e8utics de Barcelona","deambulaci\u00f3","farmac\u00e8utics","farmac\u00e8utics comunitaris","Farm\u00e0cia","farm\u00e0cia comunit\u00e0ria","Formaci\u00f3","formaci\u00f3 continuada","muletes","Oficina de farm\u00e0cia","productes d'ortop\u00e8dia","sedestaci\u00f3","tamborets","Vocal d'Ortop\u00e8dia"],"articleSection":["Destacats","M\u00f3n col\u00b7legial"],"inLanguage":"es","potentialAction":[{"@type":"CommentAction","name":"Comment","target":["https:\/\/novaorg.cofb.net\/2023\/04\/18\/nou-taller-sobre-ajudes-tecniques-claus-per-a-gestionar-la-categoria\/#respond"]}]},{"@type":"WebPage","@id":"https:\/\/novaorg.cofb.net\/2023\/04\/18\/nou-taller-sobre-ajudes-tecniques-claus-per-a-gestionar-la-categoria\/","url":"https:\/\/novaorg.cofb.net\/2023\/04\/18\/nou-taller-sobre-ajudes-tecniques-claus-per-a-gestionar-la-categoria\/","name":"Nou taller sobre ajudes t\u00e8cniques. Claus per a gestionar la categoria. - Col\u00b7legi de Farmac\u00e8utics de Barcelona","isPartOf":{"@id":"https:\/\/www.cofb.org\/#website"},"primaryImageOfPage":{"@id":"https:\/\/novaorg.cofb.net\/2023\/04\/18\/nou-taller-sobre-ajudes-tecniques-claus-per-a-gestionar-la-categoria\/#primaryimage"},"image":{"@id":"https:\/\/novaorg.cofb.net\/2023\/04\/18\/nou-taller-sobre-ajudes-tecniques-claus-per-a-gestionar-la-categoria\/#primaryimage"},"thumbnailUrl":"https:\/\/www.cofb.org\/wp-content\/uploads\/2023\/07\/COFB_AJUDES-TECNIQUES_04042023_2.png","datePublished":"2023-04-18T12:19:34+00:00","dateModified":"2023-10-06T11:53:59+00:00","description":"El passat 31 de mar\u00e7, el COFB va organitzar la formaci\u00f3 continuada \u201cAjudes t\u00e8cniques\u201d, amb el patrocini de PRIM.","breadcrumb":{"@id":"https:\/\/novaorg.cofb.net\/2023\/04\/18\/nou-taller-sobre-ajudes-tecniques-claus-per-a-gestionar-la-categoria\/#breadcrumb"},"inLanguage":"es","potentialAction":[{"@type":"ReadAction","target":["https:\/\/novaorg.cofb.net\/2023\/04\/18\/nou-taller-sobre-ajudes-tecniques-claus-per-a-gestionar-la-categoria\/"]}]},{"@type":"ImageObject","inLanguage":"es","@id":"https:\/\/novaorg.cofb.net\/2023\/04\/18\/nou-taller-sobre-ajudes-tecniques-claus-per-a-gestionar-la-categoria\/#primaryimage","url":"https:\/\/www.cofb.org\/wp-content\/uploads\/2023\/07\/COFB_AJUDES-TECNIQUES_04042023_2.png","contentUrl":"https:\/\/www.cofb.org\/wp-content\/uploads\/2023\/07\/COFB_AJUDES-TECNIQUES_04042023_2.png","width":1600,"height":900},{"@type":"BreadcrumbList","@id":"https:\/\/novaorg.cofb.net\/2023\/04\/18\/nou-taller-sobre-ajudes-tecniques-claus-per-a-gestionar-la-categoria\/#breadcrumb","itemListElement":[{"@type":"ListItem","position":1,"name":"Inici","item":"https:\/\/novaorg.cofb.net\/"},{"@type":"ListItem","position":2,"name":"Nou taller sobre ajudes t\u00e8cniques. Claus per a gestionar la categoria."}]},{"@type":"WebSite","@id":"https:\/\/www.cofb.org\/#website","url":"https:\/\/www.cofb.org\/","name":"Col\u00b7legi de Farmac\u00e8utics de Barcelona","description":"","publisher":{"@id":"https:\/\/www.cofb.org\/#organization"},"potentialAction":[{"@type":"SearchAction","target":{"@type":"EntryPoint","urlTemplate":"https:\/\/www.cofb.org\/?s={search_term_string}"},"query-input":"required name=search_term_string"}],"inLanguage":"es"},{"@type":"Organization","@id":"https:\/\/www.cofb.org\/#organization","name":"Col\u00b7legi de Farmac\u00e8utics de Barcelona","url":"https:\/\/www.cofb.org\/","logo":{"@type":"ImageObject","inLanguage":"es","@id":"https:\/\/www.cofb.org\/#\/schema\/logo\/image\/","url":"https:\/\/www.cofb.org\/wp-content\/uploads\/2023\/11\/cropped-Logotip-COFB.png","contentUrl":"https:\/\/www.cofb.org\/wp-content\/uploads\/2023\/11\/cropped-Logotip-COFB.png","width":500,"height":105,"caption":"Col\u00b7legi de Farmac\u00e8utics de Barcelona"},"image":{"@id":"https:\/\/www.cofb.org\/#\/schema\/logo\/image\/"},"sameAs":["https:\/\/www.facebook.com\/farmaceuticsbcn\/","https:\/\/twitter.com\/farmaceuticsbcn","https:\/\/www.instagram.com\/farmaceuticsbcn\/","https:\/\/www.linkedin.com\/company\/farmaceuticsbcn\/"]},{"@type":"Person","@id":"https:\/\/www.cofb.org\/#\/schema\/person\/22ed7eea88da74b0fa4d3154ad87ffcb","name":"wpAdminCofbOrg","image":{"@type":"ImageObject","inLanguage":"es","@id":"https:\/\/www.cofb.org\/#\/schema\/person\/image\/","url":"https:\/\/secure.gravatar.com\/avatar\/1721b20b3b8ca882c3b56ec6c978c594fff670e40c0718e9190eaeeb76aae7d8?s=96&d=mm&r=g","contentUrl":"https:\/\/secure.gravatar.com\/avatar\/1721b20b3b8ca882c3b56ec6c978c594fff670e40c0718e9190eaeeb76aae7d8?s=96&d=mm&r=g","caption":"wpAdminCofbOrg"},"sameAs":["http:\/\/192.168.64.122\/wordpress"],"url":"https:\/\/www.cofb.org\/es\/author\/wpadmincofborg\/"}]}},"uagb_featured_image_src":{"full":["https:\/\/www.cofb.org\/wp-content\/uploads\/2023\/07\/COFB_AJUDES-TECNIQUES_04042023_2.png",1600,900,false],"thumbnail":["https:\/\/www.cofb.org\/wp-content\/uploads\/2023\/07\/COFB_AJUDES-TECNIQUES_04042023_2-150x150.png",150,150,true],"medium":["https:\/\/www.cofb.org\/wp-content\/uploads\/2023\/07\/COFB_AJUDES-TECNIQUES_04042023_2-300x169.png",300,169,true],"medium_large":["https:\/\/www.cofb.org\/wp-content\/uploads\/2023\/07\/COFB_AJUDES-TECNIQUES_04042023_2-768x432.png",768,432,true],"large":["https:\/\/www.cofb.org\/wp-content\/uploads\/2023\/07\/COFB_AJUDES-TECNIQUES_04042023_2-1024x576.png",1024,576,true],"1536x1536":["https:\/\/www.cofb.org\/wp-content\/uploads\/2023\/07\/COFB_AJUDES-TECNIQUES_04042023_2-1536x864.png",1536,864,true],"2048x2048":["https:\/\/www.cofb.org\/wp-content\/uploads\/2023\/07\/COFB_AJUDES-TECNIQUES_04042023_2.png",1600,900,false],"trp-custom-language-flag":["https:\/\/www.cofb.org\/wp-content\/uploads\/2023\/07\/COFB_AJUDES-TECNIQUES_04042023_2.png",18,10,false]},"uagb_author_info":{"display_name":"wpAdminCofbOrg","author_link":"https:\/\/www.cofb.org\/es\/author\/wpadmincofborg\/"},"uagb_comment_info":0,"uagb_excerpt":"El passat 31 de mar\u00e7, el Col\u00b7legi de Farmac\u00e8utics de Barcelona (COFB) va organitzar la formaci\u00f3 continuada \u201cAjudes t\u00e8cniques\u201d, amb el patrocini de PRIM. La formaci\u00f3, adre\u00e7ada a farmac\u00e8utics comunitaris, va anar c\u00e0rrec de la directora de m\u00e0rqueting i comunicaci\u00f3 de producte de PRIM, Mar\u00eda Luisa Esteso. La vocal d\u2019Ortop\u00e8dia [&hellip;]","_links":{"self":[{"href":"https:\/\/www.cofb.org\/es\/wp-json\/wp\/v2\/posts\/66692","targetHints":{"allow":["GET"]}}],"collection":[{"href":"https:\/\/www.cofb.org\/es\/wp-json\/wp\/v2\/posts"}],"about":[{"href":"https:\/\/www.cofb.org\/es\/wp-json\/wp\/v2\/types\/post"}],"author":[{"embeddable":true,"href":"https:\/\/www.cofb.org\/es\/wp-json\/wp\/v2\/users\/1"}],"replies":[{"embeddable":true,"href":"https:\/\/www.cofb.org\/es\/wp-json\/wp\/v2\/comments?post=66692"}],"version-history":[{"count":4,"href":"https:\/\/www.cofb.org\/es\/wp-json\/wp\/v2\/posts\/66692\/revisions"}],"predecessor-version":[{"id":68948,"href":"https:\/\/www.cofb.org\/es\/wp-json\/wp\/v2\/posts\/66692\/revisions\/68948"}],"wp:featuredmedia":[{"embeddable":true,"href":"https:\/\/www.cofb.org\/es\/wp-json\/wp\/v2\/media\/67693"}],"wp:attachment":[{"href":"https:\/\/www.cofb.org\/es\/wp-json\/wp\/v2\/media?parent=66692"}],"wp:term":[{"taxonomy":"category","embeddable":true,"href":"https:\/\/www.cofb.org\/es\/wp-json\/wp\/v2\/categories?post=66692"},{"taxonomy":"post_tag","embeddable":true,"href":"https:\/\/www.cofb.org\/es\/wp-json\/wp\/v2\/tags?post=66692"}],"curies":[{"name":"wp","href":"https:\/\/api.w.org\/{rel}","templated":true}]}}