{"id":66134,"date":"2023-02-10T15:47:03","date_gmt":"2023-02-10T13:47:03","guid":{"rendered":"https:\/\/blog.cofb.cat\/?p=66134"},"modified":"2023-10-09T10:42:05","modified_gmt":"2023-10-09T10:42:05","slug":"noves-formacions-en-lactuacio-farmaceutica-en-pacients-amb-nutricio-artificial","status":"publish","type":"post","link":"https:\/\/www.cofb.org\/es\/2023\/02\/10\/noves-formacions-en-lactuacio-farmaceutica-en-pacients-amb-nutricio-artificial\/","title":{"rendered":"Nuevas formaciones en la actuaci\u00f3n farmac\u00e9utica en pacientes con nutrici\u00f3n artificial"},"content":{"rendered":"<p>A finales de enero, el <strong>Col\u00b7legi de Farmac\u00e8utics de Barcelona (COFB)<\/strong> organiz\u00f3 <strong>la XVII edici\u00f3n<\/strong> de la <strong>formaci\u00f3n \u201cActuaci\u00f3n farmac\u00e9utica en la nutrici\u00f3n artificial\u201d<\/strong>, conjuntamente con la <a href=\"http:\/\/www.scfarmclin.org\/\" target=\"_blank\" rel=\"noreferrer noopener\"><strong>Sociedad Catalana de Farmacia Cl\u00ednica<\/strong> <strong>(SCFC)<\/strong><\/a>, la coordinaci\u00f3n del<a href=\"https:\/\/twitter.com\/gnfhc3\" target=\"_blank\" rel=\"noreferrer noopener\"> <strong>Grupo de Nutrici\u00f3n de Farmac\u00e9uticos de Hospitales de Catalu\u00f1a<\/strong><\/a> y con el patrocinio de <a href=\"https:\/\/www.baxter.es\/es\/baxter-en-espana\" target=\"_blank\" rel=\"noreferrer noopener\"><strong>Baxter<\/strong><\/a>, <a href=\"https:\/\/www.bbraun.es\/es.html\" target=\"_blank\" rel=\"noreferrer noopener\"><strong>B. Braun<\/strong><\/a>, <a href=\"https:\/\/persanfarma.com\/\" target=\"_blank\" rel=\"noreferrer noopener\"><strong>Persan Farma<\/strong><\/a> y <a href=\"https:\/\/www.vegenat.es\/\" target=\"_blank\" rel=\"noreferrer noopener\"><strong>Vegenado<\/strong><\/a>. <\/p>\n\n\n\n<figure class=\"wp-block-image size-large\"><a href=\"https:\/\/blog.cofb.cat\/wp-content\/uploads\/2023\/02\/COFB_Nutricio-artificial_09022023_0_portada-scaled.jpg\" target=\"_blank\" rel=\"noopener\"><img decoding=\"async\" src=\"https:\/\/blog.cofb.cat\/wp-content\/uploads\/2023\/02\/COFB_Nutricio-artificial_09022023_0_portada-1024x576.jpg\" alt=\"Exterior de l'aula de formaci\u00f3 sobre \u201cActuaci\u00f3 farmac\u00e8utica en la nutrici\u00f3 artificial\u201d.\" class=\"wp-image-66136\" title=\"Exterior del aula de formaci\u00f3n sobre \u201cActuaci\u00f3n farmac\u00e9utica en la nutrici\u00f3n artificial\u201d.\"\/><\/a><figcaption class=\"wp-element-caption\">Exterior del aula de formaci\u00f3n sobre \u201cActuaci\u00f3n farmac\u00e9utica en la nutrici\u00f3n artificial\u201d.<\/figcaption><\/figure>\n\n\n\n<p>La formaci\u00f3n fue impartida por <strong>cinco farmac\u00e9uticos<\/strong> <strong>adjuntos<\/strong> de diferentes centros hospitalarios: <strong>Montserrat Colls<\/strong> del Hospital Universitario de Bellvitge, <strong>Isabel Leiva<\/strong> del Hospital Universitario de Bellvitge, <strong>Eduardo Clot<\/strong> del Hospital de neurorrehabilitaci\u00f3n del Institut Guttmann, <strong>Miquel Villaronga<\/strong> del Hospital San Juan de Dios, <strong>Jan Thomas De Pourcq<\/strong> del Hospital de la Santa Cruz y San Pablo y <strong>Mar\u00eda Nevot<\/strong> del Hospital Universitario Arnau de Vilanova. Un a\u00f1o m\u00e1s, el <strong>Grupo de Nutrici\u00f3n de Farmac\u00e9uticos de Hospitales de Catalu\u00f1a <\/strong>coordin\u00f3 las jornadas dirigidas a los farmac\u00e9uticos hospitalarios.<\/p>\n\n\n\n<p>Los <strong>objetivos<\/strong> de la formaci\u00f3n fueron <strong>ampliar los conocimientos <\/strong>de los farmac\u00e9uticos y <strong>proporcionar habilidades para realizar intervenciones farmac\u00e9uticas<\/strong> a la hora de tratar a pacientes sometidos a nutrici\u00f3n artificial. Para ello, se realizaron tres jornadas los d\u00edas 23, 25 y 30 de enero.<\/p>\n\n\n\n<h2 class=\"wp-block-heading\"><strong>Requisitos de micronutrientes en nutrici\u00f3n cl\u00ednica<\/strong><\/h2>\n\n\n\n<p>La primera jornada se centr\u00f3, en primer lugar, en los <strong>requisitos de micronutrientes en nutrici\u00f3n cl\u00ednica<\/strong>. La farmac\u00e9utica adjunta del Hospital Universitario de Bellvitge, <strong>Montserrat Colls<\/strong>, coment\u00f3 cu\u00e1les son las <strong>caracter\u00edsticas y los requisitos <\/strong>de los micronutrientes: que engloban las <strong>vitaminas<\/strong>, las hidrosolubles y las liposolubles, y de los <strong>oligoelementos<\/strong>. La farmac\u00e9utica resalt\u00f3 \u201cque es muy importante la <strong>ingesta adecuada de los micronutrientes<\/strong>, en peque\u00f1as cantidades para asegurar el <strong>correcto funcionamiento del organismo<\/strong>\u201d, ya que tienen funciones muy importantes en el organismo porque \u201c<strong>act\u00faan como cofactores de enzimas, coenzimas, regulaci\u00f3n de la transcripci\u00f3n del ADN y como antioxidantes<\/strong>\u201d. <\/p>\n\n\n\n<figure class=\"wp-block-image size-large\"><a href=\"https:\/\/blog.cofb.cat\/wp-content\/uploads\/2023\/02\/COFB_Nutricio-artificial_09022023_2-scaled.jpg\" target=\"_blank\" rel=\"noopener\"><img decoding=\"async\" src=\"https:\/\/blog.cofb.cat\/wp-content\/uploads\/2023\/02\/COFB_Nutricio-artificial_09022023_2-1024x576.jpg\" alt=\"La farmac\u00e8utica, Montserrat Colls, durant la seva pon\u00e8ncia.\" class=\"wp-image-66139\" title=\"  La farmac\u00e9utica, Montserrat Colls, durante su ponencia.\"\/><\/a><figcaption class=\"wp-element-caption\">  La farmac\u00e9utica, Montserrat Colls, durante su ponencia.<\/figcaption><\/figure>\n\n\n\n<p>Tambi\u00e9n explic\u00f3 cu\u00e1l es el <strong>tratamiento<\/strong> si se produce una deficiencia, cu\u00e1les <strong>f\u00e1rmacos<\/strong> pueden estar asociados, los <strong>pacientes que pueden tener riesgo <\/strong>de d\u00e9ficit, que pueden ser pacientes cr\u00edticos y con otros tipos de patolog\u00edas. Durante la ponencia tambi\u00e9n habl\u00f3 sobre la nutrici\u00f3n enteral y parenteral, el s\u00edndrome de <em>refeeding<\/em>, la inflaci\u00f3n y c\u00f3mo afecta en los micronutrientes y comparti\u00f3 algunos problemas que se encuentran en la pr\u00e1ctica diaria.<\/p>\n\n\n\n<h2 class=\"wp-block-heading\"><strong>C\u00e1lculo de requisitos nutricionales en pesos extremos<\/strong><\/h2>\n\n\n\n<p>En segundo lugar, los farmac\u00e9uticos hospitalarios se formaron en el <strong>c\u00e1lculo de requisitos nutricionales en pesos extremos<\/strong>. La farmac\u00e9utica adjunta del Hospital Universitario de Bellvitge, <strong>Isabel Leiva<\/strong>, detall\u00f3 el esquema general sobre la <strong>composici\u00f3n corporal<\/strong>. <\/p>\n\n\n\n<figure class=\"wp-block-image size-large\"><a href=\"https:\/\/blog.cofb.cat\/wp-content\/uploads\/2023\/02\/COFB_Nutricio-artificial_09022023_3-scaled.jpg\" target=\"_blank\" rel=\"noopener\"><img decoding=\"async\" src=\"https:\/\/blog.cofb.cat\/wp-content\/uploads\/2023\/02\/COFB_Nutricio-artificial_09022023_3-1024x576.jpg\" alt=\"Elisabet Leiva durant la seva intervenci\u00f3 sobre el c\u00e0lcul de requisits nutricionals en pesos extrems. \" class=\"wp-image-66140\" title=\"Isabel Leiva durante su intervenci\u00f3n sobre el c\u00e1lculo de requisitos nutricionales en pesos extremos. \"\/><\/a><figcaption class=\"wp-element-caption\">Isabel Leiva durante su intervenci\u00f3n sobre el c\u00e1lculo de requisitos nutricionales en pesos extremos. <\/figcaption><\/figure>\n\n\n\n<p>Recalc\u00f3 la importancia de la <strong>valoraci\u00f3n nutricional<\/strong>, que &quot;nos proporcionar\u00e1 informaci\u00f3n sobre el estado nutricional y la capacidad funcional que tiene el cuerpo humano, que es muy relevante en los pacientes con pesos muy extremos&quot;. Aparte, la farmac\u00e9utica centr\u00f3 su exposici\u00f3n en el <strong>paciente obeso<\/strong> y en el <strong>paciente con bajo peso<\/strong>.<\/p>\n\n\n\n<h2 class=\"wp-block-heading\"><strong>Nutrici\u00f3n en el paciente neurol\u00f3gico<\/strong><\/h2>\n\n\n\n<p>El farmac\u00e9utico adjunto del Hospital de neurorrehabilitaci\u00f3n del Institut Guttmann, <strong>Eduardo Clot<\/strong>, inici\u00f3 la segunda jornada exponiendo cu\u00e1l es el papel de la <strong>nutrici\u00f3n en el paciente neurol\u00f3gico<\/strong>. Clot coment\u00f3 que \u201cal pensar en nutrici\u00f3n cl\u00ednica o artificial, a menudo olvidamos al paciente neurol\u00f3gico, que <strong>tiene unas caracter\u00edsticas propias y diferenciales<\/strong> que debe tenerse en cuenta en el abordaje nutricional\u201d. <\/p>\n\n\n\n<figure class=\"wp-block-image size-large\"><a href=\"https:\/\/blog.cofb.cat\/wp-content\/uploads\/2023\/02\/COFB_Nutricio-artificial_09022023_4-scaled.jpg\" target=\"_blank\" rel=\"noopener\"><img decoding=\"async\" src=\"https:\/\/blog.cofb.cat\/wp-content\/uploads\/2023\/02\/COFB_Nutricio-artificial_09022023_4-1024x576.jpg\" alt=\"Eduardo Clot en la seva exposici\u00f3 sobre la nutrici\u00f3 en el pacient neurol\u00f2gic. \" class=\"wp-image-66143\" title=\"Eduardo Clot en su exposici\u00f3n sobre la nutrici\u00f3n en el paciente neurol\u00f3gico. \"\/><\/a><figcaption class=\"wp-element-caption\">Eduardo Clot en su exposici\u00f3n sobre la nutrici\u00f3n en el paciente neurol\u00f3gico. <\/figcaption><\/figure>\n\n\n\n<p>El farmac\u00e9utico destac\u00f3 que \u201cel paciente neurol\u00f3gico es un paciente que se consume r\u00e1pidamente\u201d, que \u201csiempre se necesitan requisitos superiores a los que se calcular\u00edan mediante f\u00f3rmulas predictivas\u201d y que \u201clas <strong>diselectrolitemias<\/strong>, especialmente la <strong>hiponatremia<\/strong>, <strong>son<\/strong> <strong>frecuentes<\/strong>\u201d.<\/p>\n\n\n\n<h2 class=\"wp-block-heading\"><strong>El papel de las dietas cetog\u00e9nicas<\/strong><\/h2>\n\n\n\n<p>Seguidamente, el ponente <strong>Miquel Villaronga<\/strong> del Hospital San Juan de Dios abord\u00f3 el <strong>papel de las dietas cetog\u00e9nicas<\/strong>, que se trata de un tipo de \u201cdieta <strong>rica en grasas<\/strong>, <strong>pobre en hidratos de carbono<\/strong> y con <strong>una m\u00ednima cantidad de prote\u00ednas<\/strong>\u201d. <\/p>\n\n\n\n<figure class=\"wp-block-image size-large\"><a href=\"https:\/\/blog.cofb.cat\/wp-content\/uploads\/2023\/02\/COFB_Nutricio-artificial_09022023_5-scaled.jpg\" target=\"_blank\" rel=\"noopener\"><img decoding=\"async\" src=\"https:\/\/blog.cofb.cat\/wp-content\/uploads\/2023\/02\/COFB_Nutricio-artificial_09022023_5-1024x576.jpg\" alt=\"El farmac\u00e8utic adjunt, Miquel Villaronga, iniciant la seva pon\u00e8ncia. \" class=\"wp-image-66144\" title=\"El farmac\u00e9utico adjunto, Miquel Villaronga, iniciando su ponencia. \"\/><\/a><figcaption class=\"wp-element-caption\">El farmac\u00e9utico adjunto, Miquel Villaronga, iniciando su ponencia. <\/figcaption><\/figure>\n\n\n\n<p>El farmac\u00e9utico resumi\u00f3 el papel que desempe\u00f1an estas dietas, as\u00ed como el origen, las tipolog\u00edas (DC cl\u00e1sica, DC-MCT, Dieta Atkins modificada, Dieta bajo \u00edndice gluc\u00e9mico), las indicaciones, las contradicciones y una pr\u00e1ctica. Para terminar su ponencia comparti\u00f3 con los asistentes un caso cl\u00ednico.<\/p>\n\n\n\n<h2 class=\"wp-block-heading\"><strong>Estabilidad, compatibilidad y otras consultas relacionadas con la elaboraci\u00f3n y administraci\u00f3n de la nutrici\u00f3n parenteral<\/strong><\/h2>\n\n\n\n<p>La tercera jornada de formaci\u00f3n, la inici\u00f3 el farmac\u00e9utico<strong> Jan Thomas De Pourcq<\/strong> que habl\u00f3 sobre el<strong>estabilidad, compatibilidad y otras consultas relacionadas con la elaboraci\u00f3n y administraci\u00f3n de la nutrici\u00f3n parenteral. <\/strong>De Pourcq introdujo la sesi\u00f3n explicando <strong>por qu\u00e9 es importante el papel del farmac\u00e9utico en la nutrici\u00f3n parenteral<\/strong>, que \u201ces quien debe asegurar que sea <strong>segura, estable y compatible con la medicaci\u00f3n<\/strong> que se administre\u201d. Y a\u00f1adi\u00f3 que \u201c<strong>es de elevada complejidad<\/strong> porque existen m\u00faltiples factores: los electrolitos, las emulsiones lip\u00eddicas, la glucosa, los amino\u00e1cidos, las vitaminas, los oligoelementos y tambi\u00e9n pueden intervenir los f\u00e1rmacos\u201d. <\/p>\n\n\n\n<figure class=\"wp-block-image size-full\"><a href=\"https:\/\/www.cofb.org\/wp-content\/uploads\/2023\/10\/COFB_Nutricio-artificial_09022023_6-1024x667-2.jpg\" target=\"_blank\" rel=\"noopener\"><img fetchpriority=\"high\" decoding=\"async\" width=\"1024\" height=\"667\" src=\"https:\/\/www.cofb.org\/wp-content\/uploads\/2023\/10\/COFB_Nutricio-artificial_09022023_6-1024x667-2.jpg\" alt=\"\" class=\"wp-image-68967\" title=\"El farmac\u00e9utico adjunto, Miquel Villaronga, iniciando su ponencia. \" srcset=\"https:\/\/www.cofb.org\/wp-content\/uploads\/2023\/10\/COFB_Nutricio-artificial_09022023_6-1024x667-2.jpg 1024w, https:\/\/www.cofb.org\/wp-content\/uploads\/2023\/10\/COFB_Nutricio-artificial_09022023_6-1024x667-2-300x195.jpg 300w, https:\/\/www.cofb.org\/wp-content\/uploads\/2023\/10\/COFB_Nutricio-artificial_09022023_6-1024x667-2-768x500.jpg 768w, https:\/\/www.cofb.org\/wp-content\/uploads\/2023\/10\/COFB_Nutricio-artificial_09022023_6-1024x667-2-18x12.jpg 18w\" sizes=\"(max-width: 1024px) 100vw, 1024px\" \/><\/a><figcaption class=\"wp-element-caption\">  Jan Thomas De Pourcq durante su exposici\u00f3n sobre la estabilidad, compatibilidad y otras consultas relacionadas con la elaboraci\u00f3n y administraci\u00f3n de la nutrici\u00f3n parenteral.<\/figcaption><\/figure>\n\n\n\n<p>A lo largo de su ponencia, Jan Thomas repas\u00f3 los m\u00e9todos de determinaci\u00f3n de estabilidad, la influencia de los macronutrientes, de los micronutrientes y de los factores externos, la administraci\u00f3n de la nutrici\u00f3n parenteral, la caducidad y la compatibilidad con f\u00e1rmacos.<\/p>\n\n\n\n<h2 class=\"wp-block-heading\"><strong>Nutrici\u00f3n parenteral en el embarazo<\/strong><\/h2>\n\n\n\n<p>Para cerrar la formaci\u00f3n, la farmac\u00e9utica <strong>Maria Nevot <\/strong>se centr\u00f3 en la <strong>nutrici\u00f3n parenteral en el embarazo<\/strong>. Nevot destac\u00f3 la <strong>relaci\u00f3n<\/strong> que hay entre la <strong>nutrici\u00f3n materna<\/strong> y <strong>la evoluci\u00f3n fetal<\/strong> y que la <strong>gasto cal\u00f3rico del embarazo<\/strong> \u201cno se distribuye por igual a lo largo del per\u00edodo gestacional\u201d. <\/p>\n\n\n\n<figure class=\"wp-block-image size-large\"><a href=\"https:\/\/blog.cofb.cat\/wp-content\/uploads\/2023\/02\/COFB_Nutricio-artificial_09022023_7-scaled.jpg\" target=\"_blank\" rel=\"noopener\"><img decoding=\"async\" src=\"https:\/\/blog.cofb.cat\/wp-content\/uploads\/2023\/02\/COFB_Nutricio-artificial_09022023_7-1024x576.jpg\" alt=\"La farmac\u00e8utica, Maria Nevot, va abordar la nutrici\u00f3 parenteral en l'embar\u00e0s durant la tercera jornada. \" class=\"wp-image-66148\" title=\"La farmac\u00e9utica, Maria Nevot, abord\u00f3 la nutrici\u00f3n parenteral en el embarazo en la tercera jornada. \"\/><\/a><figcaption class=\"wp-element-caption\">La farmac\u00e9utica, Maria Nevot, abord\u00f3 la nutrici\u00f3n parenteral en el embarazo en la tercera jornada. <\/figcaption><\/figure>\n\n\n\n<p>Durante la sesi\u00f3n, repas\u00f3 las <strong>patolog\u00edas <\/strong>que <strong>afectan en la ingesta y la absorci\u00f3n de nutrientes<\/strong> que pueden causar d\u00e9ficits y, por \u00faltimo, present\u00f3 un caso cl\u00ednico.<\/p>\n\n\n<div class=\"destacat-blog\">\n\n\n<h2 class=\"wp-block-heading\"><strong>Formaci\u00f3n espec\u00edfica sobre nutrici\u00f3n artificial para t\u00e9cnicos de farmacia hospitalaria<\/strong> <\/h2>\n\n\n\n<p>El pasado 1 de febrero, el <strong>Col\u00b7legi de Farmac\u00e8utics de Barcelona<\/strong>, conjuntamente con la&nbsp;<strong>Sociedad Catalana de Farmacia Cl\u00ednica<\/strong>&nbsp;<strong>(SCFC)<\/strong> y la coordinaci\u00f3n del<strong> <strong>Grupo de Nutrici\u00f3n de Farmac\u00e9uticos de Hospitales de Catalu\u00f1a<\/strong>, <\/strong>realizaron una formaci\u00f3n espec\u00edfica sobre <strong>Nutrici\u00f3n artificial para t\u00e9cnicos de farmacia hospitalaria. <\/strong>Los ponentes encargados de llevar a cabo la sesi\u00f3n fueron las farmac\u00e9uticas adjuntas <strong>Laura Val<\/strong>, del Hospital Universitario General de Catalu\u00f1a, y <strong>Ana Puebla<\/strong>, del Hospital de Sant Joan Desp\u00ed Mois\u00e8s Broggi.<\/p>\n\n\n\n<p>Los <strong>objetivos<\/strong> de la formaci\u00f3n fueron habilitar a los participantes en los <strong>aspectos cl\u00ednicos de la nutrici\u00f3n parenteral en reci\u00e9n nacidos<\/strong> y los <strong>protocolos de preparaci\u00f3n<\/strong> y entender los <strong>conceptos b\u00e1sicos de la nutrici\u00f3n enteral<\/strong>.<\/p>\n\n\n\n<figure class=\"wp-block-image size-large\"><a href=\"https:\/\/blog.cofb.cat\/wp-content\/uploads\/2023\/02\/COFB_Nutricio-artificial_09022023_9-scaled.jpg\" target=\"_blank\" rel=\"noopener\"><img decoding=\"async\" src=\"https:\/\/blog.cofb.cat\/wp-content\/uploads\/2023\/02\/COFB_Nutricio-artificial_09022023_9-1024x576.jpg\" alt=\"A l'esquerra: la farmac\u00e8utica, Laura Val. A la dreta: la farmac\u00e8utica, Ana Puebla. \" class=\"wp-image-66168\" title=\"A la izquierda: la farmac\u00e9utica, Laura VaA la derecha: la farmac\u00e9utica, Ana Puebla. \"\/><\/a><figcaption class=\"wp-element-caption\">A la izquierda: la farmac\u00e9utica, Laura Val. A la derecha: la farmac\u00e9utica, Ana Puebla. <\/figcaption><\/figure>\n\n\n\n<p>La farmac\u00e9utica hospitalaria, <strong>Laura Val<\/strong>, inici\u00f3 su ponencia introduciendo <strong>algunos conceptos b\u00e1sicos de clasificaci\u00f3n de los beb\u00e9s <\/strong>seg\u00fan sean reci\u00e9n nacidos, la edad gestacional o el peso. Val especific\u00f3 que es indicado administrar nutrici\u00f3n parenteral en beb\u00e9s prematuros (RNPT) &quot;en v\u00edas metab\u00f3licas inmaduras, en demandas nutricionales incrementadas, en estados m\u00e9dicos\/quir\u00fargicas que alteren los requisitos y la absorci\u00f3n de nutrientes y en reservas nutricionales limitadas&quot;. Adem\u00e1s, la farmac\u00e9utica repas\u00f3 el acceso vascular para administrar nutrici\u00f3n parenteral, composici\u00f3n de este tipo de nutrici\u00f3n y complicaciones.<\/p>\n\n\n\n<figure class=\"wp-block-image size-large\"><a href=\"https:\/\/blog.cofb.cat\/wp-content\/uploads\/2023\/02\/COFB_Nutricio-artificial_09022023_8_edited.-scaled.jpg\" target=\"_blank\" rel=\"noopener\"><img decoding=\"async\" src=\"https:\/\/blog.cofb.cat\/wp-content\/uploads\/2023\/02\/COFB_Nutricio-artificial_09022023_8_edited.-1024x512.jpg\" alt=\"Material d'administraci\u00f3 de nutrici\u00f3 artificial a l'exterior de l'aula de formaci\u00f3. \" class=\"wp-image-66177\" title=\"Material de administraci\u00f3n de nutrici\u00f3n artificial en el exterior del aula de formaci\u00f3n. \"\/><\/a><figcaption class=\"wp-element-caption\">Material de administraci\u00f3n de nutrici\u00f3n artificial en el exterior del aula de formaci\u00f3n. <\/figcaption><\/figure>\n\n\n\n<p>La segunda parte de la formaci\u00f3n corri\u00f3 a cargo de la farmac\u00e9utica, <strong>Ana Puebla<\/strong>, que expuso los <strong>conceptos b\u00e1sicos de la nutrici\u00f3n enteral<\/strong>, que se administra v\u00eda digestiva, y que tiene algunos <strong>ventajas respecto a la parenteral<\/strong>: \u201ces m\u00e1s fisiol\u00f3gica y sencilla, tiene menos complicaciones y de menor gravedad, se evitan los efectos secundarios a la falta de utilizaci\u00f3n del aparato gastrointestinal, ofrece m\u00e1s autonom\u00eda y el coste es m\u00e1s bajo\u201d. Puebla detall\u00f3 las v\u00edas de acceso al tracto digestivo, las f\u00f3rmulas de nutrici\u00f3n enteral que existen y las dosis a pautar, los m\u00e9todos de administraci\u00f3n a utilizar y las complicaciones que pueden derivarse.<\/p><\/div>\n\n\n\n<p class=\"has-text-align-right\"><strong>Actividades coordinadas por:<\/strong><\/p>\n\n\n\n<figure class=\"wp-block-image alignright size-full\"><a href=\"https:\/\/twitter.com\/gnfhc3\" target=\"_blank\" rel=\"noopener\"><img decoding=\"async\" src=\"https:\/\/blog.cofb.cat\/wp-content\/uploads\/2022\/02\/GNFHC.png\" alt=\"\" class=\"wp-image-60466\"\/><\/a><\/figure>\n\n\n\n<p><\/p>\n\n\n\n<p><\/p>\n\n\n\n<p class=\"has-text-align-right\"><strong>Actividades organizadas conjuntamente con:<\/strong><\/p>\n\n\n\n<figure class=\"wp-block-image alignright size-thumbnail is-resized\"><a href=\"http:\/\/www.scfarmclin.org\/\" target=\"_blank\" rel=\"noopener\"><img decoding=\"async\" src=\"https:\/\/blog.cofb.cat\/wp-content\/uploads\/2022\/06\/Societat-Catalana-de-Farmacia-Clinica-SCFC_logo_transparent-150x97.png\" alt=\"\" class=\"wp-image-63695\" style=\"width:127px;height:82px\" width=\"127\" height=\"82\"\/><\/a><\/figure>\n\n\n\n<p><\/p>\n\n\n\n<p><\/p>\n\n\n\n<p><\/p>\n\n\n\n<p><\/p>\n\n\n\n<p class=\"has-text-align-right\"><strong>Con el patrocinio de:<\/strong><\/p>\n\n\n\n<div class=\"wp-block-columns is-layout-flex wp-container-core-columns-is-layout-28f84493 wp-block-columns-is-layout-flex\">\n<div class=\"wp-block-column is-layout-flow wp-block-column-is-layout-flow\">\n<figure class=\"wp-block-image alignright size-thumbnail\"><a href=\"https:\/\/www.baxter.es\/es\/baxter-en-espana\" target=\"_blank\" rel=\"noopener\"><img decoding=\"async\" src=\"https:\/\/blog.cofb.cat\/wp-content\/uploads\/2023\/02\/BAXTER_logo_transparent-150x30.png\" alt=\"\" class=\"wp-image-66151\"\/><\/a><\/figure>\n<\/div>\n\n\n\n<div class=\"wp-block-column is-layout-flow wp-block-column-is-layout-flow\">\n<figure class=\"wp-block-image alignright size-thumbnail\"><a href=\"https:\/\/www.bbraun.es\/es.html\" target=\"_blank\" rel=\"noopener\"><img decoding=\"async\" src=\"https:\/\/blog.cofb.cat\/wp-content\/uploads\/2023\/02\/BBRAUN_logo_transparent-150x38.png\" alt=\"\" class=\"wp-image-66152\"\/><\/a><\/figure>\n<\/div>\n\n\n\n<div class=\"wp-block-column is-layout-flow wp-block-column-is-layout-flow\">\n<figure class=\"wp-block-image alignright size-thumbnail\"><a href=\"https:\/\/persanfarma.com\/\" target=\"_blank\" rel=\"noopener\"><img decoding=\"async\" src=\"https:\/\/blog.cofb.cat\/wp-content\/uploads\/2023\/02\/PERSAN_nutricion_ciencia_personas_logo_transparent-150x64.png\" alt=\"\" class=\"wp-image-66153\"\/><\/a><\/figure>\n<\/div>\n\n\n\n<div class=\"wp-block-column is-layout-flow wp-block-column-is-layout-flow\">\n<figure class=\"wp-block-image alignright size-thumbnail\"><a href=\"https:\/\/www.vegenat.es\/\" target=\"_blank\" rel=\"noopener\"><img decoding=\"async\" src=\"https:\/\/blog.cofb.cat\/wp-content\/uploads\/2023\/02\/VEGENAT_2022_logo_transparent-150x75.png\" alt=\"\" class=\"wp-image-66154\"\/><\/a><\/figure>\n<\/div>\n<\/div>","protected":false},"excerpt":{"rendered":"<p>A finales de enero, el Colegio de Farmac\u00e9uticos de Barcelona (COFB) organiz\u00f3 la XVII edici\u00f3n de la formaci\u00f3n \u201cActuaci\u00f3n farmac\u00e9utica en la nutrici\u00f3n artificial\u201d, conjuntamente con la Sociedad Catalana de Farmacia Cl\u00ednica (SCFC), la coordinaci\u00f3n del Grupo de Nutrici\u00f3n de Farmac\u00e9uticos de Hospitales de Catalu\u00f1a y con el patrocinio de [\u2026]<\/p>","protected":false},"author":1,"featured_media":67745,"comment_status":"open","ping_status":"open","sticky":false,"template":"","format":"standard","meta":{"_uag_custom_page_level_css":"","site-sidebar-layout":"default","site-content-layout":"","ast-site-content-layout":"default","site-content-style":"default","site-sidebar-style":"default","ast-global-header-display":"","ast-banner-title-visibility":"","ast-main-header-display":"","ast-hfb-above-header-display":"","ast-hfb-below-header-display":"","ast-hfb-mobile-header-display":"","site-post-title":"","ast-breadcrumbs-content":"","ast-featured-img":"disabled","footer-sml-layout":"","theme-transparent-header-meta":"","adv-header-id-meta":"","stick-header-meta":"","header-above-stick-meta":"","header-main-stick-meta":"","header-below-stick-meta":"","astra-migrate-meta-layouts":"default","ast-page-background-enabled":"default","ast-page-background-meta":{"desktop":{"background-color":"var(--ast-global-color-4)","background-image":"","background-repeat":"repeat","background-position":"center center","background-size":"auto","background-attachment":"scroll","background-type":"","background-media":"","overlay-type":"","overlay-color":"","overlay-opacity":"","overlay-gradient":""},"tablet":{"background-color":"","background-image":"","background-repeat":"repeat","background-position":"center center","background-size":"auto","background-attachment":"scroll","background-type":"","background-media":"","overlay-type":"","overlay-color":"","overlay-opacity":"","overlay-gradient":""},"mobile":{"background-color":"","background-image":"","background-repeat":"repeat","background-position":"center center","background-size":"auto","background-attachment":"scroll","background-type":"","background-media":"","overlay-type":"","overlay-color":"","overlay-opacity":"","overlay-gradient":""}},"ast-content-background-meta":{"desktop":{"background-color":"var(--ast-global-color-5)","background-image":"","background-repeat":"repeat","background-position":"center center","background-size":"auto","background-attachment":"scroll","background-type":"","background-media":"","overlay-type":"","overlay-color":"","overlay-opacity":"","overlay-gradient":""},"tablet":{"background-color":"var(--ast-global-color-5)","background-image":"","background-repeat":"repeat","background-position":"center center","background-size":"auto","background-attachment":"scroll","background-type":"","background-media":"","overlay-type":"","overlay-color":"","overlay-opacity":"","overlay-gradient":""},"mobile":{"background-color":"var(--ast-global-color-5)","background-image":"","background-repeat":"repeat","background-position":"center center","background-size":"auto","background-attachment":"scroll","background-type":"","background-media":"","overlay-type":"","overlay-color":"","overlay-opacity":"","overlay-gradient":""}},"footnotes":""},"categories":[23,57],"tags":[120,18,19,121,53,122,68,54,70,123,124,46,125,126,127,128,129],"class_list":["post-66134","post","type-post","status-publish","format-standard","has-post-thumbnail","hentry","category-destacats","category-mon-collegial","tag-actuacio-farmaceutica-en-nutricio-artificial","tag-cofb","tag-collegi-de-farmaceutics-de-barcelona","tag-dieta-cetogenica","tag-farmaceutics","tag-farmaceutics-hospitalaris","tag-farmacia","tag-farmacs","tag-formacio","tag-micronutricio","tag-micronutrients","tag-nutricio","tag-nutricio-artificial","tag-nutricio-clinica","tag-nutricio-parenteral","tag-pacient-neurologic","tag-societat-catalana-de-farmacia-clinica-scfc"],"yoast_head":"<!-- This site is optimized with the Yoast SEO plugin v22.4 - https:\/\/yoast.com\/wordpress\/plugins\/seo\/ -->\n<title>Noves formacions en l&#039;actuaci\u00f3 farmac\u00e8utica en pacients amb nutrici\u00f3 artificial - Col\u00b7legi de Farmac\u00e8utics de Barcelona<\/title>\n<meta name=\"description\" content=\"A finals de gener, el COFB va organitzar la XVII edici\u00f3 de la formaci\u00f3 \u201cActuaci\u00f3 farmac\u00e8utica en la nutrici\u00f3 artificial\u201d\" \/>\n<meta name=\"robots\" content=\"index, follow, max-snippet:-1, max-image-preview:large, max-video-preview:-1\" \/>\n<link rel=\"canonical\" href=\"https:\/\/novaorg.cofb.net\/2023\/02\/10\/noves-formacions-en-lactuacio-farmaceutica-en-pacients-amb-nutricio-artificial\/\" \/>\n<meta property=\"og:locale\" content=\"es_ES\" \/>\n<meta property=\"og:type\" content=\"article\" \/>\n<meta property=\"og:title\" content=\"Noves formacions en l&#039;actuaci\u00f3 farmac\u00e8utica en pacients amb nutrici\u00f3 artificial - Col\u00b7legi de Farmac\u00e8utics de Barcelona\" \/>\n<meta property=\"og:description\" content=\"A finals de gener, el COFB va organitzar la XVII edici\u00f3 de la formaci\u00f3 \u201cActuaci\u00f3 farmac\u00e8utica en la nutrici\u00f3 artificial\u201d\" \/>\n<meta property=\"og:url\" content=\"https:\/\/novaorg.cofb.net\/2023\/02\/10\/noves-formacions-en-lactuacio-farmaceutica-en-pacients-amb-nutricio-artificial\/\" \/>\n<meta property=\"og:site_name\" content=\"Col\u00b7legi de Farmac\u00e8utics de Barcelona\" \/>\n<meta property=\"article:publisher\" content=\"https:\/\/www.facebook.com\/farmaceuticsbcn\/\" \/>\n<meta property=\"article:published_time\" content=\"2023-02-10T13:47:03+00:00\" \/>\n<meta property=\"article:modified_time\" content=\"2023-10-09T10:42:05+00:00\" \/>\n<meta property=\"og:image\" content=\"https:\/\/novaorg.cofb.net\/wp-content\/uploads\/2023\/07\/COFB_Nutricio-artificial_09022023_0_portada-1024x576-1.jpg\" \/>\n\t<meta property=\"og:image:width\" content=\"1024\" \/>\n\t<meta property=\"og:image:height\" content=\"576\" \/>\n\t<meta property=\"og:image:type\" content=\"image\/jpeg\" \/>\n<meta name=\"author\" content=\"wpAdminCofbOrg\" \/>\n<meta name=\"twitter:card\" content=\"summary_large_image\" \/>\n<meta name=\"twitter:creator\" content=\"@farmaceuticsbcn\" \/>\n<meta name=\"twitter:site\" content=\"@farmaceuticsbcn\" \/>\n<meta name=\"twitter:label1\" content=\"Escrito por\" \/>\n\t<meta name=\"twitter:data1\" content=\"wpAdminCofbOrg\" \/>\n\t<meta name=\"twitter:label2\" content=\"Tiempo de lectura\" \/>\n\t<meta name=\"twitter:data2\" content=\"9 minutos\" \/>\n<script type=\"application\/ld+json\" class=\"yoast-schema-graph\">{\"@context\":\"https:\/\/schema.org\",\"@graph\":[{\"@type\":\"Article\",\"@id\":\"https:\/\/novaorg.cofb.net\/2023\/02\/10\/noves-formacions-en-lactuacio-farmaceutica-en-pacients-amb-nutricio-artificial\/#article\",\"isPartOf\":{\"@id\":\"https:\/\/novaorg.cofb.net\/2023\/02\/10\/noves-formacions-en-lactuacio-farmaceutica-en-pacients-amb-nutricio-artificial\/\"},\"author\":{\"name\":\"wpAdminCofbOrg\",\"@id\":\"https:\/\/www.cofb.org\/#\/schema\/person\/22ed7eea88da74b0fa4d3154ad87ffcb\"},\"headline\":\"Noves formacions en l&#8217;actuaci\u00f3 farmac\u00e8utica en pacients amb nutrici\u00f3 artificial\",\"datePublished\":\"2023-02-10T13:47:03+00:00\",\"dateModified\":\"2023-10-09T10:42:05+00:00\",\"mainEntityOfPage\":{\"@id\":\"https:\/\/novaorg.cofb.net\/2023\/02\/10\/noves-formacions-en-lactuacio-farmaceutica-en-pacients-amb-nutricio-artificial\/\"},\"wordCount\":1524,\"commentCount\":0,\"publisher\":{\"@id\":\"https:\/\/www.cofb.org\/#organization\"},\"image\":{\"@id\":\"https:\/\/novaorg.cofb.net\/2023\/02\/10\/noves-formacions-en-lactuacio-farmaceutica-en-pacients-amb-nutricio-artificial\/#primaryimage\"},\"thumbnailUrl\":\"https:\/\/www.cofb.org\/wp-content\/uploads\/2023\/07\/COFB_Nutricio-artificial_09022023_0_portada-1024x576-1.jpg\",\"keywords\":[\"Actuaci\u00f3 farmac\u00e8utica en nutrici\u00f3 artificial\",\"COFB\",\"Col\u00b7legi de Farmac\u00e8utics de Barcelona\",\"dieta cetog\u00e8nica\",\"farmac\u00e8utics\",\"farmac\u00e8utics hospitalaris\",\"Farm\u00e0cia\",\"f\u00e0rmacs\",\"Formaci\u00f3\",\"micronutrici\u00f3\",\"micronutrients\",\"Nutrici\u00f3\",\"nutrici\u00f3 artificial\",\"nutrici\u00f3 cl\u00ednica\",\"nutrici\u00f3 parenteral\",\"pacient neurol\u00f2gic\",\"Societat Catalana de Farm\u00e0cia Cl\u00ednica (SCFC)\"],\"articleSection\":[\"Destacats\",\"M\u00f3n col\u00b7legial\"],\"inLanguage\":\"es\",\"potentialAction\":[{\"@type\":\"CommentAction\",\"name\":\"Comment\",\"target\":[\"https:\/\/novaorg.cofb.net\/2023\/02\/10\/noves-formacions-en-lactuacio-farmaceutica-en-pacients-amb-nutricio-artificial\/#respond\"]}]},{\"@type\":\"WebPage\",\"@id\":\"https:\/\/novaorg.cofb.net\/2023\/02\/10\/noves-formacions-en-lactuacio-farmaceutica-en-pacients-amb-nutricio-artificial\/\",\"url\":\"https:\/\/novaorg.cofb.net\/2023\/02\/10\/noves-formacions-en-lactuacio-farmaceutica-en-pacients-amb-nutricio-artificial\/\",\"name\":\"Noves formacions en l'actuaci\u00f3 farmac\u00e8utica en pacients amb nutrici\u00f3 artificial - Col\u00b7legi de Farmac\u00e8utics de Barcelona\",\"isPartOf\":{\"@id\":\"https:\/\/www.cofb.org\/#website\"},\"primaryImageOfPage\":{\"@id\":\"https:\/\/novaorg.cofb.net\/2023\/02\/10\/noves-formacions-en-lactuacio-farmaceutica-en-pacients-amb-nutricio-artificial\/#primaryimage\"},\"image\":{\"@id\":\"https:\/\/novaorg.cofb.net\/2023\/02\/10\/noves-formacions-en-lactuacio-farmaceutica-en-pacients-amb-nutricio-artificial\/#primaryimage\"},\"thumbnailUrl\":\"https:\/\/www.cofb.org\/wp-content\/uploads\/2023\/07\/COFB_Nutricio-artificial_09022023_0_portada-1024x576-1.jpg\",\"datePublished\":\"2023-02-10T13:47:03+00:00\",\"dateModified\":\"2023-10-09T10:42:05+00:00\",\"description\":\"A finals de gener, el COFB va organitzar la XVII edici\u00f3 de la formaci\u00f3 \u201cActuaci\u00f3 farmac\u00e8utica en la nutrici\u00f3 artificial\u201d\",\"breadcrumb\":{\"@id\":\"https:\/\/novaorg.cofb.net\/2023\/02\/10\/noves-formacions-en-lactuacio-farmaceutica-en-pacients-amb-nutricio-artificial\/#breadcrumb\"},\"inLanguage\":\"es\",\"potentialAction\":[{\"@type\":\"ReadAction\",\"target\":[\"https:\/\/novaorg.cofb.net\/2023\/02\/10\/noves-formacions-en-lactuacio-farmaceutica-en-pacients-amb-nutricio-artificial\/\"]}]},{\"@type\":\"ImageObject\",\"inLanguage\":\"es\",\"@id\":\"https:\/\/novaorg.cofb.net\/2023\/02\/10\/noves-formacions-en-lactuacio-farmaceutica-en-pacients-amb-nutricio-artificial\/#primaryimage\",\"url\":\"https:\/\/www.cofb.org\/wp-content\/uploads\/2023\/07\/COFB_Nutricio-artificial_09022023_0_portada-1024x576-1.jpg\",\"contentUrl\":\"https:\/\/www.cofb.org\/wp-content\/uploads\/2023\/07\/COFB_Nutricio-artificial_09022023_0_portada-1024x576-1.jpg\",\"width\":1024,\"height\":576},{\"@type\":\"BreadcrumbList\",\"@id\":\"https:\/\/novaorg.cofb.net\/2023\/02\/10\/noves-formacions-en-lactuacio-farmaceutica-en-pacients-amb-nutricio-artificial\/#breadcrumb\",\"itemListElement\":[{\"@type\":\"ListItem\",\"position\":1,\"name\":\"Inici\",\"item\":\"https:\/\/novaorg.cofb.net\/\"},{\"@type\":\"ListItem\",\"position\":2,\"name\":\"Noves formacions en l&#8217;actuaci\u00f3 farmac\u00e8utica en pacients amb nutrici\u00f3 artificial\"}]},{\"@type\":\"WebSite\",\"@id\":\"https:\/\/www.cofb.org\/#website\",\"url\":\"https:\/\/www.cofb.org\/\",\"name\":\"Col\u00b7legi de Farmac\u00e8utics de Barcelona\",\"description\":\"\",\"publisher\":{\"@id\":\"https:\/\/www.cofb.org\/#organization\"},\"potentialAction\":[{\"@type\":\"SearchAction\",\"target\":{\"@type\":\"EntryPoint\",\"urlTemplate\":\"https:\/\/www.cofb.org\/?s={search_term_string}\"},\"query-input\":\"required name=search_term_string\"}],\"inLanguage\":\"es\"},{\"@type\":\"Organization\",\"@id\":\"https:\/\/www.cofb.org\/#organization\",\"name\":\"Col\u00b7legi de Farmac\u00e8utics de Barcelona\",\"url\":\"https:\/\/www.cofb.org\/\",\"logo\":{\"@type\":\"ImageObject\",\"inLanguage\":\"es\",\"@id\":\"https:\/\/www.cofb.org\/#\/schema\/logo\/image\/\",\"url\":\"https:\/\/www.cofb.org\/wp-content\/uploads\/2023\/11\/cropped-Logotip-COFB.png\",\"contentUrl\":\"https:\/\/www.cofb.org\/wp-content\/uploads\/2023\/11\/cropped-Logotip-COFB.png\",\"width\":500,\"height\":105,\"caption\":\"Col\u00b7legi de Farmac\u00e8utics de Barcelona\"},\"image\":{\"@id\":\"https:\/\/www.cofb.org\/#\/schema\/logo\/image\/\"},\"sameAs\":[\"https:\/\/www.facebook.com\/farmaceuticsbcn\/\",\"https:\/\/twitter.com\/farmaceuticsbcn\",\"https:\/\/www.instagram.com\/farmaceuticsbcn\/\",\"https:\/\/www.linkedin.com\/company\/farmaceuticsbcn\/\"]},{\"@type\":\"Person\",\"@id\":\"https:\/\/www.cofb.org\/#\/schema\/person\/22ed7eea88da74b0fa4d3154ad87ffcb\",\"name\":\"wpAdminCofbOrg\",\"image\":{\"@type\":\"ImageObject\",\"inLanguage\":\"es\",\"@id\":\"https:\/\/www.cofb.org\/#\/schema\/person\/image\/\",\"url\":\"https:\/\/secure.gravatar.com\/avatar\/1721b20b3b8ca882c3b56ec6c978c594fff670e40c0718e9190eaeeb76aae7d8?s=96&d=mm&r=g\",\"contentUrl\":\"https:\/\/secure.gravatar.com\/avatar\/1721b20b3b8ca882c3b56ec6c978c594fff670e40c0718e9190eaeeb76aae7d8?s=96&d=mm&r=g\",\"caption\":\"wpAdminCofbOrg\"},\"sameAs\":[\"http:\/\/192.168.64.122\/wordpress\"],\"url\":\"https:\/\/www.cofb.org\/es\/author\/wpadmincofborg\/\"}]}<\/script>\n<!-- \/ Yoast SEO plugin. -->","yoast_head_json":{"title":"Noves formacions en l'actuaci\u00f3 farmac\u00e8utica en pacients amb nutrici\u00f3 artificial - Col\u00b7legi de Farmac\u00e8utics de Barcelona","description":"A finals de gener, el COFB va organitzar la XVII edici\u00f3 de la formaci\u00f3 \u201cActuaci\u00f3 farmac\u00e8utica en la nutrici\u00f3 artificial\u201d","robots":{"index":"index","follow":"follow","max-snippet":"max-snippet:-1","max-image-preview":"max-image-preview:large","max-video-preview":"max-video-preview:-1"},"canonical":"https:\/\/novaorg.cofb.net\/2023\/02\/10\/noves-formacions-en-lactuacio-farmaceutica-en-pacients-amb-nutricio-artificial\/","og_locale":"es_ES","og_type":"article","og_title":"Noves formacions en l'actuaci\u00f3 farmac\u00e8utica en pacients amb nutrici\u00f3 artificial - Col\u00b7legi de Farmac\u00e8utics de Barcelona","og_description":"A finals de gener, el COFB va organitzar la XVII edici\u00f3 de la formaci\u00f3 \u201cActuaci\u00f3 farmac\u00e8utica en la nutrici\u00f3 artificial\u201d","og_url":"https:\/\/novaorg.cofb.net\/2023\/02\/10\/noves-formacions-en-lactuacio-farmaceutica-en-pacients-amb-nutricio-artificial\/","og_site_name":"Col\u00b7legi de Farmac\u00e8utics de Barcelona","article_publisher":"https:\/\/www.facebook.com\/farmaceuticsbcn\/","article_published_time":"2023-02-10T13:47:03+00:00","article_modified_time":"2023-10-09T10:42:05+00:00","og_image":[{"width":1024,"height":576,"url":"https:\/\/novaorg.cofb.net\/wp-content\/uploads\/2023\/07\/COFB_Nutricio-artificial_09022023_0_portada-1024x576-1.jpg","type":"image\/jpeg"}],"author":"wpAdminCofbOrg","twitter_card":"summary_large_image","twitter_creator":"@farmaceuticsbcn","twitter_site":"@farmaceuticsbcn","twitter_misc":{"Escrito por":"wpAdminCofbOrg","Tiempo de lectura":"9 minutos"},"schema":{"@context":"https:\/\/schema.org","@graph":[{"@type":"Article","@id":"https:\/\/novaorg.cofb.net\/2023\/02\/10\/noves-formacions-en-lactuacio-farmaceutica-en-pacients-amb-nutricio-artificial\/#article","isPartOf":{"@id":"https:\/\/novaorg.cofb.net\/2023\/02\/10\/noves-formacions-en-lactuacio-farmaceutica-en-pacients-amb-nutricio-artificial\/"},"author":{"name":"wpAdminCofbOrg","@id":"https:\/\/www.cofb.org\/#\/schema\/person\/22ed7eea88da74b0fa4d3154ad87ffcb"},"headline":"Noves formacions en l&#8217;actuaci\u00f3 farmac\u00e8utica en pacients amb nutrici\u00f3 artificial","datePublished":"2023-02-10T13:47:03+00:00","dateModified":"2023-10-09T10:42:05+00:00","mainEntityOfPage":{"@id":"https:\/\/novaorg.cofb.net\/2023\/02\/10\/noves-formacions-en-lactuacio-farmaceutica-en-pacients-amb-nutricio-artificial\/"},"wordCount":1524,"commentCount":0,"publisher":{"@id":"https:\/\/www.cofb.org\/#organization"},"image":{"@id":"https:\/\/novaorg.cofb.net\/2023\/02\/10\/noves-formacions-en-lactuacio-farmaceutica-en-pacients-amb-nutricio-artificial\/#primaryimage"},"thumbnailUrl":"https:\/\/www.cofb.org\/wp-content\/uploads\/2023\/07\/COFB_Nutricio-artificial_09022023_0_portada-1024x576-1.jpg","keywords":["Actuaci\u00f3 farmac\u00e8utica en nutrici\u00f3 artificial","COFB","Col\u00b7legi de Farmac\u00e8utics de Barcelona","dieta cetog\u00e8nica","farmac\u00e8utics","farmac\u00e8utics hospitalaris","Farm\u00e0cia","f\u00e0rmacs","Formaci\u00f3","micronutrici\u00f3","micronutrients","Nutrici\u00f3","nutrici\u00f3 artificial","nutrici\u00f3 cl\u00ednica","nutrici\u00f3 parenteral","pacient neurol\u00f2gic","Societat Catalana de Farm\u00e0cia Cl\u00ednica (SCFC)"],"articleSection":["Destacats","M\u00f3n col\u00b7legial"],"inLanguage":"es","potentialAction":[{"@type":"CommentAction","name":"Comment","target":["https:\/\/novaorg.cofb.net\/2023\/02\/10\/noves-formacions-en-lactuacio-farmaceutica-en-pacients-amb-nutricio-artificial\/#respond"]}]},{"@type":"WebPage","@id":"https:\/\/novaorg.cofb.net\/2023\/02\/10\/noves-formacions-en-lactuacio-farmaceutica-en-pacients-amb-nutricio-artificial\/","url":"https:\/\/novaorg.cofb.net\/2023\/02\/10\/noves-formacions-en-lactuacio-farmaceutica-en-pacients-amb-nutricio-artificial\/","name":"Noves formacions en l'actuaci\u00f3 farmac\u00e8utica en pacients amb nutrici\u00f3 artificial - Col\u00b7legi de Farmac\u00e8utics de Barcelona","isPartOf":{"@id":"https:\/\/www.cofb.org\/#website"},"primaryImageOfPage":{"@id":"https:\/\/novaorg.cofb.net\/2023\/02\/10\/noves-formacions-en-lactuacio-farmaceutica-en-pacients-amb-nutricio-artificial\/#primaryimage"},"image":{"@id":"https:\/\/novaorg.cofb.net\/2023\/02\/10\/noves-formacions-en-lactuacio-farmaceutica-en-pacients-amb-nutricio-artificial\/#primaryimage"},"thumbnailUrl":"https:\/\/www.cofb.org\/wp-content\/uploads\/2023\/07\/COFB_Nutricio-artificial_09022023_0_portada-1024x576-1.jpg","datePublished":"2023-02-10T13:47:03+00:00","dateModified":"2023-10-09T10:42:05+00:00","description":"A finals de gener, el COFB va organitzar la XVII edici\u00f3 de la formaci\u00f3 \u201cActuaci\u00f3 farmac\u00e8utica en la nutrici\u00f3 artificial\u201d","breadcrumb":{"@id":"https:\/\/novaorg.cofb.net\/2023\/02\/10\/noves-formacions-en-lactuacio-farmaceutica-en-pacients-amb-nutricio-artificial\/#breadcrumb"},"inLanguage":"es","potentialAction":[{"@type":"ReadAction","target":["https:\/\/novaorg.cofb.net\/2023\/02\/10\/noves-formacions-en-lactuacio-farmaceutica-en-pacients-amb-nutricio-artificial\/"]}]},{"@type":"ImageObject","inLanguage":"es","@id":"https:\/\/novaorg.cofb.net\/2023\/02\/10\/noves-formacions-en-lactuacio-farmaceutica-en-pacients-amb-nutricio-artificial\/#primaryimage","url":"https:\/\/www.cofb.org\/wp-content\/uploads\/2023\/07\/COFB_Nutricio-artificial_09022023_0_portada-1024x576-1.jpg","contentUrl":"https:\/\/www.cofb.org\/wp-content\/uploads\/2023\/07\/COFB_Nutricio-artificial_09022023_0_portada-1024x576-1.jpg","width":1024,"height":576},{"@type":"BreadcrumbList","@id":"https:\/\/novaorg.cofb.net\/2023\/02\/10\/noves-formacions-en-lactuacio-farmaceutica-en-pacients-amb-nutricio-artificial\/#breadcrumb","itemListElement":[{"@type":"ListItem","position":1,"name":"Inici","item":"https:\/\/novaorg.cofb.net\/"},{"@type":"ListItem","position":2,"name":"Noves formacions en l&#8217;actuaci\u00f3 farmac\u00e8utica en pacients amb nutrici\u00f3 artificial"}]},{"@type":"WebSite","@id":"https:\/\/www.cofb.org\/#website","url":"https:\/\/www.cofb.org\/","name":"Col\u00b7legi de Farmac\u00e8utics de Barcelona","description":"","publisher":{"@id":"https:\/\/www.cofb.org\/#organization"},"potentialAction":[{"@type":"SearchAction","target":{"@type":"EntryPoint","urlTemplate":"https:\/\/www.cofb.org\/?s={search_term_string}"},"query-input":"required name=search_term_string"}],"inLanguage":"es"},{"@type":"Organization","@id":"https:\/\/www.cofb.org\/#organization","name":"Col\u00b7legi de Farmac\u00e8utics de Barcelona","url":"https:\/\/www.cofb.org\/","logo":{"@type":"ImageObject","inLanguage":"es","@id":"https:\/\/www.cofb.org\/#\/schema\/logo\/image\/","url":"https:\/\/www.cofb.org\/wp-content\/uploads\/2023\/11\/cropped-Logotip-COFB.png","contentUrl":"https:\/\/www.cofb.org\/wp-content\/uploads\/2023\/11\/cropped-Logotip-COFB.png","width":500,"height":105,"caption":"Col\u00b7legi de Farmac\u00e8utics de Barcelona"},"image":{"@id":"https:\/\/www.cofb.org\/#\/schema\/logo\/image\/"},"sameAs":["https:\/\/www.facebook.com\/farmaceuticsbcn\/","https:\/\/twitter.com\/farmaceuticsbcn","https:\/\/www.instagram.com\/farmaceuticsbcn\/","https:\/\/www.linkedin.com\/company\/farmaceuticsbcn\/"]},{"@type":"Person","@id":"https:\/\/www.cofb.org\/#\/schema\/person\/22ed7eea88da74b0fa4d3154ad87ffcb","name":"wpAdminCofbOrg","image":{"@type":"ImageObject","inLanguage":"es","@id":"https:\/\/www.cofb.org\/#\/schema\/person\/image\/","url":"https:\/\/secure.gravatar.com\/avatar\/1721b20b3b8ca882c3b56ec6c978c594fff670e40c0718e9190eaeeb76aae7d8?s=96&d=mm&r=g","contentUrl":"https:\/\/secure.gravatar.com\/avatar\/1721b20b3b8ca882c3b56ec6c978c594fff670e40c0718e9190eaeeb76aae7d8?s=96&d=mm&r=g","caption":"wpAdminCofbOrg"},"sameAs":["http:\/\/192.168.64.122\/wordpress"],"url":"https:\/\/www.cofb.org\/es\/author\/wpadmincofborg\/"}]}},"uagb_featured_image_src":{"full":["https:\/\/www.cofb.org\/wp-content\/uploads\/2023\/07\/COFB_Nutricio-artificial_09022023_0_portada-1024x576-1.jpg",1024,576,false],"thumbnail":["https:\/\/www.cofb.org\/wp-content\/uploads\/2023\/07\/COFB_Nutricio-artificial_09022023_0_portada-1024x576-1-150x150.jpg",150,150,true],"medium":["https:\/\/www.cofb.org\/wp-content\/uploads\/2023\/07\/COFB_Nutricio-artificial_09022023_0_portada-1024x576-1-300x169.jpg",300,169,true],"medium_large":["https:\/\/www.cofb.org\/wp-content\/uploads\/2023\/07\/COFB_Nutricio-artificial_09022023_0_portada-1024x576-1-768x432.jpg",768,432,true],"large":["https:\/\/www.cofb.org\/wp-content\/uploads\/2023\/07\/COFB_Nutricio-artificial_09022023_0_portada-1024x576-1.jpg",1024,576,false],"1536x1536":["https:\/\/www.cofb.org\/wp-content\/uploads\/2023\/07\/COFB_Nutricio-artificial_09022023_0_portada-1024x576-1.jpg",1024,576,false],"2048x2048":["https:\/\/www.cofb.org\/wp-content\/uploads\/2023\/07\/COFB_Nutricio-artificial_09022023_0_portada-1024x576-1.jpg",1024,576,false],"trp-custom-language-flag":["https:\/\/www.cofb.org\/wp-content\/uploads\/2023\/07\/COFB_Nutricio-artificial_09022023_0_portada-1024x576-1.jpg",18,10,false]},"uagb_author_info":{"display_name":"wpAdminCofbOrg","author_link":"https:\/\/www.cofb.org\/es\/author\/wpadmincofborg\/"},"uagb_comment_info":0,"uagb_excerpt":"A finals de gener, el Col\u00b7legi de Farmac\u00e8utics de Barcelona (COFB) va organitzar la XVII edici\u00f3 de la formaci\u00f3 \u201cActuaci\u00f3 farmac\u00e8utica en la nutrici\u00f3 artificial\u201d, conjuntament amb la Societat Catalana de Farm\u00e0cia Cl\u00ednica (SCFC), la coordinaci\u00f3 del Grup de Nutrici\u00f3 de Farmac\u00e8utics d\u2019Hospitals de Catalunya i amb el patrocini de [&hellip;]","_links":{"self":[{"href":"https:\/\/www.cofb.org\/es\/wp-json\/wp\/v2\/posts\/66134","targetHints":{"allow":["GET"]}}],"collection":[{"href":"https:\/\/www.cofb.org\/es\/wp-json\/wp\/v2\/posts"}],"about":[{"href":"https:\/\/www.cofb.org\/es\/wp-json\/wp\/v2\/types\/post"}],"author":[{"embeddable":true,"href":"https:\/\/www.cofb.org\/es\/wp-json\/wp\/v2\/users\/1"}],"replies":[{"embeddable":true,"href":"https:\/\/www.cofb.org\/es\/wp-json\/wp\/v2\/comments?post=66134"}],"version-history":[{"count":6,"href":"https:\/\/www.cofb.org\/es\/wp-json\/wp\/v2\/posts\/66134\/revisions"}],"predecessor-version":[{"id":68968,"href":"https:\/\/www.cofb.org\/es\/wp-json\/wp\/v2\/posts\/66134\/revisions\/68968"}],"wp:featuredmedia":[{"embeddable":true,"href":"https:\/\/www.cofb.org\/es\/wp-json\/wp\/v2\/media\/67745"}],"wp:attachment":[{"href":"https:\/\/www.cofb.org\/es\/wp-json\/wp\/v2\/media?parent=66134"}],"wp:term":[{"taxonomy":"category","embeddable":true,"href":"https:\/\/www.cofb.org\/es\/wp-json\/wp\/v2\/categories?post=66134"},{"taxonomy":"post_tag","embeddable":true,"href":"https:\/\/www.cofb.org\/es\/wp-json\/wp\/v2\/tags?post=66134"}],"curies":[{"name":"wp","href":"https:\/\/api.w.org\/{rel}","templated":true}]}}