{"id":65812,"date":"2022-12-28T19:01:25","date_gmt":"2022-12-28T17:01:25","guid":{"rendered":"https:\/\/blog.cofb.cat\/?p=65812"},"modified":"2023-10-09T10:49:13","modified_gmt":"2023-10-09T10:49:13","slug":"la-visibilitzacio-de-lendometriosi-arriba-a-les-tertulies-dactualitat-del-cofb","status":"publish","type":"post","link":"https:\/\/www.cofb.org\/es\/2022\/12\/28\/la-visibilitzacio-de-lendometriosi-arriba-a-les-tertulies-dactualitat-del-cofb\/","title":{"rendered":"La visibilizaci\u00f3n de la endometriosis llega a las tertulias de actualidad del COFB"},"content":{"rendered":"<p>El pasado 14 de diciembre, el <strong>Col\u00b7legi de Farmac\u00e8utics de Barcelona (COFB)<\/strong> organiz\u00f3 la tertulia de actualidad <strong>&quot;Endometriosis: ayudamos a visibilizar una enfermedad silenciosa&quot;<\/strong>, a cargo del Jefe del Servicio de Ginecolog\u00eda del Hospital Cl\u00ednic de Barcelona, <strong>Francisco Carmona<\/strong>, y de la m\u00e9dica especialista en Cirug\u00eda General, Cirug\u00eda Ortop\u00e9dica y Traumatolog\u00eda, promotora y coordinadora del Proyecto PAME (Proyecto de Atenci\u00f3n Multidisciplinar de la Endometriosis), <strong>Consuelo Garc\u00eda Blanque. <\/strong>Una actividad que moder\u00f3 la secretaria de la Junta de Gobierno del COFB y responsable de la Comisi\u00f3n Delegada de Formaci\u00f3n, <strong>Aina Surroca.<\/strong><\/p>\n\n\n\n<figure class=\"wp-block-image size-full\"><a href=\"https:\/\/www.cofb.org\/wp-content\/uploads\/2023\/10\/COFB_ENDOMETRIOSI_14122022_4-1-1024x512-1.jpg\" target=\"_blank\" rel=\"noopener\"><img fetchpriority=\"high\" decoding=\"async\" width=\"1024\" height=\"512\" src=\"https:\/\/www.cofb.org\/wp-content\/uploads\/2023\/10\/COFB_ENDOMETRIOSI_14122022_4-1-1024x512-1.jpg\" alt=\"\" class=\"wp-image-68973\" title=\"El Jefe del Servicio de Ginecolog\u00eda del Hospital Cl\u00ednic, Francisco Carmona, durante su presentaci\u00f3n. \" srcset=\"https:\/\/www.cofb.org\/wp-content\/uploads\/2023\/10\/COFB_ENDOMETRIOSI_14122022_4-1-1024x512-1.jpg 1024w, https:\/\/www.cofb.org\/wp-content\/uploads\/2023\/10\/COFB_ENDOMETRIOSI_14122022_4-1-1024x512-1-300x150.jpg 300w, https:\/\/www.cofb.org\/wp-content\/uploads\/2023\/10\/COFB_ENDOMETRIOSI_14122022_4-1-1024x512-1-768x384.jpg 768w, https:\/\/www.cofb.org\/wp-content\/uploads\/2023\/10\/COFB_ENDOMETRIOSI_14122022_4-1-1024x512-1-18x9.jpg 18w\" sizes=\"(max-width: 1024px) 100vw, 1024px\" \/><\/a><figcaption class=\"wp-element-caption\">Ambos ponentes y la moderadora en un momento de la tertulia de actualidad sobre la endometriosis.<\/figcaption><\/figure>\n\n\n\n<p>Tal y como indic\u00f3 en su introducci\u00f3n la secretaria del COFB, los <strong>objetivos <\/strong>de la tertulia fueron <strong>dar a conocer la endometriosis<\/strong> y explicar a los farmac\u00e9uticos y farmac\u00e9uticas <strong>c\u00f3mo pueden ayudar a visibilizar e informar sobre esta enfermedad<\/strong>, tan extendida como desconocida.<\/p>\n\n\n\n<h2 class=\"wp-block-heading\"><strong>La endometriosis: qu\u00e9 es y cu\u00e1l es su sintomatolog\u00eda<\/strong><\/h2>\n\n\n\n<p>En su intervenci\u00f3n, el doctor <strong>Francisco Carmona<\/strong> defini\u00f3 <strong>qu\u00e9 es la endometriosis<\/strong>: \u201c<strong>una enfermedad cr\u00f3nica, estr\u00f3geno dependiente, en la que el tejido endometrio aparece fuera de la cavidad uterina<\/strong>, produciendo una reacci\u00f3n inflamatoria, con tendencia a la recidiva\u201d. Seg\u00fan detall\u00f3 \u201cel&#039;<strong>endometriosis es una enfermedad muy frecuente<\/strong>,<strong> no es una enfermedad rara<\/strong>, y afecta a las mujeres en edad reproductiva\u201d. Tambi\u00e9n comparti\u00f3 con los asistentes algunos de los s\u00edntomas t\u00edpicos como el <strong>dolor<\/strong> (dismenorrea, dispareunia, dolor premenstrual, dolor p\u00e9lvico difuso o cr\u00f3nico), la <strong>infertilidad<\/strong> (30-40% sufren esterilidad) y las <strong>hemorragias anormales<\/strong>, aunque puede haber otros s\u00edntomas como fatiga o alteraciones urinarias, entre otros.<\/p>\n\n\n\n<figure class=\"wp-block-image size-large\"><a href=\"https:\/\/blog.cofb.cat\/wp-content\/uploads\/2022\/12\/COFB_ENDOMETRIOSI_14122022_5_edited.jpg\" target=\"_blank\" rel=\"noopener\"><img decoding=\"async\" src=\"https:\/\/blog.cofb.cat\/wp-content\/uploads\/2022\/12\/COFB_ENDOMETRIOSI_14122022_5_edited-1024x513.jpg\" alt=\"El Cap del Servei de Ginecologia de l'Hospital Cl\u00ednic, Francisco Carmona, durant la seva presentaci\u00f3. \" class=\"wp-image-65848\" title=\"El Jefe del Servicio de Ginecolog\u00eda del Hospital Cl\u00ednic, Francisco Carmona, durante su presentaci\u00f3n. \"\/><\/a><figcaption class=\"wp-element-caption\">El dr. Francisco Carmona, durante su presentaci\u00f3n. <\/figcaption><\/figure>\n\n\n\n<p>El Jefe del Servicio de Ginecolog\u00eda del Hospital Cl\u00ednic puso especial relevancia en el <strong>tiempo que transcurre desde el inicio de la sintomatolog\u00eda hasta que la persona es diagnosticada y comienza a recibir tratamiento<\/strong>, \u201ceste periodo <strong>puede ser de 6 a 10 a\u00f1os<\/strong> y al menos <strong>puede comportar hasta tres visitas m\u00e9dicas previas<\/strong>\u201d. Y a\u00f1adi\u00f3 que &quot;el retraso en el diagn\u00f3stico puede hacer que a\u00f1ada otros s\u00edntomas&quot;.<\/p>\n\n\n\n<h2 class=\"wp-block-heading\"><strong>La realidad de una paciente con endometriosis<\/strong><\/h2>\n\n\n\n<p>Por su parte, la m\u00e9dica especialista en Cirug\u00eda General, Ortop\u00e9dica y Traumatolog\u00eda, <strong>Consuelo Garc\u00eda<\/strong> <strong>Blanque<\/strong>, expuso su caso como <strong>madre de una paciente con endometriosis<\/strong>. La Dra. Garc\u00eda comparti\u00f3 con los asistentes el caso de su hija que, despu\u00e9s de <strong>24 a\u00f1os con s\u00edntomas y visitas m\u00e9dicas <\/strong>en ambulatorios, CAPS, ginec\u00f3logos y en urgencias de hospitales, en 2020 le van <strong>diagnosticar endometriosis profunda<\/strong> (multiorg\u00e1nica).<\/p>\n\n\n\n<figure class=\"wp-block-image size-large\"><a href=\"https:\/\/blog.cofb.cat\/wp-content\/uploads\/2022\/12\/COFB_ENDOMETRIOSI_141220_6_edited.jpg\" target=\"_blank\" rel=\"noopener\"><img decoding=\"async\" src=\"https:\/\/blog.cofb.cat\/wp-content\/uploads\/2022\/12\/COFB_ENDOMETRIOSI_141220_6_edited-1024x512.jpg\" alt=\"La secret\u00e0ria del COFB presentant a la Dra. Consuelo Garc\u00eda Blanque.\" class=\"wp-image-65850\" title=\"La secretaria del COFB presentando a la Dra. Consuelo Garc\u00eda Blanque.\"\/><\/a><figcaption class=\"wp-element-caption\">La secretaria del COFB presentando a la promotora y coordinadora del Proyecto PAME, Consuelo Garc\u00eda Blanque. <\/figcaption><\/figure>\n\n\n\n<p>La doctora Garc\u00eda Blanque coment\u00f3 que en la actualidad su hija sufre \u201c<strong>dolor cr\u00f3nico invalidante<\/strong>, <strong>no recibe ninguna prestaci\u00f3n econ\u00f3mica<\/strong>, el <strong>Sistema Nacional de Salud no le reconoce ninguna discapacidad ni invalidez<\/strong>, <strong>depende de hacer rehabilitaci\u00f3n<\/strong>, de seguir una <strong>dieta<\/strong> y hacer <strong>psicoterapia personalizada<\/strong>, <strong>no puede ejercer como profesora<\/strong> y tiene <strong>limitaciones funcionales<\/strong> cuando est\u00e1 sentada, de pie, cuando va en transporte p\u00fablico, entre otras circunstancias\u201d.<\/p>\n\n\n\n<h2 class=\"wp-block-heading\"><strong>\u00bfQu\u00e9 hacer desde la farmacia comunitaria?<\/strong><\/h2>\n\n\n\n<p>Desde el punto de vista de la Dra. Garc\u00eda Blanque, \u201c<strong>la farmacia comunitaria es el lugar donde damos el primer paso cuando tenemos un problema, la farmacia nos acoge<\/strong>, y desde all\u00ed se puede ofrecer informaci\u00f3n de especialistas en ginecolog\u00eda y establecer una vigilancia\u201d. En este sentido, la doctora asegur\u00f3 que \u201cde esta forma la persona se sentir\u00e1 acompa\u00f1ada y no se sentir\u00e1 sola\u201d.<\/p>\n\n\n\n<p>As\u00ed pues, \u201cdesde la farmacia <strong>se puede preguntar, informar sin crear alarmas<\/strong>, no se puede diagnosticar pero s\u00ed <strong>recomendar un especialista<\/strong> y <strong>realizar un seguimiento de la medicaci\u00f3n<\/strong>, ya que desde la farmacia se pueden detectar efectos secundarios\u201d, detall\u00f3 la m\u00e9dica.<\/p>\n\n\n<div class=\"destacat-blog\">\n\n\n<h2 class=\"wp-block-heading\"><strong>Proyecto PAME<\/strong><\/h2>\n\n\n\n<p>El dr. Carmona y la Dra. Garc\u00eda Blanque son unos de los impulsores del <strong>Proyecto PAME<\/strong> (<strong>Proyecto Multidisciplinar de Evaluaci\u00f3n de la Endometriosis<\/strong>), se cre\u00f3 en el a\u00f1o 2020 para dar a conocer esta enfermedad e informar, formar, investigar, difundir, obtener recursos y vigilar.<\/p>\n\n\n\n<p>Francisco Carmona explic\u00f3 que se trata de un proyecto formado por \u201c<strong>personas de disciplinas diferentes<\/strong>, no s\u00f3lo por m\u00e9dicos, sino tambi\u00e9n por farmac\u00e9uticos, profesores, periodistas\u201d y a\u00f1adi\u00f3 que \u201c<strong>debemos implicar a la sociedad si queremos que el diagn\u00f3stico se haga precozmente<\/strong>\u201d. <\/p>\n\n\n\n<p>Por su parte, Consuelo Garc\u00eda Blanque insisti\u00f3 en la importancia de la atenci\u00f3n multidisciplinar, teniendo en cuenta las diversas sintomatolog\u00edas que se pueden presentar, y aprovech\u00f3 para recordar la necesidad de <strong>dar voz a las mujeres afectadas por esta enfermedad <\/strong>y tambi\u00e9n en las <strong>personas convivientes<\/strong>. <\/p> <\/div>","protected":false},"excerpt":{"rendered":"<p>El pasado 14 de diciembre, el Colegio de Farmac\u00e9uticos de Barcelona (COFB) organiz\u00f3 la tertulia de actualidad &quot;Endometriosis: ayudamos a visibilizar una enfermedad silenciosa&quot;, a cargo del Jefe del Servicio de Ginecolog\u00eda del Hospital Cl\u00ednic de Barcelona , Francisco Carmona, y de la m\u00e9dica especialista en Cirug\u00eda General, Cirug\u00eda Ortop\u00e9dica y [\u2026]<\/p>","protected":false},"author":1,"featured_media":67788,"comment_status":"open","ping_status":"open","sticky":false,"template":"","format":"standard","meta":{"_uag_custom_page_level_css":"","site-sidebar-layout":"default","site-content-layout":"","ast-site-content-layout":"default","site-content-style":"default","site-sidebar-style":"default","ast-global-header-display":"","ast-banner-title-visibility":"","ast-main-header-display":"","ast-hfb-above-header-display":"","ast-hfb-below-header-display":"","ast-hfb-mobile-header-display":"","site-post-title":"","ast-breadcrumbs-content":"","ast-featured-img":"disabled","footer-sml-layout":"","theme-transparent-header-meta":"","adv-header-id-meta":"","stick-header-meta":"","header-above-stick-meta":"","header-main-stick-meta":"","header-below-stick-meta":"","astra-migrate-meta-layouts":"default","ast-page-background-enabled":"default","ast-page-background-meta":{"desktop":{"background-color":"var(--ast-global-color-4)","background-image":"","background-repeat":"repeat","background-position":"center center","background-size":"auto","background-attachment":"scroll","background-type":"","background-media":"","overlay-type":"","overlay-color":"","overlay-opacity":"","overlay-gradient":""},"tablet":{"background-color":"","background-image":"","background-repeat":"repeat","background-position":"center center","background-size":"auto","background-attachment":"scroll","background-type":"","background-media":"","overlay-type":"","overlay-color":"","overlay-opacity":"","overlay-gradient":""},"mobile":{"background-color":"","background-image":"","background-repeat":"repeat","background-position":"center center","background-size":"auto","background-attachment":"scroll","background-type":"","background-media":"","overlay-type":"","overlay-color":"","overlay-opacity":"","overlay-gradient":""}},"ast-content-background-meta":{"desktop":{"background-color":"var(--ast-global-color-5)","background-image":"","background-repeat":"repeat","background-position":"center center","background-size":"auto","background-attachment":"scroll","background-type":"","background-media":"","overlay-type":"","overlay-color":"","overlay-opacity":"","overlay-gradient":""},"tablet":{"background-color":"var(--ast-global-color-5)","background-image":"","background-repeat":"repeat","background-position":"center center","background-size":"auto","background-attachment":"scroll","background-type":"","background-media":"","overlay-type":"","overlay-color":"","overlay-opacity":"","overlay-gradient":""},"mobile":{"background-color":"var(--ast-global-color-5)","background-image":"","background-repeat":"repeat","background-position":"center center","background-size":"auto","background-attachment":"scroll","background-type":"","background-media":"","overlay-type":"","overlay-color":"","overlay-opacity":"","overlay-gradient":""}},"footnotes":""},"categories":[23,57],"tags":[1050,64,18,19,1051,542,53,68,69,1052,1053,44,1054,1055,1056,140],"class_list":["post-65812","post","type-post","status-publish","format-standard","has-post-thumbnail","hentry","category-destacats","category-mon-collegial","tag-aina-surroca","tag-atencio-farmaceutica","tag-cofb","tag-collegi-de-farmaceutics-de-barcelona","tag-consuelo-garcia-blanque","tag-endometriosi","tag-farmaceutics","tag-farmacia","tag-farmacia-comunitaria","tag-francisco-carmona","tag-grupo-pame","tag-malaltia","tag-pame","tag-projecte-datencio-multidisciplinar-de-lendometriosi","tag-secretaria-de-la-junta-de-govern-del-cofb","tag-tertulia-dactualitat"],"yoast_head":"<!-- This site is optimized with the Yoast SEO plugin v22.4 - https:\/\/yoast.com\/wordpress\/plugins\/seo\/ -->\n<title>La visibilitzaci\u00f3 de l&#039;endometriosi arriba a les tert\u00falies d&#039;actualitat del COFB - Col\u00b7legi de Farmac\u00e8utics de Barcelona<\/title>\n<meta name=\"description\" content=\"El passat 14 de desembre, el COFB va organitzar la tert\u00falia d\u2019actualitat \u201cEndometriosi: ajudem a visibilitzar una malaltia silenciosa.\" \/>\n<meta name=\"robots\" content=\"index, follow, max-snippet:-1, max-image-preview:large, max-video-preview:-1\" \/>\n<link rel=\"canonical\" href=\"https:\/\/novaorg.cofb.net\/2022\/12\/28\/la-visibilitzacio-de-lendometriosi-arriba-a-les-tertulies-dactualitat-del-cofb\/\" \/>\n<meta property=\"og:locale\" content=\"es_ES\" \/>\n<meta property=\"og:type\" content=\"article\" \/>\n<meta property=\"og:title\" content=\"La visibilitzaci\u00f3 de l&#039;endometriosi arriba a les tert\u00falies d&#039;actualitat del COFB - Col\u00b7legi de Farmac\u00e8utics de Barcelona\" \/>\n<meta property=\"og:description\" content=\"El passat 14 de desembre, el COFB va organitzar la tert\u00falia d\u2019actualitat \u201cEndometriosi: ajudem a visibilitzar una malaltia silenciosa.\" \/>\n<meta property=\"og:url\" content=\"https:\/\/novaorg.cofb.net\/2022\/12\/28\/la-visibilitzacio-de-lendometriosi-arriba-a-les-tertulies-dactualitat-del-cofb\/\" \/>\n<meta property=\"og:site_name\" content=\"Col\u00b7legi de Farmac\u00e8utics de Barcelona\" \/>\n<meta property=\"article:publisher\" content=\"https:\/\/www.facebook.com\/farmaceuticsbcn\/\" \/>\n<meta property=\"article:published_time\" content=\"2022-12-28T17:01:25+00:00\" \/>\n<meta property=\"article:modified_time\" content=\"2023-10-09T10:49:13+00:00\" \/>\n<meta property=\"og:image\" content=\"https:\/\/novaorg.cofb.net\/wp-content\/uploads\/2023\/07\/COFB_ENDOMETRIOSI_14122022_4-1-1024x512-1.jpg\" \/>\n\t<meta property=\"og:image:width\" content=\"1024\" \/>\n\t<meta property=\"og:image:height\" content=\"512\" \/>\n\t<meta property=\"og:image:type\" content=\"image\/jpeg\" \/>\n<meta name=\"author\" content=\"wpAdminCofbOrg\" \/>\n<meta name=\"twitter:card\" content=\"summary_large_image\" \/>\n<meta name=\"twitter:creator\" content=\"@farmaceuticsbcn\" \/>\n<meta name=\"twitter:site\" content=\"@farmaceuticsbcn\" \/>\n<meta name=\"twitter:label1\" content=\"Escrito por\" \/>\n\t<meta name=\"twitter:data1\" content=\"wpAdminCofbOrg\" \/>\n\t<meta name=\"twitter:label2\" content=\"Tiempo de lectura\" \/>\n\t<meta name=\"twitter:data2\" content=\"4 minutos\" \/>\n<script type=\"application\/ld+json\" class=\"yoast-schema-graph\">{\"@context\":\"https:\/\/schema.org\",\"@graph\":[{\"@type\":\"Article\",\"@id\":\"https:\/\/novaorg.cofb.net\/2022\/12\/28\/la-visibilitzacio-de-lendometriosi-arriba-a-les-tertulies-dactualitat-del-cofb\/#article\",\"isPartOf\":{\"@id\":\"https:\/\/novaorg.cofb.net\/2022\/12\/28\/la-visibilitzacio-de-lendometriosi-arriba-a-les-tertulies-dactualitat-del-cofb\/\"},\"author\":{\"name\":\"wpAdminCofbOrg\",\"@id\":\"https:\/\/www.cofb.org\/#\/schema\/person\/22ed7eea88da74b0fa4d3154ad87ffcb\"},\"headline\":\"La visibilitzaci\u00f3 de l&#8217;endometriosi arriba a les tert\u00falies d&#8217;actualitat del COFB\",\"datePublished\":\"2022-12-28T17:01:25+00:00\",\"dateModified\":\"2023-10-09T10:49:13+00:00\",\"mainEntityOfPage\":{\"@id\":\"https:\/\/novaorg.cofb.net\/2022\/12\/28\/la-visibilitzacio-de-lendometriosi-arriba-a-les-tertulies-dactualitat-del-cofb\/\"},\"wordCount\":852,\"commentCount\":0,\"publisher\":{\"@id\":\"https:\/\/www.cofb.org\/#organization\"},\"image\":{\"@id\":\"https:\/\/novaorg.cofb.net\/2022\/12\/28\/la-visibilitzacio-de-lendometriosi-arriba-a-les-tertulies-dactualitat-del-cofb\/#primaryimage\"},\"thumbnailUrl\":\"https:\/\/www.cofb.org\/wp-content\/uploads\/2023\/07\/COFB_ENDOMETRIOSI_14122022_4-1-1024x512-1.jpg\",\"keywords\":[\"Aina Surroca\",\"Atenci\u00f3 farmac\u00e8utica\",\"COFB\",\"Col\u00b7legi de Farmac\u00e8utics de Barcelona\",\"Consuelo Garc\u00eda Blanque\",\"endometriosi\",\"farmac\u00e8utics\",\"Farm\u00e0cia\",\"farm\u00e0cia comunit\u00e0ria\",\"Francisco Carmona\",\"Grupo PAME\",\"malaltia\",\"PAME\",\"Projecte d&#039;Atenci\u00f3 Multidisciplinar de l&#039;Endometriosi\",\"secret\u00e0ria de la Junta de Govern del COFB\",\"tert\u00falia d'actualitat\"],\"articleSection\":[\"Destacats\",\"M\u00f3n col\u00b7legial\"],\"inLanguage\":\"es\",\"potentialAction\":[{\"@type\":\"CommentAction\",\"name\":\"Comment\",\"target\":[\"https:\/\/novaorg.cofb.net\/2022\/12\/28\/la-visibilitzacio-de-lendometriosi-arriba-a-les-tertulies-dactualitat-del-cofb\/#respond\"]}]},{\"@type\":\"WebPage\",\"@id\":\"https:\/\/novaorg.cofb.net\/2022\/12\/28\/la-visibilitzacio-de-lendometriosi-arriba-a-les-tertulies-dactualitat-del-cofb\/\",\"url\":\"https:\/\/novaorg.cofb.net\/2022\/12\/28\/la-visibilitzacio-de-lendometriosi-arriba-a-les-tertulies-dactualitat-del-cofb\/\",\"name\":\"La visibilitzaci\u00f3 de l'endometriosi arriba a les tert\u00falies d'actualitat del COFB - Col\u00b7legi de Farmac\u00e8utics de Barcelona\",\"isPartOf\":{\"@id\":\"https:\/\/www.cofb.org\/#website\"},\"primaryImageOfPage\":{\"@id\":\"https:\/\/novaorg.cofb.net\/2022\/12\/28\/la-visibilitzacio-de-lendometriosi-arriba-a-les-tertulies-dactualitat-del-cofb\/#primaryimage\"},\"image\":{\"@id\":\"https:\/\/novaorg.cofb.net\/2022\/12\/28\/la-visibilitzacio-de-lendometriosi-arriba-a-les-tertulies-dactualitat-del-cofb\/#primaryimage\"},\"thumbnailUrl\":\"https:\/\/www.cofb.org\/wp-content\/uploads\/2023\/07\/COFB_ENDOMETRIOSI_14122022_4-1-1024x512-1.jpg\",\"datePublished\":\"2022-12-28T17:01:25+00:00\",\"dateModified\":\"2023-10-09T10:49:13+00:00\",\"description\":\"El passat 14 de desembre, el COFB va organitzar la tert\u00falia d\u2019actualitat \u201cEndometriosi: ajudem a visibilitzar una malaltia silenciosa.\",\"breadcrumb\":{\"@id\":\"https:\/\/novaorg.cofb.net\/2022\/12\/28\/la-visibilitzacio-de-lendometriosi-arriba-a-les-tertulies-dactualitat-del-cofb\/#breadcrumb\"},\"inLanguage\":\"es\",\"potentialAction\":[{\"@type\":\"ReadAction\",\"target\":[\"https:\/\/novaorg.cofb.net\/2022\/12\/28\/la-visibilitzacio-de-lendometriosi-arriba-a-les-tertulies-dactualitat-del-cofb\/\"]}]},{\"@type\":\"ImageObject\",\"inLanguage\":\"es\",\"@id\":\"https:\/\/novaorg.cofb.net\/2022\/12\/28\/la-visibilitzacio-de-lendometriosi-arriba-a-les-tertulies-dactualitat-del-cofb\/#primaryimage\",\"url\":\"https:\/\/www.cofb.org\/wp-content\/uploads\/2023\/07\/COFB_ENDOMETRIOSI_14122022_4-1-1024x512-1.jpg\",\"contentUrl\":\"https:\/\/www.cofb.org\/wp-content\/uploads\/2023\/07\/COFB_ENDOMETRIOSI_14122022_4-1-1024x512-1.jpg\",\"width\":1024,\"height\":512},{\"@type\":\"BreadcrumbList\",\"@id\":\"https:\/\/novaorg.cofb.net\/2022\/12\/28\/la-visibilitzacio-de-lendometriosi-arriba-a-les-tertulies-dactualitat-del-cofb\/#breadcrumb\",\"itemListElement\":[{\"@type\":\"ListItem\",\"position\":1,\"name\":\"Inici\",\"item\":\"https:\/\/novaorg.cofb.net\/\"},{\"@type\":\"ListItem\",\"position\":2,\"name\":\"La visibilitzaci\u00f3 de l&#8217;endometriosi arriba a les tert\u00falies d&#8217;actualitat del COFB\"}]},{\"@type\":\"WebSite\",\"@id\":\"https:\/\/www.cofb.org\/#website\",\"url\":\"https:\/\/www.cofb.org\/\",\"name\":\"Col\u00b7legi de Farmac\u00e8utics de Barcelona\",\"description\":\"\",\"publisher\":{\"@id\":\"https:\/\/www.cofb.org\/#organization\"},\"potentialAction\":[{\"@type\":\"SearchAction\",\"target\":{\"@type\":\"EntryPoint\",\"urlTemplate\":\"https:\/\/www.cofb.org\/?s={search_term_string}\"},\"query-input\":\"required name=search_term_string\"}],\"inLanguage\":\"es\"},{\"@type\":\"Organization\",\"@id\":\"https:\/\/www.cofb.org\/#organization\",\"name\":\"Col\u00b7legi de Farmac\u00e8utics de Barcelona\",\"url\":\"https:\/\/www.cofb.org\/\",\"logo\":{\"@type\":\"ImageObject\",\"inLanguage\":\"es\",\"@id\":\"https:\/\/www.cofb.org\/#\/schema\/logo\/image\/\",\"url\":\"https:\/\/www.cofb.org\/wp-content\/uploads\/2023\/11\/cropped-Logotip-COFB.png\",\"contentUrl\":\"https:\/\/www.cofb.org\/wp-content\/uploads\/2023\/11\/cropped-Logotip-COFB.png\",\"width\":500,\"height\":105,\"caption\":\"Col\u00b7legi de Farmac\u00e8utics de Barcelona\"},\"image\":{\"@id\":\"https:\/\/www.cofb.org\/#\/schema\/logo\/image\/\"},\"sameAs\":[\"https:\/\/www.facebook.com\/farmaceuticsbcn\/\",\"https:\/\/twitter.com\/farmaceuticsbcn\",\"https:\/\/www.instagram.com\/farmaceuticsbcn\/\",\"https:\/\/www.linkedin.com\/company\/farmaceuticsbcn\/\"]},{\"@type\":\"Person\",\"@id\":\"https:\/\/www.cofb.org\/#\/schema\/person\/22ed7eea88da74b0fa4d3154ad87ffcb\",\"name\":\"wpAdminCofbOrg\",\"image\":{\"@type\":\"ImageObject\",\"inLanguage\":\"es\",\"@id\":\"https:\/\/www.cofb.org\/#\/schema\/person\/image\/\",\"url\":\"https:\/\/secure.gravatar.com\/avatar\/1721b20b3b8ca882c3b56ec6c978c594fff670e40c0718e9190eaeeb76aae7d8?s=96&d=mm&r=g\",\"contentUrl\":\"https:\/\/secure.gravatar.com\/avatar\/1721b20b3b8ca882c3b56ec6c978c594fff670e40c0718e9190eaeeb76aae7d8?s=96&d=mm&r=g\",\"caption\":\"wpAdminCofbOrg\"},\"sameAs\":[\"http:\/\/192.168.64.122\/wordpress\"],\"url\":\"https:\/\/www.cofb.org\/es\/author\/wpadmincofborg\/\"}]}<\/script>\n<!-- \/ Yoast SEO plugin. -->","yoast_head_json":{"title":"La visibilitzaci\u00f3 de l'endometriosi arriba a les tert\u00falies d'actualitat del COFB - Col\u00b7legi de Farmac\u00e8utics de Barcelona","description":"El passat 14 de desembre, el COFB va organitzar la tert\u00falia d\u2019actualitat \u201cEndometriosi: ajudem a visibilitzar una malaltia silenciosa.","robots":{"index":"index","follow":"follow","max-snippet":"max-snippet:-1","max-image-preview":"max-image-preview:large","max-video-preview":"max-video-preview:-1"},"canonical":"https:\/\/novaorg.cofb.net\/2022\/12\/28\/la-visibilitzacio-de-lendometriosi-arriba-a-les-tertulies-dactualitat-del-cofb\/","og_locale":"es_ES","og_type":"article","og_title":"La visibilitzaci\u00f3 de l'endometriosi arriba a les tert\u00falies d'actualitat del COFB - Col\u00b7legi de Farmac\u00e8utics de Barcelona","og_description":"El passat 14 de desembre, el COFB va organitzar la tert\u00falia d\u2019actualitat \u201cEndometriosi: ajudem a visibilitzar una malaltia silenciosa.","og_url":"https:\/\/novaorg.cofb.net\/2022\/12\/28\/la-visibilitzacio-de-lendometriosi-arriba-a-les-tertulies-dactualitat-del-cofb\/","og_site_name":"Col\u00b7legi de Farmac\u00e8utics de Barcelona","article_publisher":"https:\/\/www.facebook.com\/farmaceuticsbcn\/","article_published_time":"2022-12-28T17:01:25+00:00","article_modified_time":"2023-10-09T10:49:13+00:00","og_image":[{"width":1024,"height":512,"url":"https:\/\/novaorg.cofb.net\/wp-content\/uploads\/2023\/07\/COFB_ENDOMETRIOSI_14122022_4-1-1024x512-1.jpg","type":"image\/jpeg"}],"author":"wpAdminCofbOrg","twitter_card":"summary_large_image","twitter_creator":"@farmaceuticsbcn","twitter_site":"@farmaceuticsbcn","twitter_misc":{"Escrito por":"wpAdminCofbOrg","Tiempo de lectura":"4 minutos"},"schema":{"@context":"https:\/\/schema.org","@graph":[{"@type":"Article","@id":"https:\/\/novaorg.cofb.net\/2022\/12\/28\/la-visibilitzacio-de-lendometriosi-arriba-a-les-tertulies-dactualitat-del-cofb\/#article","isPartOf":{"@id":"https:\/\/novaorg.cofb.net\/2022\/12\/28\/la-visibilitzacio-de-lendometriosi-arriba-a-les-tertulies-dactualitat-del-cofb\/"},"author":{"name":"wpAdminCofbOrg","@id":"https:\/\/www.cofb.org\/#\/schema\/person\/22ed7eea88da74b0fa4d3154ad87ffcb"},"headline":"La visibilitzaci\u00f3 de l&#8217;endometriosi arriba a les tert\u00falies d&#8217;actualitat del COFB","datePublished":"2022-12-28T17:01:25+00:00","dateModified":"2023-10-09T10:49:13+00:00","mainEntityOfPage":{"@id":"https:\/\/novaorg.cofb.net\/2022\/12\/28\/la-visibilitzacio-de-lendometriosi-arriba-a-les-tertulies-dactualitat-del-cofb\/"},"wordCount":852,"commentCount":0,"publisher":{"@id":"https:\/\/www.cofb.org\/#organization"},"image":{"@id":"https:\/\/novaorg.cofb.net\/2022\/12\/28\/la-visibilitzacio-de-lendometriosi-arriba-a-les-tertulies-dactualitat-del-cofb\/#primaryimage"},"thumbnailUrl":"https:\/\/www.cofb.org\/wp-content\/uploads\/2023\/07\/COFB_ENDOMETRIOSI_14122022_4-1-1024x512-1.jpg","keywords":["Aina Surroca","Atenci\u00f3 farmac\u00e8utica","COFB","Col\u00b7legi de Farmac\u00e8utics de Barcelona","Consuelo Garc\u00eda Blanque","endometriosi","farmac\u00e8utics","Farm\u00e0cia","farm\u00e0cia comunit\u00e0ria","Francisco Carmona","Grupo PAME","malaltia","PAME","Projecte d&#039;Atenci\u00f3 Multidisciplinar de l&#039;Endometriosi","secret\u00e0ria de la Junta de Govern del COFB","tert\u00falia d'actualitat"],"articleSection":["Destacats","M\u00f3n col\u00b7legial"],"inLanguage":"es","potentialAction":[{"@type":"CommentAction","name":"Comment","target":["https:\/\/novaorg.cofb.net\/2022\/12\/28\/la-visibilitzacio-de-lendometriosi-arriba-a-les-tertulies-dactualitat-del-cofb\/#respond"]}]},{"@type":"WebPage","@id":"https:\/\/novaorg.cofb.net\/2022\/12\/28\/la-visibilitzacio-de-lendometriosi-arriba-a-les-tertulies-dactualitat-del-cofb\/","url":"https:\/\/novaorg.cofb.net\/2022\/12\/28\/la-visibilitzacio-de-lendometriosi-arriba-a-les-tertulies-dactualitat-del-cofb\/","name":"La visibilitzaci\u00f3 de l'endometriosi arriba a les tert\u00falies d'actualitat del COFB - Col\u00b7legi de Farmac\u00e8utics de Barcelona","isPartOf":{"@id":"https:\/\/www.cofb.org\/#website"},"primaryImageOfPage":{"@id":"https:\/\/novaorg.cofb.net\/2022\/12\/28\/la-visibilitzacio-de-lendometriosi-arriba-a-les-tertulies-dactualitat-del-cofb\/#primaryimage"},"image":{"@id":"https:\/\/novaorg.cofb.net\/2022\/12\/28\/la-visibilitzacio-de-lendometriosi-arriba-a-les-tertulies-dactualitat-del-cofb\/#primaryimage"},"thumbnailUrl":"https:\/\/www.cofb.org\/wp-content\/uploads\/2023\/07\/COFB_ENDOMETRIOSI_14122022_4-1-1024x512-1.jpg","datePublished":"2022-12-28T17:01:25+00:00","dateModified":"2023-10-09T10:49:13+00:00","description":"El passat 14 de desembre, el COFB va organitzar la tert\u00falia d\u2019actualitat \u201cEndometriosi: ajudem a visibilitzar una malaltia silenciosa.","breadcrumb":{"@id":"https:\/\/novaorg.cofb.net\/2022\/12\/28\/la-visibilitzacio-de-lendometriosi-arriba-a-les-tertulies-dactualitat-del-cofb\/#breadcrumb"},"inLanguage":"es","potentialAction":[{"@type":"ReadAction","target":["https:\/\/novaorg.cofb.net\/2022\/12\/28\/la-visibilitzacio-de-lendometriosi-arriba-a-les-tertulies-dactualitat-del-cofb\/"]}]},{"@type":"ImageObject","inLanguage":"es","@id":"https:\/\/novaorg.cofb.net\/2022\/12\/28\/la-visibilitzacio-de-lendometriosi-arriba-a-les-tertulies-dactualitat-del-cofb\/#primaryimage","url":"https:\/\/www.cofb.org\/wp-content\/uploads\/2023\/07\/COFB_ENDOMETRIOSI_14122022_4-1-1024x512-1.jpg","contentUrl":"https:\/\/www.cofb.org\/wp-content\/uploads\/2023\/07\/COFB_ENDOMETRIOSI_14122022_4-1-1024x512-1.jpg","width":1024,"height":512},{"@type":"BreadcrumbList","@id":"https:\/\/novaorg.cofb.net\/2022\/12\/28\/la-visibilitzacio-de-lendometriosi-arriba-a-les-tertulies-dactualitat-del-cofb\/#breadcrumb","itemListElement":[{"@type":"ListItem","position":1,"name":"Inici","item":"https:\/\/novaorg.cofb.net\/"},{"@type":"ListItem","position":2,"name":"La visibilitzaci\u00f3 de l&#8217;endometriosi arriba a les tert\u00falies d&#8217;actualitat del COFB"}]},{"@type":"WebSite","@id":"https:\/\/www.cofb.org\/#website","url":"https:\/\/www.cofb.org\/","name":"Col\u00b7legi de Farmac\u00e8utics de Barcelona","description":"","publisher":{"@id":"https:\/\/www.cofb.org\/#organization"},"potentialAction":[{"@type":"SearchAction","target":{"@type":"EntryPoint","urlTemplate":"https:\/\/www.cofb.org\/?s={search_term_string}"},"query-input":"required name=search_term_string"}],"inLanguage":"es"},{"@type":"Organization","@id":"https:\/\/www.cofb.org\/#organization","name":"Col\u00b7legi de Farmac\u00e8utics de Barcelona","url":"https:\/\/www.cofb.org\/","logo":{"@type":"ImageObject","inLanguage":"es","@id":"https:\/\/www.cofb.org\/#\/schema\/logo\/image\/","url":"https:\/\/www.cofb.org\/wp-content\/uploads\/2023\/11\/cropped-Logotip-COFB.png","contentUrl":"https:\/\/www.cofb.org\/wp-content\/uploads\/2023\/11\/cropped-Logotip-COFB.png","width":500,"height":105,"caption":"Col\u00b7legi de Farmac\u00e8utics de Barcelona"},"image":{"@id":"https:\/\/www.cofb.org\/#\/schema\/logo\/image\/"},"sameAs":["https:\/\/www.facebook.com\/farmaceuticsbcn\/","https:\/\/twitter.com\/farmaceuticsbcn","https:\/\/www.instagram.com\/farmaceuticsbcn\/","https:\/\/www.linkedin.com\/company\/farmaceuticsbcn\/"]},{"@type":"Person","@id":"https:\/\/www.cofb.org\/#\/schema\/person\/22ed7eea88da74b0fa4d3154ad87ffcb","name":"wpAdminCofbOrg","image":{"@type":"ImageObject","inLanguage":"es","@id":"https:\/\/www.cofb.org\/#\/schema\/person\/image\/","url":"https:\/\/secure.gravatar.com\/avatar\/1721b20b3b8ca882c3b56ec6c978c594fff670e40c0718e9190eaeeb76aae7d8?s=96&d=mm&r=g","contentUrl":"https:\/\/secure.gravatar.com\/avatar\/1721b20b3b8ca882c3b56ec6c978c594fff670e40c0718e9190eaeeb76aae7d8?s=96&d=mm&r=g","caption":"wpAdminCofbOrg"},"sameAs":["http:\/\/192.168.64.122\/wordpress"],"url":"https:\/\/www.cofb.org\/es\/author\/wpadmincofborg\/"}]}},"uagb_featured_image_src":{"full":["https:\/\/www.cofb.org\/wp-content\/uploads\/2023\/07\/COFB_ENDOMETRIOSI_14122022_4-1-1024x512-1.jpg",1024,512,false],"thumbnail":["https:\/\/www.cofb.org\/wp-content\/uploads\/2023\/07\/COFB_ENDOMETRIOSI_14122022_4-1-1024x512-1-150x150.jpg",150,150,true],"medium":["https:\/\/www.cofb.org\/wp-content\/uploads\/2023\/07\/COFB_ENDOMETRIOSI_14122022_4-1-1024x512-1-300x150.jpg",300,150,true],"medium_large":["https:\/\/www.cofb.org\/wp-content\/uploads\/2023\/07\/COFB_ENDOMETRIOSI_14122022_4-1-1024x512-1-768x384.jpg",768,384,true],"large":["https:\/\/www.cofb.org\/wp-content\/uploads\/2023\/07\/COFB_ENDOMETRIOSI_14122022_4-1-1024x512-1.jpg",1024,512,false],"1536x1536":["https:\/\/www.cofb.org\/wp-content\/uploads\/2023\/07\/COFB_ENDOMETRIOSI_14122022_4-1-1024x512-1.jpg",1024,512,false],"2048x2048":["https:\/\/www.cofb.org\/wp-content\/uploads\/2023\/07\/COFB_ENDOMETRIOSI_14122022_4-1-1024x512-1.jpg",1024,512,false],"trp-custom-language-flag":["https:\/\/www.cofb.org\/wp-content\/uploads\/2023\/07\/COFB_ENDOMETRIOSI_14122022_4-1-1024x512-1.jpg",18,9,false]},"uagb_author_info":{"display_name":"wpAdminCofbOrg","author_link":"https:\/\/www.cofb.org\/es\/author\/wpadmincofborg\/"},"uagb_comment_info":0,"uagb_excerpt":"El passat 14 de desembre, el Col\u00b7legi de Farmac\u00e8utics de Barcelona (COFB) va organitzar la tert\u00falia d\u2019actualitat \u201cEndometriosi: ajudem a visibilitzar una malaltia silenciosa\u201d, a c\u00e0rrec del Cap del Servei de Ginecologia de l&#8217;Hospital Cl\u00ednic de Barcelona, Francisco Carmona, i de la metgessa especialista en Cirurgia General, Cirurgia Ortop\u00e8dica i [&hellip;]","_links":{"self":[{"href":"https:\/\/www.cofb.org\/es\/wp-json\/wp\/v2\/posts\/65812","targetHints":{"allow":["GET"]}}],"collection":[{"href":"https:\/\/www.cofb.org\/es\/wp-json\/wp\/v2\/posts"}],"about":[{"href":"https:\/\/www.cofb.org\/es\/wp-json\/wp\/v2\/types\/post"}],"author":[{"embeddable":true,"href":"https:\/\/www.cofb.org\/es\/wp-json\/wp\/v2\/users\/1"}],"replies":[{"embeddable":true,"href":"https:\/\/www.cofb.org\/es\/wp-json\/wp\/v2\/comments?post=65812"}],"version-history":[{"count":4,"href":"https:\/\/www.cofb.org\/es\/wp-json\/wp\/v2\/posts\/65812\/revisions"}],"predecessor-version":[{"id":68974,"href":"https:\/\/www.cofb.org\/es\/wp-json\/wp\/v2\/posts\/65812\/revisions\/68974"}],"wp:featuredmedia":[{"embeddable":true,"href":"https:\/\/www.cofb.org\/es\/wp-json\/wp\/v2\/media\/67788"}],"wp:attachment":[{"href":"https:\/\/www.cofb.org\/es\/wp-json\/wp\/v2\/media?parent=65812"}],"wp:term":[{"taxonomy":"category","embeddable":true,"href":"https:\/\/www.cofb.org\/es\/wp-json\/wp\/v2\/categories?post=65812"},{"taxonomy":"post_tag","embeddable":true,"href":"https:\/\/www.cofb.org\/es\/wp-json\/wp\/v2\/tags?post=65812"}],"curies":[{"name":"wp","href":"https:\/\/api.w.org\/{rel}","templated":true}]}}