{"id":65693,"date":"2022-12-30T11:39:21","date_gmt":"2022-12-30T09:39:21","guid":{"rendered":"https:\/\/blog.cofb.cat\/?p=65693"},"modified":"2023-10-09T10:47:36","modified_gmt":"2023-10-09T10:47:36","slug":"nova-edicio-del-curs-actualitzacio-en-oncologia-hematologica","status":"publish","type":"post","link":"https:\/\/www.cofb.org\/es\/2022\/12\/30\/nova-edicio-del-curs-actualitzacio-en-oncologia-hematologica\/","title":{"rendered":"Nueva edici\u00f3n del curso &quot;Actualizaci\u00f3n en oncolog\u00eda hematol\u00f3gica&quot;"},"content":{"rendered":"<p>El <strong>Col\u00b7legi de Farmac\u00e8utics de Barcelona (COFB)<\/strong>, junto con la <strong>Sociedad Catalana de Farmacia Cl\u00ednica (SCFC)<\/strong>, organiz\u00f3 una noa edici\u00f3n del curso <strong>&quot;Actualizaci\u00f3n en oncolog\u00eda hematol\u00f3gica&quot;<\/strong>, con el patrocinio de <strong><a href=\"https:\/\/www.bms.com\/es\" target=\"_blank\" rel=\"noreferrer noopener\">Bristol-Myers Squibb<\/a> <\/strong>y <strong><a href=\"https:\/\/www.janssen.com\/spain\/\">J<\/a><a href=\"https:\/\/www.janssen.com\/spain\/\" target=\"_blank\" rel=\"noreferrer noopener\">anssen<\/a>. <\/strong>La actividad const\u00f3 de cinco sesiones que realizaron <strong>expertos de referencia <\/strong>en cada uno de los c\u00e1nceres hematol\u00f3gicos que se trataron. Las sesiones fueron coordinadas por el vocal de Hospitales del COFB, <strong>David Conde<\/strong>, y se dirigieron a los <strong>farmac\u00e9uticos hospitalarios.<\/strong><\/p>\n\n\n\n<figure class=\"wp-block-image size-large\"><a href=\"https:\/\/blog.cofb.cat\/wp-content\/uploads\/2022\/12\/COFB_ONCOLOGIA-HEMATOLOGICA_22122022_1.png\" target=\"_blank\" rel=\"noopener\"><img decoding=\"async\" src=\"https:\/\/blog.cofb.cat\/wp-content\/uploads\/2022\/12\/COFB_ONCOLOGIA-HEMATOLOGICA_22122022_1-1024x683.png\" alt=\"Primera fila, d\u2019esquerra a dreta: el Dr. Juan Manuel Sancho i el Dr. Carlos Fern\u00e1ndez. Segona fila, d\u2019esquerra a dreta: el Dr. Albert Alt\u00e9s i el Dr. Albert Oriol Rocafiguera.\" class=\"wp-image-65772\" title=\"Primera fila, de izquierda a derecha: el dr. Juan Manuel Sancho y el dr. Carlos Fern\u00e1ndez. Segunda fila, de izquierda a derecha: el dr. Albert Alt\u00e9s y el dr. Albert Oriol Rocafiguera.\"\/><\/a><figcaption class=\"wp-element-caption\">Primera fila, de izquierda a derecha: el dr. Juan Manuel Sancho y el dr. Carlos Fern\u00e1ndez. Segunda fila, de izquierda a derecha: el dr. Albert Alt\u00e9s y el dr. Albert Oriol Rocafiguera.<\/figcaption><\/figure>\n\n\n\n<p>Los <strong>objetivos <\/strong>del curso fueron <strong>actualizar la gesti\u00f3n y el tratamiento de los diferentes c\u00e1nceres hematol\u00f3gicos<\/strong>, poner al d\u00eda los aspectos relacionados con el<strong>atenci\u00f3n farmac\u00e9utica en la dispensaci\u00f3n de tratamientos<\/strong> para combatir estos c\u00e1nceres y <strong>conocer las necesidades de los pacientes <\/strong>para ofrecer el <strong>apoyo emocional <\/strong>correcto.<\/p>\n\n\n\n<h2 class=\"wp-block-heading\"><strong>Actualizaci\u00f3n en el tratamiento de los c\u00e1nceres hematol\u00f3gicos<\/strong><\/h2>\n\n\n\n<p>A lo largo del curso formativo, profesionales de diferentes \u00e1mbitos de la medicina repasaron algunos <strong>tipos de c\u00e1nceres hematol\u00f3gicos<\/strong> y los<strong> tratamientos asociados<\/strong> a cada uno de ellos. El vocal de Hospitales del COFB, <strong>David Conde<\/strong>, hizo un breve resumen de lo que se coment\u00f3 en las sesiones. <\/p>\n\n\n\n<h3 class=\"wp-block-heading\"><strong>Linfoma de c\u00e9lulas del manto<\/strong><\/h3>\n\n\n\n<p>En la primera sesi\u00f3n, del pasado 3 de noviembre, el jefe asistencial del Servicio de Hematolog\u00eda Cl\u00ednica del ICO Badalona del Hospital Universitario Germans Trias i Pujol, el <strong>Dr. Juan Manuel Sancho<\/strong>, revis\u00f3 el <strong>linfoma de c\u00e9lulas del manto<\/strong>. El dr. Sancho expuso cu\u00e1les son las <strong>opciones de tratamiento actuales y futuras<\/strong> de esta patolog\u00eda, que est\u00e1 siendo muy investigada, y que en la actualidad existe <strong>nuevas dianas para cambiar el pron\u00f3stico <\/strong>con mejor perfil de efectos secundarios. En primera l\u00ednea, <strong>se incorporan los inhibidores BTK<\/strong> llegando a tener esquemas chemo-free. En reca\u00edda, la <strong>terapia celular<\/strong> tiene mucha evidencia a la espera de financiaci\u00f3n por el SNS.<\/p>\n\n\n\n<h3 class=\"wp-block-heading\"><strong>Enfermedad de Waldenstr\u00f6m<\/strong><\/h3>\n\n\n\n<p>A continuaci\u00f3n, el consultor del Servicio de Hematolog\u00eda del Hospital Cl\u00ednic de Barcelona, <strong>Dr. Carlos Fern\u00e1ndez<\/strong>, habl\u00f3 sobre la <strong>enfermedad<\/strong> <strong>de Waldenstr\u00f6m<\/strong>. Se trata de una patolog\u00eda menos frecuente, pero importante, donde los <strong>inhibidores de la tirosina de Bruton<\/strong> se han convertido en una <strong>incorporaci\u00f3n importante de arsenal terap\u00e9utico<\/strong>. En la charla se coment\u00f3 que queda explorar <strong>combinaciones en reca\u00edda<\/strong> como el venetoclax u otras opciones que todav\u00eda est\u00e1n por remitir resultados.<\/p>\n\n\n\n<h3 class=\"wp-block-heading\"><strong>Leucemia linfoc\u00edtica cr\u00f3nica<\/strong><\/h3>\n\n\n\n<p>El jefe del Servicio de Hematolog\u00eda de Althaia, el <strong>Dr. Albert Alt\u00e9s<\/strong>, abord\u00f3 las opciones de tratamiento actuales y futuras de la <strong>leucemia linfoc\u00edtica cr\u00f3nica<\/strong>, en la segunda sesi\u00f3n del curso. El dr. Alt\u00e9s explic\u00f3 que la <strong>incorporaci\u00f3n de los inhibidores de la tirosina de Bruton<\/strong> como el ibrutinib, el acalabrutinib, en el futuro zanubrutinib, as\u00ed como el venetoclax y en combinaciones sin citot\u00f3xicos <strong>han cambiado enormemente el pron\u00f3stico <\/strong>y <strong>mejorado la calidad de vida de los pacientes<\/strong>. En la sesi\u00f3n, se dijo que los <strong>paneles gen\u00e9ticos<\/strong> ser\u00e1n una herramienta asistencial cercana para determinar el pron\u00f3stico y la predicci\u00f3n de respuesta a los tratamientos.<\/p>\n\n\n\n<h3 class=\"wp-block-heading\"><strong>Mieloma m\u00faltiple<\/strong><\/h3>\n\n\n\n<p>En la tercera sesi\u00f3n, el <strong>Dr. Albert Oriol Rocafiguera<\/strong>, jefe de la Unidad de Investigaci\u00f3n Cl\u00ednica del ICO-Badalona del Hospital Universitario Germans Trias i Pujol, hizo un repaso de la patolog\u00eda (14% neoplasias) y las opciones de tratamiento actuales y futuras. En este caso, <strong>el objetivo del tratamiento es la curaci\u00f3n<\/strong> y cada vez est\u00e1 m\u00e1s cerca con las combinaciones m\u00e1s nuevas, en lugar de la secuenciaci\u00f3n cl\u00e1sica. Las <strong>terapias celulares con CAR-T<\/strong> y <strong>anticuerpos biespec\u00edficos (BiTE) <\/strong>desempe\u00f1an tambi\u00e9n su papel en la enfermedad muy refractaria.<\/p>\n\n\n\n<h3 class=\"wp-block-heading\"><strong>Leucemia mieloide aguda<\/strong><\/h3>\n\n\n\n<p>Sobre la <strong>leucemia mieloide aguda<\/strong> habl\u00f3 el jefe del Servicio de Hematolog\u00eda del Hospital Cl\u00ednic de Barcelona e investigador principal, el <strong>Dr. Jordi Esteve<\/strong>. En esta patolog\u00eda, los <strong>determinantes gen\u00e9ticos son cruciales por el pron\u00f3stico y manejo farmacol\u00f3gico<\/strong>. Los <strong>inhibidores de FLT3<\/strong> (midostaurino, gilteritinib), <strong>IDH<\/strong> (ivosidenib), <strong>Bcl-2<\/strong> y <strong>Plk<\/strong> son las principales novedades en el desarrollo como terapia dirigida. La <strong>inmunoterapia<\/strong> tambi\u00e9n tiene su papel en la <strong>enfermedad refractaria<\/strong>.<\/p>\n\n\n\n<h2 class=\"wp-block-heading\"><strong>El papel del farmac\u00e9utico\/a en los nuevos tratamientos hematol\u00f3gicos<\/strong><\/h2>\n\n\n\n<p>La cuarta sesi\u00f3n corri\u00f3 a cargo del farmac\u00e9utico adjunto de la Unidad de Pacientes Externos del Servicio de Farmacia del ICO L&#039;Hospitalet del Hospital Duran i Reynals, <strong>Eduard Fort<\/strong>. Seg\u00fan el vocal de Hospitales del COFB, <strong>David Conde,<\/strong> el farmac\u00e9utico revis\u00f3 \u201c<strong>el papel del farmac\u00e9utico\/a hacia los nuevos tratamientos hematol\u00f3gicos,<\/strong> ya que la<strong> gran mayor\u00eda son orales<\/strong>&#8220;. <\/p>\n\n\n\n<figure class=\"wp-block-image size-large\"><a href=\"https:\/\/blog.cofb.cat\/wp-content\/uploads\/2022\/12\/COFB_ONCOLOGIA-HEMATOLOGICA_22122022_2.png\" target=\"_blank\" rel=\"noopener\"><img decoding=\"async\" src=\"https:\/\/blog.cofb.cat\/wp-content\/uploads\/2022\/12\/COFB_ONCOLOGIA-HEMATOLOGICA_22122022_2-1024x683.png\" alt=\"Primera fila, d\u2019esquerra a dreta: el Dr. Jordi Esteve i el farmac\u00e8utic Eduard Fort. Segona fila, d\u2019esquerra a dreta: la psic\u00f2loga Judit L\u00f3pez i el pacient que va oferir el seu testimoni.\" class=\"wp-image-65773\" title=\"Primera fila, de izquierda a derecha: el dr. Jordi Esteve y el farmac\u00e9utico Eduard Fort. Segunda fila, de izquierda a derecha: la psic\u00f3loga Judit L\u00f3pez y el paciente que ofreci\u00f3 su testigo.\"\/><\/a><figcaption class=\"wp-element-caption\">Primera fila, de izquierda a derecha: el dr. Jordi Esteve y el farmac\u00e9utico Eduard Fort. Segunda fila, de izquierda a derecha: la psic\u00f3loga Judit L\u00f3pez y el paciente que ofreci\u00f3 su testigo.<\/figcaption><\/figure>\n\n\n\n<p>En su intervenci\u00f3n destac\u00f3 la importancia de <strong>dedicar tiempo en la educaci\u00f3n al paciente<\/strong> para tomar correctamente la medicaci\u00f3n, revisar las<strong> interacciones con la medicaci\u00f3n concomitante<\/strong> y medicina alternativa y de hacer el <strong>seguimiento de efectos secundarios<\/strong>. Desde el punto de vista de Conde, \u201c<strong>la comunicaci\u00f3n<\/strong> con todos los <strong>profesionales sanitarios es fundamental<\/strong>\u201d.<\/p>\n\n\n\n<h2 class=\"wp-block-heading\"><strong>La importancia del apoyo emocional en el tratamiento activo<\/strong><\/h2>\n\n\n\n<p>El \u00faltimo d\u00eda del curso sobre la actualizaci\u00f3n en oncolog\u00eda hematol\u00f3gica se dedic\u00f3 a <strong>la importancia del apoyo emocional en el tratamiento activo <\/strong>con la psic\u00f3loga experta en terapia psicoemocional a pacientes oncol\u00f3gicos, <strong>Judit L\u00f3pez<\/strong>, y uno <strong>paciente<\/strong>. El coordinador de las sesiones, <strong>David Conde<\/strong>, coment\u00f3 posteriormente que \u201cel gui\u00f3n de esta sesi\u00f3n fue construido por los participantes del curso, que enviaron previamente cuestiones y dudas al respecto. La psic\u00f3loga orden\u00f3 las cuestiones para ofrecer su visi\u00f3n sobre las <strong>situaciones cr\u00edticas <\/strong>que nos encontramos en nuestro d\u00eda a d\u00eda y <strong>herramientas para afrontarlas<\/strong>\u201d. Y a\u00f1adi\u00f3 que \u201cel&#039;<strong>abordaje emocional <\/strong>con escucha activa e intentando acercarse al paciente <strong>son cruciales <\/strong>tambi\u00e9n por <strong>motivar al paciente <\/strong>a <strong>iniciar o seguir el tratamiento hemato-espec\u00edfico <\/strong>y crear <strong>confianza con el personal sanitario<\/strong>\u201d.<\/p>\n\n\n\n<p>Seg\u00fan Conde, \u201cla sesi\u00f3n fue completada con el <strong>testigo de un paciente <\/strong>en curso de tratamiento por su <strong>mieloma m\u00faltiple<\/strong> que enriqueci\u00f3 y cerr\u00f3 el ciclo de estas sesiones. Todo gira en torno al paciente y en esta ocasi\u00f3n le dimos voz y cont\u00f3 su<strong> experiencia <\/strong>desde el diagn\u00f3stico hasta el d\u00eda de hoy\u201d.<\/p>\n\n\n\n<p><\/p>\n\n\n<div class=\"destacat-blog\">\n\n\n<h2 class=\"wp-block-heading\"><strong>Valoraci\u00f3n de David Conde, vocal de Hospitales del COFB<\/strong><\/h2>\n\n\n\n<p>El vocal de Hospitales de los COFB, <strong>David Conde<\/strong>, valor\u00f3 muy positivamente el curso, destacando el \u00e9xito de asistencia con <strong>100 farmac\u00e9uticos y farmac\u00e9uticas inscritas<\/strong>. \u201cEl objetivo a alcanzar era <strong>repasar los esquemas de tratamiento <\/strong>recomendados en patolog\u00edas hematol\u00f3gicas de hoy en d\u00eda<strong> <\/strong>c\u00f3mo son la leucemia linfoc\u00edtica cr\u00f3nica, el linfoma del manto, la enfermedad de Waldesstr\u00f6m, el mieloma m\u00faltiple y la leucemia mieloide aguda\u201d, coment\u00f3 Conde.<\/p>\n\n\n\n<p>\u201cEn estas patolog\u00edas hemos tenido <strong>avances muy importantes <\/strong>en los \u00faltimos tiempos que hacen necesaria la actualizaci\u00f3n que hemos disfrutado por parte de ponentes expertos en cada una de las enfermedades, que adem\u00e1s nos han hecho una degustaci\u00f3n de las <strong>futuras terapias prometedoras<\/strong>\u201c, a\u00f1adi\u00f3 el vocal de Hospitales del COFB.<\/p>\n\n\n\n<figure class=\"wp-block-image size-large\"><a href=\"https:\/\/blog.cofb.cat\/wp-content\/uploads\/2022\/12\/COFB_ONCOLOGIA-HEMATOLOGICA_22122022_3.jpg\" target=\"_blank\" rel=\"noopener\"><img decoding=\"async\" src=\"https:\/\/blog.cofb.cat\/wp-content\/uploads\/2022\/12\/COFB_ONCOLOGIA-HEMATOLOGICA_22122022_3-1024x577.jpg\" alt=\"David Conde en un moment del curs \u201cActualitzaci\u00f3 en oncologia hematol\u00f2gica\u201d.\" class=\"wp-image-65774\" title=\"David Conde en un momento del curso &quot;Actualizaci\u00f3n en oncolog\u00eda hematol\u00f3gica&quot;.\"\/><\/a><figcaption class=\"wp-element-caption\">David Conde en un momento del curso &quot;Actualizaci\u00f3n en oncolog\u00eda hematol\u00f3gica&quot;.<\/figcaption><\/figure>\n\n\n\n<p>\u201cSe realizaron dos sesiones sobre <strong>apoyo emocional<\/strong> y el <strong>papel del farmac\u00e9utico cl\u00ednic <\/strong>hacia estos tratamientos. Debido a que la mayor\u00eda de tratamientos son orales es relevante <strong>conectar emocionalmente <\/strong>con los<strong> pacientes<\/strong> y una <strong>buena educaci\u00f3n <\/strong>por parte de la<strong> farmacia <\/strong>para cumplir los<strong> objetivos terap\u00e9uticos<\/strong>\u201c, se\u00f1al\u00f3 Conde.<\/p>\n\n\n\n<p>Por \u00faltimo, el vocal destac\u00f3 que \u201cla novedad dentro de la sesi\u00f3n de abordaje emocional fue que contamos con la presencia de un <strong>paciente en curso <\/strong>de tratamiento por su <strong>mieloma m\u00faltiple <\/strong>que enriqueci\u00f3 y cerr\u00f3 el ciclo de estas sesiones\u201d.<\/p><\/div>\n\n\n\n<div class=\"wp-block-columns is-layout-flex wp-container-core-columns-is-layout-28f84493 wp-block-columns-is-layout-flex\">\n<div class=\"wp-block-column is-layout-flow wp-block-column-is-layout-flow\"><\/div>\n\n\n\n<div class=\"wp-block-column is-layout-flow wp-block-column-is-layout-flow\"><\/div>\n\n\n\n<div class=\"wp-block-column is-layout-flow wp-block-column-is-layout-flow\">\n<p class=\"has-text-align-right\"><strong>Con el patrocinio de:<\/strong><\/p>\n\n\n\n<figure class=\"wp-block-image alignright size-medium is-resized\"><a href=\"https:\/\/www.bms.com\/es\" target=\"_blank\" rel=\"noopener\"><img decoding=\"async\" src=\"https:\/\/blog.cofb.cat\/wp-content\/uploads\/2022\/12\/BRISTOL-MYERS_fons-transparent-300x71.png\" alt=\"\" class=\"wp-image-65781\" style=\"width:207px;height:49px\" width=\"207\" height=\"49\"\/><\/a><\/figure>\n\n\n\n<figure class=\"wp-block-image alignright size-full is-resized\"><a href=\"https:\/\/www.janssen.com\/spain\/\" target=\"_blank\" rel=\"noopener\"><img decoding=\"async\" src=\"https:\/\/blog.cofb.cat\/wp-content\/uploads\/2021\/11\/Janssen.png\" alt=\"\" class=\"wp-image-58542\" style=\"width:156px;height:80px\" width=\"156\" height=\"80\"\/><\/a><\/figure>\n<\/div>\n<\/div>\n\n\n\n<p class=\"has-text-align-right\"><\/p>","protected":false},"excerpt":{"rendered":"<p>El Colegio de Farmac\u00e9uticos de Barcelona (COFB), junto con la Sociedad Catalana de Farmacia Cl\u00ednica (SCFC), organiz\u00f3 una nueva edici\u00f3n del curso \u201cActualizaci\u00f3n en oncolog\u00eda hematol\u00f3gica\u201d, con el patrocinio de Bristol-Myers Squibb y Janssen. La actividad const\u00f3 de cinco sesiones que realizaron expertos de referencia en cada uno de los [\u2026]<\/p>","protected":false},"author":1,"featured_media":67786,"comment_status":"open","ping_status":"open","sticky":false,"template":"","format":"standard","meta":{"_uag_custom_page_level_css":"","site-sidebar-layout":"default","site-content-layout":"","ast-site-content-layout":"default","site-content-style":"default","site-sidebar-style":"default","ast-global-header-display":"","ast-banner-title-visibility":"","ast-main-header-display":"","ast-hfb-above-header-display":"","ast-hfb-below-header-display":"","ast-hfb-mobile-header-display":"","site-post-title":"","ast-breadcrumbs-content":"","ast-featured-img":"disabled","footer-sml-layout":"","theme-transparent-header-meta":"","adv-header-id-meta":"","stick-header-meta":"","header-above-stick-meta":"","header-main-stick-meta":"","header-below-stick-meta":"","astra-migrate-meta-layouts":"default","ast-page-background-enabled":"default","ast-page-background-meta":{"desktop":{"background-color":"var(--ast-global-color-4)","background-image":"","background-repeat":"repeat","background-position":"center center","background-size":"auto","background-attachment":"scroll","background-type":"","background-media":"","overlay-type":"","overlay-color":"","overlay-opacity":"","overlay-gradient":""},"tablet":{"background-color":"","background-image":"","background-repeat":"repeat","background-position":"center center","background-size":"auto","background-attachment":"scroll","background-type":"","background-media":"","overlay-type":"","overlay-color":"","overlay-opacity":"","overlay-gradient":""},"mobile":{"background-color":"","background-image":"","background-repeat":"repeat","background-position":"center center","background-size":"auto","background-attachment":"scroll","background-type":"","background-media":"","overlay-type":"","overlay-color":"","overlay-opacity":"","overlay-gradient":""}},"ast-content-background-meta":{"desktop":{"background-color":"var(--ast-global-color-5)","background-image":"","background-repeat":"repeat","background-position":"center center","background-size":"auto","background-attachment":"scroll","background-type":"","background-media":"","overlay-type":"","overlay-color":"","overlay-opacity":"","overlay-gradient":""},"tablet":{"background-color":"var(--ast-global-color-5)","background-image":"","background-repeat":"repeat","background-position":"center center","background-size":"auto","background-attachment":"scroll","background-type":"","background-media":"","overlay-type":"","overlay-color":"","overlay-opacity":"","overlay-gradient":""},"mobile":{"background-color":"var(--ast-global-color-5)","background-image":"","background-repeat":"repeat","background-position":"center center","background-size":"auto","background-attachment":"scroll","background-type":"","background-media":"","overlay-type":"","overlay-color":"","overlay-opacity":"","overlay-gradient":""}},"footnotes":""},"categories":[23,57],"tags":[467,723,1037,18,19,53,1038,122,70,1039,1040,1041,1042,1043,1044,1045,724,1046,1047,286,129,1048,63,1049],"class_list":["post-65693","post","type-post","status-publish","format-standard","has-post-thumbnail","hentry","category-destacats","category-mon-collegial","tag-activitats-formatives","tag-cancer","tag-cancer-hematologic","tag-cofb","tag-collegi-de-farmaceutics-de-barcelona","tag-farmaceutics","tag-farmaceutics-hospital","tag-farmaceutics-hospitalaris","tag-formacio","tag-leucemia","tag-leucemia-limfocitica-cronica","tag-leucemia-mieloide-aguda","tag-limfoma-cellules-mantell","tag-malaltia-de-waldenstrom","tag-mieloma","tag-mieloma-multiple","tag-oncologia","tag-oncologia-hematologica","tag-patologia-hematologica","tag-societat-catalana-de-farmacia-clinica","tag-societat-catalana-de-farmacia-clinica-scfc","tag-suport-emocional","tag-tractament","tag-tractament-hematologic"],"yoast_head":"<!-- This site is optimized with the Yoast SEO plugin v22.4 - https:\/\/yoast.com\/wordpress\/plugins\/seo\/ -->\n<title>Nova edici\u00f3 del curs \u201cActualitzaci\u00f3 en oncologia hematol\u00f2gica\u201d - Col\u00b7legi de Farmac\u00e8utics de Barcelona<\/title>\n<meta name=\"description\" content=\"El COFB, juntament amb la SCFC, va organitzar la segona edici\u00f3 del curs d&#039;actualitzaci\u00f3 en en oncologia hematol\u00f2gica.\" \/>\n<meta name=\"robots\" content=\"index, follow, max-snippet:-1, max-image-preview:large, max-video-preview:-1\" \/>\n<link rel=\"canonical\" href=\"https:\/\/novaorg.cofb.net\/2022\/12\/30\/nova-edicio-del-curs-actualitzacio-en-oncologia-hematologica\/\" \/>\n<meta property=\"og:locale\" content=\"es_ES\" \/>\n<meta property=\"og:type\" content=\"article\" \/>\n<meta property=\"og:title\" content=\"Nova edici\u00f3 del curs \u201cActualitzaci\u00f3 en oncologia hematol\u00f2gica\u201d - Col\u00b7legi de Farmac\u00e8utics de Barcelona\" \/>\n<meta property=\"og:description\" content=\"El COFB, juntament amb la SCFC, va organitzar la segona edici\u00f3 del curs d&#039;actualitzaci\u00f3 en en oncologia hematol\u00f2gica.\" \/>\n<meta property=\"og:url\" content=\"https:\/\/novaorg.cofb.net\/2022\/12\/30\/nova-edicio-del-curs-actualitzacio-en-oncologia-hematologica\/\" \/>\n<meta property=\"og:site_name\" content=\"Col\u00b7legi de Farmac\u00e8utics de Barcelona\" \/>\n<meta property=\"article:publisher\" content=\"https:\/\/www.facebook.com\/farmaceuticsbcn\/\" \/>\n<meta property=\"article:published_time\" content=\"2022-12-30T09:39:21+00:00\" \/>\n<meta property=\"article:modified_time\" content=\"2023-10-09T10:47:36+00:00\" \/>\n<meta property=\"og:image\" content=\"https:\/\/novaorg.cofb.net\/wp-content\/uploads\/2023\/07\/COFB_ONCOLOGIA-HEMATOLOGICA_22122022_1-1024x683-1.png\" \/>\n\t<meta property=\"og:image:width\" content=\"1024\" \/>\n\t<meta property=\"og:image:height\" content=\"683\" \/>\n\t<meta property=\"og:image:type\" content=\"image\/png\" \/>\n<meta name=\"author\" content=\"wpAdminCofbOrg\" \/>\n<meta name=\"twitter:card\" content=\"summary_large_image\" \/>\n<meta name=\"twitter:creator\" content=\"@farmaceuticsbcn\" \/>\n<meta name=\"twitter:site\" content=\"@farmaceuticsbcn\" \/>\n<meta name=\"twitter:label1\" content=\"Escrito por\" \/>\n\t<meta name=\"twitter:data1\" content=\"wpAdminCofbOrg\" \/>\n\t<meta name=\"twitter:label2\" content=\"Tiempo de lectura\" \/>\n\t<meta name=\"twitter:data2\" content=\"7 minutos\" \/>\n<script type=\"application\/ld+json\" class=\"yoast-schema-graph\">{\"@context\":\"https:\/\/schema.org\",\"@graph\":[{\"@type\":\"Article\",\"@id\":\"https:\/\/novaorg.cofb.net\/2022\/12\/30\/nova-edicio-del-curs-actualitzacio-en-oncologia-hematologica\/#article\",\"isPartOf\":{\"@id\":\"https:\/\/novaorg.cofb.net\/2022\/12\/30\/nova-edicio-del-curs-actualitzacio-en-oncologia-hematologica\/\"},\"author\":{\"name\":\"wpAdminCofbOrg\",\"@id\":\"https:\/\/www.cofb.org\/#\/schema\/person\/22ed7eea88da74b0fa4d3154ad87ffcb\"},\"headline\":\"Nova edici\u00f3 del curs \u201cActualitzaci\u00f3 en oncologia hematol\u00f2gica\u201d\",\"datePublished\":\"2022-12-30T09:39:21+00:00\",\"dateModified\":\"2023-10-09T10:47:36+00:00\",\"mainEntityOfPage\":{\"@id\":\"https:\/\/novaorg.cofb.net\/2022\/12\/30\/nova-edicio-del-curs-actualitzacio-en-oncologia-hematologica\/\"},\"wordCount\":1421,\"commentCount\":0,\"publisher\":{\"@id\":\"https:\/\/www.cofb.org\/#organization\"},\"image\":{\"@id\":\"https:\/\/novaorg.cofb.net\/2022\/12\/30\/nova-edicio-del-curs-actualitzacio-en-oncologia-hematologica\/#primaryimage\"},\"thumbnailUrl\":\"https:\/\/www.cofb.org\/wp-content\/uploads\/2023\/07\/COFB_ONCOLOGIA-HEMATOLOGICA_22122022_1-1024x683-1.png\",\"keywords\":[\"activitats formatives\",\"c\u00e0ncer\",\"c\u00e0ncer hematol\u00f2gic\",\"COFB\",\"Col\u00b7legi de Farmac\u00e8utics de Barcelona\",\"farmac\u00e8utics\",\"farmac\u00e8utics hospital\",\"farmac\u00e8utics hospitalaris\",\"Formaci\u00f3\",\"Leuc\u00e8mia\",\"Leuc\u00e8mia limfoc\u00edtica cr\u00f2nica\",\"leuc\u00e8mia mieloide aguda\",\"limfoma c\u00e8l\u00b7lules mantell\",\"malaltia de Waldenstr\u00f6m\",\"mieloma\",\"mieloma m\u00faltiple\",\"oncologia\",\"oncologia hematol\u00f2gica\",\"patologia hematol\u00f2gica\",\"Societat Catalana de Farm\u00e0cia Cl\u00ednica\",\"Societat Catalana de Farm\u00e0cia Cl\u00ednica (SCFC)\",\"suport emocional\",\"tractament\",\"tractament hematol\u00f2gic\"],\"articleSection\":[\"Destacats\",\"M\u00f3n col\u00b7legial\"],\"inLanguage\":\"es\",\"potentialAction\":[{\"@type\":\"CommentAction\",\"name\":\"Comment\",\"target\":[\"https:\/\/novaorg.cofb.net\/2022\/12\/30\/nova-edicio-del-curs-actualitzacio-en-oncologia-hematologica\/#respond\"]}]},{\"@type\":\"WebPage\",\"@id\":\"https:\/\/novaorg.cofb.net\/2022\/12\/30\/nova-edicio-del-curs-actualitzacio-en-oncologia-hematologica\/\",\"url\":\"https:\/\/novaorg.cofb.net\/2022\/12\/30\/nova-edicio-del-curs-actualitzacio-en-oncologia-hematologica\/\",\"name\":\"Nova edici\u00f3 del curs \u201cActualitzaci\u00f3 en oncologia hematol\u00f2gica\u201d - Col\u00b7legi de Farmac\u00e8utics de Barcelona\",\"isPartOf\":{\"@id\":\"https:\/\/www.cofb.org\/#website\"},\"primaryImageOfPage\":{\"@id\":\"https:\/\/novaorg.cofb.net\/2022\/12\/30\/nova-edicio-del-curs-actualitzacio-en-oncologia-hematologica\/#primaryimage\"},\"image\":{\"@id\":\"https:\/\/novaorg.cofb.net\/2022\/12\/30\/nova-edicio-del-curs-actualitzacio-en-oncologia-hematologica\/#primaryimage\"},\"thumbnailUrl\":\"https:\/\/www.cofb.org\/wp-content\/uploads\/2023\/07\/COFB_ONCOLOGIA-HEMATOLOGICA_22122022_1-1024x683-1.png\",\"datePublished\":\"2022-12-30T09:39:21+00:00\",\"dateModified\":\"2023-10-09T10:47:36+00:00\",\"description\":\"El COFB, juntament amb la SCFC, va organitzar la segona edici\u00f3 del curs d'actualitzaci\u00f3 en en oncologia hematol\u00f2gica.\",\"breadcrumb\":{\"@id\":\"https:\/\/novaorg.cofb.net\/2022\/12\/30\/nova-edicio-del-curs-actualitzacio-en-oncologia-hematologica\/#breadcrumb\"},\"inLanguage\":\"es\",\"potentialAction\":[{\"@type\":\"ReadAction\",\"target\":[\"https:\/\/novaorg.cofb.net\/2022\/12\/30\/nova-edicio-del-curs-actualitzacio-en-oncologia-hematologica\/\"]}]},{\"@type\":\"ImageObject\",\"inLanguage\":\"es\",\"@id\":\"https:\/\/novaorg.cofb.net\/2022\/12\/30\/nova-edicio-del-curs-actualitzacio-en-oncologia-hematologica\/#primaryimage\",\"url\":\"https:\/\/www.cofb.org\/wp-content\/uploads\/2023\/07\/COFB_ONCOLOGIA-HEMATOLOGICA_22122022_1-1024x683-1.png\",\"contentUrl\":\"https:\/\/www.cofb.org\/wp-content\/uploads\/2023\/07\/COFB_ONCOLOGIA-HEMATOLOGICA_22122022_1-1024x683-1.png\",\"width\":1024,\"height\":683},{\"@type\":\"BreadcrumbList\",\"@id\":\"https:\/\/novaorg.cofb.net\/2022\/12\/30\/nova-edicio-del-curs-actualitzacio-en-oncologia-hematologica\/#breadcrumb\",\"itemListElement\":[{\"@type\":\"ListItem\",\"position\":1,\"name\":\"Inici\",\"item\":\"https:\/\/novaorg.cofb.net\/\"},{\"@type\":\"ListItem\",\"position\":2,\"name\":\"Nova edici\u00f3 del curs \u201cActualitzaci\u00f3 en oncologia hematol\u00f2gica\u201d\"}]},{\"@type\":\"WebSite\",\"@id\":\"https:\/\/www.cofb.org\/#website\",\"url\":\"https:\/\/www.cofb.org\/\",\"name\":\"Col\u00b7legi de Farmac\u00e8utics de Barcelona\",\"description\":\"\",\"publisher\":{\"@id\":\"https:\/\/www.cofb.org\/#organization\"},\"potentialAction\":[{\"@type\":\"SearchAction\",\"target\":{\"@type\":\"EntryPoint\",\"urlTemplate\":\"https:\/\/www.cofb.org\/?s={search_term_string}\"},\"query-input\":\"required name=search_term_string\"}],\"inLanguage\":\"es\"},{\"@type\":\"Organization\",\"@id\":\"https:\/\/www.cofb.org\/#organization\",\"name\":\"Col\u00b7legi de Farmac\u00e8utics de Barcelona\",\"url\":\"https:\/\/www.cofb.org\/\",\"logo\":{\"@type\":\"ImageObject\",\"inLanguage\":\"es\",\"@id\":\"https:\/\/www.cofb.org\/#\/schema\/logo\/image\/\",\"url\":\"https:\/\/www.cofb.org\/wp-content\/uploads\/2023\/11\/cropped-Logotip-COFB.png\",\"contentUrl\":\"https:\/\/www.cofb.org\/wp-content\/uploads\/2023\/11\/cropped-Logotip-COFB.png\",\"width\":500,\"height\":105,\"caption\":\"Col\u00b7legi de Farmac\u00e8utics de Barcelona\"},\"image\":{\"@id\":\"https:\/\/www.cofb.org\/#\/schema\/logo\/image\/\"},\"sameAs\":[\"https:\/\/www.facebook.com\/farmaceuticsbcn\/\",\"https:\/\/twitter.com\/farmaceuticsbcn\",\"https:\/\/www.instagram.com\/farmaceuticsbcn\/\",\"https:\/\/www.linkedin.com\/company\/farmaceuticsbcn\/\"]},{\"@type\":\"Person\",\"@id\":\"https:\/\/www.cofb.org\/#\/schema\/person\/22ed7eea88da74b0fa4d3154ad87ffcb\",\"name\":\"wpAdminCofbOrg\",\"image\":{\"@type\":\"ImageObject\",\"inLanguage\":\"es\",\"@id\":\"https:\/\/www.cofb.org\/#\/schema\/person\/image\/\",\"url\":\"https:\/\/secure.gravatar.com\/avatar\/1721b20b3b8ca882c3b56ec6c978c594fff670e40c0718e9190eaeeb76aae7d8?s=96&d=mm&r=g\",\"contentUrl\":\"https:\/\/secure.gravatar.com\/avatar\/1721b20b3b8ca882c3b56ec6c978c594fff670e40c0718e9190eaeeb76aae7d8?s=96&d=mm&r=g\",\"caption\":\"wpAdminCofbOrg\"},\"sameAs\":[\"http:\/\/192.168.64.122\/wordpress\"],\"url\":\"https:\/\/www.cofb.org\/es\/author\/wpadmincofborg\/\"}]}<\/script>\n<!-- \/ Yoast SEO plugin. -->","yoast_head_json":{"title":"Nova edici\u00f3 del curs \u201cActualitzaci\u00f3 en oncologia hematol\u00f2gica\u201d - Col\u00b7legi de Farmac\u00e8utics de Barcelona","description":"El COFB, juntament amb la SCFC, va organitzar la segona edici\u00f3 del curs d'actualitzaci\u00f3 en en oncologia hematol\u00f2gica.","robots":{"index":"index","follow":"follow","max-snippet":"max-snippet:-1","max-image-preview":"max-image-preview:large","max-video-preview":"max-video-preview:-1"},"canonical":"https:\/\/novaorg.cofb.net\/2022\/12\/30\/nova-edicio-del-curs-actualitzacio-en-oncologia-hematologica\/","og_locale":"es_ES","og_type":"article","og_title":"Nova edici\u00f3 del curs \u201cActualitzaci\u00f3 en oncologia hematol\u00f2gica\u201d - Col\u00b7legi de Farmac\u00e8utics de Barcelona","og_description":"El COFB, juntament amb la SCFC, va organitzar la segona edici\u00f3 del curs d'actualitzaci\u00f3 en en oncologia hematol\u00f2gica.","og_url":"https:\/\/novaorg.cofb.net\/2022\/12\/30\/nova-edicio-del-curs-actualitzacio-en-oncologia-hematologica\/","og_site_name":"Col\u00b7legi de Farmac\u00e8utics de Barcelona","article_publisher":"https:\/\/www.facebook.com\/farmaceuticsbcn\/","article_published_time":"2022-12-30T09:39:21+00:00","article_modified_time":"2023-10-09T10:47:36+00:00","og_image":[{"width":1024,"height":683,"url":"https:\/\/novaorg.cofb.net\/wp-content\/uploads\/2023\/07\/COFB_ONCOLOGIA-HEMATOLOGICA_22122022_1-1024x683-1.png","type":"image\/png"}],"author":"wpAdminCofbOrg","twitter_card":"summary_large_image","twitter_creator":"@farmaceuticsbcn","twitter_site":"@farmaceuticsbcn","twitter_misc":{"Escrito por":"wpAdminCofbOrg","Tiempo de lectura":"7 minutos"},"schema":{"@context":"https:\/\/schema.org","@graph":[{"@type":"Article","@id":"https:\/\/novaorg.cofb.net\/2022\/12\/30\/nova-edicio-del-curs-actualitzacio-en-oncologia-hematologica\/#article","isPartOf":{"@id":"https:\/\/novaorg.cofb.net\/2022\/12\/30\/nova-edicio-del-curs-actualitzacio-en-oncologia-hematologica\/"},"author":{"name":"wpAdminCofbOrg","@id":"https:\/\/www.cofb.org\/#\/schema\/person\/22ed7eea88da74b0fa4d3154ad87ffcb"},"headline":"Nova edici\u00f3 del curs \u201cActualitzaci\u00f3 en oncologia hematol\u00f2gica\u201d","datePublished":"2022-12-30T09:39:21+00:00","dateModified":"2023-10-09T10:47:36+00:00","mainEntityOfPage":{"@id":"https:\/\/novaorg.cofb.net\/2022\/12\/30\/nova-edicio-del-curs-actualitzacio-en-oncologia-hematologica\/"},"wordCount":1421,"commentCount":0,"publisher":{"@id":"https:\/\/www.cofb.org\/#organization"},"image":{"@id":"https:\/\/novaorg.cofb.net\/2022\/12\/30\/nova-edicio-del-curs-actualitzacio-en-oncologia-hematologica\/#primaryimage"},"thumbnailUrl":"https:\/\/www.cofb.org\/wp-content\/uploads\/2023\/07\/COFB_ONCOLOGIA-HEMATOLOGICA_22122022_1-1024x683-1.png","keywords":["activitats formatives","c\u00e0ncer","c\u00e0ncer hematol\u00f2gic","COFB","Col\u00b7legi de Farmac\u00e8utics de Barcelona","farmac\u00e8utics","farmac\u00e8utics hospital","farmac\u00e8utics hospitalaris","Formaci\u00f3","Leuc\u00e8mia","Leuc\u00e8mia limfoc\u00edtica cr\u00f2nica","leuc\u00e8mia mieloide aguda","limfoma c\u00e8l\u00b7lules mantell","malaltia de Waldenstr\u00f6m","mieloma","mieloma m\u00faltiple","oncologia","oncologia hematol\u00f2gica","patologia hematol\u00f2gica","Societat Catalana de Farm\u00e0cia Cl\u00ednica","Societat Catalana de Farm\u00e0cia Cl\u00ednica (SCFC)","suport emocional","tractament","tractament hematol\u00f2gic"],"articleSection":["Destacats","M\u00f3n col\u00b7legial"],"inLanguage":"es","potentialAction":[{"@type":"CommentAction","name":"Comment","target":["https:\/\/novaorg.cofb.net\/2022\/12\/30\/nova-edicio-del-curs-actualitzacio-en-oncologia-hematologica\/#respond"]}]},{"@type":"WebPage","@id":"https:\/\/novaorg.cofb.net\/2022\/12\/30\/nova-edicio-del-curs-actualitzacio-en-oncologia-hematologica\/","url":"https:\/\/novaorg.cofb.net\/2022\/12\/30\/nova-edicio-del-curs-actualitzacio-en-oncologia-hematologica\/","name":"Nova edici\u00f3 del curs \u201cActualitzaci\u00f3 en oncologia hematol\u00f2gica\u201d - Col\u00b7legi de Farmac\u00e8utics de Barcelona","isPartOf":{"@id":"https:\/\/www.cofb.org\/#website"},"primaryImageOfPage":{"@id":"https:\/\/novaorg.cofb.net\/2022\/12\/30\/nova-edicio-del-curs-actualitzacio-en-oncologia-hematologica\/#primaryimage"},"image":{"@id":"https:\/\/novaorg.cofb.net\/2022\/12\/30\/nova-edicio-del-curs-actualitzacio-en-oncologia-hematologica\/#primaryimage"},"thumbnailUrl":"https:\/\/www.cofb.org\/wp-content\/uploads\/2023\/07\/COFB_ONCOLOGIA-HEMATOLOGICA_22122022_1-1024x683-1.png","datePublished":"2022-12-30T09:39:21+00:00","dateModified":"2023-10-09T10:47:36+00:00","description":"El COFB, juntament amb la SCFC, va organitzar la segona edici\u00f3 del curs d'actualitzaci\u00f3 en en oncologia hematol\u00f2gica.","breadcrumb":{"@id":"https:\/\/novaorg.cofb.net\/2022\/12\/30\/nova-edicio-del-curs-actualitzacio-en-oncologia-hematologica\/#breadcrumb"},"inLanguage":"es","potentialAction":[{"@type":"ReadAction","target":["https:\/\/novaorg.cofb.net\/2022\/12\/30\/nova-edicio-del-curs-actualitzacio-en-oncologia-hematologica\/"]}]},{"@type":"ImageObject","inLanguage":"es","@id":"https:\/\/novaorg.cofb.net\/2022\/12\/30\/nova-edicio-del-curs-actualitzacio-en-oncologia-hematologica\/#primaryimage","url":"https:\/\/www.cofb.org\/wp-content\/uploads\/2023\/07\/COFB_ONCOLOGIA-HEMATOLOGICA_22122022_1-1024x683-1.png","contentUrl":"https:\/\/www.cofb.org\/wp-content\/uploads\/2023\/07\/COFB_ONCOLOGIA-HEMATOLOGICA_22122022_1-1024x683-1.png","width":1024,"height":683},{"@type":"BreadcrumbList","@id":"https:\/\/novaorg.cofb.net\/2022\/12\/30\/nova-edicio-del-curs-actualitzacio-en-oncologia-hematologica\/#breadcrumb","itemListElement":[{"@type":"ListItem","position":1,"name":"Inici","item":"https:\/\/novaorg.cofb.net\/"},{"@type":"ListItem","position":2,"name":"Nova edici\u00f3 del curs \u201cActualitzaci\u00f3 en oncologia hematol\u00f2gica\u201d"}]},{"@type":"WebSite","@id":"https:\/\/www.cofb.org\/#website","url":"https:\/\/www.cofb.org\/","name":"Col\u00b7legi de Farmac\u00e8utics de Barcelona","description":"","publisher":{"@id":"https:\/\/www.cofb.org\/#organization"},"potentialAction":[{"@type":"SearchAction","target":{"@type":"EntryPoint","urlTemplate":"https:\/\/www.cofb.org\/?s={search_term_string}"},"query-input":"required name=search_term_string"}],"inLanguage":"es"},{"@type":"Organization","@id":"https:\/\/www.cofb.org\/#organization","name":"Col\u00b7legi de Farmac\u00e8utics de Barcelona","url":"https:\/\/www.cofb.org\/","logo":{"@type":"ImageObject","inLanguage":"es","@id":"https:\/\/www.cofb.org\/#\/schema\/logo\/image\/","url":"https:\/\/www.cofb.org\/wp-content\/uploads\/2023\/11\/cropped-Logotip-COFB.png","contentUrl":"https:\/\/www.cofb.org\/wp-content\/uploads\/2023\/11\/cropped-Logotip-COFB.png","width":500,"height":105,"caption":"Col\u00b7legi de Farmac\u00e8utics de Barcelona"},"image":{"@id":"https:\/\/www.cofb.org\/#\/schema\/logo\/image\/"},"sameAs":["https:\/\/www.facebook.com\/farmaceuticsbcn\/","https:\/\/twitter.com\/farmaceuticsbcn","https:\/\/www.instagram.com\/farmaceuticsbcn\/","https:\/\/www.linkedin.com\/company\/farmaceuticsbcn\/"]},{"@type":"Person","@id":"https:\/\/www.cofb.org\/#\/schema\/person\/22ed7eea88da74b0fa4d3154ad87ffcb","name":"wpAdminCofbOrg","image":{"@type":"ImageObject","inLanguage":"es","@id":"https:\/\/www.cofb.org\/#\/schema\/person\/image\/","url":"https:\/\/secure.gravatar.com\/avatar\/1721b20b3b8ca882c3b56ec6c978c594fff670e40c0718e9190eaeeb76aae7d8?s=96&d=mm&r=g","contentUrl":"https:\/\/secure.gravatar.com\/avatar\/1721b20b3b8ca882c3b56ec6c978c594fff670e40c0718e9190eaeeb76aae7d8?s=96&d=mm&r=g","caption":"wpAdminCofbOrg"},"sameAs":["http:\/\/192.168.64.122\/wordpress"],"url":"https:\/\/www.cofb.org\/es\/author\/wpadmincofborg\/"}]}},"uagb_featured_image_src":{"full":["https:\/\/www.cofb.org\/wp-content\/uploads\/2023\/07\/COFB_ONCOLOGIA-HEMATOLOGICA_22122022_1-1024x683-1.png",1024,683,false],"thumbnail":["https:\/\/www.cofb.org\/wp-content\/uploads\/2023\/07\/COFB_ONCOLOGIA-HEMATOLOGICA_22122022_1-1024x683-1-150x150.png",150,150,true],"medium":["https:\/\/www.cofb.org\/wp-content\/uploads\/2023\/07\/COFB_ONCOLOGIA-HEMATOLOGICA_22122022_1-1024x683-1-300x200.png",300,200,true],"medium_large":["https:\/\/www.cofb.org\/wp-content\/uploads\/2023\/07\/COFB_ONCOLOGIA-HEMATOLOGICA_22122022_1-1024x683-1-768x512.png",768,512,true],"large":["https:\/\/www.cofb.org\/wp-content\/uploads\/2023\/07\/COFB_ONCOLOGIA-HEMATOLOGICA_22122022_1-1024x683-1.png",1024,683,false],"1536x1536":["https:\/\/www.cofb.org\/wp-content\/uploads\/2023\/07\/COFB_ONCOLOGIA-HEMATOLOGICA_22122022_1-1024x683-1.png",1024,683,false],"2048x2048":["https:\/\/www.cofb.org\/wp-content\/uploads\/2023\/07\/COFB_ONCOLOGIA-HEMATOLOGICA_22122022_1-1024x683-1.png",1024,683,false],"trp-custom-language-flag":["https:\/\/www.cofb.org\/wp-content\/uploads\/2023\/07\/COFB_ONCOLOGIA-HEMATOLOGICA_22122022_1-1024x683-1.png",18,12,false]},"uagb_author_info":{"display_name":"wpAdminCofbOrg","author_link":"https:\/\/www.cofb.org\/es\/author\/wpadmincofborg\/"},"uagb_comment_info":0,"uagb_excerpt":"El Col\u00b7legi de Farmac\u00e8utics de Barcelona (COFB), juntament amb la Societat Catalana de Farm\u00e0cia Cl\u00ednica (SCFC), va organitzar una noa edici\u00f3 del curs \u201cActualitzaci\u00f3 en oncologia hematol\u00f2gica\u201d, amb el patrocini de Bristol-Myers Squibb i Janssen. L\u2019activitat va constar de cinc sessions que van realitzar experts de refer\u00e8ncia en cadascun dels [&hellip;]","_links":{"self":[{"href":"https:\/\/www.cofb.org\/es\/wp-json\/wp\/v2\/posts\/65693","targetHints":{"allow":["GET"]}}],"collection":[{"href":"https:\/\/www.cofb.org\/es\/wp-json\/wp\/v2\/posts"}],"about":[{"href":"https:\/\/www.cofb.org\/es\/wp-json\/wp\/v2\/types\/post"}],"author":[{"embeddable":true,"href":"https:\/\/www.cofb.org\/es\/wp-json\/wp\/v2\/users\/1"}],"replies":[{"embeddable":true,"href":"https:\/\/www.cofb.org\/es\/wp-json\/wp\/v2\/comments?post=65693"}],"version-history":[{"count":3,"href":"https:\/\/www.cofb.org\/es\/wp-json\/wp\/v2\/posts\/65693\/revisions"}],"predecessor-version":[{"id":68972,"href":"https:\/\/www.cofb.org\/es\/wp-json\/wp\/v2\/posts\/65693\/revisions\/68972"}],"wp:featuredmedia":[{"embeddable":true,"href":"https:\/\/www.cofb.org\/es\/wp-json\/wp\/v2\/media\/67786"}],"wp:attachment":[{"href":"https:\/\/www.cofb.org\/es\/wp-json\/wp\/v2\/media?parent=65693"}],"wp:term":[{"taxonomy":"category","embeddable":true,"href":"https:\/\/www.cofb.org\/es\/wp-json\/wp\/v2\/categories?post=65693"},{"taxonomy":"post_tag","embeddable":true,"href":"https:\/\/www.cofb.org\/es\/wp-json\/wp\/v2\/tags?post=65693"}],"curies":[{"name":"wp","href":"https:\/\/api.w.org\/{rel}","templated":true}]}}